{"id":172951,"date":"2026-01-07T18:21:52","date_gmt":"2026-01-07T21:21:52","guid":{"rendered":"https:\/\/cj.estrategia.com\/portal\/?p=172951"},"modified":"2026-01-07T18:24:11","modified_gmt":"2026-01-07T21:24:11","slug":"residencia-juridica-pge-sp-2026-processo-seletivo-a-vista-com-100-vagas-fundatec-e-a-banca","status":"publish","type":"post","link":"https:\/\/cj.estrategia.com\/portal\/residencia-juridica-pge-sp-2026-processo-seletivo-a-vista-com-100-vagas-fundatec-e-a-banca\/","title":{"rendered":"Resid\u00eancia Jur\u00eddica PGE SP 2026: novo edital \u00e0 vista com 100 vagas! Fundatec \u00e9 a banca!"},"content":{"rendered":"\n<p>A Procuradoria Geral do Estado de S\u00e3o Paulo (PGE SP) autorizou a contrata\u00e7\u00e3o da <strong>FUNDATEC<\/strong> como banca organizadora do processo seletivo para <strong>100 vagas de Residente Jur\u00eddico<\/strong>! Veja o despacho e termo de referencia:<\/p>\n\n\n\n<ul class=\"wp-block-list\">\n<li><a href=\"https:\/\/cj.estrategia.com\/portal\/wp-content\/uploads\/2026\/01\/07172101\/SEI_0093986830_Despacho.pdf\" target=\"_blank\" >Despacho<\/a><\/li>\n\n\n\n<li><a href=\"https:\/\/cj.estrategia.com\/portal\/wp-content\/uploads\/2026\/01\/07172101\/132_2025.pdf\" target=\"_blank\" >Termo de Refer\u00eancia<\/a><\/li>\n<\/ul>\n\n\n\n<p>O processo seletivo ser\u00e1 realizado em <strong>etapa \u00fanica<\/strong>, em <strong>formato totalmente online<\/strong>, com aplica\u00e7\u00e3o simult\u00e2nea para todos os candidatos. Ser\u00e3o <strong>uma prova objetiva<\/strong>, com <strong>50 quest\u00f5es de m\u00faltipla escolha<\/strong>, e <strong>uma prova discursiva<\/strong>, com quest\u00e3o dissertativa sobre tema da atualidade.<\/p>\n\n\n\n<h2 class=\"wp-block-heading\" id=\"h-resumo-do-processo-seletivo\"><span id=\"resumo-do-processo-seletivo\">Resumo do processo seletivo<\/span><\/h2>\n\n\n\n<ul class=\"wp-block-list\">\n<li><strong>Banca:&nbsp;<\/strong>Fundatec<\/li>\n\n\n\n<li><strong>Vagas:&nbsp;<\/strong>100 + CR<\/li>\n\n\n\n<li><strong>Bolsa-aux\u00edlio:<\/strong>&nbsp;a definir<\/li>\n<\/ul>\n\n\n\n<p class=\"has-text-align-center has-luminous-vivid-amber-to-luminous-vivid-orange-gradient-background has-background\"><strong>Saiba mais: <a href=\"https:\/\/cj.estrategia.com\/portal\/residencia-pge-sp\/\" target=\"_blank\" >Resid\u00eancia Jur\u00eddica PGE SP<\/a><\/strong><\/p>\n\n\n\n<h2 class=\"wp-block-heading has-text-align-center\" id=\"h-assinaturas-do-ecj\"><span id=\"assinaturas-do-ecj\">Assinaturas do ECJ<\/span><\/h2>\n\n\n\n<div class=\"wp-block-cover\" style=\"min-height:155px;aspect-ratio:unset;\"><img decoding=\"async\" width=\"1890\" height=\"351\" class=\"wp-block-cover__image-background wp-image-8669\" alt=\"Assinaturas Jur\u00eddicas\" src=\"https:\/\/cj.estrategia.com\/portal\/wp-content\/uploads\/2022\/06\/20151253\/concurso-carreiras-juridicas-assinatura-juridica.jpg\" style=\"object-position:78% 43%\" data-object-fit=\"cover\" data-object-position=\"78% 43%\" srcset=\"https:\/\/cj.estrategia.com\/portal\/wp-content\/uploads\/2022\/06\/20151253\/concurso-carreiras-juridicas-assinatura-juridica.jpg 1890w, https:\/\/cj.estrategia.com\/portal\/wp-content\/uploads\/2022\/06\/20151253\/concurso-carreiras-juridicas-assinatura-juridica-300x56.jpg 300w, https:\/\/cj.estrategia.com\/portal\/wp-content\/uploads\/2022\/06\/20151253\/concurso-carreiras-juridicas-assinatura-juridica-1024x190.jpg 1024w, https:\/\/cj.estrategia.com\/portal\/wp-content\/uploads\/2022\/06\/20151253\/concurso-carreiras-juridicas-assinatura-juridica-768x143.jpg 768w, https:\/\/cj.estrategia.com\/portal\/wp-content\/uploads\/2022\/06\/20151253\/concurso-carreiras-juridicas-assinatura-juridica-1536x285.jpg 1536w, https:\/\/cj.estrategia.com\/portal\/wp-content\/uploads\/2022\/06\/20151253\/concurso-carreiras-juridicas-assinatura-juridica-380x71.jpg 380w, https:\/\/cj.estrategia.com\/portal\/wp-content\/uploads\/2022\/06\/20151253\/concurso-carreiras-juridicas-assinatura-juridica-800x149.jpg 800w, https:\/\/cj.estrategia.com\/portal\/wp-content\/uploads\/2022\/06\/20151253\/concurso-carreiras-juridicas-assinatura-juridica-1160x215.jpg 1160w\" sizes=\"(max-width: 1890px) 100vw, 1890px\" \/><span aria-hidden=\"true\" class=\"wp-block-cover__background has-background-dim\"><\/span><div class=\"wp-block-cover__inner-container is-layout-flow wp-block-cover-is-layout-flow\">\n<h3 id=\"faca-a-sua-assinatura\" class=\"titulo-assinatura\"><span style=\"color: #ffffff;\">Fa\u00e7a a sua assinatura!<\/span><\/h3>\n<p class=\"subtitulo-assinatura\" style=\"display:block!important; line-height: 0;\"><span style=\"color: #ffffff;\">Escolha a sua \u00e1rea.<\/span><\/p>\n<a target=\"_blank\" href=\"https:\/\/www.estrategiaconcursos.com.br\/assinaturas-ecj\/\" rel=\"noopener\"><button style=\"border-radius: 10px; text-transform: capitalize;\">Acessar<\/button><\/a>\n<\/div><\/div>\n\n\n\n<p><\/p>\n","protected":false},"excerpt":{"rendered":"A Procuradoria Geral do Estado de S\u00e3o Paulo (PGE SP) autorizou a contrata\u00e7\u00e3o da FUNDATEC como banca organizadora&hellip;\n","protected":false},"author":162,"featured_media":40798,"comment_status":"open","ping_status":"open","sticky":false,"template":"","format":"standard","meta":{"_jetpack_memberships_contains_paid_content":false,"footnotes":""},"categories":[1],"tags":[],"tax_estado":[56],"class_list":{"0":"post-172951","1":"post","2":"type-post","3":"status-publish","4":"format-standard","5":"has-post-thumbnail","7":"category-carreiras-juridicas","8":"tax_estado-sp"},"acf":[],"yoast_head":"<!-- This site is optimized with the Yoast SEO Premium plugin v27.4 (Yoast SEO v27.4) - https:\/\/yoast.com\/product\/yoast-seo-premium-wordpress\/ -->\n<title>Resid\u00eancia Jur\u00eddica PGE SP 2026: novo edital \u00e0 vista com 100 vagas! Fundatec \u00e9 a banca!<\/title>\n<meta name=\"description\" content=\"Saiba tudo sobre a Resid\u00eancia Jur\u00eddica PGE SP, incluindo detalhes do processo seletivo e como garantir sua vaga entre os 100 residentes!\" \/>\n<meta name=\"robots\" content=\"index, follow, max-snippet:-1, max-image-preview:large, max-video-preview:-1\" \/>\n<link rel=\"canonical\" href=\"https:\/\/cj.estrategia.com\/portal\/residencia-juridica-pge-sp-2026-processo-seletivo-a-vista-com-100-vagas-fundatec-e-a-banca\/\" \/>\n<meta property=\"og:locale\" content=\"pt_BR\" \/>\n<meta property=\"og:type\" content=\"article\" \/>\n<meta property=\"og:title\" content=\"Resid\u00eancia Jur\u00eddica PGE SP 2026: novo edital \u00e0 vista com 100 vagas! Fundatec \u00e9 a banca!\" \/>\n<meta property=\"og:description\" content=\"Saiba tudo sobre a Resid\u00eancia Jur\u00eddica PGE SP, incluindo detalhes do processo seletivo e como garantir sua vaga entre os 100 residentes!\" \/>\n<meta property=\"og:url\" content=\"https:\/\/cj.estrategia.com\/portal\/residencia-juridica-pge-sp-2026-processo-seletivo-a-vista-com-100-vagas-fundatec-e-a-banca\/\" \/>\n<meta property=\"og:site_name\" content=\"Blog - Carreiras Jur\u00eddicas - Estrat\u00e9gia\" \/>\n<meta property=\"article:publisher\" content=\"https:\/\/www.facebook.com\/estrategiacarreirajuridica\/\" \/>\n<meta property=\"article:published_time\" content=\"2026-01-07T21:21:52+00:00\" \/>\n<meta property=\"article:modified_time\" content=\"2026-01-07T21:24:11+00:00\" \/>\n<meta property=\"og:image\" content=\"https:\/\/cj.estrategia.com\/portal\/wp-content\/uploads\/2023\/05\/07114108\/residencia-juridica-ecj-carreiras-juridicas.jpg\" \/>\n\t<meta property=\"og:image:width\" content=\"768\" \/>\n\t<meta property=\"og:image:height\" content=\"432\" \/>\n\t<meta property=\"og:image:type\" content=\"image\/jpeg\" \/>\n<meta name=\"author\" content=\"Jos\u00e9 Ferreira\" \/>\n<meta name=\"twitter:card\" content=\"summary_large_image\" \/>\n<meta name=\"twitter:creator\" content=\"@EstratJuridica\" \/>\n<meta name=\"twitter:site\" content=\"@EstratJuridica\" \/>\n<meta name=\"twitter:label1\" content=\"Escrito por\" \/>\n\t<meta name=\"twitter:data1\" content=\"Jos\u00e9 Ferreira\" \/>\n\t<meta name=\"twitter:label2\" content=\"Est. tempo de leitura\" \/>\n\t<meta name=\"twitter:data2\" content=\"1 minuto\" \/>\n<script type=\"application\/ld+json\" class=\"yoast-schema-graph\">{\"@context\":\"https:\\\/\\\/schema.org\",\"@graph\":[{\"@type\":\"NewsArticle\",\"@id\":\"https:\\\/\\\/cj.estrategia.com\\\/portal\\\/residencia-juridica-pge-sp-2026-processo-seletivo-a-vista-com-100-vagas-fundatec-e-a-banca\\\/#article\",\"isPartOf\":{\"@id\":\"https:\\\/\\\/cj.estrategia.com\\\/portal\\\/residencia-juridica-pge-sp-2026-processo-seletivo-a-vista-com-100-vagas-fundatec-e-a-banca\\\/\"},\"author\":{\"name\":\"Jos\u00e9 Ferreira\",\"@id\":\"https:\\\/\\\/cj.estrategia.com\\\/portal\\\/#\\\/schema\\\/person\\\/4caf0099c42d736f2aade723f309f690\"},\"headline\":\"Resid\u00eancia Jur\u00eddica PGE SP 2026: novo edital \u00e0 vista com 100 vagas! Fundatec \u00e9 a banca!\",\"datePublished\":\"2026-01-07T21:21:52+00:00\",\"dateModified\":\"2026-01-07T21:24:11+00:00\",\"mainEntityOfPage\":{\"@id\":\"https:\\\/\\\/cj.estrategia.com\\\/portal\\\/residencia-juridica-pge-sp-2026-processo-seletivo-a-vista-com-100-vagas-fundatec-e-a-banca\\\/\"},\"wordCount\":126,\"commentCount\":0,\"publisher\":{\"@id\":\"https:\\\/\\\/cj.estrategia.com\\\/portal\\\/#organization\"},\"image\":{\"@id\":\"https:\\\/\\\/cj.estrategia.com\\\/portal\\\/residencia-juridica-pge-sp-2026-processo-seletivo-a-vista-com-100-vagas-fundatec-e-a-banca\\\/#primaryimage\"},\"thumbnailUrl\":\"https:\\\/\\\/cj.estrategia.com\\\/portal\\\/wp-content\\\/uploads\\\/2023\\\/05\\\/07114108\\\/residencia-juridica-ecj-carreiras-juridicas.jpg\",\"articleSection\":[\"Carreiras Jur\u00eddicas\"],\"inLanguage\":\"pt-BR\",\"potentialAction\":[{\"@type\":\"CommentAction\",\"name\":\"Comment\",\"target\":[\"https:\\\/\\\/cj.estrategia.com\\\/portal\\\/residencia-juridica-pge-sp-2026-processo-seletivo-a-vista-com-100-vagas-fundatec-e-a-banca\\\/#respond\"]}]},{\"@type\":\"WebPage\",\"@id\":\"https:\\\/\\\/cj.estrategia.com\\\/portal\\\/residencia-juridica-pge-sp-2026-processo-seletivo-a-vista-com-100-vagas-fundatec-e-a-banca\\\/\",\"url\":\"https:\\\/\\\/cj.estrategia.com\\\/portal\\\/residencia-juridica-pge-sp-2026-processo-seletivo-a-vista-com-100-vagas-fundatec-e-a-banca\\\/\",\"name\":\"Resid\u00eancia Jur\u00eddica PGE SP 2026: novo edital \u00e0 vista com 100 vagas! Fundatec \u00e9 a banca!\",\"isPartOf\":{\"@id\":\"https:\\\/\\\/cj.estrategia.com\\\/portal\\\/#website\"},\"primaryImageOfPage\":{\"@id\":\"https:\\\/\\\/cj.estrategia.com\\\/portal\\\/residencia-juridica-pge-sp-2026-processo-seletivo-a-vista-com-100-vagas-fundatec-e-a-banca\\\/#primaryimage\"},\"image\":{\"@id\":\"https:\\\/\\\/cj.estrategia.com\\\/portal\\\/residencia-juridica-pge-sp-2026-processo-seletivo-a-vista-com-100-vagas-fundatec-e-a-banca\\\/#primaryimage\"},\"thumbnailUrl\":\"https:\\\/\\\/cj.estrategia.com\\\/portal\\\/wp-content\\\/uploads\\\/2023\\\/05\\\/07114108\\\/residencia-juridica-ecj-carreiras-juridicas.jpg\",\"datePublished\":\"2026-01-07T21:21:52+00:00\",\"dateModified\":\"2026-01-07T21:24:11+00:00\",\"description\":\"Saiba tudo sobre a Resid\u00eancia Jur\u00eddica PGE SP, incluindo detalhes do processo seletivo e como garantir sua vaga entre os 100 residentes!\",\"breadcrumb\":{\"@id\":\"https:\\\/\\\/cj.estrategia.com\\\/portal\\\/residencia-juridica-pge-sp-2026-processo-seletivo-a-vista-com-100-vagas-fundatec-e-a-banca\\\/#breadcrumb\"},\"inLanguage\":\"pt-BR\",\"potentialAction\":[{\"@type\":\"ReadAction\",\"target\":[\"https:\\\/\\\/cj.estrategia.com\\\/portal\\\/residencia-juridica-pge-sp-2026-processo-seletivo-a-vista-com-100-vagas-fundatec-e-a-banca\\\/\"]}]},{\"@type\":\"ImageObject\",\"inLanguage\":\"pt-BR\",\"@id\":\"https:\\\/\\\/cj.estrategia.com\\\/portal\\\/residencia-juridica-pge-sp-2026-processo-seletivo-a-vista-com-100-vagas-fundatec-e-a-banca\\\/#primaryimage\",\"url\":\"https:\\\/\\\/cj.estrategia.com\\\/portal\\\/wp-content\\\/uploads\\\/2023\\\/05\\\/07114108\\\/residencia-juridica-ecj-carreiras-juridicas.jpg\",\"contentUrl\":\"https:\\\/\\\/cj.estrategia.com\\\/portal\\\/wp-content\\\/uploads\\\/2023\\\/05\\\/07114108\\\/residencia-juridica-ecj-carreiras-juridicas.jpg\",\"width\":768,\"height\":432},{\"@type\":\"BreadcrumbList\",\"@id\":\"https:\\\/\\\/cj.estrategia.com\\\/portal\\\/residencia-juridica-pge-sp-2026-processo-seletivo-a-vista-com-100-vagas-fundatec-e-a-banca\\\/#breadcrumb\",\"itemListElement\":[{\"@type\":\"ListItem\",\"position\":1,\"name\":\"In\u00edcio\",\"item\":\"https:\\\/\\\/cj.estrategia.com\\\/portal\\\/\"},{\"@type\":\"ListItem\",\"position\":2,\"name\":\"Resid\u00eancia Jur\u00eddica PGE SP 2026: novo edital \u00e0 vista com 100 vagas! Fundatec \u00e9 a banca!\"}]},{\"@type\":\"WebSite\",\"@id\":\"https:\\\/\\\/cj.estrategia.com\\\/portal\\\/#website\",\"url\":\"https:\\\/\\\/cj.estrategia.com\\\/portal\\\/\",\"name\":\"Blog - Carreiras Jur\u00eddicas - Estrat\u00e9gia\",\"description\":\"\",\"publisher\":{\"@id\":\"https:\\\/\\\/cj.estrategia.com\\\/portal\\\/#organization\"},\"potentialAction\":[{\"@type\":\"SearchAction\",\"target\":{\"@type\":\"EntryPoint\",\"urlTemplate\":\"https:\\\/\\\/cj.estrategia.com\\\/portal\\\/?s={search_term_string}\"},\"query-input\":{\"@type\":\"PropertyValueSpecification\",\"valueRequired\":true,\"valueName\":\"search_term_string\"}}],\"inLanguage\":\"pt-BR\"},{\"@type\":\"Organization\",\"@id\":\"https:\\\/\\\/cj.estrategia.com\\\/portal\\\/#organization\",\"name\":\"Estrat\u00e9gia - Carreiras Jur\u00eddicas\",\"url\":\"https:\\\/\\\/cj.estrategia.com\\\/portal\\\/\",\"logo\":{\"@type\":\"ImageObject\",\"inLanguage\":\"pt-BR\",\"@id\":\"https:\\\/\\\/cj.estrategia.com\\\/portal\\\/#\\\/schema\\\/logo\\\/image\\\/\",\"url\":\"https:\\\/\\\/cj.estrategia.com\\\/portal\\\/wp-content\\\/uploads\\\/2022\\\/03\\\/11151052\\\/cj-logo.png\",\"contentUrl\":\"https:\\\/\\\/cj.estrategia.com\\\/portal\\\/wp-content\\\/uploads\\\/2022\\\/03\\\/11151052\\\/cj-logo.png\",\"width\":150,\"height\":39,\"caption\":\"Estrat\u00e9gia - Carreiras Jur\u00eddicas\"},\"image\":{\"@id\":\"https:\\\/\\\/cj.estrategia.com\\\/portal\\\/#\\\/schema\\\/logo\\\/image\\\/\"},\"sameAs\":[\"https:\\\/\\\/www.facebook.com\\\/estrategiacarreirajuridica\\\/\",\"https:\\\/\\\/x.com\\\/EstratJuridica\",\"https:\\\/\\\/www.instagram.com\\\/estrategiacarreirajuridica\\\/\",\"https:\\\/\\\/www.youtube.com\\\/channel\\\/UClbMGuYbj2Mh1m3w144ETWQ\"]},{\"@type\":\"Person\",\"@id\":\"https:\\\/\\\/cj.estrategia.com\\\/portal\\\/#\\\/schema\\\/person\\\/4caf0099c42d736f2aade723f309f690\",\"name\":\"Jos\u00e9 Ferreira\",\"image\":{\"@type\":\"ImageObject\",\"inLanguage\":\"pt-BR\",\"@id\":\"https:\\\/\\\/cj.estrategia.com\\\/portal\\\/wp-content\\\/uploads\\\/2025\\\/04\\\/18142237\\\/jose-ferreira-navarro-analista-de-conteudo-jornalismo-carreiras-juridicas-96x96.png\",\"url\":\"https:\\\/\\\/cj.estrategia.com\\\/portal\\\/wp-content\\\/uploads\\\/2025\\\/04\\\/18142237\\\/jose-ferreira-navarro-analista-de-conteudo-jornalismo-carreiras-juridicas-96x96.png\",\"contentUrl\":\"https:\\\/\\\/cj.estrategia.com\\\/portal\\\/wp-content\\\/uploads\\\/2025\\\/04\\\/18142237\\\/jose-ferreira-navarro-analista-de-conteudo-jornalismo-carreiras-juridicas-96x96.png\",\"caption\":\"Jos\u00e9 Ferreira\"},\"description\":\"Analista de conte\u00fado na equipe de Jornalismo, atua com SEO e estrat\u00e9gia para desenvolver conte\u00fados relevantes e de alta qualidade voltados para OAB e para o universo de Concursos Jur\u00eddicos.\",\"url\":\"https:\\\/\\\/cj.estrategia.com\\\/portal\\\/author\\\/jose-navarro-de-andrade-cintra-ferreira\\\/\"}]}<\/script>\n<!-- \/ Yoast SEO Premium plugin. -->","yoast_head_json":{"title":"Resid\u00eancia Jur\u00eddica PGE SP 2026: novo edital \u00e0 vista com 100 vagas! Fundatec \u00e9 a banca!","description":"Saiba tudo sobre a Resid\u00eancia Jur\u00eddica PGE SP, incluindo detalhes do processo seletivo e como garantir sua vaga entre os 100 residentes!","robots":{"index":"index","follow":"follow","max-snippet":"max-snippet:-1","max-image-preview":"max-image-preview:large","max-video-preview":"max-video-preview:-1"},"canonical":"https:\/\/cj.estrategia.com\/portal\/residencia-juridica-pge-sp-2026-processo-seletivo-a-vista-com-100-vagas-fundatec-e-a-banca\/","og_locale":"pt_BR","og_type":"article","og_title":"Resid\u00eancia Jur\u00eddica PGE SP 2026: novo edital \u00e0 vista com 100 vagas! Fundatec \u00e9 a banca!","og_description":"Saiba tudo sobre a Resid\u00eancia Jur\u00eddica PGE SP, incluindo detalhes do processo seletivo e como garantir sua vaga entre os 100 residentes!","og_url":"https:\/\/cj.estrategia.com\/portal\/residencia-juridica-pge-sp-2026-processo-seletivo-a-vista-com-100-vagas-fundatec-e-a-banca\/","og_site_name":"Blog - Carreiras Jur\u00eddicas - Estrat\u00e9gia","article_publisher":"https:\/\/www.facebook.com\/estrategiacarreirajuridica\/","article_published_time":"2026-01-07T21:21:52+00:00","article_modified_time":"2026-01-07T21:24:11+00:00","og_image":[{"width":768,"height":432,"url":"https:\/\/cj.estrategia.com\/portal\/wp-content\/uploads\/2023\/05\/07114108\/residencia-juridica-ecj-carreiras-juridicas.jpg","type":"image\/jpeg"}],"author":"Jos\u00e9 Ferreira","twitter_card":"summary_large_image","twitter_creator":"@EstratJuridica","twitter_site":"@EstratJuridica","twitter_misc":{"Escrito por":"Jos\u00e9 Ferreira","Est. tempo de leitura":"1 minuto"},"schema":{"@context":"https:\/\/schema.org","@graph":[{"@type":"NewsArticle","@id":"https:\/\/cj.estrategia.com\/portal\/residencia-juridica-pge-sp-2026-processo-seletivo-a-vista-com-100-vagas-fundatec-e-a-banca\/#article","isPartOf":{"@id":"https:\/\/cj.estrategia.com\/portal\/residencia-juridica-pge-sp-2026-processo-seletivo-a-vista-com-100-vagas-fundatec-e-a-banca\/"},"author":{"name":"Jos\u00e9 Ferreira","@id":"https:\/\/cj.estrategia.com\/portal\/#\/schema\/person\/4caf0099c42d736f2aade723f309f690"},"headline":"Resid\u00eancia Jur\u00eddica PGE SP 2026: novo edital \u00e0 vista com 100 vagas! Fundatec \u00e9 a banca!","datePublished":"2026-01-07T21:21:52+00:00","dateModified":"2026-01-07T21:24:11+00:00","mainEntityOfPage":{"@id":"https:\/\/cj.estrategia.com\/portal\/residencia-juridica-pge-sp-2026-processo-seletivo-a-vista-com-100-vagas-fundatec-e-a-banca\/"},"wordCount":126,"commentCount":0,"publisher":{"@id":"https:\/\/cj.estrategia.com\/portal\/#organization"},"image":{"@id":"https:\/\/cj.estrategia.com\/portal\/residencia-juridica-pge-sp-2026-processo-seletivo-a-vista-com-100-vagas-fundatec-e-a-banca\/#primaryimage"},"thumbnailUrl":"https:\/\/cj.estrategia.com\/portal\/wp-content\/uploads\/2023\/05\/07114108\/residencia-juridica-ecj-carreiras-juridicas.jpg","articleSection":["Carreiras Jur\u00eddicas"],"inLanguage":"pt-BR","potentialAction":[{"@type":"CommentAction","name":"Comment","target":["https:\/\/cj.estrategia.com\/portal\/residencia-juridica-pge-sp-2026-processo-seletivo-a-vista-com-100-vagas-fundatec-e-a-banca\/#respond"]}]},{"@type":"WebPage","@id":"https:\/\/cj.estrategia.com\/portal\/residencia-juridica-pge-sp-2026-processo-seletivo-a-vista-com-100-vagas-fundatec-e-a-banca\/","url":"https:\/\/cj.estrategia.com\/portal\/residencia-juridica-pge-sp-2026-processo-seletivo-a-vista-com-100-vagas-fundatec-e-a-banca\/","name":"Resid\u00eancia Jur\u00eddica PGE SP 2026: novo edital \u00e0 vista com 100 vagas! Fundatec \u00e9 a banca!","isPartOf":{"@id":"https:\/\/cj.estrategia.com\/portal\/#website"},"primaryImageOfPage":{"@id":"https:\/\/cj.estrategia.com\/portal\/residencia-juridica-pge-sp-2026-processo-seletivo-a-vista-com-100-vagas-fundatec-e-a-banca\/#primaryimage"},"image":{"@id":"https:\/\/cj.estrategia.com\/portal\/residencia-juridica-pge-sp-2026-processo-seletivo-a-vista-com-100-vagas-fundatec-e-a-banca\/#primaryimage"},"thumbnailUrl":"https:\/\/cj.estrategia.com\/portal\/wp-content\/uploads\/2023\/05\/07114108\/residencia-juridica-ecj-carreiras-juridicas.jpg","datePublished":"2026-01-07T21:21:52+00:00","dateModified":"2026-01-07T21:24:11+00:00","description":"Saiba tudo sobre a Resid\u00eancia Jur\u00eddica PGE SP, incluindo detalhes do processo seletivo e como garantir sua vaga entre os 100 residentes!","breadcrumb":{"@id":"https:\/\/cj.estrategia.com\/portal\/residencia-juridica-pge-sp-2026-processo-seletivo-a-vista-com-100-vagas-fundatec-e-a-banca\/#breadcrumb"},"inLanguage":"pt-BR","potentialAction":[{"@type":"ReadAction","target":["https:\/\/cj.estrategia.com\/portal\/residencia-juridica-pge-sp-2026-processo-seletivo-a-vista-com-100-vagas-fundatec-e-a-banca\/"]}]},{"@type":"ImageObject","inLanguage":"pt-BR","@id":"https:\/\/cj.estrategia.com\/portal\/residencia-juridica-pge-sp-2026-processo-seletivo-a-vista-com-100-vagas-fundatec-e-a-banca\/#primaryimage","url":"https:\/\/cj.estrategia.com\/portal\/wp-content\/uploads\/2023\/05\/07114108\/residencia-juridica-ecj-carreiras-juridicas.jpg","contentUrl":"https:\/\/cj.estrategia.com\/portal\/wp-content\/uploads\/2023\/05\/07114108\/residencia-juridica-ecj-carreiras-juridicas.jpg","width":768,"height":432},{"@type":"BreadcrumbList","@id":"https:\/\/cj.estrategia.com\/portal\/residencia-juridica-pge-sp-2026-processo-seletivo-a-vista-com-100-vagas-fundatec-e-a-banca\/#breadcrumb","itemListElement":[{"@type":"ListItem","position":1,"name":"In\u00edcio","item":"https:\/\/cj.estrategia.com\/portal\/"},{"@type":"ListItem","position":2,"name":"Resid\u00eancia Jur\u00eddica PGE SP 2026: novo edital \u00e0 vista com 100 vagas! Fundatec \u00e9 a banca!"}]},{"@type":"WebSite","@id":"https:\/\/cj.estrategia.com\/portal\/#website","url":"https:\/\/cj.estrategia.com\/portal\/","name":"Blog - Carreiras Jur\u00eddicas - Estrat\u00e9gia","description":"","publisher":{"@id":"https:\/\/cj.estrategia.com\/portal\/#organization"},"potentialAction":[{"@type":"SearchAction","target":{"@type":"EntryPoint","urlTemplate":"https:\/\/cj.estrategia.com\/portal\/?s={search_term_string}"},"query-input":{"@type":"PropertyValueSpecification","valueRequired":true,"valueName":"search_term_string"}}],"inLanguage":"pt-BR"},{"@type":"Organization","@id":"https:\/\/cj.estrategia.com\/portal\/#organization","name":"Estrat\u00e9gia - Carreiras Jur\u00eddicas","url":"https:\/\/cj.estrategia.com\/portal\/","logo":{"@type":"ImageObject","inLanguage":"pt-BR","@id":"https:\/\/cj.estrategia.com\/portal\/#\/schema\/logo\/image\/","url":"https:\/\/cj.estrategia.com\/portal\/wp-content\/uploads\/2022\/03\/11151052\/cj-logo.png","contentUrl":"https:\/\/cj.estrategia.com\/portal\/wp-content\/uploads\/2022\/03\/11151052\/cj-logo.png","width":150,"height":39,"caption":"Estrat\u00e9gia - Carreiras Jur\u00eddicas"},"image":{"@id":"https:\/\/cj.estrategia.com\/portal\/#\/schema\/logo\/image\/"},"sameAs":["https:\/\/www.facebook.com\/estrategiacarreirajuridica\/","https:\/\/x.com\/EstratJuridica","https:\/\/www.instagram.com\/estrategiacarreirajuridica\/","https:\/\/www.youtube.com\/channel\/UClbMGuYbj2Mh1m3w144ETWQ"]},{"@type":"Person","@id":"https:\/\/cj.estrategia.com\/portal\/#\/schema\/person\/4caf0099c42d736f2aade723f309f690","name":"Jos\u00e9 Ferreira","image":{"@type":"ImageObject","inLanguage":"pt-BR","@id":"https:\/\/cj.estrategia.com\/portal\/wp-content\/uploads\/2025\/04\/18142237\/jose-ferreira-navarro-analista-de-conteudo-jornalismo-carreiras-juridicas-96x96.png","url":"https:\/\/cj.estrategia.com\/portal\/wp-content\/uploads\/2025\/04\/18142237\/jose-ferreira-navarro-analista-de-conteudo-jornalismo-carreiras-juridicas-96x96.png","contentUrl":"https:\/\/cj.estrategia.com\/portal\/wp-content\/uploads\/2025\/04\/18142237\/jose-ferreira-navarro-analista-de-conteudo-jornalismo-carreiras-juridicas-96x96.png","caption":"Jos\u00e9 Ferreira"},"description":"Analista de conte\u00fado na equipe de Jornalismo, atua com SEO e estrat\u00e9gia para desenvolver conte\u00fados relevantes e de alta qualidade voltados para OAB e para o universo de Concursos Jur\u00eddicos.","url":"https:\/\/cj.estrategia.com\/portal\/author\/jose-navarro-de-andrade-cintra-ferreira\/"}]}},"jetpack_featured_media_url":"https:\/\/cj.estrategia.com\/portal\/wp-content\/uploads\/2023\/05\/07114108\/residencia-juridica-ecj-carreiras-juridicas.jpg","jetpack_sharing_enabled":true,"_links":{"self":[{"href":"https:\/\/cj.estrategia.com\/portal\/wp-json\/wp\/v2\/posts\/172951","targetHints":{"allow":["GET"]}}],"collection":[{"href":"https:\/\/cj.estrategia.com\/portal\/wp-json\/wp\/v2\/posts"}],"about":[{"href":"https:\/\/cj.estrategia.com\/portal\/wp-json\/wp\/v2\/types\/post"}],"author":[{"embeddable":true,"href":"https:\/\/cj.estrategia.com\/portal\/wp-json\/wp\/v2\/users\/162"}],"replies":[{"embeddable":true,"href":"https:\/\/cj.estrategia.com\/portal\/wp-json\/wp\/v2\/comments?post=172951"}],"version-history":[{"count":5,"href":"https:\/\/cj.estrategia.com\/portal\/wp-json\/wp\/v2\/posts\/172951\/revisions"}],"predecessor-version":[{"id":172965,"href":"https:\/\/cj.estrategia.com\/portal\/wp-json\/wp\/v2\/posts\/172951\/revisions\/172965"}],"wp:featuredmedia":[{"embeddable":true,"href":"https:\/\/cj.estrategia.com\/portal\/wp-json\/wp\/v2\/media\/40798"}],"wp:attachment":[{"href":"https:\/\/cj.estrategia.com\/portal\/wp-json\/wp\/v2\/media?parent=172951"}],"wp:term":[{"taxonomy":"category","embeddable":true,"href":"https:\/\/cj.estrategia.com\/portal\/wp-json\/wp\/v2\/categories?post=172951"},{"taxonomy":"post_tag","embeddable":true,"href":"https:\/\/cj.estrategia.com\/portal\/wp-json\/wp\/v2\/tags?post=172951"},{"taxonomy":"tax_estado","embeddable":true,"href":"https:\/\/cj.estrategia.com\/portal\/wp-json\/wp\/v2\/tax_estado?post=172951"}],"curies":[{"name":"wp","href":"https:\/\/api.w.org\/{rel}","templated":true}]}}