{"id":171893,"date":"2025-12-30T17:51:29","date_gmt":"2025-12-30T20:51:29","guid":{"rendered":"https:\/\/cj.estrategia.com\/portal\/?p=171893"},"modified":"2025-12-30T17:51:33","modified_gmt":"2025-12-30T20:51:33","slug":"o-silencio-que-antecede-grandes-concursos-por-que-a-magistratura-ac-esta-no-radar","status":"publish","type":"post","link":"https:\/\/cj.estrategia.com\/portal\/o-silencio-que-antecede-grandes-concursos-por-que-a-magistratura-ac-esta-no-radar\/","title":{"rendered":"O sil\u00eancio que antecede grandes concursos: por que a Magistratura AC est\u00e1 no radar?"},"content":{"rendered":"\n<p>Mesmo sem an\u00fancio oficial de novo edital, o cen\u00e1rio da Magistratura do Acre chama aten\u00e7\u00e3o. Atualmente, o Tribunal de Justi\u00e7a do Acre acumula <strong>63 cargos vagos<\/strong>: <strong>49 destinados ao cargo de Juiz Substituto<\/strong>, ao mesmo tempo em que mant\u00e9m <strong>sal\u00e1rio inicial de R$ 35.877,00<\/strong> e j\u00e1 conta com <strong>regulamento do concurso atualizado de acordo com as diretrizes do CNJ<\/strong>.<\/p>\n\n\n\n<p>O \u00faltimo certame foi realizado em 2018 e teve sua validade prorrogada em novembro de 2024, o que mant\u00e9m o concurso formalmente ativo, mas n\u00e3o elimina o d\u00e9ficit expressivo no quadro de magistrados. <\/p>\n\n\n\n<p>Situa\u00e7\u00f5es como essa costumam marcar o chamado <strong>\u201cper\u00edodo silencioso\u201d<\/strong>, fase administrativa em que ainda n\u00e3o h\u00e1 divulga\u00e7\u00e3o de edital, mas os elementos estruturais necess\u00e1rios para a abertura de um novo concurso j\u00e1 est\u00e3o postos.<\/p>\n\n\n\n<p>Quer saber mais detalhes sobre a situa\u00e7\u00e3o atual do certame? Confira tudo a seguir!<\/p>\n\n\n\n<div class=\"container\" id=\"boxes\">\n  <div class=\"row\">\n\n    <div class=\"col-sm\">\n      <div class=\"banner-ecj\" id=\"box-assinatura\">\n        <h3 id=\"curso-para-magistratura-ac\" class=\"titulo-assinatura\">Curso para Magistratura AC<\/h3>\n        <p class=\"subtitulo-assinatura\">Cursos focados no edital do concurso<\/p>\n        <div class=\"box-botao\">\n          <a class=\"btn-assinatura\" target=\"_blank\" href=\"https:\/\/cj.estrategia.com\/curso\/tj-ac-juiz-substituto-pacote-teorico\/\" role=\"button\" rel=\"noopener noreferrer\">Conhe\u00e7a mais<\/a>\n        <\/div>\n      <\/div>\n      <p class=\"texto-auxiliar\"><\/p>\n    <\/div>\n\n  <\/div>\n<\/div>\n\n\n\n<div class=\"wp-block-yoast-seo-table-of-contents yoast-table-of-contents\"><h2 id=\"explore-o-conteudo\">Explore o conte\u00fado:<\/h2><ul><li><a href=\"#h-principais-sinais-no-tj-ac-hoje\" data-level=\"3\">\ud83d\udd0d Principais sinais no TJ AC hoje<\/a><\/li><li><a href=\"#h-quadro-atual-de-cargos-na-magistratura-do-tj-ac\" data-level=\"3\">\ud83d\udcca Quadro atual de cargos na Magistratura do TJ AC<\/a><\/li><li><a href=\"#h-remuneracao-do-cargo\" data-level=\"3\">\ud83d\udcb0 Remunera\u00e7\u00e3o do cargo<\/a><\/li><li><a href=\"#h-leitura-estrategica-do-cenario\" data-level=\"3\">\ud83e\udde0 Leitura estrat\u00e9gica do cen\u00e1rio<\/a><\/li><li><a href=\"#h-impacto-para-o-candidato\" data-level=\"3\">\ud83c\udfaf Impacto para o candidato<\/a><\/li><li><a href=\"#h-tj-ac-conheca-luis-fernando-rosa-aprovado-em-21\u00ba-lugar-para-juiz-de-direito\" data-level=\"2\">TJ AC: Conhe\u00e7a Lu\u00eds Fernando Rosa, aprovado em 21\u00ba lugar para Juiz de Direito.<\/a><\/li><li><a href=\"#h-material-de-estudo\" data-level=\"2\">Material de Estudo<\/a><\/li><li><a href=\"#cursos\" data-level=\"2\">Quer saber tudo sobre concursos previstos? Confira nossos artigos!<\/a><\/li><li><a href=\"#h-cursos-e-assinaturas\" data-level=\"2\">CURSOS E ASSINATURAS<\/a><\/li><\/ul><\/div>\n\n\n\n<h3 class=\"wp-block-heading\" id=\"h-principais-sinais-no-tj-ac-hoje\"><span id=\"%f0%9f%94%8d-principais-sinais-no-tj-ac-hoje\">\ud83d\udd0d Principais sinais no TJ AC hoje<\/span><\/h3>\n\n\n\n<ul class=\"wp-block-list\">\n<li><strong>63 cargos vagos<\/strong> na magistratura;<\/li>\n\n\n\n<li><strong>49 vagas abertas apenas para Juiz Substituto<\/strong>;<\/li>\n\n\n\n<li><strong>Sal\u00e1rio inicial de R$ 35.877,00<\/strong>;<\/li>\n\n\n\n<li><strong>Regulamento do concurso j\u00e1 editado<\/strong>, em conformidade com as diretrizes do CNJ;<\/li>\n\n\n\n<li>\u00daltimo concurso realizado em <strong>2018<\/strong>, com longo intervalo desde o \u00faltimo edital.<\/li>\n<\/ul>\n\n\n\n<h3 class=\"wp-block-heading\" id=\"h-quadro-atual-de-cargos-na-magistratura-do-tj-ac\"><span id=\"%f0%9f%93%8a-quadro-atual-de-cargos-na-magistratura-do-tj-ac\">\ud83d\udcca Quadro atual de cargos na Magistratura do TJ AC<\/span><\/h3>\n\n\n\n<figure class=\"wp-block-table is-style-stripes\"><table class=\"has-very-light-gray-to-cyan-bluish-gray-gradient-background has-background\"><thead><tr><th class=\"has-text-align-center\" data-align=\"center\">Cargo<\/th><th class=\"has-text-align-center\" data-align=\"center\">Ocupados<\/th><th class=\"has-text-align-center\" data-align=\"center\">Vagos<\/th><\/tr><\/thead><tbody><tr><td class=\"has-text-align-center\" data-align=\"center\">Desembargador<\/td><td class=\"has-text-align-center\" data-align=\"center\">12<\/td><td class=\"has-text-align-center\" data-align=\"center\">0<\/td><\/tr><tr><td class=\"has-text-align-center\" data-align=\"center\">Juiz de Direito<\/td><td class=\"has-text-align-center\" data-align=\"center\">68<\/td><td class=\"has-text-align-center\" data-align=\"center\">14<\/td><\/tr><tr><td class=\"has-text-align-center\" data-align=\"center\">Juiz Substituto<\/td><td class=\"has-text-align-center\" data-align=\"center\">0<\/td><td class=\"has-text-align-center\" data-align=\"center\">49<\/td><\/tr><tr><td class=\"has-text-align-center\" data-align=\"center\"><strong>Total<\/strong><\/td><td class=\"has-text-align-center\" data-align=\"center\"><strong>80<\/strong><\/td><td class=\"has-text-align-center\" data-align=\"center\"><strong>63<\/strong><\/td><\/tr><\/tbody><\/table><\/figure>\n\n\n\n<h3 class=\"wp-block-heading\" id=\"h-remuneracao-do-cargo\"><span id=\"%f0%9f%92%b0-remuneracao-do-cargo\">\ud83d\udcb0 Remunera\u00e7\u00e3o do cargo<\/span><\/h3>\n\n\n\n<figure class=\"wp-block-table is-style-stripes\"><table class=\"has-very-light-gray-to-cyan-bluish-gray-gradient-background has-background\"><thead><tr><th class=\"has-text-align-center\" data-align=\"center\">CARGO<\/th><th class=\"has-text-align-center\" data-align=\"center\">SAL\u00c1RIO<\/th><\/tr><\/thead><tbody><tr><td class=\"has-text-align-center\" data-align=\"center\">Desembargador<\/td><td class=\"has-text-align-center\" data-align=\"center\">R$ 41.845,00<\/td><\/tr><tr><td class=\"has-text-align-center\" data-align=\"center\">Juiz de Direito Entr\u00e2ncia Final<\/td><td class=\"has-text-align-center\" data-align=\"center\">R$ 39.753,00<\/td><\/tr><tr><td class=\"has-text-align-center\" data-align=\"center\">Juiz de Direito Ent\u00e2ncia Inicial<\/td><td class=\"has-text-align-center\" data-align=\"center\">R$ 37.765,00<\/td><\/tr><tr><td class=\"has-text-align-center\" data-align=\"center\">Juiz Substituto<\/td><td class=\"has-text-align-center\" data-align=\"center\">R$ 35.877,00<\/td><\/tr><\/tbody><\/table><\/figure>\n\n\n\n<h3 class=\"wp-block-heading\" id=\"h-leitura-estrategica-do-cenario\"><span id=\"%f0%9f%a7%a0-leitura-estrategica-do-cenario\">\ud83e\udde0 Leitura estrat\u00e9gica do cen\u00e1rio<\/span><\/h3>\n\n\n\n<p>Em concursos de magistratura, a combina\u00e7\u00e3o de <strong>alto n\u00famero de vac\u00e2ncias<\/strong>, <strong>regulamento vigente<\/strong> e <strong>intervalo prolongado desde o \u00faltimo certame<\/strong> costuma caracterizar o chamado <strong>per\u00edodo silencioso<\/strong>. <\/p>\n\n\n\n<p>Essa \u00e9 a fase administrativa em que ainda n\u00e3o h\u00e1 divulga\u00e7\u00e3o de edital, mas em que os elementos estruturais necess\u00e1rios para uma nova sele\u00e7\u00e3o j\u00e1 est\u00e3o postos.<\/p>\n\n\n\n<h3 class=\"wp-block-heading\" id=\"h-impacto-para-o-candidato\"><span id=\"%f0%9f%8e%af-impacto-para-o-candidato\">\ud83c\udfaf Impacto para o candidato<\/span><\/h3>\n\n\n\n<p>Para quem acompanha a Magistratura Estadual, esse momento costuma ser decisivo. A prepara\u00e7\u00e3o antecipada, antes da publica\u00e7\u00e3o do edital, tende a ser um diferencial relevante em certames de alta complexidade e concorr\u00eancia elevada, como o da Magistratura do TJ AC.<\/p>\n\n\n\n<h2 class=\"wp-block-heading\" id=\"h-tj-ac-conheca-luis-fernando-rosa-aprovado-em-21\u00ba-lugar-para-juiz-de-direito\"><span id=\"tj-ac-conheca-luis-fernando-rosa-aprovado-em-21o-lugar-para-juiz-de-direito\">TJ AC: Conhe\u00e7a Lu\u00eds Fernando Rosa, aprovado em 21\u00ba lugar para Juiz de Direito.<\/span><\/h2>\n\n\n\n<figure class=\"wp-block-embed is-type-video is-provider-youtube wp-block-embed-youtube wp-embed-aspect-16-9 wp-has-aspect-ratio\"><div class=\"wp-block-embed__wrapper\">\n<div class=\"cs-embed cs-embed-responsive\"><iframe title=\"TJ AC: Conhe\u00e7a Lu\u00eds Fernando Rosa, aprovado em 21\u00ba lugar para Ju\u00edz de Direito.\" width=\"1200\" height=\"675\" src=\"https:\/\/www.youtube.com\/embed\/HXCkzxcmhNw?feature=oembed\" frameborder=\"0\" allow=\"accelerometer; autoplay; clipboard-write; encrypted-media; gyroscope; picture-in-picture; web-share\" referrerpolicy=\"strict-origin-when-cross-origin\" allowfullscreen><\/iframe><\/div>\n<\/div><\/figure>\n\n\n\n<h2 class=\"wp-block-heading\" id=\"h-material-de-estudo\"><span id=\"material-de-estudo\">Material de Estudo <\/span><\/h2>\n\n\n\n<ul class=\"wp-block-list\">\n<li><a href=\"https:\/\/cj.estrategia.com\/portal\/provas-comentadas-de-carreiras-juridicas\/\">Provas comentadas de carreiras jur\u00eddicas<\/a><\/li>\n<\/ul>\n\n\n\n<h2 class=\"wp-block-heading has-text-align-left\" id=\"cursos\"><span id=\"quer-saber-tudo-sobre-concursos-previstosconfira-nossos-artigos\">Quer saber tudo sobre concursos previstos?<br><strong>Confira nossos artigos!<\/strong><\/span><\/h2>\n\n\n\n<ul class=\"wp-block-list\">\n<li><a href=\"https:\/\/cj.estrategia.com\/portal\/concursos-abertos-carreiras-juridicas\/\" target=\"_blank\" >Concursos jur\u00eddicos abertos<\/a><\/li>\n\n\n\n<li><a href=\"https:\/\/cj.estrategia.com\/portal\/concursos-juridicos-2026-prepare-se-para-os-proximos-editais\/\" target=\"_blank\" >Concursos Jur\u00eddicos 2026<\/a><\/li>\n\n\n\n<li><a href=\"https:\/\/cj.estrategia.com\/portal\/concursos-magistratura\/\" target=\"_blank\" >Concursos Magistratura<\/a><\/li>\n<\/ul>\n\n\n\n<h2 class=\"wp-block-heading has-text-align-left\" id=\"h-cursos-e-assinaturas\"><span id=\"cursos-e-assinaturas\">CURSOS E ASSINATURAS<\/span><\/h2>\n\n\n\n<p><\/p>\n\n\n\n<div class=\"container\" id=\"boxes\">\n  <div class=\"row\">\n\n    <div class=\"col-sm\">\n      <div class=\"banner-ecj\" id=\"box-assinatura\">\n        <h3 id=\"curso-para-magistratura-ac-2\" class=\"titulo-assinatura\">Curso para Magistratura AC<\/h3>\n        <p class=\"subtitulo-assinatura\">Cursos focados no edital do concurso<\/p>\n        <div class=\"box-botao\">\n          <a class=\"btn-assinatura\" target=\"_blank\" href=\"https:\/\/cj.estrategia.com\/curso\/tj-ac-juiz-substituto-pacote-teorico\/\" role=\"button\" rel=\"noopener noreferrer\">Conhe\u00e7a mais<\/a>\n        <\/div>\n      <\/div>\n      <p class=\"texto-auxiliar\"><\/p>\n    <\/div>\n\n  <\/div>\n<\/div>\n\n\n\n<p><\/p>\n\n\n\n<div class=\"wp-block-cover\" style=\"min-height:155px;aspect-ratio:unset;\"><img decoding=\"async\" width=\"1890\" height=\"351\" class=\"wp-block-cover__image-background wp-image-8669\" alt=\"Assinaturas Jur\u00eddicas\" src=\"https:\/\/cj.estrategia.com\/portal\/wp-content\/uploads\/2022\/06\/20151253\/concurso-carreiras-juridicas-assinatura-juridica.jpg\" style=\"object-position:78% 43%\" data-object-fit=\"cover\" data-object-position=\"78% 43%\" srcset=\"https:\/\/cj.estrategia.com\/portal\/wp-content\/uploads\/2022\/06\/20151253\/concurso-carreiras-juridicas-assinatura-juridica.jpg 1890w, https:\/\/cj.estrategia.com\/portal\/wp-content\/uploads\/2022\/06\/20151253\/concurso-carreiras-juridicas-assinatura-juridica-300x56.jpg 300w, https:\/\/cj.estrategia.com\/portal\/wp-content\/uploads\/2022\/06\/20151253\/concurso-carreiras-juridicas-assinatura-juridica-1024x190.jpg 1024w, https:\/\/cj.estrategia.com\/portal\/wp-content\/uploads\/2022\/06\/20151253\/concurso-carreiras-juridicas-assinatura-juridica-768x143.jpg 768w, https:\/\/cj.estrategia.com\/portal\/wp-content\/uploads\/2022\/06\/20151253\/concurso-carreiras-juridicas-assinatura-juridica-1536x285.jpg 1536w, https:\/\/cj.estrategia.com\/portal\/wp-content\/uploads\/2022\/06\/20151253\/concurso-carreiras-juridicas-assinatura-juridica-380x71.jpg 380w, https:\/\/cj.estrategia.com\/portal\/wp-content\/uploads\/2022\/06\/20151253\/concurso-carreiras-juridicas-assinatura-juridica-800x149.jpg 800w, https:\/\/cj.estrategia.com\/portal\/wp-content\/uploads\/2022\/06\/20151253\/concurso-carreiras-juridicas-assinatura-juridica-1160x215.jpg 1160w\" sizes=\"(max-width: 1890px) 100vw, 1890px\" \/><span aria-hidden=\"true\" class=\"wp-block-cover__background has-background-dim\"><\/span><div class=\"wp-block-cover__inner-container is-layout-flow wp-block-cover-is-layout-flow\">\n<h3 id=\"faca-a-sua-assinatura\" class=\"titulo-assinatura\"><span style=\"color: #ffffff;\">Fa\u00e7a a sua assinatura!<\/span><\/h3>\n<p class=\"subtitulo-assinatura\" style=\"display:block!important; line-height: 0;\"><span style=\"color: #ffffff;\">Escolha a sua \u00e1rea.<\/span><\/p>\n<a target=\"_blank\" href=\"https:\/\/www.estrategiaconcursos.com.br\/assinaturas-ecj\/\" rel=\"noopener\"><button style=\"border-radius: 10px; text-transform: capitalize;\">Acessar<\/button><\/a>\n<\/div><\/div>\n\n\n\n<p><\/p>\n","protected":false},"excerpt":{"rendered":"Mesmo sem an\u00fancio oficial de novo edital, o cen\u00e1rio da Magistratura do Acre chama aten\u00e7\u00e3o. Atualmente, o Tribunal&hellip;\n","protected":false},"author":12,"featured_media":170022,"comment_status":"open","ping_status":"open","sticky":false,"template":"","format":"standard","meta":{"_jetpack_memberships_contains_paid_content":false,"footnotes":""},"categories":[1],"tags":[],"tax_estado":[],"class_list":{"0":"post-171893","1":"post","2":"type-post","3":"status-publish","4":"format-standard","5":"has-post-thumbnail","7":"category-carreiras-juridicas"},"acf":[],"yoast_head":"<!-- This site is optimized with the Yoast SEO Premium plugin v27.4 (Yoast SEO v27.4) - https:\/\/yoast.com\/product\/yoast-seo-premium-wordpress\/ -->\n<title>O sil\u00eancio que antecede grandes concursos: por que a Magistratura AC est\u00e1 no radar?<\/title>\n<meta name=\"description\" content=\"Entenda o sil\u00eancio que antecede grandes concursos e por que a Magistratura AC chama aten\u00e7\u00e3o com vac\u00e2ncias importantes.\" \/>\n<meta name=\"robots\" content=\"index, follow, max-snippet:-1, max-image-preview:large, max-video-preview:-1\" \/>\n<link rel=\"canonical\" href=\"https:\/\/cj.estrategia.com\/portal\/o-silencio-que-antecede-grandes-concursos-por-que-a-magistratura-ac-esta-no-radar\/\" \/>\n<meta property=\"og:locale\" content=\"pt_BR\" \/>\n<meta property=\"og:type\" content=\"article\" \/>\n<meta property=\"og:title\" content=\"O sil\u00eancio que antecede grandes concursos: por que a Magistratura AC est\u00e1 no radar?\" \/>\n<meta property=\"og:description\" content=\"Entenda o sil\u00eancio que antecede grandes concursos e por que a Magistratura AC chama aten\u00e7\u00e3o com vac\u00e2ncias importantes.\" \/>\n<meta property=\"og:url\" content=\"https:\/\/cj.estrategia.com\/portal\/o-silencio-que-antecede-grandes-concursos-por-que-a-magistratura-ac-esta-no-radar\/\" \/>\n<meta property=\"og:site_name\" content=\"Blog - Carreiras Jur\u00eddicas - Estrat\u00e9gia\" \/>\n<meta property=\"article:publisher\" content=\"https:\/\/www.facebook.com\/estrategiacarreirajuridica\/\" \/>\n<meta property=\"article:published_time\" content=\"2025-12-30T20:51:29+00:00\" \/>\n<meta property=\"article:modified_time\" content=\"2025-12-30T20:51:33+00:00\" \/>\n<meta property=\"og:image\" content=\"https:\/\/cj.estrategia.com\/portal\/wp-content\/uploads\/2025\/11\/17203327\/Concursos-Magistratura.jpg\" \/>\n\t<meta property=\"og:image:width\" content=\"768\" \/>\n\t<meta property=\"og:image:height\" content=\"432\" \/>\n\t<meta property=\"og:image:type\" content=\"image\/jpeg\" \/>\n<meta name=\"author\" content=\"Coordena\u00e7\u00e3o\" \/>\n<meta name=\"twitter:card\" content=\"summary_large_image\" \/>\n<meta name=\"twitter:creator\" content=\"@EstratJuridica\" \/>\n<meta name=\"twitter:site\" content=\"@EstratJuridica\" \/>\n<meta name=\"twitter:label1\" content=\"Escrito por\" \/>\n\t<meta name=\"twitter:data1\" content=\"Coordena\u00e7\u00e3o\" \/>\n\t<meta name=\"twitter:label2\" content=\"Est. tempo de leitura\" \/>\n\t<meta name=\"twitter:data2\" content=\"3 minutos\" \/>\n<script type=\"application\/ld+json\" class=\"yoast-schema-graph\">{\"@context\":\"https:\\\/\\\/schema.org\",\"@graph\":[{\"@type\":\"NewsArticle\",\"@id\":\"https:\\\/\\\/cj.estrategia.com\\\/portal\\\/o-silencio-que-antecede-grandes-concursos-por-que-a-magistratura-ac-esta-no-radar\\\/#article\",\"isPartOf\":{\"@id\":\"https:\\\/\\\/cj.estrategia.com\\\/portal\\\/o-silencio-que-antecede-grandes-concursos-por-que-a-magistratura-ac-esta-no-radar\\\/\"},\"author\":{\"name\":\"Coordena\u00e7\u00e3o\",\"@id\":\"https:\\\/\\\/cj.estrategia.com\\\/portal\\\/#\\\/schema\\\/person\\\/4d70317d31449932b99102916b6637f5\"},\"headline\":\"O sil\u00eancio que antecede grandes concursos: por que a Magistratura AC est\u00e1 no radar?\",\"datePublished\":\"2025-12-30T20:51:29+00:00\",\"dateModified\":\"2025-12-30T20:51:33+00:00\",\"mainEntityOfPage\":{\"@id\":\"https:\\\/\\\/cj.estrategia.com\\\/portal\\\/o-silencio-que-antecede-grandes-concursos-por-que-a-magistratura-ac-esta-no-radar\\\/\"},\"wordCount\":510,\"commentCount\":0,\"publisher\":{\"@id\":\"https:\\\/\\\/cj.estrategia.com\\\/portal\\\/#organization\"},\"image\":{\"@id\":\"https:\\\/\\\/cj.estrategia.com\\\/portal\\\/o-silencio-que-antecede-grandes-concursos-por-que-a-magistratura-ac-esta-no-radar\\\/#primaryimage\"},\"thumbnailUrl\":\"https:\\\/\\\/cj.estrategia.com\\\/portal\\\/wp-content\\\/uploads\\\/2025\\\/11\\\/17203327\\\/Concursos-Magistratura.jpg\",\"articleSection\":[\"Carreiras Jur\u00eddicas\"],\"inLanguage\":\"pt-BR\",\"potentialAction\":[{\"@type\":\"CommentAction\",\"name\":\"Comment\",\"target\":[\"https:\\\/\\\/cj.estrategia.com\\\/portal\\\/o-silencio-que-antecede-grandes-concursos-por-que-a-magistratura-ac-esta-no-radar\\\/#respond\"]}],\"accessibilityFeature\":[\"tableOfContents\"]},{\"@type\":\"WebPage\",\"@id\":\"https:\\\/\\\/cj.estrategia.com\\\/portal\\\/o-silencio-que-antecede-grandes-concursos-por-que-a-magistratura-ac-esta-no-radar\\\/\",\"url\":\"https:\\\/\\\/cj.estrategia.com\\\/portal\\\/o-silencio-que-antecede-grandes-concursos-por-que-a-magistratura-ac-esta-no-radar\\\/\",\"name\":\"O sil\u00eancio que antecede grandes concursos: por que a Magistratura AC est\u00e1 no radar?\",\"isPartOf\":{\"@id\":\"https:\\\/\\\/cj.estrategia.com\\\/portal\\\/#website\"},\"primaryImageOfPage\":{\"@id\":\"https:\\\/\\\/cj.estrategia.com\\\/portal\\\/o-silencio-que-antecede-grandes-concursos-por-que-a-magistratura-ac-esta-no-radar\\\/#primaryimage\"},\"image\":{\"@id\":\"https:\\\/\\\/cj.estrategia.com\\\/portal\\\/o-silencio-que-antecede-grandes-concursos-por-que-a-magistratura-ac-esta-no-radar\\\/#primaryimage\"},\"thumbnailUrl\":\"https:\\\/\\\/cj.estrategia.com\\\/portal\\\/wp-content\\\/uploads\\\/2025\\\/11\\\/17203327\\\/Concursos-Magistratura.jpg\",\"datePublished\":\"2025-12-30T20:51:29+00:00\",\"dateModified\":\"2025-12-30T20:51:33+00:00\",\"description\":\"Entenda o sil\u00eancio que antecede grandes concursos e por que a Magistratura AC chama aten\u00e7\u00e3o com vac\u00e2ncias importantes.\",\"breadcrumb\":{\"@id\":\"https:\\\/\\\/cj.estrategia.com\\\/portal\\\/o-silencio-que-antecede-grandes-concursos-por-que-a-magistratura-ac-esta-no-radar\\\/#breadcrumb\"},\"inLanguage\":\"pt-BR\",\"potentialAction\":[{\"@type\":\"ReadAction\",\"target\":[\"https:\\\/\\\/cj.estrategia.com\\\/portal\\\/o-silencio-que-antecede-grandes-concursos-por-que-a-magistratura-ac-esta-no-radar\\\/\"]}]},{\"@type\":\"ImageObject\",\"inLanguage\":\"pt-BR\",\"@id\":\"https:\\\/\\\/cj.estrategia.com\\\/portal\\\/o-silencio-que-antecede-grandes-concursos-por-que-a-magistratura-ac-esta-no-radar\\\/#primaryimage\",\"url\":\"https:\\\/\\\/cj.estrategia.com\\\/portal\\\/wp-content\\\/uploads\\\/2025\\\/11\\\/17203327\\\/Concursos-Magistratura.jpg\",\"contentUrl\":\"https:\\\/\\\/cj.estrategia.com\\\/portal\\\/wp-content\\\/uploads\\\/2025\\\/11\\\/17203327\\\/Concursos-Magistratura.jpg\",\"width\":768,\"height\":432},{\"@type\":\"BreadcrumbList\",\"@id\":\"https:\\\/\\\/cj.estrategia.com\\\/portal\\\/o-silencio-que-antecede-grandes-concursos-por-que-a-magistratura-ac-esta-no-radar\\\/#breadcrumb\",\"itemListElement\":[{\"@type\":\"ListItem\",\"position\":1,\"name\":\"In\u00edcio\",\"item\":\"https:\\\/\\\/cj.estrategia.com\\\/portal\\\/\"},{\"@type\":\"ListItem\",\"position\":2,\"name\":\"O sil\u00eancio que antecede grandes concursos: por que a Magistratura AC est\u00e1 no radar?\"}]},{\"@type\":\"WebSite\",\"@id\":\"https:\\\/\\\/cj.estrategia.com\\\/portal\\\/#website\",\"url\":\"https:\\\/\\\/cj.estrategia.com\\\/portal\\\/\",\"name\":\"Blog - Carreiras Jur\u00eddicas - Estrat\u00e9gia\",\"description\":\"\",\"publisher\":{\"@id\":\"https:\\\/\\\/cj.estrategia.com\\\/portal\\\/#organization\"},\"potentialAction\":[{\"@type\":\"SearchAction\",\"target\":{\"@type\":\"EntryPoint\",\"urlTemplate\":\"https:\\\/\\\/cj.estrategia.com\\\/portal\\\/?s={search_term_string}\"},\"query-input\":{\"@type\":\"PropertyValueSpecification\",\"valueRequired\":true,\"valueName\":\"search_term_string\"}}],\"inLanguage\":\"pt-BR\"},{\"@type\":\"Organization\",\"@id\":\"https:\\\/\\\/cj.estrategia.com\\\/portal\\\/#organization\",\"name\":\"Estrat\u00e9gia - Carreiras Jur\u00eddicas\",\"url\":\"https:\\\/\\\/cj.estrategia.com\\\/portal\\\/\",\"logo\":{\"@type\":\"ImageObject\",\"inLanguage\":\"pt-BR\",\"@id\":\"https:\\\/\\\/cj.estrategia.com\\\/portal\\\/#\\\/schema\\\/logo\\\/image\\\/\",\"url\":\"https:\\\/\\\/cj.estrategia.com\\\/portal\\\/wp-content\\\/uploads\\\/2022\\\/03\\\/11151052\\\/cj-logo.png\",\"contentUrl\":\"https:\\\/\\\/cj.estrategia.com\\\/portal\\\/wp-content\\\/uploads\\\/2022\\\/03\\\/11151052\\\/cj-logo.png\",\"width\":150,\"height\":39,\"caption\":\"Estrat\u00e9gia - Carreiras Jur\u00eddicas\"},\"image\":{\"@id\":\"https:\\\/\\\/cj.estrategia.com\\\/portal\\\/#\\\/schema\\\/logo\\\/image\\\/\"},\"sameAs\":[\"https:\\\/\\\/www.facebook.com\\\/estrategiacarreirajuridica\\\/\",\"https:\\\/\\\/x.com\\\/EstratJuridica\",\"https:\\\/\\\/www.instagram.com\\\/estrategiacarreirajuridica\\\/\",\"https:\\\/\\\/www.youtube.com\\\/channel\\\/UClbMGuYbj2Mh1m3w144ETWQ\"]},{\"@type\":\"Person\",\"@id\":\"https:\\\/\\\/cj.estrategia.com\\\/portal\\\/#\\\/schema\\\/person\\\/4d70317d31449932b99102916b6637f5\",\"name\":\"Coordena\u00e7\u00e3o\",\"image\":{\"@type\":\"ImageObject\",\"inLanguage\":\"pt-BR\",\"@id\":\"https:\\\/\\\/cj.estrategia.com\\\/portal\\\/wp-content\\\/uploads\\\/2022\\\/05\\\/12164923\\\/estrategia-carreira-juridica-coordenacao-96x96.png\",\"url\":\"https:\\\/\\\/cj.estrategia.com\\\/portal\\\/wp-content\\\/uploads\\\/2022\\\/05\\\/12164923\\\/estrategia-carreira-juridica-coordenacao-96x96.png\",\"contentUrl\":\"https:\\\/\\\/cj.estrategia.com\\\/portal\\\/wp-content\\\/uploads\\\/2022\\\/05\\\/12164923\\\/estrategia-carreira-juridica-coordenacao-96x96.png\",\"caption\":\"Coordena\u00e7\u00e3o\"},\"url\":\"https:\\\/\\\/cj.estrategia.com\\\/portal\\\/author\\\/coordenacao\\\/\"}]}<\/script>\n<!-- \/ Yoast SEO Premium plugin. -->","yoast_head_json":{"title":"O sil\u00eancio que antecede grandes concursos: por que a Magistratura AC est\u00e1 no radar?","description":"Entenda o sil\u00eancio que antecede grandes concursos e por que a Magistratura AC chama aten\u00e7\u00e3o com vac\u00e2ncias importantes.","robots":{"index":"index","follow":"follow","max-snippet":"max-snippet:-1","max-image-preview":"max-image-preview:large","max-video-preview":"max-video-preview:-1"},"canonical":"https:\/\/cj.estrategia.com\/portal\/o-silencio-que-antecede-grandes-concursos-por-que-a-magistratura-ac-esta-no-radar\/","og_locale":"pt_BR","og_type":"article","og_title":"O sil\u00eancio que antecede grandes concursos: por que a Magistratura AC est\u00e1 no radar?","og_description":"Entenda o sil\u00eancio que antecede grandes concursos e por que a Magistratura AC chama aten\u00e7\u00e3o com vac\u00e2ncias importantes.","og_url":"https:\/\/cj.estrategia.com\/portal\/o-silencio-que-antecede-grandes-concursos-por-que-a-magistratura-ac-esta-no-radar\/","og_site_name":"Blog - Carreiras Jur\u00eddicas - Estrat\u00e9gia","article_publisher":"https:\/\/www.facebook.com\/estrategiacarreirajuridica\/","article_published_time":"2025-12-30T20:51:29+00:00","article_modified_time":"2025-12-30T20:51:33+00:00","og_image":[{"width":768,"height":432,"url":"https:\/\/cj.estrategia.com\/portal\/wp-content\/uploads\/2025\/11\/17203327\/Concursos-Magistratura.jpg","type":"image\/jpeg"}],"author":"Coordena\u00e7\u00e3o","twitter_card":"summary_large_image","twitter_creator":"@EstratJuridica","twitter_site":"@EstratJuridica","twitter_misc":{"Escrito por":"Coordena\u00e7\u00e3o","Est. tempo de leitura":"3 minutos"},"schema":{"@context":"https:\/\/schema.org","@graph":[{"@type":"NewsArticle","@id":"https:\/\/cj.estrategia.com\/portal\/o-silencio-que-antecede-grandes-concursos-por-que-a-magistratura-ac-esta-no-radar\/#article","isPartOf":{"@id":"https:\/\/cj.estrategia.com\/portal\/o-silencio-que-antecede-grandes-concursos-por-que-a-magistratura-ac-esta-no-radar\/"},"author":{"name":"Coordena\u00e7\u00e3o","@id":"https:\/\/cj.estrategia.com\/portal\/#\/schema\/person\/4d70317d31449932b99102916b6637f5"},"headline":"O sil\u00eancio que antecede grandes concursos: por que a Magistratura AC est\u00e1 no radar?","datePublished":"2025-12-30T20:51:29+00:00","dateModified":"2025-12-30T20:51:33+00:00","mainEntityOfPage":{"@id":"https:\/\/cj.estrategia.com\/portal\/o-silencio-que-antecede-grandes-concursos-por-que-a-magistratura-ac-esta-no-radar\/"},"wordCount":510,"commentCount":0,"publisher":{"@id":"https:\/\/cj.estrategia.com\/portal\/#organization"},"image":{"@id":"https:\/\/cj.estrategia.com\/portal\/o-silencio-que-antecede-grandes-concursos-por-que-a-magistratura-ac-esta-no-radar\/#primaryimage"},"thumbnailUrl":"https:\/\/cj.estrategia.com\/portal\/wp-content\/uploads\/2025\/11\/17203327\/Concursos-Magistratura.jpg","articleSection":["Carreiras Jur\u00eddicas"],"inLanguage":"pt-BR","potentialAction":[{"@type":"CommentAction","name":"Comment","target":["https:\/\/cj.estrategia.com\/portal\/o-silencio-que-antecede-grandes-concursos-por-que-a-magistratura-ac-esta-no-radar\/#respond"]}],"accessibilityFeature":["tableOfContents"]},{"@type":"WebPage","@id":"https:\/\/cj.estrategia.com\/portal\/o-silencio-que-antecede-grandes-concursos-por-que-a-magistratura-ac-esta-no-radar\/","url":"https:\/\/cj.estrategia.com\/portal\/o-silencio-que-antecede-grandes-concursos-por-que-a-magistratura-ac-esta-no-radar\/","name":"O sil\u00eancio que antecede grandes concursos: por que a Magistratura AC est\u00e1 no radar?","isPartOf":{"@id":"https:\/\/cj.estrategia.com\/portal\/#website"},"primaryImageOfPage":{"@id":"https:\/\/cj.estrategia.com\/portal\/o-silencio-que-antecede-grandes-concursos-por-que-a-magistratura-ac-esta-no-radar\/#primaryimage"},"image":{"@id":"https:\/\/cj.estrategia.com\/portal\/o-silencio-que-antecede-grandes-concursos-por-que-a-magistratura-ac-esta-no-radar\/#primaryimage"},"thumbnailUrl":"https:\/\/cj.estrategia.com\/portal\/wp-content\/uploads\/2025\/11\/17203327\/Concursos-Magistratura.jpg","datePublished":"2025-12-30T20:51:29+00:00","dateModified":"2025-12-30T20:51:33+00:00","description":"Entenda o sil\u00eancio que antecede grandes concursos e por que a Magistratura AC chama aten\u00e7\u00e3o com vac\u00e2ncias importantes.","breadcrumb":{"@id":"https:\/\/cj.estrategia.com\/portal\/o-silencio-que-antecede-grandes-concursos-por-que-a-magistratura-ac-esta-no-radar\/#breadcrumb"},"inLanguage":"pt-BR","potentialAction":[{"@type":"ReadAction","target":["https:\/\/cj.estrategia.com\/portal\/o-silencio-que-antecede-grandes-concursos-por-que-a-magistratura-ac-esta-no-radar\/"]}]},{"@type":"ImageObject","inLanguage":"pt-BR","@id":"https:\/\/cj.estrategia.com\/portal\/o-silencio-que-antecede-grandes-concursos-por-que-a-magistratura-ac-esta-no-radar\/#primaryimage","url":"https:\/\/cj.estrategia.com\/portal\/wp-content\/uploads\/2025\/11\/17203327\/Concursos-Magistratura.jpg","contentUrl":"https:\/\/cj.estrategia.com\/portal\/wp-content\/uploads\/2025\/11\/17203327\/Concursos-Magistratura.jpg","width":768,"height":432},{"@type":"BreadcrumbList","@id":"https:\/\/cj.estrategia.com\/portal\/o-silencio-que-antecede-grandes-concursos-por-que-a-magistratura-ac-esta-no-radar\/#breadcrumb","itemListElement":[{"@type":"ListItem","position":1,"name":"In\u00edcio","item":"https:\/\/cj.estrategia.com\/portal\/"},{"@type":"ListItem","position":2,"name":"O sil\u00eancio que antecede grandes concursos: por que a Magistratura AC est\u00e1 no radar?"}]},{"@type":"WebSite","@id":"https:\/\/cj.estrategia.com\/portal\/#website","url":"https:\/\/cj.estrategia.com\/portal\/","name":"Blog - Carreiras Jur\u00eddicas - Estrat\u00e9gia","description":"","publisher":{"@id":"https:\/\/cj.estrategia.com\/portal\/#organization"},"potentialAction":[{"@type":"SearchAction","target":{"@type":"EntryPoint","urlTemplate":"https:\/\/cj.estrategia.com\/portal\/?s={search_term_string}"},"query-input":{"@type":"PropertyValueSpecification","valueRequired":true,"valueName":"search_term_string"}}],"inLanguage":"pt-BR"},{"@type":"Organization","@id":"https:\/\/cj.estrategia.com\/portal\/#organization","name":"Estrat\u00e9gia - Carreiras Jur\u00eddicas","url":"https:\/\/cj.estrategia.com\/portal\/","logo":{"@type":"ImageObject","inLanguage":"pt-BR","@id":"https:\/\/cj.estrategia.com\/portal\/#\/schema\/logo\/image\/","url":"https:\/\/cj.estrategia.com\/portal\/wp-content\/uploads\/2022\/03\/11151052\/cj-logo.png","contentUrl":"https:\/\/cj.estrategia.com\/portal\/wp-content\/uploads\/2022\/03\/11151052\/cj-logo.png","width":150,"height":39,"caption":"Estrat\u00e9gia - Carreiras Jur\u00eddicas"},"image":{"@id":"https:\/\/cj.estrategia.com\/portal\/#\/schema\/logo\/image\/"},"sameAs":["https:\/\/www.facebook.com\/estrategiacarreirajuridica\/","https:\/\/x.com\/EstratJuridica","https:\/\/www.instagram.com\/estrategiacarreirajuridica\/","https:\/\/www.youtube.com\/channel\/UClbMGuYbj2Mh1m3w144ETWQ"]},{"@type":"Person","@id":"https:\/\/cj.estrategia.com\/portal\/#\/schema\/person\/4d70317d31449932b99102916b6637f5","name":"Coordena\u00e7\u00e3o","image":{"@type":"ImageObject","inLanguage":"pt-BR","@id":"https:\/\/cj.estrategia.com\/portal\/wp-content\/uploads\/2022\/05\/12164923\/estrategia-carreira-juridica-coordenacao-96x96.png","url":"https:\/\/cj.estrategia.com\/portal\/wp-content\/uploads\/2022\/05\/12164923\/estrategia-carreira-juridica-coordenacao-96x96.png","contentUrl":"https:\/\/cj.estrategia.com\/portal\/wp-content\/uploads\/2022\/05\/12164923\/estrategia-carreira-juridica-coordenacao-96x96.png","caption":"Coordena\u00e7\u00e3o"},"url":"https:\/\/cj.estrategia.com\/portal\/author\/coordenacao\/"}]}},"jetpack_featured_media_url":"https:\/\/cj.estrategia.com\/portal\/wp-content\/uploads\/2025\/11\/17203327\/Concursos-Magistratura.jpg","jetpack_sharing_enabled":true,"_links":{"self":[{"href":"https:\/\/cj.estrategia.com\/portal\/wp-json\/wp\/v2\/posts\/171893","targetHints":{"allow":["GET"]}}],"collection":[{"href":"https:\/\/cj.estrategia.com\/portal\/wp-json\/wp\/v2\/posts"}],"about":[{"href":"https:\/\/cj.estrategia.com\/portal\/wp-json\/wp\/v2\/types\/post"}],"author":[{"embeddable":true,"href":"https:\/\/cj.estrategia.com\/portal\/wp-json\/wp\/v2\/users\/12"}],"replies":[{"embeddable":true,"href":"https:\/\/cj.estrategia.com\/portal\/wp-json\/wp\/v2\/comments?post=171893"}],"version-history":[{"count":4,"href":"https:\/\/cj.estrategia.com\/portal\/wp-json\/wp\/v2\/posts\/171893\/revisions"}],"predecessor-version":[{"id":171975,"href":"https:\/\/cj.estrategia.com\/portal\/wp-json\/wp\/v2\/posts\/171893\/revisions\/171975"}],"wp:featuredmedia":[{"embeddable":true,"href":"https:\/\/cj.estrategia.com\/portal\/wp-json\/wp\/v2\/media\/170022"}],"wp:attachment":[{"href":"https:\/\/cj.estrategia.com\/portal\/wp-json\/wp\/v2\/media?parent=171893"}],"wp:term":[{"taxonomy":"category","embeddable":true,"href":"https:\/\/cj.estrategia.com\/portal\/wp-json\/wp\/v2\/categories?post=171893"},{"taxonomy":"post_tag","embeddable":true,"href":"https:\/\/cj.estrategia.com\/portal\/wp-json\/wp\/v2\/tags?post=171893"},{"taxonomy":"tax_estado","embeddable":true,"href":"https:\/\/cj.estrategia.com\/portal\/wp-json\/wp\/v2\/tax_estado?post=171893"}],"curies":[{"name":"wp","href":"https:\/\/api.w.org\/{rel}","templated":true}]}}