{"id":171822,"date":"2026-04-07T12:46:00","date_gmt":"2026-04-07T15:46:00","guid":{"rendered":"https:\/\/cj.estrategia.com\/portal\/?p=171822"},"modified":"2026-04-07T12:49:14","modified_gmt":"2026-04-07T15:49:14","slug":"residencia-juridica-mp-go","status":"publish","type":"post","link":"https:\/\/cj.estrategia.com\/portal\/residencia-juridica-mp-go\/","title":{"rendered":"Resid\u00eancia Jur\u00eddica MP GO: edital pode ser publicado ainda em abril!"},"content":{"rendered":"\n<p>A <a href=\"https:\/\/cj.estrategia.com\/portal\/wp-content\/uploads\/2026\/02\/07124634\/Image_20260407_122254_224.jpeg\" target=\"_blank\" rel=\"noreferrer noopener nofollow\">Assessoria de Comunica\u00e7\u00e3o Social<\/a> do <strong>Minist\u00e9rio P\u00fablico do Estado de Goi\u00e1s<\/strong> informou que a previs\u00e3o \u00e9 de que o edital do <strong>Programa de Resid\u00eancia Jur\u00eddica do MP GO<\/strong> seja publicado <strong>ainda neste m\u00eas<\/strong>, embora, at\u00e9 o momento, n\u00e3o exista uma data oficial definida. <\/p>\n\n\n\n<p>A informa\u00e7\u00e3o refor\u00e7a que o certame est\u00e1 em fase final de prepara\u00e7\u00e3o e pode avan\u00e7ar a qualquer momento.<\/p>\n\n\n\n<p>Vale lembrar que o Procurador-Geral de Justi\u00e7a, <strong>Cyro Terra Peres<\/strong>, autorizou a contrata\u00e7\u00e3o direta do <strong>Instituto AOCP<\/strong> para a organiza\u00e7\u00e3o da sele\u00e7\u00e3o, al\u00e9m do concurso p\u00fablico voltados ao provimento de cargos efetivos de n\u00edvel superior.<\/p>\n\n\n\n<ul class=\"wp-block-list has-very-light-gray-to-cyan-bluish-gray-gradient-background has-background\">\n<li><strong>Resid\u00eancia Jur\u00eddica MP GO<\/strong><\/li>\n\n\n\n<li><strong>Status:<\/strong>&nbsp;banca definida <\/li>\n\n\n\n<li><strong>Banca:<\/strong> Instituto AOCP<\/li>\n\n\n\n<li><strong>Vagas:&nbsp;<\/strong>a definir<\/li>\n\n\n\n<li><strong>\u00daltimo Edital:<\/strong> <a href=\"https:\/\/cj.estrategia.com\/portal\/wp-content\/uploads\/2025\/12\/29090106\/Edital_01-2024_Residencia_1_formatado.pdf\" target=\"_blank\" >Programa de Resid\u00eancia Jur\u00eddica MG GO 2024<\/a><\/li>\n<\/ul>\n\n\n\n<div class=\"container\" id=\"boxes\">\n  <div class=\"row\">\n\n    <div class=\"col-sm\">\n      <div class=\"banner-estrategia-concursos-juridicos\" id=\"box-assinatura\">\n        <h2 id=\"curso-para-residencia-juridica-mp-go\" class=\"titulo-assinatura\"><span style=\"color: #ffffff; font-size: 23px; \">Curso para Resid\u00eancia Jur\u00eddica MP GO<\/span><\/h2>\n        <p class=\"subtitulo-assinatura\">Cursos focados no edital do concurso<\/p>\n        <div class=\"box-botao\">\n          <a class=\"btn-assinatura-juridica\" target=\"_blank\" href=\"https:\/\/cj.estrategia.com\/cursos\/home\" role=\"button\" rel=\"noopener noreferrer\">Conhe\u00e7a mais<\/a>\n        <\/div>\n      <\/div>\n      <p class=\"texto-auxiliar\">Prepare-se com o melhor material e com quem mais aprova em concursos em todo o pa\u00eds. \n<\/p>\n    <\/div>\n\n  <\/div>\n<\/div>\n\n\n\n<div class=\"wp-block-yoast-seo-table-of-contents yoast-table-of-contents\"><ul><li><a href=\"#h-residencia-juridica-mp-go-situacao-atual\" data-level=\"2\">Resid\u00eancia Jur\u00eddica MP GO: situa\u00e7\u00e3o atual<\/a><ul><li><a href=\"#h-linha-do-tempo\" data-level=\"3\">Linha do tempo<\/a><\/li><\/ul><\/li><li><a href=\"#h-residencia-juridica-mp-go\" data-level=\"2\">Resid\u00eancia Jur\u00eddica MP GO<\/a><ul><li><a href=\"#cargos\" data-level=\"3\">Distribui\u00e7\u00e3o das vagas e remunera\u00e7\u00e3o<\/a><\/li><\/ul><\/li><li><a href=\"#h-etapas-do-programa-de-residencia-juridica-mg-go-2024\" data-level=\"2\">Etapas do programa de Resid\u00eancia Jur\u00eddica MG GO 2024<\/a><ul><li><a href=\"#h-prova-objetiva\" data-level=\"3\">Prova Objetiva<\/a><\/li><li><a href=\"#h-prova-discursiva\" data-level=\"3\">Prova discursiva<\/a><\/li><li><a href=\"#h-material-de-estudo\" data-level=\"3\">Material de Estudo<\/a><\/li><\/ul><\/li><\/ul><\/div>\n\n\n\n<h2 class=\"wp-block-heading\" id=\"h-residencia-juridica-mp-go-situacao-atual\"><span id=\"residencia-juridica-mp-go-situacao-atual\">Resid\u00eancia Jur\u00eddica MP GO: situa\u00e7\u00e3o atual<\/span><\/h2>\n\n\n\n<h3 class=\"wp-block-heading\" id=\"h-linha-do-tempo\"><span id=\"linha-do-tempo\">Linha do tempo<\/span><\/h3>\n\n\n\n<ul class=\"wp-block-list\">\n<li>20\/02\/2026 &#8211; <a href=\"https:\/\/cj.estrategia.com\/portal\/wp-content\/uploads\/2026\/02\/20144258\/image-53.png\" target=\"_blank\" >Extrato do contrato<\/a><\/li>\n\n\n\n<li>29\/12\/2025 &#8211; <a href=\"https:\/\/cj.estrategia.com\/portal\/wp-content\/uploads\/2025\/12\/29084435\/banaca-mp-go.pdf\" target=\"_blank\" >Banca definida<\/a> <\/li>\n<\/ul>\n\n\n\n<h2 class=\"wp-block-heading\" id=\"h-residencia-juridica-mp-go\"><span id=\"residencia-juridica-mp-go\">Resid\u00eancia Jur\u00eddica MP GO<\/span><\/h2>\n\n\n\n<h3 class=\"wp-block-heading\" id=\"cargos\"><span id=\"distribuicao-das-vagas-e-remuneracao\">Distribui\u00e7\u00e3o das vagas e remunera\u00e7\u00e3o<\/span><\/h3>\n\n\n\n<figure class=\"wp-block-table is-style-stripes\"><table class=\"has-luminous-vivid-amber-background-color has-background\"><thead><tr><th class=\"has-text-align-center\" data-align=\"center\">Cargos<\/th><th class=\"has-text-align-center\" data-align=\"center\">Vagas<\/th><th class=\"has-text-align-center\" data-align=\"center\">Remunera\u00e7\u00e3o  <\/th><th class=\"has-text-align-center\" data-align=\"center\">Requisitos<\/th><th class=\"has-text-align-center\" data-align=\"center\">Jornada de trabalho<\/th><\/tr><\/thead><tbody><tr><td class=\"has-text-align-center\" data-align=\"center\">Resid\u00eancia Jur\u00eddica<\/td><td class=\"has-text-align-center\" data-align=\"center\">a definir<\/td><td class=\"has-text-align-center\" data-align=\"center\">a definir<\/td><td class=\"has-text-align-center\" data-align=\"center\">Ser bacharel em Direito (formado h\u00e1 at\u00e9 cinco anos) ou que esteja cursando p\u00f3s-gradua\u00e7\u00e3o, em n\u00edvel de especializa\u00e7\u00e3o, de mestrado, de doutorado ou de p\u00f3s-doutorado <\/td><td class=\"has-text-align-center\" data-align=\"center\">30h<\/td><\/tr><\/tbody><\/table><\/figure>\n\n\n\n<h2 class=\"wp-block-heading\" id=\"h-etapas-do-programa-de-residencia-juridica-mg-go-2024\"><span id=\"etapas-do-programa-de-residencia-juridica-mg-go-2024\">Etapas do programa de Resid\u00eancia Jur\u00eddica MG GO 2024<\/span><\/h2>\n\n\n\n<p>O \u00faltimo programa realizado pelo minist\u00e9rio teve edital publicado em 2024 e contou com <strong>511 vagas<\/strong>.  Os candidatos foram avaliados por meio de provas objetivas e discursivas. <\/p>\n\n\n\n<h3 class=\"wp-block-heading\" id=\"h-prova-objetiva\"><span id=\"prova-objetiva\">Prova Objetiva<\/span><\/h3>\n\n\n\n<p>A <strong>prova objetiva<\/strong> representou a primeira etapa do processo seletivo e teve car\u00e1ter eliminat\u00f3rio e classificat\u00f3rio. A avalia\u00e7\u00e3o foi composta por quest\u00f5es de m\u00faltipla escolha, totalizando 80 quest\u00f5es, com pontua\u00e7\u00e3o m\u00e1xima de 100 pontos. <\/p>\n\n\n\n<p>Para permanecer no certame, os candidatos precisaram atingir, no m\u00ednimo, 50 pontos.<\/p>\n\n\n\n<p>Para os residentes jur\u00eddicos, a prova abordou conte\u00fados de:<\/p>\n\n\n\n<ul class=\"wp-block-list\">\n<li>Direito Constitucional, <\/li>\n\n\n\n<li>Direito Administrativo, <\/li>\n\n\n\n<li>Direito Civil, <\/li>\n\n\n\n<li>Direito Penal, <\/li>\n\n\n\n<li>Direito Processual Civil e <\/li>\n\n\n\n<li>Direito Processual Penal.<\/li>\n<\/ul>\n\n\n\n<h3 class=\"wp-block-heading\" id=\"h-prova-discursiva\"><span id=\"prova-discursiva\">Prova discursiva <\/span><\/h3>\n\n\n\n<p>A <strong>prova discursiva<\/strong> constituiu a segunda etapa do processo seletivo e foi realizada no mesmo dia da prova objetiva. De car\u00e1ter classificat\u00f3rio, a avalia\u00e7\u00e3o valeu at\u00e9 100 pontos e consistiu na resolu\u00e7\u00e3o de duas quest\u00f5es discursivas, relacionadas aos conhecimentos espec\u00edficos.<\/p>\n\n\n\n<h3 class=\"wp-block-heading\" id=\"h-material-de-estudo\"><span id=\"material-de-estudo\">Material de Estudo <\/span><\/h3>\n\n\n\n<ul class=\"wp-block-list\">\n<li><a href=\"https:\/\/cj.estrategia.com\/portal\/provas-comentadas-de-carreiras-juridicas\/\" target=\"_blank\" >Provas comentadas de carreiras jur\u00eddicas<\/a><\/li>\n<\/ul>\n\n\n\n<p class=\"has-text-align-center has-medium-font-size\"><strong>Quer saber tudo sobre concursos previstos? Confira nossos artigos!<\/strong><\/p>\n\n\n\n<ul class=\"wp-block-list\">\n<li><a href=\"https:\/\/cj.estrategia.com\/portal\/concursos-abertos-carreiras-juridicas\/\">Concursos jur\u00eddicos abertos<\/a><\/li>\n\n\n\n<li><a href=\"https:\/\/cj.estrategia.com\/portal\/concursos-juridicos-2026-prepare-se-para-os-proximos-editais\/\" target=\"_blank\" >Concursos Jur\u00eddicos 2026<\/a><\/li>\n<\/ul>\n\n\n\n<p class=\"has-text-align-center has-medium-font-size\" id=\"curso\"><strong>Assinaturas Carreiras Jur\u00eddicas <\/strong><\/p>\n\n\n\n<div class=\"wp-block-cover\" style=\"min-height:155px;aspect-ratio:unset;\"><img decoding=\"async\" width=\"1890\" height=\"351\" class=\"wp-block-cover__image-background wp-image-8669\" alt=\"Assinaturas Jur\u00eddicas\" src=\"https:\/\/cj.estrategia.com\/portal\/wp-content\/uploads\/2022\/06\/20151253\/concurso-carreiras-juridicas-assinatura-juridica.jpg\" style=\"object-position:78% 43%\" data-object-fit=\"cover\" data-object-position=\"78% 43%\" srcset=\"https:\/\/cj.estrategia.com\/portal\/wp-content\/uploads\/2022\/06\/20151253\/concurso-carreiras-juridicas-assinatura-juridica.jpg 1890w, https:\/\/cj.estrategia.com\/portal\/wp-content\/uploads\/2022\/06\/20151253\/concurso-carreiras-juridicas-assinatura-juridica-300x56.jpg 300w, https:\/\/cj.estrategia.com\/portal\/wp-content\/uploads\/2022\/06\/20151253\/concurso-carreiras-juridicas-assinatura-juridica-1024x190.jpg 1024w, https:\/\/cj.estrategia.com\/portal\/wp-content\/uploads\/2022\/06\/20151253\/concurso-carreiras-juridicas-assinatura-juridica-768x143.jpg 768w, https:\/\/cj.estrategia.com\/portal\/wp-content\/uploads\/2022\/06\/20151253\/concurso-carreiras-juridicas-assinatura-juridica-1536x285.jpg 1536w, https:\/\/cj.estrategia.com\/portal\/wp-content\/uploads\/2022\/06\/20151253\/concurso-carreiras-juridicas-assinatura-juridica-380x71.jpg 380w, https:\/\/cj.estrategia.com\/portal\/wp-content\/uploads\/2022\/06\/20151253\/concurso-carreiras-juridicas-assinatura-juridica-800x149.jpg 800w, https:\/\/cj.estrategia.com\/portal\/wp-content\/uploads\/2022\/06\/20151253\/concurso-carreiras-juridicas-assinatura-juridica-1160x215.jpg 1160w\" sizes=\"(max-width: 1890px) 100vw, 1890px\" \/><span aria-hidden=\"true\" class=\"wp-block-cover__background has-background-dim\"><\/span><div class=\"wp-block-cover__inner-container is-layout-flow wp-block-cover-is-layout-flow\">\n<h3 id=\"faca-a-sua-assinatura\" class=\"titulo-assinatura\"><span style=\"color: #ffffff;\">Fa\u00e7a a sua assinatura!<\/span><\/h3>\n<p class=\"subtitulo-assinatura\" style=\"display:block!important; line-height: 0;\"><span style=\"color: #ffffff;\">Escolha a sua \u00e1rea.<\/span><\/p>\n<a target=\"_blank\" href=\"https:\/\/www.estrategiaconcursos.com.br\/assinaturas-ecj\/\" rel=\"noopener\"><button style=\"border-radius: 10px; text-transform: capitalize;\">Acessar<\/button><\/a>\n<\/div><\/div>\n\n\n\n<figure class=\"wp-block-image size-large is-resized\"><img decoding=\"async\" src=\"https:\/\/dhg1h5j42swfq.cloudfront.net\/2021\/04\/19202624\/ficha-tecnica-1-1024x632-1-3.png\" alt=\"Ficha t\u00e9cnica do Resid\u00eancia Jur\u00eddica TJ PA\" class=\"wp-image-717343\" style=\"width:246px;height:152px\"\/><\/figure>\n\n\n\n<h4 class=\"wp-block-heading\" id=\"ficha\"><span id=\"informacoes-do-programa-de-residencia-juridica-mg-go\">Informa\u00e7\u00f5es do Programa de Resid\u00eancia Jur\u00eddica MG GO<\/span><\/h4>\n\n\n\n<p><span style=\"color: #000000;\"><strong>Vagas:<\/strong><\/span> a definir<\/p>\n\n\n\n<p><strong><span style=\"color: #000000;\">Cargo:<\/span> <\/strong>Resid\u00eancia Jur\u00eddica<\/p>\n\n\n\n<p><span style=\"color: #000000;\"><strong>Banca:<\/strong> <\/span> Instituto AOCP<\/p>\n\n\n\n<p><span style=\"color: #000000;\"><strong>Data das provas:<\/strong><\/span> a definir<\/p>\n\n\n\n<p><span style=\"color: #000000;\"><strong>Escolaridade:<\/strong><\/span> Ser bacharel em Direito (formado h\u00e1 at\u00e9 cinco anos) ou ou que esteja cursando p\u00f3s-gradua\u00e7\u00e3o, em n\u00edvel de especializa\u00e7\u00e3o, de mestrado, de doutorado ou de p\u00f3s-doutorado<\/p>\n\n\n\n<p><strong>\u00daltimo Edital:<\/strong> <a href=\"https:\/\/cj.estrategia.com\/portal\/wp-content\/uploads\/2025\/12\/29090106\/Edital_01-2024_Residencia_1_formatado.pdf\" target=\"_blank\" >Programa de Resid\u00eancia Jur\u00eddica MG GO 2024<\/a><\/p>\n","protected":false},"excerpt":{"rendered":"Instituto AOCP ser\u00e1 a banca organizadora! \n","protected":false},"author":12,"featured_media":40798,"comment_status":"open","ping_status":"open","sticky":false,"template":"","format":"standard","meta":{"_jetpack_memberships_contains_paid_content":false,"footnotes":""},"categories":[1],"tags":[],"tax_estado":[39],"class_list":{"0":"post-171822","1":"post","2":"type-post","3":"status-publish","4":"format-standard","5":"has-post-thumbnail","7":"category-carreiras-juridicas","8":"tax_estado-go"},"acf":[],"yoast_head":"<!-- This site is optimized with the Yoast SEO Premium plugin v27.4 (Yoast SEO v27.4) - https:\/\/yoast.com\/product\/yoast-seo-premium-wordpress\/ -->\n<title>Resid\u00eancia Jur\u00eddica MP GO: edital pode ser publicado ainda em abril!<\/title>\n<meta name=\"description\" content=\"Resid\u00eancia Jur\u00eddica MP GO: confira AQUI os detalhes desta sele\u00e7\u00e3o e comece a sua prepara\u00e7\u00e3o ainda hoje com o Estrat\u00e9gia!\" \/>\n<meta name=\"robots\" content=\"index, follow, max-snippet:-1, max-image-preview:large, max-video-preview:-1\" \/>\n<link rel=\"canonical\" href=\"https:\/\/cj.estrategia.com\/portal\/residencia-juridica-mp-go\/\" \/>\n<meta property=\"og:locale\" content=\"pt_BR\" \/>\n<meta property=\"og:type\" content=\"article\" \/>\n<meta property=\"og:title\" content=\"Resid\u00eancia Jur\u00eddica MP GO: edital pode ser publicado ainda em abril!\" \/>\n<meta property=\"og:description\" content=\"Resid\u00eancia Jur\u00eddica MP GO: confira AQUI os detalhes desta sele\u00e7\u00e3o e comece a sua prepara\u00e7\u00e3o ainda hoje com o Estrat\u00e9gia!\" \/>\n<meta property=\"og:url\" content=\"https:\/\/cj.estrategia.com\/portal\/residencia-juridica-mp-go\/\" \/>\n<meta property=\"og:site_name\" content=\"Blog - Carreiras Jur\u00eddicas - Estrat\u00e9gia\" \/>\n<meta property=\"article:publisher\" content=\"https:\/\/www.facebook.com\/estrategiacarreirajuridica\/\" \/>\n<meta property=\"article:published_time\" content=\"2026-04-07T15:46:00+00:00\" \/>\n<meta property=\"article:modified_time\" content=\"2026-04-07T15:49:14+00:00\" \/>\n<meta property=\"og:image\" content=\"https:\/\/cj.estrategia.com\/portal\/wp-content\/uploads\/2023\/05\/07114108\/residencia-juridica-ecj-carreiras-juridicas.jpg\" \/>\n\t<meta property=\"og:image:width\" content=\"768\" \/>\n\t<meta property=\"og:image:height\" content=\"432\" \/>\n\t<meta property=\"og:image:type\" content=\"image\/jpeg\" \/>\n<meta name=\"author\" content=\"Coordena\u00e7\u00e3o\" \/>\n<meta name=\"twitter:card\" content=\"summary_large_image\" \/>\n<meta name=\"twitter:creator\" content=\"@EstratJuridica\" \/>\n<meta name=\"twitter:site\" content=\"@EstratJuridica\" \/>\n<meta name=\"twitter:label1\" content=\"Escrito por\" \/>\n\t<meta name=\"twitter:data1\" content=\"Coordena\u00e7\u00e3o\" \/>\n\t<meta name=\"twitter:label2\" content=\"Est. tempo de leitura\" \/>\n\t<meta name=\"twitter:data2\" content=\"4 minutos\" \/>\n<script type=\"application\/ld+json\" class=\"yoast-schema-graph\">{\"@context\":\"https:\\\/\\\/schema.org\",\"@graph\":[{\"@type\":\"NewsArticle\",\"@id\":\"https:\\\/\\\/cj.estrategia.com\\\/portal\\\/residencia-juridica-mp-go\\\/#article\",\"isPartOf\":{\"@id\":\"https:\\\/\\\/cj.estrategia.com\\\/portal\\\/residencia-juridica-mp-go\\\/\"},\"author\":{\"name\":\"Coordena\u00e7\u00e3o\",\"@id\":\"https:\\\/\\\/cj.estrategia.com\\\/portal\\\/#\\\/schema\\\/person\\\/4d70317d31449932b99102916b6637f5\"},\"headline\":\"Resid\u00eancia Jur\u00eddica MP GO: edital pode ser publicado ainda em abril!\",\"datePublished\":\"2026-04-07T15:46:00+00:00\",\"dateModified\":\"2026-04-07T15:49:14+00:00\",\"mainEntityOfPage\":{\"@id\":\"https:\\\/\\\/cj.estrategia.com\\\/portal\\\/residencia-juridica-mp-go\\\/\"},\"wordCount\":573,\"commentCount\":0,\"publisher\":{\"@id\":\"https:\\\/\\\/cj.estrategia.com\\\/portal\\\/#organization\"},\"image\":{\"@id\":\"https:\\\/\\\/cj.estrategia.com\\\/portal\\\/residencia-juridica-mp-go\\\/#primaryimage\"},\"thumbnailUrl\":\"https:\\\/\\\/cj.estrategia.com\\\/portal\\\/wp-content\\\/uploads\\\/2023\\\/05\\\/07114108\\\/residencia-juridica-ecj-carreiras-juridicas.jpg\",\"articleSection\":[\"Carreiras Jur\u00eddicas\"],\"inLanguage\":\"pt-BR\",\"potentialAction\":[{\"@type\":\"CommentAction\",\"name\":\"Comment\",\"target\":[\"https:\\\/\\\/cj.estrategia.com\\\/portal\\\/residencia-juridica-mp-go\\\/#respond\"]}],\"accessibilityFeature\":[\"tableOfContents\"]},{\"@type\":\"WebPage\",\"@id\":\"https:\\\/\\\/cj.estrategia.com\\\/portal\\\/residencia-juridica-mp-go\\\/\",\"url\":\"https:\\\/\\\/cj.estrategia.com\\\/portal\\\/residencia-juridica-mp-go\\\/\",\"name\":\"Resid\u00eancia Jur\u00eddica MP GO: edital pode ser publicado ainda em abril!\",\"isPartOf\":{\"@id\":\"https:\\\/\\\/cj.estrategia.com\\\/portal\\\/#website\"},\"primaryImageOfPage\":{\"@id\":\"https:\\\/\\\/cj.estrategia.com\\\/portal\\\/residencia-juridica-mp-go\\\/#primaryimage\"},\"image\":{\"@id\":\"https:\\\/\\\/cj.estrategia.com\\\/portal\\\/residencia-juridica-mp-go\\\/#primaryimage\"},\"thumbnailUrl\":\"https:\\\/\\\/cj.estrategia.com\\\/portal\\\/wp-content\\\/uploads\\\/2023\\\/05\\\/07114108\\\/residencia-juridica-ecj-carreiras-juridicas.jpg\",\"datePublished\":\"2026-04-07T15:46:00+00:00\",\"dateModified\":\"2026-04-07T15:49:14+00:00\",\"description\":\"Resid\u00eancia Jur\u00eddica MP GO: confira AQUI os detalhes desta sele\u00e7\u00e3o e comece a sua prepara\u00e7\u00e3o ainda hoje com o Estrat\u00e9gia!\",\"breadcrumb\":{\"@id\":\"https:\\\/\\\/cj.estrategia.com\\\/portal\\\/residencia-juridica-mp-go\\\/#breadcrumb\"},\"inLanguage\":\"pt-BR\",\"potentialAction\":[{\"@type\":\"ReadAction\",\"target\":[\"https:\\\/\\\/cj.estrategia.com\\\/portal\\\/residencia-juridica-mp-go\\\/\"]}]},{\"@type\":\"ImageObject\",\"inLanguage\":\"pt-BR\",\"@id\":\"https:\\\/\\\/cj.estrategia.com\\\/portal\\\/residencia-juridica-mp-go\\\/#primaryimage\",\"url\":\"https:\\\/\\\/cj.estrategia.com\\\/portal\\\/wp-content\\\/uploads\\\/2023\\\/05\\\/07114108\\\/residencia-juridica-ecj-carreiras-juridicas.jpg\",\"contentUrl\":\"https:\\\/\\\/cj.estrategia.com\\\/portal\\\/wp-content\\\/uploads\\\/2023\\\/05\\\/07114108\\\/residencia-juridica-ecj-carreiras-juridicas.jpg\",\"width\":768,\"height\":432},{\"@type\":\"BreadcrumbList\",\"@id\":\"https:\\\/\\\/cj.estrategia.com\\\/portal\\\/residencia-juridica-mp-go\\\/#breadcrumb\",\"itemListElement\":[{\"@type\":\"ListItem\",\"position\":1,\"name\":\"In\u00edcio\",\"item\":\"https:\\\/\\\/cj.estrategia.com\\\/portal\\\/\"},{\"@type\":\"ListItem\",\"position\":2,\"name\":\"Resid\u00eancia Jur\u00eddica MP GO: edital pode ser publicado ainda em abril!\"}]},{\"@type\":\"WebSite\",\"@id\":\"https:\\\/\\\/cj.estrategia.com\\\/portal\\\/#website\",\"url\":\"https:\\\/\\\/cj.estrategia.com\\\/portal\\\/\",\"name\":\"Blog - Carreiras Jur\u00eddicas - Estrat\u00e9gia\",\"description\":\"\",\"publisher\":{\"@id\":\"https:\\\/\\\/cj.estrategia.com\\\/portal\\\/#organization\"},\"potentialAction\":[{\"@type\":\"SearchAction\",\"target\":{\"@type\":\"EntryPoint\",\"urlTemplate\":\"https:\\\/\\\/cj.estrategia.com\\\/portal\\\/?s={search_term_string}\"},\"query-input\":{\"@type\":\"PropertyValueSpecification\",\"valueRequired\":true,\"valueName\":\"search_term_string\"}}],\"inLanguage\":\"pt-BR\"},{\"@type\":\"Organization\",\"@id\":\"https:\\\/\\\/cj.estrategia.com\\\/portal\\\/#organization\",\"name\":\"Estrat\u00e9gia - Carreiras Jur\u00eddicas\",\"url\":\"https:\\\/\\\/cj.estrategia.com\\\/portal\\\/\",\"logo\":{\"@type\":\"ImageObject\",\"inLanguage\":\"pt-BR\",\"@id\":\"https:\\\/\\\/cj.estrategia.com\\\/portal\\\/#\\\/schema\\\/logo\\\/image\\\/\",\"url\":\"https:\\\/\\\/cj.estrategia.com\\\/portal\\\/wp-content\\\/uploads\\\/2022\\\/03\\\/11151052\\\/cj-logo.png\",\"contentUrl\":\"https:\\\/\\\/cj.estrategia.com\\\/portal\\\/wp-content\\\/uploads\\\/2022\\\/03\\\/11151052\\\/cj-logo.png\",\"width\":150,\"height\":39,\"caption\":\"Estrat\u00e9gia - Carreiras Jur\u00eddicas\"},\"image\":{\"@id\":\"https:\\\/\\\/cj.estrategia.com\\\/portal\\\/#\\\/schema\\\/logo\\\/image\\\/\"},\"sameAs\":[\"https:\\\/\\\/www.facebook.com\\\/estrategiacarreirajuridica\\\/\",\"https:\\\/\\\/x.com\\\/EstratJuridica\",\"https:\\\/\\\/www.instagram.com\\\/estrategiacarreirajuridica\\\/\",\"https:\\\/\\\/www.youtube.com\\\/channel\\\/UClbMGuYbj2Mh1m3w144ETWQ\"]},{\"@type\":\"Person\",\"@id\":\"https:\\\/\\\/cj.estrategia.com\\\/portal\\\/#\\\/schema\\\/person\\\/4d70317d31449932b99102916b6637f5\",\"name\":\"Coordena\u00e7\u00e3o\",\"image\":{\"@type\":\"ImageObject\",\"inLanguage\":\"pt-BR\",\"@id\":\"https:\\\/\\\/cj.estrategia.com\\\/portal\\\/wp-content\\\/uploads\\\/2022\\\/05\\\/12164923\\\/estrategia-carreira-juridica-coordenacao-96x96.png\",\"url\":\"https:\\\/\\\/cj.estrategia.com\\\/portal\\\/wp-content\\\/uploads\\\/2022\\\/05\\\/12164923\\\/estrategia-carreira-juridica-coordenacao-96x96.png\",\"contentUrl\":\"https:\\\/\\\/cj.estrategia.com\\\/portal\\\/wp-content\\\/uploads\\\/2022\\\/05\\\/12164923\\\/estrategia-carreira-juridica-coordenacao-96x96.png\",\"caption\":\"Coordena\u00e7\u00e3o\"},\"url\":\"https:\\\/\\\/cj.estrategia.com\\\/portal\\\/author\\\/coordenacao\\\/\"}]}<\/script>\n<!-- \/ Yoast SEO Premium plugin. -->","yoast_head_json":{"title":"Resid\u00eancia Jur\u00eddica MP GO: edital pode ser publicado ainda em abril!","description":"Resid\u00eancia Jur\u00eddica MP GO: confira AQUI os detalhes desta sele\u00e7\u00e3o e comece a sua prepara\u00e7\u00e3o ainda hoje com o Estrat\u00e9gia!","robots":{"index":"index","follow":"follow","max-snippet":"max-snippet:-1","max-image-preview":"max-image-preview:large","max-video-preview":"max-video-preview:-1"},"canonical":"https:\/\/cj.estrategia.com\/portal\/residencia-juridica-mp-go\/","og_locale":"pt_BR","og_type":"article","og_title":"Resid\u00eancia Jur\u00eddica MP GO: edital pode ser publicado ainda em abril!","og_description":"Resid\u00eancia Jur\u00eddica MP GO: confira AQUI os detalhes desta sele\u00e7\u00e3o e comece a sua prepara\u00e7\u00e3o ainda hoje com o Estrat\u00e9gia!","og_url":"https:\/\/cj.estrategia.com\/portal\/residencia-juridica-mp-go\/","og_site_name":"Blog - Carreiras Jur\u00eddicas - Estrat\u00e9gia","article_publisher":"https:\/\/www.facebook.com\/estrategiacarreirajuridica\/","article_published_time":"2026-04-07T15:46:00+00:00","article_modified_time":"2026-04-07T15:49:14+00:00","og_image":[{"width":768,"height":432,"url":"https:\/\/cj.estrategia.com\/portal\/wp-content\/uploads\/2023\/05\/07114108\/residencia-juridica-ecj-carreiras-juridicas.jpg","type":"image\/jpeg"}],"author":"Coordena\u00e7\u00e3o","twitter_card":"summary_large_image","twitter_creator":"@EstratJuridica","twitter_site":"@EstratJuridica","twitter_misc":{"Escrito por":"Coordena\u00e7\u00e3o","Est. tempo de leitura":"4 minutos"},"schema":{"@context":"https:\/\/schema.org","@graph":[{"@type":"NewsArticle","@id":"https:\/\/cj.estrategia.com\/portal\/residencia-juridica-mp-go\/#article","isPartOf":{"@id":"https:\/\/cj.estrategia.com\/portal\/residencia-juridica-mp-go\/"},"author":{"name":"Coordena\u00e7\u00e3o","@id":"https:\/\/cj.estrategia.com\/portal\/#\/schema\/person\/4d70317d31449932b99102916b6637f5"},"headline":"Resid\u00eancia Jur\u00eddica MP GO: edital pode ser publicado ainda em abril!","datePublished":"2026-04-07T15:46:00+00:00","dateModified":"2026-04-07T15:49:14+00:00","mainEntityOfPage":{"@id":"https:\/\/cj.estrategia.com\/portal\/residencia-juridica-mp-go\/"},"wordCount":573,"commentCount":0,"publisher":{"@id":"https:\/\/cj.estrategia.com\/portal\/#organization"},"image":{"@id":"https:\/\/cj.estrategia.com\/portal\/residencia-juridica-mp-go\/#primaryimage"},"thumbnailUrl":"https:\/\/cj.estrategia.com\/portal\/wp-content\/uploads\/2023\/05\/07114108\/residencia-juridica-ecj-carreiras-juridicas.jpg","articleSection":["Carreiras Jur\u00eddicas"],"inLanguage":"pt-BR","potentialAction":[{"@type":"CommentAction","name":"Comment","target":["https:\/\/cj.estrategia.com\/portal\/residencia-juridica-mp-go\/#respond"]}],"accessibilityFeature":["tableOfContents"]},{"@type":"WebPage","@id":"https:\/\/cj.estrategia.com\/portal\/residencia-juridica-mp-go\/","url":"https:\/\/cj.estrategia.com\/portal\/residencia-juridica-mp-go\/","name":"Resid\u00eancia Jur\u00eddica MP GO: edital pode ser publicado ainda em abril!","isPartOf":{"@id":"https:\/\/cj.estrategia.com\/portal\/#website"},"primaryImageOfPage":{"@id":"https:\/\/cj.estrategia.com\/portal\/residencia-juridica-mp-go\/#primaryimage"},"image":{"@id":"https:\/\/cj.estrategia.com\/portal\/residencia-juridica-mp-go\/#primaryimage"},"thumbnailUrl":"https:\/\/cj.estrategia.com\/portal\/wp-content\/uploads\/2023\/05\/07114108\/residencia-juridica-ecj-carreiras-juridicas.jpg","datePublished":"2026-04-07T15:46:00+00:00","dateModified":"2026-04-07T15:49:14+00:00","description":"Resid\u00eancia Jur\u00eddica MP GO: confira AQUI os detalhes desta sele\u00e7\u00e3o e comece a sua prepara\u00e7\u00e3o ainda hoje com o Estrat\u00e9gia!","breadcrumb":{"@id":"https:\/\/cj.estrategia.com\/portal\/residencia-juridica-mp-go\/#breadcrumb"},"inLanguage":"pt-BR","potentialAction":[{"@type":"ReadAction","target":["https:\/\/cj.estrategia.com\/portal\/residencia-juridica-mp-go\/"]}]},{"@type":"ImageObject","inLanguage":"pt-BR","@id":"https:\/\/cj.estrategia.com\/portal\/residencia-juridica-mp-go\/#primaryimage","url":"https:\/\/cj.estrategia.com\/portal\/wp-content\/uploads\/2023\/05\/07114108\/residencia-juridica-ecj-carreiras-juridicas.jpg","contentUrl":"https:\/\/cj.estrategia.com\/portal\/wp-content\/uploads\/2023\/05\/07114108\/residencia-juridica-ecj-carreiras-juridicas.jpg","width":768,"height":432},{"@type":"BreadcrumbList","@id":"https:\/\/cj.estrategia.com\/portal\/residencia-juridica-mp-go\/#breadcrumb","itemListElement":[{"@type":"ListItem","position":1,"name":"In\u00edcio","item":"https:\/\/cj.estrategia.com\/portal\/"},{"@type":"ListItem","position":2,"name":"Resid\u00eancia Jur\u00eddica MP GO: edital pode ser publicado ainda em abril!"}]},{"@type":"WebSite","@id":"https:\/\/cj.estrategia.com\/portal\/#website","url":"https:\/\/cj.estrategia.com\/portal\/","name":"Blog - Carreiras Jur\u00eddicas - Estrat\u00e9gia","description":"","publisher":{"@id":"https:\/\/cj.estrategia.com\/portal\/#organization"},"potentialAction":[{"@type":"SearchAction","target":{"@type":"EntryPoint","urlTemplate":"https:\/\/cj.estrategia.com\/portal\/?s={search_term_string}"},"query-input":{"@type":"PropertyValueSpecification","valueRequired":true,"valueName":"search_term_string"}}],"inLanguage":"pt-BR"},{"@type":"Organization","@id":"https:\/\/cj.estrategia.com\/portal\/#organization","name":"Estrat\u00e9gia - Carreiras Jur\u00eddicas","url":"https:\/\/cj.estrategia.com\/portal\/","logo":{"@type":"ImageObject","inLanguage":"pt-BR","@id":"https:\/\/cj.estrategia.com\/portal\/#\/schema\/logo\/image\/","url":"https:\/\/cj.estrategia.com\/portal\/wp-content\/uploads\/2022\/03\/11151052\/cj-logo.png","contentUrl":"https:\/\/cj.estrategia.com\/portal\/wp-content\/uploads\/2022\/03\/11151052\/cj-logo.png","width":150,"height":39,"caption":"Estrat\u00e9gia - Carreiras Jur\u00eddicas"},"image":{"@id":"https:\/\/cj.estrategia.com\/portal\/#\/schema\/logo\/image\/"},"sameAs":["https:\/\/www.facebook.com\/estrategiacarreirajuridica\/","https:\/\/x.com\/EstratJuridica","https:\/\/www.instagram.com\/estrategiacarreirajuridica\/","https:\/\/www.youtube.com\/channel\/UClbMGuYbj2Mh1m3w144ETWQ"]},{"@type":"Person","@id":"https:\/\/cj.estrategia.com\/portal\/#\/schema\/person\/4d70317d31449932b99102916b6637f5","name":"Coordena\u00e7\u00e3o","image":{"@type":"ImageObject","inLanguage":"pt-BR","@id":"https:\/\/cj.estrategia.com\/portal\/wp-content\/uploads\/2022\/05\/12164923\/estrategia-carreira-juridica-coordenacao-96x96.png","url":"https:\/\/cj.estrategia.com\/portal\/wp-content\/uploads\/2022\/05\/12164923\/estrategia-carreira-juridica-coordenacao-96x96.png","contentUrl":"https:\/\/cj.estrategia.com\/portal\/wp-content\/uploads\/2022\/05\/12164923\/estrategia-carreira-juridica-coordenacao-96x96.png","caption":"Coordena\u00e7\u00e3o"},"url":"https:\/\/cj.estrategia.com\/portal\/author\/coordenacao\/"}]}},"jetpack_featured_media_url":"https:\/\/cj.estrategia.com\/portal\/wp-content\/uploads\/2023\/05\/07114108\/residencia-juridica-ecj-carreiras-juridicas.jpg","jetpack_sharing_enabled":true,"_links":{"self":[{"href":"https:\/\/cj.estrategia.com\/portal\/wp-json\/wp\/v2\/posts\/171822","targetHints":{"allow":["GET"]}}],"collection":[{"href":"https:\/\/cj.estrategia.com\/portal\/wp-json\/wp\/v2\/posts"}],"about":[{"href":"https:\/\/cj.estrategia.com\/portal\/wp-json\/wp\/v2\/types\/post"}],"author":[{"embeddable":true,"href":"https:\/\/cj.estrategia.com\/portal\/wp-json\/wp\/v2\/users\/12"}],"replies":[{"embeddable":true,"href":"https:\/\/cj.estrategia.com\/portal\/wp-json\/wp\/v2\/comments?post=171822"}],"version-history":[{"count":6,"href":"https:\/\/cj.estrategia.com\/portal\/wp-json\/wp\/v2\/posts\/171822\/revisions"}],"predecessor-version":[{"id":185576,"href":"https:\/\/cj.estrategia.com\/portal\/wp-json\/wp\/v2\/posts\/171822\/revisions\/185576"}],"wp:featuredmedia":[{"embeddable":true,"href":"https:\/\/cj.estrategia.com\/portal\/wp-json\/wp\/v2\/media\/40798"}],"wp:attachment":[{"href":"https:\/\/cj.estrategia.com\/portal\/wp-json\/wp\/v2\/media?parent=171822"}],"wp:term":[{"taxonomy":"category","embeddable":true,"href":"https:\/\/cj.estrategia.com\/portal\/wp-json\/wp\/v2\/categories?post=171822"},{"taxonomy":"post_tag","embeddable":true,"href":"https:\/\/cj.estrategia.com\/portal\/wp-json\/wp\/v2\/tags?post=171822"},{"taxonomy":"tax_estado","embeddable":true,"href":"https:\/\/cj.estrategia.com\/portal\/wp-json\/wp\/v2\/tax_estado?post=171822"}],"curies":[{"name":"wp","href":"https:\/\/api.w.org\/{rel}","templated":true}]}}