{"id":17075,"date":"2022-08-21T17:23:00","date_gmt":"2022-08-21T20:23:00","guid":{"rendered":"https:\/\/cj.estrategia.com\/portal\/?p=17075"},"modified":"2022-08-22T19:39:24","modified_gmt":"2022-08-22T22:39:24","slug":"gabarito-extraoficial-juiz-tj-sc","status":"publish","type":"post","link":"https:\/\/cj.estrategia.com\/portal\/gabarito-extraoficial-juiz-tj-sc\/","title":{"rendered":"Gabarito Extraoficial Juiz TJ-SC: confira aqui!"},"content":{"rendered":"\n<p>No domingo, 21 de agosto, foram aplicadas as <strong>provas do concurso Juiz TJ-SC, que oferta <strong>30 vagas<\/strong> para o cargo de Juiz Substituto do Tribunal de Justi\u00e7a do Estado de Santa Catarina, com sal\u00e1rio de <strong>R$ 28.883,98<\/strong><\/strong>.<strong>&nbsp;<\/strong><\/p>\n\n\n\n<p>A prova objetiva contou com 100 quest\u00f5es e dura\u00e7\u00e3o de 5 horas. Foram inscritos no certame 10.624 candidatos, gerando uma demanda de 354,13 candidatos por vaga. <\/p>\n\n\n\n<p>Com o objetivo de ajud\u00e1-lo a diminuir um pouco a ansiedade de saber se foi bem ou n\u00e3o em um concurso t\u00e3o visado e importante,&nbsp;<strong>nossos professores realizaram a corre\u00e7\u00e3o, dando o<\/strong>&nbsp;<strong>gabarito extraoficial Juiz TJ-SC<\/strong>.<\/p>\n\n\n\n<p>Portanto, confira seu desempenho e ainda receba dicas de recursos (se houver necessidade, claro!). <\/p>\n\n\n\n<h2 class=\"wp-block-heading\" id=\"h-participe-do-ranking-gabarito-extraoficial-juiz-tj-sc\"><span id=\"participe-do-ranking-gabarito-extraoficial-juiz-tj-sc\">Participe do Ranking &#8211; Gabarito Extraoficial Juiz TJ-SC<\/span><\/h2>\n\n\n\n<p class=\"has-text-align-center has-white-color has-text-color has-background\" style=\"background-color:#e3be56;font-size:18px\"><strong><a href=\"https:\/\/docs.google.com\/forms\/d\/e\/1FAIpQLSfXIXZVsYfIhK04bkLPivJZUhLF1JaALXLSv6JnnZD4djiR6w\/viewform\" target=\"_blank\" ><mark style=\"background-color:rgba(0, 0, 0, 0)\" class=\"has-inline-color has-black-color\">Preencha o gabarito eletr\u00f4nico<\/mark><\/a><\/strong><\/p>\n\n\n\n<p class=\"has-text-align-center has-background\" style=\"background-color:#d7e3eb;font-size:18px\"><strong><a href=\"https:\/\/docs.google.com\/spreadsheets\/d\/1xrcRm25C0xEMJAazw5Ub0_lihqo9gclCBTvs9QJHU44\/edit#gid=1944221617\" target=\"_blank\" >Ranking Gabarito Extraoficial Magistratura SC<\/a><\/strong><\/p>\n\n\n\n<h2 class=\"wp-block-heading\" id=\"h-correcao-e-gabarito-extraoficial-juiz-tj-sc\"><span id=\"correcao-e-gabarito-extraoficial-juiz-tj-sc\">Corre\u00e7\u00e3o e Gabarito Extraoficial Juiz TJ-SC<\/span><\/h2>\n\n\n\n<ul class=\"wp-block-list\"><li>Rodrigo Vaslin &#8211; \u00c2ncora<\/li><li>Rodrigo Assump\u00e7\u00e3o &#8211; Direito Penal<\/li><li>Rodrigo Vaslin &#8211; Direito Processual Civi<\/li><li>Leonardo Tavares &#8211; Direito Processual Penal<\/li><li>Paulo Sousa &#8211; Direito Civil<\/li><li>Alessandro Sanchez &#8211; Direito Empresarial<\/li><li>Rog\u00e9rio Cunha &#8211; Direito Tribut\u00e1rio<\/li><li>Thiago Leite &#8211; Direito Ambiental<\/li><li>Nelma Fontana &#8211; Direito Constitucional<\/li><li>Rodolfo Penna &#8211; Direito Administrativo<\/li><li>Alex Fadel &#8211; Estatuto da Crian\u00e7a e do Adolescente<\/li><li>Henrique da Rosa &#8211; Direito do Consumidor<\/li><li>Rafael Barreto &#8211; Direito Eleitoral<\/li><\/ul>\n\n\n\n<figure class=\"wp-block-embed is-type-video is-provider-youtube wp-block-embed-youtube wp-embed-aspect-16-9 wp-has-aspect-ratio\"><div class=\"wp-block-embed__wrapper\">\n<div class=\"cs-embed cs-embed-responsive\"><iframe title=\"Gabarito Extraoficial Juiz TJ SC\" width=\"1200\" height=\"675\" src=\"https:\/\/www.youtube.com\/embed\/O8Xd9NA51VE?feature=oembed\" frameborder=\"0\" allow=\"accelerometer; autoplay; clipboard-write; encrypted-media; gyroscope; picture-in-picture\" allowfullscreen><\/iframe><\/div>\n<\/div><\/figure>\n\n\n\n<h3 class=\"wp-block-heading\" id=\"h-gabarito-extraoficial-juiz-tj-sc\"><span id=\"gabarito-extraoficial-juiz-tj-sc\">Gabarito Extraoficial Juiz TJ-SC<\/span><\/h3>\n\n\n\n<p>Abaixo, voc\u00ea confere os gabaritos das quest\u00f5es corrigidas pelos nossos professores. \u00c0 medida em que as corre\u00e7\u00f5es forem realizadas, o artigo ser\u00e1 atualizado. <\/p>\n\n\n\n<p>Como existem v\u00e1rios tipos de provas, voc\u00ea pode conferindo o in\u00edcio da quest\u00e3o.<\/p>\n\n\n\n<p><strong>Quest\u00e3o 1:&nbsp;<\/strong>M\u00e1rcia foi citada, em execu\u00e7\u00e3o&#8230;<br><strong><em>Resposta:<\/em><\/strong> E<\/p>\n\n\n\n<p><strong>Quest\u00e3o 2:&nbsp;<\/strong>Carolina e M\u00e1rcio, casados&#8230;<br><strong><em>Resposta:<\/em><\/strong> B<\/p>\n\n\n\n<p><strong>Quest\u00e3o 3:&nbsp;<\/strong>Em concurso aberto para provimento&#8230;<br><strong><em>Resposta:<\/em><\/strong> B<\/p>\n\n\n\n<p><strong>Quest\u00e3o 4:&nbsp;<\/strong>Ajuizada execu\u00e7\u00e3o de t\u00edtulo&#8230;<br><strong><em>Resposta:<\/em><\/strong> D<\/p>\n\n\n\n<p><strong>Quest\u00e3o 5:&nbsp;<\/strong>Em determinado processo, o r\u00e9u&#8230;<br><strong><em>Resposta:<\/em><\/strong> D<\/p>\n\n\n\n<p><strong>Quest\u00e3o 6:&nbsp;<\/strong>Em um contrato comercial&#8230;<br><strong><em>Resposta:<\/em><\/strong> E<\/p>\n\n\n\n<p><strong>Quest\u00e3o 7:&nbsp;<\/strong>Maria, titular da Comarca&#8230;<br><strong><em>Resposta:<\/em><\/strong> D<\/p>\n\n\n\n<p><strong>Quest\u00e3o 8:&nbsp;<\/strong>A v\u00edtima de atropelamento&#8230;<br><strong><em>Resposta:<\/em><\/strong> A<\/p>\n\n\n\n<p><strong>Quest\u00e3o 9:&nbsp;<\/strong><br><strong><em>Resposta:<\/em><\/strong> C<\/p>\n\n\n\n<p><strong>Quest\u00e3o 10:&nbsp;<\/strong><br><strong><em>Resposta:<\/em><\/strong> D<\/p>\n\n\n\n<p><strong>Quest\u00e3o 11:&nbsp;<\/strong><br><strong><em>Resposta:<\/em><\/strong> E<\/p>\n\n\n\n<p><strong>Quest\u00e3o 12:&nbsp;<\/strong><br><strong><em>Resposta:<\/em><\/strong> E<\/p>\n\n\n\n<p><strong>Quest\u00e3o 13:&nbsp;<\/strong><br><strong><em>Resposta:<\/em><\/strong> A<\/p>\n\n\n\n<p><strong>Quest\u00e3o 14:&nbsp;<\/strong><br><strong><em>Resposta:<\/em><\/strong> C<\/p>\n\n\n\n<p><strong>Quest\u00e3o 15:<\/strong> <br><strong><em>Resposta:<\/em><\/strong> B<\/p>\n\n\n\n<p><strong>Quest\u00e3o 16:<\/strong><br><strong><em>Resposta:<\/em><\/strong> A<\/p>\n\n\n\n<p><strong>Quest\u00e3o 17:&nbsp;<\/strong>&#8230;<br><strong><em>Resposta:<\/em><\/strong> B<\/p>\n\n\n\n<p><strong>Quest\u00e3o 18:&nbsp;<\/strong>&#8230;<br><strong><em>Resposta:<\/em><\/strong> B<\/p>\n\n\n\n<p><strong>Quest\u00e3o 19:&nbsp;<\/strong>Brenda e T\u00edcio de apaixonaram rapidamente&#8230;<br><strong><em>Resposta:<\/em><\/strong> D<\/p>\n\n\n\n<p><strong>Quest\u00e3o 20:&nbsp;<\/strong>Silmara e Edison s\u00e3o bastante rigorosos&#8230;<br><strong><em>Resposta:<\/em><\/strong> E<\/p>\n\n\n\n<p><strong>Quest\u00e3o 21:&nbsp;<\/strong>Ansiosa por se desfazer do grande estoque&#8230;<br><strong><em>Resposta:<\/em><\/strong> A<\/p>\n\n\n\n<p><strong>Quest\u00e3o 22:&nbsp;<\/strong>Vin\u00edcius comprou de Rejane um apartamento&#8230;<br><strong><em>Resposta:<\/em><\/strong> C<\/p>\n\n\n\n<p><strong>Quest\u00e3o 23:&nbsp;<\/strong>Enquanto andava pela cal\u00e7ada, Asdr\u00fabal&#8230;<br><strong><em>Resposta:<\/em><\/strong> B<\/p>\n\n\n\n<p><strong>Quest\u00e3o 24:&nbsp;<\/strong>Enquanto estava fora do Brasil, Artur&#8230;<br><strong><em>Resposta:<\/em><\/strong> C<\/p>\n\n\n\n<p><strong>Quest\u00e3o 25:&nbsp;<\/strong>Jussara e Evandro casaram-se civilmente&#8230;<br><strong><em>Resposta:<\/em><\/strong> E<\/p>\n\n\n\n<p><strong>Quest\u00e3o 26:&nbsp;<\/strong>Dr. Romeu foi contratado em junho de 2012&#8230;<br><strong><em>Resposta:<\/em><\/strong> C<\/p>\n\n\n\n<p><strong>Quest\u00e3o 27:&nbsp;<\/strong>A sociedade x est\u00e1 sendo cobrada pela&#8230;<br><strong><em>Resposta:<\/em><\/strong> C<\/p>\n\n\n\n<p><strong>Quest\u00e3o 28:&nbsp;<\/strong>Geraldo, pai de M\u00e9vio, seu primog\u00eanito&#8230;<br><strong><em>Resposta:<\/em><\/strong> A<\/p>\n\n\n\n<p><strong>Quest\u00e3o 29:&nbsp;<\/strong>Tobias contratou os servi\u00e7os de constru\u00e7\u00e3o&#8230;<br><strong><em>Resposta:<\/em><\/strong> E<\/p>\n\n\n\n<p><strong>Quest\u00e3o 30:&nbsp;<\/strong>Vera \u00e9 representante aut\u00f4noma de&#8230;<br><strong><em>Resposta:<\/em><\/strong> A<\/p>\n\n\n\n<p><strong>Quest\u00e3o 31:&nbsp;<\/strong>Jo\u00e3o ajuizou a\u00e7\u00e3o objetivando compensa\u00e7\u00e3o&#8230;<br><strong><em>Resposta:<\/em><\/strong> B<\/p>\n\n\n\n<p><strong>Quest\u00e3o 32:&nbsp;<\/strong>Matilda aproveitou a promo\u00e7\u00e3o na papelaria&#8230;<br><strong><em>Resposta:<\/em><\/strong> D<\/p>\n\n\n\n<p><strong>Quest\u00e3o 33:&nbsp;<\/strong>Determinada associa\u00e7\u00e3o ajuizou demanda&#8230;<br><strong><em>Resposta:<\/em><\/strong> B<\/p>\n\n\n\n<p><strong>Quest\u00e3o 34:&nbsp;<\/strong>O adolescente Fabiano pratica ato infracional&#8230;<br><strong><em>Resposta:<\/em><\/strong> E<\/p>\n\n\n\n<p><strong>Quest\u00e3o 35:&nbsp;<\/strong>Juliana e Mario s\u00e3o casados e habilitados&#8230;<br><strong><em>Resposta:<\/em><\/strong> C<\/p>\n\n\n\n<p><strong>Quest\u00e3o 36:&nbsp;<\/strong>Durante o cumprimento de medida socioeducativa&#8230;<br><strong><em>Resposta:<\/em><\/strong> B<\/p>\n\n\n\n<p><strong>Quest\u00e3o 37:&nbsp;<\/strong>O Minist\u00e9rio P\u00fablico prop\u00f5e a\u00e7\u00e3o de&#8230;<br><strong><em>Resposta:<\/em><\/strong> E<\/p>\n\n\n\n<p><strong>Quest\u00e3o 38:&nbsp;<\/strong>Sabrina, adolescente de 13 anos&#8230;<br><strong><em>Resposta:<\/em><\/strong> C<\/p>\n\n\n\n<p><strong>Quest\u00e3o 39:&nbsp;<\/strong>O delegado titular da 5\u00ba DP&#8230;<br><strong><em>Resposta:<\/em><\/strong> D<\/p>\n\n\n\n<p><strong>Quest\u00e3o 40:&nbsp;<\/strong>O Minist\u00e9rio P\u00fablico recebe den\u00fancia&#8230;<br><strong><em>Resposta:<\/em><\/strong> B<\/p>\n\n\n\n<p><strong>Quest\u00e3o 41:&nbsp;<\/strong>De acordo com a doutrina e a jurisprud\u00eancia&#8230;<br><strong><em>Resposta:<\/em><\/strong> E<\/p>\n\n\n\n<p><strong>Quest\u00e3o 42:&nbsp;<\/strong>Billy, servidor p\u00fablico do Tribunal de Justi\u00e7a&#8230;<br><strong><em>Resposta:<\/em><\/strong> D<\/p>\n\n\n\n<p><strong>Quest\u00e3o 43:&nbsp;<\/strong>Nos casos submetidos ao procedimento&#8230;<br><strong><em>Resposta:<\/em><\/strong> C<\/p>\n\n\n\n<p><strong>Quest\u00e3o 44:&nbsp;<\/strong>A justa causa \u00e9 exig\u00eancia legal&#8230;<br><strong><em>Resposta:<\/em><\/strong> B<\/p>\n\n\n\n<p><strong>Quest\u00e3o 45:&nbsp;<\/strong>Relativamente aos acordos no processo penal&#8230;<br><strong><em>Resposta:<\/em><\/strong> C<\/p>\n\n\n\n<p><strong>Quest\u00e3o 46:&nbsp;<\/strong>Quanto aos recursos e \u00e0s a\u00e7\u00f5es aut\u00f4nomas&#8230;<br><strong><em>Resposta:<\/em><\/strong> A<\/p>\n\n\n\n<p><strong>Quest\u00e3o 47:&nbsp;<\/strong>Quanto \u00e0 atividade propulsora do juiz&#8230;<br><strong><em>Resposta:<\/em><\/strong> C<\/p>\n\n\n\n<p><strong>Quest\u00e3o 48:&nbsp;<\/strong>Carlos, que desfruta de patrim\u00f4nio superior&#8230;<br><strong><em>Resposta:<\/em><\/strong> A<\/p>\n\n\n\n<p><strong>Quest\u00e3o 49:&nbsp;<\/strong>Em rela\u00e7\u00e3o \u00e0 prote\u00e7\u00e3o a v\u00edtimas e testemunhas&#8230;<br><strong><em>Resposta:<\/em><\/strong> E<\/p>\n\n\n\n<p><strong>Quest\u00e3o 50:&nbsp;<\/strong>Em rela\u00e7\u00e3o \u00e0 teoria das provas e \u00e0 sua regulamenta\u00e7\u00e3o&#8230;<br><strong><em>Resposta:<\/em><\/strong> C<\/p>\n\n\n\n<p><strong>Quest\u00e3o 51:&nbsp;<\/strong>A respeito das circunst\u00e2ncias agravantes&#8230;<br><strong><em>Resposta:<\/em><\/strong> D<\/p>\n\n\n\n<p><strong>Quest\u00e3o 52:&nbsp;<\/strong>Narra a den\u00fancia que, no per\u00edodo entre&#8230;<br><strong><em>Resposta:<\/em><\/strong> E<\/p>\n\n\n\n<p><strong>Quest\u00e3o 53:&nbsp;<\/strong>Gabriela entrou no supermercado&#8230;<br><strong><em>Resposta:<\/em><\/strong> D<\/p>\n\n\n\n<p><strong>Quest\u00e3o 54:&nbsp;<\/strong>No dia 7 de junho de 2019&#8230;<br><strong><em>Resposta:<\/em><\/strong> A<\/p>\n\n\n\n<p><strong>Quest\u00e3o 55:&nbsp;<\/strong>Sobre a aplica\u00e7\u00e3o da lei penal, de acordo com a&#8230;<br><strong><em>Resposta:<\/em><\/strong> E<\/p>\n\n\n\n<p><strong>Quest\u00e3o 56:&nbsp;<\/strong>Sandro foi denunciado pela pr\u00e1tica, em tese&#8230;<br><strong><em>Resposta:<\/em><\/strong> D<\/p>\n\n\n\n<p><strong>Quest\u00e3o 57:&nbsp;<\/strong>A respeito do momento consumativo nos crimes&#8230;<br><strong><em>Resposta:<\/em><\/strong> E<\/p>\n\n\n\n<p><strong>Quest\u00e3o 58:&nbsp;<\/strong>Quanto \u00e0 extin\u00e7\u00e3o da punibilidade&#8230;<br><strong><em>Resposta:<\/em><\/strong> B<\/p>\n\n\n\n<p><strong>Quest\u00e3o 59:&nbsp;<\/strong>S\u00e9rgio e Renato voltavam para casa, quando dois&#8230;<br><strong><em>Resposta:<\/em><\/strong> B<\/p>\n\n\n\n<p><strong>Quest\u00e3o 60:\u00a0<\/strong>N\u00c3O \u00e9 considerado como crime hediondo&#8230;<br><strong><em>Resposta:<\/em><\/strong> A<\/p>\n\n\n\n<p><strong>Quest\u00e3o 61:&nbsp;<\/strong>&#8220;A fraude \u00e0 cota de g\u00eanero de candidatos&#8230;&#8221;<br><strong><em>Resposta:<\/em><\/strong> E<\/p>\n\n\n\n<p><strong>Quest\u00e3o 62:&nbsp;<\/strong>Jo\u00e3o, candidato a prefeito no Munic\u00edpio Beta&#8230;<br><strong><em>Resposta:<\/em><\/strong> C<\/p>\n\n\n\n<p><strong>Quest\u00e3o 63:&nbsp;<\/strong>Ap\u00f3s a Emenda Constitucional&#8230;<br><strong><em>Resposta:<\/em><\/strong> C<\/p>\n\n\n\n<p><strong>Quest\u00e3o 64:&nbsp;<\/strong>A Lei Complementar federal n.\u00ba XX&#8230;<br><strong><em>Resposta:<\/em><\/strong> B<\/p>\n\n\n\n<p><strong>Quest\u00e3o 65:&nbsp;<\/strong>Sobre a Argui\u00e7\u00e3o de Descumprimento&#8230;<br><strong><em>Resposta:<\/em><\/strong> C<\/p>\n\n\n\n<p><strong>Quest\u00e3o 66:&nbsp;<\/strong>Determinado servi\u00e7o p\u00fablico de interesse&#8230;<br><strong><em>Resposta:<\/em><\/strong> E<\/p>\n\n\n\n<p><strong>Quest\u00e3o 67:&nbsp;<\/strong>A Norma Y do Estado permitiu a reelei\u00e7\u00e3o&#8230;<br><strong><em>Resposta:<\/em><\/strong> D<\/p>\n\n\n\n<p><strong>Quest\u00e3o 68:&nbsp;<\/strong>A Uni\u00e3o editou no corrente exerc\u00edcio&#8230;<br><strong><em>Resposta:<\/em><\/strong> D<\/p>\n\n\n\n<p><strong>Quest\u00e3o 69:&nbsp;<\/strong>Ant\u00f4nio e P\u00e9ricles, respectivamente marido e filho&#8230;<br><strong><em>Resposta:<\/em><\/strong> B<\/p>\n\n\n\n<p><strong>Quest\u00e3o 70:&nbsp;<\/strong>Joana impetrou mandado de injun\u00e7\u00e3o&#8230;<br><strong><em>Resposta:<\/em><\/strong> D<\/p>\n\n\n\n<p><strong>Quest\u00e3o 71:&nbsp;<\/strong>Serra Alta Eletr\u00f4nicos Ltda&#8230;<br><strong><em>Resposta:<\/em><\/strong> E<\/p>\n\n\n\n<p><strong>Quest\u00e3o 72:&nbsp;<\/strong>Panifica\u00e7\u00e3o Cruzeiro Ltda. emitiu nota promiss\u00f3ria&#8230;<br><strong><em>Resposta:<\/em><\/strong> A<\/p>\n\n\n\n<p><strong>Quest\u00e3o 73:&nbsp;<\/strong>A Companhia Av\u00edcola Saudades pretende&#8230;<br><strong><em>Resposta:<\/em><\/strong> A<\/p>\n\n\n\n<p><strong>Quest\u00e3o 74:&nbsp;<\/strong>Dentre as v\u00e1rias disposi\u00e7\u00f5es que asseguram&#8230;<br><strong><em>Resposta:<\/em><\/strong> D<\/p>\n\n\n\n<p><strong>Quest\u00e3o 75:&nbsp;<\/strong>Em rela\u00e7\u00e3o aos t\u00edtulos de cr\u00e9dito&#8230;<br><strong><em>Resposta:<\/em><\/strong> A<\/p>\n\n\n\n<p><strong>Quest\u00e3o 76:&nbsp;<\/strong>Luiz, Celso e Schroeder s\u00e3o s\u00f3cios&#8230;<br><strong><em>Resposta:<\/em><\/strong> A<\/p>\n\n\n\n<p><strong>Quest\u00e3o 77:&nbsp;<\/strong>Apicultura Meleiro Ltda. requereu, perante&#8230;<br><strong><em>Resposta:<\/em><\/strong> A<\/p>\n\n\n\n<p><strong>Quest\u00e3o 78:&nbsp;<\/strong>A sociedade Hotel Descanso Ltda. \u00e9 r\u00e9&#8230;<br><strong><em>Resposta:<\/em><\/strong> A<\/p>\n\n\n\n<p><strong>Quest\u00e3o 79:&nbsp;<\/strong>A empresa XYZ Jardinagem Ltda., com sede&#8230;<br><strong><em>Resposta:<\/em><\/strong> D<\/p>\n\n\n\n<p><strong>Quest\u00e3o 80:&nbsp;<\/strong>A sociedade empres\u00e1ria 789&#8230;<br><strong><em>Resposta:<\/em><\/strong> B<\/p>\n\n\n\n<p><strong>Quest\u00e3o 81:&nbsp;<\/strong>A Lei de Responsabilidade Fiscal&#8230;<br><strong><em>Resposta:<\/em><\/strong> E<\/p>\n\n\n\n<p><strong>Quest\u00e3o 82:&nbsp;<\/strong>A Santa Casa de Miseric\u00f3rdia do Munic\u00edpio X&#8230;<br><strong><em>Resposta:<\/em><\/strong> D<\/p>\n\n\n\n<p><strong>Quest\u00e3o 83:&nbsp;<\/strong>No Estado Alta, a despesa total com pessoal&#8230;<br><strong><em>Resposta:<\/em><\/strong> E<\/p>\n\n\n\n<p><strong>Quest\u00e3o 84:&nbsp;<\/strong>O Estado Alta, por meio de lei ordin\u00e1ria&#8230;<br><strong><em>Resposta:<\/em><\/strong> A<\/p>\n\n\n\n<p><strong>Quest\u00e3o 85:&nbsp;<\/strong>O Munic\u00edpio X (Estado Y) ret\u00e9m&#8230;<br><strong><em>Resposta:<\/em><\/strong> C<\/p>\n\n\n\n<p><strong>Quest\u00e3o 86:&nbsp;<\/strong>O Estado XYZ promoveu a\u00e7\u00e3o de desapropria\u00e7\u00e3o&#8230;<br><strong><em>Resposta:<\/em><\/strong> B<\/p>\n\n\n\n<p><strong>Quest\u00e3o 87:&nbsp;<\/strong>O Estado \u00d4mega editou lei autorizando&#8230;<br><strong><em>Resposta:<\/em><\/strong> A<\/p>\n\n\n\n<p><strong>Quest\u00e3o 88:&nbsp;<\/strong>Jo\u00e3o \u00e9 oficial de cart\u00f3rio&#8230;<br><strong><em>Resposta:<\/em><\/strong> D<\/p>\n\n\n\n<p><strong>Quest\u00e3o 89:&nbsp;<\/strong>A Lei n.\u00ba 14.230\/2021 promoveu&#8230;<br><strong><em>Resposta:<\/em><\/strong> C<\/p>\n\n\n\n<p><strong>Quest\u00e3o 90:&nbsp;<\/strong>Em agosto de 2022, o Estado Alfa&#8230;<br><strong><em>Resposta:<\/em><\/strong> A<\/p>\n\n\n\n<p><strong>Quest\u00e3o 91:&nbsp;<\/strong>O Estado Alfa editou lei prevendo que&#8230;<br><strong><em>Resposta:<\/em><\/strong>  B<\/p>\n\n\n\n<p><strong>Quest\u00e3o 92:&nbsp;<\/strong>A defini\u00e7\u00e3o a respeito do sentido e do&#8230;<br><strong><em>Resposta:<\/em><\/strong> D<\/p>\n\n\n\n<p><strong>Quest\u00e3o 93:&nbsp;<\/strong>Jo\u00e3o \u00e9 servidor p\u00fablico&#8230;<br><strong><em>Resposta:<\/em><\/strong> D<\/p>\n\n\n\n<p><strong>Quest\u00e3o 94:&nbsp;<\/strong>A sociedade empres\u00e1ria Beta implantou&#8230;<br><strong><em>Resposta:<\/em><\/strong> D<\/p>\n\n\n\n<p><strong>Quest\u00e3o 95:&nbsp;<\/strong>A lei n.\u00ba 12.305\/2010 institui a Pol\u00edtica&#8230;<br><strong><em>Resposta:<\/em><\/strong> C<\/p>\n\n\n\n<p><strong>Quest\u00e3o 96:&nbsp;<\/strong><br><strong><em>Resposta:<\/em><\/strong> C<\/p>\n\n\n\n<p><strong>Quest\u00e3o 97:&nbsp;<\/strong>Jo\u00e3o e Maria, ju\u00edzes de direito substitutos&#8230;<br><strong><em>Resposta:<\/em><\/strong> A<\/p>\n\n\n\n<p><strong>Quest\u00e3o 98:&nbsp;<\/strong>&#8230;<br><strong><em>Resposta:<\/em><\/strong> C<\/p>\n\n\n\n<p><strong>Quest\u00e3o 99:&nbsp;<\/strong>Embora muito contestado no decorrer&#8230;<br><strong><em>Resposta:<\/em><\/strong> B<\/p>\n\n\n\n<p><strong>Quest\u00e3o 100:&nbsp;<\/strong>Na Comarca X do Estado de Santa&#8230;<br><strong><em>Resposta:<\/em><\/strong> C<\/p>\n\n\n\n<p class=\"has-text-align-center has-medium-font-size\"><strong>Para mais informa\u00e7\u00f5es, acesse:<\/strong><\/p>\n\n\n\n<p class=\"has-text-align-center has-background has-medium-font-size\" style=\"background-color:#e9d59f\"><strong><a href=\"https:\/\/cj.estrategia.com\/portal\/concurso-magistratura-sc\" target=\"_blank\" >Concurso Magistratura SC<\/a><\/strong><\/p>\n\n\n\n<h2 class=\"has-text-align-center wp-block-heading\" id=\"block-d188d8e4-49be-4d9c-9d9d-6d6509dd3cd4\"><span id=\"quer-saber-tudo-sobre-concursos-previstosconfira-nossos-artigos\">Quer saber tudo sobre concursos previstos?<br><strong>Confira nossos artigos!<\/strong><\/span><\/h2>\n\n\n\n<ul class=\"wp-block-list\" id=\"block-cd98ea5c-3c55-4307-a2a3-4ac015e299c0\"><li><a href=\"https:\/\/cj.estrategia.com\/portal\/concursos-abertos-carreiras-juridicas\/\" target=\"_blank\" >Concursos jur\u00eddicos abertos<\/a><\/li><li><a href=\"https:\/\/cj.estrategia.com\/portal\/concursos-2022-carreira-juridicas\/\" target=\"_blank\" >Concursos jur\u00eddicos 2022<\/a><\/li><li><a href=\"https:\/\/cj.estrategia.com\/portal\/concursos-2023-carreiras-juridicas\/\" target=\"_blank\" >Concursos jur\u00eddicos 2023<\/a><\/li><\/ul>\n\n\n\n<h2 class=\"has-text-align-center wp-block-heading\" id=\"block-017030f5-2f69-4cf3-a234-1d58401caf4c\"><span id=\"cursos-e-assinaturas\">CURSOS E ASSINATURAS<\/span><\/h2>\n\n\n\n<div class=\"container\" id=\"boxes\">\n  <div class=\"row\">\n\n    <div class=\"col-sm\">\n      <div class=\"banner-ecj\" id=\"box-assinatura\">\n        <h2 id=\"curso-para-magistratura-sc\" class=\"titulo-assinatura\"><span style=\"color: #ffffff; font-size: 23px; \">Curso para Magistratura SC <\/span><\/h2>\n        <p class=\"subtitulo-assinatura\">Cursos focados no edital do concurso<\/p>\n        <div class=\"box-botao\">\n          <a class=\"btn-assinatura\" target=\"_blank\" href=\"https:\/\/www.estrategiaconcursos.com.br\/cursosPorConcurso\/tj-sc-tribunal-de-justica-de-santa-catarina-juiz-substituto\/\" role=\"button\" rel=\"noopener noreferrer\">Conhe\u00e7a mais<\/a>\n        <\/div>\n      <\/div>\n      <p class=\"texto-auxiliar\">Prepare-se com o melhor material e com quem mais aprova em concursos de Procuradorias em todo o pa\u00eds. \n<\/p>\n    <\/div>\n\n  <\/div>\n<\/div>\n\n\n\n<div id=\"boxes\" class=\"container\">\n<div class=\"row\">\n<div class=\"col-sm\">\n<div id=\"box-assinatura\" class=\"banner-ecj\">\n<h3 id=\"curso-para-carreiras-juridicas\" class=\"titulo-assinatura\">Curso para Carreiras Jur\u00eddicas<\/h3>\n<p class=\"subtitulo-assinatura\">Cursos focados no edital do concurso<\/p>\n<div class=\"box-botao\"><a class=\"btn-assinatura\" role=\"button\" href=\"https:\/\/www.estrategiaconcursos.com.br\/cursosPorConcurso\/carreira-juridica-regular\/\" target=\"_blank\" rel=\"noopener noreferrer\">Conhe\u00e7a mais<\/a><\/div>\n<\/div>\n<p class=\"texto-auxiliar\">Prepare-se com o melhor material e com quem mais aprova em concursos em todo o pa\u00eds.<\/p>\n<\/div>\n<\/div>\n<\/div>\n\n\n\n\n\n<div class=\"wp-block-cover\" style=\"min-height:155px;aspect-ratio:unset;\"><img decoding=\"async\" width=\"1890\" height=\"351\" class=\"wp-block-cover__image-background wp-image-8669\" alt=\"Assinaturas Jur\u00eddicas\" src=\"https:\/\/cj.estrategia.com\/portal\/wp-content\/uploads\/2022\/06\/20151253\/concurso-carreiras-juridicas-assinatura-juridica.jpg\" style=\"object-position:78% 43%\" data-object-fit=\"cover\" data-object-position=\"78% 43%\" srcset=\"https:\/\/cj.estrategia.com\/portal\/wp-content\/uploads\/2022\/06\/20151253\/concurso-carreiras-juridicas-assinatura-juridica.jpg 1890w, https:\/\/cj.estrategia.com\/portal\/wp-content\/uploads\/2022\/06\/20151253\/concurso-carreiras-juridicas-assinatura-juridica-300x56.jpg 300w, https:\/\/cj.estrategia.com\/portal\/wp-content\/uploads\/2022\/06\/20151253\/concurso-carreiras-juridicas-assinatura-juridica-1024x190.jpg 1024w, https:\/\/cj.estrategia.com\/portal\/wp-content\/uploads\/2022\/06\/20151253\/concurso-carreiras-juridicas-assinatura-juridica-768x143.jpg 768w, https:\/\/cj.estrategia.com\/portal\/wp-content\/uploads\/2022\/06\/20151253\/concurso-carreiras-juridicas-assinatura-juridica-1536x285.jpg 1536w, https:\/\/cj.estrategia.com\/portal\/wp-content\/uploads\/2022\/06\/20151253\/concurso-carreiras-juridicas-assinatura-juridica-380x71.jpg 380w, https:\/\/cj.estrategia.com\/portal\/wp-content\/uploads\/2022\/06\/20151253\/concurso-carreiras-juridicas-assinatura-juridica-800x149.jpg 800w, https:\/\/cj.estrategia.com\/portal\/wp-content\/uploads\/2022\/06\/20151253\/concurso-carreiras-juridicas-assinatura-juridica-1160x215.jpg 1160w\" sizes=\"(max-width: 1890px) 100vw, 1890px\" \/><span aria-hidden=\"true\" class=\"wp-block-cover__background has-background-dim\"><\/span><div class=\"wp-block-cover__inner-container is-layout-flow wp-block-cover-is-layout-flow\">\n<h3 id=\"faca-a-sua-assinatura\" class=\"titulo-assinatura\"><span style=\"color: #ffffff;\">Fa\u00e7a a sua assinatura!<\/span><\/h3>\n<p class=\"subtitulo-assinatura\" style=\"display:block!important; line-height: 0;\"><span style=\"color: #ffffff;\">Escolha a sua \u00e1rea.<\/span><\/p>\n<a target=\"_blank\" href=\"https:\/\/www.estrategiaconcursos.com.br\/assinaturas-ecj\/\" rel=\"noopener\"><button style=\"border-radius: 10px; text-transform: capitalize;\">Acessar<\/button><\/a>\n<\/div><\/div>\n","protected":false},"excerpt":{"rendered":"No domingo, 21 de agosto, foram aplicadas as provas do concurso Juiz TJ-SC, que oferta 30 vagas para&hellip;\n","protected":false},"author":12,"featured_media":17155,"comment_status":"open","ping_status":"open","sticky":false,"template":"","format":"standard","meta":{"_jetpack_memberships_contains_paid_content":false,"footnotes":""},"categories":[1,26],"tags":[],"tax_estado":[54],"class_list":{"0":"post-17075","1":"post","2":"type-post","3":"status-publish","4":"format-standard","5":"has-post-thumbnail","7":"category-carreiras-juridicas","8":"category-magistratura","9":"tax_estado-sc"},"acf":[],"yoast_head":"<!-- This site is optimized with the Yoast SEO Premium plugin v27.4 (Yoast SEO v27.4) - https:\/\/yoast.com\/product\/yoast-seo-premium-wordpress\/ -->\n<title>Gabarito Extraoficial Juiz TJ-SC: confira aqui!<\/title>\n<meta name=\"description\" content=\"Confira nosso evento ao vivo e gratuito neste domingo Gabarito Extraoficial Juiz TJ-SC e descubra seu desempenho na prova mais cedo!\" \/>\n<meta name=\"robots\" content=\"index, follow, max-snippet:-1, max-image-preview:large, max-video-preview:-1\" \/>\n<link rel=\"canonical\" href=\"https:\/\/cj.estrategia.com\/portal\/gabarito-extraoficial-juiz-tj-sc\/\" \/>\n<meta property=\"og:locale\" content=\"pt_BR\" \/>\n<meta property=\"og:type\" content=\"article\" \/>\n<meta property=\"og:title\" content=\"Gabarito Extraoficial Juiz TJ-SC: confira aqui!\" \/>\n<meta property=\"og:description\" content=\"Confira nosso evento ao vivo e gratuito neste domingo Gabarito Extraoficial Juiz TJ-SC e descubra seu desempenho na prova mais cedo!\" \/>\n<meta property=\"og:url\" content=\"https:\/\/cj.estrategia.com\/portal\/gabarito-extraoficial-juiz-tj-sc\/\" \/>\n<meta property=\"og:site_name\" content=\"Blog - Carreiras Jur\u00eddicas - Estrat\u00e9gia\" \/>\n<meta property=\"article:publisher\" content=\"https:\/\/www.facebook.com\/estrategiacarreirajuridica\/\" \/>\n<meta property=\"article:published_time\" content=\"2022-08-21T20:23:00+00:00\" \/>\n<meta property=\"article:modified_time\" content=\"2022-08-22T22:39:24+00:00\" \/>\n<meta property=\"og:image\" content=\"https:\/\/cj.estrategia.com\/portal\/wp-content\/uploads\/2022\/08\/20100820\/1280-720-max-1-3.jpg\" \/>\n\t<meta property=\"og:image:width\" content=\"1280\" \/>\n\t<meta property=\"og:image:height\" content=\"720\" \/>\n\t<meta property=\"og:image:type\" content=\"image\/jpeg\" \/>\n<meta name=\"author\" content=\"Coordena\u00e7\u00e3o\" \/>\n<meta name=\"twitter:card\" content=\"summary_large_image\" \/>\n<meta name=\"twitter:creator\" content=\"@EstratJuridica\" \/>\n<meta name=\"twitter:site\" content=\"@EstratJuridica\" \/>\n<meta name=\"twitter:label1\" content=\"Escrito por\" \/>\n\t<meta name=\"twitter:data1\" content=\"Coordena\u00e7\u00e3o\" \/>\n\t<meta name=\"twitter:label2\" content=\"Est. tempo de leitura\" \/>\n\t<meta name=\"twitter:data2\" content=\"7 minutos\" \/>\n<script type=\"application\/ld+json\" class=\"yoast-schema-graph\">{\"@context\":\"https:\\\/\\\/schema.org\",\"@graph\":[{\"@type\":\"NewsArticle\",\"@id\":\"https:\\\/\\\/cj.estrategia.com\\\/portal\\\/gabarito-extraoficial-juiz-tj-sc\\\/#article\",\"isPartOf\":{\"@id\":\"https:\\\/\\\/cj.estrategia.com\\\/portal\\\/gabarito-extraoficial-juiz-tj-sc\\\/\"},\"author\":{\"name\":\"Coordena\u00e7\u00e3o\",\"@id\":\"https:\\\/\\\/cj.estrategia.com\\\/portal\\\/#\\\/schema\\\/person\\\/4d70317d31449932b99102916b6637f5\"},\"headline\":\"Gabarito Extraoficial Juiz TJ-SC: confira aqui!\",\"datePublished\":\"2022-08-21T20:23:00+00:00\",\"dateModified\":\"2022-08-22T22:39:24+00:00\",\"mainEntityOfPage\":{\"@id\":\"https:\\\/\\\/cj.estrategia.com\\\/portal\\\/gabarito-extraoficial-juiz-tj-sc\\\/\"},\"wordCount\":1466,\"commentCount\":0,\"publisher\":{\"@id\":\"https:\\\/\\\/cj.estrategia.com\\\/portal\\\/#organization\"},\"image\":{\"@id\":\"https:\\\/\\\/cj.estrategia.com\\\/portal\\\/gabarito-extraoficial-juiz-tj-sc\\\/#primaryimage\"},\"thumbnailUrl\":\"https:\\\/\\\/cj.estrategia.com\\\/portal\\\/wp-content\\\/uploads\\\/2022\\\/08\\\/20100820\\\/1280-720-max-1-3.jpg\",\"articleSection\":[\"Carreiras Jur\u00eddicas\",\"Magistratura\"],\"inLanguage\":\"pt-BR\",\"potentialAction\":[{\"@type\":\"CommentAction\",\"name\":\"Comment\",\"target\":[\"https:\\\/\\\/cj.estrategia.com\\\/portal\\\/gabarito-extraoficial-juiz-tj-sc\\\/#respond\"]}]},{\"@type\":\"WebPage\",\"@id\":\"https:\\\/\\\/cj.estrategia.com\\\/portal\\\/gabarito-extraoficial-juiz-tj-sc\\\/\",\"url\":\"https:\\\/\\\/cj.estrategia.com\\\/portal\\\/gabarito-extraoficial-juiz-tj-sc\\\/\",\"name\":\"Gabarito Extraoficial Juiz TJ-SC: confira aqui!\",\"isPartOf\":{\"@id\":\"https:\\\/\\\/cj.estrategia.com\\\/portal\\\/#website\"},\"primaryImageOfPage\":{\"@id\":\"https:\\\/\\\/cj.estrategia.com\\\/portal\\\/gabarito-extraoficial-juiz-tj-sc\\\/#primaryimage\"},\"image\":{\"@id\":\"https:\\\/\\\/cj.estrategia.com\\\/portal\\\/gabarito-extraoficial-juiz-tj-sc\\\/#primaryimage\"},\"thumbnailUrl\":\"https:\\\/\\\/cj.estrategia.com\\\/portal\\\/wp-content\\\/uploads\\\/2022\\\/08\\\/20100820\\\/1280-720-max-1-3.jpg\",\"datePublished\":\"2022-08-21T20:23:00+00:00\",\"dateModified\":\"2022-08-22T22:39:24+00:00\",\"description\":\"Confira nosso evento ao vivo e gratuito neste domingo Gabarito Extraoficial Juiz TJ-SC e descubra seu desempenho na prova mais cedo!\",\"breadcrumb\":{\"@id\":\"https:\\\/\\\/cj.estrategia.com\\\/portal\\\/gabarito-extraoficial-juiz-tj-sc\\\/#breadcrumb\"},\"inLanguage\":\"pt-BR\",\"potentialAction\":[{\"@type\":\"ReadAction\",\"target\":[\"https:\\\/\\\/cj.estrategia.com\\\/portal\\\/gabarito-extraoficial-juiz-tj-sc\\\/\"]}]},{\"@type\":\"ImageObject\",\"inLanguage\":\"pt-BR\",\"@id\":\"https:\\\/\\\/cj.estrategia.com\\\/portal\\\/gabarito-extraoficial-juiz-tj-sc\\\/#primaryimage\",\"url\":\"https:\\\/\\\/cj.estrategia.com\\\/portal\\\/wp-content\\\/uploads\\\/2022\\\/08\\\/20100820\\\/1280-720-max-1-3.jpg\",\"contentUrl\":\"https:\\\/\\\/cj.estrategia.com\\\/portal\\\/wp-content\\\/uploads\\\/2022\\\/08\\\/20100820\\\/1280-720-max-1-3.jpg\",\"width\":1280,\"height\":720},{\"@type\":\"BreadcrumbList\",\"@id\":\"https:\\\/\\\/cj.estrategia.com\\\/portal\\\/gabarito-extraoficial-juiz-tj-sc\\\/#breadcrumb\",\"itemListElement\":[{\"@type\":\"ListItem\",\"position\":1,\"name\":\"In\u00edcio\",\"item\":\"https:\\\/\\\/cj.estrategia.com\\\/portal\\\/\"},{\"@type\":\"ListItem\",\"position\":2,\"name\":\"Gabarito Extraoficial Juiz TJ-SC: confira aqui!\"}]},{\"@type\":\"WebSite\",\"@id\":\"https:\\\/\\\/cj.estrategia.com\\\/portal\\\/#website\",\"url\":\"https:\\\/\\\/cj.estrategia.com\\\/portal\\\/\",\"name\":\"Blog - Carreiras Jur\u00eddicas - Estrat\u00e9gia\",\"description\":\"\",\"publisher\":{\"@id\":\"https:\\\/\\\/cj.estrategia.com\\\/portal\\\/#organization\"},\"potentialAction\":[{\"@type\":\"SearchAction\",\"target\":{\"@type\":\"EntryPoint\",\"urlTemplate\":\"https:\\\/\\\/cj.estrategia.com\\\/portal\\\/?s={search_term_string}\"},\"query-input\":{\"@type\":\"PropertyValueSpecification\",\"valueRequired\":true,\"valueName\":\"search_term_string\"}}],\"inLanguage\":\"pt-BR\"},{\"@type\":\"Organization\",\"@id\":\"https:\\\/\\\/cj.estrategia.com\\\/portal\\\/#organization\",\"name\":\"Estrat\u00e9gia - Carreiras Jur\u00eddicas\",\"url\":\"https:\\\/\\\/cj.estrategia.com\\\/portal\\\/\",\"logo\":{\"@type\":\"ImageObject\",\"inLanguage\":\"pt-BR\",\"@id\":\"https:\\\/\\\/cj.estrategia.com\\\/portal\\\/#\\\/schema\\\/logo\\\/image\\\/\",\"url\":\"https:\\\/\\\/cj.estrategia.com\\\/portal\\\/wp-content\\\/uploads\\\/2022\\\/03\\\/11151052\\\/cj-logo.png\",\"contentUrl\":\"https:\\\/\\\/cj.estrategia.com\\\/portal\\\/wp-content\\\/uploads\\\/2022\\\/03\\\/11151052\\\/cj-logo.png\",\"width\":150,\"height\":39,\"caption\":\"Estrat\u00e9gia - Carreiras Jur\u00eddicas\"},\"image\":{\"@id\":\"https:\\\/\\\/cj.estrategia.com\\\/portal\\\/#\\\/schema\\\/logo\\\/image\\\/\"},\"sameAs\":[\"https:\\\/\\\/www.facebook.com\\\/estrategiacarreirajuridica\\\/\",\"https:\\\/\\\/x.com\\\/EstratJuridica\",\"https:\\\/\\\/www.instagram.com\\\/estrategiacarreirajuridica\\\/\",\"https:\\\/\\\/www.youtube.com\\\/channel\\\/UClbMGuYbj2Mh1m3w144ETWQ\"]},{\"@type\":\"Person\",\"@id\":\"https:\\\/\\\/cj.estrategia.com\\\/portal\\\/#\\\/schema\\\/person\\\/4d70317d31449932b99102916b6637f5\",\"name\":\"Coordena\u00e7\u00e3o\",\"image\":{\"@type\":\"ImageObject\",\"inLanguage\":\"pt-BR\",\"@id\":\"https:\\\/\\\/cj.estrategia.com\\\/portal\\\/wp-content\\\/uploads\\\/2022\\\/05\\\/12164923\\\/estrategia-carreira-juridica-coordenacao-96x96.png\",\"url\":\"https:\\\/\\\/cj.estrategia.com\\\/portal\\\/wp-content\\\/uploads\\\/2022\\\/05\\\/12164923\\\/estrategia-carreira-juridica-coordenacao-96x96.png\",\"contentUrl\":\"https:\\\/\\\/cj.estrategia.com\\\/portal\\\/wp-content\\\/uploads\\\/2022\\\/05\\\/12164923\\\/estrategia-carreira-juridica-coordenacao-96x96.png\",\"caption\":\"Coordena\u00e7\u00e3o\"},\"url\":\"https:\\\/\\\/cj.estrategia.com\\\/portal\\\/author\\\/coordenacao\\\/\"}]}<\/script>\n<!-- \/ Yoast SEO Premium plugin. -->","yoast_head_json":{"title":"Gabarito Extraoficial Juiz TJ-SC: confira aqui!","description":"Confira nosso evento ao vivo e gratuito neste domingo Gabarito Extraoficial Juiz TJ-SC e descubra seu desempenho na prova mais cedo!","robots":{"index":"index","follow":"follow","max-snippet":"max-snippet:-1","max-image-preview":"max-image-preview:large","max-video-preview":"max-video-preview:-1"},"canonical":"https:\/\/cj.estrategia.com\/portal\/gabarito-extraoficial-juiz-tj-sc\/","og_locale":"pt_BR","og_type":"article","og_title":"Gabarito Extraoficial Juiz TJ-SC: confira aqui!","og_description":"Confira nosso evento ao vivo e gratuito neste domingo Gabarito Extraoficial Juiz TJ-SC e descubra seu desempenho na prova mais cedo!","og_url":"https:\/\/cj.estrategia.com\/portal\/gabarito-extraoficial-juiz-tj-sc\/","og_site_name":"Blog - Carreiras Jur\u00eddicas - Estrat\u00e9gia","article_publisher":"https:\/\/www.facebook.com\/estrategiacarreirajuridica\/","article_published_time":"2022-08-21T20:23:00+00:00","article_modified_time":"2022-08-22T22:39:24+00:00","og_image":[{"width":1280,"height":720,"url":"https:\/\/cj.estrategia.com\/portal\/wp-content\/uploads\/2022\/08\/20100820\/1280-720-max-1-3.jpg","type":"image\/jpeg"}],"author":"Coordena\u00e7\u00e3o","twitter_card":"summary_large_image","twitter_creator":"@EstratJuridica","twitter_site":"@EstratJuridica","twitter_misc":{"Escrito por":"Coordena\u00e7\u00e3o","Est. tempo de leitura":"7 minutos"},"schema":{"@context":"https:\/\/schema.org","@graph":[{"@type":"NewsArticle","@id":"https:\/\/cj.estrategia.com\/portal\/gabarito-extraoficial-juiz-tj-sc\/#article","isPartOf":{"@id":"https:\/\/cj.estrategia.com\/portal\/gabarito-extraoficial-juiz-tj-sc\/"},"author":{"name":"Coordena\u00e7\u00e3o","@id":"https:\/\/cj.estrategia.com\/portal\/#\/schema\/person\/4d70317d31449932b99102916b6637f5"},"headline":"Gabarito Extraoficial Juiz TJ-SC: confira aqui!","datePublished":"2022-08-21T20:23:00+00:00","dateModified":"2022-08-22T22:39:24+00:00","mainEntityOfPage":{"@id":"https:\/\/cj.estrategia.com\/portal\/gabarito-extraoficial-juiz-tj-sc\/"},"wordCount":1466,"commentCount":0,"publisher":{"@id":"https:\/\/cj.estrategia.com\/portal\/#organization"},"image":{"@id":"https:\/\/cj.estrategia.com\/portal\/gabarito-extraoficial-juiz-tj-sc\/#primaryimage"},"thumbnailUrl":"https:\/\/cj.estrategia.com\/portal\/wp-content\/uploads\/2022\/08\/20100820\/1280-720-max-1-3.jpg","articleSection":["Carreiras Jur\u00eddicas","Magistratura"],"inLanguage":"pt-BR","potentialAction":[{"@type":"CommentAction","name":"Comment","target":["https:\/\/cj.estrategia.com\/portal\/gabarito-extraoficial-juiz-tj-sc\/#respond"]}]},{"@type":"WebPage","@id":"https:\/\/cj.estrategia.com\/portal\/gabarito-extraoficial-juiz-tj-sc\/","url":"https:\/\/cj.estrategia.com\/portal\/gabarito-extraoficial-juiz-tj-sc\/","name":"Gabarito Extraoficial Juiz TJ-SC: confira aqui!","isPartOf":{"@id":"https:\/\/cj.estrategia.com\/portal\/#website"},"primaryImageOfPage":{"@id":"https:\/\/cj.estrategia.com\/portal\/gabarito-extraoficial-juiz-tj-sc\/#primaryimage"},"image":{"@id":"https:\/\/cj.estrategia.com\/portal\/gabarito-extraoficial-juiz-tj-sc\/#primaryimage"},"thumbnailUrl":"https:\/\/cj.estrategia.com\/portal\/wp-content\/uploads\/2022\/08\/20100820\/1280-720-max-1-3.jpg","datePublished":"2022-08-21T20:23:00+00:00","dateModified":"2022-08-22T22:39:24+00:00","description":"Confira nosso evento ao vivo e gratuito neste domingo Gabarito Extraoficial Juiz TJ-SC e descubra seu desempenho na prova mais cedo!","breadcrumb":{"@id":"https:\/\/cj.estrategia.com\/portal\/gabarito-extraoficial-juiz-tj-sc\/#breadcrumb"},"inLanguage":"pt-BR","potentialAction":[{"@type":"ReadAction","target":["https:\/\/cj.estrategia.com\/portal\/gabarito-extraoficial-juiz-tj-sc\/"]}]},{"@type":"ImageObject","inLanguage":"pt-BR","@id":"https:\/\/cj.estrategia.com\/portal\/gabarito-extraoficial-juiz-tj-sc\/#primaryimage","url":"https:\/\/cj.estrategia.com\/portal\/wp-content\/uploads\/2022\/08\/20100820\/1280-720-max-1-3.jpg","contentUrl":"https:\/\/cj.estrategia.com\/portal\/wp-content\/uploads\/2022\/08\/20100820\/1280-720-max-1-3.jpg","width":1280,"height":720},{"@type":"BreadcrumbList","@id":"https:\/\/cj.estrategia.com\/portal\/gabarito-extraoficial-juiz-tj-sc\/#breadcrumb","itemListElement":[{"@type":"ListItem","position":1,"name":"In\u00edcio","item":"https:\/\/cj.estrategia.com\/portal\/"},{"@type":"ListItem","position":2,"name":"Gabarito Extraoficial Juiz TJ-SC: confira aqui!"}]},{"@type":"WebSite","@id":"https:\/\/cj.estrategia.com\/portal\/#website","url":"https:\/\/cj.estrategia.com\/portal\/","name":"Blog - Carreiras Jur\u00eddicas - Estrat\u00e9gia","description":"","publisher":{"@id":"https:\/\/cj.estrategia.com\/portal\/#organization"},"potentialAction":[{"@type":"SearchAction","target":{"@type":"EntryPoint","urlTemplate":"https:\/\/cj.estrategia.com\/portal\/?s={search_term_string}"},"query-input":{"@type":"PropertyValueSpecification","valueRequired":true,"valueName":"search_term_string"}}],"inLanguage":"pt-BR"},{"@type":"Organization","@id":"https:\/\/cj.estrategia.com\/portal\/#organization","name":"Estrat\u00e9gia - Carreiras Jur\u00eddicas","url":"https:\/\/cj.estrategia.com\/portal\/","logo":{"@type":"ImageObject","inLanguage":"pt-BR","@id":"https:\/\/cj.estrategia.com\/portal\/#\/schema\/logo\/image\/","url":"https:\/\/cj.estrategia.com\/portal\/wp-content\/uploads\/2022\/03\/11151052\/cj-logo.png","contentUrl":"https:\/\/cj.estrategia.com\/portal\/wp-content\/uploads\/2022\/03\/11151052\/cj-logo.png","width":150,"height":39,"caption":"Estrat\u00e9gia - Carreiras Jur\u00eddicas"},"image":{"@id":"https:\/\/cj.estrategia.com\/portal\/#\/schema\/logo\/image\/"},"sameAs":["https:\/\/www.facebook.com\/estrategiacarreirajuridica\/","https:\/\/x.com\/EstratJuridica","https:\/\/www.instagram.com\/estrategiacarreirajuridica\/","https:\/\/www.youtube.com\/channel\/UClbMGuYbj2Mh1m3w144ETWQ"]},{"@type":"Person","@id":"https:\/\/cj.estrategia.com\/portal\/#\/schema\/person\/4d70317d31449932b99102916b6637f5","name":"Coordena\u00e7\u00e3o","image":{"@type":"ImageObject","inLanguage":"pt-BR","@id":"https:\/\/cj.estrategia.com\/portal\/wp-content\/uploads\/2022\/05\/12164923\/estrategia-carreira-juridica-coordenacao-96x96.png","url":"https:\/\/cj.estrategia.com\/portal\/wp-content\/uploads\/2022\/05\/12164923\/estrategia-carreira-juridica-coordenacao-96x96.png","contentUrl":"https:\/\/cj.estrategia.com\/portal\/wp-content\/uploads\/2022\/05\/12164923\/estrategia-carreira-juridica-coordenacao-96x96.png","caption":"Coordena\u00e7\u00e3o"},"url":"https:\/\/cj.estrategia.com\/portal\/author\/coordenacao\/"}]}},"jetpack_featured_media_url":"https:\/\/cj.estrategia.com\/portal\/wp-content\/uploads\/2022\/08\/20100820\/1280-720-max-1-3.jpg","jetpack_sharing_enabled":true,"_links":{"self":[{"href":"https:\/\/cj.estrategia.com\/portal\/wp-json\/wp\/v2\/posts\/17075","targetHints":{"allow":["GET"]}}],"collection":[{"href":"https:\/\/cj.estrategia.com\/portal\/wp-json\/wp\/v2\/posts"}],"about":[{"href":"https:\/\/cj.estrategia.com\/portal\/wp-json\/wp\/v2\/types\/post"}],"author":[{"embeddable":true,"href":"https:\/\/cj.estrategia.com\/portal\/wp-json\/wp\/v2\/users\/12"}],"replies":[{"embeddable":true,"href":"https:\/\/cj.estrategia.com\/portal\/wp-json\/wp\/v2\/comments?post=17075"}],"version-history":[{"count":43,"href":"https:\/\/cj.estrategia.com\/portal\/wp-json\/wp\/v2\/posts\/17075\/revisions"}],"predecessor-version":[{"id":17410,"href":"https:\/\/cj.estrategia.com\/portal\/wp-json\/wp\/v2\/posts\/17075\/revisions\/17410"}],"wp:featuredmedia":[{"embeddable":true,"href":"https:\/\/cj.estrategia.com\/portal\/wp-json\/wp\/v2\/media\/17155"}],"wp:attachment":[{"href":"https:\/\/cj.estrategia.com\/portal\/wp-json\/wp\/v2\/media?parent=17075"}],"wp:term":[{"taxonomy":"category","embeddable":true,"href":"https:\/\/cj.estrategia.com\/portal\/wp-json\/wp\/v2\/categories?post=17075"},{"taxonomy":"post_tag","embeddable":true,"href":"https:\/\/cj.estrategia.com\/portal\/wp-json\/wp\/v2\/tags?post=17075"},{"taxonomy":"tax_estado","embeddable":true,"href":"https:\/\/cj.estrategia.com\/portal\/wp-json\/wp\/v2\/tax_estado?post=17075"}],"curies":[{"name":"wp","href":"https:\/\/api.w.org\/{rel}","templated":true}]}}