{"id":170571,"date":"2025-12-18T21:11:09","date_gmt":"2025-12-19T00:11:09","guid":{"rendered":"https:\/\/cj.estrategia.com\/portal\/?p=170571"},"modified":"2026-01-13T10:38:58","modified_gmt":"2026-01-13T13:38:58","slug":"busca-domiciliar-5h-manha-pode","status":"publish","type":"post","link":"https:\/\/cj.estrategia.com\/portal\/busca-domiciliar-5h-manha-pode\/","title":{"rendered":"Busca domiciliar \u00e0s 5h da manh\u00e3 pode?"},"content":{"rendered":"\n<p class=\"has-small-font-size\">* Thiago de Paula Leite \u00e9 procurador do Estado de S\u00e3o Paulo e professor de direito ambiental e agr\u00e1rio do Estrat\u00e9gia.<\/p>\n\n\n\n<h2 class=\"wp-block-heading\" id=\"h-decisao-do-stj\"><span id=\"decisao-do-stj\">Decis\u00e3o do STJ<\/span><\/h2>\n\n\n\n<p>O Superior Tribunal de Justi\u00e7a, por meio de sua 3\u00aa Se\u00e7\u00e3o, decidiu validar a busca domiciliar realizada \u00e0s 5h da manh\u00e3, independentemente de haver ou n\u00e3o luz solar.<\/p>\n\n\n\n<p>A Corte negou provimento aos Recursos Ordin\u00e1rios em Habeas Corpus (RHCs 196.481 e 196.496) que questionavam a legalidade de dilig\u00eancias iniciadas \u00e0s 5h05 em Jo\u00e3o Pessoa\/PB.<\/p>\n\n\n\n<p>Prevaleceu o entendimento do relator, ministro Sebasti\u00e3o Reis J\u00fanior, que validou a busca domiciliar. O colegiado adotou o intervalo objetivo definido pela Lei de Abuso de Autoridade (Lei 13.869\/19) para o cumprimento de mandados domiciliares, fixando-o entre 5h e 21h.<\/p>\n\n\n\n<pre class=\"wp-block-preformatted\"><em>Lei 13.869\/19<\/em><br><br><em>CAP\u00cdTULO VI<\/em><br><br><em>DOS CRIMES E DAS PENAS<\/em><br><br><em>Viol\u00eancia Institucional<\/em><br><br><em>Art. 22. &nbsp;Invadir ou adentrar, clandestina ou astuciosamente, ou \u00e0 revelia da vontade do ocupante, im\u00f3vel alheio ou suas depend\u00eancias, ou nele permanecer nas mesmas condi\u00e7\u00f5es, sem determina\u00e7\u00e3o judicial ou fora das condi\u00e7\u00f5es estabelecidas em lei:<\/em><br><br><em>Pena - deten\u00e7\u00e3o, de 1 (um) a 4 (quatro) anos, e multa.<\/em><br><br><em>\u00a7 1\u00ba &nbsp;Incorre na mesma pena, na forma prevista no caput deste artigo, quem:<\/em><br><br><em>I - coage algu\u00e9m, mediante viol\u00eancia ou grave amea\u00e7a, a franquear-lhe o acesso a im\u00f3vel ou suas depend\u00eancias;<\/em><br><br><em>II - (VETADO);<\/em><br><br><strong><em><strong>III - cumpre mandado de busca e apreens\u00e3o domiciliar ap\u00f3s as 21h (vinte e uma horas) ou antes das 5h (cinco horas).<\/strong><\/em><\/strong><br><br><em>\u00a7 2\u00ba &nbsp;N\u00e3o haver\u00e1 crime se o ingresso for para prestar socorro, ou quando houver fundados ind\u00edcios que indiquem a necessidade do ingresso em raz\u00e3o de situa\u00e7\u00e3o de flagrante delito ou de desastre.<\/em><\/pre>\n\n\n\n<p>Para o relator, embora a defini\u00e7\u00e3o de dia sempre tenha gerado diverg\u00eancias (crit\u00e9rios f\u00edsico, cronol\u00f3gico e misto), essa disputa foi superada pela Lei 13.869\/19.<\/p>\n\n\n\n<figure class=\"wp-block-pullquote\"><blockquote><p><\/p><cite><mark style=\"background-color:rgba(0, 0, 0, 0)\" class=\"has-inline-color has-black-color\">A lei criminalizou o cumprimento de mandado antes das 5h e ap\u00f3s as 21h, estabelecendo um &#8220;hor\u00e1rio certo e definido&#8221; que dispensa considera\u00e7\u00f5es sobre a luminosidade natural para delimitar o in\u00edcio do per\u00edodo l\u00edcito para o cumprimento.<\/mark><\/cite><\/blockquote><\/figure>\n\n\n\n<h3 class=\"wp-block-heading\" id=\"h-argumento-da-defesa\"><span id=\"argumento-da-defesa\">Argumento da defesa<\/span><\/h3>\n\n\n\n<p>O caso envolvia duas advogadas investigadas na Opera\u00e7\u00e3o Escoliose. As defesas sustentaram que a busca, iniciada \u00e0s 5h05, violou a inviolabilidade domiciliar (art. 5\u00ba, XI, da Constitui\u00e7\u00e3o e art. 245 do CPP) por ter ocorrido em per\u00edodo noturno, visto que o sol s\u00f3 nasceu \u00e0s 5h33 naquele dia.<\/p>\n\n\n\n<pre class=\"wp-block-preformatted\"><em>CF<\/em><br><br><em>Art. 5\u00ba Todos s\u00e3o iguais perante a lei, sem distin\u00e7\u00e3o de qualquer natureza, garantindo-se aos brasileiros e aos estrangeiros residentes no Pa\u00eds a inviolabilidade do direito \u00e0 vida, \u00e0 liberdade, \u00e0 igualdade, \u00e0 seguran\u00e7a e \u00e0 propriedade, nos termos seguintes:<\/em><br><br><em>...<\/em><br><br><em>XI - <\/em><strong><em><strong>a casa \u00e9 asilo inviol\u00e1vel do indiv\u00edduo<\/strong><\/em><\/strong><em>, ningu\u00e9m nela podendo penetrar sem consentimento do morador, salvo em caso de flagrante delito ou desastre, ou para prestar socorro, ou, durante o dia, por determina\u00e7\u00e3o judicial;<\/em><br><br><em>...<\/em><\/pre>\n\n\n\n<pre class=\"wp-block-preformatted\"><em>CPP<\/em><br><br><em>Art. 245. &nbsp;<\/em><strong><em><strong>As buscas domiciliares ser\u00e3o executadas de dia<\/strong><\/em><\/strong><em>, salvo se o morador consentir que se realizem \u00e0 noite, e, antes de penetrarem na casa, os executores mostrar\u00e3o e ler\u00e3o o mandado ao morador, ou a quem o represente, intimando-o, em seguida, a abrir a porta.<\/em><\/pre>\n\n\n\n<p>O princ\u00edpio da inviolabilidade domiciliar objetiva proteger a intimidade e a vida privada do indiv\u00edduo. Al\u00e9m disso, visa garantir-lhe, especialmente no per\u00edodo noturno, o sossego e a tranquilidade esperados do lar.<\/p>\n\n\n\n<p>Como bem apontado pela professora Marcela Neves Suonski, o conceito de \u201ccasa\u201d, segundo entendimento do STF, revela-se abrangente, estendendo-se a:<\/p>\n\n\n\n<ul class=\"wp-block-list\">\n<li><strong>Qualquer compartimento habitado;<\/strong><\/li>\n\n\n\n<li><strong>Qualquer aposento ocupado de habita\u00e7\u00e3o coletiva; e<\/strong><\/li>\n\n\n\n<li><strong>Qualquer compartimento privado n\u00e3o aberto ao p\u00fablico, onde algu\u00e9m exerce profiss\u00e3o ou atividade pessoal.<\/strong><\/li>\n<\/ul>\n\n\n\n<p>Portanto, o conceito de \u201ccasa\u201d tamb\u00e9m abrange escrit\u00f3rios profissionais, consult\u00f3rios m\u00e9dicos e odontol\u00f3gicos, trailers, barcos e aposentos de habita\u00e7\u00e3o coletiva.<\/p>\n\n\n\n<p>Hip\u00f3teses que permitem a entrada na casa de um indiv\u00edduo:<\/p>\n\n\n\n<ul class=\"wp-block-list\">\n<li><strong>Com o consentimento do morador;<\/strong><\/li>\n\n\n\n<li><strong>Sem o consentimento do morador, sob ordem judicial, <mark style=\"background-color:rgba(0, 0, 0, 0)\" class=\"has-inline-color has-vivid-red-color\">apenas durante o dia<\/mark>. <\/strong><\/li>\n\n\n\n<li><strong>A qualquer hora, sem o consentimento do indiv\u00edduo, em caso de flagrante delito ou desastre, ou, ainda, para prestar socorro.<\/strong>&nbsp;<\/li>\n<\/ul>\n\n\n\n<p>Os advogados argumentaram que a Constitui\u00e7\u00e3o e o C\u00f3digo de Processo Penal exigem a luz solar efetiva para caracterizar o per\u00edodo diurno, e que um mero marco cronol\u00f3gico de 5h n\u00e3o \u00e9 suficiente para atender \u00e0 cl\u00e1usula p\u00e9trea da inviolabilidade do lar.<\/p>\n\n\n\n<p>Eles citaram dados astron\u00f4micos, fotografias e testemunhos para provar que a a\u00e7\u00e3o ocorreu ainda na escurid\u00e3o, e relataram os impactos traum\u00e1ticos da medida em lares que abrigavam idosos, crian\u00e7as e fam\u00edlias em repouso noturno.<\/p>\n\n\n\n<h3 class=\"wp-block-heading\" id=\"h-posicao-do-mpf\"><span id=\"posicao-do-mpf\">Posi\u00e7\u00e3o do MPF<\/span><\/h3>\n\n\n\n<div class=\"wp-block-media-text is-stacked-on-mobile\" style=\"grid-template-columns:34% auto\"><figure class=\"wp-block-media-text__media\"><img decoding=\"async\" width=\"512\" height=\"512\" src=\"https:\/\/cj.estrategia.com\/portal\/wp-content\/uploads\/2025\/12\/18210218\/tempo-relogio-prazo-validade-turno-hora.png\" alt=\"busca domiciliar\" class=\"wp-image-170581 size-full\" srcset=\"https:\/\/cj.estrategia.com\/portal\/wp-content\/uploads\/2025\/12\/18210218\/tempo-relogio-prazo-validade-turno-hora.png 512w, https:\/\/cj.estrategia.com\/portal\/wp-content\/uploads\/2025\/12\/18210218\/tempo-relogio-prazo-validade-turno-hora-300x300.png 300w, https:\/\/cj.estrategia.com\/portal\/wp-content\/uploads\/2025\/12\/18210218\/tempo-relogio-prazo-validade-turno-hora-150x150.png 150w, https:\/\/cj.estrategia.com\/portal\/wp-content\/uploads\/2025\/12\/18210218\/tempo-relogio-prazo-validade-turno-hora-80x80.png 80w, https:\/\/cj.estrategia.com\/portal\/wp-content\/uploads\/2025\/12\/18210218\/tempo-relogio-prazo-validade-turno-hora-380x380.png 380w, https:\/\/cj.estrategia.com\/portal\/wp-content\/uploads\/2025\/12\/18210218\/tempo-relogio-prazo-validade-turno-hora-24x24.png 24w, https:\/\/cj.estrategia.com\/portal\/wp-content\/uploads\/2025\/12\/18210218\/tempo-relogio-prazo-validade-turno-hora-48x48.png 48w, https:\/\/cj.estrategia.com\/portal\/wp-content\/uploads\/2025\/12\/18210218\/tempo-relogio-prazo-validade-turno-hora-96x96.png 96w\" sizes=\"(max-width: 512px) 100vw, 512px\" \/><\/figure><div class=\"wp-block-media-text__content\">\n<p>O Minist\u00e9rio P\u00fablico Federal, por outro lado, defendeu a legalidade da opera\u00e7\u00e3o, afirmando que a Lei de Abuso de Autoridade resolveu a controv\u00e9rsia ao definir os limites temporais, considerando l\u00edcito todo o per\u00edodo <strong><mark style=\"background-color:rgba(0, 0, 0, 0)\" class=\"has-inline-color has-black-color\">a partir das 5h, mesmo sem luz natural<\/mark><\/strong>.<\/p>\n<\/div><\/div>\n\n\n\n<h3 class=\"wp-block-heading\" id=\"h-voto-vencido\"><span id=\"voto-vencido\">Voto vencido<\/span><\/h3>\n\n\n\n<p>O ministro Rogerio Schietti ficou vencido ao divergir da maioria. Ele sustentou que a Lei de Abuso de Autoridade apenas criminalizou o cumprimento do mandado em certos hor\u00e1rios, mas n\u00e3o definiu o que \u00e9 &#8220;dia&#8221;.<\/p>\n\n\n\n<p>Para Schietti, uma dilig\u00eancia feita \u00e0s 5h \u2013 ainda em plena noite \u2013 afronta a prote\u00e7\u00e3o refor\u00e7ada do lar, uma garantia sens\u00edvel do Estado de Direito.<\/p>\n\n\n\n<p>Ele lembrou que incurs\u00f5es noturnas s\u00e3o reconhecidamente mais traum\u00e1ticas, especialmente para mulheres, crian\u00e7as e adolescentes, e que em grande parte do pa\u00eds o amanhecer acontece bem depois das 5h, sobretudo no inverno.<\/p>\n\n\n\n<p>O ministro prop\u00f4s que o crit\u00e9rio adequado fosse adotado por analogia com o C\u00f3digo de Processo Civil, fixando o intervalo de cumprimento de mandados entre 6h e 20h. Ele advertiu que autorizar incurs\u00f5es \u00e0s 5h representa um perigoso alargamento para opera\u00e7\u00f5es ainda noturnas.<\/p>\n\n\n\n<p>Schietti defendeu a nulidade da dilig\u00eancia em quest\u00e3o e prop\u00f4s a modula\u00e7\u00e3o dos efeitos para que o novo marco (6h \u00e0s 20h) valesse apenas para casos futuros.<\/p>\n\n\n\n<h3 class=\"wp-block-heading\" id=\"h-maioria-formada\"><span id=\"maioria-formada\">Maioria formada<\/span><\/h3>\n\n\n\n<p>Por maioria, a 3\u00aa se\u00e7\u00e3o negou provimento aos recursos, validando o cumprimento do mandado \u00e0s 5h05 e adotando, como refer\u00eancia, o intervalo de 5h \u00e0s 21h definido pela&nbsp;lei de abuso de autoridade.<\/p>\n\n\n\n<p>\u00d3timo tema para provas de direito constitucional e <strong><a href=\"https:\/\/www.estrategiaconcursos.com.br\/assinaturas-ecj\/\" target=\"_blank\" >direito processual penal<\/a><\/strong>!<\/p>\n\n\n\n<hr class=\"wp-block-separator has-alpha-channel-opacity\"\/>\n\n\n\n<h2 class=\"wp-block-heading has-text-align-center\" id=\"h-quer-saber-quais-serao-os-proximos-concursos\"><span id=\"quer-saber-quais-serao-os-proximos-concursos\">Quer saber quais ser\u00e3o os pr\u00f3ximos concursos?<\/span><\/h2>\n\n\n\n<pre class=\"wp-block-verse has-text-align-center\">Confira nossos&nbsp;<a href=\"https:\/\/cj.estrategia.com\/portal\/\" target=\"_blank\" >artigos para Carreiras Jur\u00eddicas<\/a>!<\/pre>\n\n\n\n<p class=\"has-text-align-center has-white-color has-pale-cyan-blue-background-color has-text-color has-background has-link-color wp-elements-723b3278bf14a50a5e7b7e937b9a17d4\"><a href=\"https:\/\/cj.estrategia.com\/portal\/concursos-abertos-carreiras-juridicas\/\">Concursos jur\u00eddicos abertos<\/a><\/p>\n\n\n\n<p class=\"has-text-align-center has-white-color has-pale-cyan-blue-background-color has-text-color has-background has-link-color wp-elements-496ff0d6ff0b820bef202a6b1c368a65\"><a href=\"https:\/\/cj.estrategia.com\/portal\/concursos-juridicos-2026\/\">Concursos jur\u00eddicos 2026<\/a><\/p>\n\n\n\n<p><\/p>\n","protected":false},"excerpt":{"rendered":"* Thiago de Paula Leite \u00e9 procurador do Estado de S\u00e3o Paulo e professor de direito ambiental e&hellip;\n","protected":false},"author":81,"featured_media":170573,"comment_status":"open","ping_status":"open","sticky":false,"template":"","format":"standard","meta":{"_jetpack_memberships_contains_paid_content":false,"footnotes":""},"categories":[1],"tags":[3927,730,1458,297,1660,3348,3926,2942,1990,134,202],"tax_estado":[45],"class_list":{"0":"post-170571","1":"post","2":"type-post","3":"status-publish","4":"format-standard","5":"has-post-thumbnail","7":"category-carreiras-juridicas","8":"tag-busca-domiciliar","9":"tag-direito-constitucional","10":"tag-direito-processual-penal","11":"tag-habeas-corpus","12":"tag-inviolabilidade-da-intimidade-e-da-vida-privada","13":"tag-inviolabilidade-domiciliar","14":"tag-lei-de-abuso-de-autoridade","15":"tag-mandado-de-busca","16":"tag-ministerio-publico-federal-mpf","17":"tag-stf","18":"tag-stj","19":"tax_estado-pb"},"acf":[],"yoast_head":"<!-- This site is optimized with the Yoast SEO Premium plugin v27.4 (Yoast SEO v27.4) - https:\/\/yoast.com\/product\/yoast-seo-premium-wordpress\/ -->\n<title>Busca domiciliar \u00e0s 5h da manh\u00e3 pode?<\/title>\n<meta name=\"description\" content=\"O STJ, por meio de sua 3\u00aa Se\u00e7\u00e3o, decidiu validar a busca domiciliar realizada \u00e0s 5h da manh\u00e3, independentemente de haver ou n\u00e3o luz solar.\" \/>\n<meta name=\"robots\" content=\"index, follow, max-snippet:-1, max-image-preview:large, max-video-preview:-1\" \/>\n<link rel=\"canonical\" href=\"https:\/\/cj.estrategia.com\/portal\/busca-domiciliar-5h-manha-pode\/\" \/>\n<meta property=\"og:locale\" content=\"pt_BR\" \/>\n<meta property=\"og:type\" content=\"article\" \/>\n<meta property=\"og:title\" content=\"Busca domiciliar \u00e0s 5h da manh\u00e3 pode?\" \/>\n<meta property=\"og:description\" content=\"O STJ, por meio de sua 3\u00aa Se\u00e7\u00e3o, decidiu validar a busca domiciliar realizada \u00e0s 5h da manh\u00e3, independentemente de haver ou n\u00e3o luz solar.\" \/>\n<meta property=\"og:url\" content=\"https:\/\/cj.estrategia.com\/portal\/busca-domiciliar-5h-manha-pode\/\" \/>\n<meta property=\"og:site_name\" content=\"Blog - Carreiras Jur\u00eddicas - Estrat\u00e9gia\" \/>\n<meta property=\"article:publisher\" content=\"https:\/\/www.facebook.com\/estrategiacarreirajuridica\/\" \/>\n<meta property=\"article:published_time\" content=\"2025-12-19T00:11:09+00:00\" \/>\n<meta property=\"article:modified_time\" content=\"2026-01-13T13:38:58+00:00\" \/>\n<meta property=\"og:image\" content=\"https:\/\/cj.estrategia.com\/portal\/wp-content\/uploads\/2025\/12\/18205538\/busca-domiciliar-policia-operacao.jpg\" \/>\n\t<meta property=\"og:image:width\" content=\"768\" \/>\n\t<meta property=\"og:image:height\" content=\"482\" \/>\n\t<meta property=\"og:image:type\" content=\"image\/jpeg\" \/>\n<meta name=\"author\" content=\"Thiago Leite\" \/>\n<meta name=\"twitter:card\" content=\"summary_large_image\" \/>\n<meta name=\"twitter:creator\" content=\"@EstratJuridica\" \/>\n<meta name=\"twitter:site\" content=\"@EstratJuridica\" \/>\n<meta name=\"twitter:label1\" content=\"Escrito por\" \/>\n\t<meta name=\"twitter:data1\" content=\"Thiago Leite\" \/>\n\t<meta name=\"twitter:label2\" content=\"Est. tempo de leitura\" \/>\n\t<meta name=\"twitter:data2\" content=\"5 minutos\" \/>\n<script type=\"application\/ld+json\" class=\"yoast-schema-graph\">{\"@context\":\"https:\\\/\\\/schema.org\",\"@graph\":[{\"@type\":\"NewsArticle\",\"@id\":\"https:\\\/\\\/cj.estrategia.com\\\/portal\\\/busca-domiciliar-5h-manha-pode\\\/#article\",\"isPartOf\":{\"@id\":\"https:\\\/\\\/cj.estrategia.com\\\/portal\\\/busca-domiciliar-5h-manha-pode\\\/\"},\"author\":{\"name\":\"Thiago Leite\",\"@id\":\"https:\\\/\\\/cj.estrategia.com\\\/portal\\\/#\\\/schema\\\/person\\\/7d7d2b1c8386e2eeacc0b09cfbc1d0ff\"},\"headline\":\"Busca domiciliar \u00e0s 5h da manh\u00e3 pode?\",\"datePublished\":\"2025-12-19T00:11:09+00:00\",\"dateModified\":\"2026-01-13T13:38:58+00:00\",\"mainEntityOfPage\":{\"@id\":\"https:\\\/\\\/cj.estrategia.com\\\/portal\\\/busca-domiciliar-5h-manha-pode\\\/\"},\"wordCount\":800,\"commentCount\":0,\"publisher\":{\"@id\":\"https:\\\/\\\/cj.estrategia.com\\\/portal\\\/#organization\"},\"image\":{\"@id\":\"https:\\\/\\\/cj.estrategia.com\\\/portal\\\/busca-domiciliar-5h-manha-pode\\\/#primaryimage\"},\"thumbnailUrl\":\"https:\\\/\\\/cj.estrategia.com\\\/portal\\\/wp-content\\\/uploads\\\/2025\\\/12\\\/18205538\\\/busca-domiciliar-policia-operacao.jpg\",\"keywords\":[\"busca domiciliar\",\"Direito Constitucional\",\"direito processual penal\",\"habeas corpus\",\"inviolabilidade da intimidade e da vida privada\",\"inviolabilidade domiciliar\",\"Lei de Abuso de Autoridade\",\"mandado de busca\",\"Minist\u00e9rio P\u00fablico Federal (MPF)\",\"STF\",\"STJ\"],\"articleSection\":[\"Carreiras Jur\u00eddicas\"],\"inLanguage\":\"pt-BR\",\"potentialAction\":[{\"@type\":\"CommentAction\",\"name\":\"Comment\",\"target\":[\"https:\\\/\\\/cj.estrategia.com\\\/portal\\\/busca-domiciliar-5h-manha-pode\\\/#respond\"]}]},{\"@type\":\"WebPage\",\"@id\":\"https:\\\/\\\/cj.estrategia.com\\\/portal\\\/busca-domiciliar-5h-manha-pode\\\/\",\"url\":\"https:\\\/\\\/cj.estrategia.com\\\/portal\\\/busca-domiciliar-5h-manha-pode\\\/\",\"name\":\"Busca domiciliar \u00e0s 5h da manh\u00e3 pode?\",\"isPartOf\":{\"@id\":\"https:\\\/\\\/cj.estrategia.com\\\/portal\\\/#website\"},\"primaryImageOfPage\":{\"@id\":\"https:\\\/\\\/cj.estrategia.com\\\/portal\\\/busca-domiciliar-5h-manha-pode\\\/#primaryimage\"},\"image\":{\"@id\":\"https:\\\/\\\/cj.estrategia.com\\\/portal\\\/busca-domiciliar-5h-manha-pode\\\/#primaryimage\"},\"thumbnailUrl\":\"https:\\\/\\\/cj.estrategia.com\\\/portal\\\/wp-content\\\/uploads\\\/2025\\\/12\\\/18205538\\\/busca-domiciliar-policia-operacao.jpg\",\"datePublished\":\"2025-12-19T00:11:09+00:00\",\"dateModified\":\"2026-01-13T13:38:58+00:00\",\"description\":\"O STJ, por meio de sua 3\u00aa Se\u00e7\u00e3o, decidiu validar a busca domiciliar realizada \u00e0s 5h da manh\u00e3, independentemente de haver ou n\u00e3o luz solar.\",\"breadcrumb\":{\"@id\":\"https:\\\/\\\/cj.estrategia.com\\\/portal\\\/busca-domiciliar-5h-manha-pode\\\/#breadcrumb\"},\"inLanguage\":\"pt-BR\",\"potentialAction\":[{\"@type\":\"ReadAction\",\"target\":[\"https:\\\/\\\/cj.estrategia.com\\\/portal\\\/busca-domiciliar-5h-manha-pode\\\/\"]}]},{\"@type\":\"ImageObject\",\"inLanguage\":\"pt-BR\",\"@id\":\"https:\\\/\\\/cj.estrategia.com\\\/portal\\\/busca-domiciliar-5h-manha-pode\\\/#primaryimage\",\"url\":\"https:\\\/\\\/cj.estrategia.com\\\/portal\\\/wp-content\\\/uploads\\\/2025\\\/12\\\/18205538\\\/busca-domiciliar-policia-operacao.jpg\",\"contentUrl\":\"https:\\\/\\\/cj.estrategia.com\\\/portal\\\/wp-content\\\/uploads\\\/2025\\\/12\\\/18205538\\\/busca-domiciliar-policia-operacao.jpg\",\"width\":768,\"height\":482},{\"@type\":\"BreadcrumbList\",\"@id\":\"https:\\\/\\\/cj.estrategia.com\\\/portal\\\/busca-domiciliar-5h-manha-pode\\\/#breadcrumb\",\"itemListElement\":[{\"@type\":\"ListItem\",\"position\":1,\"name\":\"In\u00edcio\",\"item\":\"https:\\\/\\\/cj.estrategia.com\\\/portal\\\/\"},{\"@type\":\"ListItem\",\"position\":2,\"name\":\"Busca domiciliar \u00e0s 5h da manh\u00e3 pode?\"}]},{\"@type\":\"WebSite\",\"@id\":\"https:\\\/\\\/cj.estrategia.com\\\/portal\\\/#website\",\"url\":\"https:\\\/\\\/cj.estrategia.com\\\/portal\\\/\",\"name\":\"Blog - Carreiras Jur\u00eddicas - Estrat\u00e9gia\",\"description\":\"\",\"publisher\":{\"@id\":\"https:\\\/\\\/cj.estrategia.com\\\/portal\\\/#organization\"},\"potentialAction\":[{\"@type\":\"SearchAction\",\"target\":{\"@type\":\"EntryPoint\",\"urlTemplate\":\"https:\\\/\\\/cj.estrategia.com\\\/portal\\\/?s={search_term_string}\"},\"query-input\":{\"@type\":\"PropertyValueSpecification\",\"valueRequired\":true,\"valueName\":\"search_term_string\"}}],\"inLanguage\":\"pt-BR\"},{\"@type\":\"Organization\",\"@id\":\"https:\\\/\\\/cj.estrategia.com\\\/portal\\\/#organization\",\"name\":\"Estrat\u00e9gia - Carreiras Jur\u00eddicas\",\"url\":\"https:\\\/\\\/cj.estrategia.com\\\/portal\\\/\",\"logo\":{\"@type\":\"ImageObject\",\"inLanguage\":\"pt-BR\",\"@id\":\"https:\\\/\\\/cj.estrategia.com\\\/portal\\\/#\\\/schema\\\/logo\\\/image\\\/\",\"url\":\"https:\\\/\\\/cj.estrategia.com\\\/portal\\\/wp-content\\\/uploads\\\/2022\\\/03\\\/11151052\\\/cj-logo.png\",\"contentUrl\":\"https:\\\/\\\/cj.estrategia.com\\\/portal\\\/wp-content\\\/uploads\\\/2022\\\/03\\\/11151052\\\/cj-logo.png\",\"width\":150,\"height\":39,\"caption\":\"Estrat\u00e9gia - Carreiras Jur\u00eddicas\"},\"image\":{\"@id\":\"https:\\\/\\\/cj.estrategia.com\\\/portal\\\/#\\\/schema\\\/logo\\\/image\\\/\"},\"sameAs\":[\"https:\\\/\\\/www.facebook.com\\\/estrategiacarreirajuridica\\\/\",\"https:\\\/\\\/x.com\\\/EstratJuridica\",\"https:\\\/\\\/www.instagram.com\\\/estrategiacarreirajuridica\\\/\",\"https:\\\/\\\/www.youtube.com\\\/channel\\\/UClbMGuYbj2Mh1m3w144ETWQ\"]},{\"@type\":\"Person\",\"@id\":\"https:\\\/\\\/cj.estrategia.com\\\/portal\\\/#\\\/schema\\\/person\\\/7d7d2b1c8386e2eeacc0b09cfbc1d0ff\",\"name\":\"Thiago Leite\",\"image\":{\"@type\":\"ImageObject\",\"inLanguage\":\"pt-BR\",\"@id\":\"https:\\\/\\\/secure.gravatar.com\\\/avatar\\\/15ff5746ff9e313f1248fe2373ce03309054e96387bb9249055458d0c1aaa297?s=96&d=mm&r=g\",\"url\":\"https:\\\/\\\/secure.gravatar.com\\\/avatar\\\/15ff5746ff9e313f1248fe2373ce03309054e96387bb9249055458d0c1aaa297?s=96&d=mm&r=g\",\"contentUrl\":\"https:\\\/\\\/secure.gravatar.com\\\/avatar\\\/15ff5746ff9e313f1248fe2373ce03309054e96387bb9249055458d0c1aaa297?s=96&d=mm&r=g\",\"caption\":\"Thiago Leite\"},\"description\":\"Thiago de Paula Leite \u00e9 procurador do Estado de S\u00e3o Paulo e professor de direito ambiental e agr\u00e1rio do Estrat\u00e9gia.\",\"url\":\"https:\\\/\\\/cj.estrategia.com\\\/portal\\\/author\\\/thiago-leite\\\/\"}]}<\/script>\n<!-- \/ Yoast SEO Premium plugin. -->","yoast_head_json":{"title":"Busca domiciliar \u00e0s 5h da manh\u00e3 pode?","description":"O STJ, por meio de sua 3\u00aa Se\u00e7\u00e3o, decidiu validar a busca domiciliar realizada \u00e0s 5h da manh\u00e3, independentemente de haver ou n\u00e3o luz solar.","robots":{"index":"index","follow":"follow","max-snippet":"max-snippet:-1","max-image-preview":"max-image-preview:large","max-video-preview":"max-video-preview:-1"},"canonical":"https:\/\/cj.estrategia.com\/portal\/busca-domiciliar-5h-manha-pode\/","og_locale":"pt_BR","og_type":"article","og_title":"Busca domiciliar \u00e0s 5h da manh\u00e3 pode?","og_description":"O STJ, por meio de sua 3\u00aa Se\u00e7\u00e3o, decidiu validar a busca domiciliar realizada \u00e0s 5h da manh\u00e3, independentemente de haver ou n\u00e3o luz solar.","og_url":"https:\/\/cj.estrategia.com\/portal\/busca-domiciliar-5h-manha-pode\/","og_site_name":"Blog - Carreiras Jur\u00eddicas - Estrat\u00e9gia","article_publisher":"https:\/\/www.facebook.com\/estrategiacarreirajuridica\/","article_published_time":"2025-12-19T00:11:09+00:00","article_modified_time":"2026-01-13T13:38:58+00:00","og_image":[{"width":768,"height":482,"url":"https:\/\/cj.estrategia.com\/portal\/wp-content\/uploads\/2025\/12\/18205538\/busca-domiciliar-policia-operacao.jpg","type":"image\/jpeg"}],"author":"Thiago Leite","twitter_card":"summary_large_image","twitter_creator":"@EstratJuridica","twitter_site":"@EstratJuridica","twitter_misc":{"Escrito por":"Thiago Leite","Est. tempo de leitura":"5 minutos"},"schema":{"@context":"https:\/\/schema.org","@graph":[{"@type":"NewsArticle","@id":"https:\/\/cj.estrategia.com\/portal\/busca-domiciliar-5h-manha-pode\/#article","isPartOf":{"@id":"https:\/\/cj.estrategia.com\/portal\/busca-domiciliar-5h-manha-pode\/"},"author":{"name":"Thiago Leite","@id":"https:\/\/cj.estrategia.com\/portal\/#\/schema\/person\/7d7d2b1c8386e2eeacc0b09cfbc1d0ff"},"headline":"Busca domiciliar \u00e0s 5h da manh\u00e3 pode?","datePublished":"2025-12-19T00:11:09+00:00","dateModified":"2026-01-13T13:38:58+00:00","mainEntityOfPage":{"@id":"https:\/\/cj.estrategia.com\/portal\/busca-domiciliar-5h-manha-pode\/"},"wordCount":800,"commentCount":0,"publisher":{"@id":"https:\/\/cj.estrategia.com\/portal\/#organization"},"image":{"@id":"https:\/\/cj.estrategia.com\/portal\/busca-domiciliar-5h-manha-pode\/#primaryimage"},"thumbnailUrl":"https:\/\/cj.estrategia.com\/portal\/wp-content\/uploads\/2025\/12\/18205538\/busca-domiciliar-policia-operacao.jpg","keywords":["busca domiciliar","Direito Constitucional","direito processual penal","habeas corpus","inviolabilidade da intimidade e da vida privada","inviolabilidade domiciliar","Lei de Abuso de Autoridade","mandado de busca","Minist\u00e9rio P\u00fablico Federal (MPF)","STF","STJ"],"articleSection":["Carreiras Jur\u00eddicas"],"inLanguage":"pt-BR","potentialAction":[{"@type":"CommentAction","name":"Comment","target":["https:\/\/cj.estrategia.com\/portal\/busca-domiciliar-5h-manha-pode\/#respond"]}]},{"@type":"WebPage","@id":"https:\/\/cj.estrategia.com\/portal\/busca-domiciliar-5h-manha-pode\/","url":"https:\/\/cj.estrategia.com\/portal\/busca-domiciliar-5h-manha-pode\/","name":"Busca domiciliar \u00e0s 5h da manh\u00e3 pode?","isPartOf":{"@id":"https:\/\/cj.estrategia.com\/portal\/#website"},"primaryImageOfPage":{"@id":"https:\/\/cj.estrategia.com\/portal\/busca-domiciliar-5h-manha-pode\/#primaryimage"},"image":{"@id":"https:\/\/cj.estrategia.com\/portal\/busca-domiciliar-5h-manha-pode\/#primaryimage"},"thumbnailUrl":"https:\/\/cj.estrategia.com\/portal\/wp-content\/uploads\/2025\/12\/18205538\/busca-domiciliar-policia-operacao.jpg","datePublished":"2025-12-19T00:11:09+00:00","dateModified":"2026-01-13T13:38:58+00:00","description":"O STJ, por meio de sua 3\u00aa Se\u00e7\u00e3o, decidiu validar a busca domiciliar realizada \u00e0s 5h da manh\u00e3, independentemente de haver ou n\u00e3o luz solar.","breadcrumb":{"@id":"https:\/\/cj.estrategia.com\/portal\/busca-domiciliar-5h-manha-pode\/#breadcrumb"},"inLanguage":"pt-BR","potentialAction":[{"@type":"ReadAction","target":["https:\/\/cj.estrategia.com\/portal\/busca-domiciliar-5h-manha-pode\/"]}]},{"@type":"ImageObject","inLanguage":"pt-BR","@id":"https:\/\/cj.estrategia.com\/portal\/busca-domiciliar-5h-manha-pode\/#primaryimage","url":"https:\/\/cj.estrategia.com\/portal\/wp-content\/uploads\/2025\/12\/18205538\/busca-domiciliar-policia-operacao.jpg","contentUrl":"https:\/\/cj.estrategia.com\/portal\/wp-content\/uploads\/2025\/12\/18205538\/busca-domiciliar-policia-operacao.jpg","width":768,"height":482},{"@type":"BreadcrumbList","@id":"https:\/\/cj.estrategia.com\/portal\/busca-domiciliar-5h-manha-pode\/#breadcrumb","itemListElement":[{"@type":"ListItem","position":1,"name":"In\u00edcio","item":"https:\/\/cj.estrategia.com\/portal\/"},{"@type":"ListItem","position":2,"name":"Busca domiciliar \u00e0s 5h da manh\u00e3 pode?"}]},{"@type":"WebSite","@id":"https:\/\/cj.estrategia.com\/portal\/#website","url":"https:\/\/cj.estrategia.com\/portal\/","name":"Blog - Carreiras Jur\u00eddicas - Estrat\u00e9gia","description":"","publisher":{"@id":"https:\/\/cj.estrategia.com\/portal\/#organization"},"potentialAction":[{"@type":"SearchAction","target":{"@type":"EntryPoint","urlTemplate":"https:\/\/cj.estrategia.com\/portal\/?s={search_term_string}"},"query-input":{"@type":"PropertyValueSpecification","valueRequired":true,"valueName":"search_term_string"}}],"inLanguage":"pt-BR"},{"@type":"Organization","@id":"https:\/\/cj.estrategia.com\/portal\/#organization","name":"Estrat\u00e9gia - Carreiras Jur\u00eddicas","url":"https:\/\/cj.estrategia.com\/portal\/","logo":{"@type":"ImageObject","inLanguage":"pt-BR","@id":"https:\/\/cj.estrategia.com\/portal\/#\/schema\/logo\/image\/","url":"https:\/\/cj.estrategia.com\/portal\/wp-content\/uploads\/2022\/03\/11151052\/cj-logo.png","contentUrl":"https:\/\/cj.estrategia.com\/portal\/wp-content\/uploads\/2022\/03\/11151052\/cj-logo.png","width":150,"height":39,"caption":"Estrat\u00e9gia - Carreiras Jur\u00eddicas"},"image":{"@id":"https:\/\/cj.estrategia.com\/portal\/#\/schema\/logo\/image\/"},"sameAs":["https:\/\/www.facebook.com\/estrategiacarreirajuridica\/","https:\/\/x.com\/EstratJuridica","https:\/\/www.instagram.com\/estrategiacarreirajuridica\/","https:\/\/www.youtube.com\/channel\/UClbMGuYbj2Mh1m3w144ETWQ"]},{"@type":"Person","@id":"https:\/\/cj.estrategia.com\/portal\/#\/schema\/person\/7d7d2b1c8386e2eeacc0b09cfbc1d0ff","name":"Thiago Leite","image":{"@type":"ImageObject","inLanguage":"pt-BR","@id":"https:\/\/secure.gravatar.com\/avatar\/15ff5746ff9e313f1248fe2373ce03309054e96387bb9249055458d0c1aaa297?s=96&d=mm&r=g","url":"https:\/\/secure.gravatar.com\/avatar\/15ff5746ff9e313f1248fe2373ce03309054e96387bb9249055458d0c1aaa297?s=96&d=mm&r=g","contentUrl":"https:\/\/secure.gravatar.com\/avatar\/15ff5746ff9e313f1248fe2373ce03309054e96387bb9249055458d0c1aaa297?s=96&d=mm&r=g","caption":"Thiago Leite"},"description":"Thiago de Paula Leite \u00e9 procurador do Estado de S\u00e3o Paulo e professor de direito ambiental e agr\u00e1rio do Estrat\u00e9gia.","url":"https:\/\/cj.estrategia.com\/portal\/author\/thiago-leite\/"}]}},"jetpack_featured_media_url":"https:\/\/cj.estrategia.com\/portal\/wp-content\/uploads\/2025\/12\/18205538\/busca-domiciliar-policia-operacao.jpg","jetpack_sharing_enabled":true,"_links":{"self":[{"href":"https:\/\/cj.estrategia.com\/portal\/wp-json\/wp\/v2\/posts\/170571","targetHints":{"allow":["GET"]}}],"collection":[{"href":"https:\/\/cj.estrategia.com\/portal\/wp-json\/wp\/v2\/posts"}],"about":[{"href":"https:\/\/cj.estrategia.com\/portal\/wp-json\/wp\/v2\/types\/post"}],"author":[{"embeddable":true,"href":"https:\/\/cj.estrategia.com\/portal\/wp-json\/wp\/v2\/users\/81"}],"replies":[{"embeddable":true,"href":"https:\/\/cj.estrategia.com\/portal\/wp-json\/wp\/v2\/comments?post=170571"}],"version-history":[{"count":3,"href":"https:\/\/cj.estrategia.com\/portal\/wp-json\/wp\/v2\/posts\/170571\/revisions"}],"predecessor-version":[{"id":173952,"href":"https:\/\/cj.estrategia.com\/portal\/wp-json\/wp\/v2\/posts\/170571\/revisions\/173952"}],"wp:featuredmedia":[{"embeddable":true,"href":"https:\/\/cj.estrategia.com\/portal\/wp-json\/wp\/v2\/media\/170573"}],"wp:attachment":[{"href":"https:\/\/cj.estrategia.com\/portal\/wp-json\/wp\/v2\/media?parent=170571"}],"wp:term":[{"taxonomy":"category","embeddable":true,"href":"https:\/\/cj.estrategia.com\/portal\/wp-json\/wp\/v2\/categories?post=170571"},{"taxonomy":"post_tag","embeddable":true,"href":"https:\/\/cj.estrategia.com\/portal\/wp-json\/wp\/v2\/tags?post=170571"},{"taxonomy":"tax_estado","embeddable":true,"href":"https:\/\/cj.estrategia.com\/portal\/wp-json\/wp\/v2\/tax_estado?post=170571"}],"curies":[{"name":"wp","href":"https:\/\/api.w.org\/{rel}","templated":true}]}}