{"id":170451,"date":"2026-01-02T14:06:57","date_gmt":"2026-01-02T17:06:57","guid":{"rendered":"https:\/\/cj.estrategia.com\/portal\/?p=170451"},"modified":"2026-01-02T14:07:01","modified_gmt":"2026-01-02T17:07:01","slug":"panorama-geral-dos-concursos-para-cartorios-em-2026","status":"publish","type":"post","link":"https:\/\/cj.estrategia.com\/portal\/panorama-geral-dos-concursos-para-cartorios-em-2026\/","title":{"rendered":"Panorama Geral dos Concursos para Cart\u00f3rios em 2026"},"content":{"rendered":"\n<p>Voc\u00ea sonha em se tornar <strong>Titular de Cart\u00f3rio<\/strong> em <strong>2026<\/strong>? Ent\u00e3o, saiba que o pr\u00f3ximo ano promete \u00f3timas oportunidades na \u00e1rea extrajudicial em diversos estados!<\/p>\n\n\n\n<p><strong>Como a gente sabe disso?<\/strong> Simples: <strong>v\u00e1rios Tribunais de Justi\u00e7a<\/strong> j\u00e1 <strong>sinalizaram<\/strong>, de alguma forma, a <strong>possibilidade<\/strong> ou at\u00e9 o <strong>in\u00edcio do processo<\/strong> para a realiza\u00e7\u00e3o de <strong>novos concursos de cart\u00f3rio<\/strong> no pr\u00f3ximo ano.<\/p>\n\n\n\n<p>Confira no artigo abaixo o <strong>panorama geral <\/strong>desses futuros certame!<\/p>\n\n\n\n<div class=\"wp-block-yoast-seo-table-of-contents yoast-table-of-contents\"><h2 id=\"explore-o-conteudo\">Explore o conte\u00fado:<\/h2><ul><li><a href=\"#h-panorama-geral-concursos-de-cartorios-previstos-para-2026\" data-level=\"2\">\ud83d\udcca Panorama geral: concursos de Cart\u00f3rios previstos para 2026<\/a><\/li><li><a href=\"#h-tendencia-de-novos-editais-para-cartorios-em-2026\" data-level=\"2\">Tend\u00eancia de novos editais para Cart\u00f3rios em 2026<\/a><ul><li><a href=\"#h-cartorios-de-sao-paulo\" data-level=\"3\">Cart\u00f3rios de S\u00e3o Paulo<\/a><\/li><li><a href=\"#h-cartorios-do-rio-de-janeiro\" data-level=\"3\">Cart\u00f3rios do Rio de Janeiro<\/a><\/li><li><a href=\"#h-cartorios-do-amapa\" data-level=\"3\">Cart\u00f3rios do Amap\u00e1<\/a><\/li><li><a href=\"#h-cartorios-de-alagoas\" data-level=\"3\">Cart\u00f3rios de Alagoas<\/a><\/li><li><a href=\"#h-cartorios-de-tocantins\" data-level=\"3\">Cart\u00f3rios de Tocantins<\/a><\/li><li><a href=\"#h-cartorios-da-paraiba\" data-level=\"3\">Cart\u00f3rios da Para\u00edba<\/a><\/li><li><a href=\"#h-cartorios-do-parana\" data-level=\"3\">Cart\u00f3rios do Paran\u00e1<\/a><\/li><li><a href=\"#h-cartorios-do-rio-grande-do-sul\" data-level=\"3\">Cart\u00f3rios do Rio Grande do Sul<\/a><\/li><\/ul><\/li><li><a href=\"#h-e-quanto-a-remuneracao\" data-level=\"2\">E quanto \u00e0 remunera\u00e7\u00e3o?<\/a><\/li><li><a href=\"#h-quais-os-estados-com-maior-probabilidade-de-abrir-concurso-primeiro\" data-level=\"2\">Quais os estados com maior probabilidade de abrir concurso primeiro?<\/a><\/li><li><a href=\"#h-confira-nossos-artigos\" data-level=\"2\">Confira nossos artigos!<\/a><ul><li><a href=\"#cursos-ficha\" data-level=\"3\">Quer estudar para Concursos de Direito?<\/a><\/li><\/ul><\/li><li><a href=\"#h-whatsapp-ecj-nbsp-clique-na-sua-carreira-e-participe\" data-level=\"2\">Whatsapp ECJ:\u00a0 Clique na sua carreira e PARTICIPE!<\/a><ul><li><a href=\"#h-delegado\" data-level=\"3\">Delegado<\/a><\/li><li><a href=\"#h-cartorios\" data-level=\"3\">Cart\u00f3rios<\/a><\/li><li><a href=\"#h-defensorias\" data-level=\"3\">Defensorias<\/a><\/li><li><a href=\"#h-magistratura-estadual\" data-level=\"3\">Magistratura Estadual<\/a><\/li><li><a href=\"#h-magistratura-federal\" data-level=\"3\">Magistratura Federal<\/a><\/li><li><a href=\"#h-procuradorias\" data-level=\"3\">Procuradorias<\/a><\/li><li><a href=\"#h-promotorias\" data-level=\"3\">Promotorias<\/a><\/li><\/ul><\/li><\/ul><\/div>\n\n\n\n<h2 class=\"wp-block-heading\" id=\"h-panorama-geral-concursos-de-cartorios-previstos-para-2026\"><span id=\"%f0%9f%93%8a-panorama-geral-concursos-de-cartorios-previstos-para-2026\">\ud83d\udcca Panorama geral: concursos de Cart\u00f3rios previstos para 2026<\/span><\/h2>\n\n\n\n<figure class=\"wp-block-table is-style-stripes\"><table class=\"has-very-light-gray-to-cyan-bluish-gray-gradient-background has-background\"><thead><tr><th class=\"has-text-align-center\" data-align=\"center\">Estado<\/th><th class=\"has-text-align-center\" data-align=\"center\">Status<\/th><th class=\"has-text-align-center\" data-align=\"center\">Vagas<\/th><th class=\"has-text-align-center\" data-align=\"center\">Sal\u00e1rio Inicial<\/th><th class=\"has-text-align-center\" data-align=\"center\">Forma\u00e7\u00e3o Exigida<\/th><th class=\"has-text-align-center\" data-align=\"center\">Situa\u00e7\u00e3o \/ Previs\u00e3o<\/th><th class=\"has-text-align-center\" data-align=\"center\"><\/th><\/tr><\/thead><tbody><tr><td class=\"has-text-align-center\" data-align=\"center\"><strong><a href=\"https:\/\/cj.estrategia.com\/portal\/concurso-cartorio-sp\/\" target=\"_blank\" >SP \u2013 S\u00e3o Paulo<\/a><\/strong><\/td><td class=\"has-text-align-center\" data-align=\"center\">14\u00ba concurso aprovado<\/td><td class=\"has-text-align-center\" data-align=\"center\">A definir<\/td><td class=\"has-text-align-center\" data-align=\"center\">13 sal\u00e1rios m\u00ednimos mensais<\/td><td class=\"has-text-align-center\" data-align=\"center\">Bacharel em Direito ou 10 anos de atividade notarial\/registral (remo\u00e7\u00e3o: titular por 2 anos)<\/td><td class=\"has-text-align-center\" data-align=\"center\">Concurso aprovado<\/td><td class=\"has-text-align-center\" data-align=\"center\">A definir<\/td><\/tr><tr><td class=\"has-text-align-center\" data-align=\"center\"><a href=\"https:\/\/cj.estrategia.com\/portal\/concurso-cartorio-rj\/\" target=\"_blank\" ><strong>RJ \u2013 Rio de Janeiro<\/strong><\/a><\/td><td class=\"has-text-align-center\" data-align=\"center\">Autorizado \/ regulamento publicado\/Comiss\u00e3o formada<\/td><td class=\"has-text-align-center\" data-align=\"center\">A definir<\/td><td class=\"has-text-align-center\" data-align=\"center\">Emolumentos<\/td><td class=\"has-text-align-center\" data-align=\"center\">Bacharel em Direito ou 10 anos de atividade notarial\/registral<\/td><td class=\"has-text-align-center\" data-align=\"center\">Regulamento publicado<\/td><td class=\"has-text-align-center\" data-align=\"center\">A definir<\/td><\/tr><tr><td class=\"has-text-align-center\" data-align=\"center\"><a href=\"https:\/\/cj.estrategia.com\/portal\/concurso-cartorio-ap\/\" target=\"_blank\" ><strong>AP \u2013 Amap\u00e1<\/strong><\/a><\/td><td class=\"has-text-align-center\" data-align=\"center\">Previsto para 2026<\/td><td class=\"has-text-align-center\" data-align=\"center\">A definir<\/td><td class=\"has-text-align-center\" data-align=\"center\">A definir<\/td><td class=\"has-text-align-center\" data-align=\"center\">Bacharel em Direito ou 10 anos de atividade notarial\/registral<\/td><td class=\"has-text-align-center\" data-align=\"center\">Previs\u00e3o 2026<\/td><td class=\"has-text-align-center\" data-align=\"center\">A definir<\/td><\/tr><tr><td class=\"has-text-align-center\" data-align=\"center\"><a href=\"https:\/\/cj.estrategia.com\/portal\/concurso-cartorio-al\/\" target=\"_blank\" ><strong>AL \u2013 Alagoas<\/strong><\/a><\/td><td class=\"has-text-align-center\" data-align=\"center\">Comiss\u00e3o formada<\/td><td class=\"has-text-align-center\" data-align=\"center\">A definir<\/td><td class=\"has-text-align-center\" data-align=\"center\">Emolumentos (renda m\u00ednima de R$ 1.200,00)<\/td><td class=\"has-text-align-center\" data-align=\"center\">Bacharel em Direito ou 10 anos de atividade notarial\/registral<\/td><td class=\"has-text-align-center\" data-align=\"center\">Comiss\u00e3o formada<\/td><td class=\"has-text-align-center\" data-align=\"center\">A definir<\/td><\/tr><tr><td class=\"has-text-align-center\" data-align=\"center\"><a href=\"https:\/\/cj.estrategia.com\/portal\/concurso-cartorio-to\/\" target=\"_blank\" ><strong>TO \u2013 Tocantins<\/strong><\/a><\/td><td class=\"has-text-align-center\" data-align=\"center\">Previsto \/ determinado pelo TJTO<\/td><td class=\"has-text-align-center\" data-align=\"center\">A definir<\/td><td class=\"has-text-align-center\" data-align=\"center\">Emolumentos<\/td><td class=\"has-text-align-center\" data-align=\"center\">N\u00edvel superior em Direito<\/td><td class=\"has-text-align-center\" data-align=\"center\">Determina\u00e7\u00e3o do TJTO<\/td><td class=\"has-text-align-center\" data-align=\"center\">A definir<\/td><\/tr><tr><td class=\"has-text-align-center\" data-align=\"center\"><a href=\"https:\/\/cj.estrategia.com\/portal\/concurso-cartorio-pb\/\" target=\"_blank\" ><strong>PB \u2013 Para\u00edba<\/strong><\/a><\/td><td class=\"has-text-align-center\" data-align=\"center\">Comiss\u00e3o formada<\/td><td class=\"has-text-align-center\" data-align=\"center\">60<\/td><td class=\"has-text-align-center\" data-align=\"center\">Emolumentos previstos em lei estadual<\/td><td class=\"has-text-align-center\" data-align=\"center\">Bacharel em Direito ou 10 anos de atividade notarial\/registral<\/td><td class=\"has-text-align-center\" data-align=\"center\">Comiss\u00e3o formada<\/td><td class=\"has-text-align-center\" data-align=\"center\">Consulplan<\/td><\/tr><tr><td class=\"has-text-align-center\" data-align=\"center\"><a href=\"https:\/\/cj.estrategia.com\/portal\/concurso-cartorio-pr\/\" target=\"_blank\" ><strong>PR \u2013 Paran\u00e1<\/strong><\/a><\/td><td class=\"has-text-align-center\" data-align=\"center\">Comiss\u00e3o formada<\/td><td class=\"has-text-align-center\" data-align=\"center\">A definir<\/td><td class=\"has-text-align-center\" data-align=\"center\">Rendimento l\u00edquido do cart\u00f3rio<\/td><td class=\"has-text-align-center\" data-align=\"center\">Bacharel em Direito ou 10 anos de atividade notarial\/registral<\/td><td class=\"has-text-align-center\" data-align=\"center\">Comiss\u00e3o formada<\/td><td class=\"has-text-align-center\" data-align=\"center\">A definir<\/td><\/tr><tr><td class=\"has-text-align-center\" data-align=\"center\"><a href=\"https:\/\/cj.estrategia.com\/portal\/concurso-cartorio-rs\/\" target=\"_blank\" ><strong>RS \u2013 Rio Grande do Sul<\/strong><\/a><\/td><td class=\"has-text-align-center\" data-align=\"center\">Serventias divulgadas \/ banca definida<\/td><td class=\"has-text-align-center\" data-align=\"center\">237<\/td><td class=\"has-text-align-center\" data-align=\"center\">Rendimento l\u00edquido do cart\u00f3rio<\/td><td class=\"has-text-align-center\" data-align=\"center\">Bacharel em Direito ou 10 anos de atividade notarial\/registral (remo\u00e7\u00e3o: titular por 2 anos)<\/td><td class=\"has-text-align-center\" data-align=\"center\">Etapa avan\u00e7ada<\/td><td class=\"has-text-align-center\" data-align=\"center\">FGV<\/td><\/tr><\/tbody><\/table><figcaption class=\"wp-element-caption\"><strong><em><mark style=\"background-color:rgba(0, 0, 0, 0)\" class=\"has-inline-color has-vivid-red-color\">*Clique no estado para acessar o artigo de cada concurso previsto.<\/mark><\/em><\/strong><\/figcaption><\/figure>\n\n\n\n<p><strong>Aten\u00e7\u00e3o:<\/strong> as informa\u00e7\u00f5es est\u00e3o sujeitas a altera\u00e7\u00f5es \u00e0 medida que novas atualiza\u00e7\u00f5es sobre cada certame forem divulgadas.<\/p>\n\n\n\n<h2 class=\"wp-block-heading\" id=\"h-tendencia-de-novos-editais-para-cartorios-em-2026\"><span id=\"tendencia-de-novos-editais-para-cartorios-em-2026\">Tend\u00eancia de novos editais para Cart\u00f3rios em 2026<\/span><\/h2>\n\n\n\n<p><strong>Veja a dist\u00e2ncia de publica\u00e7\u00e3o entre os editais<\/strong> ao longo dos <strong>\u00faltimos 10 anos<\/strong>.<\/p>\n\n\n\n<h3 class=\"wp-block-heading\" id=\"h-cartorios-de-sao-paulo\"><span id=\"cartorios-de-sao-paulo\">Cart\u00f3rios de S\u00e3o Paulo<\/span><\/h3>\n\n\n\n<figure class=\"wp-block-image size-full\"><img decoding=\"async\" width=\"797\" height=\"517\" src=\"https:\/\/cj.estrategia.com\/portal\/wp-content\/uploads\/2025\/12\/18133932\/sp.jpg\" alt=\"\" class=\"wp-image-170465\" srcset=\"https:\/\/cj.estrategia.com\/portal\/wp-content\/uploads\/2025\/12\/18133932\/sp.jpg 797w, https:\/\/cj.estrategia.com\/portal\/wp-content\/uploads\/2025\/12\/18133932\/sp-300x195.jpg 300w, https:\/\/cj.estrategia.com\/portal\/wp-content\/uploads\/2025\/12\/18133932\/sp-768x498.jpg 768w, https:\/\/cj.estrategia.com\/portal\/wp-content\/uploads\/2025\/12\/18133932\/sp-380x246.jpg 380w, https:\/\/cj.estrategia.com\/portal\/wp-content\/uploads\/2025\/12\/18133932\/sp-150x97.jpg 150w\" sizes=\"(max-width: 797px) 100vw, 797px\" \/><\/figure>\n\n\n\n<h3 class=\"wp-block-heading\" id=\"h-cartorios-do-rio-de-janeiro\"><span id=\"cartorios-do-rio-de-janeiro\">Cart\u00f3rios do Rio de Janeiro<\/span><\/h3>\n\n\n\n<figure class=\"wp-block-image size-full\"><img decoding=\"async\" width=\"795\" height=\"517\" src=\"https:\/\/cj.estrategia.com\/portal\/wp-content\/uploads\/2025\/12\/18134032\/rj.jpg\" alt=\"\" class=\"wp-image-170467\" srcset=\"https:\/\/cj.estrategia.com\/portal\/wp-content\/uploads\/2025\/12\/18134032\/rj.jpg 795w, https:\/\/cj.estrategia.com\/portal\/wp-content\/uploads\/2025\/12\/18134032\/rj-300x195.jpg 300w, https:\/\/cj.estrategia.com\/portal\/wp-content\/uploads\/2025\/12\/18134032\/rj-768x499.jpg 768w, https:\/\/cj.estrategia.com\/portal\/wp-content\/uploads\/2025\/12\/18134032\/rj-380x247.jpg 380w, https:\/\/cj.estrategia.com\/portal\/wp-content\/uploads\/2025\/12\/18134032\/rj-150x98.jpg 150w\" sizes=\"(max-width: 795px) 100vw, 795px\" \/><\/figure>\n\n\n\n<h3 class=\"wp-block-heading\" id=\"h-cartorios-do-amapa\"><span id=\"cartorios-do-amapa\">Cart\u00f3rios do Amap\u00e1<\/span><\/h3>\n\n\n\n<figure class=\"wp-block-image size-full\"><img decoding=\"async\" width=\"797\" height=\"517\" src=\"https:\/\/cj.estrategia.com\/portal\/wp-content\/uploads\/2025\/12\/18134132\/Captura-de-tela-2025-12-18-134104.jpg\" alt=\"\" class=\"wp-image-170468\" srcset=\"https:\/\/cj.estrategia.com\/portal\/wp-content\/uploads\/2025\/12\/18134132\/Captura-de-tela-2025-12-18-134104.jpg 797w, https:\/\/cj.estrategia.com\/portal\/wp-content\/uploads\/2025\/12\/18134132\/Captura-de-tela-2025-12-18-134104-300x195.jpg 300w, https:\/\/cj.estrategia.com\/portal\/wp-content\/uploads\/2025\/12\/18134132\/Captura-de-tela-2025-12-18-134104-768x498.jpg 768w, https:\/\/cj.estrategia.com\/portal\/wp-content\/uploads\/2025\/12\/18134132\/Captura-de-tela-2025-12-18-134104-380x246.jpg 380w, https:\/\/cj.estrategia.com\/portal\/wp-content\/uploads\/2025\/12\/18134132\/Captura-de-tela-2025-12-18-134104-150x97.jpg 150w\" sizes=\"(max-width: 797px) 100vw, 797px\" \/><\/figure>\n\n\n\n<h3 class=\"wp-block-heading\" id=\"h-cartorios-de-alagoas\"><span id=\"cartorios-de-alagoas\">Cart\u00f3rios de Alagoas<\/span><\/h3>\n\n\n\n<figure class=\"wp-block-image size-full\"><img decoding=\"async\" width=\"797\" height=\"520\" src=\"https:\/\/cj.estrategia.com\/portal\/wp-content\/uploads\/2025\/12\/18134224\/2.jpg\" alt=\"\" class=\"wp-image-170470\" srcset=\"https:\/\/cj.estrategia.com\/portal\/wp-content\/uploads\/2025\/12\/18134224\/2.jpg 797w, https:\/\/cj.estrategia.com\/portal\/wp-content\/uploads\/2025\/12\/18134224\/2-300x196.jpg 300w, https:\/\/cj.estrategia.com\/portal\/wp-content\/uploads\/2025\/12\/18134224\/2-768x501.jpg 768w, https:\/\/cj.estrategia.com\/portal\/wp-content\/uploads\/2025\/12\/18134224\/2-380x248.jpg 380w, https:\/\/cj.estrategia.com\/portal\/wp-content\/uploads\/2025\/12\/18134224\/2-150x98.jpg 150w\" sizes=\"(max-width: 797px) 100vw, 797px\" \/><\/figure>\n\n\n\n<h3 class=\"wp-block-heading\" id=\"h-cartorios-de-tocantins\"><span id=\"cartorios-de-tocantins\">Cart\u00f3rios de Tocantins<\/span><\/h3>\n\n\n\n<figure class=\"wp-block-image size-full\"><img decoding=\"async\" width=\"797\" height=\"520\" src=\"https:\/\/cj.estrategia.com\/portal\/wp-content\/uploads\/2025\/12\/18134307\/to.jpg\" alt=\"\" class=\"wp-image-170471\" srcset=\"https:\/\/cj.estrategia.com\/portal\/wp-content\/uploads\/2025\/12\/18134307\/to.jpg 797w, https:\/\/cj.estrategia.com\/portal\/wp-content\/uploads\/2025\/12\/18134307\/to-300x196.jpg 300w, https:\/\/cj.estrategia.com\/portal\/wp-content\/uploads\/2025\/12\/18134307\/to-768x501.jpg 768w, https:\/\/cj.estrategia.com\/portal\/wp-content\/uploads\/2025\/12\/18134307\/to-380x248.jpg 380w, https:\/\/cj.estrategia.com\/portal\/wp-content\/uploads\/2025\/12\/18134307\/to-150x98.jpg 150w\" sizes=\"(max-width: 797px) 100vw, 797px\" \/><\/figure>\n\n\n\n<h3 class=\"wp-block-heading\" id=\"h-cartorios-da-paraiba\"><span id=\"cartorios-da-paraiba\">Cart\u00f3rios da Para\u00edba<\/span><\/h3>\n\n\n\n<figure class=\"wp-block-image size-full\"><img decoding=\"async\" width=\"795\" height=\"518\" src=\"https:\/\/cj.estrategia.com\/portal\/wp-content\/uploads\/2025\/12\/18145701\/pb-1.jpg\" alt=\"\" class=\"wp-image-170512\" srcset=\"https:\/\/cj.estrategia.com\/portal\/wp-content\/uploads\/2025\/12\/18145701\/pb-1.jpg 795w, https:\/\/cj.estrategia.com\/portal\/wp-content\/uploads\/2025\/12\/18145701\/pb-1-300x195.jpg 300w, https:\/\/cj.estrategia.com\/portal\/wp-content\/uploads\/2025\/12\/18145701\/pb-1-768x500.jpg 768w, https:\/\/cj.estrategia.com\/portal\/wp-content\/uploads\/2025\/12\/18145701\/pb-1-380x248.jpg 380w, https:\/\/cj.estrategia.com\/portal\/wp-content\/uploads\/2025\/12\/18145701\/pb-1-150x98.jpg 150w\" sizes=\"(max-width: 795px) 100vw, 795px\" \/><\/figure>\n\n\n\n<h3 class=\"wp-block-heading\" id=\"h-cartorios-do-parana\"><span id=\"cartorios-do-parana\">Cart\u00f3rios do Paran\u00e1<\/span><\/h3>\n\n\n\n<figure class=\"wp-block-image size-full\"><img decoding=\"async\" width=\"796\" height=\"517\" src=\"https:\/\/cj.estrategia.com\/portal\/wp-content\/uploads\/2025\/12\/18173734\/pr.jpg\" alt=\"\" class=\"wp-image-170545\" srcset=\"https:\/\/cj.estrategia.com\/portal\/wp-content\/uploads\/2025\/12\/18173734\/pr.jpg 796w, https:\/\/cj.estrategia.com\/portal\/wp-content\/uploads\/2025\/12\/18173734\/pr-300x195.jpg 300w, https:\/\/cj.estrategia.com\/portal\/wp-content\/uploads\/2025\/12\/18173734\/pr-768x499.jpg 768w, https:\/\/cj.estrategia.com\/portal\/wp-content\/uploads\/2025\/12\/18173734\/pr-380x247.jpg 380w, https:\/\/cj.estrategia.com\/portal\/wp-content\/uploads\/2025\/12\/18173734\/pr-150x97.jpg 150w\" sizes=\"(max-width: 796px) 100vw, 796px\" \/><\/figure>\n\n\n\n<h3 class=\"wp-block-heading\" id=\"h-cartorios-do-rio-grande-do-sul\"><span id=\"cartorios-do-rio-grande-do-sul\">Cart\u00f3rios do Rio Grande do Sul<\/span><\/h3>\n\n\n\n<figure class=\"wp-block-image size-full\"><img decoding=\"async\" width=\"797\" height=\"518\" src=\"https:\/\/cj.estrategia.com\/portal\/wp-content\/uploads\/2025\/12\/18134433\/3.jpg\" alt=\"\" class=\"wp-image-170473\" srcset=\"https:\/\/cj.estrategia.com\/portal\/wp-content\/uploads\/2025\/12\/18134433\/3.jpg 797w, https:\/\/cj.estrategia.com\/portal\/wp-content\/uploads\/2025\/12\/18134433\/3-300x195.jpg 300w, https:\/\/cj.estrategia.com\/portal\/wp-content\/uploads\/2025\/12\/18134433\/3-768x499.jpg 768w, https:\/\/cj.estrategia.com\/portal\/wp-content\/uploads\/2025\/12\/18134433\/3-380x247.jpg 380w, https:\/\/cj.estrategia.com\/portal\/wp-content\/uploads\/2025\/12\/18134433\/3-150x97.jpg 150w\" sizes=\"(max-width: 797px) 100vw, 797px\" \/><\/figure>\n\n\n\n<h2 class=\"wp-block-heading\" id=\"h-e-quanto-a-remuneracao\"><span id=\"e-quanto-a-remuneracao\">E quanto \u00e0 remunera\u00e7\u00e3o?<\/span><\/h2>\n\n\n\n<p>Os cartor\u00e1rios recebem remunera\u00e7\u00e3o pelos servi\u00e7os que prestam, como registros, certid\u00f5es e autentica\u00e7\u00f5es. <\/p>\n\n\n\n<p>Normalmente, recebem percentuais ou valores fixos definidos por lei, pagos pelos usu\u00e1rios, com parte destinada ao Estado, tal como explicita a regulamenta\u00e7\u00e3o. <\/p>\n\n\n\n<p>Para detalhes, confira os nossos artigos sobre cada concurso no links dispon\u00edveis acima.<\/p>\n\n\n\n<h2 class=\"wp-block-heading\" id=\"h-quais-os-estados-com-maior-probabilidade-de-abrir-concurso-primeiro\"><span id=\"quais-os-estados-com-maior-probabilidade-de-abrir-concurso-primeiro\">Quais os estados com maior probabilidade de abrir concurso primeiro?<\/span><\/h2>\n\n\n\n<p>Diversos estados j\u00e1 deram os primeiros sinais para novos concursos de <strong>Cart\u00f3rios<\/strong>, e a disputa para saber qual edital ser\u00e1 publicado antes promete movimentar<strong> 2026<\/strong>.<\/p>\n\n\n\n<p>Entre os destaques:<\/p>\n\n\n\n<ul class=\"wp-block-list\">\n<li><strong>Rio Grande do Sul (RS)<\/strong>: com <strong>serventias divulgadas e banca definida (FGV)<\/strong>, o concurso se encontra em <strong>etapa avan\u00e7ada<\/strong>, com <strong>237 vagas previstas<\/strong> (158 para provimento e 79 para remo\u00e7\u00e3o), despontando como um dos mais pr\u00f3ximos da publica\u00e7\u00e3o do edital.<\/li>\n\n\n\n<li><strong>Para\u00edba (PB)<\/strong>: com <strong>comiss\u00e3o formada e banca definida (Consulplan)<\/strong>, al\u00e9m de <strong>60 vagas previstas<\/strong>, o certame j\u00e1 possui estrutura organizada, o que aumenta a expectativa pela divulga\u00e7\u00e3o do edital.<\/li>\n\n\n\n<li><strong>S\u00e3o Paulo (SP)<\/strong>: com o <strong>14\u00ba concurso aprovado<\/strong>, o estado figura entre os mais aguardados. Embora ainda haja pontos a definir, a autoriza\u00e7\u00e3o formal refor\u00e7a a proximidade do in\u00edcio das pr\u00f3ximas etapas.<\/li>\n\n\n\n<li><strong>Rio de Janeiro (RJ)<\/strong>: com <strong>concurso autorizado e regulamento publicado<\/strong>, a Defensoria fluminense apresenta avan\u00e7o relevante nos tr\u00e2mites administrativos, mantendo-se no radar dos candidatos.<\/li>\n\n\n\n<li><strong>Alagoas (AL)<\/strong> e <strong>Paran\u00e1 (PR)<\/strong>: ambos com <strong>comiss\u00e3o formada<\/strong>, seguem em fase concreta de organiza\u00e7\u00e3o, o que indica possibilidade de avan\u00e7o ao longo do pr\u00f3ximo per\u00edodo.<\/li>\n<\/ul>\n\n\n\n<p>Al\u00e9m desses, estados como <strong>Tocantins (TO)<\/strong>, com concurso <strong>determinado pelo TJTO<\/strong>, e <strong>Amap\u00e1 (AP)<\/strong>, <strong>previsto para 2026<\/strong>, tamb\u00e9m merecem aten\u00e7\u00e3o, j\u00e1 que podem ganhar for\u00e7a conforme os procedimentos internos avancem.<\/p>\n\n\n\n<h2 class=\"wp-block-heading\" id=\"h-confira-nossos-artigos\"><span id=\"confira-nossos-artigos\">Confira nossos artigos!<\/span><\/h2>\n\n\n\n<ul class=\"wp-block-list\">\n<li><a href=\"https:\/\/cj.estrategia.com\/portal\/concursos-2025-carreiras-juridicas\/\" target=\"_blank\" ><strong>Concursos jur\u00eddicos 2025<\/strong><\/a><\/li>\n\n\n\n<li><a href=\"https:\/\/cj.estrategia.com\/portal\/concursos-juridicos-2026-prepare-se-para-os-proximos-editais\/\"><strong>Concursos jur\u00eddicos 2026<\/strong><\/a><\/li>\n<\/ul>\n\n\n\n<h3 class=\"wp-block-heading has-text-align-left\" id=\"cursos-ficha\"><span id=\"quer-estudar-para-concursos-de-direito\">Quer estudar para Concursos de Direito?<\/span><\/h3>\n\n\n\n<p>O Estrat\u00e9gia Carreira Jur\u00eddica \u00e9 campe\u00e3o de aprova\u00e7\u00f5es nos concursos para Carreiras Jur\u00eddicas com um corpo docente qualificado e materiais completos. Conhe\u00e7a nossos cursos e garanta sua aprova\u00e7\u00e3o:<\/p>\n\n\n\n<div class=\"wp-block-cover\" style=\"min-height:155px;aspect-ratio:unset;\"><img decoding=\"async\" width=\"1890\" height=\"351\" class=\"wp-block-cover__image-background wp-image-8669\" alt=\"Assinaturas Jur\u00eddicas\" src=\"https:\/\/cj.estrategia.com\/portal\/wp-content\/uploads\/2022\/06\/20151253\/concurso-carreiras-juridicas-assinatura-juridica.jpg\" style=\"object-position:78% 43%\" data-object-fit=\"cover\" data-object-position=\"78% 43%\" srcset=\"https:\/\/cj.estrategia.com\/portal\/wp-content\/uploads\/2022\/06\/20151253\/concurso-carreiras-juridicas-assinatura-juridica.jpg 1890w, https:\/\/cj.estrategia.com\/portal\/wp-content\/uploads\/2022\/06\/20151253\/concurso-carreiras-juridicas-assinatura-juridica-300x56.jpg 300w, https:\/\/cj.estrategia.com\/portal\/wp-content\/uploads\/2022\/06\/20151253\/concurso-carreiras-juridicas-assinatura-juridica-1024x190.jpg 1024w, https:\/\/cj.estrategia.com\/portal\/wp-content\/uploads\/2022\/06\/20151253\/concurso-carreiras-juridicas-assinatura-juridica-768x143.jpg 768w, https:\/\/cj.estrategia.com\/portal\/wp-content\/uploads\/2022\/06\/20151253\/concurso-carreiras-juridicas-assinatura-juridica-1536x285.jpg 1536w, https:\/\/cj.estrategia.com\/portal\/wp-content\/uploads\/2022\/06\/20151253\/concurso-carreiras-juridicas-assinatura-juridica-380x71.jpg 380w, https:\/\/cj.estrategia.com\/portal\/wp-content\/uploads\/2022\/06\/20151253\/concurso-carreiras-juridicas-assinatura-juridica-800x149.jpg 800w, https:\/\/cj.estrategia.com\/portal\/wp-content\/uploads\/2022\/06\/20151253\/concurso-carreiras-juridicas-assinatura-juridica-1160x215.jpg 1160w\" sizes=\"(max-width: 1890px) 100vw, 1890px\" \/><span aria-hidden=\"true\" class=\"wp-block-cover__background has-background-dim\"><\/span><div class=\"wp-block-cover__inner-container is-layout-flow wp-block-cover-is-layout-flow\">\n<h3 id=\"faca-a-sua-assinatura\" class=\"titulo-assinatura\"><span style=\"color: #ffffff;\">Fa\u00e7a a sua assinatura!<\/span><\/h3>\n<p class=\"subtitulo-assinatura\" style=\"display:block!important; line-height: 0;\"><span style=\"color: #ffffff;\">Escolha a sua \u00e1rea.<\/span><\/p>\n<a target=\"_blank\" href=\"https:\/\/www.estrategiaconcursos.com.br\/assinaturas-ecj\/\" rel=\"noopener\"><button style=\"border-radius: 10px; text-transform: capitalize;\">Acessar<\/button><\/a>\n<\/div><\/div>\n\n\n\n<h2 class=\"wp-block-heading has-text-align-left\" id=\"h-whatsapp-ecj-nbsp-clique-na-sua-carreira-e-participe\"><span id=\"whatsapp-ecj-clique-na-sua-carreira-e-participe\">Whatsapp ECJ:&nbsp;<strong>Clique na sua carreira e PARTICIPE!<\/strong><\/span><\/h2>\n\n\n\n<p>Com o&nbsp;<strong>Whatsapp ECJ<\/strong>&nbsp;vamos transformar a maneira como os estudantes se preparam para os concursos p\u00fablicos do momento e do futuro. <strong>Esta plataforma n\u00e3o apenas oferece suporte para tirar d\u00favidas cruciais, mas tamb\u00e9m fornece dicas valiosas para alcan\u00e7ar o sucesso nas provas<\/strong>, abrangendo todas as \u00e1reas da carreira jur\u00eddica.<\/p>\n\n\n\n<h3 class=\"wp-block-heading\" id=\"h-delegado\"><span id=\"delegado\">Delegado<\/span><\/h3>\n\n\n<a id=\"cta-icon\" href=\"https:\/\/sndflw.com\/i\/delegado-civil-grupo\" target=\"blank\" style=\"background:rgb(41,166,26)\">\n            <img decoding=\"async\" src=\"https:\/\/cj.estrategia.com\/portal\/wp-content\/uploads\/2023\/12\/07160657\/whatsapp_1385.webp\" alt=\"\" alt=\"whatsapp_1385\"><span > Acesse agora o Grupo de Estudos para Delegado Civil<\/span><\/a>\n\n\n\n<h3 class=\"wp-block-heading\" id=\"h-cartorios\"><span id=\"cartorios\">Cart\u00f3rios<\/span><\/h3>\n\n\n<a id=\"cta-icon\" href=\"https:\/\/sndflw.com\/i\/cartorios-grupo\" target=\"blank\" style=\"background:rgb(41,166,26)\">\n            <img decoding=\"async\" src=\"https:\/\/cj.estrategia.com\/portal\/wp-content\/uploads\/2023\/12\/07160657\/whatsapp_1385.webp\" alt=\"\" alt=\"whatsapp_1385\"><span > Acesse agora o Grupo de Estudos para Concursos Cart\u00f3rio <\/span><\/a>\n\n\n\n<h3 class=\"wp-block-heading\" id=\"h-defensorias\"><span id=\"defensorias\">Defensorias<\/span><\/h3>\n\n\n<a id=\"cta-icon\" href=\"https:\/\/sndflw.com\/i\/defensorias-grupo\" target=\"blank\" style=\"background:rgb(41,166,26)\">\n            <img decoding=\"async\" src=\"https:\/\/cj.estrategia.com\/portal\/wp-content\/uploads\/2023\/12\/07160657\/whatsapp_1385.webp\" alt=\"\" alt=\"whatsapp_1385\"><span > Acesse agora o Grupo de Estudos para Concursos em Defensoria<\/span><\/a>\n\n\n\n<h3 class=\"wp-block-heading\" id=\"h-magistratura-estadual\"><span id=\"magistratura-estadual\">Magistratura Estadual<\/span><\/h3>\n\n\n<a id=\"cta-icon\" href=\"https:\/\/sndflw.com\/i\/magistratura-estadual-grupo\" target=\"blank\" style=\"background:rgb(41,166,26)\">\n            <img decoding=\"async\" src=\"https:\/\/cj.estrategia.com\/portal\/wp-content\/uploads\/2023\/12\/07160657\/whatsapp_1385.webp\" alt=\"\" alt=\"whatsapp_1385\"><span > Acesse agora o Grupo de Estudos para Magistratura Estadual <\/span><\/a>\n\n\n\n<h3 class=\"wp-block-heading\" id=\"h-magistratura-federal\"><span id=\"magistratura-federal\">Magistratura Federal<\/span><\/h3>\n\n\n<a id=\"cta-icon\" href=\"https:\/\/sndflw.com\/i\/magistratura-federal-grupo\" target=\"blank\" style=\"background:rgb(41,166,26)\">\n            <img decoding=\"async\" src=\"https:\/\/cj.estrategia.com\/portal\/wp-content\/uploads\/2023\/12\/07160657\/whatsapp_1385.webp\" alt=\"\" alt=\"whatsapp_1385\"><span > Acesse agora o Grupo de Estudos para Magistratura Federal <\/span><\/a>\n\n\n\n<h3 class=\"wp-block-heading\" id=\"h-procuradorias\"><span id=\"procuradorias\">Procuradorias<\/span><\/h3>\n\n\n<a id=\"cta-icon\" href=\"https:\/\/sndflw.com\/i\/procuradorias-grupo\" target=\"blank\" style=\"background:rgb(41,166,26)\">\n            <img decoding=\"async\" src=\"https:\/\/cj.estrategia.com\/portal\/wp-content\/uploads\/2023\/12\/07160657\/whatsapp_1385.webp\" alt=\"\" alt=\"whatsapp_1385\"><span > Acesse agora o Grupo de Estudos para Concurso de Procuradorias <\/span><\/a>\n\n\n\n<h3 class=\"wp-block-heading\" id=\"h-promotorias\"><span id=\"promotorias\">Promotorias<\/span><\/h3>\n\n\n<a id=\"cta-icon\" href=\"https:\/\/sndflw.com\/i\/promotorias-grupo\" target=\"blank\" style=\"background:rgb(83,193,88)\">\n            <img decoding=\"async\" src=\"https:\/\/cj.estrategia.com\/portal\/wp-content\/uploads\/2023\/12\/07160657\/whatsapp_1385.webp\" alt=\"\" alt=\"whatsapp_1385\"><span > Acesse agora o Grupo de Estudos para Concurso de Promotorias <\/span><\/a>\n\n\n\n<p><\/p>\n","protected":false},"excerpt":{"rendered":"Voc\u00ea sonha em se tornar Titular de Cart\u00f3rio em 2026? Ent\u00e3o, saiba que o pr\u00f3ximo ano promete \u00f3timas&hellip;\n","protected":false},"author":162,"featured_media":20773,"comment_status":"open","ping_status":"open","sticky":false,"template":"","format":"standard","meta":{"_jetpack_memberships_contains_paid_content":false,"footnotes":""},"categories":[29],"tags":[],"tax_estado":[31,33,45,48,49,56,57],"class_list":{"0":"post-170451","1":"post","2":"type-post","3":"status-publish","4":"format-standard","5":"has-post-thumbnail","7":"category-cartorio","8":"tax_estado-al","9":"tax_estado-ap","10":"tax_estado-pb","11":"tax_estado-pr","12":"tax_estado-rj","13":"tax_estado-sp","14":"tax_estado-to"},"acf":[],"yoast_head":"<!-- This site is optimized with the Yoast SEO Premium plugin v27.4 (Yoast SEO v27.4) - https:\/\/yoast.com\/product\/yoast-seo-premium-wordpress\/ -->\n<title>Panorama Geral dos Concursos para Cart\u00f3rios em 2026<\/title>\n<meta name=\"description\" content=\"Descubra as oportunidades no panorama geral dos concursos para cart\u00f3rios em 2026 e prepare-se para a sua chance.\" \/>\n<meta name=\"robots\" content=\"index, follow, max-snippet:-1, max-image-preview:large, max-video-preview:-1\" \/>\n<link rel=\"canonical\" href=\"https:\/\/cj.estrategia.com\/portal\/panorama-geral-dos-concursos-para-cartorios-em-2026\/\" \/>\n<meta property=\"og:locale\" content=\"pt_BR\" \/>\n<meta property=\"og:type\" content=\"article\" \/>\n<meta property=\"og:title\" content=\"Panorama Geral dos Concursos para Cart\u00f3rios em 2026\" \/>\n<meta property=\"og:description\" content=\"Descubra as oportunidades no panorama geral dos concursos para cart\u00f3rios em 2026 e prepare-se para a sua chance.\" \/>\n<meta property=\"og:url\" content=\"https:\/\/cj.estrategia.com\/portal\/panorama-geral-dos-concursos-para-cartorios-em-2026\/\" \/>\n<meta property=\"og:site_name\" content=\"Blog - Carreiras Jur\u00eddicas - Estrat\u00e9gia\" \/>\n<meta property=\"article:publisher\" content=\"https:\/\/www.facebook.com\/estrategiacarreirajuridica\/\" \/>\n<meta property=\"article:published_time\" content=\"2026-01-02T17:06:57+00:00\" \/>\n<meta property=\"article:modified_time\" content=\"2026-01-02T17:07:01+00:00\" \/>\n<meta property=\"og:image\" content=\"https:\/\/cj.estrategia.com\/portal\/wp-content\/uploads\/2022\/07\/04102041\/Concursos-Cartorios.jpg\" \/>\n\t<meta property=\"og:image:width\" content=\"768\" \/>\n\t<meta property=\"og:image:height\" content=\"432\" \/>\n\t<meta property=\"og:image:type\" content=\"image\/jpeg\" \/>\n<meta name=\"author\" content=\"Jos\u00e9 Ferreira\" \/>\n<meta name=\"twitter:card\" content=\"summary_large_image\" \/>\n<meta name=\"twitter:creator\" content=\"@EstratJuridica\" \/>\n<meta name=\"twitter:site\" content=\"@EstratJuridica\" \/>\n<meta name=\"twitter:label1\" content=\"Escrito por\" \/>\n\t<meta name=\"twitter:data1\" content=\"Jos\u00e9 Ferreira\" \/>\n\t<meta name=\"twitter:label2\" content=\"Est. tempo de leitura\" \/>\n\t<meta name=\"twitter:data2\" content=\"12 minutos\" \/>\n<script type=\"application\/ld+json\" class=\"yoast-schema-graph\">{\"@context\":\"https:\\\/\\\/schema.org\",\"@graph\":[{\"@type\":\"NewsArticle\",\"@id\":\"https:\\\/\\\/cj.estrategia.com\\\/portal\\\/panorama-geral-dos-concursos-para-cartorios-em-2026\\\/#article\",\"isPartOf\":{\"@id\":\"https:\\\/\\\/cj.estrategia.com\\\/portal\\\/panorama-geral-dos-concursos-para-cartorios-em-2026\\\/\"},\"author\":{\"name\":\"Jos\u00e9 Ferreira\",\"@id\":\"https:\\\/\\\/cj.estrategia.com\\\/portal\\\/#\\\/schema\\\/person\\\/4caf0099c42d736f2aade723f309f690\"},\"headline\":\"Panorama Geral dos Concursos para Cart\u00f3rios em 2026\",\"datePublished\":\"2026-01-02T17:06:57+00:00\",\"dateModified\":\"2026-01-02T17:07:01+00:00\",\"mainEntityOfPage\":{\"@id\":\"https:\\\/\\\/cj.estrategia.com\\\/portal\\\/panorama-geral-dos-concursos-para-cartorios-em-2026\\\/\"},\"wordCount\":957,\"commentCount\":0,\"publisher\":{\"@id\":\"https:\\\/\\\/cj.estrategia.com\\\/portal\\\/#organization\"},\"image\":{\"@id\":\"https:\\\/\\\/cj.estrategia.com\\\/portal\\\/panorama-geral-dos-concursos-para-cartorios-em-2026\\\/#primaryimage\"},\"thumbnailUrl\":\"https:\\\/\\\/cj.estrategia.com\\\/portal\\\/wp-content\\\/uploads\\\/2022\\\/07\\\/04102041\\\/Concursos-Cartorios.jpg\",\"articleSection\":[\"Cart\u00f3rio\"],\"inLanguage\":\"pt-BR\",\"potentialAction\":[{\"@type\":\"CommentAction\",\"name\":\"Comment\",\"target\":[\"https:\\\/\\\/cj.estrategia.com\\\/portal\\\/panorama-geral-dos-concursos-para-cartorios-em-2026\\\/#respond\"]}],\"accessibilityFeature\":[\"tableOfContents\"]},{\"@type\":\"WebPage\",\"@id\":\"https:\\\/\\\/cj.estrategia.com\\\/portal\\\/panorama-geral-dos-concursos-para-cartorios-em-2026\\\/\",\"url\":\"https:\\\/\\\/cj.estrategia.com\\\/portal\\\/panorama-geral-dos-concursos-para-cartorios-em-2026\\\/\",\"name\":\"Panorama Geral dos Concursos para Cart\u00f3rios em 2026\",\"isPartOf\":{\"@id\":\"https:\\\/\\\/cj.estrategia.com\\\/portal\\\/#website\"},\"primaryImageOfPage\":{\"@id\":\"https:\\\/\\\/cj.estrategia.com\\\/portal\\\/panorama-geral-dos-concursos-para-cartorios-em-2026\\\/#primaryimage\"},\"image\":{\"@id\":\"https:\\\/\\\/cj.estrategia.com\\\/portal\\\/panorama-geral-dos-concursos-para-cartorios-em-2026\\\/#primaryimage\"},\"thumbnailUrl\":\"https:\\\/\\\/cj.estrategia.com\\\/portal\\\/wp-content\\\/uploads\\\/2022\\\/07\\\/04102041\\\/Concursos-Cartorios.jpg\",\"datePublished\":\"2026-01-02T17:06:57+00:00\",\"dateModified\":\"2026-01-02T17:07:01+00:00\",\"description\":\"Descubra as oportunidades no panorama geral dos concursos para cart\u00f3rios em 2026 e prepare-se para a sua chance.\",\"breadcrumb\":{\"@id\":\"https:\\\/\\\/cj.estrategia.com\\\/portal\\\/panorama-geral-dos-concursos-para-cartorios-em-2026\\\/#breadcrumb\"},\"inLanguage\":\"pt-BR\",\"potentialAction\":[{\"@type\":\"ReadAction\",\"target\":[\"https:\\\/\\\/cj.estrategia.com\\\/portal\\\/panorama-geral-dos-concursos-para-cartorios-em-2026\\\/\"]}]},{\"@type\":\"ImageObject\",\"inLanguage\":\"pt-BR\",\"@id\":\"https:\\\/\\\/cj.estrategia.com\\\/portal\\\/panorama-geral-dos-concursos-para-cartorios-em-2026\\\/#primaryimage\",\"url\":\"https:\\\/\\\/cj.estrategia.com\\\/portal\\\/wp-content\\\/uploads\\\/2022\\\/07\\\/04102041\\\/Concursos-Cartorios.jpg\",\"contentUrl\":\"https:\\\/\\\/cj.estrategia.com\\\/portal\\\/wp-content\\\/uploads\\\/2022\\\/07\\\/04102041\\\/Concursos-Cartorios.jpg\",\"width\":768,\"height\":432,\"caption\":\"Concurso de Cart\u00f3rio\"},{\"@type\":\"BreadcrumbList\",\"@id\":\"https:\\\/\\\/cj.estrategia.com\\\/portal\\\/panorama-geral-dos-concursos-para-cartorios-em-2026\\\/#breadcrumb\",\"itemListElement\":[{\"@type\":\"ListItem\",\"position\":1,\"name\":\"In\u00edcio\",\"item\":\"https:\\\/\\\/cj.estrategia.com\\\/portal\\\/\"},{\"@type\":\"ListItem\",\"position\":2,\"name\":\"Panorama Geral dos Concursos para Cart\u00f3rios em 2026\"}]},{\"@type\":\"WebSite\",\"@id\":\"https:\\\/\\\/cj.estrategia.com\\\/portal\\\/#website\",\"url\":\"https:\\\/\\\/cj.estrategia.com\\\/portal\\\/\",\"name\":\"Blog - Carreiras Jur\u00eddicas - Estrat\u00e9gia\",\"description\":\"\",\"publisher\":{\"@id\":\"https:\\\/\\\/cj.estrategia.com\\\/portal\\\/#organization\"},\"potentialAction\":[{\"@type\":\"SearchAction\",\"target\":{\"@type\":\"EntryPoint\",\"urlTemplate\":\"https:\\\/\\\/cj.estrategia.com\\\/portal\\\/?s={search_term_string}\"},\"query-input\":{\"@type\":\"PropertyValueSpecification\",\"valueRequired\":true,\"valueName\":\"search_term_string\"}}],\"inLanguage\":\"pt-BR\"},{\"@type\":\"Organization\",\"@id\":\"https:\\\/\\\/cj.estrategia.com\\\/portal\\\/#organization\",\"name\":\"Estrat\u00e9gia - Carreiras Jur\u00eddicas\",\"url\":\"https:\\\/\\\/cj.estrategia.com\\\/portal\\\/\",\"logo\":{\"@type\":\"ImageObject\",\"inLanguage\":\"pt-BR\",\"@id\":\"https:\\\/\\\/cj.estrategia.com\\\/portal\\\/#\\\/schema\\\/logo\\\/image\\\/\",\"url\":\"https:\\\/\\\/cj.estrategia.com\\\/portal\\\/wp-content\\\/uploads\\\/2022\\\/03\\\/11151052\\\/cj-logo.png\",\"contentUrl\":\"https:\\\/\\\/cj.estrategia.com\\\/portal\\\/wp-content\\\/uploads\\\/2022\\\/03\\\/11151052\\\/cj-logo.png\",\"width\":150,\"height\":39,\"caption\":\"Estrat\u00e9gia - Carreiras Jur\u00eddicas\"},\"image\":{\"@id\":\"https:\\\/\\\/cj.estrategia.com\\\/portal\\\/#\\\/schema\\\/logo\\\/image\\\/\"},\"sameAs\":[\"https:\\\/\\\/www.facebook.com\\\/estrategiacarreirajuridica\\\/\",\"https:\\\/\\\/x.com\\\/EstratJuridica\",\"https:\\\/\\\/www.instagram.com\\\/estrategiacarreirajuridica\\\/\",\"https:\\\/\\\/www.youtube.com\\\/channel\\\/UClbMGuYbj2Mh1m3w144ETWQ\"]},{\"@type\":\"Person\",\"@id\":\"https:\\\/\\\/cj.estrategia.com\\\/portal\\\/#\\\/schema\\\/person\\\/4caf0099c42d736f2aade723f309f690\",\"name\":\"Jos\u00e9 Ferreira\",\"image\":{\"@type\":\"ImageObject\",\"inLanguage\":\"pt-BR\",\"@id\":\"https:\\\/\\\/cj.estrategia.com\\\/portal\\\/wp-content\\\/uploads\\\/2025\\\/04\\\/18142237\\\/jose-ferreira-navarro-analista-de-conteudo-jornalismo-carreiras-juridicas-96x96.png\",\"url\":\"https:\\\/\\\/cj.estrategia.com\\\/portal\\\/wp-content\\\/uploads\\\/2025\\\/04\\\/18142237\\\/jose-ferreira-navarro-analista-de-conteudo-jornalismo-carreiras-juridicas-96x96.png\",\"contentUrl\":\"https:\\\/\\\/cj.estrategia.com\\\/portal\\\/wp-content\\\/uploads\\\/2025\\\/04\\\/18142237\\\/jose-ferreira-navarro-analista-de-conteudo-jornalismo-carreiras-juridicas-96x96.png\",\"caption\":\"Jos\u00e9 Ferreira\"},\"description\":\"Analista de conte\u00fado na equipe de Jornalismo, atua com SEO e estrat\u00e9gia para desenvolver conte\u00fados relevantes e de alta qualidade voltados para OAB e para o universo de Concursos Jur\u00eddicos.\",\"url\":\"https:\\\/\\\/cj.estrategia.com\\\/portal\\\/author\\\/jose-navarro-de-andrade-cintra-ferreira\\\/\"}]}<\/script>\n<!-- \/ Yoast SEO Premium plugin. -->","yoast_head_json":{"title":"Panorama Geral dos Concursos para Cart\u00f3rios em 2026","description":"Descubra as oportunidades no panorama geral dos concursos para cart\u00f3rios em 2026 e prepare-se para a sua chance.","robots":{"index":"index","follow":"follow","max-snippet":"max-snippet:-1","max-image-preview":"max-image-preview:large","max-video-preview":"max-video-preview:-1"},"canonical":"https:\/\/cj.estrategia.com\/portal\/panorama-geral-dos-concursos-para-cartorios-em-2026\/","og_locale":"pt_BR","og_type":"article","og_title":"Panorama Geral dos Concursos para Cart\u00f3rios em 2026","og_description":"Descubra as oportunidades no panorama geral dos concursos para cart\u00f3rios em 2026 e prepare-se para a sua chance.","og_url":"https:\/\/cj.estrategia.com\/portal\/panorama-geral-dos-concursos-para-cartorios-em-2026\/","og_site_name":"Blog - Carreiras Jur\u00eddicas - Estrat\u00e9gia","article_publisher":"https:\/\/www.facebook.com\/estrategiacarreirajuridica\/","article_published_time":"2026-01-02T17:06:57+00:00","article_modified_time":"2026-01-02T17:07:01+00:00","og_image":[{"width":768,"height":432,"url":"https:\/\/cj.estrategia.com\/portal\/wp-content\/uploads\/2022\/07\/04102041\/Concursos-Cartorios.jpg","type":"image\/jpeg"}],"author":"Jos\u00e9 Ferreira","twitter_card":"summary_large_image","twitter_creator":"@EstratJuridica","twitter_site":"@EstratJuridica","twitter_misc":{"Escrito por":"Jos\u00e9 Ferreira","Est. tempo de leitura":"12 minutos"},"schema":{"@context":"https:\/\/schema.org","@graph":[{"@type":"NewsArticle","@id":"https:\/\/cj.estrategia.com\/portal\/panorama-geral-dos-concursos-para-cartorios-em-2026\/#article","isPartOf":{"@id":"https:\/\/cj.estrategia.com\/portal\/panorama-geral-dos-concursos-para-cartorios-em-2026\/"},"author":{"name":"Jos\u00e9 Ferreira","@id":"https:\/\/cj.estrategia.com\/portal\/#\/schema\/person\/4caf0099c42d736f2aade723f309f690"},"headline":"Panorama Geral dos Concursos para Cart\u00f3rios em 2026","datePublished":"2026-01-02T17:06:57+00:00","dateModified":"2026-01-02T17:07:01+00:00","mainEntityOfPage":{"@id":"https:\/\/cj.estrategia.com\/portal\/panorama-geral-dos-concursos-para-cartorios-em-2026\/"},"wordCount":957,"commentCount":0,"publisher":{"@id":"https:\/\/cj.estrategia.com\/portal\/#organization"},"image":{"@id":"https:\/\/cj.estrategia.com\/portal\/panorama-geral-dos-concursos-para-cartorios-em-2026\/#primaryimage"},"thumbnailUrl":"https:\/\/cj.estrategia.com\/portal\/wp-content\/uploads\/2022\/07\/04102041\/Concursos-Cartorios.jpg","articleSection":["Cart\u00f3rio"],"inLanguage":"pt-BR","potentialAction":[{"@type":"CommentAction","name":"Comment","target":["https:\/\/cj.estrategia.com\/portal\/panorama-geral-dos-concursos-para-cartorios-em-2026\/#respond"]}],"accessibilityFeature":["tableOfContents"]},{"@type":"WebPage","@id":"https:\/\/cj.estrategia.com\/portal\/panorama-geral-dos-concursos-para-cartorios-em-2026\/","url":"https:\/\/cj.estrategia.com\/portal\/panorama-geral-dos-concursos-para-cartorios-em-2026\/","name":"Panorama Geral dos Concursos para Cart\u00f3rios em 2026","isPartOf":{"@id":"https:\/\/cj.estrategia.com\/portal\/#website"},"primaryImageOfPage":{"@id":"https:\/\/cj.estrategia.com\/portal\/panorama-geral-dos-concursos-para-cartorios-em-2026\/#primaryimage"},"image":{"@id":"https:\/\/cj.estrategia.com\/portal\/panorama-geral-dos-concursos-para-cartorios-em-2026\/#primaryimage"},"thumbnailUrl":"https:\/\/cj.estrategia.com\/portal\/wp-content\/uploads\/2022\/07\/04102041\/Concursos-Cartorios.jpg","datePublished":"2026-01-02T17:06:57+00:00","dateModified":"2026-01-02T17:07:01+00:00","description":"Descubra as oportunidades no panorama geral dos concursos para cart\u00f3rios em 2026 e prepare-se para a sua chance.","breadcrumb":{"@id":"https:\/\/cj.estrategia.com\/portal\/panorama-geral-dos-concursos-para-cartorios-em-2026\/#breadcrumb"},"inLanguage":"pt-BR","potentialAction":[{"@type":"ReadAction","target":["https:\/\/cj.estrategia.com\/portal\/panorama-geral-dos-concursos-para-cartorios-em-2026\/"]}]},{"@type":"ImageObject","inLanguage":"pt-BR","@id":"https:\/\/cj.estrategia.com\/portal\/panorama-geral-dos-concursos-para-cartorios-em-2026\/#primaryimage","url":"https:\/\/cj.estrategia.com\/portal\/wp-content\/uploads\/2022\/07\/04102041\/Concursos-Cartorios.jpg","contentUrl":"https:\/\/cj.estrategia.com\/portal\/wp-content\/uploads\/2022\/07\/04102041\/Concursos-Cartorios.jpg","width":768,"height":432,"caption":"Concurso de Cart\u00f3rio"},{"@type":"BreadcrumbList","@id":"https:\/\/cj.estrategia.com\/portal\/panorama-geral-dos-concursos-para-cartorios-em-2026\/#breadcrumb","itemListElement":[{"@type":"ListItem","position":1,"name":"In\u00edcio","item":"https:\/\/cj.estrategia.com\/portal\/"},{"@type":"ListItem","position":2,"name":"Panorama Geral dos Concursos para Cart\u00f3rios em 2026"}]},{"@type":"WebSite","@id":"https:\/\/cj.estrategia.com\/portal\/#website","url":"https:\/\/cj.estrategia.com\/portal\/","name":"Blog - Carreiras Jur\u00eddicas - Estrat\u00e9gia","description":"","publisher":{"@id":"https:\/\/cj.estrategia.com\/portal\/#organization"},"potentialAction":[{"@type":"SearchAction","target":{"@type":"EntryPoint","urlTemplate":"https:\/\/cj.estrategia.com\/portal\/?s={search_term_string}"},"query-input":{"@type":"PropertyValueSpecification","valueRequired":true,"valueName":"search_term_string"}}],"inLanguage":"pt-BR"},{"@type":"Organization","@id":"https:\/\/cj.estrategia.com\/portal\/#organization","name":"Estrat\u00e9gia - Carreiras Jur\u00eddicas","url":"https:\/\/cj.estrategia.com\/portal\/","logo":{"@type":"ImageObject","inLanguage":"pt-BR","@id":"https:\/\/cj.estrategia.com\/portal\/#\/schema\/logo\/image\/","url":"https:\/\/cj.estrategia.com\/portal\/wp-content\/uploads\/2022\/03\/11151052\/cj-logo.png","contentUrl":"https:\/\/cj.estrategia.com\/portal\/wp-content\/uploads\/2022\/03\/11151052\/cj-logo.png","width":150,"height":39,"caption":"Estrat\u00e9gia - Carreiras Jur\u00eddicas"},"image":{"@id":"https:\/\/cj.estrategia.com\/portal\/#\/schema\/logo\/image\/"},"sameAs":["https:\/\/www.facebook.com\/estrategiacarreirajuridica\/","https:\/\/x.com\/EstratJuridica","https:\/\/www.instagram.com\/estrategiacarreirajuridica\/","https:\/\/www.youtube.com\/channel\/UClbMGuYbj2Mh1m3w144ETWQ"]},{"@type":"Person","@id":"https:\/\/cj.estrategia.com\/portal\/#\/schema\/person\/4caf0099c42d736f2aade723f309f690","name":"Jos\u00e9 Ferreira","image":{"@type":"ImageObject","inLanguage":"pt-BR","@id":"https:\/\/cj.estrategia.com\/portal\/wp-content\/uploads\/2025\/04\/18142237\/jose-ferreira-navarro-analista-de-conteudo-jornalismo-carreiras-juridicas-96x96.png","url":"https:\/\/cj.estrategia.com\/portal\/wp-content\/uploads\/2025\/04\/18142237\/jose-ferreira-navarro-analista-de-conteudo-jornalismo-carreiras-juridicas-96x96.png","contentUrl":"https:\/\/cj.estrategia.com\/portal\/wp-content\/uploads\/2025\/04\/18142237\/jose-ferreira-navarro-analista-de-conteudo-jornalismo-carreiras-juridicas-96x96.png","caption":"Jos\u00e9 Ferreira"},"description":"Analista de conte\u00fado na equipe de Jornalismo, atua com SEO e estrat\u00e9gia para desenvolver conte\u00fados relevantes e de alta qualidade voltados para OAB e para o universo de Concursos Jur\u00eddicos.","url":"https:\/\/cj.estrategia.com\/portal\/author\/jose-navarro-de-andrade-cintra-ferreira\/"}]}},"jetpack_featured_media_url":"https:\/\/cj.estrategia.com\/portal\/wp-content\/uploads\/2022\/07\/04102041\/Concursos-Cartorios.jpg","jetpack_sharing_enabled":true,"_links":{"self":[{"href":"https:\/\/cj.estrategia.com\/portal\/wp-json\/wp\/v2\/posts\/170451","targetHints":{"allow":["GET"]}}],"collection":[{"href":"https:\/\/cj.estrategia.com\/portal\/wp-json\/wp\/v2\/posts"}],"about":[{"href":"https:\/\/cj.estrategia.com\/portal\/wp-json\/wp\/v2\/types\/post"}],"author":[{"embeddable":true,"href":"https:\/\/cj.estrategia.com\/portal\/wp-json\/wp\/v2\/users\/162"}],"replies":[{"embeddable":true,"href":"https:\/\/cj.estrategia.com\/portal\/wp-json\/wp\/v2\/comments?post=170451"}],"version-history":[{"count":15,"href":"https:\/\/cj.estrategia.com\/portal\/wp-json\/wp\/v2\/posts\/170451\/revisions"}],"predecessor-version":[{"id":170717,"href":"https:\/\/cj.estrategia.com\/portal\/wp-json\/wp\/v2\/posts\/170451\/revisions\/170717"}],"wp:featuredmedia":[{"embeddable":true,"href":"https:\/\/cj.estrategia.com\/portal\/wp-json\/wp\/v2\/media\/20773"}],"wp:attachment":[{"href":"https:\/\/cj.estrategia.com\/portal\/wp-json\/wp\/v2\/media?parent=170451"}],"wp:term":[{"taxonomy":"category","embeddable":true,"href":"https:\/\/cj.estrategia.com\/portal\/wp-json\/wp\/v2\/categories?post=170451"},{"taxonomy":"post_tag","embeddable":true,"href":"https:\/\/cj.estrategia.com\/portal\/wp-json\/wp\/v2\/tags?post=170451"},{"taxonomy":"tax_estado","embeddable":true,"href":"https:\/\/cj.estrategia.com\/portal\/wp-json\/wp\/v2\/tax_estado?post=170451"}],"curies":[{"name":"wp","href":"https:\/\/api.w.org\/{rel}","templated":true}]}}