{"id":169566,"date":"2025-12-18T19:27:43","date_gmt":"2025-12-18T22:27:43","guid":{"rendered":"https:\/\/cj.estrategia.com\/portal\/?p=169566"},"modified":"2025-12-18T20:08:25","modified_gmt":"2025-12-18T23:08:25","slug":"trf2-juiz-rio-de-janeiro-espirito-santo-as-provas-do-concurso-ocorrerao-em-um-ou-nos-dois-estados","status":"publish","type":"post","link":"https:\/\/cj.estrategia.com\/portal\/trf2-juiz-rio-de-janeiro-espirito-santo-as-provas-do-concurso-ocorrerao-em-um-ou-nos-dois-estados\/","title":{"rendered":"TRF2 Juiz: Rio de Janeiro? Esp\u00edrito Santo? As provas do concurso ocorrer\u00e3o em um ou nos dois estados?"},"content":{"rendered":"\n<p>Voc\u00ea se prepara o ano inteiro, <strong>estuda com convic\u00e7\u00e3o e empenho<\/strong>, mas descobre que&#8230;<strong> ser\u00e1 necess\u00e1rio viajar para fazer a prova! Haja dinheiro e planejamento!<\/strong><\/p>\n\n\n\n<p>\u00c9 isso mesmo: al\u00e9m da <strong>taxa de inscri\u00e7\u00e3o<\/strong>, ter\u00e1 que se <strong>preparar financeiramente<\/strong> e se deslocar para <strong>outro estado<\/strong>. Esse \u00e9 um dos principais dilemas dos concurseiros e concurseiras. <strong>E \u00e9 justamente nesse contexto que surge um dos editais mais aguardados do ano<\/strong>&#8230;<\/p>\n\n\n\n<p>O <strong>novo <\/strong>certame <strong>do Tribunal Regional Federal da 2\u00aa Regi\u00e3o (TRF2)<\/strong>, que oferta <strong>27 vagas<\/strong>, al\u00e9m de <strong>forma\u00e7\u00e3o de cadastro reserva<\/strong>, para o cargo de <strong>Juiz<\/strong>, saiu do forno h\u00e1 pouqu\u00edssimo tempo!<\/p>\n\n\n\n<p>Mas as informa\u00e7\u00f5es sobre onde as provas ser\u00e3o aplicadas parecem quase &#8220;<strong>segredos<\/strong>&#8221; para interessados e interessadas. Por isso que o <strong>Estrat\u00e9gia Carreiras Jur\u00eddicas<\/strong> esclarece neste artigo todos esses detalhes! <strong>Confira a seguir!<\/strong><\/p>\n\n\n\n<h2 class=\"wp-block-heading\" id=\"h-resumo-do-concurso\"><span id=\"resumo-do-concurso\">Resumo do concurso<\/span><\/h2>\n\n\n\n<ul class=\"wp-block-list\">\n<li><strong>Banca:<\/strong>&nbsp;FGV&nbsp;|&nbsp;TRF2<\/li>\n\n\n\n<li><strong>Vagas:&nbsp;<\/strong>27 + CR<\/li>\n\n\n\n<li><strong>Sal\u00e1rio inicial:<\/strong>&nbsp;R$ 37.765,55<\/li>\n<\/ul>\n\n\n\n<div class=\"container\" id=\"boxes\">\n  <div class=\"row\">\n\n    <div class=\"col-sm\">\n      <div class=\"banner-estrategia-concursos-juridicos\" id=\"box-assinatura\">\n        <h2 id=\"curso-para-trf2-juiz-federal\" class=\"titulo-assinatura\"><span style=\"color: #ffffff; font-size: 23px; \">Curso para TRF2 Juiz Federal <\/span><\/h2>\n        <p class=\"subtitulo-assinatura\">Cursos focados no edital do concurso<\/p>\n        <div class=\"box-botao\">\n          <a class=\"btn-assinatura-juridica\" target=\"_blank\" href=\"https:\/\/cj.estrategia.com\/concurso\/trf-2\" role=\"button\" rel=\"noopener noreferrer\">Conhe\u00e7a mais<\/a>\n        <\/div>\n      <\/div>\n      <p class=\"texto-auxiliar\">Prepare-se com o melhor material e com quem mais aprova em concursos em todo o pa\u00eds. \n<\/p>\n    <\/div>\n\n  <\/div>\n<\/div>\n\n\n\n<h2 class=\"wp-block-heading\" id=\"h-as-provas-ocorrerao-do-trf2-para-juiz-ocorrerao-em-apenas-um-estado-ou-nos-dois\"><span id=\"as-provas-ocorrerao-do-trf2-para-juiz-ocorrerao-em-apenas-um-estado-ou-nos-dois\">As provas ocorrer\u00e3o do TRF2 para Juiz ocorrer\u00e3o em apenas um estado ou nos dois?<\/span><\/h2>\n\n\n\n<p>Afinal, as provas ocorrer\u00e3o em apenas um estado? A resposta \u00e9: <strong>depende<\/strong>. O <strong>item 3.1 do edital esclarece a quest\u00e3o<\/strong>:<\/p>\n\n\n\n<ul class=\"wp-block-list\">\n<li><strong>Primeira etapa (Prova Objetiva Seletiva) e Avalia\u00e7\u00e3o da Comiss\u00e3o Multiprofissional:<\/strong> nos munic\u00edpios do <strong>Rio de Janeiro<\/strong> e de <strong>Vit\u00f3ria<\/strong>.<\/li>\n\n\n\n<li><strong>Segunda etapa (Provas Escritas):<\/strong> no munic\u00edpio do <strong>Rio de Janeiro<\/strong>, podendo tamb\u00e9m ser aplicadas em <strong>Vit\u00f3ria<\/strong>, se houver n\u00famero razo\u00e1vel de candidatos.<\/li>\n\n\n\n<li><strong>Provas orais (quarta etapa):<\/strong> apenas no munic\u00edpio do <strong>Rio de Janeiro<\/strong>, no plen\u00e1rio da sede do Tribunal.<\/li>\n<\/ul>\n\n\n\n<p>Veja exatamente o que diz o texto:<\/p>\n\n\n\n<blockquote class=\"wp-block-quote is-layout-flow wp-block-quote-is-layout-flow\">\n<p class=\"has-very-light-gray-to-cyan-bluish-gray-gradient-background has-background\"><strong>3.1 <\/strong>A Prova Objetiva Seletiva (primeira etapa) e a Avalia\u00e7\u00e3o da Comiss\u00e3o Multiprofissional ser\u00e3o realizadas nos Munic\u00edpios do Rio de Janeiro e de Vit\u00f3ria. <\/p>\n\n\n\n<p class=\"has-very-light-gray-to-cyan-bluish-gray-gradient-background has-background\">As Provas Escritas (segunda etapa) ser\u00e3o aplicadas no Munic\u00edpio do Rio de Janeiro, existindo a possibilidade de, a crit\u00e9rio da Comiss\u00e3o, e havendo razo\u00e1vel n\u00famero de candidatos aprovados, efetu\u00e1-las, tamb\u00e9m, no Munic\u00edpio de Vit\u00f3ria. <\/p>\n\n\n\n<p class=\"has-very-light-gray-to-cyan-bluish-gray-gradient-background has-background\">As provas orais ser\u00e3o conduzidas, exclusivamente, no Munic\u00edpio do Rio de Janeiro, no Plen\u00e1rio da sede do Tribunal.<\/p>\n\n\n\n<p>Mas, aten\u00e7\u00e3o, h\u00e1 dois subt\u00f3picos importantes quanto \u00e0 localidade das provas. Confira o que texto diz:<\/p>\n\n\n\n<p class=\"has-very-light-gray-to-cyan-bluish-gray-gradient-background has-background\"><strong>3.1.1<\/strong> Caso na primeira etapa o n\u00famero de candidatos inscritos exceda a oferta de lugares existentes nos munic\u00edpios do Rio de Janeiro e de Vit\u00f3ria, a Funda\u00e7\u00e3o Get\u00falio Vargas se reserva o direito de aloc\u00e1-los em cidades pr\u00f3ximas, n\u00e3o assumindo, entretanto, qualquer responsabilidade quanto ao deslocamento e \u00e0 hospedagem dos candidatos.<\/p>\n\n\n\n<p class=\"has-very-light-gray-to-cyan-bluish-gray-gradient-background has-background\"><strong>3.1.2<\/strong> A op\u00e7\u00e3o por realizar a Prova Escrita no Munic\u00edpio do Rio de Janeiro ou de Vit\u00f3ria ser\u00e1 feita, obrigatoriamente, no ato da inscri\u00e7\u00e3o preliminar. Aquele que n\u00e3o fizer a op\u00e7\u00e3o ser\u00e1 alocado de acordo com a conveni\u00eancia da organiza\u00e7\u00e3o do certame, e qualquer mudan\u00e7a posterior ser\u00e1 indeferida, salvo erro justific\u00e1vel, e desde que n\u00e3o exista preju\u00edzo \u00e0 organiza\u00e7\u00e3o.<\/p>\n<\/blockquote>\n\n\n\n<h2 class=\"wp-block-heading\" id=\"h-quantas-e-quais-sao-as-etapas-do-concurso-para-juiz-do-trf2\"><span id=\"quantas-e-quais-sao-as-etapas-do-concurso-para-juiz-do-trf2\">Quantas e quais s\u00e3o as etapas do concurso para Juiz do TRF2?<\/span><\/h2>\n\n\n\n<p>I)&nbsp;<strong>Primeira Etapa \u2013 Prova Objetiva Seletiva<\/strong><\/p>\n\n\n\n<ul class=\"wp-block-list\">\n<li>Car\u00e1ter: eliminat\u00f3rio e classificat\u00f3rio<\/li>\n\n\n\n<li>Respons\u00e1vel: Funda\u00e7\u00e3o Getulio Vargas (FGV)<\/li>\n\n\n\n<li>Peso: 1<\/li>\n<\/ul>\n\n\n\n<p>II)&nbsp;<strong>Segunda Etapa \u2013 Provas Escritas<\/strong><\/p>\n\n\n\n<ul class=\"wp-block-list\">\n<li>Car\u00e1ter: eliminat\u00f3rio e classificat\u00f3rio<\/li>\n\n\n\n<li>Respons\u00e1vel: Comiss\u00e3o do Concurso do TRF-2<\/li>\n\n\n\n<li>Composi\u00e7\u00e3o:\n<ul class=\"wp-block-list\">\n<li>Prova discursiva geral<\/li>\n\n\n\n<li>Prova pr\u00e1tica de senten\u00e7a civil<\/li>\n\n\n\n<li>Prova pr\u00e1tica de senten\u00e7a criminal<\/li>\n<\/ul>\n<\/li>\n\n\n\n<li>Peso: 3 (cada prova)<\/li>\n<\/ul>\n\n\n\n<p>III)&nbsp;<strong>Terceira Etapa \u2013 Inscri\u00e7\u00e3o Definitiva<\/strong><\/p>\n\n\n\n<ul class=\"wp-block-list\">\n<li>Car\u00e1ter: eliminat\u00f3rio<\/li>\n\n\n\n<li>Respons\u00e1vel: Comiss\u00e3o do Concurso do TRF-2<\/li>\n\n\n\n<li>Fases:<br>a) Sindic\u00e2ncia da vida pregressa e investiga\u00e7\u00e3o social<br>b) Exame de sanidade f\u00edsica e mental<br>c) Exame psicot\u00e9cnico<\/li>\n<\/ul>\n\n\n\n<p>IV)&nbsp;<strong>Quarta Etapa \u2013 Prova Oral<\/strong><\/p>\n\n\n\n<ul class=\"wp-block-list\">\n<li>Car\u00e1ter: eliminat\u00f3rio e classificat\u00f3rio<\/li>\n\n\n\n<li>Respons\u00e1vel: Comiss\u00e3o do Concurso do TRF-2<\/li>\n\n\n\n<li>Peso: 2<\/li>\n<\/ul>\n\n\n\n<p>V)&nbsp;<strong>Quinta Etapa \u2013 Avalia\u00e7\u00e3o de T\u00edtulos<\/strong><\/p>\n\n\n\n<ul class=\"wp-block-list\">\n<li>Car\u00e1ter: classificat\u00f3rio<\/li>\n\n\n\n<li>Respons\u00e1vel: Comiss\u00e3o do Concurso do TRF-2<\/li>\n\n\n\n<li>Peso: 1<\/li>\n<\/ul>\n\n\n\n<p><strong>Observa\u00e7\u00f5es<\/strong><\/p>\n\n\n\n<ul class=\"wp-block-list\">\n<li>A participa\u00e7\u00e3o em cada etapa ocorrer\u00e1 somente ap\u00f3s habilita\u00e7\u00e3o na etapa anterior.<\/li>\n\n\n\n<li>As provas da 1\u00aa (objetiva), 2\u00aa (escritas) e 4\u00aa (oral) etapas versar\u00e3o sobre o Conte\u00fado Program\u00e1tico do Anexo I do Edital, que pode ser conferido no artigo a seguir.<\/li>\n<\/ul>\n\n\n\n<p class=\"has-text-align-center has-luminous-vivid-amber-to-luminous-vivid-orange-gradient-background has-background\"><strong>Saiba mais: <a href=\"https:\/\/cj.estrategia.com\/portal\/concurso-trf2-juiz-federal\/\" target=\"_blank\" >Concurso TRF2 Juiz<\/a><\/strong><\/p>\n\n\n\n<h2 class=\"wp-block-heading\" id=\"h-juiz-trf-2-analise-de-edital-com-27-vagas-e-provas-em-abril\"><span id=\"juiz-trf-2-analise-de-edital-com-27-vagas-e-provas-em-abril\">Juiz TRF 2 &#8211; An\u00e1lise de Edital com 27 vagas e provas em abril!<\/span><\/h2>\n\n\n\n<figure class=\"wp-block-embed is-type-video is-provider-youtube wp-block-embed-youtube wp-embed-aspect-16-9 wp-has-aspect-ratio\"><div class=\"wp-block-embed__wrapper\">\n<div class=\"cs-embed cs-embed-responsive\"><iframe title=\"Juiz TRF 2 - An\u00e1lise de Edital com 27 vagas e provas em abril!\" width=\"1200\" height=\"675\" src=\"https:\/\/www.youtube.com\/embed\/mW3CQaNb7ss?feature=oembed\" frameborder=\"0\" allow=\"accelerometer; autoplay; clipboard-write; encrypted-media; gyroscope; picture-in-picture; web-share\" referrerpolicy=\"strict-origin-when-cross-origin\" allowfullscreen><\/iframe><\/div>\n<\/div><\/figure>\n\n\n\n<h2 class=\"wp-block-heading\" id=\"h-quer-saber-tudo-sobre-concursos-previstos-confira-nossos-artigos\"><span id=\"quer-saber-tudo-sobre-concursos-previstosconfira-nossos-artigos\">Quer saber tudo sobre concursos previstos?<br><strong>Confira nossos artigos!<\/strong><\/span><\/h2>\n\n\n\n<ul class=\"wp-block-list\">\n<li><a href=\"https:\/\/cj.estrategia.com\/portal\/concursos-abertos-carreiras-juridicas\/\" target=\"_blank\" >Concursos jur\u00eddicos abertos<\/a><\/li>\n\n\n\n<li><a href=\"https:\/\/cj.estrategia.com\/portal\/concursos-juridicos-2026-prepare-se-para-os-proximos-editais\/\" target=\"_blank\" >Concursos Jur\u00eddicos 2026<\/a><\/li>\n\n\n\n<li><a href=\"https:\/\/cj.estrategia.com\/portal\/concursos-magistratura\/\" target=\"_blank\" >Concursos magistratura<\/a><\/li>\n\n\n\n<li><a href=\"https:\/\/cj.estrategia.com\/portal\/exame-nacional-da-magistratura\/\" target=\"_blank\" >Exame Nacional da Magistratura<\/a><\/li>\n<\/ul>\n\n\n\n<h2 class=\"wp-block-heading has-text-align-center\" id=\"curso\"><span id=\"cursos-e-assinaturas\">CURSOS E ASSINATURAS<\/span><\/h2>\n\n\n\n<div class=\"container\" id=\"boxes\">\n  <div class=\"row\">\n\n    <div class=\"col-sm\">\n      <div class=\"banner-estrategia-concursos-juridicos\" id=\"box-assinatura\">\n        <h2 id=\"curso-para-trf2-juiz-federal-2\" class=\"titulo-assinatura\"><span style=\"color: #ffffff; font-size: 23px; \">Curso para TRF2 Juiz Federal <\/span><\/h2>\n        <p class=\"subtitulo-assinatura\">Cursos focados no edital do concurso<\/p>\n        <div class=\"box-botao\">\n          <a class=\"btn-assinatura-juridica\" target=\"_blank\" href=\"https:\/\/cj.estrategia.com\/curso\/trf-2-regio-juiz-federal-pacote-teorico\/\" role=\"button\" rel=\"noopener noreferrer\">Conhe\u00e7a mais<\/a>\n        <\/div>\n      <\/div>\n      <p class=\"texto-auxiliar\">Prepare-se com o melhor material e com quem mais aprova em concursos em todo o pa\u00eds. \n<\/p>\n    <\/div>\n\n  <\/div>\n<\/div>\n\n\n\n<div class=\"wp-block-cover\" style=\"min-height:155px;aspect-ratio:unset;\"><img decoding=\"async\" width=\"1890\" height=\"351\" class=\"wp-block-cover__image-background wp-image-8669\" alt=\"Assinaturas Jur\u00eddicas\" src=\"https:\/\/cj.estrategia.com\/portal\/wp-content\/uploads\/2022\/06\/20151253\/concurso-carreiras-juridicas-assinatura-juridica.jpg\" style=\"object-position:78% 43%\" data-object-fit=\"cover\" data-object-position=\"78% 43%\" srcset=\"https:\/\/cj.estrategia.com\/portal\/wp-content\/uploads\/2022\/06\/20151253\/concurso-carreiras-juridicas-assinatura-juridica.jpg 1890w, https:\/\/cj.estrategia.com\/portal\/wp-content\/uploads\/2022\/06\/20151253\/concurso-carreiras-juridicas-assinatura-juridica-300x56.jpg 300w, https:\/\/cj.estrategia.com\/portal\/wp-content\/uploads\/2022\/06\/20151253\/concurso-carreiras-juridicas-assinatura-juridica-1024x190.jpg 1024w, https:\/\/cj.estrategia.com\/portal\/wp-content\/uploads\/2022\/06\/20151253\/concurso-carreiras-juridicas-assinatura-juridica-768x143.jpg 768w, https:\/\/cj.estrategia.com\/portal\/wp-content\/uploads\/2022\/06\/20151253\/concurso-carreiras-juridicas-assinatura-juridica-1536x285.jpg 1536w, https:\/\/cj.estrategia.com\/portal\/wp-content\/uploads\/2022\/06\/20151253\/concurso-carreiras-juridicas-assinatura-juridica-380x71.jpg 380w, https:\/\/cj.estrategia.com\/portal\/wp-content\/uploads\/2022\/06\/20151253\/concurso-carreiras-juridicas-assinatura-juridica-800x149.jpg 800w, https:\/\/cj.estrategia.com\/portal\/wp-content\/uploads\/2022\/06\/20151253\/concurso-carreiras-juridicas-assinatura-juridica-1160x215.jpg 1160w\" sizes=\"(max-width: 1890px) 100vw, 1890px\" \/><span aria-hidden=\"true\" class=\"wp-block-cover__background has-background-dim\"><\/span><div class=\"wp-block-cover__inner-container is-layout-flow wp-block-cover-is-layout-flow\">\n<h3 id=\"faca-a-sua-assinatura\" class=\"titulo-assinatura\"><span style=\"color: #ffffff;\">Fa\u00e7a a sua assinatura!<\/span><\/h3>\n<p class=\"subtitulo-assinatura\" style=\"display:block!important; line-height: 0;\"><span style=\"color: #ffffff;\">Escolha a sua \u00e1rea.<\/span><\/p>\n<a target=\"_blank\" href=\"https:\/\/www.estrategiaconcursos.com.br\/assinaturas-ecj\/\" rel=\"noopener\"><button style=\"border-radius: 10px; text-transform: capitalize;\">Acessar<\/button><\/a>\n<\/div><\/div>\n\n\n\n<p><\/p>\n","protected":false},"excerpt":{"rendered":"Voc\u00ea se prepara o ano inteiro, estuda com convic\u00e7\u00e3o e empenho, mas descobre que&#8230; ser\u00e1 necess\u00e1rio viajar para&hellip;\n","protected":false},"author":162,"featured_media":170022,"comment_status":"open","ping_status":"open","sticky":false,"template":"","format":"standard","meta":{"_jetpack_memberships_contains_paid_content":false,"footnotes":""},"categories":[26],"tags":[],"tax_estado":[38,49],"class_list":{"0":"post-169566","1":"post","2":"type-post","3":"status-publish","4":"format-standard","5":"has-post-thumbnail","7":"category-magistratura","8":"tax_estado-es","9":"tax_estado-rj"},"acf":[],"yoast_head":"<!-- This site is optimized with the Yoast SEO Premium plugin v27.4 (Yoast SEO v27.4) - https:\/\/yoast.com\/product\/yoast-seo-premium-wordpress\/ -->\n<title>TRF2 Juiz: Rio de Janeiro? Esp\u00edrito Santo? As provas do concurso ocorrer\u00e3o em um ou nos dois estados?<\/title>\n<meta name=\"description\" content=\"Descubra tudo sobre o trf2 juiz e as 27 vagas oferecidas! Prepare-se adequadamente para a prova do Tribunal Regional Federal.\" \/>\n<meta name=\"robots\" content=\"index, follow, max-snippet:-1, max-image-preview:large, max-video-preview:-1\" \/>\n<link rel=\"canonical\" href=\"https:\/\/cj.estrategia.com\/portal\/trf2-juiz-rio-de-janeiro-espirito-santo-as-provas-do-concurso-ocorrerao-em-um-ou-nos-dois-estados\/\" \/>\n<meta property=\"og:locale\" content=\"pt_BR\" \/>\n<meta property=\"og:type\" content=\"article\" \/>\n<meta property=\"og:title\" content=\"TRF2 Juiz: Rio de Janeiro? Esp\u00edrito Santo? As provas do concurso ocorrer\u00e3o em um ou nos dois estados?\" \/>\n<meta property=\"og:description\" content=\"Descubra tudo sobre o trf2 juiz e as 27 vagas oferecidas! Prepare-se adequadamente para a prova do Tribunal Regional Federal.\" \/>\n<meta property=\"og:url\" content=\"https:\/\/cj.estrategia.com\/portal\/trf2-juiz-rio-de-janeiro-espirito-santo-as-provas-do-concurso-ocorrerao-em-um-ou-nos-dois-estados\/\" \/>\n<meta property=\"og:site_name\" content=\"Blog - Carreiras Jur\u00eddicas - Estrat\u00e9gia\" \/>\n<meta property=\"article:publisher\" content=\"https:\/\/www.facebook.com\/estrategiacarreirajuridica\/\" \/>\n<meta property=\"article:published_time\" content=\"2025-12-18T22:27:43+00:00\" \/>\n<meta property=\"article:modified_time\" content=\"2025-12-18T23:08:25+00:00\" \/>\n<meta property=\"og:image\" content=\"https:\/\/cj.estrategia.com\/portal\/wp-content\/uploads\/2025\/11\/17203327\/Concursos-Magistratura.jpg\" \/>\n\t<meta property=\"og:image:width\" content=\"768\" \/>\n\t<meta property=\"og:image:height\" content=\"432\" \/>\n\t<meta property=\"og:image:type\" content=\"image\/jpeg\" \/>\n<meta name=\"author\" content=\"Jos\u00e9 Ferreira\" \/>\n<meta name=\"twitter:card\" content=\"summary_large_image\" \/>\n<meta name=\"twitter:creator\" content=\"@EstratJuridica\" \/>\n<meta name=\"twitter:site\" content=\"@EstratJuridica\" \/>\n<meta name=\"twitter:label1\" content=\"Escrito por\" \/>\n\t<meta name=\"twitter:data1\" content=\"Jos\u00e9 Ferreira\" \/>\n\t<meta name=\"twitter:label2\" content=\"Est. tempo de leitura\" \/>\n\t<meta name=\"twitter:data2\" content=\"4 minutos\" \/>\n<script type=\"application\/ld+json\" class=\"yoast-schema-graph\">{\"@context\":\"https:\\\/\\\/schema.org\",\"@graph\":[{\"@type\":\"NewsArticle\",\"@id\":\"https:\\\/\\\/cj.estrategia.com\\\/portal\\\/trf2-juiz-rio-de-janeiro-espirito-santo-as-provas-do-concurso-ocorrerao-em-um-ou-nos-dois-estados\\\/#article\",\"isPartOf\":{\"@id\":\"https:\\\/\\\/cj.estrategia.com\\\/portal\\\/trf2-juiz-rio-de-janeiro-espirito-santo-as-provas-do-concurso-ocorrerao-em-um-ou-nos-dois-estados\\\/\"},\"author\":{\"name\":\"Jos\u00e9 Ferreira\",\"@id\":\"https:\\\/\\\/cj.estrategia.com\\\/portal\\\/#\\\/schema\\\/person\\\/4caf0099c42d736f2aade723f309f690\"},\"headline\":\"TRF2 Juiz: Rio de Janeiro? Esp\u00edrito Santo? As provas do concurso ocorrer\u00e3o em um ou nos dois estados?\",\"datePublished\":\"2025-12-18T22:27:43+00:00\",\"dateModified\":\"2025-12-18T23:08:25+00:00\",\"mainEntityOfPage\":{\"@id\":\"https:\\\/\\\/cj.estrategia.com\\\/portal\\\/trf2-juiz-rio-de-janeiro-espirito-santo-as-provas-do-concurso-ocorrerao-em-um-ou-nos-dois-estados\\\/\"},\"wordCount\":848,\"commentCount\":0,\"publisher\":{\"@id\":\"https:\\\/\\\/cj.estrategia.com\\\/portal\\\/#organization\"},\"image\":{\"@id\":\"https:\\\/\\\/cj.estrategia.com\\\/portal\\\/trf2-juiz-rio-de-janeiro-espirito-santo-as-provas-do-concurso-ocorrerao-em-um-ou-nos-dois-estados\\\/#primaryimage\"},\"thumbnailUrl\":\"https:\\\/\\\/cj.estrategia.com\\\/portal\\\/wp-content\\\/uploads\\\/2025\\\/11\\\/17203327\\\/Concursos-Magistratura.jpg\",\"articleSection\":[\"Magistratura\"],\"inLanguage\":\"pt-BR\",\"potentialAction\":[{\"@type\":\"CommentAction\",\"name\":\"Comment\",\"target\":[\"https:\\\/\\\/cj.estrategia.com\\\/portal\\\/trf2-juiz-rio-de-janeiro-espirito-santo-as-provas-do-concurso-ocorrerao-em-um-ou-nos-dois-estados\\\/#respond\"]}]},{\"@type\":\"WebPage\",\"@id\":\"https:\\\/\\\/cj.estrategia.com\\\/portal\\\/trf2-juiz-rio-de-janeiro-espirito-santo-as-provas-do-concurso-ocorrerao-em-um-ou-nos-dois-estados\\\/\",\"url\":\"https:\\\/\\\/cj.estrategia.com\\\/portal\\\/trf2-juiz-rio-de-janeiro-espirito-santo-as-provas-do-concurso-ocorrerao-em-um-ou-nos-dois-estados\\\/\",\"name\":\"TRF2 Juiz: Rio de Janeiro? Esp\u00edrito Santo? As provas do concurso ocorrer\u00e3o em um ou nos dois estados?\",\"isPartOf\":{\"@id\":\"https:\\\/\\\/cj.estrategia.com\\\/portal\\\/#website\"},\"primaryImageOfPage\":{\"@id\":\"https:\\\/\\\/cj.estrategia.com\\\/portal\\\/trf2-juiz-rio-de-janeiro-espirito-santo-as-provas-do-concurso-ocorrerao-em-um-ou-nos-dois-estados\\\/#primaryimage\"},\"image\":{\"@id\":\"https:\\\/\\\/cj.estrategia.com\\\/portal\\\/trf2-juiz-rio-de-janeiro-espirito-santo-as-provas-do-concurso-ocorrerao-em-um-ou-nos-dois-estados\\\/#primaryimage\"},\"thumbnailUrl\":\"https:\\\/\\\/cj.estrategia.com\\\/portal\\\/wp-content\\\/uploads\\\/2025\\\/11\\\/17203327\\\/Concursos-Magistratura.jpg\",\"datePublished\":\"2025-12-18T22:27:43+00:00\",\"dateModified\":\"2025-12-18T23:08:25+00:00\",\"description\":\"Descubra tudo sobre o trf2 juiz e as 27 vagas oferecidas! Prepare-se adequadamente para a prova do Tribunal Regional Federal.\",\"breadcrumb\":{\"@id\":\"https:\\\/\\\/cj.estrategia.com\\\/portal\\\/trf2-juiz-rio-de-janeiro-espirito-santo-as-provas-do-concurso-ocorrerao-em-um-ou-nos-dois-estados\\\/#breadcrumb\"},\"inLanguage\":\"pt-BR\",\"potentialAction\":[{\"@type\":\"ReadAction\",\"target\":[\"https:\\\/\\\/cj.estrategia.com\\\/portal\\\/trf2-juiz-rio-de-janeiro-espirito-santo-as-provas-do-concurso-ocorrerao-em-um-ou-nos-dois-estados\\\/\"]}]},{\"@type\":\"ImageObject\",\"inLanguage\":\"pt-BR\",\"@id\":\"https:\\\/\\\/cj.estrategia.com\\\/portal\\\/trf2-juiz-rio-de-janeiro-espirito-santo-as-provas-do-concurso-ocorrerao-em-um-ou-nos-dois-estados\\\/#primaryimage\",\"url\":\"https:\\\/\\\/cj.estrategia.com\\\/portal\\\/wp-content\\\/uploads\\\/2025\\\/11\\\/17203327\\\/Concursos-Magistratura.jpg\",\"contentUrl\":\"https:\\\/\\\/cj.estrategia.com\\\/portal\\\/wp-content\\\/uploads\\\/2025\\\/11\\\/17203327\\\/Concursos-Magistratura.jpg\",\"width\":768,\"height\":432},{\"@type\":\"BreadcrumbList\",\"@id\":\"https:\\\/\\\/cj.estrategia.com\\\/portal\\\/trf2-juiz-rio-de-janeiro-espirito-santo-as-provas-do-concurso-ocorrerao-em-um-ou-nos-dois-estados\\\/#breadcrumb\",\"itemListElement\":[{\"@type\":\"ListItem\",\"position\":1,\"name\":\"In\u00edcio\",\"item\":\"https:\\\/\\\/cj.estrategia.com\\\/portal\\\/\"},{\"@type\":\"ListItem\",\"position\":2,\"name\":\"TRF2 Juiz: Rio de Janeiro? Esp\u00edrito Santo? As provas do concurso ocorrer\u00e3o em um ou nos dois estados?\"}]},{\"@type\":\"WebSite\",\"@id\":\"https:\\\/\\\/cj.estrategia.com\\\/portal\\\/#website\",\"url\":\"https:\\\/\\\/cj.estrategia.com\\\/portal\\\/\",\"name\":\"Blog - Carreiras Jur\u00eddicas - Estrat\u00e9gia\",\"description\":\"\",\"publisher\":{\"@id\":\"https:\\\/\\\/cj.estrategia.com\\\/portal\\\/#organization\"},\"potentialAction\":[{\"@type\":\"SearchAction\",\"target\":{\"@type\":\"EntryPoint\",\"urlTemplate\":\"https:\\\/\\\/cj.estrategia.com\\\/portal\\\/?s={search_term_string}\"},\"query-input\":{\"@type\":\"PropertyValueSpecification\",\"valueRequired\":true,\"valueName\":\"search_term_string\"}}],\"inLanguage\":\"pt-BR\"},{\"@type\":\"Organization\",\"@id\":\"https:\\\/\\\/cj.estrategia.com\\\/portal\\\/#organization\",\"name\":\"Estrat\u00e9gia - Carreiras Jur\u00eddicas\",\"url\":\"https:\\\/\\\/cj.estrategia.com\\\/portal\\\/\",\"logo\":{\"@type\":\"ImageObject\",\"inLanguage\":\"pt-BR\",\"@id\":\"https:\\\/\\\/cj.estrategia.com\\\/portal\\\/#\\\/schema\\\/logo\\\/image\\\/\",\"url\":\"https:\\\/\\\/cj.estrategia.com\\\/portal\\\/wp-content\\\/uploads\\\/2022\\\/03\\\/11151052\\\/cj-logo.png\",\"contentUrl\":\"https:\\\/\\\/cj.estrategia.com\\\/portal\\\/wp-content\\\/uploads\\\/2022\\\/03\\\/11151052\\\/cj-logo.png\",\"width\":150,\"height\":39,\"caption\":\"Estrat\u00e9gia - Carreiras Jur\u00eddicas\"},\"image\":{\"@id\":\"https:\\\/\\\/cj.estrategia.com\\\/portal\\\/#\\\/schema\\\/logo\\\/image\\\/\"},\"sameAs\":[\"https:\\\/\\\/www.facebook.com\\\/estrategiacarreirajuridica\\\/\",\"https:\\\/\\\/x.com\\\/EstratJuridica\",\"https:\\\/\\\/www.instagram.com\\\/estrategiacarreirajuridica\\\/\",\"https:\\\/\\\/www.youtube.com\\\/channel\\\/UClbMGuYbj2Mh1m3w144ETWQ\"]},{\"@type\":\"Person\",\"@id\":\"https:\\\/\\\/cj.estrategia.com\\\/portal\\\/#\\\/schema\\\/person\\\/4caf0099c42d736f2aade723f309f690\",\"name\":\"Jos\u00e9 Ferreira\",\"image\":{\"@type\":\"ImageObject\",\"inLanguage\":\"pt-BR\",\"@id\":\"https:\\\/\\\/cj.estrategia.com\\\/portal\\\/wp-content\\\/uploads\\\/2025\\\/04\\\/18142237\\\/jose-ferreira-navarro-analista-de-conteudo-jornalismo-carreiras-juridicas-96x96.png\",\"url\":\"https:\\\/\\\/cj.estrategia.com\\\/portal\\\/wp-content\\\/uploads\\\/2025\\\/04\\\/18142237\\\/jose-ferreira-navarro-analista-de-conteudo-jornalismo-carreiras-juridicas-96x96.png\",\"contentUrl\":\"https:\\\/\\\/cj.estrategia.com\\\/portal\\\/wp-content\\\/uploads\\\/2025\\\/04\\\/18142237\\\/jose-ferreira-navarro-analista-de-conteudo-jornalismo-carreiras-juridicas-96x96.png\",\"caption\":\"Jos\u00e9 Ferreira\"},\"description\":\"Analista de conte\u00fado na equipe de Jornalismo, atua com SEO e estrat\u00e9gia para desenvolver conte\u00fados relevantes e de alta qualidade voltados para OAB e para o universo de Concursos Jur\u00eddicos.\",\"url\":\"https:\\\/\\\/cj.estrategia.com\\\/portal\\\/author\\\/jose-navarro-de-andrade-cintra-ferreira\\\/\"}]}<\/script>\n<!-- \/ Yoast SEO Premium plugin. -->","yoast_head_json":{"title":"TRF2 Juiz: Rio de Janeiro? Esp\u00edrito Santo? As provas do concurso ocorrer\u00e3o em um ou nos dois estados?","description":"Descubra tudo sobre o trf2 juiz e as 27 vagas oferecidas! Prepare-se adequadamente para a prova do Tribunal Regional Federal.","robots":{"index":"index","follow":"follow","max-snippet":"max-snippet:-1","max-image-preview":"max-image-preview:large","max-video-preview":"max-video-preview:-1"},"canonical":"https:\/\/cj.estrategia.com\/portal\/trf2-juiz-rio-de-janeiro-espirito-santo-as-provas-do-concurso-ocorrerao-em-um-ou-nos-dois-estados\/","og_locale":"pt_BR","og_type":"article","og_title":"TRF2 Juiz: Rio de Janeiro? Esp\u00edrito Santo? As provas do concurso ocorrer\u00e3o em um ou nos dois estados?","og_description":"Descubra tudo sobre o trf2 juiz e as 27 vagas oferecidas! Prepare-se adequadamente para a prova do Tribunal Regional Federal.","og_url":"https:\/\/cj.estrategia.com\/portal\/trf2-juiz-rio-de-janeiro-espirito-santo-as-provas-do-concurso-ocorrerao-em-um-ou-nos-dois-estados\/","og_site_name":"Blog - Carreiras Jur\u00eddicas - Estrat\u00e9gia","article_publisher":"https:\/\/www.facebook.com\/estrategiacarreirajuridica\/","article_published_time":"2025-12-18T22:27:43+00:00","article_modified_time":"2025-12-18T23:08:25+00:00","og_image":[{"width":768,"height":432,"url":"https:\/\/cj.estrategia.com\/portal\/wp-content\/uploads\/2025\/11\/17203327\/Concursos-Magistratura.jpg","type":"image\/jpeg"}],"author":"Jos\u00e9 Ferreira","twitter_card":"summary_large_image","twitter_creator":"@EstratJuridica","twitter_site":"@EstratJuridica","twitter_misc":{"Escrito por":"Jos\u00e9 Ferreira","Est. tempo de leitura":"4 minutos"},"schema":{"@context":"https:\/\/schema.org","@graph":[{"@type":"NewsArticle","@id":"https:\/\/cj.estrategia.com\/portal\/trf2-juiz-rio-de-janeiro-espirito-santo-as-provas-do-concurso-ocorrerao-em-um-ou-nos-dois-estados\/#article","isPartOf":{"@id":"https:\/\/cj.estrategia.com\/portal\/trf2-juiz-rio-de-janeiro-espirito-santo-as-provas-do-concurso-ocorrerao-em-um-ou-nos-dois-estados\/"},"author":{"name":"Jos\u00e9 Ferreira","@id":"https:\/\/cj.estrategia.com\/portal\/#\/schema\/person\/4caf0099c42d736f2aade723f309f690"},"headline":"TRF2 Juiz: Rio de Janeiro? Esp\u00edrito Santo? As provas do concurso ocorrer\u00e3o em um ou nos dois estados?","datePublished":"2025-12-18T22:27:43+00:00","dateModified":"2025-12-18T23:08:25+00:00","mainEntityOfPage":{"@id":"https:\/\/cj.estrategia.com\/portal\/trf2-juiz-rio-de-janeiro-espirito-santo-as-provas-do-concurso-ocorrerao-em-um-ou-nos-dois-estados\/"},"wordCount":848,"commentCount":0,"publisher":{"@id":"https:\/\/cj.estrategia.com\/portal\/#organization"},"image":{"@id":"https:\/\/cj.estrategia.com\/portal\/trf2-juiz-rio-de-janeiro-espirito-santo-as-provas-do-concurso-ocorrerao-em-um-ou-nos-dois-estados\/#primaryimage"},"thumbnailUrl":"https:\/\/cj.estrategia.com\/portal\/wp-content\/uploads\/2025\/11\/17203327\/Concursos-Magistratura.jpg","articleSection":["Magistratura"],"inLanguage":"pt-BR","potentialAction":[{"@type":"CommentAction","name":"Comment","target":["https:\/\/cj.estrategia.com\/portal\/trf2-juiz-rio-de-janeiro-espirito-santo-as-provas-do-concurso-ocorrerao-em-um-ou-nos-dois-estados\/#respond"]}]},{"@type":"WebPage","@id":"https:\/\/cj.estrategia.com\/portal\/trf2-juiz-rio-de-janeiro-espirito-santo-as-provas-do-concurso-ocorrerao-em-um-ou-nos-dois-estados\/","url":"https:\/\/cj.estrategia.com\/portal\/trf2-juiz-rio-de-janeiro-espirito-santo-as-provas-do-concurso-ocorrerao-em-um-ou-nos-dois-estados\/","name":"TRF2 Juiz: Rio de Janeiro? Esp\u00edrito Santo? As provas do concurso ocorrer\u00e3o em um ou nos dois estados?","isPartOf":{"@id":"https:\/\/cj.estrategia.com\/portal\/#website"},"primaryImageOfPage":{"@id":"https:\/\/cj.estrategia.com\/portal\/trf2-juiz-rio-de-janeiro-espirito-santo-as-provas-do-concurso-ocorrerao-em-um-ou-nos-dois-estados\/#primaryimage"},"image":{"@id":"https:\/\/cj.estrategia.com\/portal\/trf2-juiz-rio-de-janeiro-espirito-santo-as-provas-do-concurso-ocorrerao-em-um-ou-nos-dois-estados\/#primaryimage"},"thumbnailUrl":"https:\/\/cj.estrategia.com\/portal\/wp-content\/uploads\/2025\/11\/17203327\/Concursos-Magistratura.jpg","datePublished":"2025-12-18T22:27:43+00:00","dateModified":"2025-12-18T23:08:25+00:00","description":"Descubra tudo sobre o trf2 juiz e as 27 vagas oferecidas! Prepare-se adequadamente para a prova do Tribunal Regional Federal.","breadcrumb":{"@id":"https:\/\/cj.estrategia.com\/portal\/trf2-juiz-rio-de-janeiro-espirito-santo-as-provas-do-concurso-ocorrerao-em-um-ou-nos-dois-estados\/#breadcrumb"},"inLanguage":"pt-BR","potentialAction":[{"@type":"ReadAction","target":["https:\/\/cj.estrategia.com\/portal\/trf2-juiz-rio-de-janeiro-espirito-santo-as-provas-do-concurso-ocorrerao-em-um-ou-nos-dois-estados\/"]}]},{"@type":"ImageObject","inLanguage":"pt-BR","@id":"https:\/\/cj.estrategia.com\/portal\/trf2-juiz-rio-de-janeiro-espirito-santo-as-provas-do-concurso-ocorrerao-em-um-ou-nos-dois-estados\/#primaryimage","url":"https:\/\/cj.estrategia.com\/portal\/wp-content\/uploads\/2025\/11\/17203327\/Concursos-Magistratura.jpg","contentUrl":"https:\/\/cj.estrategia.com\/portal\/wp-content\/uploads\/2025\/11\/17203327\/Concursos-Magistratura.jpg","width":768,"height":432},{"@type":"BreadcrumbList","@id":"https:\/\/cj.estrategia.com\/portal\/trf2-juiz-rio-de-janeiro-espirito-santo-as-provas-do-concurso-ocorrerao-em-um-ou-nos-dois-estados\/#breadcrumb","itemListElement":[{"@type":"ListItem","position":1,"name":"In\u00edcio","item":"https:\/\/cj.estrategia.com\/portal\/"},{"@type":"ListItem","position":2,"name":"TRF2 Juiz: Rio de Janeiro? Esp\u00edrito Santo? As provas do concurso ocorrer\u00e3o em um ou nos dois estados?"}]},{"@type":"WebSite","@id":"https:\/\/cj.estrategia.com\/portal\/#website","url":"https:\/\/cj.estrategia.com\/portal\/","name":"Blog - Carreiras Jur\u00eddicas - Estrat\u00e9gia","description":"","publisher":{"@id":"https:\/\/cj.estrategia.com\/portal\/#organization"},"potentialAction":[{"@type":"SearchAction","target":{"@type":"EntryPoint","urlTemplate":"https:\/\/cj.estrategia.com\/portal\/?s={search_term_string}"},"query-input":{"@type":"PropertyValueSpecification","valueRequired":true,"valueName":"search_term_string"}}],"inLanguage":"pt-BR"},{"@type":"Organization","@id":"https:\/\/cj.estrategia.com\/portal\/#organization","name":"Estrat\u00e9gia - Carreiras Jur\u00eddicas","url":"https:\/\/cj.estrategia.com\/portal\/","logo":{"@type":"ImageObject","inLanguage":"pt-BR","@id":"https:\/\/cj.estrategia.com\/portal\/#\/schema\/logo\/image\/","url":"https:\/\/cj.estrategia.com\/portal\/wp-content\/uploads\/2022\/03\/11151052\/cj-logo.png","contentUrl":"https:\/\/cj.estrategia.com\/portal\/wp-content\/uploads\/2022\/03\/11151052\/cj-logo.png","width":150,"height":39,"caption":"Estrat\u00e9gia - Carreiras Jur\u00eddicas"},"image":{"@id":"https:\/\/cj.estrategia.com\/portal\/#\/schema\/logo\/image\/"},"sameAs":["https:\/\/www.facebook.com\/estrategiacarreirajuridica\/","https:\/\/x.com\/EstratJuridica","https:\/\/www.instagram.com\/estrategiacarreirajuridica\/","https:\/\/www.youtube.com\/channel\/UClbMGuYbj2Mh1m3w144ETWQ"]},{"@type":"Person","@id":"https:\/\/cj.estrategia.com\/portal\/#\/schema\/person\/4caf0099c42d736f2aade723f309f690","name":"Jos\u00e9 Ferreira","image":{"@type":"ImageObject","inLanguage":"pt-BR","@id":"https:\/\/cj.estrategia.com\/portal\/wp-content\/uploads\/2025\/04\/18142237\/jose-ferreira-navarro-analista-de-conteudo-jornalismo-carreiras-juridicas-96x96.png","url":"https:\/\/cj.estrategia.com\/portal\/wp-content\/uploads\/2025\/04\/18142237\/jose-ferreira-navarro-analista-de-conteudo-jornalismo-carreiras-juridicas-96x96.png","contentUrl":"https:\/\/cj.estrategia.com\/portal\/wp-content\/uploads\/2025\/04\/18142237\/jose-ferreira-navarro-analista-de-conteudo-jornalismo-carreiras-juridicas-96x96.png","caption":"Jos\u00e9 Ferreira"},"description":"Analista de conte\u00fado na equipe de Jornalismo, atua com SEO e estrat\u00e9gia para desenvolver conte\u00fados relevantes e de alta qualidade voltados para OAB e para o universo de Concursos Jur\u00eddicos.","url":"https:\/\/cj.estrategia.com\/portal\/author\/jose-navarro-de-andrade-cintra-ferreira\/"}]}},"jetpack_featured_media_url":"https:\/\/cj.estrategia.com\/portal\/wp-content\/uploads\/2025\/11\/17203327\/Concursos-Magistratura.jpg","jetpack_sharing_enabled":true,"_links":{"self":[{"href":"https:\/\/cj.estrategia.com\/portal\/wp-json\/wp\/v2\/posts\/169566","targetHints":{"allow":["GET"]}}],"collection":[{"href":"https:\/\/cj.estrategia.com\/portal\/wp-json\/wp\/v2\/posts"}],"about":[{"href":"https:\/\/cj.estrategia.com\/portal\/wp-json\/wp\/v2\/types\/post"}],"author":[{"embeddable":true,"href":"https:\/\/cj.estrategia.com\/portal\/wp-json\/wp\/v2\/users\/162"}],"replies":[{"embeddable":true,"href":"https:\/\/cj.estrategia.com\/portal\/wp-json\/wp\/v2\/comments?post=169566"}],"version-history":[{"count":19,"href":"https:\/\/cj.estrategia.com\/portal\/wp-json\/wp\/v2\/posts\/169566\/revisions"}],"predecessor-version":[{"id":170568,"href":"https:\/\/cj.estrategia.com\/portal\/wp-json\/wp\/v2\/posts\/169566\/revisions\/170568"}],"wp:featuredmedia":[{"embeddable":true,"href":"https:\/\/cj.estrategia.com\/portal\/wp-json\/wp\/v2\/media\/170022"}],"wp:attachment":[{"href":"https:\/\/cj.estrategia.com\/portal\/wp-json\/wp\/v2\/media?parent=169566"}],"wp:term":[{"taxonomy":"category","embeddable":true,"href":"https:\/\/cj.estrategia.com\/portal\/wp-json\/wp\/v2\/categories?post=169566"},{"taxonomy":"post_tag","embeddable":true,"href":"https:\/\/cj.estrategia.com\/portal\/wp-json\/wp\/v2\/tags?post=169566"},{"taxonomy":"tax_estado","embeddable":true,"href":"https:\/\/cj.estrategia.com\/portal\/wp-json\/wp\/v2\/tax_estado?post=169566"}],"curies":[{"name":"wp","href":"https:\/\/api.w.org\/{rel}","templated":true}]}}