{"id":1695,"date":"2026-01-02T15:33:41","date_gmt":"2026-01-02T18:33:41","guid":{"rendered":"https:\/\/cj.estrategia.com\/portal\/?p=1695"},"modified":"2026-02-05T11:11:11","modified_gmt":"2026-02-05T14:11:11","slug":"concurso-dpe-to-defensor","status":"publish","type":"post","link":"https:\/\/cj.estrategia.com\/portal\/concurso-dpe-to-defensor\/","title":{"rendered":"Concurso DPE TO Defensor: aprovados nomeados!"},"content":{"rendered":"\n<p>A <strong>Defensoria P\u00fablica do Estado do Tocantins<\/strong> (DPE TO) <strong><a href=\"https:\/\/www.defensoria.to.def.br\/noticia\/iv-concurso-para-a-carreira-de-defensora-e-defensor-publico-no-estado-do-tocantins-e-homologado\" target=\"_blank\" >homologou<\/a><\/strong> <strong>o resultado final<\/strong> do <strong>IV Concurso P\u00fablico para Defensor P\u00fablico<\/strong>, que registrou <strong>196 candidatos aprovados<\/strong>.<\/p>\n\n\n\n<p>A Institui\u00e7\u00e3o <strong>j\u00e1 iniciou a <a href=\"https:\/\/www.defensoria.to.def.br\/noticia\/estellamaris-postal-nomeia-aprovados-no-concurso-para-defensora-e-defensor-publico-do-tocantins\" target=\"_blank\" >nomea\u00e7\u00e3o dos aprovados<\/a><\/strong>. <strong>Seis defensores p\u00fablicos<\/strong> empossados a partir do IV Concurso <strong>atuam no interior do Estado<\/strong>  dos <strong>sete nomeados inicialmente<\/strong>, <strong>um pediu exonera\u00e7\u00e3o<\/strong>. A Defensoria <strong>convocou mais quatro novos membros<\/strong>.<\/p>\n\n\n\n<p>O edital ofertou <strong>tr\u00eas vagas imediatas<\/strong> e <strong>cadastro reserva<\/strong> para o cargo de <strong>Defensor P\u00fablico<\/strong>, com <strong>remunera\u00e7\u00e3o inicial de R$ 30.404,42<\/strong>. Atualmente, o valor foi <strong>atualizado para R$ 36.882,89<\/strong>.<\/p>\n\n\n\n<ul id=\"block-ee678516-e9d1-48bd-b327-7b9acd55f0fd\" class=\"wp-block-list has-very-light-gray-to-cyan-bluish-gray-gradient-background has-background\">\n<li><strong>Concurso DPE TO Defensor<\/strong><\/li>\n\n\n\n<li><strong>Status:<\/strong>&nbsp;resultados final homologado\/nomea\u00e7\u00e3o<\/li>\n\n\n\n<li><strong>Banca:&nbsp;<\/strong>Cebraspe (Edital de 2021)<\/li>\n\n\n\n<li><strong>Vagas: <\/strong>3 + CR (Edital de 2021)<\/li>\n\n\n\n<li><strong>Sal\u00e1rio inicial:<\/strong>&nbsp;R$ 36.882,89 (Atualizado)<\/li>\n<\/ul>\n\n\n\n<p><\/p>\n\n\n\n<div class=\"container\" id=\"boxes\">\n  <div class=\"row\">\n\n    <div class=\"col-sm\">\n      <div class=\"banner-ecj-defensorias\" id=\"box-assinatura\">\n        <h2 id=\"cursos-para-concurso-dpe-to\" class=\"titulo-assinatura\"><span style=\"color: #ffffff; font-size: 23px; \">Cursos para Concurso DPE TO<\/span><\/h2>\n        <p class=\"subtitulo-assinatura\">Cursos focados no edital!<\/p>\n        <div class=\"box-botao\">\n          <a class=\"btn-assinatura-juridica\" target=\"_blank\" href=\"https:\/\/cj.estrategia.com\/concurso\/dpe-to\" role=\"button\" rel=\"noopener noreferrer\">CLIQUE AQUI<\/a>\n        <\/div>\n      <\/div>\n      <p class=\"texto-auxiliar\">Prepare-se com o melhor material e com quem mais aprova em concursos em todo o pa\u00eds. \n<\/p>\n    <\/div>\n\n  <\/div>\n<\/div>\n\n\n\n<p><\/p>\n\n\n\n<figure class=\"wp-block-embed is-type-video is-provider-youtube wp-block-embed-youtube wp-embed-aspect-16-9 wp-has-aspect-ratio\"><div class=\"wp-block-embed__wrapper\">\n<div class=\"cs-embed cs-embed-responsive\"><iframe title=\"Defensor DPE TO - An\u00e1lise de Edital\" width=\"1200\" height=\"675\" src=\"https:\/\/www.youtube.com\/embed\/5WXD9QGjDj8?feature=oembed\" frameborder=\"0\" allow=\"accelerometer; autoplay; clipboard-write; encrypted-media; gyroscope; picture-in-picture; web-share\" referrerpolicy=\"strict-origin-when-cross-origin\" allowfullscreen><\/iframe><\/div>\n<\/div><\/figure>\n\n\n\n<div class=\"wp-block-yoast-seo-table-of-contents yoast-table-of-contents\"><h2 id=\"o-que-voce-vai-encontrar-neste-artigo\">O que voc\u00ea vai encontrar neste artigo?<\/h2><ul><li><a href=\"#situa\u00e7\u00e3o\" data-level=\"2\">Situa\u00e7\u00e3o atual do concurso DPE TO Defensor<\/a><\/li><li><a href=\"#carreira\" data-level=\"2\">Carreira de Defensor na DPE TO<\/a><ul><li><a href=\"#h-remuneracao-e-cargos-vagos-e-ocupados\" data-level=\"3\">Remunera\u00e7\u00e3o e cargos vagos e ocupados<\/a><\/li><li><a href=\"#requisitos\" data-level=\"3\">Requisitos<\/a><\/li><li><a href=\"#atribuicoes\" data-level=\"3\">Atribui\u00e7\u00f5es<\/a><\/li><\/ul><\/li><li><a href=\"#etapas\" data-level=\"2\">Etapas do concurso DPE TO Defensor<\/a><ul><li><a href=\"#objetiva\" data-level=\"3\">Prova Objetiva do concurso DPE TO Defensor<\/a><\/li><li><a href=\"#discursivas\" data-level=\"3\">Provas Discursivas do concurso DPE TO Defensor<\/a><\/li><li><a href=\"#h-as-disciplinas-da-prova-discursiva\" data-level=\"3\">As disciplinas da prova discursiva<\/a><\/li><li><a href=\"#oral\" data-level=\"3\">Prova Oral do concurso DPE TO Defensor<\/a><\/li><li><a href=\"#tribuna\" data-level=\"3\">Prova de Tribuna do concurso DPE TO Defensor<\/a><\/li><li><a href=\"#titulos\" data-level=\"3\">Prova de T\u00edtulos do concurso DPE TO Defensor<\/a><\/li><\/ul><\/li><li><a href=\"#ultimo\" data-level=\"2\">Concurso DPE TO Defensor &#8211; 2012<\/a><\/li><li><a href=\"#h-estudo-de-medio-prazo-para-o-concurso-de-defensor-publico\" data-level=\"2\">Estudo de M\u00e9dio Prazo para o Concurso de Defensor P\u00fablico<\/a><\/li><li><a href=\"#h-provas-comentadas\" data-level=\"2\">Provas comentadas<\/a><\/li><li><a href=\"#h-material-de-estudo\" data-level=\"2\">Material de estudo<\/a><\/li><li><a href=\"#cursos\" data-level=\"2\">Quer saber tudo sobre concursos previstos? Confira nossos artigos!<\/a><ul><li><a href=\"#curso\" data-level=\"3\">Quer estudar para o Concurso DPE TO Defensor ?<\/a><\/li><\/ul><\/li><\/ul><\/div>\n\n\n\n<h2 class=\"wp-block-heading\" id=\"situa\u00e7\u00e3o\"><span id=\"situacao-atual-do-concurso-dpe-to-defensor\">Situa\u00e7\u00e3o atual do concurso DPE TO Defensor <\/span><\/h2>\n\n\n\n<p>A <strong>Defensoria P\u00fablica do Tocantins (DPE-TO)<\/strong> concluiu o <strong>IV Concurso P\u00fablico para Defensor P\u00fablico<\/strong> com <strong>196 aprovados<\/strong> e j\u00e1 come\u00e7ou a <strong>nomear os novos integrantes da carreira<\/strong>. Atualmente, <strong>seis defensores<\/strong> oriundos do certame <strong>atuam no interior do Estado<\/strong>, ap\u00f3s a exonera\u00e7\u00e3o de um dos sete nomeados inicialmente. A institui\u00e7\u00e3o tamb\u00e9m <strong>anunciou a convoca\u00e7\u00e3o de mais quatro aprovados<\/strong>, que refor\u00e7ar\u00e3o o quadro nas comarcas tocantinenses.<\/p>\n\n\n\n<h2 class=\"wp-block-heading\" id=\"carreira\"><span id=\"carreira-de-defensor-na-dpe-to\">Carreira de Defensor na DPE TO<\/span><\/h2>\n\n\n\n<h3 class=\"wp-block-heading\" id=\"h-remuneracao-e-cargos-vagos-e-ocupados\"><span id=\"remuneracao-e-cargos-vagos-e-ocupados\">Remunera\u00e7\u00e3o e cargos vagos e ocupados<\/span><\/h3>\n\n\n\n<figure class=\"wp-block-table is-style-stripes\"><table class=\"has-very-light-gray-to-cyan-bluish-gray-gradient-background has-background\"><thead><tr><th class=\"has-text-align-center\" data-align=\"center\">Cargo<\/th><th class=\"has-text-align-center\" data-align=\"center\">Subs\u00eddio<\/th><th class=\"has-text-align-center\" data-align=\"center\">Lei de cria\u00e7\u00e3o<\/th><th class=\"has-text-align-center\" data-align=\"center\">\u00daltima Lei de altera\u00e7\u00e3o<\/th><th class=\"has-text-align-center\" data-align=\"center\">Quantidade de vagas<\/th><th class=\"has-text-align-center\" data-align=\"center\">Vagas ocupadas<\/th><\/tr><\/thead><tbody><tr><td class=\"has-text-align-center\" data-align=\"center\">Defensor P\u00fablico (1\u00aa Classe)<\/td><td class=\"has-text-align-center\" data-align=\"center\">R$ 40.867,46<\/td><td class=\"has-text-align-center\" data-align=\"center\">Lei n\u00ba 55\/2009 (DOE Tocantins n\u00ba 2.900)<\/td><td class=\"has-text-align-center\" data-align=\"center\">Lei n\u00ba 163\/2025 (DOE Tocantins n\u00ba 6.807)<\/td><td class=\"has-text-align-center\" data-align=\"center\">103<\/td><td class=\"has-text-align-center\" data-align=\"center\">90<\/td><\/tr><tr><td class=\"has-text-align-center\" data-align=\"center\">Defensor P\u00fablico (2\u00aa Classe)<\/td><td class=\"has-text-align-center\" data-align=\"center\">R$ 38.824,09<\/td><td class=\"has-text-align-center\" data-align=\"center\">Lei n\u00ba 55\/2009 (DOE Tocantins n\u00ba 2.900)<\/td><td class=\"has-text-align-center\" data-align=\"center\">Lei n\u00ba 163\/2025 (DOE Tocantins n\u00ba 6.807)<\/td><td class=\"has-text-align-center\" data-align=\"center\">29<\/td><td class=\"has-text-align-center\" data-align=\"center\">3<\/td><\/tr><tr><td class=\"has-text-align-center\" data-align=\"center\">Defensor P\u00fablico (Classe Especial)<\/td><td class=\"has-text-align-center\" data-align=\"center\">R$ 43.018,38<\/td><td class=\"has-text-align-center\" data-align=\"center\">Lei n\u00ba 55\/2009 (DOE Tocantins n\u00ba 2.900)<\/td><td class=\"has-text-align-center\" data-align=\"center\">Lei n\u00ba 163\/2025 (DOE Tocantins n\u00ba 6.807)<\/td><td class=\"has-text-align-center\" data-align=\"center\">20<\/td><td class=\"has-text-align-center\" data-align=\"center\">13<\/td><\/tr><tr><td class=\"has-text-align-center\" data-align=\"center\">Defensor P\u00fablico (Substituto)<\/td><td class=\"has-text-align-center\" data-align=\"center\">R$ 36.882,89<\/td><td class=\"has-text-align-center\" data-align=\"center\">Lei n\u00ba 55\/2009 (DOE Tocantins n\u00ba 2.900)<\/td><td class=\"has-text-align-center\" data-align=\"center\">Lei n\u00ba 163\/2025 (DOE Tocantins n\u00ba 6.807)<\/td><td class=\"has-text-align-center\" data-align=\"center\">15<\/td><td class=\"has-text-align-center\" data-align=\"center\">11<\/td><\/tr><\/tbody><\/table><\/figure>\n\n\n\n<h3 class=\"wp-block-heading\" id=\"requisitos\">Requisitos <\/h3>\n\n\n\n<ul class=\"wp-block-list\">\n<li>\u00c9 necess\u00e1rio ter diploma, devidamente registrado, de conclus\u00e3o de curso de bacharelado em Direito, expedido por institui\u00e7\u00e3o reconhecida pelo Minist\u00e9rio da Educa\u00e7\u00e3o (MEC).<\/li>\n\n\n\n<li>N\u00e3o h\u00e1 previs\u00e3o legal para a exig\u00eancia de comprova\u00e7\u00e3o de exerc\u00edcio de atividade jur\u00eddica no concurso da DPE TO.<\/li>\n<\/ul>\n\n\n\n<h3 class=\"wp-block-heading\" id=\"atribuicoes\">Atribui\u00e7\u00f5es<\/h3>\n\n\n\n<p>S\u00e3o atribui\u00e7\u00f5es do cargo de Defensor P\u00fablico Substituto, al\u00e9m das fun\u00e7\u00f5es estabelecidas na Constitui\u00e7\u00e3o Federal, na Lei Org\u00e2nica Nacional da Defensoria P\u00fablica, na Constitui\u00e7\u00e3o Estadual e em outras Leis, as previstas na Lei Org\u00e2nica da Defensoria P\u00fablica do Estado do Tocantins (<a href=\"https:\/\/central3.to.gov.br\/arquivo\/269701\/\" target=\"_blank\" >Lei Complementar Estadual n.\u00b0 55\/2009<\/a>).<\/p>\n\n\n\n<h2 class=\"wp-block-heading\" id=\"etapas\"><span id=\"etapas-do-concurso-dpe-to-defensor\">Etapas do concurso DPE TO Defensor <\/span><\/h2>\n\n\n\n<p>As provas foram prestadas nas seguintes etapas do <strong>Concurso Defensoria TO<\/strong>:<\/p>\n\n\n\n<ul class=\"wp-block-list\">\n<li><strong>I. Prova escrita objetiva<\/strong><br>Esta ser\u00e1 de car\u00e1ter eliminat\u00f3rio e classificat\u00f3rio<\/li>\n\n\n\n<li><strong>II. Provas escritas discursivas<\/strong><br>Esta etapa consiste em eliminat\u00f3ria e classificat\u00f3ria<\/li>\n\n\n\n<li><strong>III. Prova oral<\/strong> (eliminat\u00f3ria e classificat\u00f3ria)<\/li>\n\n\n\n<li><strong>IV. Prova de Tribuna<\/strong> (Eliminat\u00f3ria e Classificat\u00f3ria)<\/li>\n\n\n\n<li><strong>V. Prova de T\u00edtulos<\/strong> (classificat\u00f3ria)<\/li>\n\n\n\n<li><strong>VI. Investiga\u00e7\u00e3o da Vida Pregressa&nbsp;<\/strong> (eliminat\u00f3ria)<\/li>\n<\/ul>\n\n\n\n<h3 class=\"wp-block-heading\" id=\"objetiva\"><span id=\"prova-objetiva-do-concurso-dpe-to-defensor\">Prova Objetiva do concurso DPE TO Defensor <\/span><\/h3>\n\n\n\n<p>A prova objetiva, de car\u00e1ter eliminat\u00f3rio e classificat\u00f3rio, compreendeu a formula\u00e7\u00e3o de 100 quest\u00f5es, sendo-lhe atribu\u00eddas notas de 0&nbsp; a 10 pontos, de maneira que cada resposta do candidato que estava em concord\u00e2ncia com o gabarito oficial definitivo valeu 0,10 ponto.<\/p>\n\n\n\n<p>A prova objetiva teve dura\u00e7\u00e3o de 5 horas e teve data marcada assim que o edital for publicado. As quest\u00f5es objetivas de conhecimento jur\u00eddico apresentaram apenas uma alternativa correta, dentre 5 op\u00e7\u00f5es (&#8220;A&#8221;, &#8220;B&#8221;, &#8220;C&#8221;, &#8220;D&#8221; e \u201cE\u201d).<\/p>\n\n\n\n<p><strong><em>Disciplinas da Prova Objetiva<\/em><\/strong><br><br>1\u00ba <strong>GRUPO (25 quest\u00f5es)<\/strong><\/p>\n\n\n\n<ul class=\"wp-block-list\">\n<li>a) Direito Constitucional;<\/li>\n\n\n\n<li>b) Direitos Humanos;<\/li>\n\n\n\n<li>c) Direito Administrativo e Direito Tribut\u00e1rio.<\/li>\n<\/ul>\n\n\n\n<p>2\u00ba <strong>GRUPO<\/strong> <strong>(25 quest\u00f5es)<\/strong><\/p>\n\n\n\n<ul class=\"wp-block-list\">\n<li>a) Direito Civil e Direito Empresarial;<\/li>\n\n\n\n<li>b) Direito Processual Civil;<\/li>\n\n\n\n<li>c) Direito Agr\u00e1rio.<\/li>\n<\/ul>\n\n\n\n<p>3\u00ba <strong>GRUPO (25 quest\u00f5es)<\/strong><\/p>\n\n\n\n<ul class=\"wp-block-list\">\n<li>a) Direitos Difusos e Coletivos: Direito da Crian\u00e7a e do Adolescente, Direito do Idoso, Direito dos Portadores de Necessidades Especiais, Direito Quilombola, Direito do Consumidor; e Direito Ambiental, entre outros;<\/li>\n\n\n\n<li>b) Filosofia Jur\u00eddica e Sociologia Jur\u00eddica;<\/li>\n\n\n\n<li>c) Princ\u00edpios e Atribui\u00e7\u00f5es Institucionais da Defensoria P\u00fablica, Lei Complementar Federal n\u00ba 80\/94, Lei Complementar Estadual n\u00ba 55\/09 e, Normativas Internas aprovadas pelo Conselho Superior da Defensoria P\u00fablica do Estado do Tocantins;<\/li>\n\n\n\n<li>d) Direito Antidiscriminat\u00f3rio.<\/li>\n<\/ul>\n\n\n\n<p>4\u00ba <strong>GRUPO (25 quest\u00f5es)<\/strong><\/p>\n\n\n\n<ul class=\"wp-block-list\">\n<li>a) Direito Penal;<\/li>\n\n\n\n<li>b) Direito Processual Penal;<\/li>\n\n\n\n<li>c) Execu\u00e7\u00e3o Penal;<\/li>\n\n\n\n<li>d) Legisla\u00e7\u00e3o Penal e Processual Penal Extravagante;<\/li>\n\n\n\n<li>e) Criminologia;<\/li>\n\n\n\n<li>f) Medicina Legal.<\/li>\n<\/ul>\n\n\n\n<p>Considerou-se mat\u00e9ria a disciplina ou conjunto de disciplinas integrantes de cada al\u00ednea dos grupos de provas.<\/p>\n\n\n\n<p>A nota em cada quest\u00e3o da prova objetiva, feita com base nas marca\u00e7\u00f5es da folha de respostas, foi igual a: 0,10 ponto, caso a resposta do candidato estivesse em concord\u00e2ncia com o gabarito oficial definitivo da prova; 0,00 ponto, caso a resposta do candidato estivesse em discord\u00e2ncia com o gabarito oficial definitivo da prova, caso n\u00e3o haja marca\u00e7\u00e3o ou haja m\u00faltiplas marca\u00e7\u00f5es.<\/p>\n\n\n\n<p>Foi reprovado na prova objetiva e eliminado do concurso p\u00fablico o candidato que:<\/p>\n\n\n\n<ul class=\"wp-block-list\">\n<li>a) obteve nota inferior a 0,50 ponto em qualquer dos grupos de prova;<\/li>\n\n\n\n<li>b) obteve nota inferior a 6,00 pontos no conjunto de todas as quest\u00f5es que comp\u00f5em a prova objetiva.<\/li>\n<\/ul>\n\n\n\n<h4 class=\"wp-block-heading\" id=\"a-classificacao-dos-candidatos\"><strong>A classifica\u00e7\u00e3o dos candidatos<\/strong><\/h4>\n\n\n\n<p>Foram considerados classificados para a segunda fase (prova escrita discursiva) os candidatos que obtiveram nota em <strong>cada grupo<\/strong> correspondente a <strong>20%<\/strong> e a <strong>60% do total da prova objetiva<\/strong>, desde que estejam classificados <strong>at\u00e9 a 200\u00aa coloca\u00e7\u00e3o<\/strong>, incluindo todos os candidatos empatados nesta coloca\u00e7\u00e3o.<\/p>\n\n\n\n<h3 class=\"wp-block-heading\" id=\"discursivas\"><span id=\"provas-discursivas-do-concurso-dpe-to-defensor\">Provas Discursivas do concurso DPE TO Defensor <\/span><\/h3>\n\n\n\n<p> As provas discursivas foram aplicadas no dia<strong> 24 de abril de 2022<\/strong> nos per\u00edodos da manh\u00e3 e da tarde. Cada prova discursiva teve dura\u00e7\u00e3o m\u00e1xima de <strong>4 horas<\/strong> e sua forma e crit\u00e9rio de aplica\u00e7\u00e3o foram definidos pela Entidade Organizadora.<\/p>\n\n\n\n<h3 class=\"wp-block-heading has-medium-font-size\" id=\"h-as-disciplinas-da-prova-discursiva\"><span id=\"as-disciplinas-da-prova-discursiva\">As disciplinas da prova discursiva<\/span><\/h3>\n\n\n\n<p>As disciplinas das provas escritas discursivas foram as seguintes:<\/p>\n\n\n\n<p>1\u00ba <strong>GRUPO<\/strong><\/p>\n\n\n\n<ul class=\"wp-block-list\">\n<li>a) Direito Constitucional;<\/li>\n\n\n\n<li>b) Direitos Humanos;<\/li>\n\n\n\n<li>c) Direito Administrativo.<\/li>\n<\/ul>\n\n\n\n<p>2\u00ba <strong>GRUPO<\/strong><\/p>\n\n\n\n<ul class=\"wp-block-list\">\n<li>a) Direito Civil;<\/li>\n\n\n\n<li>b) Direito Processual Civil.<\/li>\n<\/ul>\n\n\n\n<p>3\u00ba <strong>GRUPO<\/strong><\/p>\n\n\n\n<ul class=\"wp-block-list\">\n<li>a) Direitos Difusos e Coletivos: Direito da Crian\u00e7a e do Adolescente, Direito do Idoso, Direito dos Portadores de Necessidades Especiais, Direito Quilombola, Direito do Consumidor; e Direito Ambiental, entre outros;<\/li>\n\n\n\n<li>b) Filosofia Jur\u00eddica e Sociologia Jur\u00eddica;<\/li>\n\n\n\n<li>c) Princ\u00edpios e Atribui\u00e7\u00f5es Institucionais da Defensoria P\u00fablica, Lei Complementar Federal n\u00ba 80\/94, Lei Complementar Estadual n\u00ba 55\/09 e, Normativas Internas aprovadas pelo Conselho Superior da Defensoria P\u00fablica do Estado do Tocantins;<\/li>\n\n\n\n<li>d) Direito Antidiscriminat\u00f3rio.<\/li>\n<\/ul>\n\n\n\n<p>4\u00ba <strong>GRUPO<\/strong><\/p>\n\n\n\n<ul class=\"wp-block-list\">\n<li>a) Direito Penal;<\/li>\n\n\n\n<li>b) Direito Processual Penal;<\/li>\n\n\n\n<li>c) Execu\u00e7\u00e3o Penal;<\/li>\n\n\n\n<li>d) Criminologia.<\/li>\n<\/ul>\n\n\n\n<p>As provas escritas discursivas (P2 e P3) valeram 10,00 pontos cada uma e consistiram de: <\/p>\n\n\n\n<p><strong>PROVA DISCURSIVA I<\/strong><\/p>\n\n\n\n<ul class=\"wp-block-list\">\n<li>I. 3 quest\u00f5es discursivas dos Grupos I e IV, podendo ser estudo de caso ou produ\u00e7\u00e3o de texto dissertativo;<\/li>\n\n\n\n<li>II. 1 pe\u00e7a processual, conforme os programas dos Grupos I e IV, com base em problema pr\u00e1tico envolvendo os aspectos materiais e processuais de quaisquer disciplinas dos referidos grupos.<\/li>\n<\/ul>\n\n\n\n<p><strong>PROVA DISCURSIVA II<\/strong><\/p>\n\n\n\n<ul class=\"wp-block-list\">\n<li>I. 3 quest\u00f5es dissertativas do Grupo II e\/ou III, podendo ser caso concreto e\/ou teoria sobre institutos jur\u00eddicos correlatos a uma ou mais disciplinas de um mesmo grupo;<\/li>\n\n\n\n<li>II. 1 pe\u00e7a processual, conforme o programa do Grupo II e\/ou III com base em problema pr\u00e1tico envolvendo os aspectos materiais e processuais de quaisquer disciplinas dos referidos grupos.<\/li>\n<\/ul>\n\n\n\n<p>As quest\u00f5es discursivas, a serem respondidas em at\u00e9 10 linhas cada, com o valor de 2,00 pontos cada, e cada reda\u00e7\u00e3o de pe\u00e7a processual, em at\u00e9 90 linhas, tiveram o valor de 4,00 pontos.<\/p>\n\n\n\n<p>Para o prosseguimento no certame, foram considerados aprovados os candidatos que, cumulativamente, obtiverem nota igual ou superior a 5,0 em cada prova discursiva.<\/p>\n\n\n\n<h3 class=\"wp-block-heading\" id=\"oral\"><span id=\"prova-oral-do-concurso-dpe-to-defensor\">Prova Oral do concurso DPE TO Defensor <\/span><\/h3>\n\n\n\n<p>A prova oral, de car\u00e1ter eliminat\u00f3rio e classificat\u00f3rio, versou sobre as mesmas disciplinas e grupos das Provas Discursivas, quais sejam:<\/p>\n\n\n\n<p>1\u00ba <strong>GRUPO<\/strong><\/p>\n\n\n\n<ul class=\"wp-block-list\">\n<li>a) Direito Constitucional;<\/li>\n\n\n\n<li>b) Direitos Humanos;<\/li>\n\n\n\n<li>c) Direito Administrativo.<\/li>\n<\/ul>\n\n\n\n<p>2\u00ba <strong>GRUPO<\/strong><\/p>\n\n\n\n<ul class=\"wp-block-list\">\n<li>a) Direito Civil;<\/li>\n\n\n\n<li>b) Direito Processual Civil.<\/li>\n<\/ul>\n\n\n\n<p>3\u00ba <strong>GRUPO<\/strong><\/p>\n\n\n\n<ul class=\"wp-block-list\">\n<li>a) Direitos Difusos e Coletivos: Direito da Crian\u00e7a e do Adolescente, Direito do Idoso, Direito dos Portadores de Necessidades Especiais, Direito Quilombola, Direito do Consumidor; e Direito Ambiental, entre outros;<\/li>\n\n\n\n<li>b) Filosofia Jur\u00eddica e Sociologia Jur\u00eddica;<\/li>\n\n\n\n<li>c) Princ\u00edpios e Atribui\u00e7\u00f5es Institucionais da Defensoria P\u00fablica, Lei Complementar Federal n\u00ba 80\/94, Lei Complementar Estadual n\u00ba 55\/09 e, Normativas Internas aprovadas pelo Conselho Superior da Defensoria P\u00fablica do Estado do Tocantins;<\/li>\n\n\n\n<li>d) Direito Antidiscriminat\u00f3rio.<\/li>\n<\/ul>\n\n\n\n<p>4\u00ba <strong>GRUPO<\/strong><\/p>\n\n\n\n<ul class=\"wp-block-list\">\n<li>a) Direito Penal;<\/li>\n\n\n\n<li>b) Direito Processual Penal;<\/li>\n\n\n\n<li>c) Execu\u00e7\u00e3o Penal;<\/li>\n\n\n\n<li>d) Criminologia.<\/li>\n<\/ul>\n\n\n\n<p>As provas orais foram realizadas em recinto aberto ao p\u00fablico. Somente foi admitido \u00e0 prova oral o candidato aprovado nas provas escritas discursivas.<\/p>\n\n\n\n<h3 class=\"wp-block-heading\" id=\"tribuna\"><span id=\"prova-de-tribuna-do-concurso-dpe-to-defensor\">Prova de Tribuna do concurso DPE TO Defensor <\/span><\/h3>\n\n\n\n<p>A prova de tribuna consistiu na simula\u00e7\u00e3o de uma defesa em plen\u00e1rio do j\u00fari, tendo por base um caso concreto, com sorteio de ponto com anteced\u00eancia m\u00ednima de 24h da realiza\u00e7\u00e3o da avalia\u00e7\u00e3o.<\/p>\n\n\n\n<p>O candidato foi avaliado quanto \u00e0 corre\u00e7\u00e3o de linguagem, convencimento, conte\u00fado l\u00f3gico e jur\u00eddico, seguran\u00e7a, adequa\u00e7\u00e3o t\u00e9cnica e desenvoltura, poder de s\u00edntese, postura e dic\u00e7\u00e3o, vedada a leitura da tese desenvolvida, sob pena de n\u00e3o receber qualquer pontua\u00e7\u00e3o.<\/p>\n\n\n\n<p>A prova de tribuna teve dura\u00e7\u00e3o m\u00ednima de 15 e m\u00e1xima de 30 minutos.<\/p>\n\n\n\n<h3 class=\"wp-block-heading\" id=\"titulos\"><span id=\"prova-de-titulos-do-concurso-dpe-to-defensor\">Prova de T\u00edtulos do concurso DPE TO Defensor <\/span><\/h3>\n\n\n\n<p>Foram convocados para a avalia\u00e7\u00e3o de t\u00edtulos os candidatos aprovados na prova oral e na prova de tribuna. Os candidatos que n\u00e3o foram convocados para a avalia\u00e7\u00e3o de t\u00edtulos est\u00e3o eliminados e n\u00e3o ter\u00e3o classifica\u00e7\u00e3o alguma no concurso. <\/p>\n\n\n\n<p>A avalia\u00e7\u00e3o de t\u00edtulos teve o valor de 5,00 pontos, ainda que a soma dos valores dos t\u00edtulos apresentados seja superior a esse valor. Somente ser\u00e3o aceitos os t\u00edtulos abaixo relacionados, expedidos at\u00e9 a data de envio, observados os limites de pontos do quadro a seguir: <\/p>\n\n\n\n<figure class=\"wp-block-table is-style-stripes\"><table class=\"has-very-light-gray-to-cyan-bluish-gray-gradient-background has-background\"><tbody><tr><td class=\"has-text-align-center\" data-align=\"center\"><strong>T\u00edtulo<\/strong><\/td><td class=\"has-text-align-center\" data-align=\"center\"><strong>Valor unit\u00e1rio<\/strong><\/td><td class=\"has-text-align-center\" data-align=\"center\"><strong>Valor m\u00e1ximo<\/strong><\/td><\/tr><tr><td class=\"has-text-align-center\" data-align=\"center\">Diploma de p\u00f3s-gradua\u00e7\u00e3o em n\u00edvel de doutorado (t\u00edtulo de<br>doutor) na \u00e1rea jur\u00eddica. Tamb\u00e9m ser\u00e1 aceito certificado\/declara\u00e7\u00e3o de conclus\u00e3o de curso de doutorado na \u00e1rea jur\u00eddica, desde que acompanhado de hist\u00f3rico<br>escolar<\/td><td class=\"has-text-align-center\" data-align=\"center\">1,00<\/td><td class=\"has-text-align-center\" data-align=\"center\"><strong> <\/strong>1,00 <\/td><\/tr><tr><td class=\"has-text-align-center\" data-align=\"center\">Diploma de curso de p\u00f3s-gradua\u00e7\u00e3o em n\u00edvel de mestrado (t\u00edtulo de mestre) na \u00e1rea jur\u00eddica. Tamb\u00e9m ser\u00e1 aceito certificado\/declara\u00e7\u00e3o de conclus\u00e3o de curso de mestrado<br>na \u00e1rea jur\u00eddica, desde que acompanhada de hist\u00f3rico escolar<\/td><td class=\"has-text-align-center\" data-align=\"center\">0,30<\/td><td class=\"has-text-align-center\" data-align=\"center\">0,60<\/td><\/tr><tr><td class=\"has-text-align-center\" data-align=\"center\">Certificado, devidamente registrado, de curso de p\u00f3s-gradua\u00e7\u00e3o em n\u00edvel de especializa\u00e7\u00e3o na \u00e1rea jur\u00eddica, nacional ou estrangeira, com carga hor\u00e1ria m\u00ednima de 360<br>horas, conferido ap\u00f3s atribui\u00e7\u00e3o de nota de aproveitamento.<\/td><td class=\"has-text-align-center\" data-align=\"center\">0,20<\/td><td class=\"has-text-align-center\" data-align=\"center\">0,40<\/td><\/tr><tr><td class=\"has-text-align-center\" data-align=\"center\">Exerc\u00edcio do magist\u00e9rio superior, em disciplina da \u00e1rea jur\u00eddica, desenvolvido em Institui\u00e7\u00e3o de Ensino Superior p\u00fablica e(ou) particular, reconhecida pelo Minist\u00e9rio da Educa\u00e7\u00e3o<\/td><td class=\"has-text-align-center\" data-align=\"center\">0,05\/ano<\/td><td class=\"has-text-align-center\" data-align=\"center\">0,25<\/td><\/tr><tr><td class=\"has-text-align-center\" data-align=\"center\">Exerc\u00edcio de atividade de membro do Minist\u00e9rio P\u00fablico, Magistratura ou Defensoria P\u00fablica.<\/td><td class=\"has-text-align-center\" data-align=\"center\">0,25\/ano<\/td><td class=\"has-text-align-center\" data-align=\"center\">1,25<\/td><\/tr><tr><td class=\"has-text-align-center\" data-align=\"center\">Aprova\u00e7\u00e3o em concurso p\u00fablico para cargo privativo de bacharel em Direito.<\/td><td class=\"has-text-align-center\" data-align=\"center\">0,25<\/td><td class=\"has-text-align-center\" data-align=\"center\">0,50<\/td><\/tr><tr><td class=\"has-text-align-center\" data-align=\"center\">Livros publicados, de autoria individual, no \u00e2mbito da ci\u00eancia jur\u00eddica.<\/td><td class=\"has-text-align-center\" data-align=\"center\">0,10<\/td><td class=\"has-text-align-center\" data-align=\"center\">0,50<\/td><\/tr><tr><td class=\"has-text-align-center\" data-align=\"center\">Artigos, pareceres, ensaios e trabalhos jur\u00eddicos publicados<\/td><td class=\"has-text-align-center\" data-align=\"center\">0,05<\/td><td class=\"has-text-align-center\" data-align=\"center\">0,25<\/td><\/tr><tr><td class=\"has-text-align-center\" data-align=\"center\"><strong>Total<\/strong><\/td><td class=\"has-text-align-center\" data-align=\"center\"><\/td><td class=\"has-text-align-center\" data-align=\"center\"><strong>5,00<\/strong><\/td><\/tr><\/tbody><\/table><figcaption class=\"wp-element-caption\"><strong>Tabela de t\u00edtulos<\/strong><\/figcaption><\/figure>\n\n\n\n<h2 class=\"wp-block-heading\" id=\"ultimo\"><span id=\"concurso-dpe-to-defensor-2012\">Concurso DPE TO Defensor &#8211; 2012<\/span><\/h2>\n\n\n\n<p>Organizado pelo Cespe\/Cebraspe, o \u00faltimo concurso da Defensoria de Tocantins aconteceu em 2012 quando foram ofertadas 20 vagas para do cargo de Defensor, com remunera\u00e7\u00e3o inicial de R$ 20.677,85 naquela \u00e9poca. Foram registrados 2.512 candidatos inscritos e uma demanda de 125 candidatos por vaga.<\/p>\n\n\n\n<h2 class=\"wp-block-heading\" id=\"h-estudo-de-medio-prazo-para-o-concurso-de-defensor-publico\"><span id=\"estudo-de-medio-prazo-para-o-concurso-de-defensor-publico\">Estudo de M\u00e9dio Prazo para o Concurso de Defensor P\u00fablico<\/span><\/h2>\n\n\n\n<figure class=\"wp-block-embed is-type-video is-provider-youtube wp-block-embed-youtube wp-embed-aspect-16-9 wp-has-aspect-ratio\"><div class=\"wp-block-embed__wrapper\">\n<div class=\"cs-embed cs-embed-responsive\"><iframe title=\"Estudo de M\u00e9dio Prazo para o Concurso de Defensor P\u00fablico\" width=\"1200\" height=\"675\" src=\"https:\/\/www.youtube.com\/embed\/9qfPCLqZR1I?feature=oembed\" frameborder=\"0\" allow=\"accelerometer; autoplay; clipboard-write; encrypted-media; gyroscope; picture-in-picture; web-share\" referrerpolicy=\"strict-origin-when-cross-origin\" allowfullscreen><\/iframe><\/div>\n<\/div><\/figure>\n\n\n\n<h2 class=\"wp-block-heading\" id=\"h-provas-comentadas\"><span id=\"provas-comentadas\">Provas comentadas<\/span><\/h2>\n\n\n\n<ul class=\"wp-block-list\">\n<li><a href=\"https:\/\/cj.estrategia.com\/portal\/provas-comentadas-de-defensorias\/\" target=\"_blank\" >Provas Comentadas de Defensorias<\/a><\/li>\n<\/ul>\n\n\n\n<h2 class=\"wp-block-heading\" id=\"h-material-de-estudo\"><span id=\"material-de-estudo\">Material de estudo<\/span><\/h2>\n\n\n\n<ul class=\"wp-block-list\">\n<li><a href=\"https:\/\/www.youtube.com\/watch?v=pHea6u61CiI\" target=\"_blank\" >Como elevar o n\u00edvel de seus estudos para Defensoria P\u00fablica<\/a><\/li>\n\n\n\n<li><a href=\"https:\/\/www.youtube.com\/watch?v=9qfPCLqZR1I\" target=\"_blank\" >Estudo de M\u00e9dio Prazo para o Concurso de Defensor P\u00fablico<\/a><\/li>\n\n\n\n<li><a href=\"https:\/\/www.youtube.com\/watch?v=eZR-2ReR8KQ\" target=\"_blank\" >Curso Completo Defensoria P\u00fablica \u2013 Criminologia \u2013 Prof. Allan Joos<\/a><a href=\"https:\/\/www.youtube.com\/c\/Estrat%C3%A9giaCarreiraJur%C3%ADdica\"><\/a><\/li>\n<\/ul>\n\n\n\n<h2 class=\"wp-block-heading has-text-align-left\" id=\"cursos\"><span id=\"quer-saber-tudo-sobre-concursos-previstosconfira-nossos-artigos\">Quer saber tudo sobre concursos previstos?<br>Confira nossos artigos!<\/span><\/h2>\n\n\n\n<ul class=\"wp-block-list\">\n<li><a href=\"https:\/\/cj.estrategia.com\/portal\/concursos-abertos-carreiras-juridicas\/\" target=\"_blank\" >Concursos jur\u00eddicos abertos<\/a><\/li>\n\n\n\n<li><a href=\"https:\/\/cj.estrategia.com\/portal\/concursos-defensorias\/\" target=\"_blank\" >Concursos Defensorias<\/a><\/li>\n\n\n\n<li><a href=\"https:\/\/cj.estrategia.com\/portal\/concursos-juridicos-2026\/\" target=\"_blank\" >Concursos Jur\u00eddicos 2026<\/a><\/li>\n<\/ul>\n\n\n\n<h3 class=\"wp-block-heading has-text-align-left\" id=\"curso\"><span id=\"quer-estudar-para-o-concurso-dpe-to-defensor\"><em>Quer estudar para o Concurso <\/em>DPE TO <em>Defensor<\/em>?<\/span><\/h3>\n\n\n\n<p class=\"has-text-align-left\">Gostou desta oportunidade e deseja come\u00e7ar se preparar agora mesmo? Ent\u00e3o, confira os nossos cursos e comece a estudar:<\/p>\n\n\n\n<div class=\"wp-block-cover\" style=\"min-height:155px;aspect-ratio:unset;\"><img decoding=\"async\" width=\"1890\" height=\"351\" class=\"wp-block-cover__image-background wp-image-8669\" alt=\"Assinaturas Jur\u00eddicas\" src=\"https:\/\/cj.estrategia.com\/portal\/wp-content\/uploads\/2022\/06\/20151253\/concurso-carreiras-juridicas-assinatura-juridica.jpg\" style=\"object-position:78% 43%\" data-object-fit=\"cover\" data-object-position=\"78% 43%\" srcset=\"https:\/\/cj.estrategia.com\/portal\/wp-content\/uploads\/2022\/06\/20151253\/concurso-carreiras-juridicas-assinatura-juridica.jpg 1890w, https:\/\/cj.estrategia.com\/portal\/wp-content\/uploads\/2022\/06\/20151253\/concurso-carreiras-juridicas-assinatura-juridica-300x56.jpg 300w, https:\/\/cj.estrategia.com\/portal\/wp-content\/uploads\/2022\/06\/20151253\/concurso-carreiras-juridicas-assinatura-juridica-1024x190.jpg 1024w, https:\/\/cj.estrategia.com\/portal\/wp-content\/uploads\/2022\/06\/20151253\/concurso-carreiras-juridicas-assinatura-juridica-768x143.jpg 768w, https:\/\/cj.estrategia.com\/portal\/wp-content\/uploads\/2022\/06\/20151253\/concurso-carreiras-juridicas-assinatura-juridica-1536x285.jpg 1536w, https:\/\/cj.estrategia.com\/portal\/wp-content\/uploads\/2022\/06\/20151253\/concurso-carreiras-juridicas-assinatura-juridica-380x71.jpg 380w, https:\/\/cj.estrategia.com\/portal\/wp-content\/uploads\/2022\/06\/20151253\/concurso-carreiras-juridicas-assinatura-juridica-800x149.jpg 800w, https:\/\/cj.estrategia.com\/portal\/wp-content\/uploads\/2022\/06\/20151253\/concurso-carreiras-juridicas-assinatura-juridica-1160x215.jpg 1160w\" sizes=\"(max-width: 1890px) 100vw, 1890px\" \/><span aria-hidden=\"true\" class=\"wp-block-cover__background has-background-dim\"><\/span><div class=\"wp-block-cover__inner-container is-layout-flow wp-block-cover-is-layout-flow\">\n<h3 id=\"faca-a-sua-assinatura\" class=\"titulo-assinatura\"><span style=\"color: #ffffff;\">Fa\u00e7a a sua assinatura!<\/span><\/h3>\n<p class=\"subtitulo-assinatura\" style=\"display:block!important; line-height: 0;\"><span style=\"color: #ffffff;\">Escolha a sua \u00e1rea.<\/span><\/p>\n<a target=\"_blank\" href=\"https:\/\/www.estrategiaconcursos.com.br\/assinaturas-ecj\/\" rel=\"noopener\"><button style=\"border-radius: 10px; text-transform: capitalize;\">Acessar<\/button><\/a>\n<\/div><\/div>\n\n\n\n<p><em>Prepare-se com o melhor material e com quem mais aprova em Concursos P\u00fablicos em todo o pa\u00eds.<\/em><\/p>\n\n\n\n<figure class=\"wp-block-image size-large is-resized\"><img decoding=\"async\" src=\"https:\/\/dhg1h5j42swfq.cloudfront.net\/2021\/04\/21142923\/ficha-tecnica-159-1024x632.png\" alt=\"\" class=\"wp-image-720398\" style=\"width:284px;height:auto\"\/><\/figure>\n\n\n\n<h4 class=\"wp-block-heading\" id=\"h-informacoes-do-concurso-dpe-to-defensor\"><span id=\"informacoes-do-concurso-dpe-to-defensor\">Informa\u00e7\u00f5es do concurso DPE TO Defensor<\/span><\/h4>\n\n\n\n<ul class=\"wp-block-list\">\n<li><strong>Vagas<\/strong>: 3+CR (Edital de 2021)<\/li>\n\n\n\n<li><strong>Cargos<\/strong>: Defensor P\u00fablico Substituto<\/li>\n\n\n\n<li><strong>Banca<\/strong>: Cebraspe (Edital de 2021)<\/li>\n\n\n\n<li><strong>Escolaridade<\/strong>: N\u00edvel Superior em Direito<\/li>\n\n\n\n<li><strong>\u00daltimo edital<\/strong>: <a href=\"https:\/\/dhg1h5j42swfq.cloudfront.net\/2021\/12\/17174052\/ed_1_dpe_to_abertura.pdf\" rel=\"nofollow\">Edital DPE TO Defensor 2021<\/a> \/&nbsp;<a href=\"https:\/\/dhg1h5j42swfq.cloudfront.net\/2017\/12\/15104524\/EDITAL_DPE_TO_2012_ABT.pdf\" target=\"_blank\" >Edital DPE TO Defensor 2012<\/a><\/li>\n<\/ul>\n","protected":false},"excerpt":{"rendered":"A Defensoria P\u00fablica do Estado do Tocantins (DPE TO) homologou o resultado final do IV Concurso P\u00fablico para&hellip;\n","protected":false},"author":12,"featured_media":177771,"comment_status":"open","ping_status":"open","sticky":false,"template":"","format":"standard","meta":{"_jetpack_memberships_contains_paid_content":false,"footnotes":""},"categories":[27],"tags":[],"tax_estado":[57],"class_list":{"0":"post-1695","1":"post","2":"type-post","3":"status-publish","4":"format-standard","5":"has-post-thumbnail","7":"category-defensoria","8":"tax_estado-to"},"acf":[],"yoast_head":"<!-- This site is optimized with the Yoast SEO Premium plugin v27.4 (Yoast SEO v27.4) - https:\/\/yoast.com\/product\/yoast-seo-premium-wordpress\/ -->\n<title>Concurso DPE TO Defensor: aprovados nomeados!<\/title>\n<meta name=\"description\" content=\"Concurso DPE TO Defensor: os candidatos aprovados foram oficialmente nomeados, veja agora mesmo como foi a sele\u00e7\u00e3o...\" \/>\n<meta name=\"robots\" content=\"index, follow, max-snippet:-1, max-image-preview:large, max-video-preview:-1\" \/>\n<link rel=\"canonical\" href=\"https:\/\/cj.estrategia.com\/portal\/concurso-dpe-to-defensor\/\" \/>\n<meta property=\"og:locale\" content=\"pt_BR\" \/>\n<meta property=\"og:type\" content=\"article\" \/>\n<meta property=\"og:title\" content=\"Concurso DPE TO Defensor: aprovados nomeados!\" \/>\n<meta property=\"og:description\" content=\"Concurso DPE TO Defensor: os candidatos aprovados foram oficialmente nomeados, veja agora mesmo como foi a sele\u00e7\u00e3o...\" \/>\n<meta property=\"og:url\" content=\"https:\/\/cj.estrategia.com\/portal\/concurso-dpe-to-defensor\/\" \/>\n<meta property=\"og:site_name\" content=\"Blog - Carreiras Jur\u00eddicas - Estrat\u00e9gia\" \/>\n<meta property=\"article:publisher\" content=\"https:\/\/www.facebook.com\/estrategiacarreirajuridica\/\" \/>\n<meta property=\"article:published_time\" content=\"2026-01-02T18:33:41+00:00\" \/>\n<meta property=\"article:modified_time\" content=\"2026-02-05T14:11:11+00:00\" \/>\n<meta property=\"og:image\" content=\"https:\/\/cj.estrategia.com\/portal\/wp-content\/uploads\/2025\/12\/04114740\/defensorias.jpg\" \/>\n\t<meta property=\"og:image:width\" content=\"2459\" \/>\n\t<meta property=\"og:image:height\" content=\"1383\" \/>\n\t<meta property=\"og:image:type\" content=\"image\/jpeg\" \/>\n<meta name=\"author\" content=\"Coordena\u00e7\u00e3o\" \/>\n<meta name=\"twitter:card\" content=\"summary_large_image\" \/>\n<meta name=\"twitter:creator\" content=\"@EstratJuridica\" \/>\n<meta name=\"twitter:site\" content=\"@EstratJuridica\" \/>\n<meta name=\"twitter:label1\" content=\"Escrito por\" \/>\n\t<meta name=\"twitter:data1\" content=\"Coordena\u00e7\u00e3o\" \/>\n\t<meta name=\"twitter:label2\" content=\"Est. tempo de leitura\" \/>\n\t<meta name=\"twitter:data2\" content=\"1 minuto\" \/>\n<script type=\"application\/ld+json\" class=\"yoast-schema-graph\">{\"@context\":\"https:\\\/\\\/schema.org\",\"@graph\":[{\"@type\":\"NewsArticle\",\"@id\":\"https:\\\/\\\/cj.estrategia.com\\\/portal\\\/concurso-dpe-to-defensor\\\/#article\",\"isPartOf\":{\"@id\":\"https:\\\/\\\/cj.estrategia.com\\\/portal\\\/concurso-dpe-to-defensor\\\/\"},\"author\":{\"name\":\"Coordena\u00e7\u00e3o\",\"@id\":\"https:\\\/\\\/cj.estrategia.com\\\/portal\\\/#\\\/schema\\\/person\\\/4d70317d31449932b99102916b6637f5\"},\"headline\":\"Concurso DPE TO Defensor: aprovados nomeados!\",\"datePublished\":\"2026-01-02T18:33:41+00:00\",\"dateModified\":\"2026-02-05T14:11:11+00:00\",\"mainEntityOfPage\":{\"@id\":\"https:\\\/\\\/cj.estrategia.com\\\/portal\\\/concurso-dpe-to-defensor\\\/\"},\"wordCount\":2230,\"commentCount\":0,\"publisher\":{\"@id\":\"https:\\\/\\\/cj.estrategia.com\\\/portal\\\/#organization\"},\"image\":{\"@id\":\"https:\\\/\\\/cj.estrategia.com\\\/portal\\\/concurso-dpe-to-defensor\\\/#primaryimage\"},\"thumbnailUrl\":\"https:\\\/\\\/cj.estrategia.com\\\/portal\\\/wp-content\\\/uploads\\\/2025\\\/12\\\/04114740\\\/defensorias.jpg\",\"articleSection\":[\"Defensoria\"],\"inLanguage\":\"pt-BR\",\"potentialAction\":[{\"@type\":\"CommentAction\",\"name\":\"Comment\",\"target\":[\"https:\\\/\\\/cj.estrategia.com\\\/portal\\\/concurso-dpe-to-defensor\\\/#respond\"]}],\"accessibilityFeature\":[\"tableOfContents\"]},{\"@type\":\"WebPage\",\"@id\":\"https:\\\/\\\/cj.estrategia.com\\\/portal\\\/concurso-dpe-to-defensor\\\/\",\"url\":\"https:\\\/\\\/cj.estrategia.com\\\/portal\\\/concurso-dpe-to-defensor\\\/\",\"name\":\"Concurso DPE TO Defensor: aprovados nomeados!\",\"isPartOf\":{\"@id\":\"https:\\\/\\\/cj.estrategia.com\\\/portal\\\/#website\"},\"primaryImageOfPage\":{\"@id\":\"https:\\\/\\\/cj.estrategia.com\\\/portal\\\/concurso-dpe-to-defensor\\\/#primaryimage\"},\"image\":{\"@id\":\"https:\\\/\\\/cj.estrategia.com\\\/portal\\\/concurso-dpe-to-defensor\\\/#primaryimage\"},\"thumbnailUrl\":\"https:\\\/\\\/cj.estrategia.com\\\/portal\\\/wp-content\\\/uploads\\\/2025\\\/12\\\/04114740\\\/defensorias.jpg\",\"datePublished\":\"2026-01-02T18:33:41+00:00\",\"dateModified\":\"2026-02-05T14:11:11+00:00\",\"description\":\"Concurso DPE TO Defensor: os candidatos aprovados foram oficialmente nomeados, veja agora mesmo como foi a sele\u00e7\u00e3o...\",\"breadcrumb\":{\"@id\":\"https:\\\/\\\/cj.estrategia.com\\\/portal\\\/concurso-dpe-to-defensor\\\/#breadcrumb\"},\"inLanguage\":\"pt-BR\",\"potentialAction\":[{\"@type\":\"ReadAction\",\"target\":[\"https:\\\/\\\/cj.estrategia.com\\\/portal\\\/concurso-dpe-to-defensor\\\/\"]}]},{\"@type\":\"ImageObject\",\"inLanguage\":\"pt-BR\",\"@id\":\"https:\\\/\\\/cj.estrategia.com\\\/portal\\\/concurso-dpe-to-defensor\\\/#primaryimage\",\"url\":\"https:\\\/\\\/cj.estrategia.com\\\/portal\\\/wp-content\\\/uploads\\\/2025\\\/12\\\/04114740\\\/defensorias.jpg\",\"contentUrl\":\"https:\\\/\\\/cj.estrategia.com\\\/portal\\\/wp-content\\\/uploads\\\/2025\\\/12\\\/04114740\\\/defensorias.jpg\",\"width\":2459,\"height\":1383},{\"@type\":\"BreadcrumbList\",\"@id\":\"https:\\\/\\\/cj.estrategia.com\\\/portal\\\/concurso-dpe-to-defensor\\\/#breadcrumb\",\"itemListElement\":[{\"@type\":\"ListItem\",\"position\":1,\"name\":\"In\u00edcio\",\"item\":\"https:\\\/\\\/cj.estrategia.com\\\/portal\\\/\"},{\"@type\":\"ListItem\",\"position\":2,\"name\":\"Concurso DPE TO Defensor: aprovados nomeados!\"}]},{\"@type\":\"WebSite\",\"@id\":\"https:\\\/\\\/cj.estrategia.com\\\/portal\\\/#website\",\"url\":\"https:\\\/\\\/cj.estrategia.com\\\/portal\\\/\",\"name\":\"Blog - Carreiras Jur\u00eddicas - Estrat\u00e9gia\",\"description\":\"\",\"publisher\":{\"@id\":\"https:\\\/\\\/cj.estrategia.com\\\/portal\\\/#organization\"},\"potentialAction\":[{\"@type\":\"SearchAction\",\"target\":{\"@type\":\"EntryPoint\",\"urlTemplate\":\"https:\\\/\\\/cj.estrategia.com\\\/portal\\\/?s={search_term_string}\"},\"query-input\":{\"@type\":\"PropertyValueSpecification\",\"valueRequired\":true,\"valueName\":\"search_term_string\"}}],\"inLanguage\":\"pt-BR\"},{\"@type\":\"Organization\",\"@id\":\"https:\\\/\\\/cj.estrategia.com\\\/portal\\\/#organization\",\"name\":\"Estrat\u00e9gia - Carreiras Jur\u00eddicas\",\"url\":\"https:\\\/\\\/cj.estrategia.com\\\/portal\\\/\",\"logo\":{\"@type\":\"ImageObject\",\"inLanguage\":\"pt-BR\",\"@id\":\"https:\\\/\\\/cj.estrategia.com\\\/portal\\\/#\\\/schema\\\/logo\\\/image\\\/\",\"url\":\"https:\\\/\\\/cj.estrategia.com\\\/portal\\\/wp-content\\\/uploads\\\/2022\\\/03\\\/11151052\\\/cj-logo.png\",\"contentUrl\":\"https:\\\/\\\/cj.estrategia.com\\\/portal\\\/wp-content\\\/uploads\\\/2022\\\/03\\\/11151052\\\/cj-logo.png\",\"width\":150,\"height\":39,\"caption\":\"Estrat\u00e9gia - Carreiras Jur\u00eddicas\"},\"image\":{\"@id\":\"https:\\\/\\\/cj.estrategia.com\\\/portal\\\/#\\\/schema\\\/logo\\\/image\\\/\"},\"sameAs\":[\"https:\\\/\\\/www.facebook.com\\\/estrategiacarreirajuridica\\\/\",\"https:\\\/\\\/x.com\\\/EstratJuridica\",\"https:\\\/\\\/www.instagram.com\\\/estrategiacarreirajuridica\\\/\",\"https:\\\/\\\/www.youtube.com\\\/channel\\\/UClbMGuYbj2Mh1m3w144ETWQ\"]},{\"@type\":\"Person\",\"@id\":\"https:\\\/\\\/cj.estrategia.com\\\/portal\\\/#\\\/schema\\\/person\\\/4d70317d31449932b99102916b6637f5\",\"name\":\"Coordena\u00e7\u00e3o\",\"image\":{\"@type\":\"ImageObject\",\"inLanguage\":\"pt-BR\",\"@id\":\"https:\\\/\\\/cj.estrategia.com\\\/portal\\\/wp-content\\\/uploads\\\/2022\\\/05\\\/12164923\\\/estrategia-carreira-juridica-coordenacao-96x96.png\",\"url\":\"https:\\\/\\\/cj.estrategia.com\\\/portal\\\/wp-content\\\/uploads\\\/2022\\\/05\\\/12164923\\\/estrategia-carreira-juridica-coordenacao-96x96.png\",\"contentUrl\":\"https:\\\/\\\/cj.estrategia.com\\\/portal\\\/wp-content\\\/uploads\\\/2022\\\/05\\\/12164923\\\/estrategia-carreira-juridica-coordenacao-96x96.png\",\"caption\":\"Coordena\u00e7\u00e3o\"},\"url\":\"https:\\\/\\\/cj.estrategia.com\\\/portal\\\/author\\\/coordenacao\\\/\"}]}<\/script>\n<!-- \/ Yoast SEO Premium plugin. -->","yoast_head_json":{"title":"Concurso DPE TO Defensor: aprovados nomeados!","description":"Concurso DPE TO Defensor: os candidatos aprovados foram oficialmente nomeados, veja agora mesmo como foi a sele\u00e7\u00e3o...","robots":{"index":"index","follow":"follow","max-snippet":"max-snippet:-1","max-image-preview":"max-image-preview:large","max-video-preview":"max-video-preview:-1"},"canonical":"https:\/\/cj.estrategia.com\/portal\/concurso-dpe-to-defensor\/","og_locale":"pt_BR","og_type":"article","og_title":"Concurso DPE TO Defensor: aprovados nomeados!","og_description":"Concurso DPE TO Defensor: os candidatos aprovados foram oficialmente nomeados, veja agora mesmo como foi a sele\u00e7\u00e3o...","og_url":"https:\/\/cj.estrategia.com\/portal\/concurso-dpe-to-defensor\/","og_site_name":"Blog - Carreiras Jur\u00eddicas - Estrat\u00e9gia","article_publisher":"https:\/\/www.facebook.com\/estrategiacarreirajuridica\/","article_published_time":"2026-01-02T18:33:41+00:00","article_modified_time":"2026-02-05T14:11:11+00:00","og_image":[{"width":2459,"height":1383,"url":"https:\/\/cj.estrategia.com\/portal\/wp-content\/uploads\/2025\/12\/04114740\/defensorias.jpg","type":"image\/jpeg"}],"author":"Coordena\u00e7\u00e3o","twitter_card":"summary_large_image","twitter_creator":"@EstratJuridica","twitter_site":"@EstratJuridica","twitter_misc":{"Escrito por":"Coordena\u00e7\u00e3o","Est. tempo de leitura":"1 minuto"},"schema":{"@context":"https:\/\/schema.org","@graph":[{"@type":"NewsArticle","@id":"https:\/\/cj.estrategia.com\/portal\/concurso-dpe-to-defensor\/#article","isPartOf":{"@id":"https:\/\/cj.estrategia.com\/portal\/concurso-dpe-to-defensor\/"},"author":{"name":"Coordena\u00e7\u00e3o","@id":"https:\/\/cj.estrategia.com\/portal\/#\/schema\/person\/4d70317d31449932b99102916b6637f5"},"headline":"Concurso DPE TO Defensor: aprovados nomeados!","datePublished":"2026-01-02T18:33:41+00:00","dateModified":"2026-02-05T14:11:11+00:00","mainEntityOfPage":{"@id":"https:\/\/cj.estrategia.com\/portal\/concurso-dpe-to-defensor\/"},"wordCount":2230,"commentCount":0,"publisher":{"@id":"https:\/\/cj.estrategia.com\/portal\/#organization"},"image":{"@id":"https:\/\/cj.estrategia.com\/portal\/concurso-dpe-to-defensor\/#primaryimage"},"thumbnailUrl":"https:\/\/cj.estrategia.com\/portal\/wp-content\/uploads\/2025\/12\/04114740\/defensorias.jpg","articleSection":["Defensoria"],"inLanguage":"pt-BR","potentialAction":[{"@type":"CommentAction","name":"Comment","target":["https:\/\/cj.estrategia.com\/portal\/concurso-dpe-to-defensor\/#respond"]}],"accessibilityFeature":["tableOfContents"]},{"@type":"WebPage","@id":"https:\/\/cj.estrategia.com\/portal\/concurso-dpe-to-defensor\/","url":"https:\/\/cj.estrategia.com\/portal\/concurso-dpe-to-defensor\/","name":"Concurso DPE TO Defensor: aprovados nomeados!","isPartOf":{"@id":"https:\/\/cj.estrategia.com\/portal\/#website"},"primaryImageOfPage":{"@id":"https:\/\/cj.estrategia.com\/portal\/concurso-dpe-to-defensor\/#primaryimage"},"image":{"@id":"https:\/\/cj.estrategia.com\/portal\/concurso-dpe-to-defensor\/#primaryimage"},"thumbnailUrl":"https:\/\/cj.estrategia.com\/portal\/wp-content\/uploads\/2025\/12\/04114740\/defensorias.jpg","datePublished":"2026-01-02T18:33:41+00:00","dateModified":"2026-02-05T14:11:11+00:00","description":"Concurso DPE TO Defensor: os candidatos aprovados foram oficialmente nomeados, veja agora mesmo como foi a sele\u00e7\u00e3o...","breadcrumb":{"@id":"https:\/\/cj.estrategia.com\/portal\/concurso-dpe-to-defensor\/#breadcrumb"},"inLanguage":"pt-BR","potentialAction":[{"@type":"ReadAction","target":["https:\/\/cj.estrategia.com\/portal\/concurso-dpe-to-defensor\/"]}]},{"@type":"ImageObject","inLanguage":"pt-BR","@id":"https:\/\/cj.estrategia.com\/portal\/concurso-dpe-to-defensor\/#primaryimage","url":"https:\/\/cj.estrategia.com\/portal\/wp-content\/uploads\/2025\/12\/04114740\/defensorias.jpg","contentUrl":"https:\/\/cj.estrategia.com\/portal\/wp-content\/uploads\/2025\/12\/04114740\/defensorias.jpg","width":2459,"height":1383},{"@type":"BreadcrumbList","@id":"https:\/\/cj.estrategia.com\/portal\/concurso-dpe-to-defensor\/#breadcrumb","itemListElement":[{"@type":"ListItem","position":1,"name":"In\u00edcio","item":"https:\/\/cj.estrategia.com\/portal\/"},{"@type":"ListItem","position":2,"name":"Concurso DPE TO Defensor: aprovados nomeados!"}]},{"@type":"WebSite","@id":"https:\/\/cj.estrategia.com\/portal\/#website","url":"https:\/\/cj.estrategia.com\/portal\/","name":"Blog - Carreiras Jur\u00eddicas - Estrat\u00e9gia","description":"","publisher":{"@id":"https:\/\/cj.estrategia.com\/portal\/#organization"},"potentialAction":[{"@type":"SearchAction","target":{"@type":"EntryPoint","urlTemplate":"https:\/\/cj.estrategia.com\/portal\/?s={search_term_string}"},"query-input":{"@type":"PropertyValueSpecification","valueRequired":true,"valueName":"search_term_string"}}],"inLanguage":"pt-BR"},{"@type":"Organization","@id":"https:\/\/cj.estrategia.com\/portal\/#organization","name":"Estrat\u00e9gia - Carreiras Jur\u00eddicas","url":"https:\/\/cj.estrategia.com\/portal\/","logo":{"@type":"ImageObject","inLanguage":"pt-BR","@id":"https:\/\/cj.estrategia.com\/portal\/#\/schema\/logo\/image\/","url":"https:\/\/cj.estrategia.com\/portal\/wp-content\/uploads\/2022\/03\/11151052\/cj-logo.png","contentUrl":"https:\/\/cj.estrategia.com\/portal\/wp-content\/uploads\/2022\/03\/11151052\/cj-logo.png","width":150,"height":39,"caption":"Estrat\u00e9gia - Carreiras Jur\u00eddicas"},"image":{"@id":"https:\/\/cj.estrategia.com\/portal\/#\/schema\/logo\/image\/"},"sameAs":["https:\/\/www.facebook.com\/estrategiacarreirajuridica\/","https:\/\/x.com\/EstratJuridica","https:\/\/www.instagram.com\/estrategiacarreirajuridica\/","https:\/\/www.youtube.com\/channel\/UClbMGuYbj2Mh1m3w144ETWQ"]},{"@type":"Person","@id":"https:\/\/cj.estrategia.com\/portal\/#\/schema\/person\/4d70317d31449932b99102916b6637f5","name":"Coordena\u00e7\u00e3o","image":{"@type":"ImageObject","inLanguage":"pt-BR","@id":"https:\/\/cj.estrategia.com\/portal\/wp-content\/uploads\/2022\/05\/12164923\/estrategia-carreira-juridica-coordenacao-96x96.png","url":"https:\/\/cj.estrategia.com\/portal\/wp-content\/uploads\/2022\/05\/12164923\/estrategia-carreira-juridica-coordenacao-96x96.png","contentUrl":"https:\/\/cj.estrategia.com\/portal\/wp-content\/uploads\/2022\/05\/12164923\/estrategia-carreira-juridica-coordenacao-96x96.png","caption":"Coordena\u00e7\u00e3o"},"url":"https:\/\/cj.estrategia.com\/portal\/author\/coordenacao\/"}]}},"jetpack_featured_media_url":"https:\/\/cj.estrategia.com\/portal\/wp-content\/uploads\/2025\/12\/04114740\/defensorias.jpg","jetpack_sharing_enabled":true,"_links":{"self":[{"href":"https:\/\/cj.estrategia.com\/portal\/wp-json\/wp\/v2\/posts\/1695","targetHints":{"allow":["GET"]}}],"collection":[{"href":"https:\/\/cj.estrategia.com\/portal\/wp-json\/wp\/v2\/posts"}],"about":[{"href":"https:\/\/cj.estrategia.com\/portal\/wp-json\/wp\/v2\/types\/post"}],"author":[{"embeddable":true,"href":"https:\/\/cj.estrategia.com\/portal\/wp-json\/wp\/v2\/users\/12"}],"replies":[{"embeddable":true,"href":"https:\/\/cj.estrategia.com\/portal\/wp-json\/wp\/v2\/comments?post=1695"}],"version-history":[{"count":72,"href":"https:\/\/cj.estrategia.com\/portal\/wp-json\/wp\/v2\/posts\/1695\/revisions"}],"predecessor-version":[{"id":178243,"href":"https:\/\/cj.estrategia.com\/portal\/wp-json\/wp\/v2\/posts\/1695\/revisions\/178243"}],"wp:featuredmedia":[{"embeddable":true,"href":"https:\/\/cj.estrategia.com\/portal\/wp-json\/wp\/v2\/media\/177771"}],"wp:attachment":[{"href":"https:\/\/cj.estrategia.com\/portal\/wp-json\/wp\/v2\/media?parent=1695"}],"wp:term":[{"taxonomy":"category","embeddable":true,"href":"https:\/\/cj.estrategia.com\/portal\/wp-json\/wp\/v2\/categories?post=1695"},{"taxonomy":"post_tag","embeddable":true,"href":"https:\/\/cj.estrategia.com\/portal\/wp-json\/wp\/v2\/tags?post=1695"},{"taxonomy":"tax_estado","embeddable":true,"href":"https:\/\/cj.estrategia.com\/portal\/wp-json\/wp\/v2\/tax_estado?post=1695"}],"curies":[{"name":"wp","href":"https:\/\/api.w.org\/{rel}","templated":true}]}}