{"id":169241,"date":"2025-12-16T20:36:12","date_gmt":"2025-12-16T23:36:12","guid":{"rendered":"https:\/\/cj.estrategia.com\/portal\/?p=169241"},"modified":"2025-12-26T18:32:26","modified_gmt":"2025-12-26T21:32:26","slug":"publicidade-reconhecimento-uniao-estavel-homoafetiva","status":"publish","type":"post","link":"https:\/\/cj.estrategia.com\/portal\/publicidade-reconhecimento-uniao-estavel-homoafetiva\/","title":{"rendered":"Publicidade no reconhecimento de uni\u00e3o est\u00e1vel homoafetiva"},"content":{"rendered":"\n<p class=\"has-small-font-size\">* Thiago de Paula Leite \u00e9 procurador do Estado de S\u00e3o Paulo e professor de direito ambiental e agr\u00e1rio do Estrat\u00e9gia.<\/p>\n\n\n\n<h2 class=\"wp-block-heading\" id=\"h-decisao-do-stj\"><span id=\"decisao-do-stj\">Decis\u00e3o do STJ<\/span><\/h2>\n\n\n\n<p>A Terceira Turma do Superior Tribunal de Justi\u00e7a proferiu decis\u00e3o un\u00e2nime que reconheceu uma uni\u00e3o est\u00e1vel homoafetiva <em>post mortem<\/em>\u00a0e <strong>admitiu a relativiza\u00e7\u00e3o do requisito da publicidade em virtude de um contexto social discriminat\u00f3rio<\/strong>.<\/p>\n\n\n\n<p>O caso foi relatado pela ministra Nancy Andrighi, e envolvia a validade da uni\u00e3o est\u00e1vel entre duas mulheres, uma delas falecida. O casal manteve uma conviv\u00eancia por mais de 30 anos no interior de Goi\u00e1s.<\/p>\n\n\n\n<p>O reconhecimento da uni\u00e3o havia sido negado na origem sob o argumento da aus\u00eancia de publicidade do relacionamento.<\/p>\n\n\n\n<figure class=\"wp-block-pullquote\"><blockquote><p><\/p><cite><em><em><mark style=\"background-color:rgba(0, 0, 0, 0)\" class=\"has-inline-color has-black-color\">A ministra Nancy Andrighi destacou que a exig\u00eancia do requisito de publicidade deve ser interpretada \u00e0 luz dos princ\u00edpios constitucionais da dignidade da pessoa humana, da isonomia e da liberdade individual.<\/mark><\/em><\/em><\/cite><\/blockquote><\/figure>\n\n\n\n<p>Andrighi ressaltou que negar o reconhecimento pela falta de publicidade significaria \u201c<em>invisibilizar uma camada da sociedade j\u00e1 estigmatizada, que muitas vezes recorre \u00e0 discri\u00e7\u00e3o como forma de sobreviv\u00eancia<\/em>\u201d.<\/p>\n\n\n\n<p>No seu voto, ela afirmou que \u00e9 poss\u00edvel relativizar a publicidade quando comprovada a conviv\u00eancia cont\u00ednua, duradoura e com comunh\u00e3o de vida e interesses, conforme o artigo 1.723 do C\u00f3digo Civil (CC).<\/p>\n\n\n\n<pre class=\"wp-block-preformatted\"><em>CC<\/em>\n\n<em>Art. 1.723. \u00c9 reconhecida como entidade familiar a uni\u00e3o est\u00e1vel entre o homem e a mulher, configurada na conviv\u00eancia p\u00fablica, cont\u00ednua e duradoura e estabelecida com o objetivo de constitui\u00e7\u00e3o de fam\u00edlia.<\/em>\n\n<em>\u00a7 1o A uni\u00e3o est\u00e1vel n\u00e3o se constituir\u00e1 se ocorrerem os impedimentos do art. 1.521; n\u00e3o se aplicando a incid\u00eancia do inciso VI no caso de a pessoa casada se achar separada de fato ou judicialmente.<\/em>\n\n<em>\u00a7 2o As causas suspensivas do art. 1.523 n\u00e3o impedir\u00e3o a caracteriza\u00e7\u00e3o da uni\u00e3o est\u00e1vel.<\/em><\/pre>\n\n\n\n<p>O colegiado consolidou a orienta\u00e7\u00e3o do STJ de ampliar a prote\u00e7\u00e3o jur\u00eddica a rela\u00e7\u00f5es afetivas marcadas pela discri\u00e7\u00e3o imposta por contextos sociais ou culturais.<\/p>\n\n\n\n<p>O advogado Andr\u00e9 de Almeida Dafico Ramos, que atuou no caso, explicou que a decis\u00e3o n\u00e3o dispensou a caracteriza\u00e7\u00e3o do requisito legal da publicidade, mas reafirmou sua import\u00e2ncia jur\u00eddica, interpretando-a em harmonia com os direitos constitucionais \u00e0 intimidade e \u00e0 privacidade.<\/p>\n\n\n\n<p>Essa interpreta\u00e7\u00e3o \u00e9 crucial, especialmente em rela\u00e7\u00f5es homoafetivas, onde a publicidade da rela\u00e7\u00e3o pode expor o casal a situa\u00e7\u00f5es de extrema vulnerabilidade ou, em casos extremos, \u00e0 viol\u00eancia.<\/p>\n\n\n\n<h3 class=\"wp-block-heading\" id=\"h-direito-das-minorias\"><span id=\"direito-das-minorias\">Direito das minorias<\/span><\/h3>\n\n\n\n<p>Para o advogado, o julgamento representa um marco significativo na defesa do direito das minorias. A decis\u00e3o permite que a interpreta\u00e7\u00e3o do requisito legal oriente-se por um olhar humanizado, sens\u00edvel \u00e0s especificidades da vida real e \u00e0s estruturas sociais que imp\u00f5em o sil\u00eancio a muitas rela\u00e7\u00f5es.<\/p>\n\n\n\n<p>Ela reconhece que n\u00e3o se deve avaliar a publicidade por um padr\u00e3o abstrato de exposi\u00e7\u00e3o social, mas por uma avalia\u00e7\u00e3o concreta que considere os motivos que levaram \u00e0 discri\u00e7\u00e3o, como o medo, a amea\u00e7a e a viol\u00eancia simb\u00f3lica e material decorrentes da homofobia.<\/p>\n\n\n\n<p>A decis\u00e3o concretiza a aplica\u00e7\u00e3o do Direito que transcende a \u201c<em>letra fria da Lei<\/em>\u201d e resgata sua fun\u00e7\u00e3o de promover justi\u00e7a com humanidade. O advogado pontuou que exigir publicidade ampla ignora a realidade homof\u00f3bica presente na sociedade e reflete a manuten\u00e7\u00e3o de estruturas do conservadorismo heterossexual normativo.<\/p>\n\n\n\n<p>Trata-se de uma vit\u00f3ria civilizat\u00f3ria, que reafirma que o Direito n\u00e3o pode exigir coragem onde a sociedade imp\u00f5e medo.<\/p>\n\n\n\n<pre class=\"wp-block-verse\">Rolf Madaleno, diretor nacional do Instituto Brasileiro de Direito das Fam\u00edlias e Sucess\u00f5es (IBDFAM), considerou a decis\u00e3o inovadora e extremamente relevante por consagrar os princ\u00edpios constitucionais da dignidade, isonomia e liberdade individual.<\/pre>\n\n\n\n<p>Ele explicou que a decis\u00e3o relativiza a publicidade, um dos requisitos do artigo 1.723 do C\u00f3digo Civil para o reconhecimento de uma uni\u00e3o est\u00e1vel. O jurista observou que rela\u00e7\u00f5es homoafetivas eram mantidas com maior discri\u00e7\u00e3o devido \u00e0 discrimina\u00e7\u00e3o.<\/p>\n\n\n\n<p>Ele citou dados do Censo, indicando que, apesar do reconhecimento das uni\u00f5es homoafetivas pelo Supremo Tribunal Federal em 2010, o n\u00famero de casais homoafetivos constatado em 2010 era de 58 mil, saltando para 480 mil em 2022 \u2014 um crescimento de oito vezes.<\/p>\n\n\n\n<p>Rolf acredita que o cen\u00e1rio tende a mudar ainda mais. \u00c9 poss\u00edvel que haja um aumento exponencial da publicidade desses relacionamentos e uma diminui\u00e7\u00e3o da necessidade de discri\u00e7\u00e3o, \u00e0 medida que os casais circulam livremente em lugares p\u00fablicos, exercendo a liberdade de amar.<\/p>\n\n\n\n<h2 class=\"wp-block-heading\" id=\"h-analise-juridica\"><span id=\"analise-juridica\">An\u00e1lise jur\u00eddica<\/span><\/h2>\n\n\n\n<h3 class=\"wp-block-heading\" id=\"h-uniao-estavel\"><span id=\"uniao-estavel\">Uni\u00e3o est\u00e1vel<\/span><\/h3>\n\n\n\n<p>O c\u00f3digo civil de 2002 trata da mat\u00e9ria, em seus artigos 1.723 a 1.727. Tais dispositivos ressaltam que as rela\u00e7\u00f5es pessoais entre os companheiros obedecer\u00e3o aos deveres de lealdade, respeito e assist\u00eancia, e de guarda, sustento e educa\u00e7\u00e3o dos filhos.<\/p>\n\n\n\n<p>Nos termos do CC, aplica-se \u00e0s rela\u00e7\u00f5es patrimoniais da uni\u00e3o est\u00e1vel, no que couber, o regime da comunh\u00e3o parcial de bens, salvo contrato escrito entre os companheiros.<\/p>\n\n\n\n<p>Podemos, de forma resumida, elencar 3 requisitos necess\u00e1rios para a configura\u00e7\u00e3o da uni\u00e3o est\u00e1vel:<\/p>\n\n\n\n<p><strong>1\u00ba) Conviv\u00eancia p\u00fablica, cont\u00ednua e duradoura;<\/strong><strong><\/strong><\/p>\n\n\n\n<p><strong>2\u00ba) Intuito de constituir fam\u00edlia (<\/strong><strong><em><strong><em>intuitu familiae<\/em><\/strong><\/em><\/strong><strong>); e<\/strong><strong><\/strong><\/p>\n\n\n\n<p><strong>3\u00ba) Comprometimento em ficar juntos por tempo indeterminado.<\/strong><strong><\/strong><\/p>\n\n\n\n<h3 class=\"wp-block-heading\" id=\"h-mudancas-sociais\"><span id=\"mudancas-sociais\">Mudan\u00e7as sociais<\/span><\/h3>\n\n\n\n<p>Ocorre que, mesmo com avan\u00e7os, o c\u00f3digo civil ainda n\u00e3o foi capaz de assimilar as mudan\u00e7as sociais relacionadas aos relacionamentos homoafetivos, haja vista que previu a uni\u00e3o est\u00e1vel com aplica\u00e7\u00e3o apenas para relacionamentos entre homem e mulher.<\/p>\n\n\n\n<p>Esse papel de captar as muta\u00e7\u00f5es sociais e regular normativamente situa\u00e7\u00f5es novas coube \u00e0 doutrina e \u00e0 jurisprud\u00eancia.<\/p>\n\n\n\n<div class=\"wp-block-media-text is-stacked-on-mobile\" style=\"grid-template-columns:29% auto\"><figure class=\"wp-block-media-text__media\"><img decoding=\"async\" width=\"512\" height=\"512\" src=\"https:\/\/cj.estrategia.com\/portal\/wp-content\/uploads\/2025\/12\/16202724\/alianca-casamento-uniao-estavel.png\" alt=\"publicidade\" class=\"wp-image-169263 size-full\" srcset=\"https:\/\/cj.estrategia.com\/portal\/wp-content\/uploads\/2025\/12\/16202724\/alianca-casamento-uniao-estavel.png 512w, https:\/\/cj.estrategia.com\/portal\/wp-content\/uploads\/2025\/12\/16202724\/alianca-casamento-uniao-estavel-300x300.png 300w, https:\/\/cj.estrategia.com\/portal\/wp-content\/uploads\/2025\/12\/16202724\/alianca-casamento-uniao-estavel-150x150.png 150w, https:\/\/cj.estrategia.com\/portal\/wp-content\/uploads\/2025\/12\/16202724\/alianca-casamento-uniao-estavel-80x80.png 80w, https:\/\/cj.estrategia.com\/portal\/wp-content\/uploads\/2025\/12\/16202724\/alianca-casamento-uniao-estavel-380x380.png 380w, https:\/\/cj.estrategia.com\/portal\/wp-content\/uploads\/2025\/12\/16202724\/alianca-casamento-uniao-estavel-24x24.png 24w, https:\/\/cj.estrategia.com\/portal\/wp-content\/uploads\/2025\/12\/16202724\/alianca-casamento-uniao-estavel-48x48.png 48w, https:\/\/cj.estrategia.com\/portal\/wp-content\/uploads\/2025\/12\/16202724\/alianca-casamento-uniao-estavel-96x96.png 96w\" sizes=\"(max-width: 512px) 100vw, 512px\" \/><\/figure><div class=\"wp-block-media-text__content\">\n<p>Podemos citar, \u00e0 t\u00edtulo de exemplo, o julgamento da ADPF 132 e da ADI 4277, pela Suprema Corte. Em ambas, reconheceu-se, por unanimidade, a uni\u00e3o homoafetiva como entidade familiar, sujeita \u00e0s mesmas regras e consequ\u00eancias da uni\u00e3o est\u00e1vel heteroafetiva.<\/p>\n<\/div><\/div>\n\n\n\n<p>Inclusive, as decis\u00f5es paradigm\u00e1ticas do STF (ADPF 132 e ADI 4277) renderam o recebimento de um certificado, pela UNESCO. As decis\u00f5es foram inscritas no Registro Nacional do Brasil como patrim\u00f4nio documental.<\/p>\n\n\n\n<p>A postura da Suprema Corte foi considerada como essencial para a consolida\u00e7\u00e3o dos direitos alcan\u00e7ados no pa\u00eds e o compromisso do Estado brasileiro de construir uma sociedade mais livre, justa e solid\u00e1ria, sem preconceitos de origem, ra\u00e7a, sexo, cor ou quaisquer outras formas de discrimina\u00e7\u00e3o, como prev\u00ea o inciso IV do art. 3\u00ba da Constitui\u00e7\u00e3o da Rep\u00fablica.<\/p>\n\n\n\n<p>A jurisprud\u00eancia, comprovando seu car\u00e1ter vanguardista, j\u00e1 reconheceu, inclusive, a <strong>uni\u00e3o est\u00e1vel virtual<\/strong>.<\/p>\n\n\n\n<p>Mas o que vem a ser essa modalidade de uni\u00e3o est\u00e1vel virtual?<\/p>\n\n\n\n<pre class=\"wp-block-preformatted has-background\" style=\"background-color:#dddddd\"><strong><mark style=\"background-color:rgba(0, 0, 0, 0)\" class=\"has-inline-color has-black-color\">Uni\u00e3o est\u00e1vel virtual:\u00a0<\/mark><\/strong>relacionamento entre duas pessoas, desenvolvido por meios virtuais, como redes sociais, aplicativos de mensagens e videoconfer\u00eancias, que se expressa na conviv\u00eancia p\u00fablica, cont\u00ednua e duradoura, e estabelecida com o objetivo de constitui\u00e7\u00e3o de fam\u00edlia<\/pre>\n\n\n\n<p>Importante ressaltar que os requisitos da uni\u00e3o est\u00e1vel virtual s\u00e3o os mesmos da uni\u00e3o est\u00e1vel convencional: uni\u00e3o p\u00fablica, cont\u00ednua, duradoura e com objetivo de constituir fam\u00edlia.<\/p>\n\n\n\n<p>E ser\u00e1 imprescind\u00edvel, para sua comprova\u00e7\u00e3o, um conjunto probat\u00f3rio farto, composto de trocas de mensagens, v\u00eddeos, fotos, documentos, prints.<\/p>\n\n\n\n<p>Da mesma forma que na uni\u00e3o tradicional, os direitos e deveres dos companheiros virtuais s\u00e3o os mesmos voltados \u00e0 partilha de bens, \u00e0 pens\u00e3o aliment\u00edcia, ao direito de heran\u00e7a e a outros direitos previstos no Codex Civil.<\/p>\n\n\n\n<h3 class=\"wp-block-heading\" id=\"h-uniao-estavel-x-contrato-de-namoro\"><span id=\"uniao-estavel-x-contrato-de-namoro\">Uni\u00e3o est\u00e1vel x contrato de namoro<\/span><\/h3>\n\n\n\n<p>Importante n\u00e3o confundir uni\u00e3o est\u00e1vel com contrato de namoro. S\u00e3o institutos diferentes.<\/p>\n\n\n\n<p>O Brasil tem experimentado, nos \u00faltimos anos, um aumento significativo na ado\u00e7\u00e3o do <strong><mark style=\"background-color:rgba(0, 0, 0, 0)\" class=\"has-inline-color has-black-color\">contrato de namoro<\/mark><\/strong>. Isso aconteceu, principalmente, depois da revela\u00e7\u00e3o de sua utiliza\u00e7\u00e3o pelo casal Endrick, jogador da sele\u00e7\u00e3o brasileiro, e sua namorada, a influenciadora Gabriely Miranda.<\/p>\n\n\n\n<p>O contrato de namoro tem servido, principalmente, para formalizar que a rela\u00e7\u00e3o afetiva entre os namorados <strong>n\u00e3o tem por objetivo constituir fam\u00edlia<\/strong>, n\u00e3o tem por objetivo a uni\u00e3o est\u00e1vel. Por isso que a utiliza\u00e7\u00e3o desse instrumento tem sido uma alternativa ao contrato de uni\u00e3o est\u00e1vel.<\/p>\n\n\n\n<figure class=\"wp-block-pullquote\"><blockquote><p><\/p><cite><mark style=\"background-color:rgba(0, 0, 0, 0)\" class=\"has-inline-color has-black-color\"><em><em>O ponto diferenciador do namoro para a uni\u00e3o est\u00e1vel \u00e9 o objetivo de constituir fam\u00edlia atrav\u00e9s de uma conviv\u00eancia p\u00fablica, cont\u00ednua e duradoura<\/em><\/em>.<\/mark><\/cite><\/blockquote><\/figure>\n\n\n\n<p>Em resumo, o Superior Tribunal de Justi\u00e7a acabou relativizando o requisito da publicidade na uni\u00e3o est\u00e1vel homoafetiva, com o fim de adequar o instituto ao contexto de viol\u00eancia e preconceito que se observa em nosso pa\u00eds.<\/p>\n\n\n\n<p>\u00d3timo tema para provas de <strong><a href=\"https:\/\/www.estrategiaconcursos.com.br\/assinaturas-ecj\/\" target=\"_blank\" >direito civil<\/a><\/strong>.<\/p>\n\n\n\n<hr class=\"wp-block-separator has-alpha-channel-opacity\"\/>\n\n\n\n<h2 class=\"wp-block-heading has-text-align-center\" id=\"h-quer-saber-quais-serao-os-proximos-concursos\"><span id=\"quer-saber-quais-serao-os-proximos-concursos\">Quer saber quais ser\u00e3o os pr\u00f3ximos concursos?<\/span><\/h2>\n\n\n\n<pre class=\"wp-block-verse has-text-align-center\">Confira nossos\u00a0<a href=\"https:\/\/cj.estrategia.com\/portal\/\" target=\"_blank\" >artigos para Carreiras Jur\u00eddicas<\/a>!<\/pre>\n\n\n\n<p class=\"has-text-align-center has-white-color has-pale-cyan-blue-background-color has-text-color has-background has-link-color wp-elements-723b3278bf14a50a5e7b7e937b9a17d4\"><a href=\"https:\/\/cj.estrategia.com\/portal\/concursos-abertos-carreiras-juridicas\/\">Concursos jur\u00eddicos abertos<\/a><\/p>\n\n\n\n<p class=\"has-text-align-center has-white-color has-pale-cyan-blue-background-color has-text-color has-background has-link-color wp-elements-40ad3d7ec78964f952f98b37771caa34\"><a href=\"https:\/\/cj.estrategia.com\/portal\/concursos-juridicos-2025\/\">Concursos jur\u00eddicos 2025<\/a><\/p>\n","protected":false},"excerpt":{"rendered":"* Thiago de Paula Leite \u00e9 procurador do Estado de S\u00e3o Paulo e professor de direito ambiental e&hellip;\n","protected":false},"author":81,"featured_media":169252,"comment_status":"open","ping_status":"open","sticky":false,"template":"","format":"standard","meta":{"_jetpack_memberships_contains_paid_content":false,"footnotes":""},"categories":[1],"tags":[336,164,507,1618,3599,1660,132,1588,2719,1940,202,163],"tax_estado":[39],"class_list":{"0":"post-169241","1":"post","2":"type-post","3":"status-publish","4":"format-standard","5":"has-post-thumbnail","7":"category-carreiras-juridicas","8":"tag-analise-juridica","9":"tag-codigo-civil","10":"tag-dignidade-da-pessoa-humana","11":"tag-direito-civil","12":"tag-doutrina","13":"tag-inviolabilidade-da-intimidade-e-da-vida-privada","14":"tag-jurisprudencia","15":"tag-liberdade-individual","16":"tag-publicidade","17":"tag-relacionamento-homoafetivo","18":"tag-stj","19":"tag-uniao-estavel","20":"tax_estado-go"},"acf":[],"yoast_head":"<!-- This site is optimized with the Yoast SEO Premium plugin v27.5 (Yoast SEO v27.5) - https:\/\/yoast.com\/product\/yoast-seo-premium-wordpress\/ -->\n<title>Publicidade no reconhecimento de uni\u00e3o est\u00e1vel homoafetiva<\/title>\n<meta name=\"description\" content=\"O STJ reconheceu uni\u00e3o est\u00e1vel homoafetiva post mortem\u00a0e relativizando a publicidade em virtude de um contexto social discriminat\u00f3rio.\" \/>\n<meta name=\"robots\" content=\"index, follow, max-snippet:-1, max-image-preview:large, max-video-preview:-1\" \/>\n<link rel=\"canonical\" href=\"https:\/\/cj.estrategia.com\/portal\/publicidade-reconhecimento-uniao-estavel-homoafetiva\/\" \/>\n<meta property=\"og:locale\" content=\"pt_BR\" \/>\n<meta property=\"og:type\" content=\"article\" \/>\n<meta property=\"og:title\" content=\"Publicidade no reconhecimento de uni\u00e3o est\u00e1vel homoafetiva\" \/>\n<meta property=\"og:description\" content=\"O STJ reconheceu uni\u00e3o est\u00e1vel homoafetiva post mortem\u00a0e relativizando a publicidade em virtude de um contexto social discriminat\u00f3rio.\" \/>\n<meta property=\"og:url\" content=\"https:\/\/cj.estrategia.com\/portal\/publicidade-reconhecimento-uniao-estavel-homoafetiva\/\" \/>\n<meta property=\"og:site_name\" content=\"Blog - Carreiras Jur\u00eddicas - Estrat\u00e9gia\" \/>\n<meta property=\"article:publisher\" content=\"https:\/\/www.facebook.com\/estrategiacarreirajuridica\/\" \/>\n<meta property=\"article:published_time\" content=\"2025-12-16T23:36:12+00:00\" \/>\n<meta property=\"article:modified_time\" content=\"2025-12-26T21:32:26+00:00\" \/>\n<meta property=\"og:image\" content=\"https:\/\/cj.estrategia.com\/portal\/wp-content\/uploads\/2025\/12\/16195936\/uniao_homoafetiva-lgbtqia.jpg\" \/>\n\t<meta property=\"og:image:width\" content=\"814\" \/>\n\t<meta property=\"og:image:height\" content=\"542\" \/>\n\t<meta property=\"og:image:type\" content=\"image\/jpeg\" \/>\n<meta name=\"author\" content=\"Thiago Leite\" \/>\n<meta name=\"twitter:card\" content=\"summary_large_image\" \/>\n<meta name=\"twitter:creator\" content=\"@EstratJuridica\" \/>\n<meta name=\"twitter:site\" content=\"@EstratJuridica\" \/>\n<meta name=\"twitter:label1\" content=\"Escrito por\" \/>\n\t<meta name=\"twitter:data1\" content=\"Thiago Leite\" \/>\n\t<meta name=\"twitter:label2\" content=\"Est. tempo de leitura\" \/>\n\t<meta name=\"twitter:data2\" content=\"7 minutos\" \/>\n<script type=\"application\/ld+json\" class=\"yoast-schema-graph\">{\"@context\":\"https:\\\/\\\/schema.org\",\"@graph\":[{\"@type\":\"NewsArticle\",\"@id\":\"https:\\\/\\\/cj.estrategia.com\\\/portal\\\/publicidade-reconhecimento-uniao-estavel-homoafetiva\\\/#article\",\"isPartOf\":{\"@id\":\"https:\\\/\\\/cj.estrategia.com\\\/portal\\\/publicidade-reconhecimento-uniao-estavel-homoafetiva\\\/\"},\"author\":{\"name\":\"Thiago Leite\",\"@id\":\"https:\\\/\\\/cj.estrategia.com\\\/portal\\\/#\\\/schema\\\/person\\\/7d7d2b1c8386e2eeacc0b09cfbc1d0ff\"},\"headline\":\"Publicidade no reconhecimento de uni\u00e3o est\u00e1vel homoafetiva\",\"datePublished\":\"2025-12-16T23:36:12+00:00\",\"dateModified\":\"2025-12-26T21:32:26+00:00\",\"mainEntityOfPage\":{\"@id\":\"https:\\\/\\\/cj.estrategia.com\\\/portal\\\/publicidade-reconhecimento-uniao-estavel-homoafetiva\\\/\"},\"wordCount\":1313,\"commentCount\":0,\"publisher\":{\"@id\":\"https:\\\/\\\/cj.estrategia.com\\\/portal\\\/#organization\"},\"image\":{\"@id\":\"https:\\\/\\\/cj.estrategia.com\\\/portal\\\/publicidade-reconhecimento-uniao-estavel-homoafetiva\\\/#primaryimage\"},\"thumbnailUrl\":\"https:\\\/\\\/cj.estrategia.com\\\/portal\\\/wp-content\\\/uploads\\\/2025\\\/12\\\/16195936\\\/uniao_homoafetiva-lgbtqia.jpg\",\"keywords\":[\"an\u00e1lise jur\u00eddica\",\"c\u00f3digo civil\",\"dignidade da pessoa humana\",\"direito civil\",\"doutrina\",\"inviolabilidade da intimidade e da vida privada\",\"jurisprud\u00eancia\",\"liberdade individual\",\"publicidade\",\"relacionamento homoafetivo\",\"STJ\",\"uni\u00e3o est\u00e1vel\"],\"articleSection\":[\"Carreiras Jur\u00eddicas\"],\"inLanguage\":\"pt-BR\",\"potentialAction\":[{\"@type\":\"CommentAction\",\"name\":\"Comment\",\"target\":[\"https:\\\/\\\/cj.estrategia.com\\\/portal\\\/publicidade-reconhecimento-uniao-estavel-homoafetiva\\\/#respond\"]}]},{\"@type\":\"WebPage\",\"@id\":\"https:\\\/\\\/cj.estrategia.com\\\/portal\\\/publicidade-reconhecimento-uniao-estavel-homoafetiva\\\/\",\"url\":\"https:\\\/\\\/cj.estrategia.com\\\/portal\\\/publicidade-reconhecimento-uniao-estavel-homoafetiva\\\/\",\"name\":\"Publicidade no reconhecimento de uni\u00e3o est\u00e1vel homoafetiva\",\"isPartOf\":{\"@id\":\"https:\\\/\\\/cj.estrategia.com\\\/portal\\\/#website\"},\"primaryImageOfPage\":{\"@id\":\"https:\\\/\\\/cj.estrategia.com\\\/portal\\\/publicidade-reconhecimento-uniao-estavel-homoafetiva\\\/#primaryimage\"},\"image\":{\"@id\":\"https:\\\/\\\/cj.estrategia.com\\\/portal\\\/publicidade-reconhecimento-uniao-estavel-homoafetiva\\\/#primaryimage\"},\"thumbnailUrl\":\"https:\\\/\\\/cj.estrategia.com\\\/portal\\\/wp-content\\\/uploads\\\/2025\\\/12\\\/16195936\\\/uniao_homoafetiva-lgbtqia.jpg\",\"datePublished\":\"2025-12-16T23:36:12+00:00\",\"dateModified\":\"2025-12-26T21:32:26+00:00\",\"description\":\"O STJ reconheceu uni\u00e3o est\u00e1vel homoafetiva post mortem\u00a0e relativizando a publicidade em virtude de um contexto social discriminat\u00f3rio.\",\"breadcrumb\":{\"@id\":\"https:\\\/\\\/cj.estrategia.com\\\/portal\\\/publicidade-reconhecimento-uniao-estavel-homoafetiva\\\/#breadcrumb\"},\"inLanguage\":\"pt-BR\",\"potentialAction\":[{\"@type\":\"ReadAction\",\"target\":[\"https:\\\/\\\/cj.estrategia.com\\\/portal\\\/publicidade-reconhecimento-uniao-estavel-homoafetiva\\\/\"]}]},{\"@type\":\"ImageObject\",\"inLanguage\":\"pt-BR\",\"@id\":\"https:\\\/\\\/cj.estrategia.com\\\/portal\\\/publicidade-reconhecimento-uniao-estavel-homoafetiva\\\/#primaryimage\",\"url\":\"https:\\\/\\\/cj.estrategia.com\\\/portal\\\/wp-content\\\/uploads\\\/2025\\\/12\\\/16195936\\\/uniao_homoafetiva-lgbtqia.jpg\",\"contentUrl\":\"https:\\\/\\\/cj.estrategia.com\\\/portal\\\/wp-content\\\/uploads\\\/2025\\\/12\\\/16195936\\\/uniao_homoafetiva-lgbtqia.jpg\",\"width\":814,\"height\":542},{\"@type\":\"BreadcrumbList\",\"@id\":\"https:\\\/\\\/cj.estrategia.com\\\/portal\\\/publicidade-reconhecimento-uniao-estavel-homoafetiva\\\/#breadcrumb\",\"itemListElement\":[{\"@type\":\"ListItem\",\"position\":1,\"name\":\"In\u00edcio\",\"item\":\"https:\\\/\\\/cj.estrategia.com\\\/portal\\\/\"},{\"@type\":\"ListItem\",\"position\":2,\"name\":\"Publicidade no reconhecimento de uni\u00e3o est\u00e1vel homoafetiva\"}]},{\"@type\":\"WebSite\",\"@id\":\"https:\\\/\\\/cj.estrategia.com\\\/portal\\\/#website\",\"url\":\"https:\\\/\\\/cj.estrategia.com\\\/portal\\\/\",\"name\":\"Blog - Carreiras Jur\u00eddicas - Estrat\u00e9gia\",\"description\":\"\",\"publisher\":{\"@id\":\"https:\\\/\\\/cj.estrategia.com\\\/portal\\\/#organization\"},\"potentialAction\":[{\"@type\":\"SearchAction\",\"target\":{\"@type\":\"EntryPoint\",\"urlTemplate\":\"https:\\\/\\\/cj.estrategia.com\\\/portal\\\/?s={search_term_string}\"},\"query-input\":{\"@type\":\"PropertyValueSpecification\",\"valueRequired\":true,\"valueName\":\"search_term_string\"}}],\"inLanguage\":\"pt-BR\"},{\"@type\":\"Organization\",\"@id\":\"https:\\\/\\\/cj.estrategia.com\\\/portal\\\/#organization\",\"name\":\"Estrat\u00e9gia - Carreiras Jur\u00eddicas\",\"url\":\"https:\\\/\\\/cj.estrategia.com\\\/portal\\\/\",\"logo\":{\"@type\":\"ImageObject\",\"inLanguage\":\"pt-BR\",\"@id\":\"https:\\\/\\\/cj.estrategia.com\\\/portal\\\/#\\\/schema\\\/logo\\\/image\\\/\",\"url\":\"https:\\\/\\\/cj.estrategia.com\\\/portal\\\/wp-content\\\/uploads\\\/2022\\\/03\\\/11151052\\\/cj-logo.png\",\"contentUrl\":\"https:\\\/\\\/cj.estrategia.com\\\/portal\\\/wp-content\\\/uploads\\\/2022\\\/03\\\/11151052\\\/cj-logo.png\",\"width\":150,\"height\":39,\"caption\":\"Estrat\u00e9gia - Carreiras Jur\u00eddicas\"},\"image\":{\"@id\":\"https:\\\/\\\/cj.estrategia.com\\\/portal\\\/#\\\/schema\\\/logo\\\/image\\\/\"},\"sameAs\":[\"https:\\\/\\\/www.facebook.com\\\/estrategiacarreirajuridica\\\/\",\"https:\\\/\\\/x.com\\\/EstratJuridica\",\"https:\\\/\\\/www.instagram.com\\\/estrategiacarreirajuridica\\\/\",\"https:\\\/\\\/www.youtube.com\\\/channel\\\/UClbMGuYbj2Mh1m3w144ETWQ\"]},{\"@type\":\"Person\",\"@id\":\"https:\\\/\\\/cj.estrategia.com\\\/portal\\\/#\\\/schema\\\/person\\\/7d7d2b1c8386e2eeacc0b09cfbc1d0ff\",\"name\":\"Thiago Leite\",\"image\":{\"@type\":\"ImageObject\",\"inLanguage\":\"pt-BR\",\"@id\":\"https:\\\/\\\/secure.gravatar.com\\\/avatar\\\/15ff5746ff9e313f1248fe2373ce03309054e96387bb9249055458d0c1aaa297?s=96&d=mm&r=g\",\"url\":\"https:\\\/\\\/secure.gravatar.com\\\/avatar\\\/15ff5746ff9e313f1248fe2373ce03309054e96387bb9249055458d0c1aaa297?s=96&d=mm&r=g\",\"contentUrl\":\"https:\\\/\\\/secure.gravatar.com\\\/avatar\\\/15ff5746ff9e313f1248fe2373ce03309054e96387bb9249055458d0c1aaa297?s=96&d=mm&r=g\",\"caption\":\"Thiago Leite\"},\"description\":\"Thiago de Paula Leite \u00e9 procurador do Estado de S\u00e3o Paulo e professor de direito ambiental e agr\u00e1rio do Estrat\u00e9gia.\",\"url\":\"https:\\\/\\\/cj.estrategia.com\\\/portal\\\/author\\\/thiago-leite\\\/\"}]}<\/script>\n<!-- \/ Yoast SEO Premium plugin. -->","yoast_head_json":{"title":"Publicidade no reconhecimento de uni\u00e3o est\u00e1vel homoafetiva","description":"O STJ reconheceu uni\u00e3o est\u00e1vel homoafetiva post mortem\u00a0e relativizando a publicidade em virtude de um contexto social discriminat\u00f3rio.","robots":{"index":"index","follow":"follow","max-snippet":"max-snippet:-1","max-image-preview":"max-image-preview:large","max-video-preview":"max-video-preview:-1"},"canonical":"https:\/\/cj.estrategia.com\/portal\/publicidade-reconhecimento-uniao-estavel-homoafetiva\/","og_locale":"pt_BR","og_type":"article","og_title":"Publicidade no reconhecimento de uni\u00e3o est\u00e1vel homoafetiva","og_description":"O STJ reconheceu uni\u00e3o est\u00e1vel homoafetiva post mortem\u00a0e relativizando a publicidade em virtude de um contexto social discriminat\u00f3rio.","og_url":"https:\/\/cj.estrategia.com\/portal\/publicidade-reconhecimento-uniao-estavel-homoafetiva\/","og_site_name":"Blog - Carreiras Jur\u00eddicas - Estrat\u00e9gia","article_publisher":"https:\/\/www.facebook.com\/estrategiacarreirajuridica\/","article_published_time":"2025-12-16T23:36:12+00:00","article_modified_time":"2025-12-26T21:32:26+00:00","og_image":[{"width":814,"height":542,"url":"https:\/\/cj.estrategia.com\/portal\/wp-content\/uploads\/2025\/12\/16195936\/uniao_homoafetiva-lgbtqia.jpg","type":"image\/jpeg"}],"author":"Thiago Leite","twitter_card":"summary_large_image","twitter_creator":"@EstratJuridica","twitter_site":"@EstratJuridica","twitter_misc":{"Escrito por":"Thiago Leite","Est. tempo de leitura":"7 minutos"},"schema":{"@context":"https:\/\/schema.org","@graph":[{"@type":"NewsArticle","@id":"https:\/\/cj.estrategia.com\/portal\/publicidade-reconhecimento-uniao-estavel-homoafetiva\/#article","isPartOf":{"@id":"https:\/\/cj.estrategia.com\/portal\/publicidade-reconhecimento-uniao-estavel-homoafetiva\/"},"author":{"name":"Thiago Leite","@id":"https:\/\/cj.estrategia.com\/portal\/#\/schema\/person\/7d7d2b1c8386e2eeacc0b09cfbc1d0ff"},"headline":"Publicidade no reconhecimento de uni\u00e3o est\u00e1vel homoafetiva","datePublished":"2025-12-16T23:36:12+00:00","dateModified":"2025-12-26T21:32:26+00:00","mainEntityOfPage":{"@id":"https:\/\/cj.estrategia.com\/portal\/publicidade-reconhecimento-uniao-estavel-homoafetiva\/"},"wordCount":1313,"commentCount":0,"publisher":{"@id":"https:\/\/cj.estrategia.com\/portal\/#organization"},"image":{"@id":"https:\/\/cj.estrategia.com\/portal\/publicidade-reconhecimento-uniao-estavel-homoafetiva\/#primaryimage"},"thumbnailUrl":"https:\/\/cj.estrategia.com\/portal\/wp-content\/uploads\/2025\/12\/16195936\/uniao_homoafetiva-lgbtqia.jpg","keywords":["an\u00e1lise jur\u00eddica","c\u00f3digo civil","dignidade da pessoa humana","direito civil","doutrina","inviolabilidade da intimidade e da vida privada","jurisprud\u00eancia","liberdade individual","publicidade","relacionamento homoafetivo","STJ","uni\u00e3o est\u00e1vel"],"articleSection":["Carreiras Jur\u00eddicas"],"inLanguage":"pt-BR","potentialAction":[{"@type":"CommentAction","name":"Comment","target":["https:\/\/cj.estrategia.com\/portal\/publicidade-reconhecimento-uniao-estavel-homoafetiva\/#respond"]}]},{"@type":"WebPage","@id":"https:\/\/cj.estrategia.com\/portal\/publicidade-reconhecimento-uniao-estavel-homoafetiva\/","url":"https:\/\/cj.estrategia.com\/portal\/publicidade-reconhecimento-uniao-estavel-homoafetiva\/","name":"Publicidade no reconhecimento de uni\u00e3o est\u00e1vel homoafetiva","isPartOf":{"@id":"https:\/\/cj.estrategia.com\/portal\/#website"},"primaryImageOfPage":{"@id":"https:\/\/cj.estrategia.com\/portal\/publicidade-reconhecimento-uniao-estavel-homoafetiva\/#primaryimage"},"image":{"@id":"https:\/\/cj.estrategia.com\/portal\/publicidade-reconhecimento-uniao-estavel-homoafetiva\/#primaryimage"},"thumbnailUrl":"https:\/\/cj.estrategia.com\/portal\/wp-content\/uploads\/2025\/12\/16195936\/uniao_homoafetiva-lgbtqia.jpg","datePublished":"2025-12-16T23:36:12+00:00","dateModified":"2025-12-26T21:32:26+00:00","description":"O STJ reconheceu uni\u00e3o est\u00e1vel homoafetiva post mortem\u00a0e relativizando a publicidade em virtude de um contexto social discriminat\u00f3rio.","breadcrumb":{"@id":"https:\/\/cj.estrategia.com\/portal\/publicidade-reconhecimento-uniao-estavel-homoafetiva\/#breadcrumb"},"inLanguage":"pt-BR","potentialAction":[{"@type":"ReadAction","target":["https:\/\/cj.estrategia.com\/portal\/publicidade-reconhecimento-uniao-estavel-homoafetiva\/"]}]},{"@type":"ImageObject","inLanguage":"pt-BR","@id":"https:\/\/cj.estrategia.com\/portal\/publicidade-reconhecimento-uniao-estavel-homoafetiva\/#primaryimage","url":"https:\/\/cj.estrategia.com\/portal\/wp-content\/uploads\/2025\/12\/16195936\/uniao_homoafetiva-lgbtqia.jpg","contentUrl":"https:\/\/cj.estrategia.com\/portal\/wp-content\/uploads\/2025\/12\/16195936\/uniao_homoafetiva-lgbtqia.jpg","width":814,"height":542},{"@type":"BreadcrumbList","@id":"https:\/\/cj.estrategia.com\/portal\/publicidade-reconhecimento-uniao-estavel-homoafetiva\/#breadcrumb","itemListElement":[{"@type":"ListItem","position":1,"name":"In\u00edcio","item":"https:\/\/cj.estrategia.com\/portal\/"},{"@type":"ListItem","position":2,"name":"Publicidade no reconhecimento de uni\u00e3o est\u00e1vel homoafetiva"}]},{"@type":"WebSite","@id":"https:\/\/cj.estrategia.com\/portal\/#website","url":"https:\/\/cj.estrategia.com\/portal\/","name":"Blog - Carreiras Jur\u00eddicas - Estrat\u00e9gia","description":"","publisher":{"@id":"https:\/\/cj.estrategia.com\/portal\/#organization"},"potentialAction":[{"@type":"SearchAction","target":{"@type":"EntryPoint","urlTemplate":"https:\/\/cj.estrategia.com\/portal\/?s={search_term_string}"},"query-input":{"@type":"PropertyValueSpecification","valueRequired":true,"valueName":"search_term_string"}}],"inLanguage":"pt-BR"},{"@type":"Organization","@id":"https:\/\/cj.estrategia.com\/portal\/#organization","name":"Estrat\u00e9gia - Carreiras Jur\u00eddicas","url":"https:\/\/cj.estrategia.com\/portal\/","logo":{"@type":"ImageObject","inLanguage":"pt-BR","@id":"https:\/\/cj.estrategia.com\/portal\/#\/schema\/logo\/image\/","url":"https:\/\/cj.estrategia.com\/portal\/wp-content\/uploads\/2022\/03\/11151052\/cj-logo.png","contentUrl":"https:\/\/cj.estrategia.com\/portal\/wp-content\/uploads\/2022\/03\/11151052\/cj-logo.png","width":150,"height":39,"caption":"Estrat\u00e9gia - Carreiras Jur\u00eddicas"},"image":{"@id":"https:\/\/cj.estrategia.com\/portal\/#\/schema\/logo\/image\/"},"sameAs":["https:\/\/www.facebook.com\/estrategiacarreirajuridica\/","https:\/\/x.com\/EstratJuridica","https:\/\/www.instagram.com\/estrategiacarreirajuridica\/","https:\/\/www.youtube.com\/channel\/UClbMGuYbj2Mh1m3w144ETWQ"]},{"@type":"Person","@id":"https:\/\/cj.estrategia.com\/portal\/#\/schema\/person\/7d7d2b1c8386e2eeacc0b09cfbc1d0ff","name":"Thiago Leite","image":{"@type":"ImageObject","inLanguage":"pt-BR","@id":"https:\/\/secure.gravatar.com\/avatar\/15ff5746ff9e313f1248fe2373ce03309054e96387bb9249055458d0c1aaa297?s=96&d=mm&r=g","url":"https:\/\/secure.gravatar.com\/avatar\/15ff5746ff9e313f1248fe2373ce03309054e96387bb9249055458d0c1aaa297?s=96&d=mm&r=g","contentUrl":"https:\/\/secure.gravatar.com\/avatar\/15ff5746ff9e313f1248fe2373ce03309054e96387bb9249055458d0c1aaa297?s=96&d=mm&r=g","caption":"Thiago Leite"},"description":"Thiago de Paula Leite \u00e9 procurador do Estado de S\u00e3o Paulo e professor de direito ambiental e agr\u00e1rio do Estrat\u00e9gia.","url":"https:\/\/cj.estrategia.com\/portal\/author\/thiago-leite\/"}]}},"jetpack_featured_media_url":"https:\/\/cj.estrategia.com\/portal\/wp-content\/uploads\/2025\/12\/16195936\/uniao_homoafetiva-lgbtqia.jpg","jetpack_sharing_enabled":true,"_links":{"self":[{"href":"https:\/\/cj.estrategia.com\/portal\/wp-json\/wp\/v2\/posts\/169241","targetHints":{"allow":["GET"]}}],"collection":[{"href":"https:\/\/cj.estrategia.com\/portal\/wp-json\/wp\/v2\/posts"}],"about":[{"href":"https:\/\/cj.estrategia.com\/portal\/wp-json\/wp\/v2\/types\/post"}],"author":[{"embeddable":true,"href":"https:\/\/cj.estrategia.com\/portal\/wp-json\/wp\/v2\/users\/81"}],"replies":[{"embeddable":true,"href":"https:\/\/cj.estrategia.com\/portal\/wp-json\/wp\/v2\/comments?post=169241"}],"version-history":[{"count":0,"href":"https:\/\/cj.estrategia.com\/portal\/wp-json\/wp\/v2\/posts\/169241\/revisions"}],"wp:featuredmedia":[{"embeddable":true,"href":"https:\/\/cj.estrategia.com\/portal\/wp-json\/wp\/v2\/media\/169252"}],"wp:attachment":[{"href":"https:\/\/cj.estrategia.com\/portal\/wp-json\/wp\/v2\/media?parent=169241"}],"wp:term":[{"taxonomy":"category","embeddable":true,"href":"https:\/\/cj.estrategia.com\/portal\/wp-json\/wp\/v2\/categories?post=169241"},{"taxonomy":"post_tag","embeddable":true,"href":"https:\/\/cj.estrategia.com\/portal\/wp-json\/wp\/v2\/tags?post=169241"},{"taxonomy":"tax_estado","embeddable":true,"href":"https:\/\/cj.estrategia.com\/portal\/wp-json\/wp\/v2\/tax_estado?post=169241"}],"curies":[{"name":"wp","href":"https:\/\/api.w.org\/{rel}","templated":true}]}}