{"id":168763,"date":"2025-12-14T21:29:36","date_gmt":"2025-12-15T00:29:36","guid":{"rendered":"https:\/\/cj.estrategia.com\/portal\/?p=168763"},"modified":"2025-12-26T16:27:02","modified_gmt":"2025-12-26T19:27:02","slug":"lei-estadual-animais-suporte-emocional-aviao","status":"publish","type":"post","link":"https:\/\/cj.estrategia.com\/portal\/lei-estadual-animais-suporte-emocional-aviao\/","title":{"rendered":"STF invalida lei sobre animal de suporte emocional em avi\u00e3o"},"content":{"rendered":"\n<p class=\"has-small-font-size\">* Thiago de Paula Leite \u00e9 procurador do Estado de S\u00e3o Paulo e professor de direito ambiental e agr\u00e1rio do Estrat\u00e9gia.<\/p>\n\n\n\n<h2 class=\"wp-block-heading\" id=\"h-decisao-do-stf\"><span id=\"decisao-do-stf\">Decis\u00e3o do STF<\/span><\/h2>\n\n\n\n<p>O Supremo Tribunal Federal, por meio do seu Plen\u00e1rio, invalidou uma lei do Estado do Rio de Janeiro que prev\u00ea o transporte gratuito de animais de suporte emocional e de servi\u00e7o na cabine das aeronaves em rotas nacionais que tenham como origem ou destino o estado.<\/p>\n\n\n\n<p>A decis\u00e3o foi tomada no bojo da A\u00e7\u00e3o Direta de Inconstitucionalidade ADI 7754, apresentada pela Confedera\u00e7\u00e3o Nacional do Transporte (CNT).\u202f<\/p>\n\n\n\n<p>O colegiado entendeu que, apesar dos bons prop\u00f3sitos, ela oferece prote\u00e7\u00e3o al\u00e9m das disposi\u00e7\u00f5es da regulamenta\u00e7\u00e3o federal sobre o tema.\u202f<\/p>\n\n\n\n<p>A Lei estadual n\u00ba 10.489\/2024, do Rio de Janeiro, disp\u00f5e sobre o transporte de animal de assist\u00eancia emocional e animal de servi\u00e7o nas cabines das aeronaves em voos operados no \u00e2mbito do Estado do Rio de Janeiro, visando assegurar esse direito.<\/p>\n\n\n\n<p>A lei entrou em vigor em 29\/11\/2024 e foi suspensa por liminar do ministro Andr\u00e9 Mendon\u00e7a tr\u00eas dias antes.<\/p>\n\n\n\n<h3 class=\"wp-block-heading\" id=\"h-conteudo-da-lei-estadual\"><span id=\"conteudo-da-lei-estadual\">Conte\u00fado da lei estadual<\/span><\/h3>\n\n\n\n<p><strong><mark style=\"background-color:rgba(0, 0, 0, 0)\" class=\"has-inline-color has-black-color\">Animais de assist\u00eancia emocional \u2192<\/mark><\/strong>&nbsp;S\u00e3o aqueles utilizados no controle e suporte de paciente psiqui\u00e1trico, conforme laudo m\u00e9dico psiquiatra. Dentre esses animais temos:<\/p>\n\n\n\n<ul class=\"wp-block-list\">\n<li><strong>C\u00e3es-guia;<\/strong><\/li>\n\n\n\n<li><strong>C\u00e3es-ouvintes;<\/strong><\/li>\n\n\n\n<li><strong>C\u00e3es de alerta; e <\/strong><\/li>\n\n\n\n<li><strong>C\u00e3es de servi\u00e7o.<\/strong><\/li>\n<\/ul>\n\n\n\n<p><strong><mark style=\"background-color:rgba(0, 0, 0, 0)\" class=\"has-inline-color has-black-color\">Abrang\u00eancia <strong>\u2192<\/strong><\/mark><\/strong>&nbsp;A lei aplica-se a todas as rotas operadas por companhias a\u00e9reas brasileiras em voos nacionais que tenham o Estado do Rio de Janeiro como origem ou destino. Em rotas internacionais, aplica-se de acordo com as regras do pa\u00eds de destino ou origem.<\/p>\n\n\n\n<p><strong><mark style=\"background-color:rgba(0, 0, 0, 0)\" class=\"has-inline-color has-black-color\">Limita\u00e7\u00f5es <strong>\u2192<\/strong><\/mark><\/strong>&nbsp;Cada passageiro pode levar apenas um animal de assist\u00eancia emocional. As companhias podem excluir animais que n\u00e3o possam ser facilmente acomodados, representem amea\u00e7a \u00e0 sa\u00fade ou seguran\u00e7a, causem interrup\u00e7\u00e3o do servi\u00e7o ou tenham entrada proibida em pa\u00eds estrangeiro. R\u00e9pteis, aranhas e roedores n\u00e3o s\u00e3o de aceita\u00e7\u00e3o obrigat\u00f3ria.<\/p>\n\n\n\n<p><strong><mark style=\"background-color:rgba(0, 0, 0, 0)\" class=\"has-inline-color has-black-color\">Custos <strong>\u2192<\/strong><\/mark><\/strong>&nbsp;Valores adicionais para o embarque n\u00e3o podem ser cobrados, exceto se o animal n\u00e3o puder ser acomodado debaixo ou \u00e0 frente do assento (devendo ser possibilitada a compra do assento ao lado), ou em voos <em>codeshare <\/em>ou <em>interline<\/em> se houver exig\u00eancia de cobran\u00e7a da companhia estrangeira.<\/p>\n\n\n\n<p><strong><mark style=\"background-color:rgba(0, 0, 0, 0)\" class=\"has-inline-color has-black-color\">Operacional <strong>\u2192<\/strong><\/mark><\/strong>&nbsp;As companhias podem limitar o n\u00famero de animais na cabine, respeitando o m\u00ednimo de 2 por voo, podendo exigir aviso pr\u00e9vio de 48 horas.<\/p>\n\n\n\n<h3 class=\"wp-block-heading\" id=\"h-o-que-alegou-a-parte-autora-da-adi\"><span id=\"o-que-alegou-a-parte-autora-da-adi\">O que alegou a parte autora da ADI?<\/span><\/h3>\n\n\n\n<p>A CNT alegou que a Lei estadual n\u00ba 10.489\/2024 invade a compet\u00eancia privativa da Uni\u00e3o para legislar sobre direito aeron\u00e1utico, transportes, as diretrizes da pol\u00edtica nacional de transportes e o regime de navega\u00e7\u00e3o a\u00e9rea.<\/p>\n\n\n\n<p>Segundo a Confedera\u00e7\u00e3o, a lei viola os seguintes dispositivos constitucionais:<\/p>\n\n\n\n<pre class=\"wp-block-preformatted\"><strong>Art. 22, incisos I, IX, X e XI (Compet\u00eancia privativa da Uni\u00e3o para legislar sobre direito aeron\u00e1utico, diretrizes da pol\u00edtica nacional de transportes, regime de navega\u00e7\u00e3o a\u00e9rea e transportes);<\/strong>\n\n<strong>Art. 21, incisos I, XII, al\u00ednea \u201cc\u201d, e XXI (Compet\u00eancia administrativa da Uni\u00e3o para manter rela\u00e7\u00f5es com estados estrangeiros, explorar servi\u00e7os de navega\u00e7\u00e3o a\u00e9rea e estabelecer diretrizes para o sistema nacional de via\u00e7\u00e3o).<\/strong>\n<\/pre>\n\n\n\n<ol class=\"wp-block-list\">\n<li><\/li>\n<\/ol>\n\n\n\n<ul class=\"wp-block-list\">\n<li><\/li>\n<\/ul>\n\n\n\n<p>A requerente defendeu ainda que a lei, ao impor a obrigatoriedade do transporte, pode gerar riscos para a seguran\u00e7a das opera\u00e7\u00f5es, a tripula\u00e7\u00e3o, os passageiros e os pr\u00f3prios animais. Argumentou que, devido \u00e0 complexidade do tema, deve ser conferida defer\u00eancia \u00e0 op\u00e7\u00e3o regulat\u00f3ria da ANAC (Ag\u00eancia Reguladora especializada).<\/p>\n\n\n\n<p>A CNT solicitou a concess\u00e3o de medida cautelar em car\u00e1ter liminar (dada a sua &#8220;EXCEPCIONAL URG\u00caNCIA&#8221;) para sustar os efeitos da lei, impedindo sua entrada em vigor, e, no m\u00e9rito, a declara\u00e7\u00e3o de inconstitucionalidade <em>in totum<\/em>&nbsp;da norma.<\/p>\n\n\n\n<h3 class=\"wp-block-heading\" id=\"h-fundamentos-do-voto\"><span id=\"fundamentos-do-voto\">Fundamentos do voto<\/span><\/h3>\n\n\n\n<p>O Ministro Andr\u00e9 Mendon\u00e7a, relator da ADI, votou pela proced\u00eancia da a\u00e7\u00e3o, e utilizou dos seguintes fundamentos:<\/p>\n\n\n\n<p><strong><mark style=\"background-color:rgba(0, 0, 0, 0)\" class=\"has-inline-color has-black-color\">1. Inconstitucionalidade formal <strong>\u2192<\/strong><\/mark><\/strong>&nbsp;O relator constatou que a lei estadual visa regular o servi\u00e7o de transporte a\u00e9reo nacional e internacional de passageiros, mat\u00e9ria cuja compet\u00eancia legislativa \u00e9 privativamente reservada \u00e0 Uni\u00e3o (Art. 22 da Constitui\u00e7\u00e3o). Portanto, o caso se enquadra na hip\u00f3tese de manifesta inconstitucionalidade formal.<\/p>\n\n\n\n<p><strong><mark style=\"background-color:rgba(0, 0, 0, 0)\" class=\"has-inline-color has-black-color\">2. Preval\u00eancia da regula\u00e7\u00e3o federal <strong>\u2192<\/strong><\/mark><\/strong>&nbsp;A Uni\u00e3o j\u00e1 regulamentou o setor a\u00e9reo atrav\u00e9s de diversas normas, incluindo o C\u00f3digo Brasileiro de Aeron\u00e1utica (Lei n\u00ba 7.565\/1986) e a Lei n\u00ba 11.182\/2005 (que criou a ANAC). A ANAC possui a compet\u00eancia de regular e fiscalizar os servi\u00e7os a\u00e9reos, a seguran\u00e7a da avia\u00e7\u00e3o civil e a movimenta\u00e7\u00e3o de passageiros.<\/p>\n\n\n\n<p><strong><mark style=\"background-color:rgba(0, 0, 0, 0)\" class=\"has-inline-color has-black-color\">3. Regulamenta\u00e7\u00e3o existente <strong>\u2192<\/strong><\/mark><\/strong>&nbsp;A ANAC j\u00e1 editou normas que tratam do transporte de animais (incluindo assist\u00eancia emocional e servi\u00e7o), como a Resolu\u00e7\u00e3o n\u00ba 280\/2013 e a Portaria n\u00ba 12.307\/2023.<\/p>\n\n\n\n<p><strong><mark style=\"background-color:rgba(0, 0, 0, 0)\" class=\"has-inline-color has-black-color\">4. Impactos negativos <strong>\u2192<\/strong><\/mark><\/strong>&nbsp;A conviv\u00eancia entre a regula\u00e7\u00e3o t\u00e9cnica da ANAC e a legisla\u00e7\u00e3o fluminense geraria inseguran\u00e7a jur\u00eddica e not\u00f3rios impactos negativos sobre o setor de transporte a\u00e9reo brasileiro. A legisla\u00e7\u00e3o estadual, por n\u00e3o observar crit\u00e9rios t\u00e9cnicos da ag\u00eancia reguladora, representa poss\u00edveis riscos \u00e0 seguran\u00e7a operacional das aeronaves.<\/p>\n\n\n\n<p><strong><mark style=\"background-color:rgba(0, 0, 0, 0)\" class=\"has-inline-color has-black-color\">5. Compet\u00eancia Enganosa <strong>\u2192<\/strong>&nbsp;<\/mark><\/strong>Embora a lei possa parecer tratar da prote\u00e7\u00e3o e integra\u00e7\u00e3o social de pessoas com defici\u00eancia (compet\u00eancia concorrente &#8211; Art. 24, XIV), ela, na verdade, disp\u00f5e sobre direito aeron\u00e1utico e transportes, que \u00e9 compet\u00eancia exclusiva da Uni\u00e3o.<\/p>\n\n\n\n<h4 class=\"wp-block-heading\" id=\"h-conceitos-e-limitacoes\"><span id=\"conceitos-e-limitacoes\">Conceitos e limita\u00e7\u00f5es<\/span><\/h4>\n\n\n\n<p>O ministro Andr\u00e9 Mendon\u00e7a, relator da ADI, explicou que a lei estadual trabalha com conceitos distintos (e mais restritos) do que as propostas nas normas federais (na lei estadual o animal de assist\u00eancia emocional destina-se apenas a pacientes psiqui\u00e1tricos, que precisam de um laudo m\u00e9dico que ateste a necessidade, enquanto as regras da Ag\u00eancia Brasileira de Avia\u00e7\u00e3o Civil (Anac) tratam de c\u00e3o-guia e c\u00e3o-guia de acompanhamento, categoria mais abrangente que se enquadra em qualquer situa\u00e7\u00e3o de assist\u00eancia especial).\u202f<\/p>\n\n\n\n<div class=\"wp-block-media-text is-stacked-on-mobile\" style=\"grid-template-columns:28% auto\"><figure class=\"wp-block-media-text__media\"><img decoding=\"async\" width=\"1000\" height=\"1000\" src=\"https:\/\/cj.estrategia.com\/portal\/wp-content\/uploads\/2025\/10\/23221305\/fala-comentario-relato-discussao-discurso-conversa-decisao.jpg\" alt=\"suporte emocional\" class=\"wp-image-159025 size-full\" srcset=\"https:\/\/cj.estrategia.com\/portal\/wp-content\/uploads\/2025\/10\/23221305\/fala-comentario-relato-discussao-discurso-conversa-decisao.jpg 1000w, https:\/\/cj.estrategia.com\/portal\/wp-content\/uploads\/2025\/10\/23221305\/fala-comentario-relato-discussao-discurso-conversa-decisao-300x300.jpg 300w, https:\/\/cj.estrategia.com\/portal\/wp-content\/uploads\/2025\/10\/23221305\/fala-comentario-relato-discussao-discurso-conversa-decisao-150x150.jpg 150w, https:\/\/cj.estrategia.com\/portal\/wp-content\/uploads\/2025\/10\/23221305\/fala-comentario-relato-discussao-discurso-conversa-decisao-768x768.jpg 768w, https:\/\/cj.estrategia.com\/portal\/wp-content\/uploads\/2025\/10\/23221305\/fala-comentario-relato-discussao-discurso-conversa-decisao-80x80.jpg 80w, https:\/\/cj.estrategia.com\/portal\/wp-content\/uploads\/2025\/10\/23221305\/fala-comentario-relato-discussao-discurso-conversa-decisao-380x380.jpg 380w, https:\/\/cj.estrategia.com\/portal\/wp-content\/uploads\/2025\/10\/23221305\/fala-comentario-relato-discussao-discurso-conversa-decisao-800x800.jpg 800w, https:\/\/cj.estrategia.com\/portal\/wp-content\/uploads\/2025\/10\/23221305\/fala-comentario-relato-discussao-discurso-conversa-decisao-24x24.jpg 24w, https:\/\/cj.estrategia.com\/portal\/wp-content\/uploads\/2025\/10\/23221305\/fala-comentario-relato-discussao-discurso-conversa-decisao-48x48.jpg 48w, https:\/\/cj.estrategia.com\/portal\/wp-content\/uploads\/2025\/10\/23221305\/fala-comentario-relato-discussao-discurso-conversa-decisao-96x96.jpg 96w\" sizes=\"(max-width: 1000px) 100vw, 1000px\" \/><\/figure><div class=\"wp-block-media-text__content\">\n<p>Ainda segundo o relator, a lei estadual prev\u00ea disposi\u00e7\u00f5es amplas e indeterminadas para que a empresa a\u00e9rea recuse o transporte do animal, inclusive motivos operacionais. Isso aumenta o risco de inseguran\u00e7a e de casu\u00edsmo (as normas federais, por outro lado, t\u00eam par\u00e2metros objetivos, relacionados principalmente \u00e0 identifica\u00e7\u00e3o do animal).\u202f<\/p>\n<\/div><\/div>\n\n\n\n<p>\u202fMendon\u00e7a assinalou, tamb\u00e9m, que a lei estadual permite a cobran\u00e7a em determinados casos, enquanto as normas federais n\u00e3o permitem em nenhuma hip\u00f3tese.\u202f\u202f<\/p>\n\n\n\n<p>Outro ponto destacado diz respeito ao n\u00famero de animais: a lei fluminense estabelece apenas o m\u00ednimo de dois animais por voo, permitindo, na pr\u00e1tica, a limita\u00e7\u00f5es a partir desse n\u00famero. As regras federais, por outro lado, n\u00e3o preveem quantidade m\u00ednima ou m\u00e1xima de animais.<\/p>\n\n\n\n<h4 class=\"wp-block-heading\" id=\"h-competencia\"><span id=\"competencia\">Compet\u00eancia<\/span><\/h4>\n\n\n\n<figure class=\"wp-block-pullquote\"><blockquote><p><\/p><cite><mark style=\"background-color:rgba(0, 0, 0, 0)\" class=\"has-inline-color has-black-color\">Importante ressaltar que Mendon\u00e7a, relator da a\u00e7\u00e3o, foi vencido no ponto em que considerava que a lei estadual teria invadido a compet\u00eancia da Uni\u00e3o para legislar sobre transportes.<\/mark><\/cite><\/blockquote><\/figure>\n\n\n\n<p>Prevaleceu o voto do ministro Alexandre de Moraes. Para ele, a norma n\u00e3o trata de transporte a\u00e9reo, mas de prote\u00e7\u00e3o e integra\u00e7\u00e3o social das pessoas com defici\u00eancia, tema de compet\u00eancia concorrente dos estados e da Uni\u00e3o.<\/p>\n\n\n\n<p>Do ponto de vista material, no entanto, o ministro Alexandre seguiu o relator, por entender que a lei estadual, ao inv\u00e9s de ampliar a acessibilidade, acabou por limitar direitos protetivos das pessoas com defici\u00eancia.<\/p>\n\n\n\n<h2 class=\"wp-block-heading\" id=\"h-animais-de-suporte-emocional\"><span id=\"animais-de-suporte-emocional\">Animais de suporte emocional<\/span><\/h2>\n\n\n\n<p>Erika Zanoni, m\u00e9dica veterin\u00e1ria especializada em direito dos animais, esclarece que os animais de suporte emocional s\u00e3o aqueles que auxiliam pessoas com transtornos mentais. Eles precisam ser d\u00f3ceis, de comportamento previs\u00edvel e que n\u00e3o incomodem ou ameacem outras pessoas.<\/p>\n\n\n\n<p>A Ag\u00eancia Nacional de Avia\u00e7\u00e3o Civil (ANAC) publicou, em agosto de 2023, a Portaria n\u00ba 12.307, que estabelece regras para o transporte a\u00e9reo de animais de estima\u00e7\u00e3o e de apoio emocional em voos dom\u00e9sticos e internacionais. O objetivo \u00e9 reunir os regramentos num s\u00f3 dispositivo e tornar mais claras, para os consumidores, as condi\u00e7\u00f5es e obriga\u00e7\u00f5es que as companhias a\u00e9reas devem seguir ao oferecer esse tipo de servi\u00e7o. &nbsp;&nbsp;<\/p>\n\n\n\n<pre class=\"wp-block-preformatted\">Segundo o artigo 2\u00ba, I, da portaria, considera-se animal de assist\u00eancia emocional \u201c<strong><em><strong><em><mark style=\"background-color:rgba(0, 0, 0, 0)\" class=\"has-inline-color has-black-color\">o animal de companhia, isento de agressividade, que ajuda um indiv\u00edduo a lidar com aspectos associados \u00e0s condi\u00e7\u00f5es de sa\u00fade emocional e mental, proporcionando conforto com sua presen\u00e7a<\/mark><\/em><\/strong><\/em><\/strong>\u201d.<\/pre>\n\n\n\n<p>Ainda segundo a portaria, o transporte tanto de animais de estima\u00e7\u00e3o como de suporte emocional na cabine de passageiros seria uma <strong><span style=\"text-decoration: underline;\">mera liberalidade<\/span><\/strong>&nbsp;da companhia a\u00e9rea, que poderia cobrar pelo servi\u00e7o, restringi-lo ou mesmo neg\u00e1-lo. Vejamos:<\/p>\n\n\n\n<pre class=\"wp-block-preformatted\"><em>Portaria ANAC 12.307\/2023<\/em><br><br><em>Art. 3\u00ba O transportador a\u00e9reo <\/em><strong><mark style=\"background-color:rgba(0, 0, 0, 0)\" class=\"has-inline-color has-black-color\"><em><strong>poder\u00e1<\/strong><\/em><\/mark><\/strong><em><mark style=\"background-color:rgba(0, 0, 0, 0)\" class=\"has-inline-color has-black-color\">&nbsp;<\/mark>ofertar o servi\u00e7o de transporte de animal de estima\u00e7\u00e3o ou de assist\u00eancia emocional na cabine de passageiros ou despachado no compartimento de bagagem e carga da aeronave, nos termos do contrato de transporte.<\/em><br><br><em>...<\/em><br><br><em>Art. 5\u00ba O transportador a\u00e9reo <\/em><strong><em><strong><mark style=\"background-color:rgba(0, 0, 0, 0)\" class=\"has-inline-color has-black-color\">poder\u00e1 determinar o pre\u00e7o<\/mark><\/strong><\/em><\/strong><em>&nbsp;a ser pago por seus servi\u00e7os de transporte de animais de estima\u00e7\u00e3o ou de assist\u00eancia emocional.<\/em><br><br><em>...<\/em><br><br><em><mark style=\"background-color:rgba(0, 0, 0, 0)\" class=\"has-inline-color has-black-color\">Art. 7\u00ba Mesmo nos casos em que \u00e9 oferecido o servi\u00e7o de que trata o art. 3\u00ba, o transportador a\u00e9reo <\/mark><\/em><strong><mark style=\"background-color:rgba(0, 0, 0, 0)\" class=\"has-inline-color has-black-color\"><em><strong>poder\u00e1 restringir a quantidade ou negar o transporte de animal de estima\u00e7\u00e3o ou de assist\u00eancia emocional por motivo de capacidade da aeronave, incompatibilidade com o espa\u00e7o dispon\u00edvel na cabine da aeronave ou capacidade de atendimento da tripula\u00e7\u00e3o da cabine nas situa\u00e7\u00f5es de emerg\u00eancia ou nos casos em que haja risco \u00e0 seguran\u00e7a das opera\u00e7\u00f5es a\u00e9reas.<\/strong><\/em><\/mark><\/strong><\/pre>\n\n\n\n<p>Portanto, o transporte desses animais de suporte emocional n\u00e3o \u00e9 um direito garantido ao passageiro, mas uma op\u00e7\u00e3o concedida \u00e0 crit\u00e9rio da companhia a\u00e9rea. Os motivos para a recursa s\u00e3o:&nbsp;<\/p>\n\n\n\n<ul class=\"wp-block-list\">\n<li><strong>Capacidade da aeronave; <\/strong><\/li>\n\n\n\n<li><strong>Incompatibilidade com o espa\u00e7o dispon\u00edvel na cabine da aeronave; <\/strong><\/li>\n\n\n\n<li><strong>Capacidade de atendimento da tripula\u00e7\u00e3o da cabine nas situa\u00e7\u00f5es de emerg\u00eancia;<\/strong><\/li>\n\n\n\n<li><strong>Risco \u00e0 seguran\u00e7a das opera\u00e7\u00f5es a\u00e9reas.<\/strong><\/li>\n<\/ul>\n\n\n\n<h3 class=\"wp-block-heading\" id=\"h-saude-do-paciente\"><span id=\"saude-do-paciente\">Sa\u00fade do paciente<\/span><\/h3>\n\n\n\n<p>H\u00e1 estudos comprovando que esses animais de suporte emocional podem contribuir para a melhoria da qualidade de vida de pacientes que sofrem com ansiedade, p\u00e2nico, TDHA, hiperatividade, ou que tenham determinada defici\u00eancia.<\/p>\n\n\n\n<p>Para a regulariza\u00e7\u00e3o do pet como animal de suporte emocional, o paciente precisa obter um laudo m\u00e9dico que ateste o transtorno mental e a necessidade do apoio emocional proporcionado pelo pet. Assim, o animal, que dever\u00e1 ser identificado com coletes especializados para quando estiver em trabalho, poder\u00e1 ser cadastrado.<\/p>\n\n\n\n<p>\u00d3timo tema para provas de direito constitucional e <strong><a href=\"https:\/\/www.estrategiaconcursos.com.br\/assinaturas-ecj\/\" target=\"_blank\" >direito do consumidor<\/a><\/strong>.<\/p>\n\n\n\n<hr class=\"wp-block-separator has-alpha-channel-opacity\"\/>\n\n\n\n<h2 class=\"wp-block-heading has-text-align-center\" id=\"h-quer-saber-quais-serao-os-proximos-concursos\"><span id=\"quer-saber-quais-serao-os-proximos-concursos\">Quer saber quais ser\u00e3o os pr\u00f3ximos concursos?<\/span><\/h2>\n\n\n\n<pre class=\"wp-block-verse has-text-align-center\">Confira nossos&nbsp;<a href=\"https:\/\/cj.estrategia.com\/portal\/\" target=\"_blank\" >artigos para Carreiras Jur\u00eddicas<\/a>!<\/pre>\n\n\n\n<p class=\"has-text-align-center has-white-color has-pale-cyan-blue-background-color has-text-color has-background has-link-color wp-elements-723b3278bf14a50a5e7b7e937b9a17d4\"><a href=\"https:\/\/cj.estrategia.com\/portal\/concursos-abertos-carreiras-juridicas\/\">Concursos jur\u00eddicos abertos<\/a><\/p>\n\n\n\n<p class=\"has-text-align-center has-white-color has-pale-cyan-blue-background-color has-text-color has-background has-link-color wp-elements-7755ded7e3520d278ab698cf4da0a5e7\"><a href=\"https:\/\/cj.estrategia.com\/portal\/concursos-juridicos-2026\/\">Concursos jur\u00eddicos 2025<\/a><\/p>\n","protected":false},"excerpt":{"rendered":"* Thiago de Paula Leite \u00e9 procurador do Estado de S\u00e3o Paulo e professor de direito ambiental e&hellip;\n","protected":false},"author":81,"featured_media":168771,"comment_status":"open","ping_status":"open","sticky":false,"template":"","format":"standard","meta":{"_jetpack_memberships_contains_paid_content":false,"footnotes":""},"categories":[1],"tags":[3909,2535,217,3910,2076,610,145,3911,730,340,1885,870,134,2074],"tax_estado":[49],"class_list":{"0":"post-168763","1":"post","2":"type-post","3":"status-publish","4":"format-standard","5":"has-post-thumbnail","7":"category-carreiras-juridicas","8":"tag-adi-7754","9":"tag-agencia-nacional-de-aviacao-civil-anac","10":"tag-cachorro-em-aviao","11":"tag-cao-guia","12":"tag-companhias-aereas","13":"tag-competencia-da-uniao","14":"tag-competencia-legislativa","15":"tag-confederacao-nacional-do-transporte-cnt","16":"tag-direito-constitucional","17":"tag-direito-do-consumidor","18":"tag-pessoas-com-deficiencia-pcd","19":"tag-pets","20":"tag-stf","21":"tag-transporte-de-animais","22":"tax_estado-rj"},"acf":[],"yoast_head":"<!-- This site is optimized with the Yoast SEO Premium plugin v27.4 (Yoast SEO v27.4) - https:\/\/yoast.com\/product\/yoast-seo-premium-wordpress\/ -->\n<title>STF invalida lei sobre animal de suporte emocional em avi\u00e3o<\/title>\n<meta name=\"description\" content=\"Na ADI 7754, o STF invalidou lei sobre transporte de animais de suporte emocional e de servi\u00e7o na cabine das aeronaves em rotas nacionais.\" \/>\n<meta name=\"robots\" content=\"index, follow, max-snippet:-1, max-image-preview:large, max-video-preview:-1\" \/>\n<link rel=\"canonical\" href=\"https:\/\/cj.estrategia.com\/portal\/lei-estadual-animais-suporte-emocional-aviao\/\" \/>\n<meta property=\"og:locale\" content=\"pt_BR\" \/>\n<meta property=\"og:type\" content=\"article\" \/>\n<meta property=\"og:title\" content=\"STF invalida lei sobre animal de suporte emocional em avi\u00e3o\" \/>\n<meta property=\"og:description\" content=\"Na ADI 7754, o STF invalidou lei sobre transporte de animais de suporte emocional e de servi\u00e7o na cabine das aeronaves em rotas nacionais.\" \/>\n<meta property=\"og:url\" content=\"https:\/\/cj.estrategia.com\/portal\/lei-estadual-animais-suporte-emocional-aviao\/\" \/>\n<meta property=\"og:site_name\" content=\"Blog - Carreiras Jur\u00eddicas - Estrat\u00e9gia\" \/>\n<meta property=\"article:publisher\" content=\"https:\/\/www.facebook.com\/estrategiacarreirajuridica\/\" \/>\n<meta property=\"article:published_time\" content=\"2025-12-15T00:29:36+00:00\" \/>\n<meta property=\"article:modified_time\" content=\"2025-12-26T19:27:02+00:00\" \/>\n<meta property=\"og:image\" content=\"https:\/\/cj.estrategia.com\/portal\/wp-content\/uploads\/2025\/12\/14204426\/pet-aviao-viagem-cachorro-estimacao-gato-animal.png\" \/>\n\t<meta property=\"og:image:width\" content=\"1170\" \/>\n\t<meta property=\"og:image:height\" content=\"700\" \/>\n\t<meta property=\"og:image:type\" content=\"image\/png\" \/>\n<meta name=\"author\" content=\"Thiago Leite\" \/>\n<meta name=\"twitter:card\" content=\"summary_large_image\" \/>\n<meta name=\"twitter:creator\" content=\"@EstratJuridica\" \/>\n<meta name=\"twitter:site\" content=\"@EstratJuridica\" \/>\n<meta name=\"twitter:label1\" content=\"Escrito por\" \/>\n\t<meta name=\"twitter:data1\" content=\"Thiago Leite\" \/>\n\t<meta name=\"twitter:label2\" content=\"Est. tempo de leitura\" \/>\n\t<meta name=\"twitter:data2\" content=\"8 minutos\" \/>\n<script type=\"application\/ld+json\" class=\"yoast-schema-graph\">{\"@context\":\"https:\\\/\\\/schema.org\",\"@graph\":[{\"@type\":\"NewsArticle\",\"@id\":\"https:\\\/\\\/cj.estrategia.com\\\/portal\\\/lei-estadual-animais-suporte-emocional-aviao\\\/#article\",\"isPartOf\":{\"@id\":\"https:\\\/\\\/cj.estrategia.com\\\/portal\\\/lei-estadual-animais-suporte-emocional-aviao\\\/\"},\"author\":{\"name\":\"Thiago Leite\",\"@id\":\"https:\\\/\\\/cj.estrategia.com\\\/portal\\\/#\\\/schema\\\/person\\\/7d7d2b1c8386e2eeacc0b09cfbc1d0ff\"},\"headline\":\"STF invalida lei sobre animal de suporte emocional em avi\u00e3o\",\"datePublished\":\"2025-12-15T00:29:36+00:00\",\"dateModified\":\"2025-12-26T19:27:02+00:00\",\"mainEntityOfPage\":{\"@id\":\"https:\\\/\\\/cj.estrategia.com\\\/portal\\\/lei-estadual-animais-suporte-emocional-aviao\\\/\"},\"wordCount\":1554,\"commentCount\":0,\"publisher\":{\"@id\":\"https:\\\/\\\/cj.estrategia.com\\\/portal\\\/#organization\"},\"image\":{\"@id\":\"https:\\\/\\\/cj.estrategia.com\\\/portal\\\/lei-estadual-animais-suporte-emocional-aviao\\\/#primaryimage\"},\"thumbnailUrl\":\"https:\\\/\\\/cj.estrategia.com\\\/portal\\\/wp-content\\\/uploads\\\/2025\\\/12\\\/14204426\\\/pet-aviao-viagem-cachorro-estimacao-gato-animal.png\",\"keywords\":[\"ADI 7754\",\"Ag\u00eancia Nacional de Avia\u00e7\u00e3o Civil (Anac)\",\"cachorro em avi\u00e3o\",\"c\u00e3o-guia\",\"companhias a\u00e9reas\",\"compet\u00eancia da Uni\u00e3o\",\"compet\u00eancia legislativa\",\"Confedera\u00e7\u00e3o Nacional do Transporte (CNT)\",\"Direito Constitucional\",\"direito do consumidor\",\"pessoas com defici\u00eancia (PcD)\",\"pets\",\"STF\",\"transporte de animais\"],\"articleSection\":[\"Carreiras Jur\u00eddicas\"],\"inLanguage\":\"pt-BR\",\"potentialAction\":[{\"@type\":\"CommentAction\",\"name\":\"Comment\",\"target\":[\"https:\\\/\\\/cj.estrategia.com\\\/portal\\\/lei-estadual-animais-suporte-emocional-aviao\\\/#respond\"]}]},{\"@type\":\"WebPage\",\"@id\":\"https:\\\/\\\/cj.estrategia.com\\\/portal\\\/lei-estadual-animais-suporte-emocional-aviao\\\/\",\"url\":\"https:\\\/\\\/cj.estrategia.com\\\/portal\\\/lei-estadual-animais-suporte-emocional-aviao\\\/\",\"name\":\"STF invalida lei sobre animal de suporte emocional em avi\u00e3o\",\"isPartOf\":{\"@id\":\"https:\\\/\\\/cj.estrategia.com\\\/portal\\\/#website\"},\"primaryImageOfPage\":{\"@id\":\"https:\\\/\\\/cj.estrategia.com\\\/portal\\\/lei-estadual-animais-suporte-emocional-aviao\\\/#primaryimage\"},\"image\":{\"@id\":\"https:\\\/\\\/cj.estrategia.com\\\/portal\\\/lei-estadual-animais-suporte-emocional-aviao\\\/#primaryimage\"},\"thumbnailUrl\":\"https:\\\/\\\/cj.estrategia.com\\\/portal\\\/wp-content\\\/uploads\\\/2025\\\/12\\\/14204426\\\/pet-aviao-viagem-cachorro-estimacao-gato-animal.png\",\"datePublished\":\"2025-12-15T00:29:36+00:00\",\"dateModified\":\"2025-12-26T19:27:02+00:00\",\"description\":\"Na ADI 7754, o STF invalidou lei sobre transporte de animais de suporte emocional e de servi\u00e7o na cabine das aeronaves em rotas nacionais.\",\"breadcrumb\":{\"@id\":\"https:\\\/\\\/cj.estrategia.com\\\/portal\\\/lei-estadual-animais-suporte-emocional-aviao\\\/#breadcrumb\"},\"inLanguage\":\"pt-BR\",\"potentialAction\":[{\"@type\":\"ReadAction\",\"target\":[\"https:\\\/\\\/cj.estrategia.com\\\/portal\\\/lei-estadual-animais-suporte-emocional-aviao\\\/\"]}]},{\"@type\":\"ImageObject\",\"inLanguage\":\"pt-BR\",\"@id\":\"https:\\\/\\\/cj.estrategia.com\\\/portal\\\/lei-estadual-animais-suporte-emocional-aviao\\\/#primaryimage\",\"url\":\"https:\\\/\\\/cj.estrategia.com\\\/portal\\\/wp-content\\\/uploads\\\/2025\\\/12\\\/14204426\\\/pet-aviao-viagem-cachorro-estimacao-gato-animal.png\",\"contentUrl\":\"https:\\\/\\\/cj.estrategia.com\\\/portal\\\/wp-content\\\/uploads\\\/2025\\\/12\\\/14204426\\\/pet-aviao-viagem-cachorro-estimacao-gato-animal.png\",\"width\":1170,\"height\":700,\"caption\":\"Foto: F\u00e1bio Rodrigues Pozzebom\\\/Ag\u00eancia Brasil\"},{\"@type\":\"BreadcrumbList\",\"@id\":\"https:\\\/\\\/cj.estrategia.com\\\/portal\\\/lei-estadual-animais-suporte-emocional-aviao\\\/#breadcrumb\",\"itemListElement\":[{\"@type\":\"ListItem\",\"position\":1,\"name\":\"In\u00edcio\",\"item\":\"https:\\\/\\\/cj.estrategia.com\\\/portal\\\/\"},{\"@type\":\"ListItem\",\"position\":2,\"name\":\"STF invalida lei sobre animal de suporte emocional em avi\u00e3o\"}]},{\"@type\":\"WebSite\",\"@id\":\"https:\\\/\\\/cj.estrategia.com\\\/portal\\\/#website\",\"url\":\"https:\\\/\\\/cj.estrategia.com\\\/portal\\\/\",\"name\":\"Blog - Carreiras Jur\u00eddicas - Estrat\u00e9gia\",\"description\":\"\",\"publisher\":{\"@id\":\"https:\\\/\\\/cj.estrategia.com\\\/portal\\\/#organization\"},\"potentialAction\":[{\"@type\":\"SearchAction\",\"target\":{\"@type\":\"EntryPoint\",\"urlTemplate\":\"https:\\\/\\\/cj.estrategia.com\\\/portal\\\/?s={search_term_string}\"},\"query-input\":{\"@type\":\"PropertyValueSpecification\",\"valueRequired\":true,\"valueName\":\"search_term_string\"}}],\"inLanguage\":\"pt-BR\"},{\"@type\":\"Organization\",\"@id\":\"https:\\\/\\\/cj.estrategia.com\\\/portal\\\/#organization\",\"name\":\"Estrat\u00e9gia - Carreiras Jur\u00eddicas\",\"url\":\"https:\\\/\\\/cj.estrategia.com\\\/portal\\\/\",\"logo\":{\"@type\":\"ImageObject\",\"inLanguage\":\"pt-BR\",\"@id\":\"https:\\\/\\\/cj.estrategia.com\\\/portal\\\/#\\\/schema\\\/logo\\\/image\\\/\",\"url\":\"https:\\\/\\\/cj.estrategia.com\\\/portal\\\/wp-content\\\/uploads\\\/2022\\\/03\\\/11151052\\\/cj-logo.png\",\"contentUrl\":\"https:\\\/\\\/cj.estrategia.com\\\/portal\\\/wp-content\\\/uploads\\\/2022\\\/03\\\/11151052\\\/cj-logo.png\",\"width\":150,\"height\":39,\"caption\":\"Estrat\u00e9gia - Carreiras Jur\u00eddicas\"},\"image\":{\"@id\":\"https:\\\/\\\/cj.estrategia.com\\\/portal\\\/#\\\/schema\\\/logo\\\/image\\\/\"},\"sameAs\":[\"https:\\\/\\\/www.facebook.com\\\/estrategiacarreirajuridica\\\/\",\"https:\\\/\\\/x.com\\\/EstratJuridica\",\"https:\\\/\\\/www.instagram.com\\\/estrategiacarreirajuridica\\\/\",\"https:\\\/\\\/www.youtube.com\\\/channel\\\/UClbMGuYbj2Mh1m3w144ETWQ\"]},{\"@type\":\"Person\",\"@id\":\"https:\\\/\\\/cj.estrategia.com\\\/portal\\\/#\\\/schema\\\/person\\\/7d7d2b1c8386e2eeacc0b09cfbc1d0ff\",\"name\":\"Thiago Leite\",\"image\":{\"@type\":\"ImageObject\",\"inLanguage\":\"pt-BR\",\"@id\":\"https:\\\/\\\/secure.gravatar.com\\\/avatar\\\/15ff5746ff9e313f1248fe2373ce03309054e96387bb9249055458d0c1aaa297?s=96&d=mm&r=g\",\"url\":\"https:\\\/\\\/secure.gravatar.com\\\/avatar\\\/15ff5746ff9e313f1248fe2373ce03309054e96387bb9249055458d0c1aaa297?s=96&d=mm&r=g\",\"contentUrl\":\"https:\\\/\\\/secure.gravatar.com\\\/avatar\\\/15ff5746ff9e313f1248fe2373ce03309054e96387bb9249055458d0c1aaa297?s=96&d=mm&r=g\",\"caption\":\"Thiago Leite\"},\"description\":\"Thiago de Paula Leite \u00e9 procurador do Estado de S\u00e3o Paulo e professor de direito ambiental e agr\u00e1rio do Estrat\u00e9gia.\",\"url\":\"https:\\\/\\\/cj.estrategia.com\\\/portal\\\/author\\\/thiago-leite\\\/\"}]}<\/script>\n<!-- \/ Yoast SEO Premium plugin. -->","yoast_head_json":{"title":"STF invalida lei sobre animal de suporte emocional em avi\u00e3o","description":"Na ADI 7754, o STF invalidou lei sobre transporte de animais de suporte emocional e de servi\u00e7o na cabine das aeronaves em rotas nacionais.","robots":{"index":"index","follow":"follow","max-snippet":"max-snippet:-1","max-image-preview":"max-image-preview:large","max-video-preview":"max-video-preview:-1"},"canonical":"https:\/\/cj.estrategia.com\/portal\/lei-estadual-animais-suporte-emocional-aviao\/","og_locale":"pt_BR","og_type":"article","og_title":"STF invalida lei sobre animal de suporte emocional em avi\u00e3o","og_description":"Na ADI 7754, o STF invalidou lei sobre transporte de animais de suporte emocional e de servi\u00e7o na cabine das aeronaves em rotas nacionais.","og_url":"https:\/\/cj.estrategia.com\/portal\/lei-estadual-animais-suporte-emocional-aviao\/","og_site_name":"Blog - Carreiras Jur\u00eddicas - Estrat\u00e9gia","article_publisher":"https:\/\/www.facebook.com\/estrategiacarreirajuridica\/","article_published_time":"2025-12-15T00:29:36+00:00","article_modified_time":"2025-12-26T19:27:02+00:00","og_image":[{"width":1170,"height":700,"url":"https:\/\/cj.estrategia.com\/portal\/wp-content\/uploads\/2025\/12\/14204426\/pet-aviao-viagem-cachorro-estimacao-gato-animal.png","type":"image\/png"}],"author":"Thiago Leite","twitter_card":"summary_large_image","twitter_creator":"@EstratJuridica","twitter_site":"@EstratJuridica","twitter_misc":{"Escrito por":"Thiago Leite","Est. tempo de leitura":"8 minutos"},"schema":{"@context":"https:\/\/schema.org","@graph":[{"@type":"NewsArticle","@id":"https:\/\/cj.estrategia.com\/portal\/lei-estadual-animais-suporte-emocional-aviao\/#article","isPartOf":{"@id":"https:\/\/cj.estrategia.com\/portal\/lei-estadual-animais-suporte-emocional-aviao\/"},"author":{"name":"Thiago Leite","@id":"https:\/\/cj.estrategia.com\/portal\/#\/schema\/person\/7d7d2b1c8386e2eeacc0b09cfbc1d0ff"},"headline":"STF invalida lei sobre animal de suporte emocional em avi\u00e3o","datePublished":"2025-12-15T00:29:36+00:00","dateModified":"2025-12-26T19:27:02+00:00","mainEntityOfPage":{"@id":"https:\/\/cj.estrategia.com\/portal\/lei-estadual-animais-suporte-emocional-aviao\/"},"wordCount":1554,"commentCount":0,"publisher":{"@id":"https:\/\/cj.estrategia.com\/portal\/#organization"},"image":{"@id":"https:\/\/cj.estrategia.com\/portal\/lei-estadual-animais-suporte-emocional-aviao\/#primaryimage"},"thumbnailUrl":"https:\/\/cj.estrategia.com\/portal\/wp-content\/uploads\/2025\/12\/14204426\/pet-aviao-viagem-cachorro-estimacao-gato-animal.png","keywords":["ADI 7754","Ag\u00eancia Nacional de Avia\u00e7\u00e3o Civil (Anac)","cachorro em avi\u00e3o","c\u00e3o-guia","companhias a\u00e9reas","compet\u00eancia da Uni\u00e3o","compet\u00eancia legislativa","Confedera\u00e7\u00e3o Nacional do Transporte (CNT)","Direito Constitucional","direito do consumidor","pessoas com defici\u00eancia (PcD)","pets","STF","transporte de animais"],"articleSection":["Carreiras Jur\u00eddicas"],"inLanguage":"pt-BR","potentialAction":[{"@type":"CommentAction","name":"Comment","target":["https:\/\/cj.estrategia.com\/portal\/lei-estadual-animais-suporte-emocional-aviao\/#respond"]}]},{"@type":"WebPage","@id":"https:\/\/cj.estrategia.com\/portal\/lei-estadual-animais-suporte-emocional-aviao\/","url":"https:\/\/cj.estrategia.com\/portal\/lei-estadual-animais-suporte-emocional-aviao\/","name":"STF invalida lei sobre animal de suporte emocional em avi\u00e3o","isPartOf":{"@id":"https:\/\/cj.estrategia.com\/portal\/#website"},"primaryImageOfPage":{"@id":"https:\/\/cj.estrategia.com\/portal\/lei-estadual-animais-suporte-emocional-aviao\/#primaryimage"},"image":{"@id":"https:\/\/cj.estrategia.com\/portal\/lei-estadual-animais-suporte-emocional-aviao\/#primaryimage"},"thumbnailUrl":"https:\/\/cj.estrategia.com\/portal\/wp-content\/uploads\/2025\/12\/14204426\/pet-aviao-viagem-cachorro-estimacao-gato-animal.png","datePublished":"2025-12-15T00:29:36+00:00","dateModified":"2025-12-26T19:27:02+00:00","description":"Na ADI 7754, o STF invalidou lei sobre transporte de animais de suporte emocional e de servi\u00e7o na cabine das aeronaves em rotas nacionais.","breadcrumb":{"@id":"https:\/\/cj.estrategia.com\/portal\/lei-estadual-animais-suporte-emocional-aviao\/#breadcrumb"},"inLanguage":"pt-BR","potentialAction":[{"@type":"ReadAction","target":["https:\/\/cj.estrategia.com\/portal\/lei-estadual-animais-suporte-emocional-aviao\/"]}]},{"@type":"ImageObject","inLanguage":"pt-BR","@id":"https:\/\/cj.estrategia.com\/portal\/lei-estadual-animais-suporte-emocional-aviao\/#primaryimage","url":"https:\/\/cj.estrategia.com\/portal\/wp-content\/uploads\/2025\/12\/14204426\/pet-aviao-viagem-cachorro-estimacao-gato-animal.png","contentUrl":"https:\/\/cj.estrategia.com\/portal\/wp-content\/uploads\/2025\/12\/14204426\/pet-aviao-viagem-cachorro-estimacao-gato-animal.png","width":1170,"height":700,"caption":"Foto: F\u00e1bio Rodrigues Pozzebom\/Ag\u00eancia Brasil"},{"@type":"BreadcrumbList","@id":"https:\/\/cj.estrategia.com\/portal\/lei-estadual-animais-suporte-emocional-aviao\/#breadcrumb","itemListElement":[{"@type":"ListItem","position":1,"name":"In\u00edcio","item":"https:\/\/cj.estrategia.com\/portal\/"},{"@type":"ListItem","position":2,"name":"STF invalida lei sobre animal de suporte emocional em avi\u00e3o"}]},{"@type":"WebSite","@id":"https:\/\/cj.estrategia.com\/portal\/#website","url":"https:\/\/cj.estrategia.com\/portal\/","name":"Blog - Carreiras Jur\u00eddicas - Estrat\u00e9gia","description":"","publisher":{"@id":"https:\/\/cj.estrategia.com\/portal\/#organization"},"potentialAction":[{"@type":"SearchAction","target":{"@type":"EntryPoint","urlTemplate":"https:\/\/cj.estrategia.com\/portal\/?s={search_term_string}"},"query-input":{"@type":"PropertyValueSpecification","valueRequired":true,"valueName":"search_term_string"}}],"inLanguage":"pt-BR"},{"@type":"Organization","@id":"https:\/\/cj.estrategia.com\/portal\/#organization","name":"Estrat\u00e9gia - Carreiras Jur\u00eddicas","url":"https:\/\/cj.estrategia.com\/portal\/","logo":{"@type":"ImageObject","inLanguage":"pt-BR","@id":"https:\/\/cj.estrategia.com\/portal\/#\/schema\/logo\/image\/","url":"https:\/\/cj.estrategia.com\/portal\/wp-content\/uploads\/2022\/03\/11151052\/cj-logo.png","contentUrl":"https:\/\/cj.estrategia.com\/portal\/wp-content\/uploads\/2022\/03\/11151052\/cj-logo.png","width":150,"height":39,"caption":"Estrat\u00e9gia - Carreiras Jur\u00eddicas"},"image":{"@id":"https:\/\/cj.estrategia.com\/portal\/#\/schema\/logo\/image\/"},"sameAs":["https:\/\/www.facebook.com\/estrategiacarreirajuridica\/","https:\/\/x.com\/EstratJuridica","https:\/\/www.instagram.com\/estrategiacarreirajuridica\/","https:\/\/www.youtube.com\/channel\/UClbMGuYbj2Mh1m3w144ETWQ"]},{"@type":"Person","@id":"https:\/\/cj.estrategia.com\/portal\/#\/schema\/person\/7d7d2b1c8386e2eeacc0b09cfbc1d0ff","name":"Thiago Leite","image":{"@type":"ImageObject","inLanguage":"pt-BR","@id":"https:\/\/secure.gravatar.com\/avatar\/15ff5746ff9e313f1248fe2373ce03309054e96387bb9249055458d0c1aaa297?s=96&d=mm&r=g","url":"https:\/\/secure.gravatar.com\/avatar\/15ff5746ff9e313f1248fe2373ce03309054e96387bb9249055458d0c1aaa297?s=96&d=mm&r=g","contentUrl":"https:\/\/secure.gravatar.com\/avatar\/15ff5746ff9e313f1248fe2373ce03309054e96387bb9249055458d0c1aaa297?s=96&d=mm&r=g","caption":"Thiago Leite"},"description":"Thiago de Paula Leite \u00e9 procurador do Estado de S\u00e3o Paulo e professor de direito ambiental e agr\u00e1rio do Estrat\u00e9gia.","url":"https:\/\/cj.estrategia.com\/portal\/author\/thiago-leite\/"}]}},"jetpack_featured_media_url":"https:\/\/cj.estrategia.com\/portal\/wp-content\/uploads\/2025\/12\/14204426\/pet-aviao-viagem-cachorro-estimacao-gato-animal.png","jetpack_sharing_enabled":true,"_links":{"self":[{"href":"https:\/\/cj.estrategia.com\/portal\/wp-json\/wp\/v2\/posts\/168763","targetHints":{"allow":["GET"]}}],"collection":[{"href":"https:\/\/cj.estrategia.com\/portal\/wp-json\/wp\/v2\/posts"}],"about":[{"href":"https:\/\/cj.estrategia.com\/portal\/wp-json\/wp\/v2\/types\/post"}],"author":[{"embeddable":true,"href":"https:\/\/cj.estrategia.com\/portal\/wp-json\/wp\/v2\/users\/81"}],"replies":[{"embeddable":true,"href":"https:\/\/cj.estrategia.com\/portal\/wp-json\/wp\/v2\/comments?post=168763"}],"version-history":[{"count":5,"href":"https:\/\/cj.estrategia.com\/portal\/wp-json\/wp\/v2\/posts\/168763\/revisions"}],"predecessor-version":[{"id":171626,"href":"https:\/\/cj.estrategia.com\/portal\/wp-json\/wp\/v2\/posts\/168763\/revisions\/171626"}],"wp:featuredmedia":[{"embeddable":true,"href":"https:\/\/cj.estrategia.com\/portal\/wp-json\/wp\/v2\/media\/168771"}],"wp:attachment":[{"href":"https:\/\/cj.estrategia.com\/portal\/wp-json\/wp\/v2\/media?parent=168763"}],"wp:term":[{"taxonomy":"category","embeddable":true,"href":"https:\/\/cj.estrategia.com\/portal\/wp-json\/wp\/v2\/categories?post=168763"},{"taxonomy":"post_tag","embeddable":true,"href":"https:\/\/cj.estrategia.com\/portal\/wp-json\/wp\/v2\/tags?post=168763"},{"taxonomy":"tax_estado","embeddable":true,"href":"https:\/\/cj.estrategia.com\/portal\/wp-json\/wp\/v2\/tax_estado?post=168763"}],"curies":[{"name":"wp","href":"https:\/\/api.w.org\/{rel}","templated":true}]}}