{"id":168343,"date":"2025-12-11T19:57:59","date_gmt":"2025-12-11T22:57:59","guid":{"rendered":"https:\/\/cj.estrategia.com\/portal\/?p=168343"},"modified":"2025-12-12T20:15:25","modified_gmt":"2025-12-12T23:15:25","slug":"dpe-sp-defensor-autorizado-novo-certame-e-anunciado-nas-redes-sociais-saiba-tudo","status":"publish","type":"post","link":"https:\/\/cj.estrategia.com\/portal\/dpe-sp-defensor-autorizado-novo-certame-e-anunciado-nas-redes-sociais-saiba-tudo\/","title":{"rendered":"DPE SP Defensor: autorizado, novo certame \u00e9 anunciado nas redes sociais!"},"content":{"rendered":"\n<p>A Defensoria P\u00fablica do Estado de S\u00e3o Paulo (DPE SP) divulgou nas redes sociais que o <strong>10\u00ba Concurso para ingresso na carreira de Defensoras e Defensores P\u00fablicos<\/strong> est\u00e1 oficialmente autorizado. <\/p>\n\n\n\n<p>A publica\u00e7\u00e3o foi feita pela Defensora P\u00fablica-Geral, Luciana Jord\u00e3o, e pela 1\u00aa Subdefensora P\u00fablica-Geral, Bruna Sim\u00f5es, em conjunto com o perfil oficial do \u00f3rg\u00e3o. Veja a postagem:<\/p>\n\n\n\n<figure class=\"wp-block-image size-full\"><img decoding=\"async\" width=\"857\" height=\"762\" src=\"https:\/\/cj.estrategia.com\/portal\/wp-content\/uploads\/2025\/12\/11195011\/Captura-de-tela-2025-12-11-192648.png\" alt=\"\" class=\"wp-image-168344\" srcset=\"https:\/\/cj.estrategia.com\/portal\/wp-content\/uploads\/2025\/12\/11195011\/Captura-de-tela-2025-12-11-192648.png 857w, https:\/\/cj.estrategia.com\/portal\/wp-content\/uploads\/2025\/12\/11195011\/Captura-de-tela-2025-12-11-192648-300x267.png 300w, https:\/\/cj.estrategia.com\/portal\/wp-content\/uploads\/2025\/12\/11195011\/Captura-de-tela-2025-12-11-192648-768x683.png 768w, https:\/\/cj.estrategia.com\/portal\/wp-content\/uploads\/2025\/12\/11195011\/Captura-de-tela-2025-12-11-192648-380x338.png 380w, https:\/\/cj.estrategia.com\/portal\/wp-content\/uploads\/2025\/12\/11195011\/Captura-de-tela-2025-12-11-192648-800x711.png 800w, https:\/\/cj.estrategia.com\/portal\/wp-content\/uploads\/2025\/12\/11195011\/Captura-de-tela-2025-12-11-192648-150x133.png 150w\" sizes=\"(max-width: 857px) 100vw, 857px\" \/><\/figure>\n\n\n\n<p>O an\u00fancio indica que mais informa\u00e7\u00f5es sobre o certame, como a comiss\u00e3o organizadora e a banca respons\u00e1vel, devem ser divulgadas em breve.<\/p>\n\n\n\n<h2 class=\"wp-block-heading\" id=\"h-regulamento-ja-foi-publicado\"><span id=\"regulamento-ja-foi-publicado\">Regulamento j\u00e1 foi publicado!<\/span><\/h2>\n\n\n\n<p>O <strong><a href=\"https:\/\/cj.estrategia.com\/portal\/wp-content\/uploads\/2025\/11\/05120914\/document-7.pdf\">regulamento<\/a> <\/strong>do certame j\u00e1 foi e a <strong>Assembleia Legislativa do Estado de S\u00e3o Paulo (ALESP) <\/strong>aprovou a<strong> cria\u00e7\u00e3o de 140 novos cargos na Defensoria P\u00fablica estadual<\/strong>, o que ampliou a estrutura do \u00f3rg\u00e3o<strong>.<\/strong> Confira o projeto de lei complementar:<\/p>\n\n\n\n<ul class=\"wp-block-list\">\n<li><\/li>\n<\/ul>\n\n\n\n<ul class=\"wp-block-list\">\n<li><a href=\"https:\/\/cj.estrategia.com\/portal\/wp-content\/uploads\/2025\/08\/29161410\/1000612511_1000755640_Propositura.pdf\" target=\"_blank\" >Projeto de Lei Complementar 20\/2025<\/a>.<\/li>\n<\/ul>\n\n\n\n<p>Al\u00e9m disso, a<strong> carreira teve um <a href=\"#h-remuneracao\">reajuste salarial<\/a> significativo.<\/strong> Portanto, a partir de agora, o <strong>aprovados receber\u00e3o a remunera\u00e7\u00e3o de R$ 29.716,00.<\/strong><\/p>\n\n\n\n<p>Para garantir uma implementa\u00e7\u00e3o organizada, o provimento dos novos cargos ser\u00e1 feito de forma escalonada ao longo de tr\u00eas anos, conforme detalhado a seguir.<\/p>\n\n\n\n<p><strong>Provimento escalonado com limite m\u00e1ximo por ano:<\/strong><\/p>\n\n\n\n<ul class=\"wp-block-list\">\n<li>2025: at\u00e9 50 cargos;<\/li>\n\n\n\n<li>2026: at\u00e9 50 cargos;<\/li>\n\n\n\n<li>2027: at\u00e9 40 cargos.<\/li>\n<\/ul>\n\n\n\n<p>O Projeto de Lei Complementar segue agora para san\u00e7\u00e3o do governador Tarc\u00edsio de Freitas e prev\u00ea a instala\u00e7\u00e3o de novas unidades e a amplia\u00e7\u00e3o do quadro de defensores e servidores, fortalecendo o atendimento jur\u00eddico gratuito a pessoas que comprovem incapacidade financeira.<\/p>\n\n\n\n<p class=\"has-text-align-center has-luminous-vivid-amber-to-luminous-vivid-orange-gradient-background has-background\"><strong>Saiba mais: <a href=\"https:\/\/cj.estrategia.com\/portal\/concurso-dpe-sp-defensor\/\" target=\"_blank\" >Concurso DPE SP Defensor<\/a><\/strong><\/p>\n\n\n\n<h2 class=\"wp-block-heading\" id=\"h-quer-saber-tudo-sobre-concursos-previstos-confira-nossos-artigos\"><span id=\"quer-saber-tudo-sobre-concursos-previstosconfira-nossos-artigos\">Quer saber tudo sobre concursos previstos?<br><strong>Confira nossos artigos!<\/strong><\/span><\/h2>\n\n\n\n<ul class=\"wp-block-list\">\n<li><a href=\"https:\/\/cj.estrategia.com\/portal\/concursos-abertos-carreiras-juridicas\/\" target=\"_blank\" >Concursos jur\u00eddicos abertos<\/a><\/li>\n<\/ul>\n\n\n\n<ul class=\"wp-block-list\">\n<li><a href=\"https:\/\/cj.estrategia.com\/portal\/concursos-2025-carreiras-juridicas\/\" target=\"_blank\" >Concursos jur\u00eddicos 2025<\/a><\/li>\n\n\n\n<li><a href=\"https:\/\/cj.estrategia.com\/portal\/concursos-defensorias\/\">Concursos defe<\/a><a href=\"https:\/\/cj.estrategia.com\/portal\/concursos-defensorias\/\" target=\"_blank\" >nsorias<\/a><\/li>\n<\/ul>\n\n\n\n<h2 class=\"wp-block-heading has-text-align-left\" id=\"CURSO\"><span id=\"cursos-e-assinaturas\">CURSOS E ASSINATURAS<\/span><\/h2>\n\n\n\n<p><\/p>\n\n\n\n<div class=\"container\" id=\"boxes\">\n  <div class=\"row\">\n\n    <div class=\"col-sm\">\n      <div class=\"banner-estrategia-concursos-juridicos\" id=\"box-assinatura\">\n        <h2 id=\"cursos-para-dpe-sp-defensor\" class=\"titulo-assinatura\"><span style=\"color: #ffffff; font-size: 23px; \">Cursos para DPE SP Defensor<\/span><\/h2>\n        <p class=\"subtitulo-assinatura\">Conhe\u00e7a os cursos<\/p>\n        <div class=\"box-botao\">\n          <a class=\"btn-assinatura-juridica\" target=\"_blank\" href=\"https:\/\/cj.estrategia.com\/curso\/dpe-sp-defensor-publico-pacote-teorico\/\" role=\"button\" rel=\"noopener noreferrer\">Conhe\u00e7a mais<\/a>\n        <\/div>\n      <\/div>\n      <p class=\"texto-auxiliar\">Prepare-se com o melhor material e com quem mais aprova em Concursos P\u00fablicos em todo o pa\u00eds. \n<\/p>\n    <\/div>\n\n  <\/div>\n<\/div>\n\n\n\n<p><\/p>\n\n\n\n<div class=\"wp-block-cover\" style=\"min-height:155px;aspect-ratio:unset;\"><img decoding=\"async\" width=\"1890\" height=\"351\" class=\"wp-block-cover__image-background wp-image-8669\" alt=\"Assinaturas Jur\u00eddicas\" src=\"https:\/\/cj.estrategia.com\/portal\/wp-content\/uploads\/2022\/06\/20151253\/concurso-carreiras-juridicas-assinatura-juridica.jpg\" style=\"object-position:78% 43%\" data-object-fit=\"cover\" data-object-position=\"78% 43%\" srcset=\"https:\/\/cj.estrategia.com\/portal\/wp-content\/uploads\/2022\/06\/20151253\/concurso-carreiras-juridicas-assinatura-juridica.jpg 1890w, https:\/\/cj.estrategia.com\/portal\/wp-content\/uploads\/2022\/06\/20151253\/concurso-carreiras-juridicas-assinatura-juridica-300x56.jpg 300w, https:\/\/cj.estrategia.com\/portal\/wp-content\/uploads\/2022\/06\/20151253\/concurso-carreiras-juridicas-assinatura-juridica-1024x190.jpg 1024w, https:\/\/cj.estrategia.com\/portal\/wp-content\/uploads\/2022\/06\/20151253\/concurso-carreiras-juridicas-assinatura-juridica-768x143.jpg 768w, https:\/\/cj.estrategia.com\/portal\/wp-content\/uploads\/2022\/06\/20151253\/concurso-carreiras-juridicas-assinatura-juridica-1536x285.jpg 1536w, https:\/\/cj.estrategia.com\/portal\/wp-content\/uploads\/2022\/06\/20151253\/concurso-carreiras-juridicas-assinatura-juridica-380x71.jpg 380w, https:\/\/cj.estrategia.com\/portal\/wp-content\/uploads\/2022\/06\/20151253\/concurso-carreiras-juridicas-assinatura-juridica-800x149.jpg 800w, https:\/\/cj.estrategia.com\/portal\/wp-content\/uploads\/2022\/06\/20151253\/concurso-carreiras-juridicas-assinatura-juridica-1160x215.jpg 1160w\" sizes=\"(max-width: 1890px) 100vw, 1890px\" \/><span aria-hidden=\"true\" class=\"wp-block-cover__background has-background-dim\"><\/span><div class=\"wp-block-cover__inner-container is-layout-flow wp-block-cover-is-layout-flow\">\n<h3 id=\"faca-a-sua-assinatura\" class=\"titulo-assinatura\"><span style=\"color: #ffffff;\">Fa\u00e7a a sua assinatura!<\/span><\/h3>\n<p class=\"subtitulo-assinatura\" style=\"display:block!important; line-height: 0;\"><span style=\"color: #ffffff;\">Escolha a sua \u00e1rea.<\/span><\/p>\n<a target=\"_blank\" href=\"https:\/\/www.estrategiaconcursos.com.br\/assinaturas-ecj\/\" rel=\"noopener\"><button style=\"border-radius: 10px; text-transform: capitalize;\">Acessar<\/button><\/a>\n<\/div><\/div>\n\n\n\n<p><\/p>\n","protected":false},"excerpt":{"rendered":"A Defensoria P\u00fablica do Estado de S\u00e3o Paulo (DPE SP) divulgou nas redes sociais que o 10\u00ba Concurso&hellip;\n","protected":false},"author":162,"featured_media":20804,"comment_status":"open","ping_status":"open","sticky":false,"template":"","format":"standard","meta":{"_jetpack_memberships_contains_paid_content":false,"footnotes":""},"categories":[27],"tags":[],"tax_estado":[56],"class_list":{"0":"post-168343","1":"post","2":"type-post","3":"status-publish","4":"format-standard","5":"has-post-thumbnail","7":"category-defensoria","8":"tax_estado-sp"},"acf":[],"yoast_head":"<!-- This site is optimized with the Yoast SEO Premium plugin v27.4 (Yoast SEO v27.4) - https:\/\/yoast.com\/product\/yoast-seo-premium-wordpress\/ -->\n<title>DPE SP Defensor: autorizado, novo certame \u00e9 anunciado nas redes sociais!<\/title>\n<meta name=\"description\" content=\"DPE SP Defensor: anunciada a autoriza\u00e7\u00e3o do 10\u00ba Concurso para Defensores P\u00fablicos. Confira todos os detalhes!\" \/>\n<meta name=\"robots\" content=\"index, follow, max-snippet:-1, max-image-preview:large, max-video-preview:-1\" \/>\n<link rel=\"canonical\" href=\"https:\/\/cj.estrategia.com\/portal\/dpe-sp-defensor-autorizado-novo-certame-e-anunciado-nas-redes-sociais-saiba-tudo\/\" \/>\n<meta property=\"og:locale\" content=\"pt_BR\" \/>\n<meta property=\"og:type\" content=\"article\" \/>\n<meta property=\"og:title\" content=\"DPE SP Defensor: autorizado, novo certame \u00e9 anunciado nas redes sociais!\" \/>\n<meta property=\"og:description\" content=\"DPE SP Defensor: anunciada a autoriza\u00e7\u00e3o do 10\u00ba Concurso para Defensores P\u00fablicos. Confira todos os detalhes!\" \/>\n<meta property=\"og:url\" content=\"https:\/\/cj.estrategia.com\/portal\/dpe-sp-defensor-autorizado-novo-certame-e-anunciado-nas-redes-sociais-saiba-tudo\/\" \/>\n<meta property=\"og:site_name\" content=\"Blog - Carreiras Jur\u00eddicas - Estrat\u00e9gia\" \/>\n<meta property=\"article:publisher\" content=\"https:\/\/www.facebook.com\/estrategiacarreirajuridica\/\" \/>\n<meta property=\"article:published_time\" content=\"2025-12-11T22:57:59+00:00\" \/>\n<meta property=\"article:modified_time\" content=\"2025-12-12T23:15:25+00:00\" \/>\n<meta property=\"og:image\" content=\"https:\/\/cj.estrategia.com\/portal\/wp-content\/uploads\/2022\/09\/04103840\/DPE-SP-DEFENSOR.jpg\" \/>\n\t<meta property=\"og:image:width\" content=\"768\" \/>\n\t<meta property=\"og:image:height\" content=\"432\" \/>\n\t<meta property=\"og:image:type\" content=\"image\/jpeg\" \/>\n<meta name=\"author\" content=\"Jos\u00e9 Ferreira\" \/>\n<meta name=\"twitter:card\" content=\"summary_large_image\" \/>\n<meta name=\"twitter:creator\" content=\"@EstratJuridica\" \/>\n<meta name=\"twitter:site\" content=\"@EstratJuridica\" \/>\n<meta name=\"twitter:label1\" content=\"Escrito por\" \/>\n\t<meta name=\"twitter:data1\" content=\"Jos\u00e9 Ferreira\" \/>\n\t<meta name=\"twitter:label2\" content=\"Est. tempo de leitura\" \/>\n\t<meta name=\"twitter:data2\" content=\"4 minutos\" \/>\n<script type=\"application\/ld+json\" class=\"yoast-schema-graph\">{\"@context\":\"https:\\\/\\\/schema.org\",\"@graph\":[{\"@type\":\"NewsArticle\",\"@id\":\"https:\\\/\\\/cj.estrategia.com\\\/portal\\\/dpe-sp-defensor-autorizado-novo-certame-e-anunciado-nas-redes-sociais-saiba-tudo\\\/#article\",\"isPartOf\":{\"@id\":\"https:\\\/\\\/cj.estrategia.com\\\/portal\\\/dpe-sp-defensor-autorizado-novo-certame-e-anunciado-nas-redes-sociais-saiba-tudo\\\/\"},\"author\":{\"name\":\"Jos\u00e9 Ferreira\",\"@id\":\"https:\\\/\\\/cj.estrategia.com\\\/portal\\\/#\\\/schema\\\/person\\\/4caf0099c42d736f2aade723f309f690\"},\"headline\":\"DPE SP Defensor: autorizado, novo certame \u00e9 anunciado nas redes sociais!\",\"datePublished\":\"2025-12-11T22:57:59+00:00\",\"dateModified\":\"2025-12-12T23:15:25+00:00\",\"mainEntityOfPage\":{\"@id\":\"https:\\\/\\\/cj.estrategia.com\\\/portal\\\/dpe-sp-defensor-autorizado-novo-certame-e-anunciado-nas-redes-sociais-saiba-tudo\\\/\"},\"wordCount\":320,\"commentCount\":0,\"publisher\":{\"@id\":\"https:\\\/\\\/cj.estrategia.com\\\/portal\\\/#organization\"},\"image\":{\"@id\":\"https:\\\/\\\/cj.estrategia.com\\\/portal\\\/dpe-sp-defensor-autorizado-novo-certame-e-anunciado-nas-redes-sociais-saiba-tudo\\\/#primaryimage\"},\"thumbnailUrl\":\"https:\\\/\\\/cj.estrategia.com\\\/portal\\\/wp-content\\\/uploads\\\/2022\\\/09\\\/04103840\\\/DPE-SP-DEFENSOR.jpg\",\"articleSection\":[\"Defensoria\"],\"inLanguage\":\"pt-BR\",\"potentialAction\":[{\"@type\":\"CommentAction\",\"name\":\"Comment\",\"target\":[\"https:\\\/\\\/cj.estrategia.com\\\/portal\\\/dpe-sp-defensor-autorizado-novo-certame-e-anunciado-nas-redes-sociais-saiba-tudo\\\/#respond\"]}]},{\"@type\":\"WebPage\",\"@id\":\"https:\\\/\\\/cj.estrategia.com\\\/portal\\\/dpe-sp-defensor-autorizado-novo-certame-e-anunciado-nas-redes-sociais-saiba-tudo\\\/\",\"url\":\"https:\\\/\\\/cj.estrategia.com\\\/portal\\\/dpe-sp-defensor-autorizado-novo-certame-e-anunciado-nas-redes-sociais-saiba-tudo\\\/\",\"name\":\"DPE SP Defensor: autorizado, novo certame \u00e9 anunciado nas redes sociais!\",\"isPartOf\":{\"@id\":\"https:\\\/\\\/cj.estrategia.com\\\/portal\\\/#website\"},\"primaryImageOfPage\":{\"@id\":\"https:\\\/\\\/cj.estrategia.com\\\/portal\\\/dpe-sp-defensor-autorizado-novo-certame-e-anunciado-nas-redes-sociais-saiba-tudo\\\/#primaryimage\"},\"image\":{\"@id\":\"https:\\\/\\\/cj.estrategia.com\\\/portal\\\/dpe-sp-defensor-autorizado-novo-certame-e-anunciado-nas-redes-sociais-saiba-tudo\\\/#primaryimage\"},\"thumbnailUrl\":\"https:\\\/\\\/cj.estrategia.com\\\/portal\\\/wp-content\\\/uploads\\\/2022\\\/09\\\/04103840\\\/DPE-SP-DEFENSOR.jpg\",\"datePublished\":\"2025-12-11T22:57:59+00:00\",\"dateModified\":\"2025-12-12T23:15:25+00:00\",\"description\":\"DPE SP Defensor: anunciada a autoriza\u00e7\u00e3o do 10\u00ba Concurso para Defensores P\u00fablicos. Confira todos os detalhes!\",\"breadcrumb\":{\"@id\":\"https:\\\/\\\/cj.estrategia.com\\\/portal\\\/dpe-sp-defensor-autorizado-novo-certame-e-anunciado-nas-redes-sociais-saiba-tudo\\\/#breadcrumb\"},\"inLanguage\":\"pt-BR\",\"potentialAction\":[{\"@type\":\"ReadAction\",\"target\":[\"https:\\\/\\\/cj.estrategia.com\\\/portal\\\/dpe-sp-defensor-autorizado-novo-certame-e-anunciado-nas-redes-sociais-saiba-tudo\\\/\"]}]},{\"@type\":\"ImageObject\",\"inLanguage\":\"pt-BR\",\"@id\":\"https:\\\/\\\/cj.estrategia.com\\\/portal\\\/dpe-sp-defensor-autorizado-novo-certame-e-anunciado-nas-redes-sociais-saiba-tudo\\\/#primaryimage\",\"url\":\"https:\\\/\\\/cj.estrategia.com\\\/portal\\\/wp-content\\\/uploads\\\/2022\\\/09\\\/04103840\\\/DPE-SP-DEFENSOR.jpg\",\"contentUrl\":\"https:\\\/\\\/cj.estrategia.com\\\/portal\\\/wp-content\\\/uploads\\\/2022\\\/09\\\/04103840\\\/DPE-SP-DEFENSOR.jpg\",\"width\":768,\"height\":432,\"caption\":\"Concurso DPE SP Defensor\"},{\"@type\":\"BreadcrumbList\",\"@id\":\"https:\\\/\\\/cj.estrategia.com\\\/portal\\\/dpe-sp-defensor-autorizado-novo-certame-e-anunciado-nas-redes-sociais-saiba-tudo\\\/#breadcrumb\",\"itemListElement\":[{\"@type\":\"ListItem\",\"position\":1,\"name\":\"In\u00edcio\",\"item\":\"https:\\\/\\\/cj.estrategia.com\\\/portal\\\/\"},{\"@type\":\"ListItem\",\"position\":2,\"name\":\"DPE SP Defensor: autorizado, novo certame \u00e9 anunciado nas redes sociais!\"}]},{\"@type\":\"WebSite\",\"@id\":\"https:\\\/\\\/cj.estrategia.com\\\/portal\\\/#website\",\"url\":\"https:\\\/\\\/cj.estrategia.com\\\/portal\\\/\",\"name\":\"Blog - Carreiras Jur\u00eddicas - Estrat\u00e9gia\",\"description\":\"\",\"publisher\":{\"@id\":\"https:\\\/\\\/cj.estrategia.com\\\/portal\\\/#organization\"},\"potentialAction\":[{\"@type\":\"SearchAction\",\"target\":{\"@type\":\"EntryPoint\",\"urlTemplate\":\"https:\\\/\\\/cj.estrategia.com\\\/portal\\\/?s={search_term_string}\"},\"query-input\":{\"@type\":\"PropertyValueSpecification\",\"valueRequired\":true,\"valueName\":\"search_term_string\"}}],\"inLanguage\":\"pt-BR\"},{\"@type\":\"Organization\",\"@id\":\"https:\\\/\\\/cj.estrategia.com\\\/portal\\\/#organization\",\"name\":\"Estrat\u00e9gia - Carreiras Jur\u00eddicas\",\"url\":\"https:\\\/\\\/cj.estrategia.com\\\/portal\\\/\",\"logo\":{\"@type\":\"ImageObject\",\"inLanguage\":\"pt-BR\",\"@id\":\"https:\\\/\\\/cj.estrategia.com\\\/portal\\\/#\\\/schema\\\/logo\\\/image\\\/\",\"url\":\"https:\\\/\\\/cj.estrategia.com\\\/portal\\\/wp-content\\\/uploads\\\/2022\\\/03\\\/11151052\\\/cj-logo.png\",\"contentUrl\":\"https:\\\/\\\/cj.estrategia.com\\\/portal\\\/wp-content\\\/uploads\\\/2022\\\/03\\\/11151052\\\/cj-logo.png\",\"width\":150,\"height\":39,\"caption\":\"Estrat\u00e9gia - Carreiras Jur\u00eddicas\"},\"image\":{\"@id\":\"https:\\\/\\\/cj.estrategia.com\\\/portal\\\/#\\\/schema\\\/logo\\\/image\\\/\"},\"sameAs\":[\"https:\\\/\\\/www.facebook.com\\\/estrategiacarreirajuridica\\\/\",\"https:\\\/\\\/x.com\\\/EstratJuridica\",\"https:\\\/\\\/www.instagram.com\\\/estrategiacarreirajuridica\\\/\",\"https:\\\/\\\/www.youtube.com\\\/channel\\\/UClbMGuYbj2Mh1m3w144ETWQ\"]},{\"@type\":\"Person\",\"@id\":\"https:\\\/\\\/cj.estrategia.com\\\/portal\\\/#\\\/schema\\\/person\\\/4caf0099c42d736f2aade723f309f690\",\"name\":\"Jos\u00e9 Ferreira\",\"image\":{\"@type\":\"ImageObject\",\"inLanguage\":\"pt-BR\",\"@id\":\"https:\\\/\\\/cj.estrategia.com\\\/portal\\\/wp-content\\\/uploads\\\/2025\\\/04\\\/18142237\\\/jose-ferreira-navarro-analista-de-conteudo-jornalismo-carreiras-juridicas-96x96.png\",\"url\":\"https:\\\/\\\/cj.estrategia.com\\\/portal\\\/wp-content\\\/uploads\\\/2025\\\/04\\\/18142237\\\/jose-ferreira-navarro-analista-de-conteudo-jornalismo-carreiras-juridicas-96x96.png\",\"contentUrl\":\"https:\\\/\\\/cj.estrategia.com\\\/portal\\\/wp-content\\\/uploads\\\/2025\\\/04\\\/18142237\\\/jose-ferreira-navarro-analista-de-conteudo-jornalismo-carreiras-juridicas-96x96.png\",\"caption\":\"Jos\u00e9 Ferreira\"},\"description\":\"Analista de conte\u00fado na equipe de Jornalismo, atua com SEO e estrat\u00e9gia para desenvolver conte\u00fados relevantes e de alta qualidade voltados para OAB e para o universo de Concursos Jur\u00eddicos.\",\"url\":\"https:\\\/\\\/cj.estrategia.com\\\/portal\\\/author\\\/jose-navarro-de-andrade-cintra-ferreira\\\/\"}]}<\/script>\n<!-- \/ Yoast SEO Premium plugin. -->","yoast_head_json":{"title":"DPE SP Defensor: autorizado, novo certame \u00e9 anunciado nas redes sociais!","description":"DPE SP Defensor: anunciada a autoriza\u00e7\u00e3o do 10\u00ba Concurso para Defensores P\u00fablicos. Confira todos os detalhes!","robots":{"index":"index","follow":"follow","max-snippet":"max-snippet:-1","max-image-preview":"max-image-preview:large","max-video-preview":"max-video-preview:-1"},"canonical":"https:\/\/cj.estrategia.com\/portal\/dpe-sp-defensor-autorizado-novo-certame-e-anunciado-nas-redes-sociais-saiba-tudo\/","og_locale":"pt_BR","og_type":"article","og_title":"DPE SP Defensor: autorizado, novo certame \u00e9 anunciado nas redes sociais!","og_description":"DPE SP Defensor: anunciada a autoriza\u00e7\u00e3o do 10\u00ba Concurso para Defensores P\u00fablicos. Confira todos os detalhes!","og_url":"https:\/\/cj.estrategia.com\/portal\/dpe-sp-defensor-autorizado-novo-certame-e-anunciado-nas-redes-sociais-saiba-tudo\/","og_site_name":"Blog - Carreiras Jur\u00eddicas - Estrat\u00e9gia","article_publisher":"https:\/\/www.facebook.com\/estrategiacarreirajuridica\/","article_published_time":"2025-12-11T22:57:59+00:00","article_modified_time":"2025-12-12T23:15:25+00:00","og_image":[{"width":768,"height":432,"url":"https:\/\/cj.estrategia.com\/portal\/wp-content\/uploads\/2022\/09\/04103840\/DPE-SP-DEFENSOR.jpg","type":"image\/jpeg"}],"author":"Jos\u00e9 Ferreira","twitter_card":"summary_large_image","twitter_creator":"@EstratJuridica","twitter_site":"@EstratJuridica","twitter_misc":{"Escrito por":"Jos\u00e9 Ferreira","Est. tempo de leitura":"4 minutos"},"schema":{"@context":"https:\/\/schema.org","@graph":[{"@type":"NewsArticle","@id":"https:\/\/cj.estrategia.com\/portal\/dpe-sp-defensor-autorizado-novo-certame-e-anunciado-nas-redes-sociais-saiba-tudo\/#article","isPartOf":{"@id":"https:\/\/cj.estrategia.com\/portal\/dpe-sp-defensor-autorizado-novo-certame-e-anunciado-nas-redes-sociais-saiba-tudo\/"},"author":{"name":"Jos\u00e9 Ferreira","@id":"https:\/\/cj.estrategia.com\/portal\/#\/schema\/person\/4caf0099c42d736f2aade723f309f690"},"headline":"DPE SP Defensor: autorizado, novo certame \u00e9 anunciado nas redes sociais!","datePublished":"2025-12-11T22:57:59+00:00","dateModified":"2025-12-12T23:15:25+00:00","mainEntityOfPage":{"@id":"https:\/\/cj.estrategia.com\/portal\/dpe-sp-defensor-autorizado-novo-certame-e-anunciado-nas-redes-sociais-saiba-tudo\/"},"wordCount":320,"commentCount":0,"publisher":{"@id":"https:\/\/cj.estrategia.com\/portal\/#organization"},"image":{"@id":"https:\/\/cj.estrategia.com\/portal\/dpe-sp-defensor-autorizado-novo-certame-e-anunciado-nas-redes-sociais-saiba-tudo\/#primaryimage"},"thumbnailUrl":"https:\/\/cj.estrategia.com\/portal\/wp-content\/uploads\/2022\/09\/04103840\/DPE-SP-DEFENSOR.jpg","articleSection":["Defensoria"],"inLanguage":"pt-BR","potentialAction":[{"@type":"CommentAction","name":"Comment","target":["https:\/\/cj.estrategia.com\/portal\/dpe-sp-defensor-autorizado-novo-certame-e-anunciado-nas-redes-sociais-saiba-tudo\/#respond"]}]},{"@type":"WebPage","@id":"https:\/\/cj.estrategia.com\/portal\/dpe-sp-defensor-autorizado-novo-certame-e-anunciado-nas-redes-sociais-saiba-tudo\/","url":"https:\/\/cj.estrategia.com\/portal\/dpe-sp-defensor-autorizado-novo-certame-e-anunciado-nas-redes-sociais-saiba-tudo\/","name":"DPE SP Defensor: autorizado, novo certame \u00e9 anunciado nas redes sociais!","isPartOf":{"@id":"https:\/\/cj.estrategia.com\/portal\/#website"},"primaryImageOfPage":{"@id":"https:\/\/cj.estrategia.com\/portal\/dpe-sp-defensor-autorizado-novo-certame-e-anunciado-nas-redes-sociais-saiba-tudo\/#primaryimage"},"image":{"@id":"https:\/\/cj.estrategia.com\/portal\/dpe-sp-defensor-autorizado-novo-certame-e-anunciado-nas-redes-sociais-saiba-tudo\/#primaryimage"},"thumbnailUrl":"https:\/\/cj.estrategia.com\/portal\/wp-content\/uploads\/2022\/09\/04103840\/DPE-SP-DEFENSOR.jpg","datePublished":"2025-12-11T22:57:59+00:00","dateModified":"2025-12-12T23:15:25+00:00","description":"DPE SP Defensor: anunciada a autoriza\u00e7\u00e3o do 10\u00ba Concurso para Defensores P\u00fablicos. Confira todos os detalhes!","breadcrumb":{"@id":"https:\/\/cj.estrategia.com\/portal\/dpe-sp-defensor-autorizado-novo-certame-e-anunciado-nas-redes-sociais-saiba-tudo\/#breadcrumb"},"inLanguage":"pt-BR","potentialAction":[{"@type":"ReadAction","target":["https:\/\/cj.estrategia.com\/portal\/dpe-sp-defensor-autorizado-novo-certame-e-anunciado-nas-redes-sociais-saiba-tudo\/"]}]},{"@type":"ImageObject","inLanguage":"pt-BR","@id":"https:\/\/cj.estrategia.com\/portal\/dpe-sp-defensor-autorizado-novo-certame-e-anunciado-nas-redes-sociais-saiba-tudo\/#primaryimage","url":"https:\/\/cj.estrategia.com\/portal\/wp-content\/uploads\/2022\/09\/04103840\/DPE-SP-DEFENSOR.jpg","contentUrl":"https:\/\/cj.estrategia.com\/portal\/wp-content\/uploads\/2022\/09\/04103840\/DPE-SP-DEFENSOR.jpg","width":768,"height":432,"caption":"Concurso DPE SP Defensor"},{"@type":"BreadcrumbList","@id":"https:\/\/cj.estrategia.com\/portal\/dpe-sp-defensor-autorizado-novo-certame-e-anunciado-nas-redes-sociais-saiba-tudo\/#breadcrumb","itemListElement":[{"@type":"ListItem","position":1,"name":"In\u00edcio","item":"https:\/\/cj.estrategia.com\/portal\/"},{"@type":"ListItem","position":2,"name":"DPE SP Defensor: autorizado, novo certame \u00e9 anunciado nas redes sociais!"}]},{"@type":"WebSite","@id":"https:\/\/cj.estrategia.com\/portal\/#website","url":"https:\/\/cj.estrategia.com\/portal\/","name":"Blog - Carreiras Jur\u00eddicas - Estrat\u00e9gia","description":"","publisher":{"@id":"https:\/\/cj.estrategia.com\/portal\/#organization"},"potentialAction":[{"@type":"SearchAction","target":{"@type":"EntryPoint","urlTemplate":"https:\/\/cj.estrategia.com\/portal\/?s={search_term_string}"},"query-input":{"@type":"PropertyValueSpecification","valueRequired":true,"valueName":"search_term_string"}}],"inLanguage":"pt-BR"},{"@type":"Organization","@id":"https:\/\/cj.estrategia.com\/portal\/#organization","name":"Estrat\u00e9gia - Carreiras Jur\u00eddicas","url":"https:\/\/cj.estrategia.com\/portal\/","logo":{"@type":"ImageObject","inLanguage":"pt-BR","@id":"https:\/\/cj.estrategia.com\/portal\/#\/schema\/logo\/image\/","url":"https:\/\/cj.estrategia.com\/portal\/wp-content\/uploads\/2022\/03\/11151052\/cj-logo.png","contentUrl":"https:\/\/cj.estrategia.com\/portal\/wp-content\/uploads\/2022\/03\/11151052\/cj-logo.png","width":150,"height":39,"caption":"Estrat\u00e9gia - Carreiras Jur\u00eddicas"},"image":{"@id":"https:\/\/cj.estrategia.com\/portal\/#\/schema\/logo\/image\/"},"sameAs":["https:\/\/www.facebook.com\/estrategiacarreirajuridica\/","https:\/\/x.com\/EstratJuridica","https:\/\/www.instagram.com\/estrategiacarreirajuridica\/","https:\/\/www.youtube.com\/channel\/UClbMGuYbj2Mh1m3w144ETWQ"]},{"@type":"Person","@id":"https:\/\/cj.estrategia.com\/portal\/#\/schema\/person\/4caf0099c42d736f2aade723f309f690","name":"Jos\u00e9 Ferreira","image":{"@type":"ImageObject","inLanguage":"pt-BR","@id":"https:\/\/cj.estrategia.com\/portal\/wp-content\/uploads\/2025\/04\/18142237\/jose-ferreira-navarro-analista-de-conteudo-jornalismo-carreiras-juridicas-96x96.png","url":"https:\/\/cj.estrategia.com\/portal\/wp-content\/uploads\/2025\/04\/18142237\/jose-ferreira-navarro-analista-de-conteudo-jornalismo-carreiras-juridicas-96x96.png","contentUrl":"https:\/\/cj.estrategia.com\/portal\/wp-content\/uploads\/2025\/04\/18142237\/jose-ferreira-navarro-analista-de-conteudo-jornalismo-carreiras-juridicas-96x96.png","caption":"Jos\u00e9 Ferreira"},"description":"Analista de conte\u00fado na equipe de Jornalismo, atua com SEO e estrat\u00e9gia para desenvolver conte\u00fados relevantes e de alta qualidade voltados para OAB e para o universo de Concursos Jur\u00eddicos.","url":"https:\/\/cj.estrategia.com\/portal\/author\/jose-navarro-de-andrade-cintra-ferreira\/"}]}},"jetpack_featured_media_url":"https:\/\/cj.estrategia.com\/portal\/wp-content\/uploads\/2022\/09\/04103840\/DPE-SP-DEFENSOR.jpg","jetpack_sharing_enabled":true,"_links":{"self":[{"href":"https:\/\/cj.estrategia.com\/portal\/wp-json\/wp\/v2\/posts\/168343","targetHints":{"allow":["GET"]}}],"collection":[{"href":"https:\/\/cj.estrategia.com\/portal\/wp-json\/wp\/v2\/posts"}],"about":[{"href":"https:\/\/cj.estrategia.com\/portal\/wp-json\/wp\/v2\/types\/post"}],"author":[{"embeddable":true,"href":"https:\/\/cj.estrategia.com\/portal\/wp-json\/wp\/v2\/users\/162"}],"replies":[{"embeddable":true,"href":"https:\/\/cj.estrategia.com\/portal\/wp-json\/wp\/v2\/comments?post=168343"}],"version-history":[{"count":4,"href":"https:\/\/cj.estrategia.com\/portal\/wp-json\/wp\/v2\/posts\/168343\/revisions"}],"predecessor-version":[{"id":168641,"href":"https:\/\/cj.estrategia.com\/portal\/wp-json\/wp\/v2\/posts\/168343\/revisions\/168641"}],"wp:featuredmedia":[{"embeddable":true,"href":"https:\/\/cj.estrategia.com\/portal\/wp-json\/wp\/v2\/media\/20804"}],"wp:attachment":[{"href":"https:\/\/cj.estrategia.com\/portal\/wp-json\/wp\/v2\/media?parent=168343"}],"wp:term":[{"taxonomy":"category","embeddable":true,"href":"https:\/\/cj.estrategia.com\/portal\/wp-json\/wp\/v2\/categories?post=168343"},{"taxonomy":"post_tag","embeddable":true,"href":"https:\/\/cj.estrategia.com\/portal\/wp-json\/wp\/v2\/tags?post=168343"},{"taxonomy":"tax_estado","embeddable":true,"href":"https:\/\/cj.estrategia.com\/portal\/wp-json\/wp\/v2\/tax_estado?post=168343"}],"curies":[{"name":"wp","href":"https:\/\/api.w.org\/{rel}","templated":true}]}}