{"id":168298,"date":"2025-12-15T01:41:00","date_gmt":"2025-12-15T04:41:00","guid":{"rendered":"https:\/\/cj.estrategia.com\/portal\/?p=168298"},"modified":"2025-12-15T14:12:20","modified_gmt":"2025-12-15T17:12:20","slug":"gabarito-extraoficial-mpdft-promotor","status":"publish","type":"post","link":"https:\/\/cj.estrategia.com\/portal\/gabarito-extraoficial-mpdft-promotor\/","title":{"rendered":"Gabarito Extraoficial MPDFT Promotor: veja seu desempenho!"},"content":{"rendered":"<a id=\"cta-icon\" href=\"https:\/\/mais.red\/wpp\/promotor-mpdft-grupo\" target=\"blank\" style=\"background:rgb(41,166,26)\">\n            <img decoding=\"async\" src=\"https:\/\/cj.estrategia.com\/portal\/wp-content\/uploads\/2023\/12\/07160657\/whatsapp_1385.webp\" alt=\"\" alt=\"whatsapp_1385\"><span > Acesse agora o grupo de estudos para Concurso MPDFT Promotor<\/span><\/a>\n\n\n\n<p>A prova objetiva do <strong>33\u00ba Concurso P\u00fablico para Promotor de Justi\u00e7a Adjunto do Minist\u00e9rio P\u00fablico do Distrito Federal e Territ\u00f3rios (MPDFT)<\/strong> ocorreu neste domingo, <strong>14 de dezembro<\/strong>, das <strong>14h \u00e0s 19h<\/strong>.<\/p>\n\n\n\n<p>O <strong>Estrat\u00e9gia Carreiras Jur\u00eddicas<\/strong> realizou a <strong>corre\u00e7\u00e3o extraoficial<\/strong> da avalia\u00e7\u00e3o e ofereceu aos participantes uma an\u00e1lise imediata do desempenho.<\/p>\n\n\n\n<p>A transmiss\u00e3o da corre\u00e7\u00e3o, que ocorreu ao vivo, j\u00e1 est\u00e1 dispon\u00edvel em nosso canal do YouTube! Confira por meio do v\u00eddeo abaixo!<\/p>\n\n\n\n<p class=\"has-electric-grass-gradient-background has-background\"><strong>Mas aten\u00e7\u00e3o:&nbsp;<\/strong>Al\u00e9m da corre\u00e7\u00e3o, nosso super time disponibilizar\u00e1 o gabarito completo, com todas as quest\u00f5es escritas, um link para que voc\u00ea possa inserir seu gabarito e participar do ranking e realizar\u00e1 um webin\u00e1rio&nbsp;com todas as impress\u00f5es da prova. <strong>N\u00c3O PERCA!<\/strong><\/p>\n\n\n\n<h2 class=\"wp-block-heading\" id=\"h-gabarito-extraoficial-mpdft-promotor-correcao-ao-vivo\"><span id=\"gabarito-extraoficial-mpdft-promotor-correcao-ao-vivo\">Gabarito Extraoficial MPDFT Promotor: corre\u00e7\u00e3o AO VIVO!<\/span><\/h2>\n\n\n\n<figure class=\"wp-block-embed is-type-video is-provider-youtube wp-block-embed-youtube wp-embed-aspect-16-9 wp-has-aspect-ratio\"><div class=\"wp-block-embed__wrapper\">\n<div class=\"cs-embed cs-embed-responsive\"><iframe title=\"Gabarito Extraoficial: MPDFT (Promotor)\" width=\"1200\" height=\"675\" src=\"https:\/\/www.youtube.com\/embed\/C0Rw75vnMiE?feature=oembed\" frameborder=\"0\" allow=\"accelerometer; autoplay; clipboard-write; encrypted-media; gyroscope; picture-in-picture; web-share\" referrerpolicy=\"strict-origin-when-cross-origin\" allowfullscreen><\/iframe><\/div>\n<\/div><\/figure>\n\n\n\n<h2 class=\"wp-block-heading\" id=\"h-disciplina-e-professor-a\"><span id=\"disciplina-e-professora\">Disciplina e professor(a)<\/span><\/h2>\n\n\n\n<figure class=\"wp-block-table is-style-stripes\"><table class=\"has-very-light-gray-to-cyan-bluish-gray-gradient-background has-background\"><thead><tr><th class=\"has-text-align-center\" data-align=\"center\">Disciplina<\/th><th class=\"has-text-align-center\" data-align=\"center\">Professor(a)<\/th><\/tr><\/thead><tbody><tr><td class=\"has-text-align-center\" data-align=\"center\">\u00c2ncora<\/td><td class=\"has-text-align-center\" data-align=\"center\">Guilherme Rezende<\/td><\/tr><tr><td class=\"has-text-align-center\" data-align=\"center\">Legisla\u00e7\u00e3o Penal Especial e Execu\u00e7\u00e3o Penal<\/td><td class=\"has-text-align-center\" data-align=\"center\">Alex Fadel<\/td><\/tr><tr><td class=\"has-text-align-center\" data-align=\"center\">Processo Penal<\/td><td class=\"has-text-align-center\" data-align=\"center\">Guilherme Rezende<\/td><\/tr><tr><td class=\"has-text-align-center\" data-align=\"center\">Regime Jur\u00eddico do Minist\u00e9rio P\u00fablico<\/td><td class=\"has-text-align-center\" data-align=\"center\">Guilherme Rezende<\/td><\/tr><tr><td class=\"has-text-align-center\" data-align=\"center\">Direito Penal<\/td><td class=\"has-text-align-center\" data-align=\"center\">Michael Proc\u00f3pio<\/td><\/tr><tr><td class=\"has-text-align-center\" data-align=\"center\">Direito Civil<\/td><td class=\"has-text-align-center\" data-align=\"center\">Paulo Sousa<\/td><\/tr><tr><td class=\"has-text-align-center\" data-align=\"center\">Direito Empresarial<\/td><td class=\"has-text-align-center\" data-align=\"center\">Daniel Rizza<\/td><\/tr><tr><td class=\"has-text-align-center\" data-align=\"center\">Direito Processual Civil<\/td><td class=\"has-text-align-center\" data-align=\"center\">Rodrigo Vaslin<\/td><\/tr><tr><td class=\"has-text-align-center\" data-align=\"center\">Direito Processual Coletivo<\/td><td class=\"has-text-align-center\" data-align=\"center\">Rodrigo Vaslin<\/td><\/tr><tr><td class=\"has-text-align-center\" data-align=\"center\">Direito Constitucional<\/td><td class=\"has-text-align-center\" data-align=\"center\">Nelma Fontana<\/td><\/tr><tr><td class=\"has-text-align-center\" data-align=\"center\">Direito Administrativo<\/td><td class=\"has-text-align-center\" data-align=\"center\">Rodolfo Penna<\/td><\/tr><tr><td class=\"has-text-align-center\" data-align=\"center\">Direito Ambiental<\/td><td class=\"has-text-align-center\" data-align=\"center\">Thiago Leite<\/td><\/tr><tr><td class=\"has-text-align-center\" data-align=\"center\">Direito Urban\u00edstico<\/td><td class=\"has-text-align-center\" data-align=\"center\">Thiago Leite<\/td><\/tr><tr><td class=\"has-text-align-center\" data-align=\"center\">Direito da Sa\u00fade<\/td><td class=\"has-text-align-center\" data-align=\"center\">Gustavo Cordeiro<\/td><\/tr><tr><td class=\"has-text-align-center\" data-align=\"center\">Direito da Crian\u00e7a e do Adolescente<\/td><td class=\"has-text-align-center\" data-align=\"center\">Gustavo Cordeiro<\/td><\/tr><tr><td class=\"has-text-align-center\" data-align=\"center\">Direito Penal e Processual Penal Militar<\/td><td class=\"has-text-align-center\" data-align=\"center\">Antonio Pequeno<\/td><\/tr><tr><td class=\"has-text-align-center\" data-align=\"center\">Criminologia<\/td><td class=\"has-text-align-center\" data-align=\"center\">Waleska Alvarenga<\/td><\/tr><\/tbody><\/table><\/figure>\n\n\n\n<div id=\"boxes\" class=\"container\">\n<div class=\"row\">\n<div class=\"col-sm\">\n<div id=\"box-assinatura\" class=\"banner-estrategia-concursos-juridicos\">\n<h2 id=\"curso-mpdft-promotor\" class=\"titulo-assinatura\"><span style=\"color: #ffffff; font-size: 28px; \">Curso MPDFT Promotor<\/span><\/h2>\n<p class=\"subtitulo-assinatura\">Conhe\u00e7a o curso<\/p>\n<div class=\"box-botao\"><a class=\"btn-assinatura-juridica\" role=\"button\" href=\"https:\/\/cj.estrategia.com\/curso\/mpdft-promotor-de-justica-pacote-teorico\/\" target=\"_blank\" rel=\"noopener noreferrer\">Conhe\u00e7a mais<\/a><\/div>\n<\/div>\n<\/div>\n<\/div>\n<\/div>\n\n\n\n<h2 class=\"wp-block-heading\" id=\"h-gabaritos-das-questoes-avaliadas-por-nossos-as-professores-as\"><span id=\"gabaritos-das-questoes-avaliadas-por-nossosas-professoresas\">Gabaritos das quest\u00f5es avaliadas por nossos(as) professores(as):<\/span><\/h2>\n\n\n\n<figure class=\"wp-block-table is-style-stripes\"><table class=\"has-very-light-gray-to-cyan-bluish-gray-gradient-background has-background\"><thead><tr><th class=\"has-text-align-left\" data-align=\"left\">Quest\u00f5es<\/th><th class=\"has-text-align-center\" data-align=\"center\">Respostas<\/th><th class=\"has-text-align-center\" data-align=\"center\">Coment\u00e1rios dos(as) professores(as)<\/th><\/tr><\/thead><tbody><tr><td class=\"has-text-align-left\" data-align=\"left\">1 &#8211; Durante conflito ocorrido em um conjunto&#8230;<\/td><td class=\"has-text-align-center\" data-align=\"center\">C<\/td><td class=\"has-text-align-center\" data-align=\"center\"><\/td><\/tr><tr><td class=\"has-text-align-left\" data-align=\"left\">2 &#8211; Analise as assertivas seguintes e assinale a<br>alternativa correta&#8230;<\/td><td class=\"has-text-align-center\" data-align=\"center\">E<\/td><td class=\"has-text-align-center\" data-align=\"center\">Artigos 20, \u00a7 3\u00ba, e 23, par\u00e1grafo \u00fanico, do CP<\/td><\/tr><tr><td class=\"has-text-align-left\" data-align=\"left\">3 &#8211; A Divis\u00e3o de Repress\u00e3o \u00e0 Corrup\u00e7\u00e3o do Distrito<br>Federal&#8230;<\/td><td class=\"has-text-align-center\" data-align=\"center\">D<\/td><td class=\"has-text-align-center\" data-align=\"center\"><\/td><\/tr><tr><td class=\"has-text-align-left\" data-align=\"left\">4 &#8211; Durante opera\u00e7\u00e3o conjunta do Minist\u00e9rio P\u00fablico<br>do&#8230;<\/td><td class=\"has-text-align-center\" data-align=\"center\">D<\/td><td class=\"has-text-align-center\" data-align=\"center\">STJ, REsp n. 1.931.145\/SP, Rel. Min. Sebasti\u00e3o Reis J\u00fanior, Terceira Se\u00e7\u00e3o<\/td><\/tr><tr><td class=\"has-text-align-left\" data-align=\"left\">5 &#8211; Durante uma manh\u00e3 de fluxo intenso na<br>Plataforma&#8230;<\/td><td class=\"has-text-align-center\" data-align=\"center\">A<\/td><td class=\"has-text-align-center\" data-align=\"center\">Artigo 71 do CP e S\u00famula 659 do STJ<\/td><\/tr><tr><td class=\"has-text-align-left\" data-align=\"left\">6 &#8211; Em execu\u00e7\u00e3o penal na Vara de Execu\u00e7\u00f5es Penais<br>do Distrito&#8230;<\/td><td class=\"has-text-align-center\" data-align=\"center\">E<\/td><td class=\"has-text-align-center\" data-align=\"center\">Tema 931, STJ.<\/td><\/tr><tr><td class=\"has-text-align-left\" data-align=\"left\">7 &#8211; Durante opera\u00e7\u00e3o conduzida pela Divis\u00e3o de<br>Repress\u00e3o&#8230;<\/td><td class=\"has-text-align-center\" data-align=\"center\">C<\/td><td class=\"has-text-align-center\" data-align=\"center\">STF, HC 176473, Tribunal Pleno<\/td><\/tr><tr><td class=\"has-text-align-left\" data-align=\"left\">8 &#8211; Lucas Boleto Pirata, nascido em 22\/08\/1999&#8230;<\/td><td class=\"has-text-align-center\" data-align=\"center\">A<\/td><td class=\"has-text-align-center\" data-align=\"center\">Artigo 109, inciso V, c.c. Artigo 115, ambos do C\u00f3digo Penal, e S\u00famula 497 do STF<\/td><\/tr><tr><td class=\"has-text-align-left\" data-align=\"left\">9 &#8211; Em \u00c1guas Claras, V\u00e1lber Moralista da Esta\u00e7\u00e3o&#8230;<\/td><td class=\"has-text-align-center\" data-align=\"center\">D<\/td><td class=\"has-text-align-center\" data-align=\"center\">ADO 26 e MI 4733<\/td><\/tr><tr><td class=\"has-text-align-left\" data-align=\"left\">10 &#8211; Analise as assertivas seguintes e assinale a<br>alternativa incorreta&#8230;<\/td><td class=\"has-text-align-center\" data-align=\"center\">C<\/td><td class=\"has-text-align-center\" data-align=\"center\">Artigo 73 do C\u00f3digo Penal<\/td><\/tr><tr><td class=\"has-text-align-left\" data-align=\"left\">11 &#8211; Assinale a alternativa correta quanto \u00e0 tipifica\u00e7\u00e3o<br>de acordo com&#8230;<\/td><td class=\"has-text-align-center\" data-align=\"center\">C<\/td><td class=\"has-text-align-center\" data-align=\"center\">Artigo 155, \u00a7 8\u00ba, do CP<\/td><\/tr><tr><td class=\"has-text-align-left\" data-align=\"left\">12 &#8211; Analise as assertivas seguintes e assinale a<br>alternativa&#8230;<\/td><td class=\"has-text-align-center\" data-align=\"center\">A<\/td><td class=\"has-text-align-center\" data-align=\"center\">STJ, REsp 1.994.182-RJ, Rel. Ministro Sebasti\u00e3o Reis J\u00fanior, Terceira Se\u00e7\u00e3o (Tema 1171)<\/td><\/tr><tr><td class=\"has-text-align-left\" data-align=\"left\">13 &#8211; Durante opera\u00e7\u00e3o de policiamento ostensivo<br>realizada..<\/td><td class=\"has-text-align-center\" data-align=\"center\">B<\/td><td class=\"has-text-align-center\" data-align=\"center\"><\/td><\/tr><tr><td class=\"has-text-align-left\" data-align=\"left\">14 &#8211; A Promotoria de Justi\u00e7a de S\u00e3o Sebasti\u00e3o\/DF<br>recebeu&#8230;<\/td><td class=\"has-text-align-center\" data-align=\"center\">C<\/td><td class=\"has-text-align-center\" data-align=\"center\">Tema 1218, STJ.<\/td><\/tr><tr><td class=\"has-text-align-left\" data-align=\"left\">15 &#8211; No Distrito Federal, durante o per\u00edodo eleitoral,<br>Zezinho&#8230;<\/td><td class=\"has-text-align-center\" data-align=\"center\">E<\/td><td class=\"has-text-align-center\" data-align=\"center\"><\/td><\/tr><tr><td class=\"has-text-align-left\" data-align=\"left\">16 &#8211; Segundo o Supremo Tribunal Federal, para que<br>haja&#8230;<\/td><td class=\"has-text-align-center\" data-align=\"center\">D<\/td><td class=\"has-text-align-center\" data-align=\"center\">Tema 990, STF.<\/td><\/tr><tr><td class=\"has-text-align-left\" data-align=\"left\">17 &#8211; Aplica-se o ju\u00edzo de garantia:&#8230;<\/td><td class=\"has-text-align-center\" data-align=\"center\">B<\/td><td class=\"has-text-align-center\" data-align=\"center\"><\/td><\/tr><tr><td class=\"has-text-align-left\" data-align=\"left\">18 &#8211; Sobre o indiciamento, assinale a alternativa<br>correta:&#8230;<\/td><td class=\"has-text-align-center\" data-align=\"center\">E<\/td><td class=\"has-text-align-center\" data-align=\"center\"><\/td><\/tr><tr><td class=\"has-text-align-left\" data-align=\"left\">19 &#8211; No que tange ao arquivamento, assinale a<br>alternativa correta&#8230;<\/td><td class=\"has-text-align-center\" data-align=\"center\">C<\/td><td class=\"has-text-align-center\" data-align=\"center\"><\/td><\/tr><tr><td class=\"has-text-align-left\" data-align=\"left\">20 &#8211; Na a\u00e7\u00e3o penal privada subsidi\u00e1ria da p\u00fablica,<br>Minist\u00e9rio P\u00fablico n\u00e3o&#8230;<\/td><td class=\"has-text-align-center\" data-align=\"center\">E<\/td><td class=\"has-text-align-center\" data-align=\"center\"><\/td><\/tr><tr><td class=\"has-text-align-left\" data-align=\"left\">21 &#8211; Sobre o Acordo de N\u00e3o Persecu\u00e7\u00e3o Penal<br>(ANPP)&#8230;<\/td><td class=\"has-text-align-center\" data-align=\"center\">C<\/td><td class=\"has-text-align-center\" data-align=\"center\"><\/td><\/tr><tr><td class=\"has-text-align-left\" data-align=\"left\">22 &#8211; Segundo o Superior Tribunal de Justi\u00e7a, assinale<br>a alternativa&#8230;<\/td><td class=\"has-text-align-center\" data-align=\"center\">C<\/td><td class=\"has-text-align-center\" data-align=\"center\"><\/td><\/tr><tr><td class=\"has-text-align-left\" data-align=\"left\">23 &#8211; Com rela\u00e7\u00e3o ao valor m\u00ednimo fixado pelo juiz<br>para repara\u00e7\u00e3o&#8230;<\/td><td class=\"has-text-align-center\" data-align=\"center\">E<\/td><td class=\"has-text-align-center\" data-align=\"center\"><\/td><\/tr><tr><td class=\"has-text-align-left\" data-align=\"left\">24 &#8211; Marque a alternativa correta:&#8230;<\/td><td class=\"has-text-align-center\" data-align=\"center\">A<\/td><td class=\"has-text-align-center\" data-align=\"center\"><\/td><\/tr><tr><td class=\"has-text-align-left\" data-align=\"left\">25 &#8211; Com rela\u00e7\u00e3o \u00e0 compet\u00eancia, marque a alternativa<br>correta:&#8230;<\/td><td class=\"has-text-align-center\" data-align=\"center\">D<\/td><td class=\"has-text-align-center\" data-align=\"center\"><\/td><\/tr><tr><td class=\"has-text-align-left\" data-align=\"left\">26 &#8211; No que tange \u00e0s provas, assinale a alternativa<br>correta:&#8230;<\/td><td class=\"has-text-align-center\" data-align=\"center\">E<\/td><td class=\"has-text-align-center\" data-align=\"center\"><\/td><\/tr><tr><td class=\"has-text-align-left\" data-align=\"left\">27 &#8211; No que tange \u00e0 apela\u00e7\u00e3o, assinale a alternativa<br>correta:&#8230;<\/td><td class=\"has-text-align-center\" data-align=\"center\">B<\/td><td class=\"has-text-align-center\" data-align=\"center\"><\/td><\/tr><tr><td class=\"has-text-align-left\" data-align=\"left\">28 &#8211; Sobre as medidas cautelares diversas da pris\u00e3o,<br>assinale a alternativa correta:<\/td><td class=\"has-text-align-center\" data-align=\"center\">A<\/td><td class=\"has-text-align-center\" data-align=\"center\"><\/td><\/tr><tr><td class=\"has-text-align-left\" data-align=\"left\">29 &#8211; Jo\u00e3o Maria, deputado distrital no per\u00edodo 2019-<br>2022&#8230;<\/td><td class=\"has-text-align-center\" data-align=\"center\">D<\/td><td class=\"has-text-align-center\" data-align=\"center\"><\/td><\/tr><tr><td class=\"has-text-align-left\" data-align=\"left\">30 &#8211; Sobre o interrogat\u00f3rio, marque a alternativa<br>correta:&#8230;<\/td><td class=\"has-text-align-center\" data-align=\"center\">E<\/td><td class=\"has-text-align-center\" data-align=\"center\"><\/td><\/tr><tr><td class=\"has-text-align-left\" data-align=\"left\">31 &#8211; No que toca \u00e0 Lei n\u00ba 11.343\/2006, assinale a<br>alternativa correta:&#8230;<\/td><td class=\"has-text-align-center\" data-align=\"center\">D<\/td><td class=\"has-text-align-center\" data-align=\"center\">Lei 11.343\/2006, art. 28, \u00a7\u00a72\u00ba e 3\u00ba.<\/td><\/tr><tr><td class=\"has-text-align-left\" data-align=\"left\">32 &#8211; A Lei n\u00b0 11.340\/2006 leva o nome da<br>farmac\u00eautica&#8230;<\/td><td class=\"has-text-align-center\" data-align=\"center\">B<\/td><td class=\"has-text-align-center\" data-align=\"center\">CP, art. 147-B.<\/td><\/tr><tr><td class=\"has-text-align-left\" data-align=\"left\">33 &#8211; Sobre a Lei n\u00ba 9.613\/1998, que cuida dos delitos<br>de&#8230;<\/td><td class=\"has-text-align-center\" data-align=\"center\">E<\/td><td class=\"has-text-align-center\" data-align=\"center\">Art. 1\u00ba, Lei 9.613\/98<\/td><\/tr><tr><td class=\"has-text-align-left\" data-align=\"left\">34 &#8211; Tendo presentes as disposi\u00e7\u00f5es da Lei n<br>9.605\/1998&#8230;<\/td><td class=\"has-text-align-center\" data-align=\"center\">C<\/td><td class=\"has-text-align-center\" data-align=\"center\">Lei 9.605\/98, art. 23, I<\/td><\/tr><tr><td class=\"has-text-align-left\" data-align=\"left\">35 &#8211; Assinale a alternativa correta, conforme o<br>disposto no Estatuto do Idoso&#8230;<\/td><td class=\"has-text-align-center\" data-align=\"center\">A<\/td><td class=\"has-text-align-center\" data-align=\"center\">Lei 10.741\/2003, art. 98<\/td><\/tr><tr><td class=\"has-text-align-left\" data-align=\"left\">36 &#8211; Assinale a alternativa correta \u00e0 luz da Lei n\u00ba<br>12.850\/2013&#8230;<\/td><td class=\"has-text-align-center\" data-align=\"center\">E<\/td><td class=\"has-text-align-center\" data-align=\"center\">Lei 12.850\/2013, art. 2\u00ba<\/td><\/tr><tr><td class=\"has-text-align-left\" data-align=\"left\">37 &#8211; Assinale a alternativa correta, conforme disposto<br>na Lei n\u00ba 10.826\/2003&#8230;<\/td><td class=\"has-text-align-center\" data-align=\"center\">C<\/td><td class=\"has-text-align-center\" data-align=\"center\">S\u00famula 668 do STJ<\/td><\/tr><tr><td class=\"has-text-align-left\" data-align=\"left\">38 &#8211; No contexto da Lei n\u00b0 8.069\/1990, assinale a<br>alternativa correta:&#8230;<\/td><td class=\"has-text-align-center\" data-align=\"center\">B<\/td><td class=\"has-text-align-center\" data-align=\"center\">ECA, art. 241-C<\/td><\/tr><tr><td class=\"has-text-align-left\" data-align=\"left\">39 &#8211; Assinale a alternativa correta:&#8230;<\/td><td class=\"has-text-align-center\" data-align=\"center\">C<\/td><td class=\"has-text-align-center\" data-align=\"center\">Lei 7.716\/89, art. 3\u00ba<\/td><\/tr><tr><td class=\"has-text-align-left\" data-align=\"left\">40 &#8211; A Lei n\u00ba 14.344\/2022, tamb\u00e9m denominada Lei<br>Henry Borel&#8230;<\/td><td class=\"has-text-align-center\" data-align=\"center\">A<\/td><td class=\"has-text-align-center\" data-align=\"center\">Lei 14.344\/2022 (Lei Henry Borel), art. 2\u00ba, II<\/td><\/tr><tr><td class=\"has-text-align-left\" data-align=\"left\">41 &#8211; Assinale a alternativa correta, conforme<br>disciplina normativa&#8230;<\/td><td class=\"has-text-align-center\" data-align=\"center\">E<\/td><td class=\"has-text-align-center\" data-align=\"center\">Nenhuma alternativa est\u00e1 verdadeira<\/td><\/tr><tr><td class=\"has-text-align-left\" data-align=\"left\">42 &#8211; Assinale a alternativa correta&#8230;<\/td><td class=\"has-text-align-center\" data-align=\"center\">E<\/td><td class=\"has-text-align-center\" data-align=\"center\">todas erradas<\/td><\/tr><tr><td class=\"has-text-align-left\" data-align=\"left\">43 &#8211; Assinale a alternativa correta&#8230;<\/td><td class=\"has-text-align-center\" data-align=\"center\">A<\/td><td class=\"has-text-align-center\" data-align=\"center\">(art. 4\u00ba, I, art. 6\u00ba, VIII, do CDC)<\/td><\/tr><tr><td class=\"has-text-align-left\" data-align=\"left\">44 &#8211; Assinale a alternativa correta&#8230;<\/td><td class=\"has-text-align-center\" data-align=\"center\">C<\/td><td class=\"has-text-align-center\" data-align=\"center\">(REsp 1814639)<\/td><\/tr><tr><td class=\"has-text-align-left\" data-align=\"left\">45 &#8211; Assinale a alternativa correta&#8230;<\/td><td class=\"has-text-align-center\" data-align=\"center\">E<\/td><td class=\"has-text-align-center\" data-align=\"center\">todas erradas<\/td><\/tr><tr><td class=\"has-text-align-left\" data-align=\"left\">46 &#8211; Assinale a alternativa correta&#8230;.<\/td><td class=\"has-text-align-center\" data-align=\"center\">C<\/td><td class=\"has-text-align-center\" data-align=\"center\">doutrina<\/td><\/tr><tr><td class=\"has-text-align-left\" data-align=\"left\">47 &#8211; Assinale a alternativa correta&#8230;<\/td><td class=\"has-text-align-center\" data-align=\"center\">D<\/td><td class=\"has-text-align-center\" data-align=\"center\">S\u00famula 550 STJ<\/td><\/tr><tr><td class=\"has-text-align-left\" data-align=\"left\">48 &#8211; Assinale a alternativa correta&#8230;<\/td><td class=\"has-text-align-center\" data-align=\"center\">B<\/td><td class=\"has-text-align-center\" data-align=\"center\">art.&nbsp;1\u00ba da Resolu\u00e7\u00e3o 154\/2016, CNMP<\/td><\/tr><tr><td class=\"has-text-align-left\" data-align=\"left\">49 &#8211; Assinale a alternativa correta&#8230;<\/td><td class=\"has-text-align-center\" data-align=\"center\">A<\/td><td class=\"has-text-align-center\" data-align=\"center\">(art. 4\u00ba da Lei 8.009\/1990)<\/td><\/tr><tr><td class=\"has-text-align-left\" data-align=\"left\">50 &#8211; Assinale a alternativa incorreta&#8230;<\/td><td class=\"has-text-align-center\" data-align=\"center\">B<\/td><td class=\"has-text-align-center\" data-align=\"center\">doutrina: adota a dimens\u00e3o axiol\u00f3gica<\/td><\/tr><tr><td class=\"has-text-align-left\" data-align=\"left\">51 &#8211; Assinale a alternativa correta&#8230;<\/td><td class=\"has-text-align-center\" data-align=\"center\">B<\/td><td class=\"has-text-align-center\" data-align=\"center\">art. 978 do CC<\/td><\/tr><tr><td class=\"has-text-align-left\" data-align=\"left\">52 &#8211; Assinale a alternativa incorreta&#8230;<\/td><td class=\"has-text-align-center\" data-align=\"center\">B<\/td><td class=\"has-text-align-center\" data-align=\"center\">(Resolu\u00e7\u00e3o 301\/2024 do CNMP)<\/td><\/tr><tr><td class=\"has-text-align-left\" data-align=\"left\">53 &#8211; Assinale a alternativa incorreta&#8230;<\/td><td class=\"has-text-align-center\" data-align=\"center\">C<\/td><td class=\"has-text-align-center\" data-align=\"center\">(art. 153 do CC)<\/td><\/tr><tr><td class=\"has-text-align-left\" data-align=\"left\">54 &#8211; Assinale a alternativa incorreta&#8230;<\/td><td class=\"has-text-align-center\" data-align=\"center\">A<\/td><td class=\"has-text-align-center\" data-align=\"center\">(art. 48 da Lei 11.101\/2005)<\/td><\/tr><tr><td class=\"has-text-align-left\" data-align=\"left\">55 &#8211; Assinale a alternativa incorreta&#8230;<\/td><td class=\"has-text-align-center\" data-align=\"center\">B<\/td><td class=\"has-text-align-center\" data-align=\"center\">(art. 3\u00ba do CDC)<\/td><\/tr><tr><td class=\"has-text-align-left\" data-align=\"left\">56 &#8211; \u00c0 luz do teor dos enunciados de temas repetitivos<br>do Superior&#8230;<\/td><td class=\"has-text-align-center\" data-align=\"center\">E<\/td><td class=\"has-text-align-center\" data-align=\"center\"><\/td><\/tr><tr><td class=\"has-text-align-left\" data-align=\"left\">57 &#8211; \u00c0 luz do teor dos enunciados de temas repetitivos<br>do Superior&#8230;<\/td><td class=\"has-text-align-center\" data-align=\"center\">D<\/td><td class=\"has-text-align-center\" data-align=\"center\"><\/td><\/tr><tr><td class=\"has-text-align-left\" data-align=\"left\">58 &#8211; Considerando os temas repetitivos do Superior<br>Tribunal&#8230;<\/td><td class=\"has-text-align-center\" data-align=\"center\">C\/A<\/td><td class=\"has-text-align-center\" data-align=\"center\"><\/td><\/tr><tr><td class=\"has-text-align-left\" data-align=\"left\">59 &#8211; Acerca da disciplina dos recursos no processo<br>civil&#8230;<\/td><td class=\"has-text-align-center\" data-align=\"center\">A<\/td><td class=\"has-text-align-center\" data-align=\"center\"><\/td><\/tr><tr><td class=\"has-text-align-left\" data-align=\"left\">60 &#8211; \u00c0 luz do teor dos enunciados de temas repetitivos<br>do&#8230;<\/td><td class=\"has-text-align-center\" data-align=\"center\">D<\/td><td class=\"has-text-align-center\" data-align=\"center\"><\/td><\/tr><tr><td class=\"has-text-align-left\" data-align=\"left\">61 &#8211; Acerca de prejudicial e coisa julgada, leia com<br>aten\u00e7\u00e3o&#8230;<\/td><td class=\"has-text-align-center\" data-align=\"center\">E<\/td><td class=\"has-text-align-center\" data-align=\"center\"><\/td><\/tr><tr><td class=\"has-text-align-left\" data-align=\"left\">62 &#8211; Acerca da a\u00e7\u00e3o rescis\u00f3ria, assinale a alternativa<br>correta:&#8230;<\/td><td class=\"has-text-align-center\" data-align=\"center\">B<\/td><td class=\"has-text-align-center\" data-align=\"center\"><\/td><\/tr><tr><td class=\"has-text-align-left\" data-align=\"left\">63 &#8211; Acerca do litiscons\u00f3rcio unit\u00e1rio e necess\u00e1rio.<br>assinale&#8230;<\/td><td class=\"has-text-align-center\" data-align=\"center\">C<\/td><td class=\"has-text-align-center\" data-align=\"center\"><\/td><\/tr><tr><td class=\"has-text-align-left\" data-align=\"left\">64 &#8211; Julgue os itens a seguir, a respeito dos princ\u00edpios<br>processuais&#8230;<\/td><td class=\"has-text-align-center\" data-align=\"center\">C<\/td><td class=\"has-text-align-center\" data-align=\"center\"><\/td><\/tr><tr><td class=\"has-text-align-left\" data-align=\"left\">65 &#8211; O Minist\u00e9rio P\u00fablico do Estado Alfa ajuizou a\u00e7\u00e3o<br>civil&#8230;<\/td><td class=\"has-text-align-center\" data-align=\"center\">A<\/td><td class=\"has-text-align-center\" data-align=\"center\"><\/td><\/tr><tr><td class=\"has-text-align-left\" data-align=\"left\">66 &#8211; Quanto \u00e0 atua\u00e7\u00e3o do Minist\u00e9rio P\u00fablico em<br>mat\u00e9ria probat\u00f3ria&#8230;<\/td><td class=\"has-text-align-center\" data-align=\"center\">D<\/td><td class=\"has-text-align-center\" data-align=\"center\"><\/td><\/tr><tr><td class=\"has-text-align-left\" data-align=\"left\">67 &#8211; Em rela\u00e7\u00e3o ao processo estrutural, analise as<br>seguintes afirma\u00e7\u00f5es:&#8230;<\/td><td class=\"has-text-align-center\" data-align=\"center\">A<\/td><td class=\"has-text-align-center\" data-align=\"center\"><\/td><\/tr><tr><td class=\"has-text-align-left\" data-align=\"left\">68 &#8211; Como \u00f3rg\u00e3o de execu\u00e7\u00e3o do Minist\u00e9rio P\u00fablico,<br>analise&#8230;<\/td><td class=\"has-text-align-center\" data-align=\"center\">D<\/td><td class=\"has-text-align-center\" data-align=\"center\"><\/td><\/tr><tr><td class=\"has-text-align-left\" data-align=\"left\">69 &#8211; Sobre os problemas relacionados a legitimidade<br>nas&#8230;<\/td><td class=\"has-text-align-center\" data-align=\"center\">D<\/td><td class=\"has-text-align-center\" data-align=\"center\"><\/td><\/tr><tr><td class=\"has-text-align-left\" data-align=\"left\">70 &#8211; A cognoscibilidade, a confiabilidade e a<br>calculabilidade&#8230;<\/td><td class=\"has-text-align-center\" data-align=\"center\">D<\/td><td class=\"has-text-align-center\" data-align=\"center\"><\/td><\/tr><tr><td class=\"has-text-align-left\" data-align=\"left\">71 &#8211; Assinale a alternativa correta quanto ao processo<br>legislativo federal:&#8230;<\/td><td class=\"has-text-align-center\" data-align=\"center\">C<\/td><td class=\"has-text-align-center\" data-align=\"center\">(ADI 3926\/SC)<\/td><\/tr><tr><td class=\"has-text-align-left\" data-align=\"left\">72 &#8211; Julgue os itens abaixo e assinale o \u00fanico correto:&#8230;<\/td><td class=\"has-text-align-center\" data-align=\"center\">C<\/td><td class=\"has-text-align-center\" data-align=\"center\">(art. 102, I, o)<\/td><\/tr><tr><td class=\"has-text-align-left\" data-align=\"left\">73 &#8211; Assinale a alternativa correta quanto ao exerc\u00edcio<br>do poder&#8230;<\/td><td class=\"has-text-align-center\" data-align=\"center\">A<\/td><td class=\"has-text-align-center\" data-align=\"center\">(tema 686)<\/td><\/tr><tr><td class=\"has-text-align-left\" data-align=\"left\">74 &#8211; Em rela\u00e7\u00e3o \u00e0 atua\u00e7\u00e3o dos Tribunais de Conta no<br>controle&#8230;<\/td><td class=\"has-text-align-center\" data-align=\"center\">E<\/td><td class=\"has-text-align-center\" data-align=\"center\"><\/td><\/tr><tr><td class=\"has-text-align-left\" data-align=\"left\">75 &#8211; Assinale a alternativa correta quanto \u00e0 disciplina<br>constitucional&#8230;<\/td><td class=\"has-text-align-center\" data-align=\"center\">E<\/td><td class=\"has-text-align-center\" data-align=\"center\">(art. 165, \u00a7 8\u00ba)<\/td><\/tr><tr><td class=\"has-text-align-left\" data-align=\"left\">76 &#8211; Assinale a alternativa correta quanto \u00e0<br>compet\u00eancia&#8230;<\/td><td class=\"has-text-align-center\" data-align=\"center\">A<\/td><td class=\"has-text-align-center\" data-align=\"center\">(tema 1.153)<\/td><\/tr><tr><td class=\"has-text-align-left\" data-align=\"left\">77 &#8211; A doutrina alem\u00e3 desenvolveu uma teoria de<br>direito constitucional&#8230;<\/td><td class=\"has-text-align-center\" data-align=\"center\">E<\/td><td class=\"has-text-align-center\" data-align=\"center\">(tema 809)<\/td><\/tr><tr><td class=\"has-text-align-left\" data-align=\"left\">78 &#8211; A Argui\u00e7\u00e3o de Descumprimento de Preceito<br>Fundamental (ADPF) 635&#8230;<\/td><td class=\"has-text-align-center\" data-align=\"center\">C<\/td><td class=\"has-text-align-center\" data-align=\"center\">(ADPF 635)<\/td><\/tr><tr><td class=\"has-text-align-left\" data-align=\"left\">79 &#8211; A jurisdi\u00e7\u00e3o constitucional tem passado por<br>transforma\u00e7\u00f5es&#8230;<\/td><td class=\"has-text-align-center\" data-align=\"center\">D<\/td><td class=\"has-text-align-center\" data-align=\"center\">(ADC 53)<\/td><\/tr><tr><td class=\"has-text-align-left\" data-align=\"left\">80 &#8211; A Constitui\u00e7\u00e3o Federal (CF) adotou uma<br>concep\u00e7\u00e3o&#8230;<\/td><td class=\"has-text-align-center\" data-align=\"center\">D<\/td><td class=\"has-text-align-center\" data-align=\"center\">(par\u00e1grafos do art. 5\u00ba)<\/td><\/tr><tr><td class=\"has-text-align-left\" data-align=\"left\">81 &#8211; A liberdade de express\u00e3o \u00e9 um dos pilares de<br>qualquer democracia.<\/td><td class=\"has-text-align-center\" data-align=\"center\">C<\/td><td class=\"has-text-align-center\" data-align=\"center\">(ADPF 130)<\/td><\/tr><tr><td class=\"has-text-align-left\" data-align=\"left\">82 &#8211; O art. 5\u00b0, inciso LXXI, da Constitui\u00e7\u00e3o Federal<br>(CF)&#8230;<\/td><td class=\"has-text-align-center\" data-align=\"center\">E<\/td><td class=\"has-text-align-center\" data-align=\"center\">Lei 13.300, art. 3\u00ba<\/td><\/tr><tr><td class=\"has-text-align-left\" data-align=\"left\">83 &#8211; Julgue os itens a seguir:&#8230;<\/td><td class=\"has-text-align-center\" data-align=\"center\">D<\/td><td class=\"has-text-align-center\" data-align=\"center\"><\/td><\/tr><tr><td class=\"has-text-align-left\" data-align=\"left\">84 &#8211; Julgue os itens a seguir:&#8230;<\/td><td class=\"has-text-align-center\" data-align=\"center\">C<\/td><td class=\"has-text-align-center\" data-align=\"center\"><\/td><\/tr><tr><td class=\"has-text-align-left\" data-align=\"left\">85 &#8211; Julgue os itens a seguir, com base na seguinte<br>situa\u00e7\u00e3o hipot\u00e9tica:&#8230;<\/td><td class=\"has-text-align-center\" data-align=\"center\">C<\/td><td class=\"has-text-align-center\" data-align=\"center\"><\/td><\/tr><tr><td class=\"has-text-align-left\" data-align=\"left\">86 &#8211; Julgue os itens a seguir:&#8230;<\/td><td class=\"has-text-align-center\" data-align=\"center\">D<\/td><td class=\"has-text-align-center\" data-align=\"center\"><\/td><\/tr><tr><td class=\"has-text-align-left\" data-align=\"left\">87 &#8211; Julgue os itens a seguir:&#8230;<\/td><td class=\"has-text-align-center\" data-align=\"center\">A<\/td><td class=\"has-text-align-center\" data-align=\"center\"><\/td><\/tr><tr><td class=\"has-text-align-left\" data-align=\"left\">88 &#8211; Julgue os itens a seguir:&#8230;<\/td><td class=\"has-text-align-center\" data-align=\"center\">B<\/td><td class=\"has-text-align-center\" data-align=\"center\"><\/td><\/tr><tr><td class=\"has-text-align-left\" data-align=\"left\">89 &#8211; Julgue os itens a seguir:&#8230;<\/td><td class=\"has-text-align-center\" data-align=\"center\">D<\/td><td class=\"has-text-align-center\" data-align=\"center\"><\/td><\/tr><tr><td class=\"has-text-align-left\" data-align=\"left\">90 &#8211; Julgue os itens a seguir:&#8230;<\/td><td class=\"has-text-align-center\" data-align=\"center\">B<\/td><td class=\"has-text-align-center\" data-align=\"center\"><\/td><\/tr><tr><td class=\"has-text-align-left\" data-align=\"left\">91 &#8211; Julgue os itens a seguir:&#8230;<\/td><td class=\"has-text-align-center\" data-align=\"center\">B<\/td><td class=\"has-text-align-center\" data-align=\"center\"><\/td><\/tr><tr><td class=\"has-text-align-left\" data-align=\"left\">92 &#8211; Julgue os itens a seguir:&#8230;<\/td><td class=\"has-text-align-center\" data-align=\"center\">D<\/td><td class=\"has-text-align-center\" data-align=\"center\"><\/td><\/tr><tr><td class=\"has-text-align-left\" data-align=\"left\">93 &#8211; Julgue os itens a seguir:&#8230;<\/td><td class=\"has-text-align-center\" data-align=\"center\">A<\/td><td class=\"has-text-align-center\" data-align=\"center\"><\/td><\/tr><tr><td class=\"has-text-align-left\" data-align=\"left\">94 &#8211; Julgue os itens a seguir:&#8230;<\/td><td class=\"has-text-align-center\" data-align=\"center\">D<\/td><td class=\"has-text-align-center\" data-align=\"center\"><\/td><\/tr><tr><td class=\"has-text-align-left\" data-align=\"left\">95 &#8211; Considerando os princ\u00edpios da Doutrina da<br>Prote\u00e7\u00e3o Integral&#8230;<\/td><td class=\"has-text-align-center\" data-align=\"center\">B<\/td><td class=\"has-text-align-center\" data-align=\"center\">Lei 15.211\/2015, art. 29.<\/td><\/tr><tr><td class=\"has-text-align-left\" data-align=\"left\">96 &#8211; O estado de filia\u00e7\u00e3o no marco constitucional \u00e9 um<br>direito&#8230;<\/td><td class=\"has-text-align-center\" data-align=\"center\">A<\/td><td class=\"has-text-align-center\" data-align=\"center\">ECA, art. 19-A, \u00a7\u00a74\u00ba e 5\u00ba + REsp 2.086.404-MG.<\/td><\/tr><tr><td class=\"has-text-align-left\" data-align=\"left\">97 &#8211; Crian\u00e7as e adolescentes t\u00eam assegurados, com<br>absoluta prioridade&#8230;<\/td><td class=\"has-text-align-center\" data-align=\"center\">D<\/td><td class=\"has-text-align-center\" data-align=\"center\">ECA, art. 23.<\/td><\/tr><tr><td class=\"has-text-align-left\" data-align=\"left\">98 &#8211; A Resolu\u00e7\u00e3o CNMP n\u00b0 287\/2024 estabelece<br>diretrizes&#8230;<\/td><td class=\"has-text-align-center\" data-align=\"center\">C.<\/td><td class=\"has-text-align-center\" data-align=\"center\">Lei 13.431\/2017, art. 11, &#8220;caput&#8221; e \u00a72\u00ba<\/td><\/tr><tr><td class=\"has-text-align-left\" data-align=\"left\">99 &#8211; Considerando a situa\u00e7\u00e3o peculiar do adolescente<br>como pessoa&#8230;<\/td><td class=\"has-text-align-center\" data-align=\"center\">E<\/td><td class=\"has-text-align-center\" data-align=\"center\">ECA, art. 100, par\u00e1grafo \u00fanico; art. 112; Lei 12.594\/2012, art. 35.<\/td><\/tr><tr><td class=\"has-text-align-left\" data-align=\"left\">100 &#8211; Em aten\u00e7\u00e3o \u00e0s Resolu\u00e7\u00f5es CNMP n\u00b0 164\/2017 e<br>n\u00b0 174\/2017 e&#8230;<\/td><td class=\"has-text-align-center\" data-align=\"center\">C<\/td><td class=\"has-text-align-center\" data-align=\"center\">Resolu\u00e7\u00e3o CNMP n\u00ba 174\/2017, art. 13, &#8220;caput&#8221; e \u00a7\u00a7 1\u00ba, 2\u00ba, 3\u00ba e 4\u00ba<\/td><\/tr><\/tbody><\/table><\/figure>\n\n\n\n<p><em>Fique por dentro de todas as atualiza\u00e7\u00f5es sobre o concurso para Promotor(a) Substituto(a) do MPDFT! Confira as informa\u00e7\u00f5es por meio do link abaixo!<\/em><\/p>\n\n\n\n<p class=\"has-text-align-center has-luminous-vivid-amber-to-luminous-vivid-orange-gradient-background has-background\"><strong><a href=\"https:\/\/cj.estrategia.com\/portal\/concurso-mpdft-promotor\/\" target=\"_blank\" >Concurso MPDFT Promotor<\/a><\/strong><\/p>\n\n\n\n<h2 class=\"wp-block-heading has-text-align-left\" id=\"h-quer-saber-tudo-sobre-concursos-previstos-confira-nossos-artigos\"><span id=\"quer-saber-tudo-sobre-concursos-previstosconfira-nossos-artigos\">Quer saber tudo sobre concursos previstos?<br><strong>Confira nossos artigos!<\/strong><\/span><\/h2>\n\n\n\n<ul class=\"wp-block-list\">\n<li><a href=\"https:\/\/cj.estrategia.com\/portal\/concursos-abertos-carreiras-juridicas\/\">Concurso jur\u00eddicos abertos<\/a><\/li>\n\n\n\n<li><a href=\"https:\/\/cj.estrategia.com\/portal\/concursos-2025-carreiras-juridicas\/\">Concursos jur\u00eddicos 2025<\/a><\/li>\n\n\n\n<li><a href=\"https:\/\/cj.estrategia.com\/portal\/concursos-mp\/\" target=\"_blank\" >Concursos MP<\/a><\/li>\n<\/ul>\n\n\n\n<h2 class=\"wp-block-heading has-text-align-left\" id=\"cursos\"><span id=\"gostou-dessa-oportunidade-e-deseja-se-preparar-para-o-concurso-mpdft-promotor-veja-as-nossas-assinaturas\"><em>Gostou dessa oportunidade e deseja se preparar para o concurso MPDFT Promotor. Veja as nossas assinaturas:<\/em><\/span><\/h2>\n\n\n\n<div class=\"wp-block-cover\" style=\"min-height:155px;aspect-ratio:unset;\"><img decoding=\"async\" width=\"1890\" height=\"351\" class=\"wp-block-cover__image-background wp-image-8669\" alt=\"Assinaturas Jur\u00eddicas\" src=\"https:\/\/cj.estrategia.com\/portal\/wp-content\/uploads\/2022\/06\/20151253\/concurso-carreiras-juridicas-assinatura-juridica.jpg\" style=\"object-position:78% 43%\" data-object-fit=\"cover\" data-object-position=\"78% 43%\" srcset=\"https:\/\/cj.estrategia.com\/portal\/wp-content\/uploads\/2022\/06\/20151253\/concurso-carreiras-juridicas-assinatura-juridica.jpg 1890w, https:\/\/cj.estrategia.com\/portal\/wp-content\/uploads\/2022\/06\/20151253\/concurso-carreiras-juridicas-assinatura-juridica-300x56.jpg 300w, https:\/\/cj.estrategia.com\/portal\/wp-content\/uploads\/2022\/06\/20151253\/concurso-carreiras-juridicas-assinatura-juridica-1024x190.jpg 1024w, https:\/\/cj.estrategia.com\/portal\/wp-content\/uploads\/2022\/06\/20151253\/concurso-carreiras-juridicas-assinatura-juridica-768x143.jpg 768w, https:\/\/cj.estrategia.com\/portal\/wp-content\/uploads\/2022\/06\/20151253\/concurso-carreiras-juridicas-assinatura-juridica-1536x285.jpg 1536w, https:\/\/cj.estrategia.com\/portal\/wp-content\/uploads\/2022\/06\/20151253\/concurso-carreiras-juridicas-assinatura-juridica-380x71.jpg 380w, https:\/\/cj.estrategia.com\/portal\/wp-content\/uploads\/2022\/06\/20151253\/concurso-carreiras-juridicas-assinatura-juridica-800x149.jpg 800w, https:\/\/cj.estrategia.com\/portal\/wp-content\/uploads\/2022\/06\/20151253\/concurso-carreiras-juridicas-assinatura-juridica-1160x215.jpg 1160w\" sizes=\"(max-width: 1890px) 100vw, 1890px\" \/><span aria-hidden=\"true\" class=\"wp-block-cover__background has-background-dim\"><\/span><div class=\"wp-block-cover__inner-container is-layout-flow wp-block-cover-is-layout-flow\">\n<h3 id=\"faca-a-sua-assinatura\" class=\"titulo-assinatura\"><span style=\"color: #ffffff;\">Fa\u00e7a a sua assinatura!<\/span><\/h3>\n<p class=\"subtitulo-assinatura\" style=\"display:block!important; line-height: 0;\"><span style=\"color: #ffffff;\">Escolha a sua \u00e1rea.<\/span><\/p>\n<a target=\"_blank\" href=\"https:\/\/www.estrategiaconcursos.com.br\/assinaturas-ecj\/\" rel=\"noopener\"><button style=\"border-radius: 10px; text-transform: capitalize;\">Acessar<\/button><\/a>\n<\/div><\/div>\n\n\n\n<p><\/p>\n","protected":false},"excerpt":{"rendered":"A prova objetiva do 33\u00ba Concurso P\u00fablico para Promotor de Justi\u00e7a Adjunto do Minist\u00e9rio P\u00fablico do Distrito Federal&hellip;\n","protected":false},"author":162,"featured_media":37807,"comment_status":"open","ping_status":"open","sticky":false,"template":"","format":"standard","meta":{"_jetpack_memberships_contains_paid_content":false,"footnotes":""},"categories":[25],"tags":[],"tax_estado":[37],"class_list":{"0":"post-168298","1":"post","2":"type-post","3":"status-publish","4":"format-standard","5":"has-post-thumbnail","7":"category-promotoria","8":"tax_estado-df"},"acf":[],"yoast_head":"<!-- This site is optimized with the Yoast SEO Premium plugin v27.4 (Yoast SEO v27.4) - https:\/\/yoast.com\/product\/yoast-seo-premium-wordpress\/ -->\n<title>Gabarito Extraoficial MPDFT Promotor: veja seu desempenho!<\/title>\n<meta name=\"description\" content=\"Acompanhe a corre\u00e7\u00e3o extraoficial do Gabarito Extraoficial MPDFT Promotor e receba an\u00e1lise do desempenho imediata.\" \/>\n<meta name=\"robots\" content=\"index, follow, max-snippet:-1, max-image-preview:large, max-video-preview:-1\" \/>\n<link rel=\"canonical\" href=\"https:\/\/cj.estrategia.com\/portal\/gabarito-extraoficial-mpdft-promotor\/\" \/>\n<meta property=\"og:locale\" content=\"pt_BR\" \/>\n<meta property=\"og:type\" content=\"article\" \/>\n<meta property=\"og:title\" content=\"Gabarito Extraoficial MPDFT Promotor: veja seu desempenho!\" \/>\n<meta property=\"og:description\" content=\"Acompanhe a corre\u00e7\u00e3o extraoficial do Gabarito Extraoficial MPDFT Promotor e receba an\u00e1lise do desempenho imediata.\" \/>\n<meta property=\"og:url\" content=\"https:\/\/cj.estrategia.com\/portal\/gabarito-extraoficial-mpdft-promotor\/\" \/>\n<meta property=\"og:site_name\" content=\"Blog - Carreiras Jur\u00eddicas - Estrat\u00e9gia\" \/>\n<meta property=\"article:publisher\" content=\"https:\/\/www.facebook.com\/estrategiacarreirajuridica\/\" \/>\n<meta property=\"article:published_time\" content=\"2025-12-15T04:41:00+00:00\" \/>\n<meta property=\"article:modified_time\" content=\"2025-12-15T17:12:20+00:00\" \/>\n<meta property=\"og:image\" content=\"https:\/\/cj.estrategia.com\/portal\/wp-content\/uploads\/2023\/06\/01151557\/MP-DF-Promotor.jpg\" \/>\n\t<meta property=\"og:image:width\" content=\"960\" \/>\n\t<meta property=\"og:image:height\" content=\"540\" \/>\n\t<meta property=\"og:image:type\" content=\"image\/jpeg\" \/>\n<meta name=\"author\" content=\"Jos\u00e9 Ferreira\" \/>\n<meta name=\"twitter:card\" content=\"summary_large_image\" \/>\n<meta name=\"twitter:creator\" content=\"@EstratJuridica\" \/>\n<meta name=\"twitter:site\" content=\"@EstratJuridica\" \/>\n<meta name=\"twitter:label1\" content=\"Escrito por\" \/>\n\t<meta name=\"twitter:data1\" content=\"Jos\u00e9 Ferreira\" \/>\n\t<meta name=\"twitter:label2\" content=\"Est. tempo de leitura\" \/>\n\t<meta name=\"twitter:data2\" content=\"17 minutos\" \/>\n<script type=\"application\/ld+json\" class=\"yoast-schema-graph\">{\"@context\":\"https:\\\/\\\/schema.org\",\"@graph\":[{\"@type\":\"NewsArticle\",\"@id\":\"https:\\\/\\\/cj.estrategia.com\\\/portal\\\/gabarito-extraoficial-mpdft-promotor\\\/#article\",\"isPartOf\":{\"@id\":\"https:\\\/\\\/cj.estrategia.com\\\/portal\\\/gabarito-extraoficial-mpdft-promotor\\\/\"},\"author\":{\"name\":\"Jos\u00e9 Ferreira\",\"@id\":\"https:\\\/\\\/cj.estrategia.com\\\/portal\\\/#\\\/schema\\\/person\\\/4caf0099c42d736f2aade723f309f690\"},\"headline\":\"Gabarito Extraoficial MPDFT Promotor: veja seu desempenho!\",\"datePublished\":\"2025-12-15T04:41:00+00:00\",\"dateModified\":\"2025-12-15T17:12:20+00:00\",\"mainEntityOfPage\":{\"@id\":\"https:\\\/\\\/cj.estrategia.com\\\/portal\\\/gabarito-extraoficial-mpdft-promotor\\\/\"},\"wordCount\":1511,\"commentCount\":0,\"publisher\":{\"@id\":\"https:\\\/\\\/cj.estrategia.com\\\/portal\\\/#organization\"},\"image\":{\"@id\":\"https:\\\/\\\/cj.estrategia.com\\\/portal\\\/gabarito-extraoficial-mpdft-promotor\\\/#primaryimage\"},\"thumbnailUrl\":\"https:\\\/\\\/cj.estrategia.com\\\/portal\\\/wp-content\\\/uploads\\\/2023\\\/06\\\/01151557\\\/MP-DF-Promotor.jpg\",\"articleSection\":[\"Promotoria\"],\"inLanguage\":\"pt-BR\",\"potentialAction\":[{\"@type\":\"CommentAction\",\"name\":\"Comment\",\"target\":[\"https:\\\/\\\/cj.estrategia.com\\\/portal\\\/gabarito-extraoficial-mpdft-promotor\\\/#respond\"]}]},{\"@type\":\"WebPage\",\"@id\":\"https:\\\/\\\/cj.estrategia.com\\\/portal\\\/gabarito-extraoficial-mpdft-promotor\\\/\",\"url\":\"https:\\\/\\\/cj.estrategia.com\\\/portal\\\/gabarito-extraoficial-mpdft-promotor\\\/\",\"name\":\"Gabarito Extraoficial MPDFT Promotor: veja seu desempenho!\",\"isPartOf\":{\"@id\":\"https:\\\/\\\/cj.estrategia.com\\\/portal\\\/#website\"},\"primaryImageOfPage\":{\"@id\":\"https:\\\/\\\/cj.estrategia.com\\\/portal\\\/gabarito-extraoficial-mpdft-promotor\\\/#primaryimage\"},\"image\":{\"@id\":\"https:\\\/\\\/cj.estrategia.com\\\/portal\\\/gabarito-extraoficial-mpdft-promotor\\\/#primaryimage\"},\"thumbnailUrl\":\"https:\\\/\\\/cj.estrategia.com\\\/portal\\\/wp-content\\\/uploads\\\/2023\\\/06\\\/01151557\\\/MP-DF-Promotor.jpg\",\"datePublished\":\"2025-12-15T04:41:00+00:00\",\"dateModified\":\"2025-12-15T17:12:20+00:00\",\"description\":\"Acompanhe a corre\u00e7\u00e3o extraoficial do Gabarito Extraoficial MPDFT Promotor e receba an\u00e1lise do desempenho imediata.\",\"breadcrumb\":{\"@id\":\"https:\\\/\\\/cj.estrategia.com\\\/portal\\\/gabarito-extraoficial-mpdft-promotor\\\/#breadcrumb\"},\"inLanguage\":\"pt-BR\",\"potentialAction\":[{\"@type\":\"ReadAction\",\"target\":[\"https:\\\/\\\/cj.estrategia.com\\\/portal\\\/gabarito-extraoficial-mpdft-promotor\\\/\"]}]},{\"@type\":\"ImageObject\",\"inLanguage\":\"pt-BR\",\"@id\":\"https:\\\/\\\/cj.estrategia.com\\\/portal\\\/gabarito-extraoficial-mpdft-promotor\\\/#primaryimage\",\"url\":\"https:\\\/\\\/cj.estrategia.com\\\/portal\\\/wp-content\\\/uploads\\\/2023\\\/06\\\/01151557\\\/MP-DF-Promotor.jpg\",\"contentUrl\":\"https:\\\/\\\/cj.estrategia.com\\\/portal\\\/wp-content\\\/uploads\\\/2023\\\/06\\\/01151557\\\/MP-DF-Promotor.jpg\",\"width\":960,\"height\":540},{\"@type\":\"BreadcrumbList\",\"@id\":\"https:\\\/\\\/cj.estrategia.com\\\/portal\\\/gabarito-extraoficial-mpdft-promotor\\\/#breadcrumb\",\"itemListElement\":[{\"@type\":\"ListItem\",\"position\":1,\"name\":\"In\u00edcio\",\"item\":\"https:\\\/\\\/cj.estrategia.com\\\/portal\\\/\"},{\"@type\":\"ListItem\",\"position\":2,\"name\":\"Gabarito Extraoficial MPDFT Promotor: veja seu desempenho!\"}]},{\"@type\":\"WebSite\",\"@id\":\"https:\\\/\\\/cj.estrategia.com\\\/portal\\\/#website\",\"url\":\"https:\\\/\\\/cj.estrategia.com\\\/portal\\\/\",\"name\":\"Blog - Carreiras Jur\u00eddicas - Estrat\u00e9gia\",\"description\":\"\",\"publisher\":{\"@id\":\"https:\\\/\\\/cj.estrategia.com\\\/portal\\\/#organization\"},\"potentialAction\":[{\"@type\":\"SearchAction\",\"target\":{\"@type\":\"EntryPoint\",\"urlTemplate\":\"https:\\\/\\\/cj.estrategia.com\\\/portal\\\/?s={search_term_string}\"},\"query-input\":{\"@type\":\"PropertyValueSpecification\",\"valueRequired\":true,\"valueName\":\"search_term_string\"}}],\"inLanguage\":\"pt-BR\"},{\"@type\":\"Organization\",\"@id\":\"https:\\\/\\\/cj.estrategia.com\\\/portal\\\/#organization\",\"name\":\"Estrat\u00e9gia - Carreiras Jur\u00eddicas\",\"url\":\"https:\\\/\\\/cj.estrategia.com\\\/portal\\\/\",\"logo\":{\"@type\":\"ImageObject\",\"inLanguage\":\"pt-BR\",\"@id\":\"https:\\\/\\\/cj.estrategia.com\\\/portal\\\/#\\\/schema\\\/logo\\\/image\\\/\",\"url\":\"https:\\\/\\\/cj.estrategia.com\\\/portal\\\/wp-content\\\/uploads\\\/2022\\\/03\\\/11151052\\\/cj-logo.png\",\"contentUrl\":\"https:\\\/\\\/cj.estrategia.com\\\/portal\\\/wp-content\\\/uploads\\\/2022\\\/03\\\/11151052\\\/cj-logo.png\",\"width\":150,\"height\":39,\"caption\":\"Estrat\u00e9gia - Carreiras Jur\u00eddicas\"},\"image\":{\"@id\":\"https:\\\/\\\/cj.estrategia.com\\\/portal\\\/#\\\/schema\\\/logo\\\/image\\\/\"},\"sameAs\":[\"https:\\\/\\\/www.facebook.com\\\/estrategiacarreirajuridica\\\/\",\"https:\\\/\\\/x.com\\\/EstratJuridica\",\"https:\\\/\\\/www.instagram.com\\\/estrategiacarreirajuridica\\\/\",\"https:\\\/\\\/www.youtube.com\\\/channel\\\/UClbMGuYbj2Mh1m3w144ETWQ\"]},{\"@type\":\"Person\",\"@id\":\"https:\\\/\\\/cj.estrategia.com\\\/portal\\\/#\\\/schema\\\/person\\\/4caf0099c42d736f2aade723f309f690\",\"name\":\"Jos\u00e9 Ferreira\",\"image\":{\"@type\":\"ImageObject\",\"inLanguage\":\"pt-BR\",\"@id\":\"https:\\\/\\\/cj.estrategia.com\\\/portal\\\/wp-content\\\/uploads\\\/2025\\\/04\\\/18142237\\\/jose-ferreira-navarro-analista-de-conteudo-jornalismo-carreiras-juridicas-96x96.png\",\"url\":\"https:\\\/\\\/cj.estrategia.com\\\/portal\\\/wp-content\\\/uploads\\\/2025\\\/04\\\/18142237\\\/jose-ferreira-navarro-analista-de-conteudo-jornalismo-carreiras-juridicas-96x96.png\",\"contentUrl\":\"https:\\\/\\\/cj.estrategia.com\\\/portal\\\/wp-content\\\/uploads\\\/2025\\\/04\\\/18142237\\\/jose-ferreira-navarro-analista-de-conteudo-jornalismo-carreiras-juridicas-96x96.png\",\"caption\":\"Jos\u00e9 Ferreira\"},\"description\":\"Analista de conte\u00fado na equipe de Jornalismo, atua com SEO e estrat\u00e9gia para desenvolver conte\u00fados relevantes e de alta qualidade voltados para OAB e para o universo de Concursos Jur\u00eddicos.\",\"url\":\"https:\\\/\\\/cj.estrategia.com\\\/portal\\\/author\\\/jose-navarro-de-andrade-cintra-ferreira\\\/\"}]}<\/script>\n<!-- \/ Yoast SEO Premium plugin. -->","yoast_head_json":{"title":"Gabarito Extraoficial MPDFT Promotor: veja seu desempenho!","description":"Acompanhe a corre\u00e7\u00e3o extraoficial do Gabarito Extraoficial MPDFT Promotor e receba an\u00e1lise do desempenho imediata.","robots":{"index":"index","follow":"follow","max-snippet":"max-snippet:-1","max-image-preview":"max-image-preview:large","max-video-preview":"max-video-preview:-1"},"canonical":"https:\/\/cj.estrategia.com\/portal\/gabarito-extraoficial-mpdft-promotor\/","og_locale":"pt_BR","og_type":"article","og_title":"Gabarito Extraoficial MPDFT Promotor: veja seu desempenho!","og_description":"Acompanhe a corre\u00e7\u00e3o extraoficial do Gabarito Extraoficial MPDFT Promotor e receba an\u00e1lise do desempenho imediata.","og_url":"https:\/\/cj.estrategia.com\/portal\/gabarito-extraoficial-mpdft-promotor\/","og_site_name":"Blog - Carreiras Jur\u00eddicas - Estrat\u00e9gia","article_publisher":"https:\/\/www.facebook.com\/estrategiacarreirajuridica\/","article_published_time":"2025-12-15T04:41:00+00:00","article_modified_time":"2025-12-15T17:12:20+00:00","og_image":[{"width":960,"height":540,"url":"https:\/\/cj.estrategia.com\/portal\/wp-content\/uploads\/2023\/06\/01151557\/MP-DF-Promotor.jpg","type":"image\/jpeg"}],"author":"Jos\u00e9 Ferreira","twitter_card":"summary_large_image","twitter_creator":"@EstratJuridica","twitter_site":"@EstratJuridica","twitter_misc":{"Escrito por":"Jos\u00e9 Ferreira","Est. tempo de leitura":"17 minutos"},"schema":{"@context":"https:\/\/schema.org","@graph":[{"@type":"NewsArticle","@id":"https:\/\/cj.estrategia.com\/portal\/gabarito-extraoficial-mpdft-promotor\/#article","isPartOf":{"@id":"https:\/\/cj.estrategia.com\/portal\/gabarito-extraoficial-mpdft-promotor\/"},"author":{"name":"Jos\u00e9 Ferreira","@id":"https:\/\/cj.estrategia.com\/portal\/#\/schema\/person\/4caf0099c42d736f2aade723f309f690"},"headline":"Gabarito Extraoficial MPDFT Promotor: veja seu desempenho!","datePublished":"2025-12-15T04:41:00+00:00","dateModified":"2025-12-15T17:12:20+00:00","mainEntityOfPage":{"@id":"https:\/\/cj.estrategia.com\/portal\/gabarito-extraoficial-mpdft-promotor\/"},"wordCount":1511,"commentCount":0,"publisher":{"@id":"https:\/\/cj.estrategia.com\/portal\/#organization"},"image":{"@id":"https:\/\/cj.estrategia.com\/portal\/gabarito-extraoficial-mpdft-promotor\/#primaryimage"},"thumbnailUrl":"https:\/\/cj.estrategia.com\/portal\/wp-content\/uploads\/2023\/06\/01151557\/MP-DF-Promotor.jpg","articleSection":["Promotoria"],"inLanguage":"pt-BR","potentialAction":[{"@type":"CommentAction","name":"Comment","target":["https:\/\/cj.estrategia.com\/portal\/gabarito-extraoficial-mpdft-promotor\/#respond"]}]},{"@type":"WebPage","@id":"https:\/\/cj.estrategia.com\/portal\/gabarito-extraoficial-mpdft-promotor\/","url":"https:\/\/cj.estrategia.com\/portal\/gabarito-extraoficial-mpdft-promotor\/","name":"Gabarito Extraoficial MPDFT Promotor: veja seu desempenho!","isPartOf":{"@id":"https:\/\/cj.estrategia.com\/portal\/#website"},"primaryImageOfPage":{"@id":"https:\/\/cj.estrategia.com\/portal\/gabarito-extraoficial-mpdft-promotor\/#primaryimage"},"image":{"@id":"https:\/\/cj.estrategia.com\/portal\/gabarito-extraoficial-mpdft-promotor\/#primaryimage"},"thumbnailUrl":"https:\/\/cj.estrategia.com\/portal\/wp-content\/uploads\/2023\/06\/01151557\/MP-DF-Promotor.jpg","datePublished":"2025-12-15T04:41:00+00:00","dateModified":"2025-12-15T17:12:20+00:00","description":"Acompanhe a corre\u00e7\u00e3o extraoficial do Gabarito Extraoficial MPDFT Promotor e receba an\u00e1lise do desempenho imediata.","breadcrumb":{"@id":"https:\/\/cj.estrategia.com\/portal\/gabarito-extraoficial-mpdft-promotor\/#breadcrumb"},"inLanguage":"pt-BR","potentialAction":[{"@type":"ReadAction","target":["https:\/\/cj.estrategia.com\/portal\/gabarito-extraoficial-mpdft-promotor\/"]}]},{"@type":"ImageObject","inLanguage":"pt-BR","@id":"https:\/\/cj.estrategia.com\/portal\/gabarito-extraoficial-mpdft-promotor\/#primaryimage","url":"https:\/\/cj.estrategia.com\/portal\/wp-content\/uploads\/2023\/06\/01151557\/MP-DF-Promotor.jpg","contentUrl":"https:\/\/cj.estrategia.com\/portal\/wp-content\/uploads\/2023\/06\/01151557\/MP-DF-Promotor.jpg","width":960,"height":540},{"@type":"BreadcrumbList","@id":"https:\/\/cj.estrategia.com\/portal\/gabarito-extraoficial-mpdft-promotor\/#breadcrumb","itemListElement":[{"@type":"ListItem","position":1,"name":"In\u00edcio","item":"https:\/\/cj.estrategia.com\/portal\/"},{"@type":"ListItem","position":2,"name":"Gabarito Extraoficial MPDFT Promotor: veja seu desempenho!"}]},{"@type":"WebSite","@id":"https:\/\/cj.estrategia.com\/portal\/#website","url":"https:\/\/cj.estrategia.com\/portal\/","name":"Blog - Carreiras Jur\u00eddicas - Estrat\u00e9gia","description":"","publisher":{"@id":"https:\/\/cj.estrategia.com\/portal\/#organization"},"potentialAction":[{"@type":"SearchAction","target":{"@type":"EntryPoint","urlTemplate":"https:\/\/cj.estrategia.com\/portal\/?s={search_term_string}"},"query-input":{"@type":"PropertyValueSpecification","valueRequired":true,"valueName":"search_term_string"}}],"inLanguage":"pt-BR"},{"@type":"Organization","@id":"https:\/\/cj.estrategia.com\/portal\/#organization","name":"Estrat\u00e9gia - Carreiras Jur\u00eddicas","url":"https:\/\/cj.estrategia.com\/portal\/","logo":{"@type":"ImageObject","inLanguage":"pt-BR","@id":"https:\/\/cj.estrategia.com\/portal\/#\/schema\/logo\/image\/","url":"https:\/\/cj.estrategia.com\/portal\/wp-content\/uploads\/2022\/03\/11151052\/cj-logo.png","contentUrl":"https:\/\/cj.estrategia.com\/portal\/wp-content\/uploads\/2022\/03\/11151052\/cj-logo.png","width":150,"height":39,"caption":"Estrat\u00e9gia - Carreiras Jur\u00eddicas"},"image":{"@id":"https:\/\/cj.estrategia.com\/portal\/#\/schema\/logo\/image\/"},"sameAs":["https:\/\/www.facebook.com\/estrategiacarreirajuridica\/","https:\/\/x.com\/EstratJuridica","https:\/\/www.instagram.com\/estrategiacarreirajuridica\/","https:\/\/www.youtube.com\/channel\/UClbMGuYbj2Mh1m3w144ETWQ"]},{"@type":"Person","@id":"https:\/\/cj.estrategia.com\/portal\/#\/schema\/person\/4caf0099c42d736f2aade723f309f690","name":"Jos\u00e9 Ferreira","image":{"@type":"ImageObject","inLanguage":"pt-BR","@id":"https:\/\/cj.estrategia.com\/portal\/wp-content\/uploads\/2025\/04\/18142237\/jose-ferreira-navarro-analista-de-conteudo-jornalismo-carreiras-juridicas-96x96.png","url":"https:\/\/cj.estrategia.com\/portal\/wp-content\/uploads\/2025\/04\/18142237\/jose-ferreira-navarro-analista-de-conteudo-jornalismo-carreiras-juridicas-96x96.png","contentUrl":"https:\/\/cj.estrategia.com\/portal\/wp-content\/uploads\/2025\/04\/18142237\/jose-ferreira-navarro-analista-de-conteudo-jornalismo-carreiras-juridicas-96x96.png","caption":"Jos\u00e9 Ferreira"},"description":"Analista de conte\u00fado na equipe de Jornalismo, atua com SEO e estrat\u00e9gia para desenvolver conte\u00fados relevantes e de alta qualidade voltados para OAB e para o universo de Concursos Jur\u00eddicos.","url":"https:\/\/cj.estrategia.com\/portal\/author\/jose-navarro-de-andrade-cintra-ferreira\/"}]}},"jetpack_featured_media_url":"https:\/\/cj.estrategia.com\/portal\/wp-content\/uploads\/2023\/06\/01151557\/MP-DF-Promotor.jpg","jetpack_sharing_enabled":true,"_links":{"self":[{"href":"https:\/\/cj.estrategia.com\/portal\/wp-json\/wp\/v2\/posts\/168298","targetHints":{"allow":["GET"]}}],"collection":[{"href":"https:\/\/cj.estrategia.com\/portal\/wp-json\/wp\/v2\/posts"}],"about":[{"href":"https:\/\/cj.estrategia.com\/portal\/wp-json\/wp\/v2\/types\/post"}],"author":[{"embeddable":true,"href":"https:\/\/cj.estrategia.com\/portal\/wp-json\/wp\/v2\/users\/162"}],"replies":[{"embeddable":true,"href":"https:\/\/cj.estrategia.com\/portal\/wp-json\/wp\/v2\/comments?post=168298"}],"version-history":[{"count":36,"href":"https:\/\/cj.estrategia.com\/portal\/wp-json\/wp\/v2\/posts\/168298\/revisions"}],"predecessor-version":[{"id":168961,"href":"https:\/\/cj.estrategia.com\/portal\/wp-json\/wp\/v2\/posts\/168298\/revisions\/168961"}],"wp:featuredmedia":[{"embeddable":true,"href":"https:\/\/cj.estrategia.com\/portal\/wp-json\/wp\/v2\/media\/37807"}],"wp:attachment":[{"href":"https:\/\/cj.estrategia.com\/portal\/wp-json\/wp\/v2\/media?parent=168298"}],"wp:term":[{"taxonomy":"category","embeddable":true,"href":"https:\/\/cj.estrategia.com\/portal\/wp-json\/wp\/v2\/categories?post=168298"},{"taxonomy":"post_tag","embeddable":true,"href":"https:\/\/cj.estrategia.com\/portal\/wp-json\/wp\/v2\/tags?post=168298"},{"taxonomy":"tax_estado","embeddable":true,"href":"https:\/\/cj.estrategia.com\/portal\/wp-json\/wp\/v2\/tax_estado?post=168298"}],"curies":[{"name":"wp","href":"https:\/\/api.w.org\/{rel}","templated":true}]}}