{"id":167707,"date":"2025-12-26T21:16:14","date_gmt":"2025-12-27T00:16:14","guid":{"rendered":"https:\/\/cj.estrategia.com\/portal\/?p=167707"},"modified":"2025-12-26T21:17:05","modified_gmt":"2025-12-27T00:17:05","slug":"concurso-procurador-samae-mogi-guacu-sp","status":"publish","type":"post","link":"https:\/\/cj.estrategia.com\/portal\/concurso-procurador-samae-mogi-guacu-sp\/","title":{"rendered":"Concurso Procurador SAMAE Mogi Gua\u00e7u SP: suspenso!"},"content":{"rendered":"<a id=\"cta-icon\" href=\"https:\/\/sndflw.com\/i\/procuradorias-grupo\" target=\"blank\" style=\"background:rgb(41,166,26)\">\n            <img decoding=\"async\" src=\"https:\/\/cj.estrategia.com\/portal\/wp-content\/uploads\/2023\/12\/07160657\/whatsapp_1385.webp\" alt=\"\" alt=\"whatsapp_1385\"><span > Acesse agora o Grupo de Estudos para Concurso de Procuradorias <\/span><\/a>\n\n\n\n<p>O <strong>Servi\u00e7o Aut\u00f4nomo Municipal de \u00c1gua e Esgoto de Mogi Gua\u00e7u (SAMAE)<\/strong> publicou o edital de concurso, e em seguida a suspens\u00e3o do mesmo, veja:<\/p>\n\n\n\n<ul class=\"wp-block-list\">\n<li><a href=\"https:\/\/cj.estrategia.com\/portal\/wp-content\/uploads\/2025\/12\/26211332\/SAMAE-MOGI-GUACU-CP-1-2025-EDITAL-DE-SUSPENSAO.pdf\" target=\"_blank\" rel=\"noreferrer noopener nofollow\">Suspens\u00e3o<\/a> <\/li>\n<\/ul>\n\n\n\n<p>A sele\u00e7\u00e3o oferta <strong>uma vaga imediata<\/strong> para <strong>Procurador Jur\u00eddico Aut\u00e1rquico<\/strong>, destinado a profissionais com gradua\u00e7\u00e3o em Direito e registro na OAB\/SP e remunera\u00e7\u00e3o inicial de <strong>R$ 6.058,34<\/strong>.<\/p>\n\n\n\n<p>Os interessados poderiam <strong>se inscrever<\/strong> <strong>de 9 de dezembro de 2025 a 16 de janeiro de 2026<\/strong>. O pagamento da taxa no valor de <strong>R$ 12,70<\/strong> deveria ser realizado at\u00e9 o \u00faltimo dia de inscri\u00e7\u00f5es.<\/p>\n\n\n\n<p>A <strong>prova objetiva<\/strong> estava prevista para o <strong>dia 08 de fevereiro de 2026<\/strong>. Confira mais detalhes no artigo<\/p>\n\n\n\n<ul class=\"wp-block-list has-very-light-gray-to-cyan-bluish-gray-gradient-background has-background\">\n<li><strong>Concurso Procurador SAMAE Mogi Gua\u00e7u SP<\/strong><\/li>\n\n\n\n<li><strong>Status:<\/strong> edital suspenso<\/li>\n\n\n\n<li><strong>Banca:<\/strong> <a href=\"https:\/\/www.publiconsult.com.br\/Concurso\/Detail\/645?origem=H&amp;utm_source=google&amp;utm_medium=cpc&amp;utm_campaign=ec-leg-vd-gsh-camaradeputados-web-110925\">Publiconsult<\/a><\/li>\n\n\n\n<li><strong>Vagas:<\/strong> 1<\/li>\n\n\n\n<li><strong>Remunera\u00e7\u00e3o:<\/strong> R$ 6.058,34<\/li>\n<\/ul>\n\n\n\n<div class=\"container\" id=\"boxes\">\n  <div class=\"row\">\n\n    <div class=\"col-sm\">\n      <div class=\"banner-estrategia-concursos-juridicos\" id=\"box-assinatura\">\n        <h2 id=\"curso-para-procurador-samae-mogi-guacu\" class=\"titulo-assinatura\"><span style=\"color: #ffffff; font-size: 23px; \">Curso para  Procurador SAMAE Mogi Gua\u00e7u<\/span><\/h2>\n        <p class=\"subtitulo-assinatura\">Cursos focados no edital do concurso<\/p>\n        <div class=\"box-botao\">\n          <a class=\"btn-assinatura-juridica\" target=\"_blank\" href=\"https:\/\/cj.estrategia.com\/cursos\/\" role=\"button\" rel=\"noopener noreferrer\">Conhe\u00e7a mais<\/a>\n        <\/div>\n      <\/div>\n      <p class=\"texto-auxiliar\">Prepare-se com o melhor material e com quem mais aprova em concursos em todo o pa\u00eds. \n<\/p>\n    <\/div>\n\n  <\/div>\n<\/div>\n\n\n\n<div class=\"wp-block-yoast-seo-table-of-contents yoast-table-of-contents\"><h3 id=\"navegue-pelo-indice\">Navegue pelo \u00edndice:<\/h3><ul><li><a href=\"#h-concurso-procurador-samae-mogi-guacu-sp-situacao-atual\" data-level=\"2\">Concurso Procurador SAMAE Mogi Gua\u00e7u SP: situa\u00e7\u00e3o atual<\/a><ul><li><a href=\"#h-edital-suspenso\" data-level=\"3\">Edital suspenso<\/a><\/li><\/ul><\/li><li><a href=\"#h-carreira-de-procurador-na-samae-mogi-guacu-sp\" data-level=\"2\">Carreira de Procurador na SAMAE Mogi Gua\u00e7u SP<\/a><ul><li><a href=\"#cargos\" data-level=\"3\">Cargo, vagas e remunera\u00e7\u00e3o<\/a><\/li><\/ul><\/li><li><a href=\"#h-quais-sao-as-etapas\" data-level=\"2\">Quais s\u00e3o as etapas?<\/a><\/li><li><a href=\"#h-quer-saber-tudo-sobre-concursos-previstos-confira-nossos-artigos\" data-level=\"2\">Quer saber tudo sobre concursos previstos? Confira nossos artigos!<\/a><\/li><li><a href=\"#cursos\" data-level=\"2\">CURSOS E ASSINATURAS<\/a><ul><li><a href=\"#ficha\" data-level=\"3\">Informa\u00e7\u00f5es do Concurso Procurador SAMAE Mogi Gua\u00e7u SP<\/a><\/li><\/ul><\/li><\/ul><\/div>\n\n\n\n<h2 class=\"wp-block-heading\" id=\"h-concurso-procurador-samae-mogi-guacu-sp-situacao-atual\"><span id=\"concurso-procurador-samae-mogi-guacu-sp-situacao-atual\">Concurso Procurador SAMAE Mogi Gua\u00e7u SP: situa\u00e7\u00e3o atual<\/span><\/h2>\n\n\n\n<h3 class=\"wp-block-heading\" id=\"h-edital-suspenso\"><span id=\"edital-suspenso\">Edital suspenso<\/span><\/h3>\n\n\n\n<p>O SAMAE de Mogi Gua\u00e7u (SP) <a href=\"https:\/\/cj.estrategia.com\/portal\/wp-content\/uploads\/2025\/12\/26211332\/SAMAE-MOGI-GUACU-CP-1-2025-EDITAL-DE-SUSPENSAO.pdf\" target=\"_blank\" rel=\"noreferrer noopener nofollow\">suspendeu<\/a> temporariamente o Concurso P\u00fablico n\u00ba 1\/2025 em raz\u00e3o de recursos e impugna\u00e7\u00f5es relacionados \u00e0s etapas de avalia\u00e7\u00e3o.<\/p>\n\n\n\n<p>A suspens\u00e3o ocorre para adequa\u00e7\u00e3o da legisla\u00e7\u00e3o municipal \u00e0s exig\u00eancias e requisitos dos cargos previstos no edital.<\/p>\n\n\n\n<p>Candidatos que j\u00e1 pagaram a inscri\u00e7\u00e3o podem solicitar o reembolso diretamente junto \u00e0 Administra\u00e7\u00e3o do SAMAE.<\/p>\n\n\n\n<h2 class=\"wp-block-heading\" id=\"h-carreira-de-procurador-na-samae-mogi-guacu-sp\"><span id=\"carreira-de-procurador-na-samae-mogi-guacu-sp\">Carreira de Procurador na SAMAE Mogi Gua\u00e7u SP<\/span><\/h2>\n\n\n\n<h3 class=\"wp-block-heading\" id=\"cargos\"><span id=\"cargo-vagas-e-remuneracao\">Cargo, vagas e remunera\u00e7\u00e3o<\/span><\/h3>\n\n\n\n<figure class=\"wp-block-table is-style-stripes\"><table class=\"has-very-light-gray-to-cyan-bluish-gray-gradient-background has-background\"><tbody><tr><td class=\"has-text-align-center\" data-align=\"center\"><strong>Cargo<\/strong><\/td><td><\/td><td class=\"has-text-align-center\" data-align=\"center\"><strong>Vagas<\/strong><\/td><td class=\"has-text-align-center\" data-align=\"center\"><strong>Remunera\u00e7\u00e3o<\/strong><\/td><td class=\"has-text-align-center\" data-align=\"center\"><strong>Requisitos <\/strong><\/td><\/tr><tr><td class=\"has-text-align-center\" data-align=\"center\">Procurador Jur\u00eddico<br>Aut\u00e1rquico<\/td><td><\/td><td class=\"has-text-align-center\" data-align=\"center\">1<\/td><td class=\"has-text-align-center\" data-align=\"center\">R$ 6.058,34<\/td><td class=\"has-text-align-center\" data-align=\"center\">Superior e registro na OAB\/SP; CNH<\/td><\/tr><\/tbody><\/table><\/figure>\n\n\n\n<h2 class=\"wp-block-heading\" id=\"h-quais-sao-as-etapas\"><span id=\"quais-sao-as-etapas\">Quais s\u00e3o as etapas?<\/span><\/h2>\n\n\n\n<p><strong><em>O certame deveria ser dividido em duas fases:<\/em><\/strong><\/p>\n\n\n\n<h4 class=\"wp-block-heading\" id=\"h-prova-objetiva-eliminatoria-e-classificatoria\"><span id=\"prova-objetiva-eliminatoria-e-classificatoria\">Prova objetiva (eliminat\u00f3ria e classificat\u00f3ria)<\/span><\/h4>\n\n\n\n<figure class=\"wp-block-image size-full\"><img decoding=\"async\" width=\"886\" height=\"149\" src=\"https:\/\/cj.estrategia.com\/portal\/wp-content\/uploads\/2025\/12\/09114818\/204B111E-910F-4636-B742-35595C1D354A.png\" alt=\"\" class=\"wp-image-167709\" srcset=\"https:\/\/cj.estrategia.com\/portal\/wp-content\/uploads\/2025\/12\/09114818\/204B111E-910F-4636-B742-35595C1D354A.png 886w, https:\/\/cj.estrategia.com\/portal\/wp-content\/uploads\/2025\/12\/09114818\/204B111E-910F-4636-B742-35595C1D354A-300x50.png 300w, https:\/\/cj.estrategia.com\/portal\/wp-content\/uploads\/2025\/12\/09114818\/204B111E-910F-4636-B742-35595C1D354A-768x129.png 768w, https:\/\/cj.estrategia.com\/portal\/wp-content\/uploads\/2025\/12\/09114818\/204B111E-910F-4636-B742-35595C1D354A-380x64.png 380w, https:\/\/cj.estrategia.com\/portal\/wp-content\/uploads\/2025\/12\/09114818\/204B111E-910F-4636-B742-35595C1D354A-800x135.png 800w, https:\/\/cj.estrategia.com\/portal\/wp-content\/uploads\/2025\/12\/09114818\/204B111E-910F-4636-B742-35595C1D354A-150x25.png 150w\" sizes=\"(max-width: 886px) 100vw, 886px\" \/><\/figure>\n\n\n\n<p>A prova est\u00e1 prevista para <strong>8 de fevereiro de 2026<\/strong>, no per\u00edodo da tarde. O exame ser\u00e1 composto por <strong>35 quest\u00f5es de m\u00faltipla escolha<\/strong>, distribu\u00eddas da seguinte forma:<\/p>\n\n\n\n<ul class=\"wp-block-list\">\n<li><strong>L\u00edngua Portuguesa e Reda\u00e7\u00e3o Oficial<\/strong> \u2013 10 quest\u00f5es (peso 2,5)<\/li>\n\n\n\n<li><strong>Conhecimentos Espec\u00edficos<\/strong> \u2013 25 quest\u00f5es (peso 3)<\/li>\n<\/ul>\n\n\n\n<p>A pontua\u00e7\u00e3o m\u00e1xima \u00e9 de 100 pontos, e ser\u00e1 considerado classificado o candidato que alcan\u00e7ar pelo menos <strong>50 pontos<\/strong> na prova objetiva<\/p>\n\n\n\n<h4 class=\"wp-block-heading\" id=\"h-prova-de-direcao-eliminatoria\"><span id=\"prova-de-direcao-eliminatoria\">Prova de dire\u00e7\u00e3o (eliminat\u00f3ria)<\/span><\/h4>\n\n\n\n<p>Ap\u00f3s a etapa objetiva, os <strong>20 candidatos mais bem classificados<\/strong> ser\u00e3o convocados para a <strong>Prova de Dire\u00e7\u00e3o<\/strong>, que tem car\u00e1ter eliminat\u00f3rio. <\/p>\n\n\n\n<p>A Prova de Dire\u00e7\u00e3o, de car\u00e1ter eliminat\u00f3rio, visa aferir a capacidade do candidato de conduzir o ve\u00edculo com seguran\u00e7a, obedecendo \u00e0s normas de tr\u00e2nsito, executando manobras exigidas e demonstrando controle veicular e comportamento preventivo no tr\u00e2nsito.<\/p>\n\n\n\n<p><strong>Outras Etapas Eliminat\u00f3rias<\/strong><\/p>\n\n\n\n<p>Todos os candidatos aprovados nas etapas anteriores dever\u00e3o passar ainda por:<\/p>\n\n\n\n<ul class=\"wp-block-list\">\n<li><strong>Exame Psicot\u00e9cnico e Psicol\u00f3gico<\/strong><\/li>\n\n\n\n<li><strong>Exame Toxicol\u00f3gico<\/strong><\/li>\n<\/ul>\n\n\n\n<p>Ambos possuem car\u00e1ter eliminat\u00f3rio.<\/p>\n\n\n\n<h2 class=\"wp-block-heading has-text-align-center\" id=\"h-quer-saber-tudo-sobre-concursos-previstos-confira-nossos-artigos\"><span id=\"quer-saber-tudo-sobre-concursos-previstosconfira-nossos-artigos\">Quer saber tudo sobre concursos previstos?<br><strong>Confira nossos artigos!<\/strong><\/span><\/h2>\n\n\n\n<ul id=\"block-fc6848cb-0405-4f7b-8b25-37cfb1488fa9\" class=\"wp-block-list\">\n<li><a href=\"https:\/\/cj.estrategia.com\/portal\/concursos-abertos-carreiras-juridicas\/\" target=\"_blank\" >Concursos Jur\u00eddicos abertos<\/a><\/li>\n\n\n\n<li><a href=\"https:\/\/cj.estrategia.com\/portal\/concursos-2025-carreiras-juridicas\/\" target=\"_blank\" ><\/a><a href=\"https:\/\/cj.estrategia.com\/portal\/concursos-juridicos-2026-prepare-se-para-os-proximos-editais\/\" target=\"_blank\" >Concursos Jur\u00eddicos 2026<\/a><\/li>\n\n\n\n<li><a href=\"https:\/\/cj.estrategia.com\/portal\/concursos-procuradorias\/\" target=\"_blank\" >Concursos Procuradorias<\/a><\/li>\n<\/ul>\n\n\n\n<h2 class=\"wp-block-heading has-text-align-center\" id=\"cursos\"><span id=\"cursos-e-assinaturas\">CURSOS E ASSINATURAS<\/span><\/h2>\n\n\n\n<div class=\"wp-block-cover\" style=\"min-height:155px;aspect-ratio:unset;\"><img decoding=\"async\" width=\"1890\" height=\"351\" class=\"wp-block-cover__image-background wp-image-8669\" alt=\"Assinaturas Jur\u00eddicas\" src=\"https:\/\/cj.estrategia.com\/portal\/wp-content\/uploads\/2022\/06\/20151253\/concurso-carreiras-juridicas-assinatura-juridica.jpg\" style=\"object-position:78% 43%\" data-object-fit=\"cover\" data-object-position=\"78% 43%\" srcset=\"https:\/\/cj.estrategia.com\/portal\/wp-content\/uploads\/2022\/06\/20151253\/concurso-carreiras-juridicas-assinatura-juridica.jpg 1890w, https:\/\/cj.estrategia.com\/portal\/wp-content\/uploads\/2022\/06\/20151253\/concurso-carreiras-juridicas-assinatura-juridica-300x56.jpg 300w, https:\/\/cj.estrategia.com\/portal\/wp-content\/uploads\/2022\/06\/20151253\/concurso-carreiras-juridicas-assinatura-juridica-1024x190.jpg 1024w, https:\/\/cj.estrategia.com\/portal\/wp-content\/uploads\/2022\/06\/20151253\/concurso-carreiras-juridicas-assinatura-juridica-768x143.jpg 768w, https:\/\/cj.estrategia.com\/portal\/wp-content\/uploads\/2022\/06\/20151253\/concurso-carreiras-juridicas-assinatura-juridica-1536x285.jpg 1536w, https:\/\/cj.estrategia.com\/portal\/wp-content\/uploads\/2022\/06\/20151253\/concurso-carreiras-juridicas-assinatura-juridica-380x71.jpg 380w, https:\/\/cj.estrategia.com\/portal\/wp-content\/uploads\/2022\/06\/20151253\/concurso-carreiras-juridicas-assinatura-juridica-800x149.jpg 800w, https:\/\/cj.estrategia.com\/portal\/wp-content\/uploads\/2022\/06\/20151253\/concurso-carreiras-juridicas-assinatura-juridica-1160x215.jpg 1160w\" sizes=\"(max-width: 1890px) 100vw, 1890px\" \/><span aria-hidden=\"true\" class=\"wp-block-cover__background has-background-dim\"><\/span><div class=\"wp-block-cover__inner-container is-layout-flow wp-block-cover-is-layout-flow\">\n<h3 id=\"faca-a-sua-assinatura\" class=\"titulo-assinatura\"><span style=\"color: #ffffff;\">Fa\u00e7a a sua assinatura!<\/span><\/h3>\n<p class=\"subtitulo-assinatura\" style=\"display:block!important; line-height: 0;\"><span style=\"color: #ffffff;\">Escolha a sua \u00e1rea.<\/span><\/p>\n<a target=\"_blank\" href=\"https:\/\/www.estrategiaconcursos.com.br\/assinaturas-ecj\/\" rel=\"noopener\"><button style=\"border-radius: 10px; text-transform: capitalize;\">Acessar<\/button><\/a>\n<\/div><\/div>\n\n\n\n<figure class=\"wp-block-image is-resized\" id=\"block-3b8bacaa-0670-4296-b2f0-212db5343bcc\"><img decoding=\"async\" src=\"https:\/\/dhg1h5j42swfq.cloudfront.net\/2021\/04\/21143859\/ficha-tecnica-161-1024x632.png\" alt=\"concurso tjm mg ficha t\u00e9cnica\" style=\"width:196px;height:auto\"\/><\/figure>\n\n\n\n<h3 class=\"wp-block-heading\" id=\"ficha\"><span id=\"informacoes-do-concurso-procurador-samae-mogi-guacu-sp\">Informa\u00e7\u00f5es do Concurso Procurador SAMAE Mogi Gua\u00e7u SP<\/span><\/h3>\n\n\n\n<ul class=\"wp-block-list\">\n<li><strong>Cargos<\/strong>: Procurador Jur\u00eddico Aut\u00e1rquico<\/li>\n\n\n\n<li><strong>Vagas<\/strong>: 1 <\/li>\n\n\n\n<li><strong>Banca<\/strong>: Publiconsult<\/li>\n\n\n\n<li><strong>Edital: <\/strong><a href=\"https:\/\/cj.estrategia.com\/portal\/wp-content\/uploads\/2025\/12\/09120540\/SAMAE-MOGI-GUACU-CP-1-2025-EDITAL-DE-ABERTURA-DE-INSCRICOES-alteracoes-apos-reuniao-05dez2025.pdf\" target=\"_blank\" >Procurador SAMAE Mogi Gua\u00e7u 2025<\/a><\/li>\n<\/ul>\n","protected":false},"excerpt":{"rendered":"O Servi\u00e7o Aut\u00f4nomo Municipal de \u00c1gua e Esgoto de Mogi Gua\u00e7u (SAMAE) publicou o edital de concurso, e&hellip;\n","protected":false},"author":12,"featured_media":67167,"comment_status":"open","ping_status":"open","sticky":false,"template":"","format":"standard","meta":{"_jetpack_memberships_contains_paid_content":false,"footnotes":""},"categories":[24],"tags":[],"tax_estado":[56],"class_list":{"0":"post-167707","1":"post","2":"type-post","3":"status-publish","4":"format-standard","5":"has-post-thumbnail","7":"category-procuradoria","8":"tax_estado-sp"},"acf":[],"yoast_head":"<!-- This site is optimized with the Yoast SEO Premium plugin v27.4 (Yoast SEO v27.4) - https:\/\/yoast.com\/product\/yoast-seo-premium-wordpress\/ -->\n<title>Concurso Procurador SAMAE Mogi Gua\u00e7u SP: suspenso!<\/title>\n<meta name=\"description\" content=\"Saiba tudo sobre o Concurso Procurador SAMAE Mogi Gua\u00e7u SP e a suspens\u00e3o do edital. Vagas e detalhes importantes da sele\u00e7\u00e3o...\" \/>\n<meta name=\"robots\" content=\"index, follow, max-snippet:-1, max-image-preview:large, max-video-preview:-1\" \/>\n<link rel=\"canonical\" href=\"https:\/\/cj.estrategia.com\/portal\/concurso-procurador-samae-mogi-guacu-sp\/\" \/>\n<meta property=\"og:locale\" content=\"pt_BR\" \/>\n<meta property=\"og:type\" content=\"article\" \/>\n<meta property=\"og:title\" content=\"Concurso Procurador SAMAE Mogi Gua\u00e7u SP: suspenso!\" \/>\n<meta property=\"og:description\" content=\"Saiba tudo sobre o Concurso Procurador SAMAE Mogi Gua\u00e7u SP e a suspens\u00e3o do edital. Vagas e detalhes importantes da sele\u00e7\u00e3o...\" \/>\n<meta property=\"og:url\" content=\"https:\/\/cj.estrategia.com\/portal\/concurso-procurador-samae-mogi-guacu-sp\/\" \/>\n<meta property=\"og:site_name\" content=\"Blog - Carreiras Jur\u00eddicas - Estrat\u00e9gia\" \/>\n<meta property=\"article:publisher\" content=\"https:\/\/www.facebook.com\/estrategiacarreirajuridica\/\" \/>\n<meta property=\"article:published_time\" content=\"2025-12-27T00:16:14+00:00\" \/>\n<meta property=\"article:modified_time\" content=\"2025-12-27T00:17:05+00:00\" \/>\n<meta property=\"og:image\" content=\"https:\/\/cj.estrategia.com\/portal\/wp-content\/uploads\/2024\/06\/26133417\/concurso_procuradorias.jpg\" \/>\n\t<meta property=\"og:image:width\" content=\"300\" \/>\n\t<meta property=\"og:image:height\" content=\"200\" \/>\n\t<meta property=\"og:image:type\" content=\"image\/jpeg\" \/>\n<meta name=\"author\" content=\"Coordena\u00e7\u00e3o\" \/>\n<meta name=\"twitter:card\" content=\"summary_large_image\" \/>\n<meta name=\"twitter:creator\" content=\"@EstratJuridica\" \/>\n<meta name=\"twitter:site\" content=\"@EstratJuridica\" \/>\n<meta name=\"twitter:label1\" content=\"Escrito por\" \/>\n\t<meta name=\"twitter:data1\" content=\"Coordena\u00e7\u00e3o\" \/>\n\t<meta name=\"twitter:label2\" content=\"Est. tempo de leitura\" \/>\n\t<meta name=\"twitter:data2\" content=\"4 minutos\" \/>\n<script type=\"application\/ld+json\" class=\"yoast-schema-graph\">{\"@context\":\"https:\\\/\\\/schema.org\",\"@graph\":[{\"@type\":\"NewsArticle\",\"@id\":\"https:\\\/\\\/cj.estrategia.com\\\/portal\\\/concurso-procurador-samae-mogi-guacu-sp\\\/#article\",\"isPartOf\":{\"@id\":\"https:\\\/\\\/cj.estrategia.com\\\/portal\\\/concurso-procurador-samae-mogi-guacu-sp\\\/\"},\"author\":{\"name\":\"Coordena\u00e7\u00e3o\",\"@id\":\"https:\\\/\\\/cj.estrategia.com\\\/portal\\\/#\\\/schema\\\/person\\\/4d70317d31449932b99102916b6637f5\"},\"headline\":\"Concurso Procurador SAMAE Mogi Gua\u00e7u SP: suspenso!\",\"datePublished\":\"2025-12-27T00:16:14+00:00\",\"dateModified\":\"2025-12-27T00:17:05+00:00\",\"mainEntityOfPage\":{\"@id\":\"https:\\\/\\\/cj.estrategia.com\\\/portal\\\/concurso-procurador-samae-mogi-guacu-sp\\\/\"},\"wordCount\":573,\"commentCount\":0,\"publisher\":{\"@id\":\"https:\\\/\\\/cj.estrategia.com\\\/portal\\\/#organization\"},\"image\":{\"@id\":\"https:\\\/\\\/cj.estrategia.com\\\/portal\\\/concurso-procurador-samae-mogi-guacu-sp\\\/#primaryimage\"},\"thumbnailUrl\":\"https:\\\/\\\/cj.estrategia.com\\\/portal\\\/wp-content\\\/uploads\\\/2024\\\/06\\\/26133417\\\/concurso_procuradorias.jpg\",\"articleSection\":[\"Procuradoria\"],\"inLanguage\":\"pt-BR\",\"potentialAction\":[{\"@type\":\"CommentAction\",\"name\":\"Comment\",\"target\":[\"https:\\\/\\\/cj.estrategia.com\\\/portal\\\/concurso-procurador-samae-mogi-guacu-sp\\\/#respond\"]}],\"accessibilityFeature\":[\"tableOfContents\"]},{\"@type\":\"WebPage\",\"@id\":\"https:\\\/\\\/cj.estrategia.com\\\/portal\\\/concurso-procurador-samae-mogi-guacu-sp\\\/\",\"url\":\"https:\\\/\\\/cj.estrategia.com\\\/portal\\\/concurso-procurador-samae-mogi-guacu-sp\\\/\",\"name\":\"Concurso Procurador SAMAE Mogi Gua\u00e7u SP: suspenso!\",\"isPartOf\":{\"@id\":\"https:\\\/\\\/cj.estrategia.com\\\/portal\\\/#website\"},\"primaryImageOfPage\":{\"@id\":\"https:\\\/\\\/cj.estrategia.com\\\/portal\\\/concurso-procurador-samae-mogi-guacu-sp\\\/#primaryimage\"},\"image\":{\"@id\":\"https:\\\/\\\/cj.estrategia.com\\\/portal\\\/concurso-procurador-samae-mogi-guacu-sp\\\/#primaryimage\"},\"thumbnailUrl\":\"https:\\\/\\\/cj.estrategia.com\\\/portal\\\/wp-content\\\/uploads\\\/2024\\\/06\\\/26133417\\\/concurso_procuradorias.jpg\",\"datePublished\":\"2025-12-27T00:16:14+00:00\",\"dateModified\":\"2025-12-27T00:17:05+00:00\",\"description\":\"Saiba tudo sobre o Concurso Procurador SAMAE Mogi Gua\u00e7u SP e a suspens\u00e3o do edital. Vagas e detalhes importantes da sele\u00e7\u00e3o...\",\"breadcrumb\":{\"@id\":\"https:\\\/\\\/cj.estrategia.com\\\/portal\\\/concurso-procurador-samae-mogi-guacu-sp\\\/#breadcrumb\"},\"inLanguage\":\"pt-BR\",\"potentialAction\":[{\"@type\":\"ReadAction\",\"target\":[\"https:\\\/\\\/cj.estrategia.com\\\/portal\\\/concurso-procurador-samae-mogi-guacu-sp\\\/\"]}]},{\"@type\":\"ImageObject\",\"inLanguage\":\"pt-BR\",\"@id\":\"https:\\\/\\\/cj.estrategia.com\\\/portal\\\/concurso-procurador-samae-mogi-guacu-sp\\\/#primaryimage\",\"url\":\"https:\\\/\\\/cj.estrategia.com\\\/portal\\\/wp-content\\\/uploads\\\/2024\\\/06\\\/26133417\\\/concurso_procuradorias.jpg\",\"contentUrl\":\"https:\\\/\\\/cj.estrategia.com\\\/portal\\\/wp-content\\\/uploads\\\/2024\\\/06\\\/26133417\\\/concurso_procuradorias.jpg\",\"width\":300,\"height\":200},{\"@type\":\"BreadcrumbList\",\"@id\":\"https:\\\/\\\/cj.estrategia.com\\\/portal\\\/concurso-procurador-samae-mogi-guacu-sp\\\/#breadcrumb\",\"itemListElement\":[{\"@type\":\"ListItem\",\"position\":1,\"name\":\"In\u00edcio\",\"item\":\"https:\\\/\\\/cj.estrategia.com\\\/portal\\\/\"},{\"@type\":\"ListItem\",\"position\":2,\"name\":\"Concurso Procurador SAMAE Mogi Gua\u00e7u SP: suspenso!\"}]},{\"@type\":\"WebSite\",\"@id\":\"https:\\\/\\\/cj.estrategia.com\\\/portal\\\/#website\",\"url\":\"https:\\\/\\\/cj.estrategia.com\\\/portal\\\/\",\"name\":\"Blog - Carreiras Jur\u00eddicas - Estrat\u00e9gia\",\"description\":\"\",\"publisher\":{\"@id\":\"https:\\\/\\\/cj.estrategia.com\\\/portal\\\/#organization\"},\"potentialAction\":[{\"@type\":\"SearchAction\",\"target\":{\"@type\":\"EntryPoint\",\"urlTemplate\":\"https:\\\/\\\/cj.estrategia.com\\\/portal\\\/?s={search_term_string}\"},\"query-input\":{\"@type\":\"PropertyValueSpecification\",\"valueRequired\":true,\"valueName\":\"search_term_string\"}}],\"inLanguage\":\"pt-BR\"},{\"@type\":\"Organization\",\"@id\":\"https:\\\/\\\/cj.estrategia.com\\\/portal\\\/#organization\",\"name\":\"Estrat\u00e9gia - Carreiras Jur\u00eddicas\",\"url\":\"https:\\\/\\\/cj.estrategia.com\\\/portal\\\/\",\"logo\":{\"@type\":\"ImageObject\",\"inLanguage\":\"pt-BR\",\"@id\":\"https:\\\/\\\/cj.estrategia.com\\\/portal\\\/#\\\/schema\\\/logo\\\/image\\\/\",\"url\":\"https:\\\/\\\/cj.estrategia.com\\\/portal\\\/wp-content\\\/uploads\\\/2022\\\/03\\\/11151052\\\/cj-logo.png\",\"contentUrl\":\"https:\\\/\\\/cj.estrategia.com\\\/portal\\\/wp-content\\\/uploads\\\/2022\\\/03\\\/11151052\\\/cj-logo.png\",\"width\":150,\"height\":39,\"caption\":\"Estrat\u00e9gia - Carreiras Jur\u00eddicas\"},\"image\":{\"@id\":\"https:\\\/\\\/cj.estrategia.com\\\/portal\\\/#\\\/schema\\\/logo\\\/image\\\/\"},\"sameAs\":[\"https:\\\/\\\/www.facebook.com\\\/estrategiacarreirajuridica\\\/\",\"https:\\\/\\\/x.com\\\/EstratJuridica\",\"https:\\\/\\\/www.instagram.com\\\/estrategiacarreirajuridica\\\/\",\"https:\\\/\\\/www.youtube.com\\\/channel\\\/UClbMGuYbj2Mh1m3w144ETWQ\"]},{\"@type\":\"Person\",\"@id\":\"https:\\\/\\\/cj.estrategia.com\\\/portal\\\/#\\\/schema\\\/person\\\/4d70317d31449932b99102916b6637f5\",\"name\":\"Coordena\u00e7\u00e3o\",\"image\":{\"@type\":\"ImageObject\",\"inLanguage\":\"pt-BR\",\"@id\":\"https:\\\/\\\/cj.estrategia.com\\\/portal\\\/wp-content\\\/uploads\\\/2022\\\/05\\\/12164923\\\/estrategia-carreira-juridica-coordenacao-96x96.png\",\"url\":\"https:\\\/\\\/cj.estrategia.com\\\/portal\\\/wp-content\\\/uploads\\\/2022\\\/05\\\/12164923\\\/estrategia-carreira-juridica-coordenacao-96x96.png\",\"contentUrl\":\"https:\\\/\\\/cj.estrategia.com\\\/portal\\\/wp-content\\\/uploads\\\/2022\\\/05\\\/12164923\\\/estrategia-carreira-juridica-coordenacao-96x96.png\",\"caption\":\"Coordena\u00e7\u00e3o\"},\"url\":\"https:\\\/\\\/cj.estrategia.com\\\/portal\\\/author\\\/coordenacao\\\/\"}]}<\/script>\n<!-- \/ Yoast SEO Premium plugin. -->","yoast_head_json":{"title":"Concurso Procurador SAMAE Mogi Gua\u00e7u SP: suspenso!","description":"Saiba tudo sobre o Concurso Procurador SAMAE Mogi Gua\u00e7u SP e a suspens\u00e3o do edital. Vagas e detalhes importantes da sele\u00e7\u00e3o...","robots":{"index":"index","follow":"follow","max-snippet":"max-snippet:-1","max-image-preview":"max-image-preview:large","max-video-preview":"max-video-preview:-1"},"canonical":"https:\/\/cj.estrategia.com\/portal\/concurso-procurador-samae-mogi-guacu-sp\/","og_locale":"pt_BR","og_type":"article","og_title":"Concurso Procurador SAMAE Mogi Gua\u00e7u SP: suspenso!","og_description":"Saiba tudo sobre o Concurso Procurador SAMAE Mogi Gua\u00e7u SP e a suspens\u00e3o do edital. Vagas e detalhes importantes da sele\u00e7\u00e3o...","og_url":"https:\/\/cj.estrategia.com\/portal\/concurso-procurador-samae-mogi-guacu-sp\/","og_site_name":"Blog - Carreiras Jur\u00eddicas - Estrat\u00e9gia","article_publisher":"https:\/\/www.facebook.com\/estrategiacarreirajuridica\/","article_published_time":"2025-12-27T00:16:14+00:00","article_modified_time":"2025-12-27T00:17:05+00:00","og_image":[{"width":300,"height":200,"url":"https:\/\/cj.estrategia.com\/portal\/wp-content\/uploads\/2024\/06\/26133417\/concurso_procuradorias.jpg","type":"image\/jpeg"}],"author":"Coordena\u00e7\u00e3o","twitter_card":"summary_large_image","twitter_creator":"@EstratJuridica","twitter_site":"@EstratJuridica","twitter_misc":{"Escrito por":"Coordena\u00e7\u00e3o","Est. tempo de leitura":"4 minutos"},"schema":{"@context":"https:\/\/schema.org","@graph":[{"@type":"NewsArticle","@id":"https:\/\/cj.estrategia.com\/portal\/concurso-procurador-samae-mogi-guacu-sp\/#article","isPartOf":{"@id":"https:\/\/cj.estrategia.com\/portal\/concurso-procurador-samae-mogi-guacu-sp\/"},"author":{"name":"Coordena\u00e7\u00e3o","@id":"https:\/\/cj.estrategia.com\/portal\/#\/schema\/person\/4d70317d31449932b99102916b6637f5"},"headline":"Concurso Procurador SAMAE Mogi Gua\u00e7u SP: suspenso!","datePublished":"2025-12-27T00:16:14+00:00","dateModified":"2025-12-27T00:17:05+00:00","mainEntityOfPage":{"@id":"https:\/\/cj.estrategia.com\/portal\/concurso-procurador-samae-mogi-guacu-sp\/"},"wordCount":573,"commentCount":0,"publisher":{"@id":"https:\/\/cj.estrategia.com\/portal\/#organization"},"image":{"@id":"https:\/\/cj.estrategia.com\/portal\/concurso-procurador-samae-mogi-guacu-sp\/#primaryimage"},"thumbnailUrl":"https:\/\/cj.estrategia.com\/portal\/wp-content\/uploads\/2024\/06\/26133417\/concurso_procuradorias.jpg","articleSection":["Procuradoria"],"inLanguage":"pt-BR","potentialAction":[{"@type":"CommentAction","name":"Comment","target":["https:\/\/cj.estrategia.com\/portal\/concurso-procurador-samae-mogi-guacu-sp\/#respond"]}],"accessibilityFeature":["tableOfContents"]},{"@type":"WebPage","@id":"https:\/\/cj.estrategia.com\/portal\/concurso-procurador-samae-mogi-guacu-sp\/","url":"https:\/\/cj.estrategia.com\/portal\/concurso-procurador-samae-mogi-guacu-sp\/","name":"Concurso Procurador SAMAE Mogi Gua\u00e7u SP: suspenso!","isPartOf":{"@id":"https:\/\/cj.estrategia.com\/portal\/#website"},"primaryImageOfPage":{"@id":"https:\/\/cj.estrategia.com\/portal\/concurso-procurador-samae-mogi-guacu-sp\/#primaryimage"},"image":{"@id":"https:\/\/cj.estrategia.com\/portal\/concurso-procurador-samae-mogi-guacu-sp\/#primaryimage"},"thumbnailUrl":"https:\/\/cj.estrategia.com\/portal\/wp-content\/uploads\/2024\/06\/26133417\/concurso_procuradorias.jpg","datePublished":"2025-12-27T00:16:14+00:00","dateModified":"2025-12-27T00:17:05+00:00","description":"Saiba tudo sobre o Concurso Procurador SAMAE Mogi Gua\u00e7u SP e a suspens\u00e3o do edital. Vagas e detalhes importantes da sele\u00e7\u00e3o...","breadcrumb":{"@id":"https:\/\/cj.estrategia.com\/portal\/concurso-procurador-samae-mogi-guacu-sp\/#breadcrumb"},"inLanguage":"pt-BR","potentialAction":[{"@type":"ReadAction","target":["https:\/\/cj.estrategia.com\/portal\/concurso-procurador-samae-mogi-guacu-sp\/"]}]},{"@type":"ImageObject","inLanguage":"pt-BR","@id":"https:\/\/cj.estrategia.com\/portal\/concurso-procurador-samae-mogi-guacu-sp\/#primaryimage","url":"https:\/\/cj.estrategia.com\/portal\/wp-content\/uploads\/2024\/06\/26133417\/concurso_procuradorias.jpg","contentUrl":"https:\/\/cj.estrategia.com\/portal\/wp-content\/uploads\/2024\/06\/26133417\/concurso_procuradorias.jpg","width":300,"height":200},{"@type":"BreadcrumbList","@id":"https:\/\/cj.estrategia.com\/portal\/concurso-procurador-samae-mogi-guacu-sp\/#breadcrumb","itemListElement":[{"@type":"ListItem","position":1,"name":"In\u00edcio","item":"https:\/\/cj.estrategia.com\/portal\/"},{"@type":"ListItem","position":2,"name":"Concurso Procurador SAMAE Mogi Gua\u00e7u SP: suspenso!"}]},{"@type":"WebSite","@id":"https:\/\/cj.estrategia.com\/portal\/#website","url":"https:\/\/cj.estrategia.com\/portal\/","name":"Blog - Carreiras Jur\u00eddicas - Estrat\u00e9gia","description":"","publisher":{"@id":"https:\/\/cj.estrategia.com\/portal\/#organization"},"potentialAction":[{"@type":"SearchAction","target":{"@type":"EntryPoint","urlTemplate":"https:\/\/cj.estrategia.com\/portal\/?s={search_term_string}"},"query-input":{"@type":"PropertyValueSpecification","valueRequired":true,"valueName":"search_term_string"}}],"inLanguage":"pt-BR"},{"@type":"Organization","@id":"https:\/\/cj.estrategia.com\/portal\/#organization","name":"Estrat\u00e9gia - Carreiras Jur\u00eddicas","url":"https:\/\/cj.estrategia.com\/portal\/","logo":{"@type":"ImageObject","inLanguage":"pt-BR","@id":"https:\/\/cj.estrategia.com\/portal\/#\/schema\/logo\/image\/","url":"https:\/\/cj.estrategia.com\/portal\/wp-content\/uploads\/2022\/03\/11151052\/cj-logo.png","contentUrl":"https:\/\/cj.estrategia.com\/portal\/wp-content\/uploads\/2022\/03\/11151052\/cj-logo.png","width":150,"height":39,"caption":"Estrat\u00e9gia - Carreiras Jur\u00eddicas"},"image":{"@id":"https:\/\/cj.estrategia.com\/portal\/#\/schema\/logo\/image\/"},"sameAs":["https:\/\/www.facebook.com\/estrategiacarreirajuridica\/","https:\/\/x.com\/EstratJuridica","https:\/\/www.instagram.com\/estrategiacarreirajuridica\/","https:\/\/www.youtube.com\/channel\/UClbMGuYbj2Mh1m3w144ETWQ"]},{"@type":"Person","@id":"https:\/\/cj.estrategia.com\/portal\/#\/schema\/person\/4d70317d31449932b99102916b6637f5","name":"Coordena\u00e7\u00e3o","image":{"@type":"ImageObject","inLanguage":"pt-BR","@id":"https:\/\/cj.estrategia.com\/portal\/wp-content\/uploads\/2022\/05\/12164923\/estrategia-carreira-juridica-coordenacao-96x96.png","url":"https:\/\/cj.estrategia.com\/portal\/wp-content\/uploads\/2022\/05\/12164923\/estrategia-carreira-juridica-coordenacao-96x96.png","contentUrl":"https:\/\/cj.estrategia.com\/portal\/wp-content\/uploads\/2022\/05\/12164923\/estrategia-carreira-juridica-coordenacao-96x96.png","caption":"Coordena\u00e7\u00e3o"},"url":"https:\/\/cj.estrategia.com\/portal\/author\/coordenacao\/"}]}},"jetpack_featured_media_url":"https:\/\/cj.estrategia.com\/portal\/wp-content\/uploads\/2024\/06\/26133417\/concurso_procuradorias.jpg","jetpack_sharing_enabled":true,"_links":{"self":[{"href":"https:\/\/cj.estrategia.com\/portal\/wp-json\/wp\/v2\/posts\/167707","targetHints":{"allow":["GET"]}}],"collection":[{"href":"https:\/\/cj.estrategia.com\/portal\/wp-json\/wp\/v2\/posts"}],"about":[{"href":"https:\/\/cj.estrategia.com\/portal\/wp-json\/wp\/v2\/types\/post"}],"author":[{"embeddable":true,"href":"https:\/\/cj.estrategia.com\/portal\/wp-json\/wp\/v2\/users\/12"}],"replies":[{"embeddable":true,"href":"https:\/\/cj.estrategia.com\/portal\/wp-json\/wp\/v2\/comments?post=167707"}],"version-history":[{"count":9,"href":"https:\/\/cj.estrategia.com\/portal\/wp-json\/wp\/v2\/posts\/167707\/revisions"}],"predecessor-version":[{"id":171693,"href":"https:\/\/cj.estrategia.com\/portal\/wp-json\/wp\/v2\/posts\/167707\/revisions\/171693"}],"wp:featuredmedia":[{"embeddable":true,"href":"https:\/\/cj.estrategia.com\/portal\/wp-json\/wp\/v2\/media\/67167"}],"wp:attachment":[{"href":"https:\/\/cj.estrategia.com\/portal\/wp-json\/wp\/v2\/media?parent=167707"}],"wp:term":[{"taxonomy":"category","embeddable":true,"href":"https:\/\/cj.estrategia.com\/portal\/wp-json\/wp\/v2\/categories?post=167707"},{"taxonomy":"post_tag","embeddable":true,"href":"https:\/\/cj.estrategia.com\/portal\/wp-json\/wp\/v2\/tags?post=167707"},{"taxonomy":"tax_estado","embeddable":true,"href":"https:\/\/cj.estrategia.com\/portal\/wp-json\/wp\/v2\/tax_estado?post=167707"}],"curies":[{"name":"wp","href":"https:\/\/api.w.org\/{rel}","templated":true}]}}