{"id":16769,"date":"2022-08-21T20:45:00","date_gmt":"2022-08-21T23:45:00","guid":{"rendered":"https:\/\/cj.estrategia.com\/portal\/?p=16769"},"modified":"2023-07-07T11:21:39","modified_gmt":"2023-07-07T14:21:39","slug":"gabarito-extraoficial-trf3-juiz-federal","status":"publish","type":"post","link":"https:\/\/cj.estrategia.com\/portal\/gabarito-extraoficial-trf3-juiz-federal\/","title":{"rendered":"Gabarito Extraoficial TRF3 Juiz Federal: confira a corre\u00e7\u00e3o"},"content":{"rendered":"\n<p>No domingo, 21 de agosto, foram aplicadas as <strong>provas do concurso Juiz Federal TRF3.\u00a0<\/strong>De acordo com o edital, as avalia\u00e7\u00f5es tiveram a dura\u00e7\u00e3o de 5 horas, com in\u00edcio \u00e0s 9h.<\/p>\n\n\n\n<p>Com o objetivo de ajud\u00e1-lo a diminuir um pouco a ansiedade de saber se foi bem ou n\u00e3o em um concurso t\u00e3o visado e importante,\u00a0<strong>nossos professores realizaram a corre\u00e7\u00e3o, dando o<\/strong>\u00a0<strong>gabarito extraoficial da prova de Juiz TRF3<\/strong>.<\/p>\n\n\n\n<p>Portanto, confira, antecipadamente, seu desempenho e ainda receba dicas de recursos (se houver necessidade, claro!). <\/p>\n\n\n\n<h2 class=\"wp-block-heading\" id=\"h-participe-do-ranking-gabarito-extraoficial-juiz-trf3\"><span id=\"participe-do-ranking-gabarito-extraoficial-juiz-trf3\">Participe do Ranking \u2013 Gabarito Extraoficial Juiz TRF3<\/span><\/h2>\n\n\n\n<p class=\"has-text-align-center has-cyan-bluish-gray-background-color has-background\" style=\"font-size:18px\"><strong><a href=\"https:\/\/forms.gle\/LL4Pi6GjxqJjq2aF7\" target=\"_blank\" >Preencha o gabarito eletr\u00f4nico<\/a><\/strong><\/p>\n\n\n\n<p class=\"has-text-align-center has-cyan-bluish-gray-background-color has-background\" style=\"font-size:18px\"><strong><a href=\"https:\/\/docs.google.com\/spreadsheets\/d\/1oJFEKo5ZPs9OZZ6zy7c19qY3Dj98go9jdsMly0DgQTk\/edit?usp=sharing\" target=\"_blank\" >Ranking Gabarito Extraoficial Juiz Federal TRF3<\/a><\/strong><\/p>\n\n\n\n<h2 class=\"wp-block-heading\" id=\"h-correcao-e-gabarito-extraoficial-juiz-federal-trf3\"><span id=\"correcao-e-gabarito-extraoficial-juiz-federal-trf3\">Corre\u00e7\u00e3o e Gabarito Extraoficial Juiz Federal TRF3<\/span><\/h2>\n\n\n\n<figure class=\"wp-block-embed is-type-video is-provider-youtube wp-block-embed-youtube wp-embed-aspect-16-9 wp-has-aspect-ratio\"><div class=\"wp-block-embed__wrapper\">\n<div class=\"cs-embed cs-embed-responsive\"><iframe title=\"Gabarito Extraoficial - Juiz TRF 3\u00aa Regi\u00e3o\" width=\"1200\" height=\"675\" src=\"https:\/\/www.youtube.com\/embed\/dUDDzMWow5g?feature=oembed\" frameborder=\"0\" allow=\"accelerometer; autoplay; clipboard-write; encrypted-media; gyroscope; picture-in-picture\" allowfullscreen><\/iframe><\/div>\n<\/div><\/figure>\n\n\n\n<ul class=\"wp-block-list\">\n<li>Rodrigo Vaslin \u2013 \u00c2ncora<\/li>\n\n\n\n<li>Nelma Fontana \u2013 Direito Constitucional<\/li>\n\n\n\n<li>Felipe Cavalcante \u2013 Direito Previdenci\u00e1rio<\/li>\n\n\n\n<li>Michael Procopio \u2013 Direito Penal<\/li>\n\n\n\n<li>Paulo Sousa \u2013 Direito Civil<\/li>\n\n\n\n<li>Vanessa Arns \u2013 Direito Econ\u00f4mico e Consumidor<\/li>\n\n\n\n<li>Leonardo Tavares \u2013 Direito Processual Penal<\/li>\n\n\n\n<li>Rog\u00e9rio Cunha \u2013 Direito Tribut\u00e1rio e Financeiro<\/li>\n\n\n\n<li>Alessandro Sanchez \u2013 Direito Empresarial<\/li>\n\n\n\n<li>Rodrigo Vaslin \u2013 Direito Processual Civil<\/li>\n\n\n\n<li>Rodolfo Penna\u00a0\u2013 Direito Administrativo<\/li>\n\n\n\n<li>Thiago Leite \u2013 Direito Ambiental<\/li>\n\n\n\n<li>Vanessa Arns \u2013 Internacional P\u00fablico<\/li>\n\n\n\n<li>Vanessa Arns \u2013 Internacional Privado<\/li>\n\n\n\n<li>Rodrigo Vaslin \u2013 Direito e Forma\u00e7\u00e3o Human\u00edstica<\/li>\n<\/ul>\n\n\n\n<h3 class=\"wp-block-heading\" id=\"h-gabarito-extraoficial-juiz-federal-trf3\"><span id=\"gabarito-extraoficial-juiz-federal-trf3\">Gabarito extraoficial: Juiz Federal TRF3<\/span><\/h3>\n\n\n\n<p>Abaixo, voc\u00ea confere os gabaritos das quest\u00f5es corrigidas pelos nossos professores. Como existem v\u00e1rios tipos de provas, voc\u00ea pode conferindo o in\u00edcio da quest\u00e3o.<\/p>\n\n\n\n<p><strong>Quest\u00e3o 1:\u00a0<\/strong>Sobre a hist\u00f3ria, teoria e pr\u00e1tica dos direitos constitucionais\u2026<br><strong><em>Resposta:<\/em><\/strong> C \u2013 a Constitui\u00e7\u00e3o de 1891, em norma inovadora\u2026<\/p>\n\n\n\n<p><strong>Quest\u00e3o 2:\u00a0<\/strong>Sobre a seguinte tese: \u201cS\u00e3o sempre necess\u00e1rias leis espec\u00edficas\u2026<br><strong><em>Resposta:<\/em><\/strong> C \u2013 \u00e9 a base, historicamente falando, de uma teoria de bloqueio\u2026<\/p>\n\n\n\n<p><strong>Quest\u00e3o 3:\u00a0<\/strong>Conforme o Estatuto constitucional\u2026<br><strong><em>Resposta:<\/em><\/strong> D \u2013 poder\u00e1 ser removido ou colocado em disponibilidade\u2026<\/p>\n\n\n\n<p><strong>Quest\u00e3o 4:\u00a0<\/strong>No Brasil, os fen\u00f4menos da inconstitucionalidade\u2026<br><strong><em>Resposta:<\/em><\/strong> A \u2013 para o controle de atos normativos, que estes tenham sido editados\u2026<\/p>\n\n\n\n<p><strong>Quest\u00e3o 5:\u00a0<\/strong>Sobre o controle de constitucionalidade e seus efeitos, no Brasil\u2026<br><strong><em>Resposta:<\/em><\/strong> D \u2013 na chamada fase de julgamento da modula\u00e7\u00e3o temporal dos efeitos da decis\u00e3o\u2026<\/p>\n\n\n\n<p><strong>Quest\u00e3o 6:\u00a0<\/strong>Considere as seguintes afirma\u00e7\u00f5es e assinale\u2026<br><strong><em>Resposta:<\/em><\/strong> A \u2013 apenas as afirma\u00e7\u00f5es I e II s\u00e3o corretas<\/p>\n\n\n\n<p><strong>Quest\u00e3o 7:\u00a0<\/strong>Sobre as prerrogativas constitucionais atuais\u2026<br><strong><em>Resposta:<\/em><\/strong> B \u2013 ap\u00f3s a pris\u00e3o em flagrante delito, os autos devem ser remetidos\u2026<\/p>\n\n\n\n<p><strong>Quest\u00e3o 8:\u00a0<\/strong>Quanto \u00e0 \u201cReforma do Judici\u00e1rio\u201d, realizada\u2026<br><strong><em>Resposta:<\/em><\/strong> B \u2013 foram alteradas as compet\u00eancias expressas de alguns tribunais e foi admitida\u2026<\/p>\n\n\n\n<p><strong>Quest\u00e3o 9:\u00a0<\/strong>No julgamento da Argui\u00e7\u00e3o de Descumprimento de Preceito\u2026<br><strong><em>Resposta:<\/em><\/strong> D \u2013 a decis\u00e3o do Supremo Tribunal Federal em sede de ADPF\u2026<\/p>\n\n\n\n<p><strong>Quest\u00e3o 10:\u00a0<\/strong>Suponha, no contexto da Constitui\u00e7\u00e3o brasileira\u2026<br><strong><em>Resposta:<\/em><\/strong> D \u2013 cada magistrado, nos processos comuns em curso cuja decis\u00e3o dependa dessa\u2026<\/p>\n\n\n\n<p><strong>Quest\u00e3o 11:\u00a0<\/strong>Assinale a alternativa CORRETA<br><strong><em>Resposta:<\/em><\/strong> B \u2013 de acordo com a jurisprud\u00eancia da TNU\u2026<\/p>\n\n\n\n<p><strong>Quest\u00e3o 12:\u00a0<\/strong>\u201cA\u201d, benefici\u00e1rio de aux\u00edlio-acidente desde 05\/06\/2007\u2026<br><strong><em>Resposta:<\/em><\/strong> D \u2013 manteve a qualidade de segurado at\u00e9 15\/03\/2022<\/p>\n\n\n\n<p><strong>Quest\u00e3o 13:\u00a0<\/strong>\u201cA\u201d recebe pens\u00e3o por morte desde 12\/04\/2011\u2026<br><strong><em>Resposta:<\/em><\/strong> A \u2013 n\u00e3o ocorreu a decad\u00eancia, pois o prazo de 10 anos\u2026<\/p>\n\n\n\n<p><strong>Quest\u00e3o 14:\u00a0<\/strong>Assinale a alternativa CORRETA, \u00e0 luz da legisla\u00e7\u00e3o\u2026<br><strong><em>Resposta:<\/em><\/strong> C \u2013 para fins de concess\u00e3o de aposentadoria por idade h\u00edbrida ao trabalhador\u2026<\/p>\n\n\n\n<p><strong>Quest\u00e3o 15:\u00a0<\/strong>Sobre o aux\u00edlio-inclus\u00e3o\u2026<br><strong><em>Resposta:<\/em><\/strong> D \u2013 o pagamento do aux\u00edlio-inclus\u00e3o n\u00e3o poder\u00e1\u2026<\/p>\n\n\n\n<p><strong>Quest\u00e3o 16:\u00a0<\/strong>Sobre o benef\u00edcio de pens\u00e3o por morte\u2026<br><strong><em>Resposta:<\/em><\/strong> C \u2013 equiparam-se ao filho, para fins de recebimento de pens\u00e3o\u2026<\/p>\n\n\n\n<p><strong>Quest\u00e3o 17:\u00a0<\/strong>T\u00edcio foi condenado pela pr\u00e1tica do art. 183 da Lei de Telecomunica\u00e7\u00f5es\u2026<br><strong><em>Resposta:<\/em><\/strong> B \u2013 h\u00e1 no caso abolitio criminis capaz de levar \u00e0 extin\u00e7\u00e3o\u2026<\/p>\n\n\n\n<p><strong>Quest\u00e3o 18:\u00a0<\/strong>Sobre a dosimetria das penas e a substitui\u00e7\u00e3o\u2026<br><strong><em>Resposta:<\/em><\/strong> C \u2013 a reincid\u00eancia gen\u00e9rica n\u00e3o impede a substitui\u00e7\u00e3o da pena\u2026<\/p>\n\n\n\n<p><strong>Quest\u00e3o 19:\u00a0<\/strong>Sobre os crimes tribut\u00e1rios\u2026<br><strong><em>Resposta:<\/em><\/strong> C \u2013 se o agente sonegou imposto de renda nos anos de 2014 e 2015\u2026<\/p>\n\n\n\n<p><strong>Quest\u00e3o 20:\u00a0<\/strong>M\u00e9vio foi condenado por trazer do Paraguai comprimidos\u2026<br><strong><em>Resposta:<\/em><\/strong> D \u2013 apenas a alternativa III est\u00e1 correta<\/p>\n\n\n\n<p><strong>Quest\u00e3o 21:\u00a0<\/strong>Assinale a alternativa CORRETA\u2026<br><strong><em>Resposta:<\/em><\/strong> A \u2013 na chamada autoria colateral, n\u00e3o h\u00e1\u2026<\/p>\n\n\n\n<p><strong>Quest\u00e3o 22:\u00a0<\/strong>A respeito de temas da teoria geral\u2026<br><strong><em>Resposta:<\/em><\/strong> D \u2013 a lei penal mais grave aplica-se ao crime continuado\u2026<\/p>\n\n\n\n<p><strong>Quest\u00e3o 23:\u00a0<\/strong>Sobre o delito de lavagem de dinheiro\u2026<br><strong><em>Resposta:<\/em><\/strong> C \u2013 o Conselho de Controle de Atividades Financeiras \u2013 COAF \u00e9 um \u00f3rg\u00e3o\u2026<\/p>\n\n\n\n<p><strong>Quest\u00e3o 24:\u00a0<\/strong>Leia o texto abaixo e, ao final, indique a alternativa correta: Policial rodovi\u00e1rio\u2026<br><strong><em>Resposta:<\/em><\/strong> A \u2013 houve configura\u00e7\u00e3o apenas de crime de corrup\u00e7\u00e3o passiva<\/p>\n\n\n\n<p><strong>Quest\u00e3o 25:\u00a0<\/strong>T\u00edcio foi denunciado por estelionato simples\u2026<br><strong><em>Resposta:<\/em><\/strong> C \u2013 somente a desclassifica\u00e7\u00e3o de delito, operada na senten\u00e7a\u2026<\/p>\n\n\n\n<p><strong>Quest\u00e3o 26:\u00a0<\/strong>M\u00e9vio foi condenado por descaminho, por internalizar joias\u2026<br><strong><em>Resposta:<\/em><\/strong> D \u2013 impunha-se a redu\u00e7\u00e3o da pena-base\u2026<\/p>\n\n\n\n<p><strong>Quest\u00e3o 27:\u00a0<\/strong>Assinale a alternativa CORRETA<br><strong><em>Resposta:<\/em><\/strong> B \u2013 o colaborador deve apresentar seus memoriais\u2026<\/p>\n\n\n\n<p><strong>Quest\u00e3o 28:\u00a0<\/strong>Sobre o reconhecimento de pessoas\u2026<br><strong><em>Resposta:<\/em><\/strong> C \u2013 o reconhecimento fotogr\u00e1fico pode ser admitido, entre outros elementos de prova\u2026<\/p>\n\n\n\n<p><strong>Quest\u00e3o 29:\u00a0<\/strong>Sobre o inqu\u00e9rito policial\u2026<br><strong><em>Resposta:<\/em><\/strong> C \u2013 o pedido de arquivamento de inqu\u00e9rito policial fundamentado na aus\u00eancia\u2026<\/p>\n\n\n\n<p><strong>Quest\u00e3o 30:\u00a0<\/strong>Leia as afirma\u00e7\u00f5es abaixo sobre a colabora\u00e7\u00e3o\u2026<br><strong><em>Resposta:<\/em><\/strong> C \u2013 apenas a afirma\u00e7\u00e3o II est\u00e1 correta<\/p>\n\n\n\n<p><strong>Quest\u00e3o 31:\u00a0<\/strong>Sobre a pris\u00e3o cautelar\u2026<br><strong><em>Resposta:<\/em><\/strong> A \u2013 a cita\u00e7\u00e3o por edital n\u00e3o constitui fundamento id\u00f4neo para a decreta\u00e7\u00e3o\u2026<\/p>\n\n\n\n<p><strong>Quest\u00e3o 32:\u00a0<\/strong>O Superior Tribunal de Justi\u00e7a alterou sua jurisprud\u00eancia\u2026<br><strong><em>Resposta:<\/em><\/strong> A \u2013 o protagonista da ju\u00edza na inquiri\u00e7\u00e3o das testemunhas\u2026<\/p>\n\n\n\n<p><strong>Quest\u00e3o 33:\u00a0<\/strong>S\u00e3o preceitos constitucionais em vigor no Brasil\u2026<br><strong><em>Resposta:<\/em><\/strong> D \u2013 a viabiliza\u00e7\u00e3o da autonomia tecnol\u00f3gica do pa\u00eds e os juros favorecidos\u2026<\/p>\n\n\n\n<p><strong>Quest\u00e3o 34:\u00a0<\/strong>Como agente normativo e regulador de atividade\u2026<br><strong><em>Resposta:<\/em><\/strong> D \u2013 deve reprimir o abuso do poder econ\u00f4mico que vise ao aumento\u2026<\/p>\n\n\n\n<p><strong>Quest\u00e3o 35:\u00a0<\/strong>Nos termos da legisla\u00e7\u00e3o consumerista, consumidor\u2026<br><strong><em>Resposta:<\/em><\/strong> C \u2013 Caio \u00e9 t\u00e9cnica e\/ou juridicamente vulner\u00e1vel\u2026<\/p>\n\n\n\n<p><strong>Quest\u00e3o 36:\u00a0<\/strong>Assinale a alternativa correta referente aos direitos\u2026<br><strong><em>Resposta:<\/em><\/strong> A \u2013 os servi\u00e7os de radiodifus\u00e3o sonora e de imagens devem\u2026<\/p>\n\n\n\n<p><strong>Quest\u00e3o 37:\u00a0<\/strong>Lia firmou um contrato de m\u00fatuo com a Caixa Econ\u00f4mica Federal dando\u2026<br><strong><em>Resposta:<\/em><\/strong> D \u2013 no caso, al\u00e9m das regras do Direito Civil, tamb\u00e9m incidem na hip\u00f3tese, [\u2026] ap\u00f3s o pagamento da d\u00edvida, n\u00e3o podendo prevalecer em contrato de ades\u00e3o\u2026<\/p>\n\n\n\n<p><strong>Quest\u00e3o 38:\u00a0<\/strong>Pesquisadores da \u00e1rea de sa\u00fade de uma Universidade\u2026<br><strong><em>Resposta:<\/em><\/strong> B \u2013 na realiza\u00e7\u00e3o de estudos em sa\u00fade p\u00fablica, os \u00f3rg\u00e3os de pesquisa\u2026<\/p>\n\n\n\n<p><strong>Quest\u00e3o 39:\u00a0<\/strong>A partir do exame das assertivas\u2026<br><strong><em>Resposta:<\/em><\/strong> C \u2013 est\u00e3o corretas as assertivas I, II e IV<\/p>\n\n\n\n<p><strong>Quest\u00e3o 40:\u00a0<\/strong>Analise as assertivas abaixo, \u00e0 luz da disciplina\u2026<br><strong><em>Resposta:<\/em><\/strong> D \u2013 todas as assertivas est\u00e3o incorretas<\/p>\n\n\n\n<p><strong>Quest\u00e3o 41:\u00a0<\/strong>Assinale a assertiva correta<br><strong><em>Resposta:<\/em><\/strong>  C \u2013 o mandato pode se dar por instrumento particular e deve conter a indica\u00e7\u00e3o do lugar no qual\u2026<\/p>\n\n\n\n<p><strong>Quest\u00e3o 42:\u00a0<\/strong>Assinale a alternativa CORRETA<br><strong><em>Resposta:<\/em><\/strong> B \u2013 mediante recebimento de indeniza\u00e7\u00e3o que atenda, tamb\u00e9m, \u00e0 desvaloriza\u00e7\u00e3o\u2026<\/p>\n\n\n\n<p><strong>Quest\u00e3o 43:\u00a0<\/strong>Analise as proposi\u00e7\u00f5es abaixo e assinale\u2026<br><strong><em>Resposta:<\/em><\/strong> A \u2013 todas as assertivas est\u00e3o corretas<\/p>\n\n\n\n<p><strong>Quest\u00e3o 44:\u00a0<\/strong>Analise as proposi\u00e7\u00f5es abaixo\u2026<br><strong><em>Resposta:<\/em><\/strong> A \u2013 apenas a assertiva II \u00e9 verdadeira<\/p>\n\n\n\n<p><strong>Quest\u00e3o 45:\u00a0<\/strong>Em\u00edlia trabalhou de 1987 a 1994\u2026<br><strong><em>Resposta:<\/em><\/strong> C \u2013 a decis\u00e3o deve ser pelo prosseguimento do processo, apesar de ser poss\u00edvel\u2026<\/p>\n\n\n\n<p><strong>Quest\u00e3o 46:\u00a0<\/strong>A prop\u00f3sito dos m\u00e9todos adequados de resolu\u00e7\u00e3o de conflitos\u2026<br><strong><em>Resposta:<\/em><\/strong> B \u2013 apenas a assertiva IV est\u00e1 correta<\/p>\n\n\n\n<p><strong>Quest\u00e3o 47:\u00a0<\/strong>Assinale a alternativa CORRETA quanto \u00e0 aplica\u00e7\u00e3o\u2026<br><strong><em>Resposta:<\/em><\/strong> A \u2013 foi concedida liminar em mandado de seguran\u00e7a para que o secret\u00e1rio\u2026<\/p>\n\n\n\n<p><strong>Quest\u00e3o 48:\u00a0<\/strong>Assinale a alternativa CORRETA<br><strong><em>Resposta:<\/em><\/strong> C \u2013 a averba\u00e7\u00e3o no registro de im\u00f3veis, de ve\u00edculos ou de outros bens\u2026<\/p>\n\n\n\n<p><strong>Quest\u00e3o 49:\u00a0<\/strong>Assinale a alternativa CORRETA<br><strong><em>Resposta:<\/em><\/strong> D \u2013 o Incidente de Assun\u00e7\u00e3o de Compet\u00eancia \u00e9 instituto voltado\u2026<\/p>\n\n\n\n<p><strong>Quest\u00e3o 50:\u00a0<\/strong>Assinale a alternativa CORRETA<br><strong><em>Resposta:<\/em><\/strong> C \u2013 o Incidente de Desconsidera\u00e7\u00e3o da Personalidade Jur\u00eddica, no processo j\u00e1 em curso\u2026<\/p>\n\n\n\n<p><strong>Quest\u00e3o 51:\u00a0<\/strong>Assinale a alternativa CORRETA<br><strong><em>Resposta:<\/em><\/strong> C \u2013 os processos ser\u00e3o reunidos para julgamento conjunto sempre\u2026<\/p>\n\n\n\n<p><strong>Quest\u00e3o 52:\u00a0<\/strong>Analise as proposi\u00e7\u00f5es abaixo\u2026<br><strong><em>Resposta:<\/em><\/strong> A \u2013 todas est\u00e3o incorretas<\/p>\n\n\n\n<p><strong>Quest\u00e3o 53:\u00a0<\/strong>Examine as assertivas abaixo e assinale a alternativa correta a prop\u00f3sito da aplica\u00e7\u00e3o\u2026<br><strong><em>Resposta:<\/em><\/strong> B \u2013 as assertivas I e III s\u00e3o incorretas<\/p>\n\n\n\n<p><strong>Quest\u00e3o 54:\u00a0<\/strong>Assinale a alternativa CORRETA<br><strong><em>Resposta:<\/em><\/strong> B \u2013 as demandas ajuizadas contra a FUNAI\u2026<\/p>\n\n\n\n<p><strong>Quest\u00e3o 55:\u00a0<\/strong>Assinale a alternativa CORRETA a prop\u00f3sito da prote\u00e7\u00e3o do conjunto-imagem\u2026<br><strong><em>Resposta:<\/em><\/strong> B \u2013 a prote\u00e7\u00e3o do conjunto-imagem decorre da prote\u00e7\u00e3o\u2026<\/p>\n\n\n\n<p><strong>Quest\u00e3o 56:\u00a0<\/strong>Assinale a alternativa CORRETA<br><strong><em>Resposta:<\/em><\/strong> D \u2013 apenas as assertivas II e III s\u00e3o corretas<\/p>\n\n\n\n<p><strong>Quest\u00e3o 57:\u00a0<\/strong>Assinale a alternativa CORRETA<br><strong><em>Resposta:<\/em><\/strong> B \u2013 \u00e9 caracter\u00edstica da sociedade cooperativa a exist\u00eancia de capital social vari\u00e1vel\u2026<\/p>\n\n\n\n<p><strong>Quest\u00e3o 58:\u00a0<\/strong>Analise as proposi\u00e7\u00f5es abaixo\u2026<br><strong><em>Resposta:<\/em><\/strong> D \u2013 apenas I e IV est\u00e3o corretas<\/p>\n\n\n\n<p><strong>Quest\u00e3o 59:\u00a0<\/strong>Assinale a alternativa CORRETA<br><strong><em>Resposta:<\/em><\/strong> D \u2013 a aliena\u00e7\u00e3o fiduci\u00e1ria regulada pela Lei n\u00ba 9.514\/97 \u00e9 neg\u00f3cio jur\u00eddico [\u2026] da propriedade resol\u00favel de coisa im\u00f3vel<\/p>\n\n\n\n<p><strong>Quest\u00e3o 60:\u00a0<\/strong>Assinale a afirmativa correta quanto aos princ\u00edpios\u2026<br><strong><em>Resposta:<\/em><\/strong> C \u2013 o princ\u00edpio da universalidade determina que todas as receitas\u2026<\/p>\n\n\n\n<p><strong>Quest\u00e3o 61:\u00a0<\/strong>Analise as seguintes assertivas sobre a Lei de Responsabilidade Fiscal\u2026<br><strong><em>Resposta:<\/em><\/strong> A \u2013 apenas as afirmativas I e II est\u00e3o corretas<\/p>\n\n\n\n<p><strong>Quest\u00e3o 62:\u00a0<\/strong>Assinale a alternativa CORRETA<br><strong><em>Resposta:<\/em><\/strong> D \u2013 segundo o Superior Tribunal de Justi\u00e7a, o cr\u00e9dito de PIS\/COFINS\u2026<\/p>\n\n\n\n<p><strong>Quest\u00e3o 63:\u00a0<\/strong>Sobre a rela\u00e7\u00e3o entre tributa\u00e7\u00e3o e defesa\u2026<br><strong><em>Resposta:<\/em><\/strong> C \u2013 isen\u00e7\u00e3o fiscal concedida a prazo certo e sob condi\u00e7\u00e3o de determinada\u2026<\/p>\n\n\n\n<p><strong>Quest\u00e3o 64:\u00a0<\/strong>De acordo com a Lei Federal n\u00ba9430\/95\u2026<br><strong><em>Resposta:<\/em><\/strong> A \u2013 trata-se de norma antielisiva espec\u00edfica para evitar a redu\u00e7\u00e3o\u2026<\/p>\n\n\n\n<p><strong>Quest\u00e3o 65:\u00a0<\/strong>Analise as seguintes afirmativas\u2026<br><strong><em>Resposta:<\/em><\/strong> B \u2013 apenas as afirmativas I e III est\u00e3o corretas<\/p>\n\n\n\n<p><strong>Quest\u00e3o 66:\u00a0<\/strong>Uma empresa t\u00eaxtil deficit\u00e1ria foi autuada\u2026<br><strong><em>Resposta:<\/em><\/strong> A \u2013 a fiscaliza\u00e7\u00e3o est\u00e1 inteiramente correta, pois a situa\u00e7\u00e3o n\u00e3o \u00e9 usual\u2026<\/p>\n\n\n\n<p><strong>Quest\u00e3o 67:\u00a0<\/strong>Um Acordo de Dupla Tributa\u00e7\u00e3o\u2026<br><strong><em>Resposta:<\/em><\/strong> A \u2013 a isen\u00e7\u00e3o deve ser aplic\u00e1vel, pois prevalece o Tratado quanto \u00e0 defini\u00e7\u00e3o\u2026<\/p>\n\n\n\n<p><strong>Quest\u00e3o 68:\u00a0<\/strong>Sobre o sigilo banc\u00e1rio para efetivos\u2026<br><strong><em>Resposta:<\/em><\/strong> B \u2013 a Lei Complementar n\u00ba 105\/2001, que permite o acesso aos dados\u2026<\/p>\n\n\n\n<p><strong>Quest\u00e3o 69:\u00a0<\/strong>Em termos de princ\u00edpios tribut\u00e1rios e de interpreta\u00e7\u00e3o\u2026<br><strong><em>Resposta:<\/em><\/strong> B \u2013 a interpreta\u00e7\u00e3o econ\u00f4mica no Direito Tribut\u00e1rio, mesmo entendida\u2026<\/p>\n\n\n\n<p><strong>Quest\u00e3o 70:\u00a0<\/strong>Com rela\u00e7\u00e3o ao processo administrativo\u2026<br><strong><em>Resposta:<\/em><\/strong> A \u2013 a decis\u00e3o final administrativa favor\u00e1vel ao contribuinte faz coisa\u2026<\/p>\n\n\n\n<p><strong>Quest\u00e3o 71:\u00a0<\/strong>Nos termos do artigo 175 da Constitui\u00e7\u00e3o Federal\u2026<br><strong><em>Resposta:<\/em><\/strong> A \u2013 concess\u00e3o de servi\u00e7o p\u00fablico \u00e9 a delega\u00e7\u00e3o da presta\u00e7\u00e3o do servi\u00e7o, feita pelo Poder Concedente, mediante licita\u00e7\u00e3o, na modalidade concorr\u00eancia ou di\u00e1rio competitivo, a pessoa jur\u00eddica\u2026<\/p>\n\n\n\n<p><strong>Quest\u00e3o 72:\u00a0<\/strong>\u00c9 considerada justa indeniza\u00e7\u00e3o na desapropria\u00e7\u00e3o\u2026<br><strong><em>Resposta:<\/em><\/strong> D \u2013 na desapropria\u00e7\u00e3o direta, os juros compensat\u00f3rios s\u00e3o devidos desde\u2026<\/p>\n\n\n\n<p><strong>Quest\u00e3o 73:\u00a0<\/strong>A responsabilidade civil das pessoas jur\u00eddicas de direito p\u00fablico\u2026<br><strong><em>Resposta:<\/em><\/strong> C \u2013 as pessoas jur\u00eddicas de direito p\u00fablico e as de direito provado prestadoras\u2026<\/p>\n\n\n\n<p><strong>Quest\u00e3o 74:\u00a0<\/strong>A Emenda Constitucional n\u00ba 103 de 2019\u2026<br><strong><em>Resposta:<\/em><\/strong> A \u2013 trata-se da readapta\u00e7\u00e3o, sendo mantida\u2026<\/p>\n\n\n\n<p><strong>Quest\u00e3o 75:\u00a0<\/strong>A Administra\u00e7\u00e3o P\u00fablica, no exerc\u00edcio do poder de autotutela\u2026<br><strong><em>Resposta:<\/em><\/strong> D \u2013 a Administra\u00e7\u00e3o P\u00fablica pode anular seus pr\u00f3prios atos, quando eivados de v\u00edcios que os tornam ilegais, porque deles n\u00e3o se originam direitos<\/p>\n\n\n\n<p><strong>Quest\u00e3o 76:\u00a0<\/strong>A a\u00e7\u00e3o para a aplica\u00e7\u00e3o das san\u00e7\u00f5es previstas\u2026<br><strong><em>Resposta:<\/em><\/strong> C \u2013 8 anos, contados a partir da ocorr\u00eancia do fato\u2026<\/p>\n\n\n\n<p><strong>Quest\u00e3o 77:\u00a0<\/strong>A Lei n\u00ba 14.133\/21 prev\u00ea que a aliena\u00e7\u00e3o de bens im\u00f3veis\u2026<br><strong><em>Resposta:<\/em><\/strong> B \u2013 ser\u00e1 concedido direito de prefer\u00eancia ao licitante que, submetendo-se a todas as regras do edital\u2026<\/p>\n\n\n\n<p><strong>Quest\u00e3o 78:\u00a0<\/strong>\u00c9 compet\u00eancia privativa do Presidente\u2026<br><strong><em>Resposta:<\/em><\/strong> C \u2013 extinguir, por decreto, fun\u00e7\u00f5es ou cargos p\u00fablicos\u2026<\/p>\n\n\n\n<p><strong>Quest\u00e3o 79:\u00a0<\/strong>Leia atentamente as assertivas abaixo\u2026<br><strong><em>Resposta:<\/em><\/strong> B \u2013 as assertivas I e II est\u00e3o erradas<\/p>\n\n\n\n<p><strong>Quest\u00e3o 80:\u00a0<\/strong>Sobre os s\u00edtios arqueol\u00f3gicos como bens culturais\u2026<br><strong><em>Resposta:<\/em><\/strong> B \u2013 os s\u00edtios arqueol\u00f3gicos s\u00e3o bens da Uni\u00e3o e podem ser\u2026<\/p>\n\n\n\n<p><strong>Quest\u00e3o 81:\u00a0<\/strong>Sobre a Repara\u00e7\u00e3o do Dano Ambiental, \u00e0 luz da legisla\u00e7\u00e3o\u2026<br><strong><em>Resposta:<\/em><\/strong> A \u2013 houve, no Supremo Tribunal Federal, reconhecimento de repercuss\u00e3o geral de mat\u00e9ria\u2026<\/p>\n\n\n\n<p><strong>Quest\u00e3o 82:\u00a0<\/strong>Os notici\u00e1rios t\u00eam reportado, cada vez com maior frequ\u00eancia\u2026<br><strong><em>Resposta:<\/em><\/strong> D \u2013 I, II e III est\u00e3o corretas<\/p>\n\n\n\n<p><strong>Quest\u00e3o 83:\u00a0<\/strong>O Supremo Tribunal Federal julgou, recentemente\u2026<br><strong><em>Resposta:<\/em><\/strong> A \u2013 os munic\u00edpios t\u00eam compet\u00eancia origin\u00e1ria para tratar as atividades\u2026<\/p>\n\n\n\n<p><strong>Quest\u00e3o 84:\u00a0<\/strong>Sobre o regime de responsabilidade para repara\u00e7\u00e3o e indeniza\u00e7\u00e3o\u2026<br><strong><em>Resposta:<\/em><\/strong> B \u2013 a responsabilidade civil da administra\u00e7\u00e3o p\u00fablica por danos\u2026<\/p>\n\n\n\n<p><strong>Quest\u00e3o 85:\u00a0<\/strong>No licenciamento ambiental, quando h\u00e1 povos ind\u00edgenas\u2026<br><strong><em>Resposta:<\/em><\/strong> D \u2013 todas est\u00e3o corretas<\/p>\n\n\n\n<p><strong>Quest\u00e3o 86:\u00a0<\/strong>Concretizando os dispositivos constitucionais do direito\u2026<br><strong><em>Resposta:<\/em><\/strong> A \u2013 a obriga\u00e7\u00e3o do Munic\u00edpio em adotar as medidas administrativas\u2026<\/p>\n\n\n\n<p><strong>Quest\u00e3o 87:\u00a0<\/strong>Em maio de 2022, no Incidente de Assun\u00e7\u00e3o de Compet\u00eancia\u2026<br><strong><em>Resposta:<\/em><\/strong> D \u2013 para assegurar o direito constitucional ao meio ambiente sadio\u2026<\/p>\n\n\n\n<p><strong>Quest\u00e3o 88:\u00a0<\/strong>Dadas as assertivas que se seguem\u2026<br><strong><em>Resposta:<\/em><\/strong> C \u2013 o recurso \u00e0 ordem p\u00fablica na escolha das leis possui duas fases\u2026<\/p>\n\n\n\n<p><strong>Quest\u00e3o 89:\u00a0<\/strong>Dadas as assertivas que se seguem\u2026<br><strong><em>Resposta:<\/em><\/strong> B \u2013 o princ\u00edpio da proximidade adota o m\u00e9todo\u2026<\/p>\n\n\n\n<p><strong>Quest\u00e3o 90:\u00a0<\/strong>Dadas as assertivas que se seguem\u2026<br><strong><em>Resposta:<\/em><\/strong> A \u2013 a via de transmiss\u00e3o da coopera\u00e7\u00e3o jur\u00eddica internacional\u2026<\/p>\n\n\n\n<p><strong>Quest\u00e3o 91:\u00a0<\/strong>Dadas as assertivas que se seguem\u2026<br><strong><em>Resposta:<\/em><\/strong> C \u2013 os Princ\u00edpios b\u00e1sicos sobre o uso da for\u00e7a e armas de fogo\u2026<\/p>\n\n\n\n<p><strong>Quest\u00e3o 92:\u00a0<\/strong>Dadas as assertivas que se seguem\u2026<br><strong><em>Resposta:<\/em><\/strong> B \u2013 a Conven\u00e7\u00e3o Internacional sobre os Direitos das Pessoas com Defici\u00eancia prev\u00ea\u2026<\/p>\n\n\n\n<p><strong>Quest\u00e3o 93:\u00a0<\/strong>Dadas as assertivas que se seguem\u2026<br><strong><em>Resposta:<\/em><\/strong> D \u2013 a delonga injustificada em investiga\u00e7\u00e3o penal ou processo\u2026<\/p>\n\n\n\n<p><strong>Quest\u00e3o 94:\u00a0<\/strong>Dadas as assertivas que se seguem\u2026<br><strong><em>Resposta:<\/em><\/strong> B \u2013 uma regra prevista em um tratado pode se tornar\u2026<\/p>\n\n\n\n<p><strong>Quest\u00e3o 95:\u00a0<\/strong>Dadas as assertivas que se seguem\u2026<br><strong><em>Resposta:<\/em><\/strong> B \u2013 a suspens\u00e3o de direitos e garantias previstas em tratados de direitos humanos\u2026<\/p>\n\n\n\n<p><strong>Quest\u00e3o 96:\u00a0<\/strong>A Cidade de S\u00e3o Paulo \u2013 vez que historicamente promoveu\u2026<br><strong><em>Resposta:<\/em><\/strong> A \u2013 racismo estrutural<\/p>\n\n\n\n<p><strong>Quest\u00e3o 97:\u00a0<\/strong>Ao contr\u00e1rio das ci\u00eancias da natureza\u2026<br><strong><em>Resposta:<\/em><\/strong> C \u2013 positivismo normativista de Kelsen<\/p>\n\n\n\n<p><strong>Quest\u00e3o 98:\u00a0<\/strong>Maria foi durante muitos anos ativista de uma ONG\u2026<br><strong><em>Resposta:<\/em><\/strong> A \u2013 tanto o Youtube quanto as empresas provedoras de acesso\u2026<\/p>\n\n\n\n<p><strong>Quest\u00e3o 99:\u00a0<\/strong>\u00c9 comum aos ju\u00edzes estarem diante\u2026<br><strong><em>Resposta:<\/em><\/strong> C \u2013 p\u00f3s-positivismo de Ronald Dworkin<\/p>\n\n\n\n<p><strong>Quest\u00e3o 100:\u00a0<\/strong>Adequada leitura do contexto social \u00e9 fundamental\u2026<br><strong><em>Resposta:<\/em><\/strong> C \u2013 Max Weber<\/p>\n\n\n\n<h2 id=\"saiba-mais-concurso-magistratura-trf3\" class=\"wp-block-heading has-text-align-center has-cyan-bluish-gray-background-color has-background has-medium-font-size\">Saiba mais<strong>: <a href=\"https:\/\/cj.estrategia.com\/portal\/concurso-juiz-federal-trf3\/\" target=\"_blank\" >Concurso Magistratura TRF3<\/a><\/strong><\/h2>\n\n\n\n<h2 class=\"wp-block-heading has-text-align-center\" id=\"h-quer-saber-tudo-sobre-concursos-previstos-confira-nossos-artigos\"><span id=\"quer-saber-tudo-sobre-concursos-previstosconfira-nossos-artigos\">Quer saber tudo sobre concursos previstos?<br>Confira nossos artigos!<\/span><\/h2>\n\n\n\n<ul class=\"wp-block-list\">\n<li><a href=\"https:\/\/www.estrategiaconcursos.com.br\/blog\/concursos-abertos\/\" target=\"_blank\" >Concursos abertos<\/a><\/li>\n\n\n\n<li><a href=\"https:\/\/www.estrategiaconcursos.com.br\/blog\/concursos-2022\/\" target=\"_blank\" >Concursos 2022<\/a><\/li>\n<\/ul>\n\n\n\n<h2 class=\"wp-block-heading has-text-align-center\" id=\"cursos-trf3-juiz\"><span id=\"cursos-estrategia-concursos\">Cursos Estrat\u00e9gia Concursos<\/span><\/h2>\n\n\n\n<div class=\"container\" id=\"boxes\">\n  <div class=\"row\">\n\n    <div class=\"col-sm\">\n      <div class=\"banner-ecj\" id=\"box-assinatura\">\n        <h3 id=\"concurso-trf3-juiz-federal\" class=\"titulo-assinatura\">Concurso TRF3 Juiz Federal <\/h3>\n        <p class=\"subtitulo-assinatura\">Cursos focados no edital do concurso<\/p>\n        <div class=\"box-botao\">\n          <a class=\"btn-assinatura\" target=\"_blank\" href=\"https:\/\/www.estrategiaconcursos.com.br\/cursosPorConcurso\/trf-3-regiao-juiz-sao-paulo-e-mato-grosso-do-sul\/\" role=\"button\" rel=\"noopener noreferrer\">Conhe\u00e7a mais<\/a>\n        <\/div>\n      <\/div>\n    \n    <\/div>\n\n  <\/div>\n<\/div>\n\n\n\n<div class=\"container\" id=\"boxes\">\n  <div class=\"row\">\n\n    <div class=\"col-sm\">\n      <div class=\"banner-ecj\" id=\"box-assinatura\">\n        <h3 id=\"assinatura-juridica\" class=\"titulo-assinatura\">Assinatura Jur\u00eddica <\/h3>\n        <p class=\"subtitulo-assinatura\">Conhe\u00e7a os planos<\/p>\n        <div class=\"box-botao\">\n          <a class=\"btn-assinatura\" target=\"_blank\" href=\"https:\/\/www.estrategiaconcursos.com.br\/assinaturas-ecj\/\" role=\"button\" rel=\"noopener noreferrer\">Conhe\u00e7a mais<\/a>\n        <\/div>\n      <\/div>\n     \n    <\/div>\n\n  <\/div>\n<\/div>\n","protected":false},"excerpt":{"rendered":"No domingo, 21 de agosto, foram aplicadas as provas do concurso Juiz Federal TRF3.\u00a0De acordo com o edital,&hellip;\n","protected":false},"author":12,"featured_media":40780,"comment_status":"open","ping_status":"open","sticky":false,"template":"","format":"standard","meta":{"_jetpack_memberships_contains_paid_content":false,"footnotes":""},"categories":[1,26],"tags":[],"tax_estado":[42,56],"class_list":{"0":"post-16769","1":"post","2":"type-post","3":"status-publish","4":"format-standard","5":"has-post-thumbnail","7":"category-carreiras-juridicas","8":"category-magistratura","9":"tax_estado-ms","10":"tax_estado-sp"},"acf":[],"yoast_head":"<!-- This site is optimized with the Yoast SEO Premium plugin v27.5 (Yoast SEO v27.5) - https:\/\/yoast.com\/product\/yoast-seo-premium-wordpress\/ -->\n<title>Gabarito Extraoficial TRF3 Juiz Federal: confira a corre\u00e7\u00e3o<\/title>\n<meta name=\"description\" content=\"Neste domingo, 21 de agosto, s\u00e3o aplicadas as provas do concurso TRF3 Juiz. Acompanhe a corre\u00e7\u00e3o e o gabarito extraoficial!\" \/>\n<meta name=\"robots\" content=\"index, follow, max-snippet:-1, max-image-preview:large, max-video-preview:-1\" \/>\n<link rel=\"canonical\" href=\"https:\/\/cj.estrategia.com\/portal\/gabarito-extraoficial-trf3-juiz-federal\/\" \/>\n<meta property=\"og:locale\" content=\"pt_BR\" \/>\n<meta property=\"og:type\" content=\"article\" \/>\n<meta property=\"og:title\" content=\"Gabarito Extraoficial TRF3 Juiz Federal: confira a corre\u00e7\u00e3o\" \/>\n<meta property=\"og:description\" content=\"Neste domingo, 21 de agosto, s\u00e3o aplicadas as provas do concurso TRF3 Juiz. Acompanhe a corre\u00e7\u00e3o e o gabarito extraoficial!\" \/>\n<meta property=\"og:url\" content=\"https:\/\/cj.estrategia.com\/portal\/gabarito-extraoficial-trf3-juiz-federal\/\" \/>\n<meta property=\"og:site_name\" content=\"Blog - Carreiras Jur\u00eddicas - Estrat\u00e9gia\" \/>\n<meta property=\"article:publisher\" content=\"https:\/\/www.facebook.com\/estrategiacarreirajuridica\/\" \/>\n<meta property=\"article:published_time\" content=\"2022-08-21T23:45:00+00:00\" \/>\n<meta property=\"article:modified_time\" content=\"2023-07-07T14:21:39+00:00\" \/>\n<meta property=\"og:image\" content=\"https:\/\/cj.estrategia.com\/portal\/wp-content\/uploads\/2023\/06\/07112031\/Juiz-Federal-TRF3.jpg\" \/>\n\t<meta property=\"og:image:width\" content=\"768\" \/>\n\t<meta property=\"og:image:height\" content=\"432\" \/>\n\t<meta property=\"og:image:type\" content=\"image\/jpeg\" \/>\n<meta name=\"author\" content=\"Coordena\u00e7\u00e3o\" \/>\n<meta name=\"twitter:card\" content=\"summary_large_image\" \/>\n<meta name=\"twitter:creator\" content=\"@EstratJuridica\" \/>\n<meta name=\"twitter:site\" content=\"@EstratJuridica\" \/>\n<meta name=\"twitter:label1\" content=\"Escrito por\" \/>\n\t<meta name=\"twitter:data1\" content=\"Coordena\u00e7\u00e3o\" \/>\n\t<meta name=\"twitter:label2\" content=\"Est. tempo de leitura\" \/>\n\t<meta name=\"twitter:data2\" content=\"13 minutos\" \/>\n<script type=\"application\/ld+json\" class=\"yoast-schema-graph\">{\"@context\":\"https:\\\/\\\/schema.org\",\"@graph\":[{\"@type\":\"NewsArticle\",\"@id\":\"https:\\\/\\\/cj.estrategia.com\\\/portal\\\/gabarito-extraoficial-trf3-juiz-federal\\\/#article\",\"isPartOf\":{\"@id\":\"https:\\\/\\\/cj.estrategia.com\\\/portal\\\/gabarito-extraoficial-trf3-juiz-federal\\\/\"},\"author\":{\"name\":\"Coordena\u00e7\u00e3o\",\"@id\":\"https:\\\/\\\/cj.estrategia.com\\\/portal\\\/#\\\/schema\\\/person\\\/4d70317d31449932b99102916b6637f5\"},\"headline\":\"Gabarito Extraoficial TRF3 Juiz Federal: confira a corre\u00e7\u00e3o\",\"datePublished\":\"2022-08-21T23:45:00+00:00\",\"dateModified\":\"2023-07-07T14:21:39+00:00\",\"mainEntityOfPage\":{\"@id\":\"https:\\\/\\\/cj.estrategia.com\\\/portal\\\/gabarito-extraoficial-trf3-juiz-federal\\\/\"},\"wordCount\":2718,\"commentCount\":0,\"publisher\":{\"@id\":\"https:\\\/\\\/cj.estrategia.com\\\/portal\\\/#organization\"},\"image\":{\"@id\":\"https:\\\/\\\/cj.estrategia.com\\\/portal\\\/gabarito-extraoficial-trf3-juiz-federal\\\/#primaryimage\"},\"thumbnailUrl\":\"https:\\\/\\\/cj.estrategia.com\\\/portal\\\/wp-content\\\/uploads\\\/2023\\\/06\\\/07112031\\\/Juiz-Federal-TRF3.jpg\",\"articleSection\":[\"Carreiras Jur\u00eddicas\",\"Magistratura\"],\"inLanguage\":\"pt-BR\",\"potentialAction\":[{\"@type\":\"CommentAction\",\"name\":\"Comment\",\"target\":[\"https:\\\/\\\/cj.estrategia.com\\\/portal\\\/gabarito-extraoficial-trf3-juiz-federal\\\/#respond\"]}]},{\"@type\":\"WebPage\",\"@id\":\"https:\\\/\\\/cj.estrategia.com\\\/portal\\\/gabarito-extraoficial-trf3-juiz-federal\\\/\",\"url\":\"https:\\\/\\\/cj.estrategia.com\\\/portal\\\/gabarito-extraoficial-trf3-juiz-federal\\\/\",\"name\":\"Gabarito Extraoficial TRF3 Juiz Federal: confira a corre\u00e7\u00e3o\",\"isPartOf\":{\"@id\":\"https:\\\/\\\/cj.estrategia.com\\\/portal\\\/#website\"},\"primaryImageOfPage\":{\"@id\":\"https:\\\/\\\/cj.estrategia.com\\\/portal\\\/gabarito-extraoficial-trf3-juiz-federal\\\/#primaryimage\"},\"image\":{\"@id\":\"https:\\\/\\\/cj.estrategia.com\\\/portal\\\/gabarito-extraoficial-trf3-juiz-federal\\\/#primaryimage\"},\"thumbnailUrl\":\"https:\\\/\\\/cj.estrategia.com\\\/portal\\\/wp-content\\\/uploads\\\/2023\\\/06\\\/07112031\\\/Juiz-Federal-TRF3.jpg\",\"datePublished\":\"2022-08-21T23:45:00+00:00\",\"dateModified\":\"2023-07-07T14:21:39+00:00\",\"description\":\"Neste domingo, 21 de agosto, s\u00e3o aplicadas as provas do concurso TRF3 Juiz. Acompanhe a corre\u00e7\u00e3o e o gabarito extraoficial!\",\"breadcrumb\":{\"@id\":\"https:\\\/\\\/cj.estrategia.com\\\/portal\\\/gabarito-extraoficial-trf3-juiz-federal\\\/#breadcrumb\"},\"inLanguage\":\"pt-BR\",\"potentialAction\":[{\"@type\":\"ReadAction\",\"target\":[\"https:\\\/\\\/cj.estrategia.com\\\/portal\\\/gabarito-extraoficial-trf3-juiz-federal\\\/\"]}]},{\"@type\":\"ImageObject\",\"inLanguage\":\"pt-BR\",\"@id\":\"https:\\\/\\\/cj.estrategia.com\\\/portal\\\/gabarito-extraoficial-trf3-juiz-federal\\\/#primaryimage\",\"url\":\"https:\\\/\\\/cj.estrategia.com\\\/portal\\\/wp-content\\\/uploads\\\/2023\\\/06\\\/07112031\\\/Juiz-Federal-TRF3.jpg\",\"contentUrl\":\"https:\\\/\\\/cj.estrategia.com\\\/portal\\\/wp-content\\\/uploads\\\/2023\\\/06\\\/07112031\\\/Juiz-Federal-TRF3.jpg\",\"width\":768,\"height\":432},{\"@type\":\"BreadcrumbList\",\"@id\":\"https:\\\/\\\/cj.estrategia.com\\\/portal\\\/gabarito-extraoficial-trf3-juiz-federal\\\/#breadcrumb\",\"itemListElement\":[{\"@type\":\"ListItem\",\"position\":1,\"name\":\"In\u00edcio\",\"item\":\"https:\\\/\\\/cj.estrategia.com\\\/portal\\\/\"},{\"@type\":\"ListItem\",\"position\":2,\"name\":\"Gabarito Extraoficial TRF3 Juiz Federal: confira a corre\u00e7\u00e3o\"}]},{\"@type\":\"WebSite\",\"@id\":\"https:\\\/\\\/cj.estrategia.com\\\/portal\\\/#website\",\"url\":\"https:\\\/\\\/cj.estrategia.com\\\/portal\\\/\",\"name\":\"Blog - Carreiras Jur\u00eddicas - Estrat\u00e9gia\",\"description\":\"\",\"publisher\":{\"@id\":\"https:\\\/\\\/cj.estrategia.com\\\/portal\\\/#organization\"},\"potentialAction\":[{\"@type\":\"SearchAction\",\"target\":{\"@type\":\"EntryPoint\",\"urlTemplate\":\"https:\\\/\\\/cj.estrategia.com\\\/portal\\\/?s={search_term_string}\"},\"query-input\":{\"@type\":\"PropertyValueSpecification\",\"valueRequired\":true,\"valueName\":\"search_term_string\"}}],\"inLanguage\":\"pt-BR\"},{\"@type\":\"Organization\",\"@id\":\"https:\\\/\\\/cj.estrategia.com\\\/portal\\\/#organization\",\"name\":\"Estrat\u00e9gia - Carreiras Jur\u00eddicas\",\"url\":\"https:\\\/\\\/cj.estrategia.com\\\/portal\\\/\",\"logo\":{\"@type\":\"ImageObject\",\"inLanguage\":\"pt-BR\",\"@id\":\"https:\\\/\\\/cj.estrategia.com\\\/portal\\\/#\\\/schema\\\/logo\\\/image\\\/\",\"url\":\"https:\\\/\\\/cj.estrategia.com\\\/portal\\\/wp-content\\\/uploads\\\/2022\\\/03\\\/11151052\\\/cj-logo.png\",\"contentUrl\":\"https:\\\/\\\/cj.estrategia.com\\\/portal\\\/wp-content\\\/uploads\\\/2022\\\/03\\\/11151052\\\/cj-logo.png\",\"width\":150,\"height\":39,\"caption\":\"Estrat\u00e9gia - Carreiras Jur\u00eddicas\"},\"image\":{\"@id\":\"https:\\\/\\\/cj.estrategia.com\\\/portal\\\/#\\\/schema\\\/logo\\\/image\\\/\"},\"sameAs\":[\"https:\\\/\\\/www.facebook.com\\\/estrategiacarreirajuridica\\\/\",\"https:\\\/\\\/x.com\\\/EstratJuridica\",\"https:\\\/\\\/www.instagram.com\\\/estrategiacarreirajuridica\\\/\",\"https:\\\/\\\/www.youtube.com\\\/channel\\\/UClbMGuYbj2Mh1m3w144ETWQ\"]},{\"@type\":\"Person\",\"@id\":\"https:\\\/\\\/cj.estrategia.com\\\/portal\\\/#\\\/schema\\\/person\\\/4d70317d31449932b99102916b6637f5\",\"name\":\"Coordena\u00e7\u00e3o\",\"image\":{\"@type\":\"ImageObject\",\"inLanguage\":\"pt-BR\",\"@id\":\"https:\\\/\\\/cj.estrategia.com\\\/portal\\\/wp-content\\\/uploads\\\/2022\\\/05\\\/12164923\\\/estrategia-carreira-juridica-coordenacao-96x96.png\",\"url\":\"https:\\\/\\\/cj.estrategia.com\\\/portal\\\/wp-content\\\/uploads\\\/2022\\\/05\\\/12164923\\\/estrategia-carreira-juridica-coordenacao-96x96.png\",\"contentUrl\":\"https:\\\/\\\/cj.estrategia.com\\\/portal\\\/wp-content\\\/uploads\\\/2022\\\/05\\\/12164923\\\/estrategia-carreira-juridica-coordenacao-96x96.png\",\"caption\":\"Coordena\u00e7\u00e3o\"},\"url\":\"https:\\\/\\\/cj.estrategia.com\\\/portal\\\/author\\\/coordenacao\\\/\"}]}<\/script>\n<!-- \/ Yoast SEO Premium plugin. -->","yoast_head_json":{"title":"Gabarito Extraoficial TRF3 Juiz Federal: confira a corre\u00e7\u00e3o","description":"Neste domingo, 21 de agosto, s\u00e3o aplicadas as provas do concurso TRF3 Juiz. Acompanhe a corre\u00e7\u00e3o e o gabarito extraoficial!","robots":{"index":"index","follow":"follow","max-snippet":"max-snippet:-1","max-image-preview":"max-image-preview:large","max-video-preview":"max-video-preview:-1"},"canonical":"https:\/\/cj.estrategia.com\/portal\/gabarito-extraoficial-trf3-juiz-federal\/","og_locale":"pt_BR","og_type":"article","og_title":"Gabarito Extraoficial TRF3 Juiz Federal: confira a corre\u00e7\u00e3o","og_description":"Neste domingo, 21 de agosto, s\u00e3o aplicadas as provas do concurso TRF3 Juiz. Acompanhe a corre\u00e7\u00e3o e o gabarito extraoficial!","og_url":"https:\/\/cj.estrategia.com\/portal\/gabarito-extraoficial-trf3-juiz-federal\/","og_site_name":"Blog - Carreiras Jur\u00eddicas - Estrat\u00e9gia","article_publisher":"https:\/\/www.facebook.com\/estrategiacarreirajuridica\/","article_published_time":"2022-08-21T23:45:00+00:00","article_modified_time":"2023-07-07T14:21:39+00:00","og_image":[{"width":768,"height":432,"url":"https:\/\/cj.estrategia.com\/portal\/wp-content\/uploads\/2023\/06\/07112031\/Juiz-Federal-TRF3.jpg","type":"image\/jpeg"}],"author":"Coordena\u00e7\u00e3o","twitter_card":"summary_large_image","twitter_creator":"@EstratJuridica","twitter_site":"@EstratJuridica","twitter_misc":{"Escrito por":"Coordena\u00e7\u00e3o","Est. tempo de leitura":"13 minutos"},"schema":{"@context":"https:\/\/schema.org","@graph":[{"@type":"NewsArticle","@id":"https:\/\/cj.estrategia.com\/portal\/gabarito-extraoficial-trf3-juiz-federal\/#article","isPartOf":{"@id":"https:\/\/cj.estrategia.com\/portal\/gabarito-extraoficial-trf3-juiz-federal\/"},"author":{"name":"Coordena\u00e7\u00e3o","@id":"https:\/\/cj.estrategia.com\/portal\/#\/schema\/person\/4d70317d31449932b99102916b6637f5"},"headline":"Gabarito Extraoficial TRF3 Juiz Federal: confira a corre\u00e7\u00e3o","datePublished":"2022-08-21T23:45:00+00:00","dateModified":"2023-07-07T14:21:39+00:00","mainEntityOfPage":{"@id":"https:\/\/cj.estrategia.com\/portal\/gabarito-extraoficial-trf3-juiz-federal\/"},"wordCount":2718,"commentCount":0,"publisher":{"@id":"https:\/\/cj.estrategia.com\/portal\/#organization"},"image":{"@id":"https:\/\/cj.estrategia.com\/portal\/gabarito-extraoficial-trf3-juiz-federal\/#primaryimage"},"thumbnailUrl":"https:\/\/cj.estrategia.com\/portal\/wp-content\/uploads\/2023\/06\/07112031\/Juiz-Federal-TRF3.jpg","articleSection":["Carreiras Jur\u00eddicas","Magistratura"],"inLanguage":"pt-BR","potentialAction":[{"@type":"CommentAction","name":"Comment","target":["https:\/\/cj.estrategia.com\/portal\/gabarito-extraoficial-trf3-juiz-federal\/#respond"]}]},{"@type":"WebPage","@id":"https:\/\/cj.estrategia.com\/portal\/gabarito-extraoficial-trf3-juiz-federal\/","url":"https:\/\/cj.estrategia.com\/portal\/gabarito-extraoficial-trf3-juiz-federal\/","name":"Gabarito Extraoficial TRF3 Juiz Federal: confira a corre\u00e7\u00e3o","isPartOf":{"@id":"https:\/\/cj.estrategia.com\/portal\/#website"},"primaryImageOfPage":{"@id":"https:\/\/cj.estrategia.com\/portal\/gabarito-extraoficial-trf3-juiz-federal\/#primaryimage"},"image":{"@id":"https:\/\/cj.estrategia.com\/portal\/gabarito-extraoficial-trf3-juiz-federal\/#primaryimage"},"thumbnailUrl":"https:\/\/cj.estrategia.com\/portal\/wp-content\/uploads\/2023\/06\/07112031\/Juiz-Federal-TRF3.jpg","datePublished":"2022-08-21T23:45:00+00:00","dateModified":"2023-07-07T14:21:39+00:00","description":"Neste domingo, 21 de agosto, s\u00e3o aplicadas as provas do concurso TRF3 Juiz. Acompanhe a corre\u00e7\u00e3o e o gabarito extraoficial!","breadcrumb":{"@id":"https:\/\/cj.estrategia.com\/portal\/gabarito-extraoficial-trf3-juiz-federal\/#breadcrumb"},"inLanguage":"pt-BR","potentialAction":[{"@type":"ReadAction","target":["https:\/\/cj.estrategia.com\/portal\/gabarito-extraoficial-trf3-juiz-federal\/"]}]},{"@type":"ImageObject","inLanguage":"pt-BR","@id":"https:\/\/cj.estrategia.com\/portal\/gabarito-extraoficial-trf3-juiz-federal\/#primaryimage","url":"https:\/\/cj.estrategia.com\/portal\/wp-content\/uploads\/2023\/06\/07112031\/Juiz-Federal-TRF3.jpg","contentUrl":"https:\/\/cj.estrategia.com\/portal\/wp-content\/uploads\/2023\/06\/07112031\/Juiz-Federal-TRF3.jpg","width":768,"height":432},{"@type":"BreadcrumbList","@id":"https:\/\/cj.estrategia.com\/portal\/gabarito-extraoficial-trf3-juiz-federal\/#breadcrumb","itemListElement":[{"@type":"ListItem","position":1,"name":"In\u00edcio","item":"https:\/\/cj.estrategia.com\/portal\/"},{"@type":"ListItem","position":2,"name":"Gabarito Extraoficial TRF3 Juiz Federal: confira a corre\u00e7\u00e3o"}]},{"@type":"WebSite","@id":"https:\/\/cj.estrategia.com\/portal\/#website","url":"https:\/\/cj.estrategia.com\/portal\/","name":"Blog - Carreiras Jur\u00eddicas - Estrat\u00e9gia","description":"","publisher":{"@id":"https:\/\/cj.estrategia.com\/portal\/#organization"},"potentialAction":[{"@type":"SearchAction","target":{"@type":"EntryPoint","urlTemplate":"https:\/\/cj.estrategia.com\/portal\/?s={search_term_string}"},"query-input":{"@type":"PropertyValueSpecification","valueRequired":true,"valueName":"search_term_string"}}],"inLanguage":"pt-BR"},{"@type":"Organization","@id":"https:\/\/cj.estrategia.com\/portal\/#organization","name":"Estrat\u00e9gia - Carreiras Jur\u00eddicas","url":"https:\/\/cj.estrategia.com\/portal\/","logo":{"@type":"ImageObject","inLanguage":"pt-BR","@id":"https:\/\/cj.estrategia.com\/portal\/#\/schema\/logo\/image\/","url":"https:\/\/cj.estrategia.com\/portal\/wp-content\/uploads\/2022\/03\/11151052\/cj-logo.png","contentUrl":"https:\/\/cj.estrategia.com\/portal\/wp-content\/uploads\/2022\/03\/11151052\/cj-logo.png","width":150,"height":39,"caption":"Estrat\u00e9gia - Carreiras Jur\u00eddicas"},"image":{"@id":"https:\/\/cj.estrategia.com\/portal\/#\/schema\/logo\/image\/"},"sameAs":["https:\/\/www.facebook.com\/estrategiacarreirajuridica\/","https:\/\/x.com\/EstratJuridica","https:\/\/www.instagram.com\/estrategiacarreirajuridica\/","https:\/\/www.youtube.com\/channel\/UClbMGuYbj2Mh1m3w144ETWQ"]},{"@type":"Person","@id":"https:\/\/cj.estrategia.com\/portal\/#\/schema\/person\/4d70317d31449932b99102916b6637f5","name":"Coordena\u00e7\u00e3o","image":{"@type":"ImageObject","inLanguage":"pt-BR","@id":"https:\/\/cj.estrategia.com\/portal\/wp-content\/uploads\/2022\/05\/12164923\/estrategia-carreira-juridica-coordenacao-96x96.png","url":"https:\/\/cj.estrategia.com\/portal\/wp-content\/uploads\/2022\/05\/12164923\/estrategia-carreira-juridica-coordenacao-96x96.png","contentUrl":"https:\/\/cj.estrategia.com\/portal\/wp-content\/uploads\/2022\/05\/12164923\/estrategia-carreira-juridica-coordenacao-96x96.png","caption":"Coordena\u00e7\u00e3o"},"url":"https:\/\/cj.estrategia.com\/portal\/author\/coordenacao\/"}]}},"jetpack_featured_media_url":"https:\/\/cj.estrategia.com\/portal\/wp-content\/uploads\/2023\/06\/07112031\/Juiz-Federal-TRF3.jpg","jetpack_sharing_enabled":true,"_links":{"self":[{"href":"https:\/\/cj.estrategia.com\/portal\/wp-json\/wp\/v2\/posts\/16769","targetHints":{"allow":["GET"]}}],"collection":[{"href":"https:\/\/cj.estrategia.com\/portal\/wp-json\/wp\/v2\/posts"}],"about":[{"href":"https:\/\/cj.estrategia.com\/portal\/wp-json\/wp\/v2\/types\/post"}],"author":[{"embeddable":true,"href":"https:\/\/cj.estrategia.com\/portal\/wp-json\/wp\/v2\/users\/12"}],"replies":[{"embeddable":true,"href":"https:\/\/cj.estrategia.com\/portal\/wp-json\/wp\/v2\/comments?post=16769"}],"version-history":[{"count":0,"href":"https:\/\/cj.estrategia.com\/portal\/wp-json\/wp\/v2\/posts\/16769\/revisions"}],"wp:featuredmedia":[{"embeddable":true,"href":"https:\/\/cj.estrategia.com\/portal\/wp-json\/wp\/v2\/media\/40780"}],"wp:attachment":[{"href":"https:\/\/cj.estrategia.com\/portal\/wp-json\/wp\/v2\/media?parent=16769"}],"wp:term":[{"taxonomy":"category","embeddable":true,"href":"https:\/\/cj.estrategia.com\/portal\/wp-json\/wp\/v2\/categories?post=16769"},{"taxonomy":"post_tag","embeddable":true,"href":"https:\/\/cj.estrategia.com\/portal\/wp-json\/wp\/v2\/tags?post=16769"},{"taxonomy":"tax_estado","embeddable":true,"href":"https:\/\/cj.estrategia.com\/portal\/wp-json\/wp\/v2\/tax_estado?post=16769"}],"curies":[{"name":"wp","href":"https:\/\/api.w.org\/{rel}","templated":true}]}}