{"id":165868,"date":"2026-01-02T14:06:25","date_gmt":"2026-01-02T17:06:25","guid":{"rendered":"https:\/\/cj.estrategia.com\/portal\/?p=165868"},"modified":"2026-01-02T14:06:31","modified_gmt":"2026-01-02T17:06:31","slug":"panorama-geral-dos-concursos-para-delegado-em-2026","status":"publish","type":"post","link":"https:\/\/cj.estrategia.com\/portal\/panorama-geral-dos-concursos-para-delegado-em-2026\/","title":{"rendered":"Panorama Geral dos Concursos para Delegado em 2026"},"content":{"rendered":"\n<p>O ano de <strong>2026 promete ser muito movimentado para quem mira a carreira de Delegado de Pol\u00edcia<\/strong>!<\/p>\n\n\n\n<p>Durante 2025, diversos estados sinalizaram, de maneiras diferentes, que novos editais para o cargo est\u00e3o no forno: alguns com <strong>editais autorizados<\/strong>, outros com <strong>comiss\u00f5es j\u00e1 formadas<\/strong> e <strong>bancas organizadoras em processo de defini\u00e7\u00e3o<\/strong>. <\/p>\n\n\n\n<p>Estados como <strong>Maranh\u00e3o<\/strong>, <strong>Rio de Janeiro<\/strong>, <strong>Paran\u00e1<\/strong>, <strong>Bahia<\/strong>, <strong>Distrito Federal<\/strong> e <strong>Tocantins<\/strong> avan\u00e7aram em fases formais, o que sinaliza a proximidade da publica\u00e7\u00e3o dos editais. Outras unidades, como <strong>Mato Grosso<\/strong>, <strong>Mato Grosso do Sul<\/strong>, <strong>Acre<\/strong> e <strong>Amap\u00e1<\/strong>, tamb\u00e9m se movimentam.<\/p>\n\n\n\n<p>Somadas, s\u00e3o <strong>mais de 300 vagas previstas<\/strong>! J\u00e1 os sal\u00e1rios iniciais variam bastante entre as corpora\u00e7\u00f5es dessas regi\u00f5es, indo de cerca de <strong>R$ 13 mil a quase R$ 28 mil<\/strong>!<\/p>\n\n\n\n<p>\u00c9 com essas e outras informa\u00e7\u00f5es que o <strong>Estrat\u00e9gia Carreiras Jur\u00eddicas<\/strong> traz para voc\u00ea este panorama geral de 2026 com dados ilustrativos sobre esse cargo t\u00e3o almejado!<\/p>\n\n\n\n<p><\/p>\n\n\n\n<div class=\"wp-block-cover\" style=\"min-height:155px;aspect-ratio:unset;\"><img decoding=\"async\" width=\"1890\" height=\"351\" class=\"wp-block-cover__image-background wp-image-8669\" alt=\"Assinaturas Jur\u00eddicas\" src=\"https:\/\/cj.estrategia.com\/portal\/wp-content\/uploads\/2022\/06\/20151253\/concurso-carreiras-juridicas-assinatura-juridica.jpg\" style=\"object-position:78% 43%\" data-object-fit=\"cover\" data-object-position=\"78% 43%\" srcset=\"https:\/\/cj.estrategia.com\/portal\/wp-content\/uploads\/2022\/06\/20151253\/concurso-carreiras-juridicas-assinatura-juridica.jpg 1890w, https:\/\/cj.estrategia.com\/portal\/wp-content\/uploads\/2022\/06\/20151253\/concurso-carreiras-juridicas-assinatura-juridica-300x56.jpg 300w, https:\/\/cj.estrategia.com\/portal\/wp-content\/uploads\/2022\/06\/20151253\/concurso-carreiras-juridicas-assinatura-juridica-1024x190.jpg 1024w, https:\/\/cj.estrategia.com\/portal\/wp-content\/uploads\/2022\/06\/20151253\/concurso-carreiras-juridicas-assinatura-juridica-768x143.jpg 768w, https:\/\/cj.estrategia.com\/portal\/wp-content\/uploads\/2022\/06\/20151253\/concurso-carreiras-juridicas-assinatura-juridica-1536x285.jpg 1536w, https:\/\/cj.estrategia.com\/portal\/wp-content\/uploads\/2022\/06\/20151253\/concurso-carreiras-juridicas-assinatura-juridica-380x71.jpg 380w, https:\/\/cj.estrategia.com\/portal\/wp-content\/uploads\/2022\/06\/20151253\/concurso-carreiras-juridicas-assinatura-juridica-800x149.jpg 800w, https:\/\/cj.estrategia.com\/portal\/wp-content\/uploads\/2022\/06\/20151253\/concurso-carreiras-juridicas-assinatura-juridica-1160x215.jpg 1160w\" sizes=\"(max-width: 1890px) 100vw, 1890px\" \/><span aria-hidden=\"true\" class=\"wp-block-cover__background has-background-dim\"><\/span><div class=\"wp-block-cover__inner-container is-layout-flow wp-block-cover-is-layout-flow\">\n<h3 id=\"faca-a-sua-assinatura\" class=\"titulo-assinatura\"><span style=\"color: #ffffff;\">Fa\u00e7a a sua assinatura!<\/span><\/h3>\n<p class=\"subtitulo-assinatura\" style=\"display:block!important; line-height: 0;\"><span style=\"color: #ffffff;\">Escolha a sua \u00e1rea.<\/span><\/p>\n<a target=\"_blank\" href=\"https:\/\/www.estrategiaconcursos.com.br\/assinaturas-ecj\/\" rel=\"noopener\"><button style=\"border-radius: 10px; text-transform: capitalize;\">Acessar<\/button><\/a>\n<\/div><\/div>\n\n\n\n<p><\/p>\n\n\n\n<div class=\"wp-block-yoast-seo-table-of-contents yoast-table-of-contents\"><h2 id=\"explore-o-conteudo\">Explore o conte\u00fado:<\/h2><ul><li><a href=\"#h-panorama-geral-concursos-de-delegado-previstos-para-2026\" data-level=\"2\">\ud83d\udcca Panorama geral: concursos de Delegado previstos para 2026<\/a><\/li><li><a href=\"#h-tendencia-de-novos-editais-para-delegado-em-2026\" data-level=\"2\">Tend\u00eancia de novos editais para Delegado em 2026<\/a><ul><li><a href=\"#h-policia-civil-do-estado-do-maranhao\" data-level=\"3\">Pol\u00edcia Civil do Estado do Maranh\u00e3o<\/a><\/li><li><a href=\"#h-policia-civil-do-estado-do-mato-grosso\" data-level=\"3\">Pol\u00edcia Civil do Estado do Mato Grosso<\/a><\/li><li><a href=\"#h-policia-civil-do-estado-do-rio-de-janeiro\" data-level=\"3\">Pol\u00edcia Civil do Estado do Rio de Janeiro<\/a><\/li><li><a href=\"#h-policia-civil-do-estado-do-parana\" data-level=\"3\">Pol\u00edcia Civil do Estado do Paran\u00e1<\/a><\/li><li><a href=\"#h-policia-civil-do-estado-do-mato-grosso-do-sul\" data-level=\"3\">Pol\u00edcia Civil do Estado do Mato Grosso do Sul<\/a><\/li><li><a href=\"#h-policia-civil-do-estado-da-bahia\" data-level=\"3\">Pol\u00edcia Civil do Estado da Bahia<\/a><\/li><li><a href=\"#h-policia-civil-do-estado-do-tocantins\" data-level=\"3\">Pol\u00edcia Civil do Estado do Tocantins<\/a><\/li><li><a href=\"#h-policia-civil-do-estado-do-acre\" data-level=\"3\">Pol\u00edcia Civil do Estado do Acre<\/a><\/li><li><a href=\"#h-policia-civil-do-estado-do-amapa\" data-level=\"3\">Pol\u00edcia Civil do Estado do Amap\u00e1<\/a><\/li><li><a href=\"#h-policia-civil-do-estado-do-distrito-federal\" data-level=\"3\">Pol\u00edcia Civil do Estado do Distrito Federal<\/a><\/li><\/ul><\/li><li><a href=\"#h-ultimas-remuneracoes-de-acordo-com-os-editais-para-o-cargo-de-delegado-dos-concurso-previstos\" data-level=\"2\">\u00daltimas remunera\u00e7\u00f5es (de acordo com os editais) para o cargo de Delegado dos concurso previstos<\/a><ul><li><a href=\"#h-policia-civil-do-estado-do-maranhao-0\" data-level=\"3\">Pol\u00edcia Civil do Estado do Maranh\u00e3o<\/a><\/li><li><a href=\"#h-policia-civil-do-estado-do-mato-grosso-0\" data-level=\"3\">Pol\u00edcia Civil do Estado do Mato Grosso<\/a><\/li><li><a href=\"#h-policia-civil-do-estado-do-rio-de-janeiro-0\" data-level=\"3\">Pol\u00edcia Civil do Estado do Rio de Janeiro<\/a><\/li><li><a href=\"#h-policia-civil-do-estado-do-parana-0\" data-level=\"3\">Pol\u00edcia Civil do Estado do Paran\u00e1<\/a><\/li><li><a href=\"#h-policia-civil-do-estado-do-mato-grosso-do-sul-0\" data-level=\"3\">Pol\u00edcia Civil do Estado do Mato Grosso do Sul<\/a><\/li><li><a href=\"#h-policia-civil-do-estado-da-bahia-0\" data-level=\"3\">Pol\u00edcia Civil do Estado da Bahia<\/a><\/li><li><a href=\"#h-policia-civil-do-estado-do-tocantins-0\" data-level=\"3\">Pol\u00edcia Civil do Estado do Tocantins<\/a><\/li><li><a href=\"#h-policia-civil-do-estado-do-acre-0\" data-level=\"3\">Pol\u00edcia Civil do Estado do Acre<\/a><\/li><li><a href=\"#h-policia-civil-do-estado-do-amapa-0\" data-level=\"3\">Pol\u00edcia Civil do Estado do Amap\u00e1<\/a><\/li><li><a href=\"#h-policia-civil-do-estado-do-distrito-federal-0\" data-level=\"3\">Pol\u00edcia Civil do Estado do Distrito Federal<\/a><\/li><\/ul><\/li><li><a href=\"#h-quais-os-estados-com-maior-probabilidade-de-abrir-concurso-primeiro\" data-level=\"2\">Quais os estados com maior probabilidade de abrir concurso primeiro?<\/a><\/li><li><a href=\"#h-confira-nossos-artigos\" data-level=\"2\">Confira nossos artigos!<\/a><ul><li><a href=\"#cursos-ficha\" data-level=\"3\">Quer estudar para Concursos de Direito?<\/a><\/li><\/ul><\/li><li><a href=\"#h-whatsapp-ecj-nbsp-clique-na-sua-carreira-e-participe\" data-level=\"2\">Whatsapp ECJ:\u00a0 Clique na sua carreira e PARTICIPE!<\/a><ul><li><a href=\"#h-delegado\" data-level=\"3\">Delegado<\/a><\/li><li><a href=\"#h-cartorios\" data-level=\"3\">Cart\u00f3rios<\/a><\/li><li><a href=\"#h-defensorias\" data-level=\"3\">Defensorias<\/a><\/li><li><a href=\"#h-magistratura-estadual\" data-level=\"3\">Magistratura Estadual<\/a><\/li><li><a href=\"#h-magistratura-federal\" data-level=\"3\">Magistratura Federal<\/a><\/li><li><a href=\"#h-procuradorias\" data-level=\"3\">Procuradorias<\/a><\/li><li><a href=\"#h-promotorias\" data-level=\"3\">Promotorias<\/a><\/li><\/ul><\/li><\/ul><\/div>\n\n\n\n<h2 class=\"wp-block-heading\" id=\"h-panorama-geral-concursos-de-delegado-previstos-para-2026\"><span id=\"%f0%9f%93%8a-panorama-geral-concursos-de-delegado-previstos-para-2026\">\ud83d\udcca Panorama geral: concursos de Delegado previstos para 2026<\/span><\/h2>\n\n\n\n<figure class=\"wp-block-table is-style-stripes\"><table class=\"has-very-light-gray-to-cyan-bluish-gray-gradient-background has-background\"><thead><tr><th class=\"has-text-align-center\" data-align=\"center\">Estado*<\/th><th class=\"has-text-align-center\" data-align=\"center\">Status<\/th><th class=\"has-text-align-center\" data-align=\"center\">Vagas<\/th><th class=\"has-text-align-center\" data-align=\"center\">Sal\u00e1rio Inicial<\/th><th class=\"has-text-align-center\" data-align=\"center\">Forma\u00e7\u00e3o Exigida Prevista<\/th><th class=\"has-text-align-center\" data-align=\"center\">Banca<\/th><\/tr><\/thead><tbody><tr><td class=\"has-text-align-center\" data-align=\"center\"><strong><a href=\"https:\/\/cj.estrategia.com\/portal\/concurso-delegado-ma\/\" target=\"_blank\" >MA \u2013 Maranh\u00e3o<\/a><\/strong><\/td><td class=\"has-text-align-center\" data-align=\"center\">Autorizado \/ comiss\u00e3o formada \/ previsto 2026<\/td><td class=\"has-text-align-center\" data-align=\"center\">A definir<\/td><td class=\"has-text-align-center\" data-align=\"center\">R$ 22.048,53<\/td><td class=\"has-text-align-center\" data-align=\"center\">Direito + CNH B + 3 anos de atividade jur\u00eddica ou policial<\/td><td class=\"has-text-align-center\" data-align=\"center\">A definir<\/td><\/tr><tr><td class=\"has-text-align-center\" data-align=\"center\"><strong><a href=\"https:\/\/cj.estrategia.com\/portal\/concurso-delegado-mt\/\" target=\"_blank\" >MT \u2013 Mato Grosso<\/a><\/strong><\/td><td class=\"has-text-align-center\" data-align=\"center\">Anunciado \/ previsto 2026<\/td><td class=\"has-text-align-center\" data-align=\"center\">A definir<\/td><td class=\"has-text-align-center\" data-align=\"center\">R$ 27.865,69<\/td><td class=\"has-text-align-center\" data-align=\"center\">Direito + 3 anos de atividade jur\u00eddica ou policial<\/td><td class=\"has-text-align-center\" data-align=\"center\">A definir<\/td><\/tr><tr><td class=\"has-text-align-center\" data-align=\"center\"><strong><a href=\"https:\/\/cj.estrategia.com\/portal\/concurso-delegado-rj\/\" target=\"_blank\" >RJ \u2013 Rio de Janeiro<\/a><\/strong><\/td><td class=\"has-text-align-center\" data-align=\"center\">Autorizado<\/td><td class=\"has-text-align-center\" data-align=\"center\"><strong>85<\/strong><\/td><td class=\"has-text-align-center\" data-align=\"center\">R$ 26.981,77<\/td><td class=\"has-text-align-center\" data-align=\"center\">Direito + 3 anos de atividade jur\u00eddica ou policial<\/td><td class=\"has-text-align-center\" data-align=\"center\">A definir<\/td><\/tr><tr><td class=\"has-text-align-center\" data-align=\"center\"><strong><a href=\"https:\/\/cj.estrategia.com\/portal\/concurso-delegado-pr\/\" target=\"_blank\" >PR \u2013 Paran\u00e1<\/a><\/strong><\/td><td class=\"has-text-align-center\" data-align=\"center\">Autorizado \/ comiss\u00e3o formada<\/td><td class=\"has-text-align-center\" data-align=\"center\">A definir<\/td><td class=\"has-text-align-center\" data-align=\"center\">R$ 22.612,42<\/td><td class=\"has-text-align-center\" data-align=\"center\">Direito + CNH B + 3 anos de atividade jur\u00eddica ou policial<\/td><td class=\"has-text-align-center\" data-align=\"center\">A definir<\/td><\/tr><tr><td class=\"has-text-align-center\" data-align=\"center\"><strong><a href=\"https:\/\/cj.estrategia.com\/portal\/concurso-delegado-ms\/\" target=\"_blank\" >MS \u2013 Mato Grosso do Sul<\/a><\/strong><\/td><td class=\"has-text-align-center\" data-align=\"center\">Previsto<\/td><td class=\"has-text-align-center\" data-align=\"center\">A definir<\/td><td class=\"has-text-align-center\" data-align=\"center\">R$ 21.421,70<\/td><td class=\"has-text-align-center\" data-align=\"center\">Direito + CNH B + 3 anos de atividade jur\u00eddica ou policial<\/td><td class=\"has-text-align-center\" data-align=\"center\">A definir<\/td><\/tr><tr><td class=\"has-text-align-center\" data-align=\"center\"><strong><a href=\"https:\/\/cj.estrategia.com\/portal\/concurso-delegado-ba\/\" target=\"_blank\" >BA \u2013 Bahia<\/a><\/strong><\/td><td class=\"has-text-align-center\" data-align=\"center\">Comiss\u00e3o formada<\/td><td class=\"has-text-align-center\" data-align=\"center\"><strong>100<\/strong><\/td><td class=\"has-text-align-center\" data-align=\"center\">R$ 5.883,92 a R$ 14.294,47<\/td><td class=\"has-text-align-center\" data-align=\"center\">Direito + 3 anos de atividade jur\u00eddica ou policial<\/td><td class=\"has-text-align-center\" data-align=\"center\">A definir<\/td><\/tr><tr><td class=\"has-text-align-center\" data-align=\"center\"><strong><a href=\"https:\/\/cj.estrategia.com\/portal\/concurso-delegado-to\/\" target=\"_blank\" >TO \u2013 Tocantins<\/a><\/strong><\/td><td class=\"has-text-align-center\" data-align=\"center\">Comiss\u00e3o formada \/ or\u00e7amento em debate<\/td><td class=\"has-text-align-center\" data-align=\"center\"><strong>60 + 9 CR<\/strong><\/td><td class=\"has-text-align-center\" data-align=\"center\">R$ 25.259,62<\/td><td class=\"has-text-align-center\" data-align=\"center\">Direito + 3 anos de atividade jur\u00eddica ou policial<\/td><td class=\"has-text-align-center\" data-align=\"center\">A definir<\/td><\/tr><tr><td class=\"has-text-align-center\" data-align=\"center\"><strong><a href=\"https:\/\/cj.estrategia.com\/portal\/concurso-delegado-ac\/\" target=\"_blank\" >AC \u2013 Acre<\/a><\/strong><\/td><td class=\"has-text-align-center\" data-align=\"center\">Anunciado<\/td><td class=\"has-text-align-center\" data-align=\"center\">A definir<\/td><td class=\"has-text-align-center\" data-align=\"center\">R$ 15.378,00<\/td><td class=\"has-text-align-center\" data-align=\"center\">Direito + 3 anos de atividade jur\u00eddica ou policial<\/td><td class=\"has-text-align-center\" data-align=\"center\">A definir<\/td><\/tr><tr><td class=\"has-text-align-center\" data-align=\"center\"><strong><a href=\"https:\/\/cj.estrategia.com\/portal\/concurso-delegado-ap\/\" target=\"_blank\" >AP \u2013 Amap\u00e1<\/a><\/strong><\/td><td class=\"has-text-align-center\" data-align=\"center\">Previs\u00e3o de contrata\u00e7\u00e3o da banca em 2026<\/td><td class=\"has-text-align-center\" data-align=\"center\">A definir<\/td><td class=\"has-text-align-center\" data-align=\"center\">R$ 16.650,89<\/td><td class=\"has-text-align-center\" data-align=\"center\">Direito + CNH B + 3 anos de atividade jur\u00eddica ou policial<\/td><td class=\"has-text-align-center\" data-align=\"center\">A definir<\/td><\/tr><\/tbody><\/table><figcaption class=\"wp-element-caption\">*<strong><em><mark style=\"background-color:rgba(0, 0, 0, 0)\" class=\"has-inline-color has-vivid-red-color\">Clique no Estado para conferir os artigos completos!<\/mark><\/em><\/strong><\/figcaption><\/figure>\n\n\n\n<p><strong>Aten\u00e7\u00e3o<\/strong>: as informa\u00e7\u00f5es est\u00e3o sujeitas a altera\u00e7\u00f5es \u00e0 medida que novas atualiza\u00e7\u00f5es sobre cada certame forem divulgadas.<\/p>\n\n\n\n<h2 class=\"wp-block-heading\" id=\"h-tendencia-de-novos-editais-para-delegado-em-2026\"><span id=\"tendencia-de-novos-editais-para-delegado-em-2026\">Tend\u00eancia de novos editais para Delegado em 2026<\/span><\/h2>\n\n\n\n<h3 class=\"wp-block-heading\" id=\"h-policia-civil-do-estado-do-maranhao\"><span id=\"policia-civil-do-estado-do-maranhao\">Pol\u00edcia Civil do Estado do Maranh\u00e3o<\/span><\/h3>\n\n\n\n<p>Entre o pen\u00faltimo edital, publicado em <strong>2012<\/strong>, e o \u00faltimo, lan\u00e7ado em <strong>2017<\/strong>, houve um intervalo de <strong>5 anos<\/strong>.<\/p>\n\n\n\n<figure class=\"wp-block-image size-full\"><img decoding=\"async\" width=\"795\" height=\"517\" src=\"https:\/\/cj.estrategia.com\/portal\/wp-content\/uploads\/2025\/11\/04131109\/delegado-ma.png\" alt=\"\" class=\"wp-image-166902\" srcset=\"https:\/\/cj.estrategia.com\/portal\/wp-content\/uploads\/2025\/11\/04131109\/delegado-ma.png 795w, https:\/\/cj.estrategia.com\/portal\/wp-content\/uploads\/2025\/11\/04131109\/delegado-ma-300x195.png 300w, https:\/\/cj.estrategia.com\/portal\/wp-content\/uploads\/2025\/11\/04131109\/delegado-ma-768x499.png 768w, https:\/\/cj.estrategia.com\/portal\/wp-content\/uploads\/2025\/11\/04131109\/delegado-ma-380x247.png 380w, https:\/\/cj.estrategia.com\/portal\/wp-content\/uploads\/2025\/11\/04131109\/delegado-ma-150x98.png 150w\" sizes=\"(max-width: 795px) 100vw, 795px\" \/><\/figure>\n\n\n\n<h3 class=\"wp-block-heading\" id=\"h-policia-civil-do-estado-do-mato-grosso\"><span id=\"policia-civil-do-estado-do-mato-grosso\">Pol\u00edcia Civil do Estado do Mato Grosso<\/span><\/h3>\n\n\n\n<p>Entre o pen\u00faltimo edital, publicado em <strong>2009<\/strong>, e o \u00faltimo, lan\u00e7ado em <strong>2017<\/strong>, houve um intervalo de <strong>8 anos<\/strong>.<\/p>\n\n\n\n<figure class=\"wp-block-image size-full\"><img decoding=\"async\" width=\"797\" height=\"517\" src=\"https:\/\/cj.estrategia.com\/portal\/wp-content\/uploads\/2025\/11\/04131320\/delegado-mt.png\" alt=\"\" class=\"wp-image-166904\" srcset=\"https:\/\/cj.estrategia.com\/portal\/wp-content\/uploads\/2025\/11\/04131320\/delegado-mt.png 797w, https:\/\/cj.estrategia.com\/portal\/wp-content\/uploads\/2025\/11\/04131320\/delegado-mt-300x195.png 300w, https:\/\/cj.estrategia.com\/portal\/wp-content\/uploads\/2025\/11\/04131320\/delegado-mt-768x498.png 768w, https:\/\/cj.estrategia.com\/portal\/wp-content\/uploads\/2025\/11\/04131320\/delegado-mt-380x246.png 380w, https:\/\/cj.estrategia.com\/portal\/wp-content\/uploads\/2025\/11\/04131320\/delegado-mt-150x97.png 150w\" sizes=\"(max-width: 797px) 100vw, 797px\" \/><\/figure>\n\n\n\n<h3 class=\"wp-block-heading\" id=\"h-policia-civil-do-estado-do-rio-de-janeiro\"><span id=\"policia-civil-do-estado-do-rio-de-janeiro\">Pol\u00edcia Civil do Estado do Rio de Janeiro<\/span><\/h3>\n\n\n\n<p>Entre o pen\u00faltimo edital, publicado em <strong>2012<\/strong>, e o \u00faltimo, lan\u00e7ado em <strong>2021<\/strong>, houve um intervalo de <strong>9 anos<\/strong>.<\/p>\n\n\n\n<figure class=\"wp-block-image size-full\"><img decoding=\"async\" width=\"795\" height=\"515\" src=\"https:\/\/cj.estrategia.com\/portal\/wp-content\/uploads\/2025\/11\/04131353\/delegado-rj.png\" alt=\"\" class=\"wp-image-166906\" srcset=\"https:\/\/cj.estrategia.com\/portal\/wp-content\/uploads\/2025\/11\/04131353\/delegado-rj.png 795w, https:\/\/cj.estrategia.com\/portal\/wp-content\/uploads\/2025\/11\/04131353\/delegado-rj-300x194.png 300w, https:\/\/cj.estrategia.com\/portal\/wp-content\/uploads\/2025\/11\/04131353\/delegado-rj-768x498.png 768w, https:\/\/cj.estrategia.com\/portal\/wp-content\/uploads\/2025\/11\/04131353\/delegado-rj-380x246.png 380w, https:\/\/cj.estrategia.com\/portal\/wp-content\/uploads\/2025\/11\/04131353\/delegado-rj-150x97.png 150w\" sizes=\"(max-width: 795px) 100vw, 795px\" \/><\/figure>\n\n\n\n<h3 class=\"wp-block-heading\" id=\"h-policia-civil-do-estado-do-parana\"><span id=\"policia-civil-do-estado-do-parana\">Pol\u00edcia Civil do Estado do Paran\u00e1<\/span><\/h3>\n\n\n\n<p>Entre o pen\u00faltimo edital, publicado em <strong>2013<\/strong>, e o \u00faltimo, lan\u00e7ado em <strong>2020<\/strong>, houve um intervalo de <strong>7 anos<\/strong>.<\/p>\n\n\n\n<figure class=\"wp-block-image size-full\"><img decoding=\"async\" width=\"796\" height=\"516\" src=\"https:\/\/cj.estrategia.com\/portal\/wp-content\/uploads\/2025\/11\/04151445\/delegado-pr-1.png\" alt=\"\" class=\"wp-image-166968\" srcset=\"https:\/\/cj.estrategia.com\/portal\/wp-content\/uploads\/2025\/11\/04151445\/delegado-pr-1.png 796w, https:\/\/cj.estrategia.com\/portal\/wp-content\/uploads\/2025\/11\/04151445\/delegado-pr-1-300x194.png 300w, https:\/\/cj.estrategia.com\/portal\/wp-content\/uploads\/2025\/11\/04151445\/delegado-pr-1-768x498.png 768w, https:\/\/cj.estrategia.com\/portal\/wp-content\/uploads\/2025\/11\/04151445\/delegado-pr-1-380x246.png 380w, https:\/\/cj.estrategia.com\/portal\/wp-content\/uploads\/2025\/11\/04151445\/delegado-pr-1-150x97.png 150w\" sizes=\"(max-width: 796px) 100vw, 796px\" \/><\/figure>\n\n\n\n<h3 class=\"wp-block-heading\" id=\"h-policia-civil-do-estado-do-mato-grosso-do-sul\"><span id=\"policia-civil-do-estado-do-mato-grosso-do-sul\">Pol\u00edcia Civil do Estado do Mato Grosso do Sul<\/span><\/h3>\n\n\n\n<p>O \u00faltimo edital foi publicado em <strong>2021<\/strong>, ou seja, h\u00e1 <strong>4 anos<\/strong>.<\/p>\n\n\n\n<figure class=\"wp-block-image size-full\"><img decoding=\"async\" width=\"797\" height=\"515\" src=\"https:\/\/cj.estrategia.com\/portal\/wp-content\/uploads\/2025\/11\/04133203\/delegado-ms.png\" alt=\"\" class=\"wp-image-166917\" srcset=\"https:\/\/cj.estrategia.com\/portal\/wp-content\/uploads\/2025\/11\/04133203\/delegado-ms.png 797w, https:\/\/cj.estrategia.com\/portal\/wp-content\/uploads\/2025\/11\/04133203\/delegado-ms-300x194.png 300w, https:\/\/cj.estrategia.com\/portal\/wp-content\/uploads\/2025\/11\/04133203\/delegado-ms-768x496.png 768w, https:\/\/cj.estrategia.com\/portal\/wp-content\/uploads\/2025\/11\/04133203\/delegado-ms-380x246.png 380w, https:\/\/cj.estrategia.com\/portal\/wp-content\/uploads\/2025\/11\/04133203\/delegado-ms-150x97.png 150w\" sizes=\"(max-width: 797px) 100vw, 797px\" \/><\/figure>\n\n\n\n<h3 class=\"wp-block-heading\" id=\"h-policia-civil-do-estado-da-bahia\"><span id=\"policia-civil-do-estado-da-bahia\">Pol\u00edcia Civil do Estado da Bahia<\/span><\/h3>\n\n\n\n<p>Entre o antepen\u00faltimo edital, publicado em <strong>2013<\/strong>, e o pen\u00faltimo, lan\u00e7ado em <strong>2016<\/strong>, houve um intervalo de <strong>3 anos<\/strong>. Desse para o \u00faltimo, em <strong>2022<\/strong>, foram <strong>6 anos<\/strong>.<\/p>\n\n\n\n<figure class=\"wp-block-image size-full\"><img decoding=\"async\" width=\"797\" height=\"517\" src=\"https:\/\/cj.estrategia.com\/portal\/wp-content\/uploads\/2025\/11\/04131709\/delegado-ba.png\" alt=\"\" class=\"wp-image-166909\" srcset=\"https:\/\/cj.estrategia.com\/portal\/wp-content\/uploads\/2025\/11\/04131709\/delegado-ba.png 797w, https:\/\/cj.estrategia.com\/portal\/wp-content\/uploads\/2025\/11\/04131709\/delegado-ba-300x195.png 300w, https:\/\/cj.estrategia.com\/portal\/wp-content\/uploads\/2025\/11\/04131709\/delegado-ba-768x498.png 768w, https:\/\/cj.estrategia.com\/portal\/wp-content\/uploads\/2025\/11\/04131709\/delegado-ba-380x246.png 380w, https:\/\/cj.estrategia.com\/portal\/wp-content\/uploads\/2025\/11\/04131709\/delegado-ba-150x97.png 150w\" sizes=\"(max-width: 797px) 100vw, 797px\" \/><\/figure>\n\n\n\n<h3 class=\"wp-block-heading\" id=\"h-policia-civil-do-estado-do-tocantins\"><span id=\"policia-civil-do-estado-do-tocantins\">Pol\u00edcia Civil do Estado do Tocantins<\/span><\/h3>\n\n\n\n<p>O \u00faltimo edital foi publicado em <strong>2014<\/strong>, portanto j\u00e1 se passaram <strong>11 anos<\/strong> desde a \u00faltima sele\u00e7\u00e3o.<br><\/p>\n\n\n\n<figure class=\"wp-block-image size-full\"><img decoding=\"async\" width=\"797\" height=\"517\" src=\"https:\/\/cj.estrategia.com\/portal\/wp-content\/uploads\/2025\/11\/04133331\/delegado-to.png\" alt=\"\" class=\"wp-image-166918\" srcset=\"https:\/\/cj.estrategia.com\/portal\/wp-content\/uploads\/2025\/11\/04133331\/delegado-to.png 797w, https:\/\/cj.estrategia.com\/portal\/wp-content\/uploads\/2025\/11\/04133331\/delegado-to-300x195.png 300w, https:\/\/cj.estrategia.com\/portal\/wp-content\/uploads\/2025\/11\/04133331\/delegado-to-768x498.png 768w, https:\/\/cj.estrategia.com\/portal\/wp-content\/uploads\/2025\/11\/04133331\/delegado-to-380x246.png 380w, https:\/\/cj.estrategia.com\/portal\/wp-content\/uploads\/2025\/11\/04133331\/delegado-to-150x97.png 150w\" sizes=\"(max-width: 797px) 100vw, 797px\" \/><\/figure>\n\n\n\n<h3 class=\"wp-block-heading\" id=\"h-policia-civil-do-estado-do-acre\"><span id=\"policia-civil-do-estado-do-acre\">Pol\u00edcia Civil do Estado do Acre<\/span><\/h3>\n\n\n\n<p>O \u00faltimo edital foi publicado em <strong>2017<\/strong>, ou seja, h\u00e1 <strong>8 anos<\/strong>.<\/p>\n\n\n\n<figure class=\"wp-block-image size-full\"><img decoding=\"async\" width=\"797\" height=\"516\" src=\"https:\/\/cj.estrategia.com\/portal\/wp-content\/uploads\/2025\/11\/04133456\/delegado-ac.png\" alt=\"\" class=\"wp-image-166919\" srcset=\"https:\/\/cj.estrategia.com\/portal\/wp-content\/uploads\/2025\/11\/04133456\/delegado-ac.png 797w, https:\/\/cj.estrategia.com\/portal\/wp-content\/uploads\/2025\/11\/04133456\/delegado-ac-300x194.png 300w, https:\/\/cj.estrategia.com\/portal\/wp-content\/uploads\/2025\/11\/04133456\/delegado-ac-768x497.png 768w, https:\/\/cj.estrategia.com\/portal\/wp-content\/uploads\/2025\/11\/04133456\/delegado-ac-380x246.png 380w, https:\/\/cj.estrategia.com\/portal\/wp-content\/uploads\/2025\/11\/04133456\/delegado-ac-150x97.png 150w\" sizes=\"(max-width: 797px) 100vw, 797px\" \/><\/figure>\n\n\n\n<h3 class=\"wp-block-heading\" id=\"h-policia-civil-do-estado-do-amapa\"><span id=\"policia-civil-do-estado-do-amapa\">Pol\u00edcia Civil do Estado do Amap\u00e1<\/span><\/h3>\n\n\n\n<p>Entre o pen\u00faltimo edital, publicado em <strong>2010<\/strong>, e o \u00faltimo, lan\u00e7ado em <strong>2017<\/strong>, houve um intervalo de <strong>7 anos<\/strong>.<\/p>\n\n\n\n<figure class=\"wp-block-image size-full\"><img decoding=\"async\" width=\"798\" height=\"518\" src=\"https:\/\/cj.estrategia.com\/portal\/wp-content\/uploads\/2025\/11\/04131829\/Captura-de-tela-2025-12-04-131801.png\" alt=\"\" class=\"wp-image-166910\" srcset=\"https:\/\/cj.estrategia.com\/portal\/wp-content\/uploads\/2025\/11\/04131829\/Captura-de-tela-2025-12-04-131801.png 798w, https:\/\/cj.estrategia.com\/portal\/wp-content\/uploads\/2025\/11\/04131829\/Captura-de-tela-2025-12-04-131801-300x195.png 300w, https:\/\/cj.estrategia.com\/portal\/wp-content\/uploads\/2025\/11\/04131829\/Captura-de-tela-2025-12-04-131801-768x499.png 768w, https:\/\/cj.estrategia.com\/portal\/wp-content\/uploads\/2025\/11\/04131829\/Captura-de-tela-2025-12-04-131801-380x247.png 380w, https:\/\/cj.estrategia.com\/portal\/wp-content\/uploads\/2025\/11\/04131829\/Captura-de-tela-2025-12-04-131801-150x97.png 150w\" sizes=\"(max-width: 798px) 100vw, 798px\" \/><\/figure>\n\n\n\n<h3 class=\"wp-block-heading\" id=\"h-policia-civil-do-estado-do-distrito-federal\"><span id=\"policia-civil-do-estado-do-distrito-federal\">Pol\u00edcia Civil do Estado do Distrito Federal<\/span><\/h3>\n\n\n\n<p>O \u00faltimo edital foi publicado em <strong>2014<\/strong>, ou seja, h\u00e1 <strong>11 anos<\/strong>.<\/p>\n\n\n\n<figure class=\"wp-block-image size-full\"><img decoding=\"async\" width=\"795\" height=\"512\" src=\"https:\/\/cj.estrategia.com\/portal\/wp-content\/uploads\/2025\/11\/04133644\/delegado-df.png\" alt=\"\" class=\"wp-image-166921\" srcset=\"https:\/\/cj.estrategia.com\/portal\/wp-content\/uploads\/2025\/11\/04133644\/delegado-df.png 795w, https:\/\/cj.estrategia.com\/portal\/wp-content\/uploads\/2025\/11\/04133644\/delegado-df-300x193.png 300w, https:\/\/cj.estrategia.com\/portal\/wp-content\/uploads\/2025\/11\/04133644\/delegado-df-768x495.png 768w, https:\/\/cj.estrategia.com\/portal\/wp-content\/uploads\/2025\/11\/04133644\/delegado-df-380x245.png 380w, https:\/\/cj.estrategia.com\/portal\/wp-content\/uploads\/2025\/11\/04133644\/delegado-df-150x97.png 150w\" sizes=\"(max-width: 795px) 100vw, 795px\" \/><\/figure>\n\n\n\n<h2 class=\"wp-block-heading\" id=\"h-ultimas-remuneracoes-de-acordo-com-os-editais-para-o-cargo-de-delegado-dos-concurso-previstos\"><span id=\"ultimas-remuneracoes-de-acordo-com-os-editais-para-o-cargo-de-delegado-dos-concurso-previstos\">\u00daltimas remunera\u00e7\u00f5es (de acordo com os editais) para o cargo de Delegado dos concurso previstos<\/span><\/h2>\n\n\n\n<h3 class=\"wp-block-heading\" id=\"h-policia-civil-do-estado-do-maranhao-0\"><span id=\"policia-civil-do-estado-do-maranhao-2\">Pol\u00edcia Civil do Estado do Maranh\u00e3o<\/span><\/h3>\n\n\n\n<figure class=\"wp-block-image size-full\"><img decoding=\"async\" width=\"927\" height=\"517\" src=\"https:\/\/cj.estrategia.com\/portal\/wp-content\/uploads\/2025\/11\/05120824\/maranhao.jpg\" alt=\"\" class=\"wp-image-167146\" srcset=\"https:\/\/cj.estrategia.com\/portal\/wp-content\/uploads\/2025\/11\/05120824\/maranhao.jpg 927w, https:\/\/cj.estrategia.com\/portal\/wp-content\/uploads\/2025\/11\/05120824\/maranhao-300x167.jpg 300w, https:\/\/cj.estrategia.com\/portal\/wp-content\/uploads\/2025\/11\/05120824\/maranhao-768x428.jpg 768w, https:\/\/cj.estrategia.com\/portal\/wp-content\/uploads\/2025\/11\/05120824\/maranhao-380x212.jpg 380w, https:\/\/cj.estrategia.com\/portal\/wp-content\/uploads\/2025\/11\/05120824\/maranhao-800x446.jpg 800w, https:\/\/cj.estrategia.com\/portal\/wp-content\/uploads\/2025\/11\/05120824\/maranhao-150x84.jpg 150w\" sizes=\"(max-width: 927px) 100vw, 927px\" \/><\/figure>\n\n\n\n<h3 class=\"wp-block-heading\" id=\"h-policia-civil-do-estado-do-mato-grosso-0\"><span id=\"policia-civil-do-estado-do-mato-grosso-2\">Pol\u00edcia Civil do Estado do Mato Grosso<\/span><\/h3>\n\n\n\n<figure class=\"wp-block-image size-full\"><img decoding=\"async\" width=\"930\" height=\"517\" src=\"https:\/\/cj.estrategia.com\/portal\/wp-content\/uploads\/2025\/11\/05121002\/delegado-mt.jpg\" alt=\"\" class=\"wp-image-167148\" srcset=\"https:\/\/cj.estrategia.com\/portal\/wp-content\/uploads\/2025\/11\/05121002\/delegado-mt.jpg 930w, https:\/\/cj.estrategia.com\/portal\/wp-content\/uploads\/2025\/11\/05121002\/delegado-mt-300x167.jpg 300w, https:\/\/cj.estrategia.com\/portal\/wp-content\/uploads\/2025\/11\/05121002\/delegado-mt-768x427.jpg 768w, https:\/\/cj.estrategia.com\/portal\/wp-content\/uploads\/2025\/11\/05121002\/delegado-mt-380x211.jpg 380w, https:\/\/cj.estrategia.com\/portal\/wp-content\/uploads\/2025\/11\/05121002\/delegado-mt-800x445.jpg 800w, https:\/\/cj.estrategia.com\/portal\/wp-content\/uploads\/2025\/11\/05121002\/delegado-mt-150x83.jpg 150w\" sizes=\"(max-width: 930px) 100vw, 930px\" \/><\/figure>\n\n\n\n<h3 class=\"wp-block-heading\" id=\"h-policia-civil-do-estado-do-rio-de-janeiro-0\"><span id=\"policia-civil-do-estado-do-rio-de-janeiro-2\">Pol\u00edcia Civil do Estado do Rio de Janeiro<\/span><\/h3>\n\n\n\n<p><\/p>\n\n\n\n<figure class=\"wp-block-image size-full\"><img decoding=\"async\" width=\"939\" height=\"527\" src=\"https:\/\/cj.estrategia.com\/portal\/wp-content\/uploads\/2025\/11\/11172953\/image-30.png\" alt=\"\" class=\"wp-image-168328\" srcset=\"https:\/\/cj.estrategia.com\/portal\/wp-content\/uploads\/2025\/11\/11172953\/image-30.png 939w, https:\/\/cj.estrategia.com\/portal\/wp-content\/uploads\/2025\/11\/11172953\/image-30-300x168.png 300w, https:\/\/cj.estrategia.com\/portal\/wp-content\/uploads\/2025\/11\/11172953\/image-30-768x431.png 768w, https:\/\/cj.estrategia.com\/portal\/wp-content\/uploads\/2025\/11\/11172953\/image-30-380x213.png 380w, https:\/\/cj.estrategia.com\/portal\/wp-content\/uploads\/2025\/11\/11172953\/image-30-800x449.png 800w, https:\/\/cj.estrategia.com\/portal\/wp-content\/uploads\/2025\/11\/11172953\/image-30-150x84.png 150w\" sizes=\"(max-width: 939px) 100vw, 939px\" \/><\/figure>\n\n\n\n<h3 class=\"wp-block-heading\" id=\"h-policia-civil-do-estado-do-parana-0\"><span id=\"policia-civil-do-estado-do-parana-2\">Pol\u00edcia Civil do Estado do Paran\u00e1<\/span><\/h3>\n\n\n\n<figure class=\"wp-block-image size-full\"><img decoding=\"async\" width=\"927\" height=\"516\" src=\"https:\/\/cj.estrategia.com\/portal\/wp-content\/uploads\/2025\/11\/05121119\/delegadopr.png\" alt=\"\" class=\"wp-image-167149\" srcset=\"https:\/\/cj.estrategia.com\/portal\/wp-content\/uploads\/2025\/11\/05121119\/delegadopr.png 927w, https:\/\/cj.estrategia.com\/portal\/wp-content\/uploads\/2025\/11\/05121119\/delegadopr-300x167.png 300w, https:\/\/cj.estrategia.com\/portal\/wp-content\/uploads\/2025\/11\/05121119\/delegadopr-768x427.png 768w, https:\/\/cj.estrategia.com\/portal\/wp-content\/uploads\/2025\/11\/05121119\/delegadopr-380x212.png 380w, https:\/\/cj.estrategia.com\/portal\/wp-content\/uploads\/2025\/11\/05121119\/delegadopr-800x445.png 800w, https:\/\/cj.estrategia.com\/portal\/wp-content\/uploads\/2025\/11\/05121119\/delegadopr-150x83.png 150w\" sizes=\"(max-width: 927px) 100vw, 927px\" \/><\/figure>\n\n\n\n<h3 class=\"wp-block-heading\" id=\"h-policia-civil-do-estado-do-mato-grosso-do-sul-0\"><span id=\"policia-civil-do-estado-do-mato-grosso-do-sul-2\">Pol\u00edcia Civil do Estado do Mato Grosso do Sul<\/span><\/h3>\n\n\n\n<p><\/p>\n\n\n\n<figure class=\"wp-block-image size-full\"><img decoding=\"async\" width=\"930\" height=\"517\" src=\"https:\/\/cj.estrategia.com\/portal\/wp-content\/uploads\/2025\/11\/12102504\/ms.jpg\" alt=\"\" class=\"wp-image-168447\" srcset=\"https:\/\/cj.estrategia.com\/portal\/wp-content\/uploads\/2025\/11\/12102504\/ms.jpg 930w, https:\/\/cj.estrategia.com\/portal\/wp-content\/uploads\/2025\/11\/12102504\/ms-300x167.jpg 300w, https:\/\/cj.estrategia.com\/portal\/wp-content\/uploads\/2025\/11\/12102504\/ms-768x427.jpg 768w, https:\/\/cj.estrategia.com\/portal\/wp-content\/uploads\/2025\/11\/12102504\/ms-380x211.jpg 380w, https:\/\/cj.estrategia.com\/portal\/wp-content\/uploads\/2025\/11\/12102504\/ms-800x445.jpg 800w, https:\/\/cj.estrategia.com\/portal\/wp-content\/uploads\/2025\/11\/12102504\/ms-150x83.jpg 150w\" sizes=\"(max-width: 930px) 100vw, 930px\" \/><\/figure>\n\n\n\n<h3 class=\"wp-block-heading\" id=\"h-policia-civil-do-estado-da-bahia-0\"><span id=\"policia-civil-do-estado-da-bahia-2\">Pol\u00edcia Civil do Estado da Bahia<\/span><\/h3>\n\n\n\n<p><\/p>\n\n\n\n<figure class=\"wp-block-image size-full\"><img decoding=\"async\" width=\"928\" height=\"517\" src=\"https:\/\/cj.estrategia.com\/portal\/wp-content\/uploads\/2025\/11\/12102357\/bahia.jpg\" alt=\"\" class=\"wp-image-168446\" srcset=\"https:\/\/cj.estrategia.com\/portal\/wp-content\/uploads\/2025\/11\/12102357\/bahia.jpg 928w, https:\/\/cj.estrategia.com\/portal\/wp-content\/uploads\/2025\/11\/12102357\/bahia-300x167.jpg 300w, https:\/\/cj.estrategia.com\/portal\/wp-content\/uploads\/2025\/11\/12102357\/bahia-768x428.jpg 768w, https:\/\/cj.estrategia.com\/portal\/wp-content\/uploads\/2025\/11\/12102357\/bahia-380x212.jpg 380w, https:\/\/cj.estrategia.com\/portal\/wp-content\/uploads\/2025\/11\/12102357\/bahia-800x446.jpg 800w, https:\/\/cj.estrategia.com\/portal\/wp-content\/uploads\/2025\/11\/12102357\/bahia-150x84.jpg 150w\" sizes=\"(max-width: 928px) 100vw, 928px\" \/><\/figure>\n\n\n\n<h3 class=\"wp-block-heading\" id=\"h-policia-civil-do-estado-do-tocantins-0\"><span id=\"policia-civil-do-estado-do-tocantins-2\">Pol\u00edcia Civil do Estado do Tocantins<\/span><\/h3>\n\n\n\n<p><\/p>\n\n\n\n<figure class=\"wp-block-image size-full\"><img decoding=\"async\" width=\"928\" height=\"520\" src=\"https:\/\/cj.estrategia.com\/portal\/wp-content\/uploads\/2025\/11\/10085056\/to.png\" alt=\"\" class=\"wp-image-167920\" srcset=\"https:\/\/cj.estrategia.com\/portal\/wp-content\/uploads\/2025\/11\/10085056\/to.png 928w, https:\/\/cj.estrategia.com\/portal\/wp-content\/uploads\/2025\/11\/10085056\/to-300x168.png 300w, https:\/\/cj.estrategia.com\/portal\/wp-content\/uploads\/2025\/11\/10085056\/to-768x430.png 768w, https:\/\/cj.estrategia.com\/portal\/wp-content\/uploads\/2025\/11\/10085056\/to-380x213.png 380w, https:\/\/cj.estrategia.com\/portal\/wp-content\/uploads\/2025\/11\/10085056\/to-800x448.png 800w, https:\/\/cj.estrategia.com\/portal\/wp-content\/uploads\/2025\/11\/10085056\/to-150x84.png 150w\" sizes=\"(max-width: 928px) 100vw, 928px\" \/><\/figure>\n\n\n\n<h3 class=\"wp-block-heading\" id=\"h-policia-civil-do-estado-do-acre-0\"><span id=\"policia-civil-do-estado-do-acre-2\">Pol\u00edcia Civil do Estado do Acre<\/span><\/h3>\n\n\n\n<p><\/p>\n\n\n\n<figure class=\"wp-block-image size-full\"><img decoding=\"async\" width=\"928\" height=\"516\" src=\"https:\/\/cj.estrategia.com\/portal\/wp-content\/uploads\/2025\/11\/10084919\/xx.jpg\" alt=\"\" class=\"wp-image-167918\" srcset=\"https:\/\/cj.estrategia.com\/portal\/wp-content\/uploads\/2025\/11\/10084919\/xx.jpg 928w, https:\/\/cj.estrategia.com\/portal\/wp-content\/uploads\/2025\/11\/10084919\/xx-300x167.jpg 300w, https:\/\/cj.estrategia.com\/portal\/wp-content\/uploads\/2025\/11\/10084919\/xx-768x427.jpg 768w, https:\/\/cj.estrategia.com\/portal\/wp-content\/uploads\/2025\/11\/10084919\/xx-380x211.jpg 380w, https:\/\/cj.estrategia.com\/portal\/wp-content\/uploads\/2025\/11\/10084919\/xx-800x445.jpg 800w, https:\/\/cj.estrategia.com\/portal\/wp-content\/uploads\/2025\/11\/10084919\/xx-150x83.jpg 150w\" sizes=\"(max-width: 928px) 100vw, 928px\" \/><\/figure>\n\n\n\n<h3 class=\"wp-block-heading\" id=\"h-policia-civil-do-estado-do-amapa-0\"><span id=\"policia-civil-do-estado-do-amapa-2\">Pol\u00edcia Civil do Estado do Amap\u00e1<\/span><\/h3>\n\n\n\n<p><\/p>\n\n\n\n<figure class=\"wp-block-image size-full\"><img decoding=\"async\" width=\"927\" height=\"516\" src=\"https:\/\/cj.estrategia.com\/portal\/wp-content\/uploads\/2025\/11\/05121321\/delegado-ap.jpg\" alt=\"\" class=\"wp-image-167151\" srcset=\"https:\/\/cj.estrategia.com\/portal\/wp-content\/uploads\/2025\/11\/05121321\/delegado-ap.jpg 927w, https:\/\/cj.estrategia.com\/portal\/wp-content\/uploads\/2025\/11\/05121321\/delegado-ap-300x167.jpg 300w, https:\/\/cj.estrategia.com\/portal\/wp-content\/uploads\/2025\/11\/05121321\/delegado-ap-768x427.jpg 768w, https:\/\/cj.estrategia.com\/portal\/wp-content\/uploads\/2025\/11\/05121321\/delegado-ap-380x212.jpg 380w, https:\/\/cj.estrategia.com\/portal\/wp-content\/uploads\/2025\/11\/05121321\/delegado-ap-800x445.jpg 800w, https:\/\/cj.estrategia.com\/portal\/wp-content\/uploads\/2025\/11\/05121321\/delegado-ap-150x83.jpg 150w\" sizes=\"(max-width: 927px) 100vw, 927px\" \/><\/figure>\n\n\n\n<h3 class=\"wp-block-heading\" id=\"h-policia-civil-do-estado-do-distrito-federal-0\"><span id=\"policia-civil-do-estado-do-distrito-federal-2\">Pol\u00edcia Civil do Estado do Distrito Federal<\/span><\/h3>\n\n\n\n<p><\/p>\n\n\n\n<figure class=\"wp-block-image size-full\"><img decoding=\"async\" width=\"927\" height=\"516\" src=\"https:\/\/cj.estrategia.com\/portal\/wp-content\/uploads\/2025\/11\/10085005\/df.png\" alt=\"\" class=\"wp-image-167919\" srcset=\"https:\/\/cj.estrategia.com\/portal\/wp-content\/uploads\/2025\/11\/10085005\/df.png 927w, https:\/\/cj.estrategia.com\/portal\/wp-content\/uploads\/2025\/11\/10085005\/df-300x167.png 300w, https:\/\/cj.estrategia.com\/portal\/wp-content\/uploads\/2025\/11\/10085005\/df-768x427.png 768w, https:\/\/cj.estrategia.com\/portal\/wp-content\/uploads\/2025\/11\/10085005\/df-380x212.png 380w, https:\/\/cj.estrategia.com\/portal\/wp-content\/uploads\/2025\/11\/10085005\/df-800x445.png 800w, https:\/\/cj.estrategia.com\/portal\/wp-content\/uploads\/2025\/11\/10085005\/df-150x83.png 150w\" sizes=\"(max-width: 927px) 100vw, 927px\" \/><\/figure>\n\n\n\n<p><\/p>\n\n\n\n<h2 class=\"wp-block-heading\" id=\"h-quais-os-estados-com-maior-probabilidade-de-abrir-concurso-primeiro\"><span id=\"quais-os-estados-com-maior-probabilidade-de-abrir-concurso-primeiro\">Quais os estados com maior probabilidade de abrir concurso primeiro?<\/span><\/h2>\n\n\n\n<p>Diversos estados j\u00e1 deram o pontap\u00e9 inicial para o concurso de Delegado da Pol\u00edcia Civil, e a disputa para ver <strong>qual edital sai primeiro<\/strong> promete agitar 2026.<\/p>\n\n\n\n<p>Entre os destaques:<\/p>\n\n\n\n<ul class=\"wp-block-list\">\n<li><strong>Rio de Janeiro (RJ)<\/strong>: autorizado e com 85 vagas previstas, o concurso fluminense desponta como um dos mais pr\u00f3ximos da publica\u00e7\u00e3o do edital.<\/li>\n\n\n\n<li><strong>Paran\u00e1 (PR)<\/strong>: comiss\u00e3o formada e sal\u00e1rio inicial de R$ 22.612,42; a expectativa \u00e9 grande entre os candidatos que querem acelerar os estudos.<\/li>\n\n\n\n<li><strong>Bahia (BA)<\/strong>: comiss\u00e3o formada e 100 vagas em pauta; sal\u00e1rio entre R$ 5.883,92 e R$ 14.294,47, atraindo quem busca oportunidade imediata.<\/li>\n\n\n\n<li><strong>Tocantins (TO)<\/strong>: comiss\u00e3o formada, or\u00e7amento em debate e 45 vagas previstas; o edital depende do aval financeiro, mas a movimenta\u00e7\u00e3o j\u00e1 come\u00e7ou.<\/li>\n<\/ul>\n\n\n\n<p>Outros estados, como <strong>Maranh\u00e3o (MA), Mato Grosso (MT), Mato Grosso do Sul (MS), Acre (AC) e Amap\u00e1 (AP)<\/strong>, est\u00e3o em fase de planejamento ou previs\u00e3o, e devem abrir espa\u00e7o no radar assim que os tr\u00e2mites administrativos avan\u00e7arem.<\/p>\n\n\n\n<p><\/p>\n\n\n\n<h2 class=\"wp-block-heading\" id=\"h-confira-nossos-artigos\"><span id=\"confira-nossos-artigos\">Confira nossos artigos!<\/span><\/h2>\n\n\n\n<ul class=\"wp-block-list\">\n<li><a href=\"https:\/\/cj.estrategia.com\/portal\/concursos-delegado\/\"><strong>Concursos delegados<\/strong><\/a><\/li>\n\n\n\n<li><a href=\"https:\/\/cj.estrategia.com\/portal\/concursos-2025-carreiras-juridicas\/\" target=\"_blank\" ><strong>Concursos jur\u00eddicos 2025<\/strong><\/a><\/li>\n\n\n\n<li><a href=\"https:\/\/cj.estrategia.com\/portal\/concursos-juridicos-2026-prepare-se-para-os-proximos-editais\/\"><strong>Concursos jur\u00eddicos 2026<\/strong><\/a><\/li>\n<\/ul>\n\n\n\n<h3 class=\"wp-block-heading has-text-align-left\" id=\"cursos-ficha\"><span id=\"quer-estudar-para-concursos-de-direito\">Quer estudar para Concursos de Direito?<\/span><\/h3>\n\n\n\n<p>O Estrat\u00e9gia Carreira Jur\u00eddica \u00e9 campe\u00e3o de aprova\u00e7\u00f5es nos concursos para Carreiras Jur\u00eddicas com um corpo docente qualificado e materiais completos. Conhe\u00e7a nossos cursos e garanta sua aprova\u00e7\u00e3o:<\/p>\n\n\n\n<div class=\"wp-block-cover\" style=\"min-height:155px;aspect-ratio:unset;\"><img decoding=\"async\" width=\"1890\" height=\"351\" class=\"wp-block-cover__image-background wp-image-8669\" alt=\"Assinaturas Jur\u00eddicas\" src=\"https:\/\/cj.estrategia.com\/portal\/wp-content\/uploads\/2022\/06\/20151253\/concurso-carreiras-juridicas-assinatura-juridica.jpg\" style=\"object-position:78% 43%\" data-object-fit=\"cover\" data-object-position=\"78% 43%\" srcset=\"https:\/\/cj.estrategia.com\/portal\/wp-content\/uploads\/2022\/06\/20151253\/concurso-carreiras-juridicas-assinatura-juridica.jpg 1890w, https:\/\/cj.estrategia.com\/portal\/wp-content\/uploads\/2022\/06\/20151253\/concurso-carreiras-juridicas-assinatura-juridica-300x56.jpg 300w, https:\/\/cj.estrategia.com\/portal\/wp-content\/uploads\/2022\/06\/20151253\/concurso-carreiras-juridicas-assinatura-juridica-1024x190.jpg 1024w, https:\/\/cj.estrategia.com\/portal\/wp-content\/uploads\/2022\/06\/20151253\/concurso-carreiras-juridicas-assinatura-juridica-768x143.jpg 768w, https:\/\/cj.estrategia.com\/portal\/wp-content\/uploads\/2022\/06\/20151253\/concurso-carreiras-juridicas-assinatura-juridica-1536x285.jpg 1536w, https:\/\/cj.estrategia.com\/portal\/wp-content\/uploads\/2022\/06\/20151253\/concurso-carreiras-juridicas-assinatura-juridica-380x71.jpg 380w, https:\/\/cj.estrategia.com\/portal\/wp-content\/uploads\/2022\/06\/20151253\/concurso-carreiras-juridicas-assinatura-juridica-800x149.jpg 800w, https:\/\/cj.estrategia.com\/portal\/wp-content\/uploads\/2022\/06\/20151253\/concurso-carreiras-juridicas-assinatura-juridica-1160x215.jpg 1160w\" sizes=\"(max-width: 1890px) 100vw, 1890px\" \/><span aria-hidden=\"true\" class=\"wp-block-cover__background has-background-dim\"><\/span><div class=\"wp-block-cover__inner-container is-layout-flow wp-block-cover-is-layout-flow\">\n<h3 id=\"faca-a-sua-assinatura-2\" class=\"titulo-assinatura\"><span style=\"color: #ffffff;\">Fa\u00e7a a sua assinatura!<\/span><\/h3>\n<p class=\"subtitulo-assinatura\" style=\"display:block!important; line-height: 0;\"><span style=\"color: #ffffff;\">Escolha a sua \u00e1rea.<\/span><\/p>\n<a target=\"_blank\" href=\"https:\/\/www.estrategiaconcursos.com.br\/assinaturas-ecj\/\" rel=\"noopener\"><button style=\"border-radius: 10px; text-transform: capitalize;\">Acessar<\/button><\/a>\n<\/div><\/div>\n\n\n\n<h2 class=\"wp-block-heading has-text-align-left\" id=\"h-whatsapp-ecj-nbsp-clique-na-sua-carreira-e-participe\"><span id=\"whatsapp-ecj-clique-na-sua-carreira-e-participe\">Whatsapp ECJ:\u00a0<strong>Clique na sua carreira e PARTICIPE!<\/strong><\/span><\/h2>\n\n\n\n<p>Com o\u00a0<strong>Whatsapp ECJ<\/strong>\u00a0vamos transformar a maneira como os estudantes se preparam para os concursos p\u00fablicos do momento e do futuro. <strong>Esta plataforma n\u00e3o apenas oferece suporte para tirar d\u00favidas cruciais, mas tamb\u00e9m fornece dicas valiosas para alcan\u00e7ar o sucesso nas provas<\/strong>, abrangendo todas as \u00e1reas da carreira jur\u00eddica.<\/p>\n\n\n\n<h3 class=\"wp-block-heading\" id=\"h-delegado\"><span id=\"delegado\">Delegado<\/span><\/h3>\n\n\n<a id=\"cta-icon\" href=\"https:\/\/sndflw.com\/i\/delegado-civil-grupo\" target=\"blank\" style=\"background:rgb(41,166,26)\">\n            <img decoding=\"async\" src=\"https:\/\/cj.estrategia.com\/portal\/wp-content\/uploads\/2023\/12\/07160657\/whatsapp_1385.webp\" alt=\"\" alt=\"whatsapp_1385\"><span > Acesse agora o Grupo de Estudos para Delegado Civil<\/span><\/a>\n\n\n\n<h3 class=\"wp-block-heading\" id=\"h-cartorios\"><span id=\"cartorios\">Cart\u00f3rios<\/span><\/h3>\n\n\n<a id=\"cta-icon\" href=\"https:\/\/sndflw.com\/i\/cartorios-grupo\" target=\"blank\" style=\"background:rgb(41,166,26)\">\n            <img decoding=\"async\" src=\"https:\/\/cj.estrategia.com\/portal\/wp-content\/uploads\/2023\/12\/07160657\/whatsapp_1385.webp\" alt=\"\" alt=\"whatsapp_1385\"><span > Acesse agora o Grupo de Estudos para Concursos Cart\u00f3rio <\/span><\/a>\n\n\n\n<h3 class=\"wp-block-heading\" id=\"h-defensorias\"><span id=\"defensorias\">Defensorias<\/span><\/h3>\n\n\n<a id=\"cta-icon\" href=\"https:\/\/sndflw.com\/i\/defensorias-grupo\" target=\"blank\" style=\"background:rgb(41,166,26)\">\n            <img decoding=\"async\" src=\"https:\/\/cj.estrategia.com\/portal\/wp-content\/uploads\/2023\/12\/07160657\/whatsapp_1385.webp\" alt=\"\" alt=\"whatsapp_1385\"><span > Acesse agora o Grupo de Estudos para Concursos em Defensoria<\/span><\/a>\n\n\n\n<h3 class=\"wp-block-heading\" id=\"h-magistratura-estadual\"><span id=\"magistratura-estadual\">Magistratura Estadual<\/span><\/h3>\n\n\n<a id=\"cta-icon\" href=\"https:\/\/sndflw.com\/i\/magistratura-estadual-grupo\" target=\"blank\" style=\"background:rgb(41,166,26)\">\n            <img decoding=\"async\" src=\"https:\/\/cj.estrategia.com\/portal\/wp-content\/uploads\/2023\/12\/07160657\/whatsapp_1385.webp\" alt=\"\" alt=\"whatsapp_1385\"><span > Acesse agora o Grupo de Estudos para Magistratura Estadual <\/span><\/a>\n\n\n\n<h3 class=\"wp-block-heading\" id=\"h-magistratura-federal\"><span id=\"magistratura-federal\">Magistratura Federal<\/span><\/h3>\n\n\n<a id=\"cta-icon\" href=\"https:\/\/sndflw.com\/i\/magistratura-federal-grupo\" target=\"blank\" style=\"background:rgb(41,166,26)\">\n            <img decoding=\"async\" src=\"https:\/\/cj.estrategia.com\/portal\/wp-content\/uploads\/2023\/12\/07160657\/whatsapp_1385.webp\" alt=\"\" alt=\"whatsapp_1385\"><span > Acesse agora o Grupo de Estudos para Magistratura Federal <\/span><\/a>\n\n\n\n<h3 class=\"wp-block-heading\" id=\"h-procuradorias\"><span id=\"procuradorias\">Procuradorias<\/span><\/h3>\n\n\n<a id=\"cta-icon\" href=\"https:\/\/sndflw.com\/i\/procuradorias-grupo\" target=\"blank\" style=\"background:rgb(41,166,26)\">\n            <img decoding=\"async\" src=\"https:\/\/cj.estrategia.com\/portal\/wp-content\/uploads\/2023\/12\/07160657\/whatsapp_1385.webp\" alt=\"\" alt=\"whatsapp_1385\"><span > Acesse agora o Grupo de Estudos para Concurso de Procuradorias <\/span><\/a>\n\n\n\n<h3 class=\"wp-block-heading\" id=\"h-promotorias\"><span id=\"promotorias\">Promotorias<\/span><\/h3>\n\n\n<a id=\"cta-icon\" href=\"https:\/\/sndflw.com\/i\/promotorias-grupo\" target=\"blank\" style=\"background:rgb(83,193,88)\">\n            <img decoding=\"async\" src=\"https:\/\/cj.estrategia.com\/portal\/wp-content\/uploads\/2023\/12\/07160657\/whatsapp_1385.webp\" alt=\"\" alt=\"whatsapp_1385\"><span > Acesse agora o Grupo de Estudos para Concurso de Promotorias <\/span><\/a>\n\n\n\n<p><\/p>\n","protected":false},"excerpt":{"rendered":"O ano de 2026 promete ser muito movimentado para quem mira a carreira de Delegado de Pol\u00edcia! Durante&hellip;\n","protected":false},"author":162,"featured_media":20779,"comment_status":"open","ping_status":"open","sticky":false,"template":"","format":"standard","meta":{"_jetpack_memberships_contains_paid_content":false,"footnotes":""},"categories":[28],"tags":[],"tax_estado":[30,33,34,37,40,42,43,48,49,57],"class_list":{"0":"post-165868","1":"post","2":"type-post","3":"status-publish","4":"format-standard","5":"has-post-thumbnail","7":"category-delegado","8":"tax_estado-ac","9":"tax_estado-ap","10":"tax_estado-ba","11":"tax_estado-df","12":"tax_estado-ma","13":"tax_estado-ms","14":"tax_estado-mt","15":"tax_estado-pr","16":"tax_estado-rj","17":"tax_estado-to"},"acf":[],"yoast_head":"<!-- This site is optimized with the Yoast SEO Premium plugin v27.5 (Yoast SEO v27.5) - https:\/\/yoast.com\/product\/yoast-seo-premium-wordpress\/ -->\n<title>Panorama Geral dos Concursos para Delegado em 2026<\/title>\n<meta name=\"description\" content=\"Descubra o Panorama Geral dos Concursos para Delegado em 2026 e as vagas dispon\u00edveis em diversos estados do Brasil.\" \/>\n<meta name=\"robots\" content=\"index, follow, max-snippet:-1, max-image-preview:large, max-video-preview:-1\" \/>\n<link rel=\"canonical\" href=\"https:\/\/cj.estrategia.com\/portal\/panorama-geral-dos-concursos-para-delegado-em-2026\/\" \/>\n<meta property=\"og:locale\" content=\"pt_BR\" \/>\n<meta property=\"og:type\" content=\"article\" \/>\n<meta property=\"og:title\" content=\"Panorama Geral dos Concursos para Delegado em 2026\" \/>\n<meta property=\"og:description\" content=\"Descubra o Panorama Geral dos Concursos para Delegado em 2026 e as vagas dispon\u00edveis em diversos estados do Brasil.\" \/>\n<meta property=\"og:url\" content=\"https:\/\/cj.estrategia.com\/portal\/panorama-geral-dos-concursos-para-delegado-em-2026\/\" \/>\n<meta property=\"og:site_name\" content=\"Blog - Carreiras Jur\u00eddicas - Estrat\u00e9gia\" \/>\n<meta property=\"article:publisher\" content=\"https:\/\/www.facebook.com\/estrategiacarreirajuridica\/\" \/>\n<meta property=\"article:published_time\" content=\"2026-01-02T17:06:25+00:00\" \/>\n<meta property=\"article:modified_time\" content=\"2026-01-02T17:06:31+00:00\" \/>\n<meta property=\"og:image\" content=\"https:\/\/cj.estrategia.com\/portal\/wp-content\/uploads\/2022\/09\/04102455\/Concursos-Delegado.jpg\" \/>\n\t<meta property=\"og:image:width\" content=\"768\" \/>\n\t<meta property=\"og:image:height\" content=\"432\" \/>\n\t<meta property=\"og:image:type\" content=\"image\/jpeg\" \/>\n<meta name=\"author\" content=\"Jos\u00e9 Ferreira\" \/>\n<meta name=\"twitter:card\" content=\"summary_large_image\" \/>\n<meta name=\"twitter:creator\" content=\"@EstratJuridica\" \/>\n<meta name=\"twitter:site\" content=\"@EstratJuridica\" \/>\n<meta name=\"twitter:label1\" content=\"Escrito por\" \/>\n\t<meta name=\"twitter:data1\" content=\"Jos\u00e9 Ferreira\" \/>\n\t<meta name=\"twitter:label2\" content=\"Est. tempo de leitura\" \/>\n\t<meta name=\"twitter:data2\" content=\"29 minutos\" \/>\n<script type=\"application\/ld+json\" class=\"yoast-schema-graph\">{\"@context\":\"https:\\\/\\\/schema.org\",\"@graph\":[{\"@type\":\"NewsArticle\",\"@id\":\"https:\\\/\\\/cj.estrategia.com\\\/portal\\\/panorama-geral-dos-concursos-para-delegado-em-2026\\\/#article\",\"isPartOf\":{\"@id\":\"https:\\\/\\\/cj.estrategia.com\\\/portal\\\/panorama-geral-dos-concursos-para-delegado-em-2026\\\/\"},\"author\":{\"name\":\"Jos\u00e9 Ferreira\",\"@id\":\"https:\\\/\\\/cj.estrategia.com\\\/portal\\\/#\\\/schema\\\/person\\\/4caf0099c42d736f2aade723f309f690\"},\"headline\":\"Panorama Geral dos Concursos para Delegado em 2026\",\"datePublished\":\"2026-01-02T17:06:25+00:00\",\"dateModified\":\"2026-01-02T17:06:31+00:00\",\"mainEntityOfPage\":{\"@id\":\"https:\\\/\\\/cj.estrategia.com\\\/portal\\\/panorama-geral-dos-concursos-para-delegado-em-2026\\\/\"},\"wordCount\":1282,\"commentCount\":0,\"publisher\":{\"@id\":\"https:\\\/\\\/cj.estrategia.com\\\/portal\\\/#organization\"},\"image\":{\"@id\":\"https:\\\/\\\/cj.estrategia.com\\\/portal\\\/panorama-geral-dos-concursos-para-delegado-em-2026\\\/#primaryimage\"},\"thumbnailUrl\":\"https:\\\/\\\/cj.estrategia.com\\\/portal\\\/wp-content\\\/uploads\\\/2022\\\/09\\\/04102455\\\/Concursos-Delegado.jpg\",\"articleSection\":[\"Delegado\"],\"inLanguage\":\"pt-BR\",\"potentialAction\":[{\"@type\":\"CommentAction\",\"name\":\"Comment\",\"target\":[\"https:\\\/\\\/cj.estrategia.com\\\/portal\\\/panorama-geral-dos-concursos-para-delegado-em-2026\\\/#respond\"]}],\"accessibilityFeature\":[\"tableOfContents\"]},{\"@type\":\"WebPage\",\"@id\":\"https:\\\/\\\/cj.estrategia.com\\\/portal\\\/panorama-geral-dos-concursos-para-delegado-em-2026\\\/\",\"url\":\"https:\\\/\\\/cj.estrategia.com\\\/portal\\\/panorama-geral-dos-concursos-para-delegado-em-2026\\\/\",\"name\":\"Panorama Geral dos Concursos para Delegado em 2026\",\"isPartOf\":{\"@id\":\"https:\\\/\\\/cj.estrategia.com\\\/portal\\\/#website\"},\"primaryImageOfPage\":{\"@id\":\"https:\\\/\\\/cj.estrategia.com\\\/portal\\\/panorama-geral-dos-concursos-para-delegado-em-2026\\\/#primaryimage\"},\"image\":{\"@id\":\"https:\\\/\\\/cj.estrategia.com\\\/portal\\\/panorama-geral-dos-concursos-para-delegado-em-2026\\\/#primaryimage\"},\"thumbnailUrl\":\"https:\\\/\\\/cj.estrategia.com\\\/portal\\\/wp-content\\\/uploads\\\/2022\\\/09\\\/04102455\\\/Concursos-Delegado.jpg\",\"datePublished\":\"2026-01-02T17:06:25+00:00\",\"dateModified\":\"2026-01-02T17:06:31+00:00\",\"description\":\"Descubra o Panorama Geral dos Concursos para Delegado em 2026 e as vagas dispon\u00edveis em diversos estados do Brasil.\",\"breadcrumb\":{\"@id\":\"https:\\\/\\\/cj.estrategia.com\\\/portal\\\/panorama-geral-dos-concursos-para-delegado-em-2026\\\/#breadcrumb\"},\"inLanguage\":\"pt-BR\",\"potentialAction\":[{\"@type\":\"ReadAction\",\"target\":[\"https:\\\/\\\/cj.estrategia.com\\\/portal\\\/panorama-geral-dos-concursos-para-delegado-em-2026\\\/\"]}]},{\"@type\":\"ImageObject\",\"inLanguage\":\"pt-BR\",\"@id\":\"https:\\\/\\\/cj.estrategia.com\\\/portal\\\/panorama-geral-dos-concursos-para-delegado-em-2026\\\/#primaryimage\",\"url\":\"https:\\\/\\\/cj.estrategia.com\\\/portal\\\/wp-content\\\/uploads\\\/2022\\\/09\\\/04102455\\\/Concursos-Delegado.jpg\",\"contentUrl\":\"https:\\\/\\\/cj.estrategia.com\\\/portal\\\/wp-content\\\/uploads\\\/2022\\\/09\\\/04102455\\\/Concursos-Delegado.jpg\",\"width\":768,\"height\":432,\"caption\":\"Concurso de delegado\"},{\"@type\":\"BreadcrumbList\",\"@id\":\"https:\\\/\\\/cj.estrategia.com\\\/portal\\\/panorama-geral-dos-concursos-para-delegado-em-2026\\\/#breadcrumb\",\"itemListElement\":[{\"@type\":\"ListItem\",\"position\":1,\"name\":\"In\u00edcio\",\"item\":\"https:\\\/\\\/cj.estrategia.com\\\/portal\\\/\"},{\"@type\":\"ListItem\",\"position\":2,\"name\":\"Panorama Geral dos Concursos para Delegado em 2026\"}]},{\"@type\":\"WebSite\",\"@id\":\"https:\\\/\\\/cj.estrategia.com\\\/portal\\\/#website\",\"url\":\"https:\\\/\\\/cj.estrategia.com\\\/portal\\\/\",\"name\":\"Blog - Carreiras Jur\u00eddicas - Estrat\u00e9gia\",\"description\":\"\",\"publisher\":{\"@id\":\"https:\\\/\\\/cj.estrategia.com\\\/portal\\\/#organization\"},\"potentialAction\":[{\"@type\":\"SearchAction\",\"target\":{\"@type\":\"EntryPoint\",\"urlTemplate\":\"https:\\\/\\\/cj.estrategia.com\\\/portal\\\/?s={search_term_string}\"},\"query-input\":{\"@type\":\"PropertyValueSpecification\",\"valueRequired\":true,\"valueName\":\"search_term_string\"}}],\"inLanguage\":\"pt-BR\"},{\"@type\":\"Organization\",\"@id\":\"https:\\\/\\\/cj.estrategia.com\\\/portal\\\/#organization\",\"name\":\"Estrat\u00e9gia - Carreiras Jur\u00eddicas\",\"url\":\"https:\\\/\\\/cj.estrategia.com\\\/portal\\\/\",\"logo\":{\"@type\":\"ImageObject\",\"inLanguage\":\"pt-BR\",\"@id\":\"https:\\\/\\\/cj.estrategia.com\\\/portal\\\/#\\\/schema\\\/logo\\\/image\\\/\",\"url\":\"https:\\\/\\\/cj.estrategia.com\\\/portal\\\/wp-content\\\/uploads\\\/2022\\\/03\\\/11151052\\\/cj-logo.png\",\"contentUrl\":\"https:\\\/\\\/cj.estrategia.com\\\/portal\\\/wp-content\\\/uploads\\\/2022\\\/03\\\/11151052\\\/cj-logo.png\",\"width\":150,\"height\":39,\"caption\":\"Estrat\u00e9gia - Carreiras Jur\u00eddicas\"},\"image\":{\"@id\":\"https:\\\/\\\/cj.estrategia.com\\\/portal\\\/#\\\/schema\\\/logo\\\/image\\\/\"},\"sameAs\":[\"https:\\\/\\\/www.facebook.com\\\/estrategiacarreirajuridica\\\/\",\"https:\\\/\\\/x.com\\\/EstratJuridica\",\"https:\\\/\\\/www.instagram.com\\\/estrategiacarreirajuridica\\\/\",\"https:\\\/\\\/www.youtube.com\\\/channel\\\/UClbMGuYbj2Mh1m3w144ETWQ\"]},{\"@type\":\"Person\",\"@id\":\"https:\\\/\\\/cj.estrategia.com\\\/portal\\\/#\\\/schema\\\/person\\\/4caf0099c42d736f2aade723f309f690\",\"name\":\"Jos\u00e9 Ferreira\",\"image\":{\"@type\":\"ImageObject\",\"inLanguage\":\"pt-BR\",\"@id\":\"https:\\\/\\\/cj.estrategia.com\\\/portal\\\/wp-content\\\/uploads\\\/2025\\\/04\\\/18142237\\\/jose-ferreira-navarro-analista-de-conteudo-jornalismo-carreiras-juridicas-96x96.png\",\"url\":\"https:\\\/\\\/cj.estrategia.com\\\/portal\\\/wp-content\\\/uploads\\\/2025\\\/04\\\/18142237\\\/jose-ferreira-navarro-analista-de-conteudo-jornalismo-carreiras-juridicas-96x96.png\",\"contentUrl\":\"https:\\\/\\\/cj.estrategia.com\\\/portal\\\/wp-content\\\/uploads\\\/2025\\\/04\\\/18142237\\\/jose-ferreira-navarro-analista-de-conteudo-jornalismo-carreiras-juridicas-96x96.png\",\"caption\":\"Jos\u00e9 Ferreira\"},\"description\":\"Analista de conte\u00fado na equipe de Jornalismo, atua com SEO e estrat\u00e9gia para desenvolver conte\u00fados relevantes e de alta qualidade voltados para OAB e para o universo de Concursos Jur\u00eddicos.\",\"url\":\"https:\\\/\\\/cj.estrategia.com\\\/portal\\\/author\\\/jose-navarro-de-andrade-cintra-ferreira\\\/\"}]}<\/script>\n<!-- \/ Yoast SEO Premium plugin. -->","yoast_head_json":{"title":"Panorama Geral dos Concursos para Delegado em 2026","description":"Descubra o Panorama Geral dos Concursos para Delegado em 2026 e as vagas dispon\u00edveis em diversos estados do Brasil.","robots":{"index":"index","follow":"follow","max-snippet":"max-snippet:-1","max-image-preview":"max-image-preview:large","max-video-preview":"max-video-preview:-1"},"canonical":"https:\/\/cj.estrategia.com\/portal\/panorama-geral-dos-concursos-para-delegado-em-2026\/","og_locale":"pt_BR","og_type":"article","og_title":"Panorama Geral dos Concursos para Delegado em 2026","og_description":"Descubra o Panorama Geral dos Concursos para Delegado em 2026 e as vagas dispon\u00edveis em diversos estados do Brasil.","og_url":"https:\/\/cj.estrategia.com\/portal\/panorama-geral-dos-concursos-para-delegado-em-2026\/","og_site_name":"Blog - Carreiras Jur\u00eddicas - Estrat\u00e9gia","article_publisher":"https:\/\/www.facebook.com\/estrategiacarreirajuridica\/","article_published_time":"2026-01-02T17:06:25+00:00","article_modified_time":"2026-01-02T17:06:31+00:00","og_image":[{"width":768,"height":432,"url":"https:\/\/cj.estrategia.com\/portal\/wp-content\/uploads\/2022\/09\/04102455\/Concursos-Delegado.jpg","type":"image\/jpeg"}],"author":"Jos\u00e9 Ferreira","twitter_card":"summary_large_image","twitter_creator":"@EstratJuridica","twitter_site":"@EstratJuridica","twitter_misc":{"Escrito por":"Jos\u00e9 Ferreira","Est. tempo de leitura":"29 minutos"},"schema":{"@context":"https:\/\/schema.org","@graph":[{"@type":"NewsArticle","@id":"https:\/\/cj.estrategia.com\/portal\/panorama-geral-dos-concursos-para-delegado-em-2026\/#article","isPartOf":{"@id":"https:\/\/cj.estrategia.com\/portal\/panorama-geral-dos-concursos-para-delegado-em-2026\/"},"author":{"name":"Jos\u00e9 Ferreira","@id":"https:\/\/cj.estrategia.com\/portal\/#\/schema\/person\/4caf0099c42d736f2aade723f309f690"},"headline":"Panorama Geral dos Concursos para Delegado em 2026","datePublished":"2026-01-02T17:06:25+00:00","dateModified":"2026-01-02T17:06:31+00:00","mainEntityOfPage":{"@id":"https:\/\/cj.estrategia.com\/portal\/panorama-geral-dos-concursos-para-delegado-em-2026\/"},"wordCount":1282,"commentCount":0,"publisher":{"@id":"https:\/\/cj.estrategia.com\/portal\/#organization"},"image":{"@id":"https:\/\/cj.estrategia.com\/portal\/panorama-geral-dos-concursos-para-delegado-em-2026\/#primaryimage"},"thumbnailUrl":"https:\/\/cj.estrategia.com\/portal\/wp-content\/uploads\/2022\/09\/04102455\/Concursos-Delegado.jpg","articleSection":["Delegado"],"inLanguage":"pt-BR","potentialAction":[{"@type":"CommentAction","name":"Comment","target":["https:\/\/cj.estrategia.com\/portal\/panorama-geral-dos-concursos-para-delegado-em-2026\/#respond"]}],"accessibilityFeature":["tableOfContents"]},{"@type":"WebPage","@id":"https:\/\/cj.estrategia.com\/portal\/panorama-geral-dos-concursos-para-delegado-em-2026\/","url":"https:\/\/cj.estrategia.com\/portal\/panorama-geral-dos-concursos-para-delegado-em-2026\/","name":"Panorama Geral dos Concursos para Delegado em 2026","isPartOf":{"@id":"https:\/\/cj.estrategia.com\/portal\/#website"},"primaryImageOfPage":{"@id":"https:\/\/cj.estrategia.com\/portal\/panorama-geral-dos-concursos-para-delegado-em-2026\/#primaryimage"},"image":{"@id":"https:\/\/cj.estrategia.com\/portal\/panorama-geral-dos-concursos-para-delegado-em-2026\/#primaryimage"},"thumbnailUrl":"https:\/\/cj.estrategia.com\/portal\/wp-content\/uploads\/2022\/09\/04102455\/Concursos-Delegado.jpg","datePublished":"2026-01-02T17:06:25+00:00","dateModified":"2026-01-02T17:06:31+00:00","description":"Descubra o Panorama Geral dos Concursos para Delegado em 2026 e as vagas dispon\u00edveis em diversos estados do Brasil.","breadcrumb":{"@id":"https:\/\/cj.estrategia.com\/portal\/panorama-geral-dos-concursos-para-delegado-em-2026\/#breadcrumb"},"inLanguage":"pt-BR","potentialAction":[{"@type":"ReadAction","target":["https:\/\/cj.estrategia.com\/portal\/panorama-geral-dos-concursos-para-delegado-em-2026\/"]}]},{"@type":"ImageObject","inLanguage":"pt-BR","@id":"https:\/\/cj.estrategia.com\/portal\/panorama-geral-dos-concursos-para-delegado-em-2026\/#primaryimage","url":"https:\/\/cj.estrategia.com\/portal\/wp-content\/uploads\/2022\/09\/04102455\/Concursos-Delegado.jpg","contentUrl":"https:\/\/cj.estrategia.com\/portal\/wp-content\/uploads\/2022\/09\/04102455\/Concursos-Delegado.jpg","width":768,"height":432,"caption":"Concurso de delegado"},{"@type":"BreadcrumbList","@id":"https:\/\/cj.estrategia.com\/portal\/panorama-geral-dos-concursos-para-delegado-em-2026\/#breadcrumb","itemListElement":[{"@type":"ListItem","position":1,"name":"In\u00edcio","item":"https:\/\/cj.estrategia.com\/portal\/"},{"@type":"ListItem","position":2,"name":"Panorama Geral dos Concursos para Delegado em 2026"}]},{"@type":"WebSite","@id":"https:\/\/cj.estrategia.com\/portal\/#website","url":"https:\/\/cj.estrategia.com\/portal\/","name":"Blog - Carreiras Jur\u00eddicas - Estrat\u00e9gia","description":"","publisher":{"@id":"https:\/\/cj.estrategia.com\/portal\/#organization"},"potentialAction":[{"@type":"SearchAction","target":{"@type":"EntryPoint","urlTemplate":"https:\/\/cj.estrategia.com\/portal\/?s={search_term_string}"},"query-input":{"@type":"PropertyValueSpecification","valueRequired":true,"valueName":"search_term_string"}}],"inLanguage":"pt-BR"},{"@type":"Organization","@id":"https:\/\/cj.estrategia.com\/portal\/#organization","name":"Estrat\u00e9gia - Carreiras Jur\u00eddicas","url":"https:\/\/cj.estrategia.com\/portal\/","logo":{"@type":"ImageObject","inLanguage":"pt-BR","@id":"https:\/\/cj.estrategia.com\/portal\/#\/schema\/logo\/image\/","url":"https:\/\/cj.estrategia.com\/portal\/wp-content\/uploads\/2022\/03\/11151052\/cj-logo.png","contentUrl":"https:\/\/cj.estrategia.com\/portal\/wp-content\/uploads\/2022\/03\/11151052\/cj-logo.png","width":150,"height":39,"caption":"Estrat\u00e9gia - Carreiras Jur\u00eddicas"},"image":{"@id":"https:\/\/cj.estrategia.com\/portal\/#\/schema\/logo\/image\/"},"sameAs":["https:\/\/www.facebook.com\/estrategiacarreirajuridica\/","https:\/\/x.com\/EstratJuridica","https:\/\/www.instagram.com\/estrategiacarreirajuridica\/","https:\/\/www.youtube.com\/channel\/UClbMGuYbj2Mh1m3w144ETWQ"]},{"@type":"Person","@id":"https:\/\/cj.estrategia.com\/portal\/#\/schema\/person\/4caf0099c42d736f2aade723f309f690","name":"Jos\u00e9 Ferreira","image":{"@type":"ImageObject","inLanguage":"pt-BR","@id":"https:\/\/cj.estrategia.com\/portal\/wp-content\/uploads\/2025\/04\/18142237\/jose-ferreira-navarro-analista-de-conteudo-jornalismo-carreiras-juridicas-96x96.png","url":"https:\/\/cj.estrategia.com\/portal\/wp-content\/uploads\/2025\/04\/18142237\/jose-ferreira-navarro-analista-de-conteudo-jornalismo-carreiras-juridicas-96x96.png","contentUrl":"https:\/\/cj.estrategia.com\/portal\/wp-content\/uploads\/2025\/04\/18142237\/jose-ferreira-navarro-analista-de-conteudo-jornalismo-carreiras-juridicas-96x96.png","caption":"Jos\u00e9 Ferreira"},"description":"Analista de conte\u00fado na equipe de Jornalismo, atua com SEO e estrat\u00e9gia para desenvolver conte\u00fados relevantes e de alta qualidade voltados para OAB e para o universo de Concursos Jur\u00eddicos.","url":"https:\/\/cj.estrategia.com\/portal\/author\/jose-navarro-de-andrade-cintra-ferreira\/"}]}},"jetpack_featured_media_url":"https:\/\/cj.estrategia.com\/portal\/wp-content\/uploads\/2022\/09\/04102455\/Concursos-Delegado.jpg","jetpack_sharing_enabled":true,"_links":{"self":[{"href":"https:\/\/cj.estrategia.com\/portal\/wp-json\/wp\/v2\/posts\/165868","targetHints":{"allow":["GET"]}}],"collection":[{"href":"https:\/\/cj.estrategia.com\/portal\/wp-json\/wp\/v2\/posts"}],"about":[{"href":"https:\/\/cj.estrategia.com\/portal\/wp-json\/wp\/v2\/types\/post"}],"author":[{"embeddable":true,"href":"https:\/\/cj.estrategia.com\/portal\/wp-json\/wp\/v2\/users\/162"}],"replies":[{"embeddable":true,"href":"https:\/\/cj.estrategia.com\/portal\/wp-json\/wp\/v2\/comments?post=165868"}],"version-history":[{"count":0,"href":"https:\/\/cj.estrategia.com\/portal\/wp-json\/wp\/v2\/posts\/165868\/revisions"}],"wp:featuredmedia":[{"embeddable":true,"href":"https:\/\/cj.estrategia.com\/portal\/wp-json\/wp\/v2\/media\/20779"}],"wp:attachment":[{"href":"https:\/\/cj.estrategia.com\/portal\/wp-json\/wp\/v2\/media?parent=165868"}],"wp:term":[{"taxonomy":"category","embeddable":true,"href":"https:\/\/cj.estrategia.com\/portal\/wp-json\/wp\/v2\/categories?post=165868"},{"taxonomy":"post_tag","embeddable":true,"href":"https:\/\/cj.estrategia.com\/portal\/wp-json\/wp\/v2\/tags?post=165868"},{"taxonomy":"tax_estado","embeddable":true,"href":"https:\/\/cj.estrategia.com\/portal\/wp-json\/wp\/v2\/tax_estado?post=165868"}],"curies":[{"name":"wp","href":"https:\/\/api.w.org\/{rel}","templated":true}]}}