{"id":165266,"date":"2025-11-27T22:01:34","date_gmt":"2025-11-28T01:01:34","guid":{"rendered":"https:\/\/cj.estrategia.com\/portal\/?p=165266"},"modified":"2025-12-01T11:19:22","modified_gmt":"2025-12-01T14:19:22","slug":"prazo-dobro-defensoria-publica-procedimentos-eca","status":"publish","type":"post","link":"https:\/\/cj.estrategia.com\/portal\/prazo-dobro-defensoria-publica-procedimentos-eca\/","title":{"rendered":"O prazo em dobro para a Defensoria P\u00fablica \u00e9 aplic\u00e1vel ao ECA?"},"content":{"rendered":"\n<p>Ol\u00e1, pessoal! Aqui \u00e9 o professor Allan Joos e hoje vou comentar a recente decis\u00e3o da Quarta Turma do Superior Tribunal de Justi\u00e7a, no julgamento do Recurso Especial n\u00ba 2.139.217\/PR, que discutiu um tema de suma import\u00e2ncia para a doutrina institucional: a Defensoria P\u00fablica possui, ou n\u00e3o, a <strong>prerrogativa de prazo em dobro<\/strong> nos procedimentos regulados pelo Estatuto da Crian\u00e7a e do Adolescente (ECA)?<\/p>\n\n\n\n<p>No mencionado julgado, o STJ, reformou ac\u00f3rd\u00e3o do Tribunal de Justi\u00e7a do Paran\u00e1 e afirmou de forma categ\u00f3rica que: a prerrogativa de prazo em dobro para a Defensoria P\u00fablica n\u00e3o apenas subsiste como se integra harmonicamente ao microssistema da inf\u00e2ncia e juventude.<\/p>\n\n\n\n<p>O fato concreto envolveu a aplica\u00e7\u00e3o medida protetiva e a discuss\u00e3o sobre a tempestividade de um agravo de instrumento interposto pela <strong><a href=\"https:\/\/www.estrategiaconcursos.com.br\/promocoes\/assinaturas-ecj\/\" target=\"_blank\" >Defensoria P\u00fablica<\/a><\/strong>, que, por ter utilizado o prazo em dobro, teve o recurso considerado intempestivo pelo Tribunal de Justi\u00e7a do Estado do Paran\u00e1.<\/p>\n\n\n\n<p>A decis\u00e3o revisitou temas cruciais como isonomia material, estrutura\u00e7\u00e3o das fun\u00e7\u00f5es essenciais \u00e0 Justi\u00e7a e compatibilidade entre celeridade e contradit\u00f3rio substancial.<\/p>\n\n\n\n<p>O que se verificou, de fato, foi que a decis\u00e3o dialoga com o <strong><mark style=\"background-color:rgba(0, 0, 0, 0)\" class=\"has-inline-color has-black-color\">princ\u00edpio da prote\u00e7\u00e3o integral<\/mark><\/strong>, com a pr\u00f3pria evolu\u00e7\u00e3o institucional da Defensoria P\u00fablica e com a necessidade de assegurar, simultaneamente, efici\u00eancia e profundidade na tutela de direitos infantojuvenis.<\/p>\n\n\n\n<p>Vale destacar, que, hoje, a Defensoria P\u00fablica atua muito al\u00e9m do antigo modelo meramente de representa\u00e7\u00e3o processual dos mais pobres, j\u00e1 que o conceito constitucional de necessitados \u00e9, hoje, alargado e abrange o que a doutrina institucional denomina de \u201cvulnerabilidade\u201d, o que compreende tamb\u00e9m a atua\u00e7\u00e3o em prol da inf\u00e2ncia e da juventude, merecendo obedi\u00eancia \u00e0s prerrogativas institucionais tamb\u00e9m no \u00e2mbito de ritos especiais, como aquele previsto no ECA.<\/p>\n\n\n\n<h2 class=\"wp-block-heading\" id=\"h-pano-de-fundo-legislativo-a-constituicao-o-cpc-e-a-lc-80-94\"><span id=\"pano-de-fundo-legislativo-a-constituicao-o-cpc-e-a-lc-80-94\">Pano de fundo legislativo: a Constitui\u00e7\u00e3o, o CPC e a LC 80\/94<\/span><\/h2>\n\n\n\n<p>Para que se possa compreender a controv\u00e9rsia, \u00e9 fundamental retomar o hist\u00f3rico do quadro normativo. A prerrogativa de prazo em dobro atribu\u00edda \u00e0 Defensoria P\u00fablica <strong>n\u00e3o \u00e9 um benef\u00edcio ocasional<\/strong>; ela se insere na l\u00f3gica constitucional de fortalecimento da institui\u00e7\u00e3o e, mais do que uma prerrogativa, \u00e9 uma garantia aos assistidos da institui\u00e7\u00e3o.<\/p>\n\n\n\n<p>A Constitui\u00e7\u00e3o Federal, especialmente ap\u00f3s a EC n. 80\/2014, elevou a Defensoria P\u00fablica ao patamar de institui\u00e7\u00e3o permanente, essencial \u00e0 fun\u00e7\u00e3o jurisdicional do Estado, garantindo-lhe autonomia funcional, administrativa e prerrogativas indispens\u00e1veis ao cumprimento de sua miss\u00e3o. Al\u00e9m disso, a referida emenda constitucional determinou a universaliza\u00e7\u00e3o da institui\u00e7\u00e3o, impondo prazo para que todos os Estados contem com defensores em todas as unidades jurisdicionais, reconhecendo explicitamente a car\u00eancia estrutural do servi\u00e7o p\u00fablico de assist\u00eancia jur\u00eddica e a necessidade de amplia\u00e7\u00e3o da institui\u00e7\u00e3o.<\/p>\n\n\n\n<p>No plano infraconstitucional, a LC 80\/94 (Lei Org\u00e2nica Nacional da Defensoria P\u00fablica), em seu art. 128, I, consagrou expressamente a prerrogativa de prazo em dobro \u00e0 Defensoria P\u00fablica, reproduzida pelo CPC em seu art. 186. Ambos os diplomas partem de uma premissa simples, mas essencial: a Defensoria P\u00fablica possui carga de trabalho, limita\u00e7\u00f5es humanas e responsabilidades institucionais muito superiores \u00e0quelas enfrentadas por outras institui\u00e7\u00f5es, especialmente em raz\u00e3o do princ\u00edpio da indeclinabilidade de suas fun\u00e7\u00f5es e do acentuado n\u00famero de vulnerabilizados em nosso pa\u00eds.<\/p>\n\n\n\n<p>Assim, enquanto os Minist\u00e9rios P\u00fablicos e Procuradorias possuem estrutura robusta, equipes multidisciplinares e capilaridade consolidada, defensoras e defensores enfrentam a realidade de atender milhares de assistidos e frequentemente acumulando mais de uma unidade jurisdicional. A prerrogativa processual, portanto, \u00e9 express\u00e3o jur\u00eddica de um diagn\u00f3stico estrutural e de um reconhecido ac\u00famulo de trabalho.<\/p>\n\n\n\n<h2 class=\"wp-block-heading\" id=\"h-a-reforma-de-2017-no-eca-e-o-nascimento-da-controversia\"><span id=\"a-reforma-de-2017-no-eca-e-o-nascimento-da-controversia\">A reforma de 2017 no ECA e o nascimento da controv\u00e9rsia<\/span><\/h2>\n\n\n\n<p>A grande controv\u00e9rsia surgiu a partir da edi\u00e7\u00e3o da Lei n\u00ba 13.509\/2017 que\u00a0incluiu no art. 152 do ECA o \u00a72\u00ba, prevendo que os prazos processuais relativos aos procedimentos da Inf\u00e2ncia e da Juventude seriam contados em dias corridos e, mais relevante para o tema, <strong><mark style=\"background-color:rgba(0, 0, 0, 0)\" class=\"has-inline-color has-black-color\">veda o prazo em dobro<\/mark> para a Fazenda P\u00fablica e para o Minist\u00e9rio P\u00fablico<\/strong>.<\/p>\n\n\n\n<div class=\"wp-block-media-text is-stacked-on-mobile\" style=\"grid-template-columns:37% auto\"><figure class=\"wp-block-media-text__media\"><img decoding=\"async\" width=\"1024\" height=\"1024\" src=\"https:\/\/cj.estrategia.com\/portal\/wp-content\/uploads\/2025\/06\/27222555\/jurisprudencia-julgamento-decisao-justica-1024x1024.jpg\" alt=\"Prazo\" class=\"wp-image-131829 size-full\" srcset=\"https:\/\/cj.estrategia.com\/portal\/wp-content\/uploads\/2025\/06\/27222555\/jurisprudencia-julgamento-decisao-justica-1024x1024.jpg 1024w, https:\/\/cj.estrategia.com\/portal\/wp-content\/uploads\/2025\/06\/27222555\/jurisprudencia-julgamento-decisao-justica-300x300.jpg 300w, https:\/\/cj.estrategia.com\/portal\/wp-content\/uploads\/2025\/06\/27222555\/jurisprudencia-julgamento-decisao-justica-150x150.jpg 150w, https:\/\/cj.estrategia.com\/portal\/wp-content\/uploads\/2025\/06\/27222555\/jurisprudencia-julgamento-decisao-justica-768x768.jpg 768w, https:\/\/cj.estrategia.com\/portal\/wp-content\/uploads\/2025\/06\/27222555\/jurisprudencia-julgamento-decisao-justica-1536x1536.jpg 1536w, https:\/\/cj.estrategia.com\/portal\/wp-content\/uploads\/2025\/06\/27222555\/jurisprudencia-julgamento-decisao-justica-80x80.jpg 80w, https:\/\/cj.estrategia.com\/portal\/wp-content\/uploads\/2025\/06\/27222555\/jurisprudencia-julgamento-decisao-justica-380x380.jpg 380w, https:\/\/cj.estrategia.com\/portal\/wp-content\/uploads\/2025\/06\/27222555\/jurisprudencia-julgamento-decisao-justica-800x800.jpg 800w, https:\/\/cj.estrategia.com\/portal\/wp-content\/uploads\/2025\/06\/27222555\/jurisprudencia-julgamento-decisao-justica-1160x1160.jpg 1160w, https:\/\/cj.estrategia.com\/portal\/wp-content\/uploads\/2025\/06\/27222555\/jurisprudencia-julgamento-decisao-justica-24x24.jpg 24w, https:\/\/cj.estrategia.com\/portal\/wp-content\/uploads\/2025\/06\/27222555\/jurisprudencia-julgamento-decisao-justica-48x48.jpg 48w, https:\/\/cj.estrategia.com\/portal\/wp-content\/uploads\/2025\/06\/27222555\/jurisprudencia-julgamento-decisao-justica-96x96.jpg 96w, https:\/\/cj.estrategia.com\/portal\/wp-content\/uploads\/2025\/06\/27222555\/jurisprudencia-julgamento-decisao-justica.jpg 2000w\" sizes=\"(max-width: 1024px) 100vw, 1024px\" \/><\/figure><div class=\"wp-block-media-text__content\">\n<p>A d\u00favida surgiu, tanto no meio acad\u00eamico, quanto nos Tribunais Superiores,&nbsp;justamente porque o dispositivo n\u00e3o menciona a Defensoria P\u00fablica, apesar de citar expressamente a Fazenda P\u00fablica. A partir da\u00ed questionou-se: o <strong>sil\u00eancio legislativo<\/strong> deveria ser interpretado como omiss\u00e3o involunt\u00e1ria ou como exclus\u00e3o deliberada?<\/p>\n<\/div><\/div>\n\n\n\n<p>Parte da jurisprud\u00eancia passou a defender que, por \u201cparalelismo entre fun\u00e7\u00f5es essenciais\u201d ou por \u201cisonomia\u201d, esse sil\u00eancio deveria ser suprido, impedindo tamb\u00e9m a Defensoria de usufruir o prazo em dobro. Foi essa a linha que o TJPR adotou no caso analisado pelo STJ no julgado em comento.<\/p>\n\n\n\n<p>Outra corrente, que agora prevalece, contudo, passou a sustentar que o sil\u00eancio legislativo tinha car\u00e1ter eloquente \u2014 e n\u00e3o acidental \u2014 uma vez que, na tramita\u00e7\u00e3o legislativa, a Defensoria P\u00fablica chegou a ser mencionada como destinat\u00e1ria da veda\u00e7\u00e3o, mas foi deliberadamente exclu\u00edda do texto final. A decis\u00e3o do STJ confirma expressamente essa segunda leitura.<\/p>\n\n\n\n<h2 class=\"wp-block-heading\" id=\"h-o-caso-julgado-entre-celeridade-e-contraditorio\"><span id=\"o-caso-julgado-entre-celeridade-e-contraditorio\">O caso julgado: entre celeridade e contradit\u00f3rio<\/span><\/h2>\n\n\n\n<p>No caso concreto, tratava-se de a\u00e7\u00e3o de medida protetiva em que se discutia a suspens\u00e3o da conviv\u00eancia familiar entre uma crian\u00e7a e seus av\u00f3s maternos. A Defensoria P\u00fablica do Paran\u00e1 interp\u00f4s agravo de instrumento contra decis\u00e3o que mantinha a suspens\u00e3o, invocando a prerrogativa de prazo em dobro.<\/p>\n\n\n\n<p>O Tribunal paranaense n\u00e3o conheceu o agravo por <strong>intempestividade<\/strong>, afirmando que permitir prazo em dobro apenas \u00e0 Defensoria P\u00fablica geraria desigualdade entre as institui\u00e7\u00f5es estatais e comprometeria a celeridade pr\u00f3pria da jurisdi\u00e7\u00e3o da inf\u00e2ncia.<\/p>\n\n\n\n<p>Essa vis\u00e3o, no entanto, foi firmemente rejeitada pelo STJ.<\/p>\n\n\n\n<h2 class=\"wp-block-heading\" id=\"h-fundamentacao-do-stj-o-silencio-eloquente-a-isonomia-material-e-a-protecao-integral\"><span id=\"fundamentacao-do-stj-o-silencio-eloquente-a-isonomia-material-e-a-protecao-integral\">Fundamenta\u00e7\u00e3o do STJ: o sil\u00eancio eloquente, a isonomia material e a prote\u00e7\u00e3o integral<\/span><\/h2>\n\n\n\n<h3 class=\"wp-block-heading\" id=\"h-o-silencio-legislativo-como-escolha-consciente\"><span id=\"o-silencio-legislativo-como-escolha-consciente\">O sil\u00eancio legislativo como escolha consciente<\/span><\/h3>\n\n\n\n<p>Ao analisar a tramita\u00e7\u00e3o legislativa, o ministro relator demonstrou que o projeto original previa veda\u00e7\u00e3o expressa do prazo em dobro para MP, Fazenda P\u00fablica e Defensoria P\u00fablica. No decorrer do debate parlamentar, ap\u00f3s audi\u00eancias e participa\u00e7\u00e3o de especialistas, o Congresso retirou a Defensoria P\u00fablica desse rol. O texto final da Lei 13.509\/2017, portanto, afastou a Defensoria P\u00fablica da veda\u00e7\u00e3o de forma intencional.<\/p>\n\n\n\n<p>O ac\u00f3rd\u00e3o observa, nesse ponto, que \u201co sil\u00eancio legislativo nem sempre representa omiss\u00e3o involunt\u00e1ria; muitas vezes, revela op\u00e7\u00e3o consciente do legislador\u201d. Assim, por n\u00e3o constar na veda\u00e7\u00e3o, a Defensoria permanece regida pelas normas gerais do CPC.<\/p>\n\n\n\n<h3 class=\"wp-block-heading\" id=\"h-a-isonomia-material-tratar-desigualmente-os-desiguais\"><span id=\"a-isonomia-material-tratar-desigualmente-os-desiguais\">A isonomia material: tratar desigualmente os desiguais<\/span><\/h3>\n\n\n\n<p>A decis\u00e3o do STJ criticou a leitura meramente formal de isonomia adotada pelo Tribunal de origem. Para a Corte Superior, \u00e9 inconsistente equiparar institui\u00e7\u00f5es que n\u00e3o partem das mesmas condi\u00e7\u00f5es estruturais. A Defensoria P\u00fablica enfrenta sobrecarga desproporcional, e seus usu\u00e1rios vivem grave hist\u00f3rico de vulnerabiliza\u00e7\u00e3o. O tratamento diferente garante, na realidade, verdadeira igualdade material entre os atores do Sistema de Justi\u00e7a.<\/p>\n\n\n\n<p>O voto resgata precedente cl\u00e1ssico do STF (HC 70.514\/RS) que j\u00e1 havia reconhecido que o prazo em dobro \u00e9 instrumento de compensa\u00e7\u00e3o diante da <strong>desigualdade institucional<\/strong> entre Defensoria e Minist\u00e9rio P\u00fablico no Processo Penal.<\/p>\n\n\n\n<h3 class=\"wp-block-heading\" id=\"h-celeridade-e-contraditorio-substancial-podem-e-devem-coexistir\"><span id=\"celeridade-e-contraditorio-substancial-podem-e-devem-coexistir\">Celeridade e contradit\u00f3rio substancial podem e devem coexistir<\/span><\/h3>\n\n\n\n<p>O ECA, de fato, estabelece a celeridade como eixo central da tutela infantojuvenil. Todavia, o STJ destacou que conceder dez dias adicionais \u00e0 Defensoria P\u00fablica n\u00e3o compromete a prioridade absoluta das crian\u00e7as e adolescentes.<\/p>\n\n\n\n<p>A firmeza do racioc\u00ednio est\u00e1 na articula\u00e7\u00e3o entre <strong><mark style=\"background-color:rgba(0, 0, 0, 0)\" class=\"has-inline-color has-black-color\">prote\u00e7\u00e3o integral<\/mark> e contradit\u00f3rio substantivo<\/strong>: a defesa qualificada n\u00e3o atrapalha a celeridade; ao contr\u00e1rio, contribui para decis\u00f5es mais justas, est\u00e1veis e adequadas ao melhor interesse da crian\u00e7a.<\/p>\n\n\n\n<p>Do ponto de vista doutrin\u00e1rio, o ac\u00f3rd\u00e3o refor\u00e7a a ideia de microssistemas processuais que dialogam entre si, afirmando que o ECA n\u00e3o opera em enclaves isolados. Isto \u00e9, deve-se interpretar o Estatuto a partir da Constitui\u00e7\u00e3o, da prote\u00e7\u00e3o integral e das regras gerais do CPC quando compat\u00edveis.<\/p>\n\n\n\n<pre class=\"wp-block-verse\">Nos concursos de carreiras jur\u00eddicas, o precedente \u00e9 bastante importante: apresenta tema atual, com forte <strong>carga principiol\u00f3gica<\/strong>, hist\u00f3rico legislativo rico, diverg\u00eancia jurisprudencial anterior e impacto direto na atua\u00e7\u00e3o de institui\u00e7\u00f5es essenciais, em especial Defensoria P\u00fablica, magistratura e Minist\u00e9rio P\u00fablico. Trata-se, sem d\u00favida, de assunto apto a aparecer em provas objetivas, discursivas, pe\u00e7as pr\u00e1ticas e at\u00e9 em argui\u00e7\u00f5es orais, sobretudo nas provas dos concursos das Defensorias P\u00fablicas.<\/pre>\n\n\n\n<p>A decis\u00e3o da Quarta Turma do STJ esclarece, com densidade argumentativa, que a prerrogativa de prazo em dobro da Defensoria P\u00fablica n\u00e3o apenas subsiste nos procedimentos do ECA, como \u00e9 condi\u00e7\u00e3o fundamental para a efetiva\u00e7\u00e3o do contradit\u00f3rio, da ampla defesa e da pr\u00f3pria prote\u00e7\u00e3o integral da crian\u00e7a e do adolescente.<\/p>\n\n\n\n<p>O precedente analisa o tema em perspectiva hist\u00f3rica, legislativa e constitucional, reafirmando que a celeridade processual n\u00e3o pode se transformar em obst\u00e1culo para uma defesa adequada, especialmente quando exercida por institui\u00e7\u00e3o estruturalmente assim\u00e9trica em rela\u00e7\u00e3o a outras fun\u00e7\u00f5es essenciais \u00e0 Justi\u00e7a.<\/p>\n\n\n\n<p>A compreens\u00e3o desse julgado \u00e9 indispens\u00e1vel tanto para quem atua no sistema de justi\u00e7a quanto para quem se prepara para concursos jur\u00eddicos de alto n\u00edvel \u2014 e representa, sobretudo, mais um cap\u00edtulo na afirma\u00e7\u00e3o da Defensoria P\u00fablica como pilar democr\u00e1tico de acesso \u00e0 justi\u00e7a.<\/p>\n\n\n\n<hr class=\"wp-block-separator has-alpha-channel-opacity\"\/>\n\n\n\n<h2 class=\"wp-block-heading has-text-align-center\" id=\"h-quer-saber-quais-serao-os-proximos-concursos\"><span id=\"quer-saber-quais-serao-os-proximos-concursos\">Quer saber quais ser\u00e3o os pr\u00f3ximos concursos?<\/span><\/h2>\n\n\n\n<pre class=\"wp-block-verse has-text-align-center\">Confira nossos&nbsp;<a href=\"https:\/\/cj.estrategia.com\/portal\/\" target=\"_blank\" >artigos para Carreiras Jur\u00eddicas<\/a>!<\/pre>\n\n\n\n<p class=\"has-text-align-center has-white-color has-pale-cyan-blue-background-color has-text-color has-background has-link-color wp-elements-723b3278bf14a50a5e7b7e937b9a17d4\"><a href=\"https:\/\/cj.estrategia.com\/portal\/concursos-abertos-carreiras-juridicas\/\">Concursos jur\u00eddicos abertos<\/a><\/p>\n\n\n\n<p class=\"has-text-align-center has-white-color has-pale-cyan-blue-background-color has-text-color has-background has-link-color wp-elements-41349f36dc977263ca2129bf0f6dd541\"><a href=\"https:\/\/cj.estrategia.com\/portal\/concursos-2025-carreiras-juridicas\/\" target=\"_blank\" >Concursos jur\u00eddicos 2025<\/a><\/p>\n","protected":false},"excerpt":{"rendered":"Ol\u00e1, pessoal! Aqui \u00e9 o professor Allan Joos e hoje vou comentar a recente decis\u00e3o da Quarta Turma&hellip;\n","protected":false},"author":62,"featured_media":165300,"comment_status":"open","ping_status":"open","sticky":false,"template":"","format":"standard","meta":{"_jetpack_memberships_contains_paid_content":false,"footnotes":""},"categories":[1],"tags":[456,1177,175,656,132,3866,941,2718,202],"tax_estado":[48],"class_list":{"0":"post-165266","1":"post","2":"type-post","3":"status-publish","4":"format-standard","5":"has-post-thumbnail","7":"category-carreiras-juridicas","8":"tag-concurso-publico","9":"tag-defensoria-publica","10":"tag-eca","11":"tag-estatuto-da-crianca-e-do-adolescente","12":"tag-jurisprudencia","13":"tag-prazo-em-dobro","14":"tag-principio-da-isonomia","15":"tag-protecao-integral-de-criancas-e-adolescentes","16":"tag-stj","17":"tax_estado-pr"},"acf":[],"yoast_head":"<!-- This site is optimized with the Yoast SEO Premium plugin v27.4 (Yoast SEO v27.4) - https:\/\/yoast.com\/product\/yoast-seo-premium-wordpress\/ -->\n<title>O prazo em dobro para a Defensoria P\u00fablica \u00e9 aplic\u00e1vel ao ECA?<\/title>\n<meta name=\"description\" content=\"Segundo o STJ, a prerrogativa de prazo em dobro para a Defensoria P\u00fablica integra harmonicamente o microssistema da inf\u00e2ncia e juventude.\" \/>\n<meta name=\"robots\" content=\"index, follow, max-snippet:-1, max-image-preview:large, max-video-preview:-1\" \/>\n<link rel=\"canonical\" href=\"https:\/\/cj.estrategia.com\/portal\/prazo-dobro-defensoria-publica-procedimentos-eca\/\" \/>\n<meta property=\"og:locale\" content=\"pt_BR\" \/>\n<meta property=\"og:type\" content=\"article\" \/>\n<meta property=\"og:title\" content=\"O prazo em dobro para a Defensoria P\u00fablica \u00e9 aplic\u00e1vel ao ECA?\" \/>\n<meta property=\"og:description\" content=\"Segundo o STJ, a prerrogativa de prazo em dobro para a Defensoria P\u00fablica integra harmonicamente o microssistema da inf\u00e2ncia e juventude.\" \/>\n<meta property=\"og:url\" content=\"https:\/\/cj.estrategia.com\/portal\/prazo-dobro-defensoria-publica-procedimentos-eca\/\" \/>\n<meta property=\"og:site_name\" content=\"Blog - Carreiras Jur\u00eddicas - Estrat\u00e9gia\" \/>\n<meta property=\"article:publisher\" content=\"https:\/\/www.facebook.com\/estrategiacarreirajuridica\/\" \/>\n<meta property=\"article:published_time\" content=\"2025-11-28T01:01:34+00:00\" \/>\n<meta property=\"article:modified_time\" content=\"2025-12-01T14:19:22+00:00\" \/>\n<meta property=\"og:image\" content=\"https:\/\/cj.estrategia.com\/portal\/wp-content\/uploads\/2025\/11\/27215243\/justica-julgamento-tribunal.jpg\" \/>\n\t<meta property=\"og:image:width\" content=\"2000\" \/>\n\t<meta property=\"og:image:height\" content=\"1144\" \/>\n\t<meta property=\"og:image:type\" content=\"image\/jpeg\" \/>\n<meta name=\"author\" content=\"Allan Joos\" \/>\n<meta name=\"twitter:card\" content=\"summary_large_image\" \/>\n<meta name=\"twitter:creator\" content=\"@EstratJuridica\" \/>\n<meta name=\"twitter:site\" content=\"@EstratJuridica\" \/>\n<meta name=\"twitter:label1\" content=\"Escrito por\" \/>\n\t<meta name=\"twitter:data1\" content=\"Allan Joos\" \/>\n\t<meta name=\"twitter:label2\" content=\"Est. tempo de leitura\" \/>\n\t<meta name=\"twitter:data2\" content=\"8 minutos\" \/>\n<script type=\"application\/ld+json\" class=\"yoast-schema-graph\">{\"@context\":\"https:\\\/\\\/schema.org\",\"@graph\":[{\"@type\":\"NewsArticle\",\"@id\":\"https:\\\/\\\/cj.estrategia.com\\\/portal\\\/prazo-dobro-defensoria-publica-procedimentos-eca\\\/#article\",\"isPartOf\":{\"@id\":\"https:\\\/\\\/cj.estrategia.com\\\/portal\\\/prazo-dobro-defensoria-publica-procedimentos-eca\\\/\"},\"author\":{\"name\":\"Allan Joos\",\"@id\":\"https:\\\/\\\/cj.estrategia.com\\\/portal\\\/#\\\/schema\\\/person\\\/c48648992c53b73c046825760c50c2f0\"},\"headline\":\"O prazo em dobro para a Defensoria P\u00fablica \u00e9 aplic\u00e1vel ao ECA?\",\"datePublished\":\"2025-11-28T01:01:34+00:00\",\"dateModified\":\"2025-12-01T14:19:22+00:00\",\"mainEntityOfPage\":{\"@id\":\"https:\\\/\\\/cj.estrategia.com\\\/portal\\\/prazo-dobro-defensoria-publica-procedimentos-eca\\\/\"},\"wordCount\":1558,\"commentCount\":0,\"publisher\":{\"@id\":\"https:\\\/\\\/cj.estrategia.com\\\/portal\\\/#organization\"},\"image\":{\"@id\":\"https:\\\/\\\/cj.estrategia.com\\\/portal\\\/prazo-dobro-defensoria-publica-procedimentos-eca\\\/#primaryimage\"},\"thumbnailUrl\":\"https:\\\/\\\/cj.estrategia.com\\\/portal\\\/wp-content\\\/uploads\\\/2025\\\/11\\\/27215243\\\/justica-julgamento-tribunal.jpg\",\"keywords\":[\"concurso p\u00fablico\",\"defensoria p\u00fablica\",\"ECA\",\"Estatuto da Crian\u00e7a e do Adolescente\",\"jurisprud\u00eancia\",\"prazo em dobro\",\"princ\u00edpio da isonomia\",\"prote\u00e7\u00e3o integral de crian\u00e7as e adolescentes\",\"STJ\"],\"articleSection\":[\"Carreiras Jur\u00eddicas\"],\"inLanguage\":\"pt-BR\",\"potentialAction\":[{\"@type\":\"CommentAction\",\"name\":\"Comment\",\"target\":[\"https:\\\/\\\/cj.estrategia.com\\\/portal\\\/prazo-dobro-defensoria-publica-procedimentos-eca\\\/#respond\"]}]},{\"@type\":\"WebPage\",\"@id\":\"https:\\\/\\\/cj.estrategia.com\\\/portal\\\/prazo-dobro-defensoria-publica-procedimentos-eca\\\/\",\"url\":\"https:\\\/\\\/cj.estrategia.com\\\/portal\\\/prazo-dobro-defensoria-publica-procedimentos-eca\\\/\",\"name\":\"O prazo em dobro para a Defensoria P\u00fablica \u00e9 aplic\u00e1vel ao ECA?\",\"isPartOf\":{\"@id\":\"https:\\\/\\\/cj.estrategia.com\\\/portal\\\/#website\"},\"primaryImageOfPage\":{\"@id\":\"https:\\\/\\\/cj.estrategia.com\\\/portal\\\/prazo-dobro-defensoria-publica-procedimentos-eca\\\/#primaryimage\"},\"image\":{\"@id\":\"https:\\\/\\\/cj.estrategia.com\\\/portal\\\/prazo-dobro-defensoria-publica-procedimentos-eca\\\/#primaryimage\"},\"thumbnailUrl\":\"https:\\\/\\\/cj.estrategia.com\\\/portal\\\/wp-content\\\/uploads\\\/2025\\\/11\\\/27215243\\\/justica-julgamento-tribunal.jpg\",\"datePublished\":\"2025-11-28T01:01:34+00:00\",\"dateModified\":\"2025-12-01T14:19:22+00:00\",\"description\":\"Segundo o STJ, a prerrogativa de prazo em dobro para a Defensoria P\u00fablica integra harmonicamente o microssistema da inf\u00e2ncia e juventude.\",\"breadcrumb\":{\"@id\":\"https:\\\/\\\/cj.estrategia.com\\\/portal\\\/prazo-dobro-defensoria-publica-procedimentos-eca\\\/#breadcrumb\"},\"inLanguage\":\"pt-BR\",\"potentialAction\":[{\"@type\":\"ReadAction\",\"target\":[\"https:\\\/\\\/cj.estrategia.com\\\/portal\\\/prazo-dobro-defensoria-publica-procedimentos-eca\\\/\"]}]},{\"@type\":\"ImageObject\",\"inLanguage\":\"pt-BR\",\"@id\":\"https:\\\/\\\/cj.estrategia.com\\\/portal\\\/prazo-dobro-defensoria-publica-procedimentos-eca\\\/#primaryimage\",\"url\":\"https:\\\/\\\/cj.estrategia.com\\\/portal\\\/wp-content\\\/uploads\\\/2025\\\/11\\\/27215243\\\/justica-julgamento-tribunal.jpg\",\"contentUrl\":\"https:\\\/\\\/cj.estrategia.com\\\/portal\\\/wp-content\\\/uploads\\\/2025\\\/11\\\/27215243\\\/justica-julgamento-tribunal.jpg\",\"width\":2000,\"height\":1144},{\"@type\":\"BreadcrumbList\",\"@id\":\"https:\\\/\\\/cj.estrategia.com\\\/portal\\\/prazo-dobro-defensoria-publica-procedimentos-eca\\\/#breadcrumb\",\"itemListElement\":[{\"@type\":\"ListItem\",\"position\":1,\"name\":\"In\u00edcio\",\"item\":\"https:\\\/\\\/cj.estrategia.com\\\/portal\\\/\"},{\"@type\":\"ListItem\",\"position\":2,\"name\":\"O prazo em dobro para a Defensoria P\u00fablica \u00e9 aplic\u00e1vel ao ECA?\"}]},{\"@type\":\"WebSite\",\"@id\":\"https:\\\/\\\/cj.estrategia.com\\\/portal\\\/#website\",\"url\":\"https:\\\/\\\/cj.estrategia.com\\\/portal\\\/\",\"name\":\"Blog - Carreiras Jur\u00eddicas - Estrat\u00e9gia\",\"description\":\"\",\"publisher\":{\"@id\":\"https:\\\/\\\/cj.estrategia.com\\\/portal\\\/#organization\"},\"potentialAction\":[{\"@type\":\"SearchAction\",\"target\":{\"@type\":\"EntryPoint\",\"urlTemplate\":\"https:\\\/\\\/cj.estrategia.com\\\/portal\\\/?s={search_term_string}\"},\"query-input\":{\"@type\":\"PropertyValueSpecification\",\"valueRequired\":true,\"valueName\":\"search_term_string\"}}],\"inLanguage\":\"pt-BR\"},{\"@type\":\"Organization\",\"@id\":\"https:\\\/\\\/cj.estrategia.com\\\/portal\\\/#organization\",\"name\":\"Estrat\u00e9gia - Carreiras Jur\u00eddicas\",\"url\":\"https:\\\/\\\/cj.estrategia.com\\\/portal\\\/\",\"logo\":{\"@type\":\"ImageObject\",\"inLanguage\":\"pt-BR\",\"@id\":\"https:\\\/\\\/cj.estrategia.com\\\/portal\\\/#\\\/schema\\\/logo\\\/image\\\/\",\"url\":\"https:\\\/\\\/cj.estrategia.com\\\/portal\\\/wp-content\\\/uploads\\\/2022\\\/03\\\/11151052\\\/cj-logo.png\",\"contentUrl\":\"https:\\\/\\\/cj.estrategia.com\\\/portal\\\/wp-content\\\/uploads\\\/2022\\\/03\\\/11151052\\\/cj-logo.png\",\"width\":150,\"height\":39,\"caption\":\"Estrat\u00e9gia - Carreiras Jur\u00eddicas\"},\"image\":{\"@id\":\"https:\\\/\\\/cj.estrategia.com\\\/portal\\\/#\\\/schema\\\/logo\\\/image\\\/\"},\"sameAs\":[\"https:\\\/\\\/www.facebook.com\\\/estrategiacarreirajuridica\\\/\",\"https:\\\/\\\/x.com\\\/EstratJuridica\",\"https:\\\/\\\/www.instagram.com\\\/estrategiacarreirajuridica\\\/\",\"https:\\\/\\\/www.youtube.com\\\/channel\\\/UClbMGuYbj2Mh1m3w144ETWQ\"]},{\"@type\":\"Person\",\"@id\":\"https:\\\/\\\/cj.estrategia.com\\\/portal\\\/#\\\/schema\\\/person\\\/c48648992c53b73c046825760c50c2f0\",\"name\":\"Allan Joos\",\"image\":{\"@type\":\"ImageObject\",\"inLanguage\":\"pt-BR\",\"@id\":\"https:\\\/\\\/secure.gravatar.com\\\/avatar\\\/1b8f33b5c8b83dae3a0e569e23f1e6d1898a7771af6690410413809652612016?s=96&d=mm&r=g\",\"url\":\"https:\\\/\\\/secure.gravatar.com\\\/avatar\\\/1b8f33b5c8b83dae3a0e569e23f1e6d1898a7771af6690410413809652612016?s=96&d=mm&r=g\",\"contentUrl\":\"https:\\\/\\\/secure.gravatar.com\\\/avatar\\\/1b8f33b5c8b83dae3a0e569e23f1e6d1898a7771af6690410413809652612016?s=96&d=mm&r=g\",\"caption\":\"Allan Joos\"},\"url\":\"https:\\\/\\\/cj.estrategia.com\\\/portal\\\/author\\\/allan-joos\\\/\"}]}<\/script>\n<!-- \/ Yoast SEO Premium plugin. -->","yoast_head_json":{"title":"O prazo em dobro para a Defensoria P\u00fablica \u00e9 aplic\u00e1vel ao ECA?","description":"Segundo o STJ, a prerrogativa de prazo em dobro para a Defensoria P\u00fablica integra harmonicamente o microssistema da inf\u00e2ncia e juventude.","robots":{"index":"index","follow":"follow","max-snippet":"max-snippet:-1","max-image-preview":"max-image-preview:large","max-video-preview":"max-video-preview:-1"},"canonical":"https:\/\/cj.estrategia.com\/portal\/prazo-dobro-defensoria-publica-procedimentos-eca\/","og_locale":"pt_BR","og_type":"article","og_title":"O prazo em dobro para a Defensoria P\u00fablica \u00e9 aplic\u00e1vel ao ECA?","og_description":"Segundo o STJ, a prerrogativa de prazo em dobro para a Defensoria P\u00fablica integra harmonicamente o microssistema da inf\u00e2ncia e juventude.","og_url":"https:\/\/cj.estrategia.com\/portal\/prazo-dobro-defensoria-publica-procedimentos-eca\/","og_site_name":"Blog - Carreiras Jur\u00eddicas - Estrat\u00e9gia","article_publisher":"https:\/\/www.facebook.com\/estrategiacarreirajuridica\/","article_published_time":"2025-11-28T01:01:34+00:00","article_modified_time":"2025-12-01T14:19:22+00:00","og_image":[{"width":2000,"height":1144,"url":"https:\/\/cj.estrategia.com\/portal\/wp-content\/uploads\/2025\/11\/27215243\/justica-julgamento-tribunal.jpg","type":"image\/jpeg"}],"author":"Allan Joos","twitter_card":"summary_large_image","twitter_creator":"@EstratJuridica","twitter_site":"@EstratJuridica","twitter_misc":{"Escrito por":"Allan Joos","Est. tempo de leitura":"8 minutos"},"schema":{"@context":"https:\/\/schema.org","@graph":[{"@type":"NewsArticle","@id":"https:\/\/cj.estrategia.com\/portal\/prazo-dobro-defensoria-publica-procedimentos-eca\/#article","isPartOf":{"@id":"https:\/\/cj.estrategia.com\/portal\/prazo-dobro-defensoria-publica-procedimentos-eca\/"},"author":{"name":"Allan Joos","@id":"https:\/\/cj.estrategia.com\/portal\/#\/schema\/person\/c48648992c53b73c046825760c50c2f0"},"headline":"O prazo em dobro para a Defensoria P\u00fablica \u00e9 aplic\u00e1vel ao ECA?","datePublished":"2025-11-28T01:01:34+00:00","dateModified":"2025-12-01T14:19:22+00:00","mainEntityOfPage":{"@id":"https:\/\/cj.estrategia.com\/portal\/prazo-dobro-defensoria-publica-procedimentos-eca\/"},"wordCount":1558,"commentCount":0,"publisher":{"@id":"https:\/\/cj.estrategia.com\/portal\/#organization"},"image":{"@id":"https:\/\/cj.estrategia.com\/portal\/prazo-dobro-defensoria-publica-procedimentos-eca\/#primaryimage"},"thumbnailUrl":"https:\/\/cj.estrategia.com\/portal\/wp-content\/uploads\/2025\/11\/27215243\/justica-julgamento-tribunal.jpg","keywords":["concurso p\u00fablico","defensoria p\u00fablica","ECA","Estatuto da Crian\u00e7a e do Adolescente","jurisprud\u00eancia","prazo em dobro","princ\u00edpio da isonomia","prote\u00e7\u00e3o integral de crian\u00e7as e adolescentes","STJ"],"articleSection":["Carreiras Jur\u00eddicas"],"inLanguage":"pt-BR","potentialAction":[{"@type":"CommentAction","name":"Comment","target":["https:\/\/cj.estrategia.com\/portal\/prazo-dobro-defensoria-publica-procedimentos-eca\/#respond"]}]},{"@type":"WebPage","@id":"https:\/\/cj.estrategia.com\/portal\/prazo-dobro-defensoria-publica-procedimentos-eca\/","url":"https:\/\/cj.estrategia.com\/portal\/prazo-dobro-defensoria-publica-procedimentos-eca\/","name":"O prazo em dobro para a Defensoria P\u00fablica \u00e9 aplic\u00e1vel ao ECA?","isPartOf":{"@id":"https:\/\/cj.estrategia.com\/portal\/#website"},"primaryImageOfPage":{"@id":"https:\/\/cj.estrategia.com\/portal\/prazo-dobro-defensoria-publica-procedimentos-eca\/#primaryimage"},"image":{"@id":"https:\/\/cj.estrategia.com\/portal\/prazo-dobro-defensoria-publica-procedimentos-eca\/#primaryimage"},"thumbnailUrl":"https:\/\/cj.estrategia.com\/portal\/wp-content\/uploads\/2025\/11\/27215243\/justica-julgamento-tribunal.jpg","datePublished":"2025-11-28T01:01:34+00:00","dateModified":"2025-12-01T14:19:22+00:00","description":"Segundo o STJ, a prerrogativa de prazo em dobro para a Defensoria P\u00fablica integra harmonicamente o microssistema da inf\u00e2ncia e juventude.","breadcrumb":{"@id":"https:\/\/cj.estrategia.com\/portal\/prazo-dobro-defensoria-publica-procedimentos-eca\/#breadcrumb"},"inLanguage":"pt-BR","potentialAction":[{"@type":"ReadAction","target":["https:\/\/cj.estrategia.com\/portal\/prazo-dobro-defensoria-publica-procedimentos-eca\/"]}]},{"@type":"ImageObject","inLanguage":"pt-BR","@id":"https:\/\/cj.estrategia.com\/portal\/prazo-dobro-defensoria-publica-procedimentos-eca\/#primaryimage","url":"https:\/\/cj.estrategia.com\/portal\/wp-content\/uploads\/2025\/11\/27215243\/justica-julgamento-tribunal.jpg","contentUrl":"https:\/\/cj.estrategia.com\/portal\/wp-content\/uploads\/2025\/11\/27215243\/justica-julgamento-tribunal.jpg","width":2000,"height":1144},{"@type":"BreadcrumbList","@id":"https:\/\/cj.estrategia.com\/portal\/prazo-dobro-defensoria-publica-procedimentos-eca\/#breadcrumb","itemListElement":[{"@type":"ListItem","position":1,"name":"In\u00edcio","item":"https:\/\/cj.estrategia.com\/portal\/"},{"@type":"ListItem","position":2,"name":"O prazo em dobro para a Defensoria P\u00fablica \u00e9 aplic\u00e1vel ao ECA?"}]},{"@type":"WebSite","@id":"https:\/\/cj.estrategia.com\/portal\/#website","url":"https:\/\/cj.estrategia.com\/portal\/","name":"Blog - Carreiras Jur\u00eddicas - Estrat\u00e9gia","description":"","publisher":{"@id":"https:\/\/cj.estrategia.com\/portal\/#organization"},"potentialAction":[{"@type":"SearchAction","target":{"@type":"EntryPoint","urlTemplate":"https:\/\/cj.estrategia.com\/portal\/?s={search_term_string}"},"query-input":{"@type":"PropertyValueSpecification","valueRequired":true,"valueName":"search_term_string"}}],"inLanguage":"pt-BR"},{"@type":"Organization","@id":"https:\/\/cj.estrategia.com\/portal\/#organization","name":"Estrat\u00e9gia - Carreiras Jur\u00eddicas","url":"https:\/\/cj.estrategia.com\/portal\/","logo":{"@type":"ImageObject","inLanguage":"pt-BR","@id":"https:\/\/cj.estrategia.com\/portal\/#\/schema\/logo\/image\/","url":"https:\/\/cj.estrategia.com\/portal\/wp-content\/uploads\/2022\/03\/11151052\/cj-logo.png","contentUrl":"https:\/\/cj.estrategia.com\/portal\/wp-content\/uploads\/2022\/03\/11151052\/cj-logo.png","width":150,"height":39,"caption":"Estrat\u00e9gia - Carreiras Jur\u00eddicas"},"image":{"@id":"https:\/\/cj.estrategia.com\/portal\/#\/schema\/logo\/image\/"},"sameAs":["https:\/\/www.facebook.com\/estrategiacarreirajuridica\/","https:\/\/x.com\/EstratJuridica","https:\/\/www.instagram.com\/estrategiacarreirajuridica\/","https:\/\/www.youtube.com\/channel\/UClbMGuYbj2Mh1m3w144ETWQ"]},{"@type":"Person","@id":"https:\/\/cj.estrategia.com\/portal\/#\/schema\/person\/c48648992c53b73c046825760c50c2f0","name":"Allan Joos","image":{"@type":"ImageObject","inLanguage":"pt-BR","@id":"https:\/\/secure.gravatar.com\/avatar\/1b8f33b5c8b83dae3a0e569e23f1e6d1898a7771af6690410413809652612016?s=96&d=mm&r=g","url":"https:\/\/secure.gravatar.com\/avatar\/1b8f33b5c8b83dae3a0e569e23f1e6d1898a7771af6690410413809652612016?s=96&d=mm&r=g","contentUrl":"https:\/\/secure.gravatar.com\/avatar\/1b8f33b5c8b83dae3a0e569e23f1e6d1898a7771af6690410413809652612016?s=96&d=mm&r=g","caption":"Allan Joos"},"url":"https:\/\/cj.estrategia.com\/portal\/author\/allan-joos\/"}]}},"jetpack_featured_media_url":"https:\/\/cj.estrategia.com\/portal\/wp-content\/uploads\/2025\/11\/27215243\/justica-julgamento-tribunal.jpg","jetpack_sharing_enabled":true,"_links":{"self":[{"href":"https:\/\/cj.estrategia.com\/portal\/wp-json\/wp\/v2\/posts\/165266","targetHints":{"allow":["GET"]}}],"collection":[{"href":"https:\/\/cj.estrategia.com\/portal\/wp-json\/wp\/v2\/posts"}],"about":[{"href":"https:\/\/cj.estrategia.com\/portal\/wp-json\/wp\/v2\/types\/post"}],"author":[{"embeddable":true,"href":"https:\/\/cj.estrategia.com\/portal\/wp-json\/wp\/v2\/users\/62"}],"replies":[{"embeddable":true,"href":"https:\/\/cj.estrategia.com\/portal\/wp-json\/wp\/v2\/comments?post=165266"}],"version-history":[{"count":4,"href":"https:\/\/cj.estrategia.com\/portal\/wp-json\/wp\/v2\/posts\/165266\/revisions"}],"predecessor-version":[{"id":165784,"href":"https:\/\/cj.estrategia.com\/portal\/wp-json\/wp\/v2\/posts\/165266\/revisions\/165784"}],"wp:featuredmedia":[{"embeddable":true,"href":"https:\/\/cj.estrategia.com\/portal\/wp-json\/wp\/v2\/media\/165300"}],"wp:attachment":[{"href":"https:\/\/cj.estrategia.com\/portal\/wp-json\/wp\/v2\/media?parent=165266"}],"wp:term":[{"taxonomy":"category","embeddable":true,"href":"https:\/\/cj.estrategia.com\/portal\/wp-json\/wp\/v2\/categories?post=165266"},{"taxonomy":"post_tag","embeddable":true,"href":"https:\/\/cj.estrategia.com\/portal\/wp-json\/wp\/v2\/tags?post=165266"},{"taxonomy":"tax_estado","embeddable":true,"href":"https:\/\/cj.estrategia.com\/portal\/wp-json\/wp\/v2\/tax_estado?post=165266"}],"curies":[{"name":"wp","href":"https:\/\/api.w.org\/{rel}","templated":true}]}}