{"id":164605,"date":"2025-11-25T13:39:38","date_gmt":"2025-11-25T16:39:38","guid":{"rendered":"https:\/\/cj.estrategia.com\/portal\/?p=164605"},"modified":"2025-11-25T13:42:10","modified_gmt":"2025-11-25T16:42:10","slug":"quais-os-requisitos-para-se-inscrever-no-concurso-de-procurador-da-camara-rj","status":"publish","type":"post","link":"https:\/\/cj.estrategia.com\/portal\/quais-os-requisitos-para-se-inscrever-no-concurso-de-procurador-da-camara-rj\/","title":{"rendered":"Quais os requisitos para se inscrever no Concurso de Procurador da C\u00e2mara RJ?"},"content":{"rendered":"<a id=\"cta-icon\" href=\"https:\/\/sndflw.com\/i\/procuradorias-grupo\" target=\"blank\" style=\"background:rgb(41,166,26)\">\n            <img decoding=\"async\" src=\"https:\/\/cj.estrategia.com\/portal\/wp-content\/uploads\/2023\/12\/07160657\/whatsapp_1385.webp\" alt=\"\" alt=\"whatsapp_1385\"><span > Acesse agora o Grupo de Estudos para Concurso de Procuradorias <\/span><\/a>\n\n\n\n<p>O edital para Procurador da C\u00e2mara Municipal do Rio de Janeiro j\u00e1 foi publicado h\u00e1 algumas semanas. A Funda\u00e7\u00e3o Get\u00falio Vargas (FGV) \u00e9 a respons\u00e1vel pela organiza\u00e7\u00e3o da sele\u00e7\u00e3o, que oferece <strong>uma vaga imediata<\/strong>, al\u00e9m de <strong>cadastro reserva<\/strong>, com <strong>remunera\u00e7\u00e3o inicial de R$ 32.797,97<\/strong>.<\/p>\n\n\n\n<p>Se liga nas datas e se prepare: a <strong>prova escrita geral<\/strong> ser\u00e1 aplicada em <strong>1\u00ba de mar\u00e7o de 2026<\/strong>. J\u00e1 as <strong>provas escritas espec\u00edficas<\/strong> ocorrer\u00e3o em <strong>29 e 30 de junho<\/strong> e tamb\u00e9m em <strong>1, 6, 7, 8 e 9 de julho de 2026<\/strong>.<\/p>\n\n\n\n<h2 class=\"wp-block-heading\" id=\"h-e-as-inscricoes-vao-ate-quando\"><span id=\"e-as-inscricoes-vao-ate-quando\">E as inscri\u00e7\u00f5es? V\u00e3o at\u00e9 quando?<\/span><\/h2>\n\n\n\n<p>As <strong>inscri\u00e7\u00f5es seguem at\u00e9 18 de dezembro<\/strong>, mediante pagamento da taxa de <strong>R$ 350,00<\/strong>. O <strong>per\u00edodo para solicitar isen\u00e7\u00e3o j\u00e1 foi encerrado<\/strong>!<\/p>\n\n\n\n<div class=\"container\" id=\"boxes\">\n  <div class=\"row\">\n\n    <div class=\"col-sm\">\n      <div class=\"banner-estrategia-concursos-juridicos\" id=\"box-assinatura\">\n        <h2 id=\"curso-para-procurador-camara-do-rio-de-janeiro\" class=\"titulo-assinatura\"><span style=\"color: #ffffff; font-size: 23px; \">Curso para Procurador C\u00e2mara do Rio de Janeiro <\/span><\/h2>\n        <p class=\"subtitulo-assinatura\">Cursos focados no edital do concurso<\/p>\n        <div class=\"box-botao\">\n          <a class=\"btn-assinatura-juridica\" target=\"_blank\" href=\"https:\/\/cj.estrategia.com\/cursos\/home\" role=\"button\" rel=\"noopener noreferrer\">Conhe\u00e7a mais<\/a>\n        <\/div>\n      <\/div>\n      <p class=\"texto-auxiliar\">Prepare-se com o melhor material e com quem mais aprova em concursos em todo o pa\u00eds. \n<\/p>\n    <\/div>\n\n  <\/div>\n<\/div>\n\n\n\n<h2 class=\"wp-block-heading\" id=\"h-e-como-eu-faco-a-minha-inscricao-no-concurso-para-procurador-da-camara-rj\"><span id=\"e-como-eu-faco-a-minha-inscricao-no-concurso-para-procurador-da-camara-rj\">E como eu fa\u00e7o a minha inscri\u00e7\u00e3o no concurso para Procurador da C\u00e2mara RJ?<\/span><\/h2>\n\n\n\n<h3 class=\"wp-block-heading\" id=\"h-como-se-inscrever\"><span id=\"como-se-inscrever\">Como se inscrever:<\/span><\/h3>\n\n\n\n<ol class=\"wp-block-list\">\n<li>Acesse o portal da FGV: <a href=\"https:\/\/conhecimento.fgv.br\/concursos\/concursopgmcmrioproc\" target=\"_blank\" >conhecimento.fgv.br\/concursos\/concursopgmcmrioproc<\/a>.<\/li>\n\n\n\n<li>Preencha o formul\u00e1rio eletr\u00f4nico (CPF obrigat\u00f3rio);<\/li>\n\n\n\n<li>Escolha o cargo desejado;<\/li>\n\n\n\n<li>Envie o requerimento e gere o boleto correspondente;<\/li>\n\n\n\n<li>Imprima e pague o boleto at\u00e9 19 de dezembro;<\/li>\n\n\n\n<li>Guarde o comprovante de pagamento e o comprovante de inscri\u00e7\u00e3o.<\/li>\n<\/ol>\n\n\n\n<p>E para n\u00e3o perder a viagem, pega essa regra de ouro: <strong>sem boleto pago, n\u00e3o h\u00e1 inscri\u00e7\u00e3o homologada<\/strong>. <\/p>\n\n\n\n<h2 class=\"wp-block-heading\" id=\"h-mas-quais-sao-os-requisitos-para-participar\"><span id=\"mas-quais-sao-os-requisitos-para-participar\">Mas quais s\u00e3o os requisitos para participar?<\/span><\/h2>\n\n\n\n<p>De acordo com edital, os requisitos s\u00e3o:<\/p>\n\n\n\n<blockquote class=\"wp-block-quote is-layout-flow wp-block-quote-is-layout-flow\">\n<p><strong>I \u2013<\/strong> carteira de identidade e CPF<br><strong>II \u2013<\/strong> diploma de Bacharel em Direito<br><strong>III \u2013<\/strong> prova de inscri\u00e7\u00e3o no Quadro de Advogados da Ordem dos Advogados do Brasil<br><strong>IV \u2013<\/strong> comprova\u00e7\u00e3o do exerc\u00edcio de atividade que exija a aplica\u00e7\u00e3o de conhecimentos jur\u00eddicos durante, pelo menos, 2 (dois) anos, como:<br>&nbsp;&nbsp;&nbsp;<strong>a)<\/strong> advogado<br>&nbsp;&nbsp;&nbsp;<strong>b)<\/strong> procurador de pessoa jur\u00eddica de direito p\u00fablico<br>&nbsp;&nbsp;&nbsp;<strong>c)<\/strong> magistrado, membro do Minist\u00e9rio P\u00fablico ou da Defensoria P\u00fablica<br>&nbsp;&nbsp;&nbsp;<strong>d)<\/strong> serventu\u00e1rio ou funcion\u00e1rio da Justi\u00e7a<br>&nbsp;&nbsp;&nbsp;<strong>e)<\/strong> analista de Procuradoria<br>&nbsp;&nbsp;&nbsp;<strong>f)<\/strong> assistente jur\u00eddico de \u00f3rg\u00e3o da administra\u00e7\u00e3o p\u00fablica direta ou indireta ou de funda\u00e7\u00f5es criadas ou mantidas pelo Poder P\u00fablico<br>&nbsp;&nbsp;&nbsp;<strong>g)<\/strong> professor de Direito em faculdade oficial ou reconhecida<br>&nbsp;&nbsp;&nbsp;<strong>h)<\/strong> servidor p\u00fablico ou empregado de empresa privada, mediante comprova\u00e7\u00e3o das atividades desempenhadas, na forma prevista no \u00a7 1\u00ba, item II<br>&nbsp;&nbsp;&nbsp;<strong>i)<\/strong> delegado de pol\u00edcia<br>&nbsp;&nbsp;&nbsp;<strong>j)<\/strong> aluno-residente em Programa de Resid\u00eancia Jur\u00eddica<br>&nbsp;&nbsp;&nbsp;<strong>l)<\/strong> estagi\u00e1rio de Direito<\/p>\n\n\n\n<p><strong>V \u2013<\/strong> prova de n\u00e3o ter antecedentes criminais, de improbidade ou disciplinares que o inabilitem para o exerc\u00edcio do cargo, com juntada de:<br>&nbsp;&nbsp;&nbsp;<strong>a)<\/strong> documento expedido pelas autoridades competentes dos lugares onde o candidato tenha tido domic\u00edlio nos \u00faltimos 5 anos, relativo \u00e0 inexist\u00eancia de antecedentes penais e de improbidade (distribuidores estaduais e federais)<br>&nbsp;&nbsp;&nbsp;<strong>b)<\/strong> certid\u00e3o de n\u00e3o haver sofrido, no exerc\u00edcio das atividades mencionadas no inciso IV, penalidades pela pr\u00e1tica de atos desabonadores, expedida pela OAB (se inscrito) ou pelo \u00f3rg\u00e3o disciplinar competente<br>&nbsp;&nbsp;&nbsp;<strong>c)<\/strong> prova de estar em dia com as obriga\u00e7\u00f5es eleitorais e do servi\u00e7o militar<\/p>\n\n\n\n<p><strong>\u00a7 1\u00ba \u2013 Comprova\u00e7\u00e3o do exerc\u00edcio de atividade jur\u00eddica<\/strong><\/p>\n\n\n\n<p><strong>I \u2013<\/strong> no caso de exerc\u00edcio na esfera do Poder Judici\u00e1rio, pela efetiva atua\u00e7\u00e3o em feitos judiciais, provada com:<br>&nbsp;&nbsp;&nbsp;<strong>a)<\/strong> certid\u00f5es de processos judiciais com men\u00e7\u00e3o ao patroc\u00ednio e \u00e0s datas de atua\u00e7\u00e3o<br>&nbsp;&nbsp;&nbsp;<strong>b)<\/strong> folha ou c\u00f3pia de \u00f3rg\u00e3o oficial que tenha publicado ato ou despacho referente ao processo, constando nome da parte e do advogado<br>&nbsp;&nbsp;&nbsp;<strong>c)<\/strong> c\u00f3pia de pe\u00e7as firmadas em processos judiciais, extra\u00eddas de sistemas eletr\u00f4nicos oficiais ou, em caso de processos f\u00edsicos, c\u00f3pias autenticadas pela serventia<\/p>\n\n\n\n<p><strong>II \u2013<\/strong> nos demais casos de exerc\u00edcio da advocacia previstos na Lei 8.906\/1994:<br>&nbsp;&nbsp;&nbsp;<strong>a)<\/strong> com v\u00ednculo empregat\u00edcio, mediante prova do contrato de trabalho<br>&nbsp;&nbsp;&nbsp;<strong>b)<\/strong> sem v\u00ednculo, com prova documental inequ\u00edvoca do exerc\u00edcio da profiss\u00e3o no per\u00edodo exigido.<\/p>\n\n\n\n<p><strong>\u00a7 2\u00ba<\/strong><\/p>\n\n\n\n<p>Os elementos de prova dos itens I e II do \u00a7 1\u00ba devem corresponder a pelo menos um trabalho, parecer ou ato profissional de natureza jur\u00eddica praticado em cada per\u00edodo de 12 meses.<\/p>\n\n\n\n<p><strong>\u00a7 3\u00ba<\/strong><\/p>\n\n\n\n<p>A prova do exerc\u00edcio de atividade nas demais hip\u00f3teses do inciso IV ser\u00e1 feita por meio de certid\u00f5es expedidas pelos \u00f3rg\u00e3os competentes.<\/p>\n\n\n\n<p><strong>\u00a7 4\u00ba<\/strong><\/p>\n\n\n\n<p>A prova de atividade como estagi\u00e1rio ser\u00e1 feita por documenta\u00e7\u00e3o de est\u00e1gio supervisionado pela OAB, nos termos da Lei n\u00ba 8.906\/1994.<\/p>\n<\/blockquote>\n\n\n\n<h2 class=\"wp-block-heading\" id=\"h-quer-saber-tudo-sobre-concursos-previstos-confira-nossos-artigos\"><span id=\"quer-saber-tudo-sobre-concursos-previstosconfira-nossos-artigos\">Quer saber tudo sobre concursos previstos?<br><strong>Confira nossos artigos!<\/strong><\/span><\/h2>\n\n\n\n<ul class=\"wp-block-list\">\n<li><a href=\"https:\/\/cj.estrategia.com\/portal\/concursos-abertos-carreiras-juridicas\/\" target=\"_blank\" >Concursos jur\u00eddicos abertos<\/a><\/li>\n\n\n\n<li><a href=\"https:\/\/cj.estrategia.com\/portal\/concursos-2025-carreiras-juridicas\/\" target=\"_blank\" >Concursos jur\u00eddicos 2025<\/a><\/li>\n\n\n\n<li><a href=\"https:\/\/cj.estrategia.com\/portal\/concursos-procuradorias\/\" target=\"_blank\" >Concursos procuradorias<\/a><\/li>\n<\/ul>\n\n\n\n<h2 class=\"wp-block-heading has-text-align-left\" id=\"cursos\"><span id=\"quer-estudar-para-concursos-de-procuradorias\">Quer estudar para Concursos de Procuradorias?<\/span><\/h2>\n\n\n\n<p class=\"has-text-align-left\"><em>Gostou desta oportunidade e deseja se preparar? <\/em><br>C<em>onfira abaixo nosso curso exclusivo e inicie seus estudos agora mesmo:<\/em><\/p>\n\n\n\n<div class=\"container\" id=\"boxes\">\n  <div class=\"row\">\n\n    <div class=\"col-sm\">\n      <div class=\"banner-estrategia-concursos-juridicos\" id=\"box-assinatura\">\n        <h2 id=\"curso-para-procurador-camara-do-rio-de-janeiro-2\" class=\"titulo-assinatura\"><span style=\"color: #ffffff; font-size: 23px; \">Curso para Procurador C\u00e2mara do Rio de Janeiro <\/span><\/h2>\n        <p class=\"subtitulo-assinatura\">Cursos focados no edital do concurso<\/p>\n        <div class=\"box-botao\">\n          <a class=\"btn-assinatura-juridica\" target=\"_blank\" href=\"https:\/\/cj.estrategia.com\/cursos\/home\" role=\"button\" rel=\"noopener noreferrer\">Conhe\u00e7a mais<\/a>\n        <\/div>\n      <\/div>\n      <p class=\"texto-auxiliar\">Prepare-se com o melhor material e com quem mais aprova em concursos em todo o pa\u00eds. \n<\/p>\n    <\/div>\n\n  <\/div>\n<\/div>\n\n\n\n<div class=\"wp-block-cover\" style=\"min-height:155px;aspect-ratio:unset;\"><img decoding=\"async\" width=\"1890\" height=\"351\" class=\"wp-block-cover__image-background wp-image-8669\" alt=\"Assinaturas Jur\u00eddicas\" src=\"https:\/\/cj.estrategia.com\/portal\/wp-content\/uploads\/2022\/06\/20151253\/concurso-carreiras-juridicas-assinatura-juridica.jpg\" style=\"object-position:78% 43%\" data-object-fit=\"cover\" data-object-position=\"78% 43%\" srcset=\"https:\/\/cj.estrategia.com\/portal\/wp-content\/uploads\/2022\/06\/20151253\/concurso-carreiras-juridicas-assinatura-juridica.jpg 1890w, https:\/\/cj.estrategia.com\/portal\/wp-content\/uploads\/2022\/06\/20151253\/concurso-carreiras-juridicas-assinatura-juridica-300x56.jpg 300w, https:\/\/cj.estrategia.com\/portal\/wp-content\/uploads\/2022\/06\/20151253\/concurso-carreiras-juridicas-assinatura-juridica-1024x190.jpg 1024w, https:\/\/cj.estrategia.com\/portal\/wp-content\/uploads\/2022\/06\/20151253\/concurso-carreiras-juridicas-assinatura-juridica-768x143.jpg 768w, https:\/\/cj.estrategia.com\/portal\/wp-content\/uploads\/2022\/06\/20151253\/concurso-carreiras-juridicas-assinatura-juridica-1536x285.jpg 1536w, https:\/\/cj.estrategia.com\/portal\/wp-content\/uploads\/2022\/06\/20151253\/concurso-carreiras-juridicas-assinatura-juridica-380x71.jpg 380w, https:\/\/cj.estrategia.com\/portal\/wp-content\/uploads\/2022\/06\/20151253\/concurso-carreiras-juridicas-assinatura-juridica-800x149.jpg 800w, https:\/\/cj.estrategia.com\/portal\/wp-content\/uploads\/2022\/06\/20151253\/concurso-carreiras-juridicas-assinatura-juridica-1160x215.jpg 1160w\" sizes=\"(max-width: 1890px) 100vw, 1890px\" \/><span aria-hidden=\"true\" class=\"wp-block-cover__background has-background-dim\"><\/span><div class=\"wp-block-cover__inner-container is-layout-flow wp-block-cover-is-layout-flow\">\n<h3 id=\"faca-a-sua-assinatura\" class=\"titulo-assinatura\"><span style=\"color: #ffffff;\">Fa\u00e7a a sua assinatura!<\/span><\/h3>\n<p class=\"subtitulo-assinatura\" style=\"display:block!important; line-height: 0;\"><span style=\"color: #ffffff;\">Escolha a sua \u00e1rea.<\/span><\/p>\n<a target=\"_blank\" href=\"https:\/\/www.estrategiaconcursos.com.br\/assinaturas-ecj\/\" rel=\"noopener\"><button style=\"border-radius: 10px; text-transform: capitalize;\">Acessar<\/button><\/a>\n<\/div><\/div>\n\n\n\n<p><\/p>\n","protected":false},"excerpt":{"rendered":"O edital para Procurador da C\u00e2mara Municipal do Rio de Janeiro j\u00e1 foi publicado h\u00e1 algumas semanas. A&hellip;\n","protected":false},"author":162,"featured_media":20782,"comment_status":"open","ping_status":"open","sticky":false,"template":"","format":"standard","meta":{"_jetpack_memberships_contains_paid_content":false,"footnotes":""},"categories":[24],"tags":[],"tax_estado":[49],"class_list":{"0":"post-164605","1":"post","2":"type-post","3":"status-publish","4":"format-standard","5":"has-post-thumbnail","7":"category-procuradoria","8":"tax_estado-rj"},"acf":[],"yoast_head":"<!-- This site is optimized with the Yoast SEO Premium plugin v27.4 (Yoast SEO v27.4) - https:\/\/yoast.com\/product\/yoast-seo-premium-wordpress\/ -->\n<title>Quais os requisitos para se inscrever no Concurso de Procurador da C\u00e2mara RJ?<\/title>\n<meta name=\"description\" content=\"Entenda quais os requisitos para se inscrever no Concurso de Procurador da C\u00e2mara RJ e esteja pronto para as etapas do processo.\" \/>\n<meta name=\"robots\" content=\"index, follow, max-snippet:-1, max-image-preview:large, max-video-preview:-1\" \/>\n<link rel=\"canonical\" href=\"https:\/\/cj.estrategia.com\/portal\/quais-os-requisitos-para-se-inscrever-no-concurso-de-procurador-da-camara-rj\/\" \/>\n<meta property=\"og:locale\" content=\"pt_BR\" \/>\n<meta property=\"og:type\" content=\"article\" \/>\n<meta property=\"og:title\" content=\"Quais os requisitos para se inscrever no Concurso de Procurador da C\u00e2mara RJ?\" \/>\n<meta property=\"og:description\" content=\"Entenda quais os requisitos para se inscrever no Concurso de Procurador da C\u00e2mara RJ e esteja pronto para as etapas do processo.\" \/>\n<meta property=\"og:url\" content=\"https:\/\/cj.estrategia.com\/portal\/quais-os-requisitos-para-se-inscrever-no-concurso-de-procurador-da-camara-rj\/\" \/>\n<meta property=\"og:site_name\" content=\"Blog - Carreiras Jur\u00eddicas - Estrat\u00e9gia\" \/>\n<meta property=\"article:publisher\" content=\"https:\/\/www.facebook.com\/estrategiacarreirajuridica\/\" \/>\n<meta property=\"article:published_time\" content=\"2025-11-25T16:39:38+00:00\" \/>\n<meta property=\"article:modified_time\" content=\"2025-11-25T16:42:10+00:00\" \/>\n<meta property=\"og:image\" content=\"https:\/\/cj.estrategia.com\/portal\/wp-content\/uploads\/2022\/09\/04102635\/Concursos-Procuradorias.jpg\" \/>\n\t<meta property=\"og:image:width\" content=\"768\" \/>\n\t<meta property=\"og:image:height\" content=\"432\" \/>\n\t<meta property=\"og:image:type\" content=\"image\/jpeg\" \/>\n<meta name=\"author\" content=\"Jos\u00e9 Ferreira\" \/>\n<meta name=\"twitter:card\" content=\"summary_large_image\" \/>\n<meta name=\"twitter:creator\" content=\"@EstratJuridica\" \/>\n<meta name=\"twitter:site\" content=\"@EstratJuridica\" \/>\n<meta name=\"twitter:label1\" content=\"Escrito por\" \/>\n\t<meta name=\"twitter:data1\" content=\"Jos\u00e9 Ferreira\" \/>\n\t<meta name=\"twitter:label2\" content=\"Est. tempo de leitura\" \/>\n\t<meta name=\"twitter:data2\" content=\"3 minutos\" \/>\n<script type=\"application\/ld+json\" class=\"yoast-schema-graph\">{\"@context\":\"https:\\\/\\\/schema.org\",\"@graph\":[{\"@type\":\"NewsArticle\",\"@id\":\"https:\\\/\\\/cj.estrategia.com\\\/portal\\\/quais-os-requisitos-para-se-inscrever-no-concurso-de-procurador-da-camara-rj\\\/#article\",\"isPartOf\":{\"@id\":\"https:\\\/\\\/cj.estrategia.com\\\/portal\\\/quais-os-requisitos-para-se-inscrever-no-concurso-de-procurador-da-camara-rj\\\/\"},\"author\":{\"name\":\"Jos\u00e9 Ferreira\",\"@id\":\"https:\\\/\\\/cj.estrategia.com\\\/portal\\\/#\\\/schema\\\/person\\\/4caf0099c42d736f2aade723f309f690\"},\"headline\":\"Quais os requisitos para se inscrever no Concurso de Procurador da C\u00e2mara RJ?\",\"datePublished\":\"2025-11-25T16:39:38+00:00\",\"dateModified\":\"2025-11-25T16:42:10+00:00\",\"mainEntityOfPage\":{\"@id\":\"https:\\\/\\\/cj.estrategia.com\\\/portal\\\/quais-os-requisitos-para-se-inscrever-no-concurso-de-procurador-da-camara-rj\\\/\"},\"wordCount\":907,\"commentCount\":0,\"publisher\":{\"@id\":\"https:\\\/\\\/cj.estrategia.com\\\/portal\\\/#organization\"},\"image\":{\"@id\":\"https:\\\/\\\/cj.estrategia.com\\\/portal\\\/quais-os-requisitos-para-se-inscrever-no-concurso-de-procurador-da-camara-rj\\\/#primaryimage\"},\"thumbnailUrl\":\"https:\\\/\\\/cj.estrategia.com\\\/portal\\\/wp-content\\\/uploads\\\/2022\\\/09\\\/04102635\\\/Concursos-Procuradorias.jpg\",\"articleSection\":[\"Procuradoria\"],\"inLanguage\":\"pt-BR\",\"potentialAction\":[{\"@type\":\"CommentAction\",\"name\":\"Comment\",\"target\":[\"https:\\\/\\\/cj.estrategia.com\\\/portal\\\/quais-os-requisitos-para-se-inscrever-no-concurso-de-procurador-da-camara-rj\\\/#respond\"]}]},{\"@type\":\"WebPage\",\"@id\":\"https:\\\/\\\/cj.estrategia.com\\\/portal\\\/quais-os-requisitos-para-se-inscrever-no-concurso-de-procurador-da-camara-rj\\\/\",\"url\":\"https:\\\/\\\/cj.estrategia.com\\\/portal\\\/quais-os-requisitos-para-se-inscrever-no-concurso-de-procurador-da-camara-rj\\\/\",\"name\":\"Quais os requisitos para se inscrever no Concurso de Procurador da C\u00e2mara RJ?\",\"isPartOf\":{\"@id\":\"https:\\\/\\\/cj.estrategia.com\\\/portal\\\/#website\"},\"primaryImageOfPage\":{\"@id\":\"https:\\\/\\\/cj.estrategia.com\\\/portal\\\/quais-os-requisitos-para-se-inscrever-no-concurso-de-procurador-da-camara-rj\\\/#primaryimage\"},\"image\":{\"@id\":\"https:\\\/\\\/cj.estrategia.com\\\/portal\\\/quais-os-requisitos-para-se-inscrever-no-concurso-de-procurador-da-camara-rj\\\/#primaryimage\"},\"thumbnailUrl\":\"https:\\\/\\\/cj.estrategia.com\\\/portal\\\/wp-content\\\/uploads\\\/2022\\\/09\\\/04102635\\\/Concursos-Procuradorias.jpg\",\"datePublished\":\"2025-11-25T16:39:38+00:00\",\"dateModified\":\"2025-11-25T16:42:10+00:00\",\"description\":\"Entenda quais os requisitos para se inscrever no Concurso de Procurador da C\u00e2mara RJ e esteja pronto para as etapas do processo.\",\"breadcrumb\":{\"@id\":\"https:\\\/\\\/cj.estrategia.com\\\/portal\\\/quais-os-requisitos-para-se-inscrever-no-concurso-de-procurador-da-camara-rj\\\/#breadcrumb\"},\"inLanguage\":\"pt-BR\",\"potentialAction\":[{\"@type\":\"ReadAction\",\"target\":[\"https:\\\/\\\/cj.estrategia.com\\\/portal\\\/quais-os-requisitos-para-se-inscrever-no-concurso-de-procurador-da-camara-rj\\\/\"]}]},{\"@type\":\"ImageObject\",\"inLanguage\":\"pt-BR\",\"@id\":\"https:\\\/\\\/cj.estrategia.com\\\/portal\\\/quais-os-requisitos-para-se-inscrever-no-concurso-de-procurador-da-camara-rj\\\/#primaryimage\",\"url\":\"https:\\\/\\\/cj.estrategia.com\\\/portal\\\/wp-content\\\/uploads\\\/2022\\\/09\\\/04102635\\\/Concursos-Procuradorias.jpg\",\"contentUrl\":\"https:\\\/\\\/cj.estrategia.com\\\/portal\\\/wp-content\\\/uploads\\\/2022\\\/09\\\/04102635\\\/Concursos-Procuradorias.jpg\",\"width\":768,\"height\":432,\"caption\":\"Concurso de procuradorias\"},{\"@type\":\"BreadcrumbList\",\"@id\":\"https:\\\/\\\/cj.estrategia.com\\\/portal\\\/quais-os-requisitos-para-se-inscrever-no-concurso-de-procurador-da-camara-rj\\\/#breadcrumb\",\"itemListElement\":[{\"@type\":\"ListItem\",\"position\":1,\"name\":\"In\u00edcio\",\"item\":\"https:\\\/\\\/cj.estrategia.com\\\/portal\\\/\"},{\"@type\":\"ListItem\",\"position\":2,\"name\":\"Quais os requisitos para se inscrever no Concurso de Procurador da C\u00e2mara RJ?\"}]},{\"@type\":\"WebSite\",\"@id\":\"https:\\\/\\\/cj.estrategia.com\\\/portal\\\/#website\",\"url\":\"https:\\\/\\\/cj.estrategia.com\\\/portal\\\/\",\"name\":\"Blog - Carreiras Jur\u00eddicas - Estrat\u00e9gia\",\"description\":\"\",\"publisher\":{\"@id\":\"https:\\\/\\\/cj.estrategia.com\\\/portal\\\/#organization\"},\"potentialAction\":[{\"@type\":\"SearchAction\",\"target\":{\"@type\":\"EntryPoint\",\"urlTemplate\":\"https:\\\/\\\/cj.estrategia.com\\\/portal\\\/?s={search_term_string}\"},\"query-input\":{\"@type\":\"PropertyValueSpecification\",\"valueRequired\":true,\"valueName\":\"search_term_string\"}}],\"inLanguage\":\"pt-BR\"},{\"@type\":\"Organization\",\"@id\":\"https:\\\/\\\/cj.estrategia.com\\\/portal\\\/#organization\",\"name\":\"Estrat\u00e9gia - Carreiras Jur\u00eddicas\",\"url\":\"https:\\\/\\\/cj.estrategia.com\\\/portal\\\/\",\"logo\":{\"@type\":\"ImageObject\",\"inLanguage\":\"pt-BR\",\"@id\":\"https:\\\/\\\/cj.estrategia.com\\\/portal\\\/#\\\/schema\\\/logo\\\/image\\\/\",\"url\":\"https:\\\/\\\/cj.estrategia.com\\\/portal\\\/wp-content\\\/uploads\\\/2022\\\/03\\\/11151052\\\/cj-logo.png\",\"contentUrl\":\"https:\\\/\\\/cj.estrategia.com\\\/portal\\\/wp-content\\\/uploads\\\/2022\\\/03\\\/11151052\\\/cj-logo.png\",\"width\":150,\"height\":39,\"caption\":\"Estrat\u00e9gia - Carreiras Jur\u00eddicas\"},\"image\":{\"@id\":\"https:\\\/\\\/cj.estrategia.com\\\/portal\\\/#\\\/schema\\\/logo\\\/image\\\/\"},\"sameAs\":[\"https:\\\/\\\/www.facebook.com\\\/estrategiacarreirajuridica\\\/\",\"https:\\\/\\\/x.com\\\/EstratJuridica\",\"https:\\\/\\\/www.instagram.com\\\/estrategiacarreirajuridica\\\/\",\"https:\\\/\\\/www.youtube.com\\\/channel\\\/UClbMGuYbj2Mh1m3w144ETWQ\"]},{\"@type\":\"Person\",\"@id\":\"https:\\\/\\\/cj.estrategia.com\\\/portal\\\/#\\\/schema\\\/person\\\/4caf0099c42d736f2aade723f309f690\",\"name\":\"Jos\u00e9 Ferreira\",\"image\":{\"@type\":\"ImageObject\",\"inLanguage\":\"pt-BR\",\"@id\":\"https:\\\/\\\/cj.estrategia.com\\\/portal\\\/wp-content\\\/uploads\\\/2025\\\/04\\\/18142237\\\/jose-ferreira-navarro-analista-de-conteudo-jornalismo-carreiras-juridicas-96x96.png\",\"url\":\"https:\\\/\\\/cj.estrategia.com\\\/portal\\\/wp-content\\\/uploads\\\/2025\\\/04\\\/18142237\\\/jose-ferreira-navarro-analista-de-conteudo-jornalismo-carreiras-juridicas-96x96.png\",\"contentUrl\":\"https:\\\/\\\/cj.estrategia.com\\\/portal\\\/wp-content\\\/uploads\\\/2025\\\/04\\\/18142237\\\/jose-ferreira-navarro-analista-de-conteudo-jornalismo-carreiras-juridicas-96x96.png\",\"caption\":\"Jos\u00e9 Ferreira\"},\"description\":\"Analista de conte\u00fado na equipe de Jornalismo, atua com SEO e estrat\u00e9gia para desenvolver conte\u00fados relevantes e de alta qualidade voltados para OAB e para o universo de Concursos Jur\u00eddicos.\",\"url\":\"https:\\\/\\\/cj.estrategia.com\\\/portal\\\/author\\\/jose-navarro-de-andrade-cintra-ferreira\\\/\"}]}<\/script>\n<!-- \/ Yoast SEO Premium plugin. -->","yoast_head_json":{"title":"Quais os requisitos para se inscrever no Concurso de Procurador da C\u00e2mara RJ?","description":"Entenda quais os requisitos para se inscrever no Concurso de Procurador da C\u00e2mara RJ e esteja pronto para as etapas do processo.","robots":{"index":"index","follow":"follow","max-snippet":"max-snippet:-1","max-image-preview":"max-image-preview:large","max-video-preview":"max-video-preview:-1"},"canonical":"https:\/\/cj.estrategia.com\/portal\/quais-os-requisitos-para-se-inscrever-no-concurso-de-procurador-da-camara-rj\/","og_locale":"pt_BR","og_type":"article","og_title":"Quais os requisitos para se inscrever no Concurso de Procurador da C\u00e2mara RJ?","og_description":"Entenda quais os requisitos para se inscrever no Concurso de Procurador da C\u00e2mara RJ e esteja pronto para as etapas do processo.","og_url":"https:\/\/cj.estrategia.com\/portal\/quais-os-requisitos-para-se-inscrever-no-concurso-de-procurador-da-camara-rj\/","og_site_name":"Blog - Carreiras Jur\u00eddicas - Estrat\u00e9gia","article_publisher":"https:\/\/www.facebook.com\/estrategiacarreirajuridica\/","article_published_time":"2025-11-25T16:39:38+00:00","article_modified_time":"2025-11-25T16:42:10+00:00","og_image":[{"width":768,"height":432,"url":"https:\/\/cj.estrategia.com\/portal\/wp-content\/uploads\/2022\/09\/04102635\/Concursos-Procuradorias.jpg","type":"image\/jpeg"}],"author":"Jos\u00e9 Ferreira","twitter_card":"summary_large_image","twitter_creator":"@EstratJuridica","twitter_site":"@EstratJuridica","twitter_misc":{"Escrito por":"Jos\u00e9 Ferreira","Est. tempo de leitura":"3 minutos"},"schema":{"@context":"https:\/\/schema.org","@graph":[{"@type":"NewsArticle","@id":"https:\/\/cj.estrategia.com\/portal\/quais-os-requisitos-para-se-inscrever-no-concurso-de-procurador-da-camara-rj\/#article","isPartOf":{"@id":"https:\/\/cj.estrategia.com\/portal\/quais-os-requisitos-para-se-inscrever-no-concurso-de-procurador-da-camara-rj\/"},"author":{"name":"Jos\u00e9 Ferreira","@id":"https:\/\/cj.estrategia.com\/portal\/#\/schema\/person\/4caf0099c42d736f2aade723f309f690"},"headline":"Quais os requisitos para se inscrever no Concurso de Procurador da C\u00e2mara RJ?","datePublished":"2025-11-25T16:39:38+00:00","dateModified":"2025-11-25T16:42:10+00:00","mainEntityOfPage":{"@id":"https:\/\/cj.estrategia.com\/portal\/quais-os-requisitos-para-se-inscrever-no-concurso-de-procurador-da-camara-rj\/"},"wordCount":907,"commentCount":0,"publisher":{"@id":"https:\/\/cj.estrategia.com\/portal\/#organization"},"image":{"@id":"https:\/\/cj.estrategia.com\/portal\/quais-os-requisitos-para-se-inscrever-no-concurso-de-procurador-da-camara-rj\/#primaryimage"},"thumbnailUrl":"https:\/\/cj.estrategia.com\/portal\/wp-content\/uploads\/2022\/09\/04102635\/Concursos-Procuradorias.jpg","articleSection":["Procuradoria"],"inLanguage":"pt-BR","potentialAction":[{"@type":"CommentAction","name":"Comment","target":["https:\/\/cj.estrategia.com\/portal\/quais-os-requisitos-para-se-inscrever-no-concurso-de-procurador-da-camara-rj\/#respond"]}]},{"@type":"WebPage","@id":"https:\/\/cj.estrategia.com\/portal\/quais-os-requisitos-para-se-inscrever-no-concurso-de-procurador-da-camara-rj\/","url":"https:\/\/cj.estrategia.com\/portal\/quais-os-requisitos-para-se-inscrever-no-concurso-de-procurador-da-camara-rj\/","name":"Quais os requisitos para se inscrever no Concurso de Procurador da C\u00e2mara RJ?","isPartOf":{"@id":"https:\/\/cj.estrategia.com\/portal\/#website"},"primaryImageOfPage":{"@id":"https:\/\/cj.estrategia.com\/portal\/quais-os-requisitos-para-se-inscrever-no-concurso-de-procurador-da-camara-rj\/#primaryimage"},"image":{"@id":"https:\/\/cj.estrategia.com\/portal\/quais-os-requisitos-para-se-inscrever-no-concurso-de-procurador-da-camara-rj\/#primaryimage"},"thumbnailUrl":"https:\/\/cj.estrategia.com\/portal\/wp-content\/uploads\/2022\/09\/04102635\/Concursos-Procuradorias.jpg","datePublished":"2025-11-25T16:39:38+00:00","dateModified":"2025-11-25T16:42:10+00:00","description":"Entenda quais os requisitos para se inscrever no Concurso de Procurador da C\u00e2mara RJ e esteja pronto para as etapas do processo.","breadcrumb":{"@id":"https:\/\/cj.estrategia.com\/portal\/quais-os-requisitos-para-se-inscrever-no-concurso-de-procurador-da-camara-rj\/#breadcrumb"},"inLanguage":"pt-BR","potentialAction":[{"@type":"ReadAction","target":["https:\/\/cj.estrategia.com\/portal\/quais-os-requisitos-para-se-inscrever-no-concurso-de-procurador-da-camara-rj\/"]}]},{"@type":"ImageObject","inLanguage":"pt-BR","@id":"https:\/\/cj.estrategia.com\/portal\/quais-os-requisitos-para-se-inscrever-no-concurso-de-procurador-da-camara-rj\/#primaryimage","url":"https:\/\/cj.estrategia.com\/portal\/wp-content\/uploads\/2022\/09\/04102635\/Concursos-Procuradorias.jpg","contentUrl":"https:\/\/cj.estrategia.com\/portal\/wp-content\/uploads\/2022\/09\/04102635\/Concursos-Procuradorias.jpg","width":768,"height":432,"caption":"Concurso de procuradorias"},{"@type":"BreadcrumbList","@id":"https:\/\/cj.estrategia.com\/portal\/quais-os-requisitos-para-se-inscrever-no-concurso-de-procurador-da-camara-rj\/#breadcrumb","itemListElement":[{"@type":"ListItem","position":1,"name":"In\u00edcio","item":"https:\/\/cj.estrategia.com\/portal\/"},{"@type":"ListItem","position":2,"name":"Quais os requisitos para se inscrever no Concurso de Procurador da C\u00e2mara RJ?"}]},{"@type":"WebSite","@id":"https:\/\/cj.estrategia.com\/portal\/#website","url":"https:\/\/cj.estrategia.com\/portal\/","name":"Blog - Carreiras Jur\u00eddicas - Estrat\u00e9gia","description":"","publisher":{"@id":"https:\/\/cj.estrategia.com\/portal\/#organization"},"potentialAction":[{"@type":"SearchAction","target":{"@type":"EntryPoint","urlTemplate":"https:\/\/cj.estrategia.com\/portal\/?s={search_term_string}"},"query-input":{"@type":"PropertyValueSpecification","valueRequired":true,"valueName":"search_term_string"}}],"inLanguage":"pt-BR"},{"@type":"Organization","@id":"https:\/\/cj.estrategia.com\/portal\/#organization","name":"Estrat\u00e9gia - Carreiras Jur\u00eddicas","url":"https:\/\/cj.estrategia.com\/portal\/","logo":{"@type":"ImageObject","inLanguage":"pt-BR","@id":"https:\/\/cj.estrategia.com\/portal\/#\/schema\/logo\/image\/","url":"https:\/\/cj.estrategia.com\/portal\/wp-content\/uploads\/2022\/03\/11151052\/cj-logo.png","contentUrl":"https:\/\/cj.estrategia.com\/portal\/wp-content\/uploads\/2022\/03\/11151052\/cj-logo.png","width":150,"height":39,"caption":"Estrat\u00e9gia - Carreiras Jur\u00eddicas"},"image":{"@id":"https:\/\/cj.estrategia.com\/portal\/#\/schema\/logo\/image\/"},"sameAs":["https:\/\/www.facebook.com\/estrategiacarreirajuridica\/","https:\/\/x.com\/EstratJuridica","https:\/\/www.instagram.com\/estrategiacarreirajuridica\/","https:\/\/www.youtube.com\/channel\/UClbMGuYbj2Mh1m3w144ETWQ"]},{"@type":"Person","@id":"https:\/\/cj.estrategia.com\/portal\/#\/schema\/person\/4caf0099c42d736f2aade723f309f690","name":"Jos\u00e9 Ferreira","image":{"@type":"ImageObject","inLanguage":"pt-BR","@id":"https:\/\/cj.estrategia.com\/portal\/wp-content\/uploads\/2025\/04\/18142237\/jose-ferreira-navarro-analista-de-conteudo-jornalismo-carreiras-juridicas-96x96.png","url":"https:\/\/cj.estrategia.com\/portal\/wp-content\/uploads\/2025\/04\/18142237\/jose-ferreira-navarro-analista-de-conteudo-jornalismo-carreiras-juridicas-96x96.png","contentUrl":"https:\/\/cj.estrategia.com\/portal\/wp-content\/uploads\/2025\/04\/18142237\/jose-ferreira-navarro-analista-de-conteudo-jornalismo-carreiras-juridicas-96x96.png","caption":"Jos\u00e9 Ferreira"},"description":"Analista de conte\u00fado na equipe de Jornalismo, atua com SEO e estrat\u00e9gia para desenvolver conte\u00fados relevantes e de alta qualidade voltados para OAB e para o universo de Concursos Jur\u00eddicos.","url":"https:\/\/cj.estrategia.com\/portal\/author\/jose-navarro-de-andrade-cintra-ferreira\/"}]}},"jetpack_featured_media_url":"https:\/\/cj.estrategia.com\/portal\/wp-content\/uploads\/2022\/09\/04102635\/Concursos-Procuradorias.jpg","jetpack_sharing_enabled":true,"_links":{"self":[{"href":"https:\/\/cj.estrategia.com\/portal\/wp-json\/wp\/v2\/posts\/164605","targetHints":{"allow":["GET"]}}],"collection":[{"href":"https:\/\/cj.estrategia.com\/portal\/wp-json\/wp\/v2\/posts"}],"about":[{"href":"https:\/\/cj.estrategia.com\/portal\/wp-json\/wp\/v2\/types\/post"}],"author":[{"embeddable":true,"href":"https:\/\/cj.estrategia.com\/portal\/wp-json\/wp\/v2\/users\/162"}],"replies":[{"embeddable":true,"href":"https:\/\/cj.estrategia.com\/portal\/wp-json\/wp\/v2\/comments?post=164605"}],"version-history":[{"count":6,"href":"https:\/\/cj.estrategia.com\/portal\/wp-json\/wp\/v2\/posts\/164605\/revisions"}],"predecessor-version":[{"id":164617,"href":"https:\/\/cj.estrategia.com\/portal\/wp-json\/wp\/v2\/posts\/164605\/revisions\/164617"}],"wp:featuredmedia":[{"embeddable":true,"href":"https:\/\/cj.estrategia.com\/portal\/wp-json\/wp\/v2\/media\/20782"}],"wp:attachment":[{"href":"https:\/\/cj.estrategia.com\/portal\/wp-json\/wp\/v2\/media?parent=164605"}],"wp:term":[{"taxonomy":"category","embeddable":true,"href":"https:\/\/cj.estrategia.com\/portal\/wp-json\/wp\/v2\/categories?post=164605"},{"taxonomy":"post_tag","embeddable":true,"href":"https:\/\/cj.estrategia.com\/portal\/wp-json\/wp\/v2\/tags?post=164605"},{"taxonomy":"tax_estado","embeddable":true,"href":"https:\/\/cj.estrategia.com\/portal\/wp-json\/wp\/v2\/tax_estado?post=164605"}],"curies":[{"name":"wp","href":"https:\/\/api.w.org\/{rel}","templated":true}]}}