{"id":164543,"date":"2025-11-24T22:58:52","date_gmt":"2025-11-25T01:58:52","guid":{"rendered":"https:\/\/cj.estrategia.com\/portal\/?p=164543"},"modified":"2025-11-26T15:49:33","modified_gmt":"2025-11-26T18:49:33","slug":"investigacao-social-eliminacao-conduta-terceiros","status":"publish","type":"post","link":"https:\/\/cj.estrategia.com\/portal\/investigacao-social-eliminacao-conduta-terceiros\/","title":{"rendered":"Investiga\u00e7\u00e3o social: elimina\u00e7\u00e3o por conduta de terceiros"},"content":{"rendered":"\n<p>Prof. Gustavo Cordeiro<\/p>\n\n\n\n<p>A <strong><mark style=\"background-color:rgba(0, 0, 0, 0)\" class=\"has-inline-color has-black-color\">investiga\u00e7\u00e3o social<\/mark><\/strong> \u00e9 uma das fases mais temidas dos concursos para carreiras policiais. O que poucos candidatos sabem \u00e9 que ela n\u00e3o pode servir de instrumento para punir pessoas por condutas de terceiros. Foi exatamente isso que o Ministro Fl\u00e1vio Dino deixou claro ao deferir liminar na <strong>Reclama\u00e7\u00e3o 86.085\/SC<\/strong>, suspendendo a elimina\u00e7\u00e3o de uma candidata a Delegada de Pol\u00edcia que havia sido exclu\u00edda do certame por ser casada com um homem condenado por tr\u00e1fico de drogas.<\/p>\n\n\n\n<p>A decis\u00e3o reacende um debate crucial para quem se prepara para concursos de seguran\u00e7a p\u00fablica: <em>at\u00e9 onde vai a an\u00e1lise da vida pregressa do candidato?<\/em>&nbsp;\u00c9 poss\u00edvel eliminar algu\u00e9m por condutas de familiares? E quando o crime sequer existia no momento em que o relacionamento come\u00e7ou?<\/p>\n\n\n\n<p>Se voc\u00ea est\u00e1 se preparando para concursos de Delegado, Promotor ou qualquer carreira que exija investiga\u00e7\u00e3o social, este artigo \u00e9 leitura obrigat\u00f3ria. Vamos analisar o caso, os fundamentos constitucionais e o que voc\u00ea precisa saber para sua prova.<\/p>\n\n\n\n<h2 class=\"wp-block-heading\" id=\"h-o-caso-concreto-eliminacao-por-relacionamento-com-condenado\"><span id=\"o-caso-concreto-eliminacao-por-relacionamento-com-condenado\">O caso concreto: elimina\u00e7\u00e3o por relacionamento com condenado<\/span><\/h2>\n\n\n\n<p>A candidata foi aprovada nas fases anteriores do concurso para Delegado de Pol\u00edcia Substituto de Santa Catarina e convocada para a 5\u00aa fase: a investiga\u00e7\u00e3o social. No resultado preliminar, foi considerada <strong>N\u00c3O HABILITADA<\/strong>.<\/p>\n\n\n\n<p>O motivo? Seu c\u00f4njuge havia sido condenado pela pr\u00e1tica do delito tipificado no art. 33 da <strong><a href=\"https:\/\/www.estrategiaconcursos.com.br\/promocoes\/assinaturas-ecj\/\" target=\"_blank\" >Lei n\u00ba 11.343\/2006<\/a><\/strong> (tr\u00e1fico de drogas). Segundo o ato administrativo, a candidata mantinha relacionamento com pessoa cuja senten\u00e7a &#8220;destacava compartilhamento de lucros oriundos do tr\u00e1fico de drogas&#8221;.<\/p>\n\n\n\n<p>Contudo, h\u00e1 elementos cruciais que a banca n\u00e3o havia considerado: \u00e0 \u00e9poca dos fatos criminosos (2016), a candidata <em>sequer conhecia<\/em>\u00a0aquele que viria a ser seu marido. Al\u00e9m disso, a senten\u00e7a penal declarou <strong><mark style=\"background-color:rgba(0, 0, 0, 0)\" class=\"has-inline-color has-black-color\">extinta a punibilidade<\/mark> pela prescri\u00e7\u00e3o da pretens\u00e3o punitiva<\/strong>, nos termos do art. 109, V, do C\u00f3digo Penal.<\/p>\n\n\n\n<p>Outro ponto relevante: desde 2016, o c\u00f4njuge trabalha regularmente na mesma empresa, primeiro como representante comercial e, a partir de 2024, como gerente de vendas e servi\u00e7os. A pr\u00f3pria candidata prestou espontaneamente as informa\u00e7\u00f5es sobre os antecedentes do marido no formul\u00e1rio de investiga\u00e7\u00e3o social, evidenciando sua boa-f\u00e9.<\/p>\n\n\n\n<h3 class=\"wp-block-heading\" id=\"h-o-caminho-processual-ate-o-stf\"><span id=\"o-caminho-processual-ate-o-stf\">O caminho processual at\u00e9 o STF<\/span><\/h3>\n\n\n\n<p>Inconformada, a candidata impetrou <strong><mark style=\"background-color:rgba(0, 0, 0, 0)\" class=\"has-inline-color has-black-color\">Mandado de Seguran\u00e7a<\/mark><\/strong>\u00a0perante o Tribunal de Justi\u00e7a de Santa Catarina. O Relator chegou a deferir a liminar, suspendendo os efeitos da inabilita\u00e7\u00e3o e garantindo a perman\u00eancia da candidata no certame.<\/p>\n\n\n\n<p>Todavia, a 2\u00aa C\u00e2mara de Direito P\u00fablico do TJSC, ao julgar o m\u00e9rito, <strong>denegou a seguran\u00e7a<\/strong>&nbsp;e revogou a liminar. O fundamento central foi que o edital previa expressamente a an\u00e1lise dos &#8220;relacionamentos interpessoais&#8221; dos candidatos, e que a op\u00e7\u00e3o livre e consciente de manter relacionamento com pessoa condenada por tr\u00e1fico seria incompat\u00edvel com o cargo de Delegada de Pol\u00edcia.<\/p>\n\n\n\n<p>O TJSC entendeu que <em>n\u00e3o se tratava de viola\u00e7\u00e3o \u00e0 pessoalidade da pena<\/em>, mas de avalia\u00e7\u00e3o de risco institucional. O tribunal destacou as prerrogativas da carreira policial (porte de arma, acesso a investiga\u00e7\u00f5es sigilosas, combate ao tr\u00e1fico) e concluiu que a administra\u00e7\u00e3o n\u00e3o agiu de forma ilegal ou abusiva.<\/p>\n\n\n\n<p>A candidata interp\u00f4s Recurso Extraordin\u00e1rio, ao qual foi negado seguimento com base no <strong>Tema 485 da Repercuss\u00e3o Geral<\/strong>, que veda ao Judici\u00e1rio substituir a banca examinadora. Ap\u00f3s agravo interno desprovido, restou \u00e0 candidata ajuizar <strong><mark style=\"background-color:rgba(0, 0, 0, 0)\" class=\"has-inline-color has-black-color\">Reclama\u00e7\u00e3o Constitucional<\/mark><\/strong>\u00a0diretamente ao STF, sob o argumento de que a decis\u00e3o aplicou incorretamente o paradigma.<\/p>\n\n\n\n<h2 class=\"wp-block-heading\" id=\"h-decisao-do-ministro-flavio-dino-intranscendencia-da-pena\"><span id=\"decisao-do-ministro-flavio-dino-intranscendencia-da-pena\">Decis\u00e3o do Ministro Fl\u00e1vio Dino: intranscend\u00eancia da pena<\/span><\/h2>\n\n\n\n<p>O Ministro Fl\u00e1vio Dino, ao analisar o pedido liminar na Reclama\u00e7\u00e3o 86.085\/SC, identificou a presen\u00e7a dos requisitos necess\u00e1rios para a concess\u00e3o da medida: <em>fumus boni iuris<\/em>&nbsp;e <em>periculum in mora<\/em>.<\/p>\n\n\n\n<p>Quanto ao <em>fumus boni iuris<\/em>, Dino reconheceu plausibilidade na tese de que a decis\u00e3o do TJSC pode estar em desacordo com princ\u00edpios constitucionais fundamentais: a <strong>presun\u00e7\u00e3o de inoc\u00eancia<\/strong>\u00a0(art. 5\u00ba, LVII), a <strong><mark style=\"background-color:rgba(0, 0, 0, 0)\" class=\"has-inline-color has-black-color\">individualiza\u00e7\u00e3o da pena<\/mark><\/strong>\u00a0e, principalmente, a <strong>intranscend\u00eancia da san\u00e7\u00e3o penal<\/strong>\u00a0(art. 5\u00ba, XLV).<\/p>\n\n\n\n<div class=\"wp-block-media-text is-stacked-on-mobile\" style=\"grid-template-columns:35% auto\"><figure class=\"wp-block-media-text__media\"><img decoding=\"async\" width=\"1024\" height=\"1024\" src=\"https:\/\/cj.estrategia.com\/portal\/wp-content\/uploads\/2024\/09\/12203646\/fala-discurso-declaracao-comentario-1024x1024.jpg\" alt=\"Investiga\u00e7\u00e3o social:\" class=\"wp-image-75647 size-full\" srcset=\"https:\/\/cj.estrategia.com\/portal\/wp-content\/uploads\/2024\/09\/12203646\/fala-discurso-declaracao-comentario-1024x1024.jpg 1024w, https:\/\/cj.estrategia.com\/portal\/wp-content\/uploads\/2024\/09\/12203646\/fala-discurso-declaracao-comentario-300x300.jpg 300w, https:\/\/cj.estrategia.com\/portal\/wp-content\/uploads\/2024\/09\/12203646\/fala-discurso-declaracao-comentario-150x150.jpg 150w, https:\/\/cj.estrategia.com\/portal\/wp-content\/uploads\/2024\/09\/12203646\/fala-discurso-declaracao-comentario-768x768.jpg 768w, https:\/\/cj.estrategia.com\/portal\/wp-content\/uploads\/2024\/09\/12203646\/fala-discurso-declaracao-comentario-1536x1536.jpg 1536w, https:\/\/cj.estrategia.com\/portal\/wp-content\/uploads\/2024\/09\/12203646\/fala-discurso-declaracao-comentario-2048x2048.jpg 2048w, https:\/\/cj.estrategia.com\/portal\/wp-content\/uploads\/2024\/09\/12203646\/fala-discurso-declaracao-comentario-80x80.jpg 80w, https:\/\/cj.estrategia.com\/portal\/wp-content\/uploads\/2024\/09\/12203646\/fala-discurso-declaracao-comentario-380x380.jpg 380w, https:\/\/cj.estrategia.com\/portal\/wp-content\/uploads\/2024\/09\/12203646\/fala-discurso-declaracao-comentario-800x800.jpg 800w, https:\/\/cj.estrategia.com\/portal\/wp-content\/uploads\/2024\/09\/12203646\/fala-discurso-declaracao-comentario-1160x1160.jpg 1160w, https:\/\/cj.estrategia.com\/portal\/wp-content\/uploads\/2024\/09\/12203646\/fala-discurso-declaracao-comentario-24x24.jpg 24w, https:\/\/cj.estrategia.com\/portal\/wp-content\/uploads\/2024\/09\/12203646\/fala-discurso-declaracao-comentario-48x48.jpg 48w, https:\/\/cj.estrategia.com\/portal\/wp-content\/uploads\/2024\/09\/12203646\/fala-discurso-declaracao-comentario-96x96.jpg 96w, https:\/\/cj.estrategia.com\/portal\/wp-content\/uploads\/2024\/09\/12203646\/fala-discurso-declaracao-comentario-scaled.jpg 2560w\" sizes=\"(max-width: 1024px) 100vw, 1024px\" \/><\/figure><div class=\"wp-block-media-text__content\">\n<p>Nas palavras do Ministro: &#8220;<em>n\u00e3o sendo leg\u00edtimo impor \u00e0 candidata restri\u00e7\u00f5es decorrentes de fato que n\u00e3o lhe \u00e9 imput\u00e1vel<\/em>&#8220;. Em outras palavras, a candidata n\u00e3o pode ser penalizada por uma conduta praticada por terceiro, sobre a qual ela n\u00e3o tem qualquer responsabilidade e que ocorreu antes mesmo de existir qualquer v\u00ednculo entre eles.<\/p>\n<\/div><\/div>\n\n\n\n<p>O <em>periculum in mora<\/em>&nbsp;foi caracterizado pela possibilidade de perda definitiva do direito de prosseguir no concurso, o que representaria &#8220;<em>frustra\u00e7\u00e3o de leg\u00edtima expectativa decorrente de anos de prepara\u00e7\u00e3o e estudo<\/em>&#8220;.<\/p>\n\n\n\n<p>Com base nesses fundamentos, o Ministro <strong>deferiu a liminar<\/strong>&nbsp;para suspender a tramita\u00e7\u00e3o do processo de origem e assegurar o regular prosseguimento da candidata no concurso at\u00e9 ulterior delibera\u00e7\u00e3o do STF. Determinou ainda a apresenta\u00e7\u00e3o de documentos complementares sobre a situa\u00e7\u00e3o do c\u00f4njuge, incluindo certid\u00e3o criminal atualizada e comprova\u00e7\u00e3o de v\u00ednculos laborais nos \u00faltimos dez anos.<\/p>\n\n\n\n<h2 class=\"wp-block-heading\" id=\"h-os-fundamentos-constitucionais-em-jogo\"><span id=\"os-fundamentos-constitucionais-em-jogo\">Os fundamentos constitucionais em jogo<\/span><\/h2>\n\n\n\n<h3 class=\"wp-block-heading\" id=\"h-principio-da-intranscendencia-da-pena\"><span id=\"principio-da-intranscendencia-da-pena\">Princ\u00edpio da intranscend\u00eancia da pena<\/span><\/h3>\n\n\n\n<p>O art. 5\u00ba, XLV, da Constitui\u00e7\u00e3o Federal estabelece que &#8220;<em>nenhuma pena passar\u00e1 da pessoa do condenado<\/em>&#8220;. Trata-se do princ\u00edpio da intranscend\u00eancia, pessoalidade ou responsabilidade pessoal da pena, que impede que san\u00e7\u00f5es de natureza penal atinjam terceiros.<\/p>\n\n\n\n<p>Embora a elimina\u00e7\u00e3o em concurso p\u00fablico n\u00e3o seja tecnicamente uma &#8220;pena&#8221; no sentido do Direito Penal, a doutrina constitucional reconhece que o princ\u00edpio tem aplica\u00e7\u00e3o mais ampla, vedando qualquer forma de responsabiliza\u00e7\u00e3o de uma pessoa por fato exclusivamente imput\u00e1vel a outra. A elimina\u00e7\u00e3o da candidata por conduta criminosa de seu c\u00f4njuge representa, em ess\u00eancia, uma extens\u00e3o indevida dos efeitos da condena\u00e7\u00e3o penal para pessoa que n\u00e3o integrou a rela\u00e7\u00e3o jur\u00eddico-processual.<\/p>\n\n\n\n<h3 class=\"wp-block-heading\" id=\"h-presuncao-de-inocencia-e-reabilitacao\"><span id=\"presuncao-de-inocencia-e-reabilitacao\">Presun\u00e7\u00e3o de inoc\u00eancia e reabilita\u00e7\u00e3o<\/span><\/h3>\n\n\n\n<p>H\u00e1 ainda outro aspecto relevante: a punibilidade do c\u00f4njuge foi extinta pela prescri\u00e7\u00e3o. Embora a prescri\u00e7\u00e3o n\u00e3o apague os efeitos civis da senten\u00e7a condenat\u00f3ria, ela representa o reconhecimento estatal de que o direito de punir se exauriu. Permitir que uma condena\u00e7\u00e3o prescrita sirva de fundamento para eliminar a c\u00f4njuge do condenado seria atribuir a essa decis\u00e3o efeitos perp\u00e9tuos que nem mesmo o pr\u00f3prio condenado suporta.<\/p>\n\n\n\n<p>Al\u00e9m disso, o fato de o c\u00f4njuge estar empregado regularmente desde 2016 demonstra sua reintegra\u00e7\u00e3o social, um dos objetivos da execu\u00e7\u00e3o penal (art. 1\u00ba da LEP). Penalizar a candidata por um relacionamento com pessoa que j\u00e1 cumpriu sua d\u00edvida com a sociedade contraria a pr\u00f3pria l\u00f3gica do sistema penal.<\/p>\n\n\n\n<h3 class=\"wp-block-heading\" id=\"h-tema-485-da-repercussao-geral-e-seus-limites\"><span id=\"tema-485-da-repercussao-geral-e-seus-limites\">Tema 485 da Repercuss\u00e3o Geral e seus limites<\/span><\/h3>\n\n\n\n<p class=\"has-background\" style=\"background-color:#dddddd\">O TJSC fundamentou sua decis\u00e3o no <strong>Tema 485 do STF<\/strong>&nbsp;(RE 632.853), segundo o qual: &#8220;<em>N\u00e3o compete ao Poder Judici\u00e1rio, no controle de legalidade, substituir banca examinadora para avaliar respostas dadas pelos candidatos e notas a elas atribu\u00eddas, salvo ocorr\u00eancia de ilegalidade ou de inconstitucionalidade<\/em>&#8220;.<\/p>\n\n\n\n<p>O problema \u00e9 que o pr\u00f3prio paradigma cont\u00e9m uma <strong>ressalva expressa<\/strong>: o controle judicial \u00e9 cab\u00edvel quando h\u00e1 ilegalidade ou inconstitucionalidade. \u00c9 exatamente essa a hip\u00f3tese alegada pela candidata: a elimina\u00e7\u00e3o com base em conduta de terceiro viola frontalmente o art. 5\u00ba, XLV, da Constitui\u00e7\u00e3o.<\/p>\n\n\n\n<p>O Ministro Dino reconheceu que a situa\u00e7\u00e3o &#8220;<em>aparenta enquadrar-se no entendimento firmado por esta Suprema Corte no paradigma invocado<\/em>&#8220;, justamente porque configura afronta a preceitos constitucionais. A aplica\u00e7\u00e3o autom\u00e1tica do Tema 485 para blindar qualquer decis\u00e3o de banca examinadora, sem considerar a exist\u00eancia de v\u00edcios de constitucionalidade, representa distor\u00e7\u00e3o do precedente.<\/p>\n\n\n\n<h2 class=\"wp-block-heading\" id=\"h-conexao-com-concursos-publicos\"><span id=\"conexao-com-concursos-publicos\">Conex\u00e3o com concursos p\u00fablicos<\/span><\/h2>\n\n\n\n<p>O tema \u00e9 de alt\u00edssima relev\u00e2ncia para candidatos \u00e0s carreiras de seguran\u00e7a p\u00fablica. A investiga\u00e7\u00e3o social est\u00e1 prevista em praticamente todos os editais de concursos para Delegado, Agente, Escriv\u00e3o, Perito e outras carreiras policiais. Conhecer os limites dessa fase \u00e9 essencial.<\/p>\n\n\n\n<p><strong>Pontos de aten\u00e7\u00e3o para provas:<\/strong><\/p>\n\n\n\n<p>A investiga\u00e7\u00e3o social pode analisar a vida pregressa do candidato, mas encontra limites nos direitos fundamentais. O <strong>princ\u00edpio da intranscend\u00eancia da pena<\/strong> veda a responsabiliza\u00e7\u00e3o por fatos de terceiros, mesmo que sejam familiares. A prescri\u00e7\u00e3o extingue a punibilidade e seus efeitos n\u00e3o podem ser perpetuados para prejudicar terceiros. O Tema 485 do STF n\u00e3o blinda decis\u00f5es de banca que violem a Constitui\u00e7\u00e3o, pois a pr\u00f3pria tese ressalva casos de ilegalidade ou inconstitucionalidade.<\/p>\n\n\n\n<p><strong>Como o tema pode aparecer:<\/strong>\u00a0Quest\u00f5es sobre limites do <strong><mark style=\"background-color:rgba(0, 0, 0, 0)\" class=\"has-inline-color has-black-color\">controle judicial<\/mark><\/strong> de concursos, aplica\u00e7\u00e3o do princ\u00edpio da intranscend\u00eancia, e alcance da investiga\u00e7\u00e3o social. Tamb\u00e9m pode surgir em provas discursivas sobre direitos fundamentais e controle de atos administrativos.<\/p>\n\n\n\n<h3 class=\"wp-block-heading\" id=\"h-questao-comentada\"><span id=\"questao-comentada\">Quest\u00e3o comentada<\/span><\/h3>\n\n\n\n<pre class=\"wp-block-preformatted\"><strong>(Quest\u00e3o in\u00e9dita \u2013 Estilo CESPE\/CEBRASPE)<\/strong>&nbsp;Maria foi aprovada em todas as fases anteriores do concurso para Delegada de Pol\u00edcia. Na fase de investiga\u00e7\u00e3o social, foi eliminada pelo fato de seu irm\u00e3o ter sido condenado criminalmente por estelionato h\u00e1 15 anos, com pena j\u00e1 cumprida. Maria impetrou mandado de seguran\u00e7a, alegando viola\u00e7\u00e3o ao princ\u00edpio da intranscend\u00eancia da pena. A respeito dessa situa\u00e7\u00e3o hipot\u00e9tica, assinale a alternativa correta:<br><br><strong>A)<\/strong>&nbsp;A elimina\u00e7\u00e3o \u00e9 v\u00e1lida, pois a investiga\u00e7\u00e3o social pode analisar livremente todos os aspectos da vida do candidato, incluindo a conduta de familiares, sem qualquer limita\u00e7\u00e3o constitucional.<br><br><strong>B)<\/strong>&nbsp;O Poder Judici\u00e1rio n\u00e3o pode analisar a decis\u00e3o da banca examinadora, conforme o Tema 485 da Repercuss\u00e3o Geral do STF, que veda qualquer controle judicial sobre atos de concurso p\u00fablico.<br><br><strong>C)<\/strong>&nbsp;A elimina\u00e7\u00e3o viola o princ\u00edpio da intranscend\u00eancia da pena, pois Maria n\u00e3o pode ser responsabilizada por conduta exclusivamente imput\u00e1vel a terceiro, cabendo controle judicial por inconstitucionalidade.<br><br><strong>D)<\/strong>&nbsp;A situa\u00e7\u00e3o seria diferente se a condena\u00e7\u00e3o do irm\u00e3o ainda estivesse vigente, pois somente a prescri\u00e7\u00e3o ou cumprimento da pena afastam a possibilidade de elimina\u00e7\u00e3o do familiar.<br><br><strong>E)<\/strong>&nbsp;O mandado de seguran\u00e7a \u00e9 via inadequada, pois a candidata deveria ajuizar reclama\u00e7\u00e3o constitucional diretamente ao STF.<\/pre>\n\n\n\n<p><strong>Gabarito: C<\/strong><\/p>\n\n\n\n<p><strong>Coment\u00e1rio:<\/strong><\/p>\n\n\n\n<p>A alternativa C est\u00e1 correta porque o princ\u00edpio da intranscend\u00eancia da pena (art. 5\u00ba, XLV, CF) impede que algu\u00e9m seja penalizado por conduta de terceiro. A elimina\u00e7\u00e3o de Maria por crime cometido pelo irm\u00e3o viola esse preceito constitucional, autorizando o controle judicial mesmo diante do Tema 485, que ressalva expressamente os casos de ilegalidade ou inconstitucionalidade.<\/p>\n\n\n\n<p>A alternativa A est\u00e1 errada porque a investiga\u00e7\u00e3o social, embora ampla, encontra limites nos direitos fundamentais.<\/p>\n\n\n\n<p>A alternativa B est\u00e1 incorreta porque distorce o Tema 485, que admite controle judicial em casos de inconstitucionalidade.<\/p>\n\n\n\n<p>J\u00e1 a alternativa D est\u00e1 errada porque o problema n\u00e3o \u00e9 a vig\u00eancia da condena\u00e7\u00e3o, mas o fato de se responsabilizar terceiro por conduta alheia.<\/p>\n\n\n\n<p>A alternativa E est\u00e1 incorreta porque o mandado de seguran\u00e7a \u00e9 via adequada contra ato administrativo ilegal, sendo a reclama\u00e7\u00e3o cab\u00edvel apenas ap\u00f3s esgotamento de inst\u00e2ncias com aplica\u00e7\u00e3o indevida de precedente vinculante.<\/p>\n\n\n\n<h2 class=\"wp-block-heading\" id=\"h-o-que-voce-precisa-memorizar\"><span id=\"o-que-voce-precisa-memorizar\">O que voc\u00ea precisa memorizar?<\/span><\/h2>\n\n\n\n<p>A decis\u00e3o do Ministro Fl\u00e1vio Dino na Reclama\u00e7\u00e3o 86.085\/SC representa importante marco na defini\u00e7\u00e3o dos limites da investiga\u00e7\u00e3o social em concursos p\u00fablicos. Para sua prova, guarde os seguintes pontos:<\/p>\n\n\n\n<p>O princ\u00edpio da intranscend\u00eancia da pena (art. 5\u00ba, XLV, CF) impede a responsabiliza\u00e7\u00e3o de candidato por conduta criminosa de terceiros, ainda que sejam familiares ou c\u00f4njuges. A investiga\u00e7\u00e3o social tem limites constitucionais e n\u00e3o pode servir como instrumento de puni\u00e7\u00e3o indireta. O <strong>Tema 485 do STF<\/strong> n\u00e3o blinda atos de banca que violem a Constitui\u00e7\u00e3o, pois a pr\u00f3pria tese ressalva casos de ilegalidade ou inconstitucionalidade. A prescri\u00e7\u00e3o extingue a punibilidade e n\u00e3o pode ter seus efeitos perpetuados para prejudicar terceiros inocentes.<\/p>\n\n\n\n<p>Fique atento: este caso ainda ser\u00e1 julgado no m\u00e9rito pelo STF, mas a concess\u00e3o da liminar j\u00e1 sinaliza a tend\u00eancia da Corte em proteger candidatos contra elimina\u00e7\u00f5es baseadas em responsabilidade objetiva por atos de terceiros. Para carreiras policiais, conhecer esses limites pode ser a diferen\u00e7a entre a aprova\u00e7\u00e3o e uma elimina\u00e7\u00e3o indevida.<\/p>\n\n\n\n<hr class=\"wp-block-separator has-alpha-channel-opacity\"\/>\n\n\n\n<h2 class=\"wp-block-heading has-text-align-center\" id=\"h-quer-saber-quais-serao-os-proximos-concursos\"><span id=\"quer-saber-quais-serao-os-proximos-concursos\">Quer saber quais ser\u00e3o os pr\u00f3ximos concursos?<\/span><\/h2>\n\n\n\n<pre class=\"wp-block-verse has-text-align-center\">Confira nossos&nbsp;<a href=\"https:\/\/cj.estrategia.com\/portal\/\" target=\"_blank\" >artigos para Carreiras Jur\u00eddicas<\/a>!<\/pre>\n\n\n\n<p class=\"has-text-align-center has-white-color has-pale-cyan-blue-background-color has-text-color has-background has-link-color wp-elements-723b3278bf14a50a5e7b7e937b9a17d4\"><a href=\"https:\/\/cj.estrategia.com\/portal\/concursos-abertos-carreiras-juridicas\/\">Concursos jur\u00eddicos abertos<\/a><\/p>\n\n\n\n<p class=\"has-text-align-center has-white-color has-pale-cyan-blue-background-color has-text-color has-background has-link-color wp-elements-41349f36dc977263ca2129bf0f6dd541\"><a href=\"https:\/\/cj.estrategia.com\/portal\/concursos-2025-carreiras-juridicas\/\" target=\"_blank\" >Concursos jur\u00eddicos 2025<\/a><\/p>\n","protected":false},"excerpt":{"rendered":"Prof. Gustavo Cordeiro A investiga\u00e7\u00e3o social \u00e9 uma das fases mais temidas dos concursos para carreiras policiais. O&hellip;\n","protected":false},"author":12,"featured_media":90773,"comment_status":"open","ping_status":"open","sticky":false,"template":"","format":"standard","meta":{"_jetpack_memberships_contains_paid_content":false,"footnotes":""},"categories":[1],"tags":[456,3832,713,1137,3835,3174,2264,2260,464,3834,1191,781,3831,134,3833,776],"tax_estado":[54],"class_list":{"0":"post-164543","1":"post","2":"type-post","3":"status-publish","4":"format-standard","5":"has-post-thumbnail","7":"category-carreiras-juridicas","8":"tag-concurso-publico","9":"tag-delegada-de-policia","10":"tag-extincao-da-punibilidade","11":"tag-flavio-dino","12":"tag-fumus-boni-iuris","13":"tag-individualizacao-da-pena","14":"tag-intranscendencia-da-pena","15":"tag-investigacao-social","16":"tag-mandado-de-seguranca","17":"tag-periculum-in-mora","18":"tag-prescricao","19":"tag-presuncao-de-inocencia","20":"tag-reclamacao-86-085-sc","21":"tag-stf","22":"tag-tema-485","23":"tag-trafico-de-drogas","24":"tax_estado-sc"},"acf":[],"yoast_head":"<!-- This site is optimized with the Yoast SEO Premium plugin v27.4 (Yoast SEO v27.4) - https:\/\/yoast.com\/product\/yoast-seo-premium-wordpress\/ -->\n<title>Investiga\u00e7\u00e3o social: elimina\u00e7\u00e3o por conduta de terceiros<\/title>\n<meta name=\"description\" content=\"Um candidata a Delegada foi exclu\u00edda do concurso por ser casada com um homem condenado por tr\u00e1fico de drogas. O STF suspendeu a elimina\u00e7\u00e3o.\" \/>\n<meta name=\"robots\" content=\"index, follow, max-snippet:-1, max-image-preview:large, max-video-preview:-1\" \/>\n<link rel=\"canonical\" href=\"https:\/\/cj.estrategia.com\/portal\/investigacao-social-eliminacao-conduta-terceiros\/\" \/>\n<meta property=\"og:locale\" content=\"pt_BR\" \/>\n<meta property=\"og:type\" content=\"article\" \/>\n<meta property=\"og:title\" content=\"Investiga\u00e7\u00e3o social: elimina\u00e7\u00e3o por conduta de terceiros\" \/>\n<meta property=\"og:description\" content=\"Um candidata a Delegada foi exclu\u00edda do concurso por ser casada com um homem condenado por tr\u00e1fico de drogas. O STF suspendeu a elimina\u00e7\u00e3o.\" \/>\n<meta property=\"og:url\" content=\"https:\/\/cj.estrategia.com\/portal\/investigacao-social-eliminacao-conduta-terceiros\/\" \/>\n<meta property=\"og:site_name\" content=\"Blog - Carreiras Jur\u00eddicas - Estrat\u00e9gia\" \/>\n<meta property=\"article:publisher\" content=\"https:\/\/www.facebook.com\/estrategiacarreirajuridica\/\" \/>\n<meta property=\"article:published_time\" content=\"2025-11-25T01:58:52+00:00\" \/>\n<meta property=\"article:modified_time\" content=\"2025-11-26T18:49:33+00:00\" \/>\n<meta property=\"og:image\" content=\"https:\/\/cj.estrategia.com\/portal\/wp-content\/uploads\/2025\/01\/13234809\/stf-gustavo-moreno.jpg\" \/>\n\t<meta property=\"og:image:width\" content=\"2560\" \/>\n\t<meta property=\"og:image:height\" content=\"1707\" \/>\n\t<meta property=\"og:image:type\" content=\"image\/jpeg\" \/>\n<meta name=\"author\" content=\"Coordena\u00e7\u00e3o\" \/>\n<meta name=\"twitter:card\" content=\"summary_large_image\" \/>\n<meta name=\"twitter:creator\" content=\"@EstratJuridica\" \/>\n<meta name=\"twitter:site\" content=\"@EstratJuridica\" \/>\n<meta name=\"twitter:label1\" content=\"Escrito por\" \/>\n\t<meta name=\"twitter:data1\" content=\"Coordena\u00e7\u00e3o\" \/>\n\t<meta name=\"twitter:label2\" content=\"Est. tempo de leitura\" \/>\n\t<meta name=\"twitter:data2\" content=\"10 minutos\" \/>\n<script type=\"application\/ld+json\" class=\"yoast-schema-graph\">{\"@context\":\"https:\\\/\\\/schema.org\",\"@graph\":[{\"@type\":\"NewsArticle\",\"@id\":\"https:\\\/\\\/cj.estrategia.com\\\/portal\\\/investigacao-social-eliminacao-conduta-terceiros\\\/#article\",\"isPartOf\":{\"@id\":\"https:\\\/\\\/cj.estrategia.com\\\/portal\\\/investigacao-social-eliminacao-conduta-terceiros\\\/\"},\"author\":{\"name\":\"Coordena\u00e7\u00e3o\",\"@id\":\"https:\\\/\\\/cj.estrategia.com\\\/portal\\\/#\\\/schema\\\/person\\\/4d70317d31449932b99102916b6637f5\"},\"headline\":\"Investiga\u00e7\u00e3o social: elimina\u00e7\u00e3o por conduta de terceiros\",\"datePublished\":\"2025-11-25T01:58:52+00:00\",\"dateModified\":\"2025-11-26T18:49:33+00:00\",\"mainEntityOfPage\":{\"@id\":\"https:\\\/\\\/cj.estrategia.com\\\/portal\\\/investigacao-social-eliminacao-conduta-terceiros\\\/\"},\"wordCount\":1847,\"commentCount\":0,\"publisher\":{\"@id\":\"https:\\\/\\\/cj.estrategia.com\\\/portal\\\/#organization\"},\"image\":{\"@id\":\"https:\\\/\\\/cj.estrategia.com\\\/portal\\\/investigacao-social-eliminacao-conduta-terceiros\\\/#primaryimage\"},\"thumbnailUrl\":\"https:\\\/\\\/cj.estrategia.com\\\/portal\\\/wp-content\\\/uploads\\\/2025\\\/01\\\/13234809\\\/stf-gustavo-moreno.jpg\",\"keywords\":[\"concurso p\u00fablico\",\"Delegada de Pol\u00edcia\",\"extin\u00e7\u00e3o da punibilidade\",\"Fl\u00e1vio Dino\",\"fumus boni iuris\",\"individualiza\u00e7\u00e3o da pena\",\"intranscend\u00eancia da pena\",\"investiga\u00e7\u00e3o social\",\"mandado de seguran\u00e7a\",\"periculum in mora\",\"prescri\u00e7\u00e3o\",\"presun\u00e7\u00e3o de inoc\u00eancia\",\"Reclama\u00e7\u00e3o 86.085\\\/SC\",\"STF\",\"Tema 485\",\"tr\u00e1fico de drogas\"],\"articleSection\":[\"Carreiras Jur\u00eddicas\"],\"inLanguage\":\"pt-BR\",\"potentialAction\":[{\"@type\":\"CommentAction\",\"name\":\"Comment\",\"target\":[\"https:\\\/\\\/cj.estrategia.com\\\/portal\\\/investigacao-social-eliminacao-conduta-terceiros\\\/#respond\"]}]},{\"@type\":\"WebPage\",\"@id\":\"https:\\\/\\\/cj.estrategia.com\\\/portal\\\/investigacao-social-eliminacao-conduta-terceiros\\\/\",\"url\":\"https:\\\/\\\/cj.estrategia.com\\\/portal\\\/investigacao-social-eliminacao-conduta-terceiros\\\/\",\"name\":\"Investiga\u00e7\u00e3o social: elimina\u00e7\u00e3o por conduta de terceiros\",\"isPartOf\":{\"@id\":\"https:\\\/\\\/cj.estrategia.com\\\/portal\\\/#website\"},\"primaryImageOfPage\":{\"@id\":\"https:\\\/\\\/cj.estrategia.com\\\/portal\\\/investigacao-social-eliminacao-conduta-terceiros\\\/#primaryimage\"},\"image\":{\"@id\":\"https:\\\/\\\/cj.estrategia.com\\\/portal\\\/investigacao-social-eliminacao-conduta-terceiros\\\/#primaryimage\"},\"thumbnailUrl\":\"https:\\\/\\\/cj.estrategia.com\\\/portal\\\/wp-content\\\/uploads\\\/2025\\\/01\\\/13234809\\\/stf-gustavo-moreno.jpg\",\"datePublished\":\"2025-11-25T01:58:52+00:00\",\"dateModified\":\"2025-11-26T18:49:33+00:00\",\"description\":\"Um candidata a Delegada foi exclu\u00edda do concurso por ser casada com um homem condenado por tr\u00e1fico de drogas. O STF suspendeu a elimina\u00e7\u00e3o.\",\"breadcrumb\":{\"@id\":\"https:\\\/\\\/cj.estrategia.com\\\/portal\\\/investigacao-social-eliminacao-conduta-terceiros\\\/#breadcrumb\"},\"inLanguage\":\"pt-BR\",\"potentialAction\":[{\"@type\":\"ReadAction\",\"target\":[\"https:\\\/\\\/cj.estrategia.com\\\/portal\\\/investigacao-social-eliminacao-conduta-terceiros\\\/\"]}]},{\"@type\":\"ImageObject\",\"inLanguage\":\"pt-BR\",\"@id\":\"https:\\\/\\\/cj.estrategia.com\\\/portal\\\/investigacao-social-eliminacao-conduta-terceiros\\\/#primaryimage\",\"url\":\"https:\\\/\\\/cj.estrategia.com\\\/portal\\\/wp-content\\\/uploads\\\/2025\\\/01\\\/13234809\\\/stf-gustavo-moreno.jpg\",\"contentUrl\":\"https:\\\/\\\/cj.estrategia.com\\\/portal\\\/wp-content\\\/uploads\\\/2025\\\/01\\\/13234809\\\/stf-gustavo-moreno.jpg\",\"width\":2560,\"height\":1707,\"caption\":\"Foto: Gustavo Moreno\\\/STF\"},{\"@type\":\"BreadcrumbList\",\"@id\":\"https:\\\/\\\/cj.estrategia.com\\\/portal\\\/investigacao-social-eliminacao-conduta-terceiros\\\/#breadcrumb\",\"itemListElement\":[{\"@type\":\"ListItem\",\"position\":1,\"name\":\"In\u00edcio\",\"item\":\"https:\\\/\\\/cj.estrategia.com\\\/portal\\\/\"},{\"@type\":\"ListItem\",\"position\":2,\"name\":\"Investiga\u00e7\u00e3o social: elimina\u00e7\u00e3o por conduta de terceiros\"}]},{\"@type\":\"WebSite\",\"@id\":\"https:\\\/\\\/cj.estrategia.com\\\/portal\\\/#website\",\"url\":\"https:\\\/\\\/cj.estrategia.com\\\/portal\\\/\",\"name\":\"Blog - Carreiras Jur\u00eddicas - Estrat\u00e9gia\",\"description\":\"\",\"publisher\":{\"@id\":\"https:\\\/\\\/cj.estrategia.com\\\/portal\\\/#organization\"},\"potentialAction\":[{\"@type\":\"SearchAction\",\"target\":{\"@type\":\"EntryPoint\",\"urlTemplate\":\"https:\\\/\\\/cj.estrategia.com\\\/portal\\\/?s={search_term_string}\"},\"query-input\":{\"@type\":\"PropertyValueSpecification\",\"valueRequired\":true,\"valueName\":\"search_term_string\"}}],\"inLanguage\":\"pt-BR\"},{\"@type\":\"Organization\",\"@id\":\"https:\\\/\\\/cj.estrategia.com\\\/portal\\\/#organization\",\"name\":\"Estrat\u00e9gia - Carreiras Jur\u00eddicas\",\"url\":\"https:\\\/\\\/cj.estrategia.com\\\/portal\\\/\",\"logo\":{\"@type\":\"ImageObject\",\"inLanguage\":\"pt-BR\",\"@id\":\"https:\\\/\\\/cj.estrategia.com\\\/portal\\\/#\\\/schema\\\/logo\\\/image\\\/\",\"url\":\"https:\\\/\\\/cj.estrategia.com\\\/portal\\\/wp-content\\\/uploads\\\/2022\\\/03\\\/11151052\\\/cj-logo.png\",\"contentUrl\":\"https:\\\/\\\/cj.estrategia.com\\\/portal\\\/wp-content\\\/uploads\\\/2022\\\/03\\\/11151052\\\/cj-logo.png\",\"width\":150,\"height\":39,\"caption\":\"Estrat\u00e9gia - Carreiras Jur\u00eddicas\"},\"image\":{\"@id\":\"https:\\\/\\\/cj.estrategia.com\\\/portal\\\/#\\\/schema\\\/logo\\\/image\\\/\"},\"sameAs\":[\"https:\\\/\\\/www.facebook.com\\\/estrategiacarreirajuridica\\\/\",\"https:\\\/\\\/x.com\\\/EstratJuridica\",\"https:\\\/\\\/www.instagram.com\\\/estrategiacarreirajuridica\\\/\",\"https:\\\/\\\/www.youtube.com\\\/channel\\\/UClbMGuYbj2Mh1m3w144ETWQ\"]},{\"@type\":\"Person\",\"@id\":\"https:\\\/\\\/cj.estrategia.com\\\/portal\\\/#\\\/schema\\\/person\\\/4d70317d31449932b99102916b6637f5\",\"name\":\"Coordena\u00e7\u00e3o\",\"image\":{\"@type\":\"ImageObject\",\"inLanguage\":\"pt-BR\",\"@id\":\"https:\\\/\\\/cj.estrategia.com\\\/portal\\\/wp-content\\\/uploads\\\/2022\\\/05\\\/12164923\\\/estrategia-carreira-juridica-coordenacao-96x96.png\",\"url\":\"https:\\\/\\\/cj.estrategia.com\\\/portal\\\/wp-content\\\/uploads\\\/2022\\\/05\\\/12164923\\\/estrategia-carreira-juridica-coordenacao-96x96.png\",\"contentUrl\":\"https:\\\/\\\/cj.estrategia.com\\\/portal\\\/wp-content\\\/uploads\\\/2022\\\/05\\\/12164923\\\/estrategia-carreira-juridica-coordenacao-96x96.png\",\"caption\":\"Coordena\u00e7\u00e3o\"},\"url\":\"https:\\\/\\\/cj.estrategia.com\\\/portal\\\/author\\\/coordenacao\\\/\"}]}<\/script>\n<!-- \/ Yoast SEO Premium plugin. -->","yoast_head_json":{"title":"Investiga\u00e7\u00e3o social: elimina\u00e7\u00e3o por conduta de terceiros","description":"Um candidata a Delegada foi exclu\u00edda do concurso por ser casada com um homem condenado por tr\u00e1fico de drogas. O STF suspendeu a elimina\u00e7\u00e3o.","robots":{"index":"index","follow":"follow","max-snippet":"max-snippet:-1","max-image-preview":"max-image-preview:large","max-video-preview":"max-video-preview:-1"},"canonical":"https:\/\/cj.estrategia.com\/portal\/investigacao-social-eliminacao-conduta-terceiros\/","og_locale":"pt_BR","og_type":"article","og_title":"Investiga\u00e7\u00e3o social: elimina\u00e7\u00e3o por conduta de terceiros","og_description":"Um candidata a Delegada foi exclu\u00edda do concurso por ser casada com um homem condenado por tr\u00e1fico de drogas. O STF suspendeu a elimina\u00e7\u00e3o.","og_url":"https:\/\/cj.estrategia.com\/portal\/investigacao-social-eliminacao-conduta-terceiros\/","og_site_name":"Blog - Carreiras Jur\u00eddicas - Estrat\u00e9gia","article_publisher":"https:\/\/www.facebook.com\/estrategiacarreirajuridica\/","article_published_time":"2025-11-25T01:58:52+00:00","article_modified_time":"2025-11-26T18:49:33+00:00","og_image":[{"width":2560,"height":1707,"url":"https:\/\/cj.estrategia.com\/portal\/wp-content\/uploads\/2025\/01\/13234809\/stf-gustavo-moreno.jpg","type":"image\/jpeg"}],"author":"Coordena\u00e7\u00e3o","twitter_card":"summary_large_image","twitter_creator":"@EstratJuridica","twitter_site":"@EstratJuridica","twitter_misc":{"Escrito por":"Coordena\u00e7\u00e3o","Est. tempo de leitura":"10 minutos"},"schema":{"@context":"https:\/\/schema.org","@graph":[{"@type":"NewsArticle","@id":"https:\/\/cj.estrategia.com\/portal\/investigacao-social-eliminacao-conduta-terceiros\/#article","isPartOf":{"@id":"https:\/\/cj.estrategia.com\/portal\/investigacao-social-eliminacao-conduta-terceiros\/"},"author":{"name":"Coordena\u00e7\u00e3o","@id":"https:\/\/cj.estrategia.com\/portal\/#\/schema\/person\/4d70317d31449932b99102916b6637f5"},"headline":"Investiga\u00e7\u00e3o social: elimina\u00e7\u00e3o por conduta de terceiros","datePublished":"2025-11-25T01:58:52+00:00","dateModified":"2025-11-26T18:49:33+00:00","mainEntityOfPage":{"@id":"https:\/\/cj.estrategia.com\/portal\/investigacao-social-eliminacao-conduta-terceiros\/"},"wordCount":1847,"commentCount":0,"publisher":{"@id":"https:\/\/cj.estrategia.com\/portal\/#organization"},"image":{"@id":"https:\/\/cj.estrategia.com\/portal\/investigacao-social-eliminacao-conduta-terceiros\/#primaryimage"},"thumbnailUrl":"https:\/\/cj.estrategia.com\/portal\/wp-content\/uploads\/2025\/01\/13234809\/stf-gustavo-moreno.jpg","keywords":["concurso p\u00fablico","Delegada de Pol\u00edcia","extin\u00e7\u00e3o da punibilidade","Fl\u00e1vio Dino","fumus boni iuris","individualiza\u00e7\u00e3o da pena","intranscend\u00eancia da pena","investiga\u00e7\u00e3o social","mandado de seguran\u00e7a","periculum in mora","prescri\u00e7\u00e3o","presun\u00e7\u00e3o de inoc\u00eancia","Reclama\u00e7\u00e3o 86.085\/SC","STF","Tema 485","tr\u00e1fico de drogas"],"articleSection":["Carreiras Jur\u00eddicas"],"inLanguage":"pt-BR","potentialAction":[{"@type":"CommentAction","name":"Comment","target":["https:\/\/cj.estrategia.com\/portal\/investigacao-social-eliminacao-conduta-terceiros\/#respond"]}]},{"@type":"WebPage","@id":"https:\/\/cj.estrategia.com\/portal\/investigacao-social-eliminacao-conduta-terceiros\/","url":"https:\/\/cj.estrategia.com\/portal\/investigacao-social-eliminacao-conduta-terceiros\/","name":"Investiga\u00e7\u00e3o social: elimina\u00e7\u00e3o por conduta de terceiros","isPartOf":{"@id":"https:\/\/cj.estrategia.com\/portal\/#website"},"primaryImageOfPage":{"@id":"https:\/\/cj.estrategia.com\/portal\/investigacao-social-eliminacao-conduta-terceiros\/#primaryimage"},"image":{"@id":"https:\/\/cj.estrategia.com\/portal\/investigacao-social-eliminacao-conduta-terceiros\/#primaryimage"},"thumbnailUrl":"https:\/\/cj.estrategia.com\/portal\/wp-content\/uploads\/2025\/01\/13234809\/stf-gustavo-moreno.jpg","datePublished":"2025-11-25T01:58:52+00:00","dateModified":"2025-11-26T18:49:33+00:00","description":"Um candidata a Delegada foi exclu\u00edda do concurso por ser casada com um homem condenado por tr\u00e1fico de drogas. O STF suspendeu a elimina\u00e7\u00e3o.","breadcrumb":{"@id":"https:\/\/cj.estrategia.com\/portal\/investigacao-social-eliminacao-conduta-terceiros\/#breadcrumb"},"inLanguage":"pt-BR","potentialAction":[{"@type":"ReadAction","target":["https:\/\/cj.estrategia.com\/portal\/investigacao-social-eliminacao-conduta-terceiros\/"]}]},{"@type":"ImageObject","inLanguage":"pt-BR","@id":"https:\/\/cj.estrategia.com\/portal\/investigacao-social-eliminacao-conduta-terceiros\/#primaryimage","url":"https:\/\/cj.estrategia.com\/portal\/wp-content\/uploads\/2025\/01\/13234809\/stf-gustavo-moreno.jpg","contentUrl":"https:\/\/cj.estrategia.com\/portal\/wp-content\/uploads\/2025\/01\/13234809\/stf-gustavo-moreno.jpg","width":2560,"height":1707,"caption":"Foto: Gustavo Moreno\/STF"},{"@type":"BreadcrumbList","@id":"https:\/\/cj.estrategia.com\/portal\/investigacao-social-eliminacao-conduta-terceiros\/#breadcrumb","itemListElement":[{"@type":"ListItem","position":1,"name":"In\u00edcio","item":"https:\/\/cj.estrategia.com\/portal\/"},{"@type":"ListItem","position":2,"name":"Investiga\u00e7\u00e3o social: elimina\u00e7\u00e3o por conduta de terceiros"}]},{"@type":"WebSite","@id":"https:\/\/cj.estrategia.com\/portal\/#website","url":"https:\/\/cj.estrategia.com\/portal\/","name":"Blog - Carreiras Jur\u00eddicas - Estrat\u00e9gia","description":"","publisher":{"@id":"https:\/\/cj.estrategia.com\/portal\/#organization"},"potentialAction":[{"@type":"SearchAction","target":{"@type":"EntryPoint","urlTemplate":"https:\/\/cj.estrategia.com\/portal\/?s={search_term_string}"},"query-input":{"@type":"PropertyValueSpecification","valueRequired":true,"valueName":"search_term_string"}}],"inLanguage":"pt-BR"},{"@type":"Organization","@id":"https:\/\/cj.estrategia.com\/portal\/#organization","name":"Estrat\u00e9gia - Carreiras Jur\u00eddicas","url":"https:\/\/cj.estrategia.com\/portal\/","logo":{"@type":"ImageObject","inLanguage":"pt-BR","@id":"https:\/\/cj.estrategia.com\/portal\/#\/schema\/logo\/image\/","url":"https:\/\/cj.estrategia.com\/portal\/wp-content\/uploads\/2022\/03\/11151052\/cj-logo.png","contentUrl":"https:\/\/cj.estrategia.com\/portal\/wp-content\/uploads\/2022\/03\/11151052\/cj-logo.png","width":150,"height":39,"caption":"Estrat\u00e9gia - Carreiras Jur\u00eddicas"},"image":{"@id":"https:\/\/cj.estrategia.com\/portal\/#\/schema\/logo\/image\/"},"sameAs":["https:\/\/www.facebook.com\/estrategiacarreirajuridica\/","https:\/\/x.com\/EstratJuridica","https:\/\/www.instagram.com\/estrategiacarreirajuridica\/","https:\/\/www.youtube.com\/channel\/UClbMGuYbj2Mh1m3w144ETWQ"]},{"@type":"Person","@id":"https:\/\/cj.estrategia.com\/portal\/#\/schema\/person\/4d70317d31449932b99102916b6637f5","name":"Coordena\u00e7\u00e3o","image":{"@type":"ImageObject","inLanguage":"pt-BR","@id":"https:\/\/cj.estrategia.com\/portal\/wp-content\/uploads\/2022\/05\/12164923\/estrategia-carreira-juridica-coordenacao-96x96.png","url":"https:\/\/cj.estrategia.com\/portal\/wp-content\/uploads\/2022\/05\/12164923\/estrategia-carreira-juridica-coordenacao-96x96.png","contentUrl":"https:\/\/cj.estrategia.com\/portal\/wp-content\/uploads\/2022\/05\/12164923\/estrategia-carreira-juridica-coordenacao-96x96.png","caption":"Coordena\u00e7\u00e3o"},"url":"https:\/\/cj.estrategia.com\/portal\/author\/coordenacao\/"}]}},"jetpack_featured_media_url":"https:\/\/cj.estrategia.com\/portal\/wp-content\/uploads\/2025\/01\/13234809\/stf-gustavo-moreno.jpg","jetpack_sharing_enabled":true,"_links":{"self":[{"href":"https:\/\/cj.estrategia.com\/portal\/wp-json\/wp\/v2\/posts\/164543","targetHints":{"allow":["GET"]}}],"collection":[{"href":"https:\/\/cj.estrategia.com\/portal\/wp-json\/wp\/v2\/posts"}],"about":[{"href":"https:\/\/cj.estrategia.com\/portal\/wp-json\/wp\/v2\/types\/post"}],"author":[{"embeddable":true,"href":"https:\/\/cj.estrategia.com\/portal\/wp-json\/wp\/v2\/users\/12"}],"replies":[{"embeddable":true,"href":"https:\/\/cj.estrategia.com\/portal\/wp-json\/wp\/v2\/comments?post=164543"}],"version-history":[{"count":4,"href":"https:\/\/cj.estrategia.com\/portal\/wp-json\/wp\/v2\/posts\/164543\/revisions"}],"predecessor-version":[{"id":164946,"href":"https:\/\/cj.estrategia.com\/portal\/wp-json\/wp\/v2\/posts\/164543\/revisions\/164946"}],"wp:featuredmedia":[{"embeddable":true,"href":"https:\/\/cj.estrategia.com\/portal\/wp-json\/wp\/v2\/media\/90773"}],"wp:attachment":[{"href":"https:\/\/cj.estrategia.com\/portal\/wp-json\/wp\/v2\/media?parent=164543"}],"wp:term":[{"taxonomy":"category","embeddable":true,"href":"https:\/\/cj.estrategia.com\/portal\/wp-json\/wp\/v2\/categories?post=164543"},{"taxonomy":"post_tag","embeddable":true,"href":"https:\/\/cj.estrategia.com\/portal\/wp-json\/wp\/v2\/tags?post=164543"},{"taxonomy":"tax_estado","embeddable":true,"href":"https:\/\/cj.estrategia.com\/portal\/wp-json\/wp\/v2\/tax_estado?post=164543"}],"curies":[{"name":"wp","href":"https:\/\/api.w.org\/{rel}","templated":true}]}}