{"id":164437,"date":"2025-11-24T15:09:29","date_gmt":"2025-11-24T18:09:29","guid":{"rendered":"https:\/\/cj.estrategia.com\/portal\/?p=164437"},"modified":"2025-11-26T14:25:55","modified_gmt":"2025-11-26T17:25:55","slug":"moraes-decreta-prisao-de-bolsonaro","status":"publish","type":"post","link":"https:\/\/cj.estrategia.com\/portal\/moraes-decreta-prisao-de-bolsonaro\/","title":{"rendered":"Moraes decreta pris\u00e3o de Bolsonaro"},"content":{"rendered":"\n<p class=\"has-small-font-size\">* Thiago de Paula Leite \u00e9 procurador do Estado de S\u00e3o Paulo e professor de direito ambiental e agr\u00e1rio do Estrat\u00e9gia.<\/p>\n\n\n\n<h2 class=\"wp-block-heading\" id=\"h-bolsonaro-e-preso-pela-policia-federal\"><span id=\"bolsonaro-e-preso-pela-policia-federal\">Bolsonaro \u00e9 preso pela Pol\u00edcia Federal<\/span><\/h2>\n\n\n\n<p>A Pol\u00edcia Federal solicitou e o ministro Alexandre de Moraes, do Supremo Tribunal Federal, autorizou a pris\u00e3o preventiva do ex-presidente Jair Bolsonaro.<\/p>\n\n\n\n<p>Importante ressaltar que a pris\u00e3o, neste momento, n\u00e3o tem rela\u00e7\u00e3o com o cumprimento de pena por tentativa de golpe de Estado (27 anos e 3 meses), mas se trata de uma medida cautelar.<\/p>\n\n\n\n<p>Mas o que foi que motivou a pris\u00e3o de Bolsonaro?<\/p>\n\n\n\n<p>De acordo com a decis\u00e3o de Moraes, a pris\u00e3o foi determinada por 2 motivos:<\/p>\n\n\n\n<pre class=\"wp-block-preformatted\"><strong>1\u00ba) A convoca\u00e7\u00e3o de uma vig\u00edlia em frente ao condom\u00ednio do ex-presidente, na noite de sexta-feira (21\/11\/25), pelo seu filho, o senador Fl\u00e1vio Bolsonaro (a vig\u00edlia seria um ato pol\u00edtico desestabilizador travestido de ora\u00e7\u00e3o);<\/strong><br><br><strong>2\u00ba) Tentativa de rompimento da tornozeleira eletr\u00f4nica. Bolsonaro admitiu que utilizou um ferro de solda para danificar a tornozeleira eletr\u00f4nica<\/strong><\/pre>\n\n\n\n<figure class=\"wp-block-pullquote\"><blockquote><p><\/p><cite><mark style=\"background-color:rgba(0, 0, 0, 0)\" class=\"has-inline-color has-black-color\">A pris\u00e3o de Bolsonaro foi motivada pela manuten\u00e7\u00e3o da ordem p\u00fablica e pelo risco elevado de fuga, evidenciada pela vig\u00edlia convocada pelo filho e pela tentativa de rompimento da tornozeleira eletr\u00f4nica.<\/mark><\/cite><\/blockquote><\/figure>\n\n\n\n<p>Segundo Moraes, a convoca\u00e7\u00e3o da vig\u00edlia \u201c<em>indica a poss\u00edvel tentativa de utiliza\u00e7\u00e3o de apoiadores<\/em>\u201d de Bolsonaro para \u201c<em>obstruir a fiscaliza\u00e7\u00e3o das medidas cautelares e da pris\u00e3o domiciliar<\/em>\u201d.<\/p>\n\n\n\n<p>O ministro fundamentou sua decis\u00e3o:<\/p>\n\n\n\n<pre class=\"wp-block-verse\">\u201cRememoro que o r\u00e9u, conforme apurado nestes autos, planejou, durante a investiga\u00e7\u00e3o que posteriormente resultou na sua condena\u00e7\u00e3o, a fuga para a embaixada da Argentina, por meio de solicita\u00e7\u00e3o de asilo pol\u00edtico...<br><br>A informa\u00e7\u00e3o constata a inten\u00e7\u00e3o do condenado de romper a tornozeleira eletr\u00f4nica para garantir \u00eaxito em sua fuga, facilitada pela confus\u00e3o causada pela manifesta\u00e7\u00e3o convocada por seu filho.\u201d<\/pre>\n\n\n\n<div class=\"wp-block-media-text is-stacked-on-mobile\" style=\"grid-template-columns:39% auto\"><figure class=\"wp-block-media-text__media\"><img decoding=\"async\" width=\"1024\" height=\"593\" src=\"https:\/\/cj.estrategia.com\/portal\/wp-content\/uploads\/2025\/11\/24144934\/bolsonaro_22-1024x593.png\" alt=\"Bolsonaro\" class=\"wp-image-164452 size-full\" srcset=\"https:\/\/cj.estrategia.com\/portal\/wp-content\/uploads\/2025\/11\/24144934\/bolsonaro_22-1024x593.png 1024w, https:\/\/cj.estrategia.com\/portal\/wp-content\/uploads\/2025\/11\/24144934\/bolsonaro_22-300x174.png 300w, https:\/\/cj.estrategia.com\/portal\/wp-content\/uploads\/2025\/11\/24144934\/bolsonaro_22-768x445.png 768w, https:\/\/cj.estrategia.com\/portal\/wp-content\/uploads\/2025\/11\/24144934\/bolsonaro_22-1536x890.png 1536w, https:\/\/cj.estrategia.com\/portal\/wp-content\/uploads\/2025\/11\/24144934\/bolsonaro_22-380x220.png 380w, https:\/\/cj.estrategia.com\/portal\/wp-content\/uploads\/2025\/11\/24144934\/bolsonaro_22-800x463.png 800w, https:\/\/cj.estrategia.com\/portal\/wp-content\/uploads\/2025\/11\/24144934\/bolsonaro_22-1160x672.png 1160w, https:\/\/cj.estrategia.com\/portal\/wp-content\/uploads\/2025\/11\/24144934\/bolsonaro_22-150x87.png 150w, https:\/\/cj.estrategia.com\/portal\/wp-content\/uploads\/2025\/11\/24144934\/bolsonaro_22.png 1835w\" sizes=\"(max-width: 1024px) 100vw, 1024px\" \/><\/figure><div class=\"wp-block-media-text__content\">\n<p>O curioso \u00e9 que Bolsonaro \u00e9 preso exatamente no dia 22, que \u00e9 o n\u00famero eleitoral do ex-presidente, o que revoltou grande parte dos seus aliados, que acusam o ministro de persegui\u00e7\u00e3o e sadismo.<\/p>\n<\/div><\/div>\n\n\n\n<p>Outro fundamento utilizado pelo ministro Moraes foi o de que outros tr\u00eas deputados, aliados de Bolsonaro, j\u00e1 haviam conseguido fugir do pa\u00eds: Alexandre Ramagem, Carla Zambelli e Eduardo Bolsonaro, o que refor\u00e7aria o risco de fuga do ex-presidente.<\/p>\n\n\n\n<p>Importante lembrar que Bolsonaro estava em pris\u00e3o domiciliar desde o dia 4 de agosto, em decorr\u00eancia do descumprimento de medidas cautelares impostas ao ex-presidente.<\/p>\n\n\n\n<p>A defesa do ex-presidente afirmaque Bolsonaro tem \u201cquadro cl\u00ednico grave\u201d, sofre de \u201cm\u00faltiplas comorbidades\u201d e que uma eventual transfer\u00eancia para o sistema prisional representaria \u201crisco concreto \u00e0 vida\u201d.<\/p>\n\n\n\n<p>Mas n\u00e3o adiantou: Bolsonaro foi detido por volta das 6h, n\u00e3o resistiu \u00e0 pris\u00e3o e foi levado para a Superintend\u00eancia da PF no Distrito Federal, onde ficar\u00e1 em uma &#8220;Sala de Estado&#8221;.<\/p>\n\n\n\n<h2 class=\"wp-block-heading\" id=\"h-analise-juridica\"><span id=\"analise-juridica\">An\u00e1lise jur\u00eddica<\/span><\/h2>\n\n\n\n<p>O \u00a76\u00ba do artigo 282, do CPP,indica que a pris\u00e3o preventiva deve ser tratada como \u201c<em>Ultima Ratio<\/em>\u201d, refor\u00e7ando o car\u00e1ter excepcional da pris\u00e3o cautelar:<\/p>\n\n\n\n<pre class=\"wp-block-preformatted\">\u00a7 6\u00ba A pris\u00e3o preventiva somente ser\u00e1 determinada quando n\u00e3o for cab\u00edvel a sua substitui\u00e7\u00e3o por outra medida cautelar, observado o art. 319 deste C\u00f3digo, e o n\u00e3o cabimento da substitui\u00e7\u00e3o por outra medida cautelar dever\u00e1 ser justificado de forma fundamentada nos elementos presentes do caso concreto, de forma individualizada.<\/pre>\n\n\n\n<p class=\"has-background\" style=\"background-color:#dddddd\">A pris\u00e3o preventiva \u00e9 uma medida cautelar pessoal, assim como a pris\u00e3o em flagrante (artigos\u202f301 e seguintes do CPP) e a pris\u00e3o tempor\u00e1ria (Lei 7.960\/89). Sua natureza \u00e9 provis\u00f3ria e instrumental, n\u00e3o se prestando a antecipar uma puni\u00e7\u00e3o.<\/p>\n\n\n\n<p>A pris\u00e3o cautelar n\u00e3o viola o princ\u00edpio constitucional da presun\u00e7\u00e3o de inoc\u00eancia, j\u00e1 que a pr\u00f3pria <strong><a href=\"https:\/\/www.estrategiaconcursos.com.br\/promocoes\/assinaturas-ecj\/\" target=\"_blank\" >Constitui\u00e7\u00e3o<\/a><\/strong> a admite, em seu artigo 5\u00ba, LXI.<\/p>\n\n\n\n<pre class=\"wp-block-preformatted\">CF\/88<br><br>LXI - ningu\u00e9m ser\u00e1 preso sen\u00e3o em flagrante delito <strong>ou por ordem escrita e fundamentada de autoridade judici\u00e1ria competente<\/strong>, salvo nos casos de transgress\u00e3o militar ou crime propriamente militar, definidos em lei;<\/pre>\n\n\n\n<p>A decreta\u00e7\u00e3o da pris\u00e3o preventiva n\u00e3o pode se dar de of\u00edcio, j\u00e1 que o Pacote Anticrime (Lei n\u00ba 13.964\/2019) trouxe a previs\u00e3o da necessidade de requerimento do MP, do querelante ou do assistente, ou por representante da autoridade policial, salvo a exce\u00e7\u00e3o do artigo 316, do CPP.<\/p>\n\n\n\n<p>Temos, ainda, que observar um ju\u00edzo de cautelaridade, ou seja, a an\u00e1lise da necessidade e adequa\u00e7\u00e3o da medida diante de riscos processuais concretos \u2014 como fuga, obstru\u00e7\u00e3o da justi\u00e7a ou reitera\u00e7\u00e3o criminosa.<\/p>\n\n\n\n<h3 class=\"wp-block-heading\" id=\"h-requisitos-da-prisao-preventiva-1\"><span id=\"requisitos-da-prisao-preventiva1\">Requisitos da pris\u00e3o preventiva<a id=\"_ftnref1\" href=\"#_ftn1\"><u>[1]<\/u><\/a><\/span><\/h3>\n\n\n\n<h4 class=\"wp-block-heading\" id=\"h-fumus-comissi-delicti\"><span id=\"fumus-comissi-delicti\"><em>Fumus comissi delicti<\/em><\/span><\/h4>\n\n\n\n<p>Conforme o artigo\u202f312 do CPP, exige-se prova da exist\u00eancia do crime e ind\u00edcios suficientes de autoria.<\/p>\n\n\n\n<pre class=\"wp-block-preformatted\">Art. 312. A pris\u00e3o preventiva poder\u00e1 ser decretada como garantia da ordem p\u00fablica, da ordem econ\u00f4mica, por conveni\u00eancia da instru\u00e7\u00e3o criminal ou para assegurar a aplica\u00e7\u00e3o da lei penal, quando houver prova da exist\u00eancia do crime e ind\u00edcio suficiente de autoria e de perigo gerado pelo estado de liberdade do imputado.<\/pre>\n\n\n\n<h4 class=\"wp-block-heading\" id=\"h-periculum-libertatis\"><span id=\"periculum-libertatis\"><em>Periculum libertatis<\/em><\/span><\/h4>\n\n\n\n<p>Esse risco, tamb\u00e9m previsto no artigo\u202f312, relaciona-se ao temor de evas\u00e3o do investigado.<\/p>\n\n\n\n<div class=\"wp-block-media-text is-stacked-on-mobile\" style=\"grid-template-columns:24% auto\"><figure class=\"wp-block-media-text__media\"><img decoding=\"async\" width=\"181\" height=\"257\" src=\"https:\/\/cj.estrategia.com\/portal\/wp-content\/uploads\/2025\/11\/24144324\/flavio-bolsonaro.png\" alt=\"Bolsonaro\" class=\"wp-image-164445 size-full\" srcset=\"https:\/\/cj.estrategia.com\/portal\/wp-content\/uploads\/2025\/11\/24144324\/flavio-bolsonaro.png 181w, https:\/\/cj.estrategia.com\/portal\/wp-content\/uploads\/2025\/11\/24144324\/flavio-bolsonaro-150x213.png 150w\" sizes=\"(max-width: 181px) 100vw, 181px\" \/><\/figure><div class=\"wp-block-media-text__content\">\n<p>No caso concreto, a vig\u00edlia convocada pelo senador Fl\u00e1vio Bolsonaro, aliada \u00e0 tentativa de rompimento de tornozeleira eletr\u00f4nica, justificaram a medida.<\/p>\n<\/div><\/div>\n\n\n\n<p>A postagem do ato teve o seguinte conte\u00fado:<\/p>\n\n\n\n<pre class=\"wp-block-preformatted\"><em>\u201cVamos invocar o Senhor dos Ex\u00e9rcitos! A ora\u00e7\u00e3o \u00e9 a verdadeira armadura do crist\u00e3o. \u00c9 por meio dela que vamos vencer as injusti\u00e7as, as lutas e todas as persegui\u00e7\u00f5es. Tenho um convite especial para voc\u00ea: assista ao v\u00eddeo at\u00e9 o final! VIG\u00cdLIA PELA SA\u00daDE DE BOLSONARO E PELA LIBERDADE NO BRASIL! S\u00e1bado, 22 de novembro, 19h, no bal\u00e3o do Jardim Bot\u00e2nico, na altura do condom\u00ednio Solar de Bras\u00edlia 2.\u201d<\/em><br><br><em>\u201cVoc\u00ea vai lutar pelo seu pa\u00eds ou assistir tudo do celular a\u00ed do sof\u00e1 da sua casa? Eu te convido para lutar com a gente. Nesse primeiro momento, a gente vai buscar o Senhor dos Ex\u00e9rcitos. Eu te convido para uma vig\u00edlia que come\u00e7a nesse s\u00e1bado, dia 22 de novembro, a partir das sete da noite, aqui no bal\u00e3o do Jardim Bot\u00e2nico, na altura do condom\u00ednio do meu pai, o Solar de Bras\u00edlia 2, pra orarmos pela sa\u00fade dele e pela volta da democracia no nosso pa\u00eds. Vamos pedir a Deus que aplique a sua justi\u00e7a aos que perseguem tanta gente inocente e ajudam os verdadeiros bandidos a se manterem no poder. N\u00e3o tem mal que dure para sempre e Deus fala na b\u00edblia que a escurid\u00e3o mais forte \u00e9 exatamente a que precede a chegada da luz. E, se o momento \u00e9 o mais dif\u00edcil para a gente, pode ter certeza que Deus est\u00e1 no comando de tudo e muito em breve a luz vai vencer as trevas. Ent\u00e3o, a luz nascer\u00e1 nas trevas e a tua escurid\u00e3o ser\u00e1 como o meio-dia, Isa\u00edas 58:10. Te espero l\u00e1, porque a gente n\u00e3o vai desistir do Brasil de jeito nenhum\u201d.<\/em><\/pre>\n\n\n\n<p>Moraes ressaltou que Fl\u00e1vio Bolsonaro \u201c<strong><em><mark style=\"background-color:rgba(0, 0, 0, 0)\" class=\"has-inline-color has-black-color\">faz uso do mesmo modus operandi, empregado pela organiza\u00e7\u00e3o criminosa que tentou um golpe de Estado no ano de 2022, utilizando a metodologia da mil\u00edcia digital para disseminar por m\u00faltiplos canais mensagens de ataque e \u00f3dio contra as institui\u00e7\u00f5es<\/mark><\/em><\/strong>\u201d.<\/p>\n\n\n\n<p>Para os defensores do ato, a vig\u00edlia tinha como \u00fanico objetivo ajudar Bolsonaro em ora\u00e7\u00e3o, sendo a pris\u00e3o, portanto, um verdadeiro absurdo.<\/p>\n\n\n\n<h4 class=\"wp-block-heading\" id=\"h-contemporaneidade\"><span id=\"contemporaneidade\">Contemporaneidade<\/span><\/h4>\n\n\n\n<p>Os fatos investigados s\u00e3o recentese, portanto, satisfazem o crit\u00e9rio de atualidade exigido pelas decis\u00f5es do STF sobre pris\u00f5es cautelares.<\/p>\n\n\n\n<pre class=\"wp-block-preformatted\">Art. 312...<br><br>\u00a7 2\u00ba A decis\u00e3o que decretar a pris\u00e3o preventiva deve ser motivada e fundamentada em receio de perigo e exist\u00eancia concreta de fatos novos ou contempor\u00e2neos que justifiquem a aplica\u00e7\u00e3o da medida adotada.<\/pre>\n\n\n\n<h4 class=\"wp-block-heading\" id=\"h-proporcionalidade\"><span id=\"proporcionalidade\">Proporcionalidade<\/span><\/h4>\n\n\n\n<p>A medida extrema da pris\u00e3o deve ser proporcional \u00e0 gravidade das acusa\u00e7\u00f5es. A proporcionalidade extrai-se a partir da quantidade de pena abstratamente cominada \u00e0 infra\u00e7\u00e3o ou infra\u00e7\u00f5es em tese praticadas.<\/p>\n\n\n\n<pre class=\"wp-block-preformatted\">Art. 313.&nbsp; Nos termos do art. 312 deste C\u00f3digo, ser\u00e1 admitida a decreta\u00e7\u00e3o da pris\u00e3o preventiva:\n\nI - nos crimes dolosos punidos com pena privativa de liberdade m\u00e1xima superior a 4 (quatro) anos;<\/pre>\n\n\n\n<h4 class=\"wp-block-heading\" id=\"h-insuficiencia-de-cautelares-diversas\"><span id=\"insuficiencia-de-cautelares-diversas\">Insufici\u00eancia de cautelares diversas<\/span><\/h4>\n\n\n\n<p>A ado\u00e7\u00e3o de pris\u00e3o preventiva exige a inefic\u00e1cia de medidas alternativas, como reten\u00e7\u00e3o de passaporte ou comparecimento peri\u00f3dico.<\/p>\n\n\n\n<pre class=\"wp-block-preformatted\">Art. 282<br><br>\u00a7 6\u00ba A pris\u00e3o preventiva somente ser\u00e1 determinada quando n\u00e3o for cab\u00edvel a sua substitui\u00e7\u00e3o por outra medida cautelar, observado o art. 319 deste C\u00f3digo, e o n\u00e3o cabimento da substitui\u00e7\u00e3o por outra medida cautelar dever\u00e1 ser justificado de forma fundamentada nos elementos presentes do caso concreto, de forma individualizada.<\/pre>\n\n\n\n<p>As <strong><mark style=\"background-color:rgba(0, 0, 0, 0)\" class=\"has-inline-color has-black-color\">medidas cautelares diversas da pris\u00e3o<\/mark><\/strong> s\u00e3o (artigo 319, do CPP):<\/p>\n\n\n\n<ul class=\"wp-block-list\">\n<li><strong>I &#8211; comparecimento peri\u00f3dico em ju\u00edzo, no prazo e nas condi\u00e7\u00f5es fixadas pelo juiz, para informar e justificar atividades;&nbsp;&nbsp;&nbsp;&nbsp;<\/strong><\/li>\n\n\n\n<li><strong>II &#8211; proibi\u00e7\u00e3o de acesso ou frequ\u00eancia a determinados lugares quando, por circunst\u00e2ncias relacionadas ao fato, deva o indiciado ou acusado permanecer distante desses locais para evitar o risco de novas infra\u00e7\u00f5es;&nbsp;&nbsp;&nbsp;&nbsp;&nbsp;&nbsp;&nbsp;&nbsp;&nbsp;<\/strong><\/li>\n\n\n\n<li><strong>III &#8211; proibi\u00e7\u00e3o de manter contato com pessoa determinada quando, por circunst\u00e2ncias relacionadas ao fato, deva o indiciado ou acusado dela permanecer distante;&nbsp;&nbsp;&nbsp;&nbsp;&nbsp;&nbsp;&nbsp;&nbsp;&nbsp;<\/strong><\/li>\n\n\n\n<li><strong>IV &#8211; proibi\u00e7\u00e3o de ausentar-se da Comarca quando a perman\u00eancia seja conveniente ou necess\u00e1ria para a investiga\u00e7\u00e3o ou instru\u00e7\u00e3o;&nbsp;&nbsp;&nbsp;&nbsp;&nbsp;&nbsp; &nbsp;&nbsp;&nbsp;&nbsp;<\/strong><\/li>\n\n\n\n<li><strong>V &#8211; recolhimento domiciliar no per\u00edodo noturno e nos dias de folga quando o investigado ou acusado tenha resid\u00eancia e trabalho fixos;&nbsp;&nbsp;&nbsp;&nbsp;&nbsp;&nbsp;&nbsp;&nbsp;<\/strong><\/li>\n\n\n\n<li><strong>VI &#8211; suspens\u00e3o do exerc\u00edcio de fun\u00e7\u00e3o p\u00fablica ou de atividade de natureza econ\u00f4mica ou financeira quando houver justo receio de sua utiliza\u00e7\u00e3o para a pr\u00e1tica de infra\u00e7\u00f5es penais;&nbsp;&nbsp;&nbsp;&nbsp;&nbsp;&nbsp;&nbsp;&nbsp;&nbsp;&nbsp;<\/strong><\/li>\n\n\n\n<li><strong>VII &#8211; interna\u00e7\u00e3o provis\u00f3ria do acusado nas hip\u00f3teses de crimes praticados com viol\u00eancia ou grave amea\u00e7a, quando os peritos conclu\u00edrem ser inimput\u00e1vel ou semi-imput\u00e1vel (art. 26 do C\u00f3digo Penal) e houver risco de reitera\u00e7\u00e3o;&nbsp;&nbsp;&nbsp;&nbsp;&nbsp;&nbsp;&nbsp;&nbsp;&nbsp;&nbsp;&nbsp;&nbsp;&nbsp;<\/strong><\/li>\n\n\n\n<li><strong>VIII &#8211; fian\u00e7a, nas infra\u00e7\u00f5es que a admitem, para assegurar o comparecimento a atos do processo, evitar a obstru\u00e7\u00e3o do seu andamento ou em caso de resist\u00eancia injustificada \u00e0 ordem judicial;&nbsp;&nbsp; &nbsp;&nbsp;&nbsp;&nbsp;&nbsp;&nbsp;&nbsp;&nbsp;&nbsp;&nbsp;<\/strong><\/li>\n\n\n\n<li><strong>IX &#8211; monitora\u00e7\u00e3o eletr\u00f4nica<\/strong>.&nbsp;&nbsp;&nbsp;&nbsp;<\/li>\n<\/ul>\n\n\n\n<p>A monitora\u00e7\u00e3o eletr\u00f4nica tem por objetivo inibir a fuga ou o descumprimento das medidas impostas ao r\u00e9u, e pode ser executada atrav\u00e9s de:<\/p>\n\n\n\n<ul class=\"wp-block-list is-style-cnvs-list-styled-positive\">\n<li><strong>Pulseira;<\/strong><\/li>\n\n\n\n<li><strong>Tornozeleira;<\/strong><\/li>\n\n\n\n<li><strong>Cinto; e<\/strong><\/li>\n\n\n\n<li><strong>Microchip<\/strong><\/li>\n<\/ul>\n\n\n\n<p>Como houve, segundo o ministro Moraes, tentativa de viola\u00e7\u00e3o da tornozeleira eletr\u00f4nica, foi necess\u00e1rio escalar para a medida de pris\u00e3o preventiva.&nbsp;<\/p>\n\n\n\n<figure class=\"wp-block-table\"><table class=\"has-fixed-layout\"><tbody><tr><td><strong><mark style=\"background-color:rgba(0, 0, 0, 0)\" class=\"has-inline-color has-black-color\">Cl\u00e1usula <em>rebus sic stantibus<\/em><\/mark><\/strong><br><br>A medida prisional sujeita-se \u00e0 cl\u00e1usula <em>rebus sic stantibus<\/em>. Uma vez alterada a situa\u00e7\u00e3o f\u00e1tica que ensejou o decreto prisional, a medida pode\/deve ser reavaliada.<\/td><\/tr><\/tbody><\/table><\/figure>\n\n\n\n<p>Assim, a revoga\u00e7\u00e3o posterior da pris\u00e3o atende ao artigo\u202f316 do CPP, que permite reavaliar medidas cautelares conforme a evolu\u00e7\u00e3o f\u00e1tica da investiga\u00e7\u00e3o. A revers\u00e3o indica que a situa\u00e7\u00e3o naquele momento n\u00e3o justificava a restri\u00e7\u00e3o da liberdade.<\/p>\n\n\n\n<pre class=\"wp-block-preformatted\">Art. 316. O juiz poder\u00e1, de of\u00edcio ou a pedido das partes, revogar a pris\u00e3o preventiva se, no correr da investiga\u00e7\u00e3o ou do processo, verificar a falta de motivo para que ela subsista, bem como novamente decret\u00e1-la, se sobrevierem raz\u00f5es que a justifiquem.<\/pre>\n\n\n\n<h2 class=\"wp-block-heading\" id=\"h-outras-medidas\"><span id=\"outras-medidas\">Outras medidas<\/span><\/h2>\n\n\n\n<p>Al\u00e9m da pris\u00e3o preventiva, Moraes determinou:<\/p>\n\n\n\n<p><strong>(a) a realiza\u00e7\u00e3o de AUDI\u00caNCIA DE CUST\u00d3DIA de JAIR MESSIAS BOLSONARO&#8230; por videoconfer\u00eancia, no dia 23\/11\/2025, \u00e0s 12h, na Superintend\u00eancia Regional da Pol\u00edcia Federal no Distrito Federal.<\/strong><\/p>\n\n\n\n<p><strong>(b) a disponibiliza\u00e7\u00e3o de atendimento m\u00e9dico em tempo integral ao r\u00e9u JAIR MESSIAS BOLSONARO, em regime de plant\u00e3o;<\/strong><\/p>\n\n\n\n<p><strong>(c) que todas as visitas dever\u00e3o ser previamente autorizadas por este SUPREMO TRIBUNAL FEDERAL, salvo dos advogados regularmente constitu\u00eddos e com procura\u00e7\u00e3o nos autos, bem como da equipe m\u00e9dica que acompanha o tratamento de sa\u00fade do r\u00e9u;<\/strong><\/p>\n\n\n\n<p><strong>(d) o cancelamento de todas as autoriza\u00e7\u00f5es de visitas deferidas ao r\u00e9u JAIR MESSIAS BOLSONARO nos autos da AP 2.668\/DF.<\/strong><\/p>\n\n\n\n<p>A defesa de Bolsonaro pediu a pris\u00e3o domiciliar humanit\u00e1ria do ex-presidente antes mesmo da decreta\u00e7\u00e3o da preventiva, mas o pedido restou prejudicado em decorr\u00eancia da decreta\u00e7\u00e3o da pris\u00e3o preventiva.<\/p>\n\n\n\n<p>A <strong><mark style=\"background-color:rgba(0, 0, 0, 0)\" class=\"has-inline-color has-black-color\">pris\u00e3o domiciliar humanit\u00e1ria<\/mark><\/strong> \u00e9 uma faculdade do juiz, e serve para substituir a pris\u00e3o preventiva. Ela n\u00e3o pode ser utilizada em substitui\u00e7\u00e3o \u00e0 pris\u00e3o tempor\u00e1ria nem \u00e0 pris\u00e3o em flagrante delito, e \u00e9 aplicada quando o agente for:<\/p>\n\n\n\n<p><strong>I \u2013 Maior de 80 (oitenta) anos;<\/strong><\/p>\n\n\n\n<p><strong>II \u2013 Extremamente debilitado por motivo de doen\u00e7a grave;<\/strong><\/p>\n\n\n\n<p><strong>III \u2013 Imprescind\u00edvel aos cuidados especiais de pessoa menor de 6 (seis) anos de idade ou com defici\u00eancia;<\/strong><\/p>\n\n\n\n<p><strong>IV \u2013 Gestante;<\/strong><\/p>\n\n\n\n<p><strong>V \u2013 Mulher com filho de at\u00e9 12 (doze) anos de idade incompletos;<\/strong><\/p>\n\n\n\n<p><strong>VI \u2013 Homem, caso seja o \u00fanico respons\u00e1vel pelos cuidados do filho de at\u00e9 12 (doze) anos de idade incompletos.<\/strong><\/p>\n\n\n\n<hr class=\"wp-block-separator has-alpha-channel-opacity\"\/>\n\n\n\n<p><a id=\"_ftn1\" href=\"#_ftnref1\">[1]<\/a>https:\/\/cj.estrategia.com\/portal\/prisao-preventiva-mauro-cid-fundamentos\/<\/p>\n\n\n\n<hr class=\"wp-block-separator has-alpha-channel-opacity\"\/>\n\n\n\n<h2 class=\"wp-block-heading has-text-align-center\" id=\"h-quer-saber-quais-serao-os-proximos-concursos\"><span id=\"quer-saber-quais-serao-os-proximos-concursos\">Quer saber quais ser\u00e3o os pr\u00f3ximos concursos?<\/span><\/h2>\n\n\n\n<pre class=\"wp-block-verse has-text-align-center\">Confira nossos&nbsp;<a href=\"https:\/\/cj.estrategia.com\/portal\/\" target=\"_blank\" >artigos para Carreiras Jur\u00eddicas<\/a>!<\/pre>\n\n\n\n<p class=\"has-text-align-center has-white-color has-pale-cyan-blue-background-color has-text-color has-background has-link-color wp-elements-723b3278bf14a50a5e7b7e937b9a17d4\"><a href=\"https:\/\/cj.estrategia.com\/portal\/concursos-abertos-carreiras-juridicas\/\">Concursos jur\u00eddicos abertos<\/a><\/p>\n\n\n\n<p class=\"has-text-align-center has-white-color has-pale-cyan-blue-background-color has-text-color has-background has-link-color wp-elements-41349f36dc977263ca2129bf0f6dd541\"><a href=\"https:\/\/cj.estrategia.com\/portal\/concursos-2025-carreiras-juridicas\/\" target=\"_blank\" >Concursos jur\u00eddicos 2025<\/a><\/p>\n","protected":false},"excerpt":{"rendered":"* Thiago de Paula Leite \u00e9 procurador do Estado de S\u00e3o Paulo e professor de direito ambiental e&hellip;\n","protected":false},"author":81,"featured_media":164470,"comment_status":"open","ping_status":"open","sticky":false,"template":"","format":"standard","meta":{"_jetpack_memberships_contains_paid_content":false,"footnotes":""},"categories":[1],"tags":[373,336,3824,2819,440,1533,2820,556,364,1030,134,1310],"tax_estado":[36],"class_list":{"0":"post-164437","1":"post","2":"type-post","3":"status-publish","4":"format-standard","5":"has-post-thumbnail","7":"category-carreiras-juridicas","8":"tag-alexandre-de-moraes","9":"tag-analise-juridica","10":"tag-clausula-rebus-sic-stantibus","11":"tag-fumus-comissi-delicti","12":"tag-jair-bolsonaro","13":"tag-medida-cautelar","14":"tag-periculum-libertatis","15":"tag-policia-federal","16":"tag-prisao","17":"tag-prisao-preventiva","18":"tag-stf","19":"tag-tornozeleira-eletronica","20":"tax_estado-concursos-federais"},"acf":[],"yoast_head":"<!-- This site is optimized with the Yoast SEO Premium plugin v27.4 (Yoast SEO v27.4) - https:\/\/yoast.com\/product\/yoast-seo-premium-wordpress\/ -->\n<title>Moraes decreta pris\u00e3o de Bolsonaro<\/title>\n<meta name=\"description\" content=\"A Pol\u00edcia Federal solicitou e o ministro Alexandre de Moraes, do STF, autorizou a pris\u00e3o preventiva do ex-presidente Jair Bolsonaro.\" \/>\n<meta name=\"robots\" content=\"index, follow, max-snippet:-1, max-image-preview:large, max-video-preview:-1\" \/>\n<link rel=\"canonical\" href=\"https:\/\/cj.estrategia.com\/portal\/moraes-decreta-prisao-de-bolsonaro\/\" \/>\n<meta property=\"og:locale\" content=\"pt_BR\" \/>\n<meta property=\"og:type\" content=\"article\" \/>\n<meta property=\"og:title\" content=\"Moraes decreta pris\u00e3o de Bolsonaro\" \/>\n<meta property=\"og:description\" content=\"A Pol\u00edcia Federal solicitou e o ministro Alexandre de Moraes, do STF, autorizou a pris\u00e3o preventiva do ex-presidente Jair Bolsonaro.\" \/>\n<meta property=\"og:url\" content=\"https:\/\/cj.estrategia.com\/portal\/moraes-decreta-prisao-de-bolsonaro\/\" \/>\n<meta property=\"og:site_name\" content=\"Blog - Carreiras Jur\u00eddicas - Estrat\u00e9gia\" \/>\n<meta property=\"article:publisher\" content=\"https:\/\/www.facebook.com\/estrategiacarreirajuridica\/\" \/>\n<meta property=\"article:published_time\" content=\"2025-11-24T18:09:29+00:00\" \/>\n<meta property=\"article:modified_time\" content=\"2025-11-26T17:25:55+00:00\" \/>\n<meta property=\"og:image\" content=\"https:\/\/cj.estrategia.com\/portal\/wp-content\/uploads\/2025\/11\/24150052\/bolsonaro-preso-1.png\" \/>\n\t<meta property=\"og:image:width\" content=\"524\" \/>\n\t<meta property=\"og:image:height\" content=\"493\" \/>\n\t<meta property=\"og:image:type\" content=\"image\/png\" \/>\n<meta name=\"author\" content=\"Thiago Leite\" \/>\n<meta name=\"twitter:card\" content=\"summary_large_image\" \/>\n<meta name=\"twitter:creator\" content=\"@EstratJuridica\" \/>\n<meta name=\"twitter:site\" content=\"@EstratJuridica\" \/>\n<meta name=\"twitter:label1\" content=\"Escrito por\" \/>\n\t<meta name=\"twitter:data1\" content=\"Thiago Leite\" \/>\n\t<meta name=\"twitter:label2\" content=\"Est. tempo de leitura\" \/>\n\t<meta name=\"twitter:data2\" content=\"8 minutos\" \/>\n<script type=\"application\/ld+json\" class=\"yoast-schema-graph\">{\"@context\":\"https:\\\/\\\/schema.org\",\"@graph\":[{\"@type\":\"NewsArticle\",\"@id\":\"https:\\\/\\\/cj.estrategia.com\\\/portal\\\/moraes-decreta-prisao-de-bolsonaro\\\/#article\",\"isPartOf\":{\"@id\":\"https:\\\/\\\/cj.estrategia.com\\\/portal\\\/moraes-decreta-prisao-de-bolsonaro\\\/\"},\"author\":{\"name\":\"Thiago Leite\",\"@id\":\"https:\\\/\\\/cj.estrategia.com\\\/portal\\\/#\\\/schema\\\/person\\\/7d7d2b1c8386e2eeacc0b09cfbc1d0ff\"},\"headline\":\"Moraes decreta pris\u00e3o de Bolsonaro\",\"datePublished\":\"2025-11-24T18:09:29+00:00\",\"dateModified\":\"2025-11-26T17:25:55+00:00\",\"mainEntityOfPage\":{\"@id\":\"https:\\\/\\\/cj.estrategia.com\\\/portal\\\/moraes-decreta-prisao-de-bolsonaro\\\/\"},\"wordCount\":1551,\"commentCount\":0,\"publisher\":{\"@id\":\"https:\\\/\\\/cj.estrategia.com\\\/portal\\\/#organization\"},\"image\":{\"@id\":\"https:\\\/\\\/cj.estrategia.com\\\/portal\\\/moraes-decreta-prisao-de-bolsonaro\\\/#primaryimage\"},\"thumbnailUrl\":\"https:\\\/\\\/cj.estrategia.com\\\/portal\\\/wp-content\\\/uploads\\\/2025\\\/11\\\/24150052\\\/bolsonaro-preso-1.png\",\"keywords\":[\"alexandre de moraes\",\"an\u00e1lise jur\u00eddica\",\"Cl\u00e1usula rebus sic stantibus\",\"fumus comissi delicti\",\"Jair Bolsonaro\",\"medida cautelar\",\"periculum libertatis\",\"pol\u00edcia federal\",\"pris\u00e3o\",\"pris\u00e3o preventiva\",\"STF\",\"tornozeleira eletr\u00f4nica\"],\"articleSection\":[\"Carreiras Jur\u00eddicas\"],\"inLanguage\":\"pt-BR\",\"potentialAction\":[{\"@type\":\"CommentAction\",\"name\":\"Comment\",\"target\":[\"https:\\\/\\\/cj.estrategia.com\\\/portal\\\/moraes-decreta-prisao-de-bolsonaro\\\/#respond\"]}]},{\"@type\":\"WebPage\",\"@id\":\"https:\\\/\\\/cj.estrategia.com\\\/portal\\\/moraes-decreta-prisao-de-bolsonaro\\\/\",\"url\":\"https:\\\/\\\/cj.estrategia.com\\\/portal\\\/moraes-decreta-prisao-de-bolsonaro\\\/\",\"name\":\"Moraes decreta pris\u00e3o de Bolsonaro\",\"isPartOf\":{\"@id\":\"https:\\\/\\\/cj.estrategia.com\\\/portal\\\/#website\"},\"primaryImageOfPage\":{\"@id\":\"https:\\\/\\\/cj.estrategia.com\\\/portal\\\/moraes-decreta-prisao-de-bolsonaro\\\/#primaryimage\"},\"image\":{\"@id\":\"https:\\\/\\\/cj.estrategia.com\\\/portal\\\/moraes-decreta-prisao-de-bolsonaro\\\/#primaryimage\"},\"thumbnailUrl\":\"https:\\\/\\\/cj.estrategia.com\\\/portal\\\/wp-content\\\/uploads\\\/2025\\\/11\\\/24150052\\\/bolsonaro-preso-1.png\",\"datePublished\":\"2025-11-24T18:09:29+00:00\",\"dateModified\":\"2025-11-26T17:25:55+00:00\",\"description\":\"A Pol\u00edcia Federal solicitou e o ministro Alexandre de Moraes, do STF, autorizou a pris\u00e3o preventiva do ex-presidente Jair Bolsonaro.\",\"breadcrumb\":{\"@id\":\"https:\\\/\\\/cj.estrategia.com\\\/portal\\\/moraes-decreta-prisao-de-bolsonaro\\\/#breadcrumb\"},\"inLanguage\":\"pt-BR\",\"potentialAction\":[{\"@type\":\"ReadAction\",\"target\":[\"https:\\\/\\\/cj.estrategia.com\\\/portal\\\/moraes-decreta-prisao-de-bolsonaro\\\/\"]}]},{\"@type\":\"ImageObject\",\"inLanguage\":\"pt-BR\",\"@id\":\"https:\\\/\\\/cj.estrategia.com\\\/portal\\\/moraes-decreta-prisao-de-bolsonaro\\\/#primaryimage\",\"url\":\"https:\\\/\\\/cj.estrategia.com\\\/portal\\\/wp-content\\\/uploads\\\/2025\\\/11\\\/24150052\\\/bolsonaro-preso-1.png\",\"contentUrl\":\"https:\\\/\\\/cj.estrategia.com\\\/portal\\\/wp-content\\\/uploads\\\/2025\\\/11\\\/24150052\\\/bolsonaro-preso-1.png\",\"width\":524,\"height\":493},{\"@type\":\"BreadcrumbList\",\"@id\":\"https:\\\/\\\/cj.estrategia.com\\\/portal\\\/moraes-decreta-prisao-de-bolsonaro\\\/#breadcrumb\",\"itemListElement\":[{\"@type\":\"ListItem\",\"position\":1,\"name\":\"In\u00edcio\",\"item\":\"https:\\\/\\\/cj.estrategia.com\\\/portal\\\/\"},{\"@type\":\"ListItem\",\"position\":2,\"name\":\"Moraes decreta pris\u00e3o de Bolsonaro\"}]},{\"@type\":\"WebSite\",\"@id\":\"https:\\\/\\\/cj.estrategia.com\\\/portal\\\/#website\",\"url\":\"https:\\\/\\\/cj.estrategia.com\\\/portal\\\/\",\"name\":\"Blog - Carreiras Jur\u00eddicas - Estrat\u00e9gia\",\"description\":\"\",\"publisher\":{\"@id\":\"https:\\\/\\\/cj.estrategia.com\\\/portal\\\/#organization\"},\"potentialAction\":[{\"@type\":\"SearchAction\",\"target\":{\"@type\":\"EntryPoint\",\"urlTemplate\":\"https:\\\/\\\/cj.estrategia.com\\\/portal\\\/?s={search_term_string}\"},\"query-input\":{\"@type\":\"PropertyValueSpecification\",\"valueRequired\":true,\"valueName\":\"search_term_string\"}}],\"inLanguage\":\"pt-BR\"},{\"@type\":\"Organization\",\"@id\":\"https:\\\/\\\/cj.estrategia.com\\\/portal\\\/#organization\",\"name\":\"Estrat\u00e9gia - Carreiras Jur\u00eddicas\",\"url\":\"https:\\\/\\\/cj.estrategia.com\\\/portal\\\/\",\"logo\":{\"@type\":\"ImageObject\",\"inLanguage\":\"pt-BR\",\"@id\":\"https:\\\/\\\/cj.estrategia.com\\\/portal\\\/#\\\/schema\\\/logo\\\/image\\\/\",\"url\":\"https:\\\/\\\/cj.estrategia.com\\\/portal\\\/wp-content\\\/uploads\\\/2022\\\/03\\\/11151052\\\/cj-logo.png\",\"contentUrl\":\"https:\\\/\\\/cj.estrategia.com\\\/portal\\\/wp-content\\\/uploads\\\/2022\\\/03\\\/11151052\\\/cj-logo.png\",\"width\":150,\"height\":39,\"caption\":\"Estrat\u00e9gia - Carreiras Jur\u00eddicas\"},\"image\":{\"@id\":\"https:\\\/\\\/cj.estrategia.com\\\/portal\\\/#\\\/schema\\\/logo\\\/image\\\/\"},\"sameAs\":[\"https:\\\/\\\/www.facebook.com\\\/estrategiacarreirajuridica\\\/\",\"https:\\\/\\\/x.com\\\/EstratJuridica\",\"https:\\\/\\\/www.instagram.com\\\/estrategiacarreirajuridica\\\/\",\"https:\\\/\\\/www.youtube.com\\\/channel\\\/UClbMGuYbj2Mh1m3w144ETWQ\"]},{\"@type\":\"Person\",\"@id\":\"https:\\\/\\\/cj.estrategia.com\\\/portal\\\/#\\\/schema\\\/person\\\/7d7d2b1c8386e2eeacc0b09cfbc1d0ff\",\"name\":\"Thiago Leite\",\"image\":{\"@type\":\"ImageObject\",\"inLanguage\":\"pt-BR\",\"@id\":\"https:\\\/\\\/secure.gravatar.com\\\/avatar\\\/15ff5746ff9e313f1248fe2373ce03309054e96387bb9249055458d0c1aaa297?s=96&d=mm&r=g\",\"url\":\"https:\\\/\\\/secure.gravatar.com\\\/avatar\\\/15ff5746ff9e313f1248fe2373ce03309054e96387bb9249055458d0c1aaa297?s=96&d=mm&r=g\",\"contentUrl\":\"https:\\\/\\\/secure.gravatar.com\\\/avatar\\\/15ff5746ff9e313f1248fe2373ce03309054e96387bb9249055458d0c1aaa297?s=96&d=mm&r=g\",\"caption\":\"Thiago Leite\"},\"description\":\"Thiago de Paula Leite \u00e9 procurador do Estado de S\u00e3o Paulo e professor de direito ambiental e agr\u00e1rio do Estrat\u00e9gia.\",\"url\":\"https:\\\/\\\/cj.estrategia.com\\\/portal\\\/author\\\/thiago-leite\\\/\"}]}<\/script>\n<!-- \/ Yoast SEO Premium plugin. -->","yoast_head_json":{"title":"Moraes decreta pris\u00e3o de Bolsonaro","description":"A Pol\u00edcia Federal solicitou e o ministro Alexandre de Moraes, do STF, autorizou a pris\u00e3o preventiva do ex-presidente Jair Bolsonaro.","robots":{"index":"index","follow":"follow","max-snippet":"max-snippet:-1","max-image-preview":"max-image-preview:large","max-video-preview":"max-video-preview:-1"},"canonical":"https:\/\/cj.estrategia.com\/portal\/moraes-decreta-prisao-de-bolsonaro\/","og_locale":"pt_BR","og_type":"article","og_title":"Moraes decreta pris\u00e3o de Bolsonaro","og_description":"A Pol\u00edcia Federal solicitou e o ministro Alexandre de Moraes, do STF, autorizou a pris\u00e3o preventiva do ex-presidente Jair Bolsonaro.","og_url":"https:\/\/cj.estrategia.com\/portal\/moraes-decreta-prisao-de-bolsonaro\/","og_site_name":"Blog - Carreiras Jur\u00eddicas - Estrat\u00e9gia","article_publisher":"https:\/\/www.facebook.com\/estrategiacarreirajuridica\/","article_published_time":"2025-11-24T18:09:29+00:00","article_modified_time":"2025-11-26T17:25:55+00:00","og_image":[{"width":524,"height":493,"url":"https:\/\/cj.estrategia.com\/portal\/wp-content\/uploads\/2025\/11\/24150052\/bolsonaro-preso-1.png","type":"image\/png"}],"author":"Thiago Leite","twitter_card":"summary_large_image","twitter_creator":"@EstratJuridica","twitter_site":"@EstratJuridica","twitter_misc":{"Escrito por":"Thiago Leite","Est. tempo de leitura":"8 minutos"},"schema":{"@context":"https:\/\/schema.org","@graph":[{"@type":"NewsArticle","@id":"https:\/\/cj.estrategia.com\/portal\/moraes-decreta-prisao-de-bolsonaro\/#article","isPartOf":{"@id":"https:\/\/cj.estrategia.com\/portal\/moraes-decreta-prisao-de-bolsonaro\/"},"author":{"name":"Thiago Leite","@id":"https:\/\/cj.estrategia.com\/portal\/#\/schema\/person\/7d7d2b1c8386e2eeacc0b09cfbc1d0ff"},"headline":"Moraes decreta pris\u00e3o de Bolsonaro","datePublished":"2025-11-24T18:09:29+00:00","dateModified":"2025-11-26T17:25:55+00:00","mainEntityOfPage":{"@id":"https:\/\/cj.estrategia.com\/portal\/moraes-decreta-prisao-de-bolsonaro\/"},"wordCount":1551,"commentCount":0,"publisher":{"@id":"https:\/\/cj.estrategia.com\/portal\/#organization"},"image":{"@id":"https:\/\/cj.estrategia.com\/portal\/moraes-decreta-prisao-de-bolsonaro\/#primaryimage"},"thumbnailUrl":"https:\/\/cj.estrategia.com\/portal\/wp-content\/uploads\/2025\/11\/24150052\/bolsonaro-preso-1.png","keywords":["alexandre de moraes","an\u00e1lise jur\u00eddica","Cl\u00e1usula rebus sic stantibus","fumus comissi delicti","Jair Bolsonaro","medida cautelar","periculum libertatis","pol\u00edcia federal","pris\u00e3o","pris\u00e3o preventiva","STF","tornozeleira eletr\u00f4nica"],"articleSection":["Carreiras Jur\u00eddicas"],"inLanguage":"pt-BR","potentialAction":[{"@type":"CommentAction","name":"Comment","target":["https:\/\/cj.estrategia.com\/portal\/moraes-decreta-prisao-de-bolsonaro\/#respond"]}]},{"@type":"WebPage","@id":"https:\/\/cj.estrategia.com\/portal\/moraes-decreta-prisao-de-bolsonaro\/","url":"https:\/\/cj.estrategia.com\/portal\/moraes-decreta-prisao-de-bolsonaro\/","name":"Moraes decreta pris\u00e3o de Bolsonaro","isPartOf":{"@id":"https:\/\/cj.estrategia.com\/portal\/#website"},"primaryImageOfPage":{"@id":"https:\/\/cj.estrategia.com\/portal\/moraes-decreta-prisao-de-bolsonaro\/#primaryimage"},"image":{"@id":"https:\/\/cj.estrategia.com\/portal\/moraes-decreta-prisao-de-bolsonaro\/#primaryimage"},"thumbnailUrl":"https:\/\/cj.estrategia.com\/portal\/wp-content\/uploads\/2025\/11\/24150052\/bolsonaro-preso-1.png","datePublished":"2025-11-24T18:09:29+00:00","dateModified":"2025-11-26T17:25:55+00:00","description":"A Pol\u00edcia Federal solicitou e o ministro Alexandre de Moraes, do STF, autorizou a pris\u00e3o preventiva do ex-presidente Jair Bolsonaro.","breadcrumb":{"@id":"https:\/\/cj.estrategia.com\/portal\/moraes-decreta-prisao-de-bolsonaro\/#breadcrumb"},"inLanguage":"pt-BR","potentialAction":[{"@type":"ReadAction","target":["https:\/\/cj.estrategia.com\/portal\/moraes-decreta-prisao-de-bolsonaro\/"]}]},{"@type":"ImageObject","inLanguage":"pt-BR","@id":"https:\/\/cj.estrategia.com\/portal\/moraes-decreta-prisao-de-bolsonaro\/#primaryimage","url":"https:\/\/cj.estrategia.com\/portal\/wp-content\/uploads\/2025\/11\/24150052\/bolsonaro-preso-1.png","contentUrl":"https:\/\/cj.estrategia.com\/portal\/wp-content\/uploads\/2025\/11\/24150052\/bolsonaro-preso-1.png","width":524,"height":493},{"@type":"BreadcrumbList","@id":"https:\/\/cj.estrategia.com\/portal\/moraes-decreta-prisao-de-bolsonaro\/#breadcrumb","itemListElement":[{"@type":"ListItem","position":1,"name":"In\u00edcio","item":"https:\/\/cj.estrategia.com\/portal\/"},{"@type":"ListItem","position":2,"name":"Moraes decreta pris\u00e3o de Bolsonaro"}]},{"@type":"WebSite","@id":"https:\/\/cj.estrategia.com\/portal\/#website","url":"https:\/\/cj.estrategia.com\/portal\/","name":"Blog - Carreiras Jur\u00eddicas - Estrat\u00e9gia","description":"","publisher":{"@id":"https:\/\/cj.estrategia.com\/portal\/#organization"},"potentialAction":[{"@type":"SearchAction","target":{"@type":"EntryPoint","urlTemplate":"https:\/\/cj.estrategia.com\/portal\/?s={search_term_string}"},"query-input":{"@type":"PropertyValueSpecification","valueRequired":true,"valueName":"search_term_string"}}],"inLanguage":"pt-BR"},{"@type":"Organization","@id":"https:\/\/cj.estrategia.com\/portal\/#organization","name":"Estrat\u00e9gia - Carreiras Jur\u00eddicas","url":"https:\/\/cj.estrategia.com\/portal\/","logo":{"@type":"ImageObject","inLanguage":"pt-BR","@id":"https:\/\/cj.estrategia.com\/portal\/#\/schema\/logo\/image\/","url":"https:\/\/cj.estrategia.com\/portal\/wp-content\/uploads\/2022\/03\/11151052\/cj-logo.png","contentUrl":"https:\/\/cj.estrategia.com\/portal\/wp-content\/uploads\/2022\/03\/11151052\/cj-logo.png","width":150,"height":39,"caption":"Estrat\u00e9gia - Carreiras Jur\u00eddicas"},"image":{"@id":"https:\/\/cj.estrategia.com\/portal\/#\/schema\/logo\/image\/"},"sameAs":["https:\/\/www.facebook.com\/estrategiacarreirajuridica\/","https:\/\/x.com\/EstratJuridica","https:\/\/www.instagram.com\/estrategiacarreirajuridica\/","https:\/\/www.youtube.com\/channel\/UClbMGuYbj2Mh1m3w144ETWQ"]},{"@type":"Person","@id":"https:\/\/cj.estrategia.com\/portal\/#\/schema\/person\/7d7d2b1c8386e2eeacc0b09cfbc1d0ff","name":"Thiago Leite","image":{"@type":"ImageObject","inLanguage":"pt-BR","@id":"https:\/\/secure.gravatar.com\/avatar\/15ff5746ff9e313f1248fe2373ce03309054e96387bb9249055458d0c1aaa297?s=96&d=mm&r=g","url":"https:\/\/secure.gravatar.com\/avatar\/15ff5746ff9e313f1248fe2373ce03309054e96387bb9249055458d0c1aaa297?s=96&d=mm&r=g","contentUrl":"https:\/\/secure.gravatar.com\/avatar\/15ff5746ff9e313f1248fe2373ce03309054e96387bb9249055458d0c1aaa297?s=96&d=mm&r=g","caption":"Thiago Leite"},"description":"Thiago de Paula Leite \u00e9 procurador do Estado de S\u00e3o Paulo e professor de direito ambiental e agr\u00e1rio do Estrat\u00e9gia.","url":"https:\/\/cj.estrategia.com\/portal\/author\/thiago-leite\/"}]}},"jetpack_featured_media_url":"https:\/\/cj.estrategia.com\/portal\/wp-content\/uploads\/2025\/11\/24150052\/bolsonaro-preso-1.png","jetpack_sharing_enabled":true,"_links":{"self":[{"href":"https:\/\/cj.estrategia.com\/portal\/wp-json\/wp\/v2\/posts\/164437","targetHints":{"allow":["GET"]}}],"collection":[{"href":"https:\/\/cj.estrategia.com\/portal\/wp-json\/wp\/v2\/posts"}],"about":[{"href":"https:\/\/cj.estrategia.com\/portal\/wp-json\/wp\/v2\/types\/post"}],"author":[{"embeddable":true,"href":"https:\/\/cj.estrategia.com\/portal\/wp-json\/wp\/v2\/users\/81"}],"replies":[{"embeddable":true,"href":"https:\/\/cj.estrategia.com\/portal\/wp-json\/wp\/v2\/comments?post=164437"}],"version-history":[{"count":3,"href":"https:\/\/cj.estrategia.com\/portal\/wp-json\/wp\/v2\/posts\/164437\/revisions"}],"predecessor-version":[{"id":164915,"href":"https:\/\/cj.estrategia.com\/portal\/wp-json\/wp\/v2\/posts\/164437\/revisions\/164915"}],"wp:featuredmedia":[{"embeddable":true,"href":"https:\/\/cj.estrategia.com\/portal\/wp-json\/wp\/v2\/media\/164470"}],"wp:attachment":[{"href":"https:\/\/cj.estrategia.com\/portal\/wp-json\/wp\/v2\/media?parent=164437"}],"wp:term":[{"taxonomy":"category","embeddable":true,"href":"https:\/\/cj.estrategia.com\/portal\/wp-json\/wp\/v2\/categories?post=164437"},{"taxonomy":"post_tag","embeddable":true,"href":"https:\/\/cj.estrategia.com\/portal\/wp-json\/wp\/v2\/tags?post=164437"},{"taxonomy":"tax_estado","embeddable":true,"href":"https:\/\/cj.estrategia.com\/portal\/wp-json\/wp\/v2\/tax_estado?post=164437"}],"curies":[{"name":"wp","href":"https:\/\/api.w.org\/{rel}","templated":true}]}}