{"id":164251,"date":"2025-11-23T16:00:00","date_gmt":"2025-11-23T19:00:00","guid":{"rendered":"https:\/\/cj.estrategia.com\/portal\/?p=164251"},"modified":"2025-11-22T11:28:40","modified_gmt":"2025-11-22T14:28:40","slug":"intensivo-direito-digital-para-a-alerj-procurador","status":"publish","type":"post","link":"https:\/\/cj.estrategia.com\/portal\/intensivo-direito-digital-para-a-alerj-procurador\/","title":{"rendered":"Intensivo &#8211; Direito Digital para a ALERJ (Procurador)"},"content":{"rendered":"\n<p>O <strong>Estrat\u00e9gia Carreiras Jur\u00eddicas<\/strong> lan\u00e7ar\u00e1, nesta <strong>segunda-feira (24)<\/strong>, o curso <strong>&#8220;Intensivo &#8211; Direito Digital para a ALERJ (Procurador)&#8221;<\/strong>, a partir das <strong>19h<\/strong>.<\/p>\n\n\n\n<p>Ao todo, ser\u00e3o <strong>sete encontros<\/strong>, cada um com <strong>dura\u00e7\u00e3o de 1h30<\/strong>. As aulas abarcar\u00e3o temas como <strong>&#8220;Fundamento do Direito Digital&#8221;<\/strong>, <strong>&#8220;Compliance Digital e Auditoria&#8221;<\/strong> e <strong>&#8220;Crimes Digitais: Leis de Crimes Cibern\u00e9ticos&#8221;<\/strong>.<\/p>\n\n\n\n<h2 class=\"wp-block-heading has-text-align-center has-luminous-vivid-orange-to-vivid-red-gradient-background has-background\" id=\"h-confira-abaixo-o-curso-e-acesse-nosso-canal-no-youtube\"><span id=\"confira-abaixo-o-curso-e-acesse-nosso-canal-no-youtube\">Confira abaixo o curso e acesse nosso\u00a0<a href=\"https:\/\/www.youtube.com\/c\/Estrat%C3%A9giaCarreiraJur%C3%ADdica\/streams\" target=\"_blank\" ><mark style=\"background-color:rgba(0, 0, 0, 0)\" class=\"has-inline-color has-white-color\">canal no YouTube<\/mark><\/a>!<\/span><\/h2>\n\n\n\n<figure class=\"wp-block-embed is-type-video is-provider-youtube wp-block-embed-youtube wp-embed-aspect-4-3 wp-has-aspect-ratio\"><div class=\"wp-block-embed__wrapper\">\n<div class=\"cs-embed cs-embed-responsive\"><iframe title=\"Curso Intensivo: Direito Digital para a ALERJ (Procurador): Direito Digital - Profa. Juliana Sampaio\" width=\"1200\" height=\"900\" src=\"https:\/\/www.youtube.com\/embed\/KYTnA0SeC6g?feature=oembed\" frameborder=\"0\" allow=\"accelerometer; autoplay; clipboard-write; encrypted-media; gyroscope; picture-in-picture; web-share\" referrerpolicy=\"strict-origin-when-cross-origin\" allowfullscreen><\/iframe><\/div>\n<\/div><\/figure>\n\n\n\n<div class=\"container\" id=\"boxes\">\r\n  <div class=\"row\">\r\n\r\n    <div class=\"col-sm\">\r\n      <div class=\"banner-estrategia-concursos-juridicos\" id=\"box-assinatura\">\r\n        <h2 id=\"curso-para-procurador-ale-rj\" class=\"titulo-assinatura\"><span style=\"color: #ffffff; font-size: 23px; \">Curso para Procurador ALE RJ<\/span><\/h2>\r\n        <p class=\"subtitulo-assinatura\">Cursos focados no edital do concurso<\/p>\r\n        <div class=\"box-botao\">\r\n          <a class=\"btn-assinatura-juridica\" target=\"_blank\" href=\"https:\/\/cj.estrategia.com\/cursos\/home\" role=\"button\" rel=\"noopener noreferrer\">Conhe\u00e7a mais<\/a>\r\n        <\/div>\r\n      <\/div>\r\n      <p class=\"texto-auxiliar\">Prepare-se com o melhor material e com quem mais aprova em concursos em todo o pa\u00eds. \r\n<\/p>\r\n    <\/div>\r\n\r\n  <\/div>\r\n<\/div>\n\n\n\n<h2 class=\"wp-block-heading\" id=\"h-disciplinas-e-assuntos-abordados-em-direito-digital\"><span id=\"disciplinas-e-assuntos-abordados-em-direito-digital\">Disciplinas e assuntos abordados em Direito Digital<\/span><\/h2>\n\n\n\n<figure class=\"wp-block-table is-style-stripes\"><table class=\"has-very-light-gray-to-cyan-bluish-gray-gradient-background has-background\"><thead><tr><th class=\"has-text-align-center\" data-align=\"center\"><strong>Disciplina<\/strong><\/th><th class=\"has-text-align-center\" data-align=\"center\"><strong>Professor<\/strong><\/th><th class=\"has-text-align-center\" data-align=\"center\"><strong>Assunto<\/strong><\/th><\/tr><\/thead><tbody><tr><td class=\"has-text-align-center\" data-align=\"center\">Direito Digital<\/td><td class=\"has-text-align-center\" data-align=\"center\">Juliana Lins<\/td><td class=\"has-text-align-center\" data-align=\"center\">1. Fundamentos do Direito Digital. Conceito e Evolu\u00e7\u00e3o Hist\u00f3rica: Defini\u00e7\u00e3o e alcance do Direito Digital; Ramo do direito que regula as rela\u00e7\u00f5es jur\u00eddicas no ambiente digital; Interface com o direito constitucional, civil, penal e administrativo; Evolu\u00e7\u00e3o da regulamenta\u00e7\u00e3o no Brasil e no mundo.<\/td><\/tr><tr><td class=\"has-text-align-center\" data-align=\"center\">Direito Digital<\/td><td class=\"has-text-align-center\" data-align=\"center\">Juliana Lins<\/td><td class=\"has-text-align-center\" data-align=\"center\">4. Compet\u00eancia da ALERJ em Mat\u00e9ria de Prote\u00e7\u00e3o de Dados. Legisla\u00e7\u00e3o estadual complementar; normas estaduais de prote\u00e7\u00e3o de dados; fiscaliza\u00e7\u00e3o do tratamento de dados no \u00e2mbito do RJ; atua\u00e7\u00e3o do Procurador Legislativo; an\u00e1lise de conformidade com a LGPD.<\/td><\/tr><tr><td class=\"has-text-align-center\" data-align=\"center\">Direito Digital<\/td><td class=\"has-text-align-center\" data-align=\"center\">Juliana Lins<\/td><td class=\"has-text-align-center\" data-align=\"center\">9. Intelig\u00eancia Artificial e Direito: Marco Legal; PL 21\/2020; princ\u00edpios \u00e9ticos; responsabilidade civil; aloca\u00e7\u00e3o de riscos; IA no setor p\u00fablico; limites constitucionais; contradit\u00f3rio e ampla defesa; transpar\u00eancia algor\u00edtmica.<\/td><\/tr><tr><td class=\"has-text-align-center\" data-align=\"center\">Direito Digital<\/td><td class=\"has-text-align-center\" data-align=\"center\">Juliana Lins<\/td><td class=\"has-text-align-center\" data-align=\"center\">10. Compliance Digital e Auditoria: programas de compliance; mapeamento de obriga\u00e7\u00f5es; controles internos; due diligence; riscos jur\u00eddicos; auditoria LGPD; relat\u00f3rios de conformidade; seguran\u00e7a da informa\u00e7\u00e3o; continuidade de neg\u00f3cios.<\/td><\/tr><tr><td class=\"has-text-align-center\" data-align=\"center\">Direito Digital<\/td><td class=\"has-text-align-center\" data-align=\"center\">Juliana Lins<\/td><td class=\"has-text-align-center\" data-align=\"center\">12. Legisla\u00e7\u00e3o da ALERJ em mat\u00e9ria digital: sess\u00f5es remotas; atos digitais; seguran\u00e7a da informa\u00e7\u00e3o; gest\u00e3o de riscos; atribui\u00e7\u00f5es do Procurador Legislativo; pareceres; contratos de tecnologia; lit\u00edgios digitais.<\/td><\/tr><tr><td class=\"has-text-align-center\" data-align=\"center\">Direito Digital<\/td><td class=\"has-text-align-center\" data-align=\"center\">Ivan Morais<\/td><td class=\"has-text-align-center\" data-align=\"center\">6. Crimes Digitais: Leis 12.737\/2012 e 14.155\/2021; invas\u00e3o de dispositivo; perturba\u00e7\u00e3o de servi\u00e7os; falsifica\u00e7\u00e3o de cart\u00e3o; crimes contra a Administra\u00e7\u00e3o; crimes contra a honra; responsabilidade civil e penal; direito ao esquecimento; remo\u00e7\u00e3o de conte\u00fado.<\/td><\/tr><tr><td class=\"has-text-align-center\" data-align=\"center\">Direito Digital<\/td><td class=\"has-text-align-center\" data-align=\"center\">Paulo Victor<\/td><td class=\"has-text-align-center\" data-align=\"center\">5. Contrata\u00e7\u00f5es P\u00fablicas Digitais: Lei 14.133\/2021; preg\u00e3o eletr\u00f4nico; certifica\u00e7\u00e3o digital; seguran\u00e7a jur\u00eddica; preserva\u00e7\u00e3o digital; contratos de TI; software; nuvem; cl\u00e1usulas essenciais (PI, confidencialidade, SLA, seguran\u00e7a).<\/td><\/tr><\/tbody><\/table><\/figure>\n\n\n\n<p class=\"has-text-align-center has-luminous-vivid-amber-to-luminous-vivid-orange-gradient-background has-background\"><strong>Saiba mais:<\/strong> <a href=\"https:\/\/cj.estrategia.com\/portal\/concurso-procurador-ale-rj\/\">Concurso Procurad<\/a><a href=\"https:\/\/cj.estrategia.com\/portal\/concurso-procurador-ale-rj\/\" target=\"_blank\" >o<\/a><a href=\"https:\/\/cj.estrategia.com\/portal\/concurso-procurador-ale-rj\/\">r ALERJ<\/a><\/p>\n\n\n\n<h2 class=\"wp-block-heading\" id=\"h-quer-saber-tudo-sobre-concursos-previstos-confira-nossos-artigos\"><span id=\"quer-saber-tudo-sobre-concursos-previstosconfira-nossos-artigos\">Quer saber tudo sobre concursos previstos?<br><strong>Confira nossos artigos!<\/strong><\/span><\/h2>\n\n\n\n<ul class=\"wp-block-list\">\n<li><a href=\"https:\/\/cj.estrategia.com\/portal\/concursos-abertos-carreiras-juridicas\/\">Concursos jur\u00eddicos abertos<\/a><\/li>\n\n\n\n<li><a href=\"https:\/\/cj.estrategia.com\/portal\/concursos-2025-carreiras-juridicas\/\">Concursos jur\u00eddicos 2025<\/a><\/li>\n\n\n\n<li><a href=\"https:\/\/cj.estrategia.com\/portal\/concursos-procuradorias\/\">Concursos Procuradorias<\/a><\/li>\n<\/ul>\n\n\n\n<h2 class=\"wp-block-heading has-text-align-left\" id=\"curso\"><span id=\"cursos-e-assinaturas\">CURSOS E ASSINATURAS<\/span><\/h2>\n\n\n\n<div class=\"container\" id=\"boxes\">\r\n  <div class=\"row\">\r\n\r\n    <div class=\"col-sm\">\r\n      <div class=\"banner-estrategia-concursos-juridicos\" id=\"box-assinatura\">\r\n        <h2 id=\"curso-para-procurador-ale-rj-2\" class=\"titulo-assinatura\"><span style=\"color: #ffffff; font-size: 23px; \">Curso para Procurador ALE RJ<\/span><\/h2>\r\n        <p class=\"subtitulo-assinatura\">Cursos focados no edital do concurso<\/p>\r\n        <div class=\"box-botao\">\r\n          <a class=\"btn-assinatura-juridica\" target=\"_blank\" href=\"https:\/\/cj.estrategia.com\/cursos\/home\" role=\"button\" rel=\"noopener noreferrer\">Conhe\u00e7a mais<\/a>\r\n        <\/div>\r\n      <\/div>\r\n      <p class=\"texto-auxiliar\">Prepare-se com o melhor material e com quem mais aprova em concursos em todo o pa\u00eds. \r\n<\/p>\r\n    <\/div>\r\n\r\n  <\/div>\r\n<\/div>\n\n\n\n<div class=\"wp-block-cover\" style=\"min-height:155px;aspect-ratio:unset;\"><img decoding=\"async\" width=\"1890\" height=\"351\" class=\"wp-block-cover__image-background wp-image-8669\" alt=\"Assinaturas Jur\u00eddicas\" src=\"https:\/\/cj.estrategia.com\/portal\/wp-content\/uploads\/2022\/06\/20151253\/concurso-carreiras-juridicas-assinatura-juridica.jpg\" style=\"object-position:78% 43%\" data-object-fit=\"cover\" data-object-position=\"78% 43%\" srcset=\"https:\/\/cj.estrategia.com\/portal\/wp-content\/uploads\/2022\/06\/20151253\/concurso-carreiras-juridicas-assinatura-juridica.jpg 1890w, https:\/\/cj.estrategia.com\/portal\/wp-content\/uploads\/2022\/06\/20151253\/concurso-carreiras-juridicas-assinatura-juridica-300x56.jpg 300w, https:\/\/cj.estrategia.com\/portal\/wp-content\/uploads\/2022\/06\/20151253\/concurso-carreiras-juridicas-assinatura-juridica-1024x190.jpg 1024w, https:\/\/cj.estrategia.com\/portal\/wp-content\/uploads\/2022\/06\/20151253\/concurso-carreiras-juridicas-assinatura-juridica-768x143.jpg 768w, https:\/\/cj.estrategia.com\/portal\/wp-content\/uploads\/2022\/06\/20151253\/concurso-carreiras-juridicas-assinatura-juridica-1536x285.jpg 1536w, https:\/\/cj.estrategia.com\/portal\/wp-content\/uploads\/2022\/06\/20151253\/concurso-carreiras-juridicas-assinatura-juridica-380x71.jpg 380w, https:\/\/cj.estrategia.com\/portal\/wp-content\/uploads\/2022\/06\/20151253\/concurso-carreiras-juridicas-assinatura-juridica-800x149.jpg 800w, https:\/\/cj.estrategia.com\/portal\/wp-content\/uploads\/2022\/06\/20151253\/concurso-carreiras-juridicas-assinatura-juridica-1160x215.jpg 1160w\" sizes=\"(max-width: 1890px) 100vw, 1890px\" \/><span aria-hidden=\"true\" class=\"wp-block-cover__background has-background-dim\"><\/span><div class=\"wp-block-cover__inner-container is-layout-flow wp-block-cover-is-layout-flow\">\n<h3 id=\"faca-a-sua-assinatura\" class=\"titulo-assinatura\"><span style=\"color: #ffffff;\">Fa\u00e7a a sua assinatura!<\/span><\/h3>\n<p class=\"subtitulo-assinatura\" style=\"display:block!important; line-height: 0;\"><span style=\"color: #ffffff;\">Escolha a sua \u00e1rea.<\/span><\/p>\n<a target=\"_blank\" href=\"https:\/\/www.estrategiaconcursos.com.br\/assinaturas-ecj\/\" rel=\"noopener\"><button style=\"border-radius: 10px; text-transform: capitalize;\">Acessar<\/button><\/a>\n<\/div><\/div>\n\n\n\n<p><\/p>\n\n\n\n<p><\/p>\n","protected":false},"excerpt":{"rendered":"O Estrat\u00e9gia Carreiras Jur\u00eddicas lan\u00e7ar\u00e1, nesta segunda-feira (24), o curso &#8220;Intensivo &#8211; Direito Digital para a ALERJ (Procurador)&#8221;,&hellip;\n","protected":false},"author":162,"featured_media":20782,"comment_status":"open","ping_status":"open","sticky":false,"template":"","format":"standard","meta":{"_jetpack_memberships_contains_paid_content":false,"footnotes":""},"categories":[24],"tags":[],"tax_estado":[49],"class_list":{"0":"post-164251","1":"post","2":"type-post","3":"status-publish","4":"format-standard","5":"has-post-thumbnail","7":"category-procuradoria","8":"tax_estado-rj"},"acf":[],"yoast_head":"<!-- This site is optimized with the Yoast SEO Premium plugin v27.4 (Yoast SEO v27.4) - https:\/\/yoast.com\/product\/yoast-seo-premium-wordpress\/ -->\n<title>Intensivo - Direito Digital para a ALERJ (Procurador)<\/title>\n<meta name=\"description\" content=\"Descubra os detalhes do Intensivo - Direito Digital para a ALERJ (Procurador) e amplie seus conhecimentos em crimes digitais.\" \/>\n<meta name=\"robots\" content=\"index, follow, max-snippet:-1, max-image-preview:large, max-video-preview:-1\" \/>\n<link rel=\"canonical\" href=\"https:\/\/cj.estrategia.com\/portal\/intensivo-direito-digital-para-a-alerj-procurador\/\" \/>\n<meta property=\"og:locale\" content=\"pt_BR\" \/>\n<meta property=\"og:type\" content=\"article\" \/>\n<meta property=\"og:title\" content=\"Intensivo - Direito Digital para a ALERJ (Procurador)\" \/>\n<meta property=\"og:description\" content=\"Descubra os detalhes do Intensivo - Direito Digital para a ALERJ (Procurador) e amplie seus conhecimentos em crimes digitais.\" \/>\n<meta property=\"og:url\" content=\"https:\/\/cj.estrategia.com\/portal\/intensivo-direito-digital-para-a-alerj-procurador\/\" \/>\n<meta property=\"og:site_name\" content=\"Blog - Carreiras Jur\u00eddicas - Estrat\u00e9gia\" \/>\n<meta property=\"article:publisher\" content=\"https:\/\/www.facebook.com\/estrategiacarreirajuridica\/\" \/>\n<meta property=\"article:published_time\" content=\"2025-11-23T19:00:00+00:00\" \/>\n<meta property=\"og:image\" content=\"https:\/\/cj.estrategia.com\/portal\/wp-content\/uploads\/2022\/09\/04102635\/Concursos-Procuradorias.jpg\" \/>\n\t<meta property=\"og:image:width\" content=\"768\" \/>\n\t<meta property=\"og:image:height\" content=\"432\" \/>\n\t<meta property=\"og:image:type\" content=\"image\/jpeg\" \/>\n<meta name=\"author\" content=\"Jos\u00e9 Ferreira\" \/>\n<meta name=\"twitter:card\" content=\"summary_large_image\" \/>\n<meta name=\"twitter:creator\" content=\"@EstratJuridica\" \/>\n<meta name=\"twitter:site\" content=\"@EstratJuridica\" \/>\n<meta name=\"twitter:label1\" content=\"Escrito por\" \/>\n\t<meta name=\"twitter:data1\" content=\"Jos\u00e9 Ferreira\" \/>\n\t<meta name=\"twitter:label2\" content=\"Est. tempo de leitura\" \/>\n\t<meta name=\"twitter:data2\" content=\"3 minutos\" \/>\n<script type=\"application\/ld+json\" class=\"yoast-schema-graph\">{\"@context\":\"https:\\\/\\\/schema.org\",\"@graph\":[{\"@type\":\"NewsArticle\",\"@id\":\"https:\\\/\\\/cj.estrategia.com\\\/portal\\\/intensivo-direito-digital-para-a-alerj-procurador\\\/#article\",\"isPartOf\":{\"@id\":\"https:\\\/\\\/cj.estrategia.com\\\/portal\\\/intensivo-direito-digital-para-a-alerj-procurador\\\/\"},\"author\":{\"name\":\"Jos\u00e9 Ferreira\",\"@id\":\"https:\\\/\\\/cj.estrategia.com\\\/portal\\\/#\\\/schema\\\/person\\\/4caf0099c42d736f2aade723f309f690\"},\"headline\":\"Intensivo &#8211; Direito Digital para a ALERJ (Procurador)\",\"datePublished\":\"2025-11-23T19:00:00+00:00\",\"mainEntityOfPage\":{\"@id\":\"https:\\\/\\\/cj.estrategia.com\\\/portal\\\/intensivo-direito-digital-para-a-alerj-procurador\\\/\"},\"wordCount\":480,\"commentCount\":0,\"publisher\":{\"@id\":\"https:\\\/\\\/cj.estrategia.com\\\/portal\\\/#organization\"},\"image\":{\"@id\":\"https:\\\/\\\/cj.estrategia.com\\\/portal\\\/intensivo-direito-digital-para-a-alerj-procurador\\\/#primaryimage\"},\"thumbnailUrl\":\"https:\\\/\\\/cj.estrategia.com\\\/portal\\\/wp-content\\\/uploads\\\/2022\\\/09\\\/04102635\\\/Concursos-Procuradorias.jpg\",\"articleSection\":[\"Procuradoria\"],\"inLanguage\":\"pt-BR\",\"potentialAction\":[{\"@type\":\"CommentAction\",\"name\":\"Comment\",\"target\":[\"https:\\\/\\\/cj.estrategia.com\\\/portal\\\/intensivo-direito-digital-para-a-alerj-procurador\\\/#respond\"]}]},{\"@type\":\"WebPage\",\"@id\":\"https:\\\/\\\/cj.estrategia.com\\\/portal\\\/intensivo-direito-digital-para-a-alerj-procurador\\\/\",\"url\":\"https:\\\/\\\/cj.estrategia.com\\\/portal\\\/intensivo-direito-digital-para-a-alerj-procurador\\\/\",\"name\":\"Intensivo - Direito Digital para a ALERJ (Procurador)\",\"isPartOf\":{\"@id\":\"https:\\\/\\\/cj.estrategia.com\\\/portal\\\/#website\"},\"primaryImageOfPage\":{\"@id\":\"https:\\\/\\\/cj.estrategia.com\\\/portal\\\/intensivo-direito-digital-para-a-alerj-procurador\\\/#primaryimage\"},\"image\":{\"@id\":\"https:\\\/\\\/cj.estrategia.com\\\/portal\\\/intensivo-direito-digital-para-a-alerj-procurador\\\/#primaryimage\"},\"thumbnailUrl\":\"https:\\\/\\\/cj.estrategia.com\\\/portal\\\/wp-content\\\/uploads\\\/2022\\\/09\\\/04102635\\\/Concursos-Procuradorias.jpg\",\"datePublished\":\"2025-11-23T19:00:00+00:00\",\"description\":\"Descubra os detalhes do Intensivo - Direito Digital para a ALERJ (Procurador) e amplie seus conhecimentos em crimes digitais.\",\"breadcrumb\":{\"@id\":\"https:\\\/\\\/cj.estrategia.com\\\/portal\\\/intensivo-direito-digital-para-a-alerj-procurador\\\/#breadcrumb\"},\"inLanguage\":\"pt-BR\",\"potentialAction\":[{\"@type\":\"ReadAction\",\"target\":[\"https:\\\/\\\/cj.estrategia.com\\\/portal\\\/intensivo-direito-digital-para-a-alerj-procurador\\\/\"]}]},{\"@type\":\"ImageObject\",\"inLanguage\":\"pt-BR\",\"@id\":\"https:\\\/\\\/cj.estrategia.com\\\/portal\\\/intensivo-direito-digital-para-a-alerj-procurador\\\/#primaryimage\",\"url\":\"https:\\\/\\\/cj.estrategia.com\\\/portal\\\/wp-content\\\/uploads\\\/2022\\\/09\\\/04102635\\\/Concursos-Procuradorias.jpg\",\"contentUrl\":\"https:\\\/\\\/cj.estrategia.com\\\/portal\\\/wp-content\\\/uploads\\\/2022\\\/09\\\/04102635\\\/Concursos-Procuradorias.jpg\",\"width\":768,\"height\":432,\"caption\":\"Concurso de procuradorias\"},{\"@type\":\"BreadcrumbList\",\"@id\":\"https:\\\/\\\/cj.estrategia.com\\\/portal\\\/intensivo-direito-digital-para-a-alerj-procurador\\\/#breadcrumb\",\"itemListElement\":[{\"@type\":\"ListItem\",\"position\":1,\"name\":\"In\u00edcio\",\"item\":\"https:\\\/\\\/cj.estrategia.com\\\/portal\\\/\"},{\"@type\":\"ListItem\",\"position\":2,\"name\":\"Intensivo &#8211; Direito Digital para a ALERJ (Procurador)\"}]},{\"@type\":\"WebSite\",\"@id\":\"https:\\\/\\\/cj.estrategia.com\\\/portal\\\/#website\",\"url\":\"https:\\\/\\\/cj.estrategia.com\\\/portal\\\/\",\"name\":\"Blog - Carreiras Jur\u00eddicas - Estrat\u00e9gia\",\"description\":\"\",\"publisher\":{\"@id\":\"https:\\\/\\\/cj.estrategia.com\\\/portal\\\/#organization\"},\"potentialAction\":[{\"@type\":\"SearchAction\",\"target\":{\"@type\":\"EntryPoint\",\"urlTemplate\":\"https:\\\/\\\/cj.estrategia.com\\\/portal\\\/?s={search_term_string}\"},\"query-input\":{\"@type\":\"PropertyValueSpecification\",\"valueRequired\":true,\"valueName\":\"search_term_string\"}}],\"inLanguage\":\"pt-BR\"},{\"@type\":\"Organization\",\"@id\":\"https:\\\/\\\/cj.estrategia.com\\\/portal\\\/#organization\",\"name\":\"Estrat\u00e9gia - Carreiras Jur\u00eddicas\",\"url\":\"https:\\\/\\\/cj.estrategia.com\\\/portal\\\/\",\"logo\":{\"@type\":\"ImageObject\",\"inLanguage\":\"pt-BR\",\"@id\":\"https:\\\/\\\/cj.estrategia.com\\\/portal\\\/#\\\/schema\\\/logo\\\/image\\\/\",\"url\":\"https:\\\/\\\/cj.estrategia.com\\\/portal\\\/wp-content\\\/uploads\\\/2022\\\/03\\\/11151052\\\/cj-logo.png\",\"contentUrl\":\"https:\\\/\\\/cj.estrategia.com\\\/portal\\\/wp-content\\\/uploads\\\/2022\\\/03\\\/11151052\\\/cj-logo.png\",\"width\":150,\"height\":39,\"caption\":\"Estrat\u00e9gia - Carreiras Jur\u00eddicas\"},\"image\":{\"@id\":\"https:\\\/\\\/cj.estrategia.com\\\/portal\\\/#\\\/schema\\\/logo\\\/image\\\/\"},\"sameAs\":[\"https:\\\/\\\/www.facebook.com\\\/estrategiacarreirajuridica\\\/\",\"https:\\\/\\\/x.com\\\/EstratJuridica\",\"https:\\\/\\\/www.instagram.com\\\/estrategiacarreirajuridica\\\/\",\"https:\\\/\\\/www.youtube.com\\\/channel\\\/UClbMGuYbj2Mh1m3w144ETWQ\"]},{\"@type\":\"Person\",\"@id\":\"https:\\\/\\\/cj.estrategia.com\\\/portal\\\/#\\\/schema\\\/person\\\/4caf0099c42d736f2aade723f309f690\",\"name\":\"Jos\u00e9 Ferreira\",\"image\":{\"@type\":\"ImageObject\",\"inLanguage\":\"pt-BR\",\"@id\":\"https:\\\/\\\/cj.estrategia.com\\\/portal\\\/wp-content\\\/uploads\\\/2025\\\/04\\\/18142237\\\/jose-ferreira-navarro-analista-de-conteudo-jornalismo-carreiras-juridicas-96x96.png\",\"url\":\"https:\\\/\\\/cj.estrategia.com\\\/portal\\\/wp-content\\\/uploads\\\/2025\\\/04\\\/18142237\\\/jose-ferreira-navarro-analista-de-conteudo-jornalismo-carreiras-juridicas-96x96.png\",\"contentUrl\":\"https:\\\/\\\/cj.estrategia.com\\\/portal\\\/wp-content\\\/uploads\\\/2025\\\/04\\\/18142237\\\/jose-ferreira-navarro-analista-de-conteudo-jornalismo-carreiras-juridicas-96x96.png\",\"caption\":\"Jos\u00e9 Ferreira\"},\"description\":\"Analista de conte\u00fado na equipe de Jornalismo, atua com SEO e estrat\u00e9gia para desenvolver conte\u00fados relevantes e de alta qualidade voltados para OAB e para o universo de Concursos Jur\u00eddicos.\",\"url\":\"https:\\\/\\\/cj.estrategia.com\\\/portal\\\/author\\\/jose-navarro-de-andrade-cintra-ferreira\\\/\"}]}<\/script>\n<!-- \/ Yoast SEO Premium plugin. -->","yoast_head_json":{"title":"Intensivo - Direito Digital para a ALERJ (Procurador)","description":"Descubra os detalhes do Intensivo - Direito Digital para a ALERJ (Procurador) e amplie seus conhecimentos em crimes digitais.","robots":{"index":"index","follow":"follow","max-snippet":"max-snippet:-1","max-image-preview":"max-image-preview:large","max-video-preview":"max-video-preview:-1"},"canonical":"https:\/\/cj.estrategia.com\/portal\/intensivo-direito-digital-para-a-alerj-procurador\/","og_locale":"pt_BR","og_type":"article","og_title":"Intensivo - Direito Digital para a ALERJ (Procurador)","og_description":"Descubra os detalhes do Intensivo - Direito Digital para a ALERJ (Procurador) e amplie seus conhecimentos em crimes digitais.","og_url":"https:\/\/cj.estrategia.com\/portal\/intensivo-direito-digital-para-a-alerj-procurador\/","og_site_name":"Blog - Carreiras Jur\u00eddicas - Estrat\u00e9gia","article_publisher":"https:\/\/www.facebook.com\/estrategiacarreirajuridica\/","article_published_time":"2025-11-23T19:00:00+00:00","og_image":[{"width":768,"height":432,"url":"https:\/\/cj.estrategia.com\/portal\/wp-content\/uploads\/2022\/09\/04102635\/Concursos-Procuradorias.jpg","type":"image\/jpeg"}],"author":"Jos\u00e9 Ferreira","twitter_card":"summary_large_image","twitter_creator":"@EstratJuridica","twitter_site":"@EstratJuridica","twitter_misc":{"Escrito por":"Jos\u00e9 Ferreira","Est. tempo de leitura":"3 minutos"},"schema":{"@context":"https:\/\/schema.org","@graph":[{"@type":"NewsArticle","@id":"https:\/\/cj.estrategia.com\/portal\/intensivo-direito-digital-para-a-alerj-procurador\/#article","isPartOf":{"@id":"https:\/\/cj.estrategia.com\/portal\/intensivo-direito-digital-para-a-alerj-procurador\/"},"author":{"name":"Jos\u00e9 Ferreira","@id":"https:\/\/cj.estrategia.com\/portal\/#\/schema\/person\/4caf0099c42d736f2aade723f309f690"},"headline":"Intensivo &#8211; Direito Digital para a ALERJ (Procurador)","datePublished":"2025-11-23T19:00:00+00:00","mainEntityOfPage":{"@id":"https:\/\/cj.estrategia.com\/portal\/intensivo-direito-digital-para-a-alerj-procurador\/"},"wordCount":480,"commentCount":0,"publisher":{"@id":"https:\/\/cj.estrategia.com\/portal\/#organization"},"image":{"@id":"https:\/\/cj.estrategia.com\/portal\/intensivo-direito-digital-para-a-alerj-procurador\/#primaryimage"},"thumbnailUrl":"https:\/\/cj.estrategia.com\/portal\/wp-content\/uploads\/2022\/09\/04102635\/Concursos-Procuradorias.jpg","articleSection":["Procuradoria"],"inLanguage":"pt-BR","potentialAction":[{"@type":"CommentAction","name":"Comment","target":["https:\/\/cj.estrategia.com\/portal\/intensivo-direito-digital-para-a-alerj-procurador\/#respond"]}]},{"@type":"WebPage","@id":"https:\/\/cj.estrategia.com\/portal\/intensivo-direito-digital-para-a-alerj-procurador\/","url":"https:\/\/cj.estrategia.com\/portal\/intensivo-direito-digital-para-a-alerj-procurador\/","name":"Intensivo - Direito Digital para a ALERJ (Procurador)","isPartOf":{"@id":"https:\/\/cj.estrategia.com\/portal\/#website"},"primaryImageOfPage":{"@id":"https:\/\/cj.estrategia.com\/portal\/intensivo-direito-digital-para-a-alerj-procurador\/#primaryimage"},"image":{"@id":"https:\/\/cj.estrategia.com\/portal\/intensivo-direito-digital-para-a-alerj-procurador\/#primaryimage"},"thumbnailUrl":"https:\/\/cj.estrategia.com\/portal\/wp-content\/uploads\/2022\/09\/04102635\/Concursos-Procuradorias.jpg","datePublished":"2025-11-23T19:00:00+00:00","description":"Descubra os detalhes do Intensivo - Direito Digital para a ALERJ (Procurador) e amplie seus conhecimentos em crimes digitais.","breadcrumb":{"@id":"https:\/\/cj.estrategia.com\/portal\/intensivo-direito-digital-para-a-alerj-procurador\/#breadcrumb"},"inLanguage":"pt-BR","potentialAction":[{"@type":"ReadAction","target":["https:\/\/cj.estrategia.com\/portal\/intensivo-direito-digital-para-a-alerj-procurador\/"]}]},{"@type":"ImageObject","inLanguage":"pt-BR","@id":"https:\/\/cj.estrategia.com\/portal\/intensivo-direito-digital-para-a-alerj-procurador\/#primaryimage","url":"https:\/\/cj.estrategia.com\/portal\/wp-content\/uploads\/2022\/09\/04102635\/Concursos-Procuradorias.jpg","contentUrl":"https:\/\/cj.estrategia.com\/portal\/wp-content\/uploads\/2022\/09\/04102635\/Concursos-Procuradorias.jpg","width":768,"height":432,"caption":"Concurso de procuradorias"},{"@type":"BreadcrumbList","@id":"https:\/\/cj.estrategia.com\/portal\/intensivo-direito-digital-para-a-alerj-procurador\/#breadcrumb","itemListElement":[{"@type":"ListItem","position":1,"name":"In\u00edcio","item":"https:\/\/cj.estrategia.com\/portal\/"},{"@type":"ListItem","position":2,"name":"Intensivo &#8211; Direito Digital para a ALERJ (Procurador)"}]},{"@type":"WebSite","@id":"https:\/\/cj.estrategia.com\/portal\/#website","url":"https:\/\/cj.estrategia.com\/portal\/","name":"Blog - Carreiras Jur\u00eddicas - Estrat\u00e9gia","description":"","publisher":{"@id":"https:\/\/cj.estrategia.com\/portal\/#organization"},"potentialAction":[{"@type":"SearchAction","target":{"@type":"EntryPoint","urlTemplate":"https:\/\/cj.estrategia.com\/portal\/?s={search_term_string}"},"query-input":{"@type":"PropertyValueSpecification","valueRequired":true,"valueName":"search_term_string"}}],"inLanguage":"pt-BR"},{"@type":"Organization","@id":"https:\/\/cj.estrategia.com\/portal\/#organization","name":"Estrat\u00e9gia - Carreiras Jur\u00eddicas","url":"https:\/\/cj.estrategia.com\/portal\/","logo":{"@type":"ImageObject","inLanguage":"pt-BR","@id":"https:\/\/cj.estrategia.com\/portal\/#\/schema\/logo\/image\/","url":"https:\/\/cj.estrategia.com\/portal\/wp-content\/uploads\/2022\/03\/11151052\/cj-logo.png","contentUrl":"https:\/\/cj.estrategia.com\/portal\/wp-content\/uploads\/2022\/03\/11151052\/cj-logo.png","width":150,"height":39,"caption":"Estrat\u00e9gia - Carreiras Jur\u00eddicas"},"image":{"@id":"https:\/\/cj.estrategia.com\/portal\/#\/schema\/logo\/image\/"},"sameAs":["https:\/\/www.facebook.com\/estrategiacarreirajuridica\/","https:\/\/x.com\/EstratJuridica","https:\/\/www.instagram.com\/estrategiacarreirajuridica\/","https:\/\/www.youtube.com\/channel\/UClbMGuYbj2Mh1m3w144ETWQ"]},{"@type":"Person","@id":"https:\/\/cj.estrategia.com\/portal\/#\/schema\/person\/4caf0099c42d736f2aade723f309f690","name":"Jos\u00e9 Ferreira","image":{"@type":"ImageObject","inLanguage":"pt-BR","@id":"https:\/\/cj.estrategia.com\/portal\/wp-content\/uploads\/2025\/04\/18142237\/jose-ferreira-navarro-analista-de-conteudo-jornalismo-carreiras-juridicas-96x96.png","url":"https:\/\/cj.estrategia.com\/portal\/wp-content\/uploads\/2025\/04\/18142237\/jose-ferreira-navarro-analista-de-conteudo-jornalismo-carreiras-juridicas-96x96.png","contentUrl":"https:\/\/cj.estrategia.com\/portal\/wp-content\/uploads\/2025\/04\/18142237\/jose-ferreira-navarro-analista-de-conteudo-jornalismo-carreiras-juridicas-96x96.png","caption":"Jos\u00e9 Ferreira"},"description":"Analista de conte\u00fado na equipe de Jornalismo, atua com SEO e estrat\u00e9gia para desenvolver conte\u00fados relevantes e de alta qualidade voltados para OAB e para o universo de Concursos Jur\u00eddicos.","url":"https:\/\/cj.estrategia.com\/portal\/author\/jose-navarro-de-andrade-cintra-ferreira\/"}]}},"jetpack_featured_media_url":"https:\/\/cj.estrategia.com\/portal\/wp-content\/uploads\/2022\/09\/04102635\/Concursos-Procuradorias.jpg","jetpack_sharing_enabled":true,"_links":{"self":[{"href":"https:\/\/cj.estrategia.com\/portal\/wp-json\/wp\/v2\/posts\/164251","targetHints":{"allow":["GET"]}}],"collection":[{"href":"https:\/\/cj.estrategia.com\/portal\/wp-json\/wp\/v2\/posts"}],"about":[{"href":"https:\/\/cj.estrategia.com\/portal\/wp-json\/wp\/v2\/types\/post"}],"author":[{"embeddable":true,"href":"https:\/\/cj.estrategia.com\/portal\/wp-json\/wp\/v2\/users\/162"}],"replies":[{"embeddable":true,"href":"https:\/\/cj.estrategia.com\/portal\/wp-json\/wp\/v2\/comments?post=164251"}],"version-history":[{"count":4,"href":"https:\/\/cj.estrategia.com\/portal\/wp-json\/wp\/v2\/posts\/164251\/revisions"}],"predecessor-version":[{"id":164256,"href":"https:\/\/cj.estrategia.com\/portal\/wp-json\/wp\/v2\/posts\/164251\/revisions\/164256"}],"wp:featuredmedia":[{"embeddable":true,"href":"https:\/\/cj.estrategia.com\/portal\/wp-json\/wp\/v2\/media\/20782"}],"wp:attachment":[{"href":"https:\/\/cj.estrategia.com\/portal\/wp-json\/wp\/v2\/media?parent=164251"}],"wp:term":[{"taxonomy":"category","embeddable":true,"href":"https:\/\/cj.estrategia.com\/portal\/wp-json\/wp\/v2\/categories?post=164251"},{"taxonomy":"post_tag","embeddable":true,"href":"https:\/\/cj.estrategia.com\/portal\/wp-json\/wp\/v2\/tags?post=164251"},{"taxonomy":"tax_estado","embeddable":true,"href":"https:\/\/cj.estrategia.com\/portal\/wp-json\/wp\/v2\/tax_estado?post=164251"}],"curies":[{"name":"wp","href":"https:\/\/api.w.org\/{rel}","templated":true}]}}