{"id":163475,"date":"2025-11-18T09:30:18","date_gmt":"2025-11-18T12:30:18","guid":{"rendered":"https:\/\/cj.estrategia.com\/portal\/?p=163475"},"modified":"2025-11-18T10:50:31","modified_gmt":"2025-11-18T13:50:31","slug":"concurso-procurador-tcdf-veja-o-resultado-final-do-certame","status":"publish","type":"post","link":"https:\/\/cj.estrategia.com\/portal\/concurso-procurador-tcdf-veja-o-resultado-final-do-certame\/","title":{"rendered":"Concurso Procurador TCDF: veja o resultado final do certame"},"content":{"rendered":"\n<p>O Cebraspe, banca respons\u00e1vel pela organiza\u00e7\u00e3o do <strong>Concurso Procurador TCDF, <\/strong>divulgou o <strong>resultado final do certame. <\/strong>Confira o documento:<\/p>\n\n\n\n<p class=\"has-text-align-center\"><strong><a href=\"https:\/\/cj.estrategia.com\/portal\/wp-content\/uploads\/2025\/11\/18092358\/titulos-tcdf-procurador.pdf\" target=\"_blank\" >RESULTADO FINAL DO CERTAME<\/a><\/strong><\/p>\n\n\n\n<p>A sele\u00e7\u00e3o ofertou <strong>uma vaga imediata mais forma\u00e7\u00e3o de cadastro reserva<\/strong> para o cargo de <strong>Procurador<\/strong>, com <strong>remunera\u00e7\u00e3o inicial de R$37.731,80<\/strong><\/p>\n\n\n\n<h2 class=\"wp-block-heading\" id=\"h-resumo-do-concurso\"><span id=\"resumo-do-concurso\">Resumo do concurso:<\/span><\/h2>\n\n\n\n<ul class=\"wp-block-list\">\n<li><strong>Banca organizadora:<\/strong> Cebraspe<\/li>\n\n\n\n<li><strong>\u00d3rg\u00e3o:<\/strong>  Tribunal de Contas do Distrito Federal<\/li>\n\n\n\n<li><strong>Cargo:<\/strong> Procurador <\/li>\n\n\n\n<li><strong>Vagas:<\/strong> 1 + CR<\/li>\n\n\n\n<li><strong>Escolaridade:<\/strong> Superior em Direito + Experi\u00eancia profissional de no m\u00ednimo 03 anos<\/li>\n\n\n\n<li><strong>Remunera\u00e7\u00e3o:<\/strong> R$37.731,80<\/li>\n\n\n\n<li><strong>Fase atual:<\/strong> Resultado final divulgado<\/li>\n<\/ul>\n\n\n\n<h2 class=\"wp-block-heading\" id=\"h-requisitos-do-cargo\"><span id=\"requisitos-do-cargo\">Requisitos do cargo<\/span><\/h2>\n\n\n\n<p>Os candidatos dever\u00e3o apresentar diploma, devidamente registrado, de conclus\u00e3o de curso de bacharelado em Direito, fornecido por institui\u00e7\u00e3o de ensino superior reconhecida pelo Minist\u00e9rio da Educa\u00e7\u00e3o (MEC), e, no m\u00ednimo, tr\u00eas anos de atividade jur\u00eddica, desempenhada exclusivamente ap\u00f3s a obten\u00e7\u00e3o do grau de bacharel em Direito, de acordo com as disposi\u00e7\u00f5es contidas nos arts. 43 e 44 da Resolu\u00e7\u00e3o n\u00ba 109, de 16 de maio de 2011, do Conselho Superior do MPDFT. <\/p>\n\n\n\n<ul class=\"wp-block-list\">\n<li>Efetivo exerc\u00edcio da advocacia, com participa\u00e7\u00e3o anual m\u00ednima em pelo menos 5 atos privativos de Advogado, em causa e quest\u00f5es distintas;<\/li>\n\n\n\n<li>Exerc\u00edcio do cargo, empregou ou fun\u00e7\u00e3o que exija a utiliza\u00e7\u00e3o preponderante de conhecimentos jur\u00eddicos;<\/li>\n\n\n\n<li>Exerc\u00edcio da fun\u00e7\u00e3o de conciliador junto ao Poder Judici\u00e1rio de pelo menos 16 horas mensais por 1 ano;<\/li>\n\n\n\n<li>Exerc\u00edcio de media\u00e7\u00e3o ou arbitragem na composi\u00e7\u00e3o de lit\u00edgios por  16 horas mensais por 1 ano;<\/li>\n\n\n\n<li>Um ano para p\u00f3s-gradua\u00e7\u00e3o latu-senso em Direito (360h + TCC);<\/li>\n\n\n\n<li>Dois anos para Mestrado em Direito;<\/li>\n\n\n\n<li>Tr\u00eas ano para Doutorado em Direito.<\/li>\n<\/ul>\n\n\n\n<h3 id=\"atividades-do-cargo\" class=\"wp-block-heading\"> Atividades do cargo<\/h3>\n\n\n\n<p>Exercer as fun\u00e7\u00f5es t\u00edpicas de membro do Minist\u00e9rio P\u00fablico, tais como de guarda da lei e fiscal de sua execu\u00e7\u00e3o, fiscalizar a correta aplica\u00e7\u00e3o dos recursos p\u00fablicos, participar de sess\u00f5es do Tribunal de Contas do Distrito Federal.<\/p>\n\n\n\n<p class=\"has-text-align-center\"><em>Fique por dentro de outros detalhes do certame:<\/em><\/p>\n\n\n\n<p class=\"has-text-align-center has-luminous-vivid-amber-to-luminous-vivid-orange-gradient-background has-background\"><a href=\"https:\/\/cj.estrategia.com\/portal\/concurso-procurador-tcdf\/\">Concurso Procurador TCDF<\/a><\/p>\n\n\n\n<h2 class=\"wp-block-heading\" id=\"h-quer-saber-tudo-sobre-concursos-previstos-confira-nossos-artigos\"><span id=\"quer-saber-tudo-sobre-concursos-previstosconfira-nossos-artigos\">Quer saber tudo sobre concursos previstos?<br><strong>Confira nossos artigos!<\/strong><\/span><\/h2>\n\n\n\n<ul class=\"wp-block-list\">\n<li><a href=\"https:\/\/cj.estrategia.com\/portal\/concursos-abertos-carreiras-juridicas\/\" target=\"_blank\" >Concursos jur\u00eddicos abertos<\/a><\/li>\n\n\n\n<li><a href=\"https:\/\/cj.estrategia.com\/portal\/concursos-2025-carreiras-juridicas\/\" target=\"_blank\" >Concursos jur\u00eddicos 2025<\/a><\/li>\n\n\n\n<li><a href=\"https:\/\/cj.estrategia.com\/portal\/concursos-procuradorias\/\">Concurso procuradorias <\/a><\/li>\n<\/ul>\n\n\n\n<h2 class=\"wp-block-heading has-text-align-left\" id=\"cursos\"><span id=\"quer-estudar-para-concursos-das-carreiras-juridicas\">Quer estudar para concursos das carreiras jur\u00eddicas?<\/span><\/h2>\n\n\n\n<p class=\"has-text-align-left\"><em>Gostou desta oportunidade e deseja se preparar? <\/em><br>C<em>onfira abaixo nosso curso exclusivo e inicie seus estudos agora mesmo:<\/em><\/p>\n\n\n\n<div class=\"container\" id=\"boxes\">\r\n  <div class=\"row\">\r\n\r\n    <div class=\"col-sm\">\r\n      <div class=\"banner-ecj\" id=\"box-assinatura\">\r\n        <h3 id=\"procurador-tcdf\" class=\"titulo-assinatura\">Procurador TCDF<\/h3>\r\n        <p class=\"subtitulo-assinatura\">Conhe\u00e7a os planos<\/p>\r\n        <div class=\"box-botao\">\r\n          <a class=\"btn-assinatura\" target=\"_blank\" href=\"https:\/\/cj.estrategia.com\/curso\/tcdf-procurador-pacote-teorico\/\" role=\"button\" rel=\"noopener noreferrer\">Conhe\u00e7a mais<\/a>\r\n        <\/div>\r\n      <\/div>\r\n      <p class=\"texto-auxiliar\">Prepare-se com o melhor material e com quem mais aprova em Concursos P\u00fablicos em todo o pa\u00eds. \r\n<\/p>\r\n    <\/div>\r\n\r\n  <\/div>\r\n<\/div>\n\n\n\n<div class=\"wp-block-cover\" style=\"min-height:155px;aspect-ratio:unset;\"><img decoding=\"async\" width=\"1890\" height=\"351\" class=\"wp-block-cover__image-background wp-image-8669\" alt=\"Assinaturas Jur\u00eddicas\" src=\"https:\/\/cj.estrategia.com\/portal\/wp-content\/uploads\/2022\/06\/20151253\/concurso-carreiras-juridicas-assinatura-juridica.jpg\" style=\"object-position:78% 43%\" data-object-fit=\"cover\" data-object-position=\"78% 43%\" srcset=\"https:\/\/cj.estrategia.com\/portal\/wp-content\/uploads\/2022\/06\/20151253\/concurso-carreiras-juridicas-assinatura-juridica.jpg 1890w, https:\/\/cj.estrategia.com\/portal\/wp-content\/uploads\/2022\/06\/20151253\/concurso-carreiras-juridicas-assinatura-juridica-300x56.jpg 300w, https:\/\/cj.estrategia.com\/portal\/wp-content\/uploads\/2022\/06\/20151253\/concurso-carreiras-juridicas-assinatura-juridica-1024x190.jpg 1024w, https:\/\/cj.estrategia.com\/portal\/wp-content\/uploads\/2022\/06\/20151253\/concurso-carreiras-juridicas-assinatura-juridica-768x143.jpg 768w, https:\/\/cj.estrategia.com\/portal\/wp-content\/uploads\/2022\/06\/20151253\/concurso-carreiras-juridicas-assinatura-juridica-1536x285.jpg 1536w, https:\/\/cj.estrategia.com\/portal\/wp-content\/uploads\/2022\/06\/20151253\/concurso-carreiras-juridicas-assinatura-juridica-380x71.jpg 380w, https:\/\/cj.estrategia.com\/portal\/wp-content\/uploads\/2022\/06\/20151253\/concurso-carreiras-juridicas-assinatura-juridica-800x149.jpg 800w, https:\/\/cj.estrategia.com\/portal\/wp-content\/uploads\/2022\/06\/20151253\/concurso-carreiras-juridicas-assinatura-juridica-1160x215.jpg 1160w\" sizes=\"(max-width: 1890px) 100vw, 1890px\" \/><span aria-hidden=\"true\" class=\"wp-block-cover__background has-background-dim\"><\/span><div class=\"wp-block-cover__inner-container is-layout-flow wp-block-cover-is-layout-flow\">\n<h3 id=\"faca-a-sua-assinatura\" class=\"titulo-assinatura\"><span style=\"color: #ffffff;\">Fa\u00e7a a sua assinatura!<\/span><\/h3>\n<p class=\"subtitulo-assinatura\" style=\"display:block!important; line-height: 0;\"><span style=\"color: #ffffff;\">Escolha a sua \u00e1rea.<\/span><\/p>\n<a target=\"_blank\" href=\"https:\/\/www.estrategiaconcursos.com.br\/assinaturas-ecj\/\" rel=\"noopener\"><button style=\"border-radius: 10px; text-transform: capitalize;\">Acessar<\/button><\/a>\n<\/div><\/div>\n\n\n\n<p><\/p>\n","protected":false},"excerpt":{"rendered":"O Cebraspe, banca respons\u00e1vel pela organiza\u00e7\u00e3o do Concurso Procurador TCDF, divulgou o resultado final do certame. Confira o&hellip;\n","protected":false},"author":135,"featured_media":73066,"comment_status":"open","ping_status":"open","sticky":false,"template":"","format":"standard","meta":{"_jetpack_memberships_contains_paid_content":false,"footnotes":""},"categories":[24],"tags":[],"tax_estado":[37],"class_list":{"0":"post-163475","1":"post","2":"type-post","3":"status-publish","4":"format-standard","5":"has-post-thumbnail","7":"category-procuradoria","8":"tax_estado-df"},"acf":[],"yoast_head":"<!-- This site is optimized with the Yoast SEO Premium plugin v27.4 (Yoast SEO v27.4) - https:\/\/yoast.com\/product\/yoast-seo-premium-wordpress\/ -->\n<title>Concurso Procurador TCDF: veja o resultado final do certame<\/title>\n<meta name=\"description\" content=\"Concurso Procurador TCDF: veja o resultado final do certame! Parab\u00e9ns aos aprovados! Sua conquista \u00e9 motivo de orgulho para n\u00f3s!\" \/>\n<meta name=\"robots\" content=\"index, follow, max-snippet:-1, max-image-preview:large, max-video-preview:-1\" \/>\n<link rel=\"canonical\" href=\"https:\/\/cj.estrategia.com\/portal\/concurso-procurador-tcdf-veja-o-resultado-final-do-certame\/\" \/>\n<meta property=\"og:locale\" content=\"pt_BR\" \/>\n<meta property=\"og:type\" content=\"article\" \/>\n<meta property=\"og:title\" content=\"Concurso Procurador TCDF: veja o resultado final do certame\" \/>\n<meta property=\"og:description\" content=\"Concurso Procurador TCDF: veja o resultado final do certame! Parab\u00e9ns aos aprovados! Sua conquista \u00e9 motivo de orgulho para n\u00f3s!\" \/>\n<meta property=\"og:url\" content=\"https:\/\/cj.estrategia.com\/portal\/concurso-procurador-tcdf-veja-o-resultado-final-do-certame\/\" \/>\n<meta property=\"og:site_name\" content=\"Blog - Carreiras Jur\u00eddicas - Estrat\u00e9gia\" \/>\n<meta property=\"article:publisher\" content=\"https:\/\/www.facebook.com\/estrategiacarreirajuridica\/\" \/>\n<meta property=\"article:published_time\" content=\"2025-11-18T12:30:18+00:00\" \/>\n<meta property=\"article:modified_time\" content=\"2025-11-18T13:50:31+00:00\" \/>\n<meta property=\"og:image\" content=\"https:\/\/cj.estrategia.com\/portal\/wp-content\/uploads\/2024\/08\/19171535\/estrategia-concurso-procurador-tcdf.jpg\" \/>\n\t<meta property=\"og:image:width\" content=\"960\" \/>\n\t<meta property=\"og:image:height\" content=\"540\" \/>\n\t<meta property=\"og:image:type\" content=\"image\/jpeg\" \/>\n<meta name=\"author\" content=\"Tauana Silva\" \/>\n<meta name=\"twitter:card\" content=\"summary_large_image\" \/>\n<meta name=\"twitter:creator\" content=\"@EstratJuridica\" \/>\n<meta name=\"twitter:site\" content=\"@EstratJuridica\" \/>\n<meta name=\"twitter:label1\" content=\"Escrito por\" \/>\n\t<meta name=\"twitter:data1\" content=\"Tauana Silva\" \/>\n\t<meta name=\"twitter:label2\" content=\"Est. tempo de leitura\" \/>\n\t<meta name=\"twitter:data2\" content=\"3 minutos\" \/>\n<script type=\"application\/ld+json\" class=\"yoast-schema-graph\">{\"@context\":\"https:\\\/\\\/schema.org\",\"@graph\":[{\"@type\":\"NewsArticle\",\"@id\":\"https:\\\/\\\/cj.estrategia.com\\\/portal\\\/concurso-procurador-tcdf-veja-o-resultado-final-do-certame\\\/#article\",\"isPartOf\":{\"@id\":\"https:\\\/\\\/cj.estrategia.com\\\/portal\\\/concurso-procurador-tcdf-veja-o-resultado-final-do-certame\\\/\"},\"author\":{\"name\":\"Tauana Silva\",\"@id\":\"https:\\\/\\\/cj.estrategia.com\\\/portal\\\/#\\\/schema\\\/person\\\/cb116423095e5a9f157a839dc8a808eb\"},\"headline\":\"Concurso Procurador TCDF: veja o resultado final do certame\",\"datePublished\":\"2025-11-18T12:30:18+00:00\",\"dateModified\":\"2025-11-18T13:50:31+00:00\",\"mainEntityOfPage\":{\"@id\":\"https:\\\/\\\/cj.estrategia.com\\\/portal\\\/concurso-procurador-tcdf-veja-o-resultado-final-do-certame\\\/\"},\"wordCount\":412,\"commentCount\":0,\"publisher\":{\"@id\":\"https:\\\/\\\/cj.estrategia.com\\\/portal\\\/#organization\"},\"image\":{\"@id\":\"https:\\\/\\\/cj.estrategia.com\\\/portal\\\/concurso-procurador-tcdf-veja-o-resultado-final-do-certame\\\/#primaryimage\"},\"thumbnailUrl\":\"https:\\\/\\\/cj.estrategia.com\\\/portal\\\/wp-content\\\/uploads\\\/2024\\\/08\\\/19171535\\\/estrategia-concurso-procurador-tcdf.jpg\",\"articleSection\":[\"Procuradoria\"],\"inLanguage\":\"pt-BR\",\"potentialAction\":[{\"@type\":\"CommentAction\",\"name\":\"Comment\",\"target\":[\"https:\\\/\\\/cj.estrategia.com\\\/portal\\\/concurso-procurador-tcdf-veja-o-resultado-final-do-certame\\\/#respond\"]}]},{\"@type\":\"WebPage\",\"@id\":\"https:\\\/\\\/cj.estrategia.com\\\/portal\\\/concurso-procurador-tcdf-veja-o-resultado-final-do-certame\\\/\",\"url\":\"https:\\\/\\\/cj.estrategia.com\\\/portal\\\/concurso-procurador-tcdf-veja-o-resultado-final-do-certame\\\/\",\"name\":\"Concurso Procurador TCDF: veja o resultado final do certame\",\"isPartOf\":{\"@id\":\"https:\\\/\\\/cj.estrategia.com\\\/portal\\\/#website\"},\"primaryImageOfPage\":{\"@id\":\"https:\\\/\\\/cj.estrategia.com\\\/portal\\\/concurso-procurador-tcdf-veja-o-resultado-final-do-certame\\\/#primaryimage\"},\"image\":{\"@id\":\"https:\\\/\\\/cj.estrategia.com\\\/portal\\\/concurso-procurador-tcdf-veja-o-resultado-final-do-certame\\\/#primaryimage\"},\"thumbnailUrl\":\"https:\\\/\\\/cj.estrategia.com\\\/portal\\\/wp-content\\\/uploads\\\/2024\\\/08\\\/19171535\\\/estrategia-concurso-procurador-tcdf.jpg\",\"datePublished\":\"2025-11-18T12:30:18+00:00\",\"dateModified\":\"2025-11-18T13:50:31+00:00\",\"description\":\"Concurso Procurador TCDF: veja o resultado final do certame! Parab\u00e9ns aos aprovados! Sua conquista \u00e9 motivo de orgulho para n\u00f3s!\",\"breadcrumb\":{\"@id\":\"https:\\\/\\\/cj.estrategia.com\\\/portal\\\/concurso-procurador-tcdf-veja-o-resultado-final-do-certame\\\/#breadcrumb\"},\"inLanguage\":\"pt-BR\",\"potentialAction\":[{\"@type\":\"ReadAction\",\"target\":[\"https:\\\/\\\/cj.estrategia.com\\\/portal\\\/concurso-procurador-tcdf-veja-o-resultado-final-do-certame\\\/\"]}]},{\"@type\":\"ImageObject\",\"inLanguage\":\"pt-BR\",\"@id\":\"https:\\\/\\\/cj.estrategia.com\\\/portal\\\/concurso-procurador-tcdf-veja-o-resultado-final-do-certame\\\/#primaryimage\",\"url\":\"https:\\\/\\\/cj.estrategia.com\\\/portal\\\/wp-content\\\/uploads\\\/2024\\\/08\\\/19171535\\\/estrategia-concurso-procurador-tcdf.jpg\",\"contentUrl\":\"https:\\\/\\\/cj.estrategia.com\\\/portal\\\/wp-content\\\/uploads\\\/2024\\\/08\\\/19171535\\\/estrategia-concurso-procurador-tcdf.jpg\",\"width\":960,\"height\":540,\"caption\":\"Concurso Procurador TCDF\"},{\"@type\":\"BreadcrumbList\",\"@id\":\"https:\\\/\\\/cj.estrategia.com\\\/portal\\\/concurso-procurador-tcdf-veja-o-resultado-final-do-certame\\\/#breadcrumb\",\"itemListElement\":[{\"@type\":\"ListItem\",\"position\":1,\"name\":\"In\u00edcio\",\"item\":\"https:\\\/\\\/cj.estrategia.com\\\/portal\\\/\"},{\"@type\":\"ListItem\",\"position\":2,\"name\":\"Concurso Procurador TCDF: veja o resultado final do certame\"}]},{\"@type\":\"WebSite\",\"@id\":\"https:\\\/\\\/cj.estrategia.com\\\/portal\\\/#website\",\"url\":\"https:\\\/\\\/cj.estrategia.com\\\/portal\\\/\",\"name\":\"Blog - Carreiras Jur\u00eddicas - Estrat\u00e9gia\",\"description\":\"\",\"publisher\":{\"@id\":\"https:\\\/\\\/cj.estrategia.com\\\/portal\\\/#organization\"},\"potentialAction\":[{\"@type\":\"SearchAction\",\"target\":{\"@type\":\"EntryPoint\",\"urlTemplate\":\"https:\\\/\\\/cj.estrategia.com\\\/portal\\\/?s={search_term_string}\"},\"query-input\":{\"@type\":\"PropertyValueSpecification\",\"valueRequired\":true,\"valueName\":\"search_term_string\"}}],\"inLanguage\":\"pt-BR\"},{\"@type\":\"Organization\",\"@id\":\"https:\\\/\\\/cj.estrategia.com\\\/portal\\\/#organization\",\"name\":\"Estrat\u00e9gia - Carreiras Jur\u00eddicas\",\"url\":\"https:\\\/\\\/cj.estrategia.com\\\/portal\\\/\",\"logo\":{\"@type\":\"ImageObject\",\"inLanguage\":\"pt-BR\",\"@id\":\"https:\\\/\\\/cj.estrategia.com\\\/portal\\\/#\\\/schema\\\/logo\\\/image\\\/\",\"url\":\"https:\\\/\\\/cj.estrategia.com\\\/portal\\\/wp-content\\\/uploads\\\/2022\\\/03\\\/11151052\\\/cj-logo.png\",\"contentUrl\":\"https:\\\/\\\/cj.estrategia.com\\\/portal\\\/wp-content\\\/uploads\\\/2022\\\/03\\\/11151052\\\/cj-logo.png\",\"width\":150,\"height\":39,\"caption\":\"Estrat\u00e9gia - Carreiras Jur\u00eddicas\"},\"image\":{\"@id\":\"https:\\\/\\\/cj.estrategia.com\\\/portal\\\/#\\\/schema\\\/logo\\\/image\\\/\"},\"sameAs\":[\"https:\\\/\\\/www.facebook.com\\\/estrategiacarreirajuridica\\\/\",\"https:\\\/\\\/x.com\\\/EstratJuridica\",\"https:\\\/\\\/www.instagram.com\\\/estrategiacarreirajuridica\\\/\",\"https:\\\/\\\/www.youtube.com\\\/channel\\\/UClbMGuYbj2Mh1m3w144ETWQ\"]},{\"@type\":\"Person\",\"@id\":\"https:\\\/\\\/cj.estrategia.com\\\/portal\\\/#\\\/schema\\\/person\\\/cb116423095e5a9f157a839dc8a808eb\",\"name\":\"Tauana Silva\",\"image\":{\"@type\":\"ImageObject\",\"inLanguage\":\"pt-BR\",\"@id\":\"https:\\\/\\\/cj.estrategia.com\\\/portal\\\/wp-content\\\/uploads\\\/2024\\\/04\\\/05223156\\\/WhatsApp-Image-2024-12-05-at-22.30.41-96x96.jpeg\",\"url\":\"https:\\\/\\\/cj.estrategia.com\\\/portal\\\/wp-content\\\/uploads\\\/2024\\\/04\\\/05223156\\\/WhatsApp-Image-2024-12-05-at-22.30.41-96x96.jpeg\",\"contentUrl\":\"https:\\\/\\\/cj.estrategia.com\\\/portal\\\/wp-content\\\/uploads\\\/2024\\\/04\\\/05223156\\\/WhatsApp-Image-2024-12-05-at-22.30.41-96x96.jpeg\",\"caption\":\"Tauana Silva\"},\"description\":\"Jornalista com expertise em gest\u00e3o e marketing, acumulando mais de uma d\u00e9cada de experi\u00eancia, com foco especializado nos \u00faltimos cinco anos no setor de concursos p\u00fablicos. Habilidades s\u00f3lidas como social media, em reda\u00e7\u00e3o jornal\u00edstica, pr\u00e1ticas de SEO e copywriting.\",\"url\":\"https:\\\/\\\/cj.estrategia.com\\\/portal\\\/author\\\/tauanasilva\\\/\"}]}<\/script>\n<!-- \/ Yoast SEO Premium plugin. -->","yoast_head_json":{"title":"Concurso Procurador TCDF: veja o resultado final do certame","description":"Concurso Procurador TCDF: veja o resultado final do certame! Parab\u00e9ns aos aprovados! Sua conquista \u00e9 motivo de orgulho para n\u00f3s!","robots":{"index":"index","follow":"follow","max-snippet":"max-snippet:-1","max-image-preview":"max-image-preview:large","max-video-preview":"max-video-preview:-1"},"canonical":"https:\/\/cj.estrategia.com\/portal\/concurso-procurador-tcdf-veja-o-resultado-final-do-certame\/","og_locale":"pt_BR","og_type":"article","og_title":"Concurso Procurador TCDF: veja o resultado final do certame","og_description":"Concurso Procurador TCDF: veja o resultado final do certame! Parab\u00e9ns aos aprovados! Sua conquista \u00e9 motivo de orgulho para n\u00f3s!","og_url":"https:\/\/cj.estrategia.com\/portal\/concurso-procurador-tcdf-veja-o-resultado-final-do-certame\/","og_site_name":"Blog - Carreiras Jur\u00eddicas - Estrat\u00e9gia","article_publisher":"https:\/\/www.facebook.com\/estrategiacarreirajuridica\/","article_published_time":"2025-11-18T12:30:18+00:00","article_modified_time":"2025-11-18T13:50:31+00:00","og_image":[{"width":960,"height":540,"url":"https:\/\/cj.estrategia.com\/portal\/wp-content\/uploads\/2024\/08\/19171535\/estrategia-concurso-procurador-tcdf.jpg","type":"image\/jpeg"}],"author":"Tauana Silva","twitter_card":"summary_large_image","twitter_creator":"@EstratJuridica","twitter_site":"@EstratJuridica","twitter_misc":{"Escrito por":"Tauana Silva","Est. tempo de leitura":"3 minutos"},"schema":{"@context":"https:\/\/schema.org","@graph":[{"@type":"NewsArticle","@id":"https:\/\/cj.estrategia.com\/portal\/concurso-procurador-tcdf-veja-o-resultado-final-do-certame\/#article","isPartOf":{"@id":"https:\/\/cj.estrategia.com\/portal\/concurso-procurador-tcdf-veja-o-resultado-final-do-certame\/"},"author":{"name":"Tauana Silva","@id":"https:\/\/cj.estrategia.com\/portal\/#\/schema\/person\/cb116423095e5a9f157a839dc8a808eb"},"headline":"Concurso Procurador TCDF: veja o resultado final do certame","datePublished":"2025-11-18T12:30:18+00:00","dateModified":"2025-11-18T13:50:31+00:00","mainEntityOfPage":{"@id":"https:\/\/cj.estrategia.com\/portal\/concurso-procurador-tcdf-veja-o-resultado-final-do-certame\/"},"wordCount":412,"commentCount":0,"publisher":{"@id":"https:\/\/cj.estrategia.com\/portal\/#organization"},"image":{"@id":"https:\/\/cj.estrategia.com\/portal\/concurso-procurador-tcdf-veja-o-resultado-final-do-certame\/#primaryimage"},"thumbnailUrl":"https:\/\/cj.estrategia.com\/portal\/wp-content\/uploads\/2024\/08\/19171535\/estrategia-concurso-procurador-tcdf.jpg","articleSection":["Procuradoria"],"inLanguage":"pt-BR","potentialAction":[{"@type":"CommentAction","name":"Comment","target":["https:\/\/cj.estrategia.com\/portal\/concurso-procurador-tcdf-veja-o-resultado-final-do-certame\/#respond"]}]},{"@type":"WebPage","@id":"https:\/\/cj.estrategia.com\/portal\/concurso-procurador-tcdf-veja-o-resultado-final-do-certame\/","url":"https:\/\/cj.estrategia.com\/portal\/concurso-procurador-tcdf-veja-o-resultado-final-do-certame\/","name":"Concurso Procurador TCDF: veja o resultado final do certame","isPartOf":{"@id":"https:\/\/cj.estrategia.com\/portal\/#website"},"primaryImageOfPage":{"@id":"https:\/\/cj.estrategia.com\/portal\/concurso-procurador-tcdf-veja-o-resultado-final-do-certame\/#primaryimage"},"image":{"@id":"https:\/\/cj.estrategia.com\/portal\/concurso-procurador-tcdf-veja-o-resultado-final-do-certame\/#primaryimage"},"thumbnailUrl":"https:\/\/cj.estrategia.com\/portal\/wp-content\/uploads\/2024\/08\/19171535\/estrategia-concurso-procurador-tcdf.jpg","datePublished":"2025-11-18T12:30:18+00:00","dateModified":"2025-11-18T13:50:31+00:00","description":"Concurso Procurador TCDF: veja o resultado final do certame! Parab\u00e9ns aos aprovados! Sua conquista \u00e9 motivo de orgulho para n\u00f3s!","breadcrumb":{"@id":"https:\/\/cj.estrategia.com\/portal\/concurso-procurador-tcdf-veja-o-resultado-final-do-certame\/#breadcrumb"},"inLanguage":"pt-BR","potentialAction":[{"@type":"ReadAction","target":["https:\/\/cj.estrategia.com\/portal\/concurso-procurador-tcdf-veja-o-resultado-final-do-certame\/"]}]},{"@type":"ImageObject","inLanguage":"pt-BR","@id":"https:\/\/cj.estrategia.com\/portal\/concurso-procurador-tcdf-veja-o-resultado-final-do-certame\/#primaryimage","url":"https:\/\/cj.estrategia.com\/portal\/wp-content\/uploads\/2024\/08\/19171535\/estrategia-concurso-procurador-tcdf.jpg","contentUrl":"https:\/\/cj.estrategia.com\/portal\/wp-content\/uploads\/2024\/08\/19171535\/estrategia-concurso-procurador-tcdf.jpg","width":960,"height":540,"caption":"Concurso Procurador TCDF"},{"@type":"BreadcrumbList","@id":"https:\/\/cj.estrategia.com\/portal\/concurso-procurador-tcdf-veja-o-resultado-final-do-certame\/#breadcrumb","itemListElement":[{"@type":"ListItem","position":1,"name":"In\u00edcio","item":"https:\/\/cj.estrategia.com\/portal\/"},{"@type":"ListItem","position":2,"name":"Concurso Procurador TCDF: veja o resultado final do certame"}]},{"@type":"WebSite","@id":"https:\/\/cj.estrategia.com\/portal\/#website","url":"https:\/\/cj.estrategia.com\/portal\/","name":"Blog - Carreiras Jur\u00eddicas - Estrat\u00e9gia","description":"","publisher":{"@id":"https:\/\/cj.estrategia.com\/portal\/#organization"},"potentialAction":[{"@type":"SearchAction","target":{"@type":"EntryPoint","urlTemplate":"https:\/\/cj.estrategia.com\/portal\/?s={search_term_string}"},"query-input":{"@type":"PropertyValueSpecification","valueRequired":true,"valueName":"search_term_string"}}],"inLanguage":"pt-BR"},{"@type":"Organization","@id":"https:\/\/cj.estrategia.com\/portal\/#organization","name":"Estrat\u00e9gia - Carreiras Jur\u00eddicas","url":"https:\/\/cj.estrategia.com\/portal\/","logo":{"@type":"ImageObject","inLanguage":"pt-BR","@id":"https:\/\/cj.estrategia.com\/portal\/#\/schema\/logo\/image\/","url":"https:\/\/cj.estrategia.com\/portal\/wp-content\/uploads\/2022\/03\/11151052\/cj-logo.png","contentUrl":"https:\/\/cj.estrategia.com\/portal\/wp-content\/uploads\/2022\/03\/11151052\/cj-logo.png","width":150,"height":39,"caption":"Estrat\u00e9gia - Carreiras Jur\u00eddicas"},"image":{"@id":"https:\/\/cj.estrategia.com\/portal\/#\/schema\/logo\/image\/"},"sameAs":["https:\/\/www.facebook.com\/estrategiacarreirajuridica\/","https:\/\/x.com\/EstratJuridica","https:\/\/www.instagram.com\/estrategiacarreirajuridica\/","https:\/\/www.youtube.com\/channel\/UClbMGuYbj2Mh1m3w144ETWQ"]},{"@type":"Person","@id":"https:\/\/cj.estrategia.com\/portal\/#\/schema\/person\/cb116423095e5a9f157a839dc8a808eb","name":"Tauana Silva","image":{"@type":"ImageObject","inLanguage":"pt-BR","@id":"https:\/\/cj.estrategia.com\/portal\/wp-content\/uploads\/2024\/04\/05223156\/WhatsApp-Image-2024-12-05-at-22.30.41-96x96.jpeg","url":"https:\/\/cj.estrategia.com\/portal\/wp-content\/uploads\/2024\/04\/05223156\/WhatsApp-Image-2024-12-05-at-22.30.41-96x96.jpeg","contentUrl":"https:\/\/cj.estrategia.com\/portal\/wp-content\/uploads\/2024\/04\/05223156\/WhatsApp-Image-2024-12-05-at-22.30.41-96x96.jpeg","caption":"Tauana Silva"},"description":"Jornalista com expertise em gest\u00e3o e marketing, acumulando mais de uma d\u00e9cada de experi\u00eancia, com foco especializado nos \u00faltimos cinco anos no setor de concursos p\u00fablicos. Habilidades s\u00f3lidas como social media, em reda\u00e7\u00e3o jornal\u00edstica, pr\u00e1ticas de SEO e copywriting.","url":"https:\/\/cj.estrategia.com\/portal\/author\/tauanasilva\/"}]}},"jetpack_featured_media_url":"https:\/\/cj.estrategia.com\/portal\/wp-content\/uploads\/2024\/08\/19171535\/estrategia-concurso-procurador-tcdf.jpg","jetpack_sharing_enabled":true,"_links":{"self":[{"href":"https:\/\/cj.estrategia.com\/portal\/wp-json\/wp\/v2\/posts\/163475","targetHints":{"allow":["GET"]}}],"collection":[{"href":"https:\/\/cj.estrategia.com\/portal\/wp-json\/wp\/v2\/posts"}],"about":[{"href":"https:\/\/cj.estrategia.com\/portal\/wp-json\/wp\/v2\/types\/post"}],"author":[{"embeddable":true,"href":"https:\/\/cj.estrategia.com\/portal\/wp-json\/wp\/v2\/users\/135"}],"replies":[{"embeddable":true,"href":"https:\/\/cj.estrategia.com\/portal\/wp-json\/wp\/v2\/comments?post=163475"}],"version-history":[{"count":3,"href":"https:\/\/cj.estrategia.com\/portal\/wp-json\/wp\/v2\/posts\/163475\/revisions"}],"predecessor-version":[{"id":163500,"href":"https:\/\/cj.estrategia.com\/portal\/wp-json\/wp\/v2\/posts\/163475\/revisions\/163500"}],"wp:featuredmedia":[{"embeddable":true,"href":"https:\/\/cj.estrategia.com\/portal\/wp-json\/wp\/v2\/media\/73066"}],"wp:attachment":[{"href":"https:\/\/cj.estrategia.com\/portal\/wp-json\/wp\/v2\/media?parent=163475"}],"wp:term":[{"taxonomy":"category","embeddable":true,"href":"https:\/\/cj.estrategia.com\/portal\/wp-json\/wp\/v2\/categories?post=163475"},{"taxonomy":"post_tag","embeddable":true,"href":"https:\/\/cj.estrategia.com\/portal\/wp-json\/wp\/v2\/tags?post=163475"},{"taxonomy":"tax_estado","embeddable":true,"href":"https:\/\/cj.estrategia.com\/portal\/wp-json\/wp\/v2\/tax_estado?post=163475"}],"curies":[{"name":"wp","href":"https:\/\/api.w.org\/{rel}","templated":true}]}}