{"id":161945,"date":"2025-11-06T23:20:08","date_gmt":"2025-11-07T02:20:08","guid":{"rendered":"https:\/\/cj.estrategia.com\/portal\/?p=161945"},"modified":"2025-11-11T11:01:59","modified_gmt":"2025-11-11T14:01:59","slug":"filho-surto-mata-ex-deputado-pena-medida-seguranca","status":"publish","type":"post","link":"https:\/\/cj.estrategia.com\/portal\/filho-surto-mata-ex-deputado-pena-medida-seguranca\/","title":{"rendered":"Filho em surto mata ex-deputado: pena ou medida de seguran\u00e7a?"},"content":{"rendered":"\n<p>Prof. Gustavo Cordeiro<\/p>\n\n\n\n<p>A tr\u00e1gica morte do ex-deputado estadual Paulo Frateschi, esfaqueado pelo pr\u00f3prio filho Francisco durante um epis\u00f3dio de surto psic\u00f3tico, reacendeu um debate relevante para concursos jur\u00eddicos de alto n\u00edvel: <strong>como o sistema penal brasileiro responde quando o autor de um crime age sob influ\u00eancia de transtorno mental grave?<\/strong>&nbsp;A resposta a essa pergunta exige dom\u00ednio t\u00e9cnico sobre inimputabilidade, medidas de seguran\u00e7a e suas peculiaridades processuais &#8211; temas recorrentes em provas de Magistratura, Minist\u00e9rio P\u00fablico, Defensoria P\u00fablica e Delegado.<\/p>\n\n\n\n<p>Este caso concreto oferece uma oportunidade did\u00e1tica para revisitar institutos fundamentais do <strong><a href=\"https:\/\/www.estrategiaconcursos.com.br\/promocoes\/assinaturas-ecj\/\" target=\"_blank\" >Direito Penal e Processual Penal<\/a><\/strong>, conectando teoria, jurisprud\u00eancia e quest\u00f5es pr\u00e1ticas de concurso.<\/p>\n\n\n\n<h2 class=\"wp-block-heading\" id=\"h-o-surto-psicotico-e-a-inimputabilidade-fundamentos-do-art-26-do-codigo-penal\"><span id=\"o-surto-psicotico-e-a-inimputabilidade-fundamentos-do-art-26-do-codigo-penal\">O surto psic\u00f3tico e a inimputabilidade: fundamentos do art. 26 do C\u00f3digo Penal<\/span><\/h2>\n\n\n\n<p>O C\u00f3digo Penal brasileiro adota o <strong>sistema biopsicol\u00f3gico<\/strong>&nbsp;para aferir a imputabilidade. N\u00e3o basta a exist\u00eancia de doen\u00e7a mental (crit\u00e9rio biol\u00f3gico); \u00e9 imprescind\u00edvel que, ao tempo da conduta, o agente fosse <strong>inteiramente incapaz<\/strong>&nbsp;de entender o car\u00e1ter il\u00edcito do fato ou de determinar-se conforme esse entendimento (crit\u00e9rio psicol\u00f3gico).<\/p>\n\n\n\n<p>No caso de Francisco Frateschi, as not\u00edcias apontam que ele estava em &#8220;surto&#8221; durante a agress\u00e3o. Surtos psic\u00f3ticos caracterizam-se por perda tempor\u00e1ria do contato com a realidade, del\u00edrios, alucina\u00e7\u00f5es e incapacidade de controlar impulsos. Se comprovado por per\u00edcia que, no momento do homic\u00eddio, Francisco estava <strong>inteiramente incapaz<\/strong>&nbsp;de compreender a ilicitude ou de controlar sua conduta, ele ser\u00e1 considerado <strong>inimput\u00e1vel<\/strong>&nbsp;(art. 26, <em>caput<\/em>, CP).<\/p>\n\n\n\n<p><mark style=\"background-color:#fcb900\" class=\"has-inline-color\"><strong>Aten\u00e7\u00e3o<\/strong>:<\/mark> n\u00e3o se trata de transtorno mental permanente. O surto pode ser epis\u00f3dico. O que importa \u00e9 a <strong>capacidade ao tempo da a\u00e7\u00e3o<\/strong>. Por isso, a per\u00edcia psiqui\u00e1trica \u00e9 indispens\u00e1vel e deve responder aos <strong>quesitos biopsicol\u00f3gicos<\/strong>.<\/p>\n\n\n\n<h3 class=\"wp-block-heading\" id=\"h-distinguindo-inimputabilidade-de-semi-imputabilidade\"><span id=\"distinguindo-inimputabilidade-de-semi-imputabilidade\">Distinguindo inimputabilidade de semi-imputabilidade<\/span><\/h3>\n\n\n\n<p>Candidatos devem dominar a diferen\u00e7a:<\/p>\n\n\n\n<ul class=\"wp-block-list\">\n<li><strong>Inimput\u00e1vel<\/strong>&nbsp;(art. 26, <em>caput<\/em>): inteiramente incapaz \u2192 absolvi\u00e7\u00e3o impr\u00f3pria \u2192 medida de seguran\u00e7a<\/li>\n\n\n\n<li><strong>Semi-imput\u00e1vel<\/strong>&nbsp;(art. 26, par\u00e1grafo \u00fanico): capacidade reduzida \u2192 condena\u00e7\u00e3o com pena reduzida (1\/3 a 2\/3) \u2192 <strong>sistema vicariante<\/strong>: juiz escolhe entre pena reduzida OU substitui\u00e7\u00e3o por medida de seguran\u00e7a (art. 98, CP)<\/li>\n<\/ul>\n\n\n\n<p>No caso concreto, se Francisco estava em surto total, ser\u00e1 inimput\u00e1vel. Se tinha alguma capacidade diminu\u00edda, seria semi-imput\u00e1vel.<\/p>\n\n\n\n<h3 class=\"wp-block-heading\" id=\"h-inimputavel-nao-recebe-pena-a-absolvicao-impropria\"><span id=\"inimputavel-nao-recebe-pena-a-absolvicao-impropria\">Inimput\u00e1vel n\u00e3o recebe pena: a absolvi\u00e7\u00e3o impr\u00f3pria<\/span><\/h3>\n\n\n\n<p>Aqui reside uma <strong>pegadinha cl\u00e1ssica de concurso<\/strong>: o inimput\u00e1vel n\u00e3o \u00e9 condenado. Ele \u00e9 <strong>absolvido<\/strong>, mas com aplica\u00e7\u00e3o de medida de seguran\u00e7a. O CPP denomina isso &#8220;absolvi\u00e7\u00e3o impr\u00f3pria&#8221; (art. 386, par\u00e1grafo \u00fanico, III, CPP).<\/p>\n\n\n\n<div class=\"wp-block-media-text is-stacked-on-mobile\" style=\"grid-template-columns:36% auto\"><figure class=\"wp-block-media-text__media\"><img decoding=\"async\" width=\"512\" height=\"512\" src=\"https:\/\/cj.estrategia.com\/portal\/wp-content\/uploads\/2025\/11\/06230621\/julgamento-processo-justica-pena-decisao.png\" alt=\"medida de seguran\u00e7a\" class=\"wp-image-161950 size-full\" srcset=\"https:\/\/cj.estrategia.com\/portal\/wp-content\/uploads\/2025\/11\/06230621\/julgamento-processo-justica-pena-decisao.png 512w, https:\/\/cj.estrategia.com\/portal\/wp-content\/uploads\/2025\/11\/06230621\/julgamento-processo-justica-pena-decisao-300x300.png 300w, https:\/\/cj.estrategia.com\/portal\/wp-content\/uploads\/2025\/11\/06230621\/julgamento-processo-justica-pena-decisao-150x150.png 150w, https:\/\/cj.estrategia.com\/portal\/wp-content\/uploads\/2025\/11\/06230621\/julgamento-processo-justica-pena-decisao-80x80.png 80w, https:\/\/cj.estrategia.com\/portal\/wp-content\/uploads\/2025\/11\/06230621\/julgamento-processo-justica-pena-decisao-380x380.png 380w, https:\/\/cj.estrategia.com\/portal\/wp-content\/uploads\/2025\/11\/06230621\/julgamento-processo-justica-pena-decisao-24x24.png 24w, https:\/\/cj.estrategia.com\/portal\/wp-content\/uploads\/2025\/11\/06230621\/julgamento-processo-justica-pena-decisao-48x48.png 48w, https:\/\/cj.estrategia.com\/portal\/wp-content\/uploads\/2025\/11\/06230621\/julgamento-processo-justica-pena-decisao-96x96.png 96w\" sizes=\"(max-width: 512px) 100vw, 512px\" \/><\/figure><div class=\"wp-block-media-text__content\">\n<p><strong>Por qu\u00ea?<\/strong>&nbsp;Porque a culpabilidade \u00e9 um dos elementos do conceito anal\u00edtico de crime. Sem imputabilidade, n\u00e3o h\u00e1 culpabilidade. Sem culpabilidade, n\u00e3o h\u00e1 crime. Logo, n\u00e3o h\u00e1 condena\u00e7\u00e3o, mas <strong>absolvi\u00e7\u00e3o com consequ\u00eancia terap\u00eautica<\/strong>.<\/p>\n<\/div><\/div>\n\n\n\n<p>A senten\u00e7a reconhecer\u00e1:<\/p>\n\n\n\n<ul class=\"wp-block-list\">\n<li>A materialidade e autoria do fato t\u00edpico e il\u00edcito<\/li>\n\n\n\n<li>A aus\u00eancia de culpabilidade (inimputabilidade)<\/li>\n\n\n\n<li><strong>Absolvi\u00e7\u00e3o do acusado<\/strong><\/li>\n\n\n\n<li><strong>Imposi\u00e7\u00e3o de medida de seguran\u00e7a<\/strong>&nbsp;(interna\u00e7\u00e3o ou tratamento ambulatorial)<\/li>\n<\/ul>\n\n\n\n<h2 class=\"wp-block-heading\" id=\"h-internacao-ou-tratamento-ambulatorial-a-quebra-do-criterio-rigido-pelo-stj\"><span id=\"internacao-ou-tratamento-ambulatorial-a-quebra-do-criterio-rigido-pelo-stj\">Interna\u00e7\u00e3o ou tratamento ambulatorial? A quebra do crit\u00e9rio r\u00edgido pelo STJ<\/span><\/h2>\n\n\n\n<p>O art. 97, <em>caput<\/em>, do CP prev\u00ea que, se o fato for pun\u00edvel com <strong>reclus\u00e3o<\/strong>, a medida de seguran\u00e7a ser\u00e1 de <strong>interna\u00e7\u00e3o<\/strong>. Se pun\u00edvel com <strong>deten\u00e7\u00e3o<\/strong>, o juiz <em>poder\u00e1<\/em>&nbsp;optar por tratamento ambulatorial.<\/p>\n\n\n\n<p>Homic\u00eddio qualificado = reclus\u00e3o \u2192 regra antiga: interna\u00e7\u00e3o obrigat\u00f3ria.<\/p>\n\n\n\n<p><mark style=\"background-color:#fcb900\" class=\"has-inline-color\"><strong>Mas aten\u00e7\u00e3o<\/strong>:<\/mark> o <strong>STJ superou essa interpreta\u00e7\u00e3o literal<\/strong>&nbsp;nos <strong>EREsp 998.128\/MG<\/strong>&nbsp;(Rel. Min. Ribeiro Dantas, julgado em 18\/12\/2019, Informativo 652). Conforme jurisprud\u00eancia pacificada na Terceira Se\u00e7\u00e3o, o juiz tem <strong>discricionariedade fundamentada<\/strong>&nbsp;para escolher entre interna\u00e7\u00e3o e tratamento ambulatorial, <strong>independentemente da pena abstrata<\/strong>, desde que considere a periculosidade concreta do agente, \u00e0 luz dos <strong>princ\u00edpios da adequa\u00e7\u00e3o, razoabilidade e proporcionalidade<\/strong>.<\/p>\n\n\n\n<p><strong><em>Ratio decidendi<\/em><\/strong>: a medida de seguran\u00e7a deve ser proporcional \u00e0 necessidade terap\u00eautica, n\u00e3o \u00e0 gravidade abstrata do crime. Padronizar a resposta apenas pela natureza da pena (reclus\u00e3o\/deten\u00e7\u00e3o) viola a individualiza\u00e7\u00e3o e a dignidade da pessoa humana.<\/p>\n\n\n\n<p><strong>Aplica\u00e7\u00e3o pr\u00e1tica<\/strong>: mesmo em caso de homic\u00eddio (reclus\u00e3o), se a per\u00edcia indicar que Francisco n\u00e3o apresenta periculosidade elevada e pode ser tratado ambulatorialmente, o juiz poder\u00e1 optar por essa medida menos gravosa.<\/p>\n\n\n\n<h2 class=\"wp-block-heading\" id=\"h-procedimento-do-juri-e-inimputabilidade-absolvicao-sumaria-ou-pronuncia\"><span id=\"procedimento-do-juri-e-inimputabilidade-absolvicao-sumaria-ou-pronuncia\">Procedimento do j\u00fari e inimputabilidade: absolvi\u00e7\u00e3o sum\u00e1ria ou pron\u00fancia?<\/span><\/h2>\n\n\n\n<p>Outro ponto sens\u00edvel: Francisco ser\u00e1 julgado pelo Tribunal do J\u00fari (crime doloso contra a vida). Como proceder na primeira fase se ficar comprovada a inimputabilidade?<\/p>\n\n\n\n<p><strong>Regra geral<\/strong>&nbsp;(art. 415, IV, CPP): demonstrada causa de exclus\u00e3o do crime ou isen\u00e7\u00e3o de pena, o juiz absolve sumariamente o acusado.<\/p>\n\n\n\n<p><strong>Exce\u00e7\u00e3o espec\u00edfica<\/strong>&nbsp;(art. 415, par\u00e1grafo \u00fanico, CPP): <strong>n\u00e3o se aplica a absolvi\u00e7\u00e3o sum\u00e1ria ao inimput\u00e1vel<\/strong>&nbsp;(art. 26, <em>caput<\/em>, CP), <strong>salvo quando a inimputabilidade for a \u00fanica tese defensiva<\/strong>.<\/p>\n\n\n\n<p><strong>Traduzindo<\/strong>: se a defesa alega <strong>apenas<\/strong>&nbsp;inimputabilidade (n\u00e3o h\u00e1 negativa de autoria, leg\u00edtima defesa etc.), o juiz pode absolver sumariamente j\u00e1 na primeira fase. Mas se houver <strong>teses concorrentes<\/strong>&nbsp;(por exemplo, alega\u00e7\u00e3o subsidi\u00e1ria de leg\u00edtima defesa putativa), o r\u00e9u deve ser <strong>pronunciado<\/strong>&nbsp;e a quest\u00e3o da inimputabilidade ser\u00e1 decidida pelo <strong>Conselho de Senten\u00e7a<\/strong>.<\/p>\n\n\n\n<p><mark style=\"background-color:#fcb900\" class=\"has-inline-color\"><strong>Cuidado<\/strong>:<\/mark> essa regra \u00e9 espec\u00edfica do J\u00fari. N\u00e3o se aplica ao procedimento comum.<\/p>\n\n\n\n<h2 class=\"wp-block-heading\" id=\"h-prisao-preventiva-ou-internacao-provisoria-a-medida-cautelar-do-art-319-vii-cpp\"><span id=\"prisao-preventiva-ou-internacao-provisoria-a-medida-cautelar-do-art-319-vii-cpp\">Pris\u00e3o preventiva ou interna\u00e7\u00e3o provis\u00f3ria? A medida cautelar do art. 319, VII, CPP<\/span><\/h2>\n\n\n\n<p>Durante a investiga\u00e7\u00e3o ou processo, Francisco pode ser submetido \u00e0 <strong><mark style=\"background-color:rgba(0, 0, 0, 0)\" class=\"has-inline-color has-black-color\">interna\u00e7\u00e3o provis\u00f3ria<\/mark><\/strong>\u00a0(art. 319, VII, CPP), que \u00e9 uma <strong>medida cautelar diversa da pris\u00e3o<\/strong>.<\/p>\n\n\n\n<p><strong>Requisitos<\/strong>:<\/p>\n\n\n\n<ul class=\"wp-block-list\">\n<li>Crime praticado com viol\u00eancia ou grave amea\u00e7a<\/li>\n\n\n\n<li>Laudo pericial concluindo pela inimputabilidade ou semi-imputabilidade<\/li>\n\n\n\n<li><strong>Risco de reitera\u00e7\u00e3o<\/strong><\/li>\n<\/ul>\n\n\n\n<p><strong>Diferen\u00e7a fundamental<\/strong>: n\u00e3o \u00e9 pris\u00e3o preventiva (art. 312, CPP). \u00c9 medida terap\u00eautica cautelar. Francisco ficar\u00e1 internado provisoriamente em hospital de cust\u00f3dia ou estabelecimento adequado, aguardando julgamento.<\/p>\n\n\n\n<h2 class=\"wp-block-heading\" id=\"h-prazo-da-medida-de-seguranca-o-fim-do-carater-perpetuo\"><span id=\"prazo-da-medida-de-seguranca-o-fim-do-carater-perpetuo\">Prazo da medida de seguran\u00e7a: o fim do car\u00e1ter perp\u00e9tuo<\/span><\/h2>\n\n\n\n<p><mark style=\"background-color:#fcb900\" class=\"has-inline-color\"><strong>Importante<\/strong>:<\/mark> a medida de seguran\u00e7a n\u00e3o \u00e9 perp\u00e9tua. O art. 97, \u00a71\u00ba, estabelece prazo <strong>m\u00ednimo<\/strong>&nbsp;(1 a 3 anos), mas historicamente havia controv\u00e9rsia sobre o prazo m\u00e1ximo.<\/p>\n\n\n\n<p><strong>Jurisprud\u00eancia consolidada do STJ<\/strong>:<\/p>\n\n\n\n<ol class=\"wp-block-list\">\n<li><strong>Sistema vicariante<\/strong>: quando a medida de seguran\u00e7a substitui pena j\u00e1 em execu\u00e7\u00e3o, o prazo m\u00e1ximo \u00e9 o da pena originalmente fixada<\/li>\n\n\n\n<li><strong>Absolvi\u00e7\u00e3o impr\u00f3pria desde o in\u00edcio<\/strong>: prazo m\u00e1ximo de 40 anos (analogia ao art. 75, CP)<\/li>\n\n\n\n<li><strong>Impossibilidade de prorroga\u00e7\u00e3o indefinida<\/strong>: ultrapassado o prazo m\u00e1ximo, cessa a interven\u00e7\u00e3o penal do Estado, independentemente de cessa\u00e7\u00e3o da periculosidade (HC 130.162\/STJ)<\/li>\n<\/ol>\n\n\n\n<p><strong>Se necess\u00e1rio tratamento posterior<\/strong>, a fam\u00edlia ou o Minist\u00e9rio P\u00fablico devem buscar a <strong>interdi\u00e7\u00e3o civil<\/strong>, n\u00e3o a manuten\u00e7\u00e3o indefinida da medida de seguran\u00e7a.<\/p>\n\n\n\n<h3 class=\"wp-block-heading\" id=\"h-execucao-provisoria-de-medida-de-seguranca-inadmissivel\"><span id=\"execucao-provisoria-de-medida-de-seguranca-inadmissivel\">Execu\u00e7\u00e3o provis\u00f3ria de medida de seguran\u00e7a: inadmiss\u00edvel<\/span><\/h3>\n\n\n\n<p><strong>Quest\u00e3o de prova comum<\/strong>: pode haver cumprimento provis\u00f3rio de medida de seguran\u00e7a antes do tr\u00e2nsito em julgado?<\/p>\n\n\n\n<p><strong>Resposta<\/strong>: <strong>N\u00c3O<\/strong>&nbsp;(HC 226.014\/STJ). A medida de seguran\u00e7a \u00e9 <strong>esp\u00e9cie de san\u00e7\u00e3o penal<\/strong>. Aplica-se o mesmo racioc\u00ednio da pena privativa de liberdade: s\u00f3 h\u00e1 execu\u00e7\u00e3o ap\u00f3s o tr\u00e2nsito em julgado.<\/p>\n\n\n\n<p><strong>Exce\u00e7\u00e3o<\/strong>: a interna\u00e7\u00e3o provis\u00f3ria (art. 319, VII, CPP) pode ser decretada cautelarmente, mas n\u00e3o se confunde com execu\u00e7\u00e3o antecipada da medida de seguran\u00e7a definitiva.<\/p>\n\n\n\n<h2 class=\"wp-block-heading\" id=\"h-resumo-estrategico-para-memorizacao\"><span id=\"resumo-estrategico-para-memorizacao\">Resumo estrat\u00e9gico para memoriza\u00e7\u00e3o<\/span><\/h2>\n\n\n\n<p><strong>Inimput\u00e1vel por doen\u00e7a mental:<\/strong><\/p>\n\n\n\n<ul class=\"wp-block-list\">\n<li>Absolvi\u00e7\u00e3o impr\u00f3pria (n\u00e3o \u00e9 condena\u00e7\u00e3o)<\/li>\n\n\n\n<li>Medida de seguran\u00e7a: interna\u00e7\u00e3o OU tratamento ambulatorial (discricionariedade judicial fundamentada, independentemente de ser reclus\u00e3o\/deten\u00e7\u00e3o) &#8211; <strong>EREsp 998.128\/MG<\/strong><\/li>\n\n\n\n<li>Prazo: m\u00ednimo de 1-3 anos; m\u00e1ximo definido por analogia (30 anos ou pena origin\u00e1ria no sistema vicariante)<\/li>\n\n\n\n<li>Procedimento do J\u00fari: pron\u00fancia, salvo se inimputabilidade for tese \u00fanica<\/li>\n\n\n\n<li>Cautelar: interna\u00e7\u00e3o provis\u00f3ria (art. 319, VII), n\u00e3o pris\u00e3o preventiva<\/li>\n\n\n\n<li>Execu\u00e7\u00e3o provis\u00f3ria: <strong>inadmiss\u00edvel<\/strong><\/li>\n<\/ul>\n\n\n\n<h3 class=\"wp-block-heading\" id=\"h-questoes-de-concurso\"><span id=\"questoes-de-concurso\">Quest\u00f5es de Concurso<\/span><\/h3>\n\n\n\n<pre class=\"wp-block-preformatted\"><strong>Quest\u00e3o 1 - CESPE\/CEBRASPE (MPE-SC - 2021 - Promotor de Justi\u00e7a Substituto)<\/strong>\n\nConsiderando a Parte Geral do C\u00f3digo Penal e a jurisprud\u00eancia dos tribunais superiores aplic\u00e1vel, julgue o item a seguir:\n\n<strong>O juiz dever\u00e1, obrigatoriamente, determinar a interna\u00e7\u00e3o do agente inimput\u00e1vel que tiver praticado crime pun\u00edvel com pena de reclus\u00e3o.<\/strong>\n\n( ) Certo\n( ) Errado\n\n<strong>GABARITO: ERRADO<\/strong>.<\/pre>\n\n\n\n<h5 class=\"wp-block-heading\" id=\"h-justificativa\"><span id=\"justificativa\">Justificativa:<\/span><\/h5>\n\n\n\n<p>Embora o art. 97, <em>caput<\/em>, do CP estabele\u00e7a que &#8220;se o agente for inimput\u00e1vel, o juiz determinar\u00e1 sua interna\u00e7\u00e3o&#8221; em casos de crimes pun\u00edveis com reclus\u00e3o, o STJ firmou entendimento mais garantista. No julgamento dos <strong>EREsp 998.128\/MG<\/strong>&nbsp;(Rel. Min. Ribeiro Dantas, 18\/12\/2019, Informativo 652), a Terceira Se\u00e7\u00e3o consolidou que <strong>cabe ao julgador avaliar qual esp\u00e9cie de medida de seguran\u00e7a \u00e9 mais adequada<\/strong>, podendo optar pelo tratamento ambulatorial mesmo em crimes apenados com reclus\u00e3o, desde que considere a periculosidade concreta do agente e os princ\u00edpios da adequa\u00e7\u00e3o, razoabilidade e proporcionalidade. A interna\u00e7\u00e3o n\u00e3o \u00e9, portanto, obrigat\u00f3ria.<\/p>\n\n\n\n<pre class=\"wp-block-preformatted\"><strong>Quest\u00e3o 2 - Simulado Autoral<\/strong>\n\nFrancisco, durante surto psic\u00f3tico agudo, matou seu pai a facadas. Laudo pericial concluiu que, ao tempo da a\u00e7\u00e3o, Francisco era inteiramente incapaz de entender o car\u00e1ter il\u00edcito do fato. Acerca do caso, assinale a alternativa correta:\n\n<strong>a)<\/strong>&nbsp;Francisco deve ser condenado por homic\u00eddio qualificado, com redu\u00e7\u00e3o de pena de um a dois ter\u00e7os em raz\u00e3o da perturba\u00e7\u00e3o mental.\n\n<strong>b)<\/strong>&nbsp;Francisco deve ser absolvido de forma impr\u00f3pria, com imposi\u00e7\u00e3o obrigat\u00f3ria de interna\u00e7\u00e3o em hospital de cust\u00f3dia, por tratar-se de crime pun\u00edvel com reclus\u00e3o.\n\n<strong>c)<\/strong>&nbsp;Francisco deve ser absolvido de forma impr\u00f3pria, podendo o juiz, fundamentadamente, optar entre interna\u00e7\u00e3o ou tratamento ambulatorial, independentemente da pena cominada ao crime, conforme entendimento do STJ nos EREsp 998.128\/MG.\n\n<strong>d)<\/strong>&nbsp;Durante o processo, Francisco pode cumprir provisoriamente medida de seguran\u00e7a, desde que haja autoriza\u00e7\u00e3o judicial fundamentada.\n\n<strong>e)<\/strong>&nbsp;Na primeira fase do procedimento do J\u00fari, Francisco ser\u00e1 necessariamente pronunciado, pois a inimputabilidade \u00e9 mat\u00e9ria a ser decidida pelos jurados.\n\n<strong>GABARITO: C<\/strong>.<\/pre>\n\n\n\n<h5 class=\"wp-block-heading\" id=\"h-justificativa-0\"><span id=\"justificativa-2\">Justificativa:<\/span><\/h5>\n\n\n\n<p><strong>a) INCORRETA.<\/strong>&nbsp;A alternativa confunde inimputabilidade (art. 26, <em>caput<\/em>) com semi-imputabilidade (art. 26, par\u00e1grafo \u00fanico). Se Francisco era <em>inteiramente incapaz<\/em>, n\u00e3o h\u00e1 culpabilidade, logo n\u00e3o h\u00e1 condena\u00e7\u00e3o. Ele ser\u00e1 absolvido impropriamente, n\u00e3o condenado com pena reduzida.<\/p>\n\n\n\n<p><strong>b) INCORRETA.<\/strong>&nbsp;Embora o homic\u00eddio seja pun\u00edvel com reclus\u00e3o, o STJ pacificou nos <strong>EREsp 998.128\/MG<\/strong>&nbsp;(Informativo 652) que o juiz tem discricionariedade para escolher entre interna\u00e7\u00e3o e tratamento ambulatorial, considerando a periculosidade concreta e os princ\u00edpios da adequa\u00e7\u00e3o e proporcionalidade. N\u00e3o h\u00e1 mais interpreta\u00e7\u00e3o literal do art. 97, <em>caput<\/em>, do CP.<\/p>\n\n\n\n<p><strong>c) CORRETA.<\/strong>&nbsp;Esta \u00e9 a posi\u00e7\u00e3o consolidada do STJ (Terceira Se\u00e7\u00e3o) nos EREsp 998.128\/MG: o magistrado pode optar por tratamento ambulatorial mesmo em crimes apenados com reclus\u00e3o, desde que fundamentadamente avalie a periculosidade e a adequa\u00e7\u00e3o terap\u00eautica.<\/p>\n\n\n\n<p><strong>d) INCORRETA.<\/strong>&nbsp;N\u00e3o existe &#8220;cumprimento provis\u00f3rio&#8221; de medida de seguran\u00e7a. O que pode ocorrer \u00e9 a decreta\u00e7\u00e3o de <strong>interna\u00e7\u00e3o provis\u00f3ria<\/strong>&nbsp;como medida cautelar (art. 319, VII, CPP), mas isso n\u00e3o se confunde com execu\u00e7\u00e3o antecipada da medida de seguran\u00e7a definitiva, que s\u00f3 ocorre ap\u00f3s tr\u00e2nsito em julgado (HC 226.014\/STJ).<\/p>\n\n\n\n<p><strong>e) INCORRETA.<\/strong>&nbsp;O art. 415, par\u00e1grafo \u00fanico, do CPP ressalva que, se a inimputabilidade for a <strong>\u00fanica tese defensiva<\/strong>, o juiz pode absolver sumariamente j\u00e1 na primeira fase. Apenas se houver teses defensivas concorrentes (negativa de autoria, leg\u00edtima defesa etc.) \u00e9 que o r\u00e9u ser\u00e1 pronunciado e a quest\u00e3o da inimputabilidade ser\u00e1 levada aos jurados.<\/p>\n\n\n\n<h2 class=\"wp-block-heading\" id=\"h-conclusao-estrategica\"><span id=\"conclusao-estrategica\">Conclus\u00e3o estrat\u00e9gica<\/span><\/h2>\n\n\n\n<p>O caso de Francisco Frateschi \u00e9 um exemplo did\u00e1tico perfeito de como a teoria penal se conecta \u00e0 pr\u00e1tica forense e \u00e0s provas de concurso. Dominar a distin\u00e7\u00e3o entre inimputabilidade e semi-imputabilidade, compreender a flexibiliza\u00e7\u00e3o jurisprudencial do art. 97 do CP (especialmente ap\u00f3s os EREsp 998.128\/MG), e conhecer as nuances processuais (especialmente no J\u00fari e quanto \u00e0s cautelares) s\u00e3o compet\u00eancias essenciais para carreiras jur\u00eddicas de elite.<\/p>\n\n\n\n<p><mark style=\"background-color:#fcb900\" class=\"has-inline-color\"><strong>Memorize<\/strong>:<\/mark> inimput\u00e1vel n\u00e3o \u00e9 condenado, \u00e9 absolvido impropriamente. A medida de seguran\u00e7a n\u00e3o \u00e9 pena, \u00e9 resposta terap\u00eautica. E a jurisprud\u00eancia do STJ humanizou o sistema, permitindo tratamento ambulatorial mesmo em crimes graves, desde que proporcional.<\/p>\n\n\n\n<hr class=\"wp-block-separator has-alpha-channel-opacity\"\/>\n\n\n\n<h2 class=\"wp-block-heading has-text-align-center\" id=\"h-quer-saber-quais-serao-os-proximos-concursos\"><span id=\"quer-saber-quais-serao-os-proximos-concursos\">Quer saber quais ser\u00e3o os pr\u00f3ximos concursos?<\/span><\/h2>\n\n\n\n<pre class=\"wp-block-verse has-text-align-center\">Confira nossos&nbsp;<a href=\"https:\/\/cj.estrategia.com\/portal\/\" target=\"_blank\" >artigos para Carreiras Jur\u00eddicas<\/a>!<\/pre>\n\n\n\n<p class=\"has-text-align-center has-white-color has-pale-cyan-blue-background-color has-text-color has-background has-link-color wp-elements-723b3278bf14a50a5e7b7e937b9a17d4\"><a href=\"https:\/\/cj.estrategia.com\/portal\/concursos-abertos-carreiras-juridicas\/\">Concursos jur\u00eddicos abertos<\/a><\/p>\n\n\n\n<p class=\"has-text-align-center has-white-color has-pale-cyan-blue-background-color has-text-color has-background has-link-color wp-elements-41349f36dc977263ca2129bf0f6dd541\"><a href=\"https:\/\/cj.estrategia.com\/portal\/concursos-2025-carreiras-juridicas\/\" target=\"_blank\" >Concursos jur\u00eddicos 2025<\/a><\/p>\n","protected":false},"excerpt":{"rendered":"Prof. Gustavo Cordeiro A tr\u00e1gica morte do ex-deputado estadual Paulo Frateschi, esfaqueado pelo pr\u00f3prio filho Francisco durante um&hellip;\n","protected":false},"author":12,"featured_media":145376,"comment_status":"open","ping_status":"open","sticky":false,"template":"","format":"standard","meta":{"_jetpack_memberships_contains_paid_content":false,"footnotes":""},"categories":[1,27,28,26,25],"tags":[456,154,1458,3740,841,132,1533,3739,1030,3742,3741,501],"tax_estado":[56],"class_list":{"0":"post-161945","1":"post","2":"type-post","3":"status-publish","4":"format-standard","5":"has-post-thumbnail","7":"category-carreiras-juridicas","8":"category-defensoria","9":"category-delegado","10":"category-magistratura","11":"category-promotoria","12":"tag-concurso-publico","13":"tag-direito-penal","14":"tag-direito-processual-penal","15":"tag-inimputabilidade","16":"tag-internacao","17":"tag-jurisprudencia","18":"tag-medida-cautelar","19":"tag-medida-de-seguranca","20":"tag-prisao-preventiva","21":"tag-semi-imputabilidade","22":"tag-transtorno-mental","23":"tag-tribunal-do-juri","24":"tax_estado-sp"},"acf":[],"yoast_head":"<!-- This site is optimized with the Yoast SEO Premium plugin v27.4 (Yoast SEO v27.4) - https:\/\/yoast.com\/product\/yoast-seo-premium-wordpress\/ -->\n<title>Filho em surto mata ex-deputado: pena ou medida de seguran\u00e7a?<\/title>\n<meta name=\"description\" content=\"O que acontece quando o autor de um crime age sob influ\u00eancia de transtorno mental grave?\u00a0Saiba sobre inimputabilidade e medida de seguran\u00e7a.\" \/>\n<meta name=\"robots\" content=\"index, follow, max-snippet:-1, max-image-preview:large, max-video-preview:-1\" \/>\n<link rel=\"canonical\" href=\"https:\/\/cj.estrategia.com\/portal\/filho-surto-mata-ex-deputado-pena-medida-seguranca\/\" \/>\n<meta property=\"og:locale\" content=\"pt_BR\" \/>\n<meta property=\"og:type\" content=\"article\" \/>\n<meta property=\"og:title\" content=\"Filho em surto mata ex-deputado: pena ou medida de seguran\u00e7a?\" \/>\n<meta property=\"og:description\" content=\"O que acontece quando o autor de um crime age sob influ\u00eancia de transtorno mental grave?\u00a0Saiba sobre inimputabilidade e medida de seguran\u00e7a.\" \/>\n<meta property=\"og:url\" content=\"https:\/\/cj.estrategia.com\/portal\/filho-surto-mata-ex-deputado-pena-medida-seguranca\/\" \/>\n<meta property=\"og:site_name\" content=\"Blog - Carreiras Jur\u00eddicas - Estrat\u00e9gia\" \/>\n<meta property=\"article:publisher\" content=\"https:\/\/www.facebook.com\/estrategiacarreirajuridica\/\" \/>\n<meta property=\"article:published_time\" content=\"2025-11-07T02:20:08+00:00\" \/>\n<meta property=\"article:modified_time\" content=\"2025-11-11T14:01:59+00:00\" \/>\n<meta property=\"og:image\" content=\"https:\/\/cj.estrategia.com\/portal\/wp-content\/uploads\/2025\/08\/23103842\/justica-recurso-multa.jpg\" \/>\n\t<meta property=\"og:image:width\" content=\"1600\" \/>\n\t<meta property=\"og:image:height\" content=\"1066\" \/>\n\t<meta property=\"og:image:type\" content=\"image\/jpeg\" \/>\n<meta name=\"author\" content=\"Coordena\u00e7\u00e3o\" \/>\n<meta name=\"twitter:card\" content=\"summary_large_image\" \/>\n<meta name=\"twitter:creator\" content=\"@EstratJuridica\" \/>\n<meta name=\"twitter:site\" content=\"@EstratJuridica\" \/>\n<meta name=\"twitter:label1\" content=\"Escrito por\" \/>\n\t<meta name=\"twitter:data1\" content=\"Coordena\u00e7\u00e3o\" \/>\n\t<meta name=\"twitter:label2\" content=\"Est. tempo de leitura\" \/>\n\t<meta name=\"twitter:data2\" content=\"10 minutos\" \/>\n<script type=\"application\/ld+json\" class=\"yoast-schema-graph\">{\"@context\":\"https:\\\/\\\/schema.org\",\"@graph\":[{\"@type\":\"NewsArticle\",\"@id\":\"https:\\\/\\\/cj.estrategia.com\\\/portal\\\/filho-surto-mata-ex-deputado-pena-medida-seguranca\\\/#article\",\"isPartOf\":{\"@id\":\"https:\\\/\\\/cj.estrategia.com\\\/portal\\\/filho-surto-mata-ex-deputado-pena-medida-seguranca\\\/\"},\"author\":{\"name\":\"Coordena\u00e7\u00e3o\",\"@id\":\"https:\\\/\\\/cj.estrategia.com\\\/portal\\\/#\\\/schema\\\/person\\\/4d70317d31449932b99102916b6637f5\"},\"headline\":\"Filho em surto mata ex-deputado: pena ou medida de seguran\u00e7a?\",\"datePublished\":\"2025-11-07T02:20:08+00:00\",\"dateModified\":\"2025-11-11T14:01:59+00:00\",\"mainEntityOfPage\":{\"@id\":\"https:\\\/\\\/cj.estrategia.com\\\/portal\\\/filho-surto-mata-ex-deputado-pena-medida-seguranca\\\/\"},\"wordCount\":1842,\"commentCount\":0,\"publisher\":{\"@id\":\"https:\\\/\\\/cj.estrategia.com\\\/portal\\\/#organization\"},\"image\":{\"@id\":\"https:\\\/\\\/cj.estrategia.com\\\/portal\\\/filho-surto-mata-ex-deputado-pena-medida-seguranca\\\/#primaryimage\"},\"thumbnailUrl\":\"https:\\\/\\\/cj.estrategia.com\\\/portal\\\/wp-content\\\/uploads\\\/2025\\\/08\\\/23103842\\\/justica-recurso-multa.jpg\",\"keywords\":[\"concurso p\u00fablico\",\"direito penal\",\"direito processual penal\",\"inimputabilidade\",\"interna\u00e7\u00e3o\",\"jurisprud\u00eancia\",\"medida cautelar\",\"medida de seguran\u00e7a\",\"pris\u00e3o preventiva\",\"semi-imputabilidade\",\"transtorno mental\",\"Tribunal do J\u00fari\"],\"articleSection\":[\"Carreiras Jur\u00eddicas\",\"Defensoria\",\"Delegado\",\"Magistratura\",\"Promotoria\"],\"inLanguage\":\"pt-BR\",\"potentialAction\":[{\"@type\":\"CommentAction\",\"name\":\"Comment\",\"target\":[\"https:\\\/\\\/cj.estrategia.com\\\/portal\\\/filho-surto-mata-ex-deputado-pena-medida-seguranca\\\/#respond\"]}]},{\"@type\":\"WebPage\",\"@id\":\"https:\\\/\\\/cj.estrategia.com\\\/portal\\\/filho-surto-mata-ex-deputado-pena-medida-seguranca\\\/\",\"url\":\"https:\\\/\\\/cj.estrategia.com\\\/portal\\\/filho-surto-mata-ex-deputado-pena-medida-seguranca\\\/\",\"name\":\"Filho em surto mata ex-deputado: pena ou medida de seguran\u00e7a?\",\"isPartOf\":{\"@id\":\"https:\\\/\\\/cj.estrategia.com\\\/portal\\\/#website\"},\"primaryImageOfPage\":{\"@id\":\"https:\\\/\\\/cj.estrategia.com\\\/portal\\\/filho-surto-mata-ex-deputado-pena-medida-seguranca\\\/#primaryimage\"},\"image\":{\"@id\":\"https:\\\/\\\/cj.estrategia.com\\\/portal\\\/filho-surto-mata-ex-deputado-pena-medida-seguranca\\\/#primaryimage\"},\"thumbnailUrl\":\"https:\\\/\\\/cj.estrategia.com\\\/portal\\\/wp-content\\\/uploads\\\/2025\\\/08\\\/23103842\\\/justica-recurso-multa.jpg\",\"datePublished\":\"2025-11-07T02:20:08+00:00\",\"dateModified\":\"2025-11-11T14:01:59+00:00\",\"description\":\"O que acontece quando o autor de um crime age sob influ\u00eancia de transtorno mental grave?\u00a0Saiba sobre inimputabilidade e medida de seguran\u00e7a.\",\"breadcrumb\":{\"@id\":\"https:\\\/\\\/cj.estrategia.com\\\/portal\\\/filho-surto-mata-ex-deputado-pena-medida-seguranca\\\/#breadcrumb\"},\"inLanguage\":\"pt-BR\",\"potentialAction\":[{\"@type\":\"ReadAction\",\"target\":[\"https:\\\/\\\/cj.estrategia.com\\\/portal\\\/filho-surto-mata-ex-deputado-pena-medida-seguranca\\\/\"]}]},{\"@type\":\"ImageObject\",\"inLanguage\":\"pt-BR\",\"@id\":\"https:\\\/\\\/cj.estrategia.com\\\/portal\\\/filho-surto-mata-ex-deputado-pena-medida-seguranca\\\/#primaryimage\",\"url\":\"https:\\\/\\\/cj.estrategia.com\\\/portal\\\/wp-content\\\/uploads\\\/2025\\\/08\\\/23103842\\\/justica-recurso-multa.jpg\",\"contentUrl\":\"https:\\\/\\\/cj.estrategia.com\\\/portal\\\/wp-content\\\/uploads\\\/2025\\\/08\\\/23103842\\\/justica-recurso-multa.jpg\",\"width\":1600,\"height\":1066},{\"@type\":\"BreadcrumbList\",\"@id\":\"https:\\\/\\\/cj.estrategia.com\\\/portal\\\/filho-surto-mata-ex-deputado-pena-medida-seguranca\\\/#breadcrumb\",\"itemListElement\":[{\"@type\":\"ListItem\",\"position\":1,\"name\":\"In\u00edcio\",\"item\":\"https:\\\/\\\/cj.estrategia.com\\\/portal\\\/\"},{\"@type\":\"ListItem\",\"position\":2,\"name\":\"Filho em surto mata ex-deputado: pena ou medida de seguran\u00e7a?\"}]},{\"@type\":\"WebSite\",\"@id\":\"https:\\\/\\\/cj.estrategia.com\\\/portal\\\/#website\",\"url\":\"https:\\\/\\\/cj.estrategia.com\\\/portal\\\/\",\"name\":\"Blog - Carreiras Jur\u00eddicas - Estrat\u00e9gia\",\"description\":\"\",\"publisher\":{\"@id\":\"https:\\\/\\\/cj.estrategia.com\\\/portal\\\/#organization\"},\"potentialAction\":[{\"@type\":\"SearchAction\",\"target\":{\"@type\":\"EntryPoint\",\"urlTemplate\":\"https:\\\/\\\/cj.estrategia.com\\\/portal\\\/?s={search_term_string}\"},\"query-input\":{\"@type\":\"PropertyValueSpecification\",\"valueRequired\":true,\"valueName\":\"search_term_string\"}}],\"inLanguage\":\"pt-BR\"},{\"@type\":\"Organization\",\"@id\":\"https:\\\/\\\/cj.estrategia.com\\\/portal\\\/#organization\",\"name\":\"Estrat\u00e9gia - Carreiras Jur\u00eddicas\",\"url\":\"https:\\\/\\\/cj.estrategia.com\\\/portal\\\/\",\"logo\":{\"@type\":\"ImageObject\",\"inLanguage\":\"pt-BR\",\"@id\":\"https:\\\/\\\/cj.estrategia.com\\\/portal\\\/#\\\/schema\\\/logo\\\/image\\\/\",\"url\":\"https:\\\/\\\/cj.estrategia.com\\\/portal\\\/wp-content\\\/uploads\\\/2022\\\/03\\\/11151052\\\/cj-logo.png\",\"contentUrl\":\"https:\\\/\\\/cj.estrategia.com\\\/portal\\\/wp-content\\\/uploads\\\/2022\\\/03\\\/11151052\\\/cj-logo.png\",\"width\":150,\"height\":39,\"caption\":\"Estrat\u00e9gia - Carreiras Jur\u00eddicas\"},\"image\":{\"@id\":\"https:\\\/\\\/cj.estrategia.com\\\/portal\\\/#\\\/schema\\\/logo\\\/image\\\/\"},\"sameAs\":[\"https:\\\/\\\/www.facebook.com\\\/estrategiacarreirajuridica\\\/\",\"https:\\\/\\\/x.com\\\/EstratJuridica\",\"https:\\\/\\\/www.instagram.com\\\/estrategiacarreirajuridica\\\/\",\"https:\\\/\\\/www.youtube.com\\\/channel\\\/UClbMGuYbj2Mh1m3w144ETWQ\"]},{\"@type\":\"Person\",\"@id\":\"https:\\\/\\\/cj.estrategia.com\\\/portal\\\/#\\\/schema\\\/person\\\/4d70317d31449932b99102916b6637f5\",\"name\":\"Coordena\u00e7\u00e3o\",\"image\":{\"@type\":\"ImageObject\",\"inLanguage\":\"pt-BR\",\"@id\":\"https:\\\/\\\/cj.estrategia.com\\\/portal\\\/wp-content\\\/uploads\\\/2022\\\/05\\\/12164923\\\/estrategia-carreira-juridica-coordenacao-96x96.png\",\"url\":\"https:\\\/\\\/cj.estrategia.com\\\/portal\\\/wp-content\\\/uploads\\\/2022\\\/05\\\/12164923\\\/estrategia-carreira-juridica-coordenacao-96x96.png\",\"contentUrl\":\"https:\\\/\\\/cj.estrategia.com\\\/portal\\\/wp-content\\\/uploads\\\/2022\\\/05\\\/12164923\\\/estrategia-carreira-juridica-coordenacao-96x96.png\",\"caption\":\"Coordena\u00e7\u00e3o\"},\"url\":\"https:\\\/\\\/cj.estrategia.com\\\/portal\\\/author\\\/coordenacao\\\/\"}]}<\/script>\n<!-- \/ Yoast SEO Premium plugin. -->","yoast_head_json":{"title":"Filho em surto mata ex-deputado: pena ou medida de seguran\u00e7a?","description":"O que acontece quando o autor de um crime age sob influ\u00eancia de transtorno mental grave?\u00a0Saiba sobre inimputabilidade e medida de seguran\u00e7a.","robots":{"index":"index","follow":"follow","max-snippet":"max-snippet:-1","max-image-preview":"max-image-preview:large","max-video-preview":"max-video-preview:-1"},"canonical":"https:\/\/cj.estrategia.com\/portal\/filho-surto-mata-ex-deputado-pena-medida-seguranca\/","og_locale":"pt_BR","og_type":"article","og_title":"Filho em surto mata ex-deputado: pena ou medida de seguran\u00e7a?","og_description":"O que acontece quando o autor de um crime age sob influ\u00eancia de transtorno mental grave?\u00a0Saiba sobre inimputabilidade e medida de seguran\u00e7a.","og_url":"https:\/\/cj.estrategia.com\/portal\/filho-surto-mata-ex-deputado-pena-medida-seguranca\/","og_site_name":"Blog - Carreiras Jur\u00eddicas - Estrat\u00e9gia","article_publisher":"https:\/\/www.facebook.com\/estrategiacarreirajuridica\/","article_published_time":"2025-11-07T02:20:08+00:00","article_modified_time":"2025-11-11T14:01:59+00:00","og_image":[{"width":1600,"height":1066,"url":"https:\/\/cj.estrategia.com\/portal\/wp-content\/uploads\/2025\/08\/23103842\/justica-recurso-multa.jpg","type":"image\/jpeg"}],"author":"Coordena\u00e7\u00e3o","twitter_card":"summary_large_image","twitter_creator":"@EstratJuridica","twitter_site":"@EstratJuridica","twitter_misc":{"Escrito por":"Coordena\u00e7\u00e3o","Est. tempo de leitura":"10 minutos"},"schema":{"@context":"https:\/\/schema.org","@graph":[{"@type":"NewsArticle","@id":"https:\/\/cj.estrategia.com\/portal\/filho-surto-mata-ex-deputado-pena-medida-seguranca\/#article","isPartOf":{"@id":"https:\/\/cj.estrategia.com\/portal\/filho-surto-mata-ex-deputado-pena-medida-seguranca\/"},"author":{"name":"Coordena\u00e7\u00e3o","@id":"https:\/\/cj.estrategia.com\/portal\/#\/schema\/person\/4d70317d31449932b99102916b6637f5"},"headline":"Filho em surto mata ex-deputado: pena ou medida de seguran\u00e7a?","datePublished":"2025-11-07T02:20:08+00:00","dateModified":"2025-11-11T14:01:59+00:00","mainEntityOfPage":{"@id":"https:\/\/cj.estrategia.com\/portal\/filho-surto-mata-ex-deputado-pena-medida-seguranca\/"},"wordCount":1842,"commentCount":0,"publisher":{"@id":"https:\/\/cj.estrategia.com\/portal\/#organization"},"image":{"@id":"https:\/\/cj.estrategia.com\/portal\/filho-surto-mata-ex-deputado-pena-medida-seguranca\/#primaryimage"},"thumbnailUrl":"https:\/\/cj.estrategia.com\/portal\/wp-content\/uploads\/2025\/08\/23103842\/justica-recurso-multa.jpg","keywords":["concurso p\u00fablico","direito penal","direito processual penal","inimputabilidade","interna\u00e7\u00e3o","jurisprud\u00eancia","medida cautelar","medida de seguran\u00e7a","pris\u00e3o preventiva","semi-imputabilidade","transtorno mental","Tribunal do J\u00fari"],"articleSection":["Carreiras Jur\u00eddicas","Defensoria","Delegado","Magistratura","Promotoria"],"inLanguage":"pt-BR","potentialAction":[{"@type":"CommentAction","name":"Comment","target":["https:\/\/cj.estrategia.com\/portal\/filho-surto-mata-ex-deputado-pena-medida-seguranca\/#respond"]}]},{"@type":"WebPage","@id":"https:\/\/cj.estrategia.com\/portal\/filho-surto-mata-ex-deputado-pena-medida-seguranca\/","url":"https:\/\/cj.estrategia.com\/portal\/filho-surto-mata-ex-deputado-pena-medida-seguranca\/","name":"Filho em surto mata ex-deputado: pena ou medida de seguran\u00e7a?","isPartOf":{"@id":"https:\/\/cj.estrategia.com\/portal\/#website"},"primaryImageOfPage":{"@id":"https:\/\/cj.estrategia.com\/portal\/filho-surto-mata-ex-deputado-pena-medida-seguranca\/#primaryimage"},"image":{"@id":"https:\/\/cj.estrategia.com\/portal\/filho-surto-mata-ex-deputado-pena-medida-seguranca\/#primaryimage"},"thumbnailUrl":"https:\/\/cj.estrategia.com\/portal\/wp-content\/uploads\/2025\/08\/23103842\/justica-recurso-multa.jpg","datePublished":"2025-11-07T02:20:08+00:00","dateModified":"2025-11-11T14:01:59+00:00","description":"O que acontece quando o autor de um crime age sob influ\u00eancia de transtorno mental grave?\u00a0Saiba sobre inimputabilidade e medida de seguran\u00e7a.","breadcrumb":{"@id":"https:\/\/cj.estrategia.com\/portal\/filho-surto-mata-ex-deputado-pena-medida-seguranca\/#breadcrumb"},"inLanguage":"pt-BR","potentialAction":[{"@type":"ReadAction","target":["https:\/\/cj.estrategia.com\/portal\/filho-surto-mata-ex-deputado-pena-medida-seguranca\/"]}]},{"@type":"ImageObject","inLanguage":"pt-BR","@id":"https:\/\/cj.estrategia.com\/portal\/filho-surto-mata-ex-deputado-pena-medida-seguranca\/#primaryimage","url":"https:\/\/cj.estrategia.com\/portal\/wp-content\/uploads\/2025\/08\/23103842\/justica-recurso-multa.jpg","contentUrl":"https:\/\/cj.estrategia.com\/portal\/wp-content\/uploads\/2025\/08\/23103842\/justica-recurso-multa.jpg","width":1600,"height":1066},{"@type":"BreadcrumbList","@id":"https:\/\/cj.estrategia.com\/portal\/filho-surto-mata-ex-deputado-pena-medida-seguranca\/#breadcrumb","itemListElement":[{"@type":"ListItem","position":1,"name":"In\u00edcio","item":"https:\/\/cj.estrategia.com\/portal\/"},{"@type":"ListItem","position":2,"name":"Filho em surto mata ex-deputado: pena ou medida de seguran\u00e7a?"}]},{"@type":"WebSite","@id":"https:\/\/cj.estrategia.com\/portal\/#website","url":"https:\/\/cj.estrategia.com\/portal\/","name":"Blog - Carreiras Jur\u00eddicas - Estrat\u00e9gia","description":"","publisher":{"@id":"https:\/\/cj.estrategia.com\/portal\/#organization"},"potentialAction":[{"@type":"SearchAction","target":{"@type":"EntryPoint","urlTemplate":"https:\/\/cj.estrategia.com\/portal\/?s={search_term_string}"},"query-input":{"@type":"PropertyValueSpecification","valueRequired":true,"valueName":"search_term_string"}}],"inLanguage":"pt-BR"},{"@type":"Organization","@id":"https:\/\/cj.estrategia.com\/portal\/#organization","name":"Estrat\u00e9gia - Carreiras Jur\u00eddicas","url":"https:\/\/cj.estrategia.com\/portal\/","logo":{"@type":"ImageObject","inLanguage":"pt-BR","@id":"https:\/\/cj.estrategia.com\/portal\/#\/schema\/logo\/image\/","url":"https:\/\/cj.estrategia.com\/portal\/wp-content\/uploads\/2022\/03\/11151052\/cj-logo.png","contentUrl":"https:\/\/cj.estrategia.com\/portal\/wp-content\/uploads\/2022\/03\/11151052\/cj-logo.png","width":150,"height":39,"caption":"Estrat\u00e9gia - Carreiras Jur\u00eddicas"},"image":{"@id":"https:\/\/cj.estrategia.com\/portal\/#\/schema\/logo\/image\/"},"sameAs":["https:\/\/www.facebook.com\/estrategiacarreirajuridica\/","https:\/\/x.com\/EstratJuridica","https:\/\/www.instagram.com\/estrategiacarreirajuridica\/","https:\/\/www.youtube.com\/channel\/UClbMGuYbj2Mh1m3w144ETWQ"]},{"@type":"Person","@id":"https:\/\/cj.estrategia.com\/portal\/#\/schema\/person\/4d70317d31449932b99102916b6637f5","name":"Coordena\u00e7\u00e3o","image":{"@type":"ImageObject","inLanguage":"pt-BR","@id":"https:\/\/cj.estrategia.com\/portal\/wp-content\/uploads\/2022\/05\/12164923\/estrategia-carreira-juridica-coordenacao-96x96.png","url":"https:\/\/cj.estrategia.com\/portal\/wp-content\/uploads\/2022\/05\/12164923\/estrategia-carreira-juridica-coordenacao-96x96.png","contentUrl":"https:\/\/cj.estrategia.com\/portal\/wp-content\/uploads\/2022\/05\/12164923\/estrategia-carreira-juridica-coordenacao-96x96.png","caption":"Coordena\u00e7\u00e3o"},"url":"https:\/\/cj.estrategia.com\/portal\/author\/coordenacao\/"}]}},"jetpack_featured_media_url":"https:\/\/cj.estrategia.com\/portal\/wp-content\/uploads\/2025\/08\/23103842\/justica-recurso-multa.jpg","jetpack_sharing_enabled":true,"_links":{"self":[{"href":"https:\/\/cj.estrategia.com\/portal\/wp-json\/wp\/v2\/posts\/161945","targetHints":{"allow":["GET"]}}],"collection":[{"href":"https:\/\/cj.estrategia.com\/portal\/wp-json\/wp\/v2\/posts"}],"about":[{"href":"https:\/\/cj.estrategia.com\/portal\/wp-json\/wp\/v2\/types\/post"}],"author":[{"embeddable":true,"href":"https:\/\/cj.estrategia.com\/portal\/wp-json\/wp\/v2\/users\/12"}],"replies":[{"embeddable":true,"href":"https:\/\/cj.estrategia.com\/portal\/wp-json\/wp\/v2\/comments?post=161945"}],"version-history":[{"count":5,"href":"https:\/\/cj.estrategia.com\/portal\/wp-json\/wp\/v2\/posts\/161945\/revisions"}],"predecessor-version":[{"id":162472,"href":"https:\/\/cj.estrategia.com\/portal\/wp-json\/wp\/v2\/posts\/161945\/revisions\/162472"}],"wp:featuredmedia":[{"embeddable":true,"href":"https:\/\/cj.estrategia.com\/portal\/wp-json\/wp\/v2\/media\/145376"}],"wp:attachment":[{"href":"https:\/\/cj.estrategia.com\/portal\/wp-json\/wp\/v2\/media?parent=161945"}],"wp:term":[{"taxonomy":"category","embeddable":true,"href":"https:\/\/cj.estrategia.com\/portal\/wp-json\/wp\/v2\/categories?post=161945"},{"taxonomy":"post_tag","embeddable":true,"href":"https:\/\/cj.estrategia.com\/portal\/wp-json\/wp\/v2\/tags?post=161945"},{"taxonomy":"tax_estado","embeddable":true,"href":"https:\/\/cj.estrategia.com\/portal\/wp-json\/wp\/v2\/tax_estado?post=161945"}],"curies":[{"name":"wp","href":"https:\/\/api.w.org\/{rel}","templated":true}]}}