{"id":161833,"date":"2025-11-06T16:48:07","date_gmt":"2025-11-06T19:48:07","guid":{"rendered":"https:\/\/cj.estrategia.com\/portal\/?p=161833"},"modified":"2025-11-11T10:36:42","modified_gmt":"2025-11-11T13:36:42","slug":"competencia-absoluta-vara-infancia-viagens-internacionais","status":"publish","type":"post","link":"https:\/\/cj.estrategia.com\/portal\/competencia-absoluta-vara-infancia-viagens-internacionais\/","title":{"rendered":"Compet\u00eancia da Vara da Inf\u00e2ncia para viagens internacionais"},"content":{"rendered":"\n<p>Prof. Gustavo Cordeiro<\/p>\n\n\n\n<p>Saiba como o STJ consolidou a compet\u00eancia absoluta do Juizado da Inf\u00e2ncia e Juventude e o que isso muda para os concursos jur\u00eddicos.<\/p>\n\n\n\n<h3 class=\"wp-block-heading\" id=\"h-por-que-esse-tema-importa-para-sua-prova\"><span id=\"por-que-esse-tema-importa-para-sua-prova\">Por que esse tema importa para sua prova?<\/span><\/h3>\n\n\n\n<p>Se voc\u00ea est\u00e1 se preparando para Magistratura, Minist\u00e9rio P\u00fablico ou Defensoria P\u00fablica, precisa entender uma mudan\u00e7a de paradigma que vem sendo consolidada pelo STJ: <strong>a <mark style=\"background-color:rgba(0, 0, 0, 0)\" class=\"has-inline-color has-black-color\">compet\u00eancia da Vara da Inf\u00e2ncia e Juventude<\/mark> n\u00e3o se limita a situa\u00e7\u00f5es de risco<\/strong>.<\/p>\n\n\n\n<p>No recente REsp 2.062.293-DF (julgado em setembro de 2025), a Terceira Turma do STJ reafirmou que pedidos de suprimento judicial de autoriza\u00e7\u00e3o para viagem internacional de crian\u00e7as e adolescentes s\u00e3o de compet\u00eancia absoluta do Juizado da Inf\u00e2ncia e Juventude, <strong>independentemente de haver situa\u00e7\u00e3o de vulnerabilidade, abandono ou risco<\/strong>.<\/p>\n\n\n\n<p>Esse entendimento impacta diretamente quest\u00f5es sobre compet\u00eancia, interpreta\u00e7\u00e3o do ECA e aplica\u00e7\u00e3o da doutrina da prote\u00e7\u00e3o integral. \u00c9 mat\u00e9ria recorrente em provas de segunda fase e quest\u00f5es objetivas que exploram a distin\u00e7\u00e3o entre a antiga &#8220;doutrina da situa\u00e7\u00e3o irregular&#8221; e a atual &#8220;doutrina da prote\u00e7\u00e3o integral&#8221;, al\u00e9m das hip\u00f3teses de compet\u00eancia previstas no art. 148 do ECA.<\/p>\n\n\n\n<h3 class=\"wp-block-heading\" id=\"h-da-situacao-irregular-a-protecao-integral-entendendo-a-mudanca-de-paradigma\"><span id=\"da-situacao-irregular-a-protecao-integral-entendendo-a-mudanca-de-paradigma\">Da situa\u00e7\u00e3o irregular \u00e0 prote\u00e7\u00e3o integral: entendendo a mudan\u00e7a de paradigma<\/span><\/h3>\n\n\n\n<p>O <strong><a href=\"https:\/\/www.estrategiaconcursos.com.br\/promocoes\/assinaturas-ecj\/\" target=\"_blank\" >Estatuto da Crian\u00e7a e do Adolescente<\/a><\/strong> (Lei 8.069\/1990) representou uma ruptura completa com o antigo C\u00f3digo de Menores. Enquanto a legisla\u00e7\u00e3o anterior adotava a <strong>doutrina da situa\u00e7\u00e3o irregular<\/strong>&nbsp;\u2014 que restringia a atua\u00e7\u00e3o judicial aos casos de abandono, car\u00eancia ou delinqu\u00eancia \u2014, o ECA consagrou a <strong>doutrina da prote\u00e7\u00e3o integral<\/strong>, fundamentada no art. 227 da Constitui\u00e7\u00e3o Federal.<\/p>\n\n\n\n<h4 class=\"wp-block-heading\" id=\"h-o-que-isso-significa-na-pratica\"><span id=\"o-que-isso-significa-na-pratica\">O que isso significa na pr\u00e1tica?<\/span><\/h4>\n\n\n\n<div class=\"wp-block-media-text is-stacked-on-mobile\" style=\"grid-template-columns:37% auto\"><figure class=\"wp-block-media-text__media\"><img decoding=\"async\" width=\"512\" height=\"512\" src=\"https:\/\/cj.estrategia.com\/portal\/wp-content\/uploads\/2025\/10\/14235630\/protecao-crianca-adolescente-prioridade-justica.png\" alt=\"Vara da Inf\u00e2ncia\" class=\"wp-image-157442 size-full\" srcset=\"https:\/\/cj.estrategia.com\/portal\/wp-content\/uploads\/2025\/10\/14235630\/protecao-crianca-adolescente-prioridade-justica.png 512w, https:\/\/cj.estrategia.com\/portal\/wp-content\/uploads\/2025\/10\/14235630\/protecao-crianca-adolescente-prioridade-justica-300x300.png 300w, https:\/\/cj.estrategia.com\/portal\/wp-content\/uploads\/2025\/10\/14235630\/protecao-crianca-adolescente-prioridade-justica-150x150.png 150w, https:\/\/cj.estrategia.com\/portal\/wp-content\/uploads\/2025\/10\/14235630\/protecao-crianca-adolescente-prioridade-justica-80x80.png 80w, https:\/\/cj.estrategia.com\/portal\/wp-content\/uploads\/2025\/10\/14235630\/protecao-crianca-adolescente-prioridade-justica-380x380.png 380w, https:\/\/cj.estrategia.com\/portal\/wp-content\/uploads\/2025\/10\/14235630\/protecao-crianca-adolescente-prioridade-justica-24x24.png 24w, https:\/\/cj.estrategia.com\/portal\/wp-content\/uploads\/2025\/10\/14235630\/protecao-crianca-adolescente-prioridade-justica-48x48.png 48w, https:\/\/cj.estrategia.com\/portal\/wp-content\/uploads\/2025\/10\/14235630\/protecao-crianca-adolescente-prioridade-justica-96x96.png 96w\" sizes=\"(max-width: 512px) 100vw, 512px\" \/><\/figure><div class=\"wp-block-media-text__content\">\n<p>A Justi\u00e7a da Inf\u00e2ncia e Juventude deixou de ser uma &#8220;justi\u00e7a da exce\u00e7\u00e3o&#8221; para se tornar uma <strong>justi\u00e7a protetiva e preventiva<\/strong>. Sua atua\u00e7\u00e3o n\u00e3o aguarda a configura\u00e7\u00e3o de risco ou amea\u00e7a, mas se projeta para assegurar o exerc\u00edcio pleno dos direitos fundamentais de crian\u00e7as e adolescentes, em conson\u00e2ncia com o princ\u00edpio do melhor interesse.<\/p>\n<\/div><\/div>\n\n\n\n<p>Essa mudan\u00e7a de l\u00f3gica \u00e9 essencial para compreender por que o STJ afirmou, no REsp 2.062.293-DF, que <strong>a aus\u00eancia de situa\u00e7\u00e3o de risco n\u00e3o afasta a compet\u00eancia especializada<\/strong>. A prote\u00e7\u00e3o integral exige que o Judici\u00e1rio atue sempre que houver necessidade de resguardar, prevenir ou assegurar direitos da crian\u00e7a ou do adolescente.<\/p>\n\n\n\n<h2 class=\"wp-block-heading\" id=\"h-mapeamento-completo-as-hipoteses-de-competencia-da-vara-da-infancia\"><span id=\"mapeamento-completo-as-hipoteses-de-competencia-da-vara-da-infancia\">Mapeamento completo: as hip\u00f3teses de compet\u00eancia da Vara da Inf\u00e2ncia<\/span><\/h2>\n\n\n\n<p>O art. 148 do ECA estabelece um rol extenso de compet\u00eancias da Justi\u00e7a da Inf\u00e2ncia e Juventude, que pode ser didaticamente dividido em <strong>duas categorias<\/strong>: compet\u00eancias gerais (incisos I a VII) e compet\u00eancias condicionadas \u00e0s hip\u00f3teses do art. 98 (par\u00e1grafo \u00fanico).<\/p>\n\n\n\n<h3 class=\"wp-block-heading\" id=\"h-competencias-gerais-art-148-incisos-i-a-vii\"><span id=\"competencias-gerais-art-148-incisos-i-a-vii\">Compet\u00eancias gerais (art. 148, incisos I a VII)<\/span><\/h3>\n\n\n\n<p>Estas compet\u00eancias <strong>independem da configura\u00e7\u00e3o de situa\u00e7\u00e3o de risco<\/strong>&nbsp;prevista no art. 98 do ECA:<\/p>\n\n\n\n<pre class=\"wp-block-preformatted\"><strong>I - Apura\u00e7\u00e3o de ato infracional<\/strong>&nbsp;Conhecer de representa\u00e7\u00f5es promovidas pelo Minist\u00e9rio P\u00fablico para apura\u00e7\u00e3o de ato infracional atribu\u00eddo a adolescente, aplicando as medidas socioeducativas cab\u00edveis. Esta \u00e9 a compet\u00eancia mais conhecida e abrange toda a sistem\u00e1tica do procedimento de apura\u00e7\u00e3o de atos infracionais.<br><br><strong>II - Remiss\u00e3o<\/strong>&nbsp;Conceder a remiss\u00e3o, como forma de suspens\u00e3o ou extin\u00e7\u00e3o do processo. A remiss\u00e3o \u00e9 um instituto de pol\u00edtica criminal juvenil que pode ser concedida antes ou durante o processo, funcionando como perd\u00e3o judicial ou transa\u00e7\u00e3o.<br><br><strong>III - Ado\u00e7\u00e3o<\/strong>&nbsp;Conhecer de pedidos de ado\u00e7\u00e3o e seus incidentes. Toda e qualquer ado\u00e7\u00e3o de crian\u00e7a ou adolescente tramita perante a Vara da Inf\u00e2ncia, sendo esta compet\u00eancia exclusiva e indeleg\u00e1vel.<br><br><strong>IV - A\u00e7\u00f5es civis fundadas em interesses individuais, difusos ou coletivos<\/strong>&nbsp;Conhecer de a\u00e7\u00f5es civis fundadas em interesses individuais, difusos ou coletivos afetos \u00e0 crian\u00e7a e ao adolescente. Aqui se incluem a\u00e7\u00f5es civis p\u00fablicas, a\u00e7\u00f5es coletivas e a\u00e7\u00f5es individuais que versem sobre direitos infantojuvenis, observado o art. 209 do ECA.<br><br><strong>V - Irregularidades em entidades de atendimento<\/strong>&nbsp;Conhecer de a\u00e7\u00f5es decorrentes de irregularidades em entidades de atendimento, aplicando as medidas cab\u00edveis. Esta compet\u00eancia fiscalizat\u00f3ria permite a interven\u00e7\u00e3o em abrigos, institui\u00e7\u00f5es de acolhimento e entidades que executam medidas socioeducativas.<br><br><strong>VI - Infra\u00e7\u00f5es administrativas<\/strong>&nbsp;Aplicar penalidades administrativas nos casos de infra\u00e7\u00f5es contra norma de prote\u00e7\u00e3o \u00e0 crian\u00e7a ou adolescente. Inclui multas e outras san\u00e7\u00f5es previstas nos arts. 245 a 258 do ECA.<br><br><strong>VII - Casos encaminhados pelo Conselho Tutelar<\/strong>&nbsp;Conhecer de casos encaminhados pelo Conselho Tutelar, aplicando as medidas cab\u00edveis. Esta compet\u00eancia estabelece a interface entre o \u00f3rg\u00e3o administrativo (Conselho Tutelar) e o Poder Judici\u00e1rio.<\/pre>\n\n\n\n<h3 class=\"wp-block-heading\" id=\"h-competencias-condicionadas-art-148-paragrafo-unico\"><span id=\"competencias-condicionadas-art-148-paragrafo-unico\">Compet\u00eancias condicionadas (art. 148, Par\u00e1grafo \u00danico)<\/span><\/h3>\n\n\n\n<p>Estas compet\u00eancias s\u00e3o aplic\u00e1veis <strong>&#8220;quando se tratar de crian\u00e7a ou adolescente nas hip\u00f3teses do art. 98&#8221;<\/strong>, que prev\u00ea situa\u00e7\u00f5es de:<\/p>\n\n\n\n<ul class=\"wp-block-list\">\n<li>Amea\u00e7a ou viola\u00e7\u00e3o de direitos por a\u00e7\u00e3o ou omiss\u00e3o da sociedade ou do Estado<\/li>\n\n\n\n<li>Falta, omiss\u00e3o ou abuso dos pais ou respons\u00e1vel<\/li>\n\n\n\n<li>Conduta da pr\u00f3pria crian\u00e7a ou adolescente<\/li>\n<\/ul>\n\n\n\n<p><strong><mark style=\"background-color:#fcb900\" class=\"has-inline-color\">Importante:<\/mark><\/strong>&nbsp;O STJ, no REsp 2.062.293-DF, flexibilizou essa exig\u00eancia ao estabelecer que, para fins da al\u00ednea &#8220;d&#8221; (discord\u00e2ncia no exerc\u00edcio do poder familiar), a compet\u00eancia \u00e9 absoluta mesmo sem configura\u00e7\u00e3o das hip\u00f3teses do art. 98.<\/p>\n\n\n\n<pre class=\"wp-block-preformatted\"><strong>a) Guarda e tutela<\/strong>&nbsp;Conhecer de pedidos de guarda e tutela. Esta compet\u00eancia se distingue da regulamenta\u00e7\u00e3o de guarda nas a\u00e7\u00f5es de fam\u00edlia: quando h\u00e1 situa\u00e7\u00e3o do art. 98, a compet\u00eancia \u00e9 da Vara da Inf\u00e2ncia; quando se trata apenas de lit\u00edgio entre os pais, pode tramitar na Vara de Fam\u00edlia.<br><br><strong>b) Destitui\u00e7\u00e3o do poder familiar, perda ou modifica\u00e7\u00e3o da tutela ou guarda<\/strong>&nbsp;Esta \u00e9 uma das compet\u00eancias mais sens\u00edveis, pois envolve o rompimento dos v\u00ednculos jur\u00eddicos entre pais e filhos. A destitui\u00e7\u00e3o do poder familiar sempre tramita na Vara da Inf\u00e2ncia, sendo medida extrema e excepcional.<br><br><strong>c) Suprimento de capacidade ou consentimento para casamento<\/strong>&nbsp;Embora o casamento seja poss\u00edvel excepcionalmente antes dos 16 anos (art. 1.520 do CC), o suprimento judicial deve ser processado perante a Vara da Inf\u00e2ncia.<br><br><strong>d) Discord\u00e2ncia paterna ou materna no exerc\u00edcio do poder familiar<\/strong>&nbsp;Esta \u00e9 a al\u00ednea central do julgado do STJ. Aqui se incluem todos os pedidos baseados em diverg\u00eancia entre os genitores quanto ao exerc\u00edcio do poder familiar, <strong>desde que a discord\u00e2ncia repercuta em direitos da crian\u00e7a ou adolescente<\/strong>. \u00c9 nesta hip\u00f3tese que se enquadra o suprimento de autoriza\u00e7\u00e3o para viagem internacional.<br><br><strong>e) Emancipa\u00e7\u00e3o<\/strong>&nbsp;Conceder a emancipa\u00e7\u00e3o, nos termos da lei civil, quando faltarem os pais. A compet\u00eancia \u00e9 residual, aplic\u00e1vel apenas quando n\u00e3o houver pais para conceder a emancipa\u00e7\u00e3o volunt\u00e1ria.<br><br><strong>f) Designa\u00e7\u00e3o de curador especial<\/strong>&nbsp;Designar curador especial em casos de apresenta\u00e7\u00e3o de queixa ou representa\u00e7\u00e3o, ou de outros procedimentos judiciais ou extrajudiciais em que haja interesses de crian\u00e7a ou adolescente. Garante-se, assim, a representa\u00e7\u00e3o adequada do infante em situa\u00e7\u00f5es de conflito de interesses.<br><br><strong>g) A\u00e7\u00f5es de alimentos<\/strong>&nbsp;Conhecer de a\u00e7\u00f5es de alimentos. Embora alimentos tamb\u00e9m possam tramitar nas Varas de Fam\u00edlia, quando envolver crian\u00e7a ou adolescente nas hip\u00f3teses do art. 98, a compet\u00eancia \u00e9 da Vara da Inf\u00e2ncia.<br><br><strong>h) Cancelamento, retifica\u00e7\u00e3o e suprimento de registros<\/strong>&nbsp;Determinar o cancelamento, a retifica\u00e7\u00e3o e o suprimento dos registros de nascimento e \u00f3bito. Esta compet\u00eancia \u00e9 especialmente relevante em casos de sub-registro, ado\u00e7\u00e3o, reconhecimento de paternidade socioafetiva, entre outros.<\/pre>\n\n\n\n<h2 class=\"wp-block-heading\" id=\"h-a-competencia-absoluta-da-vara-da-infancia-fundamentos-legais\"><span id=\"a-competencia-absoluta-da-vara-da-infancia-fundamentos-legais\">A compet\u00eancia absoluta da Vara da Inf\u00e2ncia: fundamentos legais<\/span><\/h2>\n\n\n\n<p>A compet\u00eancia prevista no art. 148 do ECA reveste-se de natureza <strong>absoluta<\/strong>, por se tratar de compet\u00eancia vinculada \u00e0 mat\u00e9ria diretamente afeta \u00e0 prote\u00e7\u00e3o da crian\u00e7a e do adolescente. Isso significa que:<\/p>\n\n\n\n<ul class=\"wp-block-list\">\n<li><strong>N\u00e3o se sujeita a modifica\u00e7\u00f5es<\/strong>&nbsp;decorrentes de conven\u00e7\u00e3o das partes ou crit\u00e9rios de foro (art. 62, CPC)<\/li>\n\n\n\n<li><strong>Pode ser reconhecida de of\u00edcio<\/strong>&nbsp;pelo juiz em qualquer tempo e grau de jurisdi\u00e7\u00e3o<\/li>\n\n\n\n<li><strong>Gera nulidade absoluta<\/strong>&nbsp;de senten\u00e7a proferida por ju\u00edzo incompetente<\/li>\n\n\n\n<li><strong>Decorre da mat\u00e9ria<\/strong>&nbsp;(<em>ratione materiae<\/em>), em raz\u00e3o da especialidade da jurisdi\u00e7\u00e3o protetiva infantojuvenil<\/li>\n<\/ul>\n\n\n\n<p>A especializa\u00e7\u00e3o da Justi\u00e7a da Inf\u00e2ncia e Juventude n\u00e3o \u00e9 mera quest\u00e3o de organiza\u00e7\u00e3o judici\u00e1ria, mas verdadeira garantia fundamental das crian\u00e7as e adolescentes, assegurando que suas demandas sejam apreciadas por magistrados e equipe t\u00e9cnica especializados em direitos infantojuvenis.<\/p>\n\n\n\n<h2 class=\"wp-block-heading\" id=\"h-o-entendimento-do-stj-resp-2-062-293-df-e-a-alinea-d\"><span id=\"o-entendimento-do-stj-resp-2-062-293-df-e-a-alinea-d\">O entendimento do STJ: REsp 2.062.293-DF e a al\u00ednea &#8220;d&#8221;<\/span><\/h2>\n\n\n\n<p>No julgamento do REsp 2.062.293-DF, o Ministro Ricardo Villas B\u00f4as Cueva, relator do caso, enfrentou diretamente a seguinte quest\u00e3o: <strong>a aus\u00eancia de situa\u00e7\u00e3o de risco prevista no art. 98 afastaria a compet\u00eancia da Vara da Inf\u00e2ncia nos casos da al\u00ednea &#8220;d&#8221; do par\u00e1grafo \u00fanico do art. 148?<\/strong><\/p>\n\n\n\n<p>A resposta foi categ\u00f3rica: <strong>n\u00e3o<\/strong>.<\/p>\n\n\n\n<p>Segundo o ac\u00f3rd\u00e3o, ainda que inexista situa\u00e7\u00e3o de risco ou amea\u00e7a direta \u00e0 integridade f\u00edsica ou psicol\u00f3gica da crian\u00e7a, tal circunst\u00e2ncia n\u00e3o \u00e9 suficiente para afastar a compet\u00eancia do Juizado da Inf\u00e2ncia e Juventude quando o pedido se fundamentar em discord\u00e2ncia no exerc\u00edcio do poder familiar que repercuta em direitos da crian\u00e7a.<\/p>\n\n\n\n<p><strong>O racioc\u00ednio \u00e9 t\u00e9cnico e preciso<\/strong>:<\/p>\n\n\n\n<p>A negativa de um dos genitores em autorizar a viagem internacional, quando n\u00e3o fundada em justificativa plaus\u00edvel, configura <strong>\u00f3bice ao exerc\u00edcio de <mark style=\"background-color:rgba(0, 0, 0, 0)\" class=\"has-inline-color has-black-color\">direitos fundamentais da crian\u00e7a<\/mark><\/strong>, como:<\/p>\n\n\n\n<ul class=\"wp-block-list\">\n<li>Direito \u00e0 conviv\u00eancia familiar (art. 227, CF)<\/li>\n\n\n\n<li>Direito ao lazer e \u00e0 cultura (art. 227, CF)<\/li>\n\n\n\n<li>Direito \u00e0 liberdade de locomo\u00e7\u00e3o<\/li>\n\n\n\n<li>Direito ao desenvolvimento integral<\/li>\n<\/ul>\n\n\n\n<p>Portanto, o que define a compet\u00eancia n\u00e3o \u00e9 a presen\u00e7a de situa\u00e7\u00e3o de risco do art. 98, mas sim a <strong>necessidade de resguardar direitos fundamentais<\/strong>&nbsp;previstos na Constitui\u00e7\u00e3o e no ECA. A prote\u00e7\u00e3o integral exige que o Judici\u00e1rio atue preventivamente, e n\u00e3o apenas de forma reativa ou corretiva.<\/p>\n\n\n\n<h2 class=\"wp-block-heading\" id=\"h-diferenciando-competencia-da-vara-da-infancia-x-vara-de-familia\"><span id=\"diferenciando-competencia-da-vara-da-infancia-x-vara-de-familia\">Diferenciando: compet\u00eancia da Vara da Inf\u00e2ncia x Vara de Fam\u00edlia<\/span><\/h2>\n\n\n\n<p>Um ponto que gera enorme confus\u00e3o em provas \u2014 e erros fatais em segunda fase \u2014 \u00e9 a distin\u00e7\u00e3o entre os pedidos que s\u00e3o de compet\u00eancia da Vara da Inf\u00e2ncia e aqueles que podem tramitar perante as Varas de Fam\u00edlia. Vamos sistematizar:<\/p>\n\n\n\n<h3 class=\"wp-block-heading\" id=\"h-competencia-da-vara-da-infancia\"><span id=\"competencia-da-vara-da-infancia\">Compet\u00eancia da Vara da Inf\u00e2ncia<\/span><\/h3>\n\n\n\n<p><strong>Sempre competente:<\/strong><\/p>\n\n\n\n<ul class=\"wp-block-list\">\n<li>Atos infracionais e medidas socioeducativas<\/li>\n\n\n\n<li>Ado\u00e7\u00e3o e destitui\u00e7\u00e3o do poder familiar<\/li>\n\n\n\n<li>Medidas de prote\u00e7\u00e3o do art. 101 do ECA<\/li>\n\n\n\n<li>A\u00e7\u00f5es civis p\u00fablicas sobre direitos infantojuvenis<\/li>\n\n\n\n<li>Fiscaliza\u00e7\u00e3o de entidades de atendimento<\/li>\n\n\n\n<li>Suprimento de autoriza\u00e7\u00e3o para viagem internacional (conforme REsp 2.062.293-DF)<\/li>\n<\/ul>\n\n\n\n<p><strong>Competente nas hip\u00f3teses do art. 98 (situa\u00e7\u00e3o de risco):<\/strong><\/p>\n\n\n\n<ul class=\"wp-block-list\">\n<li>Guarda e tutela (quando houver risco ou viola\u00e7\u00e3o de direitos)<\/li>\n\n\n\n<li>Alimentos (quando configurada situa\u00e7\u00e3o do art. 98)<\/li>\n\n\n\n<li>Regulamenta\u00e7\u00e3o de visitas (quando envolver prote\u00e7\u00e3o da crian\u00e7a)<\/li>\n<\/ul>\n\n\n\n<h3 class=\"wp-block-heading\" id=\"h-competencia-da-vara-de-familia\"><span id=\"competencia-da-vara-de-familia\">Compet\u00eancia da Vara de Fam\u00edlia<\/span><\/h3>\n\n\n\n<p><strong>Regra geral:<\/strong><\/p>\n\n\n\n<ul class=\"wp-block-list\">\n<li>Div\u00f3rcio e dissolu\u00e7\u00e3o de uni\u00e3o est\u00e1vel<\/li>\n\n\n\n<li>Fixa\u00e7\u00e3o de alimentos entre os pais<\/li>\n\n\n\n<li>Partilha de bens<\/li>\n\n\n\n<li>Regulamenta\u00e7\u00e3o de guarda e visitas <strong>em lit\u00edgios exclusivamente entre os genitores, sem situa\u00e7\u00e3o de risco<\/strong><\/li>\n<\/ul>\n\n\n\n<p><strong>O crit\u00e9rio diferenciador fundamental:<\/strong>&nbsp;quando a quest\u00e3o envolve <strong>prote\u00e7\u00e3o direta de direitos da crian\u00e7a ou adolescente<\/strong>, a compet\u00eancia \u00e9 da Vara da Inf\u00e2ncia; quando se trata de <strong>lit\u00edgio patrimonial ou pessoal entre os pais<\/strong>, pode tramitar na Vara de Fam\u00edlia.<\/p>\n\n\n\n<h2 class=\"wp-block-heading\" id=\"h-quadro-comparativo-para-memorizacao\"><span id=\"quadro-comparativo-para-memorizacao\">Quadro comparativo para memoriza\u00e7\u00e3o<\/span><\/h2>\n\n\n\n<figure class=\"wp-block-table\"><table class=\"has-fixed-layout\"><tbody><tr><td><strong>Situa\u00e7\u00e3o<\/strong><strong><\/strong><\/td><td><strong>Compet\u00eancia<\/strong><strong><\/strong><\/td><\/tr><tr><td>Guarda + situa\u00e7\u00e3o de risco (art. 98)<\/td><td>Vara da Inf\u00e2ncia<\/td><\/tr><tr><td>Guarda litigiosa entre pais (sem risco)<\/td><td>Vara de Fam\u00edlia<\/td><\/tr><tr><td>Suprimento autoriza\u00e7\u00e3o viagem internacional<\/td><td>Vara da Inf\u00e2ncia (absoluta)<\/td><\/tr><tr><td>Regulamenta\u00e7\u00e3o de visitas + risco (art. 98)<\/td><td>Vara da Inf\u00e2ncia<\/td><\/tr><tr><td>Regulamenta\u00e7\u00e3o de visitas (lit\u00edgio simples)<\/td><td>Vara de Fam\u00edlia<\/td><\/tr><tr><td>Alimentos + situa\u00e7\u00e3o de risco (art. 98)<\/td><td>Vara da Inf\u00e2ncia<\/td><\/tr><tr><td>Alimentos (sem risco)<\/td><td>Vara de Fam\u00edlia<\/td><\/tr><tr><td>Destitui\u00e7\u00e3o do poder familiar<\/td><td>Vara da Inf\u00e2ncia (sempre)<\/td><\/tr><tr><td>Ado\u00e7\u00e3o<\/td><td>Vara da Inf\u00e2ncia (sempre)<\/td><\/tr><\/tbody><\/table><\/figure>\n\n\n\n<h2 class=\"wp-block-heading\" id=\"h-conexao-direta-com-concursos-publicos\"><span id=\"conexao-direta-com-concursos-publicos\">Conex\u00e3o direta com concursos p\u00fablicos<\/span><\/h2>\n\n\n\n<p>Esse tema j\u00e1 foi explorado em diversas provas de Magistratura, Minist\u00e9rio P\u00fablico e Defensoria, especialmente em quest\u00f5es que exigem a distin\u00e7\u00e3o entre compet\u00eancia absoluta e relativa, a correta aplica\u00e7\u00e3o do ECA e o dom\u00ednio das hip\u00f3teses do art. 148.<\/p>\n\n\n\n<p>Vamos testar seu conhecimento com uma quest\u00e3o elaborada no estilo dos grandes concursos:<\/p>\n\n\n\n<pre class=\"wp-block-preformatted\"><strong>QUEST\u00c3O SIMULADA<\/strong><br><br>Maria e Jo\u00e3o s\u00e3o pais de Pedro, crian\u00e7a de 8 anos. Maria deseja viajar com Pedro para a Europa durante as f\u00e9rias escolares, mas Jo\u00e3o se recusa a fornecer autoriza\u00e7\u00e3o para a viagem, alegando que a crian\u00e7a n\u00e3o deveria perder aulas de nata\u00e7\u00e3o. N\u00e3o h\u00e1 qualquer ind\u00edcio de risco \u00e0 integridade f\u00edsica ou psicol\u00f3gica de Pedro, tampouco situa\u00e7\u00e3o de vulnerabilidade familiar prevista no art. 98 do ECA. Maria aju\u00edza pedido de suprimento judicial de autoriza\u00e7\u00e3o perante a Vara de Fam\u00edlia. Considerando o entendimento do STJ no REsp 2.062.293-DF, assinale a alternativa correta:<br><br><strong>A)<\/strong>&nbsp;O pedido deve ser julgado pela Vara de Fam\u00edlia, pois n\u00e3o h\u00e1 situa\u00e7\u00e3o de risco prevista no art. 98 do ECA que justifique a atua\u00e7\u00e3o da Vara da Inf\u00e2ncia e Juventude.<br><br><strong>B)<\/strong>&nbsp;A compet\u00eancia \u00e9 da Vara da Inf\u00e2ncia e Juventude, em car\u00e1ter absoluto, por se tratar de discord\u00e2ncia no exerc\u00edcio do poder familiar que repercute em direitos da crian\u00e7a, independentemente de configura\u00e7\u00e3o das hip\u00f3teses do art. 98 do ECA.<br><br><strong>C)<\/strong>&nbsp;A compet\u00eancia \u00e9 relativa, podendo ser prorrogada se ambos os genitores concordarem com a tramita\u00e7\u00e3o na Vara de Fam\u00edlia, em homenagem aos princ\u00edpios da economia processual e da celeridade.<br><br><strong>D)<\/strong>&nbsp;A aus\u00eancia de situa\u00e7\u00e3o de risco torna desnecess\u00e1ria a interven\u00e7\u00e3o judicial, devendo a m\u00e3e buscar solu\u00e7\u00e3o consensual em sede de media\u00e7\u00e3o familiar extrajudicial.<br><br><strong>E)<\/strong>&nbsp;O pedido deve ser julgado pela Vara de Fam\u00edlia, aplicando-se subsidiariamente o C\u00f3digo Civil nos casos em que n\u00e3o h\u00e1 vulnerabilidade, conforme doutrina da situa\u00e7\u00e3o irregular ainda aplic\u00e1vel.<br><br><strong>GABARITO: B<\/strong><\/pre>\n\n\n\n<h5 class=\"wp-block-heading\" id=\"h-explicacao\"><span id=\"explicacao\">Explica\u00e7\u00e3o:<\/span><\/h5>\n\n\n\n<pre class=\"wp-block-preformatted\">A alternativa <strong>B<\/strong>&nbsp;est\u00e1 correta porque, conforme decidido pelo STJ no REsp 2.062.293-DF, a compet\u00eancia da Vara da Inf\u00e2ncia e Juventude \u00e9 <strong>absoluta<\/strong>&nbsp;para julgar pedidos de suprimento de autoriza\u00e7\u00e3o parental para viagem internacional, independentemente da exist\u00eancia de situa\u00e7\u00e3o de risco prevista no art. 98 do ECA. O fundamento est\u00e1 no art. 148, par\u00e1grafo \u00fanico, al\u00ednea \"d\", do ECA, que estabelece compet\u00eancia para conhecer de pedidos baseados em discord\u00e2ncia no exerc\u00edcio do poder familiar quando isso repercutir em direitos da crian\u00e7a ou adolescente. A negativa injustificada de autoriza\u00e7\u00e3o obsta o exerc\u00edcio de direitos fundamentais (conviv\u00eancia familiar, lazer, cultura, liberdade de locomo\u00e7\u00e3o), justificando a atua\u00e7\u00e3o da jurisdi\u00e7\u00e3o especializada. O STJ foi claro ao afirmar que a aus\u00eancia de situa\u00e7\u00e3o do art. 98 n\u00e3o afasta a compet\u00eancia quando se trata da hip\u00f3tese da al\u00ednea \"d\", pois a prote\u00e7\u00e3o integral exige atua\u00e7\u00e3o preventiva, e n\u00e3o apenas reativa.<\/pre>\n\n\n\n<pre class=\"wp-block-preformatted\">A alternativa <strong>A<\/strong>&nbsp;est\u00e1 incorreta porque adota interpreta\u00e7\u00e3o equivocada do par\u00e1grafo \u00fanico do art. 148, condicionando todas as suas hip\u00f3teses \u00e0 configura\u00e7\u00e3o do art. 98. Embora o caput do par\u00e1grafo \u00fanico mencione \"quando se tratar de crian\u00e7a ou adolescente nas hip\u00f3teses do art. 98\", o STJ entendeu que, para a al\u00ednea \"d\", essa exig\u00eancia \u00e9 flexibilizada pela pr\u00f3pria natureza da discord\u00e2ncia no poder familiar, que sempre repercute em direitos da crian\u00e7a. Al\u00e9m disso, aplica a ultrapassada doutrina da situa\u00e7\u00e3o irregular, contrariando a doutrina da prote\u00e7\u00e3o integral consagrada pelo ECA.<\/pre>\n\n\n\n<pre class=\"wp-block-preformatted\">A alternativa <strong>C<\/strong>&nbsp;est\u00e1 incorreta porque a compet\u00eancia absoluta n\u00e3o admite prorroga\u00e7\u00e3o, nem mesmo por acordo das partes (art. 62, CPC). A natureza da compet\u00eancia decorre da mat\u00e9ria (<em>ratione materiae<\/em>) e da especializa\u00e7\u00e3o da jurisdi\u00e7\u00e3o protetiva infantojuvenil, sendo indispon\u00edvel.<\/pre>\n\n\n\n<pre class=\"wp-block-preformatted\">A alternativa <strong>D<\/strong>&nbsp;est\u00e1 incorreta porque a interven\u00e7\u00e3o judicial \u00e9 necess\u00e1ria e leg\u00edtima sempre que houver discord\u00e2ncia no exerc\u00edcio do poder familiar que afete direitos da crian\u00e7a, sendo dever do Estado assegurar prote\u00e7\u00e3o integral. A jurisdi\u00e7\u00e3o volunt\u00e1ria n\u00e3o se confunde com aus\u00eancia de interesse processual, e o Judici\u00e1rio n\u00e3o pode se eximir de solucionar conflitos que obstaculizam direitos fundamentais de crian\u00e7as e adolescentes.<\/pre>\n\n\n\n<pre class=\"wp-block-preformatted\">A alternativa <strong>E<\/strong>&nbsp;est\u00e1 incorreta, primeiro, porque menciona a doutrina da situa\u00e7\u00e3o irregular como \"ainda aplic\u00e1vel\", quando na verdade foi completamente superada pela doutrina da prote\u00e7\u00e3o integral desde 1990. Segundo, porque mesmo na aus\u00eancia de vulnerabilidade, a compet\u00eancia continua sendo da Vara da Inf\u00e2ncia quando se trata de discord\u00e2ncia que repercute em direitos infantojuvenis, conforme expressamente decidido pelo STJ. A aplica\u00e7\u00e3o subsidi\u00e1ria do C\u00f3digo Civil n\u00e3o altera a compet\u00eancia absoluta estabelecida pelo ECA.<\/pre>\n\n\n\n<p>Esse dom\u00ednio completo das hip\u00f3teses de compet\u00eancia do art. 148 do ECA, combinado com a compreens\u00e3o da evolu\u00e7\u00e3o jurisprudencial trazida pelo STJ, \u00e9 o que diferencia candidatos medianos dos aprovados. N\u00e3o basta decorar o rol \u2014 \u00e9 preciso entender a l\u00f3gica da prote\u00e7\u00e3o integral e saber aplic\u00e1-la nas situa\u00e7\u00f5es-limite que as bancas adoram cobrar.<\/p>\n\n\n\n<hr class=\"wp-block-separator has-alpha-channel-opacity\"\/>\n\n\n\n<h2 class=\"wp-block-heading has-text-align-center\" id=\"h-quer-saber-quais-serao-os-proximos-concursos\"><span id=\"quer-saber-quais-serao-os-proximos-concursos\">Quer saber quais ser\u00e3o os pr\u00f3ximos concursos?<\/span><\/h2>\n\n\n\n<pre class=\"wp-block-verse has-text-align-center\">Confira nossos&nbsp;<a href=\"https:\/\/cj.estrategia.com\/portal\/\" target=\"_blank\" >artigos para Carreiras Jur\u00eddicas<\/a>!<\/pre>\n\n\n\n<p class=\"has-text-align-center has-white-color has-pale-cyan-blue-background-color has-text-color has-background has-link-color wp-elements-723b3278bf14a50a5e7b7e937b9a17d4\"><a href=\"https:\/\/cj.estrategia.com\/portal\/concursos-abertos-carreiras-juridicas\/\">Concursos jur\u00eddicos abertos<\/a><\/p>\n\n\n\n<p class=\"has-text-align-center has-white-color has-pale-cyan-blue-background-color has-text-color has-background has-link-color wp-elements-41349f36dc977263ca2129bf0f6dd541\"><a href=\"https:\/\/cj.estrategia.com\/portal\/concursos-2025-carreiras-juridicas\/\" target=\"_blank\" >Concursos jur\u00eddicos 2025<\/a><\/p>\n","protected":false},"excerpt":{"rendered":"Prof. Gustavo Cordeiro Saiba como o STJ consolidou a compet\u00eancia absoluta do Juizado da Inf\u00e2ncia e Juventude e&hellip;\n","protected":false},"author":12,"featured_media":161844,"comment_status":"open","ping_status":"open","sticky":false,"template":"","format":"standard","meta":{"_jetpack_memberships_contains_paid_content":false,"footnotes":""},"categories":[1,27,26,25],"tags":[314,456,175,2718,3719,202,3720,1582,3718],"tax_estado":[37],"class_list":{"0":"post-161833","1":"post","2":"type-post","3":"status-publish","4":"format-standard","5":"has-post-thumbnail","7":"category-carreiras-juridicas","8":"category-defensoria","9":"category-magistratura","10":"category-promotoria","11":"tag-competencia","12":"tag-concurso-publico","13":"tag-eca","14":"tag-protecao-integral-de-criancas-e-adolescentes","15":"tag-resp-2-062-293-df","16":"tag-stj","17":"tag-vara-da-familia","18":"tag-vara-da-infancia-e-juventude","19":"tag-viagens-internacionais","20":"tax_estado-df"},"acf":[],"yoast_head":"<!-- This site is optimized with the Yoast SEO Premium plugin v27.4 (Yoast SEO v27.4) - https:\/\/yoast.com\/product\/yoast-seo-premium-wordpress\/ -->\n<title>Compet\u00eancia da Vara da Inf\u00e2ncia para viagens internacionais<\/title>\n<meta name=\"description\" content=\"Uma mudan\u00e7a de paradigma vem sendo consolidada pelo STJ: a compet\u00eancia da Vara da Inf\u00e2ncia e Juventude n\u00e3o se limita a situa\u00e7\u00f5es de risco.\" \/>\n<meta name=\"robots\" content=\"index, follow, max-snippet:-1, max-image-preview:large, max-video-preview:-1\" \/>\n<link rel=\"canonical\" href=\"https:\/\/cj.estrategia.com\/portal\/competencia-absoluta-vara-infancia-viagens-internacionais\/\" \/>\n<meta property=\"og:locale\" content=\"pt_BR\" \/>\n<meta property=\"og:type\" content=\"article\" \/>\n<meta property=\"og:title\" content=\"Compet\u00eancia da Vara da Inf\u00e2ncia para viagens internacionais\" \/>\n<meta property=\"og:description\" content=\"Uma mudan\u00e7a de paradigma vem sendo consolidada pelo STJ: a compet\u00eancia da Vara da Inf\u00e2ncia e Juventude n\u00e3o se limita a situa\u00e7\u00f5es de risco.\" \/>\n<meta property=\"og:url\" content=\"https:\/\/cj.estrategia.com\/portal\/competencia-absoluta-vara-infancia-viagens-internacionais\/\" \/>\n<meta property=\"og:site_name\" content=\"Blog - Carreiras Jur\u00eddicas - Estrat\u00e9gia\" \/>\n<meta property=\"article:publisher\" content=\"https:\/\/www.facebook.com\/estrategiacarreirajuridica\/\" \/>\n<meta property=\"article:published_time\" content=\"2025-11-06T19:48:07+00:00\" \/>\n<meta property=\"article:modified_time\" content=\"2025-11-11T13:36:42+00:00\" \/>\n<meta property=\"og:image\" content=\"https:\/\/cj.estrategia.com\/portal\/wp-content\/uploads\/2025\/11\/06162650\/viagem-internacional-crianca-vara-infancia.jpg\" \/>\n\t<meta property=\"og:image:width\" content=\"2000\" \/>\n\t<meta property=\"og:image:height\" content=\"1528\" \/>\n\t<meta property=\"og:image:type\" content=\"image\/jpeg\" \/>\n<meta name=\"author\" content=\"Coordena\u00e7\u00e3o\" \/>\n<meta name=\"twitter:card\" content=\"summary_large_image\" \/>\n<meta name=\"twitter:creator\" content=\"@EstratJuridica\" \/>\n<meta name=\"twitter:site\" content=\"@EstratJuridica\" \/>\n<meta name=\"twitter:label1\" content=\"Escrito por\" \/>\n\t<meta name=\"twitter:data1\" content=\"Coordena\u00e7\u00e3o\" \/>\n\t<meta name=\"twitter:label2\" content=\"Est. tempo de leitura\" \/>\n\t<meta name=\"twitter:data2\" content=\"8 minutos\" \/>\n<script type=\"application\/ld+json\" class=\"yoast-schema-graph\">{\"@context\":\"https:\\\/\\\/schema.org\",\"@graph\":[{\"@type\":\"NewsArticle\",\"@id\":\"https:\\\/\\\/cj.estrategia.com\\\/portal\\\/competencia-absoluta-vara-infancia-viagens-internacionais\\\/#article\",\"isPartOf\":{\"@id\":\"https:\\\/\\\/cj.estrategia.com\\\/portal\\\/competencia-absoluta-vara-infancia-viagens-internacionais\\\/\"},\"author\":{\"name\":\"Coordena\u00e7\u00e3o\",\"@id\":\"https:\\\/\\\/cj.estrategia.com\\\/portal\\\/#\\\/schema\\\/person\\\/4d70317d31449932b99102916b6637f5\"},\"headline\":\"Compet\u00eancia da Vara da Inf\u00e2ncia para viagens internacionais\",\"datePublished\":\"2025-11-06T19:48:07+00:00\",\"dateModified\":\"2025-11-11T13:36:42+00:00\",\"mainEntityOfPage\":{\"@id\":\"https:\\\/\\\/cj.estrategia.com\\\/portal\\\/competencia-absoluta-vara-infancia-viagens-internacionais\\\/\"},\"wordCount\":1512,\"commentCount\":0,\"publisher\":{\"@id\":\"https:\\\/\\\/cj.estrategia.com\\\/portal\\\/#organization\"},\"image\":{\"@id\":\"https:\\\/\\\/cj.estrategia.com\\\/portal\\\/competencia-absoluta-vara-infancia-viagens-internacionais\\\/#primaryimage\"},\"thumbnailUrl\":\"https:\\\/\\\/cj.estrategia.com\\\/portal\\\/wp-content\\\/uploads\\\/2025\\\/11\\\/06162650\\\/viagem-internacional-crianca-vara-infancia.jpg\",\"keywords\":[\"compet\u00eancia\",\"concurso p\u00fablico\",\"ECA\",\"prote\u00e7\u00e3o integral de crian\u00e7as e adolescentes\",\"REsp 2.062.293-DF\",\"STJ\",\"Vara da Fam\u00edlia\",\"Vara da Inf\u00e2ncia e Juventude\",\"viagens internacionais\"],\"articleSection\":[\"Carreiras Jur\u00eddicas\",\"Defensoria\",\"Magistratura\",\"Promotoria\"],\"inLanguage\":\"pt-BR\",\"potentialAction\":[{\"@type\":\"CommentAction\",\"name\":\"Comment\",\"target\":[\"https:\\\/\\\/cj.estrategia.com\\\/portal\\\/competencia-absoluta-vara-infancia-viagens-internacionais\\\/#respond\"]}]},{\"@type\":\"WebPage\",\"@id\":\"https:\\\/\\\/cj.estrategia.com\\\/portal\\\/competencia-absoluta-vara-infancia-viagens-internacionais\\\/\",\"url\":\"https:\\\/\\\/cj.estrategia.com\\\/portal\\\/competencia-absoluta-vara-infancia-viagens-internacionais\\\/\",\"name\":\"Compet\u00eancia da Vara da Inf\u00e2ncia para viagens internacionais\",\"isPartOf\":{\"@id\":\"https:\\\/\\\/cj.estrategia.com\\\/portal\\\/#website\"},\"primaryImageOfPage\":{\"@id\":\"https:\\\/\\\/cj.estrategia.com\\\/portal\\\/competencia-absoluta-vara-infancia-viagens-internacionais\\\/#primaryimage\"},\"image\":{\"@id\":\"https:\\\/\\\/cj.estrategia.com\\\/portal\\\/competencia-absoluta-vara-infancia-viagens-internacionais\\\/#primaryimage\"},\"thumbnailUrl\":\"https:\\\/\\\/cj.estrategia.com\\\/portal\\\/wp-content\\\/uploads\\\/2025\\\/11\\\/06162650\\\/viagem-internacional-crianca-vara-infancia.jpg\",\"datePublished\":\"2025-11-06T19:48:07+00:00\",\"dateModified\":\"2025-11-11T13:36:42+00:00\",\"description\":\"Uma mudan\u00e7a de paradigma vem sendo consolidada pelo STJ: a compet\u00eancia da Vara da Inf\u00e2ncia e Juventude n\u00e3o se limita a situa\u00e7\u00f5es de risco.\",\"breadcrumb\":{\"@id\":\"https:\\\/\\\/cj.estrategia.com\\\/portal\\\/competencia-absoluta-vara-infancia-viagens-internacionais\\\/#breadcrumb\"},\"inLanguage\":\"pt-BR\",\"potentialAction\":[{\"@type\":\"ReadAction\",\"target\":[\"https:\\\/\\\/cj.estrategia.com\\\/portal\\\/competencia-absoluta-vara-infancia-viagens-internacionais\\\/\"]}]},{\"@type\":\"ImageObject\",\"inLanguage\":\"pt-BR\",\"@id\":\"https:\\\/\\\/cj.estrategia.com\\\/portal\\\/competencia-absoluta-vara-infancia-viagens-internacionais\\\/#primaryimage\",\"url\":\"https:\\\/\\\/cj.estrategia.com\\\/portal\\\/wp-content\\\/uploads\\\/2025\\\/11\\\/06162650\\\/viagem-internacional-crianca-vara-infancia.jpg\",\"contentUrl\":\"https:\\\/\\\/cj.estrategia.com\\\/portal\\\/wp-content\\\/uploads\\\/2025\\\/11\\\/06162650\\\/viagem-internacional-crianca-vara-infancia.jpg\",\"width\":2000,\"height\":1528},{\"@type\":\"BreadcrumbList\",\"@id\":\"https:\\\/\\\/cj.estrategia.com\\\/portal\\\/competencia-absoluta-vara-infancia-viagens-internacionais\\\/#breadcrumb\",\"itemListElement\":[{\"@type\":\"ListItem\",\"position\":1,\"name\":\"In\u00edcio\",\"item\":\"https:\\\/\\\/cj.estrategia.com\\\/portal\\\/\"},{\"@type\":\"ListItem\",\"position\":2,\"name\":\"Compet\u00eancia da Vara da Inf\u00e2ncia para viagens internacionais\"}]},{\"@type\":\"WebSite\",\"@id\":\"https:\\\/\\\/cj.estrategia.com\\\/portal\\\/#website\",\"url\":\"https:\\\/\\\/cj.estrategia.com\\\/portal\\\/\",\"name\":\"Blog - Carreiras Jur\u00eddicas - Estrat\u00e9gia\",\"description\":\"\",\"publisher\":{\"@id\":\"https:\\\/\\\/cj.estrategia.com\\\/portal\\\/#organization\"},\"potentialAction\":[{\"@type\":\"SearchAction\",\"target\":{\"@type\":\"EntryPoint\",\"urlTemplate\":\"https:\\\/\\\/cj.estrategia.com\\\/portal\\\/?s={search_term_string}\"},\"query-input\":{\"@type\":\"PropertyValueSpecification\",\"valueRequired\":true,\"valueName\":\"search_term_string\"}}],\"inLanguage\":\"pt-BR\"},{\"@type\":\"Organization\",\"@id\":\"https:\\\/\\\/cj.estrategia.com\\\/portal\\\/#organization\",\"name\":\"Estrat\u00e9gia - Carreiras Jur\u00eddicas\",\"url\":\"https:\\\/\\\/cj.estrategia.com\\\/portal\\\/\",\"logo\":{\"@type\":\"ImageObject\",\"inLanguage\":\"pt-BR\",\"@id\":\"https:\\\/\\\/cj.estrategia.com\\\/portal\\\/#\\\/schema\\\/logo\\\/image\\\/\",\"url\":\"https:\\\/\\\/cj.estrategia.com\\\/portal\\\/wp-content\\\/uploads\\\/2022\\\/03\\\/11151052\\\/cj-logo.png\",\"contentUrl\":\"https:\\\/\\\/cj.estrategia.com\\\/portal\\\/wp-content\\\/uploads\\\/2022\\\/03\\\/11151052\\\/cj-logo.png\",\"width\":150,\"height\":39,\"caption\":\"Estrat\u00e9gia - Carreiras Jur\u00eddicas\"},\"image\":{\"@id\":\"https:\\\/\\\/cj.estrategia.com\\\/portal\\\/#\\\/schema\\\/logo\\\/image\\\/\"},\"sameAs\":[\"https:\\\/\\\/www.facebook.com\\\/estrategiacarreirajuridica\\\/\",\"https:\\\/\\\/x.com\\\/EstratJuridica\",\"https:\\\/\\\/www.instagram.com\\\/estrategiacarreirajuridica\\\/\",\"https:\\\/\\\/www.youtube.com\\\/channel\\\/UClbMGuYbj2Mh1m3w144ETWQ\"]},{\"@type\":\"Person\",\"@id\":\"https:\\\/\\\/cj.estrategia.com\\\/portal\\\/#\\\/schema\\\/person\\\/4d70317d31449932b99102916b6637f5\",\"name\":\"Coordena\u00e7\u00e3o\",\"image\":{\"@type\":\"ImageObject\",\"inLanguage\":\"pt-BR\",\"@id\":\"https:\\\/\\\/cj.estrategia.com\\\/portal\\\/wp-content\\\/uploads\\\/2022\\\/05\\\/12164923\\\/estrategia-carreira-juridica-coordenacao-96x96.png\",\"url\":\"https:\\\/\\\/cj.estrategia.com\\\/portal\\\/wp-content\\\/uploads\\\/2022\\\/05\\\/12164923\\\/estrategia-carreira-juridica-coordenacao-96x96.png\",\"contentUrl\":\"https:\\\/\\\/cj.estrategia.com\\\/portal\\\/wp-content\\\/uploads\\\/2022\\\/05\\\/12164923\\\/estrategia-carreira-juridica-coordenacao-96x96.png\",\"caption\":\"Coordena\u00e7\u00e3o\"},\"url\":\"https:\\\/\\\/cj.estrategia.com\\\/portal\\\/author\\\/coordenacao\\\/\"}]}<\/script>\n<!-- \/ Yoast SEO Premium plugin. -->","yoast_head_json":{"title":"Compet\u00eancia da Vara da Inf\u00e2ncia para viagens internacionais","description":"Uma mudan\u00e7a de paradigma vem sendo consolidada pelo STJ: a compet\u00eancia da Vara da Inf\u00e2ncia e Juventude n\u00e3o se limita a situa\u00e7\u00f5es de risco.","robots":{"index":"index","follow":"follow","max-snippet":"max-snippet:-1","max-image-preview":"max-image-preview:large","max-video-preview":"max-video-preview:-1"},"canonical":"https:\/\/cj.estrategia.com\/portal\/competencia-absoluta-vara-infancia-viagens-internacionais\/","og_locale":"pt_BR","og_type":"article","og_title":"Compet\u00eancia da Vara da Inf\u00e2ncia para viagens internacionais","og_description":"Uma mudan\u00e7a de paradigma vem sendo consolidada pelo STJ: a compet\u00eancia da Vara da Inf\u00e2ncia e Juventude n\u00e3o se limita a situa\u00e7\u00f5es de risco.","og_url":"https:\/\/cj.estrategia.com\/portal\/competencia-absoluta-vara-infancia-viagens-internacionais\/","og_site_name":"Blog - Carreiras Jur\u00eddicas - Estrat\u00e9gia","article_publisher":"https:\/\/www.facebook.com\/estrategiacarreirajuridica\/","article_published_time":"2025-11-06T19:48:07+00:00","article_modified_time":"2025-11-11T13:36:42+00:00","og_image":[{"width":2000,"height":1528,"url":"https:\/\/cj.estrategia.com\/portal\/wp-content\/uploads\/2025\/11\/06162650\/viagem-internacional-crianca-vara-infancia.jpg","type":"image\/jpeg"}],"author":"Coordena\u00e7\u00e3o","twitter_card":"summary_large_image","twitter_creator":"@EstratJuridica","twitter_site":"@EstratJuridica","twitter_misc":{"Escrito por":"Coordena\u00e7\u00e3o","Est. tempo de leitura":"8 minutos"},"schema":{"@context":"https:\/\/schema.org","@graph":[{"@type":"NewsArticle","@id":"https:\/\/cj.estrategia.com\/portal\/competencia-absoluta-vara-infancia-viagens-internacionais\/#article","isPartOf":{"@id":"https:\/\/cj.estrategia.com\/portal\/competencia-absoluta-vara-infancia-viagens-internacionais\/"},"author":{"name":"Coordena\u00e7\u00e3o","@id":"https:\/\/cj.estrategia.com\/portal\/#\/schema\/person\/4d70317d31449932b99102916b6637f5"},"headline":"Compet\u00eancia da Vara da Inf\u00e2ncia para viagens internacionais","datePublished":"2025-11-06T19:48:07+00:00","dateModified":"2025-11-11T13:36:42+00:00","mainEntityOfPage":{"@id":"https:\/\/cj.estrategia.com\/portal\/competencia-absoluta-vara-infancia-viagens-internacionais\/"},"wordCount":1512,"commentCount":0,"publisher":{"@id":"https:\/\/cj.estrategia.com\/portal\/#organization"},"image":{"@id":"https:\/\/cj.estrategia.com\/portal\/competencia-absoluta-vara-infancia-viagens-internacionais\/#primaryimage"},"thumbnailUrl":"https:\/\/cj.estrategia.com\/portal\/wp-content\/uploads\/2025\/11\/06162650\/viagem-internacional-crianca-vara-infancia.jpg","keywords":["compet\u00eancia","concurso p\u00fablico","ECA","prote\u00e7\u00e3o integral de crian\u00e7as e adolescentes","REsp 2.062.293-DF","STJ","Vara da Fam\u00edlia","Vara da Inf\u00e2ncia e Juventude","viagens internacionais"],"articleSection":["Carreiras Jur\u00eddicas","Defensoria","Magistratura","Promotoria"],"inLanguage":"pt-BR","potentialAction":[{"@type":"CommentAction","name":"Comment","target":["https:\/\/cj.estrategia.com\/portal\/competencia-absoluta-vara-infancia-viagens-internacionais\/#respond"]}]},{"@type":"WebPage","@id":"https:\/\/cj.estrategia.com\/portal\/competencia-absoluta-vara-infancia-viagens-internacionais\/","url":"https:\/\/cj.estrategia.com\/portal\/competencia-absoluta-vara-infancia-viagens-internacionais\/","name":"Compet\u00eancia da Vara da Inf\u00e2ncia para viagens internacionais","isPartOf":{"@id":"https:\/\/cj.estrategia.com\/portal\/#website"},"primaryImageOfPage":{"@id":"https:\/\/cj.estrategia.com\/portal\/competencia-absoluta-vara-infancia-viagens-internacionais\/#primaryimage"},"image":{"@id":"https:\/\/cj.estrategia.com\/portal\/competencia-absoluta-vara-infancia-viagens-internacionais\/#primaryimage"},"thumbnailUrl":"https:\/\/cj.estrategia.com\/portal\/wp-content\/uploads\/2025\/11\/06162650\/viagem-internacional-crianca-vara-infancia.jpg","datePublished":"2025-11-06T19:48:07+00:00","dateModified":"2025-11-11T13:36:42+00:00","description":"Uma mudan\u00e7a de paradigma vem sendo consolidada pelo STJ: a compet\u00eancia da Vara da Inf\u00e2ncia e Juventude n\u00e3o se limita a situa\u00e7\u00f5es de risco.","breadcrumb":{"@id":"https:\/\/cj.estrategia.com\/portal\/competencia-absoluta-vara-infancia-viagens-internacionais\/#breadcrumb"},"inLanguage":"pt-BR","potentialAction":[{"@type":"ReadAction","target":["https:\/\/cj.estrategia.com\/portal\/competencia-absoluta-vara-infancia-viagens-internacionais\/"]}]},{"@type":"ImageObject","inLanguage":"pt-BR","@id":"https:\/\/cj.estrategia.com\/portal\/competencia-absoluta-vara-infancia-viagens-internacionais\/#primaryimage","url":"https:\/\/cj.estrategia.com\/portal\/wp-content\/uploads\/2025\/11\/06162650\/viagem-internacional-crianca-vara-infancia.jpg","contentUrl":"https:\/\/cj.estrategia.com\/portal\/wp-content\/uploads\/2025\/11\/06162650\/viagem-internacional-crianca-vara-infancia.jpg","width":2000,"height":1528},{"@type":"BreadcrumbList","@id":"https:\/\/cj.estrategia.com\/portal\/competencia-absoluta-vara-infancia-viagens-internacionais\/#breadcrumb","itemListElement":[{"@type":"ListItem","position":1,"name":"In\u00edcio","item":"https:\/\/cj.estrategia.com\/portal\/"},{"@type":"ListItem","position":2,"name":"Compet\u00eancia da Vara da Inf\u00e2ncia para viagens internacionais"}]},{"@type":"WebSite","@id":"https:\/\/cj.estrategia.com\/portal\/#website","url":"https:\/\/cj.estrategia.com\/portal\/","name":"Blog - Carreiras Jur\u00eddicas - Estrat\u00e9gia","description":"","publisher":{"@id":"https:\/\/cj.estrategia.com\/portal\/#organization"},"potentialAction":[{"@type":"SearchAction","target":{"@type":"EntryPoint","urlTemplate":"https:\/\/cj.estrategia.com\/portal\/?s={search_term_string}"},"query-input":{"@type":"PropertyValueSpecification","valueRequired":true,"valueName":"search_term_string"}}],"inLanguage":"pt-BR"},{"@type":"Organization","@id":"https:\/\/cj.estrategia.com\/portal\/#organization","name":"Estrat\u00e9gia - Carreiras Jur\u00eddicas","url":"https:\/\/cj.estrategia.com\/portal\/","logo":{"@type":"ImageObject","inLanguage":"pt-BR","@id":"https:\/\/cj.estrategia.com\/portal\/#\/schema\/logo\/image\/","url":"https:\/\/cj.estrategia.com\/portal\/wp-content\/uploads\/2022\/03\/11151052\/cj-logo.png","contentUrl":"https:\/\/cj.estrategia.com\/portal\/wp-content\/uploads\/2022\/03\/11151052\/cj-logo.png","width":150,"height":39,"caption":"Estrat\u00e9gia - Carreiras Jur\u00eddicas"},"image":{"@id":"https:\/\/cj.estrategia.com\/portal\/#\/schema\/logo\/image\/"},"sameAs":["https:\/\/www.facebook.com\/estrategiacarreirajuridica\/","https:\/\/x.com\/EstratJuridica","https:\/\/www.instagram.com\/estrategiacarreirajuridica\/","https:\/\/www.youtube.com\/channel\/UClbMGuYbj2Mh1m3w144ETWQ"]},{"@type":"Person","@id":"https:\/\/cj.estrategia.com\/portal\/#\/schema\/person\/4d70317d31449932b99102916b6637f5","name":"Coordena\u00e7\u00e3o","image":{"@type":"ImageObject","inLanguage":"pt-BR","@id":"https:\/\/cj.estrategia.com\/portal\/wp-content\/uploads\/2022\/05\/12164923\/estrategia-carreira-juridica-coordenacao-96x96.png","url":"https:\/\/cj.estrategia.com\/portal\/wp-content\/uploads\/2022\/05\/12164923\/estrategia-carreira-juridica-coordenacao-96x96.png","contentUrl":"https:\/\/cj.estrategia.com\/portal\/wp-content\/uploads\/2022\/05\/12164923\/estrategia-carreira-juridica-coordenacao-96x96.png","caption":"Coordena\u00e7\u00e3o"},"url":"https:\/\/cj.estrategia.com\/portal\/author\/coordenacao\/"}]}},"jetpack_featured_media_url":"https:\/\/cj.estrategia.com\/portal\/wp-content\/uploads\/2025\/11\/06162650\/viagem-internacional-crianca-vara-infancia.jpg","jetpack_sharing_enabled":true,"_links":{"self":[{"href":"https:\/\/cj.estrategia.com\/portal\/wp-json\/wp\/v2\/posts\/161833","targetHints":{"allow":["GET"]}}],"collection":[{"href":"https:\/\/cj.estrategia.com\/portal\/wp-json\/wp\/v2\/posts"}],"about":[{"href":"https:\/\/cj.estrategia.com\/portal\/wp-json\/wp\/v2\/types\/post"}],"author":[{"embeddable":true,"href":"https:\/\/cj.estrategia.com\/portal\/wp-json\/wp\/v2\/users\/12"}],"replies":[{"embeddable":true,"href":"https:\/\/cj.estrategia.com\/portal\/wp-json\/wp\/v2\/comments?post=161833"}],"version-history":[{"count":4,"href":"https:\/\/cj.estrategia.com\/portal\/wp-json\/wp\/v2\/posts\/161833\/revisions"}],"predecessor-version":[{"id":162454,"href":"https:\/\/cj.estrategia.com\/portal\/wp-json\/wp\/v2\/posts\/161833\/revisions\/162454"}],"wp:featuredmedia":[{"embeddable":true,"href":"https:\/\/cj.estrategia.com\/portal\/wp-json\/wp\/v2\/media\/161844"}],"wp:attachment":[{"href":"https:\/\/cj.estrategia.com\/portal\/wp-json\/wp\/v2\/media?parent=161833"}],"wp:term":[{"taxonomy":"category","embeddable":true,"href":"https:\/\/cj.estrategia.com\/portal\/wp-json\/wp\/v2\/categories?post=161833"},{"taxonomy":"post_tag","embeddable":true,"href":"https:\/\/cj.estrategia.com\/portal\/wp-json\/wp\/v2\/tags?post=161833"},{"taxonomy":"tax_estado","embeddable":true,"href":"https:\/\/cj.estrategia.com\/portal\/wp-json\/wp\/v2\/tax_estado?post=161833"}],"curies":[{"name":"wp","href":"https:\/\/api.w.org\/{rel}","templated":true}]}}