{"id":161786,"date":"2025-11-06T14:07:28","date_gmt":"2025-11-06T17:07:28","guid":{"rendered":"https:\/\/cj.estrategia.com\/portal\/?p=161786"},"modified":"2025-11-11T10:27:15","modified_gmt":"2025-11-11T13:27:15","slug":"responsabilidade-estado-objetiva-terceiro-ferido-protesto","status":"publish","type":"post","link":"https:\/\/cj.estrategia.com\/portal\/responsabilidade-estado-objetiva-terceiro-ferido-protesto\/","title":{"rendered":"Responsabilidade do Estado por terceiro ferido em protesto"},"content":{"rendered":"\n<p class=\"has-small-font-size\">* Thiago de Paula Leite \u00e9 procurador do Estado de S\u00e3o Paulo e professor de direito ambiental e agr\u00e1rio do Estrat\u00e9gia.<\/p>\n\n\n\n<h2 class=\"wp-block-heading\" id=\"h-decisao-por-ampla-maioria\"><span id=\"decisao-por-ampla-maioria\">Decis\u00e3o por ampla maioria<\/span><\/h2>\n\n\n\n<p>O Supremo Tribunal Federal decidiu, por maioria, que a responsabilidade civil do Estado por danos causados a pessoas alheias a protestos, decorrentes da atua\u00e7\u00e3o policial, \u00e9 <strong><mark style=\"background-color:rgba(0, 0, 0, 0)\" class=\"has-inline-color has-black-color\">objetiva<\/mark><\/strong>.<\/p>\n\n\n\n<p>A decis\u00e3o se deu no contexto dos danos causados durante a &#8220;<em>Opera\u00e7\u00e3o Centro C\u00edvico<\/em>&#8220;, ocorrida no Paran\u00e1, em 29 de abril de 2015. O evento resultou em 213 pessoas feridas, sendo 14 de maneira grave.<\/p>\n\n\n\n<p>A quest\u00e3o foi debatida no Recurso Extraordin\u00e1rio\u202f1.467.145, apresentado pelo Minist\u00e9rio P\u00fablico do Estado do Paran\u00e1 contra decis\u00e3o do Tribunal de Justi\u00e7a\u202fque havia definido que as v\u00edtimas deveriam provar que n\u00e3o foram culpadas pela a\u00e7\u00e3o policial. &nbsp;<\/p>\n\n\n\n<figure class=\"wp-block-pullquote\"><blockquote><p><\/p><cite><mark style=\"background-color:rgba(0, 0, 0, 0)\" class=\"has-inline-color has-black-color\"><em><em>Exigir que a v\u00edtima prove que era &#8220;terceiro inocente&#8221; (como defendido pela tese vencida do TJ\/PR) representa um \u00f4nus desproporcional que esvaziaria o n\u00facleo do direito fundamental \u00e0 liberdade de reuni\u00e3o previsto na Constitui\u00e7\u00e3o Federal<\/em><\/em>.<\/mark><\/cite><\/blockquote><\/figure>\n\n\n\n<p>O Ministro Nunes Marques divergiu parcialmente, pois reconheceu que, apesar da responsabilidade do Estado ser objetiva, no caso concreto o arquivamento do inqu\u00e9rito policial militar, que concluiu pelo estrito cumprimento do dever legal pelos policiais, deveria ser considerado par\u00e2metro f\u00e1tico vinculante.<\/p>\n\n\n\n<p>Portanto, para Nunes, caberia ao cidad\u00e3o demonstrar ser &#8220;terceiro inocente&#8221;.<\/p>\n\n\n\n<p>Em resumo, ficou estabelecido que cabe ao poder p\u00fablico, e n\u00e3o \u00e0 v\u00edtima, provar excludente de responsabilidade em a\u00e7\u00f5es policiais durante manifesta\u00e7\u00f5es, como culpa exclusiva da v\u00edtima, caso fortuito ou for\u00e7a maior.<\/p>\n\n\n\n<p>O placar ficou da seguinte forma<sup data-fn=\"1ad6e54b-812c-48ee-acf4-a1ac74a567f7\" class=\"fn\"><a id=\"1ad6e54b-812c-48ee-acf4-a1ac74a567f7-link\" href=\"#1ad6e54b-812c-48ee-acf4-a1ac74a567f7\">1<\/a><\/sup>:<\/p>\n\n\n<div class=\"wp-block-image\">\n<figure class=\"aligncenter size-full\"><img decoding=\"async\" width=\"904\" height=\"410\" src=\"https:\/\/cj.estrategia.com\/portal\/wp-content\/uploads\/2025\/11\/06134032\/responsabilidade-objetiva-acao-policial-protestos.png\" alt=\"Responsabilidade do estado\" class=\"wp-image-161792\" srcset=\"https:\/\/cj.estrategia.com\/portal\/wp-content\/uploads\/2025\/11\/06134032\/responsabilidade-objetiva-acao-policial-protestos.png 904w, https:\/\/cj.estrategia.com\/portal\/wp-content\/uploads\/2025\/11\/06134032\/responsabilidade-objetiva-acao-policial-protestos-300x136.png 300w, https:\/\/cj.estrategia.com\/portal\/wp-content\/uploads\/2025\/11\/06134032\/responsabilidade-objetiva-acao-policial-protestos-768x348.png 768w, https:\/\/cj.estrategia.com\/portal\/wp-content\/uploads\/2025\/11\/06134032\/responsabilidade-objetiva-acao-policial-protestos-380x172.png 380w, https:\/\/cj.estrategia.com\/portal\/wp-content\/uploads\/2025\/11\/06134032\/responsabilidade-objetiva-acao-policial-protestos-800x363.png 800w, https:\/\/cj.estrategia.com\/portal\/wp-content\/uploads\/2025\/11\/06134032\/responsabilidade-objetiva-acao-policial-protestos-150x68.png 150w\" sizes=\"(max-width: 904px) 100vw, 904px\" \/><\/figure>\n<\/div>\n\n\n<h2 class=\"wp-block-heading\" id=\"h-relembre-o-caso-2\"><span id=\"relembre-o-caso2\">Relembre o caso<sup data-fn=\"778508b7-f17c-479b-a1b0-8e302a03a3af\" class=\"fn\"><a id=\"778508b7-f17c-479b-a1b0-8e302a03a3af-link\" href=\"#778508b7-f17c-479b-a1b0-8e302a03a3af\">2<\/a><\/sup><\/span><\/h2>\n\n\n\n<p>O epis\u00f3dio ocorreu em 29\/4\/15, quando servidores estaduais, a maioria professores, protestavam em frente \u00e0 Assembleia Legislativa do Paran\u00e1.<\/p>\n\n\n\n<p>Durante a manifesta\u00e7\u00e3o, um grupo teria derrubado a barreira de prote\u00e7\u00e3o, levando a PM a intervir com o uso de bast\u00f5es e spray de pimenta.<\/p>\n\n\n\n<p>Em seguida, unidades de opera\u00e7\u00f5es especiais lan\u00e7aram bombas de efeito moral, g\u00e1s lacrimog\u00eaneo e balas de borracha. A a\u00e7\u00e3o resultou em 213 feridos, sendo 14 em estado grave.<\/p>\n\n\n\n<p>O tribunal estadual entendeu que a responsabilidade do Estado se limita aos casos em que a v\u00edtima comprove ser terceiro inocente, ou seja, que n\u00e3o tenha participado da manifesta\u00e7\u00e3o ou contribu\u00eddo para a rea\u00e7\u00e3o policial.<\/p>\n\n\n\n<p>O \/Minist\u00e9rio do Paran\u00e1 recorreu da decis\u00e3o do TJ\/PR sobre essa atua\u00e7\u00e3o da PM na &#8220;Opera\u00e7\u00e3o Centro C\u00edvico&#8221;.<\/p>\n\n\n\n<p>No STF, o MP paranaense defendia que a responsabilidade civil do Estado \u00e9 objetiva, ou seja, independe da comprova\u00e7\u00e3o de dolo ou culpa, bem como do fato de a v\u00edtima ser ou n\u00e3o um terceiro inocente.<\/p>\n\n\n\n<h2 class=\"wp-block-heading\" id=\"h-analise-juridica\"><span id=\"analise-juridica\">An\u00e1lise jur\u00eddica<\/span><\/h2>\n\n\n\n<p>A responsabilidade civil objetiva do Estado funda-se na teoria do risco administrativo, consagrada no art. 37, \u00a7 6\u00ba, da Constitui\u00e7\u00e3o Federal.<\/p>\n\n\n\n<pre class=\"wp-block-preformatted\"><em>CF\/88<\/em><br><br><em>Art. 37. A administra\u00e7\u00e3o p\u00fablica direta e indireta de qualquer dos Poderes da Uni\u00e3o, dos Estados, do Distrito Federal e dos Munic\u00edpios obedecer\u00e1 aos princ\u00edpios de legalidade, impessoalidade, moralidade, publicidade e efici\u00eancia e, tamb\u00e9m, ao seguinte:<\/em><br><br><em>...<\/em><br><br><em>\u00a7 6\u00ba As pessoas jur\u00eddicas de direito p\u00fablico e as de direito privado prestadoras de servi\u00e7os p\u00fablicos responder\u00e3o pelos danos que seus agentes, nessa qualidade, causarem a terceiros, assegurado o direito de regresso contra o respons\u00e1vel nos casos de dolo ou culpa.<\/em><\/pre>\n\n\n\n<p>Essa teoria implica que o dever de ressarcir os preju\u00edzos sofridos por terceiros ocorre em decorr\u00eancia dos riscos da atua\u00e7\u00e3o administrativa. Assim, a considera\u00e7\u00e3o sobre a licitude da a\u00e7\u00e3o administrativa (se regular ou irregular) seria irrelevante para o dever de indenizar.<\/p>\n\n\n\n<h3 class=\"wp-block-heading\" id=\"h-teoria-do-risco-administrativo\"><span id=\"teoria-do-risco-administrativo\">Teoria do Risco Administrativo<\/span><\/h3>\n\n\n\n<p class=\"has-background\" style=\"background-color:#dddddd\"><strong>Conceito do direito que estabelece a responsabilidade objetiva do Estado por danos causados a terceiros em decorr\u00eancia de suas atividades. Isso significa que o Estado deve indenizar o cidad\u00e3o prejudicado sem que seja necess\u00e1rio provar culpa ou dolo do agente p\u00fablico. Para a responsabiliza\u00e7\u00e3o do Estado, \u00e9 suficiente demonstrar a exist\u00eancia de uma conduta administrativa, um dano e um nexo causal entre os dois.<\/strong><strong><\/strong><\/p>\n\n\n\n<p>O Ministro Fl\u00e1vio Dino destacou que a solu\u00e7\u00e3o adotada anteriormente pelo Tribunal de Justi\u00e7a do Paran\u00e1, via Incidente de Resolu\u00e7\u00e3o de Demandas Repetitivas &#8211; IRDR, violou a l\u00f3gica constitucional ao presumir a culpa das v\u00edtimas e inverter o \u00f4nus da prova.<\/p>\n\n\n\n<p>O Tribunal local havia restringido a responsabiliza\u00e7\u00e3o do Estado aos casos em que a v\u00edtima comprovasse ser &#8220;terceiro inocente&#8221;.<\/p>\n\n\n\n<p>O STF j\u00e1 havia assentado a responsabilidade objetiva do Estado em contexto semelhante no Tema n\u00ba 1.055 da Repercuss\u00e3o Geral (RE 1.209.429), que tratava de profissionais de imprensa feridos por agentes policiais durante a cobertura de manifesta\u00e7\u00f5es.<\/p>\n\n\n\n<p>Neste precedente, s\u00f3 se admite a excludente de culpa exclusiva da v\u00edtima quando o profissional descumpre advert\u00eancia ostensiva e clara sobre acesso a \u00e1reas delimitadas de grave risco.<\/p>\n\n\n\n<figure class=\"wp-block-table\"><table class=\"has-fixed-layout\"><tbody><tr><td><strong><mark style=\"background-color:rgba(0, 0, 0, 0)\" class=\"has-inline-color has-black-color\">Tese do TEMA 1.055 do STF:\u00a0<\/mark><\/strong>\u201c\u00c9 objetiva a Responsabilidade Civil do Estado em rela\u00e7\u00e3o a profissional da imprensa ferido por agentes policiais durante cobertura jornal\u00edstica, em manifesta\u00e7\u00f5es em que haja tumulto ou conflitos entre policiais e manifestantes. Cabe a excludente da responsabilidade da culpa exclusiva da v\u00edtima, nas hip\u00f3teses em que o profissional de imprensa descumprir ostensiva e clara advert\u00eancia sobre acesso a \u00e1reas delimitadas, em que haja grave risco \u00e0 sua integridade f\u00edsica.\u201d<\/td><\/tr><\/tbody><\/table><\/figure>\n\n\n\n<h3 class=\"wp-block-heading\" id=\"h-estrito-cumprimento-do-dever-legal\"><span id=\"estrito-cumprimento-do-dever-legal\">Estrito cumprimento do dever legal<\/span><\/h3>\n\n\n\n<p>O procurador-geral do Paran\u00e1 defendeu a manuten\u00e7\u00e3o da decis\u00e3o do TJ\/PR, alegando que o Estado atuou em estrito cumprimento do dever legal e que o arquivamento do inqu\u00e9rito militar confirmava a licitude da conduta policial.<\/p>\n\n\n\n<p>Ele argumentou que exigir que o Estado identificasse a participa\u00e7\u00e3o de cada indiv\u00edduo representaria um \u00f4nus desproporcional.<\/p>\n\n\n\n<h3 class=\"wp-block-heading\" id=\"h-liberdade-de-reuniao\"><span id=\"liberdade-de-reuniao\">Liberdade de reuni\u00e3o<\/span><\/h3>\n\n\n\n<p>Durante o julgamento, os ministros Gilmar Mendes e Fl\u00e1vio Dino refletiram sobre a liberdade de reuni\u00e3o e os limites do uso da for\u00e7a estatal.<\/p>\n\n\n\n<p>Gilmar Mendes mencionou um estudo europeu sobre a cria\u00e7\u00e3o de uma lei padr\u00e3o para regular o direito de reuni\u00e3o. Em resposta, o relator Fl\u00e1vio Dino ressaltou a import\u00e2ncia de reafirmar que o uso da for\u00e7a policial deve ser:<\/p>\n\n\n\n<ul class=\"wp-block-list is-style-cnvs-list-styled-positive\">\n<li><strong>Moderado;<\/strong><\/li>\n\n\n\n<li><strong>Necess\u00e1rio; e <\/strong><\/li>\n\n\n\n<li><strong>Proporcional.<\/strong><\/li>\n<\/ul>\n\n\n\n<p>A ministra Carmen L\u00facia, que j\u00e1 foi procuradora do Estado (MG), destacou que o dever do poder p\u00fablico \u00e9 reconhecer os pr\u00f3prios erros quando h\u00e1 les\u00e3o a direitos fundamentais:<\/p>\n\n\n\n<p><em>\u201cQuando \u00e9 reconhecidamente caso de les\u00e3o ao direito, de dano provocado por uma a\u00e7\u00e3o do Estado, \u00e9 preciso que os Estados comecem a reconhecer, e que a advocacia p\u00fablica passe a cada vez mais fazer valer os termos do \u00a7 6\u00ba da CF, no sentido de regressar como obriga\u00e7\u00e3o contra quem tenha ou atuado por culpa dolo, ou quem tenha mandado ou permitido, em \u00faltima inst\u00e2ncia, que acontecesse, porque \u00e9 assim que o Estado de direito funciona.\u201d<\/em><em><\/em><\/p>\n\n\n\n<figure class=\"wp-block-table\"><table class=\"has-fixed-layout\"><tbody><tr><td><strong>O direito de reuni\u00e3o \u00e9 fundamental e autoexecut\u00e1vel, n\u00e3o dependendo de autoriza\u00e7\u00e3o do poder p\u00fablico, mas apenas de comunica\u00e7\u00e3o pr\u00e9via para fins de seguran\u00e7a e organiza\u00e7\u00e3o. Assim, condicionar a repara\u00e7\u00e3o \u00e0 prova de inoc\u00eancia do cidad\u00e3o viola o n\u00facleo essencial das liberdades democr\u00e1ticas.<\/strong><\/td><\/tr><\/tbody><\/table><\/figure>\n\n\n\n<p>Ao final, foi fixada a seguinte <strong><mark style=\"background-color:rgba(0, 0, 0, 0)\" class=\"has-inline-color has-black-color\">tese<\/mark><\/strong>:<\/p>\n\n\n\n<pre class=\"wp-block-preformatted\"><strong><em><strong>I) O Estado do Paran\u00e1, em conformidade com postulados adotados pelo Supremo Tribunal Federal na fixa\u00e7\u00e3o da tese no Tema n\u00ba 1.055 da Repercuss\u00e3o Geral, responde objetivamente pelos danos concretos diretamente causados por a\u00e7\u00e3o de policiais durante a \u2018Opera\u00e7\u00e3o Centro C\u00edvico\u2019, ocorrida em 29 de abril de 2015. Cabe ao ente p\u00fablico demonstrar, em cada caso, os fatos que comprovem eventual excludente da responsabilidade civil, n\u00e3o havendo coisa julgada criminal a ser observada.<\/strong><\/em><\/strong><br><br><strong><em><strong>II) N\u00e3o se presume o reconhecimento da excludente de culpa exclusiva da v\u00edtima unicamente pelo fato desta estar presente na manifesta\u00e7\u00e3o.\u201d<\/strong><\/em><\/strong><\/pre>\n\n\n\n<p>O tema \u00e9 extremamente relevante para provas de <strong><a href=\"https:\/\/www.estrategiaconcursos.com.br\/promocoes\/assinaturas-ecj\/\" target=\"_blank\" >procuradorias<\/a><\/strong>. Portanto, muita aten\u00e7\u00e3o!<\/p>\n\n\n\n<hr class=\"wp-block-separator has-alpha-channel-opacity\"\/>\n\n\n<ol class=\"wp-block-footnotes\"><li id=\"1ad6e54b-812c-48ee-acf4-a1ac74a567f7\">https:\/\/www.migalhas.com.br\/quentes\/443347\/stf-responsabilidade-estatal-por-ferido-alheio-a-protesto-e-objetiva <a href=\"#1ad6e54b-812c-48ee-acf4-a1ac74a567f7-link\" aria-label=\"Ir para a refer\u00eancia 1 na nota de rodap\u00e9\">\u21a9\ufe0e<\/a><\/li><li id=\"778508b7-f17c-479b-a1b0-8e302a03a3af\">https:\/\/www.migalhas.com.br\/quentes\/443347\/stf-responsabilidade-estatal-por-ferido-alheio-a-protesto-e-objetiva <a href=\"#778508b7-f17c-479b-a1b0-8e302a03a3af-link\" aria-label=\"Ir para a refer\u00eancia 2 na nota de rodap\u00e9\">\u21a9\ufe0e<\/a><\/li><\/ol>\n\n\n<hr class=\"wp-block-separator has-alpha-channel-opacity\"\/>\n\n\n\n<h2 class=\"wp-block-heading has-text-align-center\" id=\"h-quer-saber-quais-serao-os-proximos-concursos\"><span id=\"quer-saber-quais-serao-os-proximos-concursos\">Quer saber quais ser\u00e3o os pr\u00f3ximos concursos?<\/span><\/h2>\n\n\n\n<pre class=\"wp-block-verse has-text-align-center\">Confira nossos&nbsp;<a href=\"https:\/\/cj.estrategia.com\/portal\/\" target=\"_blank\" >artigos para Carreiras Jur\u00eddicas<\/a>!<\/pre>\n\n\n\n<p class=\"has-text-align-center has-white-color has-pale-cyan-blue-background-color has-text-color has-background has-link-color wp-elements-723b3278bf14a50a5e7b7e937b9a17d4\"><a href=\"https:\/\/cj.estrategia.com\/portal\/concursos-abertos-carreiras-juridicas\/\">Concursos jur\u00eddicos abertos<\/a><\/p>\n\n\n\n<p class=\"has-text-align-center has-white-color has-pale-cyan-blue-background-color has-text-color has-background has-link-color wp-elements-41349f36dc977263ca2129bf0f6dd541\"><a href=\"https:\/\/cj.estrategia.com\/portal\/concursos-2025-carreiras-juridicas\/\" target=\"_blank\" >Concursos jur\u00eddicos 2025<\/a><\/p>\n","protected":false},"excerpt":{"rendered":"* Thiago de Paula Leite \u00e9 procurador do Estado de S\u00e3o Paulo e professor de direito ambiental e&hellip;\n","protected":false},"author":81,"featured_media":161790,"comment_status":"open","ping_status":"open","sticky":false,"template":"","format":"standard","meta":{"_jetpack_memberships_contains_paid_content":false,"footnotes":"[{\"content\":\"https:\/\/www.migalhas.com.br\/quentes\/443347\/stf-responsabilidade-estatal-por-ferido-alheio-a-protesto-e-objetiva\",\"id\":\"1ad6e54b-812c-48ee-acf4-a1ac74a567f7\"},{\"content\":\"https:\/\/www.migalhas.com.br\/quentes\/443347\/stf-responsabilidade-estatal-por-ferido-alheio-a-protesto-e-objetiva\",\"id\":\"778508b7-f17c-479b-a1b0-8e302a03a3af\"}]"},"categories":[24],"tags":[3702,336,3705,2916,3708,3703,2951,3226,381,3463,134,3707,386,3706,3704],"tax_estado":[48],"class_list":{"0":"post-161786","1":"post","2":"type-post","3":"status-publish","4":"format-standard","5":"has-post-thumbnail","7":"category-procuradoria","8":"tag-acao-policial","9":"tag-analise-juridica","10":"tag-estrito-cumprimento-do-dever-legal","11":"tag-liberdade-de-reuniao","12":"tag-limites-do-uso-da-forca-estatal","13":"tag-operacao-centro-civico","14":"tag-operacao-policial","15":"tag-protesto","16":"tag-responsabilidade-civil-do-estado","17":"tag-responsabilidade-civil-objetiva","18":"tag-stf","19":"tag-tema-1-055","20":"tag-teoria-do-risco-administrativo","21":"tag-terceiro-inocente","22":"tag-vitimas-inocentes","23":"tax_estado-pr"},"acf":[],"yoast_head":"<!-- This site is optimized with the Yoast SEO Premium plugin v27.4 (Yoast SEO v27.4) - https:\/\/yoast.com\/product\/yoast-seo-premium-wordpress\/ -->\n<title>Responsabilidade do Estado por terceiro ferido em protesto<\/title>\n<meta name=\"description\" content=\"O STF decidiu que a responsabilidade do Estado por danos causados a pessoas alheias a protestos, decorrentes da atua\u00e7\u00e3o policial, \u00e9 objetiva.\" \/>\n<meta name=\"robots\" content=\"index, follow, max-snippet:-1, max-image-preview:large, max-video-preview:-1\" \/>\n<link rel=\"canonical\" href=\"https:\/\/cj.estrategia.com\/portal\/responsabilidade-estado-objetiva-terceiro-ferido-protesto\/\" \/>\n<meta property=\"og:locale\" content=\"pt_BR\" \/>\n<meta property=\"og:type\" content=\"article\" \/>\n<meta property=\"og:title\" content=\"Responsabilidade do Estado por terceiro ferido em protesto\" \/>\n<meta property=\"og:description\" content=\"O STF decidiu que a responsabilidade do Estado por danos causados a pessoas alheias a protestos, decorrentes da atua\u00e7\u00e3o policial, \u00e9 objetiva.\" \/>\n<meta property=\"og:url\" content=\"https:\/\/cj.estrategia.com\/portal\/responsabilidade-estado-objetiva-terceiro-ferido-protesto\/\" \/>\n<meta property=\"og:site_name\" content=\"Blog - Carreiras Jur\u00eddicas - Estrat\u00e9gia\" \/>\n<meta property=\"article:publisher\" content=\"https:\/\/www.facebook.com\/estrategiacarreirajuridica\/\" \/>\n<meta property=\"article:published_time\" content=\"2025-11-06T17:07:28+00:00\" \/>\n<meta property=\"article:modified_time\" content=\"2025-11-11T13:27:15+00:00\" \/>\n<meta property=\"og:image\" content=\"https:\/\/cj.estrategia.com\/portal\/wp-content\/uploads\/2025\/11\/06133915\/protestos.jpg\" \/>\n\t<meta property=\"og:image:width\" content=\"690\" \/>\n\t<meta property=\"og:image:height\" content=\"380\" \/>\n\t<meta property=\"og:image:type\" content=\"image\/jpeg\" \/>\n<meta name=\"author\" content=\"Thiago Leite\" \/>\n<meta name=\"twitter:card\" content=\"summary_large_image\" \/>\n<meta name=\"twitter:creator\" content=\"@EstratJuridica\" \/>\n<meta name=\"twitter:site\" content=\"@EstratJuridica\" \/>\n<meta name=\"twitter:label1\" content=\"Escrito por\" \/>\n\t<meta name=\"twitter:data1\" content=\"Thiago Leite\" \/>\n\t<meta name=\"twitter:label2\" content=\"Est. tempo de leitura\" \/>\n\t<meta name=\"twitter:data2\" content=\"7 minutos\" \/>\n<script type=\"application\/ld+json\" class=\"yoast-schema-graph\">{\"@context\":\"https:\\\/\\\/schema.org\",\"@graph\":[{\"@type\":\"NewsArticle\",\"@id\":\"https:\\\/\\\/cj.estrategia.com\\\/portal\\\/responsabilidade-estado-objetiva-terceiro-ferido-protesto\\\/#article\",\"isPartOf\":{\"@id\":\"https:\\\/\\\/cj.estrategia.com\\\/portal\\\/responsabilidade-estado-objetiva-terceiro-ferido-protesto\\\/\"},\"author\":{\"name\":\"Thiago Leite\",\"@id\":\"https:\\\/\\\/cj.estrategia.com\\\/portal\\\/#\\\/schema\\\/person\\\/7d7d2b1c8386e2eeacc0b09cfbc1d0ff\"},\"headline\":\"Responsabilidade do Estado por terceiro ferido em protesto\",\"datePublished\":\"2025-11-06T17:07:28+00:00\",\"dateModified\":\"2025-11-11T13:27:15+00:00\",\"mainEntityOfPage\":{\"@id\":\"https:\\\/\\\/cj.estrategia.com\\\/portal\\\/responsabilidade-estado-objetiva-terceiro-ferido-protesto\\\/\"},\"wordCount\":1160,\"commentCount\":0,\"publisher\":{\"@id\":\"https:\\\/\\\/cj.estrategia.com\\\/portal\\\/#organization\"},\"image\":{\"@id\":\"https:\\\/\\\/cj.estrategia.com\\\/portal\\\/responsabilidade-estado-objetiva-terceiro-ferido-protesto\\\/#primaryimage\"},\"thumbnailUrl\":\"https:\\\/\\\/cj.estrategia.com\\\/portal\\\/wp-content\\\/uploads\\\/2025\\\/11\\\/06133915\\\/protestos.jpg\",\"keywords\":[\"a\u00e7\u00e3o policial\",\"an\u00e1lise jur\u00eddica\",\"estrito cumprimento do dever legal\",\"liberdade de reuni\u00e3o\",\"limites do uso da for\u00e7a estatal\",\"Opera\u00e7\u00e3o Centro C\u00edvico\",\"opera\u00e7\u00e3o policial\",\"protesto\",\"responsabilidade civil do Estado\",\"responsabilidade civil objetiva\",\"STF\",\"Tema 1.055\",\"teoria do risco administrativo\",\"terceiro inocente\",\"v\u00edtimas inocentes\"],\"articleSection\":[\"Procuradoria\"],\"inLanguage\":\"pt-BR\",\"potentialAction\":[{\"@type\":\"CommentAction\",\"name\":\"Comment\",\"target\":[\"https:\\\/\\\/cj.estrategia.com\\\/portal\\\/responsabilidade-estado-objetiva-terceiro-ferido-protesto\\\/#respond\"]}]},{\"@type\":\"WebPage\",\"@id\":\"https:\\\/\\\/cj.estrategia.com\\\/portal\\\/responsabilidade-estado-objetiva-terceiro-ferido-protesto\\\/\",\"url\":\"https:\\\/\\\/cj.estrategia.com\\\/portal\\\/responsabilidade-estado-objetiva-terceiro-ferido-protesto\\\/\",\"name\":\"Responsabilidade do Estado por terceiro ferido em protesto\",\"isPartOf\":{\"@id\":\"https:\\\/\\\/cj.estrategia.com\\\/portal\\\/#website\"},\"primaryImageOfPage\":{\"@id\":\"https:\\\/\\\/cj.estrategia.com\\\/portal\\\/responsabilidade-estado-objetiva-terceiro-ferido-protesto\\\/#primaryimage\"},\"image\":{\"@id\":\"https:\\\/\\\/cj.estrategia.com\\\/portal\\\/responsabilidade-estado-objetiva-terceiro-ferido-protesto\\\/#primaryimage\"},\"thumbnailUrl\":\"https:\\\/\\\/cj.estrategia.com\\\/portal\\\/wp-content\\\/uploads\\\/2025\\\/11\\\/06133915\\\/protestos.jpg\",\"datePublished\":\"2025-11-06T17:07:28+00:00\",\"dateModified\":\"2025-11-11T13:27:15+00:00\",\"description\":\"O STF decidiu que a responsabilidade do Estado por danos causados a pessoas alheias a protestos, decorrentes da atua\u00e7\u00e3o policial, \u00e9 objetiva.\",\"breadcrumb\":{\"@id\":\"https:\\\/\\\/cj.estrategia.com\\\/portal\\\/responsabilidade-estado-objetiva-terceiro-ferido-protesto\\\/#breadcrumb\"},\"inLanguage\":\"pt-BR\",\"potentialAction\":[{\"@type\":\"ReadAction\",\"target\":[\"https:\\\/\\\/cj.estrategia.com\\\/portal\\\/responsabilidade-estado-objetiva-terceiro-ferido-protesto\\\/\"]}]},{\"@type\":\"ImageObject\",\"inLanguage\":\"pt-BR\",\"@id\":\"https:\\\/\\\/cj.estrategia.com\\\/portal\\\/responsabilidade-estado-objetiva-terceiro-ferido-protesto\\\/#primaryimage\",\"url\":\"https:\\\/\\\/cj.estrategia.com\\\/portal\\\/wp-content\\\/uploads\\\/2025\\\/11\\\/06133915\\\/protestos.jpg\",\"contentUrl\":\"https:\\\/\\\/cj.estrategia.com\\\/portal\\\/wp-content\\\/uploads\\\/2025\\\/11\\\/06133915\\\/protestos.jpg\",\"width\":690,\"height\":380},{\"@type\":\"BreadcrumbList\",\"@id\":\"https:\\\/\\\/cj.estrategia.com\\\/portal\\\/responsabilidade-estado-objetiva-terceiro-ferido-protesto\\\/#breadcrumb\",\"itemListElement\":[{\"@type\":\"ListItem\",\"position\":1,\"name\":\"In\u00edcio\",\"item\":\"https:\\\/\\\/cj.estrategia.com\\\/portal\\\/\"},{\"@type\":\"ListItem\",\"position\":2,\"name\":\"Responsabilidade do Estado por terceiro ferido em protesto\"}]},{\"@type\":\"WebSite\",\"@id\":\"https:\\\/\\\/cj.estrategia.com\\\/portal\\\/#website\",\"url\":\"https:\\\/\\\/cj.estrategia.com\\\/portal\\\/\",\"name\":\"Blog - Carreiras Jur\u00eddicas - Estrat\u00e9gia\",\"description\":\"\",\"publisher\":{\"@id\":\"https:\\\/\\\/cj.estrategia.com\\\/portal\\\/#organization\"},\"potentialAction\":[{\"@type\":\"SearchAction\",\"target\":{\"@type\":\"EntryPoint\",\"urlTemplate\":\"https:\\\/\\\/cj.estrategia.com\\\/portal\\\/?s={search_term_string}\"},\"query-input\":{\"@type\":\"PropertyValueSpecification\",\"valueRequired\":true,\"valueName\":\"search_term_string\"}}],\"inLanguage\":\"pt-BR\"},{\"@type\":\"Organization\",\"@id\":\"https:\\\/\\\/cj.estrategia.com\\\/portal\\\/#organization\",\"name\":\"Estrat\u00e9gia - Carreiras Jur\u00eddicas\",\"url\":\"https:\\\/\\\/cj.estrategia.com\\\/portal\\\/\",\"logo\":{\"@type\":\"ImageObject\",\"inLanguage\":\"pt-BR\",\"@id\":\"https:\\\/\\\/cj.estrategia.com\\\/portal\\\/#\\\/schema\\\/logo\\\/image\\\/\",\"url\":\"https:\\\/\\\/cj.estrategia.com\\\/portal\\\/wp-content\\\/uploads\\\/2022\\\/03\\\/11151052\\\/cj-logo.png\",\"contentUrl\":\"https:\\\/\\\/cj.estrategia.com\\\/portal\\\/wp-content\\\/uploads\\\/2022\\\/03\\\/11151052\\\/cj-logo.png\",\"width\":150,\"height\":39,\"caption\":\"Estrat\u00e9gia - Carreiras Jur\u00eddicas\"},\"image\":{\"@id\":\"https:\\\/\\\/cj.estrategia.com\\\/portal\\\/#\\\/schema\\\/logo\\\/image\\\/\"},\"sameAs\":[\"https:\\\/\\\/www.facebook.com\\\/estrategiacarreirajuridica\\\/\",\"https:\\\/\\\/x.com\\\/EstratJuridica\",\"https:\\\/\\\/www.instagram.com\\\/estrategiacarreirajuridica\\\/\",\"https:\\\/\\\/www.youtube.com\\\/channel\\\/UClbMGuYbj2Mh1m3w144ETWQ\"]},{\"@type\":\"Person\",\"@id\":\"https:\\\/\\\/cj.estrategia.com\\\/portal\\\/#\\\/schema\\\/person\\\/7d7d2b1c8386e2eeacc0b09cfbc1d0ff\",\"name\":\"Thiago Leite\",\"image\":{\"@type\":\"ImageObject\",\"inLanguage\":\"pt-BR\",\"@id\":\"https:\\\/\\\/secure.gravatar.com\\\/avatar\\\/15ff5746ff9e313f1248fe2373ce03309054e96387bb9249055458d0c1aaa297?s=96&d=mm&r=g\",\"url\":\"https:\\\/\\\/secure.gravatar.com\\\/avatar\\\/15ff5746ff9e313f1248fe2373ce03309054e96387bb9249055458d0c1aaa297?s=96&d=mm&r=g\",\"contentUrl\":\"https:\\\/\\\/secure.gravatar.com\\\/avatar\\\/15ff5746ff9e313f1248fe2373ce03309054e96387bb9249055458d0c1aaa297?s=96&d=mm&r=g\",\"caption\":\"Thiago Leite\"},\"description\":\"Thiago de Paula Leite \u00e9 procurador do Estado de S\u00e3o Paulo e professor de direito ambiental e agr\u00e1rio do Estrat\u00e9gia.\",\"url\":\"https:\\\/\\\/cj.estrategia.com\\\/portal\\\/author\\\/thiago-leite\\\/\"}]}<\/script>\n<!-- \/ Yoast SEO Premium plugin. -->","yoast_head_json":{"title":"Responsabilidade do Estado por terceiro ferido em protesto","description":"O STF decidiu que a responsabilidade do Estado por danos causados a pessoas alheias a protestos, decorrentes da atua\u00e7\u00e3o policial, \u00e9 objetiva.","robots":{"index":"index","follow":"follow","max-snippet":"max-snippet:-1","max-image-preview":"max-image-preview:large","max-video-preview":"max-video-preview:-1"},"canonical":"https:\/\/cj.estrategia.com\/portal\/responsabilidade-estado-objetiva-terceiro-ferido-protesto\/","og_locale":"pt_BR","og_type":"article","og_title":"Responsabilidade do Estado por terceiro ferido em protesto","og_description":"O STF decidiu que a responsabilidade do Estado por danos causados a pessoas alheias a protestos, decorrentes da atua\u00e7\u00e3o policial, \u00e9 objetiva.","og_url":"https:\/\/cj.estrategia.com\/portal\/responsabilidade-estado-objetiva-terceiro-ferido-protesto\/","og_site_name":"Blog - Carreiras Jur\u00eddicas - Estrat\u00e9gia","article_publisher":"https:\/\/www.facebook.com\/estrategiacarreirajuridica\/","article_published_time":"2025-11-06T17:07:28+00:00","article_modified_time":"2025-11-11T13:27:15+00:00","og_image":[{"width":690,"height":380,"url":"https:\/\/cj.estrategia.com\/portal\/wp-content\/uploads\/2025\/11\/06133915\/protestos.jpg","type":"image\/jpeg"}],"author":"Thiago Leite","twitter_card":"summary_large_image","twitter_creator":"@EstratJuridica","twitter_site":"@EstratJuridica","twitter_misc":{"Escrito por":"Thiago Leite","Est. tempo de leitura":"7 minutos"},"schema":{"@context":"https:\/\/schema.org","@graph":[{"@type":"NewsArticle","@id":"https:\/\/cj.estrategia.com\/portal\/responsabilidade-estado-objetiva-terceiro-ferido-protesto\/#article","isPartOf":{"@id":"https:\/\/cj.estrategia.com\/portal\/responsabilidade-estado-objetiva-terceiro-ferido-protesto\/"},"author":{"name":"Thiago Leite","@id":"https:\/\/cj.estrategia.com\/portal\/#\/schema\/person\/7d7d2b1c8386e2eeacc0b09cfbc1d0ff"},"headline":"Responsabilidade do Estado por terceiro ferido em protesto","datePublished":"2025-11-06T17:07:28+00:00","dateModified":"2025-11-11T13:27:15+00:00","mainEntityOfPage":{"@id":"https:\/\/cj.estrategia.com\/portal\/responsabilidade-estado-objetiva-terceiro-ferido-protesto\/"},"wordCount":1160,"commentCount":0,"publisher":{"@id":"https:\/\/cj.estrategia.com\/portal\/#organization"},"image":{"@id":"https:\/\/cj.estrategia.com\/portal\/responsabilidade-estado-objetiva-terceiro-ferido-protesto\/#primaryimage"},"thumbnailUrl":"https:\/\/cj.estrategia.com\/portal\/wp-content\/uploads\/2025\/11\/06133915\/protestos.jpg","keywords":["a\u00e7\u00e3o policial","an\u00e1lise jur\u00eddica","estrito cumprimento do dever legal","liberdade de reuni\u00e3o","limites do uso da for\u00e7a estatal","Opera\u00e7\u00e3o Centro C\u00edvico","opera\u00e7\u00e3o policial","protesto","responsabilidade civil do Estado","responsabilidade civil objetiva","STF","Tema 1.055","teoria do risco administrativo","terceiro inocente","v\u00edtimas inocentes"],"articleSection":["Procuradoria"],"inLanguage":"pt-BR","potentialAction":[{"@type":"CommentAction","name":"Comment","target":["https:\/\/cj.estrategia.com\/portal\/responsabilidade-estado-objetiva-terceiro-ferido-protesto\/#respond"]}]},{"@type":"WebPage","@id":"https:\/\/cj.estrategia.com\/portal\/responsabilidade-estado-objetiva-terceiro-ferido-protesto\/","url":"https:\/\/cj.estrategia.com\/portal\/responsabilidade-estado-objetiva-terceiro-ferido-protesto\/","name":"Responsabilidade do Estado por terceiro ferido em protesto","isPartOf":{"@id":"https:\/\/cj.estrategia.com\/portal\/#website"},"primaryImageOfPage":{"@id":"https:\/\/cj.estrategia.com\/portal\/responsabilidade-estado-objetiva-terceiro-ferido-protesto\/#primaryimage"},"image":{"@id":"https:\/\/cj.estrategia.com\/portal\/responsabilidade-estado-objetiva-terceiro-ferido-protesto\/#primaryimage"},"thumbnailUrl":"https:\/\/cj.estrategia.com\/portal\/wp-content\/uploads\/2025\/11\/06133915\/protestos.jpg","datePublished":"2025-11-06T17:07:28+00:00","dateModified":"2025-11-11T13:27:15+00:00","description":"O STF decidiu que a responsabilidade do Estado por danos causados a pessoas alheias a protestos, decorrentes da atua\u00e7\u00e3o policial, \u00e9 objetiva.","breadcrumb":{"@id":"https:\/\/cj.estrategia.com\/portal\/responsabilidade-estado-objetiva-terceiro-ferido-protesto\/#breadcrumb"},"inLanguage":"pt-BR","potentialAction":[{"@type":"ReadAction","target":["https:\/\/cj.estrategia.com\/portal\/responsabilidade-estado-objetiva-terceiro-ferido-protesto\/"]}]},{"@type":"ImageObject","inLanguage":"pt-BR","@id":"https:\/\/cj.estrategia.com\/portal\/responsabilidade-estado-objetiva-terceiro-ferido-protesto\/#primaryimage","url":"https:\/\/cj.estrategia.com\/portal\/wp-content\/uploads\/2025\/11\/06133915\/protestos.jpg","contentUrl":"https:\/\/cj.estrategia.com\/portal\/wp-content\/uploads\/2025\/11\/06133915\/protestos.jpg","width":690,"height":380},{"@type":"BreadcrumbList","@id":"https:\/\/cj.estrategia.com\/portal\/responsabilidade-estado-objetiva-terceiro-ferido-protesto\/#breadcrumb","itemListElement":[{"@type":"ListItem","position":1,"name":"In\u00edcio","item":"https:\/\/cj.estrategia.com\/portal\/"},{"@type":"ListItem","position":2,"name":"Responsabilidade do Estado por terceiro ferido em protesto"}]},{"@type":"WebSite","@id":"https:\/\/cj.estrategia.com\/portal\/#website","url":"https:\/\/cj.estrategia.com\/portal\/","name":"Blog - Carreiras Jur\u00eddicas - Estrat\u00e9gia","description":"","publisher":{"@id":"https:\/\/cj.estrategia.com\/portal\/#organization"},"potentialAction":[{"@type":"SearchAction","target":{"@type":"EntryPoint","urlTemplate":"https:\/\/cj.estrategia.com\/portal\/?s={search_term_string}"},"query-input":{"@type":"PropertyValueSpecification","valueRequired":true,"valueName":"search_term_string"}}],"inLanguage":"pt-BR"},{"@type":"Organization","@id":"https:\/\/cj.estrategia.com\/portal\/#organization","name":"Estrat\u00e9gia - Carreiras Jur\u00eddicas","url":"https:\/\/cj.estrategia.com\/portal\/","logo":{"@type":"ImageObject","inLanguage":"pt-BR","@id":"https:\/\/cj.estrategia.com\/portal\/#\/schema\/logo\/image\/","url":"https:\/\/cj.estrategia.com\/portal\/wp-content\/uploads\/2022\/03\/11151052\/cj-logo.png","contentUrl":"https:\/\/cj.estrategia.com\/portal\/wp-content\/uploads\/2022\/03\/11151052\/cj-logo.png","width":150,"height":39,"caption":"Estrat\u00e9gia - Carreiras Jur\u00eddicas"},"image":{"@id":"https:\/\/cj.estrategia.com\/portal\/#\/schema\/logo\/image\/"},"sameAs":["https:\/\/www.facebook.com\/estrategiacarreirajuridica\/","https:\/\/x.com\/EstratJuridica","https:\/\/www.instagram.com\/estrategiacarreirajuridica\/","https:\/\/www.youtube.com\/channel\/UClbMGuYbj2Mh1m3w144ETWQ"]},{"@type":"Person","@id":"https:\/\/cj.estrategia.com\/portal\/#\/schema\/person\/7d7d2b1c8386e2eeacc0b09cfbc1d0ff","name":"Thiago Leite","image":{"@type":"ImageObject","inLanguage":"pt-BR","@id":"https:\/\/secure.gravatar.com\/avatar\/15ff5746ff9e313f1248fe2373ce03309054e96387bb9249055458d0c1aaa297?s=96&d=mm&r=g","url":"https:\/\/secure.gravatar.com\/avatar\/15ff5746ff9e313f1248fe2373ce03309054e96387bb9249055458d0c1aaa297?s=96&d=mm&r=g","contentUrl":"https:\/\/secure.gravatar.com\/avatar\/15ff5746ff9e313f1248fe2373ce03309054e96387bb9249055458d0c1aaa297?s=96&d=mm&r=g","caption":"Thiago Leite"},"description":"Thiago de Paula Leite \u00e9 procurador do Estado de S\u00e3o Paulo e professor de direito ambiental e agr\u00e1rio do Estrat\u00e9gia.","url":"https:\/\/cj.estrategia.com\/portal\/author\/thiago-leite\/"}]}},"jetpack_featured_media_url":"https:\/\/cj.estrategia.com\/portal\/wp-content\/uploads\/2025\/11\/06133915\/protestos.jpg","jetpack_sharing_enabled":true,"_links":{"self":[{"href":"https:\/\/cj.estrategia.com\/portal\/wp-json\/wp\/v2\/posts\/161786","targetHints":{"allow":["GET"]}}],"collection":[{"href":"https:\/\/cj.estrategia.com\/portal\/wp-json\/wp\/v2\/posts"}],"about":[{"href":"https:\/\/cj.estrategia.com\/portal\/wp-json\/wp\/v2\/types\/post"}],"author":[{"embeddable":true,"href":"https:\/\/cj.estrategia.com\/portal\/wp-json\/wp\/v2\/users\/81"}],"replies":[{"embeddable":true,"href":"https:\/\/cj.estrategia.com\/portal\/wp-json\/wp\/v2\/comments?post=161786"}],"version-history":[{"count":4,"href":"https:\/\/cj.estrategia.com\/portal\/wp-json\/wp\/v2\/posts\/161786\/revisions"}],"predecessor-version":[{"id":162446,"href":"https:\/\/cj.estrategia.com\/portal\/wp-json\/wp\/v2\/posts\/161786\/revisions\/162446"}],"wp:featuredmedia":[{"embeddable":true,"href":"https:\/\/cj.estrategia.com\/portal\/wp-json\/wp\/v2\/media\/161790"}],"wp:attachment":[{"href":"https:\/\/cj.estrategia.com\/portal\/wp-json\/wp\/v2\/media?parent=161786"}],"wp:term":[{"taxonomy":"category","embeddable":true,"href":"https:\/\/cj.estrategia.com\/portal\/wp-json\/wp\/v2\/categories?post=161786"},{"taxonomy":"post_tag","embeddable":true,"href":"https:\/\/cj.estrategia.com\/portal\/wp-json\/wp\/v2\/tags?post=161786"},{"taxonomy":"tax_estado","embeddable":true,"href":"https:\/\/cj.estrategia.com\/portal\/wp-json\/wp\/v2\/tax_estado?post=161786"}],"curies":[{"name":"wp","href":"https:\/\/api.w.org\/{rel}","templated":true}]}}