{"id":160835,"date":"2025-11-02T22:03:40","date_gmt":"2025-11-03T01:03:40","guid":{"rendered":"https:\/\/cj.estrategia.com\/portal\/?p=160835"},"modified":"2025-11-04T16:09:49","modified_gmt":"2025-11-04T19:09:49","slug":"gabarito-extraoficial-pge-es-procurador-2","status":"publish","type":"post","link":"https:\/\/cj.estrategia.com\/portal\/gabarito-extraoficial-pge-es-procurador-2\/","title":{"rendered":"Gabarito extraoficial PGE ES Procurador: veja seu desempenho!"},"content":{"rendered":"\n<p>Neste domingo, 02 de novembro, foram aplicadas as provas do<strong>&nbsp;Concurso PGE ES Procurador <\/strong>e <strong>nossos professores realizaram a corre\u00e7\u00e3o do<\/strong>&nbsp;<strong>gabarito extraoficial da prova<\/strong>.<\/p>\n\n\n\n<p>O exame teve dura\u00e7\u00e3o de 5 horas e contou com 100 quest\u00f5es objetivas de m\u00faltipla escolha. A sele\u00e7\u00e3o oferta <strong>2 vagas imediatas + CR<\/strong> para o cargo de <strong>Procurador<\/strong>!<\/p>\n\n\n\n<p>Com o objetivo de ajud\u00e1-lo a diminuir um pouco a ansiedade e conferir seu desempenho voc\u00ea poder\u00e1 conferir AO VIVO a nossa corre\u00e7\u00e3o. Clique no V\u00eddeo abaixo e participe AO VIVO!<\/p>\n\n\n<a id=\"cta-icon\" href=\"https:\/\/sndflw.com\/i\/procuradorias-grupo\" target=\"blank\" style=\"background:rgb(41,166,26)\">\n            <img decoding=\"async\" src=\"https:\/\/cj.estrategia.com\/portal\/wp-content\/uploads\/2023\/12\/07160657\/whatsapp_1385.webp\" alt=\"\" alt=\"whatsapp_1385\"><span > Acesse agora o Grupo de Estudos para Concurso de Procuradorias <\/span><\/a>\n\n\n\n<h2 class=\"wp-block-heading\" id=\"h-gabarito-extraoficial-pge-es-procurador\"><span id=\"gabarito-extraoficial-pge-es-procurador\">Gabarito extraoficial: PGE ES Procurador<\/span><\/h2>\n\n\n\n<figure class=\"wp-block-embed is-type-video is-provider-youtube wp-block-embed-youtube wp-embed-aspect-16-9 wp-has-aspect-ratio\"><div class=\"wp-block-embed__wrapper\">\n<div class=\"cs-embed cs-embed-responsive\"><iframe title=\"Gabarito Extraoficial PGE ES (Procurador)\" width=\"1200\" height=\"675\" src=\"https:\/\/www.youtube.com\/embed\/HC-WHyHM-n4?feature=oembed\" frameborder=\"0\" allow=\"accelerometer; autoplay; clipboard-write; encrypted-media; gyroscope; picture-in-picture; web-share\" referrerpolicy=\"strict-origin-when-cross-origin\" allowfullscreen><\/iframe><\/div>\n<\/div><\/figure>\n\n\n\n<h2 class=\"wp-block-heading\" id=\"h-professores-responsaveis-pela-correcao-do-gabarito-oficial\"><span id=\"professores-responsaveis-pela-correcao-do-gabarito-oficial\">Professores respons\u00e1veis pela corre\u00e7\u00e3o do gabarito oficial:<\/span><\/h2>\n\n\n\n<figure class=\"wp-block-table is-style-stripes\"><table class=\"has-luminous-vivid-amber-background-color has-background\"><thead><tr><th>Disciplina<\/th><th>Professor<\/th><\/tr><\/thead><tbody><tr><td>Direito Tribut\u00e1rio<\/td><td>Felipe Duque<\/td><\/tr><tr><td>Direito Financeiro<\/td><td>Jo\u00e3o Lawall<\/td><\/tr><tr><td>Direito Administrativo<\/td><td>Rodolfo Penna<\/td><\/tr><tr><td>Direito Constitucional<\/td><td>Nelma Fontana<\/td><\/tr><tr><td>Direito Processual Civil<\/td><td>Rodrigo Vaslin<\/td><\/tr><tr><td>Direito Previdenci\u00e1rio<\/td><td>Adriana Menezes<\/td><\/tr><tr><td>Aspectos processuais aplicados \u00e0 Fazenda P\u00fablica<\/td><td>Igor Maciel<\/td><\/tr><tr><td>Direito Processual do Trabalho<\/td><td>Lucas Pessoa<\/td><\/tr><tr><td>Direito Civil<\/td><td>Paulo Sousa<\/td><\/tr><tr><td>Direito Ambiental<\/td><td>Thiago Leite<\/td><\/tr><tr><td>Direito do Trabalho<\/td><td>Felipe Fernandes<\/td><\/tr><tr><td>Direito Empresarial<\/td><td>Ihuru Assun\u00e7\u00e3o<\/td><\/tr><\/tbody><\/table><figcaption class=\"wp-element-caption\">Gabarito extraoficial PGE ES Procurador<\/figcaption><\/figure>\n\n\n\n<h2 class=\"wp-block-heading\" id=\"h-gabarito-extraoficial-pge-es-procurador-0\"><span id=\"gabarito-extraoficial-pge-es-procurador-2\">Gabarito Extraoficial: PGE ES Procurador<\/span><\/h2>\n\n\n\n<p><em>Abaixo, voc\u00ea confere os gabaritos das quest\u00f5es corrigidas pelos nossos professores:<\/em><\/p>\n\n\n\n<figure class=\"wp-block-table is-style-stripes\"><table class=\"has-luminous-vivid-amber-background-color has-background\"><thead><tr><th>QUEST\u00c3O<\/th><th>RESPOSTA<\/th><th>COMENT\u00c1RIOS<\/th><\/tr><\/thead><tbody><tr><td>1-Acerca dos m\u00e9todos de interpreta\u00e7\u00e3o do texto constitucional&#8230;<\/td><td>A<\/td><td>(doutrina)<\/td><\/tr><tr><td>2-Assinale a op\u00e7\u00e3o correta em rela\u00e7\u00e3o ao poder constituinte&#8230;<\/td><td>E<\/td><td>(ADI 425)<\/td><\/tr><tr><td>3-Considerando a jurisprud\u00eancia do STF em rela\u00e7\u00e3o \u00e0 proibi\u00e7\u00e3o do&#8230;<\/td><td>B<\/td><td>(ADPF 651)<\/td><\/tr><tr><td>4-No que se refere aos direitos fundamentais, assinale a&#8230;<\/td><td>E<\/td><td>(tema 1119 &#8211; ARE 1293130)<\/td><\/tr><tr><td>5-Jos\u00e9 nasceu em fevereiro de 2000, em&#8230;<\/td><td>D<\/td><td>(art.12, I e art 14, VI)<\/td><\/tr><tr><td>6-Assinale a op\u00e7\u00e3o correta em rela\u00e7\u00e3o \u00e0 organiza\u00e7\u00e3o&#8230;<\/td><td>E<\/td><td>(artigo 27)<\/td><\/tr><tr><td>7-A luz da Reforma da Previd\u00eancia promovida pela Emenda&#8230;<\/td><td>B<\/td><td>(art 37, par\u00e1grafo 14)<\/td><\/tr><tr><td>8-No que concerne \u00e0 organiza\u00e7\u00e3o dos Poderes e ao sistema de&#8230;<\/td><td>A<\/td><td>(ADI 1905)<\/td><\/tr><tr><td>9-Assinale a op\u00e7\u00e3o correta em rela\u00e7\u00e3o \u00e0 advocacia p\u00fablica&#8230;<\/td><td>A<\/td><td>(ADI 5297)<\/td><\/tr><tr><td>10-Em conformidade com a jurisprud\u00eancia do STF, \u00e9 cab\u00edvel a\u00e7\u00e3o&#8230;<\/td><td>B<\/td><td>(ADI 5297)<\/td><\/tr><tr><td>11-Assinale a op\u00e7\u00e3o correta a respeito&#8230;<\/td><td>***<\/td><td>Nenhuma alternativa est\u00e1 correta<\/td><\/tr><tr><td>12-Com base no que disp\u00f5e a Constitui\u00e7\u00e3o do Estado do Esp\u00edrito&#8230;<\/td><td>A<\/td><td>(Constitui\u00e7\u00e3o do ES, art 15, par\u00e1grafo\u00a0\u00fanico)<\/td><\/tr><tr><td>13-A Lei federal n 2 13.019\/2014 institui normas gerais para as&#8230;<\/td><td>B<\/td><td><\/td><\/tr><tr><td>14-O estado X realizou procedimento licitat\u00f3rio por meio de&#8230;<\/td><td>C<\/td><td><\/td><\/tr><tr><td>15-De acordo com a Lei federal n.\u00b0 9.784\/1999, no processo&#8230;<\/td><td>C<\/td><td><\/td><\/tr><tr><td>16-O estado Y anunciou a realiza\u00e7\u00e3o do maior evento de ano&#8230;<\/td><td>C<\/td><td><\/td><\/tr><tr><td>17-O Instituto Gama, organiza\u00e7\u00e3o da sociedade civil sem fins&#8230;<\/td><td>B<\/td><td><\/td><\/tr><tr><td>18-A Lei Geral de Prote\u00e7\u00e3o de Dados Pessoais (LGPD) disp\u00f5e sobre&#8230;<\/td><td>C<\/td><td><\/td><\/tr><tr><td>19-Assinale a op\u00e7\u00e3o correta em rela\u00e7\u00e3o&#8230;<\/td><td>E<\/td><td><\/td><\/tr><tr><td>20-Acerca de bens p\u00fablicos, assinale a op\u00e7\u00e3o correta&#8230;<\/td><td>E<\/td><td><\/td><\/tr><tr><td>21-Maria, casada com Jo\u00e3o desde 2015 e servidora p\u00fablica do&#8230;<\/td><td>D<\/td><td><\/td><\/tr><tr><td>22-Considera-se ato de improbidade administrativa&#8230;<\/td><td>C<\/td><td><\/td><\/tr><tr><td>23-Ana, servidora p\u00fablica do estado W, no exerc\u00edcio da&#8230;<\/td><td>A<\/td><td><\/td><\/tr><tr><td>24-Conforme as disposi\u00e7\u00f5es da Lei Complementar estadual&#8230;<\/td><td>C<\/td><td><\/td><\/tr><tr><td>25-A respeito da fiscaliza\u00e7\u00e3o tribut\u00e1ria, assinale a op\u00e7\u00e3o correta&#8230;<\/td><td>A<\/td><td><\/td><\/tr><tr><td>26-Assinale a op\u00e7\u00e3o correta no que diz respeito aos crimes contra a&#8230;<\/td><td>B<\/td><td><\/td><\/tr><tr><td>27-Julgue os itens a seguir, de acordo com a jurisprud\u00eancia do STJ&#8230;<\/td><td>A<\/td><td><\/td><\/tr><tr><td>28-Assinale a op\u00e7\u00e3o correta nono que se refere \u00e0 den\u00fancia espont\u00e2nea&#8230;<\/td><td>B<\/td><td><\/td><\/tr><tr><td>29-No que concerne \u00e0 exce\u00e7\u00e3o de pr\u00e9-executividade (nas execu\u00e7\u00f5es&#8230;<\/td><td>E<\/td><td><\/td><\/tr><tr><td>30-\u00c0 luz do entendimento do STF acerca do ICMS, julgue os itens a&#8230;<\/td><td>C<\/td><td><\/td><\/tr><tr><td>31-Assinale a op\u00e7\u00e3o correta conforme o entendimento do STF&#8230;<\/td><td>A<\/td><td><\/td><\/tr><tr><td>32-No que diz respeito \u00e0s hip\u00f3teses de suspens\u00e3o da exigibilidade&#8230;<\/td><td>B<\/td><td><\/td><\/tr><tr><td>33-Assinale a op\u00e7\u00e3o correta em rela\u00e7\u00e3o ao imposto sobre bens e&#8230;<\/td><td>B<\/td><td><\/td><\/tr><tr><td>34-No que se refere aos impostos de compet\u00eancia da Uni\u00e3o, assinale&#8230;<\/td><td>C<\/td><td><\/td><\/tr><tr><td>35-No que diz respeito ao projeto da lei de diretrizes&#8230;<\/td><td>E<\/td><td><\/td><\/tr><tr><td>36-De acordo com a Constitui\u00e7\u00e3o Federal de 1988, o plano&#8230;<\/td><td>E<\/td><td><\/td><\/tr><tr><td>37-De acordo com o disposto na Lei n.\u00ba 4.320\/1964, classificam-se&#8230;<\/td><td>A<\/td><td><\/td><\/tr><tr><td>38-Conforme a Lei n.\u00ba 4.320\/1964, classificam-se como despesas de&#8230;<\/td><td>E<\/td><td><\/td><\/tr><tr><td>39-De acordo com a Constitui\u00e7\u00e3o Federal de 1988, os d\u00e9bitos de&#8230;<\/td><td>B<\/td><td><\/td><\/tr><tr><td>40-De acordo com a Lei de Responsabilidade Fiscal, o<\/td><td>D<\/td><td><\/td><\/tr><tr><td>41-Assinale a op\u00e7\u00e3o correta, considerando as disposi\u00e7\u00f5es&#8230;<\/td><td>C<\/td><td><\/td><\/tr><tr><td>42-De acordo com a Constitui\u00e7\u00e3o Federal de 1988 e a Lei de&#8230;<\/td><td>E<\/td><td><\/td><\/tr><tr><td>43-Consoante a Lei de Responsabilidade Fiscal, o resultado do&#8230;<\/td><td>A<\/td><td><\/td><\/tr><tr><td>44-Conforme a Lei de Responsabilidade Fiscal, o titular de Poder ou&#8230;<\/td><td>E<\/td><td><\/td><\/tr><tr><td>45-O indiv\u00edduo que n\u00e3o tenha v\u00ednculo com nenhum regime de&#8230;<\/td><td>A<\/td><td><\/td><\/tr><tr><td>46-A inscri\u00e7\u00e3o post mortem no RGPS \u00e9 admiss\u00edvel&#8230;<\/td><td>D<\/td><td><\/td><\/tr><tr><td>47-A contribui\u00e7\u00e3o do segurado empregado destinada ao custeio da&#8230;<\/td><td>C<\/td><td><\/td><\/tr><tr><td>48-Roberto, segurado empregado, faleceu, e seu pai, dada a&#8230;<\/td><td>B<\/td><td><\/td><\/tr><tr><td>49-Manoel, vi\u00favo, aposentado pelo INSS, faleceu&#8230;<\/td><td>C<\/td><td><\/td><\/tr><tr><td>50-Raimundo, que nunca havia contribu\u00eddo para o RGPS&#8230;<\/td><td>C<\/td><td><\/td><\/tr><tr><td>51-Pedro atuou como empres\u00e1rio por um per\u00edodo de 20 anos&#8230;<\/td><td>B<\/td><td><\/td><\/tr><tr><td>52-Ap\u00f3s aprova\u00e7\u00e3o em concurso p\u00fablico, Jo\u00e3o ingressou no&#8230;<\/td><td>D<\/td><td><\/td><\/tr><tr><td>53-Julgue os itens seguintes, com base na Lei n.\u00ba 9.717\/1998, que&#8230;<\/td><td>B<\/td><td><\/td><\/tr><tr><td>54-No que se refere \u00e0 previd\u00eancia complementar, julgue os itens a&#8230;<\/td><td>E<\/td><td><\/td><\/tr><tr><td>55-Maria e Jorge est\u00e3o em processo judicial de div\u00f3rcio&#8230;<\/td><td>D<\/td><td>(REsp 1375271)<\/td><\/tr><tr><td>56-Em contexto de\/vulnerabilidade social Cl\u00e1udia foi v\u00edtima&#8230;<\/td><td>B<\/td><td>(Info 858 do STJ)<\/td><\/tr><tr><td>57-Otestador pode dispor de seus bens sob a forma de legado&#8230;<\/td><td>E<\/td><td>(REsp 2163919)<\/td><\/tr><tr><td>58-Marcos \u00e9 filho de Gustavo e deste recebe pens\u00e3o&#8230;<\/td><td>A<\/td><td>(Informativo 822 do STJ)<\/td><\/tr><tr><td>59-Assinale a op\u00e7\u00e3o correta \u00e0 luz do entendimento do STF acerca da&#8230;<\/td><td>B<\/td><td>(RE 1307334)<\/td><\/tr><tr><td>60-Um jovem de 17 anos de idade&#8230;<\/td><td>C<\/td><td>(REsp 122.573)<\/td><\/tr><tr><td>61-Assinale a op\u00e7\u00e3o correta no que se refere ao direito da pessoa&#8230;<\/td><td>B<\/td><td>(art. 71 do Estatuto do Idoso)<\/td><\/tr><tr><td>62-Determinado estado da Federa\u00e7\u00e3o publicou lei que previa&#8230;<\/td><td>A<\/td><td>(ADI 7028)<\/td><\/tr><tr><td>63-\u00c0 luz das disposi\u00e7\u00f5es do C\u00f3digo Civil referentes \u00e0 les\u00e3o e ao&#8230;<\/td><td>C<\/td><td>(art. 157 do CC)<\/td><\/tr><tr><td>64-Considerando os conceitos legais estabelecidos no Estatuto da&#8230;<\/td><td>A<\/td><td>(art. 1\u00ba, par\u00e1grafo \u00fanico, inciso IV, do Estatuto da Igualdade Racial)<\/td><\/tr><tr><td>65-Acerca da cobran\u00e7a de direitos autorais pelo Escrit\u00f3rio Central de&#8230;<\/td><td>D<\/td><td>(REsp\u00a01589598)<\/td><\/tr><tr><td>66-Na hip\u00f3tese de extin\u00e7\u00e3o da execu\u00e7\u00e3o fiscal em raz\u00e3o do&#8230;<\/td><td>C<\/td><td><\/td><\/tr><tr><td>67-De acordo com o C\u00f3digo de Processo Civil (CPC) \u0435 \u043e&#8230;<\/td><td>A ou C<\/td><td><\/td><\/tr><tr><td>68-Conforme entendimento do STJ, a t\u00e9cnica da fundamenta\u00e7\u00e3o por&#8230;<\/td><td>E<\/td><td><\/td><\/tr><tr><td>69-O Minist\u00e9rio P\u00fablico ajuizou a\u00e7\u00e3o civil p\u00fablica contra o&#8230;<\/td><td>C<\/td><td><\/td><\/tr><tr><td>70-De acordo com o CPC, quando o agravo interno for declarado&#8230;<\/td><td>C<\/td><td><\/td><\/tr><tr><td>71-Conforme entendimento do STJ, quando houver determina\u00e7\u00e3o de&#8230;<\/td><td>A<\/td><td><\/td><\/tr><tr><td>72-Foram apresentados embargos \u00e0 execu\u00e7\u00e3o com pedido de&#8230;<\/td><td>C<\/td><td><\/td><\/tr><tr><td>73-O ju\u00edzo de primeiro grau deferiu a adjudica\u00e7\u00e3o de im\u00f3vel&#8230;<\/td><td>A<\/td><td><\/td><\/tr><tr><td>74-Segundo o STJ, o termo inicial dos juros de mora, em a\u00e7\u00e3o de&#8230;<\/td><td>D<\/td><td><\/td><\/tr><tr><td>75-Consoante entendimento do STJ, na hip\u00f3tese de rejei\u00e7\u00e3o do&#8230;<\/td><td>D<\/td><td><\/td><\/tr><tr><td>76-Segundo entendimento do STII as hip\u00f3teses em que o juiz&#8230;<\/td><td>B<\/td><td><\/td><\/tr><tr><td>77-Em uma reclama\u00e7\u00e3o trabalhista, o empregador juntou aos&#8230;<\/td><td>A<\/td><td><\/td><\/tr><tr><td>78-Trabalho prestado de forma espor\u00e1dica a diversos tomadores&#8230;<\/td><td>D<\/td><td><\/td><\/tr><tr><td>79-Julgue os itens seguintes, relativos \u00e0 prote\u00e7\u00e3o ao trabalho da&#8230;<\/td><td>B<\/td><td><\/td><\/tr><tr><td>80-Para os efeitos da CLT, considera-se menor o trabalhador de&#8230;<\/td><td>A<\/td><td><\/td><\/tr><tr><td>81-Julgue os itens a seguir, referentes a sal\u00e1rio e remunera\u00e7\u00e3o&#8230;<\/td><td>C<\/td><td><\/td><\/tr><tr><td>82-Em qualquer trabalho cont\u00ednuo, cuja dura\u00e7\u00e3o exceda de&#8230;<\/td><td>D<\/td><td><\/td><\/tr><tr><td>83-Segundo entendimento firmado pelo TST, no caso de cessa\u00e7\u00e3o do&#8230;<\/td><td>A<\/td><td><\/td><\/tr><tr><td>84-Caso n\u00e3o haja mais interesse rec\u00edproco na manuten\u00e7\u00e3o da rela\u00e7\u00e3o&#8230;<\/td><td>D<\/td><td><\/td><\/tr><tr><td>85-Acerca do litiscons\u00f3rcio no processo do trabalho, assinale&#8230;<\/td><td>E<\/td><td><\/td><\/tr><tr><td>86-Assinale a op\u00e7\u00e3o correta no que concerne \u00e0 reconven\u00e7\u00e3o&#8230;<\/td><td>C<\/td><td><\/td><\/tr><tr><td>87-Maria ajuizou uma reclama\u00e7\u00e3o trabalhista em face das&#8230;<\/td><td>D<\/td><td><\/td><\/tr><tr><td>88-Gabriel, empregado benefici\u00e1rio da justi\u00e7a gratuita&#8230;<\/td><td>D<\/td><td><\/td><\/tr><tr><td>89-O Sindicato dos Empregados da Ind\u00fastria de&#8230;<\/td><td>A<\/td><td><\/td><\/tr><tr><td>90-Ant\u00f4nio, empregado sob o regime da CLT desde o ano de&#8230;<\/td><td>E<\/td><td><\/td><\/tr><tr><td>91-Sobre a execu\u00e7\u00e3o no \u00e2mbito do processo do trabalho, assinale a&#8230;<\/td><td>E<\/td><td><\/td><\/tr><tr><td>92-Julgue os itens a seguir, relativos aos recursos do direito&#8230;<\/td><td>E<\/td><td><\/td><\/tr><tr><td>93-A compet\u00eancia para legislar em mat\u00e9ria de responsabilidade por&#8230;<\/td><td>D<\/td><td>Artigo 24, VIII, CF<\/td><\/tr><tr><td>94-Diante de risco eminente de les\u00e3o ao meio ambiente, h\u00e1&#8230;<\/td><td>E<\/td><td>Artigo 2\u00aa, \u00a7 \u00fanico, Lei 7347\/85<\/td><\/tr><tr><td>95-O direito brasileiro admite uma compreens\u00e3o multidimensional&#8230;<\/td><td>D<\/td><td>Art. 216, V c\/c art. 215, \u00a73, I, CF<\/td><\/tr><tr><td>96-O combate aos efeitos adversos da crise clim\u00e1tica bem como&#8230;<\/td><td>D<\/td><td>Doutrina<\/td><\/tr><tr><td>97-Entre as compet\u00eancias atribu\u00eddas aos \u00f3rg\u00e3os seccionais do&#8230;<\/td><td>A<\/td><td>Art. 6\u00ba, V, Lei 6938\/81<\/td><\/tr><tr><td>98-A respeito da compensa\u00e7\u00e3o da reserva legal, a qual deve ser&#8230;<\/td><td>A<\/td><td>Art. 66, \u00a75\u00ba, II, Cflo<\/td><\/tr><tr><td>99-Assinale a op\u00e7\u00e3o que corresponde a uma hip\u00f3tese na qual se&#8230;<\/td><td>B<\/td><td>Art. 9, \u00a74\u00ba, III, Lei 9985<\/td><\/tr><tr><td>100-Julgue os itens a seguir, relativos \u00e0s atividades potencialmente&#8230;<\/td><td>C<\/td><td>I \u2013 F \u2013 pequeno potencial \u2013 Art. 12, \u00a71\u00ba, Res CONAMA 237<br>II \u2013 F \u2013 N\u00e3o h\u00e1 previs\u00e3o<br>III \u2013 V \u2013 Art. 11, Res CONAMA 237<br>IV \u2013 V \u2013 Art. 19, II,\u00a0Res\u00a0CONAMA\u00a0237<\/td><\/tr><\/tbody><\/table><figcaption class=\"wp-element-caption\">Gabarito extraoficial PGE ES Procurador<\/figcaption><\/figure>\n\n\n\n<p class=\"has-text-align-center\"><em>Confira todos os detalhes do Concurso PGE ES Procurador al\u00e9m do gabarito extraoficial:<\/em><\/p>\n\n\n\n<p class=\"has-text-align-center has-luminous-vivid-amber-background-color has-background has-medium-font-size\"><strong><a href=\"https:\/\/cj.estrategia.com\/portal\/concurso-pge-es-procurador\/\" target=\"_blank\" >Concurso PGE ES Procurador<\/a><\/strong><\/p>\n\n\n\n<h2 class=\"wp-block-heading has-text-align-center\" id=\"cursos\"><span id=\"quer-saber-tudo-sobre-concursos-previstosconfira-nossos-artigos\">Quer saber tudo sobre concursos previstos?<br>Confira nossos artigos!<\/span><\/h2>\n\n\n\n<ul class=\"wp-block-list\">\n<li><a href=\"https:\/\/cj.estrategia.com\/portal\/concursos-abertos-carreiras-juridicas\/\" target=\"_blank\" >Concursos jur\u00eddicos abertos<\/a><\/li>\n\n\n\n<li><a href=\"https:\/\/cj.estrategia.com\/portal\/concursos-2025-carreiras-juridicas\/\" target=\"_blank\" >Concurso Jur\u00eddicos 2025<\/a><\/li>\n\n\n\n<li><a href=\"https:\/\/cj.estrategia.com\/portal\/concursos-procuradorias\/\" target=\"_blank\" >Concursos Procuradorias<\/a><\/li>\n<\/ul>\n\n\n\n<h2 class=\"wp-block-heading has-text-align-center\" id=\"assinatura-e-cursos\"><span id=\"quer-estudar-para-o-concurso-pge-es\">Quer estudar para o concurso PGE ES?<\/span><\/h2>\n\n\n\n<div class=\"container\" id=\"boxes\">\n  <div class=\"row\">\n\n    <div class=\"col-sm\">\n      <div class=\"banner-estrategia-concursos-juridicos\" id=\"box-assinatura\">\n        <h2 id=\"curso-para-pge-es-procurador\" class=\"titulo-assinatura\"><span style=\"color: #ffffff; font-size: 23px; \">Curso para PGE ES Procurador <\/span><\/h2>\n        <p class=\"subtitulo-assinatura\">Cursos focados no edital do concurso<\/p>\n        <div class=\"box-botao\">\n          <a class=\"btn-assinatura-juridica\" target=\"_blank\" href=\"https:\/\/cj.estrategia.com\/curso\/pge-es-procurador-do-estado-pacote-teorico\/\" role=\"button\" rel=\"noopener noreferrer\">Conhe\u00e7a mais<\/a>\n        <\/div>\n      <\/div>\n      <p class=\"texto-auxiliar\">Prepare-se com o melhor material e com quem mais aprova em concursos em todo o pa\u00eds. \n<\/p>\n    <\/div>\n\n  <\/div>\n<\/div>\n\n\n\n<h2 class=\"wp-block-heading has-text-align-center\" id=\"cursos-ficha\"><span id=\"cursos-e-assinaturas\">Cursos e Assinaturas<\/span><\/h2>\n\n\n\n<p>O Estrat\u00e9gia Carreira Jur\u00eddica \u00e9 campe\u00e3o de aprova\u00e7\u00f5es nos concursos para Carreiras Jur\u00eddicas com um corpo docente qualificado e materiais completos. Conhe\u00e7a nossos cursos e garanta sua aprova\u00e7\u00e3o:<\/p>\n\n\n\n<div class=\"wp-block-cover\" style=\"min-height:155px;aspect-ratio:unset;\"><img decoding=\"async\" width=\"1890\" height=\"351\" class=\"wp-block-cover__image-background wp-image-8669\" alt=\"Assinaturas Jur\u00eddicas\" src=\"https:\/\/cj.estrategia.com\/portal\/wp-content\/uploads\/2022\/06\/20151253\/concurso-carreiras-juridicas-assinatura-juridica.jpg\" data-object-fit=\"cover\" srcset=\"https:\/\/cj.estrategia.com\/portal\/wp-content\/uploads\/2022\/06\/20151253\/concurso-carreiras-juridicas-assinatura-juridica.jpg 1890w, https:\/\/cj.estrategia.com\/portal\/wp-content\/uploads\/2022\/06\/20151253\/concurso-carreiras-juridicas-assinatura-juridica-300x56.jpg 300w, https:\/\/cj.estrategia.com\/portal\/wp-content\/uploads\/2022\/06\/20151253\/concurso-carreiras-juridicas-assinatura-juridica-1024x190.jpg 1024w, https:\/\/cj.estrategia.com\/portal\/wp-content\/uploads\/2022\/06\/20151253\/concurso-carreiras-juridicas-assinatura-juridica-768x143.jpg 768w, https:\/\/cj.estrategia.com\/portal\/wp-content\/uploads\/2022\/06\/20151253\/concurso-carreiras-juridicas-assinatura-juridica-1536x285.jpg 1536w, https:\/\/cj.estrategia.com\/portal\/wp-content\/uploads\/2022\/06\/20151253\/concurso-carreiras-juridicas-assinatura-juridica-380x71.jpg 380w, https:\/\/cj.estrategia.com\/portal\/wp-content\/uploads\/2022\/06\/20151253\/concurso-carreiras-juridicas-assinatura-juridica-800x149.jpg 800w, https:\/\/cj.estrategia.com\/portal\/wp-content\/uploads\/2022\/06\/20151253\/concurso-carreiras-juridicas-assinatura-juridica-1160x215.jpg 1160w\" sizes=\"(max-width: 1890px) 100vw, 1890px\" \/><span aria-hidden=\"true\" class=\"wp-block-cover__background has-background-dim\"><\/span><div class=\"wp-block-cover__inner-container is-layout-flow wp-block-cover-is-layout-flow\">\n<h3 id=\"faca-a-sua-assinatura\" class=\"titulo-assinatura\"><span style=\"color: #ffffff;\">Fa\u00e7a a sua assinatura!<\/span><\/h3>\n<p class=\"subtitulo-assinatura\" style=\"display:block!important; line-height: 0;\"><span style=\"color: #ffffff;\">Escolha a sua \u00e1rea.<\/span><\/p>\n<a target=\"_blank\" href=\"https:\/\/www.estrategiaconcursos.com.br\/assinaturas-ecj\/\" rel=\"noopener\"><button style=\"border-radius: 10px; text-transform: capitalize;\">Acessar<\/button><\/a>\n<\/div><\/div>\n\n\n\n<p><\/p>\n","protected":false},"excerpt":{"rendered":"Neste domingo, 02 de novembro, foram aplicadas as provas do&nbsp;Concurso PGE ES Procurador e nossos professores realizaram a&hellip;\n","protected":false},"author":159,"featured_media":20828,"comment_status":"open","ping_status":"open","sticky":false,"template":"","format":"standard","meta":{"_jetpack_memberships_contains_paid_content":false,"footnotes":""},"categories":[24],"tags":[],"tax_estado":[38],"class_list":{"0":"post-160835","1":"post","2":"type-post","3":"status-publish","4":"format-standard","5":"has-post-thumbnail","7":"category-procuradoria","8":"tax_estado-es"},"acf":[],"yoast_head":"<!-- This site is optimized with the Yoast SEO Premium plugin v27.4 (Yoast SEO v27.4) - https:\/\/yoast.com\/product\/yoast-seo-premium-wordpress\/ -->\n<title>Gabarito extraoficial PGE ES Procurador: veja seu desempenho!<\/title>\n<meta name=\"description\" content=\"Gabarito extraoficial PGE ES Procurador elaborado pelo nosso time de especialistas em aprovados para voc\u00ea conferir seu desempenho...\" \/>\n<meta name=\"robots\" content=\"index, follow, max-snippet:-1, max-image-preview:large, max-video-preview:-1\" \/>\n<link rel=\"canonical\" href=\"https:\/\/cj.estrategia.com\/portal\/gabarito-extraoficial-pge-es-procurador-2\/\" \/>\n<meta property=\"og:locale\" content=\"pt_BR\" \/>\n<meta property=\"og:type\" content=\"article\" \/>\n<meta property=\"og:title\" content=\"Gabarito extraoficial PGE ES Procurador: veja seu desempenho!\" \/>\n<meta property=\"og:description\" content=\"Gabarito extraoficial PGE ES Procurador elaborado pelo nosso time de especialistas em aprovados para voc\u00ea conferir seu desempenho...\" \/>\n<meta property=\"og:url\" content=\"https:\/\/cj.estrategia.com\/portal\/gabarito-extraoficial-pge-es-procurador-2\/\" \/>\n<meta property=\"og:site_name\" content=\"Blog - Carreiras Jur\u00eddicas - Estrat\u00e9gia\" \/>\n<meta property=\"article:publisher\" content=\"https:\/\/www.facebook.com\/estrategiacarreirajuridica\/\" \/>\n<meta property=\"article:published_time\" content=\"2025-11-03T01:03:40+00:00\" \/>\n<meta property=\"article:modified_time\" content=\"2025-11-04T19:09:49+00:00\" \/>\n<meta property=\"og:image\" content=\"https:\/\/cj.estrategia.com\/portal\/wp-content\/uploads\/2022\/08\/04105726\/PGE-ES-PROCURADOR.jpg\" \/>\n\t<meta property=\"og:image:width\" content=\"768\" \/>\n\t<meta property=\"og:image:height\" content=\"432\" \/>\n\t<meta property=\"og:image:type\" content=\"image\/jpeg\" \/>\n<meta name=\"author\" content=\"Priscila Bonomi\" \/>\n<meta name=\"twitter:card\" content=\"summary_large_image\" \/>\n<meta name=\"twitter:creator\" content=\"@EstratJuridica\" \/>\n<meta name=\"twitter:site\" content=\"@EstratJuridica\" \/>\n<meta name=\"twitter:label1\" content=\"Escrito por\" \/>\n\t<meta name=\"twitter:data1\" content=\"Priscila Bonomi\" \/>\n\t<meta name=\"twitter:label2\" content=\"Est. tempo de leitura\" \/>\n\t<meta name=\"twitter:data2\" content=\"9 minutos\" \/>\n<script type=\"application\/ld+json\" class=\"yoast-schema-graph\">{\"@context\":\"https:\\\/\\\/schema.org\",\"@graph\":[{\"@type\":\"NewsArticle\",\"@id\":\"https:\\\/\\\/cj.estrategia.com\\\/portal\\\/gabarito-extraoficial-pge-es-procurador-2\\\/#article\",\"isPartOf\":{\"@id\":\"https:\\\/\\\/cj.estrategia.com\\\/portal\\\/gabarito-extraoficial-pge-es-procurador-2\\\/\"},\"author\":{\"name\":\"Priscila Bonomi\",\"@id\":\"https:\\\/\\\/cj.estrategia.com\\\/portal\\\/#\\\/schema\\\/person\\\/b472e0140705ac6b5d15ed70554fae55\"},\"headline\":\"Gabarito extraoficial PGE ES Procurador: veja seu desempenho!\",\"datePublished\":\"2025-11-03T01:03:40+00:00\",\"dateModified\":\"2025-11-04T19:09:49+00:00\",\"mainEntityOfPage\":{\"@id\":\"https:\\\/\\\/cj.estrategia.com\\\/portal\\\/gabarito-extraoficial-pge-es-procurador-2\\\/\"},\"wordCount\":1599,\"commentCount\":0,\"publisher\":{\"@id\":\"https:\\\/\\\/cj.estrategia.com\\\/portal\\\/#organization\"},\"image\":{\"@id\":\"https:\\\/\\\/cj.estrategia.com\\\/portal\\\/gabarito-extraoficial-pge-es-procurador-2\\\/#primaryimage\"},\"thumbnailUrl\":\"https:\\\/\\\/cj.estrategia.com\\\/portal\\\/wp-content\\\/uploads\\\/2022\\\/08\\\/04105726\\\/PGE-ES-PROCURADOR.jpg\",\"articleSection\":[\"Procuradoria\"],\"inLanguage\":\"pt-BR\",\"potentialAction\":[{\"@type\":\"CommentAction\",\"name\":\"Comment\",\"target\":[\"https:\\\/\\\/cj.estrategia.com\\\/portal\\\/gabarito-extraoficial-pge-es-procurador-2\\\/#respond\"]}]},{\"@type\":\"WebPage\",\"@id\":\"https:\\\/\\\/cj.estrategia.com\\\/portal\\\/gabarito-extraoficial-pge-es-procurador-2\\\/\",\"url\":\"https:\\\/\\\/cj.estrategia.com\\\/portal\\\/gabarito-extraoficial-pge-es-procurador-2\\\/\",\"name\":\"Gabarito extraoficial PGE ES Procurador: veja seu desempenho!\",\"isPartOf\":{\"@id\":\"https:\\\/\\\/cj.estrategia.com\\\/portal\\\/#website\"},\"primaryImageOfPage\":{\"@id\":\"https:\\\/\\\/cj.estrategia.com\\\/portal\\\/gabarito-extraoficial-pge-es-procurador-2\\\/#primaryimage\"},\"image\":{\"@id\":\"https:\\\/\\\/cj.estrategia.com\\\/portal\\\/gabarito-extraoficial-pge-es-procurador-2\\\/#primaryimage\"},\"thumbnailUrl\":\"https:\\\/\\\/cj.estrategia.com\\\/portal\\\/wp-content\\\/uploads\\\/2022\\\/08\\\/04105726\\\/PGE-ES-PROCURADOR.jpg\",\"datePublished\":\"2025-11-03T01:03:40+00:00\",\"dateModified\":\"2025-11-04T19:09:49+00:00\",\"description\":\"Gabarito extraoficial PGE ES Procurador elaborado pelo nosso time de especialistas em aprovados para voc\u00ea conferir seu desempenho...\",\"breadcrumb\":{\"@id\":\"https:\\\/\\\/cj.estrategia.com\\\/portal\\\/gabarito-extraoficial-pge-es-procurador-2\\\/#breadcrumb\"},\"inLanguage\":\"pt-BR\",\"potentialAction\":[{\"@type\":\"ReadAction\",\"target\":[\"https:\\\/\\\/cj.estrategia.com\\\/portal\\\/gabarito-extraoficial-pge-es-procurador-2\\\/\"]}]},{\"@type\":\"ImageObject\",\"inLanguage\":\"pt-BR\",\"@id\":\"https:\\\/\\\/cj.estrategia.com\\\/portal\\\/gabarito-extraoficial-pge-es-procurador-2\\\/#primaryimage\",\"url\":\"https:\\\/\\\/cj.estrategia.com\\\/portal\\\/wp-content\\\/uploads\\\/2022\\\/08\\\/04105726\\\/PGE-ES-PROCURADOR.jpg\",\"contentUrl\":\"https:\\\/\\\/cj.estrategia.com\\\/portal\\\/wp-content\\\/uploads\\\/2022\\\/08\\\/04105726\\\/PGE-ES-PROCURADOR.jpg\",\"width\":768,\"height\":432,\"caption\":\"Banca Procurador PGE ES\"},{\"@type\":\"BreadcrumbList\",\"@id\":\"https:\\\/\\\/cj.estrategia.com\\\/portal\\\/gabarito-extraoficial-pge-es-procurador-2\\\/#breadcrumb\",\"itemListElement\":[{\"@type\":\"ListItem\",\"position\":1,\"name\":\"In\u00edcio\",\"item\":\"https:\\\/\\\/cj.estrategia.com\\\/portal\\\/\"},{\"@type\":\"ListItem\",\"position\":2,\"name\":\"Gabarito extraoficial PGE ES Procurador: veja seu desempenho!\"}]},{\"@type\":\"WebSite\",\"@id\":\"https:\\\/\\\/cj.estrategia.com\\\/portal\\\/#website\",\"url\":\"https:\\\/\\\/cj.estrategia.com\\\/portal\\\/\",\"name\":\"Blog - Carreiras Jur\u00eddicas - Estrat\u00e9gia\",\"description\":\"\",\"publisher\":{\"@id\":\"https:\\\/\\\/cj.estrategia.com\\\/portal\\\/#organization\"},\"potentialAction\":[{\"@type\":\"SearchAction\",\"target\":{\"@type\":\"EntryPoint\",\"urlTemplate\":\"https:\\\/\\\/cj.estrategia.com\\\/portal\\\/?s={search_term_string}\"},\"query-input\":{\"@type\":\"PropertyValueSpecification\",\"valueRequired\":true,\"valueName\":\"search_term_string\"}}],\"inLanguage\":\"pt-BR\"},{\"@type\":\"Organization\",\"@id\":\"https:\\\/\\\/cj.estrategia.com\\\/portal\\\/#organization\",\"name\":\"Estrat\u00e9gia - Carreiras Jur\u00eddicas\",\"url\":\"https:\\\/\\\/cj.estrategia.com\\\/portal\\\/\",\"logo\":{\"@type\":\"ImageObject\",\"inLanguage\":\"pt-BR\",\"@id\":\"https:\\\/\\\/cj.estrategia.com\\\/portal\\\/#\\\/schema\\\/logo\\\/image\\\/\",\"url\":\"https:\\\/\\\/cj.estrategia.com\\\/portal\\\/wp-content\\\/uploads\\\/2022\\\/03\\\/11151052\\\/cj-logo.png\",\"contentUrl\":\"https:\\\/\\\/cj.estrategia.com\\\/portal\\\/wp-content\\\/uploads\\\/2022\\\/03\\\/11151052\\\/cj-logo.png\",\"width\":150,\"height\":39,\"caption\":\"Estrat\u00e9gia - Carreiras Jur\u00eddicas\"},\"image\":{\"@id\":\"https:\\\/\\\/cj.estrategia.com\\\/portal\\\/#\\\/schema\\\/logo\\\/image\\\/\"},\"sameAs\":[\"https:\\\/\\\/www.facebook.com\\\/estrategiacarreirajuridica\\\/\",\"https:\\\/\\\/x.com\\\/EstratJuridica\",\"https:\\\/\\\/www.instagram.com\\\/estrategiacarreirajuridica\\\/\",\"https:\\\/\\\/www.youtube.com\\\/channel\\\/UClbMGuYbj2Mh1m3w144ETWQ\"]},{\"@type\":\"Person\",\"@id\":\"https:\\\/\\\/cj.estrategia.com\\\/portal\\\/#\\\/schema\\\/person\\\/b472e0140705ac6b5d15ed70554fae55\",\"name\":\"Priscila Bonomi\",\"image\":{\"@type\":\"ImageObject\",\"inLanguage\":\"pt-BR\",\"@id\":\"https:\\\/\\\/cj.estrategia.com\\\/portal\\\/wp-content\\\/uploads\\\/2025\\\/02\\\/05144820\\\/Imagem-do-WhatsApp-de-2025-05-05-as-14.47.57_b98168e4-96x96.jpg\",\"url\":\"https:\\\/\\\/cj.estrategia.com\\\/portal\\\/wp-content\\\/uploads\\\/2025\\\/02\\\/05144820\\\/Imagem-do-WhatsApp-de-2025-05-05-as-14.47.57_b98168e4-96x96.jpg\",\"contentUrl\":\"https:\\\/\\\/cj.estrategia.com\\\/portal\\\/wp-content\\\/uploads\\\/2025\\\/02\\\/05144820\\\/Imagem-do-WhatsApp-de-2025-05-05-as-14.47.57_b98168e4-96x96.jpg\",\"caption\":\"Priscila Bonomi\"},\"url\":\"https:\\\/\\\/cj.estrategia.com\\\/portal\\\/author\\\/priscila-bonomi\\\/\"}]}<\/script>\n<!-- \/ Yoast SEO Premium plugin. -->","yoast_head_json":{"title":"Gabarito extraoficial PGE ES Procurador: veja seu desempenho!","description":"Gabarito extraoficial PGE ES Procurador elaborado pelo nosso time de especialistas em aprovados para voc\u00ea conferir seu desempenho...","robots":{"index":"index","follow":"follow","max-snippet":"max-snippet:-1","max-image-preview":"max-image-preview:large","max-video-preview":"max-video-preview:-1"},"canonical":"https:\/\/cj.estrategia.com\/portal\/gabarito-extraoficial-pge-es-procurador-2\/","og_locale":"pt_BR","og_type":"article","og_title":"Gabarito extraoficial PGE ES Procurador: veja seu desempenho!","og_description":"Gabarito extraoficial PGE ES Procurador elaborado pelo nosso time de especialistas em aprovados para voc\u00ea conferir seu desempenho...","og_url":"https:\/\/cj.estrategia.com\/portal\/gabarito-extraoficial-pge-es-procurador-2\/","og_site_name":"Blog - Carreiras Jur\u00eddicas - Estrat\u00e9gia","article_publisher":"https:\/\/www.facebook.com\/estrategiacarreirajuridica\/","article_published_time":"2025-11-03T01:03:40+00:00","article_modified_time":"2025-11-04T19:09:49+00:00","og_image":[{"width":768,"height":432,"url":"https:\/\/cj.estrategia.com\/portal\/wp-content\/uploads\/2022\/08\/04105726\/PGE-ES-PROCURADOR.jpg","type":"image\/jpeg"}],"author":"Priscila Bonomi","twitter_card":"summary_large_image","twitter_creator":"@EstratJuridica","twitter_site":"@EstratJuridica","twitter_misc":{"Escrito por":"Priscila Bonomi","Est. tempo de leitura":"9 minutos"},"schema":{"@context":"https:\/\/schema.org","@graph":[{"@type":"NewsArticle","@id":"https:\/\/cj.estrategia.com\/portal\/gabarito-extraoficial-pge-es-procurador-2\/#article","isPartOf":{"@id":"https:\/\/cj.estrategia.com\/portal\/gabarito-extraoficial-pge-es-procurador-2\/"},"author":{"name":"Priscila Bonomi","@id":"https:\/\/cj.estrategia.com\/portal\/#\/schema\/person\/b472e0140705ac6b5d15ed70554fae55"},"headline":"Gabarito extraoficial PGE ES Procurador: veja seu desempenho!","datePublished":"2025-11-03T01:03:40+00:00","dateModified":"2025-11-04T19:09:49+00:00","mainEntityOfPage":{"@id":"https:\/\/cj.estrategia.com\/portal\/gabarito-extraoficial-pge-es-procurador-2\/"},"wordCount":1599,"commentCount":0,"publisher":{"@id":"https:\/\/cj.estrategia.com\/portal\/#organization"},"image":{"@id":"https:\/\/cj.estrategia.com\/portal\/gabarito-extraoficial-pge-es-procurador-2\/#primaryimage"},"thumbnailUrl":"https:\/\/cj.estrategia.com\/portal\/wp-content\/uploads\/2022\/08\/04105726\/PGE-ES-PROCURADOR.jpg","articleSection":["Procuradoria"],"inLanguage":"pt-BR","potentialAction":[{"@type":"CommentAction","name":"Comment","target":["https:\/\/cj.estrategia.com\/portal\/gabarito-extraoficial-pge-es-procurador-2\/#respond"]}]},{"@type":"WebPage","@id":"https:\/\/cj.estrategia.com\/portal\/gabarito-extraoficial-pge-es-procurador-2\/","url":"https:\/\/cj.estrategia.com\/portal\/gabarito-extraoficial-pge-es-procurador-2\/","name":"Gabarito extraoficial PGE ES Procurador: veja seu desempenho!","isPartOf":{"@id":"https:\/\/cj.estrategia.com\/portal\/#website"},"primaryImageOfPage":{"@id":"https:\/\/cj.estrategia.com\/portal\/gabarito-extraoficial-pge-es-procurador-2\/#primaryimage"},"image":{"@id":"https:\/\/cj.estrategia.com\/portal\/gabarito-extraoficial-pge-es-procurador-2\/#primaryimage"},"thumbnailUrl":"https:\/\/cj.estrategia.com\/portal\/wp-content\/uploads\/2022\/08\/04105726\/PGE-ES-PROCURADOR.jpg","datePublished":"2025-11-03T01:03:40+00:00","dateModified":"2025-11-04T19:09:49+00:00","description":"Gabarito extraoficial PGE ES Procurador elaborado pelo nosso time de especialistas em aprovados para voc\u00ea conferir seu desempenho...","breadcrumb":{"@id":"https:\/\/cj.estrategia.com\/portal\/gabarito-extraoficial-pge-es-procurador-2\/#breadcrumb"},"inLanguage":"pt-BR","potentialAction":[{"@type":"ReadAction","target":["https:\/\/cj.estrategia.com\/portal\/gabarito-extraoficial-pge-es-procurador-2\/"]}]},{"@type":"ImageObject","inLanguage":"pt-BR","@id":"https:\/\/cj.estrategia.com\/portal\/gabarito-extraoficial-pge-es-procurador-2\/#primaryimage","url":"https:\/\/cj.estrategia.com\/portal\/wp-content\/uploads\/2022\/08\/04105726\/PGE-ES-PROCURADOR.jpg","contentUrl":"https:\/\/cj.estrategia.com\/portal\/wp-content\/uploads\/2022\/08\/04105726\/PGE-ES-PROCURADOR.jpg","width":768,"height":432,"caption":"Banca Procurador PGE ES"},{"@type":"BreadcrumbList","@id":"https:\/\/cj.estrategia.com\/portal\/gabarito-extraoficial-pge-es-procurador-2\/#breadcrumb","itemListElement":[{"@type":"ListItem","position":1,"name":"In\u00edcio","item":"https:\/\/cj.estrategia.com\/portal\/"},{"@type":"ListItem","position":2,"name":"Gabarito extraoficial PGE ES Procurador: veja seu desempenho!"}]},{"@type":"WebSite","@id":"https:\/\/cj.estrategia.com\/portal\/#website","url":"https:\/\/cj.estrategia.com\/portal\/","name":"Blog - Carreiras Jur\u00eddicas - Estrat\u00e9gia","description":"","publisher":{"@id":"https:\/\/cj.estrategia.com\/portal\/#organization"},"potentialAction":[{"@type":"SearchAction","target":{"@type":"EntryPoint","urlTemplate":"https:\/\/cj.estrategia.com\/portal\/?s={search_term_string}"},"query-input":{"@type":"PropertyValueSpecification","valueRequired":true,"valueName":"search_term_string"}}],"inLanguage":"pt-BR"},{"@type":"Organization","@id":"https:\/\/cj.estrategia.com\/portal\/#organization","name":"Estrat\u00e9gia - Carreiras Jur\u00eddicas","url":"https:\/\/cj.estrategia.com\/portal\/","logo":{"@type":"ImageObject","inLanguage":"pt-BR","@id":"https:\/\/cj.estrategia.com\/portal\/#\/schema\/logo\/image\/","url":"https:\/\/cj.estrategia.com\/portal\/wp-content\/uploads\/2022\/03\/11151052\/cj-logo.png","contentUrl":"https:\/\/cj.estrategia.com\/portal\/wp-content\/uploads\/2022\/03\/11151052\/cj-logo.png","width":150,"height":39,"caption":"Estrat\u00e9gia - Carreiras Jur\u00eddicas"},"image":{"@id":"https:\/\/cj.estrategia.com\/portal\/#\/schema\/logo\/image\/"},"sameAs":["https:\/\/www.facebook.com\/estrategiacarreirajuridica\/","https:\/\/x.com\/EstratJuridica","https:\/\/www.instagram.com\/estrategiacarreirajuridica\/","https:\/\/www.youtube.com\/channel\/UClbMGuYbj2Mh1m3w144ETWQ"]},{"@type":"Person","@id":"https:\/\/cj.estrategia.com\/portal\/#\/schema\/person\/b472e0140705ac6b5d15ed70554fae55","name":"Priscila Bonomi","image":{"@type":"ImageObject","inLanguage":"pt-BR","@id":"https:\/\/cj.estrategia.com\/portal\/wp-content\/uploads\/2025\/02\/05144820\/Imagem-do-WhatsApp-de-2025-05-05-as-14.47.57_b98168e4-96x96.jpg","url":"https:\/\/cj.estrategia.com\/portal\/wp-content\/uploads\/2025\/02\/05144820\/Imagem-do-WhatsApp-de-2025-05-05-as-14.47.57_b98168e4-96x96.jpg","contentUrl":"https:\/\/cj.estrategia.com\/portal\/wp-content\/uploads\/2025\/02\/05144820\/Imagem-do-WhatsApp-de-2025-05-05-as-14.47.57_b98168e4-96x96.jpg","caption":"Priscila Bonomi"},"url":"https:\/\/cj.estrategia.com\/portal\/author\/priscila-bonomi\/"}]}},"jetpack_featured_media_url":"https:\/\/cj.estrategia.com\/portal\/wp-content\/uploads\/2022\/08\/04105726\/PGE-ES-PROCURADOR.jpg","jetpack_sharing_enabled":true,"_links":{"self":[{"href":"https:\/\/cj.estrategia.com\/portal\/wp-json\/wp\/v2\/posts\/160835","targetHints":{"allow":["GET"]}}],"collection":[{"href":"https:\/\/cj.estrategia.com\/portal\/wp-json\/wp\/v2\/posts"}],"about":[{"href":"https:\/\/cj.estrategia.com\/portal\/wp-json\/wp\/v2\/types\/post"}],"author":[{"embeddable":true,"href":"https:\/\/cj.estrategia.com\/portal\/wp-json\/wp\/v2\/users\/159"}],"replies":[{"embeddable":true,"href":"https:\/\/cj.estrategia.com\/portal\/wp-json\/wp\/v2\/comments?post=160835"}],"version-history":[{"count":41,"href":"https:\/\/cj.estrategia.com\/portal\/wp-json\/wp\/v2\/posts\/160835\/revisions"}],"predecessor-version":[{"id":160947,"href":"https:\/\/cj.estrategia.com\/portal\/wp-json\/wp\/v2\/posts\/160835\/revisions\/160947"}],"wp:featuredmedia":[{"embeddable":true,"href":"https:\/\/cj.estrategia.com\/portal\/wp-json\/wp\/v2\/media\/20828"}],"wp:attachment":[{"href":"https:\/\/cj.estrategia.com\/portal\/wp-json\/wp\/v2\/media?parent=160835"}],"wp:term":[{"taxonomy":"category","embeddable":true,"href":"https:\/\/cj.estrategia.com\/portal\/wp-json\/wp\/v2\/categories?post=160835"},{"taxonomy":"post_tag","embeddable":true,"href":"https:\/\/cj.estrategia.com\/portal\/wp-json\/wp\/v2\/tags?post=160835"},{"taxonomy":"tax_estado","embeddable":true,"href":"https:\/\/cj.estrategia.com\/portal\/wp-json\/wp\/v2\/tax_estado?post=160835"}],"curies":[{"name":"wp","href":"https:\/\/api.w.org\/{rel}","templated":true}]}}