{"id":1570,"date":"2026-04-01T11:30:00","date_gmt":"2026-04-01T14:30:00","guid":{"rendered":"https:\/\/cj.estrategia.com\/portal\/?p=1570"},"modified":"2026-04-02T12:35:26","modified_gmt":"2026-04-02T15:35:26","slug":"concurso-cartorio-mg","status":"publish","type":"post","link":"https:\/\/cj.estrategia.com\/portal\/concurso-cartorio-mg\/","title":{"rendered":"Concurso Cart\u00f3rio MG: suspenso pelo CNJ!"},"content":{"rendered":"\n<p><strong><em>Suspeitas de irregularidades suspendem concurso de cart\u00f3rios de MG e adiam provas previstas para abril.<\/em><\/strong><\/p>\n\n\n<a id=\"cta-icon\" href=\"https:\/\/sndflw.com\/i\/cartorios-grupo\" target=\"blank\" style=\"background:rgb(41,166,26)\">\n            <img decoding=\"async\" src=\"https:\/\/cj.estrategia.com\/portal\/wp-content\/uploads\/2023\/12\/07160657\/whatsapp_1385.webp\" alt=\"\" alt=\"whatsapp_1385\"><span > Acesse agora o Grupo de Estudos para Concursos Cart\u00f3rio <\/span><\/a>\n\n\n\n<p>O <strong>concurso para cart\u00f3rios do Estado de Minas Gerais<\/strong>, que teria provas aplicadas nos dias 11 e 12 de abril de 2026, foi <strong>suspenso por decis\u00e3o da Corregedoria.<\/strong><\/p>\n\n\n\n<p>A medida foi adotada ap\u00f3s a identifica\u00e7\u00e3o de ind\u00edcios de irregularidades que, segundo o \u00f3rg\u00e3o, podem comprometer princ\u00edpios essenciais da administra\u00e7\u00e3o p\u00fablica, como moralidade, impessoalidade e isonomia.<\/p>\n\n\n\n<h3 class=\"wp-block-heading\" id=\"h-irregularidades-apontadas\"><span id=\"irregularidades-apontadas\">Irregularidades apontadas<\/span><\/h3>\n\n\n\n<p>Entre os principais pontos destacados na decis\u00e3o, est\u00e3o situa\u00e7\u00f5es consideradas sens\u00edveis quanto \u00e0 lisura do certame. A Corregedoria mencionou, por exemplo, a substitui\u00e7\u00e3o integral dos membros titulares da Comiss\u00e3o Examinadora a menos de 30 dias da aplica\u00e7\u00e3o das provas, o que levanta questionamentos sobre transpar\u00eancia e previsibilidade.<\/p>\n\n\n\n<p>Tamb\u00e9m foram apontadas den\u00fancias como:<\/p>\n\n\n\n<ul class=\"wp-block-list\">\n<li>realiza\u00e7\u00e3o de dez prorroga\u00e7\u00f5es contratuais com a banca organizadora Instituto Consulplan;<\/li>\n\n\n\n<li>exist\u00eancia de parentes de membros da comiss\u00e3o com inscri\u00e7\u00f5es deferidas;<\/li>\n\n\n\n<li>poss\u00edveis v\u00ednculos de integrantes da banca com cursos preparat\u00f3rios.<\/li>\n<\/ul>\n\n\n\n<p>A decis\u00e3o tem car\u00e1ter cautelar, ou seja, preventivo. O ministro destacou que a suspens\u00e3o n\u00e3o implica, por si s\u00f3, a nulidade do edital nem o cancelamento definitivo do concurso.<\/p>\n\n\n\n<ul class=\"wp-block-list\">\n<li><\/li>\n<\/ul>\n\n\n\n<ul class=\"wp-block-list has-very-light-gray-to-cyan-bluish-gray-gradient-background has-background\">\n<li><strong>Concurso Cart\u00f3rio MG<\/strong><\/li>\n\n\n\n<li><strong>Status:<\/strong>&nbsp;SUSPENSO<\/li>\n\n\n\n<li><strong>Banca: <\/strong><a href=\"https:\/\/www.consulplan.net\/Concurso\/Index\/1767\" target=\"_blank\" >Consulplan<\/a><\/li>\n\n\n\n<li><strong>Vagas:&nbsp;<\/strong>796 (sendo 521 por provimento e 275 por remo\u00e7\u00e3o)<\/li>\n\n\n\n<li><strong>Sal\u00e1rio inicial:<\/strong> varia conforme a rentabilidade da serventia a ser atribu\u00edda<\/li>\n<\/ul>\n\n\n\n<div class=\"container\" id=\"boxes\">\n  <div class=\"row\">\n\n    <div class=\"col-sm\">\n      <div class=\"banner-estrategia-concursos-juridicos\" id=\"box-assinatura\">\n        <h2 id=\"curso-para-concurso-cartorio-mg\" class=\"titulo-assinatura\"><span style=\"color: #ffffff; font-size: 24px;\">Curso para Concurso Cart\u00f3rio MG<\/span><\/h2>\n        <p class=\"subtitulo-assinatura\">Cursos focados no edital do concurso<\/p>\n        <div class=\"box-botao\">\n          <a class=\"btn-assinatura-juridica\" target=\"_blank\" href=\"https:\/\/cj.estrategia.com\/curso\/cartorio-do-tj-mg-direto-ao-ponto-2024-pos-edital\/\" role=\"button\" rel=\"noopener noreferrer\">Conhe\u00e7a mais<\/a>\n        <\/div>\n      <\/div>\n      <p class=\"texto-auxiliar\">Prepare-se com o melhor material e com quem mais aprova em concursos em todo o pa\u00eds. \n<\/p>\n    <\/div>\n\n  <\/div>\n<\/div>\n\n\n\n<div class=\"wp-block-yoast-seo-table-of-contents yoast-table-of-contents\"><ul><li><a href=\"#h-irregularidades-apontadas\" data-level=\"3\">Irregularidades apontadas<\/a><\/li><li><a href=\"#atual\" data-level=\"2\">Concurso Cart\u00f3rio MG: situa\u00e7\u00e3o atual<\/a><ul><li><a href=\"#h-cronograma-suspenso\" data-level=\"3\">Cronograma &#8211; SUSPENSO<\/a><\/li><li><a href=\"#h-documentos-importantes\" data-level=\"3\">Documentos importantes<\/a><\/li><li><a href=\"#h-cargos-e-vagas\" data-level=\"3\">Cargos e vagas<\/a><\/li><\/ul><\/li><li><a href=\"#carreira\" data-level=\"2\">Carreira no Cart\u00f3rio MG<\/a><ul><li><a href=\"#requisitos\" data-level=\"3\">Requisitos<\/a><\/li><\/ul><\/li><li><a href=\"#etapas\" data-level=\"2\">Etapas do concurso Cart\u00f3rio MG<\/a><ul><li><a href=\"#prova-objetiva\" data-level=\"3\">Prova objetiva<\/a><\/li><li><a href=\"#escrita\" data-level=\"3\">Prova escrita e pr\u00e1tica<\/a><\/li><li><a href=\"#oral\" data-level=\"3\">Prova oral<\/a><\/li><li><a href=\"#titulos\" data-level=\"3\">Avalia\u00e7\u00e3o de T\u00edtulos<\/a><\/li><\/ul><\/li><li><a href=\"#ultimo\" data-level=\"2\">\u00daltimo concurso Cart\u00f3rio MG &#8211; 2019<\/a><\/li><li><a href=\"#h-quer-saber-tudo-sobre-concursos-previstos-confira-nossos-artigos\" data-level=\"2\">Quer saber tudo sobre concursos previstos? Confira nossos artigos!<\/a><\/li><li><a href=\"#cursos\" data-level=\"2\">CURSOS E ASSINATURAS<\/a><\/li><\/ul><\/div>\n\n\n\n<h2 class=\"wp-block-heading\" id=\"atual\"><span id=\"concurso-cartorio-mg-situacao-atual\">Concurso Cart\u00f3rio MG: situa\u00e7\u00e3o atual<\/span><\/h2>\n\n\n\n<h3 class=\"wp-block-heading\" id=\"h-cronograma-suspenso\"><span id=\"cronograma-suspenso\">Cronograma &#8211; SUSPENSO<\/span><\/h3>\n\n\n\n<figure class=\"wp-block-table is-style-stripes\"><table class=\"has-luminous-vivid-amber-background-color has-background\"><thead><tr><th class=\"has-text-align-center\" data-align=\"center\">Atividades<\/th><th class=\"has-text-align-center\" data-align=\"center\">Datas Previstas<\/th><\/tr><\/thead><tbody><tr><td class=\"has-text-align-center\" data-align=\"center\">Pedidos de isen\u00e7\u00e3o do valor das inscri\u00e7\u00f5es<br>(novas inscri\u00e7\u00f5es)<\/td><td class=\"has-text-align-center\" data-align=\"center\"><s>21\/11 a 19\/12\/2025<\/s><\/td><\/tr><tr><td class=\"has-text-align-center\" data-align=\"center\">Resultado definitivo dos pedidos de isen\u00e7\u00e3o<\/td><td class=\"has-text-align-center\" data-align=\"center\"><s>19\/12\/2025<\/s><\/td><\/tr><tr><td class=\"has-text-align-center\" data-align=\"center\">Reabertura das inscri\u00e7\u00f5es<\/td><td class=\"has-text-align-center\" data-align=\"center\"><s>28\/01 a 26\/02\/2026<\/s><\/td><\/tr><tr><td class=\"has-text-align-center\" data-align=\"center\">Prova Objetiva<\/td><td class=\"has-text-align-center\" data-align=\"center\"><s>11\/04\/2026 (remo\u00e7\u00e3o) <\/s><br><s>12\/04\/2026 (provimento) <\/s> <\/td><\/tr><\/tbody><\/table><\/figure>\n\n\n\n<h3 class=\"wp-block-heading\" id=\"h-documentos-importantes\"><span id=\"documentos-importantes\">Documentos importantes<\/span><\/h3>\n\n\n\n<ul class=\"wp-block-list\">\n<li><strong><a href=\"https:\/\/www.cnj.jus.br\/corregedoria-nacional-suspende-concurso-extrajudicial-de-minas-gerais-por-indicios-de-irregularidades\/\" target=\"_blank\" rel=\"noreferrer noopener nofollow\">Suspens\u00e3o cautelar imediata do concurso para outorga de delega\u00e7\u00f5es de notas e de registro do Estado de Minas Gerais<\/a><\/strong>,<\/li>\n\n\n\n<li><a href=\"https:\/\/cj.estrategia.com\/portal\/wp-content\/uploads\/2025\/11\/01095521\/Decisao_24563577-1.pdf\">Nova retifica\u00e7\u00e3o publicada<\/a>.<\/li>\n\n\n\n<li><a href=\"https:\/\/cj.estrategia.com\/portal\/wp-content\/uploads\/2025\/10\/10083235\/Cartorio-MG.pdf\" target=\"_blank\" rel=\"noreferrer noopener nofollow\">resultado do sorteio p\u00fablico<\/a> <\/li>\n\n\n\n<li><a href=\"https:\/\/cj.estrategia.com\/portal\/wp-content\/uploads\/2025\/11\/28232525\/Retificacao-Cartorio-MG.pdf\" target=\"_blank\" rel=\"noreferrer noopener nofollow\">Retifica\u00e7\u00e3o nas datas<\/a>;<\/li>\n\n\n\n<li><a href=\"https:\/\/cj.estrategia.com\/portal\/wp-content\/uploads\/2025\/10\/09211637\/cartorio_mg2.pdf\" target=\"_blank\" >Sorteio das serventias reservadas a candidatos com defici\u00eancia e negros<\/a>;<\/li>\n\n\n\n<li><a href=\"https:\/\/cj.estrategia.com\/portal\/wp-content\/uploads\/2025\/10\/06091751\/Image_20251006_071104_697.jpeg\" target=\"_blank\" >Nova data para escolha de serventias<\/a>;<\/li>\n\n\n\n<li><a href=\"https:\/\/cj.estrategia.com\/portal\/wp-content\/uploads\/2025\/05\/14211303\/cartorio-mg.pdf\">Comiss\u00e3o alterada<\/a>;<\/li>\n\n\n\n<li><a href=\"https:\/\/cj.estrategia.com\/portal\/wp-content\/uploads\/2025\/10\/03210821\/Aviso_da_Corregedoria_0040_2025.pdf\">Lista de cart\u00f3rios vagos at\u00e9 julho de 2025<\/a>;<\/li>\n\n\n\n<li><a href=\"https:\/\/cj.estrategia.com\/portal\/wp-content\/uploads\/2025\/02\/13181616\/Retificacao-edital-MG.pdf\" target=\"_blank\" rel=\"noreferrer noopener nofollow\">Retifica\u00e7\u00e3o do edital<\/a>;<\/li>\n\n\n\n<li><a href=\"https:\/\/cj.estrategia.com\/portal\/wp-content\/uploads\/2025\/03\/28213923\/0001348-0920252000000_5957552_250328_201055.pdf\">Suspens\u00e3o do edital<\/a>.<\/li>\n<\/ul>\n\n\n\n<h3 class=\"wp-block-heading\" id=\"h-cargos-e-vagas\"><span id=\"cargos-e-vagas\">Cargos e vagas<\/span><\/h3>\n\n\n\n<ul class=\"wp-block-list\">\n<li><strong>Provimento:<\/strong> 521 serventias<\/li>\n\n\n\n<li><strong>Remo\u00e7\u00e3o:<\/strong> 275 serventias<\/li>\n<\/ul>\n\n\n\n<h2 class=\"wp-block-heading\" id=\"carreira\"><span id=\"carreira-no-cartorio-mg\">Carreira no Cart\u00f3rio MG<\/span><\/h2>\n\n\n\n<h3 class=\"wp-block-heading\" id=\"requisitos\">Requisitos <\/h3>\n\n\n\n<p>Para participar do certame, \u00e9 necess\u00e1rio ser bacharel em Direito ou comprovar o exerc\u00edcio de atividade notarial ou de registro por pelo menos 10 anos.<\/p>\n\n\n\n<p>Para quem se candidatar ao crit\u00e9rio de remo\u00e7\u00e3o, \u00e9 necess\u00e1rio ainda estar na titularidade de servi\u00e7o notarial ou de registro por pelo menos dois anos.<\/p>\n\n\n\n<h3 id=\"remuneracao\" class=\"wp-block-heading\">Remunera\u00e7\u00e3o<\/h3>\n\n\n\n<p>A remunera\u00e7\u00e3o dos not\u00e1rios ou registradores varia de acordo com a rentabilidade de cada serventia. Lembre-se&nbsp;que embora seja provido por concurso p\u00fablico, os cargos s\u00e3o exercidos em car\u00e1ter privado, por delega\u00e7\u00e3o do poder p\u00fablico.<\/p>\n\n\n\n<h2 class=\"wp-block-heading\" id=\"etapas\"><span id=\"etapas-do-concurso-cartorio-mg\">Etapas do concurso Cart\u00f3rio MG<\/span><\/h2>\n\n\n\n<p>O certame conta, ao todo, com&nbsp;<strong>cinco&nbsp;<\/strong>etapas, divididas da seguinte forma:<\/p>\n\n\n\n<ul class=\"wp-block-list\">\n<li><strong>Prova objetiva <\/strong>de sele\u00e7\u00e3o (eliminat\u00f3ria);<\/li>\n\n\n\n<li><strong>Prova escrita e pr\u00e1tica<\/strong> (eliminat\u00f3ria e classificat\u00f3ria);<\/li>\n\n\n\n<li><strong>Comprova\u00e7\u00e3o dos requisitos para outorga de delega\u00e7\u00f5es<\/strong> (eliminat\u00f3ria);<\/li>\n\n\n\n<li><strong>Prova oral<\/strong> (eliminat\u00f3ria e classificat\u00f3ria);<\/li>\n\n\n\n<li><strong>Avalia\u00e7\u00e3o de t\u00edtulos<\/strong> (classificat\u00f3rio).<\/li>\n<\/ul>\n\n\n\n<h3 class=\"wp-block-heading\" id=\"prova-objetiva\">Prova objetiva<\/h3>\n\n\n\n<p>A<strong> Prova Objetiva de Sele\u00e7\u00e3o<\/strong> ser\u00e1 distinta para cada um dos crit\u00e9rios de ingresso (provimento e remo\u00e7\u00e3o).<\/p>\n\n\n\n<p>A prova objetiva, para cada um dos crit\u00e9rios de ingresso (provimento e remo\u00e7\u00e3o), ter\u00e1 dura\u00e7\u00e3o m\u00e1xima de 5 horas e constar\u00e1 de 100 quest\u00f5es de m\u00faltipla escolha, cada uma com quatro op\u00e7\u00f5es de resposta, das quais apenas uma correta, ser\u00e3o distribu\u00eddas de acordo com a tabela abaixo:<\/p>\n\n\n\n<figure class=\"wp-block-table is-style-stripes\"><table class=\"has-luminous-vivid-amber-background-color has-background\"><thead><tr><th>Disciplinas e Mat\u00e9rias<\/th><th>Provimento<\/th><th>Remo\u00e7\u00e3o<\/th><\/tr><\/thead><tbody><tr><td>Direito Notarial e Registral e Conhecimentos Gerais<\/td><td>40<\/td><td>40<\/td><\/tr><tr><td>Direito Civil<\/td><td>22<\/td><td>22<\/td><\/tr><tr><td>Direito Processual Civil<\/td><td>6<\/td><td>6<\/td><\/tr><tr><td>Direito Penal e Processual Penal<\/td><td>6<\/td><td>6<\/td><\/tr><tr><td>Direito Tribut\u00e1rio<\/td><td>6<\/td><td>6<\/td><\/tr><tr><td>Direito Empresarial<\/td><td>6<\/td><td>6<\/td><\/tr><tr><td>Direito Administrativo e Constitucional<\/td><td>14<\/td><td>14<\/td><\/tr><\/tbody><\/table><\/figure>\n\n\n\n<p>A prova objetiva valer\u00e1 10 pontos, sendo atribu\u00eddo 0,1 ponto a cada resposta correta.<\/p>\n\n\n\n<h3 class=\"wp-block-heading\" id=\"escrita\"><span id=\"prova-escrita-e-pratica\">Prova escrita e pr\u00e1tica<\/span><\/h3>\n\n\n\n<p>A Prova Escrita e Pr\u00e1tica ser\u00e1 \u00fanica para ambos os crit\u00e9rios de ingresso (provimento e remo\u00e7\u00e3o) e ter\u00e1 car\u00e1ter eliminat\u00f3rio e classificat\u00f3rio.<\/p>\n\n\n\n<p>A Prova Escrita e Pr\u00e1tica ter\u00e1 dura\u00e7\u00e3o m\u00e1xima de quatro horas e consistir\u00e1 na elabora\u00e7\u00e3o de uma disserta\u00e7\u00e3o, de uma pe\u00e7a pr\u00e1tica e de respostas a quatro quest\u00f5es discursivas.<\/p>\n\n\n\n<p>A Prova Escrita e Pr\u00e1tica valer\u00e1 10 pontos, sendo 3 pontos para a disserta\u00e7\u00e3o, 3 pontos para a pe\u00e7a pr\u00e1tica e 1 ponto para a resposta de cada uma das quatro quest\u00f5es discursivas.<\/p>\n\n\n\n<h3 class=\"wp-block-heading\" id=\"oral\"><span id=\"prova-oral\">Prova oral<\/span><\/h3>\n\n\n\n<p>Decorridos 5 dias da publica\u00e7\u00e3o da rela\u00e7\u00e3o definitiva dos candidatos aprovados na prova escrita e pr\u00e1tica, far-se-\u00e1 sorteio p\u00fablico para definir a ordem de argui\u00e7\u00e3o na Prova Oral.<\/p>\n\n\n\n<p>A Prova Oral valer\u00e1 10 pontos e versar\u00e1 sobre as disciplinas e mat\u00e9rias relacionadas no edital.<\/p>\n\n\n\n<h3 class=\"wp-block-heading\" id=\"titulos\"><span id=\"avaliacao-de-titulos\">Avalia\u00e7\u00e3o de T\u00edtulos <\/span><\/h3>\n\n\n\n<p>O Exame de T\u00edtulos valer\u00e1, no m\u00e1ximo, dez pontos, desprezando-se a pontua\u00e7\u00e3o superior, e ter\u00e1 car\u00e1ter apenas classificat\u00f3rio. Ser\u00e3o considerados os t\u00edtulos abaixo:<\/p>\n\n\n\n<figure class=\"wp-block-table is-style-stripes\"><table class=\"has-luminous-vivid-amber-background-color has-background\"><thead><tr><th><strong>Subcategoria<\/strong><\/th><th><strong>Pontua\u00e7\u00e3o<\/strong><\/th><th><strong>Forma de Comprova\u00e7\u00e3o<\/strong><\/th><\/tr><\/thead><tbody><tr><td>Exerc\u00edcio da advocacia, por no m\u00ednimo de tr\u00eas anos at\u00e9 a data da primeira publica\u00e7\u00e3o do edital do concurso<\/td><td>2,0 pontos<\/td><td>Conforme itens 19.4.3 e 19.4.4 do edital<\/td><\/tr><tr><td>Exerc\u00edcio de fun\u00e7\u00e3o em servi\u00e7o notarial ou de registro, por no m\u00ednimo de dez anos at\u00e9 a data da primeira publica\u00e7\u00e3o do edital do concurso<\/td><td>2,0 pontos<\/td><td>Documentos previstos no item 16.1.1.1, al\u00edneas \u201ca\u201d e \u201cb\u201d<\/td><\/tr><tr><td>Mediante admiss\u00e3o no corpo docente por concurso ou processo seletivo p\u00fablico de provas e\/ou t\u00edtulos<\/td><td>1,5 pontos<\/td><td>Documento que especifique: institui\u00e7\u00e3o, atividades exercidas, curso, mat\u00e9ria, conte\u00fado program\u00e1tico, carga hor\u00e1ria e forma de admiss\u00e3o<\/td><\/tr><tr><td>Mediante admiss\u00e3o no corpo docente sem concurso ou processo seletivo p\u00fablico de provas e\/ou t\u00edtulos<\/td><td>1,0 ponto<\/td><td>Documento que especifique: institui\u00e7\u00e3o, atividades exercidas, curso, mat\u00e9ria, conte\u00fado program\u00e1tico, carga hor\u00e1ria e forma de admiss\u00e3o<\/td><\/tr><tr><td>Doutorado reconhecido ou revalidado em Direito ou em Ci\u00eancias Sociais ou Humanas<\/td><td>2,0 pontos<\/td><td>C\u00f3pia autenticada do diploma ou da certid\u00e3o\/ata de defesa de tese<\/td><\/tr><tr><td>Mestrado reconhecido ou revalidado em Direito ou em Ci\u00eancias Sociais ou Humanas<\/td><td>1,0 ponto<\/td><td>C\u00f3pia autenticada do diploma ou da certid\u00e3o\/ata de defesa de disserta\u00e7\u00e3o<\/td><\/tr><tr><td>Especializa\u00e7\u00e3o em Direito, carga hor\u00e1ria m\u00ednima de 360h, avalia\u00e7\u00e3o com monografia de final de curso<\/td><td>0,5 ponto<\/td><td>C\u00f3pia autenticada do certificado de conclus\u00e3o + declara\u00e7\u00e3o da institui\u00e7\u00e3o sobre monografia\/artigo cient\u00edfico apresentado<\/td><\/tr><tr><td>Exerc\u00edcio, por no m\u00ednimo um ano, 16h\/m\u00eas, como conciliador volunt\u00e1rio em unidades judici\u00e1rias ou na presta\u00e7\u00e3o de assist\u00eancia jur\u00eddica volunt\u00e1ria<\/td><td>0,5 ponto<\/td><td>Declara\u00e7\u00e3o emitida pelo Juiz Coordenador\/CEJUSC\/NUPEMEC ou entidade de assist\u00eancia jur\u00eddica volunt\u00e1ria + comprova\u00e7\u00e3o de inscri\u00e7\u00e3o na OAB<\/td><\/tr><tr><td>Per\u00edodo igual a tr\u00eas elei\u00e7\u00f5es de servi\u00e7o prestado \u00e0 Justi\u00e7a Eleitoral<\/td><td>0,5 ponto<\/td><td>Declara\u00e7\u00e3o emitida pela Justi\u00e7a Eleitoral<\/td><\/tr><\/tbody><\/table><\/figure>\n\n\n\n<h2 class=\"wp-block-heading\" id=\"ultimo\"><span id=\"ultimo-concurso-cartorio-mg-2019\">\u00daltimo concurso Cart\u00f3rio MG &#8211; 2019<\/span><\/h2>\n\n\n\n<p>O \u00faltimo concurso est\u00e1 <strong>homologado <\/strong>e teve a <a href=\"https:\/\/cj.estrategia.com\/portal\/wp-content\/uploads\/2024\/07\/09221509\/CLASS-FINAL-MG.pdf\">classifica\u00e7\u00e3o final<\/a> divulgada. Realizado em mar\u00e7o de 2019, o certame ofertou<strong> 696 serventias extrajudiciais, sendo 457 destinadas a provimento e 239 a remo\u00e7\u00e3o.<\/strong> Do total, 46 vagas foram reservadas para provimento e 24 para remo\u00e7\u00e3o, correspondendo a 10% das oportunidades previstas em edital.<\/p>\n\n\n\n<p><strong><em>Leia tamb\u00e9m: <\/em><\/strong><\/p>\n\n\n\n<p class=\"has-text-align-center has-very-light-gray-to-cyan-bluish-gray-gradient-background has-background\"><em><a href=\"https:\/\/cj.estrategia.com\/portal\/provas-comentadas-de-cartorios\/\" target=\"_blank\" >Provas comentadas de Cart\u00f3rios: estude com estrat\u00e9gia<\/a><\/em><\/p>\n\n\n\n<h2 class=\"wp-block-heading has-text-align-center\" id=\"h-quer-saber-tudo-sobre-concursos-previstos-confira-nossos-artigos\"><span id=\"quer-saber-tudo-sobre-concursos-previstosconfira-nossos-artigos\">Quer saber tudo sobre concursos previstos?<br>Confira nossos artigos!<\/span><\/h2>\n\n\n\n<ul class=\"wp-block-list\">\n<li><a href=\"https:\/\/cj.estrategia.com\/portal\/concursos-abertos-carreiras-juridicas\/\" target=\"_blank\" >Concursos jur\u00eddicos abertos<\/a><\/li>\n\n\n\n<li><a href=\"https:\/\/cj.estrategia.com\/portal\/concursos-juridicos-2026-prepare-se-para-os-proximos-editais\/\" target=\"_blank\" >Concursos Jur\u00eddicos 2026<\/a><\/li>\n\n\n\n<li><a href=\"https:\/\/cj.estrategia.com\/portal\/concursos-de-cartorio\/\" target=\"_blank\" >Concursos cart\u00f3rios<\/a><\/li>\n\n\n\n<li><a href=\"https:\/\/cj.estrategia.com\/portal\/exame-nacional-de-cartorios\/\" target=\"_blank\" >Exame Nacional de Cart\u00f3rios<\/a><\/li>\n<\/ul>\n\n\n\n<h2 class=\"wp-block-heading has-text-align-center\" id=\"cursos\"><span id=\"cursos-e-assinaturas\">CURSOS E ASSINATURAS<\/span><\/h2>\n\n\n\n<div class=\"wp-block-cover\" style=\"min-height:155px;aspect-ratio:unset;\"><img decoding=\"async\" width=\"1890\" height=\"351\" class=\"wp-block-cover__image-background wp-image-8669\" alt=\"Assinaturas Jur\u00eddicas\" src=\"https:\/\/cj.estrategia.com\/portal\/wp-content\/uploads\/2022\/06\/20151253\/concurso-carreiras-juridicas-assinatura-juridica.jpg\" style=\"object-position:78% 43%\" data-object-fit=\"cover\" data-object-position=\"78% 43%\" srcset=\"https:\/\/cj.estrategia.com\/portal\/wp-content\/uploads\/2022\/06\/20151253\/concurso-carreiras-juridicas-assinatura-juridica.jpg 1890w, https:\/\/cj.estrategia.com\/portal\/wp-content\/uploads\/2022\/06\/20151253\/concurso-carreiras-juridicas-assinatura-juridica-300x56.jpg 300w, https:\/\/cj.estrategia.com\/portal\/wp-content\/uploads\/2022\/06\/20151253\/concurso-carreiras-juridicas-assinatura-juridica-1024x190.jpg 1024w, https:\/\/cj.estrategia.com\/portal\/wp-content\/uploads\/2022\/06\/20151253\/concurso-carreiras-juridicas-assinatura-juridica-768x143.jpg 768w, https:\/\/cj.estrategia.com\/portal\/wp-content\/uploads\/2022\/06\/20151253\/concurso-carreiras-juridicas-assinatura-juridica-1536x285.jpg 1536w, https:\/\/cj.estrategia.com\/portal\/wp-content\/uploads\/2022\/06\/20151253\/concurso-carreiras-juridicas-assinatura-juridica-380x71.jpg 380w, https:\/\/cj.estrategia.com\/portal\/wp-content\/uploads\/2022\/06\/20151253\/concurso-carreiras-juridicas-assinatura-juridica-800x149.jpg 800w, https:\/\/cj.estrategia.com\/portal\/wp-content\/uploads\/2022\/06\/20151253\/concurso-carreiras-juridicas-assinatura-juridica-1160x215.jpg 1160w\" sizes=\"(max-width: 1890px) 100vw, 1890px\" \/><span aria-hidden=\"true\" class=\"wp-block-cover__background has-background-dim\"><\/span><div class=\"wp-block-cover__inner-container is-layout-flow wp-block-cover-is-layout-flow\">\n<h3 id=\"faca-a-sua-assinatura\" class=\"titulo-assinatura\"><span style=\"color: #ffffff;\">Fa\u00e7a a sua assinatura!<\/span><\/h3>\n<p class=\"subtitulo-assinatura\" style=\"display:block!important; line-height: 0;\"><span style=\"color: #ffffff;\">Escolha a sua \u00e1rea.<\/span><\/p>\n<a target=\"_blank\" href=\"https:\/\/www.estrategiaconcursos.com.br\/assinaturas-ecj\/\" rel=\"noopener\"><button style=\"border-radius: 10px; text-transform: capitalize;\">Acessar<\/button><\/a>\n<\/div><\/div>\n\n\n\n<p><em>Prepare-se com o melhor material e com quem mais aprova em Concursos P\u00fablicos em todo o pa\u00eds.<\/em><\/p>\n\n\n\n<figure class=\"wp-block-image size-large is-resized\"><img decoding=\"async\" src=\"https:\/\/dhg1h5j42swfq.cloudfront.net\/2021\/04\/05154617\/ficha-tecnica-12-1024x632.png\" alt=\"\" class=\"wp-image-707675\" style=\"width:256px;height:158px\"\/><\/figure>\n\n\n\n<h4 class=\"wp-block-heading\" id=\"ficha-tecnica\"><span id=\"informacoes-sobre-o-concurso-cartorio-mg\">Informa\u00e7\u00f5es sobre o Concurso Cart\u00f3rio MG<\/span><\/h4>\n\n\n\n<ul class=\"wp-block-list\">\n<li><strong>Vagas<\/strong>: 796<\/li>\n\n\n\n<li><strong>Cargos<\/strong>: Not\u00e1rio ou Registrador<\/li>\n\n\n\n<li><strong>Lota\u00e7\u00f5es<\/strong>: Minas Gerais<\/li>\n\n\n\n<li><strong>Banca<\/strong>: Consulplan<\/li>\n\n\n\n<li><strong>Escolaridade<\/strong>: Bacharelado em Direito ou 10 anos de atividade notarial ou de registro<\/li>\n\n\n\n<li><strong>Edital: <\/strong><a href=\"https:\/\/cj.estrategia.com\/portal\/wp-content\/uploads\/2024\/12\/05215302\/Edital-Cartorio-MG-2024.pdf\" target=\"_blank\" >Cart\u00f3rio MG 2024<\/a> \/ <a href=\"https:\/\/cj.estrategia.com\/portal\/wp-content\/uploads\/2025\/02\/13181616\/Retificacao-edital-MG.pdf\" target=\"_blank\" rel=\"noreferrer noopener nofollow\">1\u00aa retifica\u00e7\u00e3o<\/a> \/ <a href=\"https:\/\/cj.estrategia.com\/portal\/wp-content\/uploads\/2025\/10\/21220201\/retificacao-edital-2.pdf\" target=\"_blank\" >2\u00aa retifica\u00e7\u00e3o<\/a> \/ <a href=\"https:\/\/cj.estrategia.com\/portal\/wp-content\/uploads\/2025\/11\/28232525\/Retificacao-Cartorio-MG.pdf\" target=\"_blank\" >3\u00aa retifica\u00e7\u00e3o<\/a><\/li>\n<\/ul>\n","protected":false},"excerpt":{"rendered":"Concurso Cart\u00f3rio MG: sele\u00e7\u00e3o retomada oferta 796 serventias, sendo 521 por provimento e 275 por remo\u00e7\u00e3o. Saiba tudo!\n","protected":false},"author":12,"featured_media":177772,"comment_status":"open","ping_status":"open","sticky":false,"template":"","format":"standard","meta":{"_jetpack_memberships_contains_paid_content":false,"footnotes":""},"categories":[29],"tags":[],"tax_estado":[41],"class_list":{"0":"post-1570","1":"post","2":"type-post","3":"status-publish","4":"format-standard","5":"has-post-thumbnail","7":"category-cartorio","8":"tax_estado-mg"},"acf":[],"yoast_head":"<!-- This site is optimized with the Yoast SEO Premium plugin v27.4 (Yoast SEO v27.4) - https:\/\/yoast.com\/product\/yoast-seo-premium-wordpress\/ -->\n<title>Concurso Cart\u00f3rio MG: suspenso pelo CNJ!<\/title>\n<meta name=\"description\" content=\"Irregularidades levam \u00e0 suspens\u00e3o do concurso Cart\u00f3rio MG. Entenda os motivos e o que fazer a seguir.\" \/>\n<meta name=\"robots\" content=\"index, follow, max-snippet:-1, max-image-preview:large, max-video-preview:-1\" \/>\n<link rel=\"canonical\" href=\"https:\/\/cj.estrategia.com\/portal\/concurso-cartorio-mg\/\" \/>\n<meta property=\"og:locale\" content=\"pt_BR\" \/>\n<meta property=\"og:type\" content=\"article\" \/>\n<meta property=\"og:title\" content=\"Concurso Cart\u00f3rio MG: suspenso pelo CNJ!\" \/>\n<meta property=\"og:description\" content=\"Irregularidades levam \u00e0 suspens\u00e3o do concurso Cart\u00f3rio MG. Entenda os motivos e o que fazer a seguir.\" \/>\n<meta property=\"og:url\" content=\"https:\/\/cj.estrategia.com\/portal\/concurso-cartorio-mg\/\" \/>\n<meta property=\"og:site_name\" content=\"Blog - Carreiras Jur\u00eddicas - Estrat\u00e9gia\" \/>\n<meta property=\"article:publisher\" content=\"https:\/\/www.facebook.com\/estrategiacarreirajuridica\/\" \/>\n<meta property=\"article:published_time\" content=\"2026-04-01T14:30:00+00:00\" \/>\n<meta property=\"article:modified_time\" content=\"2026-04-02T15:35:26+00:00\" \/>\n<meta property=\"og:image\" content=\"https:\/\/cj.estrategia.com\/portal\/wp-content\/uploads\/2026\/02\/04114812\/cartorios.jpg\" \/>\n\t<meta property=\"og:image:width\" content=\"2459\" \/>\n\t<meta property=\"og:image:height\" content=\"1383\" \/>\n\t<meta property=\"og:image:type\" content=\"image\/jpeg\" \/>\n<meta name=\"author\" content=\"Coordena\u00e7\u00e3o\" \/>\n<meta name=\"twitter:card\" content=\"summary_large_image\" \/>\n<meta name=\"twitter:creator\" content=\"@EstratJuridica\" \/>\n<meta name=\"twitter:site\" content=\"@EstratJuridica\" \/>\n<meta name=\"twitter:label1\" content=\"Escrito por\" \/>\n\t<meta name=\"twitter:data1\" content=\"Coordena\u00e7\u00e3o\" \/>\n\t<meta name=\"twitter:label2\" content=\"Est. tempo de leitura\" \/>\n\t<meta name=\"twitter:data2\" content=\"8 minutos\" \/>\n<script type=\"application\/ld+json\" class=\"yoast-schema-graph\">{\"@context\":\"https:\\\/\\\/schema.org\",\"@graph\":[{\"@type\":\"NewsArticle\",\"@id\":\"https:\\\/\\\/cj.estrategia.com\\\/portal\\\/concurso-cartorio-mg\\\/#article\",\"isPartOf\":{\"@id\":\"https:\\\/\\\/cj.estrategia.com\\\/portal\\\/concurso-cartorio-mg\\\/\"},\"author\":{\"name\":\"Coordena\u00e7\u00e3o\",\"@id\":\"https:\\\/\\\/cj.estrategia.com\\\/portal\\\/#\\\/schema\\\/person\\\/4d70317d31449932b99102916b6637f5\"},\"headline\":\"Concurso Cart\u00f3rio MG: suspenso pelo CNJ!\",\"datePublished\":\"2026-04-01T14:30:00+00:00\",\"dateModified\":\"2026-04-02T15:35:26+00:00\",\"mainEntityOfPage\":{\"@id\":\"https:\\\/\\\/cj.estrategia.com\\\/portal\\\/concurso-cartorio-mg\\\/\"},\"wordCount\":1432,\"commentCount\":0,\"publisher\":{\"@id\":\"https:\\\/\\\/cj.estrategia.com\\\/portal\\\/#organization\"},\"image\":{\"@id\":\"https:\\\/\\\/cj.estrategia.com\\\/portal\\\/concurso-cartorio-mg\\\/#primaryimage\"},\"thumbnailUrl\":\"https:\\\/\\\/cj.estrategia.com\\\/portal\\\/wp-content\\\/uploads\\\/2026\\\/02\\\/04114812\\\/cartorios.jpg\",\"articleSection\":[\"Cart\u00f3rio\"],\"inLanguage\":\"pt-BR\",\"potentialAction\":[{\"@type\":\"CommentAction\",\"name\":\"Comment\",\"target\":[\"https:\\\/\\\/cj.estrategia.com\\\/portal\\\/concurso-cartorio-mg\\\/#respond\"]}],\"accessibilityFeature\":[\"tableOfContents\"]},{\"@type\":\"WebPage\",\"@id\":\"https:\\\/\\\/cj.estrategia.com\\\/portal\\\/concurso-cartorio-mg\\\/\",\"url\":\"https:\\\/\\\/cj.estrategia.com\\\/portal\\\/concurso-cartorio-mg\\\/\",\"name\":\"Concurso Cart\u00f3rio MG: suspenso pelo CNJ!\",\"isPartOf\":{\"@id\":\"https:\\\/\\\/cj.estrategia.com\\\/portal\\\/#website\"},\"primaryImageOfPage\":{\"@id\":\"https:\\\/\\\/cj.estrategia.com\\\/portal\\\/concurso-cartorio-mg\\\/#primaryimage\"},\"image\":{\"@id\":\"https:\\\/\\\/cj.estrategia.com\\\/portal\\\/concurso-cartorio-mg\\\/#primaryimage\"},\"thumbnailUrl\":\"https:\\\/\\\/cj.estrategia.com\\\/portal\\\/wp-content\\\/uploads\\\/2026\\\/02\\\/04114812\\\/cartorios.jpg\",\"datePublished\":\"2026-04-01T14:30:00+00:00\",\"dateModified\":\"2026-04-02T15:35:26+00:00\",\"description\":\"Irregularidades levam \u00e0 suspens\u00e3o do concurso Cart\u00f3rio MG. Entenda os motivos e o que fazer a seguir.\",\"breadcrumb\":{\"@id\":\"https:\\\/\\\/cj.estrategia.com\\\/portal\\\/concurso-cartorio-mg\\\/#breadcrumb\"},\"inLanguage\":\"pt-BR\",\"potentialAction\":[{\"@type\":\"ReadAction\",\"target\":[\"https:\\\/\\\/cj.estrategia.com\\\/portal\\\/concurso-cartorio-mg\\\/\"]}]},{\"@type\":\"ImageObject\",\"inLanguage\":\"pt-BR\",\"@id\":\"https:\\\/\\\/cj.estrategia.com\\\/portal\\\/concurso-cartorio-mg\\\/#primaryimage\",\"url\":\"https:\\\/\\\/cj.estrategia.com\\\/portal\\\/wp-content\\\/uploads\\\/2026\\\/02\\\/04114812\\\/cartorios.jpg\",\"contentUrl\":\"https:\\\/\\\/cj.estrategia.com\\\/portal\\\/wp-content\\\/uploads\\\/2026\\\/02\\\/04114812\\\/cartorios.jpg\",\"width\":2459,\"height\":1383},{\"@type\":\"BreadcrumbList\",\"@id\":\"https:\\\/\\\/cj.estrategia.com\\\/portal\\\/concurso-cartorio-mg\\\/#breadcrumb\",\"itemListElement\":[{\"@type\":\"ListItem\",\"position\":1,\"name\":\"In\u00edcio\",\"item\":\"https:\\\/\\\/cj.estrategia.com\\\/portal\\\/\"},{\"@type\":\"ListItem\",\"position\":2,\"name\":\"Concurso Cart\u00f3rio MG: suspenso pelo CNJ!\"}]},{\"@type\":\"WebSite\",\"@id\":\"https:\\\/\\\/cj.estrategia.com\\\/portal\\\/#website\",\"url\":\"https:\\\/\\\/cj.estrategia.com\\\/portal\\\/\",\"name\":\"Blog - Carreiras Jur\u00eddicas - Estrat\u00e9gia\",\"description\":\"\",\"publisher\":{\"@id\":\"https:\\\/\\\/cj.estrategia.com\\\/portal\\\/#organization\"},\"potentialAction\":[{\"@type\":\"SearchAction\",\"target\":{\"@type\":\"EntryPoint\",\"urlTemplate\":\"https:\\\/\\\/cj.estrategia.com\\\/portal\\\/?s={search_term_string}\"},\"query-input\":{\"@type\":\"PropertyValueSpecification\",\"valueRequired\":true,\"valueName\":\"search_term_string\"}}],\"inLanguage\":\"pt-BR\"},{\"@type\":\"Organization\",\"@id\":\"https:\\\/\\\/cj.estrategia.com\\\/portal\\\/#organization\",\"name\":\"Estrat\u00e9gia - Carreiras Jur\u00eddicas\",\"url\":\"https:\\\/\\\/cj.estrategia.com\\\/portal\\\/\",\"logo\":{\"@type\":\"ImageObject\",\"inLanguage\":\"pt-BR\",\"@id\":\"https:\\\/\\\/cj.estrategia.com\\\/portal\\\/#\\\/schema\\\/logo\\\/image\\\/\",\"url\":\"https:\\\/\\\/cj.estrategia.com\\\/portal\\\/wp-content\\\/uploads\\\/2022\\\/03\\\/11151052\\\/cj-logo.png\",\"contentUrl\":\"https:\\\/\\\/cj.estrategia.com\\\/portal\\\/wp-content\\\/uploads\\\/2022\\\/03\\\/11151052\\\/cj-logo.png\",\"width\":150,\"height\":39,\"caption\":\"Estrat\u00e9gia - Carreiras Jur\u00eddicas\"},\"image\":{\"@id\":\"https:\\\/\\\/cj.estrategia.com\\\/portal\\\/#\\\/schema\\\/logo\\\/image\\\/\"},\"sameAs\":[\"https:\\\/\\\/www.facebook.com\\\/estrategiacarreirajuridica\\\/\",\"https:\\\/\\\/x.com\\\/EstratJuridica\",\"https:\\\/\\\/www.instagram.com\\\/estrategiacarreirajuridica\\\/\",\"https:\\\/\\\/www.youtube.com\\\/channel\\\/UClbMGuYbj2Mh1m3w144ETWQ\"]},{\"@type\":\"Person\",\"@id\":\"https:\\\/\\\/cj.estrategia.com\\\/portal\\\/#\\\/schema\\\/person\\\/4d70317d31449932b99102916b6637f5\",\"name\":\"Coordena\u00e7\u00e3o\",\"image\":{\"@type\":\"ImageObject\",\"inLanguage\":\"pt-BR\",\"@id\":\"https:\\\/\\\/cj.estrategia.com\\\/portal\\\/wp-content\\\/uploads\\\/2022\\\/05\\\/12164923\\\/estrategia-carreira-juridica-coordenacao-96x96.png\",\"url\":\"https:\\\/\\\/cj.estrategia.com\\\/portal\\\/wp-content\\\/uploads\\\/2022\\\/05\\\/12164923\\\/estrategia-carreira-juridica-coordenacao-96x96.png\",\"contentUrl\":\"https:\\\/\\\/cj.estrategia.com\\\/portal\\\/wp-content\\\/uploads\\\/2022\\\/05\\\/12164923\\\/estrategia-carreira-juridica-coordenacao-96x96.png\",\"caption\":\"Coordena\u00e7\u00e3o\"},\"url\":\"https:\\\/\\\/cj.estrategia.com\\\/portal\\\/author\\\/coordenacao\\\/\"}]}<\/script>\n<!-- \/ Yoast SEO Premium plugin. -->","yoast_head_json":{"title":"Concurso Cart\u00f3rio MG: suspenso pelo CNJ!","description":"Irregularidades levam \u00e0 suspens\u00e3o do concurso Cart\u00f3rio MG. Entenda os motivos e o que fazer a seguir.","robots":{"index":"index","follow":"follow","max-snippet":"max-snippet:-1","max-image-preview":"max-image-preview:large","max-video-preview":"max-video-preview:-1"},"canonical":"https:\/\/cj.estrategia.com\/portal\/concurso-cartorio-mg\/","og_locale":"pt_BR","og_type":"article","og_title":"Concurso Cart\u00f3rio MG: suspenso pelo CNJ!","og_description":"Irregularidades levam \u00e0 suspens\u00e3o do concurso Cart\u00f3rio MG. Entenda os motivos e o que fazer a seguir.","og_url":"https:\/\/cj.estrategia.com\/portal\/concurso-cartorio-mg\/","og_site_name":"Blog - Carreiras Jur\u00eddicas - Estrat\u00e9gia","article_publisher":"https:\/\/www.facebook.com\/estrategiacarreirajuridica\/","article_published_time":"2026-04-01T14:30:00+00:00","article_modified_time":"2026-04-02T15:35:26+00:00","og_image":[{"width":2459,"height":1383,"url":"https:\/\/cj.estrategia.com\/portal\/wp-content\/uploads\/2026\/02\/04114812\/cartorios.jpg","type":"image\/jpeg"}],"author":"Coordena\u00e7\u00e3o","twitter_card":"summary_large_image","twitter_creator":"@EstratJuridica","twitter_site":"@EstratJuridica","twitter_misc":{"Escrito por":"Coordena\u00e7\u00e3o","Est. tempo de leitura":"8 minutos"},"schema":{"@context":"https:\/\/schema.org","@graph":[{"@type":"NewsArticle","@id":"https:\/\/cj.estrategia.com\/portal\/concurso-cartorio-mg\/#article","isPartOf":{"@id":"https:\/\/cj.estrategia.com\/portal\/concurso-cartorio-mg\/"},"author":{"name":"Coordena\u00e7\u00e3o","@id":"https:\/\/cj.estrategia.com\/portal\/#\/schema\/person\/4d70317d31449932b99102916b6637f5"},"headline":"Concurso Cart\u00f3rio MG: suspenso pelo CNJ!","datePublished":"2026-04-01T14:30:00+00:00","dateModified":"2026-04-02T15:35:26+00:00","mainEntityOfPage":{"@id":"https:\/\/cj.estrategia.com\/portal\/concurso-cartorio-mg\/"},"wordCount":1432,"commentCount":0,"publisher":{"@id":"https:\/\/cj.estrategia.com\/portal\/#organization"},"image":{"@id":"https:\/\/cj.estrategia.com\/portal\/concurso-cartorio-mg\/#primaryimage"},"thumbnailUrl":"https:\/\/cj.estrategia.com\/portal\/wp-content\/uploads\/2026\/02\/04114812\/cartorios.jpg","articleSection":["Cart\u00f3rio"],"inLanguage":"pt-BR","potentialAction":[{"@type":"CommentAction","name":"Comment","target":["https:\/\/cj.estrategia.com\/portal\/concurso-cartorio-mg\/#respond"]}],"accessibilityFeature":["tableOfContents"]},{"@type":"WebPage","@id":"https:\/\/cj.estrategia.com\/portal\/concurso-cartorio-mg\/","url":"https:\/\/cj.estrategia.com\/portal\/concurso-cartorio-mg\/","name":"Concurso Cart\u00f3rio MG: suspenso pelo CNJ!","isPartOf":{"@id":"https:\/\/cj.estrategia.com\/portal\/#website"},"primaryImageOfPage":{"@id":"https:\/\/cj.estrategia.com\/portal\/concurso-cartorio-mg\/#primaryimage"},"image":{"@id":"https:\/\/cj.estrategia.com\/portal\/concurso-cartorio-mg\/#primaryimage"},"thumbnailUrl":"https:\/\/cj.estrategia.com\/portal\/wp-content\/uploads\/2026\/02\/04114812\/cartorios.jpg","datePublished":"2026-04-01T14:30:00+00:00","dateModified":"2026-04-02T15:35:26+00:00","description":"Irregularidades levam \u00e0 suspens\u00e3o do concurso Cart\u00f3rio MG. Entenda os motivos e o que fazer a seguir.","breadcrumb":{"@id":"https:\/\/cj.estrategia.com\/portal\/concurso-cartorio-mg\/#breadcrumb"},"inLanguage":"pt-BR","potentialAction":[{"@type":"ReadAction","target":["https:\/\/cj.estrategia.com\/portal\/concurso-cartorio-mg\/"]}]},{"@type":"ImageObject","inLanguage":"pt-BR","@id":"https:\/\/cj.estrategia.com\/portal\/concurso-cartorio-mg\/#primaryimage","url":"https:\/\/cj.estrategia.com\/portal\/wp-content\/uploads\/2026\/02\/04114812\/cartorios.jpg","contentUrl":"https:\/\/cj.estrategia.com\/portal\/wp-content\/uploads\/2026\/02\/04114812\/cartorios.jpg","width":2459,"height":1383},{"@type":"BreadcrumbList","@id":"https:\/\/cj.estrategia.com\/portal\/concurso-cartorio-mg\/#breadcrumb","itemListElement":[{"@type":"ListItem","position":1,"name":"In\u00edcio","item":"https:\/\/cj.estrategia.com\/portal\/"},{"@type":"ListItem","position":2,"name":"Concurso Cart\u00f3rio MG: suspenso pelo CNJ!"}]},{"@type":"WebSite","@id":"https:\/\/cj.estrategia.com\/portal\/#website","url":"https:\/\/cj.estrategia.com\/portal\/","name":"Blog - Carreiras Jur\u00eddicas - Estrat\u00e9gia","description":"","publisher":{"@id":"https:\/\/cj.estrategia.com\/portal\/#organization"},"potentialAction":[{"@type":"SearchAction","target":{"@type":"EntryPoint","urlTemplate":"https:\/\/cj.estrategia.com\/portal\/?s={search_term_string}"},"query-input":{"@type":"PropertyValueSpecification","valueRequired":true,"valueName":"search_term_string"}}],"inLanguage":"pt-BR"},{"@type":"Organization","@id":"https:\/\/cj.estrategia.com\/portal\/#organization","name":"Estrat\u00e9gia - Carreiras Jur\u00eddicas","url":"https:\/\/cj.estrategia.com\/portal\/","logo":{"@type":"ImageObject","inLanguage":"pt-BR","@id":"https:\/\/cj.estrategia.com\/portal\/#\/schema\/logo\/image\/","url":"https:\/\/cj.estrategia.com\/portal\/wp-content\/uploads\/2022\/03\/11151052\/cj-logo.png","contentUrl":"https:\/\/cj.estrategia.com\/portal\/wp-content\/uploads\/2022\/03\/11151052\/cj-logo.png","width":150,"height":39,"caption":"Estrat\u00e9gia - Carreiras Jur\u00eddicas"},"image":{"@id":"https:\/\/cj.estrategia.com\/portal\/#\/schema\/logo\/image\/"},"sameAs":["https:\/\/www.facebook.com\/estrategiacarreirajuridica\/","https:\/\/x.com\/EstratJuridica","https:\/\/www.instagram.com\/estrategiacarreirajuridica\/","https:\/\/www.youtube.com\/channel\/UClbMGuYbj2Mh1m3w144ETWQ"]},{"@type":"Person","@id":"https:\/\/cj.estrategia.com\/portal\/#\/schema\/person\/4d70317d31449932b99102916b6637f5","name":"Coordena\u00e7\u00e3o","image":{"@type":"ImageObject","inLanguage":"pt-BR","@id":"https:\/\/cj.estrategia.com\/portal\/wp-content\/uploads\/2022\/05\/12164923\/estrategia-carreira-juridica-coordenacao-96x96.png","url":"https:\/\/cj.estrategia.com\/portal\/wp-content\/uploads\/2022\/05\/12164923\/estrategia-carreira-juridica-coordenacao-96x96.png","contentUrl":"https:\/\/cj.estrategia.com\/portal\/wp-content\/uploads\/2022\/05\/12164923\/estrategia-carreira-juridica-coordenacao-96x96.png","caption":"Coordena\u00e7\u00e3o"},"url":"https:\/\/cj.estrategia.com\/portal\/author\/coordenacao\/"}]}},"jetpack_featured_media_url":"https:\/\/cj.estrategia.com\/portal\/wp-content\/uploads\/2026\/02\/04114812\/cartorios.jpg","jetpack_sharing_enabled":true,"_links":{"self":[{"href":"https:\/\/cj.estrategia.com\/portal\/wp-json\/wp\/v2\/posts\/1570","targetHints":{"allow":["GET"]}}],"collection":[{"href":"https:\/\/cj.estrategia.com\/portal\/wp-json\/wp\/v2\/posts"}],"about":[{"href":"https:\/\/cj.estrategia.com\/portal\/wp-json\/wp\/v2\/types\/post"}],"author":[{"embeddable":true,"href":"https:\/\/cj.estrategia.com\/portal\/wp-json\/wp\/v2\/users\/12"}],"replies":[{"embeddable":true,"href":"https:\/\/cj.estrategia.com\/portal\/wp-json\/wp\/v2\/comments?post=1570"}],"version-history":[{"count":168,"href":"https:\/\/cj.estrategia.com\/portal\/wp-json\/wp\/v2\/posts\/1570\/revisions"}],"predecessor-version":[{"id":185246,"href":"https:\/\/cj.estrategia.com\/portal\/wp-json\/wp\/v2\/posts\/1570\/revisions\/185246"}],"wp:featuredmedia":[{"embeddable":true,"href":"https:\/\/cj.estrategia.com\/portal\/wp-json\/wp\/v2\/media\/177772"}],"wp:attachment":[{"href":"https:\/\/cj.estrategia.com\/portal\/wp-json\/wp\/v2\/media?parent=1570"}],"wp:term":[{"taxonomy":"category","embeddable":true,"href":"https:\/\/cj.estrategia.com\/portal\/wp-json\/wp\/v2\/categories?post=1570"},{"taxonomy":"post_tag","embeddable":true,"href":"https:\/\/cj.estrategia.com\/portal\/wp-json\/wp\/v2\/tags?post=1570"},{"taxonomy":"tax_estado","embeddable":true,"href":"https:\/\/cj.estrategia.com\/portal\/wp-json\/wp\/v2\/tax_estado?post=1570"}],"curies":[{"name":"wp","href":"https:\/\/api.w.org\/{rel}","templated":true}]}}