{"id":15692,"date":"2022-08-11T08:18:57","date_gmt":"2022-08-11T11:18:57","guid":{"rendered":"https:\/\/cj.estrategia.com\/portal\/?p=15692"},"modified":"2022-08-11T16:55:23","modified_gmt":"2022-08-11T19:55:23","slug":"stf-autoriza-reajuste-nos-salarios-do-judiciario","status":"publish","type":"post","link":"https:\/\/cj.estrategia.com\/portal\/stf-autoriza-reajuste-nos-salarios-do-judiciario\/","title":{"rendered":"STF autoriza reajuste de 18% nos sal\u00e1rios do Judici\u00e1rio"},"content":{"rendered":"\n<p>O Supremo Tribunal Federal (STF) formou maioria e aprovou o or\u00e7amento da Corte para 2023 e as propostas com <strong>reajuste salarial em 18% para servidores e magistrados.<\/strong><\/p>\n\n\n\n<p>Com os votos j\u00e1 computados, a Corte tem maioria para enviar o projeto ao Congresso, respons\u00e1vel por referendar o reajuste.<\/p>\n\n\n\n<p>A proposta prev\u00ea que o reajuste seja parcelado entre 2023 e 2024.Trata-se de <strong>um aumento de 18%<\/strong>, que seria concedido em quatro parcelas de 4,5%, sendo a primeira parcela realizada em abril do pr\u00f3ximo ano. O cronograma completo para a recomposi\u00e7\u00e3o se daria da seguinte maneira:<\/p>\n\n\n\n<ul class=\"wp-block-list\"><li>Abril de 2023: 4,5%<\/li><li>Agosto de 2023: 4,5%<\/li><li>Janeiro de 2024: 4,5%<\/li><li>Julho de 2024: 4,5%<\/li><\/ul>\n\n\n\n<p>Pela proposta, o sal\u00e1rio dos ministros \u2014 e consequentemente o teto do funcionalismo p\u00fablico \u2014 subiria de aproximadamente R$ 39.300,00  para pouco mais de R$ 46.300,00 at\u00e9 2024.<\/p>\n\n\n\n<p>Na primeira parcela, o sal\u00e1rio seria de R$ R$ 41.061. O sal\u00e1rio de ministro do STF representa o chamado teto do funcionalismo, que \u00e9 o valor m\u00e1ximo que um servidor p\u00fablico pode receber.<\/p>\n\n\n\n<p>Vale destacar, que a proposta do <strong>Or\u00e7amento da Corte para 2023 no valor de 851,7 milh\u00f5es de reais tamb\u00e9m foi aprovada. Trata-se de um aumento de 10,8% com rela\u00e7\u00e3o aos 767 milh\u00f5es do Or\u00e7amento deste ano.<\/strong><\/p>\n\n\n\n<h2 class=\"wp-block-heading\" id=\"h-atualizacao\"><span id=\"atualizacao\">Atualiza\u00e7\u00e3o<\/span><\/h2>\n\n\n\n<p>A <strong>ministra\u00a0Rosa Weber<\/strong>\u00a0foi eleita na \u00faltima quarta-feira (10) a <strong>nova presidente do Supremo Tribunal Federal (STF)<\/strong>. <strong>A posse est\u00e1 marcada para o dia 12 de setembro.<\/strong><\/p>\n\n\n\n<p>Tamb\u00e9m durante a sess\u00e3o desta quarta, o ministro<strong>\u00a0Lu\u00eds Roberto Barroso\u00a0foi eleito novo vice-presidente do STF.<\/strong><\/p>\n\n\n\n<p><strong>Rosa Weber substituir\u00e1 o ministro\u00a0Luiz Fux\u00a0<\/strong>\u00e0 frente da Corte, mas, diferentemente dos presidentes anteriores, <strong>ela n\u00e3o cumprir\u00e1 dois anos de mandato porque se aposentar\u00e1 antes, em outubro de 2023, quando completa 75 anos.<\/strong><\/p>\n\n\n\n<h2 class=\"has-text-align-center wp-block-heading\" id=\"cursos-ficha\"><span id=\"quer-estudar-para-concursos-de-direito\">Quer estudar para Concursos de Direito?<\/span><\/h2>\n\n\n\n<p>O Estrat\u00e9gia Carreira Jur\u00eddica \u00e9 campe\u00e3o de aprova\u00e7\u00f5es nos concursos para Carreiras Jur\u00eddicas com um corpo docente qualificado e materiais completos. Conhe\u00e7a nossos cursos e garanta sua aprova\u00e7\u00e3o:<\/p>\n\n\n\n<div class=\"wp-block-cover\" style=\"min-height:155px;aspect-ratio:unset;\"><img decoding=\"async\" width=\"1890\" height=\"351\" class=\"wp-block-cover__image-background wp-image-8669\" alt=\"Assinaturas Jur\u00eddicas\" src=\"https:\/\/cj.estrategia.com\/portal\/wp-content\/uploads\/2022\/06\/20151253\/concurso-carreiras-juridicas-assinatura-juridica.jpg\" style=\"object-position:78% 43%\" data-object-fit=\"cover\" data-object-position=\"78% 43%\" srcset=\"https:\/\/cj.estrategia.com\/portal\/wp-content\/uploads\/2022\/06\/20151253\/concurso-carreiras-juridicas-assinatura-juridica.jpg 1890w, https:\/\/cj.estrategia.com\/portal\/wp-content\/uploads\/2022\/06\/20151253\/concurso-carreiras-juridicas-assinatura-juridica-300x56.jpg 300w, https:\/\/cj.estrategia.com\/portal\/wp-content\/uploads\/2022\/06\/20151253\/concurso-carreiras-juridicas-assinatura-juridica-1024x190.jpg 1024w, https:\/\/cj.estrategia.com\/portal\/wp-content\/uploads\/2022\/06\/20151253\/concurso-carreiras-juridicas-assinatura-juridica-768x143.jpg 768w, https:\/\/cj.estrategia.com\/portal\/wp-content\/uploads\/2022\/06\/20151253\/concurso-carreiras-juridicas-assinatura-juridica-1536x285.jpg 1536w, https:\/\/cj.estrategia.com\/portal\/wp-content\/uploads\/2022\/06\/20151253\/concurso-carreiras-juridicas-assinatura-juridica-380x71.jpg 380w, https:\/\/cj.estrategia.com\/portal\/wp-content\/uploads\/2022\/06\/20151253\/concurso-carreiras-juridicas-assinatura-juridica-800x149.jpg 800w, https:\/\/cj.estrategia.com\/portal\/wp-content\/uploads\/2022\/06\/20151253\/concurso-carreiras-juridicas-assinatura-juridica-1160x215.jpg 1160w\" sizes=\"(max-width: 1890px) 100vw, 1890px\" \/><span aria-hidden=\"true\" class=\"wp-block-cover__background has-background-dim\"><\/span><div class=\"wp-block-cover__inner-container is-layout-flow wp-block-cover-is-layout-flow\">\n<h3 id=\"faca-a-sua-assinatura\" class=\"titulo-assinatura\"><span style=\"color: #ffffff;\">Fa\u00e7a a sua assinatura!<\/span><\/h3>\n<p class=\"subtitulo-assinatura\" style=\"display:block!important; line-height: 0;\"><span style=\"color: #ffffff;\">Escolha a sua \u00e1rea.<\/span><\/p>\n<a target=\"_blank\" href=\"https:\/\/www.estrategiaconcursos.com.br\/assinaturas-ecj\/\" rel=\"noopener\"><button style=\"border-radius: 10px; text-transform: capitalize;\">Acessar<\/button><\/a>\n<\/div><\/div>\n\n\n\n<div id=\"boxes\" class=\"container\">\n<div class=\"row\">\n<div class=\"col-sm\">\n<div id=\"box-assinatura\" class=\"banner-ecj\">\n<h3 id=\"curso-para-carreiras-juridicas\" class=\"titulo-assinatura\"><span style=\"color: #ffffff; font-size: 23px; \">Curso para Carreiras Jur\u00eddicas<\/span><\/h3>\n<p class=\"subtitulo-assinatura\">Cursos focados no edital do concurso<\/p>\n<div class=\"box-botao\"><a class=\"btn-assinatura\" role=\"button\" href=\"https:\/\/www.estrategiaconcursos.com.br\/cursosPorConcurso\/carreira-juridica-regular\/\" target=\"_blank\" rel=\"noopener noreferrer\">Conhe\u00e7a mais<\/a><\/div>\n<\/div>\n<p class=\"texto-auxiliar\">Prepare-se com o melhor material e com quem mais aprova em concursos em todo o pa\u00eds.<\/p>\n<\/div>\n<\/div>\n<\/div>\n","protected":false},"excerpt":{"rendered":"O Supremo Tribunal Federal (STF) formou maioria e aprovou o or\u00e7amento da Corte para 2023 e as propostas&hellip;\n","protected":false},"author":12,"featured_media":15694,"comment_status":"open","ping_status":"open","sticky":false,"template":"","format":"standard","meta":{"_jetpack_memberships_contains_paid_content":false,"footnotes":""},"categories":[1,26],"tags":[],"tax_estado":[36],"class_list":{"0":"post-15692","1":"post","2":"type-post","3":"status-publish","4":"format-standard","5":"has-post-thumbnail","7":"category-carreiras-juridicas","8":"category-magistratura","9":"tax_estado-concursos-federais"},"acf":[],"yoast_head":"<!-- This site is optimized with the Yoast SEO Premium plugin v27.5 (Yoast SEO v27.5) - https:\/\/yoast.com\/product\/yoast-seo-premium-wordpress\/ -->\n<title>STF autoriza reajuste de 18% nos sal\u00e1rios do Judici\u00e1rio<\/title>\n<meta name=\"description\" content=\"O Superior Tribunal Federal (STF) autorizou reajuste de 18% nos sal\u00e1rios do Judici\u00e1rio. Saiba mais informa\u00e7\u00f5es neste artigo!\" \/>\n<meta name=\"robots\" content=\"index, follow, max-snippet:-1, max-image-preview:large, max-video-preview:-1\" \/>\n<link rel=\"canonical\" href=\"https:\/\/cj.estrategia.com\/portal\/stf-autoriza-reajuste-nos-salarios-do-judiciario\/\" \/>\n<meta property=\"og:locale\" content=\"pt_BR\" \/>\n<meta property=\"og:type\" content=\"article\" \/>\n<meta property=\"og:title\" content=\"STF autoriza reajuste de 18% nos sal\u00e1rios do Judici\u00e1rio\" \/>\n<meta property=\"og:description\" content=\"O Superior Tribunal Federal (STF) autorizou reajuste de 18% nos sal\u00e1rios do Judici\u00e1rio. Saiba mais informa\u00e7\u00f5es neste artigo!\" \/>\n<meta property=\"og:url\" content=\"https:\/\/cj.estrategia.com\/portal\/stf-autoriza-reajuste-nos-salarios-do-judiciario\/\" \/>\n<meta property=\"og:site_name\" content=\"Blog - Carreiras Jur\u00eddicas - Estrat\u00e9gia\" \/>\n<meta property=\"article:publisher\" content=\"https:\/\/www.facebook.com\/estrategiacarreirajuridica\/\" \/>\n<meta property=\"article:published_time\" content=\"2022-08-11T11:18:57+00:00\" \/>\n<meta property=\"article:modified_time\" content=\"2022-08-11T19:55:23+00:00\" \/>\n<meta property=\"og:image\" content=\"https:\/\/cj.estrategia.com\/portal\/wp-content\/uploads\/2022\/08\/11080309\/stf-plenario-fisico-1024x592-1-930x524-1.jpg\" \/>\n\t<meta property=\"og:image:width\" content=\"930\" \/>\n\t<meta property=\"og:image:height\" content=\"524\" \/>\n\t<meta property=\"og:image:type\" content=\"image\/jpeg\" \/>\n<meta name=\"author\" content=\"Coordena\u00e7\u00e3o\" \/>\n<meta name=\"twitter:card\" content=\"summary_large_image\" \/>\n<meta name=\"twitter:creator\" content=\"@EstratJuridica\" \/>\n<meta name=\"twitter:site\" content=\"@EstratJuridica\" \/>\n<meta name=\"twitter:label1\" content=\"Escrito por\" \/>\n\t<meta name=\"twitter:data1\" content=\"Coordena\u00e7\u00e3o\" \/>\n\t<meta name=\"twitter:label2\" content=\"Est. tempo de leitura\" \/>\n\t<meta name=\"twitter:data2\" content=\"2 minutos\" \/>\n<script type=\"application\/ld+json\" class=\"yoast-schema-graph\">{\"@context\":\"https:\\\/\\\/schema.org\",\"@graph\":[{\"@type\":\"NewsArticle\",\"@id\":\"https:\\\/\\\/cj.estrategia.com\\\/portal\\\/stf-autoriza-reajuste-nos-salarios-do-judiciario\\\/#article\",\"isPartOf\":{\"@id\":\"https:\\\/\\\/cj.estrategia.com\\\/portal\\\/stf-autoriza-reajuste-nos-salarios-do-judiciario\\\/\"},\"author\":{\"name\":\"Coordena\u00e7\u00e3o\",\"@id\":\"https:\\\/\\\/cj.estrategia.com\\\/portal\\\/#\\\/schema\\\/person\\\/4d70317d31449932b99102916b6637f5\"},\"headline\":\"STF autoriza reajuste de 18% nos sal\u00e1rios do Judici\u00e1rio\",\"datePublished\":\"2022-08-11T11:18:57+00:00\",\"dateModified\":\"2022-08-11T19:55:23+00:00\",\"mainEntityOfPage\":{\"@id\":\"https:\\\/\\\/cj.estrategia.com\\\/portal\\\/stf-autoriza-reajuste-nos-salarios-do-judiciario\\\/\"},\"wordCount\":366,\"commentCount\":0,\"publisher\":{\"@id\":\"https:\\\/\\\/cj.estrategia.com\\\/portal\\\/#organization\"},\"image\":{\"@id\":\"https:\\\/\\\/cj.estrategia.com\\\/portal\\\/stf-autoriza-reajuste-nos-salarios-do-judiciario\\\/#primaryimage\"},\"thumbnailUrl\":\"https:\\\/\\\/cj.estrategia.com\\\/portal\\\/wp-content\\\/uploads\\\/2022\\\/08\\\/11080309\\\/stf-plenario-fisico-1024x592-1-930x524-1.jpg\",\"articleSection\":[\"Carreiras Jur\u00eddicas\",\"Magistratura\"],\"inLanguage\":\"pt-BR\",\"potentialAction\":[{\"@type\":\"CommentAction\",\"name\":\"Comment\",\"target\":[\"https:\\\/\\\/cj.estrategia.com\\\/portal\\\/stf-autoriza-reajuste-nos-salarios-do-judiciario\\\/#respond\"]}]},{\"@type\":\"WebPage\",\"@id\":\"https:\\\/\\\/cj.estrategia.com\\\/portal\\\/stf-autoriza-reajuste-nos-salarios-do-judiciario\\\/\",\"url\":\"https:\\\/\\\/cj.estrategia.com\\\/portal\\\/stf-autoriza-reajuste-nos-salarios-do-judiciario\\\/\",\"name\":\"STF autoriza reajuste de 18% nos sal\u00e1rios do Judici\u00e1rio\",\"isPartOf\":{\"@id\":\"https:\\\/\\\/cj.estrategia.com\\\/portal\\\/#website\"},\"primaryImageOfPage\":{\"@id\":\"https:\\\/\\\/cj.estrategia.com\\\/portal\\\/stf-autoriza-reajuste-nos-salarios-do-judiciario\\\/#primaryimage\"},\"image\":{\"@id\":\"https:\\\/\\\/cj.estrategia.com\\\/portal\\\/stf-autoriza-reajuste-nos-salarios-do-judiciario\\\/#primaryimage\"},\"thumbnailUrl\":\"https:\\\/\\\/cj.estrategia.com\\\/portal\\\/wp-content\\\/uploads\\\/2022\\\/08\\\/11080309\\\/stf-plenario-fisico-1024x592-1-930x524-1.jpg\",\"datePublished\":\"2022-08-11T11:18:57+00:00\",\"dateModified\":\"2022-08-11T19:55:23+00:00\",\"description\":\"O Superior Tribunal Federal (STF) autorizou reajuste de 18% nos sal\u00e1rios do Judici\u00e1rio. Saiba mais informa\u00e7\u00f5es neste artigo!\",\"breadcrumb\":{\"@id\":\"https:\\\/\\\/cj.estrategia.com\\\/portal\\\/stf-autoriza-reajuste-nos-salarios-do-judiciario\\\/#breadcrumb\"},\"inLanguage\":\"pt-BR\",\"potentialAction\":[{\"@type\":\"ReadAction\",\"target\":[\"https:\\\/\\\/cj.estrategia.com\\\/portal\\\/stf-autoriza-reajuste-nos-salarios-do-judiciario\\\/\"]}]},{\"@type\":\"ImageObject\",\"inLanguage\":\"pt-BR\",\"@id\":\"https:\\\/\\\/cj.estrategia.com\\\/portal\\\/stf-autoriza-reajuste-nos-salarios-do-judiciario\\\/#primaryimage\",\"url\":\"https:\\\/\\\/cj.estrategia.com\\\/portal\\\/wp-content\\\/uploads\\\/2022\\\/08\\\/11080309\\\/stf-plenario-fisico-1024x592-1-930x524-1.jpg\",\"contentUrl\":\"https:\\\/\\\/cj.estrategia.com\\\/portal\\\/wp-content\\\/uploads\\\/2022\\\/08\\\/11080309\\\/stf-plenario-fisico-1024x592-1-930x524-1.jpg\",\"width\":930,\"height\":524,\"caption\":\"stf\"},{\"@type\":\"BreadcrumbList\",\"@id\":\"https:\\\/\\\/cj.estrategia.com\\\/portal\\\/stf-autoriza-reajuste-nos-salarios-do-judiciario\\\/#breadcrumb\",\"itemListElement\":[{\"@type\":\"ListItem\",\"position\":1,\"name\":\"In\u00edcio\",\"item\":\"https:\\\/\\\/cj.estrategia.com\\\/portal\\\/\"},{\"@type\":\"ListItem\",\"position\":2,\"name\":\"STF autoriza reajuste de 18% nos sal\u00e1rios do Judici\u00e1rio\"}]},{\"@type\":\"WebSite\",\"@id\":\"https:\\\/\\\/cj.estrategia.com\\\/portal\\\/#website\",\"url\":\"https:\\\/\\\/cj.estrategia.com\\\/portal\\\/\",\"name\":\"Blog - Carreiras Jur\u00eddicas - Estrat\u00e9gia\",\"description\":\"\",\"publisher\":{\"@id\":\"https:\\\/\\\/cj.estrategia.com\\\/portal\\\/#organization\"},\"potentialAction\":[{\"@type\":\"SearchAction\",\"target\":{\"@type\":\"EntryPoint\",\"urlTemplate\":\"https:\\\/\\\/cj.estrategia.com\\\/portal\\\/?s={search_term_string}\"},\"query-input\":{\"@type\":\"PropertyValueSpecification\",\"valueRequired\":true,\"valueName\":\"search_term_string\"}}],\"inLanguage\":\"pt-BR\"},{\"@type\":\"Organization\",\"@id\":\"https:\\\/\\\/cj.estrategia.com\\\/portal\\\/#organization\",\"name\":\"Estrat\u00e9gia - Carreiras Jur\u00eddicas\",\"url\":\"https:\\\/\\\/cj.estrategia.com\\\/portal\\\/\",\"logo\":{\"@type\":\"ImageObject\",\"inLanguage\":\"pt-BR\",\"@id\":\"https:\\\/\\\/cj.estrategia.com\\\/portal\\\/#\\\/schema\\\/logo\\\/image\\\/\",\"url\":\"https:\\\/\\\/cj.estrategia.com\\\/portal\\\/wp-content\\\/uploads\\\/2022\\\/03\\\/11151052\\\/cj-logo.png\",\"contentUrl\":\"https:\\\/\\\/cj.estrategia.com\\\/portal\\\/wp-content\\\/uploads\\\/2022\\\/03\\\/11151052\\\/cj-logo.png\",\"width\":150,\"height\":39,\"caption\":\"Estrat\u00e9gia - Carreiras Jur\u00eddicas\"},\"image\":{\"@id\":\"https:\\\/\\\/cj.estrategia.com\\\/portal\\\/#\\\/schema\\\/logo\\\/image\\\/\"},\"sameAs\":[\"https:\\\/\\\/www.facebook.com\\\/estrategiacarreirajuridica\\\/\",\"https:\\\/\\\/x.com\\\/EstratJuridica\",\"https:\\\/\\\/www.instagram.com\\\/estrategiacarreirajuridica\\\/\",\"https:\\\/\\\/www.youtube.com\\\/channel\\\/UClbMGuYbj2Mh1m3w144ETWQ\"]},{\"@type\":\"Person\",\"@id\":\"https:\\\/\\\/cj.estrategia.com\\\/portal\\\/#\\\/schema\\\/person\\\/4d70317d31449932b99102916b6637f5\",\"name\":\"Coordena\u00e7\u00e3o\",\"image\":{\"@type\":\"ImageObject\",\"inLanguage\":\"pt-BR\",\"@id\":\"https:\\\/\\\/cj.estrategia.com\\\/portal\\\/wp-content\\\/uploads\\\/2022\\\/05\\\/12164923\\\/estrategia-carreira-juridica-coordenacao-96x96.png\",\"url\":\"https:\\\/\\\/cj.estrategia.com\\\/portal\\\/wp-content\\\/uploads\\\/2022\\\/05\\\/12164923\\\/estrategia-carreira-juridica-coordenacao-96x96.png\",\"contentUrl\":\"https:\\\/\\\/cj.estrategia.com\\\/portal\\\/wp-content\\\/uploads\\\/2022\\\/05\\\/12164923\\\/estrategia-carreira-juridica-coordenacao-96x96.png\",\"caption\":\"Coordena\u00e7\u00e3o\"},\"url\":\"https:\\\/\\\/cj.estrategia.com\\\/portal\\\/author\\\/coordenacao\\\/\"}]}<\/script>\n<!-- \/ Yoast SEO Premium plugin. -->","yoast_head_json":{"title":"STF autoriza reajuste de 18% nos sal\u00e1rios do Judici\u00e1rio","description":"O Superior Tribunal Federal (STF) autorizou reajuste de 18% nos sal\u00e1rios do Judici\u00e1rio. Saiba mais informa\u00e7\u00f5es neste artigo!","robots":{"index":"index","follow":"follow","max-snippet":"max-snippet:-1","max-image-preview":"max-image-preview:large","max-video-preview":"max-video-preview:-1"},"canonical":"https:\/\/cj.estrategia.com\/portal\/stf-autoriza-reajuste-nos-salarios-do-judiciario\/","og_locale":"pt_BR","og_type":"article","og_title":"STF autoriza reajuste de 18% nos sal\u00e1rios do Judici\u00e1rio","og_description":"O Superior Tribunal Federal (STF) autorizou reajuste de 18% nos sal\u00e1rios do Judici\u00e1rio. Saiba mais informa\u00e7\u00f5es neste artigo!","og_url":"https:\/\/cj.estrategia.com\/portal\/stf-autoriza-reajuste-nos-salarios-do-judiciario\/","og_site_name":"Blog - Carreiras Jur\u00eddicas - Estrat\u00e9gia","article_publisher":"https:\/\/www.facebook.com\/estrategiacarreirajuridica\/","article_published_time":"2022-08-11T11:18:57+00:00","article_modified_time":"2022-08-11T19:55:23+00:00","og_image":[{"width":930,"height":524,"url":"https:\/\/cj.estrategia.com\/portal\/wp-content\/uploads\/2022\/08\/11080309\/stf-plenario-fisico-1024x592-1-930x524-1.jpg","type":"image\/jpeg"}],"author":"Coordena\u00e7\u00e3o","twitter_card":"summary_large_image","twitter_creator":"@EstratJuridica","twitter_site":"@EstratJuridica","twitter_misc":{"Escrito por":"Coordena\u00e7\u00e3o","Est. tempo de leitura":"2 minutos"},"schema":{"@context":"https:\/\/schema.org","@graph":[{"@type":"NewsArticle","@id":"https:\/\/cj.estrategia.com\/portal\/stf-autoriza-reajuste-nos-salarios-do-judiciario\/#article","isPartOf":{"@id":"https:\/\/cj.estrategia.com\/portal\/stf-autoriza-reajuste-nos-salarios-do-judiciario\/"},"author":{"name":"Coordena\u00e7\u00e3o","@id":"https:\/\/cj.estrategia.com\/portal\/#\/schema\/person\/4d70317d31449932b99102916b6637f5"},"headline":"STF autoriza reajuste de 18% nos sal\u00e1rios do Judici\u00e1rio","datePublished":"2022-08-11T11:18:57+00:00","dateModified":"2022-08-11T19:55:23+00:00","mainEntityOfPage":{"@id":"https:\/\/cj.estrategia.com\/portal\/stf-autoriza-reajuste-nos-salarios-do-judiciario\/"},"wordCount":366,"commentCount":0,"publisher":{"@id":"https:\/\/cj.estrategia.com\/portal\/#organization"},"image":{"@id":"https:\/\/cj.estrategia.com\/portal\/stf-autoriza-reajuste-nos-salarios-do-judiciario\/#primaryimage"},"thumbnailUrl":"https:\/\/cj.estrategia.com\/portal\/wp-content\/uploads\/2022\/08\/11080309\/stf-plenario-fisico-1024x592-1-930x524-1.jpg","articleSection":["Carreiras Jur\u00eddicas","Magistratura"],"inLanguage":"pt-BR","potentialAction":[{"@type":"CommentAction","name":"Comment","target":["https:\/\/cj.estrategia.com\/portal\/stf-autoriza-reajuste-nos-salarios-do-judiciario\/#respond"]}]},{"@type":"WebPage","@id":"https:\/\/cj.estrategia.com\/portal\/stf-autoriza-reajuste-nos-salarios-do-judiciario\/","url":"https:\/\/cj.estrategia.com\/portal\/stf-autoriza-reajuste-nos-salarios-do-judiciario\/","name":"STF autoriza reajuste de 18% nos sal\u00e1rios do Judici\u00e1rio","isPartOf":{"@id":"https:\/\/cj.estrategia.com\/portal\/#website"},"primaryImageOfPage":{"@id":"https:\/\/cj.estrategia.com\/portal\/stf-autoriza-reajuste-nos-salarios-do-judiciario\/#primaryimage"},"image":{"@id":"https:\/\/cj.estrategia.com\/portal\/stf-autoriza-reajuste-nos-salarios-do-judiciario\/#primaryimage"},"thumbnailUrl":"https:\/\/cj.estrategia.com\/portal\/wp-content\/uploads\/2022\/08\/11080309\/stf-plenario-fisico-1024x592-1-930x524-1.jpg","datePublished":"2022-08-11T11:18:57+00:00","dateModified":"2022-08-11T19:55:23+00:00","description":"O Superior Tribunal Federal (STF) autorizou reajuste de 18% nos sal\u00e1rios do Judici\u00e1rio. Saiba mais informa\u00e7\u00f5es neste artigo!","breadcrumb":{"@id":"https:\/\/cj.estrategia.com\/portal\/stf-autoriza-reajuste-nos-salarios-do-judiciario\/#breadcrumb"},"inLanguage":"pt-BR","potentialAction":[{"@type":"ReadAction","target":["https:\/\/cj.estrategia.com\/portal\/stf-autoriza-reajuste-nos-salarios-do-judiciario\/"]}]},{"@type":"ImageObject","inLanguage":"pt-BR","@id":"https:\/\/cj.estrategia.com\/portal\/stf-autoriza-reajuste-nos-salarios-do-judiciario\/#primaryimage","url":"https:\/\/cj.estrategia.com\/portal\/wp-content\/uploads\/2022\/08\/11080309\/stf-plenario-fisico-1024x592-1-930x524-1.jpg","contentUrl":"https:\/\/cj.estrategia.com\/portal\/wp-content\/uploads\/2022\/08\/11080309\/stf-plenario-fisico-1024x592-1-930x524-1.jpg","width":930,"height":524,"caption":"stf"},{"@type":"BreadcrumbList","@id":"https:\/\/cj.estrategia.com\/portal\/stf-autoriza-reajuste-nos-salarios-do-judiciario\/#breadcrumb","itemListElement":[{"@type":"ListItem","position":1,"name":"In\u00edcio","item":"https:\/\/cj.estrategia.com\/portal\/"},{"@type":"ListItem","position":2,"name":"STF autoriza reajuste de 18% nos sal\u00e1rios do Judici\u00e1rio"}]},{"@type":"WebSite","@id":"https:\/\/cj.estrategia.com\/portal\/#website","url":"https:\/\/cj.estrategia.com\/portal\/","name":"Blog - Carreiras Jur\u00eddicas - Estrat\u00e9gia","description":"","publisher":{"@id":"https:\/\/cj.estrategia.com\/portal\/#organization"},"potentialAction":[{"@type":"SearchAction","target":{"@type":"EntryPoint","urlTemplate":"https:\/\/cj.estrategia.com\/portal\/?s={search_term_string}"},"query-input":{"@type":"PropertyValueSpecification","valueRequired":true,"valueName":"search_term_string"}}],"inLanguage":"pt-BR"},{"@type":"Organization","@id":"https:\/\/cj.estrategia.com\/portal\/#organization","name":"Estrat\u00e9gia - Carreiras Jur\u00eddicas","url":"https:\/\/cj.estrategia.com\/portal\/","logo":{"@type":"ImageObject","inLanguage":"pt-BR","@id":"https:\/\/cj.estrategia.com\/portal\/#\/schema\/logo\/image\/","url":"https:\/\/cj.estrategia.com\/portal\/wp-content\/uploads\/2022\/03\/11151052\/cj-logo.png","contentUrl":"https:\/\/cj.estrategia.com\/portal\/wp-content\/uploads\/2022\/03\/11151052\/cj-logo.png","width":150,"height":39,"caption":"Estrat\u00e9gia - Carreiras Jur\u00eddicas"},"image":{"@id":"https:\/\/cj.estrategia.com\/portal\/#\/schema\/logo\/image\/"},"sameAs":["https:\/\/www.facebook.com\/estrategiacarreirajuridica\/","https:\/\/x.com\/EstratJuridica","https:\/\/www.instagram.com\/estrategiacarreirajuridica\/","https:\/\/www.youtube.com\/channel\/UClbMGuYbj2Mh1m3w144ETWQ"]},{"@type":"Person","@id":"https:\/\/cj.estrategia.com\/portal\/#\/schema\/person\/4d70317d31449932b99102916b6637f5","name":"Coordena\u00e7\u00e3o","image":{"@type":"ImageObject","inLanguage":"pt-BR","@id":"https:\/\/cj.estrategia.com\/portal\/wp-content\/uploads\/2022\/05\/12164923\/estrategia-carreira-juridica-coordenacao-96x96.png","url":"https:\/\/cj.estrategia.com\/portal\/wp-content\/uploads\/2022\/05\/12164923\/estrategia-carreira-juridica-coordenacao-96x96.png","contentUrl":"https:\/\/cj.estrategia.com\/portal\/wp-content\/uploads\/2022\/05\/12164923\/estrategia-carreira-juridica-coordenacao-96x96.png","caption":"Coordena\u00e7\u00e3o"},"url":"https:\/\/cj.estrategia.com\/portal\/author\/coordenacao\/"}]}},"jetpack_featured_media_url":"https:\/\/cj.estrategia.com\/portal\/wp-content\/uploads\/2022\/08\/11080309\/stf-plenario-fisico-1024x592-1-930x524-1.jpg","jetpack_sharing_enabled":true,"_links":{"self":[{"href":"https:\/\/cj.estrategia.com\/portal\/wp-json\/wp\/v2\/posts\/15692","targetHints":{"allow":["GET"]}}],"collection":[{"href":"https:\/\/cj.estrategia.com\/portal\/wp-json\/wp\/v2\/posts"}],"about":[{"href":"https:\/\/cj.estrategia.com\/portal\/wp-json\/wp\/v2\/types\/post"}],"author":[{"embeddable":true,"href":"https:\/\/cj.estrategia.com\/portal\/wp-json\/wp\/v2\/users\/12"}],"replies":[{"embeddable":true,"href":"https:\/\/cj.estrategia.com\/portal\/wp-json\/wp\/v2\/comments?post=15692"}],"version-history":[{"count":0,"href":"https:\/\/cj.estrategia.com\/portal\/wp-json\/wp\/v2\/posts\/15692\/revisions"}],"wp:featuredmedia":[{"embeddable":true,"href":"https:\/\/cj.estrategia.com\/portal\/wp-json\/wp\/v2\/media\/15694"}],"wp:attachment":[{"href":"https:\/\/cj.estrategia.com\/portal\/wp-json\/wp\/v2\/media?parent=15692"}],"wp:term":[{"taxonomy":"category","embeddable":true,"href":"https:\/\/cj.estrategia.com\/portal\/wp-json\/wp\/v2\/categories?post=15692"},{"taxonomy":"post_tag","embeddable":true,"href":"https:\/\/cj.estrategia.com\/portal\/wp-json\/wp\/v2\/tags?post=15692"},{"taxonomy":"tax_estado","embeddable":true,"href":"https:\/\/cj.estrategia.com\/portal\/wp-json\/wp\/v2\/tax_estado?post=15692"}],"curies":[{"name":"wp","href":"https:\/\/api.w.org\/{rel}","templated":true}]}}