{"id":154342,"date":"2025-09-28T11:56:21","date_gmt":"2025-09-28T14:56:21","guid":{"rendered":"https:\/\/cj.estrategia.com\/portal\/?p=154342"},"modified":"2025-09-29T16:19:40","modified_gmt":"2025-09-29T19:19:40","slug":"desclassificacao-revisao-criminal-prescinde-contraditorio","status":"publish","type":"post","link":"https:\/\/cj.estrategia.com\/portal\/desclassificacao-revisao-criminal-prescinde-contraditorio\/","title":{"rendered":"A desclassifica\u00e7\u00e3o na revis\u00e3o criminal prescinde de contradit\u00f3rio"},"content":{"rendered":"\n<p>A Quinta Turma do STJ, ao julgar o AgRg no REsp 1.943.070-CE (DJEN 16\/09\/2025), enfrentou uma controv\u00e9rsia sobre o alcance da <strong>desclassifica\u00e7\u00e3o no \u00e2mbito da revis\u00e3o criminal<\/strong>.<\/p>\n\n\n\n<p>A quest\u00e3o jur\u00eddica consiste em saber se a desclassifica\u00e7\u00e3o da conduta <strong>de lavagem de dinheiro para recepta\u00e7\u00e3o<\/strong> viola os limites legais previstos no art. 626 do CPP, especialmente quanto \u00e0 veda\u00e7\u00e3o de agravamento da pena.<\/p>\n\n\n\n<p>No caso, o Tribunal de origem, ao julgar a primeira revis\u00e3o criminal, entendeu que a conduta atribu\u00edda ao r\u00e9u n\u00e3o caracterizava lavagem de dinheiro, mas sim recepta\u00e7\u00e3o, conforme o art. 180 do <strong><a href=\"https:\/\/www.estrategiaconcursos.com.br\/assinaturas-ecj\/\" target=\"_blank\" >C\u00f3digo Penal<\/a><\/strong>. A nova tipifica\u00e7\u00e3o resultou em pena mais branda, respeitando, portanto, o par\u00e1grafo \u00fanico do art. 626 do CPP, que pro\u00edbe expressamente a <em>reformatio in pejus<\/em>.<\/p>\n\n\n\n<p>Todavia, na segunda revis\u00e3o criminal, o pr\u00f3prio tribunal desconstituiu a decis\u00e3o anterior, argumentando que o r\u00e9u n\u00e3o teve oportunidade de defesa quanto \u00e0 nova classifica\u00e7\u00e3o jur\u00eddica dos fatos, o que violaria os <strong><mark style=\"background-color:rgba(0, 0, 0, 0)\" class=\"has-inline-color has-black-color\">princ\u00edpios do contradit\u00f3rio e da ampla defesa<\/mark><\/strong>.<\/p>\n\n\n\n<p>O STJ reverteu essa decis\u00e3o, afirmando que n\u00e3o h\u00e1 necessidade de nova oitiva quando a desclassifica\u00e7\u00e3o se d\u00e1 sem altera\u00e7\u00e3o da narrativa f\u00e1tica, conforme o art. 383 do CPP. Logo, ao anular a decis\u00e3o anterior, o tribunal de origem teria violado o art. 626 do CPP, que autoriza expressamente a desclassifica\u00e7\u00e3o desde que n\u00e3o agrave a pena.<\/p>\n\n\n\n<h2 class=\"wp-block-heading\" id=\"h-aspectos-juridicos-relevantes\"><span id=\"aspectos-juridicos-relevantes\">Aspectos jur\u00eddicos relevantes <\/span><\/h2>\n\n\n\n<p>A <strong><mark style=\"background-color:rgba(0, 0, 0, 0)\" class=\"has-inline-color has-black-color\">revis\u00e3o criminal<\/mark><\/strong> \u00e9 a\u00e7\u00e3o aut\u00f4noma de impugna\u00e7\u00e3o prevista no art. 621 do CPP, voltada exclusivamente \u00e0 defesa, com a finalidade de rescindir decis\u00f5es condenat\u00f3rias transitadas em julgado. Por ser mecanismo de prote\u00e7\u00e3o do r\u00e9u, sua utiliza\u00e7\u00e3o \u00e9 vedada <em>pro societate<\/em>.<\/p>\n\n\n\n<p>O art. 626 do CPP estabelece os efeitos poss\u00edveis de uma revis\u00e3o criminal procedente: absolver o r\u00e9u, modificar a pena, anular o processo ou alterar a classifica\u00e7\u00e3o da infra\u00e7\u00e3o. Contudo, imp\u00f5e um limite expresso: em nenhuma hip\u00f3tese poder\u00e1 ser agravada a pena imposta pela decis\u00e3o revista.<\/p>\n\n\n\n<p>Foi justamente nesse ponto que o STJ se debru\u00e7ou. A primeira revis\u00e3o criminal alterou a tipifica\u00e7\u00e3o de lavagem de dinheiro (Lei 9.613\/98) para recepta\u00e7\u00e3o (art. 180, CP), mantendo os fatos imputados inalterados. A nova classifica\u00e7\u00e3o resultou em <strong>pena mais branda<\/strong>, portanto, dentro dos limites do art. 626, par\u00e1grafo \u00fanico.<\/p>\n\n\n\n<div class=\"wp-block-media-text is-stacked-on-mobile\" style=\"grid-template-columns:29% auto\"><figure class=\"wp-block-media-text__media\"><img decoding=\"async\" width=\"512\" height=\"512\" src=\"https:\/\/cj.estrategia.com\/portal\/wp-content\/uploads\/2025\/08\/03183348\/documento-lei-obstaculo-veto-vetado-proibido-recusado-negado.png\" alt=\"desclassifica\u00e7\u00e3o\" class=\"wp-image-140784 size-full\" srcset=\"https:\/\/cj.estrategia.com\/portal\/wp-content\/uploads\/2025\/08\/03183348\/documento-lei-obstaculo-veto-vetado-proibido-recusado-negado.png 512w, https:\/\/cj.estrategia.com\/portal\/wp-content\/uploads\/2025\/08\/03183348\/documento-lei-obstaculo-veto-vetado-proibido-recusado-negado-300x300.png 300w, https:\/\/cj.estrategia.com\/portal\/wp-content\/uploads\/2025\/08\/03183348\/documento-lei-obstaculo-veto-vetado-proibido-recusado-negado-150x150.png 150w, https:\/\/cj.estrategia.com\/portal\/wp-content\/uploads\/2025\/08\/03183348\/documento-lei-obstaculo-veto-vetado-proibido-recusado-negado-80x80.png 80w, https:\/\/cj.estrategia.com\/portal\/wp-content\/uploads\/2025\/08\/03183348\/documento-lei-obstaculo-veto-vetado-proibido-recusado-negado-380x380.png 380w, https:\/\/cj.estrategia.com\/portal\/wp-content\/uploads\/2025\/08\/03183348\/documento-lei-obstaculo-veto-vetado-proibido-recusado-negado-24x24.png 24w, https:\/\/cj.estrategia.com\/portal\/wp-content\/uploads\/2025\/08\/03183348\/documento-lei-obstaculo-veto-vetado-proibido-recusado-negado-48x48.png 48w, https:\/\/cj.estrategia.com\/portal\/wp-content\/uploads\/2025\/08\/03183348\/documento-lei-obstaculo-veto-vetado-proibido-recusado-negado-96x96.png 96w\" sizes=\"(max-width: 512px) 100vw, 512px\" \/><\/figure><div class=\"wp-block-media-text__content\">\n<p>A controv\u00e9rsia surgiu quando o mesmo tribunal, em nova revis\u00e3o criminal, entendeu que o r\u00e9u n\u00e3o teve oportunidade de se manifestar sobre a nova imputa\u00e7\u00e3o e, com base na suposta <strong>ofensa ao contradit\u00f3rio e \u00e0 ampla defesa<\/strong>, determinou a absolvi\u00e7\u00e3o.<\/p>\n<\/div><\/div>\n\n\n\n<p>O STJ, por\u00e9m, refor\u00e7ou que, nos termos do art. 383 do CPP, quando a altera\u00e7\u00e3o jur\u00eddica se d\u00e1 sem modifica\u00e7\u00e3o da descri\u00e7\u00e3o f\u00e1tica, n\u00e3o h\u00e1 necessidade de nova oitiva ou aditamento da den\u00fancia.<\/p>\n\n\n\n<p>Assim, ao desconstituir a primeira revis\u00e3o com base em um contradit\u00f3rio indevido, o tribunal local acabou violando o pr\u00f3prio art. 626, j\u00e1 que a primeira decis\u00e3o havia sido legal e ben\u00e9fica ao r\u00e9u.<\/p>\n\n\n\n<p>Portanto, \u00e9 plenamente poss\u00edvel a desclassifica\u00e7\u00e3o da conduta na revis\u00e3o criminal, <strong>desde que n\u00e3o haja agravamento da pena<\/strong> e que a modifica\u00e7\u00e3o seja apenas jur\u00eddica, sem altera\u00e7\u00e3o dos fatos narrados na den\u00fancia.<\/p>\n\n\n\n<h2 class=\"wp-block-heading\" id=\"h-consequencias\"><span id=\"consequencias\">Consequ\u00eancias <\/span><\/h2>\n\n\n\n<p>A decis\u00e3o do STJ delimita com clareza os contornos do <strong>poder revisional dos tribunais<\/strong> no \u00e2mbito da revis\u00e3o criminal.<\/p>\n\n\n\n<p>Em primeiro lugar, afirma-se a plena validade da desclassifica\u00e7\u00e3o penal, desde que haja <strong>benef\u00edcio concreto ao r\u00e9u<\/strong> e respeito \u00e0 descri\u00e7\u00e3o f\u00e1tica original.<\/p>\n\n\n\n<p>Al\u00e9m disso, o julgado reafirma um <strong><span style=\"text-decoration: underline;\">ponto importante<\/span><\/strong>: nem toda altera\u00e7\u00e3o jur\u00eddica exige contradit\u00f3rio pr\u00e9vio, especialmente quando os fatos permanecem inalterados (altera-se apenas a capitula\u00e7\u00e3o jur\u00eddica). Essa compreens\u00e3o evita formalismos excessivos e refor\u00e7a a efetividade da revis\u00e3o criminal como instrumento de justi\u00e7a.<\/p>\n\n\n\n<p>Do ponto de vista pr\u00e1tico, a decis\u00e3o inibe a multiplica\u00e7\u00e3o de revis\u00f5es infundadas, que poderiam se basear apenas em alega\u00e7\u00f5es formais de nulidade, mesmo quando n\u00e3o h\u00e1 preju\u00edzo. Tamb\u00e9m restringe o cabimento da segunda revis\u00e3o criminal, que deve ser excepcional e n\u00e3o pode servir como via indireta para desconstituir decis\u00f5es favor\u00e1veis ao r\u00e9u obtidas de forma legal.<\/p>\n\n\n\n<p>Por fim, o ac\u00f3rd\u00e3o contribui para consolidar a interpreta\u00e7\u00e3o harm\u00f4nica entre os artigos 626 e 383 do CPP, evitando contradi\u00e7\u00f5es entre as regras sobre reclassifica\u00e7\u00e3o e contradit\u00f3rio.<\/p>\n\n\n\n<h2 class=\"wp-block-heading\" id=\"h-como-isso-vai-cair-na-sua-prova\"><span id=\"como-isso-vai-cair-na-sua-prova\">Como isso vai cair na sua prova?<\/span><\/h2>\n\n\n\n<pre class=\"wp-block-preformatted\">Sobre a desclassifica\u00e7\u00e3o de conduta penal no \u00e2mbito da revis\u00e3o criminal, assinale a alternativa correta:<br><br>a) A revis\u00e3o criminal n\u00e3o admite desclassifica\u00e7\u00e3o penal, pois sua \u00fanica finalidade \u00e9 a absolvi\u00e7\u00e3o do r\u00e9u.<br><br>b) Caso a desclassifica\u00e7\u00e3o da conduta penal implique altera\u00e7\u00e3o da imputa\u00e7\u00e3o jur\u00eddica, \u00e9 indispens\u00e1vel nova oitiva do r\u00e9u.<br><br>c) A revis\u00e3o criminal s\u00f3 pode ser proposta antes da extin\u00e7\u00e3o da pena, vedando-se seu ajuizamento <em>post mortem<\/em>.<br><br>d) \u00c9 poss\u00edvel a desclassifica\u00e7\u00e3o na revis\u00e3o criminal, desde que n\u00e3o haja agravamento da pena imposta na decis\u00e3o rescindida.<br><br>e) A decis\u00e3o que altera a classifica\u00e7\u00e3o jur\u00eddica dos fatos sempre exige a reabertura da fase instrut\u00f3ria.<\/pre>\n\n\n\n<p><strong>Gabarito: d)<\/strong><\/p>\n\n\n\n<p><strong>Justificativa:<\/strong><br>Nos termos do art. 626, caput e par\u00e1grafo \u00fanico, do CPP, a desclassifica\u00e7\u00e3o penal \u00e9 expressamente autorizada na revis\u00e3o criminal, desde que n\u00e3o agrave a pena imposta na decis\u00e3o revista. N\u00e3o h\u00e1 exig\u00eancia de nova instru\u00e7\u00e3o quando os fatos permanecem inalterados, conforme art. 383 do CPP.<\/p>\n\n\n\n<hr class=\"wp-block-separator has-alpha-channel-opacity\"\/>\n\n\n\n<h2 class=\"wp-block-heading has-text-align-center\" id=\"h-quer-saber-quais-serao-os-proximos-concursos\"><span id=\"quer-saber-quais-serao-os-proximos-concursos\">Quer saber quais ser\u00e3o os pr\u00f3ximos concursos?<\/span><\/h2>\n\n\n\n<pre class=\"wp-block-verse has-text-align-center\">Confira nossos&nbsp;<a href=\"https:\/\/cj.estrategia.com\/portal\/\" target=\"_blank\" >artigos para Carreiras Jur\u00eddicas<\/a>!<\/pre>\n\n\n\n<p class=\"has-text-align-center has-white-color has-pale-cyan-blue-background-color has-text-color has-background has-link-color wp-elements-723b3278bf14a50a5e7b7e937b9a17d4\"><a href=\"https:\/\/cj.estrategia.com\/portal\/concursos-abertos-carreiras-juridicas\/\">Concursos jur\u00eddicos abertos<\/a><\/p>\n\n\n\n<p class=\"has-text-align-center has-white-color has-pale-cyan-blue-background-color has-text-color has-background has-link-color wp-elements-41349f36dc977263ca2129bf0f6dd541\"><a href=\"https:\/\/cj.estrategia.com\/portal\/concursos-2025-carreiras-juridicas\/\" target=\"_blank\" >Concursos jur\u00eddicos 2025<\/a><\/p>\n","protected":false},"excerpt":{"rendered":"A Quinta Turma do STJ, ao julgar o AgRg no REsp 1.943.070-CE (DJEN 16\/09\/2025), enfrentou uma controv\u00e9rsia sobre&hellip;\n","protected":false},"author":63,"featured_media":28644,"comment_status":"open","ping_status":"open","sticky":false,"template":"","format":"standard","meta":{"_jetpack_memberships_contains_paid_content":false,"footnotes":""},"categories":[1],"tags":[506,338,3431,321,3012,1054,3430,202],"tax_estado":[30,31,32,33,34,35,36,37,38,39,40,41,42,43,44,45,46,47,48,49,50,51,52,53,54,55,56,57],"class_list":{"0":"post-154342","1":"post","2":"type-post","3":"status-publish","4":"format-standard","5":"has-post-thumbnail","7":"category-carreiras-juridicas","8":"tag-ampla-defesa-e-contraditorio","9":"tag-codigo-penal","10":"tag-desclassificacao-penal","11":"tag-lavagem-de-dinheiro","12":"tag-receptacao","13":"tag-reu","14":"tag-revisao-criminal","15":"tag-stj","16":"tax_estado-ac","17":"tax_estado-al","18":"tax_estado-am","19":"tax_estado-ap","20":"tax_estado-ba","21":"tax_estado-ce","22":"tax_estado-concursos-federais","23":"tax_estado-df","24":"tax_estado-es","25":"tax_estado-go","26":"tax_estado-ma","27":"tax_estado-mg","28":"tax_estado-ms","29":"tax_estado-mt","30":"tax_estado-pa","31":"tax_estado-pb","32":"tax_estado-pe","33":"tax_estado-pi","34":"tax_estado-pr","35":"tax_estado-rj","36":"tax_estado-rn","37":"tax_estado-ro","38":"tax_estado-rr","39":"tax_estado-rs","40":"tax_estado-sc","41":"tax_estado-se","42":"tax_estado-sp","43":"tax_estado-to"},"acf":[],"yoast_head":"<!-- This site is optimized with the Yoast SEO Premium plugin v27.4 (Yoast SEO v27.4) - https:\/\/yoast.com\/product\/yoast-seo-premium-wordpress\/ -->\n<title>A desclassifica\u00e7\u00e3o na revis\u00e3o criminal prescinde de contradit\u00f3rio<\/title>\n<meta name=\"description\" content=\"A Quinta Turma do STJ enfrentou uma controv\u00e9rsia sobre o alcance da desclassifica\u00e7\u00e3o no \u00e2mbito da revis\u00e3o criminal.\" \/>\n<meta name=\"robots\" content=\"index, follow, max-snippet:-1, max-image-preview:large, max-video-preview:-1\" \/>\n<link rel=\"canonical\" href=\"https:\/\/cj.estrategia.com\/portal\/desclassificacao-revisao-criminal-prescinde-contraditorio\/\" \/>\n<meta property=\"og:locale\" content=\"pt_BR\" \/>\n<meta property=\"og:type\" content=\"article\" \/>\n<meta property=\"og:title\" content=\"A desclassifica\u00e7\u00e3o na revis\u00e3o criminal prescinde de contradit\u00f3rio\" \/>\n<meta property=\"og:description\" content=\"A Quinta Turma do STJ enfrentou uma controv\u00e9rsia sobre o alcance da desclassifica\u00e7\u00e3o no \u00e2mbito da revis\u00e3o criminal.\" \/>\n<meta property=\"og:url\" content=\"https:\/\/cj.estrategia.com\/portal\/desclassificacao-revisao-criminal-prescinde-contraditorio\/\" \/>\n<meta property=\"og:site_name\" content=\"Blog - Carreiras Jur\u00eddicas - Estrat\u00e9gia\" \/>\n<meta property=\"article:publisher\" content=\"https:\/\/www.facebook.com\/estrategiacarreirajuridica\/\" \/>\n<meta property=\"article:published_time\" content=\"2025-09-28T14:56:21+00:00\" \/>\n<meta property=\"article:modified_time\" content=\"2025-09-29T19:19:40+00:00\" \/>\n<meta property=\"og:image\" content=\"https:\/\/cj.estrategia.com\/portal\/wp-content\/uploads\/2023\/02\/01171613\/malhete-de-juiz-do-tribunal-de-justica-de-goias.jpg\" \/>\n\t<meta property=\"og:image:width\" content=\"1274\" \/>\n\t<meta property=\"og:image:height\" content=\"896\" \/>\n\t<meta property=\"og:image:type\" content=\"image\/jpeg\" \/>\n<meta name=\"author\" content=\"Guilherme Rezende\" \/>\n<meta name=\"twitter:card\" content=\"summary_large_image\" \/>\n<meta name=\"twitter:creator\" content=\"@EstratJuridica\" \/>\n<meta name=\"twitter:site\" content=\"@EstratJuridica\" \/>\n<meta name=\"twitter:label1\" content=\"Escrito por\" \/>\n\t<meta name=\"twitter:data1\" content=\"Guilherme Rezende\" \/>\n\t<meta name=\"twitter:label2\" content=\"Est. tempo de leitura\" \/>\n\t<meta name=\"twitter:data2\" content=\"5 minutos\" \/>\n<script type=\"application\/ld+json\" class=\"yoast-schema-graph\">{\"@context\":\"https:\\\/\\\/schema.org\",\"@graph\":[{\"@type\":\"NewsArticle\",\"@id\":\"https:\\\/\\\/cj.estrategia.com\\\/portal\\\/desclassificacao-revisao-criminal-prescinde-contraditorio\\\/#article\",\"isPartOf\":{\"@id\":\"https:\\\/\\\/cj.estrategia.com\\\/portal\\\/desclassificacao-revisao-criminal-prescinde-contraditorio\\\/\"},\"author\":{\"name\":\"Guilherme Rezende\",\"@id\":\"https:\\\/\\\/cj.estrategia.com\\\/portal\\\/#\\\/schema\\\/person\\\/b8eb01d117c3441103d953565489f91a\"},\"headline\":\"A desclassifica\u00e7\u00e3o na revis\u00e3o criminal prescinde de contradit\u00f3rio\",\"datePublished\":\"2025-09-28T14:56:21+00:00\",\"dateModified\":\"2025-09-29T19:19:40+00:00\",\"mainEntityOfPage\":{\"@id\":\"https:\\\/\\\/cj.estrategia.com\\\/portal\\\/desclassificacao-revisao-criminal-prescinde-contraditorio\\\/\"},\"wordCount\":855,\"commentCount\":0,\"publisher\":{\"@id\":\"https:\\\/\\\/cj.estrategia.com\\\/portal\\\/#organization\"},\"image\":{\"@id\":\"https:\\\/\\\/cj.estrategia.com\\\/portal\\\/desclassificacao-revisao-criminal-prescinde-contraditorio\\\/#primaryimage\"},\"thumbnailUrl\":\"https:\\\/\\\/cj.estrategia.com\\\/portal\\\/wp-content\\\/uploads\\\/2023\\\/02\\\/01171613\\\/malhete-de-juiz-do-tribunal-de-justica-de-goias.jpg\",\"keywords\":[\"ampla defesa e contradit\u00f3rio\",\"c\u00f3digo penal\",\"desclassifica\u00e7\u00e3o penal\",\"lavagem de dinheiro\",\"recepta\u00e7\u00e3o\",\"r\u00e9u\",\"revis\u00e3o criminal\",\"STJ\"],\"articleSection\":[\"Carreiras Jur\u00eddicas\"],\"inLanguage\":\"pt-BR\",\"potentialAction\":[{\"@type\":\"CommentAction\",\"name\":\"Comment\",\"target\":[\"https:\\\/\\\/cj.estrategia.com\\\/portal\\\/desclassificacao-revisao-criminal-prescinde-contraditorio\\\/#respond\"]}]},{\"@type\":\"WebPage\",\"@id\":\"https:\\\/\\\/cj.estrategia.com\\\/portal\\\/desclassificacao-revisao-criminal-prescinde-contraditorio\\\/\",\"url\":\"https:\\\/\\\/cj.estrategia.com\\\/portal\\\/desclassificacao-revisao-criminal-prescinde-contraditorio\\\/\",\"name\":\"A desclassifica\u00e7\u00e3o na revis\u00e3o criminal prescinde de contradit\u00f3rio\",\"isPartOf\":{\"@id\":\"https:\\\/\\\/cj.estrategia.com\\\/portal\\\/#website\"},\"primaryImageOfPage\":{\"@id\":\"https:\\\/\\\/cj.estrategia.com\\\/portal\\\/desclassificacao-revisao-criminal-prescinde-contraditorio\\\/#primaryimage\"},\"image\":{\"@id\":\"https:\\\/\\\/cj.estrategia.com\\\/portal\\\/desclassificacao-revisao-criminal-prescinde-contraditorio\\\/#primaryimage\"},\"thumbnailUrl\":\"https:\\\/\\\/cj.estrategia.com\\\/portal\\\/wp-content\\\/uploads\\\/2023\\\/02\\\/01171613\\\/malhete-de-juiz-do-tribunal-de-justica-de-goias.jpg\",\"datePublished\":\"2025-09-28T14:56:21+00:00\",\"dateModified\":\"2025-09-29T19:19:40+00:00\",\"description\":\"A Quinta Turma do STJ enfrentou uma controv\u00e9rsia sobre o alcance da desclassifica\u00e7\u00e3o no \u00e2mbito da revis\u00e3o criminal.\",\"breadcrumb\":{\"@id\":\"https:\\\/\\\/cj.estrategia.com\\\/portal\\\/desclassificacao-revisao-criminal-prescinde-contraditorio\\\/#breadcrumb\"},\"inLanguage\":\"pt-BR\",\"potentialAction\":[{\"@type\":\"ReadAction\",\"target\":[\"https:\\\/\\\/cj.estrategia.com\\\/portal\\\/desclassificacao-revisao-criminal-prescinde-contraditorio\\\/\"]}]},{\"@type\":\"ImageObject\",\"inLanguage\":\"pt-BR\",\"@id\":\"https:\\\/\\\/cj.estrategia.com\\\/portal\\\/desclassificacao-revisao-criminal-prescinde-contraditorio\\\/#primaryimage\",\"url\":\"https:\\\/\\\/cj.estrategia.com\\\/portal\\\/wp-content\\\/uploads\\\/2023\\\/02\\\/01171613\\\/malhete-de-juiz-do-tribunal-de-justica-de-goias.jpg\",\"contentUrl\":\"https:\\\/\\\/cj.estrategia.com\\\/portal\\\/wp-content\\\/uploads\\\/2023\\\/02\\\/01171613\\\/malhete-de-juiz-do-tribunal-de-justica-de-goias.jpg\",\"width\":1274,\"height\":896},{\"@type\":\"BreadcrumbList\",\"@id\":\"https:\\\/\\\/cj.estrategia.com\\\/portal\\\/desclassificacao-revisao-criminal-prescinde-contraditorio\\\/#breadcrumb\",\"itemListElement\":[{\"@type\":\"ListItem\",\"position\":1,\"name\":\"In\u00edcio\",\"item\":\"https:\\\/\\\/cj.estrategia.com\\\/portal\\\/\"},{\"@type\":\"ListItem\",\"position\":2,\"name\":\"A desclassifica\u00e7\u00e3o na revis\u00e3o criminal prescinde de contradit\u00f3rio\"}]},{\"@type\":\"WebSite\",\"@id\":\"https:\\\/\\\/cj.estrategia.com\\\/portal\\\/#website\",\"url\":\"https:\\\/\\\/cj.estrategia.com\\\/portal\\\/\",\"name\":\"Blog - Carreiras Jur\u00eddicas - Estrat\u00e9gia\",\"description\":\"\",\"publisher\":{\"@id\":\"https:\\\/\\\/cj.estrategia.com\\\/portal\\\/#organization\"},\"potentialAction\":[{\"@type\":\"SearchAction\",\"target\":{\"@type\":\"EntryPoint\",\"urlTemplate\":\"https:\\\/\\\/cj.estrategia.com\\\/portal\\\/?s={search_term_string}\"},\"query-input\":{\"@type\":\"PropertyValueSpecification\",\"valueRequired\":true,\"valueName\":\"search_term_string\"}}],\"inLanguage\":\"pt-BR\"},{\"@type\":\"Organization\",\"@id\":\"https:\\\/\\\/cj.estrategia.com\\\/portal\\\/#organization\",\"name\":\"Estrat\u00e9gia - Carreiras Jur\u00eddicas\",\"url\":\"https:\\\/\\\/cj.estrategia.com\\\/portal\\\/\",\"logo\":{\"@type\":\"ImageObject\",\"inLanguage\":\"pt-BR\",\"@id\":\"https:\\\/\\\/cj.estrategia.com\\\/portal\\\/#\\\/schema\\\/logo\\\/image\\\/\",\"url\":\"https:\\\/\\\/cj.estrategia.com\\\/portal\\\/wp-content\\\/uploads\\\/2022\\\/03\\\/11151052\\\/cj-logo.png\",\"contentUrl\":\"https:\\\/\\\/cj.estrategia.com\\\/portal\\\/wp-content\\\/uploads\\\/2022\\\/03\\\/11151052\\\/cj-logo.png\",\"width\":150,\"height\":39,\"caption\":\"Estrat\u00e9gia - Carreiras Jur\u00eddicas\"},\"image\":{\"@id\":\"https:\\\/\\\/cj.estrategia.com\\\/portal\\\/#\\\/schema\\\/logo\\\/image\\\/\"},\"sameAs\":[\"https:\\\/\\\/www.facebook.com\\\/estrategiacarreirajuridica\\\/\",\"https:\\\/\\\/x.com\\\/EstratJuridica\",\"https:\\\/\\\/www.instagram.com\\\/estrategiacarreirajuridica\\\/\",\"https:\\\/\\\/www.youtube.com\\\/channel\\\/UClbMGuYbj2Mh1m3w144ETWQ\"]},{\"@type\":\"Person\",\"@id\":\"https:\\\/\\\/cj.estrategia.com\\\/portal\\\/#\\\/schema\\\/person\\\/b8eb01d117c3441103d953565489f91a\",\"name\":\"Guilherme Rezende\",\"image\":{\"@type\":\"ImageObject\",\"inLanguage\":\"pt-BR\",\"@id\":\"https:\\\/\\\/cj.estrategia.com\\\/portal\\\/wp-content\\\/uploads\\\/2024\\\/02\\\/22174655\\\/professor-guilherme-resende-estrategia-concursos-ecj-96x96.jpeg\",\"url\":\"https:\\\/\\\/cj.estrategia.com\\\/portal\\\/wp-content\\\/uploads\\\/2024\\\/02\\\/22174655\\\/professor-guilherme-resende-estrategia-concursos-ecj-96x96.jpeg\",\"contentUrl\":\"https:\\\/\\\/cj.estrategia.com\\\/portal\\\/wp-content\\\/uploads\\\/2024\\\/02\\\/22174655\\\/professor-guilherme-resende-estrategia-concursos-ecj-96x96.jpeg\",\"caption\":\"Guilherme Rezende\"},\"description\":\"Professor Guilherme Rezende \u00e9 promotor de justi\u00e7a no Paran\u00e1, com uma carreira s\u00f3lida e impactante no campo jur\u00eddico. Al\u00e9m de sua atua\u00e7\u00e3o como promotor, ele possui mestrado em Direito e acumula experi\u00eancia como Ex-Procurador da Fazenda Nacional, Ex-Defensor P\u00fablico da Uni\u00e3o e Ex-Oficial de Apoio Judicial no TJMG. Destaca-se tamb\u00e9m por ter sido aprovado nos concursos de analista do TRF-1 e do MPU, consolidando sua compet\u00eancia e dedica\u00e7\u00e3o no universo jur\u00eddico.\",\"url\":\"https:\\\/\\\/cj.estrategia.com\\\/portal\\\/author\\\/guilherme-rezende\\\/\"}]}<\/script>\n<!-- \/ Yoast SEO Premium plugin. -->","yoast_head_json":{"title":"A desclassifica\u00e7\u00e3o na revis\u00e3o criminal prescinde de contradit\u00f3rio","description":"A Quinta Turma do STJ enfrentou uma controv\u00e9rsia sobre o alcance da desclassifica\u00e7\u00e3o no \u00e2mbito da revis\u00e3o criminal.","robots":{"index":"index","follow":"follow","max-snippet":"max-snippet:-1","max-image-preview":"max-image-preview:large","max-video-preview":"max-video-preview:-1"},"canonical":"https:\/\/cj.estrategia.com\/portal\/desclassificacao-revisao-criminal-prescinde-contraditorio\/","og_locale":"pt_BR","og_type":"article","og_title":"A desclassifica\u00e7\u00e3o na revis\u00e3o criminal prescinde de contradit\u00f3rio","og_description":"A Quinta Turma do STJ enfrentou uma controv\u00e9rsia sobre o alcance da desclassifica\u00e7\u00e3o no \u00e2mbito da revis\u00e3o criminal.","og_url":"https:\/\/cj.estrategia.com\/portal\/desclassificacao-revisao-criminal-prescinde-contraditorio\/","og_site_name":"Blog - Carreiras Jur\u00eddicas - Estrat\u00e9gia","article_publisher":"https:\/\/www.facebook.com\/estrategiacarreirajuridica\/","article_published_time":"2025-09-28T14:56:21+00:00","article_modified_time":"2025-09-29T19:19:40+00:00","og_image":[{"width":1274,"height":896,"url":"https:\/\/cj.estrategia.com\/portal\/wp-content\/uploads\/2023\/02\/01171613\/malhete-de-juiz-do-tribunal-de-justica-de-goias.jpg","type":"image\/jpeg"}],"author":"Guilherme Rezende","twitter_card":"summary_large_image","twitter_creator":"@EstratJuridica","twitter_site":"@EstratJuridica","twitter_misc":{"Escrito por":"Guilherme Rezende","Est. tempo de leitura":"5 minutos"},"schema":{"@context":"https:\/\/schema.org","@graph":[{"@type":"NewsArticle","@id":"https:\/\/cj.estrategia.com\/portal\/desclassificacao-revisao-criminal-prescinde-contraditorio\/#article","isPartOf":{"@id":"https:\/\/cj.estrategia.com\/portal\/desclassificacao-revisao-criminal-prescinde-contraditorio\/"},"author":{"name":"Guilherme Rezende","@id":"https:\/\/cj.estrategia.com\/portal\/#\/schema\/person\/b8eb01d117c3441103d953565489f91a"},"headline":"A desclassifica\u00e7\u00e3o na revis\u00e3o criminal prescinde de contradit\u00f3rio","datePublished":"2025-09-28T14:56:21+00:00","dateModified":"2025-09-29T19:19:40+00:00","mainEntityOfPage":{"@id":"https:\/\/cj.estrategia.com\/portal\/desclassificacao-revisao-criminal-prescinde-contraditorio\/"},"wordCount":855,"commentCount":0,"publisher":{"@id":"https:\/\/cj.estrategia.com\/portal\/#organization"},"image":{"@id":"https:\/\/cj.estrategia.com\/portal\/desclassificacao-revisao-criminal-prescinde-contraditorio\/#primaryimage"},"thumbnailUrl":"https:\/\/cj.estrategia.com\/portal\/wp-content\/uploads\/2023\/02\/01171613\/malhete-de-juiz-do-tribunal-de-justica-de-goias.jpg","keywords":["ampla defesa e contradit\u00f3rio","c\u00f3digo penal","desclassifica\u00e7\u00e3o penal","lavagem de dinheiro","recepta\u00e7\u00e3o","r\u00e9u","revis\u00e3o criminal","STJ"],"articleSection":["Carreiras Jur\u00eddicas"],"inLanguage":"pt-BR","potentialAction":[{"@type":"CommentAction","name":"Comment","target":["https:\/\/cj.estrategia.com\/portal\/desclassificacao-revisao-criminal-prescinde-contraditorio\/#respond"]}]},{"@type":"WebPage","@id":"https:\/\/cj.estrategia.com\/portal\/desclassificacao-revisao-criminal-prescinde-contraditorio\/","url":"https:\/\/cj.estrategia.com\/portal\/desclassificacao-revisao-criminal-prescinde-contraditorio\/","name":"A desclassifica\u00e7\u00e3o na revis\u00e3o criminal prescinde de contradit\u00f3rio","isPartOf":{"@id":"https:\/\/cj.estrategia.com\/portal\/#website"},"primaryImageOfPage":{"@id":"https:\/\/cj.estrategia.com\/portal\/desclassificacao-revisao-criminal-prescinde-contraditorio\/#primaryimage"},"image":{"@id":"https:\/\/cj.estrategia.com\/portal\/desclassificacao-revisao-criminal-prescinde-contraditorio\/#primaryimage"},"thumbnailUrl":"https:\/\/cj.estrategia.com\/portal\/wp-content\/uploads\/2023\/02\/01171613\/malhete-de-juiz-do-tribunal-de-justica-de-goias.jpg","datePublished":"2025-09-28T14:56:21+00:00","dateModified":"2025-09-29T19:19:40+00:00","description":"A Quinta Turma do STJ enfrentou uma controv\u00e9rsia sobre o alcance da desclassifica\u00e7\u00e3o no \u00e2mbito da revis\u00e3o criminal.","breadcrumb":{"@id":"https:\/\/cj.estrategia.com\/portal\/desclassificacao-revisao-criminal-prescinde-contraditorio\/#breadcrumb"},"inLanguage":"pt-BR","potentialAction":[{"@type":"ReadAction","target":["https:\/\/cj.estrategia.com\/portal\/desclassificacao-revisao-criminal-prescinde-contraditorio\/"]}]},{"@type":"ImageObject","inLanguage":"pt-BR","@id":"https:\/\/cj.estrategia.com\/portal\/desclassificacao-revisao-criminal-prescinde-contraditorio\/#primaryimage","url":"https:\/\/cj.estrategia.com\/portal\/wp-content\/uploads\/2023\/02\/01171613\/malhete-de-juiz-do-tribunal-de-justica-de-goias.jpg","contentUrl":"https:\/\/cj.estrategia.com\/portal\/wp-content\/uploads\/2023\/02\/01171613\/malhete-de-juiz-do-tribunal-de-justica-de-goias.jpg","width":1274,"height":896},{"@type":"BreadcrumbList","@id":"https:\/\/cj.estrategia.com\/portal\/desclassificacao-revisao-criminal-prescinde-contraditorio\/#breadcrumb","itemListElement":[{"@type":"ListItem","position":1,"name":"In\u00edcio","item":"https:\/\/cj.estrategia.com\/portal\/"},{"@type":"ListItem","position":2,"name":"A desclassifica\u00e7\u00e3o na revis\u00e3o criminal prescinde de contradit\u00f3rio"}]},{"@type":"WebSite","@id":"https:\/\/cj.estrategia.com\/portal\/#website","url":"https:\/\/cj.estrategia.com\/portal\/","name":"Blog - Carreiras Jur\u00eddicas - Estrat\u00e9gia","description":"","publisher":{"@id":"https:\/\/cj.estrategia.com\/portal\/#organization"},"potentialAction":[{"@type":"SearchAction","target":{"@type":"EntryPoint","urlTemplate":"https:\/\/cj.estrategia.com\/portal\/?s={search_term_string}"},"query-input":{"@type":"PropertyValueSpecification","valueRequired":true,"valueName":"search_term_string"}}],"inLanguage":"pt-BR"},{"@type":"Organization","@id":"https:\/\/cj.estrategia.com\/portal\/#organization","name":"Estrat\u00e9gia - Carreiras Jur\u00eddicas","url":"https:\/\/cj.estrategia.com\/portal\/","logo":{"@type":"ImageObject","inLanguage":"pt-BR","@id":"https:\/\/cj.estrategia.com\/portal\/#\/schema\/logo\/image\/","url":"https:\/\/cj.estrategia.com\/portal\/wp-content\/uploads\/2022\/03\/11151052\/cj-logo.png","contentUrl":"https:\/\/cj.estrategia.com\/portal\/wp-content\/uploads\/2022\/03\/11151052\/cj-logo.png","width":150,"height":39,"caption":"Estrat\u00e9gia - Carreiras Jur\u00eddicas"},"image":{"@id":"https:\/\/cj.estrategia.com\/portal\/#\/schema\/logo\/image\/"},"sameAs":["https:\/\/www.facebook.com\/estrategiacarreirajuridica\/","https:\/\/x.com\/EstratJuridica","https:\/\/www.instagram.com\/estrategiacarreirajuridica\/","https:\/\/www.youtube.com\/channel\/UClbMGuYbj2Mh1m3w144ETWQ"]},{"@type":"Person","@id":"https:\/\/cj.estrategia.com\/portal\/#\/schema\/person\/b8eb01d117c3441103d953565489f91a","name":"Guilherme Rezende","image":{"@type":"ImageObject","inLanguage":"pt-BR","@id":"https:\/\/cj.estrategia.com\/portal\/wp-content\/uploads\/2024\/02\/22174655\/professor-guilherme-resende-estrategia-concursos-ecj-96x96.jpeg","url":"https:\/\/cj.estrategia.com\/portal\/wp-content\/uploads\/2024\/02\/22174655\/professor-guilherme-resende-estrategia-concursos-ecj-96x96.jpeg","contentUrl":"https:\/\/cj.estrategia.com\/portal\/wp-content\/uploads\/2024\/02\/22174655\/professor-guilherme-resende-estrategia-concursos-ecj-96x96.jpeg","caption":"Guilherme Rezende"},"description":"Professor Guilherme Rezende \u00e9 promotor de justi\u00e7a no Paran\u00e1, com uma carreira s\u00f3lida e impactante no campo jur\u00eddico. Al\u00e9m de sua atua\u00e7\u00e3o como promotor, ele possui mestrado em Direito e acumula experi\u00eancia como Ex-Procurador da Fazenda Nacional, Ex-Defensor P\u00fablico da Uni\u00e3o e Ex-Oficial de Apoio Judicial no TJMG. Destaca-se tamb\u00e9m por ter sido aprovado nos concursos de analista do TRF-1 e do MPU, consolidando sua compet\u00eancia e dedica\u00e7\u00e3o no universo jur\u00eddico.","url":"https:\/\/cj.estrategia.com\/portal\/author\/guilherme-rezende\/"}]}},"jetpack_featured_media_url":"https:\/\/cj.estrategia.com\/portal\/wp-content\/uploads\/2023\/02\/01171613\/malhete-de-juiz-do-tribunal-de-justica-de-goias.jpg","jetpack_sharing_enabled":true,"_links":{"self":[{"href":"https:\/\/cj.estrategia.com\/portal\/wp-json\/wp\/v2\/posts\/154342","targetHints":{"allow":["GET"]}}],"collection":[{"href":"https:\/\/cj.estrategia.com\/portal\/wp-json\/wp\/v2\/posts"}],"about":[{"href":"https:\/\/cj.estrategia.com\/portal\/wp-json\/wp\/v2\/types\/post"}],"author":[{"embeddable":true,"href":"https:\/\/cj.estrategia.com\/portal\/wp-json\/wp\/v2\/users\/63"}],"replies":[{"embeddable":true,"href":"https:\/\/cj.estrategia.com\/portal\/wp-json\/wp\/v2\/comments?post=154342"}],"version-history":[{"count":4,"href":"https:\/\/cj.estrategia.com\/portal\/wp-json\/wp\/v2\/posts\/154342\/revisions"}],"predecessor-version":[{"id":154661,"href":"https:\/\/cj.estrategia.com\/portal\/wp-json\/wp\/v2\/posts\/154342\/revisions\/154661"}],"wp:featuredmedia":[{"embeddable":true,"href":"https:\/\/cj.estrategia.com\/portal\/wp-json\/wp\/v2\/media\/28644"}],"wp:attachment":[{"href":"https:\/\/cj.estrategia.com\/portal\/wp-json\/wp\/v2\/media?parent=154342"}],"wp:term":[{"taxonomy":"category","embeddable":true,"href":"https:\/\/cj.estrategia.com\/portal\/wp-json\/wp\/v2\/categories?post=154342"},{"taxonomy":"post_tag","embeddable":true,"href":"https:\/\/cj.estrategia.com\/portal\/wp-json\/wp\/v2\/tags?post=154342"},{"taxonomy":"tax_estado","embeddable":true,"href":"https:\/\/cj.estrategia.com\/portal\/wp-json\/wp\/v2\/tax_estado?post=154342"}],"curies":[{"name":"wp","href":"https:\/\/api.w.org\/{rel}","templated":true}]}}