{"id":154226,"date":"2025-09-26T21:58:59","date_gmt":"2025-09-27T00:58:59","guid":{"rendered":"https:\/\/cj.estrategia.com\/portal\/?p=154226"},"modified":"2025-10-20T09:11:20","modified_gmt":"2025-10-20T12:11:20","slug":"guarda-sabatica-horario-especial-provas-concurso","status":"publish","type":"post","link":"https:\/\/cj.estrategia.com\/portal\/guarda-sabatica-horario-especial-provas-concurso\/","title":{"rendered":"Guarda sab\u00e1tica e hor\u00e1rio especial para provas de concurso"},"content":{"rendered":"\n<p class=\"has-small-font-size\">* Thiago de Paula Leite \u00e9 procurador do Estado de S\u00e3o Paulo e professor de direito ambiental e agr\u00e1rio do Estrat\u00e9gia.<\/p>\n\n\n\n<h2 class=\"wp-block-heading\" id=\"h-maioria-apertada\"><span id=\"maioria-apertada\">Maioria apertada<\/span><\/h2>\n\n\n\n<p>Em 2007, chegou ao Supremo Tribunal Federal a A\u00e7\u00e3o Direta de Inconstitucionalidade (ADI) 3901, ajuizada contra as Leis 6.140\/98 e 6.468\/2002, do estado do Par\u00e1, que tratam de hor\u00e1rios permitidos para a realiza\u00e7\u00e3o de provas de concursos e exames vestibulares nas redes de ensino p\u00fablica e privada.<\/p>\n\n\n\n<p>Para o Procurador-Geral da Rep\u00fablica, ao permitir a realiza\u00e7\u00e3o de provas e exames das 18 horas de s\u00e1bado at\u00e9 as 18 horas da sexta-feira seguinte, as leis paraenses teriam o claro objetivo de respeitar os adeptos da denominada guarda sab\u00e1tica, \u201cper\u00edodo que se estende do crep\u00fasculo da sexta-feira ao crep\u00fasculo do s\u00e1bado, professada por seguidores de determinadas denomina\u00e7\u00f5es religiosas\u201d.<\/p>\n\n\n\n<pre class=\"wp-block-verse has-background\" style=\"background-color:#dddddd\"><strong>Guarda sab\u00e1tica \u00e9 a pr\u00e1tica religiosa de reservar o s\u00e1bado como um dia de descanso e culto, do p\u00f4r do sol de sexta-feira ao p\u00f4r do sol de s\u00e1bado. Adotada por fi\u00e9is de religi\u00f5es como o Juda\u00edsmo e o Adventismo do S\u00e9timo Dia, a guarda sab\u00e1tica implica a absten\u00e7\u00e3o de trabalho e atividades seculares durante esse per\u00edodo, e busca respeitar a liberdade de consci\u00eancia e cren\u00e7a.<\/strong><strong><\/strong><\/pre>\n\n\n\n<p>Conforme a a\u00e7\u00e3o, as leis questionadas, de iniciativa parlamentar, ao estabelecerem per\u00edodo para a aplica\u00e7\u00e3o de provas de concursos p\u00fablicos, teriam contrariado a Constitui\u00e7\u00e3o Federal, que afirma, em seu art. 61, ser de iniciativa privativa do chefe do Poder Executivo a proposi\u00e7\u00e3o de leis que disponham sobre provimento de cargos p\u00fablicos.<\/p>\n\n\n\n<pre class=\"wp-block-preformatted\"><em>CF<\/em><br><br><em>Art. 61. A iniciativa das leis complementares e ordin\u00e1rias cabe a qualquer membro ou Comiss\u00e3o da C\u00e2mara dos Deputados, do Senado Federal ou do Congresso Nacional, ao Presidente da Rep\u00fablica, ao Supremo Tribunal Federal, aos Tribunais Superiores, ao Procurador-Geral da Rep\u00fablica e aos cidad\u00e3os, na forma e nos casos previstos nesta Constitui\u00e7\u00e3o.<\/em><br><br><em>\u00a7 1\u00ba S\u00e3o <\/em><strong><em><strong>de iniciativa privativa do <mark style=\"background-color:rgba(0, 0, 0, 0)\" class=\"has-inline-color has-black-color\">Presidente da Rep\u00fablica<\/mark><\/strong><\/em><\/strong><em>\u00a0as leis que:<\/em><br><br><em>...<\/em><br><br><em>II - disponham sobre:<\/em><br><br><em>a) cria\u00e7\u00e3o de cargos, fun\u00e7\u00f5es ou empregos p\u00fablicos na administra\u00e7\u00e3o direta e aut\u00e1rquica ou aumento de sua remunera\u00e7\u00e3o;<\/em><br><br><em>b) organiza\u00e7\u00e3o administrativa e judici\u00e1ria, mat\u00e9ria tribut\u00e1ria e or\u00e7ament\u00e1ria, servi\u00e7os p\u00fablicos e pessoal da administra\u00e7\u00e3o dos Territ\u00f3rios;<\/em><br><br><em>c) servidores p\u00fablicos da Uni\u00e3o e Territ\u00f3rios, seu regime jur\u00eddico, <\/em><strong><em><strong><mark style=\"background-color:rgba(0, 0, 0, 0)\" class=\"has-inline-color has-black-color\">provimento de cargos<\/mark><\/strong><\/em><\/strong><em>, estabilidade e aposentadoria...<\/em><\/pre>\n\n\n\n<p>A a\u00e7\u00e3o alega, ainda, que as normas questionadas tamb\u00e9m n\u00e3o poderiam dispor sobre organiza\u00e7\u00e3o e funcionamento da administra\u00e7\u00e3o estadual, conforme disposto no art. 84 da Constitui\u00e7\u00e3o. E quanto aos estabelecimentos de ensino particulares, haveria afronta ao art. 22 da Carta Magna, j\u00e1 que compete privativamente \u00e0 Uni\u00e3o legislar sobre diretrizes e bases da educa\u00e7\u00e3o nacional.<\/p>\n\n\n\n<p>Tamb\u00e9m se discute a autonomia universit\u00e1ria.<\/p>\n\n\n\n<h2 class=\"wp-block-heading\" id=\"h-normas\"><span id=\"normas\">Normas<\/span><\/h2>\n\n\n\n<p>Mas o que diz, de fato, as normas impugnadas? Vejamos:<\/p>\n\n\n\n<h3 class=\"wp-block-heading\" id=\"h-ausencia-em-aulas\"><span id=\"ausencia-em-aulas\">Aus\u00eancia em aulas<\/span><\/h3>\n\n\n\n<pre class=\"wp-block-preformatted\"><em>Lei estadual n\u00ba 6.140\/1998, com reda\u00e7\u00e3o conferida pela Lei n\u00ba 6.468\/2002.<\/em><br><br><em>Determina o per\u00edodo para a realiza\u00e7\u00e3o das provas de concursos p\u00fablicos e exames vestibulares no Estado do Par\u00e1 e d\u00e1 outras provid\u00eancias.<\/em><br><br><em>Art. 1\u00ba. As provas de concursos p\u00fablicos e exames vestibulares no Estado do Par\u00e1 ser\u00e3o realizadas no per\u00edodo compreendido entre \u00e0s 18:00 horas de s\u00e1bado e \u00e0s 18:00 horas da sexta-feira seguinte.<\/em><br><br><em>Par\u00e1grafo \u00fanico - Esta Lei incidir\u00e1 sobre todas as institui\u00e7\u00f5es de ensino, tanto da rede p\u00fablica quanto as institui\u00e7\u00f5es da rede privada.<\/em><br><br><em>Art. 2\u00ba - As institui\u00e7\u00f5es de ensino, tanto da rede p\u00fablica quanto da rede privada, em todo o Estado, abonar\u00e3o as faltas de alunos que, por motivo religioso comprovado, n\u00e3o possam freq\u00fcentar aulas e atividades acad\u00eamicas no per\u00edodo compreendido entre \u00e0s 18:00 horas das sextas-feiras e 18:00 horas de s\u00e1bados.<\/em><br><br><em>\u00a7 1\u00b0 - Os alunos cujas cren\u00e7as religiosas incidirem no previsto neste artigo comprovar\u00e3o, no ato da matr\u00edcula, essa condi\u00e7\u00e3o atrav\u00e9s de declara\u00e7\u00e3o da congrega\u00e7\u00e3o religiosa a qual perten\u00e7am.<\/em><br><br><em>\u00a7 2\u00b0 - Caber\u00e1 \u00e0 institui\u00e7\u00e3o de ensino distribuir o aluno para reposi\u00e7\u00e3o da carga hor\u00e1ria.\u00a0<\/em><\/pre>\n\n\n\n<p>O Governador do Estado do Par\u00e1 peticionou na ADI, alegando que a norma impugnada encontra amparo na Lei de Diretrizes e Bases da Educa\u00e7\u00e3o Nacional que, alterada pela Lei 13.796, de 3 de janeiro de 2019, passou a prever que,<\/p>\n\n\n\n<pre class=\"wp-block-preformatted\"><em>Ao aluno regularmente matriculado em institui\u00e7\u00e3o de ensino p\u00fablica ou privada, de qualquer n\u00edvel, \u00e9 assegurado, no exerc\u00edcio da liberdade de consci\u00eancia e de cren\u00e7a, o direito de, mediante pr\u00e9vio e motivado requerimento, ausentar-se de prova ou de aula marcada para dia em que, segundo os preceitos de sua religi\u00e3o, seja vedado o exerc\u00edcio de tais atividades, devendo-se-lhe atribuir, a crit\u00e9rio da institui\u00e7\u00e3o.<\/em><em><\/em><\/pre>\n\n\n\n<h3 class=\"wp-block-heading\" id=\"h-liberdade-religiosa\"><span id=\"liberdade-religiosa\">Liberdade religiosa<\/span><\/h3>\n\n\n\n<p>A Constitui\u00e7\u00e3o Federal garante a liberdade religiosa como um direito fundamental, que todos devem respeitar (artigo 5\u00ba, VI).<\/p>\n\n\n\n<pre class=\"wp-block-preformatted\"><em>CF\/88<\/em><br><br><em>Art. 5\u00ba Todos s\u00e3o iguais perante a lei, sem distin\u00e7\u00e3o de qualquer natureza, garantindo-se aos brasileiros e aos estrangeiros residentes no Pa\u00eds a inviolabilidade do direito \u00e0 vida, \u00e0 liberdade, \u00e0 igualdade, \u00e0 seguran\u00e7a e \u00e0 propriedade, nos termos seguintes:<\/em><br><br><em>...<\/em><br><br><em>VI - \u00e9 inviol\u00e1vel a liberdade de consci\u00eancia e de cren\u00e7a, sendo assegurado o livre exerc\u00edcio dos cultos religiosos e garantida, na forma da lei, a prote\u00e7\u00e3o aos locais de culto e a suas liturgias;<\/em><\/pre>\n\n\n\n<p>Ou seja, a Carta Magna indica a Rep\u00fablica Federativa do Brasil como um pa\u00eds laico, em que existe uma separa\u00e7\u00e3o entre Estado e Religi\u00e3o, permitindo uma ampla liberdade religiosa.<\/p>\n\n\n\n<h3 class=\"wp-block-heading\" id=\"h-laicidade\"><span id=\"laicidade\">Laicidade<\/span><\/h3>\n\n\n\n<p>A laicidade ganha for\u00e7a a partir do Iluminismo, que refor\u00e7ou a necessidade da separa\u00e7\u00e3o entre o Poder P\u00fablico e a Igreja. Essa mistura entre f\u00e9 e estado foi muito comum no absolutismo, e n\u00e3o trouxe bons frutos para a humanidade.<\/p>\n\n\n\n<p>Benef\u00edcios trazidos pela laicidade:<\/p>\n\n\n\n<ul class=\"wp-block-list\">\n<li><strong>Assegura liberdade religiosa;<\/strong><\/li>\n\n\n\n<li><strong>Assegura tratamento igualit\u00e1rio entre as pessoas;<\/strong><\/li>\n\n\n\n<li><strong>Assegura autonomia individual;<\/strong><\/li>\n\n\n\n<li><strong>Assegura a pluralidade de pensamento e cren\u00e7a.<\/strong><\/li>\n<\/ul>\n\n\n\n<figure class=\"wp-block-pullquote\"><blockquote><p><\/p><cite><mark style=\"background-color:rgba(0, 0, 0, 0)\" class=\"has-inline-color has-black-color\"><em><em>Mas a laicidade n\u00e3o significa que o Estado n\u00e3o possa dialogar ou firmar parcerias com a igreja. O que \u00e9 vedado pela Constitui\u00e7\u00e3o \u00e9 a ado\u00e7\u00e3o de uma religi\u00e3o oficial, o favorecimento a uma igreja espec\u00edfica, a depend\u00eancia e a vincula\u00e7\u00e3o a uma religi\u00e3o<\/em><\/em>.<\/mark><\/cite><\/blockquote><\/figure>\n\n\n\n<p>Importante n\u00e3o confundir laicidade com laicismo!<\/p>\n\n\n\n<figure class=\"wp-block-table\"><table class=\"has-fixed-layout\"><tbody><tr><td><strong><mark style=\"background-color:rgba(0, 0, 0, 0)\" class=\"has-inline-color has-vivid-red-color\">LAICIDADE<\/mark><\/strong><\/td><td><strong><mark style=\"background-color:rgba(0, 0, 0, 0)\" class=\"has-inline-color has-vivid-red-color\">LAICISMO<\/mark><\/strong><\/td><\/tr><tr><td>N\u00e3o h\u00e1 uma rela\u00e7\u00e3o de depend\u00eancia ou favorecimento entre o Estado e uma religi\u00e3o espec\u00edfica, mas h\u00e1 garantia \u00e0 liberdade religiosa, e h\u00e1 possibilidade de fomenta \u00e0s diversas religi\u00f5es.<\/td><td>Pensamento ideol\u00f3gico em que a religi\u00e3o \u00e9 vista de forma negativa, pejorativa, devendo ser totalmente desconsiderada pelo Estado. \u00c9 marcado pela intoler\u00e2ncia religiosa e por medidas autorit\u00e1rias.<\/td><\/tr><\/tbody><\/table><\/figure>\n\n\n\n<p>De acordo com o relator da ADI 3.901, ministro Edson Fachin, a liberdade religiosa apresenta uma dupla dimens\u00e3o, tanto subjetiva quanto objetiva.<\/p>\n\n\n\n<ul class=\"wp-block-list\">\n<li><strong>Na esfera subjetiva<\/strong>, conecta-se ao desenvolvimento e \u00e0 constru\u00e7\u00e3o da personalidade.<\/li>\n\n\n\n<li><strong>Na dimens\u00e3o objetiva<\/strong>, por sua vez, d\u00e1 base \u00e0 neutralidade do Estado na perspectiva de sua n\u00e3o confessionalidade e do pluralismo democr\u00e1tico que o caracteriza.<\/li>\n<\/ul>\n\n\n\n<p>Quanto \u00e0 alega\u00e7\u00e3o de que a norma violaria a compet\u00eancia do Chefe do Executivo para tratar sobre provimento de cargos, Fachin asseverou que n\u00e3o se pode admitir uma interpreta\u00e7\u00e3o extensiva que abarque a mat\u00e9ria relativa ao per\u00edodo de realiza\u00e7\u00e3o de concurso p\u00fablico, que \u00e9 etapa anterior ao efetivo provimento.<\/p>\n\n\n\n<p>Portanto, a norma impugnada n\u00e3o cuida de requisitos da carreira, mas de acesso e abertura dos cargos p\u00fablicos, concretiza\u00e7\u00e3o evidente n\u00e3o apenas do direito \u00e0 igualdade, mas tamb\u00e9m do direito \u00e0 participa\u00e7\u00e3o p\u00fablica por meio do acesso aos cargos p\u00fablicos.<\/p>\n\n\n\n<h3 class=\"wp-block-heading\" id=\"h-competencia\"><span id=\"competencia\">Compet\u00eancia<\/span><\/h3>\n\n\n\n<div class=\"wp-block-media-text is-stacked-on-mobile\" style=\"grid-template-columns:25% auto\"><figure class=\"wp-block-media-text__media\"><img decoding=\"async\" width=\"512\" height=\"512\" src=\"https:\/\/cj.estrategia.com\/portal\/wp-content\/uploads\/2025\/04\/24131250\/resumo-estudo-anotacao-observacao-atencao-papel-decisao-lei.png\" alt=\"provas\" class=\"wp-image-114467 size-full\" srcset=\"https:\/\/cj.estrategia.com\/portal\/wp-content\/uploads\/2025\/04\/24131250\/resumo-estudo-anotacao-observacao-atencao-papel-decisao-lei.png 512w, https:\/\/cj.estrategia.com\/portal\/wp-content\/uploads\/2025\/04\/24131250\/resumo-estudo-anotacao-observacao-atencao-papel-decisao-lei-300x300.png 300w, https:\/\/cj.estrategia.com\/portal\/wp-content\/uploads\/2025\/04\/24131250\/resumo-estudo-anotacao-observacao-atencao-papel-decisao-lei-150x150.png 150w, https:\/\/cj.estrategia.com\/portal\/wp-content\/uploads\/2025\/04\/24131250\/resumo-estudo-anotacao-observacao-atencao-papel-decisao-lei-80x80.png 80w, https:\/\/cj.estrategia.com\/portal\/wp-content\/uploads\/2025\/04\/24131250\/resumo-estudo-anotacao-observacao-atencao-papel-decisao-lei-380x380.png 380w, https:\/\/cj.estrategia.com\/portal\/wp-content\/uploads\/2025\/04\/24131250\/resumo-estudo-anotacao-observacao-atencao-papel-decisao-lei-24x24.png 24w, https:\/\/cj.estrategia.com\/portal\/wp-content\/uploads\/2025\/04\/24131250\/resumo-estudo-anotacao-observacao-atencao-papel-decisao-lei-48x48.png 48w, https:\/\/cj.estrategia.com\/portal\/wp-content\/uploads\/2025\/04\/24131250\/resumo-estudo-anotacao-observacao-atencao-papel-decisao-lei-96x96.png 96w\" sizes=\"(max-width: 512px) 100vw, 512px\" \/><\/figure><div class=\"wp-block-media-text__content\">\n<p>Utilizou-se o mesmo entendimento para afastar a alega\u00e7\u00e3o de ofensa ao art. 84, VI, a, da CF\/88 (usurpa\u00e7\u00e3o da compet\u00eancia privativa do Governador do Estado para dispor, mediante decreto, sobre organiza\u00e7\u00e3o e funcionamento da administra\u00e7\u00e3o estadual).<\/p>\n<\/div><\/div>\n\n\n\n<p>A norma impugnada trata de mat\u00e9rias que regem situa\u00e7\u00e3o espec\u00edfica e pontual de determinada institui\u00e7\u00e3o de ensino, n\u00e3o interferindo diretamente na organiza\u00e7\u00e3o, funcionamento e atribui\u00e7\u00f5es da Administra\u00e7\u00e3o Estadual e seus \u00f3rg\u00e3os, n\u00e3o restando evidente, portanto, tratar-se de norma a ser confiada \u00e0 especial aten\u00e7\u00e3o do Chefe do Poder Executivo.<\/p>\n\n\n\n<p>Quanto \u00e0 alega\u00e7\u00e3o de ofensa ao art. 22, XXIV, da CF\/88 (compet\u00eancia privativa da Uni\u00e3o para legislar sobre diretrizes e bases da educa\u00e7\u00e3o nacional), o relator destacou o car\u00e1ter espec\u00edfico da norma, que, em momento algum, buscou regulamentar e detalhar, de forma expressa, quest\u00f5es como a reposi\u00e7\u00e3o de aulas.<\/p>\n\n\n\n<h3 class=\"wp-block-heading\" id=\"h-autonomia-universitaria\"><span id=\"autonomia-universitaria\">Autonomia universit\u00e1ria<\/span><\/h3>\n\n\n\n<p>Tamb\u00e9m foi afastada a alega\u00e7\u00e3o de ofensa \u00e0 autonomia universit\u00e1ria, j\u00e1 que a autonomia did\u00e1tico-cient\u00edfica, administrativa e de gest\u00e3o financeira de que gozam as universidades n\u00e3o \u00e9 irrestrita, na medida em que tal autonomia realiza-se com a observ\u00e2ncia da Constitui\u00e7\u00e3o Federal e da legisla\u00e7\u00e3o infraconstitucional.<\/p>\n\n\n\n<p class=\"has-background\" style=\"background-color:#dddddd\"><strong>A determina\u00e7\u00e3o do per\u00edodo de realiza\u00e7\u00e3o dos exames de vestibulares pela norma paraense impugnada n\u00e3o ofende a autonomia administrativa que gozam as universidades, na medida em que tais entidades de ensino devem se submeter \u00e0s normas vigentes.<\/strong><strong><\/strong><\/p>\n\n\n\n<h2 class=\"wp-block-heading\" id=\"h-conclusao\"><span id=\"conclusao\">Conclus\u00e3o<\/span><\/h2>\n\n\n\n<p>O direito garantido no art. 5\u00ba, VI, da CF (liberdade religiosa e de cren\u00e7a) \u00e9 integrado pelo disposto no art. 12 do Pacto de S\u00e3o Jos\u00e9 da Costa Rica, segundo o qual o direito \u00e0 liberdade de consci\u00eancia e de religi\u00e3o \u201c<em>implica a liberdade de conservar sua religi\u00e3o ou cren\u00e7as, ou de mudar de religi\u00e3o ou de cren\u00e7as, bem como a liberdade de professar e divulgar sua religi\u00e3o ou suas cren\u00e7as, individual ou coletivamente, tanto em p\u00fablico como em privado<\/em>\u201d.<\/p>\n\n\n\n<p>Por fim, considerando que o pluralismo democr\u00e1tico n\u00e3o prescinde de convic\u00e7\u00f5es religiosas particulares, o Supremo, por maioria apertada (6 x 5) julgou constitucional a norma estadual, validando o hor\u00e1rio especial da guarda sab\u00e1tica para provas de concursos e vestibulares.<\/p>\n\n\n\n<p>\u00d3timo tema para provas de <strong><a href=\"https:\/\/www.estrategiaconcursos.com.br\/assinaturas-ecj\/\" target=\"_blank\" >direito constitucional<\/a><\/strong>.<\/p>\n\n\n\n<hr class=\"wp-block-separator has-alpha-channel-opacity\"\/>\n\n\n\n<h2 class=\"wp-block-heading has-text-align-center\" id=\"h-quer-saber-quais-serao-os-proximos-concursos\"><span id=\"quer-saber-quais-serao-os-proximos-concursos\">Quer saber quais ser\u00e3o os pr\u00f3ximos concursos?<\/span><\/h2>\n\n\n\n<pre class=\"wp-block-verse has-text-align-center\">Confira nossos\u00a0<a href=\"https:\/\/cj.estrategia.com\/portal\/\" target=\"_blank\" >artigos para Carreiras Jur\u00eddicas<\/a>!<\/pre>\n\n\n\n<p class=\"has-text-align-center has-white-color has-pale-cyan-blue-background-color has-text-color has-background has-link-color wp-elements-723b3278bf14a50a5e7b7e937b9a17d4\"><a href=\"https:\/\/cj.estrategia.com\/portal\/concursos-abertos-carreiras-juridicas\/\">Concursos jur\u00eddicos abertos<\/a><\/p>\n\n\n\n<p class=\"has-text-align-center has-white-color has-pale-cyan-blue-background-color has-text-color has-background has-link-color wp-elements-41349f36dc977263ca2129bf0f6dd541\"><a href=\"https:\/\/cj.estrategia.com\/portal\/concursos-2025-carreiras-juridicas\/\" target=\"_blank\" >Concursos jur\u00eddicos 2025<\/a><\/p>\n","protected":false},"excerpt":{"rendered":"* Thiago de Paula Leite \u00e9 procurador do Estado de S\u00e3o Paulo e professor de direito ambiental e&hellip;\n","protected":false},"author":81,"featured_media":154229,"comment_status":"open","ping_status":"open","sticky":false,"template":"","format":"standard","meta":{"_jetpack_memberships_contains_paid_content":false,"footnotes":""},"categories":[1],"tags":[3416,3417,456,730,3415,1967,647,1396,134],"tax_estado":[44],"class_list":{"0":"post-154226","1":"post","2":"type-post","3":"status-publish","4":"format-standard","5":"has-post-thumbnail","7":"category-carreiras-juridicas","8":"tag-adi-3901","9":"tag-autonomia-universitaria","10":"tag-concurso-publico","11":"tag-direito-constitucional","12":"tag-guarda-sabatica","13":"tag-laicismo","14":"tag-liberdade-religiosa","15":"tag-principio-da-laicidade-estatal","16":"tag-stf","17":"tax_estado-pa"},"acf":[],"yoast_head":"<!-- This site is optimized with the Yoast SEO Premium plugin v27.5 (Yoast SEO v27.5) - https:\/\/yoast.com\/product\/yoast-seo-premium-wordpress\/ -->\n<title>Guarda sab\u00e1tica e hor\u00e1rio especial para provas de concurso<\/title>\n<meta name=\"description\" content=\"Em 2007, chegou ao STF a ADI 3901, que questiona hor\u00e1rios permitidos para a realiza\u00e7\u00e3o de provas, incluindo a guarda sab\u00e1tica.\" \/>\n<meta name=\"robots\" content=\"index, follow, max-snippet:-1, max-image-preview:large, max-video-preview:-1\" \/>\n<link rel=\"canonical\" href=\"https:\/\/cj.estrategia.com\/portal\/guarda-sabatica-horario-especial-provas-concurso\/\" \/>\n<meta property=\"og:locale\" content=\"pt_BR\" \/>\n<meta property=\"og:type\" content=\"article\" \/>\n<meta property=\"og:title\" content=\"Guarda sab\u00e1tica e hor\u00e1rio especial para provas de concurso\" \/>\n<meta property=\"og:description\" content=\"Em 2007, chegou ao STF a ADI 3901, que questiona hor\u00e1rios permitidos para a realiza\u00e7\u00e3o de provas, incluindo a guarda sab\u00e1tica.\" \/>\n<meta property=\"og:url\" content=\"https:\/\/cj.estrategia.com\/portal\/guarda-sabatica-horario-especial-provas-concurso\/\" \/>\n<meta property=\"og:site_name\" content=\"Blog - Carreiras Jur\u00eddicas - Estrat\u00e9gia\" \/>\n<meta property=\"article:publisher\" content=\"https:\/\/www.facebook.com\/estrategiacarreirajuridica\/\" \/>\n<meta property=\"article:published_time\" content=\"2025-09-27T00:58:59+00:00\" \/>\n<meta property=\"article:modified_time\" content=\"2025-10-20T12:11:20+00:00\" \/>\n<meta property=\"og:image\" content=\"https:\/\/cj.estrategia.com\/portal\/wp-content\/uploads\/2025\/09\/26210110\/concurso-prova-estudo-horario.png\" \/>\n\t<meta property=\"og:image:width\" content=\"900\" \/>\n\t<meta property=\"og:image:height\" content=\"600\" \/>\n\t<meta property=\"og:image:type\" content=\"image\/png\" \/>\n<meta name=\"author\" content=\"Thiago Leite\" \/>\n<meta name=\"twitter:card\" content=\"summary_large_image\" \/>\n<meta name=\"twitter:creator\" content=\"@EstratJuridica\" \/>\n<meta name=\"twitter:site\" content=\"@EstratJuridica\" \/>\n<meta name=\"twitter:label1\" content=\"Escrito por\" \/>\n\t<meta name=\"twitter:data1\" content=\"Thiago Leite\" \/>\n\t<meta name=\"twitter:label2\" content=\"Est. tempo de leitura\" \/>\n\t<meta name=\"twitter:data2\" content=\"6 minutos\" \/>\n<script type=\"application\/ld+json\" class=\"yoast-schema-graph\">{\"@context\":\"https:\\\/\\\/schema.org\",\"@graph\":[{\"@type\":\"NewsArticle\",\"@id\":\"https:\\\/\\\/cj.estrategia.com\\\/portal\\\/guarda-sabatica-horario-especial-provas-concurso\\\/#article\",\"isPartOf\":{\"@id\":\"https:\\\/\\\/cj.estrategia.com\\\/portal\\\/guarda-sabatica-horario-especial-provas-concurso\\\/\"},\"author\":{\"name\":\"Thiago Leite\",\"@id\":\"https:\\\/\\\/cj.estrategia.com\\\/portal\\\/#\\\/schema\\\/person\\\/7d7d2b1c8386e2eeacc0b09cfbc1d0ff\"},\"headline\":\"Guarda sab\u00e1tica e hor\u00e1rio especial para provas de concurso\",\"datePublished\":\"2025-09-27T00:58:59+00:00\",\"dateModified\":\"2025-10-20T12:11:20+00:00\",\"mainEntityOfPage\":{\"@id\":\"https:\\\/\\\/cj.estrategia.com\\\/portal\\\/guarda-sabatica-horario-especial-provas-concurso\\\/\"},\"wordCount\":1142,\"commentCount\":0,\"publisher\":{\"@id\":\"https:\\\/\\\/cj.estrategia.com\\\/portal\\\/#organization\"},\"image\":{\"@id\":\"https:\\\/\\\/cj.estrategia.com\\\/portal\\\/guarda-sabatica-horario-especial-provas-concurso\\\/#primaryimage\"},\"thumbnailUrl\":\"https:\\\/\\\/cj.estrategia.com\\\/portal\\\/wp-content\\\/uploads\\\/2025\\\/09\\\/26210110\\\/concurso-prova-estudo-horario.png\",\"keywords\":[\"ADI 3901\",\"autonomia universit\u00e1ria\",\"concurso p\u00fablico\",\"Direito Constitucional\",\"guarda sab\u00e1tica\",\"laicismo\",\"liberdade religiosa\",\"princ\u00edpio da laicidade estatal\",\"STF\"],\"articleSection\":[\"Carreiras Jur\u00eddicas\"],\"inLanguage\":\"pt-BR\",\"potentialAction\":[{\"@type\":\"CommentAction\",\"name\":\"Comment\",\"target\":[\"https:\\\/\\\/cj.estrategia.com\\\/portal\\\/guarda-sabatica-horario-especial-provas-concurso\\\/#respond\"]}]},{\"@type\":\"WebPage\",\"@id\":\"https:\\\/\\\/cj.estrategia.com\\\/portal\\\/guarda-sabatica-horario-especial-provas-concurso\\\/\",\"url\":\"https:\\\/\\\/cj.estrategia.com\\\/portal\\\/guarda-sabatica-horario-especial-provas-concurso\\\/\",\"name\":\"Guarda sab\u00e1tica e hor\u00e1rio especial para provas de concurso\",\"isPartOf\":{\"@id\":\"https:\\\/\\\/cj.estrategia.com\\\/portal\\\/#website\"},\"primaryImageOfPage\":{\"@id\":\"https:\\\/\\\/cj.estrategia.com\\\/portal\\\/guarda-sabatica-horario-especial-provas-concurso\\\/#primaryimage\"},\"image\":{\"@id\":\"https:\\\/\\\/cj.estrategia.com\\\/portal\\\/guarda-sabatica-horario-especial-provas-concurso\\\/#primaryimage\"},\"thumbnailUrl\":\"https:\\\/\\\/cj.estrategia.com\\\/portal\\\/wp-content\\\/uploads\\\/2025\\\/09\\\/26210110\\\/concurso-prova-estudo-horario.png\",\"datePublished\":\"2025-09-27T00:58:59+00:00\",\"dateModified\":\"2025-10-20T12:11:20+00:00\",\"description\":\"Em 2007, chegou ao STF a ADI 3901, que questiona hor\u00e1rios permitidos para a realiza\u00e7\u00e3o de provas, incluindo a guarda sab\u00e1tica.\",\"breadcrumb\":{\"@id\":\"https:\\\/\\\/cj.estrategia.com\\\/portal\\\/guarda-sabatica-horario-especial-provas-concurso\\\/#breadcrumb\"},\"inLanguage\":\"pt-BR\",\"potentialAction\":[{\"@type\":\"ReadAction\",\"target\":[\"https:\\\/\\\/cj.estrategia.com\\\/portal\\\/guarda-sabatica-horario-especial-provas-concurso\\\/\"]}]},{\"@type\":\"ImageObject\",\"inLanguage\":\"pt-BR\",\"@id\":\"https:\\\/\\\/cj.estrategia.com\\\/portal\\\/guarda-sabatica-horario-especial-provas-concurso\\\/#primaryimage\",\"url\":\"https:\\\/\\\/cj.estrategia.com\\\/portal\\\/wp-content\\\/uploads\\\/2025\\\/09\\\/26210110\\\/concurso-prova-estudo-horario.png\",\"contentUrl\":\"https:\\\/\\\/cj.estrategia.com\\\/portal\\\/wp-content\\\/uploads\\\/2025\\\/09\\\/26210110\\\/concurso-prova-estudo-horario.png\",\"width\":900,\"height\":600},{\"@type\":\"BreadcrumbList\",\"@id\":\"https:\\\/\\\/cj.estrategia.com\\\/portal\\\/guarda-sabatica-horario-especial-provas-concurso\\\/#breadcrumb\",\"itemListElement\":[{\"@type\":\"ListItem\",\"position\":1,\"name\":\"In\u00edcio\",\"item\":\"https:\\\/\\\/cj.estrategia.com\\\/portal\\\/\"},{\"@type\":\"ListItem\",\"position\":2,\"name\":\"Guarda sab\u00e1tica e hor\u00e1rio especial para provas de concurso\"}]},{\"@type\":\"WebSite\",\"@id\":\"https:\\\/\\\/cj.estrategia.com\\\/portal\\\/#website\",\"url\":\"https:\\\/\\\/cj.estrategia.com\\\/portal\\\/\",\"name\":\"Blog - Carreiras Jur\u00eddicas - Estrat\u00e9gia\",\"description\":\"\",\"publisher\":{\"@id\":\"https:\\\/\\\/cj.estrategia.com\\\/portal\\\/#organization\"},\"potentialAction\":[{\"@type\":\"SearchAction\",\"target\":{\"@type\":\"EntryPoint\",\"urlTemplate\":\"https:\\\/\\\/cj.estrategia.com\\\/portal\\\/?s={search_term_string}\"},\"query-input\":{\"@type\":\"PropertyValueSpecification\",\"valueRequired\":true,\"valueName\":\"search_term_string\"}}],\"inLanguage\":\"pt-BR\"},{\"@type\":\"Organization\",\"@id\":\"https:\\\/\\\/cj.estrategia.com\\\/portal\\\/#organization\",\"name\":\"Estrat\u00e9gia - Carreiras Jur\u00eddicas\",\"url\":\"https:\\\/\\\/cj.estrategia.com\\\/portal\\\/\",\"logo\":{\"@type\":\"ImageObject\",\"inLanguage\":\"pt-BR\",\"@id\":\"https:\\\/\\\/cj.estrategia.com\\\/portal\\\/#\\\/schema\\\/logo\\\/image\\\/\",\"url\":\"https:\\\/\\\/cj.estrategia.com\\\/portal\\\/wp-content\\\/uploads\\\/2022\\\/03\\\/11151052\\\/cj-logo.png\",\"contentUrl\":\"https:\\\/\\\/cj.estrategia.com\\\/portal\\\/wp-content\\\/uploads\\\/2022\\\/03\\\/11151052\\\/cj-logo.png\",\"width\":150,\"height\":39,\"caption\":\"Estrat\u00e9gia - Carreiras Jur\u00eddicas\"},\"image\":{\"@id\":\"https:\\\/\\\/cj.estrategia.com\\\/portal\\\/#\\\/schema\\\/logo\\\/image\\\/\"},\"sameAs\":[\"https:\\\/\\\/www.facebook.com\\\/estrategiacarreirajuridica\\\/\",\"https:\\\/\\\/x.com\\\/EstratJuridica\",\"https:\\\/\\\/www.instagram.com\\\/estrategiacarreirajuridica\\\/\",\"https:\\\/\\\/www.youtube.com\\\/channel\\\/UClbMGuYbj2Mh1m3w144ETWQ\"]},{\"@type\":\"Person\",\"@id\":\"https:\\\/\\\/cj.estrategia.com\\\/portal\\\/#\\\/schema\\\/person\\\/7d7d2b1c8386e2eeacc0b09cfbc1d0ff\",\"name\":\"Thiago Leite\",\"image\":{\"@type\":\"ImageObject\",\"inLanguage\":\"pt-BR\",\"@id\":\"https:\\\/\\\/secure.gravatar.com\\\/avatar\\\/15ff5746ff9e313f1248fe2373ce03309054e96387bb9249055458d0c1aaa297?s=96&d=mm&r=g\",\"url\":\"https:\\\/\\\/secure.gravatar.com\\\/avatar\\\/15ff5746ff9e313f1248fe2373ce03309054e96387bb9249055458d0c1aaa297?s=96&d=mm&r=g\",\"contentUrl\":\"https:\\\/\\\/secure.gravatar.com\\\/avatar\\\/15ff5746ff9e313f1248fe2373ce03309054e96387bb9249055458d0c1aaa297?s=96&d=mm&r=g\",\"caption\":\"Thiago Leite\"},\"description\":\"Thiago de Paula Leite \u00e9 procurador do Estado de S\u00e3o Paulo e professor de direito ambiental e agr\u00e1rio do Estrat\u00e9gia.\",\"url\":\"https:\\\/\\\/cj.estrategia.com\\\/portal\\\/author\\\/thiago-leite\\\/\"}]}<\/script>\n<!-- \/ Yoast SEO Premium plugin. -->","yoast_head_json":{"title":"Guarda sab\u00e1tica e hor\u00e1rio especial para provas de concurso","description":"Em 2007, chegou ao STF a ADI 3901, que questiona hor\u00e1rios permitidos para a realiza\u00e7\u00e3o de provas, incluindo a guarda sab\u00e1tica.","robots":{"index":"index","follow":"follow","max-snippet":"max-snippet:-1","max-image-preview":"max-image-preview:large","max-video-preview":"max-video-preview:-1"},"canonical":"https:\/\/cj.estrategia.com\/portal\/guarda-sabatica-horario-especial-provas-concurso\/","og_locale":"pt_BR","og_type":"article","og_title":"Guarda sab\u00e1tica e hor\u00e1rio especial para provas de concurso","og_description":"Em 2007, chegou ao STF a ADI 3901, que questiona hor\u00e1rios permitidos para a realiza\u00e7\u00e3o de provas, incluindo a guarda sab\u00e1tica.","og_url":"https:\/\/cj.estrategia.com\/portal\/guarda-sabatica-horario-especial-provas-concurso\/","og_site_name":"Blog - Carreiras Jur\u00eddicas - Estrat\u00e9gia","article_publisher":"https:\/\/www.facebook.com\/estrategiacarreirajuridica\/","article_published_time":"2025-09-27T00:58:59+00:00","article_modified_time":"2025-10-20T12:11:20+00:00","og_image":[{"width":900,"height":600,"url":"https:\/\/cj.estrategia.com\/portal\/wp-content\/uploads\/2025\/09\/26210110\/concurso-prova-estudo-horario.png","type":"image\/png"}],"author":"Thiago Leite","twitter_card":"summary_large_image","twitter_creator":"@EstratJuridica","twitter_site":"@EstratJuridica","twitter_misc":{"Escrito por":"Thiago Leite","Est. tempo de leitura":"6 minutos"},"schema":{"@context":"https:\/\/schema.org","@graph":[{"@type":"NewsArticle","@id":"https:\/\/cj.estrategia.com\/portal\/guarda-sabatica-horario-especial-provas-concurso\/#article","isPartOf":{"@id":"https:\/\/cj.estrategia.com\/portal\/guarda-sabatica-horario-especial-provas-concurso\/"},"author":{"name":"Thiago Leite","@id":"https:\/\/cj.estrategia.com\/portal\/#\/schema\/person\/7d7d2b1c8386e2eeacc0b09cfbc1d0ff"},"headline":"Guarda sab\u00e1tica e hor\u00e1rio especial para provas de concurso","datePublished":"2025-09-27T00:58:59+00:00","dateModified":"2025-10-20T12:11:20+00:00","mainEntityOfPage":{"@id":"https:\/\/cj.estrategia.com\/portal\/guarda-sabatica-horario-especial-provas-concurso\/"},"wordCount":1142,"commentCount":0,"publisher":{"@id":"https:\/\/cj.estrategia.com\/portal\/#organization"},"image":{"@id":"https:\/\/cj.estrategia.com\/portal\/guarda-sabatica-horario-especial-provas-concurso\/#primaryimage"},"thumbnailUrl":"https:\/\/cj.estrategia.com\/portal\/wp-content\/uploads\/2025\/09\/26210110\/concurso-prova-estudo-horario.png","keywords":["ADI 3901","autonomia universit\u00e1ria","concurso p\u00fablico","Direito Constitucional","guarda sab\u00e1tica","laicismo","liberdade religiosa","princ\u00edpio da laicidade estatal","STF"],"articleSection":["Carreiras Jur\u00eddicas"],"inLanguage":"pt-BR","potentialAction":[{"@type":"CommentAction","name":"Comment","target":["https:\/\/cj.estrategia.com\/portal\/guarda-sabatica-horario-especial-provas-concurso\/#respond"]}]},{"@type":"WebPage","@id":"https:\/\/cj.estrategia.com\/portal\/guarda-sabatica-horario-especial-provas-concurso\/","url":"https:\/\/cj.estrategia.com\/portal\/guarda-sabatica-horario-especial-provas-concurso\/","name":"Guarda sab\u00e1tica e hor\u00e1rio especial para provas de concurso","isPartOf":{"@id":"https:\/\/cj.estrategia.com\/portal\/#website"},"primaryImageOfPage":{"@id":"https:\/\/cj.estrategia.com\/portal\/guarda-sabatica-horario-especial-provas-concurso\/#primaryimage"},"image":{"@id":"https:\/\/cj.estrategia.com\/portal\/guarda-sabatica-horario-especial-provas-concurso\/#primaryimage"},"thumbnailUrl":"https:\/\/cj.estrategia.com\/portal\/wp-content\/uploads\/2025\/09\/26210110\/concurso-prova-estudo-horario.png","datePublished":"2025-09-27T00:58:59+00:00","dateModified":"2025-10-20T12:11:20+00:00","description":"Em 2007, chegou ao STF a ADI 3901, que questiona hor\u00e1rios permitidos para a realiza\u00e7\u00e3o de provas, incluindo a guarda sab\u00e1tica.","breadcrumb":{"@id":"https:\/\/cj.estrategia.com\/portal\/guarda-sabatica-horario-especial-provas-concurso\/#breadcrumb"},"inLanguage":"pt-BR","potentialAction":[{"@type":"ReadAction","target":["https:\/\/cj.estrategia.com\/portal\/guarda-sabatica-horario-especial-provas-concurso\/"]}]},{"@type":"ImageObject","inLanguage":"pt-BR","@id":"https:\/\/cj.estrategia.com\/portal\/guarda-sabatica-horario-especial-provas-concurso\/#primaryimage","url":"https:\/\/cj.estrategia.com\/portal\/wp-content\/uploads\/2025\/09\/26210110\/concurso-prova-estudo-horario.png","contentUrl":"https:\/\/cj.estrategia.com\/portal\/wp-content\/uploads\/2025\/09\/26210110\/concurso-prova-estudo-horario.png","width":900,"height":600},{"@type":"BreadcrumbList","@id":"https:\/\/cj.estrategia.com\/portal\/guarda-sabatica-horario-especial-provas-concurso\/#breadcrumb","itemListElement":[{"@type":"ListItem","position":1,"name":"In\u00edcio","item":"https:\/\/cj.estrategia.com\/portal\/"},{"@type":"ListItem","position":2,"name":"Guarda sab\u00e1tica e hor\u00e1rio especial para provas de concurso"}]},{"@type":"WebSite","@id":"https:\/\/cj.estrategia.com\/portal\/#website","url":"https:\/\/cj.estrategia.com\/portal\/","name":"Blog - Carreiras Jur\u00eddicas - Estrat\u00e9gia","description":"","publisher":{"@id":"https:\/\/cj.estrategia.com\/portal\/#organization"},"potentialAction":[{"@type":"SearchAction","target":{"@type":"EntryPoint","urlTemplate":"https:\/\/cj.estrategia.com\/portal\/?s={search_term_string}"},"query-input":{"@type":"PropertyValueSpecification","valueRequired":true,"valueName":"search_term_string"}}],"inLanguage":"pt-BR"},{"@type":"Organization","@id":"https:\/\/cj.estrategia.com\/portal\/#organization","name":"Estrat\u00e9gia - Carreiras Jur\u00eddicas","url":"https:\/\/cj.estrategia.com\/portal\/","logo":{"@type":"ImageObject","inLanguage":"pt-BR","@id":"https:\/\/cj.estrategia.com\/portal\/#\/schema\/logo\/image\/","url":"https:\/\/cj.estrategia.com\/portal\/wp-content\/uploads\/2022\/03\/11151052\/cj-logo.png","contentUrl":"https:\/\/cj.estrategia.com\/portal\/wp-content\/uploads\/2022\/03\/11151052\/cj-logo.png","width":150,"height":39,"caption":"Estrat\u00e9gia - Carreiras Jur\u00eddicas"},"image":{"@id":"https:\/\/cj.estrategia.com\/portal\/#\/schema\/logo\/image\/"},"sameAs":["https:\/\/www.facebook.com\/estrategiacarreirajuridica\/","https:\/\/x.com\/EstratJuridica","https:\/\/www.instagram.com\/estrategiacarreirajuridica\/","https:\/\/www.youtube.com\/channel\/UClbMGuYbj2Mh1m3w144ETWQ"]},{"@type":"Person","@id":"https:\/\/cj.estrategia.com\/portal\/#\/schema\/person\/7d7d2b1c8386e2eeacc0b09cfbc1d0ff","name":"Thiago Leite","image":{"@type":"ImageObject","inLanguage":"pt-BR","@id":"https:\/\/secure.gravatar.com\/avatar\/15ff5746ff9e313f1248fe2373ce03309054e96387bb9249055458d0c1aaa297?s=96&d=mm&r=g","url":"https:\/\/secure.gravatar.com\/avatar\/15ff5746ff9e313f1248fe2373ce03309054e96387bb9249055458d0c1aaa297?s=96&d=mm&r=g","contentUrl":"https:\/\/secure.gravatar.com\/avatar\/15ff5746ff9e313f1248fe2373ce03309054e96387bb9249055458d0c1aaa297?s=96&d=mm&r=g","caption":"Thiago Leite"},"description":"Thiago de Paula Leite \u00e9 procurador do Estado de S\u00e3o Paulo e professor de direito ambiental e agr\u00e1rio do Estrat\u00e9gia.","url":"https:\/\/cj.estrategia.com\/portal\/author\/thiago-leite\/"}]}},"jetpack_featured_media_url":"https:\/\/cj.estrategia.com\/portal\/wp-content\/uploads\/2025\/09\/26210110\/concurso-prova-estudo-horario.png","jetpack_sharing_enabled":true,"_links":{"self":[{"href":"https:\/\/cj.estrategia.com\/portal\/wp-json\/wp\/v2\/posts\/154226","targetHints":{"allow":["GET"]}}],"collection":[{"href":"https:\/\/cj.estrategia.com\/portal\/wp-json\/wp\/v2\/posts"}],"about":[{"href":"https:\/\/cj.estrategia.com\/portal\/wp-json\/wp\/v2\/types\/post"}],"author":[{"embeddable":true,"href":"https:\/\/cj.estrategia.com\/portal\/wp-json\/wp\/v2\/users\/81"}],"replies":[{"embeddable":true,"href":"https:\/\/cj.estrategia.com\/portal\/wp-json\/wp\/v2\/comments?post=154226"}],"version-history":[{"count":0,"href":"https:\/\/cj.estrategia.com\/portal\/wp-json\/wp\/v2\/posts\/154226\/revisions"}],"wp:featuredmedia":[{"embeddable":true,"href":"https:\/\/cj.estrategia.com\/portal\/wp-json\/wp\/v2\/media\/154229"}],"wp:attachment":[{"href":"https:\/\/cj.estrategia.com\/portal\/wp-json\/wp\/v2\/media?parent=154226"}],"wp:term":[{"taxonomy":"category","embeddable":true,"href":"https:\/\/cj.estrategia.com\/portal\/wp-json\/wp\/v2\/categories?post=154226"},{"taxonomy":"post_tag","embeddable":true,"href":"https:\/\/cj.estrategia.com\/portal\/wp-json\/wp\/v2\/tags?post=154226"},{"taxonomy":"tax_estado","embeddable":true,"href":"https:\/\/cj.estrategia.com\/portal\/wp-json\/wp\/v2\/tax_estado?post=154226"}],"curies":[{"name":"wp","href":"https:\/\/api.w.org\/{rel}","templated":true}]}}