{"id":151227,"date":"2025-09-15T21:35:36","date_gmt":"2025-09-16T00:35:36","guid":{"rendered":"https:\/\/cj.estrategia.com\/portal\/?p=151227"},"modified":"2025-09-15T21:40:23","modified_gmt":"2025-09-16T00:40:23","slug":"saiba-como-e-ate-quando-se-inscrever-no-concurso-de-promotor-do-mpdft","status":"publish","type":"post","link":"https:\/\/cj.estrategia.com\/portal\/saiba-como-e-ate-quando-se-inscrever-no-concurso-de-promotor-do-mpdft\/","title":{"rendered":"Saiba como e at\u00e9 quando se inscrever no Concurso de Promotor do MPDFT"},"content":{"rendered":"<a id=\"cta-icon\" href=\"https:\/\/mais.red\/wpp\/promotor-mpdft-grupo\" target=\"blank\" style=\"background:rgb(41,166,26)\">\n            <img decoding=\"async\" src=\"https:\/\/cj.estrategia.com\/portal\/wp-content\/uploads\/2023\/12\/07160657\/whatsapp_1385.webp\" alt=\"\" alt=\"whatsapp_1385\"><span > Acesse agora o grupo de estudos para Concurso MPDFT Promotor<\/span><\/a>\n\n\n\n<p>O novo <strong>concurso do Minist\u00e9rio P\u00fablico do Distrito Federal e Territ\u00f3rios para Promotor de Justi\u00e7a <\/strong>est\u00e1 com as inscri\u00e7\u00f5es abertas. Confira a seguir todas as informa\u00e7\u00f5es essenciais para n\u00e3o perder os prazos.<\/p>\n\n\n\n<p>Para a carreira \u00e9 necess\u00e1rio ter <strong>diploma de bacharel em Direito<\/strong> e <strong>tr\u00eas anos de atividade jur\u00eddica.<\/strong> S\u00e3o ofertadas <strong>10 vagas imediatas <\/strong>mais a forma\u00e7\u00e3o de cadastro reserva com <strong>iniciais de R$ 37.765,56.<\/strong><\/p>\n\n\n\n<h2 id=\"periodo-e-forma-de-inscricao\" class=\"wp-block-heading\">Per\u00edodo e forma de inscri\u00e7\u00e3o<\/h2>\n\n\n\n<p>Os candidatos podem se inscrever <strong>at\u00e9 o dia 7 de outubro de 2025<\/strong>. \u00c9 importante realizar o procedimento com anteced\u00eancia para evitar contratempos de \u00faltima hora, como instabilidade no sistema pr\u00f3ximo ao fim do prazo.<\/p>\n\n\n\n<p>A taxa de inscri\u00e7\u00e3o foi fixada em <strong>R$ 377,65<\/strong> e deve ser paga at\u00e9 a data limite estipulada no edital para que a participa\u00e7\u00e3o seja confirmada.<\/p>\n\n\n\n<p>Para realizar a inscri\u00e7\u00e3o, o candidato deve acessar o site do MPDFT, preencher corretamente todas as informa\u00e7\u00f5es exigidas e anexar a documenta\u00e7\u00e3o solicitada. \u00c9 fundamental ficar <strong>atento ao prazo para pagamento da taxa de inscri\u00e7\u00e3o,<\/strong> pois somente ap\u00f3s a quita\u00e7\u00e3o do valor a participa\u00e7\u00e3o no concurso ser\u00e1 efetivada.<\/p>\n\n\n\n<p class=\"has-text-align-center has-light-green-cyan-to-vivid-green-cyan-gradient-background has-background\"><a href=\"https:\/\/www.mpdft.mp.br\/portal\/index.php\/concursos-menu\/membros-menu\/17193-33-concurso-promotor-de-justica-adjunto\" target=\"_blank\" rel=\"noreferrer noopener nofollow\"><strong>Inscreva-se agora mesmo!<\/strong><\/a><\/p>\n\n\n\n<h2 class=\"wp-block-heading has-text-align-center\" id=\"h-principais-datas-concurso-mpdft\"><span id=\"principais-datas-concurso-mpdft\"><em>Principais datas concurso MPDFT<\/em><\/span><\/h2>\n\n\n\n<figure class=\"wp-block-table is-style-stripes\"><table class=\"has-very-light-gray-to-cyan-bluish-gray-gradient-background has-background\"><thead><tr><th>Etapa<\/th><th>Data prevista<\/th><\/tr><\/thead><tbody><tr><td>Inscri\u00e7\u00f5es<\/td><td>08\/09\/2025 a 07\/10\/2025<\/td><\/tr><tr><td>Pagamento da taxa<\/td><td>07\/10\/2025<\/td><\/tr><tr><td>Prova Objetiva<\/td><td>14\/12\/2025<\/td><\/tr><tr><td>Publica\u00e7\u00e3o do gabarito preliminar<\/td><td>15\/12\/2025<\/td><\/tr><tr><td>Publica\u00e7\u00e3o do resultado final da prova objetiva e convoca\u00e7\u00e3o de candidatos para a realiza\u00e7\u00e3o das provas discursivas<\/td><td>27\/01\/2026<\/td><\/tr><tr><td>Prova Discursiva<\/td><td>27\/02\/2026 e 01\/03\/2026<\/td><\/tr><tr><td>Publica\u00e7\u00e3o do resultado final das provas discursivas e convoca\u00e7\u00e3o para a inscri\u00e7\u00e3o definitiva<\/td><td>20\/05\/2026<\/td><\/tr><tr><td>Exames de higidez f\u00edsica e mental<\/td><td>05\/06\/2026<\/td><\/tr><tr><td>Prova Oral<\/td><td>10 a 12\/07\/2026<\/td><\/tr><tr><td>Homologa\u00e7\u00e3o do concurso pelo Conselho Superior do MPDFT<\/td><td>14\/08\/2026<\/td><\/tr><tr><td>Publica\u00e7\u00e3o no DOU contendo a rela\u00e7\u00e3o nominal dos aprovados<\/td><td>17\/08\/2026<\/td><\/tr><\/tbody><\/table><\/figure>\n\n\n\n<p class=\"has-text-align-center\"><em>Quer saber todos os detalhes desta sele\u00e7\u00e3o? Clique no link abaixo e confira tudo!<\/em><\/p>\n\n\n\n<p class=\"has-text-align-center has-very-light-gray-to-cyan-bluish-gray-gradient-background has-background\"><strong>Saiba mais:<\/strong> <a href=\"https:\/\/cj.estrategia.com\/portal\/concurso-mpdft-promotor\/\">Concurso MPDFT Promotor<\/a> <\/p>\n\n\n\n<h2 class=\"wp-block-heading has-text-align-center\" id=\"cursos\"><span id=\"quer-saber-tudo-sobre-concursos-previstosconfira-nossos-artigos\">Quer saber tudo sobre concursos previstos?<br><strong>Confira nossos artigos!<\/strong><\/span><\/h2>\n\n\n\n<ul class=\"wp-block-list\">\n<li><a href=\"https:\/\/cj.estrategia.com\/portal\/concursos-mp\/\" target=\"_blank\" >Concursos MP<\/a><\/li>\n\n\n\n<li><a href=\"https:\/\/cj.estrategia.com\/portal\/concursos-abertos-carreiras-juridicas\/\">Concurso jur\u00eddicos abertos<\/a><\/li>\n\n\n\n<li><a href=\"https:\/\/cj.estrategia.com\/portal\/concursos-2025-carreiras-juridicas\/\">Concursos jur\u00eddicos 2025<\/a><\/li>\n<\/ul>\n\n\n\n<h2 class=\"wp-block-heading has-text-align-center\" id=\"h-quer-estudar-para-o-concurso-mpdft-promotor\"><span id=\"quer-estudar-para-o-concurso-mpdft-promotor\">Quer estudar para o concurso MPDFT Promotor?<\/span><\/h2>\n\n\n\n<p class=\"has-text-align-center\"><em>Gostou dessa oportunidade e deseja se preparar para o concurso MPDFT Promotor. Acesse e confira nossas assinaturas abaixo:<\/em><\/p>\n\n\n\n<div class=\"wp-block-cover\" style=\"min-height:155px;aspect-ratio:unset;\"><img decoding=\"async\" width=\"1890\" height=\"351\" class=\"wp-block-cover__image-background wp-image-8669\" alt=\"Assinaturas Jur\u00eddicas\" src=\"https:\/\/cj.estrategia.com\/portal\/wp-content\/uploads\/2022\/06\/20151253\/concurso-carreiras-juridicas-assinatura-juridica.jpg\" style=\"object-position:78% 43%\" data-object-fit=\"cover\" data-object-position=\"78% 43%\" srcset=\"https:\/\/cj.estrategia.com\/portal\/wp-content\/uploads\/2022\/06\/20151253\/concurso-carreiras-juridicas-assinatura-juridica.jpg 1890w, https:\/\/cj.estrategia.com\/portal\/wp-content\/uploads\/2022\/06\/20151253\/concurso-carreiras-juridicas-assinatura-juridica-300x56.jpg 300w, https:\/\/cj.estrategia.com\/portal\/wp-content\/uploads\/2022\/06\/20151253\/concurso-carreiras-juridicas-assinatura-juridica-1024x190.jpg 1024w, https:\/\/cj.estrategia.com\/portal\/wp-content\/uploads\/2022\/06\/20151253\/concurso-carreiras-juridicas-assinatura-juridica-768x143.jpg 768w, https:\/\/cj.estrategia.com\/portal\/wp-content\/uploads\/2022\/06\/20151253\/concurso-carreiras-juridicas-assinatura-juridica-1536x285.jpg 1536w, https:\/\/cj.estrategia.com\/portal\/wp-content\/uploads\/2022\/06\/20151253\/concurso-carreiras-juridicas-assinatura-juridica-380x71.jpg 380w, https:\/\/cj.estrategia.com\/portal\/wp-content\/uploads\/2022\/06\/20151253\/concurso-carreiras-juridicas-assinatura-juridica-800x149.jpg 800w, https:\/\/cj.estrategia.com\/portal\/wp-content\/uploads\/2022\/06\/20151253\/concurso-carreiras-juridicas-assinatura-juridica-1160x215.jpg 1160w\" sizes=\"(max-width: 1890px) 100vw, 1890px\" \/><span aria-hidden=\"true\" class=\"wp-block-cover__background has-background-dim\"><\/span><div class=\"wp-block-cover__inner-container is-layout-flow wp-block-cover-is-layout-flow\">\n<h3 id=\"faca-a-sua-assinatura\" class=\"titulo-assinatura\"><span style=\"color: #ffffff;\">Fa\u00e7a a sua assinatura!<\/span><\/h3>\n<p class=\"subtitulo-assinatura\" style=\"display:block!important; line-height: 0;\"><span style=\"color: #ffffff;\">Escolha a sua \u00e1rea.<\/span><\/p>\n<a target=\"_blank\" href=\"https:\/\/www.estrategiaconcursos.com.br\/assinaturas-ecj\/\" rel=\"noopener\"><button style=\"border-radius: 10px; text-transform: capitalize;\">Acessar<\/button><\/a>\n<\/div><\/div>\n\n\n\n<p><\/p>\n","protected":false},"excerpt":{"rendered":"O novo concurso do Minist\u00e9rio P\u00fablico do Distrito Federal e Territ\u00f3rios para Promotor de Justi\u00e7a est\u00e1 com as&hellip;\n","protected":false},"author":159,"featured_media":20784,"comment_status":"open","ping_status":"open","sticky":false,"template":"","format":"standard","meta":{"_jetpack_memberships_contains_paid_content":false,"footnotes":""},"categories":[25],"tags":[],"tax_estado":[37],"class_list":{"0":"post-151227","1":"post","2":"type-post","3":"status-publish","4":"format-standard","5":"has-post-thumbnail","7":"category-promotoria","8":"tax_estado-df"},"acf":[],"yoast_head":"<!-- This site is optimized with the Yoast SEO Premium plugin v27.4 (Yoast SEO v27.4) - https:\/\/yoast.com\/product\/yoast-seo-premium-wordpress\/ -->\n<title>Saiba como e at\u00e9 quando se inscrever no Concurso de Promotor do MPDFT<\/title>\n<meta name=\"description\" content=\"N\u00e3o perca o prazo! Saiba como se inscrever no Concurso de Promotor do MPDFT e aproveite essa chance \u00fanica.\" \/>\n<meta name=\"robots\" content=\"index, follow, max-snippet:-1, max-image-preview:large, max-video-preview:-1\" \/>\n<link rel=\"canonical\" href=\"https:\/\/cj.estrategia.com\/portal\/saiba-como-e-ate-quando-se-inscrever-no-concurso-de-promotor-do-mpdft\/\" \/>\n<meta property=\"og:locale\" content=\"pt_BR\" \/>\n<meta property=\"og:type\" content=\"article\" \/>\n<meta property=\"og:title\" content=\"Saiba como e at\u00e9 quando se inscrever no Concurso de Promotor do MPDFT\" \/>\n<meta property=\"og:description\" content=\"N\u00e3o perca o prazo! Saiba como se inscrever no Concurso de Promotor do MPDFT e aproveite essa chance \u00fanica.\" \/>\n<meta property=\"og:url\" content=\"https:\/\/cj.estrategia.com\/portal\/saiba-como-e-ate-quando-se-inscrever-no-concurso-de-promotor-do-mpdft\/\" \/>\n<meta property=\"og:site_name\" content=\"Blog - Carreiras Jur\u00eddicas - Estrat\u00e9gia\" \/>\n<meta property=\"article:publisher\" content=\"https:\/\/www.facebook.com\/estrategiacarreirajuridica\/\" \/>\n<meta property=\"article:published_time\" content=\"2025-09-16T00:35:36+00:00\" \/>\n<meta property=\"article:modified_time\" content=\"2025-09-16T00:40:23+00:00\" \/>\n<meta property=\"og:image\" content=\"https:\/\/cj.estrategia.com\/portal\/wp-content\/uploads\/2022\/09\/04102722\/Concursos-Promotorias.jpg\" \/>\n\t<meta property=\"og:image:width\" content=\"768\" \/>\n\t<meta property=\"og:image:height\" content=\"432\" \/>\n\t<meta property=\"og:image:type\" content=\"image\/jpeg\" \/>\n<meta name=\"author\" content=\"Priscila Bonomi\" \/>\n<meta name=\"twitter:card\" content=\"summary_large_image\" \/>\n<meta name=\"twitter:creator\" content=\"@EstratJuridica\" \/>\n<meta name=\"twitter:site\" content=\"@EstratJuridica\" \/>\n<meta name=\"twitter:label1\" content=\"Escrito por\" \/>\n\t<meta name=\"twitter:data1\" content=\"Priscila Bonomi\" \/>\n\t<meta name=\"twitter:label2\" content=\"Est. tempo de leitura\" \/>\n\t<meta name=\"twitter:data2\" content=\"4 minutos\" \/>\n<script type=\"application\/ld+json\" class=\"yoast-schema-graph\">{\"@context\":\"https:\\\/\\\/schema.org\",\"@graph\":[{\"@type\":\"NewsArticle\",\"@id\":\"https:\\\/\\\/cj.estrategia.com\\\/portal\\\/saiba-como-e-ate-quando-se-inscrever-no-concurso-de-promotor-do-mpdft\\\/#article\",\"isPartOf\":{\"@id\":\"https:\\\/\\\/cj.estrategia.com\\\/portal\\\/saiba-como-e-ate-quando-se-inscrever-no-concurso-de-promotor-do-mpdft\\\/\"},\"author\":{\"name\":\"Priscila Bonomi\",\"@id\":\"https:\\\/\\\/cj.estrategia.com\\\/portal\\\/#\\\/schema\\\/person\\\/b472e0140705ac6b5d15ed70554fae55\"},\"headline\":\"Saiba como e at\u00e9 quando se inscrever no Concurso de Promotor do MPDFT\",\"datePublished\":\"2025-09-16T00:35:36+00:00\",\"dateModified\":\"2025-09-16T00:40:23+00:00\",\"mainEntityOfPage\":{\"@id\":\"https:\\\/\\\/cj.estrategia.com\\\/portal\\\/saiba-como-e-ate-quando-se-inscrever-no-concurso-de-promotor-do-mpdft\\\/\"},\"wordCount\":367,\"commentCount\":0,\"publisher\":{\"@id\":\"https:\\\/\\\/cj.estrategia.com\\\/portal\\\/#organization\"},\"image\":{\"@id\":\"https:\\\/\\\/cj.estrategia.com\\\/portal\\\/saiba-como-e-ate-quando-se-inscrever-no-concurso-de-promotor-do-mpdft\\\/#primaryimage\"},\"thumbnailUrl\":\"https:\\\/\\\/cj.estrategia.com\\\/portal\\\/wp-content\\\/uploads\\\/2022\\\/09\\\/04102722\\\/Concursos-Promotorias.jpg\",\"articleSection\":[\"Promotoria\"],\"inLanguage\":\"pt-BR\",\"potentialAction\":[{\"@type\":\"CommentAction\",\"name\":\"Comment\",\"target\":[\"https:\\\/\\\/cj.estrategia.com\\\/portal\\\/saiba-como-e-ate-quando-se-inscrever-no-concurso-de-promotor-do-mpdft\\\/#respond\"]}]},{\"@type\":\"WebPage\",\"@id\":\"https:\\\/\\\/cj.estrategia.com\\\/portal\\\/saiba-como-e-ate-quando-se-inscrever-no-concurso-de-promotor-do-mpdft\\\/\",\"url\":\"https:\\\/\\\/cj.estrategia.com\\\/portal\\\/saiba-como-e-ate-quando-se-inscrever-no-concurso-de-promotor-do-mpdft\\\/\",\"name\":\"Saiba como e at\u00e9 quando se inscrever no Concurso de Promotor do MPDFT\",\"isPartOf\":{\"@id\":\"https:\\\/\\\/cj.estrategia.com\\\/portal\\\/#website\"},\"primaryImageOfPage\":{\"@id\":\"https:\\\/\\\/cj.estrategia.com\\\/portal\\\/saiba-como-e-ate-quando-se-inscrever-no-concurso-de-promotor-do-mpdft\\\/#primaryimage\"},\"image\":{\"@id\":\"https:\\\/\\\/cj.estrategia.com\\\/portal\\\/saiba-como-e-ate-quando-se-inscrever-no-concurso-de-promotor-do-mpdft\\\/#primaryimage\"},\"thumbnailUrl\":\"https:\\\/\\\/cj.estrategia.com\\\/portal\\\/wp-content\\\/uploads\\\/2022\\\/09\\\/04102722\\\/Concursos-Promotorias.jpg\",\"datePublished\":\"2025-09-16T00:35:36+00:00\",\"dateModified\":\"2025-09-16T00:40:23+00:00\",\"description\":\"N\u00e3o perca o prazo! Saiba como se inscrever no Concurso de Promotor do MPDFT e aproveite essa chance \u00fanica.\",\"breadcrumb\":{\"@id\":\"https:\\\/\\\/cj.estrategia.com\\\/portal\\\/saiba-como-e-ate-quando-se-inscrever-no-concurso-de-promotor-do-mpdft\\\/#breadcrumb\"},\"inLanguage\":\"pt-BR\",\"potentialAction\":[{\"@type\":\"ReadAction\",\"target\":[\"https:\\\/\\\/cj.estrategia.com\\\/portal\\\/saiba-como-e-ate-quando-se-inscrever-no-concurso-de-promotor-do-mpdft\\\/\"]}]},{\"@type\":\"ImageObject\",\"inLanguage\":\"pt-BR\",\"@id\":\"https:\\\/\\\/cj.estrategia.com\\\/portal\\\/saiba-como-e-ate-quando-se-inscrever-no-concurso-de-promotor-do-mpdft\\\/#primaryimage\",\"url\":\"https:\\\/\\\/cj.estrategia.com\\\/portal\\\/wp-content\\\/uploads\\\/2022\\\/09\\\/04102722\\\/Concursos-Promotorias.jpg\",\"contentUrl\":\"https:\\\/\\\/cj.estrategia.com\\\/portal\\\/wp-content\\\/uploads\\\/2022\\\/09\\\/04102722\\\/Concursos-Promotorias.jpg\",\"width\":768,\"height\":432,\"caption\":\"Concurso MP Promotorias\"},{\"@type\":\"BreadcrumbList\",\"@id\":\"https:\\\/\\\/cj.estrategia.com\\\/portal\\\/saiba-como-e-ate-quando-se-inscrever-no-concurso-de-promotor-do-mpdft\\\/#breadcrumb\",\"itemListElement\":[{\"@type\":\"ListItem\",\"position\":1,\"name\":\"In\u00edcio\",\"item\":\"https:\\\/\\\/cj.estrategia.com\\\/portal\\\/\"},{\"@type\":\"ListItem\",\"position\":2,\"name\":\"Saiba como e at\u00e9 quando se inscrever no Concurso de Promotor do MPDFT\"}]},{\"@type\":\"WebSite\",\"@id\":\"https:\\\/\\\/cj.estrategia.com\\\/portal\\\/#website\",\"url\":\"https:\\\/\\\/cj.estrategia.com\\\/portal\\\/\",\"name\":\"Blog - Carreiras Jur\u00eddicas - Estrat\u00e9gia\",\"description\":\"\",\"publisher\":{\"@id\":\"https:\\\/\\\/cj.estrategia.com\\\/portal\\\/#organization\"},\"potentialAction\":[{\"@type\":\"SearchAction\",\"target\":{\"@type\":\"EntryPoint\",\"urlTemplate\":\"https:\\\/\\\/cj.estrategia.com\\\/portal\\\/?s={search_term_string}\"},\"query-input\":{\"@type\":\"PropertyValueSpecification\",\"valueRequired\":true,\"valueName\":\"search_term_string\"}}],\"inLanguage\":\"pt-BR\"},{\"@type\":\"Organization\",\"@id\":\"https:\\\/\\\/cj.estrategia.com\\\/portal\\\/#organization\",\"name\":\"Estrat\u00e9gia - Carreiras Jur\u00eddicas\",\"url\":\"https:\\\/\\\/cj.estrategia.com\\\/portal\\\/\",\"logo\":{\"@type\":\"ImageObject\",\"inLanguage\":\"pt-BR\",\"@id\":\"https:\\\/\\\/cj.estrategia.com\\\/portal\\\/#\\\/schema\\\/logo\\\/image\\\/\",\"url\":\"https:\\\/\\\/cj.estrategia.com\\\/portal\\\/wp-content\\\/uploads\\\/2022\\\/03\\\/11151052\\\/cj-logo.png\",\"contentUrl\":\"https:\\\/\\\/cj.estrategia.com\\\/portal\\\/wp-content\\\/uploads\\\/2022\\\/03\\\/11151052\\\/cj-logo.png\",\"width\":150,\"height\":39,\"caption\":\"Estrat\u00e9gia - Carreiras Jur\u00eddicas\"},\"image\":{\"@id\":\"https:\\\/\\\/cj.estrategia.com\\\/portal\\\/#\\\/schema\\\/logo\\\/image\\\/\"},\"sameAs\":[\"https:\\\/\\\/www.facebook.com\\\/estrategiacarreirajuridica\\\/\",\"https:\\\/\\\/x.com\\\/EstratJuridica\",\"https:\\\/\\\/www.instagram.com\\\/estrategiacarreirajuridica\\\/\",\"https:\\\/\\\/www.youtube.com\\\/channel\\\/UClbMGuYbj2Mh1m3w144ETWQ\"]},{\"@type\":\"Person\",\"@id\":\"https:\\\/\\\/cj.estrategia.com\\\/portal\\\/#\\\/schema\\\/person\\\/b472e0140705ac6b5d15ed70554fae55\",\"name\":\"Priscila Bonomi\",\"image\":{\"@type\":\"ImageObject\",\"inLanguage\":\"pt-BR\",\"@id\":\"https:\\\/\\\/cj.estrategia.com\\\/portal\\\/wp-content\\\/uploads\\\/2025\\\/02\\\/05144820\\\/Imagem-do-WhatsApp-de-2025-05-05-as-14.47.57_b98168e4-96x96.jpg\",\"url\":\"https:\\\/\\\/cj.estrategia.com\\\/portal\\\/wp-content\\\/uploads\\\/2025\\\/02\\\/05144820\\\/Imagem-do-WhatsApp-de-2025-05-05-as-14.47.57_b98168e4-96x96.jpg\",\"contentUrl\":\"https:\\\/\\\/cj.estrategia.com\\\/portal\\\/wp-content\\\/uploads\\\/2025\\\/02\\\/05144820\\\/Imagem-do-WhatsApp-de-2025-05-05-as-14.47.57_b98168e4-96x96.jpg\",\"caption\":\"Priscila Bonomi\"},\"url\":\"https:\\\/\\\/cj.estrategia.com\\\/portal\\\/author\\\/priscila-bonomi\\\/\"}]}<\/script>\n<!-- \/ Yoast SEO Premium plugin. -->","yoast_head_json":{"title":"Saiba como e at\u00e9 quando se inscrever no Concurso de Promotor do MPDFT","description":"N\u00e3o perca o prazo! Saiba como se inscrever no Concurso de Promotor do MPDFT e aproveite essa chance \u00fanica.","robots":{"index":"index","follow":"follow","max-snippet":"max-snippet:-1","max-image-preview":"max-image-preview:large","max-video-preview":"max-video-preview:-1"},"canonical":"https:\/\/cj.estrategia.com\/portal\/saiba-como-e-ate-quando-se-inscrever-no-concurso-de-promotor-do-mpdft\/","og_locale":"pt_BR","og_type":"article","og_title":"Saiba como e at\u00e9 quando se inscrever no Concurso de Promotor do MPDFT","og_description":"N\u00e3o perca o prazo! Saiba como se inscrever no Concurso de Promotor do MPDFT e aproveite essa chance \u00fanica.","og_url":"https:\/\/cj.estrategia.com\/portal\/saiba-como-e-ate-quando-se-inscrever-no-concurso-de-promotor-do-mpdft\/","og_site_name":"Blog - Carreiras Jur\u00eddicas - Estrat\u00e9gia","article_publisher":"https:\/\/www.facebook.com\/estrategiacarreirajuridica\/","article_published_time":"2025-09-16T00:35:36+00:00","article_modified_time":"2025-09-16T00:40:23+00:00","og_image":[{"width":768,"height":432,"url":"https:\/\/cj.estrategia.com\/portal\/wp-content\/uploads\/2022\/09\/04102722\/Concursos-Promotorias.jpg","type":"image\/jpeg"}],"author":"Priscila Bonomi","twitter_card":"summary_large_image","twitter_creator":"@EstratJuridica","twitter_site":"@EstratJuridica","twitter_misc":{"Escrito por":"Priscila Bonomi","Est. tempo de leitura":"4 minutos"},"schema":{"@context":"https:\/\/schema.org","@graph":[{"@type":"NewsArticle","@id":"https:\/\/cj.estrategia.com\/portal\/saiba-como-e-ate-quando-se-inscrever-no-concurso-de-promotor-do-mpdft\/#article","isPartOf":{"@id":"https:\/\/cj.estrategia.com\/portal\/saiba-como-e-ate-quando-se-inscrever-no-concurso-de-promotor-do-mpdft\/"},"author":{"name":"Priscila Bonomi","@id":"https:\/\/cj.estrategia.com\/portal\/#\/schema\/person\/b472e0140705ac6b5d15ed70554fae55"},"headline":"Saiba como e at\u00e9 quando se inscrever no Concurso de Promotor do MPDFT","datePublished":"2025-09-16T00:35:36+00:00","dateModified":"2025-09-16T00:40:23+00:00","mainEntityOfPage":{"@id":"https:\/\/cj.estrategia.com\/portal\/saiba-como-e-ate-quando-se-inscrever-no-concurso-de-promotor-do-mpdft\/"},"wordCount":367,"commentCount":0,"publisher":{"@id":"https:\/\/cj.estrategia.com\/portal\/#organization"},"image":{"@id":"https:\/\/cj.estrategia.com\/portal\/saiba-como-e-ate-quando-se-inscrever-no-concurso-de-promotor-do-mpdft\/#primaryimage"},"thumbnailUrl":"https:\/\/cj.estrategia.com\/portal\/wp-content\/uploads\/2022\/09\/04102722\/Concursos-Promotorias.jpg","articleSection":["Promotoria"],"inLanguage":"pt-BR","potentialAction":[{"@type":"CommentAction","name":"Comment","target":["https:\/\/cj.estrategia.com\/portal\/saiba-como-e-ate-quando-se-inscrever-no-concurso-de-promotor-do-mpdft\/#respond"]}]},{"@type":"WebPage","@id":"https:\/\/cj.estrategia.com\/portal\/saiba-como-e-ate-quando-se-inscrever-no-concurso-de-promotor-do-mpdft\/","url":"https:\/\/cj.estrategia.com\/portal\/saiba-como-e-ate-quando-se-inscrever-no-concurso-de-promotor-do-mpdft\/","name":"Saiba como e at\u00e9 quando se inscrever no Concurso de Promotor do MPDFT","isPartOf":{"@id":"https:\/\/cj.estrategia.com\/portal\/#website"},"primaryImageOfPage":{"@id":"https:\/\/cj.estrategia.com\/portal\/saiba-como-e-ate-quando-se-inscrever-no-concurso-de-promotor-do-mpdft\/#primaryimage"},"image":{"@id":"https:\/\/cj.estrategia.com\/portal\/saiba-como-e-ate-quando-se-inscrever-no-concurso-de-promotor-do-mpdft\/#primaryimage"},"thumbnailUrl":"https:\/\/cj.estrategia.com\/portal\/wp-content\/uploads\/2022\/09\/04102722\/Concursos-Promotorias.jpg","datePublished":"2025-09-16T00:35:36+00:00","dateModified":"2025-09-16T00:40:23+00:00","description":"N\u00e3o perca o prazo! Saiba como se inscrever no Concurso de Promotor do MPDFT e aproveite essa chance \u00fanica.","breadcrumb":{"@id":"https:\/\/cj.estrategia.com\/portal\/saiba-como-e-ate-quando-se-inscrever-no-concurso-de-promotor-do-mpdft\/#breadcrumb"},"inLanguage":"pt-BR","potentialAction":[{"@type":"ReadAction","target":["https:\/\/cj.estrategia.com\/portal\/saiba-como-e-ate-quando-se-inscrever-no-concurso-de-promotor-do-mpdft\/"]}]},{"@type":"ImageObject","inLanguage":"pt-BR","@id":"https:\/\/cj.estrategia.com\/portal\/saiba-como-e-ate-quando-se-inscrever-no-concurso-de-promotor-do-mpdft\/#primaryimage","url":"https:\/\/cj.estrategia.com\/portal\/wp-content\/uploads\/2022\/09\/04102722\/Concursos-Promotorias.jpg","contentUrl":"https:\/\/cj.estrategia.com\/portal\/wp-content\/uploads\/2022\/09\/04102722\/Concursos-Promotorias.jpg","width":768,"height":432,"caption":"Concurso MP Promotorias"},{"@type":"BreadcrumbList","@id":"https:\/\/cj.estrategia.com\/portal\/saiba-como-e-ate-quando-se-inscrever-no-concurso-de-promotor-do-mpdft\/#breadcrumb","itemListElement":[{"@type":"ListItem","position":1,"name":"In\u00edcio","item":"https:\/\/cj.estrategia.com\/portal\/"},{"@type":"ListItem","position":2,"name":"Saiba como e at\u00e9 quando se inscrever no Concurso de Promotor do MPDFT"}]},{"@type":"WebSite","@id":"https:\/\/cj.estrategia.com\/portal\/#website","url":"https:\/\/cj.estrategia.com\/portal\/","name":"Blog - Carreiras Jur\u00eddicas - Estrat\u00e9gia","description":"","publisher":{"@id":"https:\/\/cj.estrategia.com\/portal\/#organization"},"potentialAction":[{"@type":"SearchAction","target":{"@type":"EntryPoint","urlTemplate":"https:\/\/cj.estrategia.com\/portal\/?s={search_term_string}"},"query-input":{"@type":"PropertyValueSpecification","valueRequired":true,"valueName":"search_term_string"}}],"inLanguage":"pt-BR"},{"@type":"Organization","@id":"https:\/\/cj.estrategia.com\/portal\/#organization","name":"Estrat\u00e9gia - Carreiras Jur\u00eddicas","url":"https:\/\/cj.estrategia.com\/portal\/","logo":{"@type":"ImageObject","inLanguage":"pt-BR","@id":"https:\/\/cj.estrategia.com\/portal\/#\/schema\/logo\/image\/","url":"https:\/\/cj.estrategia.com\/portal\/wp-content\/uploads\/2022\/03\/11151052\/cj-logo.png","contentUrl":"https:\/\/cj.estrategia.com\/portal\/wp-content\/uploads\/2022\/03\/11151052\/cj-logo.png","width":150,"height":39,"caption":"Estrat\u00e9gia - Carreiras Jur\u00eddicas"},"image":{"@id":"https:\/\/cj.estrategia.com\/portal\/#\/schema\/logo\/image\/"},"sameAs":["https:\/\/www.facebook.com\/estrategiacarreirajuridica\/","https:\/\/x.com\/EstratJuridica","https:\/\/www.instagram.com\/estrategiacarreirajuridica\/","https:\/\/www.youtube.com\/channel\/UClbMGuYbj2Mh1m3w144ETWQ"]},{"@type":"Person","@id":"https:\/\/cj.estrategia.com\/portal\/#\/schema\/person\/b472e0140705ac6b5d15ed70554fae55","name":"Priscila Bonomi","image":{"@type":"ImageObject","inLanguage":"pt-BR","@id":"https:\/\/cj.estrategia.com\/portal\/wp-content\/uploads\/2025\/02\/05144820\/Imagem-do-WhatsApp-de-2025-05-05-as-14.47.57_b98168e4-96x96.jpg","url":"https:\/\/cj.estrategia.com\/portal\/wp-content\/uploads\/2025\/02\/05144820\/Imagem-do-WhatsApp-de-2025-05-05-as-14.47.57_b98168e4-96x96.jpg","contentUrl":"https:\/\/cj.estrategia.com\/portal\/wp-content\/uploads\/2025\/02\/05144820\/Imagem-do-WhatsApp-de-2025-05-05-as-14.47.57_b98168e4-96x96.jpg","caption":"Priscila Bonomi"},"url":"https:\/\/cj.estrategia.com\/portal\/author\/priscila-bonomi\/"}]}},"jetpack_featured_media_url":"https:\/\/cj.estrategia.com\/portal\/wp-content\/uploads\/2022\/09\/04102722\/Concursos-Promotorias.jpg","jetpack_sharing_enabled":true,"_links":{"self":[{"href":"https:\/\/cj.estrategia.com\/portal\/wp-json\/wp\/v2\/posts\/151227","targetHints":{"allow":["GET"]}}],"collection":[{"href":"https:\/\/cj.estrategia.com\/portal\/wp-json\/wp\/v2\/posts"}],"about":[{"href":"https:\/\/cj.estrategia.com\/portal\/wp-json\/wp\/v2\/types\/post"}],"author":[{"embeddable":true,"href":"https:\/\/cj.estrategia.com\/portal\/wp-json\/wp\/v2\/users\/159"}],"replies":[{"embeddable":true,"href":"https:\/\/cj.estrategia.com\/portal\/wp-json\/wp\/v2\/comments?post=151227"}],"version-history":[{"count":20,"href":"https:\/\/cj.estrategia.com\/portal\/wp-json\/wp\/v2\/posts\/151227\/revisions"}],"predecessor-version":[{"id":151256,"href":"https:\/\/cj.estrategia.com\/portal\/wp-json\/wp\/v2\/posts\/151227\/revisions\/151256"}],"wp:featuredmedia":[{"embeddable":true,"href":"https:\/\/cj.estrategia.com\/portal\/wp-json\/wp\/v2\/media\/20784"}],"wp:attachment":[{"href":"https:\/\/cj.estrategia.com\/portal\/wp-json\/wp\/v2\/media?parent=151227"}],"wp:term":[{"taxonomy":"category","embeddable":true,"href":"https:\/\/cj.estrategia.com\/portal\/wp-json\/wp\/v2\/categories?post=151227"},{"taxonomy":"post_tag","embeddable":true,"href":"https:\/\/cj.estrategia.com\/portal\/wp-json\/wp\/v2\/tags?post=151227"},{"taxonomy":"tax_estado","embeddable":true,"href":"https:\/\/cj.estrategia.com\/portal\/wp-json\/wp\/v2\/tax_estado?post=151227"}],"curies":[{"name":"wp","href":"https:\/\/api.w.org\/{rel}","templated":true}]}}