{"id":1508,"date":"2026-04-24T21:08:00","date_gmt":"2026-04-25T00:08:00","guid":{"rendered":"https:\/\/cj.estrategia.com\/portal\/?p=1508"},"modified":"2026-04-24T21:08:08","modified_gmt":"2026-04-25T00:08:08","slug":"concursos-procuradorias","status":"publish","type":"post","link":"https:\/\/cj.estrategia.com\/portal\/concursos-procuradorias\/","title":{"rendered":"Concursos Procuradorias: editais previstos para 2026!"},"content":{"rendered":"<a id=\"cta-icon\" href=\"https:\/\/sndflw.com\/i\/procuradorias-grupo\" target=\"blank\" style=\"background:rgb(41,166,26)\">\n            <img decoding=\"async\" src=\"https:\/\/cj.estrategia.com\/portal\/wp-content\/uploads\/2023\/12\/07160657\/whatsapp_1385.webp\" alt=\"\" alt=\"whatsapp_1385\"><span > Acesse agora o Grupo de Estudos para Concurso de Procuradorias <\/span><\/a>\n\n\n\n<p>Quem est\u00e1 em busca de um vaga de <strong>Procurador <\/strong>reforce seus estudos, pois muitos editais est\u00e3o previstos para as carreiras Federal, Estadual e Municipal. <\/p>\n\n\n\n<p>Neste artigo voc\u00ea pode conferir os <strong>editais previstos, quantitativo de vagas, cargos ofertados, sal\u00e1rios e muito mais.<\/strong> <\/p>\n\n\n\n<p>Al\u00e9m disso, ao longo do artigo vamos mostrar <strong>nossa lista de aprovados e seus depoimentos<\/strong>, para que voc\u00ea, concurseiro, saiba quais <strong>materiais <\/strong>foram usados pelos nossos alunos aprovados. <\/p>\n\n\n\n<p>Com todos esses dados, voc\u00ea vai ter os subs\u00eddios para estudar melhor e escolher qual certame pretende prestar.<\/p>\n\n\n\n<div class=\"wp-block-yoast-seo-table-of-contents yoast-table-of-contents\"><h2 id=\"navegue-pelo-indice\">Navegue pelo \u00edndice:<\/h2><ul><li><a href=\"#h-concursos-pges\" data-level=\"2\">Concursos PGEs<\/a><\/li><li><a href=\"#h-concursos-pgm\" data-level=\"2\">Concursos PGM<\/a><\/li><li><a href=\"#h-outros-concursos-para-procurador\" data-level=\"2\">Outros concursos para Procurador<\/a><\/li><\/ul><\/div>\n\n\n\n<h2 class=\"wp-block-heading has-luminous-vivid-amber-to-luminous-vivid-orange-gradient-background has-background\" id=\"h-concursos-pges\"><span id=\"concursos-pges\">Concursos PGEs<\/span><\/h2>\n\n\n\n<h3 class=\"wp-block-heading\" id=\"h-concurso-pge-rj-procurador\"><span id=\"concurso-pge-rj-procurador\"><a href=\"https:\/\/cj.estrategia.com\/portal\/concurso-pge-rj-procurador\/\" target=\"_blank\" >Concurso PGE RJ Procurador<\/a><\/span><\/h3>\n\n\n\n<ul class=\"wp-block-list\">\n<li><strong>Status<\/strong>: concurso autorizado<\/li>\n\n\n\n<li><strong>Forma\u00e7\u00e3o:<\/strong> Bacharelado em Direito + 3 anos de atividade jur\u00eddica (\u00faltimo edital)<\/li>\n\n\n\n<li><strong>Banca<\/strong>: a definir<\/li>\n\n\n\n<li><strong>Vagas<\/strong>: a definir<\/li>\n\n\n\n<li><strong>Sal\u00e1rio inicial:<\/strong> a definir<\/li>\n\n\n\n<li><a href=\"https:\/\/cj.estrategia.com\/concurso\/cursos-para-procuradorias-e-advogados\" target=\"_blank\" >Curso PGE RJ Procurador<\/a><\/li>\n<\/ul>\n\n\n\n<h3 class=\"wp-block-heading\" id=\"h-concurso-pge-ma-procurador\"><span id=\"concurso-pge-ma-procurador\"><a href=\"https:\/\/cj.estrategia.com\/portal\/concurso-pge-ma-procurador\/\" target=\"_blank\" >Concurso PGE MA Procurador<\/a><\/span><\/h3>\n\n\n\n<ul class=\"wp-block-list\">\n<li><strong>Status:<\/strong>&nbsp;regulamento publicado<\/li>\n\n\n\n<li><strong>Forma\u00e7\u00e3o:&nbsp;<\/strong>Bacharelado em Direito&nbsp;<\/li>\n\n\n\n<li><strong>Banca:&nbsp;<\/strong>a definir<\/li>\n\n\n\n<li><strong>Vagas:&nbsp;<\/strong>10 + CR<\/li>\n\n\n\n<li><strong>Sal\u00e1rio inicial:&nbsp;<\/strong>&nbsp;a definir<\/li>\n\n\n\n<li><a href=\"https:\/\/cj.estrategia.com\/curso\/pge-ma-procurador-do-estado-pacote-teorico\/\" target=\"_blank\" >Curso PGE MA<\/a><\/li>\n<\/ul>\n\n\n\n<h3 class=\"wp-block-heading\" id=\"h-concurso-pgdf-procurador\"><span id=\"concurso-pgdf-procurador\"><a href=\"https:\/\/cj.estrategia.com\/portal\/concurso-pgdf-procurador\/\">Concurso PGDF Procurador<\/a><\/span><\/h3>\n\n\n\n<ul class=\"wp-block-list\">\n<li><strong>Status:<\/strong>&nbsp;previsto para 2025\/2026<\/li>\n\n\n\n<li><strong>Forma\u00e7\u00e3o:<\/strong>&nbsp;Bacharelado em Direito&nbsp;+ OAB<\/li>\n\n\n\n<li><strong>Banca:&nbsp;<\/strong>a definir<\/li>\n\n\n\n<li><strong>Vagas:&nbsp;<\/strong>a definir<\/li>\n\n\n\n<li><strong>Sal\u00e1rio inicial:&nbsp;<\/strong>&nbsp;R$ 25.860,57 \u2013 novo sal\u00e1rio<\/li>\n\n\n\n<li><a href=\"https:\/\/cj.estrategia.com\/curso\/pg-df-procurador-pacote-teorico\/\" target=\"_blank\" >Curso PGDF Procurador<\/a><\/li>\n<\/ul>\n\n\n\n<h3 class=\"wp-block-heading\" id=\"concurso-pge-pe-procurador\"><a href=\"https:\/\/cj.estrategia.com\/portal\/concurso-pge-pe-procurador\/\" target=\"_blank\" >Concurso PGE PE Procurador<\/a><\/h3>\n\n\n\n<ul class=\"wp-block-list\">\n<li><strong>Status:<\/strong>&nbsp;Previsto<\/li>\n\n\n\n<li><strong>Forma\u00e7\u00e3o:&nbsp;<\/strong>Bacharelado em Direito&nbsp; + OAB<\/li>\n\n\n\n<li><strong>Banca:&nbsp;<\/strong>a definir<\/li>\n\n\n\n<li><strong>Vagas:&nbsp;<\/strong>a definir<\/li>\n\n\n\n<li><strong>Sal\u00e1rio inicial:<\/strong> R$ 13.648,64 [\u00faltimo edital]<\/li>\n\n\n\n<li><a href=\"https:\/\/cj.estrategia.com\/curso\/pge-pe-procurador-do-estado-pacote-teorico\/\" target=\"_blank\" >Curso PGE PE<\/a><\/li>\n<\/ul>\n\n\n\n<h3 class=\"wp-block-heading\" id=\"h-concurso-pge-ap-pro-c-urador\"><span id=\"concurso-pge-ap-procurador\"><a href=\"https:\/\/cj.estrategia.com\/portal\/concurso-pge-ap-procurador\/\">Concurso PGE AP Pro<\/a><a href=\"https:\/\/cj.estrategia.com\/portal\/concurso-pge-ap-procurador\/\" target=\"_blank\" >c<\/a><a href=\"https:\/\/cj.estrategia.com\/portal\/concurso-pge-ap-procurador\/\">urador<\/a><\/span><\/h3>\n\n\n\n<ul class=\"wp-block-list\">\n<li><strong>Status:<\/strong>&nbsp;Previsto<\/li>\n\n\n\n<li><strong>Forma\u00e7\u00e3o:&nbsp;<\/strong>Bacharelado em Direito&nbsp; + OAB<\/li>\n\n\n\n<li><strong>Banca:&nbsp;<\/strong>a definir<\/li>\n\n\n\n<li><strong>Vagas:&nbsp;<\/strong>a definir<\/li>\n\n\n\n<li><strong>Sal\u00e1rio inicial:&nbsp;<\/strong>R$ 31.439,06<\/li>\n\n\n\n<li><a href=\"https:\/\/cj.estrategia.com\/curso\/pge-ap-procurador-do-estado-pacote-teorico\/\" target=\"_blank\" >Curso PGE AP<\/a><\/li>\n<\/ul>\n\n\n\n<h3 class=\"wp-block-heading\" id=\"h-concurso-pge-ba\"><span id=\"concurso-pge-ba\"><a href=\"https:\/\/cj.estrategia.com\/portal\/concurso-pge-ba-procurador\/\">Concurso PGE BA<\/a><\/span><\/h3>\n\n\n\n<ul class=\"wp-block-list\">\n<li><strong>Status:<\/strong>\u00a0edital previsto para julho<\/li>\n\n\n\n<li><strong>Forma\u00e7\u00e3o:&nbsp;<\/strong>Bacharelado em Direito&nbsp;<\/li>\n\n\n\n<li><strong>Banca:&nbsp;<\/strong>a definir<\/li>\n\n\n\n<li><strong>Vagas:&nbsp;<\/strong>20<\/li>\n\n\n\n<li><strong>Sal\u00e1rio inicial:&nbsp;<\/strong>Ap\u00f3s as gratifica\u00e7\u00f5es o sal\u00e1rio pode passar os R$ 22.783,11<\/li>\n\n\n\n<li><a href=\"https:\/\/cj.estrategia.com\/curso\/pge-ba-procurador-do-estado-pacote-teorico\/\" target=\"_blank\" >Curso PGE BA<\/a><\/li>\n<\/ul>\n\n\n\n<h3 class=\"wp-block-heading\" id=\"h-concurso-pge-al-procurador\"><span id=\"concurso-pge-al-procurador\"><a href=\"https:\/\/cj.estrategia.com\/portal\/concurso-pge-al-procurador\/\" target=\"_blank\" >Concurso PGE AL Procurador<\/a><\/span><\/h3>\n\n\n\n<ul class=\"wp-block-list\">\n<li><strong>Status:<\/strong>\u00a0comiss\u00e3o formada\/ autorizado <\/li>\n\n\n\n<li><strong>Forma\u00e7\u00e3o:&nbsp;<\/strong>Bacharelado em Direito&nbsp;<\/li>\n\n\n\n<li><strong>Banca:&nbsp;<\/strong>a definir<\/li>\n\n\n\n<li><strong>Vagas:&nbsp;<\/strong>10 + 10 CR<\/li>\n\n\n\n<li><strong>Sal\u00e1rio inicial:&nbsp;<\/strong>R$ 30.404,42<\/li>\n\n\n\n<li><a href=\"https:\/\/cj.estrategia.com\/curso\/pge-al-procurador-do-estado-pacote-teorico\/\" target=\"_blank\" >Curso PGE AL<\/a><\/li>\n<\/ul>\n\n\n\n<h3 class=\"wp-block-heading\" id=\"h-concurso-pge-rn-procurador\"><span id=\"concurso-pge-rn-procurador\"><a href=\"https:\/\/cj.estrategia.com\/portal\/concurso-pge-rn-procurador\/\" target=\"_blank\" >Concurso PGE RN Procurador<\/a><\/span><\/h3>\n\n\n\n<ul class=\"wp-block-list\">\n<li><strong>Status<\/strong>: Previsto no PPA 2024-2027<\/li>\n\n\n\n<li><strong>Forma\u00e7\u00e3o:<\/strong> a definir<\/li>\n\n\n\n<li><strong>Banca<\/strong>: a definir<\/li>\n\n\n\n<li><strong>Vagas<\/strong>: a definir<\/li>\n\n\n\n<li><strong>Sal\u00e1rio inicial:<\/strong> R$ 33.924,93 (\u00faltimo edital)<\/li>\n\n\n\n<li><a href=\"https:\/\/www.estrategiaconcursos.com.br\/assinaturas-ecj\/\" target=\"_blank\" >Curso PGE RN<\/a><\/li>\n<\/ul>\n\n\n\n<h2 class=\"wp-block-heading has-light-green-cyan-background-color has-background\" id=\"h-concursos-pgm\"><span id=\"concursos-pgm\">Concursos PGM<\/span><\/h2>\n\n\n\n<h3 class=\"wp-block-heading\" id=\"h-concurso-pgm-foz-do-iguacu-pr\"><span id=\"concurso-pgm-foz-do-iguacu-pr\"><a href=\"https:\/\/cj.estrategia.com\/portal\/concurso-pgm-foz-do-iguacu-pr\/\">Concurso PGM Foz do Igua\u00e7u PR<\/a><\/span><\/h3>\n\n\n\n<ul class=\"wp-block-list\">\n<li><strong>Status: <\/strong>banca definida<\/li>\n\n\n\n<li><strong>Forma\u00e7\u00e3o:<\/strong> bacharelado em Direito&nbsp;+ 3 anos de atividade jur\u00eddica<\/li>\n\n\n\n<li><strong>Banca:<\/strong> FAFIPA<\/li>\n\n\n\n<li><strong>Vagas:<\/strong> CR<\/li>\n\n\n\n<li><strong>Sal\u00e1rio inicial: <\/strong>a definir<\/li>\n<\/ul>\n\n\n\n<h3 class=\"wp-block-heading\" id=\"h-concurso-pgm-valinhos-sp\"><span id=\"concurso-pgm-valinhos-sp\"><a href=\"https:\/\/cj.estrategia.com\/portal\/concurso-pgm-valinhos-sp\/\" target=\"_blank\" >Concurso PGM Valinhos SP<\/a><\/span><\/h3>\n\n\n\n<ul class=\"wp-block-list\">\n<li><strong>Status:<\/strong> banca definida<\/li>\n\n\n\n<li><strong>Banca: <\/strong>ABCP<\/li>\n\n\n\n<li><strong>Vagas:<\/strong> a definir<\/li>\n\n\n\n<li><strong>Sal\u00e1rio inicial: <\/strong>a definir<\/li>\n\n\n\n<li><a href=\"https:\/\/cj.estrategia.com\/concurso\/cursos-para-procuradorias-e-advogados\" target=\"_blank\" >Curso Concurso PGM Valinhos SP<\/a><\/li>\n<\/ul>\n\n\n\n<h3 class=\"wp-block-heading\" id=\"h-concurso-pgm-jahu-sp\"><span id=\"concurso-pgm-jahu-sp\"><a href=\"https:\/\/cj.estrategia.com\/portal\/concurso-pgm-jahu-sp\/\" target=\"_blank\" >Concurso PGM Jahu SP<\/a><\/span><\/h3>\n\n\n\n<ul class=\"wp-block-list\">\n<li><strong>Status:<\/strong> banca definida<\/li>\n\n\n\n<li><strong>Banca: <\/strong>RBO<\/li>\n\n\n\n<li><strong>Vagas:<\/strong> a definir<\/li>\n\n\n\n<li><strong>Sal\u00e1rio inicial: <\/strong>a definir<\/li>\n\n\n\n<li><a href=\"https:\/\/cj.estrategia.com\/concurso\/cursos-para-procuradorias-e-advogados\">Curso Concurso PGM Jahu SP<\/a><\/li>\n<\/ul>\n\n\n\n<h3 class=\"wp-block-heading\" id=\"h-concurso-pgm-ribeirao-preto-sp\"><span id=\"concurso-pgm-ribeirao-preto-sp\"><a href=\"https:\/\/cj.estrategia.com\/portal\/concurso-pgm-ribeirao-preto-sp\/\" target=\"_blank\" >Concurso PGM Ribeir\u00e3o Preto SP<\/a><\/span><\/h3>\n\n\n\n<ul class=\"wp-block-list\">\n<li><strong>Status:<\/strong> comiss\u00e3o organizadora definida<\/li>\n\n\n\n<li><strong>Banca: <\/strong>a definir<\/li>\n\n\n\n<li><strong>Vagas:<\/strong> a definir<\/li>\n\n\n\n<li><strong>Sal\u00e1rio inicial: <\/strong>R$ 12.395,23 de vencimento + R$ 11.323,68 de gratifica\u00e7\u00e3o<\/li>\n\n\n\n<li><a href=\"https:\/\/cj.estrategia.com\/concurso\/cursos-para-procuradorias-e-advogados\" target=\"_blank\" >Curso PGM Ribeir\u00e3o Preto SP<\/a><\/li>\n<\/ul>\n\n\n\n<h3 class=\"wp-block-heading\" id=\"h-pgm-belo-horizonte-mg\"><span id=\"pgm-belo-horizonte-mg\"><a href=\"https:\/\/cj.estrategia.com\/portal\/concurso-pgm-belo-horizonte-mg\/\" target=\"_blank\" >PGM Belo Horizonte MG<\/a><\/span><\/h3>\n\n\n\n<ul class=\"wp-block-list\">\n<li><strong>Status: <\/strong>comiss\u00e3o formada!<\/li>\n\n\n\n<li><strong>Forma\u00e7\u00e3o:<\/strong> ensino superior em direito + OAB<\/li>\n\n\n\n<li><strong>Banca: <\/strong>a definir<\/li>\n\n\n\n<li><strong>Vagas: <\/strong>a definir<\/li>\n\n\n\n<li><strong>Sal\u00e1rio:<\/strong> R$ 7.630,26 [\u00faltimo edital]<\/li>\n\n\n\n<li><a href=\"https:\/\/cj.estrategia.com\/curso\" target=\"_blank\" rel=\"noreferrer noopener nofollow\">Curso PGM Belo Horizonte<\/a><\/li>\n<\/ul>\n\n\n\n<h3 class=\"wp-block-heading\" id=\"h-concurso-pgm-parintins-am\"><span id=\"concurso-pgm-parintins-am\"><a href=\"https:\/\/cj.estrategia.com\/portal\/concurso-pgm-parintins-am\/\" target=\"_blank\" >Concurso PGM Parintins AM<\/a><\/span><\/h3>\n\n\n\n<ul class=\"wp-block-list\">\n<li><strong>Status: <\/strong>banca definida<\/li>\n\n\n\n<li><strong>Forma\u00e7\u00e3o:<\/strong> bacharel em direito + OAB<\/li>\n\n\n\n<li><strong>Banca:<\/strong> FGV<\/li>\n\n\n\n<li><strong>Vagas: <\/strong>a definir<\/li>\n\n\n\n<li><strong>Sal\u00e1rio inicial: <\/strong>R$ 12.000,00<\/li>\n\n\n\n<li><a href=\"https:\/\/cj.estrategia.com\/\" target=\"_blank\" >Curso<\/a><a href=\"https:\/\/cj.estrategia.com\/portal\/concurso-pgm-parintins-am\/\"> PGM Parintins AM<\/a> <\/li>\n<\/ul>\n\n\n\n<h3 class=\"wp-block-heading\" id=\"h-concurso-pgm-itajai-sc\"><span id=\"concurso-pgm-itajai-sc\"><a href=\"https:\/\/cj.estrategia.com\/portal\/concurso-pgm-itajai-sc\/\" target=\"_blank\" >Concurso PGM Itaja\u00ed SC<\/a><\/span><\/h3>\n\n\n\n<ul class=\"wp-block-list\">\n<li><strong>Status:<\/strong> regulamento publicado<\/li>\n\n\n\n<li><strong>Forma\u00e7\u00e3o: <\/strong>Superior em Direito + OAB<\/li>\n\n\n\n<li><strong>Banca: <\/strong>a definir<\/li>\n\n\n\n<li><strong>Vagas:<\/strong> a definir<\/li>\n\n\n\n<li><strong>Sal\u00e1rio inicial: <\/strong>R$ 25.061,00<\/li>\n\n\n\n<li><a href=\"https:\/\/cj.estrategia.com\/cursos\/home\/\" target=\"_blank\" >Curso PGM Itaja\u00ed SC<\/a><\/li>\n<\/ul>\n\n\n\n<h3 class=\"wp-block-heading\" id=\"h-concurso-pgm-palmas-to\"><span id=\"concurso-pgm-palmas-to\"><a href=\"https:\/\/cj.estrategia.com\/portal\/concurso-pgm-palmas-to\/\" target=\"_blank\" >Concurso PGM Palmas TO<\/a><\/span><\/h3>\n\n\n\n<ul class=\"wp-block-list\">\n<li><strong>Status<\/strong>: comiss\u00e3o especial organizadora definida<\/li>\n\n\n\n<li><strong>Forma\u00e7\u00e3o:<\/strong> Bacharelado em Direito + OAB (\u00faltimo edital)<\/li>\n\n\n\n<li><strong>Banca<\/strong>: a definir<\/li>\n\n\n\n<li><strong>Vagas<\/strong>: 5 previstas<\/li>\n\n\n\n<li><strong>Sal\u00e1rio inicial:<\/strong> R$ 15.520,06 (\u00faltimo edital)<\/li>\n\n\n\n<li><a href=\"https:\/\/cj.estrategia.com\/concurso\/resultado-pesquisa?search=pgm\" target=\"_blank\" >Curso PGM Palmas TO<\/a><\/li>\n<\/ul>\n\n\n\n<h3 class=\"wp-block-heading\" id=\"h-concurso-pgm-guaiba-rs\"><span id=\"concurso-pgm-guaiba-rs\"><a href=\"https:\/\/cj.estrategia.com\/portal\/concurso-pgm-guaiba-rs\/\" target=\"_blank\" >Concurso PGM Gua\u00edba RS<\/a><\/span><\/h3>\n\n\n\n<ul class=\"wp-block-list\">\n<li><strong>Status<\/strong>: banca em fase de contrata\u00e7\u00e3o<\/li>\n\n\n\n<li><strong>Forma\u00e7\u00e3o<\/strong>: &nbsp;gradua\u00e7\u00e3o em Direito e registro ativo na OAB<\/li>\n\n\n\n<li><strong>Banca<\/strong>: a definir<\/li>\n\n\n\n<li><strong>Vagas<\/strong>: CR<\/li>\n\n\n\n<li><strong>Sal\u00e1rio inicial<\/strong>: a definir<\/li>\n\n\n\n<li><a href=\"https:\/\/cj.estrategia.com\/cursos\/busca\/curso%20pgm\" target=\"_blank\" >Curso PGM Gua\u00edba RS<\/a><\/li>\n<\/ul>\n\n\n\n<h3 class=\"wp-block-heading\" id=\"h-concurso-pgm-macapa-ap\"><span id=\"concurso-pgm-macapa-ap\"><a href=\"https:\/\/cj.estrategia.com\/portal\/concurso-pgm-macapa-ap\/\" target=\"_blank\" >Concurso PGM Macap\u00e1 AP<\/a><\/span><\/h3>\n\n\n\n<ul class=\"wp-block-list\">\n<li><strong>Status: <\/strong>previsto<\/li>\n\n\n\n<li><strong>Forma\u00e7\u00e3o: <\/strong>Bacharelado em Direito&nbsp;<strong>+<\/strong>&nbsp;OAB<\/li>\n\n\n\n<li><strong>Banca: <\/strong>a definir<\/li>\n\n\n\n<li><strong>Vagas: <\/strong>a definir<\/li>\n\n\n\n<li><strong>Sal\u00e1rio inicial: <\/strong>a definir<\/li>\n\n\n\n<li><a href=\"https:\/\/cj.estrategia.com\/cursos\/home\/\" target=\"_blank\" >Curso PGM Macap\u00e1<\/a><\/li>\n<\/ul>\n\n\n\n<h3 class=\"wp-block-heading\" id=\"h-concurso-pgm-joinville-sc\"><span id=\"concurso-pgm-joinville-sc\"><a href=\"https:\/\/cj.estrategia.com\/portal\/concurso-pgm-joinville-sc\/\" target=\"_blank\" >Concurso PGM Joinville SC<\/a><\/span><\/h3>\n\n\n\n<ul class=\"wp-block-list\">\n<li><strong>Status: <\/strong>banca definida<\/li>\n\n\n\n<li><strong>Forma\u00e7\u00e3o:<\/strong> Ensino Superior<\/li>\n\n\n\n<li><strong>Banca: <\/strong>AOCP<\/li>\n\n\n\n<li><strong>Vagas: <\/strong>1 <\/li>\n\n\n\n<li><strong>Sal\u00e1rio inicial:<\/strong> a definir<\/li>\n\n\n\n<li><a href=\"https:\/\/cj.estrategia.com\/cursos\/home\/\" target=\"_blank\" >Curso PGM Joinville SC<\/a><\/li>\n<\/ul>\n\n\n\n<h3 class=\"wp-block-heading\" id=\"h-concurso-pgm-camocim-ce\"><span id=\"concurso-pgm-camocim-ce\"><a href=\"https:\/\/cj.estrategia.com\/portal\/concurso-pgm-camocim-ce\/\" target=\"_blank\" >Concurso PGM Camocim CE<\/a><\/span><\/h3>\n\n\n\n<ul class=\"wp-block-list\">\n<li><strong>Status:<\/strong> edital recomendado pelo MPCE<\/li>\n\n\n\n<li><strong>Forma\u00e7\u00e3o:<\/strong> ensino superior em direito + OAB<\/li>\n\n\n\n<li><strong>Banca:<\/strong> a definir<\/li>\n\n\n\n<li><strong>Vagas:<\/strong> a definir<\/li>\n\n\n\n<li><strong>Sal\u00e1rio:<\/strong> a definir<\/li>\n\n\n\n<li><a href=\"https:\/\/cj.estrategia.com\/curso\" target=\"_blank\" rel=\"noreferrer noopener nofollow\">Curso PGM Camocim CE<\/a><\/li>\n<\/ul>\n\n\n\n<h3 class=\"wp-block-heading\" id=\"h-concurso-pgm-curitiba\"><span id=\"concurso-pgm-curitiba\"><a href=\"https:\/\/cj.estrategia.com\/portal\/concurso-pgm-curitiba\/\" target=\"_blank\" >Concurso PGM Curitiba<\/a><\/span><\/h3>\n\n\n\n<ul class=\"wp-block-list\">\n<li><strong>Status:<\/strong>&nbsp;planejamento iniciado \/ previsto<\/li>\n\n\n\n<li><strong>Forma\u00e7\u00e3o:&nbsp;&nbsp;<\/strong>Bacharelado em Direito&nbsp;+ OAB<\/li>\n\n\n\n<li><strong>Banca:<\/strong>&nbsp;a definir<\/li>\n\n\n\n<li><strong>Vagas:&nbsp;<\/strong>a<\/li>\n\n\n\n<li><strong>Sal\u00e1rio inicial:<\/strong>&nbsp;R$ 20.750,34 (\u00faltimo edital)<\/li>\n\n\n\n<li><a href=\"https:\/\/cj.estrategia.com\/cursos\/busca\/PGM%20Curitiba\/\">Curso  PGM Curitiba<\/a><\/li>\n<\/ul>\n\n\n\n<h3 class=\"wp-block-heading\" id=\"concurso-mp-es-promotor\"><span id=\"concurso-pgm-vila-velha-es\"><a href=\"https:\/\/cj.estrategia.com\/portal\/concurso-pgm-vila-velha-es\/\" target=\"_blank\" >Concurso PGM Vila Velha ES<\/a><\/span><\/h3>\n\n\n\n<ul class=\"wp-block-list\">\n<li><strong>Status:<\/strong>&nbsp;anunciado<\/li>\n\n\n\n<li><strong>Forma\u00e7\u00e3o:&nbsp;&nbsp;<\/strong>Bacharelado em Direito&nbsp;+ OAB<\/li>\n\n\n\n<li><strong>Banca:<\/strong>&nbsp;a definir<\/li>\n\n\n\n<li><strong>Vagas:&nbsp;<\/strong>a definir<\/li>\n\n\n\n<li><strong>Sal\u00e1rio inicial:<\/strong>&nbsp;a definir<\/li>\n\n\n\n<li><a href=\"https:\/\/cj.estrategia.com\/cursos\/busca\/PGM%20Vila%20Velha%20ES\/\" target=\"_blank\" >Curso PGM Vila Velha ES<\/a><\/li>\n<\/ul>\n\n\n\n<h3 class=\"wp-block-heading\" id=\"h-concurso-aparecida-de-goiania\"><span id=\"concurso-aparecida-de-goiania\"><a href=\"https:\/\/cj.estrategia.com\/portal\/concurso-pgm-aparecida-de-goiania\/\">Concurso Aparecida de Goi\u00e2nia<\/a><\/span><\/h3>\n\n\n\n<ul class=\"wp-block-list\">\n<li><strong>Status:<\/strong>&nbsp;Banca definida<\/li>\n\n\n\n<li><strong>Forma\u00e7\u00e3o:<\/strong>&nbsp;Bacharelado em Direito&nbsp;+ OAB<\/li>\n\n\n\n<li><strong>Banca:&nbsp;<\/strong>Instituto ACCESS<\/li>\n\n\n\n<li><strong>Vagas:&nbsp;<\/strong>4 + 12 CR<\/li>\n\n\n\n<li><strong>Sal\u00e1rio inicial:&nbsp;<\/strong>R$ 11.964,76<\/li>\n\n\n\n<li><a href=\"https:\/\/cj.estrategia.com\/curso\/pgm-aparecida-de-goiania-go-procurador-pacote-teorico\/\" target=\"_blank\" >Curso PGM Aparecida de Goi\u00e2nia<\/a><\/li>\n<\/ul>\n\n\n\n<h3 class=\"wp-block-heading\" id=\"h-concurso-pgm-olinda-pe\"><span id=\"concurso-pgm-olinda-pe\"><a href=\"https:\/\/cj.estrategia.com\/portal\/concurso-pgm-olinda-pe\/\">Concurso PGM Olinda PE<\/a><\/span><\/h3>\n\n\n\n<ul class=\"wp-block-list\">\n<li><strong>Status:<\/strong>&nbsp;Banca definida<\/li>\n\n\n\n<li><strong>Forma\u00e7\u00e3o:<\/strong>&nbsp;Bacharelado em Direito&nbsp;+ OAB<\/li>\n\n\n\n<li><strong>Banca:&nbsp;<\/strong>IAUPE<\/li>\n\n\n\n<li><strong>Vagas:&nbsp;<\/strong>a definir<\/li>\n\n\n\n<li><strong>Sal\u00e1rio inicial:&nbsp;<\/strong>a definir<\/li>\n\n\n\n<li><a href=\"https:\/\/cj.estrategia.com\/cursos\/busca\/pgm\/\" target=\"_blank\" >Curso PGM Olinda<\/a><\/li>\n<\/ul>\n\n\n\n<h3 class=\"wp-block-heading\" id=\"h-concurso-pgm-belem\"><span id=\"concurso-pgm-belem\"><a href=\"https:\/\/cj.estrategia.com\/portal\/concurso-pgm-belem-pa\/\">Concurso PGM Bel\u00e9m<\/a><\/span><\/h3>\n\n\n\n<ul class=\"wp-block-list\">\n<li><strong>Status:<\/strong>&nbsp;Comiss\u00e3o formada<\/li>\n\n\n\n<li><strong>Forma\u00e7\u00e3o:<\/strong>&nbsp;Bacharelado em Direito&nbsp;+ OAB<\/li>\n\n\n\n<li><strong>Banca:&nbsp;<\/strong>a definir<\/li>\n\n\n\n<li><strong>Vagas:&nbsp;<\/strong>2<\/li>\n\n\n\n<li><strong>Sal\u00e1rio inicial:&nbsp;<\/strong>R$ 11.609,96<\/li>\n\n\n\n<li><a href=\"https:\/\/cj.estrategia.com\/curso\/pgms-procurador-municipal-pacote-teorico-curso-regular\/\" target=\"_blank\" >Curso PGM Bel\u00e9m<\/a><\/li>\n<\/ul>\n\n\n\n<h3 class=\"wp-block-heading\" id=\"h-concurso-pgm-fortaleza\"><span id=\"concurso-pgm-fortaleza\"><a href=\"https:\/\/cj.estrategia.com\/portal\/concurso-pgm-fortaleza-ce\/\">Concurso PGM Fortaleza<\/a><\/span><\/h3>\n\n\n\n<ul class=\"wp-block-list\">\n<li><strong>Status:<\/strong>&nbsp;comiss\u00e3o formada<\/li>\n\n\n\n<li><strong>Forma\u00e7\u00e3o:<\/strong>&nbsp;Bacharelado em Direito&nbsp;+ OAB<\/li>\n\n\n\n<li><strong>Banca:&nbsp;<\/strong>a definir<\/li>\n\n\n\n<li><strong>Vagas:&nbsp;<\/strong>5 [criadas]<\/li>\n\n\n\n<li><strong>Sal\u00e1rio inicial:&nbsp;<\/strong>a definir<\/li>\n\n\n\n<li><a href=\"https:\/\/www.estrategiaconcursos.com.br\/assinaturas-ecj\/\" target=\"_blank\" >Curso PGM Fortaleza<\/a><\/li>\n<\/ul>\n\n\n\n<h3 class=\"wp-block-heading\" id=\"h-concurso-pgm-patos-de-minas\"><span id=\"concurso-pgm-patos-de-minas\"><a href=\"https:\/\/cj.estrategia.com\/portal\/concurso-pgm-patos-de-minas-mg\/\" target=\"_blank\" >Concurso PGM Patos de Minas<\/a><\/span><\/h3>\n\n\n\n<ul class=\"wp-block-list\">\n<li><strong>Status:<\/strong>&nbsp;autorizado<\/li>\n\n\n\n<li><strong>Forma\u00e7\u00e3o:<\/strong>&nbsp;Bacharelado em Direito&nbsp;+ OAB<\/li>\n\n\n\n<li><strong>Banca:&nbsp;<\/strong>a definir<\/li>\n\n\n\n<li><strong>Vagas:&nbsp;<\/strong>a definir<\/li>\n\n\n\n<li><strong>Sal\u00e1rio inicial:&nbsp;&nbsp;<\/strong>R$ 6.376,54<\/li>\n\n\n\n<li><a href=\"https:\/\/cj.estrategia.com\/curso\/pgm-patos-de-minas-procurador-municipal-pacote-teorico-2024-pre-edital\/\" target=\"_blank\" >Curso PGM Patos de Minas<\/a><\/li>\n<\/ul>\n\n\n\n<h3 class=\"wp-block-heading\" id=\"h-concurso-pgm-manaus\"><span id=\"concurso-pgm-manaus\"><a href=\"https:\/\/cj.estrategia.com\/portal\/concurso-pgm-manaus\/\" target=\"_blank\" >Concurso PGM Manaus<\/a><\/span><\/h3>\n\n\n\n<ul class=\"wp-block-list\">\n<li><strong>Status:<\/strong>&nbsp;Comiss\u00e3o formada<\/li>\n\n\n\n<li><strong>Forma\u00e7\u00e3o:&nbsp;<\/strong>Bacharelado em Direito&nbsp;<strong>+<\/strong>&nbsp;OAB<\/li>\n\n\n\n<li><strong>Banca:<\/strong>&nbsp;a definir<\/li>\n\n\n\n<li><strong>Vagas:<\/strong>&nbsp;3<\/li>\n\n\n\n<li><strong>Sal\u00e1rio inicial:&nbsp;<\/strong>a definir<\/li>\n\n\n\n<li><a href=\"https:\/\/www.estrategiaconcursos.com.br\/assinaturas-ecj\/\" target=\"_blank\" >Curso PGM Manaus<\/a><\/li>\n<\/ul>\n\n\n\n<h3 class=\"wp-block-heading\" id=\"h-concurso-pgm-campina-grande-pb\"><span id=\"concurso-pgm-campina-grande-pb\"><a href=\"https:\/\/cj.estrategia.com\/portal\/concurso-pgm-campina-grande-pb\/\" target=\"_blank\" >Concurso PGM Campina Grande PB<\/a><\/span><\/h3>\n\n\n\n<ul class=\"wp-block-list\">\n<li><strong>Status:&nbsp;<\/strong>anunciado<\/li>\n\n\n\n<li><strong>Forma\u00e7\u00e3o:&nbsp;<\/strong>Bacharelado em Direito&nbsp;<strong>+<\/strong>&nbsp;OAB<\/li>\n\n\n\n<li><strong>Banca:<\/strong>&nbsp;a definir<\/li>\n\n\n\n<li><strong>Vagas:&nbsp;<\/strong>a definir<\/li>\n\n\n\n<li><strong>Sal\u00e1rio inicial:<\/strong>&nbsp;a definir<\/li>\n\n\n\n<li><a href=\"https:\/\/www.estrategiaconcursos.com.br\/assinaturas-ecj\/\" target=\"_blank\" >Curso PGM Campina Grande<\/a><\/li>\n<\/ul>\n\n\n\n<h3 class=\"wp-block-heading\" id=\"h-concurso-pgm-buzios-rj\"><span id=\"concurso-pgm-buzios-rj\"><a href=\"https:\/\/cj.estrategia.com\/portal\/concurso-pgm-buzios-rj\/\" target=\"_blank\" >Concurso PGM B\u00fazios RJ<\/a><\/span><\/h3>\n\n\n\n<ul class=\"wp-block-list\">\n<li><strong>Status:<\/strong>&nbsp;previsto<\/li>\n\n\n\n<li><strong>Forma\u00e7\u00e3o:&nbsp;<\/strong>Bacharelado em Direito + OAB<\/li>\n\n\n\n<li><strong>Banca:<\/strong>&nbsp;a definir<\/li>\n\n\n\n<li><strong>Vagas:&nbsp;<\/strong>a definir<\/li>\n\n\n\n<li><strong>Sal\u00e1rio inicial:&nbsp;&nbsp;<\/strong>a definir<\/li>\n\n\n\n<li><a href=\"https:\/\/cj.estrategia.com\/curso\/pgms-procurador-municipal-pacote-teorico-curso-regular\/\" target=\"_blank\" >Curso PGM B\u00fazios<\/a><\/li>\n<\/ul>\n\n\n\n<h3 class=\"wp-block-heading\" id=\"h-concurso-pgm-curitiba-pr\"><span id=\"concurso-pgm-curitiba-pr\"><a href=\"https:\/\/cj.estrategia.com\/portal\/concurso-pgm-curitiba\/\" target=\"_blank\" >Concurso PGM Curitiba PR<\/a><\/span><\/h3>\n\n\n\n<ul class=\"wp-block-list\">\n<li><strong>Status:<\/strong>&nbsp;previsto<\/li>\n\n\n\n<li><strong>Forma\u00e7\u00e3o:&nbsp;<\/strong>Bacharelado em Direito + OAB<\/li>\n\n\n\n<li><strong>Banca:<\/strong>&nbsp;a definir<\/li>\n\n\n\n<li><strong>Vagas:&nbsp;<\/strong>a definir<\/li>\n\n\n\n<li><strong>Sal\u00e1rio inicial:&nbsp;&nbsp;<\/strong>a definir<\/li>\n\n\n\n<li><a href=\"https:\/\/www.estrategiaconcursos.com.br\/assinaturas-ecj\/\" target=\"_blank\" >Curso PGM Curitiba<\/a><\/li>\n<\/ul>\n\n\n\n<h3 class=\"wp-block-heading\" id=\"h-concurso-pgm-campo-verde-mt\"><span id=\"concurso-pgm-campo-verde-mt\"><a href=\"https:\/\/cj.estrategia.com\/portal\/concurso-pgm-campo-verde-mt-banca-em-processo-de-escolha\/\" target=\"_blank\" >Concurso PGM Campo Verde MT<\/a><\/span><\/h3>\n\n\n\n<ul class=\"wp-block-list\">\n<li><strong>Status:<\/strong>&nbsp;em processo de escolha de banca<\/li>\n\n\n\n<li><strong>Forma\u00e7\u00e3o:&nbsp;<\/strong>Bacharelado em Direito + OAB<\/li>\n\n\n\n<li><strong>Banca:<\/strong>&nbsp;a definir<\/li>\n\n\n\n<li><strong>Vagas:&nbsp;<\/strong>a definir<\/li>\n\n\n\n<li><strong>Sal\u00e1rio inicial:&nbsp;&nbsp;<\/strong>R$ 13.813,25 + honor\u00e1rios<\/li>\n\n\n\n<li><a href=\"https:\/\/cj.estrategia.com\/curso\/pgms-procurador-municipal-pacote-teorico-curso-regular\/\">Curso PGM Campo Verde MT<\/a><\/li>\n<\/ul>\n\n\n\n<h3 class=\"wp-block-heading\" id=\"h-concurso-pgm-sao-roque-sp\"><span id=\"concurso-pgm-sao-roque-sp\"><a href=\"https:\/\/cj.estrategia.com\/portal\/concurso-pgm-sao-roque-sp\/\" target=\"_blank\" >Concurso PGM S\u00e3o Roque SP<\/a><\/span><\/h3>\n\n\n\n<ul class=\"wp-block-list\">\n<li><strong>Status:<\/strong> banca definida<\/li>\n\n\n\n<li><strong>Forma\u00e7\u00e3o:&nbsp;<\/strong>Bacharelado em Direito + OAB<\/li>\n\n\n\n<li><strong>Banca:<\/strong>&nbsp;ABCP<\/li>\n\n\n\n<li><strong>Vagas:&nbsp;<\/strong>a definir<\/li>\n\n\n\n<li><strong>Sal\u00e1rio inicial:&nbsp;<\/strong>R$ 6.137,00 + Honor\u00e1rios<\/li>\n\n\n\n<li><a href=\"https:\/\/cj.estrategia.com\/cursos\/busca\/procurador\" target=\"_blank\" >Curso PGM S\u00e3o Roque SP<\/a><\/li>\n<\/ul>\n\n\n\n<h3 class=\"wp-block-heading\" id=\"h-concurso-pgm-bauru-sp\"><span id=\"concurso-pgm-bauru-sp\"><a href=\"https:\/\/cj.estrategia.com\/portal\/concurso-pgm-bauru-sp\/\" target=\"_blank\" >Concurso PGM Bauru SP<\/a><\/span><\/h3>\n\n\n\n<ul class=\"wp-block-list\">\n<li>Status: banca definida<\/li>\n\n\n\n<li>Forma\u00e7\u00e3o: a definir<\/li>\n\n\n\n<li>Banca: Funda\u00e7\u00e3o Vunesp<\/li>\n\n\n\n<li>Vagas: a definir<\/li>\n\n\n\n<li><a href=\"https:\/\/cj.estrategia.com\/cursos\/busca\/procurador\" target=\"_blank\" >Curso PGM Bauru SP<\/a><\/li>\n<\/ul>\n\n\n\n<h2 class=\"wp-block-heading has-luminous-vivid-amber-to-luminous-vivid-orange-gradient-background has-background\" id=\"h-outros-concursos-para-procurador\"><span id=\"outros-concursos-para-procurador\">Outros concursos para Procurador<\/span><\/h2>\n\n\n\n<h3 class=\"wp-block-heading\" id=\"h-concurso-procurador-camara-de-florianopolis-sc\"><span id=\"concurso-procurador-camara-de-florianopolis-sc\"><a href=\"https:\/\/cj.estrategia.com\/portal\/concurso-procurador-camara-de-florianopolis-sc\/\" target=\"_blank\" >Concurso Procurador C\u00e2mara de Florian\u00f3polis SC<\/a><\/span><\/h3>\n\n\n\n<ul class=\"wp-block-list\">\n<li><strong>Status: <\/strong>em confirma\u00e7\u00e3o com o \u00f3rg\u00e3o<\/li>\n\n\n\n<li><strong>Forma\u00e7\u00e3o: <\/strong>a definir<\/li>\n\n\n\n<li><strong>Banca:<\/strong> a definir<\/li>\n\n\n\n<li><strong>Vagas:<\/strong> a definir<\/li>\n\n\n\n<li><strong>Sal\u00e1rio inicial:<\/strong> a definir<\/li>\n\n\n\n<li><a href=\"https:\/\/cj.estrategia.com\/cursos\/home\/\" target=\"_blank\" >Curso Procurador C\u00e2mara de Florian\u00f3polis SC<\/a><\/li>\n<\/ul>\n\n\n\n<h3 class=\"wp-block-heading\" id=\"h-concurso-procurador-camara-de-petrolina-pe\"><span id=\"concurso-procurador-camara-de-petrolina-pe\"><a href=\"https:\/\/cj.estrategia.com\/portal\/concurso-procurador-camara-de-petrolina-pe\/\" target=\"_blank\" >Concurso Procurador C\u00e2mara de Petrolina PE<\/a><\/span><\/h3>\n\n\n\n<ul class=\"wp-block-list\">\n<li><strong>Status:<\/strong>&nbsp;previsto<\/li>\n\n\n\n<li><strong>Forma\u00e7\u00e3o:<\/strong>&nbsp;a definir<\/li>\n\n\n\n<li><strong>Banca:&nbsp;<\/strong>a definir<\/li>\n\n\n\n<li><strong>Vagas:&nbsp;<\/strong>a definir<\/li>\n\n\n\n<li><strong>Sal\u00e1rio inicial:&nbsp;<\/strong>R$ 8.561,42<\/li>\n\n\n\n<li><a href=\"https:\/\/cj.estrategia.com\/cursos\/busca\/pgm\/\" target=\"_blank\" >Curso Procurador C\u00e2mara de Petrolina PE<\/a><\/li>\n<\/ul>\n\n\n\n<h3 class=\"wp-block-heading\" id=\"h-concurso-procurador-camara-de-guaruja-sp\"><span id=\"concurso-procurador-camara-de-guaruja-sp\"><a href=\"https:\/\/cj.estrategia.com\/portal\/concurso-procurador-camara-de-guaruja-sp\/\" target=\"_blank\" >Concurso Procurador C\u00e2mara de Guaruj\u00e1 SP<\/a><\/span><\/h3>\n\n\n\n<ul class=\"wp-block-list\">\n<li><strong>Status:<\/strong> banca definida<\/li>\n\n\n\n<li><strong>Banca:<\/strong> VUNESP<\/li>\n\n\n\n<li><strong>Vagas<\/strong>: a definir<\/li>\n\n\n\n<li><strong>Sal\u00e1rio inicial:<\/strong> a definir<\/li>\n\n\n\n<li><a href=\"https:\/\/cj.estrategia.com\/concurso\" target=\"_blank\" >Curso Procurador C\u00e2mara de Guaruj\u00e1 SP<\/a><\/li>\n<\/ul>\n\n\n\n<h3 class=\"wp-block-heading\" id=\"h-concurso-mpc-ac-procurador\"><span id=\"concurso-mpc-ac-procurador\"><a href=\"https:\/\/cj.estrategia.com\/portal\/concurso-mpc-ac-procurador\/\" target=\"_blank\" >Concurso MPC AC Procurador<\/a><\/span><\/h3>\n\n\n\n<ul class=\"wp-block-list\">\n<li><strong>Status:<\/strong>&nbsp;expectativa de novo certame<\/li>\n\n\n\n<li><strong>Forma\u00e7\u00e3o:&nbsp;<\/strong>Bacharelado em Direito<\/li>\n\n\n\n<li><strong>Banca:<\/strong>&nbsp;a definir<\/li>\n\n\n\n<li><strong>Vagas:<\/strong>&nbsp;a definir<\/li>\n\n\n\n<li><strong>Sal\u00e1rio inicial:<\/strong>&nbsp;a definir<\/li>\n\n\n\n<li><a href=\"https:\/\/cj.estrategia.com\/cursos\/busca\/procurador\" target=\"_blank\" >Curso MPC AC Procurador<\/a><\/li>\n<\/ul>\n\n\n\n<h3 class=\"wp-block-heading\" id=\"h-concurso-procurador-uea\"><span id=\"concurso-procurador-uea\"><a href=\"https:\/\/cj.estrategia.com\/portal\/concurso-procurador-uea\/\" target=\"_blank\" >Concurso Procurador UEA<\/a><\/span><\/h3>\n\n\n\n<ul class=\"wp-block-list\">\n<li><strong>Status<\/strong>: comiss\u00e3o formada<\/li>\n\n\n\n<li><strong>Forma\u00e7\u00e3o<\/strong>: a definir<\/li>\n\n\n\n<li><strong>Banca<\/strong>: a definir<\/li>\n\n\n\n<li><strong>Vagas:<\/strong> a definir<\/li>\n\n\n\n<li><strong>Sal\u00e1rio inicial:<\/strong> a definir<\/li>\n\n\n\n<li><a href=\"https:\/\/cj.estrategia.com\/cursos\/home\/\" target=\"_blank\" >Curso Procurador UEA<\/a><\/li>\n<\/ul>\n\n\n\n<h3 class=\"wp-block-heading\" id=\"h-concurso-mpc-am-procurador\"><span id=\"concurso-mpc-am-procurador\"><a href=\"https:\/\/cj.estrategia.com\/portal\/concurso-mpc-am-procurador\/\" target=\"_blank\" >Concurso MPC AM Procurador<\/a><\/span><\/h3>\n\n\n\n<ul class=\"wp-block-list\">\n<li><strong>Status: <\/strong>autorizado<\/li>\n\n\n\n<li><strong>Forma\u00e7\u00e3o:<\/strong> bacharel em direito + 3 anos de atividade jur\u00eddica<\/li>\n\n\n\n<li><strong>Banca:<\/strong> a definir<\/li>\n\n\n\n<li><strong>Vagas: <\/strong>a definir<\/li>\n\n\n\n<li><strong>Sal\u00e1rio inicial: <\/strong>R$ 41.845,49<\/li>\n\n\n\n<li><a href=\"https:\/\/cj.estrategia.com\/\" target=\"_blank\" >Curso Procurador MPC AM<\/a><\/li>\n<\/ul>\n\n\n\n<h3 class=\"wp-block-heading\" id=\"h-concurso-procurador-camara-de-mogi-das-cruzes\"><span id=\"concurso-procurador-camara-de-mogi-das-cruzes\"><a href=\"https:\/\/cj.estrategia.com\/portal\/concurso-procurador-camara-de-mogi-das-cruzes-sp\/\" target=\"_blank\" >Concurso Procurador C\u00e2mara de Mogi das Cruzes<\/a><\/span><\/h3>\n\n\n\n<ul class=\"wp-block-list\">\n<li><strong>Status:<\/strong>&nbsp;banca definida<\/li>\n\n\n\n<li><strong>Forma\u00e7\u00e3o:<\/strong>&nbsp;Bacharelado em Direito&nbsp;+ OAB<\/li>\n\n\n\n<li><strong>Banca:&nbsp;<\/strong>Vunesp<\/li>\n\n\n\n<li><strong>Vagas:&nbsp;<\/strong>CR<\/li>\n\n\n\n<li><strong>Sal\u00e1rio inicial:&nbsp;<\/strong>R$ 7.881,64<\/li>\n\n\n\n<li><a href=\"https:\/\/cj.estrategia.com\/cursos\/busca\/mogi\" target=\"_blank\" >Curso Procurador C\u00e2mara Mogi das Cruzes SP<\/a><\/li>\n<\/ul>\n\n\n\n<h3 class=\"wp-block-heading\" id=\"h-concurso-procurador-mpc-ma\"><span id=\"concurso-procurador-mpc-ma\"><a href=\"https:\/\/cj.estrategia.com\/portal\/concurso-procurador-mpc-ma\/\" target=\"_blank\" >Concurso Procurador MPC MA<\/a><\/span><\/h3>\n\n\n\n<ul class=\"wp-block-list\">\n<li><strong>Status:&nbsp;<\/strong>autorizado\/comiss\u00e3o formada<\/li>\n\n\n\n<li><strong>Forma\u00e7\u00e3o:&nbsp;<\/strong>bacharelado em direito<\/li>\n\n\n\n<li><strong>Banca:&nbsp;<\/strong>a definir<\/li>\n\n\n\n<li><strong>Vagas:&nbsp;<\/strong>a definir<\/li>\n\n\n\n<li><strong>Sal\u00e1rio inicial:&nbsp;<\/strong>a definir<\/li>\n\n\n\n<li><a href=\"https:\/\/cj.estrategia.com\/curso\/mpc-ma-procurador-pacote-teorico\/\" target=\"_blank\" >Curso Procurador MPC MA<\/a><\/li>\n<\/ul>\n\n\n\n<h3 class=\"wp-block-heading\" id=\"h-concurso-procurador-camara-de-guarulhos-sp\"><span id=\"concurso-procurador-camara-de-guarulhos-sp\"><a href=\"https:\/\/cj.estrategia.com\/portal\/concurso-procurador-camara-de-guarulhos-sp\/\" target=\"_blank\" >Concurso Procurador C\u00e2mara de Guarulhos SP<\/a><\/span><\/h3>\n\n\n\n<ul class=\"wp-block-list\">\n<li><strong>Status:<\/strong>&nbsp;edital previsto<\/li>\n\n\n\n<li><strong>Forma\u00e7\u00e3o:<\/strong>&nbsp;Bacharelado em Direito&nbsp;<\/li>\n\n\n\n<li><strong>Banca:&nbsp;<\/strong>a definir<\/li>\n\n\n\n<li><strong>Vagas:&nbsp;<\/strong> a definir<\/li>\n\n\n\n<li><strong>Sal\u00e1rio inicial:&nbsp;<\/strong>de R$ 9.773,24 a R$ 20.290,80<\/li>\n\n\n\n<li><a href=\"https:\/\/cj.estrategia.com\/cursos\/home\/\" target=\"_blank\" >Curso Procurador C\u00e2mara de Guarulhos SP<\/a><\/li>\n<\/ul>\n\n\n\n<h3 class=\"wp-block-heading\" id=\"h-concurso-agu-advogado-procurador-federal-e-pgfn\"><span id=\"concurso-agu-advogado-procurador-federal-e-pgfn\"><a href=\"https:\/\/cj.estrategia.com\/portal\/agu-pode-realizar-novo-concurso-em-2026\/\" target=\"_blank\" >Concurso AGU &#8211; Advogado, Procurador federal e PGFN<\/a><\/span><\/h3>\n\n\n\n<ul class=\"wp-block-list\">\n<li><strong>Status:<\/strong>&nbsp;autoriza\u00e7\u00e3o para novo concurso solicitada<\/li>\n\n\n\n<li><strong>Forma\u00e7\u00e3o:<\/strong>&nbsp;Bacharelado em Direito&nbsp;+ OAB<\/li>\n\n\n\n<li><strong>Banca:&nbsp;<\/strong>a definir<\/li>\n\n\n\n<li><strong>Vagas:&nbsp;265 solicitadas<\/strong> &#8211; sendo, 81 vagas para&nbsp;<strong>Advogado da Uni\u00e3o<\/strong>, 125 vagas para&nbsp;<strong>Procurador Federal<\/strong> e 59 vagas para&nbsp;<strong>Procurador da Fazenda Nacional<\/strong><\/li>\n\n\n\n<li><strong>Sal\u00e1rio inicial:&nbsp;<\/strong>at\u00e9 <strong>R$ 22.905,79<\/strong>.<\/li>\n\n\n\n<li><a href=\"https:\/\/cj.estrategia.com\/cursos\/busca\/agu\/\" target=\"_blank\" rel=\"noreferrer noopener nofollow\">Curso AGU &#8211; Advogado, Procurador federal e PGFN<\/a><\/li>\n<\/ul>\n\n\n\n<h3 class=\"wp-block-heading\" id=\"h-concurso-procurador-camara-de-ariquemes-ro\"><span id=\"concurso-procurador-camara-de-ariquemes-ro\"><a href=\"https:\/\/cj.estrategia.com\/portal\/concurso-procurador-camara-de-ariquemes-ro\/\" target=\"_blank\" >Concurso Procurador C\u00e2mara de Ariquemes RO<\/a><\/span><\/h3>\n\n\n\n<ul class=\"wp-block-list\">\n<li><strong>Status:&nbsp;<\/strong>Previsto 2025<\/li>\n\n\n\n<li><strong>Forma\u00e7\u00e3o:&nbsp;<\/strong>Bacharelado em Direito&nbsp;<\/li>\n\n\n\n<li><strong>Banca:<\/strong>&nbsp;A definir<\/li>\n\n\n\n<li><strong>Vagas:&nbsp;<\/strong>a definir<\/li>\n\n\n\n<li><strong>Sal\u00e1rio inicial:&nbsp;<\/strong>R$ 19.993,57<\/li>\n\n\n\n<li><a href=\"https:\/\/www.estrategiaconcursos.com.br\/assinaturas-ecj\/\" target=\"_blank\" >Curso Procurador C\u00e2mara de Ariquemes<\/a><\/li>\n<\/ul>\n\n\n\n<h3 class=\"wp-block-heading\" id=\"h-concurso-procurador-ale-go\"><span id=\"concurso-procurador-ale-go\"><a href=\"https:\/\/cj.estrategia.com\/portal\/concurso-procurador-alego\/\" target=\"_blank\" >Concurso Procurador ALE GO<\/a><\/span><\/h3>\n\n\n\n<ul class=\"wp-block-list\">\n<li><strong>Status:&nbsp;<\/strong>autorizado\/banca em defini\u00e7\u00e3o<\/li>\n\n\n\n<li><strong>Forma\u00e7\u00e3o:&nbsp;<\/strong>Bacharelado em Direito&nbsp;<strong>+<\/strong>&nbsp;OAB<\/li>\n\n\n\n<li><strong>Banca:<\/strong>&nbsp;a definir<\/li>\n\n\n\n<li><strong>Vagas:&nbsp;<\/strong>a definir<\/li>\n\n\n\n<li><strong>Sal\u00e1rio inicial:&nbsp;<\/strong>a definir<\/li>\n\n\n\n<li><a href=\"https:\/\/cj.estrategia.com\/curso\/ale-go-procurador-pacote-teorico\/\" target=\"_blank\" >Curso Procurador ALE GO<\/a><\/li>\n<\/ul>\n\n\n\n<h3 class=\"wp-block-heading\" id=\"h-concurso-procurador-ale-es\"><span id=\"concurso-procurador-ale-es\"><a href=\"https:\/\/cj.estrategia.com\/portal\/concurso-procurador-ale-es\/\" target=\"_blank\" >Concurso Procurador ALE ES<\/a><\/span><\/h3>\n\n\n\n<ul class=\"wp-block-list\">\n<li><strong>Status:&nbsp;<\/strong>Comiss\u00e3o formada<\/li>\n\n\n\n<li><strong>Forma\u00e7\u00e3o:&nbsp;<\/strong>Bacharelado em Direito&nbsp;<strong>+<\/strong>&nbsp;OAB<\/li>\n\n\n\n<li><strong>Banca:<\/strong>&nbsp;a definir<\/li>\n\n\n\n<li><strong>Vagas:&nbsp;<\/strong>a definir<\/li>\n\n\n\n<li><strong>Sal\u00e1rio inicial:&nbsp;<\/strong>R$ 32 mil<\/li>\n\n\n\n<li><a href=\"https:\/\/www.estrategiaconcursos.com.br\/assinaturas-ecj\/\" target=\"_blank\" >Curso Procurador ALE ES<\/a><\/li>\n<\/ul>\n\n\n\n<h3 class=\"wp-block-heading\" id=\"h-concurso-procurador-ipam-porto-velho\"><span id=\"concurso-procurador-ipam-porto-velho\"><a href=\"https:\/\/cj.estrategia.com\/portal\/concurso-procurador-ipam-porto-velho\/\" target=\"_blank\" >Concurso Procurador IPAM Porto Velho<\/a><\/span><\/h3>\n\n\n\n<ul class=\"wp-block-list\">\n<li><strong>Status:<\/strong>&nbsp;comiss\u00e3o de estudos formada<\/li>\n\n\n\n<li><strong>Forma\u00e7\u00e3o:<\/strong>&nbsp;N\u00edvel superior em Direito + Inscri\u00e7\u00e3o na OAB<\/li>\n\n\n\n<li><strong>Banca:&nbsp;<\/strong>a definir<\/li>\n\n\n\n<li><strong>Vagas:<\/strong>&nbsp;a definir<\/li>\n\n\n\n<li><strong>Sal\u00e1rio inicial:&nbsp;<\/strong>R$ 8.000,00 + gratifica\u00e7\u00f5es<\/li>\n\n\n\n<li><a href=\"https:\/\/www.estrategiaconcursos.com.br\/assinaturas-ecj\/\" target=\"_blank\" >Curso Procurador IPAM Porto Velho<\/a><\/li>\n<\/ul>\n\n\n\n<h3 class=\"wp-block-heading\" id=\"h-concurso-procurador-camara-de-joao-pessoa\"><span id=\"concurso-procurador-camara-de-joao-pessoa\"><a href=\"https:\/\/cj.estrategia.com\/portal\/concurso-procurador-camara-de-joao-pessoa\/\" target=\"_blank\" >Concurso Procurador C\u00e2mara de Jo\u00e3o Pessoa<\/a><\/span><\/h3>\n\n\n\n<ul class=\"wp-block-list\">\n<li><strong>Status<\/strong>: previsto<\/li>\n\n\n\n<li><strong>Forma\u00e7\u00e3o:&nbsp;<\/strong>N\u00edvel Superior em Direito + OAB<\/li>\n\n\n\n<li><strong>Banca:&nbsp;<\/strong>a definir<\/li>\n\n\n\n<li><strong>Vagas:<\/strong>&nbsp;a definir<\/li>\n\n\n\n<li><strong>Sal\u00e1rio inicial:<\/strong>&nbsp;a definir<\/li>\n\n\n\n<li><a href=\"https:\/\/www.estrategiaconcursos.com.br\/assinaturas-ecj\/\" target=\"_blank\" >Curso Procurador C\u00e2mara de Jo\u00e3o Pessoa<\/a><\/li>\n<\/ul>\n\n\n\n<h3 class=\"wp-block-heading\" id=\"h-concurso-procurador-cldf\"><span id=\"concurso-procurador-cldf\"><a href=\"https:\/\/cj.estrategia.com\/portal\/concurso-procurador-cldf\/\" target=\"_blank\" >Concurso Procurador CLDF<\/a><\/span><\/h3>\n\n\n\n<ul class=\"wp-block-list\">\n<li><strong>Status:<\/strong>&nbsp;Previsto<\/li>\n\n\n\n<li><strong>Forma\u00e7\u00e3o:&nbsp;<\/strong>n\u00edvel de escolaridade superior, com forma\u00e7\u00e3o espec\u00edfica em&nbsp;<strong>Direito<\/strong>&nbsp;e inscri\u00e7\u00e3o na Ordem dos Advogados do Brasil \u2013&nbsp;<strong>OAB<\/strong><\/li>\n\n\n\n<li><strong>Banca:<\/strong>&nbsp;a definir<\/li>\n\n\n\n<li><strong>Vagas:&nbsp;<\/strong>a definir<\/li>\n\n\n\n<li><strong>Sal\u00e1rio inicial:<\/strong>&nbsp;R$ 35.718,80<\/li>\n\n\n\n<li><a href=\"https:\/\/www.estrategiaconcursos.com.br\/assinaturas-ecj\/\" target=\"_blank\" >Curso Procurador CLDF<\/a><\/li>\n<\/ul>\n\n\n\n<h3 class=\"wp-block-heading\" id=\"h-concurso-procurador-bacen\"><span id=\"concurso-procurador-bacen\"><a href=\"https:\/\/cj.estrategia.com\/portal\/concurso-procurador-bacen\/\" target=\"_blank\" >Concurso Procurador BACEN<\/a><\/span><\/h3>\n\n\n\n<ul class=\"wp-block-list\">\n<li><strong>Status<\/strong>: previsto \/ solicitado<\/li>\n\n\n\n<li><strong>Forma\u00e7\u00e3o:&nbsp;<\/strong>Bacharelado em Direito + OAB + 2 anos de Atividade Jur\u00eddica<\/li>\n\n\n\n<li><strong>Banca:&nbsp;<\/strong>a definir<\/li>\n\n\n\n<li><strong>Vagas:<\/strong>&nbsp;40<\/li>\n\n\n\n<li><strong>Sal\u00e1rio inicial:<\/strong>&nbsp;R$ 27.303,70<\/li>\n\n\n\n<li><a href=\"https:\/\/cj.estrategia.com\/curso\/bacen-procurador-do-banco-central-pacote-teorico\/\" target=\"_blank\" >Curso Procurador BACEN<\/a><\/li>\n<\/ul>\n\n\n\n<h3 class=\"wp-block-heading\" id=\"h-concurso-procurador-ale-ro\"><span id=\"concurso-procurador-ale-ro\"><a href=\"https:\/\/cj.estrategia.com\/portal\/concurso-procurador-ale-ro\/\" target=\"_blank\" >Concurso Procurador ALE RO<\/a><\/span><\/h3>\n\n\n\n<ul class=\"wp-block-list\">\n<li><strong>Status<\/strong>: comiss\u00e3o formada<\/li>\n\n\n\n<li><strong>Forma\u00e7\u00e3o<\/strong>: N\u00edvel Superior em Direito + OAB<\/li>\n\n\n\n<li><strong>Banca<\/strong>: a definir<\/li>\n\n\n\n<li><strong>Vagas<\/strong>: a definir<\/li>\n\n\n\n<li><strong>Sal\u00e1rio inicial<\/strong>: R$ 38.041,36<\/li>\n\n\n\n<li><a href=\"https:\/\/www.estrategiaconcursos.com.br\/promocoes\/assinaturas-ecj\/\" target=\"_blank\" >Curso Procurador ALE RO<\/a><\/li>\n<\/ul>\n\n\n\n<h3 class=\"wp-block-heading\" id=\"h-concurso-procurador-camara-de-taboao-da-serra-sp\"><span id=\"concurso-procurador-camara-de-taboao-da-serra-sp\"><a href=\"https:\/\/cj.estrategia.com\/portal\/concurso-procurador-camara-de-taboao-da-serra-sp\/\" target=\"_blank\" >Concurso Procurador C\u00e2mara de Tabo\u00e3o da Serra SP<\/a><\/span><\/h3>\n\n\n\n<ul class=\"wp-block-list\">\n<li><strong>Status:<\/strong> banca em fase de contrata\u00e7\u00e3o<\/li>\n\n\n\n<li><strong>Forma\u00e7\u00e3o:&nbsp;<\/strong>Bacharelado em Direito + OAB<\/li>\n\n\n\n<li><strong>Banca:<\/strong>&nbsp;a definir<\/li>\n\n\n\n<li><strong>Vagas:&nbsp;<\/strong>a definir<\/li>\n\n\n\n<li><strong>Sal\u00e1rio inicial:&nbsp;<\/strong>R$&nbsp;8.750,00 <\/li>\n\n\n\n<li><a href=\"https:\/\/cj.estrategia.com\/cursos\/busca\/procurador\" target=\"_blank\" >Curso Procurador C\u00e2mara de Tabo\u00e3o da Serra SP<\/a><\/li>\n<\/ul>\n\n\n\n<h3 class=\"wp-block-heading\" id=\"h-concurso-procurador-camara-de-cachoeiro-de-itapemirim\"><span id=\"concurso-procurador-camara-de-cachoeiro-de-itapemirim\"><a href=\"https:\/\/cj.estrategia.com\/portal\/concurso-procurador-camara-de-cachoeiro-de-itapemirim\/\" target=\"_blank\" >Concurso Procurador C\u00e2mara de Cachoeiro de Itapemirim<\/a><\/span><\/h3>\n\n\n\n<ul class=\"wp-block-list\">\n<li><strong>Status:<\/strong> comiss\u00e3o formada<\/li>\n\n\n\n<li><strong>Forma\u00e7\u00e3o:&nbsp;<\/strong>Bacharelado em Direito + OAB<\/li>\n\n\n\n<li><strong>Banca:<\/strong> a definir<\/li>\n\n\n\n<li><strong>Vagas:&nbsp;<\/strong>a definir<\/li>\n\n\n\n<li><strong>Sal\u00e1rio inicial:&nbsp;<\/strong>R$ 6.711,07 a R$ 42.220,59<\/li>\n\n\n\n<li><a href=\"https:\/\/cj.estrategia.com\/cursos\/busca\/procurador\" target=\"_blank\" >Curso Procurador C\u00e2mara de Cachoeiro de Itapemirim<\/a><\/li>\n<\/ul>\n\n\n\n<h3 class=\"wp-block-heading has-text-align-center\" id=\"conheca-nossos-cursos-pge\"><span id=\"conheca-nossos-cursos-para-concursos-de-procuradorias\">Conhe\u00e7a nossos cursos para concursos de Procuradorias<\/span><\/h3>\n\n\n\n<p>Todo concurseiro quer a t\u00e3o sonhada aprova\u00e7\u00e3o. Mas para que esse desejo se efetive, \u00e9 necess\u00e1rio dedica\u00e7\u00e3o, comprometimento e muito estudo. <\/p>\n\n\n\n<p>Ser dedicado e comprometido \u00e9 fun\u00e7\u00e3o do aluno, n\u00e3o temos como interferir nisso, mas para que voc\u00ea estude muito, n\u00f3s, professores do Estrat\u00e9gia Carreira Jur\u00eddica, criamos o melhor material do mercado. <\/p>\n\n\n\n<p>Juntando esses tr\u00eas pilares e sendo orientado pelos nossos professores e materiais, seu nome aparecer\u00e1 entre os aprovados de concursos de Procuradorias. <\/p>\n\n\n\n<p class=\"has-text-align-center has-light-green-cyan-background-color has-background\"><strong>Confira abaixo informa\u00e7\u00f5es de cada um dos cursos oferecidos na&nbsp;assinatura:<\/strong> <\/p>\n\n\n\n<p><strong>Pacotes Regulares<\/strong> &#8211; Pacotes com livros eletr\u00f4nicos (PDFs) e videoaulas completas para amplo estudo para as carreiras de PGEs, de PGMs, de Procuradorias Municipais, de Procuradorias Legislativas, da Advocacia P\u00fablica Federal e da advocacia p\u00fablica em entidades da Administra\u00e7\u00e3o P\u00fablica Indireta.<\/p>\n\n\n\n<p><strong>Pacotes Pr\u00e9-Edital<\/strong> &#8211; Pacotes com livros eletr\u00f4nicos (PDFs) e videoaulas completas estruturados com base no \u00faltimo edital de os concursos de PGEs, de PGMs, de Procuradorias Municipais, de Procuradorias Legislativas, da Advocacia P\u00fablica Federal e da advocacia p\u00fablica em entidades da Administra\u00e7\u00e3o P\u00fablica Indireta.<\/p>\n\n\n\n<p><strong>Pacotes P\u00f3s-Edital<\/strong> &#8211; Pacotes com livros eletr\u00f4nicos (PDFs) e videoaulas completas estruturados com base no edital publicado para concursos de PGEs, de PGMs, de Procuradorias Municipais, de Procuradorias Legislativas, da Advocacia P\u00fablica Federal e da advocacia p\u00fablica em entidades da Administra\u00e7\u00e3o P\u00fablica Indireta.<\/p>\n\n\n\n<p><strong>Rodadas (regulares e de reta final)<\/strong> &#8211; Cursos com temas espec\u00edficos ou aprofundados, quest\u00f5es objetivas in\u00e9ditas, discursivas in\u00e9ditas e pe\u00e7as e pareceres conforme a banca examinadora para leitura semanal ou quinzenal.<\/p>\n\n\n\n<p><strong>Estudo Estrat\u00e9gico (regulares e de reta final)<\/strong> &#8211; Pacote de conte\u00fados destinados \u00e0 orienta\u00e7\u00e3o de estudos com an\u00e1lise estat\u00edstica de incid\u00eancia (\u00faltimos 5 anos), cadernos de jurisprud\u00eancia, trilhas, planos e t\u00e9cnicas de estudo e vade-m\u00e9cum Estrat\u00e9gico.<\/p>\n\n\n\n<p><strong>Cursos para provas Discursivas<\/strong> &#8211; Cursos com coment\u00e1rios escritos e em v\u00eddeo dos principais concursos de PGEs e de PGMs de provas discursivas.<\/p>\n\n\n\n<p><strong>Cursos para provas de Pe\u00e7as e de Pareceres<\/strong> &#8211; Cursos com coment\u00e1rios escritos e em v\u00eddeo dos principais concursos de PGEs e de PGMs de provas discursivas. <\/p>\n\n\n\n<p><strong>Trilhas Estrat\u00e9gicas<\/strong> &#8211; Planejamento semanal de estudos a partir dos produtos que constam da assinatura. <\/p>\n\n\n\n<p><strong>Simulados In\u00e9ditos<\/strong> &#8211; Simulados regulares e por edital, conforme forem publicados.<\/p>\n\n\n\n<p><strong>Informativos Estrat\u00e9gicos<\/strong> &#8211; An\u00e1lise did\u00e1tica dos informativos do STJ e do STF.<\/p>\n\n\n\n<p class=\"has-text-align-center has-background has-medium-font-size\" style=\"background-color:#ffb3c6\"><a href=\"https:\/\/www.estrategiaconcursos.com.br\/assinaturas-procuradorias\/\" target=\"_blank\" >EFETIVE SUA ASSINATURA CLICANDO AQUI!<\/a><\/p>\n\n\n\n<h3 class=\"wp-block-heading has-text-align-center\" id=\"nossos\"><span id=\"nossos-aprovados-em-concursos-de-procuradorias\">Nossos aprovados em concursos de Procuradorias<\/span><\/h3>\n\n\n\n<ul class=\"wp-block-list\">\n<li><mark style=\"background-color:rgba(0, 0, 0, 0)\" class=\"has-inline-color has-vivid-red-color\">MPT Procurador 2023 &#8211; 4 alunos do Estrat\u00e9gia Carreiras Jur\u00eddicas aprovados no concurso!<\/mark><\/li>\n\n\n\n<li><mark style=\"background-color:rgba(0, 0, 0, 0)\" class=\"has-inline-color has-vivid-red-color\">Prefeitura de Cana\u00e3 dos Caraj\u00e1s PA (2024) &#8211; 2 alunos do Estrat\u00e9gia Carreiras Jur\u00eddicas aprovados no concurso!<\/mark><\/li>\n\n\n\n<li><mark style=\"background-color:rgba(0, 0, 0, 0)\" class=\"has-inline-color has-vivid-red-color\">C\u00e2mara de Nova Europa SP (2024) &#8211; 5 alunos do Estrat\u00e9gia Carreiras Jur\u00eddicas aprovados no concurso!<\/mark><\/li>\n\n\n\n<li><mark style=\"background-color:rgba(0, 0, 0, 0)\" class=\"has-inline-color has-vivid-red-color\">PGM Vit\u00f3ria ES (2024) &#8211; 28 alunos do Estrat\u00e9gia Carreiras Jur\u00eddicas aprovados no concurso!<\/mark><\/li>\n\n\n\n<li><mark style=\"background-color:rgba(0, 0, 0, 0)\" class=\"has-inline-color has-vivid-red-color\">PGM Conselheiro Lafaiete MG (2024) &#8211; 1 aluno do Estrat\u00e9gia Carreiras Jur\u00eddicas aprovado no concurso!<\/mark><\/li>\n\n\n\n<li><mark style=\"background-color:rgba(0, 0, 0, 0)\" class=\"has-inline-color has-vivid-red-color\">PGE SP (2023) &#8211; 75 alunos do Estrat\u00e9gia est\u00e3o entre os aprovados do concurso!<\/mark><\/li>\n\n\n\n<li><mark style=\"background-color:rgba(0, 0, 0, 0)\" class=\"has-inline-color has-vivid-red-color\">PGM Caieiras SP (2024) &#8211; Dos 10 aprovados, 26 s\u00e3o alunos do Estrat\u00e9gia!<\/mark><\/li>\n\n\n\n<li><mark style=\"background-color:rgba(0, 0, 0, 0)\" class=\"has-inline-color has-vivid-red-color\">Procurador C\u00e2mara Jaragu\u00e1 do Sul SC (2023) &#8211; 39 alunos do Estrat\u00e9gia est\u00e3o entre os aprovados do concurso!<\/mark><\/li>\n\n\n\n<li><mark style=\"background-color:rgba(0, 0, 0, 0)\" class=\"has-inline-color has-vivid-red-color\">Procurador IPRED Diadema (2023)- 8 alunos do Estrat\u00e9gia est\u00e3o entre os aprovados do concurso!<\/mark><\/li>\n\n\n\n<li><mark style=\"background-color:rgba(0, 0, 0, 0)\" class=\"has-inline-color has-vivid-red-color\">Procurador C\u00e2mara de Diadema SP (2023) &#8211; 22 alunos do Estrat\u00e9gia est\u00e3o entre os aprovados do concurso!<\/mark><\/li>\n\n\n\n<li><mark style=\"background-color:rgba(0, 0, 0, 0)\" class=\"has-inline-color has-vivid-red-color\">Procurador C\u00e2mara de Jundia\u00ed SP (2022) &#8211; 13 alunos aprovados no concurso!<\/mark><\/li>\n\n\n\n<li><mark style=\"background-color:rgba(0, 0, 0, 0)\" class=\"has-inline-color has-vivid-red-color\">Procurador C\u00e2mara de Imperatriz MA (2022) &#8211; Dos 11 aprovados, 2 s\u00e3o alunos do Estrat\u00e9gia!<\/mark><\/li>\n\n\n\n<li><mark style=\"background-color:rgba(0, 0, 0, 0)\" class=\"has-inline-color has-vivid-red-color\">Procurador C\u00e2mara de Vit\u00f3ria ES (2024) &#8211;  Dos 25 aprovados, 5 s\u00e3o alunos do Estrat\u00e9gia!<\/mark><\/li>\n\n\n\n<li><mark style=\"background-color:rgba(0, 0, 0, 0)\" class=\"has-inline-color has-vivid-red-color\">Procurador C\u00e2mara Santa B\u00e1rbara d&#8217;Oeste SP (2023) &#8211; 14 alunos do Estrat\u00e9gia est\u00e3o entre os aprovados do concurso!<\/mark><\/li>\n\n\n\n<li><mark style=\"background-color:rgba(0, 0, 0, 0)\" class=\"has-inline-color has-vivid-red-color\">Procurador C\u00e2mara de Sorocaba SP (2022) &#8211; Dos 15 aprovados, 5 s\u00e3o alunos do Estrat\u00e9gia!<\/mark><\/li>\n\n\n\n<li><mark style=\"background-color:rgba(0, 0, 0, 0)\" class=\"has-inline-color has-vivid-red-color\">PGM Balne\u00e1rio Cambori\u00fa SC (2022) &#8211; 58 alunos aprovados no concurso!<\/mark><\/li>\n\n\n\n<li><mark style=\"background-color:rgba(0, 0, 0, 0)\" class=\"has-inline-color has-vivid-red-color\">PGM Cuiab\u00e1 (2024) : 23 alunos do Estrat\u00e9gia Carreiras Jur\u00eddicas aprovados no concurso!<\/mark><\/li>\n\n\n\n<li><mark style=\"background-color:rgba(0, 0, 0, 0)\" class=\"has-inline-color has-vivid-red-color\">Procurador C\u00e2mara de Caieiras SP (2024) &#8211; Dos 24 aprovados, 11 s\u00e3o alunos do Estrat\u00e9gia!<\/mark><\/li>\n\n\n\n<li><mark style=\"background-color:rgba(0, 0, 0, 0)\" class=\"has-inline-color has-vivid-red-color\">Procurador C\u00e2mara de Ribeir\u00e3o Pires SP (2024) &#8211; Dos 23 aprovados, 10 s\u00e3o alunos do Estrat\u00e9gia!<\/mark><\/li>\n\n\n\n<li><mark style=\"background-color:rgba(0, 0, 0, 0)\" class=\"has-inline-color has-vivid-red-color\">Procurador C\u00e2mara de Paraty RJ (2024) &#8211; Dos 14 aprovados, 4 s\u00e3o alunos do Estrat\u00e9gia!<\/mark><\/li>\n\n\n\n<li><mark style=\"background-color:rgba(0, 0, 0, 0)\" class=\"has-inline-color has-vivid-red-color\">Procurador C\u00e2mara Votuporanga SP (2023) &#8211; 4 alunos do Estrat\u00e9gia est\u00e3o entre os aprovados do concurso!<\/mark><\/li>\n\n\n\n<li>P<mark style=\"background-color:rgba(0, 0, 0, 0)\" class=\"has-inline-color has-vivid-red-color\">GM CATANDUVA SP (2024) &#8211; 9 alunos do Estrat\u00e9gia Carreiras Jur\u00eddicas aprovados no concurso!<\/mark><\/li>\n\n\n\n<li><mark style=\"background-color:rgba(0, 0, 0, 0)\" class=\"has-inline-color has-vivid-red-color\">Procurador C\u00e2mara Batatais SP (2023) &#8211; Dos 58 aprovados, 21 s\u00e3o alunos do Estrat\u00e9gia!<\/mark><\/li>\n\n\n\n<li><mark style=\"background-color:rgba(0, 0, 0, 0)\" class=\"has-inline-color has-vivid-red-color\">Procurador C\u00e2mara de Americana SP (2024) &#8211; 5 alunos do Estrat\u00e9gia Carreiras Jur\u00eddicas aprovados no concurso!<\/mark><\/li>\n\n\n\n<li><mark style=\"background-color:rgba(0, 0, 0, 0)\" class=\"has-inline-color has-vivid-red-color\">Procurador C\u00e2mara Monte Alto (2024)  &#8211; Dos 21 aprovados,7 s\u00e3o alunos do Estrat\u00e9gia!<\/mark><\/li>\n\n\n\n<li><mark style=\"background-color:rgba(0, 0, 0, 0)\" class=\"has-inline-color has-vivid-red-color\">Procurador C\u00e2mara de SP (2023) &#8211; Dos 85 aprovados, 34 s\u00e3o alunos do Estrat\u00e9gia!<\/mark><\/li>\n\n\n\n<li><mark style=\"background-color:rgba(0, 0, 0, 0)\" class=\"has-inline-color has-vivid-red-color\">Procurador C\u00e2mara Pouso Alegre MG (2023)  &#8211; Dos 20 aprovados, 6 s\u00e3o alunos do Estrat\u00e9gia!<\/mark><\/li>\n\n\n\n<li><mark style=\"background-color:rgba(0, 0, 0, 0)\" class=\"has-inline-color has-vivid-red-color\">Procurador C\u00e2mara de SJC SP (2023) &#8211; 13 alunos do Estrat\u00e9gia est\u00e3o entre os aprovados do concurso!<\/mark><\/li>\n\n\n\n<li><mark style=\"background-color:rgba(0, 0, 0, 0)\" class=\"has-inline-color has-vivid-red-color\">PGM BH &#8211; 27 alunos aprovados no concurso!<\/mark><\/li>\n\n\n\n<li><mark style=\"background-color:rgba(0, 0, 0, 0)\" class=\"has-inline-color has-vivid-red-color\">Procurador C\u00e2mara de Vinhedo SP (2024) &#8211; 3 alunos do Estrat\u00e9gia Carreiras Jur\u00eddicas aprovados no concurso!<\/mark><\/li>\n\n\n\n<li><mark style=\"background-color:rgba(0, 0, 0, 0)\" class=\"has-inline-color has-vivid-red-color\">PGM Teresina PI &#8211; Dos 56 aprovados, 17 s\u00e3o alunos do Estrat\u00e9gia!<\/mark><\/li>\n\n\n\n<li><mark style=\"background-color:rgba(0, 0, 0, 0)\" class=\"has-inline-color has-vivid-red-color\">Procurador C\u00e2mara de Carapicu\u00edba SP (2024) &#8211; Dos 61 aprovados, 22 s\u00e3o alunos do Estrat\u00e9gia!<\/mark><\/li>\n\n\n\n<li><mark style=\"background-color:rgba(0, 0, 0, 0)\" class=\"has-inline-color has-vivid-red-color\">PGM Nova Igua\u00e7u RJ (2024) &#8211; 7 alunos aprovados no concurso!<\/mark><\/li>\n\n\n\n<li><mark style=\"background-color:rgba(0, 0, 0, 0)\" class=\"has-inline-color has-vivid-red-color\">PGM Passo Fundo RS (2024) &#8211; 4 alunos do Estrat\u00e9gia Carreiras Jur\u00eddicas aprovados no concurso!<\/mark><\/li>\n\n\n\n<li><mark style=\"background-color:rgba(0, 0, 0, 0)\" class=\"has-inline-color has-vivid-red-color\">Procurador C\u00e2mara de Cotia SP (2024)  &#8211; Dos 17 aprovados, 6 s\u00e3o alunos do Estrat\u00e9gia!<\/mark><\/li>\n\n\n\n<li><mark style=\"background-color:rgba(0, 0, 0, 0)\" class=\"has-inline-color has-vivid-red-color\">PGM Boa Vista RR (2019) &#8211; Dos 28 aprovados, 5 s\u00e3o alunos do Estrat\u00e9gia!<\/mark><\/li>\n\n\n\n<li><mark style=\"background-color:rgba(0, 0, 0, 0)\" class=\"has-inline-color has-vivid-red-color\">PGM Santo Andr\u00e9 SP (2024) &#8211; Dos 351 aprovados, 122 s\u00e3o alunos do Estrat\u00e9gia!<\/mark><\/li>\n\n\n\n<li><mark style=\"background-color:rgba(0, 0, 0, 0)\" class=\"has-inline-color has-vivid-red-color\">PGM Caraguatatuba SP (2023)  &#8211; 19 alunos do Estrat\u00e9gia est\u00e3o entre os aprovados do concurso!<\/mark><\/li>\n\n\n\n<li><mark style=\"background-color:rgba(0, 0, 0, 0)\" class=\"has-inline-color has-vivid-red-color\">PGM Rio Largo AL (2024) &#8211; 43 alunos do Estrat\u00e9gia Carreiras Jur\u00eddicas aprovados no concurso!<\/mark><\/li>\n\n\n\n<li><mark style=\"background-color:rgba(0, 0, 0, 0)\" class=\"has-inline-color has-vivid-red-color\">Resid\u00eancia PGM Porto Alegre (2024) &#8211; Dos 174 aprovados, 54 s\u00e3o alunos do Estrat\u00e9gia!<\/mark><\/li>\n\n\n\n<li><mark style=\"background-color:rgba(0, 0, 0, 0)\" class=\"has-inline-color has-vivid-red-color\">Procurador C\u00e2mara Caxias MA (2024) &#8211; o 4\u00ba colocado \u00e9 aluno do Estrat\u00e9gia Carreiras Jur\u00eddicas!<\/mark><\/li>\n\n\n\n<li><mark style=\"background-color:rgba(0, 0, 0, 0)\" class=\"has-inline-color has-vivid-red-color\">Procurador C\u00e2mara de Manaus (2024)  &#8211; 17 alunos do Estrat\u00e9gia Carreiras Jur\u00eddicas aprovados no concurso!<\/mark><\/li>\n\n\n\n<li><mark style=\"background-color:rgba(0, 0, 0, 0)\" class=\"has-inline-color has-vivid-red-color\">PGM Vit\u00f3ria ES (2024) &#8211; 28 alunos do Estrat\u00e9gia Carreiras Jur\u00eddicas aprovados no concurso!<\/mark><\/li>\n\n\n\n<li><mark style=\"background-color:rgba(0, 0, 0, 0)\" class=\"has-inline-color has-vivid-red-color\">Procurador FMJ SP <mark style=\"background-color:rgba(0, 0, 0, 0)\" class=\"has-inline-color has-vivid-red-color\">(2024)<\/mark><\/mark> <mark style=\"background-color:rgba(0, 0, 0, 0)\" class=\"has-inline-color has-vivid-red-color\">&#8211; 1 aluno do Estrat\u00e9gia Carreiras Jur\u00eddicas aprovado no concurso!<\/mark><\/li>\n\n\n\n<li><mark style=\"background-color:rgba(0, 0, 0, 0)\" class=\"has-inline-color has-vivid-red-color\">PGM S\u00e3o Vicente SP <mark style=\"background-color:rgba(0, 0, 0, 0)\" class=\"has-inline-color has-vivid-red-color\">(2023)<\/mark><\/mark> <mark style=\"background-color:rgba(0, 0, 0, 0)\" class=\"has-inline-color has-vivid-red-color\">&#8211; Dos 10 aprovados, 4 s\u00e3o alunos do Estrat\u00e9gia!<\/mark><\/li>\n\n\n\n<li><strong><mark style=\"background-color:rgba(0, 0, 0, 0)\" class=\"has-inline-color has-vivid-red-color\">Procurador ALE TO <mark style=\"background-color:rgba(0, 0, 0, 0)\" class=\"has-inline-color has-vivid-red-color\">(2023)<\/mark> &#8211; Dos 8 aprovados,2 s\u00e3o alunos do Estrat\u00e9gia!<\/mark><\/strong><\/li>\n\n\n\n<li><strong><mark style=\"background-color:rgba(0, 0, 0, 0)\" class=\"has-inline-color has-vivid-red-color\">Procurador ALMG <mark style=\"background-color:rgba(0, 0, 0, 0)\" class=\"has-inline-color has-vivid-red-color\">(2022)<\/mark><\/mark><\/strong> <strong><mark style=\"background-color:rgba(0, 0, 0, 0)\" class=\"has-inline-color has-vivid-red-color\">&#8211; Dos 9 aprovados, 2 s\u00e3o alunos do Estrat\u00e9gia!<\/mark><\/strong><\/li>\n\n\n\n<li><mark style=\"background-color:rgba(0, 0, 0, 0)\" class=\"has-inline-color has-vivid-red-color\">PGM Florian\u00f3polis <mark style=\"background-color:rgba(0, 0, 0, 0)\" class=\"has-inline-color has-vivid-red-color\">(2021 )<\/mark>&#8211; 9 alunos aprovados no concurso!<\/mark><\/li>\n\n\n\n<li><mark style=\"background-color:rgba(0, 0, 0, 0)\" class=\"has-inline-color has-vivid-red-color\">Procurador USP <mark style=\"background-color:rgba(0, 0, 0, 0)\" class=\"has-inline-color has-vivid-red-color\">(2023)<\/mark> &#8211; Dos 173 aprovados, 43 s\u00e3o alunos do Estrat\u00e9gia!<\/mark><\/li>\n\n\n\n<li><mark style=\"background-color:rgba(0, 0, 0, 0)\" class=\"has-inline-color has-vivid-red-color\">PGM SP <mark style=\"background-color:rgba(0, 0, 0, 0)\" class=\"has-inline-color has-vivid-red-color\">(2023)<\/mark>&#8211; 145 alunos est\u00e3o entre os aprovados do concurso!<\/mark><\/li>\n\n\n\n<li><mark style=\"background-color:rgba(0, 0, 0, 0)\" class=\"has-inline-color has-vivid-red-color\">PGM NATAL RN <mark style=\"background-color:rgba(0, 0, 0, 0)\" class=\"has-inline-color has-vivid-red-color\">(2023)<\/mark> &#8211; Dos 126 aprovados,34 s\u00e3o alunos do Estrat\u00e9gia!<\/mark><\/li>\n\n\n\n<li><mark style=\"background-color:rgba(0, 0, 0, 0)\" class=\"has-inline-color has-vivid-red-color\">PGM Diadema SP (2024) &#8211; Dos 35 aprovados, 19 s\u00e3o alunos do Estrat\u00e9gia!<\/mark><\/li>\n\n\n\n<li><mark style=\"background-color:rgba(0, 0, 0, 0)\" class=\"has-inline-color has-vivid-red-color\">PGM Pitangueiras SP (2023) &#8211; 6 alunos est\u00e3o entre os aprovados do concurso!<\/mark><\/li>\n\n\n\n<li><mark style=\"background-color:rgba(0, 0, 0, 0)\" class=\"has-inline-color has-vivid-red-color\">PGM Cama\u00e7ari BA (2023) &#8211; Dos 19 aprovados, 9 s\u00e3o alunos do Estrat\u00e9gia!<\/mark><\/li>\n\n\n\n<li><mark style=\"background-color:rgba(0, 0, 0, 0)\" class=\"has-inline-color has-vivid-red-color\">PGE RR (2023) &#8211; Dos 36 aprovados, 10 s\u00e3o alunos do Estrat\u00e9gia!<\/mark><\/li>\n\n\n\n<li><mark style=\"background-color:rgba(0, 0, 0, 0)\" class=\"has-inline-color has-vivid-red-color\">PGE PA Procurador (2023) &#8211; 3 alunos est\u00e3o entre os aprovados do concurso!<\/mark><\/li>\n\n\n\n<li><mark style=\"background-color:rgba(0, 0, 0, 0)\" class=\"has-inline-color has-vivid-red-color\">Procurador ALE RS (2024) &#8211; Os 10 alunos aprovados usaram nossas assinaturas e cursos espec\u00edficos de procuradorias.<\/mark><\/li>\n\n\n\n<li><mark style=\"background-color:rgba(0, 0, 0, 0)\" class=\"has-inline-color has-vivid-red-color\">PGE GO Procurador (2024) &#8211; 15 alunos aprovados no certame! Eles usaram em sua maioria Assinatura Procuradorias e Assinatura Premium 1 Ano.<\/mark><\/li>\n\n\n\n<li><mark style=\"background-color:rgba(0, 0, 0, 0)\" class=\"has-inline-color has-vivid-red-color\">PGM Esmeralda MG (2024)<\/mark> <mark style=\"background-color:rgba(0, 0, 0, 0)\" class=\"has-inline-color has-vivid-red-color\">&#8211; 4 vagas foram para nossos alunos! Eles usaram nossa Assinatura Vital\u00edcia e tamb\u00e9m mapas mentais.<\/mark><\/li>\n\n\n\n<li><mark style=\"background-color:rgba(0, 0, 0, 0)\" class=\"has-inline-color has-vivid-red-color\">PGM Santa Maria RS (2024) &#8211; 7 alunos aprovados no concurso! Eles usaram nossos Sistema de Quest\u00f5es Vital\u00edcio, Sistema de Quest\u00f5es 1 Ano e Assinatura Procuradorias 2 Anos.<\/mark><\/li>\n\n\n\n<li><mark style=\"background-color:rgba(0, 0, 0, 0)\" class=\"has-inline-color has-vivid-red-color\">PGM Tabatinga AM (2024)- Das 5 vagas, 3 foram para nossos alunos! Eles usaram a Assinatura Premium 2 anos, Assinatura Jur\u00eddica 1 ano e o Sistema de quest\u00f5es.<\/mark><\/li>\n\n\n\n<li><mark style=\"background-color:rgba(0, 0, 0, 0)\" class=\"has-inline-color has-vivid-red-color\">PGM Praia Grande SP (2024) &#8211; Dos 5 alunos aprovados, dois usaram a Assinatura Vital\u00edcia, um a Assinatura de Procuradorias e um Pacote PGM SP.<\/mark><\/li>\n\n\n\n<li><mark style=\"background-color:rgba(0, 0, 0, 0)\" class=\"has-inline-color has-vivid-red-color\">SAAEB Brodowski\/SP (Procurador) <mark style=\"background-color:rgba(0, 0, 0, 0)\" class=\"has-inline-color has-vivid-red-color\">(2024)<\/mark> &#8211; Dos 6 aprovados, 1 \u00e9 aluno do Estrat\u00e9gia e usou a Assinatura Vital\u00edcia!<\/mark><\/li>\n\n\n\n<li><strong><mark style=\"background-color:rgba(0, 0, 0, 0)\" class=\"has-inline-color has-vivid-red-color\">Procurador TCE RJ <mark style=\"background-color:rgba(0, 0, 0, 0)\" class=\"has-inline-color has-vivid-red-color\">(2022)<\/mark> &#8211; Dos 48 aprovados, 21 s\u00e3o alunos do Estrat\u00e9gia!<\/mark><\/strong><\/li>\n\n\n\n<li><strong><mark style=\"background-color:rgba(0, 0, 0, 0)\" class=\"has-inline-color has-vivid-red-color\">PGM Recife 2022 &#8211; Das 3 vagas, 3 foram para nossos alunos!<\/mark><\/strong><\/li>\n\n\n\n<li><mark style=\"background-color:rgba(0, 0, 0, 0)\" class=\"has-inline-color has-vivid-red-color\">PGE SC 2022 &#8211; o 1\u00ba, 2\u00ba, 3\u00ba e 4\u00ba colocados s\u00e3o alunos do Estrat\u00e9gia!<\/mark><\/li>\n\n\n\n<li><mark style=\"background-color:rgba(0, 0, 0, 0)\" class=\"has-inline-color has-vivid-red-color\">PGDF 2022- Das 65 vagas, 32 foram para nossos alunos!<\/mark><\/li>\n\n\n\n<li><mark style=\"background-color:rgba(0, 0, 0, 0)\" class=\"has-inline-color has-vivid-red-color\">MPF Procurador 2022 &#8211; 6 alunos aprovados no concurso!<\/mark><\/li>\n\n\n\n<li><mark style=\"background-color:rgba(0, 0, 0, 0)\" class=\"has-inline-color has-vivid-red-color\">Procurador C\u00e2mara de Contagem MG 2022- o 1\u00ba colocado \u00e9 aluno do Estrat\u00e9gia Carreira Jur\u00eddica!<\/mark><\/li>\n\n\n\n<li><mark style=\"background-color:rgba(0, 0, 0, 0)\" class=\"has-inline-color has-vivid-red-color\">AGE MG 2022- Dos 222 aprovados, 57 s\u00e3o alunos do Estrat\u00e9gia!<\/mark><\/li>\n\n\n\n<li><mark style=\"background-color:rgba(0, 0, 0, 0)\" class=\"has-inline-color has-vivid-red-color\">Procurador ALESP 2022 &#8211; o 1\u00ba colocado \u00e9 aluno do Estrat\u00e9gia Carreira Jur\u00eddica!<\/mark><\/li>\n\n\n\n<li><mark style=\"background-color:rgba(0, 0, 0, 0)\" class=\"has-inline-color has-vivid-red-color\">PGM Jaboat\u00e3o dos Guararapes <mark style=\"background-color:rgba(0, 0, 0, 0)\" class=\"has-inline-color has-vivid-red-color\">(2024)<\/mark><\/mark> <mark style=\"background-color:rgba(0, 0, 0, 0)\" class=\"has-inline-color has-vivid-red-color\">&#8211; Dos 68 aprovados, 22 s\u00e3o alunos do Estrat\u00e9gia Carreira Jur\u00eddica!<\/mark><\/li>\n\n\n\n<li><mark style=\"background-color:rgba(0, 0, 0, 0)\" class=\"has-inline-color has-vivid-red-color\">PGM Medianeira PR <mark style=\"background-color:rgba(0, 0, 0, 0)\" class=\"has-inline-color has-vivid-red-color\">(2024)<\/mark><\/mark> <mark style=\"background-color:rgba(0, 0, 0, 0)\" class=\"has-inline-color has-vivid-red-color\">&#8211; Dos 38 aprovados 14 s\u00e3o alunos do Estrat\u00e9gia Carreira Jur\u00eddica!<\/mark><\/li>\n\n\n\n<li><mark style=\"background-color:rgba(0, 0, 0, 0)\" class=\"has-inline-color has-vivid-red-color\">PGE SC <mark style=\"background-color:rgba(0, 0, 0, 0)\" class=\"has-inline-color has-vivid-red-color\">(2022)<\/mark> &#8211; Dos 48 aprovados, 19 s\u00e3o alunos do Estrat\u00e9gia!<\/mark><\/li>\n\n\n\n<li><mark style=\"background-color:rgba(0, 0, 0, 0)\" class=\"has-inline-color has-vivid-red-color\">Procurador C\u00e2mara de S\u00e3o Mateus <mark style=\"background-color:rgba(0, 0, 0, 0)\" class=\"has-inline-color has-vivid-red-color\">(2024)<\/mark><\/mark> <mark style=\"background-color:rgba(0, 0, 0, 0)\" class=\"has-inline-color has-vivid-red-color\">&#8211; 3 alunos aprovados no concurso!<\/mark><\/li>\n\n\n\n<li><mark style=\"background-color:rgba(0, 0, 0, 0)\" class=\"has-inline-color has-vivid-red-color\">PGM Santar\u00e9m PA <mark style=\"background-color:rgba(0, 0, 0, 0)\" class=\"has-inline-color has-vivid-red-color\">(2024)<\/mark><\/mark> <mark style=\"background-color:rgba(0, 0, 0, 0)\" class=\"has-inline-color has-vivid-red-color\">&#8211; 1\u00ba e o 2\u00ba colocados s\u00e3o alunos do Estrat\u00e9gia Carreira Jur\u00eddica!<\/mark><\/li>\n\n\n\n<li><mark style=\"background-color:rgba(0, 0, 0, 0)\" class=\"has-inline-color has-vivid-red-color\">Procurador AMAE <mark style=\"background-color:rgba(0, 0, 0, 0)\" class=\"has-inline-color has-vivid-red-color\">(2024)<\/mark> &#8211; Dos 20 aprovados, 5 s\u00e3o alunos do Estrat\u00e9gia Carreira Jur\u00eddica!<\/mark><\/li>\n\n\n\n<li><mark style=\"background-color:rgba(0, 0, 0, 0)\" class=\"has-inline-color has-vivid-red-color\">PGM Mossor\u00f3 RN <mark style=\"background-color:rgba(0, 0, 0, 0)\" class=\"has-inline-color has-vivid-red-color\">(2024)<\/mark>&#8211; 6 alunos aprovados no concurso!<\/mark><\/li>\n\n\n\n<li><mark style=\"background-color:rgba(0, 0, 0, 0)\" class=\"has-inline-color has-vivid-red-color\">Concurso PGM Lins SP <mark style=\"background-color:rgba(0, 0, 0, 0)\" class=\"has-inline-color has-vivid-red-color\">(2024)<\/mark>&#8211;<\/mark> <mark style=\"background-color:rgba(0, 0, 0, 0)\" class=\"has-inline-color has-vivid-red-color\">o 1\u00ba colocado \u00e9 aluno do Estrat\u00e9gia Carreira Jur\u00eddica!<\/mark><\/li>\n\n\n\n<li><mark style=\"background-color:rgba(0, 0, 0, 0)\" class=\"has-inline-color has-vivid-red-color\">Procurador C\u00e2mara de Piracicaba SP <mark style=\"background-color:rgba(0, 0, 0, 0)\" class=\"has-inline-color has-vivid-red-color\">(2024)<\/mark><\/mark> <mark style=\"background-color:rgba(0, 0, 0, 0)\" class=\"has-inline-color has-vivid-red-color\">&#8211; Dos 28 aprovados, 13 s\u00e3o alunos do Estrat\u00e9gia Carreira Jur\u00eddica!<\/mark><\/li>\n\n\n\n<li><mark style=\"background-color:rgba(0, 0, 0, 0)\" class=\"has-inline-color has-vivid-red-color\">Procurador Itajub\u00e1 MG <mark style=\"background-color:rgba(0, 0, 0, 0)\" class=\"has-inline-color has-vivid-red-color\">(2023)<\/mark>&#8211; o 1\u00ba colocado \u00e9 aluno do Estrat\u00e9gia Carreira Jur\u00eddica!<\/mark><\/li>\n\n\n\n<li><mark style=\"background-color:rgba(0, 0, 0, 0)\" class=\"has-inline-color has-vivid-red-color\">PGM Maracaju MS <mark style=\"background-color:rgba(0, 0, 0, 0)\" class=\"has-inline-color has-vivid-red-color\">(2024)<\/mark> &#8211; Dos 45 aprovados, 20 s\u00e3o alunos do Estrat\u00e9gia Carreira Jur\u00eddica!<\/mark><\/li>\n\n\n\n<li><mark style=\"background-color:rgba(0, 0, 0, 0)\" class=\"has-inline-color has-vivid-red-color\">Procurador SAAEB Brodwoski SP <mark style=\"background-color:rgba(0, 0, 0, 0)\" class=\"has-inline-color has-vivid-red-color\">(2024)<\/mark> &#8211; 1 aluno aprovado no concurso!<\/mark><\/li>\n\n\n\n<li><mark style=\"background-color:rgba(0, 0, 0, 0)\" class=\"has-inline-color has-vivid-red-color\">Procurador IPRESB <mark style=\"background-color:rgba(0, 0, 0, 0)\" class=\"has-inline-color has-vivid-red-color\">(2024)<\/mark><\/mark> <mark style=\"background-color:rgba(0, 0, 0, 0)\" class=\"has-inline-color has-vivid-red-color\">&#8211; Dos 27 aprovados, 7 s\u00e3o alunos do Estrat\u00e9gia Carreira Jur\u00eddica!<\/mark><\/li>\n\n\n\n<li><mark style=\"background-color:rgba(0, 0, 0, 0)\" class=\"has-inline-color has-vivid-red-color\">Procurador C\u00e2mara de Cabo de Santo Agostinho <mark style=\"background-color:rgba(0, 0, 0, 0)\" class=\"has-inline-color has-vivid-red-color\">(2024)<\/mark>&#8211; 56 alunos do Estrat\u00e9gia Carreira Jur\u00eddica aprovados no concurso!<\/mark><\/li>\n\n\n\n<li><mark style=\"background-color:rgba(0, 0, 0, 0)\" class=\"has-inline-color has-vivid-red-color\">Procurador ALE TO <mark style=\"background-color:rgba(0, 0, 0, 0)\" class=\"has-inline-color has-vivid-red-color\">(2023)<\/mark> &#8211; Dos 8 aprovados, 2 s\u00e3o alunos do Estrat\u00e9gia!<\/mark><\/li>\n\n\n\n<li><mark style=\"background-color:rgba(0, 0, 0, 0)\" class=\"has-inline-color has-vivid-red-color\">Procurador C\u00e2mara de Nova Igua\u00e7u RJ <mark style=\"background-color:rgba(0, 0, 0, 0)\" class=\"has-inline-color has-vivid-red-color\"><mark style=\"background-color:rgba(0, 0, 0, 0)\" class=\"has-inline-color has-vivid-red-color\">(2024)<\/mark><\/mark><\/mark> <mark style=\"background-color:rgba(0, 0, 0, 0)\" class=\"has-inline-color has-vivid-red-color\">&#8211; Dos 29 aprovados, 8 s\u00e3o alunos do Estrat\u00e9gia Carreira Jur\u00eddica!<\/mark><\/li>\n\n\n\n<li><mark style=\"background-color:rgba(0, 0, 0, 0)\" class=\"has-inline-color has-vivid-red-color\">PGE RN Procurador <mark style=\"background-color:rgba(0, 0, 0, 0)\" class=\"has-inline-color has-vivid-red-color\"><mark style=\"background-color:rgba(0, 0, 0, 0)\" class=\"has-inline-color has-vivid-red-color\">(2023)<\/mark><\/mark>&#8211; Dos 220 aprovados, 71 s\u00e3o alunos do Estrat\u00e9gia!<\/mark><\/li>\n\n\n\n<li><mark style=\"background-color:rgba(0, 0, 0, 0)\" class=\"has-inline-color has-vivid-red-color\">Procurador C\u00e2mara de Louveira SP <mark style=\"background-color:rgba(0, 0, 0, 0)\" class=\"has-inline-color has-vivid-red-color\"><mark style=\"background-color:rgba(0, 0, 0, 0)\" class=\"has-inline-color has-vivid-red-color\">(2024)<\/mark><\/mark> &#8211; Dos 12 aprovados, 4 s\u00e3o alunos do Estrat\u00e9gia Carreira Jur\u00eddica!<\/mark><\/li>\n\n\n\n<li><mark style=\"background-color:rgba(0, 0, 0, 0)\" class=\"has-inline-color has-vivid-red-color\">Procurador C\u00e2mara de Areal RJ <mark style=\"background-color:rgba(0, 0, 0, 0)\" class=\"has-inline-color has-vivid-red-color\"><mark style=\"background-color:rgba(0, 0, 0, 0)\" class=\"has-inline-color has-vivid-red-color\">(2024)<\/mark><\/mark><\/mark> <mark style=\"background-color:rgba(0, 0, 0, 0)\" class=\"has-inline-color has-vivid-red-color\">&#8211; 1 aluno aprovado no concurso!<\/mark><\/li>\n\n\n\n<li><mark style=\"background-color:rgba(0, 0, 0, 0)\" class=\"has-inline-color has-vivid-red-color\">Procurador C\u00e2mara de Pato Branco PR <mark style=\"background-color:rgba(0, 0, 0, 0)\" class=\"has-inline-color has-vivid-red-color\"><mark style=\"background-color:rgba(0, 0, 0, 0)\" class=\"has-inline-color has-vivid-red-color\">(2024)<\/mark><\/mark><\/mark> <mark style=\"background-color:rgba(0, 0, 0, 0)\" class=\"has-inline-color has-vivid-red-color\">&#8211; Dos 11 alunos aprovados, um garantiu o 1\u00ba lugar!<\/mark><\/li>\n\n\n\n<li><mark style=\"background-color:rgba(0, 0, 0, 0)\" class=\"has-inline-color has-vivid-red-color\">PGM Conc\u00f3rdia SC <mark style=\"background-color:rgba(0, 0, 0, 0)\" class=\"has-inline-color has-vivid-red-color\"><mark style=\"background-color:rgba(0, 0, 0, 0)\" class=\"has-inline-color has-vivid-red-color\">(2024)<\/mark><\/mark><\/mark> <mark style=\"background-color:rgba(0, 0, 0, 0)\" class=\"has-inline-color has-vivid-red-color\">&#8211; Dos 32 aprovados, 9 s\u00e3o alunos do Estrat\u00e9gia Carreira Jur\u00eddica!<\/mark><\/li>\n\n\n\n<li><mark style=\"background-color:rgba(0, 0, 0, 0)\" class=\"has-inline-color has-vivid-red-color\">PGM Bebedouro SP <mark style=\"background-color:rgba(0, 0, 0, 0)\" class=\"has-inline-color has-vivid-red-color\"><mark style=\"background-color:rgba(0, 0, 0, 0)\" class=\"has-inline-color has-vivid-red-color\">(2024)<\/mark><\/mark><\/mark> <mark style=\"background-color:rgba(0, 0, 0, 0)\" class=\"has-inline-color has-vivid-red-color\">&#8211; o 1\u00ba colocado \u00e9 aluno do Estrat\u00e9gia Carreira Jur\u00eddica!<\/mark><\/li>\n\n\n\n<li><mark style=\"background-color:rgba(0, 0, 0, 0)\" class=\"has-inline-color has-vivid-red-color\">PGM IBAT\u00c9 SP <mark style=\"background-color:rgba(0, 0, 0, 0)\" class=\"has-inline-color has-vivid-red-color\"><mark style=\"background-color:rgba(0, 0, 0, 0)\" class=\"has-inline-color has-vivid-red-color\">(2024)<\/mark><\/mark><\/mark> <mark style=\"background-color:rgba(0, 0, 0, 0)\" class=\"has-inline-color has-vivid-red-color\">&#8211; Dos 20 aprovados, 8 s\u00e3o alunos do Estrat\u00e9gia!<\/mark><\/li>\n\n\n\n<li><mark style=\"background-color:rgba(0, 0, 0, 0)\" class=\"has-inline-color has-vivid-red-color\">PGM Monte Alto SP <mark style=\"background-color:rgba(0, 0, 0, 0)\" class=\"has-inline-color has-vivid-red-color\"><mark style=\"background-color:rgba(0, 0, 0, 0)\" class=\"has-inline-color has-vivid-red-color\">(2024)<\/mark><\/mark> &#8211; 3 alunos do Estrat\u00e9gia Carreira Jur\u00eddica aprovados no concurso!<\/mark><\/li>\n\n\n\n<li><mark style=\"background-color:rgba(0, 0, 0, 0)\" class=\"has-inline-color has-vivid-red-color\">PGM Registro SP <mark style=\"background-color:rgba(0, 0, 0, 0)\" class=\"has-inline-color has-vivid-red-color\"><mark style=\"background-color:rgba(0, 0, 0, 0)\" class=\"has-inline-color has-vivid-red-color\">(2024)<\/mark><\/mark><\/mark> <mark style=\"background-color:rgba(0, 0, 0, 0)\" class=\"has-inline-color has-vivid-red-color\">&#8211; Dos 54 aprovados, 11 s\u00e3o alunos do Estrat\u00e9gia!<\/mark><\/li>\n\n\n\n<li><mark style=\"background-color:rgba(0, 0, 0, 0)\" class=\"has-inline-color has-vivid-red-color\">Procurador C\u00e2mara de Santana de Parna\u00edba SP <mark style=\"background-color:rgba(0, 0, 0, 0)\" class=\"has-inline-color has-vivid-red-color\"><mark style=\"background-color:rgba(0, 0, 0, 0)\" class=\"has-inline-color has-vivid-red-color\">(2024)<\/mark><\/mark><\/mark> <mark style=\"background-color:rgba(0, 0, 0, 0)\" class=\"has-inline-color has-vivid-red-color\">&#8211; Dos 34 aprovados, 17 s\u00e3o alunos do Estrat\u00e9gia Carreira Jur\u00eddica!<\/mark><\/li>\n\n\n\n<li><mark style=\"background-color:rgba(0, 0, 0, 0)\" class=\"has-inline-color has-vivid-red-color\">PGM Descalvado SP <mark style=\"background-color:rgba(0, 0, 0, 0)\" class=\"has-inline-color has-vivid-red-color\"><mark style=\"background-color:rgba(0, 0, 0, 0)\" class=\"has-inline-color has-vivid-red-color\">(2024)<\/mark><\/mark><\/mark> <mark style=\"background-color:rgba(0, 0, 0, 0)\" class=\"has-inline-color has-vivid-red-color\">&#8211; Dos 20 aprovados, 9 s\u00e3o alunos do Estrat\u00e9gia Carreira Jur\u00eddica!<\/mark><\/li>\n\n\n\n<li><mark style=\"background-color:rgba(0, 0, 0, 0)\" class=\"has-inline-color has-vivid-red-color\">PGM Nil\u00f3polis RJ <mark style=\"background-color:rgba(0, 0, 0, 0)\" class=\"has-inline-color has-vivid-red-color\"><mark style=\"background-color:rgba(0, 0, 0, 0)\" class=\"has-inline-color has-vivid-red-color\">(2024)<\/mark><\/mark><\/mark> <mark style=\"background-color:rgba(0, 0, 0, 0)\" class=\"has-inline-color has-vivid-red-color\">&#8211; 13 alunos aprovados no concurso!<\/mark><\/li>\n\n\n\n<li><strong><mark style=\"background-color:rgba(0, 0, 0, 0)\" class=\"has-inline-color has-vivid-red-color\">PGM INDAIAL SC <mark style=\"background-color:rgba(0, 0, 0, 0)\" class=\"has-inline-color has-vivid-red-color\"><mark style=\"background-color:rgba(0, 0, 0, 0)\" class=\"has-inline-color has-vivid-red-color\">(2024)<\/mark><\/mark><\/mark><\/strong> <strong><mark style=\"background-color:rgba(0, 0, 0, 0)\" class=\"has-inline-color has-vivid-red-color\">&#8211; Dos 6 aprovados, 3 s\u00e3o alunos do Estrat\u00e9gia Carreira Jur\u00eddica!<\/mark><\/strong><\/li>\n\n\n\n<li><mark style=\"background-color:rgba(0, 0, 0, 0)\" class=\"has-inline-color has-vivid-red-color\">Procurador C\u00e2mara de Vinhedo SP <mark style=\"background-color:rgba(0, 0, 0, 0)\" class=\"has-inline-color has-vivid-red-color\"><mark style=\"background-color:rgba(0, 0, 0, 0)\" class=\"has-inline-color has-vivid-red-color\">(2024)<\/mark><\/mark> &#8211; Dos 11 aprovados, 3 s\u00e3o alunos do Estrat\u00e9gia Carreira Jur\u00eddica!<\/mark><\/li>\n\n\n\n<li><mark style=\"background-color:rgba(0, 0, 0, 0)\" class=\"has-inline-color has-vivid-red-color\">PGM Tabo\u00e3o da Serra SP <mark style=\"background-color:rgba(0, 0, 0, 0)\" class=\"has-inline-color has-vivid-red-color\"><mark style=\"background-color:rgba(0, 0, 0, 0)\" class=\"has-inline-color has-vivid-red-color\">(2024)<\/mark><\/mark><\/mark> <mark style=\"background-color:rgba(0, 0, 0, 0)\" class=\"has-inline-color has-vivid-red-color\">&#8211; Dos 49 aprovados, 17 s\u00e3o alunos do Estrat\u00e9gia Carreira Jur\u00eddica!<\/mark><\/li>\n\n\n\n<li><mark style=\"background-color:rgba(0, 0, 0, 0)\" class=\"has-inline-color has-vivid-red-color\">PGM UBERABA MG <mark style=\"background-color:rgba(0, 0, 0, 0)\" class=\"has-inline-color has-vivid-red-color\"><mark style=\"background-color:rgba(0, 0, 0, 0)\" class=\"has-inline-color has-vivid-red-color\">(2024)<\/mark><\/mark><\/mark> <mark style=\"background-color:rgba(0, 0, 0, 0)\" class=\"has-inline-color has-vivid-red-color\">&#8211; 19 alunos aprovados no concurso!<\/mark><\/li>\n\n\n\n<li><mark style=\"background-color:rgba(0, 0, 0, 0)\" class=\"has-inline-color has-vivid-red-color\">PGM OSASCO SP <mark style=\"background-color:rgba(0, 0, 0, 0)\" class=\"has-inline-color has-vivid-red-color\"><mark style=\"background-color:rgba(0, 0, 0, 0)\" class=\"has-inline-color has-vivid-red-color\">(2024)<\/mark><\/mark> &#8211; 9 alunos aprovados no concurso!<\/mark><\/li>\n\n\n\n<li><mark style=\"background-color:rgba(0, 0, 0, 0)\" class=\"has-inline-color has-vivid-red-color\">PGM Ribeir\u00e3o das Neves MG <mark style=\"background-color:rgba(0, 0, 0, 0)\" class=\"has-inline-color has-vivid-red-color\"><mark style=\"background-color:rgba(0, 0, 0, 0)\" class=\"has-inline-color has-vivid-red-color\">(2024)<\/mark><\/mark><\/mark> <mark style=\"background-color:rgba(0, 0, 0, 0)\" class=\"has-inline-color has-vivid-red-color\">&#8211; Dos 20 aprovados, 8 s\u00e3o alunos do Estrat\u00e9gia Carreira Jur\u00eddica!<\/mark><\/li>\n\n\n\n<li><mark style=\"background-color:rgba(0, 0, 0, 0)\" class=\"has-inline-color has-vivid-red-color\">Resid\u00eancia PGM Porto Alegre <mark style=\"background-color:rgba(0, 0, 0, 0)\" class=\"has-inline-color has-vivid-red-color\"><mark style=\"background-color:rgba(0, 0, 0, 0)\" class=\"has-inline-color has-vivid-red-color\">(2024)<\/mark><\/mark><\/mark> <mark style=\"background-color:rgba(0, 0, 0, 0)\" class=\"has-inline-color has-vivid-red-color\">&#8211; Dos 213 aprovados, 54 s\u00e3o alunos do Estrat\u00e9gia Carreira Jur\u00eddica!<\/mark><\/li>\n\n\n\n<li><mark style=\"background-color:rgba(0, 0, 0, 0)\" class=\"has-inline-color has-vivid-red-color\">C\u00e2mara de Olinda\/PE <mark style=\"background-color:rgba(0, 0, 0, 0)\" class=\"has-inline-color has-vivid-red-color\"><mark style=\"background-color:rgba(0, 0, 0, 0)\" class=\"has-inline-color has-vivid-red-color\">(2024)<\/mark><\/mark>&#8211; 5 aprovados no concurso s\u00e3o alunos do Estrat\u00e9gia!<\/mark><\/li>\n\n\n\n<li><mark style=\"background-color:rgba(0, 0, 0, 0)\" class=\"has-inline-color has-vivid-red-color\">PGM-Crici\u00fama\/SC <mark style=\"background-color:rgba(0, 0, 0, 0)\" class=\"has-inline-color has-vivid-red-color\"><mark style=\"background-color:rgba(0, 0, 0, 0)\" class=\"has-inline-color has-vivid-red-color\">(2024)<\/mark><\/mark><\/mark> <mark style=\"background-color:rgba(0, 0, 0, 0)\" class=\"has-inline-color has-vivid-red-color\">&#8211; Dos 68 aprovados, 18 s\u00e3o alunos do Estrat\u00e9gia Carreira Jur\u00eddica!<\/mark><\/li>\n\n\n\n<li><mark style=\"background-color:rgba(0, 0, 0, 0)\" class=\"has-inline-color has-vivid-red-color\">PGM Mogi das Cruzes SP <mark style=\"background-color:rgba(0, 0, 0, 0)\" class=\"has-inline-color has-vivid-red-color\"><mark style=\"background-color:rgba(0, 0, 0, 0)\" class=\"has-inline-color has-vivid-red-color\"><mark style=\"background-color:rgba(0, 0, 0, 0)\" class=\"has-inline-color has-vivid-red-color\">(2023)<\/mark><\/mark><\/mark>&#8211; Dos 68 aprovados, 24 s\u00e3o alunos do Estrat\u00e9gia!<\/mark><\/li>\n\n\n\n<li><mark style=\"background-color:rgba(0, 0, 0, 0)\" class=\"has-inline-color has-vivid-red-color\">C\u00e2mara de Rondon\u00f3polis <mark style=\"background-color:rgba(0, 0, 0, 0)\" class=\"has-inline-color has-vivid-red-color\"><mark style=\"background-color:rgba(0, 0, 0, 0)\" class=\"has-inline-color has-vivid-red-color\"><mark style=\"background-color:rgba(0, 0, 0, 0)\" class=\"has-inline-color has-vivid-red-color\"><mark style=\"background-color:rgba(0, 0, 0, 0)\" class=\"has-inline-color has-vivid-red-color\">(2023)<\/mark><\/mark><\/mark><\/mark> &#8211; 3 alunos aprovados s\u00e3o Estrat\u00e9gia Carreira Jur\u00eddica!<\/mark><\/li>\n\n\n\n<li><mark style=\"background-color:rgba(0, 0, 0, 0)\" class=\"has-inline-color has-vivid-red-color\">PGM Nova Ven\u00e9cia ES <mark style=\"background-color:rgba(0, 0, 0, 0)\" class=\"has-inline-color has-vivid-red-color\"><mark style=\"background-color:rgba(0, 0, 0, 0)\" class=\"has-inline-color has-vivid-red-color\"><mark style=\"background-color:rgba(0, 0, 0, 0)\" class=\"has-inline-color has-vivid-red-color\"><mark style=\"background-color:rgba(0, 0, 0, 0)\" class=\"has-inline-color has-vivid-red-color\">(2023)<\/mark><\/mark><\/mark><\/mark> &#8211; 3 alunos aprovados no concurso!<\/mark><\/li>\n\n\n\n<li><mark style=\"background-color:rgba(0, 0, 0, 0)\" class=\"has-inline-color has-vivid-red-color\">PGM Cajati  <mark style=\"background-color:rgba(0, 0, 0, 0)\" class=\"has-inline-color has-vivid-red-color\"><mark style=\"background-color:rgba(0, 0, 0, 0)\" class=\"has-inline-color has-vivid-red-color\"><mark style=\"background-color:rgba(0, 0, 0, 0)\" class=\"has-inline-color has-vivid-red-color\"><mark style=\"background-color:rgba(0, 0, 0, 0)\" class=\"has-inline-color has-vivid-red-color\">(2023)<\/mark><\/mark><\/mark><\/mark><\/mark> <mark style=\"background-color:rgba(0, 0, 0, 0)\" class=\"has-inline-color has-vivid-red-color\">&#8211; 2 alunos aprovados! <\/mark><\/li>\n\n\n\n<li><mark style=\"background-color:rgba(0, 0, 0, 0)\" class=\"has-inline-color has-vivid-red-color\">PGM Sorocaba SP <mark style=\"background-color:rgba(0, 0, 0, 0)\" class=\"has-inline-color has-vivid-red-color\"><mark style=\"background-color:rgba(0, 0, 0, 0)\" class=\"has-inline-color has-vivid-red-color\"><mark style=\"background-color:rgba(0, 0, 0, 0)\" class=\"has-inline-color has-vivid-red-color\"><mark style=\"background-color:rgba(0, 0, 0, 0)\" class=\"has-inline-color has-vivid-red-color\">(2024)<\/mark><\/mark><\/mark><\/mark> &#8211; 17 alunos aprovados no concurso!<\/mark><\/li>\n\n\n\n<li><mark style=\"background-color:rgba(0, 0, 0, 0)\" class=\"has-inline-color has-vivid-red-color\">Procurador IPREMA ARAX\u00c1\/ MG <mark style=\"background-color:rgba(0, 0, 0, 0)\" class=\"has-inline-color has-vivid-red-color\"><mark style=\"background-color:rgba(0, 0, 0, 0)\" class=\"has-inline-color has-vivid-red-color\"><mark style=\"background-color:rgba(0, 0, 0, 0)\" class=\"has-inline-color has-vivid-red-color\"><mark style=\"background-color:rgba(0, 0, 0, 0)\" class=\"has-inline-color has-vivid-red-color\">(2023)<\/mark><\/mark><\/mark><\/mark><\/mark> <mark style=\"background-color:rgba(0, 0, 0, 0)\" class=\"has-inline-color has-vivid-red-color\">&#8211; 3 alunos aprovados no concurso! <\/mark><\/li>\n\n\n\n<li><mark style=\"background-color:rgba(0, 0, 0, 0)\" class=\"has-inline-color has-vivid-red-color\">C\u00e2mara de Bertioga <mark style=\"background-color:rgba(0, 0, 0, 0)\" class=\"has-inline-color has-vivid-red-color\"><mark style=\"background-color:rgba(0, 0, 0, 0)\" class=\"has-inline-color has-vivid-red-color\"><mark style=\"background-color:rgba(0, 0, 0, 0)\" class=\"has-inline-color has-vivid-red-color\"><mark style=\"background-color:rgba(0, 0, 0, 0)\" class=\"has-inline-color has-vivid-red-color\">(2023)<\/mark><\/mark><\/mark><\/mark><\/mark> <mark style=\"background-color:rgba(0, 0, 0, 0)\" class=\"has-inline-color has-vivid-red-color\">&#8211; 15 alunos do Estrat\u00e9gia aprovados no concurso!<\/mark><\/li>\n\n\n\n<li><mark style=\"background-color:rgba(0, 0, 0, 0)\" class=\"has-inline-color has-vivid-red-color\">PGM Tucuru\u00ed\/PA <mark style=\"background-color:rgba(0, 0, 0, 0)\" class=\"has-inline-color has-vivid-red-color\"><mark style=\"background-color:rgba(0, 0, 0, 0)\" class=\"has-inline-color has-vivid-red-color\"><mark style=\"background-color:rgba(0, 0, 0, 0)\" class=\"has-inline-color has-vivid-red-color\"><mark style=\"background-color:rgba(0, 0, 0, 0)\" class=\"has-inline-color has-vivid-red-color\">(2023)<\/mark><\/mark><\/mark><\/mark><\/mark> <mark style=\"background-color:rgba(0, 0, 0, 0)\" class=\"has-inline-color has-vivid-red-color\">&#8211; Dos 12 aprovados, 2 s\u00e3o alunos do Estrat\u00e9gia!<\/mark><\/li>\n\n\n\n<li><mark style=\"background-color:rgba(0, 0, 0, 0)\" class=\"has-inline-color has-vivid-red-color\">PGM Rio Grande da Serra<\/mark> <mark style=\"background-color:rgba(0, 0, 0, 0)\" class=\"has-inline-color has-vivid-red-color\"><mark style=\"background-color:rgba(0, 0, 0, 0)\" class=\"has-inline-color has-vivid-red-color\"><mark style=\"background-color:rgba(0, 0, 0, 0)\" class=\"has-inline-color has-vivid-red-color\"><mark style=\"background-color:rgba(0, 0, 0, 0)\" class=\"has-inline-color has-vivid-red-color\">(2023)<\/mark><\/mark><\/mark><\/mark> &#8211; <mark style=\"background-color:rgba(0, 0, 0, 0)\" class=\"has-inline-color has-vivid-red-color\">o <strong>1\u00ba colocado \u00e9 aluno do Estrat\u00e9gia Carreira Jur\u00eddica! <\/strong><\/mark><\/li>\n\n\n\n<li><mark style=\"background-color:rgba(0, 0, 0, 0)\" class=\"has-inline-color has-vivid-red-color\">PGM Pouso Alegre <mark style=\"background-color:rgba(0, 0, 0, 0)\" class=\"has-inline-color has-vivid-red-color\"><mark style=\"background-color:rgba(0, 0, 0, 0)\" class=\"has-inline-color has-vivid-red-color\"><mark style=\"background-color:rgba(0, 0, 0, 0)\" class=\"has-inline-color has-vivid-red-color\"><mark style=\"background-color:rgba(0, 0, 0, 0)\" class=\"has-inline-color has-vivid-red-color\">(2023)<\/mark><\/mark><\/mark><\/mark><\/mark> <mark style=\"background-color:rgba(0, 0, 0, 0)\" class=\"has-inline-color has-vivid-red-color\">&#8211; o <strong>1\u00ba colocado \u00e9 aluno do Estrat\u00e9gia Carreira Jur\u00eddica! <\/strong><\/mark><\/li>\n\n\n\n<li><mark style=\"background-color:rgba(0, 0, 0, 0)\" class=\"has-inline-color has-vivid-red-color\">Procurador C\u00e2mara Arauc\u00e1ria PR <mark style=\"background-color:rgba(0, 0, 0, 0)\" class=\"has-inline-color has-vivid-red-color\"><mark style=\"background-color:rgba(0, 0, 0, 0)\" class=\"has-inline-color has-vivid-red-color\"><mark style=\"background-color:rgba(0, 0, 0, 0)\" class=\"has-inline-color has-vivid-red-color\"><mark style=\"background-color:rgba(0, 0, 0, 0)\" class=\"has-inline-color has-vivid-red-color\">(2023)<\/mark><\/mark><\/mark><\/mark><\/mark> <mark style=\"background-color:rgba(0, 0, 0, 0)\" class=\"has-inline-color has-vivid-red-color\">&#8211;<\/mark> <mark style=\"background-color:rgba(0, 0, 0, 0)\" class=\"has-inline-color has-vivid-red-color\">o <strong>1\u00ba colocado \u00e9 aluno do Estrat\u00e9gia Carreira Jur\u00eddica! <\/strong><\/mark><\/li>\n\n\n\n<li><mark style=\"background-color:rgba(0, 0, 0, 0)\" class=\"has-inline-color has-vivid-red-color\">Procurador C\u00e2mara de Atibaia SP <mark style=\"background-color:rgba(0, 0, 0, 0)\" class=\"has-inline-color has-vivid-red-color\"><mark style=\"background-color:rgba(0, 0, 0, 0)\" class=\"has-inline-color has-vivid-red-color\"><mark style=\"background-color:rgba(0, 0, 0, 0)\" class=\"has-inline-color has-vivid-red-color\"><mark style=\"background-color:rgba(0, 0, 0, 0)\" class=\"has-inline-color has-vivid-red-color\">(2023)<\/mark><\/mark><\/mark><\/mark> &#8211; o 1\u00ba e o 2\u00ba colocados s\u00e3o alunos do Estrat\u00e9gia! <\/mark><\/li>\n\n\n\n<li><mark style=\"background-color:rgba(0, 0, 0, 0)\" class=\"has-inline-color has-vivid-red-color\">PGM Corumb\u00e1 <mark style=\"background-color:rgba(0, 0, 0, 0)\" class=\"has-inline-color has-vivid-red-color\"><mark style=\"background-color:rgba(0, 0, 0, 0)\" class=\"has-inline-color has-vivid-red-color\"><mark style=\"background-color:rgba(0, 0, 0, 0)\" class=\"has-inline-color has-vivid-red-color\"><mark style=\"background-color:rgba(0, 0, 0, 0)\" class=\"has-inline-color has-vivid-red-color\">(2024)<\/mark><\/mark><\/mark><\/mark>&#8211; o <strong>1\u00ba colocado \u00e9 aluno do Estrat\u00e9gia Carreira Jur\u00eddica! <\/strong><\/mark><\/li>\n\n\n\n<li><mark style=\"background-color:rgba(0, 0, 0, 0)\" class=\"has-inline-color has-vivid-red-color\">PGM Horizonte\/CE <mark style=\"background-color:rgba(0, 0, 0, 0)\" class=\"has-inline-color has-vivid-red-color\"><mark style=\"background-color:rgba(0, 0, 0, 0)\" class=\"has-inline-color has-vivid-red-color\"><mark style=\"background-color:rgba(0, 0, 0, 0)\" class=\"has-inline-color has-vivid-red-color\"><mark style=\"background-color:rgba(0, 0, 0, 0)\" class=\"has-inline-color has-vivid-red-color\">(2023)<\/mark><\/mark><\/mark><\/mark><\/mark> <mark style=\"background-color:rgba(0, 0, 0, 0)\" class=\"has-inline-color has-vivid-red-color\">&#8211; 9 aprovados s\u00e3o alunos do Estrat\u00e9gia Carreira Jur\u00eddica!<\/mark><\/li>\n\n\n\n<li><mark style=\"background-color:rgba(0, 0, 0, 0)\" class=\"has-inline-color has-vivid-red-color\">PGM Brusque<\/mark> <mark style=\"background-color:rgba(0, 0, 0, 0)\" class=\"has-inline-color has-vivid-red-color\"><mark style=\"background-color:rgba(0, 0, 0, 0)\" class=\"has-inline-color has-vivid-red-color\"><mark style=\"background-color:rgba(0, 0, 0, 0)\" class=\"has-inline-color has-vivid-red-color\"><mark style=\"background-color:rgba(0, 0, 0, 0)\" class=\"has-inline-color has-vivid-red-color\">(2024)<\/mark><\/mark><\/mark><\/mark> &#8211; <mark style=\"background-color:rgba(0, 0, 0, 0)\" class=\"has-inline-color has-vivid-red-color\"><strong>do 1\u00ba colocado at\u00e9 o 4\u00ba temos alunos aprovados<\/strong><\/mark><\/li>\n\n\n\n<li><strong><mark style=\"background-color:rgba(0, 0, 0, 0)\" class=\"has-inline-color has-vivid-red-color\">PGM Mairinque &#8211; 3 primeiros colocados s\u00e3o nossos alunos<\/mark><\/strong><\/li>\n\n\n\n<li><strong><mark style=\"background-color:rgba(0, 0, 0, 0)\" class=\"has-inline-color has-vivid-red-color\">PGM Rio Preto &#8211; entre os 5 primeiros 2 s\u00e3o alunos do Estrat\u00e9gia<\/mark><\/strong><\/li>\n\n\n\n<li><strong><mark style=\"background-color:rgba(0, 0, 0, 0)\" class=\"has-inline-color has-vivid-red-color\">PGM S\u00e3o Jos\u00e9 do Rio Preto &#8211; do 1\u00ba colocado at\u00e9 o 7\u00ba temos alunos aprovados<\/mark><\/strong><\/li>\n\n\n\n<li><strong><mark style=\"background-color:rgba(0, 0, 0, 0)\" class=\"has-inline-color has-vivid-red-color\">PGM Ribeir\u00e3o Preto &#8211; o 1\u00ba,2\u00ba e 3\u00ba colocados s\u00e3o alunos do Estrat\u00e9gia <\/mark><\/strong><\/li>\n\n\n\n<li><mark style=\"background-color:rgba(0, 0, 0, 0)\" class=\"has-inline-color has-vivid-red-color\"><strong>PGM Guaruj\u00e1 &#8211; o 1\u00ba e o 2\u00ba colocados s\u00e3o alunos<\/strong> <strong>do Estrat\u00e9gia<\/strong><\/mark><\/li>\n\n\n\n<li><strong><mark style=\"background-color:rgba(0, 0, 0, 0)\" class=\"has-inline-color has-vivid-red-color\">PGM Jundia\u00ed &#8211; o 1\u00ba, 2\u00ba e 3\u00ba colocados foram alunos do Estrat\u00e9gia<\/mark><\/strong><\/li>\n\n\n\n<li><strong><mark style=\"background-color:rgba(0, 0, 0, 0)\" class=\"has-inline-color has-vivid-red-color\">PGE&nbsp; AL &#8211; 11 dos 15 primeiros aprovados foram nossos alunos <\/mark><\/strong><\/li>\n\n\n\n<li><strong><mark style=\"background-color:rgba(0, 0, 0, 0)\" class=\"has-inline-color has-vivid-red-color\">PGE GO&nbsp;&#8211; 16 dos 30 primeiros aprovados foram nossos alunos&nbsp;<\/mark><\/strong><\/li>\n\n\n\n<li><strong><mark style=\"background-color:rgba(0, 0, 0, 0)\" class=\"has-inline-color has-vivid-red-color\">PGE SP 2018 &#8211; 40 dos 100 primeiros foram nossos alunos <\/mark><\/strong><\/li>\n\n\n\n<li><strong><mark style=\"background-color:rgba(0, 0, 0, 0)\" class=\"has-inline-color has-vivid-red-color\">PGE PB &#8211; Dos 12 aprovados, 08 foram nossos alunos<\/mark><\/strong><\/li>\n\n\n\n<li><strong><mark style=\"background-color:rgba(0, 0, 0, 0)\" class=\"has-inline-color has-vivid-red-color\">PGM Teresina 2020 &#8211; 3 das 5 vagas foram para nossos alunos, incluindo 01 e 02<\/mark><\/strong><\/li>\n\n\n\n<li><strong><mark style=\"background-color:rgba(0, 0, 0, 0)\" class=\"has-inline-color has-vivid-red-color\">PGE MS 2021 &#8211; 4 das 6 vagas ofertadas foram para nossos alunos<\/mark><\/strong><\/li>\n\n\n\n<li><strong><mark style=\"background-color:rgba(0, 0, 0, 0)\" class=\"has-inline-color has-vivid-red-color\">PGE RO 2021 &#8211; 25 dos 35 aprovados foram nossos alunos, inclusive o 02 e 03<\/mark><\/strong><\/li>\n\n\n\n<li><strong><mark style=\"background-color:rgba(0, 0, 0, 0)\" class=\"has-inline-color has-vivid-red-color\">PGE RS 2021 &#8211; 13 dos 25 aprovados foram nossos alunos, incluindo o 03<\/mark><\/strong><\/li>\n\n\n\n<li><strong><mark style=\"background-color:rgba(0, 0, 0, 0)\" class=\"has-inline-color has-vivid-red-color\">PGE PA 2022 &#8211; 3 dos 9 aprovados foram nossos alunos, incluindo o 02, 03 e 04.<\/mark><\/strong><\/li>\n\n\n\n<li><strong><mark style=\"background-color:rgba(0, 0, 0, 0)\" class=\"has-inline-color has-vivid-red-color\">PGE AM 2022 &#8211; 2 das 3 vagas ofertadas foram para nossos alunos<\/mark><\/strong><\/li>\n\n\n\n<li><strong><mark style=\"background-color:rgba(0, 0, 0, 0)\" class=\"has-inline-color has-vivid-red-color\">PGE MG 2022 &#8211; 23 das 42 vagas foram para nossos alunos, incluindo o 01<\/mark><\/strong><\/li>\n\n\n\n<li><strong><mark style=\"background-color:rgba(0, 0, 0, 0)\" class=\"has-inline-color has-vivid-red-color\">PGDF 2022 &#8211; Das 65 vagas, 33 foram para nossos alunos<\/mark><\/strong><\/li>\n\n\n\n<li><strong><mark style=\"background-color:rgba(0, 0, 0, 0)\" class=\"has-inline-color has-vivid-red-color\">PGE ES 2022 &#8211; Das 8 vagas ofertadas, 04 foram para nossos alunos, incluindo 01 e 02<\/mark><\/strong><\/li>\n\n\n\n<li>PGM Maring\u00e1\/PR (2022)  &#8211; 43 alunos do Estrat\u00e9gia Carreiras Jur\u00eddicas aprovados no concurso!<\/li>\n\n\n\n<li><strong><mark style=\"background-color:rgba(0, 0, 0, 0)\" class=\"has-inline-color has-vivid-red-color\">AGU Procurador Federal 2022 &#8211; 44 das 100 vagas foram para nossos alunos<\/mark><\/strong><\/li>\n\n\n\n<li><strong><mark style=\"background-color:rgba(0, 0, 0, 0)\" class=\"has-inline-color has-vivid-red-color\">AGU PGFN 2022 &#8211; 34 das 110 vagas foram para nossos alunos, incluindo os 4 primeiros<\/mark><\/strong><\/li>\n\n\n\n<li><mark style=\"background-color:rgba(0, 0, 0, 0)\" class=\"has-inline-color has-vivid-red-color\"><strong>PGM Natal 2023 &#8211; 2 das 5 vagas foram para nossos aluno<\/strong>s<\/mark><\/li>\n\n\n\n<li><strong><mark style=\"background-color:rgba(0, 0, 0, 0)\" class=\"has-inline-color has-vivid-red-color\">PGM SP 2023 Nomeados &#8211; dos 94 nomeados, 41 foram nossos alunos<\/mark><\/strong><\/li>\n\n\n\n<li><strong><mark style=\"background-color:rgba(0, 0, 0, 0)\" class=\"has-inline-color has-vivid-red-color\">Procurador USP 2023 &#8211; 3 das 13 vagas foram para nossos alunos, incluindo o 01<\/mark><\/strong><\/li>\n\n\n\n<li><strong><mark style=\"background-color:rgba(0, 0, 0, 0)\" class=\"has-inline-color has-vivid-red-color\">PGM Pitangueiras SP 2023 &#8211; 6 dos 11 aprovados foram nossos alunos<\/mark><\/strong><\/li>\n\n\n\n<li><strong><mark style=\"background-color:rgba(0, 0, 0, 0)\" class=\"has-inline-color has-vivid-red-color\">PGE PA 2023 &#8211; 3 das 10 vagas foram para nossos alunos, incluindo o 01<\/mark><\/strong><\/li>\n\n\n\n<li><strong><mark style=\"background-color:rgba(0, 0, 0, 0)\" class=\"has-inline-color has-vivid-red-color\">PGE SE 2023 &#8211; 41 dos 128 aprovados foram nossos alunos<\/mark><\/strong><\/li>\n\n\n\n<li><strong><mark style=\"background-color:rgba(0, 0, 0, 0)\" class=\"has-inline-color has-vivid-red-color\">PGM Diadema 2023 &#8211; 1 vaga ofertada e foi para nosso aluno. Dos 39 aprovados, 26 foram nossos alunos.<\/mark><\/strong><\/li>\n\n\n\n<li><mark style=\"background-color:rgba(0, 0, 0, 0)\" class=\"has-inline-color has-vivid-red-color\">MPC SE Subprocurador &#8211; 1 aluno do Estrat\u00e9gia Carreiras Jur\u00eddicas aprovado no concurso!<\/mark><\/li>\n\n\n\n<li><strong><mark style=\"background-color:rgba(0, 0, 0, 0)\" class=\"has-inline-color has-vivid-red-color\">PGM Mar\u00edlia 2023 &#8211; Dos 29 aprovados, 13 foram nossos alunos, incluindo o 01!<\/mark><\/strong><\/li>\n\n\n\n<li><strong><mark style=\"background-color:rgba(0, 0, 0, 0)\" class=\"has-inline-color has-vivid-red-color\">Procurador C\u00e2mara de Campinas 2023 &#8211; Dos 57 aprovados, 24 foram nossos alunos.<\/mark><\/strong><\/li>\n\n\n\n<li><strong><mark style=\"background-color:rgba(0, 0, 0, 0)\" class=\"has-inline-color has-vivid-red-color\">Procurador C\u00e2mara de Macei\u00f3 2024 &#8211; 15 aprovados no concurso s\u00e3o alunos do Estrat\u00e9gia!<\/mark><\/strong><\/li>\n\n\n\n<li><mark style=\"background-color:rgba(0, 0, 0, 0)\" class=\"has-inline-color has-vivid-red-color\"><strong>PGM RJ 2024 &#8211; 9 alunos do Estrat\u00e9gia Carreiras Jur\u00eddicas aprovados no concurso!<\/strong><\/mark><\/li>\n\n\n\n<li><mark style=\"background-color:rgba(0, 0, 0, 0)\" class=\"has-inline-color has-vivid-red-color\"><strong>Procurador C\u00e2mara Municipal de Sete Lagoas\/MG 2024 &#8211; 6 alunos do Estrat\u00e9gia Carreiras Jur\u00eddicas aprovados no concurso!<\/strong><\/mark><\/li>\n\n\n\n<li><mark style=\"background-color:rgba(0, 0, 0, 0)\" class=\"has-inline-color has-vivid-red-color\"><strong>PGM Arauc\u00e1ria\/PR 2024 &#8211; 36 alunos do Estrat\u00e9gia Carreiras Jur\u00eddicas aprovados no concurso!<\/strong><\/mark><\/li>\n\n\n\n<li><mark style=\"background-color:rgba(0, 0, 0, 0)\" class=\"has-inline-color has-vivid-red-color\"><strong>Procurador C\u00e2mara Municipal de Araraquara\/SP 2024 &#8211; 10 alunos do Estrat\u00e9gia Carreiras Jur\u00eddicas aprovados no concurso!<\/strong><\/mark><\/li>\n\n\n\n<li>PGE-PR (2024)  &#8211; 39 alunos do Estrat\u00e9gia Carreiras Jur\u00eddicas aprovados no concurso!<\/li>\n\n\n\n<li>PGM Aracaj\u00fa (2024)  &#8211; 84 alunos do Estrat\u00e9gia Carreiras Jur\u00eddicas aprovados no concurso!<\/li>\n\n\n\n<li><mark style=\"background-color:rgba(0, 0, 0, 0)\" class=\"has-inline-color has-vivid-red-color\"><strong>Procurador CREA MS 2025 &#8211; 32 alunos do Estrat\u00e9gia Carreiras Jur\u00eddicas aprovados no concurso!<\/strong><\/mark><\/li>\n\n\n\n<li><mark style=\"background-color:rgba(0, 0, 0, 0)\" class=\"has-inline-color has-vivid-red-color\"><strong>PGM Feliz\/RS 2025 &#8211; 15 alunos do Estrat\u00e9gia Carreiras Jur\u00eddicas aprovados no concurso!<\/strong><\/mark><\/li>\n\n\n\n<li><mark style=\"background-color:rgba(0, 0, 0, 0)\" class=\"has-inline-color has-vivid-red-color\">Procurador C\u00e2mara Municipal de Cafel\u00e2ndia\/SP 2025 &#8211; 23 alunos do Estrat\u00e9gia Carreiras Jur\u00eddicas aprovados no concurso!<\/mark><\/li>\n\n\n\n<li><mark style=\"background-color:rgba(0, 0, 0, 0)\" class=\"has-inline-color has-vivid-red-color\">PGM Itumbiara\/GO 2025 &#8211; 15 alunos do Estrat\u00e9gia Carreiras Jur\u00eddicas aprovados no concurso!<\/mark><\/li>\n\n\n\n<li><mark style=\"background-color:rgba(0, 0, 0, 0)\" class=\"has-inline-color has-vivid-red-color\">PGM Igarassu\/PE 2025 &#8211; 44 alunos do Estrat\u00e9gia Carreiras Jur\u00eddicas aprovados no concurso!<\/mark><\/li>\n\n\n\n<li><mark style=\"background-color:rgba(0, 0, 0, 0)\" class=\"has-inline-color has-vivid-red-color\">Procurador ARES PJC 2025 &#8211; 19 alunos do Estrat\u00e9gia Carreiras Jur\u00eddicas aprovados no concurso!<\/mark><\/li>\n\n\n\n<li><mark style=\"background-color:rgba(0, 0, 0, 0)\" class=\"has-inline-color has-vivid-red-color\">Procurador Niter\u00f3iPrev 2025 &#8211; 7 alunos do Estrat\u00e9gia Carreiras Jur\u00eddicas aprovados no concurso!<\/mark><\/li>\n\n\n\n<li><mark style=\"background-color:rgba(0, 0, 0, 0)\" class=\"has-inline-color has-vivid-red-color\">PGM Monte Negro\/RO 2025 &#8211; 4 alunos do Estrat\u00e9gia Carreiras Jur\u00eddicas aprovados no concurso!<\/mark><\/li>\n\n\n\n<li><mark style=\"background-color:rgba(0, 0, 0, 0)\" class=\"has-inline-color has-vivid-red-color\">PGM Franca\/SP 2025 &#8211; 14 alunos do Estrat\u00e9gia Carreiras Jur\u00eddicas aprovados no concurso!<\/mark><\/li>\n\n\n\n<li><mark style=\"background-color:rgba(0, 0, 0, 0)\" class=\"has-inline-color has-vivid-red-color\">Procurador CREA-RS 2025 &#8211; 4 alunos do Estrat\u00e9gia Carreiras Jur\u00eddicas aprovados no concurso!<\/mark><\/li>\n\n\n\n<li><mark style=\"background-color:rgba(0, 0, 0, 0)\" class=\"has-inline-color has-vivid-red-color\">Procurador PROHAB S\u00e3o Carlos SP <mark style=\"background-color:rgba(0, 0, 0, 0)\" class=\"has-inline-color has-vivid-red-color\">(2025)<\/mark><\/mark> <mark style=\"background-color:rgba(0, 0, 0, 0)\" class=\"has-inline-color has-vivid-red-color\">&#8211; 12 alunos do Estrat\u00e9gia Carreiras Jur\u00eddicas aprovados no concurso!<\/mark><\/li>\n\n\n\n<li><mark style=\"background-color:rgba(0, 0, 0, 0)\" class=\"has-inline-color has-vivid-red-color\">Resid\u00eancia PGM Manaus AM (2025)- 119 alunos do Estrat\u00e9gia Carreiras Jur\u00eddicas aprovados no concurso!<\/mark><\/li>\n\n\n\n<li><mark style=\"background-color:rgba(0, 0, 0, 0)\" class=\"has-inline-color has-vivid-red-color\">Procurador C\u00e2mara Municipal de Ca\u00e7apava (2025) &#8211; 2 alunos do Estrat\u00e9gia Carreiras Jur\u00eddicas aprovados no concurso!<\/mark><\/li>\n\n\n\n<li>PGM Itaitinga\/CE (2025) &#8211; 3 alunos do Estrat\u00e9gia Carreiras Jur\u00eddicas aprovados no concurso!<\/li>\n\n\n\n<li>PGM Bigua\u00e7u\/SC (2025)  &#8211; 74 alunos do Estrat\u00e9gia Carreiras Jur\u00eddicas aprovados no concurso!<\/li>\n\n\n\n<li>Procurador S\u00e3o Jo\u00e3o da Boa Vista PREV (2025)  &#8211; 10 alunos do Estrat\u00e9gia Carreiras Jur\u00eddicas aprovados no concurso!<\/li>\n\n\n\n<li>Procurador PROHAB S\u00e3o Carlos &#8211; 12 alunos do Estrat\u00e9gia Carreiras Jur\u00eddicas aprovados no concurso!<\/li>\n\n\n\n<li>Resid\u00eancia PGM RJ (2025) &#8211; 29 alunos do Estrat\u00e9gia Carreiras Jur\u00eddicas aprovados no concurso!<\/li>\n<\/ul>\n\n\n\n<h3 class=\"wp-block-heading has-text-align-center\" id=\"aprovados\"><span id=\"depoimentos-de-nossos-aprovados\">Depoimentos de nossos aprovados<\/span><\/h3>\n\n\n\n<p class=\"has-text-align-center\">Hugo Vechiato, <strong>aprovado no concurso PGE SP para o cargo de Procurador do Estado<\/strong><\/p>\n\n\n\n<p class=\"has-background\" style=\"background-color:#e4e4e4\">Minha prepara\u00e7\u00e3o para a prova oral foi por meio de cursos espec\u00edfico do Estrat\u00e9gica, que montou uma equipe de professores altamente capacitados, todos membros de carreira, al\u00e9m da assist\u00eancia psic\u00f3loga e fonoaudi\u00f3loga.  <\/p>\n\n\n\n<p class=\"has-text-align-center\">Michelle Wilner, <strong>aprovada em 1\u00ba lugar no concurso PGM S\u00e3o Jos\u00e9 dos Campos<\/strong>, para o cargo de <strong>Procuradora do Munic\u00edpio<\/strong> <\/p>\n\n\n\n<p class=\"has-background\" style=\"background-color:#e5e5e5\">Escolha uma carreira e se concentre nela; procure fazer provas anteriores e veja seu desempenho atual para saber de onde partir\u00e1; organize seu tempo e elabore um cronograma de estudos; fa\u00e7a metas de desempenho, v\u00e1 para a prova mentalizando uma nota m\u00ednima que voc\u00ea queira fazer; fa\u00e7a o seu melhor; seja organizado, determinado, disciplinado, persistente e dedicado. <\/p>\n\n\n\n<p class=\"has-text-align-center\">Daniela Simon, <strong>aprovada e j\u00e1 empossada no concurso PGE RS, para o cargo de Procuradora<\/strong><\/p>\n\n\n\n<p class=\"has-background\" style=\"background-color:#abb7c24d\">Utilizei os PDFS do Estrat\u00e9gia&nbsp;Carreira Jur\u00eddica durante a prepara\u00e7\u00e3o para os concursos jur\u00eddicos que realizei; Os PDFs s\u00e3o completos, did\u00e1ticos, com todo o conte\u00fado necess\u00e1rio para a aprova\u00e7\u00e3o, devendo ser estudados e revisados com disciplina e dedica\u00e7\u00e3o. A disciplina \u00e9 o fator determinante para o \u00eaxito nos concursos p\u00fablicos; Ademais, h\u00e1 o estudo estrat\u00e9gico e a assinatura carreira jur\u00eddica que auxiliam muito na prepara\u00e7\u00e3o.<\/p>\n\n\n\n<h3 class=\"wp-block-heading has-text-align-center has-pale-ocean-gradient-background has-background\" id=\"h-provas-comentadas-de-procuradorias\"><span id=\"provas-comentadas-de-procuradorias\"><a href=\"https:\/\/cj.estrategia.com\/portal\/provas-comentadas-de-procuradorias\/\" target=\"_blank\" ><em>Provas Comentadas de Procuradorias<\/em><\/a><\/span><\/h3>\n\n\n\n<p class=\"has-text-align-center has-luminous-vivid-amber-background-color has-background has-medium-font-size\"><strong>Concursos de Procuradorias: <a href=\"https:\/\/www.youtube.com\/channel\/UClbMGuYbj2Mh1m3w144ETWQ\" target=\"_blank\" >Youtube Estrat\u00e9gia Carreiras Jur\u00eddicas<\/a><\/strong><\/p>\n\n\n\n<h3 class=\"wp-block-heading has-text-align-center\" id=\"h-quer-saber-tudo-sobre-concursos-previstos-confira-nossos-artigos\"><span id=\"quer-saber-tudo-sobre-concursos-previstosconfira-nossos-artigos\">Quer saber tudo sobre concursos previstos?<br><strong>Confira nossos artigos!<\/strong><\/span><\/h3>\n\n\n\n<ul id=\"block-fc6848cb-0405-4f7b-8b25-37cfb1488fa9\" class=\"wp-block-list\">\n<li><a href=\"https:\/\/cj.estrategia.com\/portal\/concursos-abertos-carreiras-juridicas\/\" target=\"_blank\" >Concursos jur\u00eddicos abertos<\/a><\/li>\n\n\n\n<li><a href=\"https:\/\/cj.estrategia.com\/portal\/concursos-juridicos-2026-prepare-se-para-os-proximos-editais\/\" target=\"_blank\" >Concursos Jur\u00eddicos 2026<\/a><\/li>\n<\/ul>\n\n\n\n<h3 class=\"wp-block-heading has-text-align-center\" id=\"cursos-assinatura\"><span id=\"cursos-para-concursos-de-procuradorias\"><em><strong>Cursos para concursos de Procuradorias<\/strong><\/em><\/span><\/h3>\n\n\n\n<div class=\"wp-block-cover\" style=\"min-height:155px;aspect-ratio:unset;\"><img decoding=\"async\" width=\"1890\" height=\"351\" class=\"wp-block-cover__image-background wp-image-8669\" alt=\"Assinaturas Jur\u00eddicas\" src=\"https:\/\/cj.estrategia.com\/portal\/wp-content\/uploads\/2022\/06\/20151253\/concurso-carreiras-juridicas-assinatura-juridica.jpg\" style=\"object-position:78% 43%\" data-object-fit=\"cover\" data-object-position=\"78% 43%\" srcset=\"https:\/\/cj.estrategia.com\/portal\/wp-content\/uploads\/2022\/06\/20151253\/concurso-carreiras-juridicas-assinatura-juridica.jpg 1890w, https:\/\/cj.estrategia.com\/portal\/wp-content\/uploads\/2022\/06\/20151253\/concurso-carreiras-juridicas-assinatura-juridica-300x56.jpg 300w, https:\/\/cj.estrategia.com\/portal\/wp-content\/uploads\/2022\/06\/20151253\/concurso-carreiras-juridicas-assinatura-juridica-1024x190.jpg 1024w, https:\/\/cj.estrategia.com\/portal\/wp-content\/uploads\/2022\/06\/20151253\/concurso-carreiras-juridicas-assinatura-juridica-768x143.jpg 768w, https:\/\/cj.estrategia.com\/portal\/wp-content\/uploads\/2022\/06\/20151253\/concurso-carreiras-juridicas-assinatura-juridica-1536x285.jpg 1536w, https:\/\/cj.estrategia.com\/portal\/wp-content\/uploads\/2022\/06\/20151253\/concurso-carreiras-juridicas-assinatura-juridica-380x71.jpg 380w, https:\/\/cj.estrategia.com\/portal\/wp-content\/uploads\/2022\/06\/20151253\/concurso-carreiras-juridicas-assinatura-juridica-800x149.jpg 800w, https:\/\/cj.estrategia.com\/portal\/wp-content\/uploads\/2022\/06\/20151253\/concurso-carreiras-juridicas-assinatura-juridica-1160x215.jpg 1160w\" sizes=\"(max-width: 1890px) 100vw, 1890px\" \/><span aria-hidden=\"true\" class=\"wp-block-cover__background has-background-dim\"><\/span><div class=\"wp-block-cover__inner-container is-layout-flow wp-block-cover-is-layout-flow\">\n<h3 id=\"faca-a-sua-assinatura\" class=\"titulo-assinatura\"><span style=\"color: #ffffff;\">Fa\u00e7a a sua assinatura!<\/span><\/h3>\n<p class=\"subtitulo-assinatura\" style=\"display:block!important; line-height: 0;\"><span style=\"color: #ffffff;\">Escolha a sua \u00e1rea.<\/span><\/p>\n<a target=\"_blank\" href=\"https:\/\/www.estrategiaconcursos.com.br\/assinaturas-ecj\/\" rel=\"noopener\"><button style=\"border-radius: 10px; text-transform: capitalize;\">Acessar<\/button><\/a>\n<\/div><\/div>\n\n\n\n<p>Para auxiliar a sua prepara\u00e7\u00e3o, o <strong>Estrat\u00e9gia disponibiliza diariamente aulas gratuitas no Canal do Youtube. <\/strong>Clique no link abaixo, siga o Estrat\u00e9gia Carreira Jur\u00eddica e mande para todos os seus amigos!<\/p>\n\n\n\n<p class=\"has-text-align-center has-medium-font-size\"><a href=\"https:\/\/www.youtube.com\/c\/Estrat%C3%A9giaCarreiraJur%C3%ADdica\/featured\" target=\"_blank\" >YOUTUBE &#8211; ESTRAT\u00c9GIA CARREIRA JUR\u00cdDICA<\/a><\/p>\n\n\n\n<h3 class=\"wp-block-heading has-text-align-center has-background\" id=\"concursos-regiao\" style=\"background-color:#fcb900ad\"><span id=\"concursos-juridicos-2026-por-regiao\">Concursos Jur\u00eddicos 2026: por regi\u00e3o<\/span><\/h3>\n\n\n\n<p>Confira as oportunidades e previs\u00f5es de concursos jur\u00eddicos 2026, de acordo com cada regi\u00e3o:<\/p>\n\n\n\n<div class=\"wp-block-columns is-layout-flex wp-container-core-columns-is-layout-9d6595d7 wp-block-columns-is-layout-flex\">\n<div class=\"wp-block-column is-layout-flow wp-block-column-is-layout-flow\">\n<ul class=\"wp-block-list\">\n<li><a href=\"https:\/\/cj.estrategia.com\/portal\/concursos-juridicos-nordeste\/\" target=\"_blank\" >Concursos Jur\u00eddicos Nordeste<\/a><\/li>\n\n\n\n<li><a href=\"https:\/\/cj.estrategia.com\/portal\/concursos-juridicos-sudeste\/\" target=\"_blank\" >Concursos Jur\u00eddicos Sudeste<\/a><\/li>\n\n\n\n<li><a href=\"https:\/\/cj.estrategia.com\/portal\/concursos-juridicos-sul\/\" target=\"_blank\" >Concursos Jur\u00eddicos Sul<\/a><\/li>\n<\/ul>\n<\/div>\n\n\n\n<div class=\"wp-block-column is-layout-flow wp-block-column-is-layout-flow\">\n<ul class=\"wp-block-list\">\n<li><a href=\"https:\/\/cj.estrategia.com\/portal\/concursos-juridicos-norte\/\" target=\"_blank\" >Concursos Jur\u00eddicos Norte<\/a><\/li>\n\n\n\n<li><a href=\"https:\/\/cj.estrategia.com\/portal\/concursos-juridicos-centro-oeste\/\" target=\"_blank\" >Concursos Jur\u00eddicos Centro-Oeste<\/a><\/li>\n<\/ul>\n<\/div>\n<\/div>\n","protected":false},"excerpt":{"rendered":"Quem est\u00e1 em busca de um vaga de Procurador reforce seus estudos, pois muitos editais est\u00e3o previstos para&hellip;\n","protected":false},"author":12,"featured_media":20782,"comment_status":"open","ping_status":"open","sticky":false,"template":"","format":"standard","meta":{"_jetpack_memberships_contains_paid_content":false,"footnotes":""},"categories":[1,24],"tags":[],"tax_estado":[30,31,32,33,34,35,36,37,38,39,40,41,42,43,44,45,46,47,48,49,50,51,52,53,54,55,56,57],"class_list":{"0":"post-1508","1":"post","2":"type-post","3":"status-publish","4":"format-standard","5":"has-post-thumbnail","7":"category-carreiras-juridicas","8":"category-procuradoria","9":"tax_estado-ac","10":"tax_estado-al","11":"tax_estado-am","12":"tax_estado-ap","13":"tax_estado-ba","14":"tax_estado-ce","15":"tax_estado-concursos-federais","16":"tax_estado-df","17":"tax_estado-es","18":"tax_estado-go","19":"tax_estado-ma","20":"tax_estado-mg","21":"tax_estado-ms","22":"tax_estado-mt","23":"tax_estado-pa","24":"tax_estado-pb","25":"tax_estado-pe","26":"tax_estado-pi","27":"tax_estado-pr","28":"tax_estado-rj","29":"tax_estado-rn","30":"tax_estado-ro","31":"tax_estado-rr","32":"tax_estado-rs","33":"tax_estado-sc","34":"tax_estado-se","35":"tax_estado-sp","36":"tax_estado-to"},"acf":[],"yoast_head":"<!-- This site is optimized with the Yoast SEO Premium plugin v27.4 (Yoast SEO v27.4) - https:\/\/yoast.com\/product\/yoast-seo-premium-wordpress\/ -->\n<title>Concursos Procuradorias: editais previstos para 2026!<\/title>\n<meta name=\"description\" content=\"Concursos Procuradorias: acompanhe neste artigo as principais sele\u00e7\u00f5es que est\u00e3o com editais previstos. Vagas para Procurador!\" \/>\n<meta name=\"robots\" content=\"index, follow, max-snippet:-1, max-image-preview:large, max-video-preview:-1\" \/>\n<link rel=\"canonical\" href=\"https:\/\/cj.estrategia.com\/portal\/concursos-procuradorias\/\" \/>\n<meta property=\"og:locale\" content=\"pt_BR\" \/>\n<meta property=\"og:type\" content=\"article\" \/>\n<meta property=\"og:title\" content=\"Concursos Procuradorias: editais previstos para 2026!\" \/>\n<meta property=\"og:description\" content=\"Concursos Procuradorias: acompanhe neste artigo as principais sele\u00e7\u00f5es que est\u00e3o com editais previstos. Vagas para Procurador!\" \/>\n<meta property=\"og:url\" content=\"https:\/\/cj.estrategia.com\/portal\/concursos-procuradorias\/\" \/>\n<meta property=\"og:site_name\" content=\"Blog - Carreiras Jur\u00eddicas - Estrat\u00e9gia\" \/>\n<meta property=\"article:publisher\" content=\"https:\/\/www.facebook.com\/estrategiacarreirajuridica\/\" \/>\n<meta property=\"article:published_time\" content=\"2026-04-25T00:08:00+00:00\" \/>\n<meta property=\"article:modified_time\" content=\"2026-04-25T00:08:08+00:00\" \/>\n<meta property=\"og:image\" content=\"https:\/\/cj.estrategia.com\/portal\/wp-content\/uploads\/2022\/09\/04102635\/Concursos-Procuradorias.jpg\" \/>\n\t<meta property=\"og:image:width\" content=\"768\" \/>\n\t<meta property=\"og:image:height\" content=\"432\" \/>\n\t<meta property=\"og:image:type\" content=\"image\/jpeg\" \/>\n<meta name=\"author\" content=\"Coordena\u00e7\u00e3o\" \/>\n<meta name=\"twitter:card\" content=\"summary_large_image\" \/>\n<meta name=\"twitter:creator\" content=\"@EstratJuridica\" \/>\n<meta name=\"twitter:site\" content=\"@EstratJuridica\" \/>\n<meta name=\"twitter:label1\" content=\"Escrito por\" \/>\n\t<meta name=\"twitter:data1\" content=\"Coordena\u00e7\u00e3o\" \/>\n\t<meta name=\"twitter:label2\" content=\"Est. tempo de leitura\" \/>\n\t<meta name=\"twitter:data2\" content=\"27 minutos\" \/>\n<script type=\"application\/ld+json\" class=\"yoast-schema-graph\">{\"@context\":\"https:\\\/\\\/schema.org\",\"@graph\":[{\"@type\":\"NewsArticle\",\"@id\":\"https:\\\/\\\/cj.estrategia.com\\\/portal\\\/concursos-procuradorias\\\/#article\",\"isPartOf\":{\"@id\":\"https:\\\/\\\/cj.estrategia.com\\\/portal\\\/concursos-procuradorias\\\/\"},\"author\":{\"name\":\"Coordena\u00e7\u00e3o\",\"@id\":\"https:\\\/\\\/cj.estrategia.com\\\/portal\\\/#\\\/schema\\\/person\\\/4d70317d31449932b99102916b6637f5\"},\"headline\":\"Concursos Procuradorias: editais previstos para 2026!\",\"datePublished\":\"2026-04-25T00:08:00+00:00\",\"dateModified\":\"2026-04-25T00:08:08+00:00\",\"mainEntityOfPage\":{\"@id\":\"https:\\\/\\\/cj.estrategia.com\\\/portal\\\/concursos-procuradorias\\\/\"},\"wordCount\":5213,\"commentCount\":0,\"publisher\":{\"@id\":\"https:\\\/\\\/cj.estrategia.com\\\/portal\\\/#organization\"},\"image\":{\"@id\":\"https:\\\/\\\/cj.estrategia.com\\\/portal\\\/concursos-procuradorias\\\/#primaryimage\"},\"thumbnailUrl\":\"https:\\\/\\\/cj.estrategia.com\\\/portal\\\/wp-content\\\/uploads\\\/2022\\\/09\\\/04102635\\\/Concursos-Procuradorias.jpg\",\"articleSection\":[\"Carreiras Jur\u00eddicas\",\"Procuradoria\"],\"inLanguage\":\"pt-BR\",\"potentialAction\":[{\"@type\":\"CommentAction\",\"name\":\"Comment\",\"target\":[\"https:\\\/\\\/cj.estrategia.com\\\/portal\\\/concursos-procuradorias\\\/#respond\"]}],\"accessibilityFeature\":[\"tableOfContents\"]},{\"@type\":\"WebPage\",\"@id\":\"https:\\\/\\\/cj.estrategia.com\\\/portal\\\/concursos-procuradorias\\\/\",\"url\":\"https:\\\/\\\/cj.estrategia.com\\\/portal\\\/concursos-procuradorias\\\/\",\"name\":\"Concursos Procuradorias: editais previstos para 2026!\",\"isPartOf\":{\"@id\":\"https:\\\/\\\/cj.estrategia.com\\\/portal\\\/#website\"},\"primaryImageOfPage\":{\"@id\":\"https:\\\/\\\/cj.estrategia.com\\\/portal\\\/concursos-procuradorias\\\/#primaryimage\"},\"image\":{\"@id\":\"https:\\\/\\\/cj.estrategia.com\\\/portal\\\/concursos-procuradorias\\\/#primaryimage\"},\"thumbnailUrl\":\"https:\\\/\\\/cj.estrategia.com\\\/portal\\\/wp-content\\\/uploads\\\/2022\\\/09\\\/04102635\\\/Concursos-Procuradorias.jpg\",\"datePublished\":\"2026-04-25T00:08:00+00:00\",\"dateModified\":\"2026-04-25T00:08:08+00:00\",\"description\":\"Concursos Procuradorias: acompanhe neste artigo as principais sele\u00e7\u00f5es que est\u00e3o com editais previstos. Vagas para Procurador!\",\"breadcrumb\":{\"@id\":\"https:\\\/\\\/cj.estrategia.com\\\/portal\\\/concursos-procuradorias\\\/#breadcrumb\"},\"inLanguage\":\"pt-BR\",\"potentialAction\":[{\"@type\":\"ReadAction\",\"target\":[\"https:\\\/\\\/cj.estrategia.com\\\/portal\\\/concursos-procuradorias\\\/\"]}]},{\"@type\":\"ImageObject\",\"inLanguage\":\"pt-BR\",\"@id\":\"https:\\\/\\\/cj.estrategia.com\\\/portal\\\/concursos-procuradorias\\\/#primaryimage\",\"url\":\"https:\\\/\\\/cj.estrategia.com\\\/portal\\\/wp-content\\\/uploads\\\/2022\\\/09\\\/04102635\\\/Concursos-Procuradorias.jpg\",\"contentUrl\":\"https:\\\/\\\/cj.estrategia.com\\\/portal\\\/wp-content\\\/uploads\\\/2022\\\/09\\\/04102635\\\/Concursos-Procuradorias.jpg\",\"width\":768,\"height\":432,\"caption\":\"Concurso de procuradorias\"},{\"@type\":\"BreadcrumbList\",\"@id\":\"https:\\\/\\\/cj.estrategia.com\\\/portal\\\/concursos-procuradorias\\\/#breadcrumb\",\"itemListElement\":[{\"@type\":\"ListItem\",\"position\":1,\"name\":\"In\u00edcio\",\"item\":\"https:\\\/\\\/cj.estrategia.com\\\/portal\\\/\"},{\"@type\":\"ListItem\",\"position\":2,\"name\":\"Concursos Procuradorias: editais previstos para 2026!\"}]},{\"@type\":\"WebSite\",\"@id\":\"https:\\\/\\\/cj.estrategia.com\\\/portal\\\/#website\",\"url\":\"https:\\\/\\\/cj.estrategia.com\\\/portal\\\/\",\"name\":\"Blog - Carreiras Jur\u00eddicas - Estrat\u00e9gia\",\"description\":\"\",\"publisher\":{\"@id\":\"https:\\\/\\\/cj.estrategia.com\\\/portal\\\/#organization\"},\"potentialAction\":[{\"@type\":\"SearchAction\",\"target\":{\"@type\":\"EntryPoint\",\"urlTemplate\":\"https:\\\/\\\/cj.estrategia.com\\\/portal\\\/?s={search_term_string}\"},\"query-input\":{\"@type\":\"PropertyValueSpecification\",\"valueRequired\":true,\"valueName\":\"search_term_string\"}}],\"inLanguage\":\"pt-BR\"},{\"@type\":\"Organization\",\"@id\":\"https:\\\/\\\/cj.estrategia.com\\\/portal\\\/#organization\",\"name\":\"Estrat\u00e9gia - Carreiras Jur\u00eddicas\",\"url\":\"https:\\\/\\\/cj.estrategia.com\\\/portal\\\/\",\"logo\":{\"@type\":\"ImageObject\",\"inLanguage\":\"pt-BR\",\"@id\":\"https:\\\/\\\/cj.estrategia.com\\\/portal\\\/#\\\/schema\\\/logo\\\/image\\\/\",\"url\":\"https:\\\/\\\/cj.estrategia.com\\\/portal\\\/wp-content\\\/uploads\\\/2022\\\/03\\\/11151052\\\/cj-logo.png\",\"contentUrl\":\"https:\\\/\\\/cj.estrategia.com\\\/portal\\\/wp-content\\\/uploads\\\/2022\\\/03\\\/11151052\\\/cj-logo.png\",\"width\":150,\"height\":39,\"caption\":\"Estrat\u00e9gia - Carreiras Jur\u00eddicas\"},\"image\":{\"@id\":\"https:\\\/\\\/cj.estrategia.com\\\/portal\\\/#\\\/schema\\\/logo\\\/image\\\/\"},\"sameAs\":[\"https:\\\/\\\/www.facebook.com\\\/estrategiacarreirajuridica\\\/\",\"https:\\\/\\\/x.com\\\/EstratJuridica\",\"https:\\\/\\\/www.instagram.com\\\/estrategiacarreirajuridica\\\/\",\"https:\\\/\\\/www.youtube.com\\\/channel\\\/UClbMGuYbj2Mh1m3w144ETWQ\"]},{\"@type\":\"Person\",\"@id\":\"https:\\\/\\\/cj.estrategia.com\\\/portal\\\/#\\\/schema\\\/person\\\/4d70317d31449932b99102916b6637f5\",\"name\":\"Coordena\u00e7\u00e3o\",\"image\":{\"@type\":\"ImageObject\",\"inLanguage\":\"pt-BR\",\"@id\":\"https:\\\/\\\/cj.estrategia.com\\\/portal\\\/wp-content\\\/uploads\\\/2022\\\/05\\\/12164923\\\/estrategia-carreira-juridica-coordenacao-96x96.png\",\"url\":\"https:\\\/\\\/cj.estrategia.com\\\/portal\\\/wp-content\\\/uploads\\\/2022\\\/05\\\/12164923\\\/estrategia-carreira-juridica-coordenacao-96x96.png\",\"contentUrl\":\"https:\\\/\\\/cj.estrategia.com\\\/portal\\\/wp-content\\\/uploads\\\/2022\\\/05\\\/12164923\\\/estrategia-carreira-juridica-coordenacao-96x96.png\",\"caption\":\"Coordena\u00e7\u00e3o\"},\"url\":\"https:\\\/\\\/cj.estrategia.com\\\/portal\\\/author\\\/coordenacao\\\/\"}]}<\/script>\n<!-- \/ Yoast SEO Premium plugin. -->","yoast_head_json":{"title":"Concursos Procuradorias: editais previstos para 2026!","description":"Concursos Procuradorias: acompanhe neste artigo as principais sele\u00e7\u00f5es que est\u00e3o com editais previstos. Vagas para Procurador!","robots":{"index":"index","follow":"follow","max-snippet":"max-snippet:-1","max-image-preview":"max-image-preview:large","max-video-preview":"max-video-preview:-1"},"canonical":"https:\/\/cj.estrategia.com\/portal\/concursos-procuradorias\/","og_locale":"pt_BR","og_type":"article","og_title":"Concursos Procuradorias: editais previstos para 2026!","og_description":"Concursos Procuradorias: acompanhe neste artigo as principais sele\u00e7\u00f5es que est\u00e3o com editais previstos. Vagas para Procurador!","og_url":"https:\/\/cj.estrategia.com\/portal\/concursos-procuradorias\/","og_site_name":"Blog - Carreiras Jur\u00eddicas - Estrat\u00e9gia","article_publisher":"https:\/\/www.facebook.com\/estrategiacarreirajuridica\/","article_published_time":"2026-04-25T00:08:00+00:00","article_modified_time":"2026-04-25T00:08:08+00:00","og_image":[{"width":768,"height":432,"url":"https:\/\/cj.estrategia.com\/portal\/wp-content\/uploads\/2022\/09\/04102635\/Concursos-Procuradorias.jpg","type":"image\/jpeg"}],"author":"Coordena\u00e7\u00e3o","twitter_card":"summary_large_image","twitter_creator":"@EstratJuridica","twitter_site":"@EstratJuridica","twitter_misc":{"Escrito por":"Coordena\u00e7\u00e3o","Est. tempo de leitura":"27 minutos"},"schema":{"@context":"https:\/\/schema.org","@graph":[{"@type":"NewsArticle","@id":"https:\/\/cj.estrategia.com\/portal\/concursos-procuradorias\/#article","isPartOf":{"@id":"https:\/\/cj.estrategia.com\/portal\/concursos-procuradorias\/"},"author":{"name":"Coordena\u00e7\u00e3o","@id":"https:\/\/cj.estrategia.com\/portal\/#\/schema\/person\/4d70317d31449932b99102916b6637f5"},"headline":"Concursos Procuradorias: editais previstos para 2026!","datePublished":"2026-04-25T00:08:00+00:00","dateModified":"2026-04-25T00:08:08+00:00","mainEntityOfPage":{"@id":"https:\/\/cj.estrategia.com\/portal\/concursos-procuradorias\/"},"wordCount":5213,"commentCount":0,"publisher":{"@id":"https:\/\/cj.estrategia.com\/portal\/#organization"},"image":{"@id":"https:\/\/cj.estrategia.com\/portal\/concursos-procuradorias\/#primaryimage"},"thumbnailUrl":"https:\/\/cj.estrategia.com\/portal\/wp-content\/uploads\/2022\/09\/04102635\/Concursos-Procuradorias.jpg","articleSection":["Carreiras Jur\u00eddicas","Procuradoria"],"inLanguage":"pt-BR","potentialAction":[{"@type":"CommentAction","name":"Comment","target":["https:\/\/cj.estrategia.com\/portal\/concursos-procuradorias\/#respond"]}],"accessibilityFeature":["tableOfContents"]},{"@type":"WebPage","@id":"https:\/\/cj.estrategia.com\/portal\/concursos-procuradorias\/","url":"https:\/\/cj.estrategia.com\/portal\/concursos-procuradorias\/","name":"Concursos Procuradorias: editais previstos para 2026!","isPartOf":{"@id":"https:\/\/cj.estrategia.com\/portal\/#website"},"primaryImageOfPage":{"@id":"https:\/\/cj.estrategia.com\/portal\/concursos-procuradorias\/#primaryimage"},"image":{"@id":"https:\/\/cj.estrategia.com\/portal\/concursos-procuradorias\/#primaryimage"},"thumbnailUrl":"https:\/\/cj.estrategia.com\/portal\/wp-content\/uploads\/2022\/09\/04102635\/Concursos-Procuradorias.jpg","datePublished":"2026-04-25T00:08:00+00:00","dateModified":"2026-04-25T00:08:08+00:00","description":"Concursos Procuradorias: acompanhe neste artigo as principais sele\u00e7\u00f5es que est\u00e3o com editais previstos. Vagas para Procurador!","breadcrumb":{"@id":"https:\/\/cj.estrategia.com\/portal\/concursos-procuradorias\/#breadcrumb"},"inLanguage":"pt-BR","potentialAction":[{"@type":"ReadAction","target":["https:\/\/cj.estrategia.com\/portal\/concursos-procuradorias\/"]}]},{"@type":"ImageObject","inLanguage":"pt-BR","@id":"https:\/\/cj.estrategia.com\/portal\/concursos-procuradorias\/#primaryimage","url":"https:\/\/cj.estrategia.com\/portal\/wp-content\/uploads\/2022\/09\/04102635\/Concursos-Procuradorias.jpg","contentUrl":"https:\/\/cj.estrategia.com\/portal\/wp-content\/uploads\/2022\/09\/04102635\/Concursos-Procuradorias.jpg","width":768,"height":432,"caption":"Concurso de procuradorias"},{"@type":"BreadcrumbList","@id":"https:\/\/cj.estrategia.com\/portal\/concursos-procuradorias\/#breadcrumb","itemListElement":[{"@type":"ListItem","position":1,"name":"In\u00edcio","item":"https:\/\/cj.estrategia.com\/portal\/"},{"@type":"ListItem","position":2,"name":"Concursos Procuradorias: editais previstos para 2026!"}]},{"@type":"WebSite","@id":"https:\/\/cj.estrategia.com\/portal\/#website","url":"https:\/\/cj.estrategia.com\/portal\/","name":"Blog - Carreiras Jur\u00eddicas - Estrat\u00e9gia","description":"","publisher":{"@id":"https:\/\/cj.estrategia.com\/portal\/#organization"},"potentialAction":[{"@type":"SearchAction","target":{"@type":"EntryPoint","urlTemplate":"https:\/\/cj.estrategia.com\/portal\/?s={search_term_string}"},"query-input":{"@type":"PropertyValueSpecification","valueRequired":true,"valueName":"search_term_string"}}],"inLanguage":"pt-BR"},{"@type":"Organization","@id":"https:\/\/cj.estrategia.com\/portal\/#organization","name":"Estrat\u00e9gia - Carreiras Jur\u00eddicas","url":"https:\/\/cj.estrategia.com\/portal\/","logo":{"@type":"ImageObject","inLanguage":"pt-BR","@id":"https:\/\/cj.estrategia.com\/portal\/#\/schema\/logo\/image\/","url":"https:\/\/cj.estrategia.com\/portal\/wp-content\/uploads\/2022\/03\/11151052\/cj-logo.png","contentUrl":"https:\/\/cj.estrategia.com\/portal\/wp-content\/uploads\/2022\/03\/11151052\/cj-logo.png","width":150,"height":39,"caption":"Estrat\u00e9gia - Carreiras Jur\u00eddicas"},"image":{"@id":"https:\/\/cj.estrategia.com\/portal\/#\/schema\/logo\/image\/"},"sameAs":["https:\/\/www.facebook.com\/estrategiacarreirajuridica\/","https:\/\/x.com\/EstratJuridica","https:\/\/www.instagram.com\/estrategiacarreirajuridica\/","https:\/\/www.youtube.com\/channel\/UClbMGuYbj2Mh1m3w144ETWQ"]},{"@type":"Person","@id":"https:\/\/cj.estrategia.com\/portal\/#\/schema\/person\/4d70317d31449932b99102916b6637f5","name":"Coordena\u00e7\u00e3o","image":{"@type":"ImageObject","inLanguage":"pt-BR","@id":"https:\/\/cj.estrategia.com\/portal\/wp-content\/uploads\/2022\/05\/12164923\/estrategia-carreira-juridica-coordenacao-96x96.png","url":"https:\/\/cj.estrategia.com\/portal\/wp-content\/uploads\/2022\/05\/12164923\/estrategia-carreira-juridica-coordenacao-96x96.png","contentUrl":"https:\/\/cj.estrategia.com\/portal\/wp-content\/uploads\/2022\/05\/12164923\/estrategia-carreira-juridica-coordenacao-96x96.png","caption":"Coordena\u00e7\u00e3o"},"url":"https:\/\/cj.estrategia.com\/portal\/author\/coordenacao\/"}]}},"jetpack_featured_media_url":"https:\/\/cj.estrategia.com\/portal\/wp-content\/uploads\/2022\/09\/04102635\/Concursos-Procuradorias.jpg","jetpack_sharing_enabled":true,"_links":{"self":[{"href":"https:\/\/cj.estrategia.com\/portal\/wp-json\/wp\/v2\/posts\/1508","targetHints":{"allow":["GET"]}}],"collection":[{"href":"https:\/\/cj.estrategia.com\/portal\/wp-json\/wp\/v2\/posts"}],"about":[{"href":"https:\/\/cj.estrategia.com\/portal\/wp-json\/wp\/v2\/types\/post"}],"author":[{"embeddable":true,"href":"https:\/\/cj.estrategia.com\/portal\/wp-json\/wp\/v2\/users\/12"}],"replies":[{"embeddable":true,"href":"https:\/\/cj.estrategia.com\/portal\/wp-json\/wp\/v2\/comments?post=1508"}],"version-history":[{"count":697,"href":"https:\/\/cj.estrategia.com\/portal\/wp-json\/wp\/v2\/posts\/1508\/revisions"}],"predecessor-version":[{"id":187522,"href":"https:\/\/cj.estrategia.com\/portal\/wp-json\/wp\/v2\/posts\/1508\/revisions\/187522"}],"wp:featuredmedia":[{"embeddable":true,"href":"https:\/\/cj.estrategia.com\/portal\/wp-json\/wp\/v2\/media\/20782"}],"wp:attachment":[{"href":"https:\/\/cj.estrategia.com\/portal\/wp-json\/wp\/v2\/media?parent=1508"}],"wp:term":[{"taxonomy":"category","embeddable":true,"href":"https:\/\/cj.estrategia.com\/portal\/wp-json\/wp\/v2\/categories?post=1508"},{"taxonomy":"post_tag","embeddable":true,"href":"https:\/\/cj.estrategia.com\/portal\/wp-json\/wp\/v2\/tags?post=1508"},{"taxonomy":"tax_estado","embeddable":true,"href":"https:\/\/cj.estrategia.com\/portal\/wp-json\/wp\/v2\/tax_estado?post=1508"}],"curies":[{"name":"wp","href":"https:\/\/api.w.org\/{rel}","templated":true}]}}