{"id":150171,"date":"2025-09-10T23:33:39","date_gmt":"2025-09-11T02:33:39","guid":{"rendered":"https:\/\/cj.estrategia.com\/portal\/?p=150171"},"modified":"2025-09-25T16:04:59","modified_gmt":"2025-09-25T19:04:59","slug":"fux-absolve-bolsonaro-acao-penal-2668","status":"publish","type":"post","link":"https:\/\/cj.estrategia.com\/portal\/fux-absolve-bolsonaro-acao-penal-2668\/","title":{"rendered":"Fux absolve Bolsonaro na A\u00e7\u00e3o Penal 2668"},"content":{"rendered":"\n<p>Prof. Gustavo Cordeiro<\/p>\n\n\n\n<h2 class=\"wp-block-heading\" id=\"h-a-divergencia-na-primeira-turma\"><span id=\"a-divergencia-na-primeira-turma\">A diverg\u00eancia na Primeira Turma<\/span><\/h2>\n\n\n\n<p>O julgamento da <strong><mark style=\"background-color:rgba(0, 0, 0, 0)\" class=\"has-inline-color has-black-color\">A\u00e7\u00e3o Penal 2668<\/mark><\/strong>\u00a0na Primeira Turma do STF registrou diverg\u00eancia significativa quando o Ministro <strong>Luiz Fux<\/strong>\u00a0votou pela <strong>absolvi\u00e7\u00e3o de Jair Bolsonaro<\/strong>\u00a0em todos os cinco crimes denunciados pela Procuradoria-Geral da Rep\u00fablica. Esta decis\u00e3o contrariou os votos condenat\u00f3rios dos Ministros <strong>Alexandre de Moraes<\/strong>\u00a0e <strong>Fl\u00e1vio Dino<\/strong>, estabelecendo o placar em 2 a 1 pela condena\u00e7\u00e3o do ex-presidente.<\/p>\n\n\n\n<p class=\"has-background\" style=\"background-color:#dddddd\"><strong>Este artigo apresenta an\u00e1lise exclusivamente jur\u00eddica e descritiva<\/strong>&nbsp;dos fundamentos invocados pelo Ministro Fux para absolver Bolsonaro, contrastando com os argumentos utilizados por Moraes para a condena\u00e7\u00e3o, sem qualquer vi\u00e9s pol\u00edtico-partid\u00e1rio. O objetivo \u00e9 fornecer aos candidatos a <strong>Magistratura, Minist\u00e9rio P\u00fablico, Defensoria P\u00fablica<\/strong>&nbsp;e demais carreiras jur\u00eddicas uma compreens\u00e3o t\u00e9cnica da diverg\u00eancia jurisprudencial sobre temas fundamentais de direito penal e processual penal.<\/p>\n\n\n\n<h2 class=\"wp-block-heading\" id=\"h-os-fundamentos-de-fux-para-a-absolvicao-de-bolsonaro\"><span id=\"os-fundamentos-de-fux-para-a-absolvicao-de-bolsonaro\">Os fundamentos de Fux para a absolvi\u00e7\u00e3o de Bolsonaro<\/span><\/h2>\n\n\n\n<h3 class=\"wp-block-heading\" id=\"h-crime-de-organizacao-criminosa-armada\"><span id=\"crime-de-organizacao-criminosa-armada\">Crime de organiza\u00e7\u00e3o criminosa armada<\/span><\/h3>\n\n\n\n<p>Para o crime de <strong><mark style=\"background-color:rgba(0, 0, 0, 0)\" class=\"has-inline-color has-black-color\">organiza\u00e7\u00e3o criminosa armada<\/mark><\/strong>\u00a0(art. 2\u00ba da Lei 12.850\/2013), Fux fundamentou a absolvi\u00e7\u00e3o na <strong>aus\u00eancia de estrutura organizacional<\/strong>\u00a0t\u00edpica do delito. O ministro interpretou que n\u00e3o houve forma\u00e7\u00e3o de <strong>&#8220;entidade aut\u00f4noma com processos decis\u00f3rios pr\u00f3prios&#8221;<\/strong>, elemento essencial para caracteriza\u00e7\u00e3o do crime.<\/p>\n\n\n\n<p>Fux considerou que as condutas n\u00e3o demonstraram <strong>divis\u00e3o hier\u00e1rquica<\/strong>\u00a0clara nem <strong>perman\u00eancia<\/strong>\u00a0suficiente para configurar organiza\u00e7\u00e3o criminosa. Para o ministro, as reuni\u00f5es e articula\u00e7\u00f5es constitu\u00edram <strong>atos pol\u00edticos<\/strong>\u00a0dentro das prerrogativas presidenciais, n\u00e3o configurando <strong><mark style=\"background-color:rgba(0, 0, 0, 0)\" class=\"has-inline-color has-black-color\">associa\u00e7\u00e3o criminosa estruturada<\/mark><\/strong>.<\/p>\n\n\n\n<p>O ministro tamb\u00e9m afastou o <strong>car\u00e1ter armado<\/strong>, argumentando que n\u00e3o houve <strong>potencial armament\u00edcio efetivo<\/strong>&nbsp;demonstrado, mas apenas <strong>cogita\u00e7\u00f5es<\/strong>&nbsp;sobre envolvimento militar que n\u00e3o se materializaram em atos concretos.<\/p>\n\n\n\n<h3 class=\"wp-block-heading\" id=\"h-crime-de-abolicao-violenta-do-estado-democratico-de-direito\"><span id=\"crime-de-abolicao-violenta-do-estado-democratico-de-direito\">Crime de aboli\u00e7\u00e3o violenta do Estado Democr\u00e1tico de Direito<\/span><\/h3>\n\n\n\n<p>Quanto ao <strong>art. 359-L do C\u00f3digo Penal<\/strong>, Fux baseou a absolvi\u00e7\u00e3o na <strong>aus\u00eancia de viol\u00eancia ou grave amea\u00e7a<\/strong>&nbsp;espec\u00edfica contra o Estado Democr\u00e1tico. O ministro interpretou que as <strong>cr\u00edticas ao sistema eleitoral<\/strong>&nbsp;constituem exerc\u00edcio leg\u00edtimo da <strong>liberdade de express\u00e3o<\/strong>, n\u00e3o configurando tentativa de aboli\u00e7\u00e3o.<\/p>\n\n\n\n<p>Para Fux, <strong>&#8220;a simples defesa da mudan\u00e7a do sistema de vota\u00e7\u00e3o n\u00e3o pode ser considerada narrativa subversiva&#8221;<\/strong>. O ministro caracterizou a postura de Bolsonaro como de <strong>&#8220;boa-f\u00e9&#8221;<\/strong>, visando <strong>&#8220;esclarecer e aperfei\u00e7oar o sistema eletr\u00f4nico de vota\u00e7\u00e3o&#8221;<\/strong>.<\/p>\n\n\n\n<p>O ministro aplicou o conceito de <strong>cogita\u00e7\u00e3o<\/strong>&nbsp;versus <strong>execu\u00e7\u00e3o<\/strong>, argumentando que as minutas golpistas constitu\u00edam <strong>&#8220;mera documenta\u00e7\u00e3o &#8216;cogitatio'&#8221;<\/strong>, n\u00e3o configurando <strong>atos execut\u00f3rios<\/strong>&nbsp;necess\u00e1rios para caracterizar a tentativa do crime.<\/p>\n\n\n\n<h3 class=\"wp-block-heading\" id=\"h-crime-de-golpe-de-estado\"><span id=\"crime-de-golpe-de-estado\">Crime de Golpe de Estado<\/span><\/h3>\n\n\n\n<p>Para o <strong>art. 359-M do C\u00f3digo Penal<\/strong>, Fux fundamentou que <strong>&#8220;as condutas praticadas durante o mandato presidencial n\u00e3o podem configurar&#8221;<\/strong>&nbsp;este crime espec\u00edfico. O ministro interpretou que discuss\u00f5es sobre <strong>medidas constitucionais<\/strong>&nbsp;(estado de s\u00edtio, estado de defesa) n\u00e3o caracterizam tentativa de golpe.<\/p>\n\n\n\n<p>Fux foi categ\u00f3rico ao afirmar que <strong>&#8220;\u00e9 contradit\u00f3rio imaginar tentativa de aboli\u00e7\u00e3o do Estado Democr\u00e1tico com autoriza\u00e7\u00e3o e participa\u00e7\u00e3o ativa dos membros do Congresso&#8221;<\/strong>. Para o ministro, as minutas prevendo medidas que dependem de <strong>aprova\u00e7\u00e3o congressional<\/strong>&nbsp;n\u00e3o configuram tentativa de deposi\u00e7\u00e3o do governo.<\/p>\n\n\n\n<p>O ministro tamb\u00e9m aplicou a <strong>aus\u00eancia de dolo espec\u00edfico<\/strong>, argumentando que n\u00e3o havia <strong>inten\u00e7\u00e3o inequ\u00edvoca<\/strong>&nbsp;de depor o governo eleito, mas sim <strong>exerc\u00edcio de prerrogativas constitucionais<\/strong>&nbsp;durante a transi\u00e7\u00e3o de governo.<\/p>\n\n\n\n<h3 class=\"wp-block-heading\" id=\"h-crime-de-dano-qualificado\"><span id=\"crime-de-dano-qualificado\">Crime de dano qualificado<\/span><\/h3>\n\n\n\n<p>Quanto ao <strong>art. 163, par\u00e1grafo \u00fanico do <a href=\"https:\/\/www.estrategiaconcursos.com.br\/assinaturas-ecj\/\" target=\"_blank\" >C\u00f3digo Penal<\/a><\/strong>, Fux absolveu Bolsonaro por <strong>aus\u00eancia de nexo causal<\/strong>&nbsp;com os eventos de 8 de janeiro. O ministro argumentou que <strong>&#8220;o tr\u00e1gico epis\u00f3dio foi mais reflexo da insatisfa\u00e7\u00e3o daqueles que estavam l\u00e1 do que reflexo de um golpe planejado&#8221;<\/strong>.<\/p>\n\n\n\n<p>Para Fux, <strong>&#8220;Bolsonaro n\u00e3o tinha dever algum de desmobilizar&#8221;<\/strong>\u00a0as manifesta\u00e7\u00f5es, pois tal exig\u00eancia violaria o <strong><mark style=\"background-color:rgba(0, 0, 0, 0)\" class=\"has-inline-color has-black-color\">princ\u00edpio da liberdade de express\u00e3o<\/mark><\/strong>. O ministro interpretou que n\u00e3o h\u00e1 <strong>responsabilidade penal<\/strong>\u00a0por omiss\u00e3o quando n\u00e3o existe <strong>dever jur\u00eddico<\/strong>\u00a0espec\u00edfico de agir.<\/p>\n\n\n\n<p>O ministro tamb\u00e9m considerou que <strong>&#8220;n\u00e3o h\u00e1 qualquer prova&#8221;<\/strong>&nbsp;de que Bolsonaro tenha <strong>determinado diretamente<\/strong>&nbsp;a destrui\u00e7\u00e3o dos bens p\u00fablicos, sendo insuficiente a <strong>conex\u00e3o remota<\/strong>&nbsp;entre discursos e atos de terceiros.<\/p>\n\n\n\n<h3 class=\"wp-block-heading\" id=\"h-crime-de-deterioracao-de-patrimonio-tombado\"><span id=\"crime-de-deterioracao-de-patrimonio-tombado\">Crime de deteriora\u00e7\u00e3o de patrim\u00f4nio tombado<\/span><\/h3>\n\n\n\n<p>Para o <strong>art. 62, I da Lei 9.605\/1998<\/strong>, Fux aplicou os mesmos fundamentos do dano qualificado, enfatizando a <strong>aus\u00eancia de participa\u00e7\u00e3o direta<\/strong>&nbsp;nos atos materiais e a <strong>falta de nexo causal<\/strong>&nbsp;entre as condutas presidenciais e a deteriora\u00e7\u00e3o dos bens tombados.<\/p>\n\n\n\n<p>O ministro interpretou que os eventos de 8 de janeiro resultaram de <strong>&#8220;insatisfa\u00e7\u00e3o popular&#8221;<\/strong>&nbsp;espont\u00e2nea, n\u00e3o de <strong>coordena\u00e7\u00e3o criminosa<\/strong>&nbsp;envolvendo o ex-presidente. Para Fux, a <strong>responsabilidade penal<\/strong>&nbsp;exige <strong>participa\u00e7\u00e3o concreta<\/strong>&nbsp;nos atos lesivos, n\u00e3o sendo suficiente a <strong>influ\u00eancia pol\u00edtica<\/strong>&nbsp;remota.<\/p>\n\n\n\n<h3 class=\"wp-block-heading\" id=\"h-ausencia-de-dolo-e-nexo-causal-fundamento-transversal\"><span id=\"ausencia-de-dolo-e-nexo-causal-fundamento-transversal\">Aus\u00eancia de dolo e nexo causal &#8211; fundamento transversal<\/span><\/h3>\n\n\n\n<div class=\"wp-block-media-text is-stacked-on-mobile\" style=\"grid-template-columns:32% auto\"><figure class=\"wp-block-media-text__media\"><img decoding=\"async\" width=\"1024\" height=\"1024\" src=\"https:\/\/cj.estrategia.com\/portal\/wp-content\/uploads\/2025\/07\/03222029\/documento-lei-legislacao-dispositivo-julgamento-observacao-atencao-1024x1024.jpg\" alt=\"Bolsonaro na\" class=\"wp-image-133192 size-full\" srcset=\"https:\/\/cj.estrategia.com\/portal\/wp-content\/uploads\/2025\/07\/03222029\/documento-lei-legislacao-dispositivo-julgamento-observacao-atencao-1024x1024.jpg 1024w, https:\/\/cj.estrategia.com\/portal\/wp-content\/uploads\/2025\/07\/03222029\/documento-lei-legislacao-dispositivo-julgamento-observacao-atencao-300x300.jpg 300w, https:\/\/cj.estrategia.com\/portal\/wp-content\/uploads\/2025\/07\/03222029\/documento-lei-legislacao-dispositivo-julgamento-observacao-atencao-150x150.jpg 150w, https:\/\/cj.estrategia.com\/portal\/wp-content\/uploads\/2025\/07\/03222029\/documento-lei-legislacao-dispositivo-julgamento-observacao-atencao-768x768.jpg 768w, https:\/\/cj.estrategia.com\/portal\/wp-content\/uploads\/2025\/07\/03222029\/documento-lei-legislacao-dispositivo-julgamento-observacao-atencao-1536x1536.jpg 1536w, https:\/\/cj.estrategia.com\/portal\/wp-content\/uploads\/2025\/07\/03222029\/documento-lei-legislacao-dispositivo-julgamento-observacao-atencao-2048x2048.jpg 2048w, https:\/\/cj.estrategia.com\/portal\/wp-content\/uploads\/2025\/07\/03222029\/documento-lei-legislacao-dispositivo-julgamento-observacao-atencao-80x80.jpg 80w, https:\/\/cj.estrategia.com\/portal\/wp-content\/uploads\/2025\/07\/03222029\/documento-lei-legislacao-dispositivo-julgamento-observacao-atencao-380x380.jpg 380w, https:\/\/cj.estrategia.com\/portal\/wp-content\/uploads\/2025\/07\/03222029\/documento-lei-legislacao-dispositivo-julgamento-observacao-atencao-800x800.jpg 800w, https:\/\/cj.estrategia.com\/portal\/wp-content\/uploads\/2025\/07\/03222029\/documento-lei-legislacao-dispositivo-julgamento-observacao-atencao-1160x1160.jpg 1160w, https:\/\/cj.estrategia.com\/portal\/wp-content\/uploads\/2025\/07\/03222029\/documento-lei-legislacao-dispositivo-julgamento-observacao-atencao-24x24.jpg 24w, https:\/\/cj.estrategia.com\/portal\/wp-content\/uploads\/2025\/07\/03222029\/documento-lei-legislacao-dispositivo-julgamento-observacao-atencao-48x48.jpg 48w, https:\/\/cj.estrategia.com\/portal\/wp-content\/uploads\/2025\/07\/03222029\/documento-lei-legislacao-dispositivo-julgamento-observacao-atencao-96x96.jpg 96w, https:\/\/cj.estrategia.com\/portal\/wp-content\/uploads\/2025\/07\/03222029\/documento-lei-legislacao-dispositivo-julgamento-observacao-atencao-scaled.jpg 2560w\" sizes=\"(max-width: 1024px) 100vw, 1024px\" \/><\/figure><div class=\"wp-block-media-text__content\">\n<p>O <strong>n\u00facleo central<\/strong>&nbsp;da argumenta\u00e7\u00e3o de Fux, aplic\u00e1vel a todos os crimes, baseou-se na <strong>aus\u00eancia de dolo espec\u00edfico<\/strong>&nbsp;e <strong>falta de nexo causal<\/strong>. O ministro fundamentou que <strong>&#8220;al\u00e9m de faltar o dolo, falta o indispens\u00e1vel nexo de causalidade&#8221;<\/strong>&nbsp;para vincular o ex-presidente aos resultados criminosos.<\/p>\n<\/div><\/div>\n\n\n\n<p>Fux utilizou <strong>analogia<\/strong>&nbsp;demonstrativa: seria <strong>&#8220;igualmente absurdo considerar como part\u00edcipe em um atentado \u00e0 vida de um candidato todos aqueles que houvessem proferido discursos inflamados contra sua pessoa&#8221;<\/strong>, referindo-se ao atentado de 2018 contra o pr\u00f3prio Bolsonaro.<\/p>\n\n\n\n<h3 class=\"wp-block-heading\" id=\"h-ausencia-de-conhecimento-dos-planos-especificos\"><span id=\"ausencia-de-conhecimento-dos-planos-especificos\">Aus\u00eancia de conhecimento dos planos espec\u00edficos<\/span><\/h3>\n\n\n\n<p>Transversalmente a todos os crimes, Fux foi categ\u00f3rico: <strong>&#8220;n\u00e3o h\u00e1 nenhum elemento que identifique ci\u00eancia do ex-presidente&#8221;<\/strong>&nbsp;sobre os planos extremos como <strong>&#8220;Punhal Verde e Amarelo&#8221;<\/strong>&nbsp;e grupo <strong>&#8220;Copa 2022&#8221;<\/strong>.<\/p>\n\n\n\n<p>O ministro sustentou <strong>&#8220;n\u00e3o h\u00e1 absolutamente nenhuma prova&#8221;<\/strong>&nbsp;do conhecimento de Bolsonaro sobre monitoramento de autoridades ou planos de assassinato, elemento fundamental para caracterizar <strong>participa\u00e7\u00e3o consciente<\/strong>&nbsp;nos crimes.<\/p>\n\n\n\n<h3 class=\"wp-block-heading\" id=\"h-critica-a-individualizacao-da-conduta\"><span id=\"critica-a-individualizacao-da-conduta\">Cr\u00edtica \u00e0 individualiza\u00e7\u00e3o da conduta<\/span><\/h3>\n\n\n\n<p>Fux <strong>criticou diretamente<\/strong>&nbsp;a t\u00e9cnica acusat\u00f3ria da PGR, sustentando que <strong>&#8220;n\u00e3o descreveu a conduta de Bolsonaro individualizada&#8221;<\/strong>. Para o ministro, a den\u00fancia falhou em <strong>distinguir especificamente<\/strong>&nbsp;quais atos concretos teriam sido praticados pelo ex-presidente para cada crime imputado.<\/p>\n\n\n\n<h2 class=\"wp-block-heading\" id=\"h-confronto-entre-os-argumentos-de-moraes-e-fux\"><span id=\"confronto-entre-os-argumentos-de-moraes-e-fux\">Confronto entre os argumentos de Moraes e Fux<\/span><\/h2>\n\n\n\n<h3 class=\"wp-block-heading\" id=\"h-sobre-a-lideranca-da-organizacao-criminosa\"><span id=\"sobre-a-lideranca-da-organizacao-criminosa\">Sobre a lideran\u00e7a da organiza\u00e7\u00e3o criminosa<\/span><\/h3>\n\n\n\n<p><strong>MORAES (CONDENA\u00c7\u00c3O):<\/strong><\/p>\n\n\n\n<ul class=\"wp-block-list\">\n<li>Identificou Bolsonaro como <strong>l\u00edder inequ\u00edvoco<\/strong>&nbsp;da organiza\u00e7\u00e3o criminosa<\/li>\n\n\n\n<li>A posi\u00e7\u00e3o presidencial foi <strong>instrumentalizada<\/strong>&nbsp;para conferir legitimidade \u00e0s a\u00e7\u00f5es<\/li>\n\n\n\n<li>Organiza\u00e7\u00e3o estruturada durante <strong>18 meses<\/strong>&nbsp;com divis\u00e3o clara de tarefas<\/li>\n\n\n\n<li>Potencial armament\u00edcio pela tentativa de envolvimento das <strong>For\u00e7as Armadas<\/strong><\/li>\n<\/ul>\n\n\n\n<p><strong>FUX (ABSOLVI\u00c7\u00c3O):<\/strong><\/p>\n\n\n\n<ul class=\"wp-block-list\">\n<li>Negou exist\u00eancia de <strong>&#8220;entidade aut\u00f4noma&#8221;<\/strong>&nbsp;com processos decis\u00f3rios pr\u00f3prios<\/li>\n\n\n\n<li>Aus\u00eancia de <strong>dolo espec\u00edfico<\/strong>&nbsp;para constituir organiza\u00e7\u00e3o criminosa<\/li>\n\n\n\n<li>Condutas n\u00e3o caracterizam <strong>estrutura organizacional<\/strong>&nbsp;t\u00edpica do crime<\/li>\n\n\n\n<li>Absolveu <strong>todos os r\u00e9us<\/strong>&nbsp;do crime de organiza\u00e7\u00e3o criminosa armada<\/li>\n<\/ul>\n\n\n\n<h3 class=\"wp-block-heading\" id=\"h-sobre-o-conhecimento-dos-planos-criminosos\"><span id=\"sobre-o-conhecimento-dos-planos-criminosos\">Sobre o conhecimento dos planos criminosos<\/span><\/h3>\n\n\n\n<p><strong>MORAES (CONDENA\u00c7\u00c3O):<\/strong><\/p>\n\n\n\n<ul class=\"wp-block-list\">\n<li><strong>Tr\u00eas c\u00f3pias<\/strong>&nbsp;do plano &#8220;Punhal Verde e Amarelo&#8221; foram levadas ao Pal\u00e1cio do Alvorada<\/li>\n\n\n\n<li>Evidenciou <strong>conhecimento e anu\u00eancia<\/strong>&nbsp;de Bolsonaro sobre planos extremos<\/li>\n\n\n\n<li>Reuni\u00f5es com comandantes militares demonstraram <strong>discuss\u00e3o de quebra constitucional<\/strong><\/li>\n\n\n\n<li>Apresenta\u00e7\u00e3o da <strong>&#8220;minuta golpista&#8221;<\/strong>&nbsp;configurou busca de apoio militar<\/li>\n<\/ul>\n\n\n\n<p><strong>FUX (ABSOLVI\u00c7\u00c3O):<\/strong><\/p>\n\n\n\n<ul class=\"wp-block-list\">\n<li><strong>&#8220;N\u00e3o h\u00e1 nenhum elemento&#8221;<\/strong>&nbsp;que identifique ci\u00eancia do ex-presidente<\/li>\n\n\n\n<li>Aus\u00eancia de <strong>provas diretas<\/strong>&nbsp;do conhecimento sobre assassinatos planejados<\/li>\n\n\n\n<li>Minutas constituem <strong>&#8220;mera cogita\u00e7\u00e3o&#8221;<\/strong>, n\u00e3o atos execut\u00f3rios<\/li>\n\n\n\n<li>Falta <strong>nexo causal<\/strong>&nbsp;entre documentos e conduta presidencial<\/li>\n<\/ul>\n\n\n\n<h3 class=\"wp-block-heading\" id=\"h-sobre-os-eventos-de-8-de-janeiro\"><span id=\"sobre-os-eventos-de-8-de-janeiro\">Sobre os eventos de 8 de janeiro<\/span><\/h3>\n\n\n\n<p><strong>MORAES (CONDENA\u00c7\u00c3O):<\/strong><\/p>\n\n\n\n<ul class=\"wp-block-list\">\n<li>Atos execut\u00f3rios <strong>&#8220;consumaram&#8221;<\/strong>&nbsp;os crimes contra o Estado Democr\u00e1tico<\/li>\n\n\n\n<li>Bolsonaro tinha <strong>dever<\/strong>&nbsp;de desmobilizar manifesta\u00e7\u00f5es antidemocr\u00e1ticas<\/li>\n\n\n\n<li>Conex\u00e3o direta entre discursos presidenciais e <strong>invas\u00e3o dos pr\u00e9dios p\u00fablicos<\/strong><\/li>\n\n\n\n<li>Configura\u00e7\u00e3o de <strong>dano qualificado<\/strong>&nbsp;e deteriora\u00e7\u00e3o de patrim\u00f4nio tombado<\/li>\n<\/ul>\n\n\n\n<p><strong>FUX (ABSOLVI\u00c7\u00c3O):<\/strong><\/p>\n\n\n\n<ul class=\"wp-block-list\">\n<li><strong>&#8220;Bolsonaro n\u00e3o tinha dever algum de desmobilizar&#8221;<\/strong>&nbsp;manifesta\u00e7\u00f5es<\/li>\n\n\n\n<li>Solicita\u00e7\u00e3o de desmobiliza\u00e7\u00e3o violaria <strong>liberdade de express\u00e3o<\/strong><\/li>\n\n\n\n<li>Eventos foram <strong>&#8220;reflexo da insatisfa\u00e7\u00e3o&#8221;<\/strong>, n\u00e3o de golpe planejado<\/li>\n\n\n\n<li>Compara\u00e7\u00e3o com <strong>protestos de junho de 2013<\/strong>&nbsp;como manifesta\u00e7\u00e3o leg\u00edtima<\/li>\n<\/ul>\n\n\n\n<h3 class=\"wp-block-heading\" id=\"h-sobre-as-ameacas-ao-poder-judiciario\"><span id=\"sobre-as-ameacas-ao-poder-judiciario\">Sobre as amea\u00e7as ao Poder Judici\u00e1rio<\/span><\/h3>\n\n\n\n<p><strong>MORAES (CONDENA\u00c7\u00c3O):<\/strong><\/p>\n\n\n\n<ul class=\"wp-block-list\">\n<li>Amea\u00e7as configuraram <strong>viol\u00eancia moral<\/strong>&nbsp;e grave amea\u00e7a<\/li>\n\n\n\n<li>Manifesta\u00e7\u00e3o de 7 de setembro demonstrou <strong>desacato institucional<\/strong><\/li>\n\n\n\n<li><strong>&#8220;Ultimato&#8221;<\/strong>&nbsp;ao STF caracterizou tentativa de intimida\u00e7\u00e3o<\/li>\n\n\n\n<li>Instrumentaliza\u00e7\u00e3o de \u00f3rg\u00e3os p\u00fablicos para <strong>pressionar o Judici\u00e1rio<\/strong><\/li>\n<\/ul>\n\n\n\n<p><strong>FUX (ABSOLVI\u00c7\u00c3O):<\/strong><\/p>\n\n\n\n<ul class=\"wp-block-list\">\n<li>Cr\u00edticas constituem exerc\u00edcio da <strong>liberdade de express\u00e3o<\/strong><\/li>\n\n\n\n<li>Aus\u00eancia de <strong>dolo espec\u00edfico<\/strong>&nbsp;para intimidar autoridades<\/li>\n\n\n\n<li>Diferencia\u00e7\u00e3o entre <strong>cr\u00edtica pol\u00edtica<\/strong>&nbsp;e amea\u00e7a criminosa<\/li>\n\n\n\n<li><strong>Boa-f\u00e9<\/strong>&nbsp;nas manifesta\u00e7\u00f5es sobre sistema eleitoral<\/li>\n<\/ul>\n\n\n\n<h2 class=\"wp-block-heading\" id=\"h-os-votos-especificos-de-fux-sobre-outros-reus\"><span id=\"os-votos-especificos-de-fux-sobre-outros-reus\">Os votos espec\u00edficos de Fux sobre outros r\u00e9us<\/span><\/h2>\n\n\n\n<h3 class=\"wp-block-heading\" id=\"h-condenacao-de-mauro-cid\"><span id=\"condenacao-de-mauro-cid\">Condena\u00e7\u00e3o de Mauro Cid<\/span><\/h3>\n\n\n\n<p>Embora tenha absolvido Bolsonaro, Fux <strong>condenou Mauro Cid<\/strong>\u00a0pelo crime de <strong><mark style=\"background-color:rgba(0, 0, 0, 0)\" class=\"has-inline-color has-black-color\">tentativa de aboli\u00e7\u00e3o violenta do Estado Democr\u00e1tico de Direito<\/mark><\/strong>. O ministro fundamentou que <strong>&#8220;n\u00e3o \u00e9 cr\u00edvel o colaborador ter recebido R$ 100 mil de Braga Netto e n\u00e3o saber para que opera\u00e7\u00e3o criminosa iria o montante&#8221;<\/strong>.<\/p>\n\n\n\n<p>Para Fux, mesmo como <strong>&#8220;mero ajudante de ordens&#8221;<\/strong>, Cid se envolveu diretamente nos preparativos para opera\u00e7\u00e3o visando prender Alexandre de Moraes, caracterizando participa\u00e7\u00e3o consciente nos planos criminosos.<\/p>\n\n\n\n<h3 class=\"wp-block-heading\" id=\"h-condenacao-de-braga-netto\"><span id=\"condenacao-de-braga-netto\">Condena\u00e7\u00e3o de Braga Netto<\/span><\/h3>\n\n\n\n<p>Fux tamb\u00e9m <strong>condenou Walter Braga Netto<\/strong>&nbsp;por tentativa de aboli\u00e7\u00e3o do Estado Democr\u00e1tico de Direito, mas o <strong>absolveu<\/strong>&nbsp;dos demais crimes. O ministro considerou que Braga Netto, <strong>&#8220;junto ao major De Oliveira e Mauro Cid, planejou e financiou&#8221;<\/strong>&nbsp;opera\u00e7\u00e3o para assassinar Alexandre de Moraes.<\/p>\n\n\n\n<h2 class=\"wp-block-heading\" id=\"h-criticas-de-fux-ao-proprio-stf\"><span id=\"criticas-de-fux-ao-proprio-stf\">Cr\u00edticas de Fux ao pr\u00f3prio STF<\/span><\/h2>\n\n\n\n<h3 class=\"wp-block-heading\" id=\"h-questionamento-da-competencia\"><span id=\"questionamento-da-competencia\">Questionamento da compet\u00eancia<\/span><\/h3>\n\n\n\n<p>Fux reiterou que o <strong>STF sequer deveria julgar<\/strong>&nbsp;o processo, mantendo posi\u00e7\u00e3o sobre incompet\u00eancia absoluta da Corte para crimes de ex-presidente. O ministro sustentou que, se houvesse compet\u00eancia, o julgamento deveria ocorrer no <strong>Plen\u00e1rio<\/strong>, n\u00e3o na Primeira Turma.<\/p>\n\n\n\n<h3 class=\"wp-block-heading\" id=\"h-separacao-entre-direito-e-politica\"><span id=\"separacao-entre-direito-e-politica\">Separa\u00e7\u00e3o entre direito e pol\u00edtica<\/span><\/h3>\n\n\n\n<p>O ministro foi enf\u00e1tico ao afirmar que <strong>&#8220;n\u00e3o compete ao STF realizar ju\u00edzo pol\u00edtico&#8221;<\/strong>&nbsp;e que <strong>&#8220;o papel do julgador n\u00e3o pode ser confundido com o de ator pol\u00edtico&#8221;<\/strong>. Esta posi\u00e7\u00e3o representou cr\u00edtica velada \u00e0 atua\u00e7\u00e3o de outros ministros no caso.<\/p>\n\n\n\n<h3 class=\"wp-block-heading\" id=\"h-comparacao-com-o-mensalao\"><span id=\"comparacao-com-o-mensalao\">Compara\u00e7\u00e3o com o mensal\u00e3o<\/span><\/h3>\n\n\n\n<p>Fux mencionou o <strong>processo do Mensal\u00e3o<\/strong>, afirmando que <strong>&#8220;as penas foram irris\u00f3rias diante da grandeza daquele ato atentat\u00f3rio contra a democracia&#8221;<\/strong>. O ministro sugeriu que a <strong>caracteriza\u00e7\u00e3o de organiza\u00e7\u00e3o criminosa<\/strong>&nbsp;poderia ter alterado aquele julgamento.<\/p>\n\n\n\n<h3 class=\"wp-block-heading\" id=\"h-resultado-do-julgamento-maioria-para-cid-e-braga-netto\"><span id=\"resultado-do-julgamento-maioria-para-cid-e-braga-netto\">Resultado do julgamento: maioria para Cid e Braga Netto<\/span><\/h3>\n\n\n\n<p>O voto de Fux formou <strong>maioria (3 votos)<\/strong>\u00a0para condenar <strong>Mauro Cid<\/strong>\u00a0e <strong>Walter Braga Netto<\/strong>\u00a0pelo crime de <strong><mark style=\"background-color:rgba(0, 0, 0, 0)\" class=\"has-inline-color has-black-color\">tentativa de aboli\u00e7\u00e3o violenta do Estado Democr\u00e1tico de Direito<\/mark><\/strong>. Com os votos de Moraes, Dino e Fux, ambos os r\u00e9us foram condenados por este crime espec\u00edfico.<\/p>\n\n\n\n<p>Esta situa\u00e7\u00e3o criou <strong>paradoxo jur\u00eddico<\/strong>&nbsp;interessante: o <strong>l\u00edder<\/strong>&nbsp;(Bolsonaro) foi absolvido enquanto os <strong>subordinados<\/strong>&nbsp;(Cid e Braga Netto) foram condenados pelo mesmo tipo de conduta, evidenciando as diferentes interpreta\u00e7\u00f5es sobre <strong>autoria<\/strong>&nbsp;e <strong>participa\u00e7\u00e3o<\/strong>&nbsp;nos crimes contra a seguran\u00e7a nacional.<\/p>\n\n\n\n<h2 class=\"wp-block-heading\" id=\"h-divergencia-e-implicacoes-jurisprudenciais\"><span id=\"divergencia-e-implicacoes-jurisprudenciais\">Diverg\u00eancia e implica\u00e7\u00f5es jurisprudenciais<\/span><\/h2>\n\n\n\n<p>A diverg\u00eancia entre Moraes e Fux na AP 2668 evidencia a <strong>complexidade<\/strong>&nbsp;dos crimes contra a seguran\u00e7a nacional e a <strong>dificuldade<\/strong>&nbsp;de caracteriza\u00e7\u00e3o em casos envolvendo autoridades p\u00fablicas. Para concurseiros, o debate oferece <strong>li\u00e7\u00f5es fundamentais<\/strong>&nbsp;sobre aplica\u00e7\u00e3o de institutos penais cl\u00e1ssicos em contextos pol\u00edticos complexos.<\/p>\n\n\n\n<p>A <strong>diferencia\u00e7\u00e3o entre cogita\u00e7\u00e3o e execu\u00e7\u00e3o<\/strong>\u00a0representa conceito fundamental que certamente ser\u00e1 cobrado em futuras quest\u00f5es sobre <strong>tentativa<\/strong>\u00a0e <strong>iter criminis<\/strong>. A discuss\u00e3o sobre <strong><mark style=\"background-color:rgba(0, 0, 0, 0)\" class=\"has-inline-color has-black-color\">liberdade de express\u00e3o<\/mark><\/strong>\u00a0<em>versus <\/em><strong>narrativa subversiva<\/strong>\u00a0tamb\u00e9m se tornar\u00e1 tema recorrente.<\/p>\n\n\n\n<p>A <strong>cr\u00edtica \u00e0 individualiza\u00e7\u00e3o<\/strong>&nbsp;da conduta na den\u00fancia demonstra a import\u00e2ncia t\u00e9cnica da <strong>descri\u00e7\u00e3o espec\u00edfica<\/strong>&nbsp;dos fatos imputados a cada r\u00e9u, princ\u00edpio fundamental do devido processo penal.<\/p>\n\n\n\n<p>O <strong>paradoxo<\/strong>&nbsp;da absolvi\u00e7\u00e3o do l\u00edder com condena\u00e7\u00e3o dos subordinados oferece material did\u00e1tico excepcional para compreens\u00e3o das teorias de <strong>autoria e participa\u00e7\u00e3o<\/strong>&nbsp;no direito penal brasileiro.<\/p>\n\n\n\n<hr class=\"wp-block-separator has-alpha-channel-opacity\"\/>\n\n\n\n<h2 class=\"wp-block-heading has-text-align-center\" id=\"h-quer-saber-quais-serao-os-proximos-concursos\"><span id=\"quer-saber-quais-serao-os-proximos-concursos\">Quer saber quais ser\u00e3o os pr\u00f3ximos concursos?<\/span><\/h2>\n\n\n\n<pre class=\"wp-block-verse has-text-align-center\">Confira nossos&nbsp;<a href=\"https:\/\/cj.estrategia.com\/portal\/\" target=\"_blank\" >artigos para Carreiras Jur\u00eddicas<\/a>!<\/pre>\n\n\n\n<p class=\"has-text-align-center has-white-color has-pale-cyan-blue-background-color has-text-color has-background has-link-color wp-elements-3ffc9057f2314ec15f13b132eefb20e4\"><a href=\"https:\/\/www.estrategiaconcursos.com.br\/blog\/concursos-abertos\/\" target=\"_blank\" >Concursos p\u00fablicos abertos<\/a><\/p>\n\n\n\n<p class=\"has-text-align-center has-white-color has-pale-cyan-blue-background-color has-text-color has-background has-link-color wp-elements-0ddcc3bba7dead06242e688a17e9e277\"><a href=\"https:\/\/cj.estrategia.com\/portal\/concursos-2025-carreiras-juridicas\/\" target=\"_blank\" >Concursos 2025<\/a><\/p>\n","protected":false},"excerpt":{"rendered":"Prof. Gustavo Cordeiro A diverg\u00eancia na Primeira Turma O julgamento da A\u00e7\u00e3o Penal 2668\u00a0na Primeira Turma do STF&hellip;\n","protected":false},"author":12,"featured_media":122317,"comment_status":"open","ping_status":"open","sticky":false,"template":"","format":"standard","meta":{"_jetpack_memberships_contains_paid_content":false,"footnotes":""},"categories":[1],"tags":[2706,1055,3002,373,1429,2386,1137,796,440,132,198,3286,2092,2943,850,2994,867,134,3290],"tax_estado":[30,31,32,33,34,35,36,37,38,39,40,41,42,43,44,45,46,47,48,49,50,51,52,53,54,55,56,57],"class_list":{"0":"post-150171","1":"post","2":"type-post","3":"status-publish","4":"format-standard","5":"has-post-thumbnail","7":"category-carreiras-juridicas","8":"tag-abolicao-violenta-do-estado-democratico-de-direito","9":"tag-absolvicao","10":"tag-acao-penal-2668","11":"tag-alexandre-de-moraes","12":"tag-associacao-criminosa","13":"tag-dolo-especifico","14":"tag-flavio-dino","15":"tag-forcas-armadas","16":"tag-jair-bolsonaro","17":"tag-jurisprudencia","18":"tag-liberdade-de-expressao","19":"tag-luiz-fux","20":"tag-mauro-cid","21":"tag-nexo-causal","22":"tag-organizacao-criminosa","23":"tag-plano-punhal-verde-e-amarelo","24":"tag-responsabilidade-penal","25":"tag-stf","26":"tag-walter-braga-netto","27":"tax_estado-ac","28":"tax_estado-al","29":"tax_estado-am","30":"tax_estado-ap","31":"tax_estado-ba","32":"tax_estado-ce","33":"tax_estado-concursos-federais","34":"tax_estado-df","35":"tax_estado-es","36":"tax_estado-go","37":"tax_estado-ma","38":"tax_estado-mg","39":"tax_estado-ms","40":"tax_estado-mt","41":"tax_estado-pa","42":"tax_estado-pb","43":"tax_estado-pe","44":"tax_estado-pi","45":"tax_estado-pr","46":"tax_estado-rj","47":"tax_estado-rn","48":"tax_estado-ro","49":"tax_estado-rr","50":"tax_estado-rs","51":"tax_estado-sc","52":"tax_estado-se","53":"tax_estado-sp","54":"tax_estado-to"},"acf":[],"yoast_head":"<!-- This site is optimized with the Yoast SEO Premium plugin v27.4 (Yoast SEO v27.4) - https:\/\/yoast.com\/product\/yoast-seo-premium-wordpress\/ -->\n<title>Fux absolve Bolsonaro na A\u00e7\u00e3o Penal 2668<\/title>\n<meta name=\"description\" content=\"O julgamento da AP 2668 registrou diverg\u00eancia significativa quando Fux\u00a0votou pela absolvi\u00e7\u00e3o de Bolsonaro\u00a0nos cinco crimes denunciados.\" \/>\n<meta name=\"robots\" content=\"index, follow, max-snippet:-1, max-image-preview:large, max-video-preview:-1\" \/>\n<link rel=\"canonical\" href=\"https:\/\/cj.estrategia.com\/portal\/fux-absolve-bolsonaro-acao-penal-2668\/\" \/>\n<meta property=\"og:locale\" content=\"pt_BR\" \/>\n<meta property=\"og:type\" content=\"article\" \/>\n<meta property=\"og:title\" content=\"Fux absolve Bolsonaro na A\u00e7\u00e3o Penal 2668\" \/>\n<meta property=\"og:description\" content=\"O julgamento da AP 2668 registrou diverg\u00eancia significativa quando Fux\u00a0votou pela absolvi\u00e7\u00e3o de Bolsonaro\u00a0nos cinco crimes denunciados.\" \/>\n<meta property=\"og:url\" content=\"https:\/\/cj.estrategia.com\/portal\/fux-absolve-bolsonaro-acao-penal-2668\/\" \/>\n<meta property=\"og:site_name\" content=\"Blog - Carreiras Jur\u00eddicas - Estrat\u00e9gia\" \/>\n<meta property=\"article:publisher\" content=\"https:\/\/www.facebook.com\/estrategiacarreirajuridica\/\" \/>\n<meta property=\"article:published_time\" content=\"2025-09-11T02:33:39+00:00\" \/>\n<meta property=\"article:modified_time\" content=\"2025-09-25T19:04:59+00:00\" \/>\n<meta property=\"og:image\" content=\"https:\/\/cj.estrategia.com\/portal\/wp-content\/uploads\/2025\/05\/21214023\/eugenio-novaes-justica-stf.jpg\" \/>\n\t<meta property=\"og:image:width\" content=\"525\" \/>\n\t<meta property=\"og:image:height\" content=\"350\" \/>\n\t<meta property=\"og:image:type\" content=\"image\/jpeg\" \/>\n<meta name=\"author\" content=\"Coordena\u00e7\u00e3o\" \/>\n<meta name=\"twitter:card\" content=\"summary_large_image\" \/>\n<meta name=\"twitter:creator\" content=\"@EstratJuridica\" \/>\n<meta name=\"twitter:site\" content=\"@EstratJuridica\" \/>\n<meta name=\"twitter:label1\" content=\"Escrito por\" \/>\n\t<meta name=\"twitter:data1\" content=\"Coordena\u00e7\u00e3o\" \/>\n\t<meta name=\"twitter:label2\" content=\"Est. tempo de leitura\" \/>\n\t<meta name=\"twitter:data2\" content=\"10 minutos\" \/>\n<script type=\"application\/ld+json\" class=\"yoast-schema-graph\">{\"@context\":\"https:\\\/\\\/schema.org\",\"@graph\":[{\"@type\":\"NewsArticle\",\"@id\":\"https:\\\/\\\/cj.estrategia.com\\\/portal\\\/fux-absolve-bolsonaro-acao-penal-2668\\\/#article\",\"isPartOf\":{\"@id\":\"https:\\\/\\\/cj.estrategia.com\\\/portal\\\/fux-absolve-bolsonaro-acao-penal-2668\\\/\"},\"author\":{\"name\":\"Coordena\u00e7\u00e3o\",\"@id\":\"https:\\\/\\\/cj.estrategia.com\\\/portal\\\/#\\\/schema\\\/person\\\/4d70317d31449932b99102916b6637f5\"},\"headline\":\"Fux absolve Bolsonaro na A\u00e7\u00e3o Penal 2668\",\"datePublished\":\"2025-09-11T02:33:39+00:00\",\"dateModified\":\"2025-09-25T19:04:59+00:00\",\"mainEntityOfPage\":{\"@id\":\"https:\\\/\\\/cj.estrategia.com\\\/portal\\\/fux-absolve-bolsonaro-acao-penal-2668\\\/\"},\"wordCount\":2112,\"commentCount\":0,\"publisher\":{\"@id\":\"https:\\\/\\\/cj.estrategia.com\\\/portal\\\/#organization\"},\"image\":{\"@id\":\"https:\\\/\\\/cj.estrategia.com\\\/portal\\\/fux-absolve-bolsonaro-acao-penal-2668\\\/#primaryimage\"},\"thumbnailUrl\":\"https:\\\/\\\/cj.estrategia.com\\\/portal\\\/wp-content\\\/uploads\\\/2025\\\/05\\\/21214023\\\/eugenio-novaes-justica-stf.jpg\",\"keywords\":[\"aboli\u00e7\u00e3o violenta do Estado Democr\u00e1tico de Direito\",\"absolvi\u00e7\u00e3o\",\"A\u00e7\u00e3o Penal 2668\",\"alexandre de moraes\",\"associa\u00e7\u00e3o criminosa\",\"dolo espec\u00edfico\",\"Fl\u00e1vio Dino\",\"For\u00e7as Armadas\",\"Jair Bolsonaro\",\"jurisprud\u00eancia\",\"liberdade de express\u00e3o\",\"Luiz Fux\",\"Mauro Cid\",\"nexo causal\",\"organiza\u00e7\u00e3o criminosa\",\"Plano Punhal Verde e Amarelo\",\"responsabilidade penal\",\"STF\",\"Walter Braga Netto\"],\"articleSection\":[\"Carreiras Jur\u00eddicas\"],\"inLanguage\":\"pt-BR\",\"potentialAction\":[{\"@type\":\"CommentAction\",\"name\":\"Comment\",\"target\":[\"https:\\\/\\\/cj.estrategia.com\\\/portal\\\/fux-absolve-bolsonaro-acao-penal-2668\\\/#respond\"]}]},{\"@type\":\"WebPage\",\"@id\":\"https:\\\/\\\/cj.estrategia.com\\\/portal\\\/fux-absolve-bolsonaro-acao-penal-2668\\\/\",\"url\":\"https:\\\/\\\/cj.estrategia.com\\\/portal\\\/fux-absolve-bolsonaro-acao-penal-2668\\\/\",\"name\":\"Fux absolve Bolsonaro na A\u00e7\u00e3o Penal 2668\",\"isPartOf\":{\"@id\":\"https:\\\/\\\/cj.estrategia.com\\\/portal\\\/#website\"},\"primaryImageOfPage\":{\"@id\":\"https:\\\/\\\/cj.estrategia.com\\\/portal\\\/fux-absolve-bolsonaro-acao-penal-2668\\\/#primaryimage\"},\"image\":{\"@id\":\"https:\\\/\\\/cj.estrategia.com\\\/portal\\\/fux-absolve-bolsonaro-acao-penal-2668\\\/#primaryimage\"},\"thumbnailUrl\":\"https:\\\/\\\/cj.estrategia.com\\\/portal\\\/wp-content\\\/uploads\\\/2025\\\/05\\\/21214023\\\/eugenio-novaes-justica-stf.jpg\",\"datePublished\":\"2025-09-11T02:33:39+00:00\",\"dateModified\":\"2025-09-25T19:04:59+00:00\",\"description\":\"O julgamento da AP 2668 registrou diverg\u00eancia significativa quando Fux\u00a0votou pela absolvi\u00e7\u00e3o de Bolsonaro\u00a0nos cinco crimes denunciados.\",\"breadcrumb\":{\"@id\":\"https:\\\/\\\/cj.estrategia.com\\\/portal\\\/fux-absolve-bolsonaro-acao-penal-2668\\\/#breadcrumb\"},\"inLanguage\":\"pt-BR\",\"potentialAction\":[{\"@type\":\"ReadAction\",\"target\":[\"https:\\\/\\\/cj.estrategia.com\\\/portal\\\/fux-absolve-bolsonaro-acao-penal-2668\\\/\"]}]},{\"@type\":\"ImageObject\",\"inLanguage\":\"pt-BR\",\"@id\":\"https:\\\/\\\/cj.estrategia.com\\\/portal\\\/fux-absolve-bolsonaro-acao-penal-2668\\\/#primaryimage\",\"url\":\"https:\\\/\\\/cj.estrategia.com\\\/portal\\\/wp-content\\\/uploads\\\/2025\\\/05\\\/21214023\\\/eugenio-novaes-justica-stf.jpg\",\"contentUrl\":\"https:\\\/\\\/cj.estrategia.com\\\/portal\\\/wp-content\\\/uploads\\\/2025\\\/05\\\/21214023\\\/eugenio-novaes-justica-stf.jpg\",\"width\":525,\"height\":350,\"caption\":\"Jurisprud\u00eancia do STF\"},{\"@type\":\"BreadcrumbList\",\"@id\":\"https:\\\/\\\/cj.estrategia.com\\\/portal\\\/fux-absolve-bolsonaro-acao-penal-2668\\\/#breadcrumb\",\"itemListElement\":[{\"@type\":\"ListItem\",\"position\":1,\"name\":\"In\u00edcio\",\"item\":\"https:\\\/\\\/cj.estrategia.com\\\/portal\\\/\"},{\"@type\":\"ListItem\",\"position\":2,\"name\":\"Fux absolve Bolsonaro na A\u00e7\u00e3o Penal 2668\"}]},{\"@type\":\"WebSite\",\"@id\":\"https:\\\/\\\/cj.estrategia.com\\\/portal\\\/#website\",\"url\":\"https:\\\/\\\/cj.estrategia.com\\\/portal\\\/\",\"name\":\"Blog - Carreiras Jur\u00eddicas - Estrat\u00e9gia\",\"description\":\"\",\"publisher\":{\"@id\":\"https:\\\/\\\/cj.estrategia.com\\\/portal\\\/#organization\"},\"potentialAction\":[{\"@type\":\"SearchAction\",\"target\":{\"@type\":\"EntryPoint\",\"urlTemplate\":\"https:\\\/\\\/cj.estrategia.com\\\/portal\\\/?s={search_term_string}\"},\"query-input\":{\"@type\":\"PropertyValueSpecification\",\"valueRequired\":true,\"valueName\":\"search_term_string\"}}],\"inLanguage\":\"pt-BR\"},{\"@type\":\"Organization\",\"@id\":\"https:\\\/\\\/cj.estrategia.com\\\/portal\\\/#organization\",\"name\":\"Estrat\u00e9gia - Carreiras Jur\u00eddicas\",\"url\":\"https:\\\/\\\/cj.estrategia.com\\\/portal\\\/\",\"logo\":{\"@type\":\"ImageObject\",\"inLanguage\":\"pt-BR\",\"@id\":\"https:\\\/\\\/cj.estrategia.com\\\/portal\\\/#\\\/schema\\\/logo\\\/image\\\/\",\"url\":\"https:\\\/\\\/cj.estrategia.com\\\/portal\\\/wp-content\\\/uploads\\\/2022\\\/03\\\/11151052\\\/cj-logo.png\",\"contentUrl\":\"https:\\\/\\\/cj.estrategia.com\\\/portal\\\/wp-content\\\/uploads\\\/2022\\\/03\\\/11151052\\\/cj-logo.png\",\"width\":150,\"height\":39,\"caption\":\"Estrat\u00e9gia - Carreiras Jur\u00eddicas\"},\"image\":{\"@id\":\"https:\\\/\\\/cj.estrategia.com\\\/portal\\\/#\\\/schema\\\/logo\\\/image\\\/\"},\"sameAs\":[\"https:\\\/\\\/www.facebook.com\\\/estrategiacarreirajuridica\\\/\",\"https:\\\/\\\/x.com\\\/EstratJuridica\",\"https:\\\/\\\/www.instagram.com\\\/estrategiacarreirajuridica\\\/\",\"https:\\\/\\\/www.youtube.com\\\/channel\\\/UClbMGuYbj2Mh1m3w144ETWQ\"]},{\"@type\":\"Person\",\"@id\":\"https:\\\/\\\/cj.estrategia.com\\\/portal\\\/#\\\/schema\\\/person\\\/4d70317d31449932b99102916b6637f5\",\"name\":\"Coordena\u00e7\u00e3o\",\"image\":{\"@type\":\"ImageObject\",\"inLanguage\":\"pt-BR\",\"@id\":\"https:\\\/\\\/cj.estrategia.com\\\/portal\\\/wp-content\\\/uploads\\\/2022\\\/05\\\/12164923\\\/estrategia-carreira-juridica-coordenacao-96x96.png\",\"url\":\"https:\\\/\\\/cj.estrategia.com\\\/portal\\\/wp-content\\\/uploads\\\/2022\\\/05\\\/12164923\\\/estrategia-carreira-juridica-coordenacao-96x96.png\",\"contentUrl\":\"https:\\\/\\\/cj.estrategia.com\\\/portal\\\/wp-content\\\/uploads\\\/2022\\\/05\\\/12164923\\\/estrategia-carreira-juridica-coordenacao-96x96.png\",\"caption\":\"Coordena\u00e7\u00e3o\"},\"url\":\"https:\\\/\\\/cj.estrategia.com\\\/portal\\\/author\\\/coordenacao\\\/\"}]}<\/script>\n<!-- \/ Yoast SEO Premium plugin. -->","yoast_head_json":{"title":"Fux absolve Bolsonaro na A\u00e7\u00e3o Penal 2668","description":"O julgamento da AP 2668 registrou diverg\u00eancia significativa quando Fux\u00a0votou pela absolvi\u00e7\u00e3o de Bolsonaro\u00a0nos cinco crimes denunciados.","robots":{"index":"index","follow":"follow","max-snippet":"max-snippet:-1","max-image-preview":"max-image-preview:large","max-video-preview":"max-video-preview:-1"},"canonical":"https:\/\/cj.estrategia.com\/portal\/fux-absolve-bolsonaro-acao-penal-2668\/","og_locale":"pt_BR","og_type":"article","og_title":"Fux absolve Bolsonaro na A\u00e7\u00e3o Penal 2668","og_description":"O julgamento da AP 2668 registrou diverg\u00eancia significativa quando Fux\u00a0votou pela absolvi\u00e7\u00e3o de Bolsonaro\u00a0nos cinco crimes denunciados.","og_url":"https:\/\/cj.estrategia.com\/portal\/fux-absolve-bolsonaro-acao-penal-2668\/","og_site_name":"Blog - Carreiras Jur\u00eddicas - Estrat\u00e9gia","article_publisher":"https:\/\/www.facebook.com\/estrategiacarreirajuridica\/","article_published_time":"2025-09-11T02:33:39+00:00","article_modified_time":"2025-09-25T19:04:59+00:00","og_image":[{"width":525,"height":350,"url":"https:\/\/cj.estrategia.com\/portal\/wp-content\/uploads\/2025\/05\/21214023\/eugenio-novaes-justica-stf.jpg","type":"image\/jpeg"}],"author":"Coordena\u00e7\u00e3o","twitter_card":"summary_large_image","twitter_creator":"@EstratJuridica","twitter_site":"@EstratJuridica","twitter_misc":{"Escrito por":"Coordena\u00e7\u00e3o","Est. tempo de leitura":"10 minutos"},"schema":{"@context":"https:\/\/schema.org","@graph":[{"@type":"NewsArticle","@id":"https:\/\/cj.estrategia.com\/portal\/fux-absolve-bolsonaro-acao-penal-2668\/#article","isPartOf":{"@id":"https:\/\/cj.estrategia.com\/portal\/fux-absolve-bolsonaro-acao-penal-2668\/"},"author":{"name":"Coordena\u00e7\u00e3o","@id":"https:\/\/cj.estrategia.com\/portal\/#\/schema\/person\/4d70317d31449932b99102916b6637f5"},"headline":"Fux absolve Bolsonaro na A\u00e7\u00e3o Penal 2668","datePublished":"2025-09-11T02:33:39+00:00","dateModified":"2025-09-25T19:04:59+00:00","mainEntityOfPage":{"@id":"https:\/\/cj.estrategia.com\/portal\/fux-absolve-bolsonaro-acao-penal-2668\/"},"wordCount":2112,"commentCount":0,"publisher":{"@id":"https:\/\/cj.estrategia.com\/portal\/#organization"},"image":{"@id":"https:\/\/cj.estrategia.com\/portal\/fux-absolve-bolsonaro-acao-penal-2668\/#primaryimage"},"thumbnailUrl":"https:\/\/cj.estrategia.com\/portal\/wp-content\/uploads\/2025\/05\/21214023\/eugenio-novaes-justica-stf.jpg","keywords":["aboli\u00e7\u00e3o violenta do Estado Democr\u00e1tico de Direito","absolvi\u00e7\u00e3o","A\u00e7\u00e3o Penal 2668","alexandre de moraes","associa\u00e7\u00e3o criminosa","dolo espec\u00edfico","Fl\u00e1vio Dino","For\u00e7as Armadas","Jair Bolsonaro","jurisprud\u00eancia","liberdade de express\u00e3o","Luiz Fux","Mauro Cid","nexo causal","organiza\u00e7\u00e3o criminosa","Plano Punhal Verde e Amarelo","responsabilidade penal","STF","Walter Braga Netto"],"articleSection":["Carreiras Jur\u00eddicas"],"inLanguage":"pt-BR","potentialAction":[{"@type":"CommentAction","name":"Comment","target":["https:\/\/cj.estrategia.com\/portal\/fux-absolve-bolsonaro-acao-penal-2668\/#respond"]}]},{"@type":"WebPage","@id":"https:\/\/cj.estrategia.com\/portal\/fux-absolve-bolsonaro-acao-penal-2668\/","url":"https:\/\/cj.estrategia.com\/portal\/fux-absolve-bolsonaro-acao-penal-2668\/","name":"Fux absolve Bolsonaro na A\u00e7\u00e3o Penal 2668","isPartOf":{"@id":"https:\/\/cj.estrategia.com\/portal\/#website"},"primaryImageOfPage":{"@id":"https:\/\/cj.estrategia.com\/portal\/fux-absolve-bolsonaro-acao-penal-2668\/#primaryimage"},"image":{"@id":"https:\/\/cj.estrategia.com\/portal\/fux-absolve-bolsonaro-acao-penal-2668\/#primaryimage"},"thumbnailUrl":"https:\/\/cj.estrategia.com\/portal\/wp-content\/uploads\/2025\/05\/21214023\/eugenio-novaes-justica-stf.jpg","datePublished":"2025-09-11T02:33:39+00:00","dateModified":"2025-09-25T19:04:59+00:00","description":"O julgamento da AP 2668 registrou diverg\u00eancia significativa quando Fux\u00a0votou pela absolvi\u00e7\u00e3o de Bolsonaro\u00a0nos cinco crimes denunciados.","breadcrumb":{"@id":"https:\/\/cj.estrategia.com\/portal\/fux-absolve-bolsonaro-acao-penal-2668\/#breadcrumb"},"inLanguage":"pt-BR","potentialAction":[{"@type":"ReadAction","target":["https:\/\/cj.estrategia.com\/portal\/fux-absolve-bolsonaro-acao-penal-2668\/"]}]},{"@type":"ImageObject","inLanguage":"pt-BR","@id":"https:\/\/cj.estrategia.com\/portal\/fux-absolve-bolsonaro-acao-penal-2668\/#primaryimage","url":"https:\/\/cj.estrategia.com\/portal\/wp-content\/uploads\/2025\/05\/21214023\/eugenio-novaes-justica-stf.jpg","contentUrl":"https:\/\/cj.estrategia.com\/portal\/wp-content\/uploads\/2025\/05\/21214023\/eugenio-novaes-justica-stf.jpg","width":525,"height":350,"caption":"Jurisprud\u00eancia do STF"},{"@type":"BreadcrumbList","@id":"https:\/\/cj.estrategia.com\/portal\/fux-absolve-bolsonaro-acao-penal-2668\/#breadcrumb","itemListElement":[{"@type":"ListItem","position":1,"name":"In\u00edcio","item":"https:\/\/cj.estrategia.com\/portal\/"},{"@type":"ListItem","position":2,"name":"Fux absolve Bolsonaro na A\u00e7\u00e3o Penal 2668"}]},{"@type":"WebSite","@id":"https:\/\/cj.estrategia.com\/portal\/#website","url":"https:\/\/cj.estrategia.com\/portal\/","name":"Blog - Carreiras Jur\u00eddicas - Estrat\u00e9gia","description":"","publisher":{"@id":"https:\/\/cj.estrategia.com\/portal\/#organization"},"potentialAction":[{"@type":"SearchAction","target":{"@type":"EntryPoint","urlTemplate":"https:\/\/cj.estrategia.com\/portal\/?s={search_term_string}"},"query-input":{"@type":"PropertyValueSpecification","valueRequired":true,"valueName":"search_term_string"}}],"inLanguage":"pt-BR"},{"@type":"Organization","@id":"https:\/\/cj.estrategia.com\/portal\/#organization","name":"Estrat\u00e9gia - Carreiras Jur\u00eddicas","url":"https:\/\/cj.estrategia.com\/portal\/","logo":{"@type":"ImageObject","inLanguage":"pt-BR","@id":"https:\/\/cj.estrategia.com\/portal\/#\/schema\/logo\/image\/","url":"https:\/\/cj.estrategia.com\/portal\/wp-content\/uploads\/2022\/03\/11151052\/cj-logo.png","contentUrl":"https:\/\/cj.estrategia.com\/portal\/wp-content\/uploads\/2022\/03\/11151052\/cj-logo.png","width":150,"height":39,"caption":"Estrat\u00e9gia - Carreiras Jur\u00eddicas"},"image":{"@id":"https:\/\/cj.estrategia.com\/portal\/#\/schema\/logo\/image\/"},"sameAs":["https:\/\/www.facebook.com\/estrategiacarreirajuridica\/","https:\/\/x.com\/EstratJuridica","https:\/\/www.instagram.com\/estrategiacarreirajuridica\/","https:\/\/www.youtube.com\/channel\/UClbMGuYbj2Mh1m3w144ETWQ"]},{"@type":"Person","@id":"https:\/\/cj.estrategia.com\/portal\/#\/schema\/person\/4d70317d31449932b99102916b6637f5","name":"Coordena\u00e7\u00e3o","image":{"@type":"ImageObject","inLanguage":"pt-BR","@id":"https:\/\/cj.estrategia.com\/portal\/wp-content\/uploads\/2022\/05\/12164923\/estrategia-carreira-juridica-coordenacao-96x96.png","url":"https:\/\/cj.estrategia.com\/portal\/wp-content\/uploads\/2022\/05\/12164923\/estrategia-carreira-juridica-coordenacao-96x96.png","contentUrl":"https:\/\/cj.estrategia.com\/portal\/wp-content\/uploads\/2022\/05\/12164923\/estrategia-carreira-juridica-coordenacao-96x96.png","caption":"Coordena\u00e7\u00e3o"},"url":"https:\/\/cj.estrategia.com\/portal\/author\/coordenacao\/"}]}},"jetpack_featured_media_url":"https:\/\/cj.estrategia.com\/portal\/wp-content\/uploads\/2025\/05\/21214023\/eugenio-novaes-justica-stf.jpg","jetpack_sharing_enabled":true,"_links":{"self":[{"href":"https:\/\/cj.estrategia.com\/portal\/wp-json\/wp\/v2\/posts\/150171","targetHints":{"allow":["GET"]}}],"collection":[{"href":"https:\/\/cj.estrategia.com\/portal\/wp-json\/wp\/v2\/posts"}],"about":[{"href":"https:\/\/cj.estrategia.com\/portal\/wp-json\/wp\/v2\/types\/post"}],"author":[{"embeddable":true,"href":"https:\/\/cj.estrategia.com\/portal\/wp-json\/wp\/v2\/users\/12"}],"replies":[{"embeddable":true,"href":"https:\/\/cj.estrategia.com\/portal\/wp-json\/wp\/v2\/comments?post=150171"}],"version-history":[{"count":5,"href":"https:\/\/cj.estrategia.com\/portal\/wp-json\/wp\/v2\/posts\/150171\/revisions"}],"predecessor-version":[{"id":153666,"href":"https:\/\/cj.estrategia.com\/portal\/wp-json\/wp\/v2\/posts\/150171\/revisions\/153666"}],"wp:featuredmedia":[{"embeddable":true,"href":"https:\/\/cj.estrategia.com\/portal\/wp-json\/wp\/v2\/media\/122317"}],"wp:attachment":[{"href":"https:\/\/cj.estrategia.com\/portal\/wp-json\/wp\/v2\/media?parent=150171"}],"wp:term":[{"taxonomy":"category","embeddable":true,"href":"https:\/\/cj.estrategia.com\/portal\/wp-json\/wp\/v2\/categories?post=150171"},{"taxonomy":"post_tag","embeddable":true,"href":"https:\/\/cj.estrategia.com\/portal\/wp-json\/wp\/v2\/tags?post=150171"},{"taxonomy":"tax_estado","embeddable":true,"href":"https:\/\/cj.estrategia.com\/portal\/wp-json\/wp\/v2\/tax_estado?post=150171"}],"curies":[{"name":"wp","href":"https:\/\/api.w.org\/{rel}","templated":true}]}}