{"id":149010,"date":"2025-09-07T22:22:06","date_gmt":"2025-09-08T01:22:06","guid":{"rendered":"https:\/\/cj.estrategia.com\/portal\/?p=149010"},"modified":"2025-09-17T16:33:19","modified_gmt":"2025-09-17T19:33:19","slug":"pensao-alimenticia-vitalicia-stj","status":"publish","type":"post","link":"https:\/\/cj.estrategia.com\/portal\/pensao-alimenticia-vitalicia-stj\/","title":{"rendered":"Pens\u00e3o Aliment\u00edcia vital\u00edcia: quando o pagamento vira definitivo?"},"content":{"rendered":"\n<p>Anteriormente, aqui neste blog comentamos a possibilidade de haver uma \u201cpens\u00e3o aliment\u00edcia vital\u00edcia\u201d para mulheres em uma decis\u00e3o bem importante do STJ, conforme pode ser lido abaixo:<\/p>\n\n\n\n<a href=\"https:\/\/cj.estrategia.com\/portal\/pensao-alimenticia-vitalicia-mulher-carreira-reconhecimento\/\" target=\"_blank\" rel=\"noopener noreferrer\" style=\"text-decoration:none; display:block; max-width:720px; margin:16px 0;\">\n  <article style=\"border:1px solid #e5e7eb; border-radius:12px; overflow:hidden; box-shadow:0 2px 10px rgba(0,0,0,.04);\">\n    <div style=\"display:flex; flex-wrap:wrap; align-items:stretch;\">\n      <div style=\"flex:1 1 260px; min-width:260px;\">\n        <img decoding=\"async\" src=\"https:\/\/cj.estrategia.com\/portal\/wp-content\/uploads\/2024\/10\/14201813\/justica-960x540.jpg\"\n             alt=\"Pens\u00e3o aliment\u00edcia vital\u00edcia \u2014 decis\u00e3o do STJ\" \n             width=\"960\" height=\"540\"\n             style=\"width:100%; height:auto; display:block; object-fit:cover;\">\n      <\/div>\n      <div style=\"flex:2 1 340px; padding:14px 16px;\">\n        <h3 id=\"pensao-alimenticia-vitalicia-decisao-do-stj\" style=\"margin:0 0 6px; font-size:18px; line-height:1.3; color:#111827;\">\n          Pens\u00e3o aliment\u00edcia vital\u00edcia: decis\u00e3o do STJ\n        <\/h3>\n        <p style=\"margin:0; color:#4b5563; font-size:14px; line-height:1.5;\">\n          Entenda como supressio e surrectio sustentam a manuten\u00e7\u00e3o por prazo indeterminado.\n        <\/p>\n        <p style=\"margin:8px 0 0; font-size:12px; color:#6b7280;\">\n          cj.estrategia.com\n        <\/p>\n      <\/div>\n    <\/div>\n  <\/article>\n<\/a>\n\n\n\n<h2 class=\"wp-block-heading\" id=\"h-ora-e-agora\" style=\"font-style:normal;font-weight:400\"><span id=\"ora-e-agora\"><strong>Ora, e agora?<\/strong><\/span><\/h2>\n\n\n\n<p style=\"font-size:18px\"><mark style=\"background-color:rgba(0, 0, 0, 0)\" class=\"has-inline-color has-black-color\">Em resumo, temos aqui uma nova possibilidade de \u201cpens\u00e3o aliment\u00edcia vital\u00edcia\u201d!<\/mark><\/p>\n\n\n\n<p>Colegas, permitam-me apresentar uma decis\u00e3o que representa marco significativo na <strong>aplica\u00e7\u00e3o dos institutos da supressio e surrectio no \u00e2mbito do direito de fam\u00edlia:<\/strong><\/p>\n\n\n\n<div class=\"wp-block-group is-style-cnvs-block-bg-light has-background\" style=\"background-color:#ff6a002b\"><div class=\"wp-block-group__inner-container is-layout-constrained wp-block-group-is-layout-constrained\">\n<p>\u201c\u00c9 poss\u00edvel a manuten\u00e7\u00e3o do pagamento de pens\u00e3o aliment\u00edcia por <strong>prazo indeterminado<\/strong>, na hip\u00f3tese em que o ex-marido, mesmo exonerado, optou voluntariamente por continuar realizando o pagamento de alimentos por duas d\u00e9cadas, em raz\u00e3o da configura\u00e7\u00e3o dos institutos da&nbsp;<em><strong>supressio&nbsp;<\/strong><\/em>para o alimentante<em>,&nbsp;<\/em>que deixou de exercer seu direito de cessar os pagamentos, e da&nbsp;<em><strong>surrectio<\/strong>&nbsp;<\/em>para a alimentanda diante da expectativa de que o direito de exonera\u00e7\u00e3o dos alimentos n\u00e3o mais seria reivindicado pelo ex-c\u00f4njuge\u201d.<\/p>\n<\/div><\/div>\n\n\n\n<p>Isto \u00e9, a Terceira Turma do Superior Tribunal de Justi\u00e7a, sob a relatoria da Ministra Nancy Andrighi, enfrentou quest\u00e3o de extrema complexidade: pode um ex-c\u00f4njuge, <strong>ap\u00f3s pagar voluntariamente pens\u00e3o aliment\u00edcia por vinte e cinco anos al\u00e9m do prazo acordado, simplesmente cessar os pagamentos invocando exonera\u00e7\u00e3o anterior?<\/strong><\/p>\n\n\n\n<p>A resposta negativa do tribunal fundamenta-se na incid\u00eancia conjugada desses dois institutos decorrentes da boa-f\u00e9 objetiva, demonstrando como a conduta prolongada no tempo pode redefinir completamente as rela\u00e7\u00f5es jur\u00eddicas estabelecidas.<\/p>\n\n\n\n<h2 class=\"wp-block-heading\" id=\"h-o-contexto-fatico-da-pensao-alimenticia-vitalicia-e-sua-relevancia-juridica\" style=\"font-style:normal;font-weight:400\"><span id=\"o-contexto-fatico-da-pensao-alimenticia-vitalicia-e-sua-relevancia-juridica\"><strong>O contexto f\u00e1tico da pens\u00e3o aliment\u00edcia vital\u00edcia e sua relev\u00e2ncia jur\u00eddica<\/strong><\/span><\/h2>\n\n\n\n<div class=\"wp-block-media-text\"><figure class=\"wp-block-media-text__media\"><img decoding=\"async\" width=\"1024\" height=\"683\" src=\"https:\/\/cj.estrategia.com\/portal\/wp-content\/uploads\/2025\/09\/07210205\/direito-de-familia-1024x683.jpg\" alt=\"pens\u00e3o aliment\u00edcia vital\u00edcia\" class=\"wp-image-149020 size-full\" srcset=\"https:\/\/cj.estrategia.com\/portal\/wp-content\/uploads\/2025\/09\/07210205\/direito-de-familia-1024x683.jpg 1024w, https:\/\/cj.estrategia.com\/portal\/wp-content\/uploads\/2025\/09\/07210205\/direito-de-familia-300x200.jpg 300w, https:\/\/cj.estrategia.com\/portal\/wp-content\/uploads\/2025\/09\/07210205\/direito-de-familia-768x512.jpg 768w, https:\/\/cj.estrategia.com\/portal\/wp-content\/uploads\/2025\/09\/07210205\/direito-de-familia-380x253.jpg 380w, https:\/\/cj.estrategia.com\/portal\/wp-content\/uploads\/2025\/09\/07210205\/direito-de-familia-800x533.jpg 800w, https:\/\/cj.estrategia.com\/portal\/wp-content\/uploads\/2025\/09\/07210205\/direito-de-familia-1160x773.jpg 1160w, https:\/\/cj.estrategia.com\/portal\/wp-content\/uploads\/2025\/09\/07210205\/direito-de-familia-150x100.jpg 150w, https:\/\/cj.estrategia.com\/portal\/wp-content\/uploads\/2025\/09\/07210205\/direito-de-familia.jpg 1536w\" sizes=\"(max-width: 1024px) 100vw, 1024px\" \/><\/figure><div class=\"wp-block-media-text__content\">\n<p>Os fatos revelam situa\u00e7\u00f5es aparentemente simples, mas juridicamente complexas.<\/p>\n\n\n\n<p>Em 1993, quando do div\u00f3rcio consensual, as partes acordaram pagamento de pens\u00e3o aliment\u00edcia correspondente a 5% dos rendimentos l\u00edquidos do var\u00e3o, al\u00e9m do plano de sa\u00fade, pelo prazo determinado de um ano.&nbsp;&nbsp;<\/p>\n<\/div><\/div>\n\n\n\n<p>Esse acordo, devidamente homologado judicialmente, criou obriga\u00e7\u00e3o com termo final claramente estabelecido.<\/p>\n\n\n\n<p>Ocorre que, <strong>transcorrido o prazo aven\u00e7ado, o ex-marido manteve espontaneamente os pagamentos <mark style=\"background-color:rgba(0, 0, 0, 0)\" class=\"has-inline-color has-black-color\">por mais de vinte e cinco anos consecutivos<\/mark><\/strong>. Importante salientar que, em 1995, as partes chegaram a peticionar pleiteando prorroga\u00e7\u00e3o por prazo indeterminado, pedido n\u00e3o conhecido pelo ju\u00edzo por quest\u00f5es processuais.\u00a0<\/p>\n\n\n\n<p>Todavia, independentemente dessa formaliza\u00e7\u00e3o, o alimentante persistiu na presta\u00e7\u00e3o volunt\u00e1ria at\u00e9 julho de 2018, quando finalmente ajuizou a\u00e7\u00e3o de exonera\u00e7\u00e3o.<\/p>\n\n\n\n<h2 class=\"wp-block-heading\" id=\"h-a-fundamentacao-dogmatica-dos-institutos-aplicados\" style=\"font-style:normal;font-weight:400\"><span id=\"a-fundamentacao-dogmatica-dos-institutos-aplicados\"><strong>A fundamenta\u00e7\u00e3o dogm\u00e1tica dos institutos aplicados<\/strong><\/span><\/h2>\n\n\n\n<p>A decis\u00e3o ancora-se solidamente na <strong>teoria da confian\u00e7a<\/strong>, pilar fundamental da <strong>boa-f\u00e9 objetiva<\/strong>.&nbsp;<\/p>\n\n\n\n<p>Conforme ressalta o ac\u00f3rd\u00e3o:<\/p>\n\n\n\n<div class=\"wp-block-group is-style-cnvs-block-bg-light has-border-color has-cf-2-e-2-e-border-color has-background cnvs-block-core-group-1757290567240\" style=\"background-color:#ff6a002b\"><div class=\"wp-block-group__inner-container is-layout-constrained wp-block-group-is-layout-constrained\">\n<p>&#8220;a confian\u00e7a, no contexto das rela\u00e7\u00f5es privadas, desempenha papel fundamental ao assegurar prote\u00e7\u00e3o qualificada ao comportamento humano, sendo express\u00e3o concreta da solidariedade social constitucionalmente albergada&#8221;.<\/p>\n<\/div><\/div>\n\n\n\n<p>Nesse contexto, a <strong><em>supressio<\/em><\/strong> configura-se como &#8220;a perda de determinada faculdade jur\u00eddica em raz\u00e3o do n\u00e3o exerc\u00edcio prolongado desse direito, o que leva ao seu esvaziamento&#8221;.&nbsp;<\/p>\n\n\n\n<p>Por sua vez, a <strong><em>surrectio<\/em><\/strong> representa fen\u00f4meno correlato, consistindo &#8220;no surgimento de uma vantagem para determinada pessoa, justamente porque a outra parte deixou de exercer o direito ao qual faria jus&#8221;.<\/p>\n\n\n\n<p>Cumpre observar que esses institutos operam como verdadeiros mecanismos de estabiliza\u00e7\u00e3o das expectativas jur\u00eddicas, impedindo mudan\u00e7as abruptas de conduta que contrariem a confian\u00e7a anteriormente depositada.&nbsp;<\/p>\n\n\n\n<p>Destarte, funcionam como limitadores do exerc\u00edcio de direitos quando este exerc\u00edcio, pela circunst\u00e2ncia temporal e pela conduta das partes, revelaria contradi\u00e7\u00e3o inadmiss\u00edvel com comportamentos anteriores.<\/p>\n\n\n\n<h2 class=\"wp-block-heading\" id=\"h-a-distincao-conceitual-entre-supressio-com-o-venire-contra-factum-proprium\" style=\"font-style:normal;font-weight:400\"><span id=\"a-distincao-conceitual-entre-supressio-com-o-venire-contra-factum-proprium\"><strong>A distin\u00e7\u00e3o conceitual entre supressio com o venire contra factum proprium<\/strong><\/span><\/h2>\n\n\n\n<p>Aspecto fundamental para a compreens\u00e3o adequada reside na <strong>distin\u00e7\u00e3o entre<em> supressio <\/em>e o <em>venire contra factum proprium.&nbsp;<\/em><\/strong><\/p>\n\n\n\n<div class=\"wp-block-media-text\" style=\"grid-template-columns:34% auto\"><figure class=\"wp-block-media-text__media\"><img decoding=\"async\" width=\"1024\" height=\"683\" src=\"https:\/\/cj.estrategia.com\/portal\/wp-content\/uploads\/2025\/05\/11144028\/renata_coruja_marcatexto-1024x683.png\" alt=\"\" class=\"wp-image-119367 size-full\" srcset=\"https:\/\/cj.estrategia.com\/portal\/wp-content\/uploads\/2025\/05\/11144028\/renata_coruja_marcatexto-1024x683.png 1024w, https:\/\/cj.estrategia.com\/portal\/wp-content\/uploads\/2025\/05\/11144028\/renata_coruja_marcatexto-300x200.png 300w, https:\/\/cj.estrategia.com\/portal\/wp-content\/uploads\/2025\/05\/11144028\/renata_coruja_marcatexto-768x512.png 768w, https:\/\/cj.estrategia.com\/portal\/wp-content\/uploads\/2025\/05\/11144028\/renata_coruja_marcatexto-380x253.png 380w, https:\/\/cj.estrategia.com\/portal\/wp-content\/uploads\/2025\/05\/11144028\/renata_coruja_marcatexto-800x533.png 800w, https:\/\/cj.estrategia.com\/portal\/wp-content\/uploads\/2025\/05\/11144028\/renata_coruja_marcatexto-1160x773.png 1160w, https:\/\/cj.estrategia.com\/portal\/wp-content\/uploads\/2025\/05\/11144028\/renata_coruja_marcatexto-150x100.png 150w, https:\/\/cj.estrategia.com\/portal\/wp-content\/uploads\/2025\/05\/11144028\/renata_coruja_marcatexto.png 1536w\" sizes=\"(max-width: 1024px) 100vw, 1024px\" \/><\/figure><div class=\"wp-block-media-text__content\">\n<p>Embora ambos os institutos visem \u00e0 preserva\u00e7\u00e3o da confian\u00e7a alheia, diferem quanto ao elemento temporal e \u00e0 natureza da conduta geradora de expectativas.<\/p>\n<\/div><\/div>\n\n\n\n<p>Como esclarece o julgado, <\/p>\n\n\n\n<pre class=\"wp-block-preformatted\">\"enquanto no venire, a expectativa do outro decorre de uma conduta ativa anterior, que n\u00e3o pode ser desmentida posteriormente; na supressio, a expectativa nasce da omiss\u00e3o prolongada do titular do direito, cuja in\u00e9rcia, associada a elementos objetivos que indiquem o desuso, conduz \u00e0 convic\u00e7\u00e3o de que tal direito n\u00e3o ser\u00e1 mais exercido\".<\/pre>\n\n\n\n<p>No caso concreto, n\u00e3o se trata propriamente de comportamento contradit\u00f3rio t\u00edpico do venire, mas sim de in\u00e9rcia qualificada.&nbsp;<\/p>\n\n\n\n<p>O ex-marido n\u00e3o apenas se omitiu quanto ao exerc\u00edcio do direito de exonera\u00e7\u00e3o \u2013 ele adotou conduta diametralmente oposta, mantendo ativamente os pagamentos durante per\u00edodo extenso.&nbsp;<\/p>\n\n\n\n<p>Essa <strong>conduta positiva, reiterada e sistem\u00e1tica<\/strong>, <strong>transcende a mera omiss\u00e3o<\/strong> e configura verdadeira manifesta\u00e7\u00e3o de vontade pela continuidade da presta\u00e7\u00e3o.<\/p>\n\n\n\n<h2 class=\"wp-block-heading\" id=\"h-a-aplicacao-concreta-dos-institutos-no-caso\" style=\"font-style:normal;font-weight:400\"><span id=\"a-aplicacao-concreta-dos-institutos-no-caso\"><strong>A aplica\u00e7\u00e3o concreta dos institutos no caso<\/strong><\/span><\/h2>\n\n\n\n<p>A an\u00e1lise do tribunal revela elementos inequ\u00edvocos da configura\u00e7\u00e3o da <em>supressio<\/em> em rela\u00e7\u00e3o ao alimentante.&nbsp;<\/p>\n\n\n\n<p>Durante mais de duas d\u00e9cadas, este deixou de exercer direito de exonera\u00e7\u00e3o do qual dispunha, optando voluntariamente por manter os pagamentos.&nbsp;<\/p>\n\n\n\n<p>Tal conduta, pela sua dura\u00e7\u00e3o e sistematicidade, gerou leg\u00edtima expectativa na alimentanda de que a presta\u00e7\u00e3o perduraria indefinidamente.<\/p>\n\n\n\n<p>Simultaneamente, <strong>configura-se a surrectio em favor da ex-esposa.&nbsp;<\/strong><\/p>\n\n\n\n<div class=\"wp-block-group is-style-cnvs-block-bordered has-background\" style=\"background-color:#ff6a002b\"><div class=\"wp-block-group__inner-container is-layout-constrained wp-block-group-is-layout-constrained\">\n<p>Durante vinte e cinco anos, ela organizou sua exist\u00eancia contando com aquela renda mensal, tomando decis\u00f5es patrimoniais e pessoais baseadas na estabilidade proporcionada pelos pagamentos regulares. Assim, desenvolveu expectativa leg\u00edtima de continuidade que merece tutela jur\u00eddica.<\/p>\n<\/div><\/div>\n\n\n\n<p>Ademais, circunst\u00e2ncias pessoais da alimentanda refor\u00e7am a configura\u00e7\u00e3o dos institutos.<\/p>\n\n\n\n<p>&nbsp;O ac\u00f3rd\u00e3o registra que ela &#8220;teve de abdicar de seu trabalho em raz\u00e3o de mudan\u00e7a da fam\u00edlia para a cidade de Petr\u00f3polis, em fun\u00e7\u00e3o do emprego do ex-marido&#8221;.&nbsp;<\/p>\n\n\n\n<p>Posteriormente, j\u00e1 idosa e com problemas de sa\u00fade graves, encontra-se impossibilitada de reinser\u00e7\u00e3o no mercado laboral.<\/p>\n\n\n\n<h2 class=\"wp-block-heading\" id=\"h-a-dimensao-etica-no-direito-de-familia\" style=\"font-style:normal;font-weight:400\"><span id=\"a-dimensao-etica-no-direito-de-familia\"><strong>A dimens\u00e3o \u00e9tica no direito de fam\u00edlia<\/strong><\/span><\/h2>\n\n\n\n<p>Particularmente relevante \u00e9 a observa\u00e7\u00e3o do tribunal quanto \u00e0 aplica\u00e7\u00e3o da boa-f\u00e9 objetiva no \u00e2mbito familiar.&nbsp;<\/p>\n\n\n\n<p>Isto porque, as rela\u00e7\u00f5es de fam\u00edlia, pela sua natureza existencial e pela intensidade dos v\u00ednculos envolvidos, demandam prote\u00e7\u00e3o qualificada da confian\u00e7a m\u00fatua.&nbsp;<\/p>\n\n\n\n<p>Nesse sentido,<strong><em> &#8220;a eventual viola\u00e7\u00e3o de justa expectativa dever\u00e1 ser verificada na situa\u00e7\u00e3o em concreto, devendo o julgador buscar a melhor forma de concretiza\u00e7\u00e3o das expectativas e esperan\u00e7as criadas no ambiente familiar&#8221;.<\/em><\/strong><\/p>\n\n\n\n<p>Assim, a decis\u00e3o reconhece ainda a transitoriedade como regra geral dos alimentos entre ex-c\u00f4njuges, destinados a garantir aux\u00edlio material &#8220;at\u00e9 que possa retomar sua autonomia financeira&#8221;.&nbsp;<\/p>\n\n\n\n<p>Contudo, admite exce\u00e7\u00f5es quando presentes circunst\u00e2ncias que tornem imposs\u00edvel ou inexig\u00edvel essa reinser\u00e7\u00e3o aut\u00f4noma, como &#8220;impossibilidade pr\u00e1tica de reinser\u00e7\u00e3o do alimentando no mercado de trabalho; em hip\u00f3tese de idade avan\u00e7ada do alimentando; ou de condi\u00e7\u00e3o de sa\u00fade fragilizada&#8221;.<\/p>\n\n\n\n<div class=\"wp-block-group is-style-cnvs-block-bg-light has-background\" style=\"background-color:#ff6a002b\"><div class=\"wp-block-group__inner-container is-layout-constrained wp-block-group-is-layout-constrained\">\n<p><strong>Logo, a incid\u00eancia conjugada da supressio e surrectio produz efeitos jur\u00eddicos concretos e duradouros, inclusive no direito de fam\u00edlia!&nbsp;<\/strong><\/p>\n<\/div><\/div>\n\n\n\n<p>O ex-marido n\u00e3o pode mais invocar unilateralmente a exonera\u00e7\u00e3o para cessar abruptamente os pagamentos, tendo perdido essa faculdade pelo n\u00e3o exerc\u00edcio prolongado associado \u00e0 conduta positiva contr\u00e1ria.&nbsp;<\/p>\n\n\n\n<p>Por outro lado, a ex-esposa adquire direito de exigir a continuidade da presta\u00e7\u00e3o, respaldada na expectativa legitimamente criada.<\/p>\n\n\n\n<p>Outrossim, <strong>a decis\u00e3o estabelece que os pagamentos devem perdurar por prazo indeterminado<\/strong>, considerando tanto a aplica\u00e7\u00e3o dos institutos quanto as circunst\u00e2ncias pessoais da alimentanda (idade avan\u00e7ada, problemas de sa\u00fade, impossibilidade de reinser\u00e7\u00e3o laboral). Dessa forma, harmoniza-se a prote\u00e7\u00e3o da confian\u00e7a com as necessidades concretas reveladas no caso, consolidando a tese da pens\u00e3o aliment\u00edcia vital\u00edcia como exce\u00e7\u00e3o leg\u00edtima no direito de fam\u00edlia.<\/p>\n\n\n\n<p>Eu nem tenho d\u00favida, <strong>vejo isso na prova oral!<\/strong><\/p>\n\n\n\n<h2 class=\"wp-block-heading\" id=\"h-como-o-tema-ja-foi-cobrado-em-provas\" style=\"font-style:normal;font-weight:400\"><span id=\"como-o-tema-ja-foi-cobrado-em-provas\"><strong>Como o tema j\u00e1 foi cobrado em provas?<\/strong><\/span><\/h2>\n\n\n\n<div class=\"wp-block-group\"><div class=\"wp-block-group__inner-container is-layout-constrained wp-block-group-is-layout-constrained\">\n<div class=\"wp-block-group is-style-cnvs-block-bg-light\"><div class=\"wp-block-group__inner-container is-layout-constrained wp-block-group-is-layout-constrained\">\n<p><strong>Prova: FGV &#8211; 2024 &#8211; AL-TO &#8211; Procurador Jur\u00eddico<\/strong><\/p>\n\n\n\n<p>O princ\u00edpio da confian\u00e7a conectado \u00e0 cl\u00e1usula geral da boa-f\u00e9 objetiva serve de fundamento para justificar a modula\u00e7\u00e3o de certos efeitos negociais. Eis a raz\u00e3o pela qual o Superior Tribunal de Justi\u00e7a j\u00e1 definiu que \u00e9 poss\u00edvel a&nbsp;<em>\u201credu\u00e7\u00e3o do conte\u00fado obrigacional pela in\u00e9rcia de uma das partes, ao longo da execu\u00e7\u00e3o do contrato, em exercer determinado direito ou faculdade, criando para a outra a percep\u00e7\u00e3o v\u00e1lida e plaus\u00edvel \u2013 a ser apurada casuisticamente \u2013 de ter havido a ren\u00fancia \u00e0quela prerrogativa.\u201d<\/em>&nbsp;(Recurso Especial n\u00ba 1.879.503).<br><br>Com base nesta corrente dogm\u00e1tica, segundo a jurisprud\u00eancia do Superior Tribunal de Justi\u00e7a, assinale a op\u00e7\u00e3o que, corretamente, deve ser qualificada como hip\u00f3tese da&nbsp;<em>supressio&nbsp;<\/em>ou da&nbsp;<em>surrectio<\/em>:<\/p>\n\n\n\n<p>a) Locadora que deixa de aplicar o reajuste no valor do aluguel, ao longo de cinco anos, perdendo o direito de cobr\u00e1-lo (<em>supressio<\/em>), tanto os retroativos, quanto os valores posteriores \u00e0 notifica\u00e7\u00e3o.<\/p>\n\n\n\n<p>b) Obriga\u00e7\u00e3o alimentar extinta, mas que continua a ser paga por mera liberalidade do alimentante, ao longo de quinze anos, pode ser mantida com fundamento no instituto da&nbsp;<em>surrectio.<\/em><\/p>\n\n\n\n<p>c) Credor que, em d\u00edvida contratualmente port\u00e1vel, aceita receber o primeiro pagamento no domic\u00edlio do devedor, perde o direito de receber em seu domic\u00edlio nos vencimentos subsequentes (<em>supressio<\/em>).<\/p>\n\n\n\n<p>d) Investidor de fundo de investimento que permanece inerte por quarenta anos perde o direito de exigir a presta\u00e7\u00e3o de contas sobre o destino de suas aplica\u00e7\u00f5es, em raz\u00e3o da&nbsp;<em>supressio.<\/em><\/p>\n\n\n\n<p>e) Distribuidora que, por seis anos, n\u00e3o exige obriga\u00e7\u00e3o contratual, ao posto varejista, de aquisi\u00e7\u00e3o de quantidade m\u00ednima mensal de combust\u00edvel, perde o direito de cobrar a multa prevista&nbsp;<em>(supressio).&nbsp;<\/em><\/p>\n\n\n\n<p><strong>Gabarito: Letra E<\/strong><\/p>\n<\/div><\/div>\n<\/div><\/div>\n\n\n\n<hr class=\"wp-block-separator has-alpha-channel-opacity\"\/>\n\n\n\n<h2 class=\"wp-block-heading has-text-align-center\" id=\"h-quer-saber-quais-serao-os-proximos-concursos\"><span id=\"quer-saber-quais-serao-os-proximos-concursos\">Quer saber quais ser\u00e3o os pr\u00f3ximos concursos?<\/span><\/h2>\n\n\n\n<pre class=\"wp-block-verse has-text-align-center\">Confira nossos&nbsp;<a href=\"https:\/\/cj.estrategia.com\/portal\/\" target=\"_blank\" >artigos para Carreiras Jur\u00eddicas<\/a>!<\/pre>\n\n\n\n<p class=\"has-text-align-center has-white-color has-pale-cyan-blue-background-color has-text-color has-background has-link-color wp-elements-723b3278bf14a50a5e7b7e937b9a17d4\"><a href=\"https:\/\/cj.estrategia.com\/portal\/concursos-abertos-carreiras-juridicas\/\">Concursos jur\u00eddicos abertos<\/a><\/p>\n\n\n\n<p class=\"has-text-align-center has-white-color has-pale-cyan-blue-background-color has-text-color has-background has-link-color wp-elements-41349f36dc977263ca2129bf0f6dd541\"><a href=\"https:\/\/cj.estrategia.com\/portal\/concursos-2025-carreiras-juridicas\/\" target=\"_blank\" >Concursos jur\u00eddicos 2025<\/a><\/p>\n\n\n\n<p><\/p>\n","protected":false},"excerpt":{"rendered":"Anteriormente, aqui neste blog comentamos a possibilidade de haver uma \u201cpens\u00e3o aliment\u00edcia vital\u00edcia\u201d para mulheres em uma decis\u00e3o&hellip;\n","protected":false},"author":93,"featured_media":149020,"comment_status":"open","ping_status":"open","sticky":false,"template":"","format":"standard","meta":{"_jetpack_memberships_contains_paid_content":false,"footnotes":""},"categories":[1],"tags":[336,1618,2703,2925,821,202],"tax_estado":[30,31,32,33,34,35,36,37,38,39,40,41,42,43,44,45,46,47,48,49,50,51,52,53,54,55,56,57],"class_list":{"0":"post-149010","1":"post","2":"type-post","3":"status-publish","4":"format-standard","5":"has-post-thumbnail","7":"category-carreiras-juridicas","8":"tag-analise-juridica","9":"tag-direito-civil","10":"tag-direito-de-familia","11":"tag-pensao","12":"tag-pensao-alimenticia","13":"tag-stj","14":"tax_estado-ac","15":"tax_estado-al","16":"tax_estado-am","17":"tax_estado-ap","18":"tax_estado-ba","19":"tax_estado-ce","20":"tax_estado-concursos-federais","21":"tax_estado-df","22":"tax_estado-es","23":"tax_estado-go","24":"tax_estado-ma","25":"tax_estado-mg","26":"tax_estado-ms","27":"tax_estado-mt","28":"tax_estado-pa","29":"tax_estado-pb","30":"tax_estado-pe","31":"tax_estado-pi","32":"tax_estado-pr","33":"tax_estado-rj","34":"tax_estado-rn","35":"tax_estado-ro","36":"tax_estado-rr","37":"tax_estado-rs","38":"tax_estado-sc","39":"tax_estado-se","40":"tax_estado-sp","41":"tax_estado-to"},"acf":[],"yoast_head":"<!-- This site is optimized with the Yoast SEO Premium plugin v27.4 (Yoast SEO v27.4) - https:\/\/yoast.com\/product\/yoast-seo-premium-wordpress\/ -->\n<title>Pens\u00e3o Aliment\u00edcia vital\u00edcia: quando o pagamento vira definitivo?<\/title>\n<meta name=\"description\" content=\"STJ reconhece pens\u00e3o aliment\u00edcia vital\u00edcia em decis\u00e3o hist\u00f3rica. Entenda o caso e os efeitos da supressio e surrectio no direito familiar.\" \/>\n<meta name=\"robots\" content=\"index, follow, max-snippet:-1, max-image-preview:large, max-video-preview:-1\" \/>\n<link rel=\"canonical\" href=\"https:\/\/cj.estrategia.com\/portal\/pensao-alimenticia-vitalicia-stj\/\" \/>\n<meta property=\"og:locale\" content=\"pt_BR\" \/>\n<meta property=\"og:type\" content=\"article\" \/>\n<meta property=\"og:title\" content=\"Pens\u00e3o Aliment\u00edcia vital\u00edcia: quando o pagamento vira definitivo?\" \/>\n<meta property=\"og:description\" content=\"STJ reconhece pens\u00e3o aliment\u00edcia vital\u00edcia em decis\u00e3o hist\u00f3rica. Entenda o caso e os efeitos da supressio e surrectio no direito familiar.\" \/>\n<meta property=\"og:url\" content=\"https:\/\/cj.estrategia.com\/portal\/pensao-alimenticia-vitalicia-stj\/\" \/>\n<meta property=\"og:site_name\" content=\"Blog - Carreiras Jur\u00eddicas - Estrat\u00e9gia\" \/>\n<meta property=\"article:publisher\" content=\"https:\/\/www.facebook.com\/estrategiacarreirajuridica\/\" \/>\n<meta property=\"article:published_time\" content=\"2025-09-08T01:22:06+00:00\" \/>\n<meta property=\"article:modified_time\" content=\"2025-09-17T19:33:19+00:00\" \/>\n<meta property=\"og:image\" content=\"https:\/\/cj.estrategia.com\/portal\/wp-content\/uploads\/2025\/09\/07210205\/direito-de-familia.jpg\" \/>\n\t<meta property=\"og:image:width\" content=\"1536\" \/>\n\t<meta property=\"og:image:height\" content=\"1024\" \/>\n\t<meta property=\"og:image:type\" content=\"image\/jpeg\" \/>\n<meta name=\"author\" content=\"Felipe Duque\" \/>\n<meta name=\"twitter:card\" content=\"summary_large_image\" \/>\n<meta name=\"twitter:creator\" content=\"@https:\/\/x.com\/ProfessorDuque\" \/>\n<meta name=\"twitter:site\" content=\"@EstratJuridica\" \/>\n<meta name=\"twitter:label1\" content=\"Escrito por\" \/>\n\t<meta name=\"twitter:data1\" content=\"Felipe Duque\" \/>\n\t<meta name=\"twitter:label2\" content=\"Est. tempo de leitura\" \/>\n\t<meta name=\"twitter:data2\" content=\"9 minutos\" \/>\n<script type=\"application\/ld+json\" class=\"yoast-schema-graph\">{\"@context\":\"https:\\\/\\\/schema.org\",\"@graph\":[{\"@type\":\"NewsArticle\",\"@id\":\"https:\\\/\\\/cj.estrategia.com\\\/portal\\\/pensao-alimenticia-vitalicia-stj\\\/#article\",\"isPartOf\":{\"@id\":\"https:\\\/\\\/cj.estrategia.com\\\/portal\\\/pensao-alimenticia-vitalicia-stj\\\/\"},\"author\":{\"name\":\"Felipe Duque\",\"@id\":\"https:\\\/\\\/cj.estrategia.com\\\/portal\\\/#\\\/schema\\\/person\\\/b5b0253b269d7130d1f7770b1ba29285\"},\"headline\":\"Pens\u00e3o Aliment\u00edcia vital\u00edcia: quando o pagamento vira definitivo?\",\"datePublished\":\"2025-09-08T01:22:06+00:00\",\"dateModified\":\"2025-09-17T19:33:19+00:00\",\"mainEntityOfPage\":{\"@id\":\"https:\\\/\\\/cj.estrategia.com\\\/portal\\\/pensao-alimenticia-vitalicia-stj\\\/\"},\"wordCount\":1613,\"commentCount\":0,\"publisher\":{\"@id\":\"https:\\\/\\\/cj.estrategia.com\\\/portal\\\/#organization\"},\"image\":{\"@id\":\"https:\\\/\\\/cj.estrategia.com\\\/portal\\\/pensao-alimenticia-vitalicia-stj\\\/#primaryimage\"},\"thumbnailUrl\":\"https:\\\/\\\/cj.estrategia.com\\\/portal\\\/wp-content\\\/uploads\\\/2025\\\/09\\\/07210205\\\/direito-de-familia.jpg\",\"keywords\":[\"an\u00e1lise jur\u00eddica\",\"direito civil\",\"direito de fam\u00edlia\",\"pens\u00e3o\",\"pens\u00e3o aliment\u00edcia\",\"STJ\"],\"articleSection\":[\"Carreiras Jur\u00eddicas\"],\"inLanguage\":\"pt-BR\",\"potentialAction\":[{\"@type\":\"CommentAction\",\"name\":\"Comment\",\"target\":[\"https:\\\/\\\/cj.estrategia.com\\\/portal\\\/pensao-alimenticia-vitalicia-stj\\\/#respond\"]}]},{\"@type\":\"WebPage\",\"@id\":\"https:\\\/\\\/cj.estrategia.com\\\/portal\\\/pensao-alimenticia-vitalicia-stj\\\/\",\"url\":\"https:\\\/\\\/cj.estrategia.com\\\/portal\\\/pensao-alimenticia-vitalicia-stj\\\/\",\"name\":\"Pens\u00e3o Aliment\u00edcia vital\u00edcia: quando o pagamento vira definitivo?\",\"isPartOf\":{\"@id\":\"https:\\\/\\\/cj.estrategia.com\\\/portal\\\/#website\"},\"primaryImageOfPage\":{\"@id\":\"https:\\\/\\\/cj.estrategia.com\\\/portal\\\/pensao-alimenticia-vitalicia-stj\\\/#primaryimage\"},\"image\":{\"@id\":\"https:\\\/\\\/cj.estrategia.com\\\/portal\\\/pensao-alimenticia-vitalicia-stj\\\/#primaryimage\"},\"thumbnailUrl\":\"https:\\\/\\\/cj.estrategia.com\\\/portal\\\/wp-content\\\/uploads\\\/2025\\\/09\\\/07210205\\\/direito-de-familia.jpg\",\"datePublished\":\"2025-09-08T01:22:06+00:00\",\"dateModified\":\"2025-09-17T19:33:19+00:00\",\"description\":\"STJ reconhece pens\u00e3o aliment\u00edcia vital\u00edcia em decis\u00e3o hist\u00f3rica. Entenda o caso e os efeitos da supressio e surrectio no direito familiar.\",\"breadcrumb\":{\"@id\":\"https:\\\/\\\/cj.estrategia.com\\\/portal\\\/pensao-alimenticia-vitalicia-stj\\\/#breadcrumb\"},\"inLanguage\":\"pt-BR\",\"potentialAction\":[{\"@type\":\"ReadAction\",\"target\":[\"https:\\\/\\\/cj.estrategia.com\\\/portal\\\/pensao-alimenticia-vitalicia-stj\\\/\"]}]},{\"@type\":\"ImageObject\",\"inLanguage\":\"pt-BR\",\"@id\":\"https:\\\/\\\/cj.estrategia.com\\\/portal\\\/pensao-alimenticia-vitalicia-stj\\\/#primaryimage\",\"url\":\"https:\\\/\\\/cj.estrategia.com\\\/portal\\\/wp-content\\\/uploads\\\/2025\\\/09\\\/07210205\\\/direito-de-familia.jpg\",\"contentUrl\":\"https:\\\/\\\/cj.estrategia.com\\\/portal\\\/wp-content\\\/uploads\\\/2025\\\/09\\\/07210205\\\/direito-de-familia.jpg\",\"width\":1536,\"height\":1024},{\"@type\":\"BreadcrumbList\",\"@id\":\"https:\\\/\\\/cj.estrategia.com\\\/portal\\\/pensao-alimenticia-vitalicia-stj\\\/#breadcrumb\",\"itemListElement\":[{\"@type\":\"ListItem\",\"position\":1,\"name\":\"In\u00edcio\",\"item\":\"https:\\\/\\\/cj.estrategia.com\\\/portal\\\/\"},{\"@type\":\"ListItem\",\"position\":2,\"name\":\"Pens\u00e3o Aliment\u00edcia vital\u00edcia: quando o pagamento vira definitivo?\"}]},{\"@type\":\"WebSite\",\"@id\":\"https:\\\/\\\/cj.estrategia.com\\\/portal\\\/#website\",\"url\":\"https:\\\/\\\/cj.estrategia.com\\\/portal\\\/\",\"name\":\"Blog - Carreiras Jur\u00eddicas - Estrat\u00e9gia\",\"description\":\"\",\"publisher\":{\"@id\":\"https:\\\/\\\/cj.estrategia.com\\\/portal\\\/#organization\"},\"potentialAction\":[{\"@type\":\"SearchAction\",\"target\":{\"@type\":\"EntryPoint\",\"urlTemplate\":\"https:\\\/\\\/cj.estrategia.com\\\/portal\\\/?s={search_term_string}\"},\"query-input\":{\"@type\":\"PropertyValueSpecification\",\"valueRequired\":true,\"valueName\":\"search_term_string\"}}],\"inLanguage\":\"pt-BR\"},{\"@type\":\"Organization\",\"@id\":\"https:\\\/\\\/cj.estrategia.com\\\/portal\\\/#organization\",\"name\":\"Estrat\u00e9gia - Carreiras Jur\u00eddicas\",\"url\":\"https:\\\/\\\/cj.estrategia.com\\\/portal\\\/\",\"logo\":{\"@type\":\"ImageObject\",\"inLanguage\":\"pt-BR\",\"@id\":\"https:\\\/\\\/cj.estrategia.com\\\/portal\\\/#\\\/schema\\\/logo\\\/image\\\/\",\"url\":\"https:\\\/\\\/cj.estrategia.com\\\/portal\\\/wp-content\\\/uploads\\\/2022\\\/03\\\/11151052\\\/cj-logo.png\",\"contentUrl\":\"https:\\\/\\\/cj.estrategia.com\\\/portal\\\/wp-content\\\/uploads\\\/2022\\\/03\\\/11151052\\\/cj-logo.png\",\"width\":150,\"height\":39,\"caption\":\"Estrat\u00e9gia - Carreiras Jur\u00eddicas\"},\"image\":{\"@id\":\"https:\\\/\\\/cj.estrategia.com\\\/portal\\\/#\\\/schema\\\/logo\\\/image\\\/\"},\"sameAs\":[\"https:\\\/\\\/www.facebook.com\\\/estrategiacarreirajuridica\\\/\",\"https:\\\/\\\/x.com\\\/EstratJuridica\",\"https:\\\/\\\/www.instagram.com\\\/estrategiacarreirajuridica\\\/\",\"https:\\\/\\\/www.youtube.com\\\/channel\\\/UClbMGuYbj2Mh1m3w144ETWQ\"]},{\"@type\":\"Person\",\"@id\":\"https:\\\/\\\/cj.estrategia.com\\\/portal\\\/#\\\/schema\\\/person\\\/b5b0253b269d7130d1f7770b1ba29285\",\"name\":\"Felipe Duque\",\"image\":{\"@type\":\"ImageObject\",\"inLanguage\":\"pt-BR\",\"@id\":\"https:\\\/\\\/cj.estrategia.com\\\/portal\\\/wp-content\\\/uploads\\\/2024\\\/08\\\/06162009\\\/Captura-de-Tela-2024-08-06-as-16.19.26-96x96.png\",\"url\":\"https:\\\/\\\/cj.estrategia.com\\\/portal\\\/wp-content\\\/uploads\\\/2024\\\/08\\\/06162009\\\/Captura-de-Tela-2024-08-06-as-16.19.26-96x96.png\",\"contentUrl\":\"https:\\\/\\\/cj.estrategia.com\\\/portal\\\/wp-content\\\/uploads\\\/2024\\\/08\\\/06162009\\\/Captura-de-Tela-2024-08-06-as-16.19.26-96x96.png\",\"caption\":\"Felipe Duque\"},\"description\":\"Felipe Duque - Mestre em Direito Pol\u00edtico e Econ\u00f4mico na Mackenzie-SP. Graduado em Direito pela Universidade Cat\u00f3lica de Pernambuco, com conclus\u00e3o pelo regime de Aproveitamento Extraordin\u00e1rio nos Estudos (art. 47, \u00a7 2\u00ba, da Lei n\u00ba 9.394\\\/96). Ex-Assessor de Desembargador no TJPE. Procurador da Fazenda Nacional. Integra voluntariamente a Coordena\u00e7\u00e3o de Assuntos Estrat\u00e9gicos Judiciais da PGFN. Professor do Estrat\u00e9gia Carreira Jur\u00eddica, Estrat\u00e9gia OAB e Buscador Dizer o Direito. Autor do livro \u201cReforma Tribut\u00e1ria Comentada e Esquematizada\u201d, \\\"Manual de Processo Tribut\u00e1rio: Administrativo e Judicial\\\" pela editora Juspodivm Parecerista na Revista de Estudos Jur\u00eddicos do Superior Tribunal de Justi\u00e7a (REJuriSTJ)\",\"sameAs\":[\"http:\\\/\\\/lattes.cnpq.br\\\/5755137268084324\",\"https:\\\/\\\/www.instagram.com\\\/felipe_duque\\\/\",\"https:\\\/\\\/br.linkedin.com\\\/in\\\/felipe-duque-56954638\",\"https:\\\/\\\/x.com\\\/https:\\\/\\\/x.com\\\/ProfessorDuque\",\"https:\\\/\\\/www.youtube.com\\\/@felipeduque-experienciasco5797\"],\"url\":\"https:\\\/\\\/cj.estrategia.com\\\/portal\\\/author\\\/felipe-duque\\\/\"}]}<\/script>\n<!-- \/ Yoast SEO Premium plugin. -->","yoast_head_json":{"title":"Pens\u00e3o Aliment\u00edcia vital\u00edcia: quando o pagamento vira definitivo?","description":"STJ reconhece pens\u00e3o aliment\u00edcia vital\u00edcia em decis\u00e3o hist\u00f3rica. Entenda o caso e os efeitos da supressio e surrectio no direito familiar.","robots":{"index":"index","follow":"follow","max-snippet":"max-snippet:-1","max-image-preview":"max-image-preview:large","max-video-preview":"max-video-preview:-1"},"canonical":"https:\/\/cj.estrategia.com\/portal\/pensao-alimenticia-vitalicia-stj\/","og_locale":"pt_BR","og_type":"article","og_title":"Pens\u00e3o Aliment\u00edcia vital\u00edcia: quando o pagamento vira definitivo?","og_description":"STJ reconhece pens\u00e3o aliment\u00edcia vital\u00edcia em decis\u00e3o hist\u00f3rica. Entenda o caso e os efeitos da supressio e surrectio no direito familiar.","og_url":"https:\/\/cj.estrategia.com\/portal\/pensao-alimenticia-vitalicia-stj\/","og_site_name":"Blog - Carreiras Jur\u00eddicas - Estrat\u00e9gia","article_publisher":"https:\/\/www.facebook.com\/estrategiacarreirajuridica\/","article_published_time":"2025-09-08T01:22:06+00:00","article_modified_time":"2025-09-17T19:33:19+00:00","og_image":[{"width":1536,"height":1024,"url":"https:\/\/cj.estrategia.com\/portal\/wp-content\/uploads\/2025\/09\/07210205\/direito-de-familia.jpg","type":"image\/jpeg"}],"author":"Felipe Duque","twitter_card":"summary_large_image","twitter_creator":"@https:\/\/x.com\/ProfessorDuque","twitter_site":"@EstratJuridica","twitter_misc":{"Escrito por":"Felipe Duque","Est. tempo de leitura":"9 minutos"},"schema":{"@context":"https:\/\/schema.org","@graph":[{"@type":"NewsArticle","@id":"https:\/\/cj.estrategia.com\/portal\/pensao-alimenticia-vitalicia-stj\/#article","isPartOf":{"@id":"https:\/\/cj.estrategia.com\/portal\/pensao-alimenticia-vitalicia-stj\/"},"author":{"name":"Felipe Duque","@id":"https:\/\/cj.estrategia.com\/portal\/#\/schema\/person\/b5b0253b269d7130d1f7770b1ba29285"},"headline":"Pens\u00e3o Aliment\u00edcia vital\u00edcia: quando o pagamento vira definitivo?","datePublished":"2025-09-08T01:22:06+00:00","dateModified":"2025-09-17T19:33:19+00:00","mainEntityOfPage":{"@id":"https:\/\/cj.estrategia.com\/portal\/pensao-alimenticia-vitalicia-stj\/"},"wordCount":1613,"commentCount":0,"publisher":{"@id":"https:\/\/cj.estrategia.com\/portal\/#organization"},"image":{"@id":"https:\/\/cj.estrategia.com\/portal\/pensao-alimenticia-vitalicia-stj\/#primaryimage"},"thumbnailUrl":"https:\/\/cj.estrategia.com\/portal\/wp-content\/uploads\/2025\/09\/07210205\/direito-de-familia.jpg","keywords":["an\u00e1lise jur\u00eddica","direito civil","direito de fam\u00edlia","pens\u00e3o","pens\u00e3o aliment\u00edcia","STJ"],"articleSection":["Carreiras Jur\u00eddicas"],"inLanguage":"pt-BR","potentialAction":[{"@type":"CommentAction","name":"Comment","target":["https:\/\/cj.estrategia.com\/portal\/pensao-alimenticia-vitalicia-stj\/#respond"]}]},{"@type":"WebPage","@id":"https:\/\/cj.estrategia.com\/portal\/pensao-alimenticia-vitalicia-stj\/","url":"https:\/\/cj.estrategia.com\/portal\/pensao-alimenticia-vitalicia-stj\/","name":"Pens\u00e3o Aliment\u00edcia vital\u00edcia: quando o pagamento vira definitivo?","isPartOf":{"@id":"https:\/\/cj.estrategia.com\/portal\/#website"},"primaryImageOfPage":{"@id":"https:\/\/cj.estrategia.com\/portal\/pensao-alimenticia-vitalicia-stj\/#primaryimage"},"image":{"@id":"https:\/\/cj.estrategia.com\/portal\/pensao-alimenticia-vitalicia-stj\/#primaryimage"},"thumbnailUrl":"https:\/\/cj.estrategia.com\/portal\/wp-content\/uploads\/2025\/09\/07210205\/direito-de-familia.jpg","datePublished":"2025-09-08T01:22:06+00:00","dateModified":"2025-09-17T19:33:19+00:00","description":"STJ reconhece pens\u00e3o aliment\u00edcia vital\u00edcia em decis\u00e3o hist\u00f3rica. Entenda o caso e os efeitos da supressio e surrectio no direito familiar.","breadcrumb":{"@id":"https:\/\/cj.estrategia.com\/portal\/pensao-alimenticia-vitalicia-stj\/#breadcrumb"},"inLanguage":"pt-BR","potentialAction":[{"@type":"ReadAction","target":["https:\/\/cj.estrategia.com\/portal\/pensao-alimenticia-vitalicia-stj\/"]}]},{"@type":"ImageObject","inLanguage":"pt-BR","@id":"https:\/\/cj.estrategia.com\/portal\/pensao-alimenticia-vitalicia-stj\/#primaryimage","url":"https:\/\/cj.estrategia.com\/portal\/wp-content\/uploads\/2025\/09\/07210205\/direito-de-familia.jpg","contentUrl":"https:\/\/cj.estrategia.com\/portal\/wp-content\/uploads\/2025\/09\/07210205\/direito-de-familia.jpg","width":1536,"height":1024},{"@type":"BreadcrumbList","@id":"https:\/\/cj.estrategia.com\/portal\/pensao-alimenticia-vitalicia-stj\/#breadcrumb","itemListElement":[{"@type":"ListItem","position":1,"name":"In\u00edcio","item":"https:\/\/cj.estrategia.com\/portal\/"},{"@type":"ListItem","position":2,"name":"Pens\u00e3o Aliment\u00edcia vital\u00edcia: quando o pagamento vira definitivo?"}]},{"@type":"WebSite","@id":"https:\/\/cj.estrategia.com\/portal\/#website","url":"https:\/\/cj.estrategia.com\/portal\/","name":"Blog - Carreiras Jur\u00eddicas - Estrat\u00e9gia","description":"","publisher":{"@id":"https:\/\/cj.estrategia.com\/portal\/#organization"},"potentialAction":[{"@type":"SearchAction","target":{"@type":"EntryPoint","urlTemplate":"https:\/\/cj.estrategia.com\/portal\/?s={search_term_string}"},"query-input":{"@type":"PropertyValueSpecification","valueRequired":true,"valueName":"search_term_string"}}],"inLanguage":"pt-BR"},{"@type":"Organization","@id":"https:\/\/cj.estrategia.com\/portal\/#organization","name":"Estrat\u00e9gia - Carreiras Jur\u00eddicas","url":"https:\/\/cj.estrategia.com\/portal\/","logo":{"@type":"ImageObject","inLanguage":"pt-BR","@id":"https:\/\/cj.estrategia.com\/portal\/#\/schema\/logo\/image\/","url":"https:\/\/cj.estrategia.com\/portal\/wp-content\/uploads\/2022\/03\/11151052\/cj-logo.png","contentUrl":"https:\/\/cj.estrategia.com\/portal\/wp-content\/uploads\/2022\/03\/11151052\/cj-logo.png","width":150,"height":39,"caption":"Estrat\u00e9gia - Carreiras Jur\u00eddicas"},"image":{"@id":"https:\/\/cj.estrategia.com\/portal\/#\/schema\/logo\/image\/"},"sameAs":["https:\/\/www.facebook.com\/estrategiacarreirajuridica\/","https:\/\/x.com\/EstratJuridica","https:\/\/www.instagram.com\/estrategiacarreirajuridica\/","https:\/\/www.youtube.com\/channel\/UClbMGuYbj2Mh1m3w144ETWQ"]},{"@type":"Person","@id":"https:\/\/cj.estrategia.com\/portal\/#\/schema\/person\/b5b0253b269d7130d1f7770b1ba29285","name":"Felipe Duque","image":{"@type":"ImageObject","inLanguage":"pt-BR","@id":"https:\/\/cj.estrategia.com\/portal\/wp-content\/uploads\/2024\/08\/06162009\/Captura-de-Tela-2024-08-06-as-16.19.26-96x96.png","url":"https:\/\/cj.estrategia.com\/portal\/wp-content\/uploads\/2024\/08\/06162009\/Captura-de-Tela-2024-08-06-as-16.19.26-96x96.png","contentUrl":"https:\/\/cj.estrategia.com\/portal\/wp-content\/uploads\/2024\/08\/06162009\/Captura-de-Tela-2024-08-06-as-16.19.26-96x96.png","caption":"Felipe Duque"},"description":"Felipe Duque - Mestre em Direito Pol\u00edtico e Econ\u00f4mico na Mackenzie-SP. Graduado em Direito pela Universidade Cat\u00f3lica de Pernambuco, com conclus\u00e3o pelo regime de Aproveitamento Extraordin\u00e1rio nos Estudos (art. 47, \u00a7 2\u00ba, da Lei n\u00ba 9.394\/96). Ex-Assessor de Desembargador no TJPE. Procurador da Fazenda Nacional. Integra voluntariamente a Coordena\u00e7\u00e3o de Assuntos Estrat\u00e9gicos Judiciais da PGFN. Professor do Estrat\u00e9gia Carreira Jur\u00eddica, Estrat\u00e9gia OAB e Buscador Dizer o Direito. Autor do livro \u201cReforma Tribut\u00e1ria Comentada e Esquematizada\u201d, \"Manual de Processo Tribut\u00e1rio: Administrativo e Judicial\" pela editora Juspodivm Parecerista na Revista de Estudos Jur\u00eddicos do Superior Tribunal de Justi\u00e7a (REJuriSTJ)","sameAs":["http:\/\/lattes.cnpq.br\/5755137268084324","https:\/\/www.instagram.com\/felipe_duque\/","https:\/\/br.linkedin.com\/in\/felipe-duque-56954638","https:\/\/x.com\/https:\/\/x.com\/ProfessorDuque","https:\/\/www.youtube.com\/@felipeduque-experienciasco5797"],"url":"https:\/\/cj.estrategia.com\/portal\/author\/felipe-duque\/"}]}},"jetpack_featured_media_url":"https:\/\/cj.estrategia.com\/portal\/wp-content\/uploads\/2025\/09\/07210205\/direito-de-familia.jpg","jetpack_sharing_enabled":true,"_links":{"self":[{"href":"https:\/\/cj.estrategia.com\/portal\/wp-json\/wp\/v2\/posts\/149010","targetHints":{"allow":["GET"]}}],"collection":[{"href":"https:\/\/cj.estrategia.com\/portal\/wp-json\/wp\/v2\/posts"}],"about":[{"href":"https:\/\/cj.estrategia.com\/portal\/wp-json\/wp\/v2\/types\/post"}],"author":[{"embeddable":true,"href":"https:\/\/cj.estrategia.com\/portal\/wp-json\/wp\/v2\/users\/93"}],"replies":[{"embeddable":true,"href":"https:\/\/cj.estrategia.com\/portal\/wp-json\/wp\/v2\/comments?post=149010"}],"version-history":[{"count":51,"href":"https:\/\/cj.estrategia.com\/portal\/wp-json\/wp\/v2\/posts\/149010\/revisions"}],"predecessor-version":[{"id":151792,"href":"https:\/\/cj.estrategia.com\/portal\/wp-json\/wp\/v2\/posts\/149010\/revisions\/151792"}],"wp:featuredmedia":[{"embeddable":true,"href":"https:\/\/cj.estrategia.com\/portal\/wp-json\/wp\/v2\/media\/149020"}],"wp:attachment":[{"href":"https:\/\/cj.estrategia.com\/portal\/wp-json\/wp\/v2\/media?parent=149010"}],"wp:term":[{"taxonomy":"category","embeddable":true,"href":"https:\/\/cj.estrategia.com\/portal\/wp-json\/wp\/v2\/categories?post=149010"},{"taxonomy":"post_tag","embeddable":true,"href":"https:\/\/cj.estrategia.com\/portal\/wp-json\/wp\/v2\/tags?post=149010"},{"taxonomy":"tax_estado","embeddable":true,"href":"https:\/\/cj.estrategia.com\/portal\/wp-json\/wp\/v2\/tax_estado?post=149010"}],"curies":[{"name":"wp","href":"https:\/\/api.w.org\/{rel}","templated":true}]}}