{"id":148441,"date":"2025-09-04T15:09:56","date_gmt":"2025-09-04T18:09:56","guid":{"rendered":"https:\/\/cj.estrategia.com\/portal\/?p=148441"},"modified":"2025-11-14T19:32:11","modified_gmt":"2025-11-14T22:32:11","slug":"trf3-juiz-veja-os-pontos-para-a-prova-oral-do-concurso","status":"publish","type":"post","link":"https:\/\/cj.estrategia.com\/portal\/trf3-juiz-veja-os-pontos-para-a-prova-oral-do-concurso\/","title":{"rendered":"TRF3 Juiz: veja os pontos para a prova oral do 21\u00ba concurso!"},"content":{"rendered":"\n<p>A <strong>Funda\u00e7\u00e3o Get\u00falio Vargas (FGV)<\/strong>, organizadora do concurso do <strong>Tribunal Regional Federal da 3\u00aa Regi\u00e3o (TRF3)<\/strong> para <strong>Juiz Federal Substituto<\/strong>, divulgou os <strong>pontos oficiais da prova oral<\/strong>.<\/p>\n\n\n\n<p>Os candidatos j\u00e1 podem conferir o documento completo e se preparar para esta etapa decisiva, que ter\u00e1 grande peso na classifica\u00e7\u00e3o final do certame. Veja o documento:<\/p>\n\n\n\n<ul class=\"wp-block-list\">\n<li><a href=\"https:\/\/cj.estrategia.com\/portal\/wp-content\/uploads\/2025\/09\/04150653\/pontos-prova-oral.pdf\" target=\"_blank\" >Pontos para a prova oral<\/a>.<\/li>\n<\/ul>\n\n\n\n<div class=\"container\" id=\"boxes\">\n  <div class=\"row\">\n\n    <div class=\"col-sm\">\n      <div class=\"banner-estrategia-concursos-juridicos\" id=\"box-assinatura\">\n        <h2 id=\"curso-para-trf3-juiz-federal\" class=\"titulo-assinatura\"><span style=\"color: #ffffff; font-size: 23px; \">Curso para TRF3 Juiz Federal <\/span><\/h2>\n        <p class=\"subtitulo-assinatura\">Cursos focados no edital do concurso<\/p>\n        <div class=\"box-botao\">\n          <a class=\"btn-assinatura-juridica\" target=\"_blank\" href=\"https:\/\/cj.estrategia.com\/curso\/trf-3-regio-juiz-federal-pacotaco-pacote-teorico-cursos-para-fases-escrita-e-oral-2024-pos-edital\/\" role=\"button\" rel=\"noopener noreferrer\">Conhe\u00e7a mais<\/a>\n        <\/div>\n      <\/div>\n      <p class=\"texto-auxiliar\">Prepare-se com o melhor material e com quem mais aprova em concursos de Procuradorias em todo o pa\u00eds. \n<\/p>\n    <\/div>\n\n  <\/div>\n<\/div>\n\n\n\n<p><\/p>\n\n\n<a id=\"cta-icon\" href=\"https:\/\/www.redirectmais.com\/wpp\/juiz-trf3-grupo\" target=\"blank\" style=\"background:rgb(41,166,26)\">\n            <img decoding=\"async\" src=\"https:\/\/cj.estrategia.com\/portal\/wp-content\/uploads\/2023\/12\/07160657\/whatsapp_1385.webp\" alt=\"\" alt=\"whatsapp_1385\"><span > Acesse agora o Grupo de Estudos para o concurso Juiz Federal TRF3<\/span><\/a>\n\n\n\n<p><\/p>\n\n\n\n<h2 class=\"wp-block-heading\" id=\"h-em-que-pe-esta-o-concurso-para-juiz-federal-do-trf3\"><span id=\"em-que-pe-esta-o-concurso-para-juiz-federal-do-trf3\">Em que p\u00e9 est\u00e1 o concurso para Juiz Federal do TRF3?<\/span><\/h2>\n\n\n\n<p>Recentemente, a banca organizadora abriu o prazo para envio de documentos referentes \u00e0 <strong><a href=\"https:\/\/portal.conhecimento.fgv.br\/Login\/Index\" target=\"_blank\" >inscri\u00e7\u00e3o definitiva<\/a><\/strong>.<\/p>\n\n\n\n<p>Anteriormente, a FGV tamb\u00e9m publicou uma s\u00e9rie de atualiza\u00e7\u00f5es, convocando candidatos para os <a href=\"https:\/\/cj.estrategia.com\/portal\/wp-content\/uploads\/2025\/09\/03130835\/edital_18_2025_convoc._exames_medico_e_psicot-1.pdf\" target=\"_blank\" >exames m\u00e9dico e psicot\u00e9cnico<\/a>; divulgando o <a href=\"https:\/\/cj.estrategia.com\/portal\/wp-content\/uploads\/2025\/09\/03130913\/edital_17_2025_result._recursos_das_sentencas_e_inscr._definit-1.pdf\" target=\"_blank\" >resultado dos recursos das senten\u00e7as<\/a> e orienta\u00e7\u00f5es sobre a inscri\u00e7\u00e3o definitiva; e disponibilizando a <a href=\"https:\/\/portal.conhecimento.fgv.br\/Login\/Index\" target=\"_blank\" >consulta individual<\/a> do resultado das Provas de Senten\u00e7as, bem como as <a href=\"https:\/\/recursos-fgvprojetos.fgv.br\/inscricao\/trf3sent2024_recurso_dis\/respostas.cfm\" target=\"_blank\" >respostas aos recursos interpostos<\/a> contra esse resultado.<\/p>\n\n\n\n<p>O edital oferece <strong>19 vagas para Juiz Federal Substituto<\/strong>, com <strong>remunera\u00e7\u00e3o inicial de R$ 35.845,21<\/strong>, e exige que o candidato seja bacharel em Direito h\u00e1 pelo menos tr\u00eas anos e comprove tr\u00eas anos de atividade jur\u00eddica ap\u00f3s a gradua\u00e7\u00e3o na inscri\u00e7\u00e3o definitiva.<\/p>\n\n\n\n<p class=\"has-text-align-center\"><em>Quer saber tudo sobre o concurso para Juiz Federal do TRF3? Acesse o nosso artigo!<\/em><\/p>\n\n\n\n<p class=\"has-text-align-center has-luminous-vivid-amber-to-luminous-vivid-orange-gradient-background has-background\"><strong><a href=\"https:\/\/cj.estrategia.com\/portal\/concurso-trf3-juiz-federal\/\" target=\"_blank\" >Concurso TRF3 Juiz Federal<\/a><\/strong><\/p>\n\n\n<a id=\"cta-icon\" href=\"https:\/\/www.redirectmais.com\/wpp\/juiz-trf3-grupo\" target=\"blank\" style=\"background:rgb(41,166,26)\">\n            <img decoding=\"async\" src=\"https:\/\/cj.estrategia.com\/portal\/wp-content\/uploads\/2023\/12\/07160657\/whatsapp_1385.webp\" alt=\"\" alt=\"whatsapp_1385\"><span > Acesse agora o Grupo de Estudos para o concurso Juiz Federal TRF3<\/span><\/a>\n\n\n\n<h2 class=\"wp-block-heading has-text-align-center\" id=\"h-quer-saber-tudo-sobre-concursos-previstos-confira-nossos-artigos\"><span id=\"quer-saber-tudo-sobre-concursos-previstosconfira-nossos-artigos\">Quer saber tudo sobre concursos previstos?<br><strong>Confira nossos artigos!<\/strong><\/span><\/h2>\n\n\n\n<ul class=\"wp-block-list\">\n<li><a href=\"https:\/\/cj.estrategia.com\/portal\/concursos-abertos-carreiras-juridicas\/\" target=\"_blank\" >Concursos jur\u00eddicos abertos<\/a><\/li>\n\n\n\n<li><a href=\"https:\/\/cj.estrategia.com\/portal\/concursos-2025-carreiras-juridicas\/\" target=\"_blank\" >Concursos jur\u00eddicos 2025<\/a><\/li>\n\n\n\n<li><a href=\"https:\/\/cj.estrategia.com\/portal\/concursos-magistratura\/\" target=\"_blank\" >Concursos magistratura<\/a><\/li>\n\n\n\n<li><a href=\"https:\/\/cj.estrategia.com\/portal\/exame-nacional-da-magistratura\/\" target=\"_blank\" >Exame Nacional da Magistratura (ENAM)<\/a><\/li>\n<\/ul>\n\n\n\n<h2 class=\"wp-block-heading has-text-align-center\" id=\"cursos-trf3-juiz\"><span id=\"veja-as-nossas-assinaturas\">Veja as nossas assinaturas!<\/span><\/h2>\n\n\n\n<div class=\"wp-block-cover\" style=\"min-height:155px;aspect-ratio:unset;\"><img decoding=\"async\" width=\"1890\" height=\"351\" class=\"wp-block-cover__image-background wp-image-8669\" alt=\"Assinaturas Jur\u00eddicas\" src=\"https:\/\/cj.estrategia.com\/portal\/wp-content\/uploads\/2022\/06\/20151253\/concurso-carreiras-juridicas-assinatura-juridica.jpg\" style=\"object-position:78% 43%\" data-object-fit=\"cover\" data-object-position=\"78% 43%\" srcset=\"https:\/\/cj.estrategia.com\/portal\/wp-content\/uploads\/2022\/06\/20151253\/concurso-carreiras-juridicas-assinatura-juridica.jpg 1890w, https:\/\/cj.estrategia.com\/portal\/wp-content\/uploads\/2022\/06\/20151253\/concurso-carreiras-juridicas-assinatura-juridica-300x56.jpg 300w, https:\/\/cj.estrategia.com\/portal\/wp-content\/uploads\/2022\/06\/20151253\/concurso-carreiras-juridicas-assinatura-juridica-1024x190.jpg 1024w, https:\/\/cj.estrategia.com\/portal\/wp-content\/uploads\/2022\/06\/20151253\/concurso-carreiras-juridicas-assinatura-juridica-768x143.jpg 768w, https:\/\/cj.estrategia.com\/portal\/wp-content\/uploads\/2022\/06\/20151253\/concurso-carreiras-juridicas-assinatura-juridica-1536x285.jpg 1536w, https:\/\/cj.estrategia.com\/portal\/wp-content\/uploads\/2022\/06\/20151253\/concurso-carreiras-juridicas-assinatura-juridica-380x71.jpg 380w, https:\/\/cj.estrategia.com\/portal\/wp-content\/uploads\/2022\/06\/20151253\/concurso-carreiras-juridicas-assinatura-juridica-800x149.jpg 800w, https:\/\/cj.estrategia.com\/portal\/wp-content\/uploads\/2022\/06\/20151253\/concurso-carreiras-juridicas-assinatura-juridica-1160x215.jpg 1160w\" sizes=\"(max-width: 1890px) 100vw, 1890px\" \/><span aria-hidden=\"true\" class=\"wp-block-cover__background has-background-dim\"><\/span><div class=\"wp-block-cover__inner-container is-layout-flow wp-block-cover-is-layout-flow\">\n<h3 id=\"faca-a-sua-assinatura\" class=\"titulo-assinatura\"><span style=\"color: #ffffff;\">Fa\u00e7a a sua assinatura!<\/span><\/h3>\n<p class=\"subtitulo-assinatura\" style=\"display:block!important; line-height: 0;\"><span style=\"color: #ffffff;\">Escolha a sua \u00e1rea.<\/span><\/p>\n<a target=\"_blank\" href=\"https:\/\/www.estrategiaconcursos.com.br\/assinaturas-ecj\/\" rel=\"noopener\"><button style=\"border-radius: 10px; text-transform: capitalize;\">Acessar<\/button><\/a>\n<\/div><\/div>\n\n\n\n<p><\/p>\n\n\n\n<p><\/p>\n","protected":false},"excerpt":{"rendered":"A Funda\u00e7\u00e3o Get\u00falio Vargas (FGV), organizadora do concurso do Tribunal Regional Federal da 3\u00aa Regi\u00e3o (TRF3) para Juiz&hellip;\n","protected":false},"author":162,"featured_media":40780,"comment_status":"open","ping_status":"open","sticky":false,"template":"","format":"standard","meta":{"_jetpack_memberships_contains_paid_content":false,"footnotes":""},"categories":[26],"tags":[],"tax_estado":[42,56],"class_list":{"0":"post-148441","1":"post","2":"type-post","3":"status-publish","4":"format-standard","5":"has-post-thumbnail","7":"category-magistratura","8":"tax_estado-ms","9":"tax_estado-sp"},"acf":[],"yoast_head":"<!-- This site is optimized with the Yoast SEO Premium plugin v27.4 (Yoast SEO v27.4) - https:\/\/yoast.com\/product\/yoast-seo-premium-wordpress\/ -->\n<title>TRF3 Juiz: veja os pontos para a prova oral do 21\u00ba concurso!<\/title>\n<meta name=\"description\" content=\"Confira os pontos para a prova oral do TRF3 Juiz e estude com confian\u00e7a para o 21\u00ba concurso. Prepare-se bem!\" \/>\n<meta name=\"robots\" content=\"index, follow, max-snippet:-1, max-image-preview:large, max-video-preview:-1\" \/>\n<link rel=\"canonical\" href=\"https:\/\/cj.estrategia.com\/portal\/trf3-juiz-veja-os-pontos-para-a-prova-oral-do-concurso\/\" \/>\n<meta property=\"og:locale\" content=\"pt_BR\" \/>\n<meta property=\"og:type\" content=\"article\" \/>\n<meta property=\"og:title\" content=\"TRF3 Juiz: veja os pontos para a prova oral do 21\u00ba concurso!\" \/>\n<meta property=\"og:description\" content=\"Confira os pontos para a prova oral do TRF3 Juiz e estude com confian\u00e7a para o 21\u00ba concurso. Prepare-se bem!\" \/>\n<meta property=\"og:url\" content=\"https:\/\/cj.estrategia.com\/portal\/trf3-juiz-veja-os-pontos-para-a-prova-oral-do-concurso\/\" \/>\n<meta property=\"og:site_name\" content=\"Blog - Carreiras Jur\u00eddicas - Estrat\u00e9gia\" \/>\n<meta property=\"article:publisher\" content=\"https:\/\/www.facebook.com\/estrategiacarreirajuridica\/\" \/>\n<meta property=\"article:published_time\" content=\"2025-09-04T18:09:56+00:00\" \/>\n<meta property=\"article:modified_time\" content=\"2025-11-14T22:32:11+00:00\" \/>\n<meta property=\"og:image\" content=\"https:\/\/cj.estrategia.com\/portal\/wp-content\/uploads\/2023\/06\/07112031\/Juiz-Federal-TRF3.jpg\" \/>\n\t<meta property=\"og:image:width\" content=\"768\" \/>\n\t<meta property=\"og:image:height\" content=\"432\" \/>\n\t<meta property=\"og:image:type\" content=\"image\/jpeg\" \/>\n<meta name=\"author\" content=\"Jos\u00e9 Ferreira\" \/>\n<meta name=\"twitter:card\" content=\"summary_large_image\" \/>\n<meta name=\"twitter:creator\" content=\"@EstratJuridica\" \/>\n<meta name=\"twitter:site\" content=\"@EstratJuridica\" \/>\n<meta name=\"twitter:label1\" content=\"Escrito por\" \/>\n\t<meta name=\"twitter:data1\" content=\"Jos\u00e9 Ferreira\" \/>\n\t<meta name=\"twitter:label2\" content=\"Est. tempo de leitura\" \/>\n\t<meta name=\"twitter:data2\" content=\"2 minutos\" \/>\n<script type=\"application\/ld+json\" class=\"yoast-schema-graph\">{\"@context\":\"https:\\\/\\\/schema.org\",\"@graph\":[{\"@type\":\"NewsArticle\",\"@id\":\"https:\\\/\\\/cj.estrategia.com\\\/portal\\\/trf3-juiz-veja-os-pontos-para-a-prova-oral-do-concurso\\\/#article\",\"isPartOf\":{\"@id\":\"https:\\\/\\\/cj.estrategia.com\\\/portal\\\/trf3-juiz-veja-os-pontos-para-a-prova-oral-do-concurso\\\/\"},\"author\":{\"name\":\"Jos\u00e9 Ferreira\",\"@id\":\"https:\\\/\\\/cj.estrategia.com\\\/portal\\\/#\\\/schema\\\/person\\\/4caf0099c42d736f2aade723f309f690\"},\"headline\":\"TRF3 Juiz: veja os pontos para a prova oral do 21\u00ba concurso!\",\"datePublished\":\"2025-09-04T18:09:56+00:00\",\"dateModified\":\"2025-11-14T22:32:11+00:00\",\"mainEntityOfPage\":{\"@id\":\"https:\\\/\\\/cj.estrategia.com\\\/portal\\\/trf3-juiz-veja-os-pontos-para-a-prova-oral-do-concurso\\\/\"},\"wordCount\":291,\"commentCount\":0,\"publisher\":{\"@id\":\"https:\\\/\\\/cj.estrategia.com\\\/portal\\\/#organization\"},\"image\":{\"@id\":\"https:\\\/\\\/cj.estrategia.com\\\/portal\\\/trf3-juiz-veja-os-pontos-para-a-prova-oral-do-concurso\\\/#primaryimage\"},\"thumbnailUrl\":\"https:\\\/\\\/cj.estrategia.com\\\/portal\\\/wp-content\\\/uploads\\\/2023\\\/06\\\/07112031\\\/Juiz-Federal-TRF3.jpg\",\"articleSection\":[\"Magistratura\"],\"inLanguage\":\"pt-BR\",\"potentialAction\":[{\"@type\":\"CommentAction\",\"name\":\"Comment\",\"target\":[\"https:\\\/\\\/cj.estrategia.com\\\/portal\\\/trf3-juiz-veja-os-pontos-para-a-prova-oral-do-concurso\\\/#respond\"]}]},{\"@type\":\"WebPage\",\"@id\":\"https:\\\/\\\/cj.estrategia.com\\\/portal\\\/trf3-juiz-veja-os-pontos-para-a-prova-oral-do-concurso\\\/\",\"url\":\"https:\\\/\\\/cj.estrategia.com\\\/portal\\\/trf3-juiz-veja-os-pontos-para-a-prova-oral-do-concurso\\\/\",\"name\":\"TRF3 Juiz: veja os pontos para a prova oral do 21\u00ba concurso!\",\"isPartOf\":{\"@id\":\"https:\\\/\\\/cj.estrategia.com\\\/portal\\\/#website\"},\"primaryImageOfPage\":{\"@id\":\"https:\\\/\\\/cj.estrategia.com\\\/portal\\\/trf3-juiz-veja-os-pontos-para-a-prova-oral-do-concurso\\\/#primaryimage\"},\"image\":{\"@id\":\"https:\\\/\\\/cj.estrategia.com\\\/portal\\\/trf3-juiz-veja-os-pontos-para-a-prova-oral-do-concurso\\\/#primaryimage\"},\"thumbnailUrl\":\"https:\\\/\\\/cj.estrategia.com\\\/portal\\\/wp-content\\\/uploads\\\/2023\\\/06\\\/07112031\\\/Juiz-Federal-TRF3.jpg\",\"datePublished\":\"2025-09-04T18:09:56+00:00\",\"dateModified\":\"2025-11-14T22:32:11+00:00\",\"description\":\"Confira os pontos para a prova oral do TRF3 Juiz e estude com confian\u00e7a para o 21\u00ba concurso. Prepare-se bem!\",\"breadcrumb\":{\"@id\":\"https:\\\/\\\/cj.estrategia.com\\\/portal\\\/trf3-juiz-veja-os-pontos-para-a-prova-oral-do-concurso\\\/#breadcrumb\"},\"inLanguage\":\"pt-BR\",\"potentialAction\":[{\"@type\":\"ReadAction\",\"target\":[\"https:\\\/\\\/cj.estrategia.com\\\/portal\\\/trf3-juiz-veja-os-pontos-para-a-prova-oral-do-concurso\\\/\"]}]},{\"@type\":\"ImageObject\",\"inLanguage\":\"pt-BR\",\"@id\":\"https:\\\/\\\/cj.estrategia.com\\\/portal\\\/trf3-juiz-veja-os-pontos-para-a-prova-oral-do-concurso\\\/#primaryimage\",\"url\":\"https:\\\/\\\/cj.estrategia.com\\\/portal\\\/wp-content\\\/uploads\\\/2023\\\/06\\\/07112031\\\/Juiz-Federal-TRF3.jpg\",\"contentUrl\":\"https:\\\/\\\/cj.estrategia.com\\\/portal\\\/wp-content\\\/uploads\\\/2023\\\/06\\\/07112031\\\/Juiz-Federal-TRF3.jpg\",\"width\":768,\"height\":432},{\"@type\":\"BreadcrumbList\",\"@id\":\"https:\\\/\\\/cj.estrategia.com\\\/portal\\\/trf3-juiz-veja-os-pontos-para-a-prova-oral-do-concurso\\\/#breadcrumb\",\"itemListElement\":[{\"@type\":\"ListItem\",\"position\":1,\"name\":\"In\u00edcio\",\"item\":\"https:\\\/\\\/cj.estrategia.com\\\/portal\\\/\"},{\"@type\":\"ListItem\",\"position\":2,\"name\":\"TRF3 Juiz: veja os pontos para a prova oral do 21\u00ba concurso!\"}]},{\"@type\":\"WebSite\",\"@id\":\"https:\\\/\\\/cj.estrategia.com\\\/portal\\\/#website\",\"url\":\"https:\\\/\\\/cj.estrategia.com\\\/portal\\\/\",\"name\":\"Blog - Carreiras Jur\u00eddicas - Estrat\u00e9gia\",\"description\":\"\",\"publisher\":{\"@id\":\"https:\\\/\\\/cj.estrategia.com\\\/portal\\\/#organization\"},\"potentialAction\":[{\"@type\":\"SearchAction\",\"target\":{\"@type\":\"EntryPoint\",\"urlTemplate\":\"https:\\\/\\\/cj.estrategia.com\\\/portal\\\/?s={search_term_string}\"},\"query-input\":{\"@type\":\"PropertyValueSpecification\",\"valueRequired\":true,\"valueName\":\"search_term_string\"}}],\"inLanguage\":\"pt-BR\"},{\"@type\":\"Organization\",\"@id\":\"https:\\\/\\\/cj.estrategia.com\\\/portal\\\/#organization\",\"name\":\"Estrat\u00e9gia - Carreiras Jur\u00eddicas\",\"url\":\"https:\\\/\\\/cj.estrategia.com\\\/portal\\\/\",\"logo\":{\"@type\":\"ImageObject\",\"inLanguage\":\"pt-BR\",\"@id\":\"https:\\\/\\\/cj.estrategia.com\\\/portal\\\/#\\\/schema\\\/logo\\\/image\\\/\",\"url\":\"https:\\\/\\\/cj.estrategia.com\\\/portal\\\/wp-content\\\/uploads\\\/2022\\\/03\\\/11151052\\\/cj-logo.png\",\"contentUrl\":\"https:\\\/\\\/cj.estrategia.com\\\/portal\\\/wp-content\\\/uploads\\\/2022\\\/03\\\/11151052\\\/cj-logo.png\",\"width\":150,\"height\":39,\"caption\":\"Estrat\u00e9gia - Carreiras Jur\u00eddicas\"},\"image\":{\"@id\":\"https:\\\/\\\/cj.estrategia.com\\\/portal\\\/#\\\/schema\\\/logo\\\/image\\\/\"},\"sameAs\":[\"https:\\\/\\\/www.facebook.com\\\/estrategiacarreirajuridica\\\/\",\"https:\\\/\\\/x.com\\\/EstratJuridica\",\"https:\\\/\\\/www.instagram.com\\\/estrategiacarreirajuridica\\\/\",\"https:\\\/\\\/www.youtube.com\\\/channel\\\/UClbMGuYbj2Mh1m3w144ETWQ\"]},{\"@type\":\"Person\",\"@id\":\"https:\\\/\\\/cj.estrategia.com\\\/portal\\\/#\\\/schema\\\/person\\\/4caf0099c42d736f2aade723f309f690\",\"name\":\"Jos\u00e9 Ferreira\",\"image\":{\"@type\":\"ImageObject\",\"inLanguage\":\"pt-BR\",\"@id\":\"https:\\\/\\\/cj.estrategia.com\\\/portal\\\/wp-content\\\/uploads\\\/2025\\\/04\\\/18142237\\\/jose-ferreira-navarro-analista-de-conteudo-jornalismo-carreiras-juridicas-96x96.png\",\"url\":\"https:\\\/\\\/cj.estrategia.com\\\/portal\\\/wp-content\\\/uploads\\\/2025\\\/04\\\/18142237\\\/jose-ferreira-navarro-analista-de-conteudo-jornalismo-carreiras-juridicas-96x96.png\",\"contentUrl\":\"https:\\\/\\\/cj.estrategia.com\\\/portal\\\/wp-content\\\/uploads\\\/2025\\\/04\\\/18142237\\\/jose-ferreira-navarro-analista-de-conteudo-jornalismo-carreiras-juridicas-96x96.png\",\"caption\":\"Jos\u00e9 Ferreira\"},\"description\":\"Analista de conte\u00fado na equipe de Jornalismo, atua com SEO e estrat\u00e9gia para desenvolver conte\u00fados relevantes e de alta qualidade voltados para OAB e para o universo de Concursos Jur\u00eddicos.\",\"url\":\"https:\\\/\\\/cj.estrategia.com\\\/portal\\\/author\\\/jose-navarro-de-andrade-cintra-ferreira\\\/\"}]}<\/script>\n<!-- \/ Yoast SEO Premium plugin. -->","yoast_head_json":{"title":"TRF3 Juiz: veja os pontos para a prova oral do 21\u00ba concurso!","description":"Confira os pontos para a prova oral do TRF3 Juiz e estude com confian\u00e7a para o 21\u00ba concurso. Prepare-se bem!","robots":{"index":"index","follow":"follow","max-snippet":"max-snippet:-1","max-image-preview":"max-image-preview:large","max-video-preview":"max-video-preview:-1"},"canonical":"https:\/\/cj.estrategia.com\/portal\/trf3-juiz-veja-os-pontos-para-a-prova-oral-do-concurso\/","og_locale":"pt_BR","og_type":"article","og_title":"TRF3 Juiz: veja os pontos para a prova oral do 21\u00ba concurso!","og_description":"Confira os pontos para a prova oral do TRF3 Juiz e estude com confian\u00e7a para o 21\u00ba concurso. Prepare-se bem!","og_url":"https:\/\/cj.estrategia.com\/portal\/trf3-juiz-veja-os-pontos-para-a-prova-oral-do-concurso\/","og_site_name":"Blog - Carreiras Jur\u00eddicas - Estrat\u00e9gia","article_publisher":"https:\/\/www.facebook.com\/estrategiacarreirajuridica\/","article_published_time":"2025-09-04T18:09:56+00:00","article_modified_time":"2025-11-14T22:32:11+00:00","og_image":[{"width":768,"height":432,"url":"https:\/\/cj.estrategia.com\/portal\/wp-content\/uploads\/2023\/06\/07112031\/Juiz-Federal-TRF3.jpg","type":"image\/jpeg"}],"author":"Jos\u00e9 Ferreira","twitter_card":"summary_large_image","twitter_creator":"@EstratJuridica","twitter_site":"@EstratJuridica","twitter_misc":{"Escrito por":"Jos\u00e9 Ferreira","Est. tempo de leitura":"2 minutos"},"schema":{"@context":"https:\/\/schema.org","@graph":[{"@type":"NewsArticle","@id":"https:\/\/cj.estrategia.com\/portal\/trf3-juiz-veja-os-pontos-para-a-prova-oral-do-concurso\/#article","isPartOf":{"@id":"https:\/\/cj.estrategia.com\/portal\/trf3-juiz-veja-os-pontos-para-a-prova-oral-do-concurso\/"},"author":{"name":"Jos\u00e9 Ferreira","@id":"https:\/\/cj.estrategia.com\/portal\/#\/schema\/person\/4caf0099c42d736f2aade723f309f690"},"headline":"TRF3 Juiz: veja os pontos para a prova oral do 21\u00ba concurso!","datePublished":"2025-09-04T18:09:56+00:00","dateModified":"2025-11-14T22:32:11+00:00","mainEntityOfPage":{"@id":"https:\/\/cj.estrategia.com\/portal\/trf3-juiz-veja-os-pontos-para-a-prova-oral-do-concurso\/"},"wordCount":291,"commentCount":0,"publisher":{"@id":"https:\/\/cj.estrategia.com\/portal\/#organization"},"image":{"@id":"https:\/\/cj.estrategia.com\/portal\/trf3-juiz-veja-os-pontos-para-a-prova-oral-do-concurso\/#primaryimage"},"thumbnailUrl":"https:\/\/cj.estrategia.com\/portal\/wp-content\/uploads\/2023\/06\/07112031\/Juiz-Federal-TRF3.jpg","articleSection":["Magistratura"],"inLanguage":"pt-BR","potentialAction":[{"@type":"CommentAction","name":"Comment","target":["https:\/\/cj.estrategia.com\/portal\/trf3-juiz-veja-os-pontos-para-a-prova-oral-do-concurso\/#respond"]}]},{"@type":"WebPage","@id":"https:\/\/cj.estrategia.com\/portal\/trf3-juiz-veja-os-pontos-para-a-prova-oral-do-concurso\/","url":"https:\/\/cj.estrategia.com\/portal\/trf3-juiz-veja-os-pontos-para-a-prova-oral-do-concurso\/","name":"TRF3 Juiz: veja os pontos para a prova oral do 21\u00ba concurso!","isPartOf":{"@id":"https:\/\/cj.estrategia.com\/portal\/#website"},"primaryImageOfPage":{"@id":"https:\/\/cj.estrategia.com\/portal\/trf3-juiz-veja-os-pontos-para-a-prova-oral-do-concurso\/#primaryimage"},"image":{"@id":"https:\/\/cj.estrategia.com\/portal\/trf3-juiz-veja-os-pontos-para-a-prova-oral-do-concurso\/#primaryimage"},"thumbnailUrl":"https:\/\/cj.estrategia.com\/portal\/wp-content\/uploads\/2023\/06\/07112031\/Juiz-Federal-TRF3.jpg","datePublished":"2025-09-04T18:09:56+00:00","dateModified":"2025-11-14T22:32:11+00:00","description":"Confira os pontos para a prova oral do TRF3 Juiz e estude com confian\u00e7a para o 21\u00ba concurso. Prepare-se bem!","breadcrumb":{"@id":"https:\/\/cj.estrategia.com\/portal\/trf3-juiz-veja-os-pontos-para-a-prova-oral-do-concurso\/#breadcrumb"},"inLanguage":"pt-BR","potentialAction":[{"@type":"ReadAction","target":["https:\/\/cj.estrategia.com\/portal\/trf3-juiz-veja-os-pontos-para-a-prova-oral-do-concurso\/"]}]},{"@type":"ImageObject","inLanguage":"pt-BR","@id":"https:\/\/cj.estrategia.com\/portal\/trf3-juiz-veja-os-pontos-para-a-prova-oral-do-concurso\/#primaryimage","url":"https:\/\/cj.estrategia.com\/portal\/wp-content\/uploads\/2023\/06\/07112031\/Juiz-Federal-TRF3.jpg","contentUrl":"https:\/\/cj.estrategia.com\/portal\/wp-content\/uploads\/2023\/06\/07112031\/Juiz-Federal-TRF3.jpg","width":768,"height":432},{"@type":"BreadcrumbList","@id":"https:\/\/cj.estrategia.com\/portal\/trf3-juiz-veja-os-pontos-para-a-prova-oral-do-concurso\/#breadcrumb","itemListElement":[{"@type":"ListItem","position":1,"name":"In\u00edcio","item":"https:\/\/cj.estrategia.com\/portal\/"},{"@type":"ListItem","position":2,"name":"TRF3 Juiz: veja os pontos para a prova oral do 21\u00ba concurso!"}]},{"@type":"WebSite","@id":"https:\/\/cj.estrategia.com\/portal\/#website","url":"https:\/\/cj.estrategia.com\/portal\/","name":"Blog - Carreiras Jur\u00eddicas - Estrat\u00e9gia","description":"","publisher":{"@id":"https:\/\/cj.estrategia.com\/portal\/#organization"},"potentialAction":[{"@type":"SearchAction","target":{"@type":"EntryPoint","urlTemplate":"https:\/\/cj.estrategia.com\/portal\/?s={search_term_string}"},"query-input":{"@type":"PropertyValueSpecification","valueRequired":true,"valueName":"search_term_string"}}],"inLanguage":"pt-BR"},{"@type":"Organization","@id":"https:\/\/cj.estrategia.com\/portal\/#organization","name":"Estrat\u00e9gia - Carreiras Jur\u00eddicas","url":"https:\/\/cj.estrategia.com\/portal\/","logo":{"@type":"ImageObject","inLanguage":"pt-BR","@id":"https:\/\/cj.estrategia.com\/portal\/#\/schema\/logo\/image\/","url":"https:\/\/cj.estrategia.com\/portal\/wp-content\/uploads\/2022\/03\/11151052\/cj-logo.png","contentUrl":"https:\/\/cj.estrategia.com\/portal\/wp-content\/uploads\/2022\/03\/11151052\/cj-logo.png","width":150,"height":39,"caption":"Estrat\u00e9gia - Carreiras Jur\u00eddicas"},"image":{"@id":"https:\/\/cj.estrategia.com\/portal\/#\/schema\/logo\/image\/"},"sameAs":["https:\/\/www.facebook.com\/estrategiacarreirajuridica\/","https:\/\/x.com\/EstratJuridica","https:\/\/www.instagram.com\/estrategiacarreirajuridica\/","https:\/\/www.youtube.com\/channel\/UClbMGuYbj2Mh1m3w144ETWQ"]},{"@type":"Person","@id":"https:\/\/cj.estrategia.com\/portal\/#\/schema\/person\/4caf0099c42d736f2aade723f309f690","name":"Jos\u00e9 Ferreira","image":{"@type":"ImageObject","inLanguage":"pt-BR","@id":"https:\/\/cj.estrategia.com\/portal\/wp-content\/uploads\/2025\/04\/18142237\/jose-ferreira-navarro-analista-de-conteudo-jornalismo-carreiras-juridicas-96x96.png","url":"https:\/\/cj.estrategia.com\/portal\/wp-content\/uploads\/2025\/04\/18142237\/jose-ferreira-navarro-analista-de-conteudo-jornalismo-carreiras-juridicas-96x96.png","contentUrl":"https:\/\/cj.estrategia.com\/portal\/wp-content\/uploads\/2025\/04\/18142237\/jose-ferreira-navarro-analista-de-conteudo-jornalismo-carreiras-juridicas-96x96.png","caption":"Jos\u00e9 Ferreira"},"description":"Analista de conte\u00fado na equipe de Jornalismo, atua com SEO e estrat\u00e9gia para desenvolver conte\u00fados relevantes e de alta qualidade voltados para OAB e para o universo de Concursos Jur\u00eddicos.","url":"https:\/\/cj.estrategia.com\/portal\/author\/jose-navarro-de-andrade-cintra-ferreira\/"}]}},"jetpack_featured_media_url":"https:\/\/cj.estrategia.com\/portal\/wp-content\/uploads\/2023\/06\/07112031\/Juiz-Federal-TRF3.jpg","jetpack_sharing_enabled":true,"_links":{"self":[{"href":"https:\/\/cj.estrategia.com\/portal\/wp-json\/wp\/v2\/posts\/148441","targetHints":{"allow":["GET"]}}],"collection":[{"href":"https:\/\/cj.estrategia.com\/portal\/wp-json\/wp\/v2\/posts"}],"about":[{"href":"https:\/\/cj.estrategia.com\/portal\/wp-json\/wp\/v2\/types\/post"}],"author":[{"embeddable":true,"href":"https:\/\/cj.estrategia.com\/portal\/wp-json\/wp\/v2\/users\/162"}],"replies":[{"embeddable":true,"href":"https:\/\/cj.estrategia.com\/portal\/wp-json\/wp\/v2\/comments?post=148441"}],"version-history":[{"count":10,"href":"https:\/\/cj.estrategia.com\/portal\/wp-json\/wp\/v2\/posts\/148441\/revisions"}],"predecessor-version":[{"id":163206,"href":"https:\/\/cj.estrategia.com\/portal\/wp-json\/wp\/v2\/posts\/148441\/revisions\/163206"}],"wp:featuredmedia":[{"embeddable":true,"href":"https:\/\/cj.estrategia.com\/portal\/wp-json\/wp\/v2\/media\/40780"}],"wp:attachment":[{"href":"https:\/\/cj.estrategia.com\/portal\/wp-json\/wp\/v2\/media?parent=148441"}],"wp:term":[{"taxonomy":"category","embeddable":true,"href":"https:\/\/cj.estrategia.com\/portal\/wp-json\/wp\/v2\/categories?post=148441"},{"taxonomy":"post_tag","embeddable":true,"href":"https:\/\/cj.estrategia.com\/portal\/wp-json\/wp\/v2\/tags?post=148441"},{"taxonomy":"tax_estado","embeddable":true,"href":"https:\/\/cj.estrategia.com\/portal\/wp-json\/wp\/v2\/tax_estado?post=148441"}],"curies":[{"name":"wp","href":"https:\/\/api.w.org\/{rel}","templated":true}]}}