{"id":145656,"date":"2025-12-23T14:42:40","date_gmt":"2025-12-23T17:42:40","guid":{"rendered":"https:\/\/cj.estrategia.com\/portal\/?p=145656"},"modified":"2026-02-04T11:45:13","modified_gmt":"2026-02-04T14:45:13","slug":"residencia-juridica-trf1-sjba","status":"publish","type":"post","link":"https:\/\/cj.estrategia.com\/portal\/residencia-juridica-trf1-sjba\/","title":{"rendered":"Resid\u00eancia Jur\u00eddica TRF1 (SJBA): homologado; veja aprovados!"},"content":{"rendered":"\n<p>Os candidatos do <strong>Programa de Resid\u00eancia Jur\u00eddica da Se\u00e7\u00e3o Judici\u00e1ria da Bahia (SJBA)<\/strong> realizaram as provas objetiva e discursiva no dia 12 de outubro.<\/p>\n\n\n\n<p>Agora, o <strong>resultado final e a homologa\u00e7\u00e3o<\/strong> do programa j\u00e1 est\u00e3o dispon\u00edveis. Veja:<\/p>\n\n\n\n<ul class=\"wp-block-list\">\n<li><a href=\"https:\/\/cj.estrategia.com\/portal\/wp-content\/uploads\/2025\/12\/23144020\/EDITAL-03.2025-RESIDENTE-JURIDICO.pdf\" target=\"_blank\" rel=\"noreferrer noopener nofollow\">Homologa\u00e7\u00e3o<\/a>;<\/li>\n\n\n\n<li>Resultado Final de Aprovados &#8211; <a href=\"https:\/\/d676e6gwpn3ec.cloudfront.net\/concursos\/1271\/51_379228.pdf\" target=\"_blank\" >Classifica\u00e7\u00e3o Geral<\/a> &#8211; <a href=\"https:\/\/d676e6gwpn3ec.cloudfront.net\/concursos\/1271\/52_301503.pdf\" target=\"_blank\" >Pessoas com Defici\u00eancia<\/a> &#8211; <a href=\"https:\/\/d676e6gwpn3ec.cloudfront.net\/concursos\/1271\/53_326032.pdf\" target=\"_blank\" >Pessoas Negras<\/a> &#8211; <a href=\"https:\/\/d676e6gwpn3ec.cloudfront.net\/concursos\/1271\/54_343172.pdf\" target=\"_blank\" >G\u00eanero Feminino<\/a>.<\/li>\n<\/ul>\n\n\n\n<p>O processo seletivo ofertou <strong>14 vagas imediatas e mais de 400 para cadastro reserva<\/strong>, com remunera\u00e7\u00e3o inicial de <strong>R$ 3.000<\/strong> para residente jur\u00eddico.<\/p>\n\n\n\n<p>Confira mais detalhes no artigo!<\/p>\n\n\n\n<ul class=\"wp-block-list has-very-light-gray-to-cyan-bluish-gray-gradient-background has-background\">\n<li><strong>Programa de Resid\u00eancia Jur\u00eddica TRF1 (SJBA)<\/strong><\/li>\n\n\n\n<li><strong>Status:<\/strong> homologado<\/li>\n\n\n\n<li><strong>Banca<\/strong>: <a href=\"https:\/\/www.institutoconsulplan.org.br\/getConc.aspx?key=eSimboloMaIsTbd1bvlms=\" target=\"_blank\" rel=\"noreferrer noopener nofollow\">Instituto Consulplan<\/a> \/ <a href=\"https:\/\/www.trf1.jus.br\/sjba\/estagios\/residente-juridico\" target=\"_blank\" rel=\"noreferrer noopener nofollow\">SJBA<\/a><\/li>\n\n\n\n<li><strong>Vagas:<\/strong> 14 + 400 CR<\/li>\n\n\n\n<li><strong>Remunera\u00e7\u00e3o:<\/strong>&nbsp;R$ 3.000,00<\/li>\n<\/ul>\n\n\n\n<div class=\"container\" id=\"boxes\">\n  <div class=\"row\">\n\n    <div class=\"col-sm\">\n      <div class=\"banner-ecj\" id=\"box-assinatura\">\n        <h3 id=\"programa-de-residencia-juridica-trf1-sjba\" class=\"titulo-assinatura\">Programa de Resid\u00eancia Jur\u00eddica TRF1 (SJBA)<\/h3>\n        <p class=\"subtitulo-assinatura\">Cursos focados no edital<\/p>\n        <div class=\"box-botao\">\n          <a class=\"btn-assinatura\" target=\"_blank\" href=\"https:\/\/cj.estrategia.com\/curso\/trf-1-regio-sjba-residencia-juridica-direto-ao-ponto-2025-pos-edital\/\" role=\"button\" rel=\"noopener noreferrer\">Conhe\u00e7a mais<\/a>\n        <\/div>\n      <\/div>\n      <p class=\"texto-auxiliar\">Prepare-se com o melhor material e com quem mais aprova em concursos de todo o pa\u00eds. \n<\/p>\n    <\/div>\n\n  <\/div>\n<\/div>\n\n\n\n<div class=\"wp-block-yoast-seo-table-of-contents yoast-table-of-contents\"><h3 id=\"navegue-pelo-indice\">Navegue pelo \u00edndice:<\/h3><ul><li><a href=\"#h-programa-de-residencia-juridica-trf1-sjba-situacao-atual\" data-level=\"2\">Programa de Resid\u00eancia Jur\u00eddica TRF1 (SJBA): situa\u00e7\u00e3o atual<\/a><ul><li><a href=\"#h-resultados\" data-level=\"3\">Resultados<\/a><\/li><\/ul><\/li><li><a href=\"#h-carreira-de-residente-juridico-trf-1\" data-level=\"2\">Carreira de Residente Jur\u00eddico TRF 1<\/a><ul><li><a href=\"#cargos\" data-level=\"3\">Cargos, Vagas, Remunera\u00e7\u00e3o e Requisitos<\/a><\/li><\/ul><\/li><li><a href=\"#h-etapas-do-programa-de-residencia-juridica-trf1-sjba\" data-level=\"2\">Etapas do programa de Resid\u00eancia Jur\u00eddica TRF1 (SJBA)<\/a><ul><li><a href=\"#h-prova-objetiva\" data-level=\"3\">Prova objetiva<\/a><\/li><li><a href=\"#h-prova-discursiva\" data-level=\"3\">Prova discursiva<\/a><\/li><li><a href=\"#h-material-de-estudo\" data-level=\"3\">Material de Estudo<\/a><\/li><\/ul><\/li><li><a href=\"#cursos\" data-level=\"2\">Quer saber tudo sobre concursos previstos? Confira nossos artigos!<\/a><\/li><li><a href=\"#curso\" data-level=\"2\">Quer estudar para os Concursos?<\/a><\/li><\/ul><\/div>\n\n\n\n<h2 class=\"wp-block-heading\" id=\"h-programa-de-residencia-juridica-trf1-sjba-situacao-atual\"><span id=\"programa-de-residencia-juridica-trf1-sjba-situacao-atual\">Programa de Resid\u00eancia Jur\u00eddica TRF1 (SJBA): situa\u00e7\u00e3o atual<\/span><\/h2>\n\n\n\n<h3 class=\"wp-block-heading\" id=\"h-resultados\"><span id=\"resultados\">Resultados<\/span><\/h3>\n\n\n\n<ul class=\"wp-block-list\">\n<li><a href=\"https:\/\/cj.estrategia.com\/portal\/wp-content\/uploads\/2025\/11\/10211647\/33_930304.pdf\" target=\"_blank\" >Resultado definitivo da objetiva<\/a>;<\/li>\n\n\n\n<li><a href=\"https:\/\/cj.estrategia.com\/portal\/wp-content\/uploads\/2025\/11\/10211733\/28_252760.pdf\" target=\"_blank\" >Gabaritos definitivo<\/a>.<\/li>\n<\/ul>\n\n\n\n<h2 class=\"wp-block-heading\" id=\"h-carreira-de-residente-juridico-trf-1\"><span id=\"carreira-de-residente-juridico-trf-1\">Carreira de Residente Jur\u00eddico TRF 1<\/span><\/h2>\n\n\n\n<h3 class=\"wp-block-heading\" id=\"cargos\"><span id=\"cargos-vagas-remuneracao-e-requisitos\">Cargos, Vagas, Remunera\u00e7\u00e3o e Requisitos<\/span><\/h3>\n\n\n\n<figure class=\"wp-block-table is-style-stripes\"><table class=\"has-very-light-gray-to-cyan-bluish-gray-gradient-background has-background\"><thead><tr><th class=\"has-text-align-center\" data-align=\"center\">Cargos<\/th><th class=\"has-text-align-center\" data-align=\"center\">Vagas<\/th><th>Remunera\u00e7\u00e3o  <\/th><th>Requisitos<\/th><th class=\"has-text-align-center\" data-align=\"center\">Jornada de trabalho<\/th><\/tr><\/thead><tbody><tr><td class=\"has-text-align-center\" data-align=\"center\">Residente Jur\u00eddico<\/td><td class=\"has-text-align-center\" data-align=\"center\">14 + CR<\/td><td>R$ 3.000,00<\/td><td>Superior completo em Direito;<br><br>ou<br><br>Cursando especializa\u00e7\u00e3o, mestrado, doutorado,<br>p\u00f3s-doutorado.<\/td><td class=\"has-text-align-center\" data-align=\"center\">e 30 horas semanais e 6 horas di\u00e1rias<\/td><\/tr><\/tbody><\/table><figcaption class=\"wp-element-caption\">Detalhes da carreira<\/figcaption><\/figure>\n\n\n\n<p><em>*O residente admitido participar\u00e1 do Programa de Resid\u00eancia Jur\u00eddica por at\u00e9 36 meses, n\u00e3o gerando a resid\u00eancia v\u00ednculo de qualquer natureza estatut\u00e1ria ou empregat\u00edcia com a Se\u00e7\u00e3o Judici\u00e1ria do Estado da Bahia.<\/em><\/p>\n\n\n\n<h2 class=\"wp-block-heading\" id=\"h-etapas-do-programa-de-residencia-juridica-trf1-sjba\"><span id=\"etapas-do-programa-de-residencia-juridica-trf1-sjba\">Etapas do programa de Resid\u00eancia Jur\u00eddica TRF1 (SJBA)<\/span><\/h2>\n\n\n\n<ul class=\"wp-block-list\">\n<li><strong>Prova objetiva<\/strong>, de car\u00e1ter eliminat\u00f3rio e classificat\u00f3rio;<\/li>\n\n\n\n<li><strong>Prova discursiva<\/strong>, de car\u00e1ter eliminat\u00f3rio e classificat\u00f3rio.<\/li>\n<\/ul>\n\n\n\n<h3 class=\"wp-block-heading\" id=\"h-prova-objetiva\"><span id=\"prova-objetiva\">Prova objetiva <\/span><\/h3>\n\n\n\n<p>A <strong>prova objetiva<\/strong> foi composta por <strong>40 quest\u00f5es com 4 alternativas e dura\u00e7\u00e3o de 4 horas e 30 minutos<\/strong>. A etapa versoou sobre as disciplinas descritas abaixo:<\/p>\n\n\n\n<figure class=\"wp-block-table is-style-stripes\"><table class=\"has-very-light-gray-to-cyan-bluish-gray-gradient-background has-background\"><thead><tr><th>DISCIPLINA<\/th><th>N\u00daMERO DE QUEST\u00d5ES<\/th><th>PONTOS POR QUEST\u00c3O<\/th><\/tr><\/thead><tbody><tr><td>Direito Administrativo<\/td><td>6<\/td><td>2,0<\/td><\/tr><tr><td>Direito Civil<\/td><td>4<\/td><td>2,0<\/td><\/tr><tr><td>Direito Constitucional<\/td><td>6<\/td><td>2,0<\/td><\/tr><tr><td>Direito Penal<\/td><td>3<\/td><td>2,0<\/td><\/tr><tr><td>Direito Previdenci\u00e1rio<\/td><td>4<\/td><td>2,0<\/td><\/tr><tr><td>Direito Processual Civil<\/td><td>7<\/td><td>2,0<\/td><\/tr><tr><td>Direito Processual Penal<\/td><td>3<\/td><td>2,0<\/td><\/tr><tr><td>Direito Tribut\u00e1rio<\/td><td>7<\/td><td>2,0<\/td><\/tr><\/tbody><\/table><\/figure>\n\n\n\n<p>Foi considerado aprovado o candidato que obteve, no m\u00ednimo, 50% de aproveitamento dos pontos das provas objetivas de m\u00faltipla escolha, ou seja, 40 pontos.<\/p>\n\n\n\n<h3 class=\"wp-block-heading\" id=\"h-prova-discursiva\"><span id=\"prova-discursiva\">Prova discursiva<\/span><\/h3>\n\n\n\n<p>A segunda fase contou com uma quest\u00e3o discursiva e foi avaliada na escala de 0 a 20 pontos. A prova deveria ter, respectivamente, a extens\u00e3o m\u00ednima e m\u00e1xima de 30 linhas, sendo:<\/p>\n\n\n\n<figure class=\"wp-block-table is-style-stripes\"><table class=\"has-very-light-gray-to-cyan-bluish-gray-gradient-background has-background\"><thead><tr><th>CRIT\u00c9RIOS<\/th><th>PONTUA\u00c7\u00c3O<\/th><\/tr><\/thead><tbody><tr><td>(A) Aspectos Macroestruturais<\/td><td><strong>15 pontos<\/strong><\/td><\/tr><tr><td>Abordagem do tema e desenvolvimento do conte\u00fado<\/td><td>Neste crit\u00e9rio ser\u00e3o avaliados: pertin\u00eancia de exposi\u00e7\u00e3o relativa ao problema, \u00e0 ordem de desenvolvimento proposto e ao padr\u00e3o de resposta, conforme detalhamento a ser oportunamente publicado.<\/td><\/tr><tr><td>(B) Aspectos Microestruturais<\/td><td><strong>5 pontos<\/strong><\/td><\/tr><tr><td>Indica\u00e7\u00e3o de erro<\/td><td>Ser\u00e1 considerado um erro para cada ocorr\u00eancia dos tipos a seguir: 1. Conectores (sequencia\u00e7\u00e3o do texto) 2. Correla\u00e7\u00e3o entre tempos verbais 3. Precis\u00e3o vocabular 4. Pontua\u00e7\u00e3o 5. Concord\u00e2ncia nominal e verbal 6. Reg\u00eancia nominal e verbal 7. Coloca\u00e7\u00e3o pronominal 8. Vocabul\u00e1rio adequado ao texto escrito 9. Ortografia 10. Acentua\u00e7\u00e3o<\/td><\/tr><\/tbody><\/table><\/figure>\n\n\n\n<p>Foram considerados habilitados apenas os candidatos que obtiveram o percentual m\u00ednimo de 50% de aproveitamento do total de pontos da prova discursiva, ou seja, 10 pontos.<\/p>\n\n\n\n<h3 class=\"wp-block-heading\" id=\"h-material-de-estudo\"><span id=\"material-de-estudo\">Material de Estudo <\/span><\/h3>\n\n\n\n<ul class=\"wp-block-list\">\n<li><a href=\"https:\/\/cj.estrategia.com\/portal\/provas-comentadas-de-carreiras-juridicas\/\">Provas comentadas de carreiras jur\u00eddicas<\/a><\/li>\n<\/ul>\n\n\n\n<h2 class=\"wp-block-heading has-text-align-center\" id=\"cursos\"><span id=\"quer-saber-tudo-sobre-concursos-previstosconfira-nossos-artigos\">Quer saber tudo sobre concursos previstos?<br><strong>Confira nossos artigos!<\/strong><\/span><\/h2>\n\n\n\n<ul class=\"wp-block-list\">\n<li><a href=\"https:\/\/cj.estrategia.com\/portal\/concursos-abertos-carreiras-juridicas\/\">Concursos jur\u00eddicos abertos<\/a><\/li>\n\n\n\n<li><a href=\"https:\/\/cj.estrategia.com\/portal\/concursos-juridicos-2026-prepare-se-para-os-proximos-editais\/\" target=\"_blank\" >Concursos Jur\u00eddicos 2026<\/a><\/li>\n<\/ul>\n\n\n\n<h2 class=\"wp-block-heading has-text-align-center\" id=\"curso\"><span id=\"quer-estudar-para-os-concursos\">Quer estudar para os Concursos?<\/span><\/h2>\n\n\n\n<div class=\"wp-block-cover\" style=\"min-height:155px;aspect-ratio:unset;\"><img decoding=\"async\" width=\"1890\" height=\"351\" class=\"wp-block-cover__image-background wp-image-8669\" alt=\"Assinaturas Jur\u00eddicas\" src=\"https:\/\/cj.estrategia.com\/portal\/wp-content\/uploads\/2022\/06\/20151253\/concurso-carreiras-juridicas-assinatura-juridica.jpg\" style=\"object-position:78% 43%\" data-object-fit=\"cover\" data-object-position=\"78% 43%\" srcset=\"https:\/\/cj.estrategia.com\/portal\/wp-content\/uploads\/2022\/06\/20151253\/concurso-carreiras-juridicas-assinatura-juridica.jpg 1890w, https:\/\/cj.estrategia.com\/portal\/wp-content\/uploads\/2022\/06\/20151253\/concurso-carreiras-juridicas-assinatura-juridica-300x56.jpg 300w, https:\/\/cj.estrategia.com\/portal\/wp-content\/uploads\/2022\/06\/20151253\/concurso-carreiras-juridicas-assinatura-juridica-1024x190.jpg 1024w, https:\/\/cj.estrategia.com\/portal\/wp-content\/uploads\/2022\/06\/20151253\/concurso-carreiras-juridicas-assinatura-juridica-768x143.jpg 768w, https:\/\/cj.estrategia.com\/portal\/wp-content\/uploads\/2022\/06\/20151253\/concurso-carreiras-juridicas-assinatura-juridica-1536x285.jpg 1536w, https:\/\/cj.estrategia.com\/portal\/wp-content\/uploads\/2022\/06\/20151253\/concurso-carreiras-juridicas-assinatura-juridica-380x71.jpg 380w, https:\/\/cj.estrategia.com\/portal\/wp-content\/uploads\/2022\/06\/20151253\/concurso-carreiras-juridicas-assinatura-juridica-800x149.jpg 800w, https:\/\/cj.estrategia.com\/portal\/wp-content\/uploads\/2022\/06\/20151253\/concurso-carreiras-juridicas-assinatura-juridica-1160x215.jpg 1160w\" sizes=\"(max-width: 1890px) 100vw, 1890px\" \/><span aria-hidden=\"true\" class=\"wp-block-cover__background has-background-dim\"><\/span><div class=\"wp-block-cover__inner-container is-layout-flow wp-block-cover-is-layout-flow\">\n<h3 id=\"faca-a-sua-assinatura\" class=\"titulo-assinatura\"><span style=\"color: #ffffff;\">Fa\u00e7a a sua assinatura!<\/span><\/h3>\n<p class=\"subtitulo-assinatura\" style=\"display:block!important; line-height: 0;\"><span style=\"color: #ffffff;\">Escolha a sua \u00e1rea.<\/span><\/p>\n<a target=\"_blank\" href=\"https:\/\/www.estrategiaconcursos.com.br\/assinaturas-ecj\/\" rel=\"noopener\"><button style=\"border-radius: 10px; text-transform: capitalize;\">Acessar<\/button><\/a>\n<\/div><\/div>\n\n\n\n<figure class=\"wp-block-image size-large is-resized\"><img decoding=\"async\" src=\"https:\/\/dhg1h5j42swfq.cloudfront.net\/2021\/04\/19202624\/ficha-tecnica-1-1024x632-1-3.png\" alt=\"Ficha t\u00e9cnica do concurso Advogado Tiangu\u00e1 CE\" class=\"wp-image-717343\" style=\"width:246px;height:152px\"\/><\/figure>\n\n\n\n<h4 class=\"wp-block-heading\" id=\"ficha\"><span id=\"informacoes-do-programa-de-residencia-juridica-trf1-sjba\">Informa\u00e7\u00f5es do Programa de Resid\u00eancia Jur\u00eddica TRF1 (SJBA)<\/span><\/h4>\n\n\n\n<ul class=\"wp-block-list\">\n<li><span style=\"color: #000000;\"><strong>Vagas:<\/strong><\/span> 14 + 400 CR<\/li>\n\n\n\n<li><strong><span style=\"color: #000000;\">Cargo:<\/span> <\/strong>Residente Jur\u00eddico<\/li>\n\n\n\n<li><span style=\"color: #000000;\"><strong>Banca:<\/strong> <\/span>Instituto Consulplan<\/li>\n\n\n\n<li><strong>Edital:<\/strong> <a href=\"https:\/\/cj.estrategia.com\/portal\/wp-content\/uploads\/2025\/08\/25161205\/1_343962.pdf\" target=\"_blank\" rel=\"noreferrer noopener nofollow\">Programa de Resid\u00eancia Jur\u00eddica TRF1 (SJBA)<\/a><\/li>\n<\/ul>\n\n\n\n<p><\/p>\n\n\n\n<p><\/p>\n","protected":false},"excerpt":{"rendered":"Os candidatos do Programa de Resid\u00eancia Jur\u00eddica da Se\u00e7\u00e3o Judici\u00e1ria da Bahia (SJBA) realizaram as provas objetiva e&hellip;\n","protected":false},"author":12,"featured_media":177745,"comment_status":"open","ping_status":"open","sticky":false,"template":"","format":"standard","meta":{"_jetpack_memberships_contains_paid_content":false,"footnotes":""},"categories":[1],"tags":[],"tax_estado":[34],"class_list":{"0":"post-145656","1":"post","2":"type-post","3":"status-publish","4":"format-standard","5":"has-post-thumbnail","7":"category-carreiras-juridicas","8":"tax_estado-ba"},"acf":[],"yoast_head":"<!-- This site is optimized with the Yoast SEO Premium plugin v27.4 (Yoast SEO v27.4) - https:\/\/yoast.com\/product\/yoast-seo-premium-wordpress\/ -->\n<title>Resid\u00eancia Jur\u00eddica TRF1 (SJBA): homologado; veja aprovados!<\/title>\n<meta name=\"description\" content=\"Programa de Resid\u00eancia Jur\u00eddica TRF1 (SJBA): foram ofertadas 14 vagas + 400 em cadastro de reserva. Sele\u00e7\u00e3o encerrada!\" \/>\n<meta name=\"robots\" content=\"index, follow, max-snippet:-1, max-image-preview:large, max-video-preview:-1\" \/>\n<link rel=\"canonical\" href=\"https:\/\/cj.estrategia.com\/portal\/residencia-juridica-trf1-sjba\/\" \/>\n<meta property=\"og:locale\" content=\"pt_BR\" \/>\n<meta property=\"og:type\" content=\"article\" \/>\n<meta property=\"og:title\" content=\"Resid\u00eancia Jur\u00eddica TRF1 (SJBA): homologado; veja aprovados!\" \/>\n<meta property=\"og:description\" content=\"Programa de Resid\u00eancia Jur\u00eddica TRF1 (SJBA): foram ofertadas 14 vagas + 400 em cadastro de reserva. Sele\u00e7\u00e3o encerrada!\" \/>\n<meta property=\"og:url\" content=\"https:\/\/cj.estrategia.com\/portal\/residencia-juridica-trf1-sjba\/\" \/>\n<meta property=\"og:site_name\" content=\"Blog - Carreiras Jur\u00eddicas - Estrat\u00e9gia\" \/>\n<meta property=\"article:publisher\" content=\"https:\/\/www.facebook.com\/estrategiacarreirajuridica\/\" \/>\n<meta property=\"article:published_time\" content=\"2025-12-23T17:42:40+00:00\" \/>\n<meta property=\"article:modified_time\" content=\"2026-02-04T14:45:13+00:00\" \/>\n<meta property=\"og:image\" content=\"https:\/\/cj.estrategia.com\/portal\/wp-content\/uploads\/2026\/02\/04110838\/juiz.jpg\" \/>\n\t<meta property=\"og:image:width\" content=\"2459\" \/>\n\t<meta property=\"og:image:height\" content=\"1383\" \/>\n\t<meta property=\"og:image:type\" content=\"image\/jpeg\" \/>\n<meta name=\"author\" content=\"Coordena\u00e7\u00e3o\" \/>\n<meta name=\"twitter:card\" content=\"summary_large_image\" \/>\n<meta name=\"twitter:creator\" content=\"@EstratJuridica\" \/>\n<meta name=\"twitter:site\" content=\"@EstratJuridica\" \/>\n<meta name=\"twitter:label1\" content=\"Escrito por\" \/>\n\t<meta name=\"twitter:data1\" content=\"Coordena\u00e7\u00e3o\" \/>\n\t<meta name=\"twitter:label2\" content=\"Est. tempo de leitura\" \/>\n\t<meta name=\"twitter:data2\" content=\"7 minutos\" \/>\n<script type=\"application\/ld+json\" class=\"yoast-schema-graph\">{\"@context\":\"https:\\\/\\\/schema.org\",\"@graph\":[{\"@type\":\"NewsArticle\",\"@id\":\"https:\\\/\\\/cj.estrategia.com\\\/portal\\\/residencia-juridica-trf1-sjba\\\/#article\",\"isPartOf\":{\"@id\":\"https:\\\/\\\/cj.estrategia.com\\\/portal\\\/residencia-juridica-trf1-sjba\\\/\"},\"author\":{\"name\":\"Coordena\u00e7\u00e3o\",\"@id\":\"https:\\\/\\\/cj.estrategia.com\\\/portal\\\/#\\\/schema\\\/person\\\/4d70317d31449932b99102916b6637f5\"},\"headline\":\"Resid\u00eancia Jur\u00eddica TRF1 (SJBA): homologado; veja aprovados!\",\"datePublished\":\"2025-12-23T17:42:40+00:00\",\"dateModified\":\"2026-02-04T14:45:13+00:00\",\"mainEntityOfPage\":{\"@id\":\"https:\\\/\\\/cj.estrategia.com\\\/portal\\\/residencia-juridica-trf1-sjba\\\/\"},\"wordCount\":649,\"commentCount\":0,\"publisher\":{\"@id\":\"https:\\\/\\\/cj.estrategia.com\\\/portal\\\/#organization\"},\"image\":{\"@id\":\"https:\\\/\\\/cj.estrategia.com\\\/portal\\\/residencia-juridica-trf1-sjba\\\/#primaryimage\"},\"thumbnailUrl\":\"https:\\\/\\\/cj.estrategia.com\\\/portal\\\/wp-content\\\/uploads\\\/2026\\\/02\\\/04110838\\\/juiz.jpg\",\"articleSection\":[\"Carreiras Jur\u00eddicas\"],\"inLanguage\":\"pt-BR\",\"potentialAction\":[{\"@type\":\"CommentAction\",\"name\":\"Comment\",\"target\":[\"https:\\\/\\\/cj.estrategia.com\\\/portal\\\/residencia-juridica-trf1-sjba\\\/#respond\"]}],\"accessibilityFeature\":[\"tableOfContents\"]},{\"@type\":\"WebPage\",\"@id\":\"https:\\\/\\\/cj.estrategia.com\\\/portal\\\/residencia-juridica-trf1-sjba\\\/\",\"url\":\"https:\\\/\\\/cj.estrategia.com\\\/portal\\\/residencia-juridica-trf1-sjba\\\/\",\"name\":\"Resid\u00eancia Jur\u00eddica TRF1 (SJBA): homologado; veja aprovados!\",\"isPartOf\":{\"@id\":\"https:\\\/\\\/cj.estrategia.com\\\/portal\\\/#website\"},\"primaryImageOfPage\":{\"@id\":\"https:\\\/\\\/cj.estrategia.com\\\/portal\\\/residencia-juridica-trf1-sjba\\\/#primaryimage\"},\"image\":{\"@id\":\"https:\\\/\\\/cj.estrategia.com\\\/portal\\\/residencia-juridica-trf1-sjba\\\/#primaryimage\"},\"thumbnailUrl\":\"https:\\\/\\\/cj.estrategia.com\\\/portal\\\/wp-content\\\/uploads\\\/2026\\\/02\\\/04110838\\\/juiz.jpg\",\"datePublished\":\"2025-12-23T17:42:40+00:00\",\"dateModified\":\"2026-02-04T14:45:13+00:00\",\"description\":\"Programa de Resid\u00eancia Jur\u00eddica TRF1 (SJBA): foram ofertadas 14 vagas + 400 em cadastro de reserva. Sele\u00e7\u00e3o encerrada!\",\"breadcrumb\":{\"@id\":\"https:\\\/\\\/cj.estrategia.com\\\/portal\\\/residencia-juridica-trf1-sjba\\\/#breadcrumb\"},\"inLanguage\":\"pt-BR\",\"potentialAction\":[{\"@type\":\"ReadAction\",\"target\":[\"https:\\\/\\\/cj.estrategia.com\\\/portal\\\/residencia-juridica-trf1-sjba\\\/\"]}]},{\"@type\":\"ImageObject\",\"inLanguage\":\"pt-BR\",\"@id\":\"https:\\\/\\\/cj.estrategia.com\\\/portal\\\/residencia-juridica-trf1-sjba\\\/#primaryimage\",\"url\":\"https:\\\/\\\/cj.estrategia.com\\\/portal\\\/wp-content\\\/uploads\\\/2026\\\/02\\\/04110838\\\/juiz.jpg\",\"contentUrl\":\"https:\\\/\\\/cj.estrategia.com\\\/portal\\\/wp-content\\\/uploads\\\/2026\\\/02\\\/04110838\\\/juiz.jpg\",\"width\":2459,\"height\":1383},{\"@type\":\"BreadcrumbList\",\"@id\":\"https:\\\/\\\/cj.estrategia.com\\\/portal\\\/residencia-juridica-trf1-sjba\\\/#breadcrumb\",\"itemListElement\":[{\"@type\":\"ListItem\",\"position\":1,\"name\":\"In\u00edcio\",\"item\":\"https:\\\/\\\/cj.estrategia.com\\\/portal\\\/\"},{\"@type\":\"ListItem\",\"position\":2,\"name\":\"Resid\u00eancia Jur\u00eddica TRF1 (SJBA): homologado; veja aprovados!\"}]},{\"@type\":\"WebSite\",\"@id\":\"https:\\\/\\\/cj.estrategia.com\\\/portal\\\/#website\",\"url\":\"https:\\\/\\\/cj.estrategia.com\\\/portal\\\/\",\"name\":\"Blog - Carreiras Jur\u00eddicas - Estrat\u00e9gia\",\"description\":\"\",\"publisher\":{\"@id\":\"https:\\\/\\\/cj.estrategia.com\\\/portal\\\/#organization\"},\"potentialAction\":[{\"@type\":\"SearchAction\",\"target\":{\"@type\":\"EntryPoint\",\"urlTemplate\":\"https:\\\/\\\/cj.estrategia.com\\\/portal\\\/?s={search_term_string}\"},\"query-input\":{\"@type\":\"PropertyValueSpecification\",\"valueRequired\":true,\"valueName\":\"search_term_string\"}}],\"inLanguage\":\"pt-BR\"},{\"@type\":\"Organization\",\"@id\":\"https:\\\/\\\/cj.estrategia.com\\\/portal\\\/#organization\",\"name\":\"Estrat\u00e9gia - Carreiras Jur\u00eddicas\",\"url\":\"https:\\\/\\\/cj.estrategia.com\\\/portal\\\/\",\"logo\":{\"@type\":\"ImageObject\",\"inLanguage\":\"pt-BR\",\"@id\":\"https:\\\/\\\/cj.estrategia.com\\\/portal\\\/#\\\/schema\\\/logo\\\/image\\\/\",\"url\":\"https:\\\/\\\/cj.estrategia.com\\\/portal\\\/wp-content\\\/uploads\\\/2022\\\/03\\\/11151052\\\/cj-logo.png\",\"contentUrl\":\"https:\\\/\\\/cj.estrategia.com\\\/portal\\\/wp-content\\\/uploads\\\/2022\\\/03\\\/11151052\\\/cj-logo.png\",\"width\":150,\"height\":39,\"caption\":\"Estrat\u00e9gia - Carreiras Jur\u00eddicas\"},\"image\":{\"@id\":\"https:\\\/\\\/cj.estrategia.com\\\/portal\\\/#\\\/schema\\\/logo\\\/image\\\/\"},\"sameAs\":[\"https:\\\/\\\/www.facebook.com\\\/estrategiacarreirajuridica\\\/\",\"https:\\\/\\\/x.com\\\/EstratJuridica\",\"https:\\\/\\\/www.instagram.com\\\/estrategiacarreirajuridica\\\/\",\"https:\\\/\\\/www.youtube.com\\\/channel\\\/UClbMGuYbj2Mh1m3w144ETWQ\"]},{\"@type\":\"Person\",\"@id\":\"https:\\\/\\\/cj.estrategia.com\\\/portal\\\/#\\\/schema\\\/person\\\/4d70317d31449932b99102916b6637f5\",\"name\":\"Coordena\u00e7\u00e3o\",\"image\":{\"@type\":\"ImageObject\",\"inLanguage\":\"pt-BR\",\"@id\":\"https:\\\/\\\/cj.estrategia.com\\\/portal\\\/wp-content\\\/uploads\\\/2022\\\/05\\\/12164923\\\/estrategia-carreira-juridica-coordenacao-96x96.png\",\"url\":\"https:\\\/\\\/cj.estrategia.com\\\/portal\\\/wp-content\\\/uploads\\\/2022\\\/05\\\/12164923\\\/estrategia-carreira-juridica-coordenacao-96x96.png\",\"contentUrl\":\"https:\\\/\\\/cj.estrategia.com\\\/portal\\\/wp-content\\\/uploads\\\/2022\\\/05\\\/12164923\\\/estrategia-carreira-juridica-coordenacao-96x96.png\",\"caption\":\"Coordena\u00e7\u00e3o\"},\"url\":\"https:\\\/\\\/cj.estrategia.com\\\/portal\\\/author\\\/coordenacao\\\/\"}]}<\/script>\n<!-- \/ Yoast SEO Premium plugin. -->","yoast_head_json":{"title":"Resid\u00eancia Jur\u00eddica TRF1 (SJBA): homologado; veja aprovados!","description":"Programa de Resid\u00eancia Jur\u00eddica TRF1 (SJBA): foram ofertadas 14 vagas + 400 em cadastro de reserva. Sele\u00e7\u00e3o encerrada!","robots":{"index":"index","follow":"follow","max-snippet":"max-snippet:-1","max-image-preview":"max-image-preview:large","max-video-preview":"max-video-preview:-1"},"canonical":"https:\/\/cj.estrategia.com\/portal\/residencia-juridica-trf1-sjba\/","og_locale":"pt_BR","og_type":"article","og_title":"Resid\u00eancia Jur\u00eddica TRF1 (SJBA): homologado; veja aprovados!","og_description":"Programa de Resid\u00eancia Jur\u00eddica TRF1 (SJBA): foram ofertadas 14 vagas + 400 em cadastro de reserva. Sele\u00e7\u00e3o encerrada!","og_url":"https:\/\/cj.estrategia.com\/portal\/residencia-juridica-trf1-sjba\/","og_site_name":"Blog - Carreiras Jur\u00eddicas - Estrat\u00e9gia","article_publisher":"https:\/\/www.facebook.com\/estrategiacarreirajuridica\/","article_published_time":"2025-12-23T17:42:40+00:00","article_modified_time":"2026-02-04T14:45:13+00:00","og_image":[{"width":2459,"height":1383,"url":"https:\/\/cj.estrategia.com\/portal\/wp-content\/uploads\/2026\/02\/04110838\/juiz.jpg","type":"image\/jpeg"}],"author":"Coordena\u00e7\u00e3o","twitter_card":"summary_large_image","twitter_creator":"@EstratJuridica","twitter_site":"@EstratJuridica","twitter_misc":{"Escrito por":"Coordena\u00e7\u00e3o","Est. tempo de leitura":"7 minutos"},"schema":{"@context":"https:\/\/schema.org","@graph":[{"@type":"NewsArticle","@id":"https:\/\/cj.estrategia.com\/portal\/residencia-juridica-trf1-sjba\/#article","isPartOf":{"@id":"https:\/\/cj.estrategia.com\/portal\/residencia-juridica-trf1-sjba\/"},"author":{"name":"Coordena\u00e7\u00e3o","@id":"https:\/\/cj.estrategia.com\/portal\/#\/schema\/person\/4d70317d31449932b99102916b6637f5"},"headline":"Resid\u00eancia Jur\u00eddica TRF1 (SJBA): homologado; veja aprovados!","datePublished":"2025-12-23T17:42:40+00:00","dateModified":"2026-02-04T14:45:13+00:00","mainEntityOfPage":{"@id":"https:\/\/cj.estrategia.com\/portal\/residencia-juridica-trf1-sjba\/"},"wordCount":649,"commentCount":0,"publisher":{"@id":"https:\/\/cj.estrategia.com\/portal\/#organization"},"image":{"@id":"https:\/\/cj.estrategia.com\/portal\/residencia-juridica-trf1-sjba\/#primaryimage"},"thumbnailUrl":"https:\/\/cj.estrategia.com\/portal\/wp-content\/uploads\/2026\/02\/04110838\/juiz.jpg","articleSection":["Carreiras Jur\u00eddicas"],"inLanguage":"pt-BR","potentialAction":[{"@type":"CommentAction","name":"Comment","target":["https:\/\/cj.estrategia.com\/portal\/residencia-juridica-trf1-sjba\/#respond"]}],"accessibilityFeature":["tableOfContents"]},{"@type":"WebPage","@id":"https:\/\/cj.estrategia.com\/portal\/residencia-juridica-trf1-sjba\/","url":"https:\/\/cj.estrategia.com\/portal\/residencia-juridica-trf1-sjba\/","name":"Resid\u00eancia Jur\u00eddica TRF1 (SJBA): homologado; veja aprovados!","isPartOf":{"@id":"https:\/\/cj.estrategia.com\/portal\/#website"},"primaryImageOfPage":{"@id":"https:\/\/cj.estrategia.com\/portal\/residencia-juridica-trf1-sjba\/#primaryimage"},"image":{"@id":"https:\/\/cj.estrategia.com\/portal\/residencia-juridica-trf1-sjba\/#primaryimage"},"thumbnailUrl":"https:\/\/cj.estrategia.com\/portal\/wp-content\/uploads\/2026\/02\/04110838\/juiz.jpg","datePublished":"2025-12-23T17:42:40+00:00","dateModified":"2026-02-04T14:45:13+00:00","description":"Programa de Resid\u00eancia Jur\u00eddica TRF1 (SJBA): foram ofertadas 14 vagas + 400 em cadastro de reserva. Sele\u00e7\u00e3o encerrada!","breadcrumb":{"@id":"https:\/\/cj.estrategia.com\/portal\/residencia-juridica-trf1-sjba\/#breadcrumb"},"inLanguage":"pt-BR","potentialAction":[{"@type":"ReadAction","target":["https:\/\/cj.estrategia.com\/portal\/residencia-juridica-trf1-sjba\/"]}]},{"@type":"ImageObject","inLanguage":"pt-BR","@id":"https:\/\/cj.estrategia.com\/portal\/residencia-juridica-trf1-sjba\/#primaryimage","url":"https:\/\/cj.estrategia.com\/portal\/wp-content\/uploads\/2026\/02\/04110838\/juiz.jpg","contentUrl":"https:\/\/cj.estrategia.com\/portal\/wp-content\/uploads\/2026\/02\/04110838\/juiz.jpg","width":2459,"height":1383},{"@type":"BreadcrumbList","@id":"https:\/\/cj.estrategia.com\/portal\/residencia-juridica-trf1-sjba\/#breadcrumb","itemListElement":[{"@type":"ListItem","position":1,"name":"In\u00edcio","item":"https:\/\/cj.estrategia.com\/portal\/"},{"@type":"ListItem","position":2,"name":"Resid\u00eancia Jur\u00eddica TRF1 (SJBA): homologado; veja aprovados!"}]},{"@type":"WebSite","@id":"https:\/\/cj.estrategia.com\/portal\/#website","url":"https:\/\/cj.estrategia.com\/portal\/","name":"Blog - Carreiras Jur\u00eddicas - Estrat\u00e9gia","description":"","publisher":{"@id":"https:\/\/cj.estrategia.com\/portal\/#organization"},"potentialAction":[{"@type":"SearchAction","target":{"@type":"EntryPoint","urlTemplate":"https:\/\/cj.estrategia.com\/portal\/?s={search_term_string}"},"query-input":{"@type":"PropertyValueSpecification","valueRequired":true,"valueName":"search_term_string"}}],"inLanguage":"pt-BR"},{"@type":"Organization","@id":"https:\/\/cj.estrategia.com\/portal\/#organization","name":"Estrat\u00e9gia - Carreiras Jur\u00eddicas","url":"https:\/\/cj.estrategia.com\/portal\/","logo":{"@type":"ImageObject","inLanguage":"pt-BR","@id":"https:\/\/cj.estrategia.com\/portal\/#\/schema\/logo\/image\/","url":"https:\/\/cj.estrategia.com\/portal\/wp-content\/uploads\/2022\/03\/11151052\/cj-logo.png","contentUrl":"https:\/\/cj.estrategia.com\/portal\/wp-content\/uploads\/2022\/03\/11151052\/cj-logo.png","width":150,"height":39,"caption":"Estrat\u00e9gia - Carreiras Jur\u00eddicas"},"image":{"@id":"https:\/\/cj.estrategia.com\/portal\/#\/schema\/logo\/image\/"},"sameAs":["https:\/\/www.facebook.com\/estrategiacarreirajuridica\/","https:\/\/x.com\/EstratJuridica","https:\/\/www.instagram.com\/estrategiacarreirajuridica\/","https:\/\/www.youtube.com\/channel\/UClbMGuYbj2Mh1m3w144ETWQ"]},{"@type":"Person","@id":"https:\/\/cj.estrategia.com\/portal\/#\/schema\/person\/4d70317d31449932b99102916b6637f5","name":"Coordena\u00e7\u00e3o","image":{"@type":"ImageObject","inLanguage":"pt-BR","@id":"https:\/\/cj.estrategia.com\/portal\/wp-content\/uploads\/2022\/05\/12164923\/estrategia-carreira-juridica-coordenacao-96x96.png","url":"https:\/\/cj.estrategia.com\/portal\/wp-content\/uploads\/2022\/05\/12164923\/estrategia-carreira-juridica-coordenacao-96x96.png","contentUrl":"https:\/\/cj.estrategia.com\/portal\/wp-content\/uploads\/2022\/05\/12164923\/estrategia-carreira-juridica-coordenacao-96x96.png","caption":"Coordena\u00e7\u00e3o"},"url":"https:\/\/cj.estrategia.com\/portal\/author\/coordenacao\/"}]}},"jetpack_featured_media_url":"https:\/\/cj.estrategia.com\/portal\/wp-content\/uploads\/2026\/02\/04110838\/juiz.jpg","jetpack_sharing_enabled":true,"_links":{"self":[{"href":"https:\/\/cj.estrategia.com\/portal\/wp-json\/wp\/v2\/posts\/145656","targetHints":{"allow":["GET"]}}],"collection":[{"href":"https:\/\/cj.estrategia.com\/portal\/wp-json\/wp\/v2\/posts"}],"about":[{"href":"https:\/\/cj.estrategia.com\/portal\/wp-json\/wp\/v2\/types\/post"}],"author":[{"embeddable":true,"href":"https:\/\/cj.estrategia.com\/portal\/wp-json\/wp\/v2\/users\/12"}],"replies":[{"embeddable":true,"href":"https:\/\/cj.estrategia.com\/portal\/wp-json\/wp\/v2\/comments?post=145656"}],"version-history":[{"count":51,"href":"https:\/\/cj.estrategia.com\/portal\/wp-json\/wp\/v2\/posts\/145656\/revisions"}],"predecessor-version":[{"id":171419,"href":"https:\/\/cj.estrategia.com\/portal\/wp-json\/wp\/v2\/posts\/145656\/revisions\/171419"}],"wp:featuredmedia":[{"embeddable":true,"href":"https:\/\/cj.estrategia.com\/portal\/wp-json\/wp\/v2\/media\/177745"}],"wp:attachment":[{"href":"https:\/\/cj.estrategia.com\/portal\/wp-json\/wp\/v2\/media?parent=145656"}],"wp:term":[{"taxonomy":"category","embeddable":true,"href":"https:\/\/cj.estrategia.com\/portal\/wp-json\/wp\/v2\/categories?post=145656"},{"taxonomy":"post_tag","embeddable":true,"href":"https:\/\/cj.estrategia.com\/portal\/wp-json\/wp\/v2\/tags?post=145656"},{"taxonomy":"tax_estado","embeddable":true,"href":"https:\/\/cj.estrategia.com\/portal\/wp-json\/wp\/v2\/tax_estado?post=145656"}],"curies":[{"name":"wp","href":"https:\/\/api.w.org\/{rel}","templated":true}]}}