{"id":144979,"date":"2025-08-21T12:45:49","date_gmt":"2025-08-21T15:45:49","guid":{"rendered":"https:\/\/cj.estrategia.com\/portal\/?p=144979"},"modified":"2025-09-03T11:21:01","modified_gmt":"2025-09-03T14:21:01","slug":"interrogatorio-reu-foragido-videoconferencia-jurisprudencia","status":"publish","type":"post","link":"https:\/\/cj.estrategia.com\/portal\/interrogatorio-reu-foragido-videoconferencia-jurisprudencia\/","title":{"rendered":"O interrogat\u00f3rio do r\u00e9u foragido por videoconfer\u00eancia &#8211; HC 256613"},"content":{"rendered":"\n<p>Ol\u00e1, pessoal, aqui \u00e9 o professor Allan Joos e hoje vou comentar uma recent\u00edssima decis\u00e3o do STF sobre a participa\u00e7\u00e3o do r\u00e9u em audi\u00eancia por videoconfer\u00eancia, nas hip\u00f3teses em que estiver foragido.<\/p>\n\n\n\n<p>Com efeito, o Supremo Tribunal Federal (STF) enfrentou o problema no <strong>HC 256613 AgR\/SP<\/strong>, de relatoria do Ministro Gilmar Mendes, reafirmando a impossibilidade de o r\u00e9u foragido, com mandado de pris\u00e3o em aberto, ser interrogado por videoconfer\u00eancia. O STF, no referido ac\u00f3rd\u00e3o, rejeitou a nulidade da audi\u00eancia em que o r\u00e9u, foragido, tinha sido impedido de participar.<\/p>\n\n\n\n<div class=\"wp-block-media-text is-stacked-on-mobile\" style=\"grid-template-columns:37% auto\"><figure class=\"wp-block-media-text__media\"><img decoding=\"async\" width=\"1024\" height=\"1024\" src=\"https:\/\/cj.estrategia.com\/portal\/wp-content\/uploads\/2025\/06\/27222555\/jurisprudencia-julgamento-decisao-justica-1024x1024.jpg\" alt=\"O interrogat\u00f3rio\" class=\"wp-image-131829 size-full\" srcset=\"https:\/\/cj.estrategia.com\/portal\/wp-content\/uploads\/2025\/06\/27222555\/jurisprudencia-julgamento-decisao-justica-1024x1024.jpg 1024w, https:\/\/cj.estrategia.com\/portal\/wp-content\/uploads\/2025\/06\/27222555\/jurisprudencia-julgamento-decisao-justica-300x300.jpg 300w, https:\/\/cj.estrategia.com\/portal\/wp-content\/uploads\/2025\/06\/27222555\/jurisprudencia-julgamento-decisao-justica-150x150.jpg 150w, https:\/\/cj.estrategia.com\/portal\/wp-content\/uploads\/2025\/06\/27222555\/jurisprudencia-julgamento-decisao-justica-768x768.jpg 768w, https:\/\/cj.estrategia.com\/portal\/wp-content\/uploads\/2025\/06\/27222555\/jurisprudencia-julgamento-decisao-justica-1536x1536.jpg 1536w, https:\/\/cj.estrategia.com\/portal\/wp-content\/uploads\/2025\/06\/27222555\/jurisprudencia-julgamento-decisao-justica-80x80.jpg 80w, https:\/\/cj.estrategia.com\/portal\/wp-content\/uploads\/2025\/06\/27222555\/jurisprudencia-julgamento-decisao-justica-380x380.jpg 380w, https:\/\/cj.estrategia.com\/portal\/wp-content\/uploads\/2025\/06\/27222555\/jurisprudencia-julgamento-decisao-justica-800x800.jpg 800w, https:\/\/cj.estrategia.com\/portal\/wp-content\/uploads\/2025\/06\/27222555\/jurisprudencia-julgamento-decisao-justica-1160x1160.jpg 1160w, https:\/\/cj.estrategia.com\/portal\/wp-content\/uploads\/2025\/06\/27222555\/jurisprudencia-julgamento-decisao-justica-24x24.jpg 24w, https:\/\/cj.estrategia.com\/portal\/wp-content\/uploads\/2025\/06\/27222555\/jurisprudencia-julgamento-decisao-justica-48x48.jpg 48w, https:\/\/cj.estrategia.com\/portal\/wp-content\/uploads\/2025\/06\/27222555\/jurisprudencia-julgamento-decisao-justica-96x96.jpg 96w, https:\/\/cj.estrategia.com\/portal\/wp-content\/uploads\/2025\/06\/27222555\/jurisprudencia-julgamento-decisao-justica.jpg 2000w\" sizes=\"(max-width: 1024px) 100vw, 1024px\" \/><\/figure><div class=\"wp-block-media-text__content\">\n<p>Essa decis\u00e3o acentua a diverg\u00eancia j\u00e1 existente, dentro do pr\u00f3prio STF e no \u00e2mbito do STJ. Ao mesmo tempo, existem decis\u00f5es da pr\u00f3pria Corte, em momentos distintos, que admitiram a medida como forma de concretizar direitos fundamentais. O Superior Tribunal de Justi\u00e7a (STJ) tem precedentes em sentido restritivo, afastando essa possibilidade.<\/p>\n<\/div><\/div>\n\n\n\n<p>O interrogat\u00f3rio judicial ocupa papel central no processo penal. \u00c9 simultaneamente meio de prova e instrumento de autodefesa, representando uma oportunidade \u00edmpar de o acusado se manifestar diante do juiz que o julgar\u00e1. A sua natureza h\u00edbrida, envolvendo tanto elementos probat\u00f3rios quanto garantias constitucionais ligadas \u00e0 ampla defesa e ao contradit\u00f3rio, explica por que o tema desperta debates relevantes na doutrina e na jurisprud\u00eancia.<\/p>\n\n\n\n<p>Nesses termos \u00e9 que este artigo busca examinar essa diverg\u00eancia, os fundamentos favor\u00e1veis e contr\u00e1rios \u00e0 participa\u00e7\u00e3o do r\u00e9u na audi\u00eancia, por videoconfer\u00eancia, quando foragido. O tema j\u00e1 \u00e9 e certamente continuar\u00e1 sendo cobrado em concursos jur\u00eddicos, tanto em provas objetivas, quanto tamb\u00e9m nas fases seguintes, em especial nos certames do Minist\u00e9rio P\u00fablico, Defensoria P\u00fablica, magistratura e para delegado de pol\u00edcia, a exemplo da quest\u00e3o que traremos ao final desta an\u00e1lise.<\/p>\n\n\n\n<h2 class=\"wp-block-heading\" id=\"h-o-hc-256613-agr-sp-e-a-posicao-atual-do-stf\"><span id=\"o-hc-256613-agr-sp-e-a-posicao-atual-do-stf\">O HC 256613 AgR\/SP e a posi\u00e7\u00e3o atual do STF<\/span><\/h2>\n\n\n\n<p>No <strong>HC 256613 AgR\/SP<\/strong>, julgado em agosto de 2025 pela Segunda Turma do STF, a Corte decidiu que n\u00e3o cabe a realiza\u00e7\u00e3o de interrogat\u00f3rio por videoconfer\u00eancia em caso de r\u00e9u foragido. Este \u00e9 o julgado mais recente, do STF, sobre a tem\u00e1tica.<\/p>\n\n\n\n<p>O relator, Ministro Gilmar Mendes, destacou tr\u00eas aspectos centrais:<\/p>\n\n\n\n<ol start=\"1\" class=\"wp-block-list\">\n<li><strong>A impossibilidade decorre da pr\u00f3pria condi\u00e7\u00e3o de foragido<\/strong>: aquele que se evade da persecu\u00e7\u00e3o penal n\u00e3o pode se beneficiar de nulidade que ele mesmo provocou, conforme estabelece o art. 565 do <strong><a href=\"https:\/\/www.estrategiaconcursos.com.br\/promocoes\/assinaturas-ecj\/\" target=\"_blank\" >CPP<\/a><\/strong>.<\/li>\n\n\n\n<li><strong>O acusado foi intimado regularmente<\/strong>, mas optou por n\u00e3o comparecer, em raz\u00e3o da ordem de pris\u00e3o em aberto. A aus\u00eancia, portanto, n\u00e3o foi involunt\u00e1ria.<\/li>\n\n\n\n<li><strong>N\u00e3o houve preju\u00edzo \u00e0 ampla defesa<\/strong>, pois a defesa t\u00e9cnica esteve presente, apresentou resposta \u00e0 acusa\u00e7\u00e3o e memoriais.<\/li>\n<\/ol>\n\n\n\n<h2 class=\"wp-block-heading\" id=\"h-a-divergencia-na-jurisprudencia-stf-x-stj\"><span id=\"a-divergencia-na-jurisprudencia-stf-x-stj\">A diverg\u00eancia na jurisprud\u00eancia: STF x STJ<\/span><\/h2>\n\n\n\n<p>A controv\u00e9rsia n\u00e3o surge apenas desse julgado, mas de posi\u00e7\u00f5es anteriores e at\u00e9 conflitantes.<\/p>\n\n\n\n<h3 class=\"wp-block-heading\" id=\"h-o-entendimento-do-stj\"><span id=\"o-entendimento-do-stj\">O entendimento do STJ<\/span><\/h3>\n\n\n\n<p>O <strong>Superior Tribunal de Justi\u00e7a<\/strong> j\u00e1 havia se posicionado no sentido de que n\u00e3o \u00e9 cab\u00edvel o interrogat\u00f3rio virtual de r\u00e9us foragidos. No <strong>HC 640.770\/SP<\/strong> (Rel. Min. Sebasti\u00e3o Reis J\u00fanior, julgado em 15\/06\/2021), a Sexta Turma foi categ\u00f3rica ao afirmar:<\/p>\n\n\n\n<pre class=\"wp-block-preformatted\">\u201cN\u00e3o cabe a pretens\u00e3o de realizar o interrogat\u00f3rio de forma virtual ao foragido por consider\u00e1vel per\u00edodo, pois a situa\u00e7\u00e3o n\u00e3o se amolda ao art. 220 do CPP.\u201d<\/pre>\n\n\n\n<p>O tribunal entendeu que o art. 220 do CPP \u2014 que permite oitiva fora do f\u00f3rum em casos de enfermidade ou velhice \u2014 n\u00e3o pode ser aplicado ao r\u00e9u foragido por analogia. Trata-se de uma situa\u00e7\u00e3o distinta, marcada pela voluntariedade da evas\u00e3o, que n\u00e3o pode ser equiparada a impossibilidades leg\u00edtimas e involunt\u00e1rias.<\/p>\n\n\n\n<h3 class=\"wp-block-heading\" id=\"h-o-entendimento-oscilante-do-stf\"><span id=\"o-entendimento-oscilante-do-stf\">O entendimento oscilante do STF<\/span><\/h3>\n\n\n\n<p>A peculiaridade est\u00e1 no pr\u00f3prio STF, que ora adota a linha restritiva, ora se inclina a reconhecer o direito do r\u00e9u foragido de participar virtualmente.<\/p>\n\n\n\n<p>No <strong>HC 227671 MC-Ref<\/strong> (Rel. Min. Edson Fachin, julgado em 08\/08\/2023), a Segunda Turma do STF entendeu poss\u00edvel o interrogat\u00f3rio remoto de r\u00e9u foragido, para assegurar contradit\u00f3rio, ampla defesa, celeridade e efici\u00eancia processual. O ac\u00f3rd\u00e3o ressaltou a preval\u00eancia das garantias constitucionais sobre a estrat\u00e9gia de defesa da fuga, desde que presentes<em> fumus boni iuris<\/em> e <em>periculum in mora<\/em>.<\/p>\n\n\n\n<p>J\u00e1 no <strong>HC 256613 AgR\/SP (2025)<\/strong>, como visto, a Corte retomou a posi\u00e7\u00e3o contr\u00e1ria, negando essa possibilidade e alinhando-se ao entendimento do STJ.<\/p>\n\n\n\n<h2 class=\"wp-block-heading\" id=\"h-o-valor-normativo-do-art-220-e-do-art-565-do-cpp\"><span id=\"o-valor-normativo-do-art-220-e-do-art-565-do-cpp\">O valor normativo do art. 220 e do art. 565 do CPP<\/span><\/h2>\n\n\n\n<p>Dois dispositivos processuais servem como base argumentativa para essa diverg\u00eancia:<\/p>\n\n\n\n<ul class=\"wp-block-list\">\n<li><strong>Art. 220 do CPP<\/strong>: autoriza oitiva fora do f\u00f3rum de testemunhas impossibilitadas por enfermidade ou velhice. O STJ entende que a norma n\u00e3o admite extens\u00e3o para casos de r\u00e9us foragidos, pois se trataria de analogia impr\u00f3pria, que premiaria a evas\u00e3o.<\/li>\n\n\n\n<li><strong>Art. 565 do CPP<\/strong>: impede a argui\u00e7\u00e3o de nulidade por quem lhe deu causa. O STF, no HC 256613 AgR\/SP, aplicou expressamente esse artigo, sustentando que a aus\u00eancia do interrogat\u00f3rio decorreu do comportamento volunt\u00e1rio do r\u00e9u, de modo que a defesa n\u00e3o poderia alegar cerceamento.<\/li>\n<\/ul>\n\n\n\n<p>Esses dispositivos, portanto, revelam a possiblidade de dupla interpreta\u00e7\u00e3o, que compreende a literalidade da lei processual e a for\u00e7a normativa dos princ\u00edpios constitucionais, em especial o do devido processo legal e da ampla defesa.<\/p>\n\n\n\n<h2 class=\"wp-block-heading\" id=\"h-o-interrogatorio-como-direito-fundamental-de-autodefesa\"><span id=\"o-interrogatorio-como-direito-fundamental-de-autodefesa\">O interrogat\u00f3rio como direito fundamental de autodefesa<\/span><\/h2>\n\n\n\n<p>A doutrina processual penal contempor\u00e2nea ressalta que o interrogat\u00f3rio \u00e9, antes de tudo, um <strong>direito fundamental<\/strong>. Ao negar ao r\u00e9u a possibilidade de ser ouvido, corre-se o risco de esvaziar a sua autodefesa.<\/p>\n\n\n\n<p>Contudo, a doutrina tamb\u00e9m reconhece que n\u00e3o h\u00e1 direito absoluto. O direito ao interrogat\u00f3rio pressup\u00f5e a boa-f\u00e9 processual e a observ\u00e2ncia das condi\u00e7\u00f5es legais. Nesse sentido, a fuga deliberada tensiona os limites da autodefesa e da efici\u00eancia da justi\u00e7a penal.<\/p>\n\n\n\n<h2 class=\"wp-block-heading\" id=\"h-importancia-do-tema-em-concursos-de-carreiras-juridicas\"><span id=\"importancia-do-tema-em-concursos-de-carreiras-juridicas\">Import\u00e2ncia do tema em concursos de carreiras jur\u00eddicas<\/span><\/h2>\n\n\n\n<p>O tema tem se mostrado recorrente em concursos para as principais carreiras jur\u00eddicas, como Defensor P\u00fablico, Promotor de Justi\u00e7a, Juiz de Direito e Delegado de Pol\u00edcia. Isso porque exige dos candidatos compreender os posicionamentos divergentes e responder \u00e0s quest\u00f5es de acordo com o posicionamento adotado pela banca.<\/p>\n\n\n\n<p>Ou seja, se voc\u00ea estiver participando de um certame do Minist\u00e9rio P\u00fablico, o entendimento a ser seguido \u00e9 o mais restritivo. Por outro lado, caso seja uma prova para a Defensoria P\u00fablica, a tend\u00eancia \u00e9 que a banca cobre um posicionamento mais garantista, ou seja, aquele que defende a possibilidade de participa\u00e7\u00e3o do r\u00e9u foragido.<\/p>\n\n\n\n<p>Trata-se, portanto, de tema que avalia n\u00e3o apenas conhecimento normativo, mas sobretudo a habilidade de interpretar a lei \u00e0 luz dos precedentes, da dogm\u00e1tica penal e do posicionamento institucional<\/p>\n\n\n\n<p>Veja, a t\u00edtulo de exemplo, que a prova de <strong>Delegado da PF (2025)<\/strong> cobrou diretamente o tema:<\/p>\n\n\n\n<figure class=\"wp-block-table\"><table class=\"has-fixed-layout\"><tbody><tr><td><strong>Quest\u00e3o 91<\/strong>. O r\u00e9u foragido tem direito \u00e0 participa\u00e7\u00e3o no interrogat\u00f3rio por videoconfer\u00eancia, ainda que a audi\u00eancia esteja sendo realizada de forma presencial, por se tratar de direito fundamental assegurado a todo acusado.<br><br><strong>Gabarito: errado.<\/strong><br><br>O item foi considerado incorreto porque o STJ firmou entendimento contr\u00e1rio, conforme o <strong>HC 640.770\/SP<\/strong>. O tribunal ressaltou que o art. 220 do CPP n\u00e3o ampara a situa\u00e7\u00e3o do r\u00e9u foragido e que admitir a medida seria premiar a evas\u00e3o, em detrimento da autoridade da ordem judicial.<\/td><\/tr><\/tbody><\/table><\/figure>\n\n\n\n<p>Esse exemplo demonstra que as bancas examinadoras t\u00eam privilegiado a posi\u00e7\u00e3o do STJ, ainda que existam decis\u00f5es do STF em sentido diverso.<\/p>\n\n\n\n<hr class=\"wp-block-separator has-alpha-channel-opacity\"\/>\n\n\n\n<h2 class=\"wp-block-heading has-text-align-center\" id=\"h-quer-saber-quais-serao-os-proximos-concursos\"><span id=\"quer-saber-quais-serao-os-proximos-concursos\">Quer saber quais ser\u00e3o os pr\u00f3ximos concursos?<\/span><\/h2>\n\n\n\n<pre class=\"wp-block-verse has-text-align-center\">Confira nossos\u00a0<a href=\"https:\/\/cj.estrategia.com\/portal\/\" target=\"_blank\" >artigos para Carreiras Jur\u00eddicas<\/a>!<\/pre>\n\n\n\n<p class=\"has-text-align-center has-white-color has-pale-cyan-blue-background-color has-text-color has-background has-link-color wp-elements-723b3278bf14a50a5e7b7e937b9a17d4\"><a href=\"https:\/\/cj.estrategia.com\/portal\/concursos-abertos-carreiras-juridicas\/\">Concursos jur\u00eddicos abertos<\/a><\/p>\n\n\n\n<p class=\"has-text-align-center has-white-color has-pale-cyan-blue-background-color has-text-color has-background has-link-color wp-elements-41349f36dc977263ca2129bf0f6dd541\"><a href=\"https:\/\/cj.estrategia.com\/portal\/concursos-2025-carreiras-juridicas\/\" target=\"_blank\" >Concursos jur\u00eddicos 2025<\/a><\/p>\n","protected":false},"excerpt":{"rendered":"Ol\u00e1, pessoal, aqui \u00e9 o professor Allan Joos e hoje vou comentar uma recent\u00edssima decis\u00e3o do STF sobre&hellip;\n","protected":false},"author":62,"featured_media":144981,"comment_status":"open","ping_status":"open","sticky":false,"template":"","format":"standard","meta":{"_jetpack_memberships_contains_paid_content":false,"footnotes":""},"categories":[1],"tags":[506,579,3139,3137,3136,132,1535,134,202,3138],"tax_estado":[30,31,32,33,34,35,36,37,38,39,40,41,42,43,44,45,46,47,48,49,50,51,52,53,54,55,56,57],"class_list":{"0":"post-144979","1":"post","2":"type-post","3":"status-publish","4":"format-standard","5":"has-post-thumbnail","7":"category-carreiras-juridicas","8":"tag-ampla-defesa-e-contraditorio","9":"tag-direitos-fundamentais","10":"tag-eficiencia-processual","11":"tag-hc-256613-agr-sp","12":"tag-interrogatorio","13":"tag-jurisprudencia","14":"tag-principio-da-celeridade","15":"tag-stf","16":"tag-stj","17":"tag-videoconferencia","18":"tax_estado-ac","19":"tax_estado-al","20":"tax_estado-am","21":"tax_estado-ap","22":"tax_estado-ba","23":"tax_estado-ce","24":"tax_estado-concursos-federais","25":"tax_estado-df","26":"tax_estado-es","27":"tax_estado-go","28":"tax_estado-ma","29":"tax_estado-mg","30":"tax_estado-ms","31":"tax_estado-mt","32":"tax_estado-pa","33":"tax_estado-pb","34":"tax_estado-pe","35":"tax_estado-pi","36":"tax_estado-pr","37":"tax_estado-rj","38":"tax_estado-rn","39":"tax_estado-ro","40":"tax_estado-rr","41":"tax_estado-rs","42":"tax_estado-sc","43":"tax_estado-se","44":"tax_estado-sp","45":"tax_estado-to"},"acf":[],"yoast_head":"<!-- This site is optimized with the Yoast SEO Premium plugin v27.5 (Yoast SEO v27.5) - https:\/\/yoast.com\/product\/yoast-seo-premium-wordpress\/ -->\n<title>O interrogat\u00f3rio do r\u00e9u foragido por videoconfer\u00eancia - HC 256613<\/title>\n<meta name=\"description\" content=\"O STF reafirmou a impossibilidade de o r\u00e9u foragido, com mandado de pris\u00e3o em aberto, realizar interrogat\u00f3rio por videoconfer\u00eancia.\" \/>\n<meta name=\"robots\" content=\"index, follow, max-snippet:-1, max-image-preview:large, max-video-preview:-1\" \/>\n<link rel=\"canonical\" href=\"https:\/\/cj.estrategia.com\/portal\/interrogatorio-reu-foragido-videoconferencia-jurisprudencia\/\" \/>\n<meta property=\"og:locale\" content=\"pt_BR\" \/>\n<meta property=\"og:type\" content=\"article\" \/>\n<meta property=\"og:title\" content=\"O interrogat\u00f3rio do r\u00e9u foragido por videoconfer\u00eancia - HC 256613\" \/>\n<meta property=\"og:description\" content=\"O STF reafirmou a impossibilidade de o r\u00e9u foragido, com mandado de pris\u00e3o em aberto, realizar interrogat\u00f3rio por videoconfer\u00eancia.\" \/>\n<meta property=\"og:url\" content=\"https:\/\/cj.estrategia.com\/portal\/interrogatorio-reu-foragido-videoconferencia-jurisprudencia\/\" \/>\n<meta property=\"og:site_name\" content=\"Blog - Carreiras Jur\u00eddicas - Estrat\u00e9gia\" \/>\n<meta property=\"article:publisher\" content=\"https:\/\/www.facebook.com\/estrategiacarreirajuridica\/\" \/>\n<meta property=\"article:published_time\" content=\"2025-08-21T15:45:49+00:00\" \/>\n<meta property=\"article:modified_time\" content=\"2025-09-03T14:21:01+00:00\" \/>\n<meta property=\"og:image\" content=\"https:\/\/cj.estrategia.com\/portal\/wp-content\/uploads\/2025\/08\/21123412\/videoconferencia-justica-audiencia-advogado-juiz-suspeito-crime-tribunal.jpg\" \/>\n\t<meta property=\"og:image:width\" content=\"2000\" \/>\n\t<meta property=\"og:image:height\" content=\"1333\" \/>\n\t<meta property=\"og:image:type\" content=\"image\/jpeg\" \/>\n<meta name=\"author\" content=\"Allan Joos\" \/>\n<meta name=\"twitter:card\" content=\"summary_large_image\" \/>\n<meta name=\"twitter:creator\" content=\"@EstratJuridica\" \/>\n<meta name=\"twitter:site\" content=\"@EstratJuridica\" \/>\n<meta name=\"twitter:label1\" content=\"Escrito por\" \/>\n\t<meta name=\"twitter:data1\" content=\"Allan Joos\" \/>\n\t<meta name=\"twitter:label2\" content=\"Est. tempo de leitura\" \/>\n\t<meta name=\"twitter:data2\" content=\"7 minutos\" \/>\n<script type=\"application\/ld+json\" class=\"yoast-schema-graph\">{\"@context\":\"https:\\\/\\\/schema.org\",\"@graph\":[{\"@type\":\"NewsArticle\",\"@id\":\"https:\\\/\\\/cj.estrategia.com\\\/portal\\\/interrogatorio-reu-foragido-videoconferencia-jurisprudencia\\\/#article\",\"isPartOf\":{\"@id\":\"https:\\\/\\\/cj.estrategia.com\\\/portal\\\/interrogatorio-reu-foragido-videoconferencia-jurisprudencia\\\/\"},\"author\":{\"name\":\"Allan Joos\",\"@id\":\"https:\\\/\\\/cj.estrategia.com\\\/portal\\\/#\\\/schema\\\/person\\\/c48648992c53b73c046825760c50c2f0\"},\"headline\":\"O interrogat\u00f3rio do r\u00e9u foragido por videoconfer\u00eancia &#8211; HC 256613\",\"datePublished\":\"2025-08-21T15:45:49+00:00\",\"dateModified\":\"2025-09-03T14:21:01+00:00\",\"mainEntityOfPage\":{\"@id\":\"https:\\\/\\\/cj.estrategia.com\\\/portal\\\/interrogatorio-reu-foragido-videoconferencia-jurisprudencia\\\/\"},\"wordCount\":1270,\"commentCount\":0,\"publisher\":{\"@id\":\"https:\\\/\\\/cj.estrategia.com\\\/portal\\\/#organization\"},\"image\":{\"@id\":\"https:\\\/\\\/cj.estrategia.com\\\/portal\\\/interrogatorio-reu-foragido-videoconferencia-jurisprudencia\\\/#primaryimage\"},\"thumbnailUrl\":\"https:\\\/\\\/cj.estrategia.com\\\/portal\\\/wp-content\\\/uploads\\\/2025\\\/08\\\/21123412\\\/videoconferencia-justica-audiencia-advogado-juiz-suspeito-crime-tribunal.jpg\",\"keywords\":[\"ampla defesa e contradit\u00f3rio\",\"direitos fundamentais\",\"efici\u00eancia processual\",\"HC 256613 AgR\\\/SP\",\"interrogat\u00f3rio\",\"jurisprud\u00eancia\",\"princ\u00edpio da celeridade\",\"STF\",\"STJ\",\"videoconfer\u00eancia\"],\"articleSection\":[\"Carreiras Jur\u00eddicas\"],\"inLanguage\":\"pt-BR\",\"potentialAction\":[{\"@type\":\"CommentAction\",\"name\":\"Comment\",\"target\":[\"https:\\\/\\\/cj.estrategia.com\\\/portal\\\/interrogatorio-reu-foragido-videoconferencia-jurisprudencia\\\/#respond\"]}]},{\"@type\":\"WebPage\",\"@id\":\"https:\\\/\\\/cj.estrategia.com\\\/portal\\\/interrogatorio-reu-foragido-videoconferencia-jurisprudencia\\\/\",\"url\":\"https:\\\/\\\/cj.estrategia.com\\\/portal\\\/interrogatorio-reu-foragido-videoconferencia-jurisprudencia\\\/\",\"name\":\"O interrogat\u00f3rio do r\u00e9u foragido por videoconfer\u00eancia - HC 256613\",\"isPartOf\":{\"@id\":\"https:\\\/\\\/cj.estrategia.com\\\/portal\\\/#website\"},\"primaryImageOfPage\":{\"@id\":\"https:\\\/\\\/cj.estrategia.com\\\/portal\\\/interrogatorio-reu-foragido-videoconferencia-jurisprudencia\\\/#primaryimage\"},\"image\":{\"@id\":\"https:\\\/\\\/cj.estrategia.com\\\/portal\\\/interrogatorio-reu-foragido-videoconferencia-jurisprudencia\\\/#primaryimage\"},\"thumbnailUrl\":\"https:\\\/\\\/cj.estrategia.com\\\/portal\\\/wp-content\\\/uploads\\\/2025\\\/08\\\/21123412\\\/videoconferencia-justica-audiencia-advogado-juiz-suspeito-crime-tribunal.jpg\",\"datePublished\":\"2025-08-21T15:45:49+00:00\",\"dateModified\":\"2025-09-03T14:21:01+00:00\",\"description\":\"O STF reafirmou a impossibilidade de o r\u00e9u foragido, com mandado de pris\u00e3o em aberto, realizar interrogat\u00f3rio por videoconfer\u00eancia.\",\"breadcrumb\":{\"@id\":\"https:\\\/\\\/cj.estrategia.com\\\/portal\\\/interrogatorio-reu-foragido-videoconferencia-jurisprudencia\\\/#breadcrumb\"},\"inLanguage\":\"pt-BR\",\"potentialAction\":[{\"@type\":\"ReadAction\",\"target\":[\"https:\\\/\\\/cj.estrategia.com\\\/portal\\\/interrogatorio-reu-foragido-videoconferencia-jurisprudencia\\\/\"]}]},{\"@type\":\"ImageObject\",\"inLanguage\":\"pt-BR\",\"@id\":\"https:\\\/\\\/cj.estrategia.com\\\/portal\\\/interrogatorio-reu-foragido-videoconferencia-jurisprudencia\\\/#primaryimage\",\"url\":\"https:\\\/\\\/cj.estrategia.com\\\/portal\\\/wp-content\\\/uploads\\\/2025\\\/08\\\/21123412\\\/videoconferencia-justica-audiencia-advogado-juiz-suspeito-crime-tribunal.jpg\",\"contentUrl\":\"https:\\\/\\\/cj.estrategia.com\\\/portal\\\/wp-content\\\/uploads\\\/2025\\\/08\\\/21123412\\\/videoconferencia-justica-audiencia-advogado-juiz-suspeito-crime-tribunal.jpg\",\"width\":2000,\"height\":1333},{\"@type\":\"BreadcrumbList\",\"@id\":\"https:\\\/\\\/cj.estrategia.com\\\/portal\\\/interrogatorio-reu-foragido-videoconferencia-jurisprudencia\\\/#breadcrumb\",\"itemListElement\":[{\"@type\":\"ListItem\",\"position\":1,\"name\":\"In\u00edcio\",\"item\":\"https:\\\/\\\/cj.estrategia.com\\\/portal\\\/\"},{\"@type\":\"ListItem\",\"position\":2,\"name\":\"O interrogat\u00f3rio do r\u00e9u foragido por videoconfer\u00eancia &#8211; HC 256613\"}]},{\"@type\":\"WebSite\",\"@id\":\"https:\\\/\\\/cj.estrategia.com\\\/portal\\\/#website\",\"url\":\"https:\\\/\\\/cj.estrategia.com\\\/portal\\\/\",\"name\":\"Blog - Carreiras Jur\u00eddicas - Estrat\u00e9gia\",\"description\":\"\",\"publisher\":{\"@id\":\"https:\\\/\\\/cj.estrategia.com\\\/portal\\\/#organization\"},\"potentialAction\":[{\"@type\":\"SearchAction\",\"target\":{\"@type\":\"EntryPoint\",\"urlTemplate\":\"https:\\\/\\\/cj.estrategia.com\\\/portal\\\/?s={search_term_string}\"},\"query-input\":{\"@type\":\"PropertyValueSpecification\",\"valueRequired\":true,\"valueName\":\"search_term_string\"}}],\"inLanguage\":\"pt-BR\"},{\"@type\":\"Organization\",\"@id\":\"https:\\\/\\\/cj.estrategia.com\\\/portal\\\/#organization\",\"name\":\"Estrat\u00e9gia - Carreiras Jur\u00eddicas\",\"url\":\"https:\\\/\\\/cj.estrategia.com\\\/portal\\\/\",\"logo\":{\"@type\":\"ImageObject\",\"inLanguage\":\"pt-BR\",\"@id\":\"https:\\\/\\\/cj.estrategia.com\\\/portal\\\/#\\\/schema\\\/logo\\\/image\\\/\",\"url\":\"https:\\\/\\\/cj.estrategia.com\\\/portal\\\/wp-content\\\/uploads\\\/2022\\\/03\\\/11151052\\\/cj-logo.png\",\"contentUrl\":\"https:\\\/\\\/cj.estrategia.com\\\/portal\\\/wp-content\\\/uploads\\\/2022\\\/03\\\/11151052\\\/cj-logo.png\",\"width\":150,\"height\":39,\"caption\":\"Estrat\u00e9gia - Carreiras Jur\u00eddicas\"},\"image\":{\"@id\":\"https:\\\/\\\/cj.estrategia.com\\\/portal\\\/#\\\/schema\\\/logo\\\/image\\\/\"},\"sameAs\":[\"https:\\\/\\\/www.facebook.com\\\/estrategiacarreirajuridica\\\/\",\"https:\\\/\\\/x.com\\\/EstratJuridica\",\"https:\\\/\\\/www.instagram.com\\\/estrategiacarreirajuridica\\\/\",\"https:\\\/\\\/www.youtube.com\\\/channel\\\/UClbMGuYbj2Mh1m3w144ETWQ\"]},{\"@type\":\"Person\",\"@id\":\"https:\\\/\\\/cj.estrategia.com\\\/portal\\\/#\\\/schema\\\/person\\\/c48648992c53b73c046825760c50c2f0\",\"name\":\"Allan Joos\",\"image\":{\"@type\":\"ImageObject\",\"inLanguage\":\"pt-BR\",\"@id\":\"https:\\\/\\\/secure.gravatar.com\\\/avatar\\\/1b8f33b5c8b83dae3a0e569e23f1e6d1898a7771af6690410413809652612016?s=96&d=mm&r=g\",\"url\":\"https:\\\/\\\/secure.gravatar.com\\\/avatar\\\/1b8f33b5c8b83dae3a0e569e23f1e6d1898a7771af6690410413809652612016?s=96&d=mm&r=g\",\"contentUrl\":\"https:\\\/\\\/secure.gravatar.com\\\/avatar\\\/1b8f33b5c8b83dae3a0e569e23f1e6d1898a7771af6690410413809652612016?s=96&d=mm&r=g\",\"caption\":\"Allan Joos\"},\"url\":\"https:\\\/\\\/cj.estrategia.com\\\/portal\\\/author\\\/allan-joos\\\/\"}]}<\/script>\n<!-- \/ Yoast SEO Premium plugin. -->","yoast_head_json":{"title":"O interrogat\u00f3rio do r\u00e9u foragido por videoconfer\u00eancia - HC 256613","description":"O STF reafirmou a impossibilidade de o r\u00e9u foragido, com mandado de pris\u00e3o em aberto, realizar interrogat\u00f3rio por videoconfer\u00eancia.","robots":{"index":"index","follow":"follow","max-snippet":"max-snippet:-1","max-image-preview":"max-image-preview:large","max-video-preview":"max-video-preview:-1"},"canonical":"https:\/\/cj.estrategia.com\/portal\/interrogatorio-reu-foragido-videoconferencia-jurisprudencia\/","og_locale":"pt_BR","og_type":"article","og_title":"O interrogat\u00f3rio do r\u00e9u foragido por videoconfer\u00eancia - HC 256613","og_description":"O STF reafirmou a impossibilidade de o r\u00e9u foragido, com mandado de pris\u00e3o em aberto, realizar interrogat\u00f3rio por videoconfer\u00eancia.","og_url":"https:\/\/cj.estrategia.com\/portal\/interrogatorio-reu-foragido-videoconferencia-jurisprudencia\/","og_site_name":"Blog - Carreiras Jur\u00eddicas - Estrat\u00e9gia","article_publisher":"https:\/\/www.facebook.com\/estrategiacarreirajuridica\/","article_published_time":"2025-08-21T15:45:49+00:00","article_modified_time":"2025-09-03T14:21:01+00:00","og_image":[{"width":2000,"height":1333,"url":"https:\/\/cj.estrategia.com\/portal\/wp-content\/uploads\/2025\/08\/21123412\/videoconferencia-justica-audiencia-advogado-juiz-suspeito-crime-tribunal.jpg","type":"image\/jpeg"}],"author":"Allan Joos","twitter_card":"summary_large_image","twitter_creator":"@EstratJuridica","twitter_site":"@EstratJuridica","twitter_misc":{"Escrito por":"Allan Joos","Est. tempo de leitura":"7 minutos"},"schema":{"@context":"https:\/\/schema.org","@graph":[{"@type":"NewsArticle","@id":"https:\/\/cj.estrategia.com\/portal\/interrogatorio-reu-foragido-videoconferencia-jurisprudencia\/#article","isPartOf":{"@id":"https:\/\/cj.estrategia.com\/portal\/interrogatorio-reu-foragido-videoconferencia-jurisprudencia\/"},"author":{"name":"Allan Joos","@id":"https:\/\/cj.estrategia.com\/portal\/#\/schema\/person\/c48648992c53b73c046825760c50c2f0"},"headline":"O interrogat\u00f3rio do r\u00e9u foragido por videoconfer\u00eancia &#8211; HC 256613","datePublished":"2025-08-21T15:45:49+00:00","dateModified":"2025-09-03T14:21:01+00:00","mainEntityOfPage":{"@id":"https:\/\/cj.estrategia.com\/portal\/interrogatorio-reu-foragido-videoconferencia-jurisprudencia\/"},"wordCount":1270,"commentCount":0,"publisher":{"@id":"https:\/\/cj.estrategia.com\/portal\/#organization"},"image":{"@id":"https:\/\/cj.estrategia.com\/portal\/interrogatorio-reu-foragido-videoconferencia-jurisprudencia\/#primaryimage"},"thumbnailUrl":"https:\/\/cj.estrategia.com\/portal\/wp-content\/uploads\/2025\/08\/21123412\/videoconferencia-justica-audiencia-advogado-juiz-suspeito-crime-tribunal.jpg","keywords":["ampla defesa e contradit\u00f3rio","direitos fundamentais","efici\u00eancia processual","HC 256613 AgR\/SP","interrogat\u00f3rio","jurisprud\u00eancia","princ\u00edpio da celeridade","STF","STJ","videoconfer\u00eancia"],"articleSection":["Carreiras Jur\u00eddicas"],"inLanguage":"pt-BR","potentialAction":[{"@type":"CommentAction","name":"Comment","target":["https:\/\/cj.estrategia.com\/portal\/interrogatorio-reu-foragido-videoconferencia-jurisprudencia\/#respond"]}]},{"@type":"WebPage","@id":"https:\/\/cj.estrategia.com\/portal\/interrogatorio-reu-foragido-videoconferencia-jurisprudencia\/","url":"https:\/\/cj.estrategia.com\/portal\/interrogatorio-reu-foragido-videoconferencia-jurisprudencia\/","name":"O interrogat\u00f3rio do r\u00e9u foragido por videoconfer\u00eancia - HC 256613","isPartOf":{"@id":"https:\/\/cj.estrategia.com\/portal\/#website"},"primaryImageOfPage":{"@id":"https:\/\/cj.estrategia.com\/portal\/interrogatorio-reu-foragido-videoconferencia-jurisprudencia\/#primaryimage"},"image":{"@id":"https:\/\/cj.estrategia.com\/portal\/interrogatorio-reu-foragido-videoconferencia-jurisprudencia\/#primaryimage"},"thumbnailUrl":"https:\/\/cj.estrategia.com\/portal\/wp-content\/uploads\/2025\/08\/21123412\/videoconferencia-justica-audiencia-advogado-juiz-suspeito-crime-tribunal.jpg","datePublished":"2025-08-21T15:45:49+00:00","dateModified":"2025-09-03T14:21:01+00:00","description":"O STF reafirmou a impossibilidade de o r\u00e9u foragido, com mandado de pris\u00e3o em aberto, realizar interrogat\u00f3rio por videoconfer\u00eancia.","breadcrumb":{"@id":"https:\/\/cj.estrategia.com\/portal\/interrogatorio-reu-foragido-videoconferencia-jurisprudencia\/#breadcrumb"},"inLanguage":"pt-BR","potentialAction":[{"@type":"ReadAction","target":["https:\/\/cj.estrategia.com\/portal\/interrogatorio-reu-foragido-videoconferencia-jurisprudencia\/"]}]},{"@type":"ImageObject","inLanguage":"pt-BR","@id":"https:\/\/cj.estrategia.com\/portal\/interrogatorio-reu-foragido-videoconferencia-jurisprudencia\/#primaryimage","url":"https:\/\/cj.estrategia.com\/portal\/wp-content\/uploads\/2025\/08\/21123412\/videoconferencia-justica-audiencia-advogado-juiz-suspeito-crime-tribunal.jpg","contentUrl":"https:\/\/cj.estrategia.com\/portal\/wp-content\/uploads\/2025\/08\/21123412\/videoconferencia-justica-audiencia-advogado-juiz-suspeito-crime-tribunal.jpg","width":2000,"height":1333},{"@type":"BreadcrumbList","@id":"https:\/\/cj.estrategia.com\/portal\/interrogatorio-reu-foragido-videoconferencia-jurisprudencia\/#breadcrumb","itemListElement":[{"@type":"ListItem","position":1,"name":"In\u00edcio","item":"https:\/\/cj.estrategia.com\/portal\/"},{"@type":"ListItem","position":2,"name":"O interrogat\u00f3rio do r\u00e9u foragido por videoconfer\u00eancia &#8211; HC 256613"}]},{"@type":"WebSite","@id":"https:\/\/cj.estrategia.com\/portal\/#website","url":"https:\/\/cj.estrategia.com\/portal\/","name":"Blog - Carreiras Jur\u00eddicas - Estrat\u00e9gia","description":"","publisher":{"@id":"https:\/\/cj.estrategia.com\/portal\/#organization"},"potentialAction":[{"@type":"SearchAction","target":{"@type":"EntryPoint","urlTemplate":"https:\/\/cj.estrategia.com\/portal\/?s={search_term_string}"},"query-input":{"@type":"PropertyValueSpecification","valueRequired":true,"valueName":"search_term_string"}}],"inLanguage":"pt-BR"},{"@type":"Organization","@id":"https:\/\/cj.estrategia.com\/portal\/#organization","name":"Estrat\u00e9gia - Carreiras Jur\u00eddicas","url":"https:\/\/cj.estrategia.com\/portal\/","logo":{"@type":"ImageObject","inLanguage":"pt-BR","@id":"https:\/\/cj.estrategia.com\/portal\/#\/schema\/logo\/image\/","url":"https:\/\/cj.estrategia.com\/portal\/wp-content\/uploads\/2022\/03\/11151052\/cj-logo.png","contentUrl":"https:\/\/cj.estrategia.com\/portal\/wp-content\/uploads\/2022\/03\/11151052\/cj-logo.png","width":150,"height":39,"caption":"Estrat\u00e9gia - Carreiras Jur\u00eddicas"},"image":{"@id":"https:\/\/cj.estrategia.com\/portal\/#\/schema\/logo\/image\/"},"sameAs":["https:\/\/www.facebook.com\/estrategiacarreirajuridica\/","https:\/\/x.com\/EstratJuridica","https:\/\/www.instagram.com\/estrategiacarreirajuridica\/","https:\/\/www.youtube.com\/channel\/UClbMGuYbj2Mh1m3w144ETWQ"]},{"@type":"Person","@id":"https:\/\/cj.estrategia.com\/portal\/#\/schema\/person\/c48648992c53b73c046825760c50c2f0","name":"Allan Joos","image":{"@type":"ImageObject","inLanguage":"pt-BR","@id":"https:\/\/secure.gravatar.com\/avatar\/1b8f33b5c8b83dae3a0e569e23f1e6d1898a7771af6690410413809652612016?s=96&d=mm&r=g","url":"https:\/\/secure.gravatar.com\/avatar\/1b8f33b5c8b83dae3a0e569e23f1e6d1898a7771af6690410413809652612016?s=96&d=mm&r=g","contentUrl":"https:\/\/secure.gravatar.com\/avatar\/1b8f33b5c8b83dae3a0e569e23f1e6d1898a7771af6690410413809652612016?s=96&d=mm&r=g","caption":"Allan Joos"},"url":"https:\/\/cj.estrategia.com\/portal\/author\/allan-joos\/"}]}},"jetpack_featured_media_url":"https:\/\/cj.estrategia.com\/portal\/wp-content\/uploads\/2025\/08\/21123412\/videoconferencia-justica-audiencia-advogado-juiz-suspeito-crime-tribunal.jpg","jetpack_sharing_enabled":true,"_links":{"self":[{"href":"https:\/\/cj.estrategia.com\/portal\/wp-json\/wp\/v2\/posts\/144979","targetHints":{"allow":["GET"]}}],"collection":[{"href":"https:\/\/cj.estrategia.com\/portal\/wp-json\/wp\/v2\/posts"}],"about":[{"href":"https:\/\/cj.estrategia.com\/portal\/wp-json\/wp\/v2\/types\/post"}],"author":[{"embeddable":true,"href":"https:\/\/cj.estrategia.com\/portal\/wp-json\/wp\/v2\/users\/62"}],"replies":[{"embeddable":true,"href":"https:\/\/cj.estrategia.com\/portal\/wp-json\/wp\/v2\/comments?post=144979"}],"version-history":[{"count":0,"href":"https:\/\/cj.estrategia.com\/portal\/wp-json\/wp\/v2\/posts\/144979\/revisions"}],"wp:featuredmedia":[{"embeddable":true,"href":"https:\/\/cj.estrategia.com\/portal\/wp-json\/wp\/v2\/media\/144981"}],"wp:attachment":[{"href":"https:\/\/cj.estrategia.com\/portal\/wp-json\/wp\/v2\/media?parent=144979"}],"wp:term":[{"taxonomy":"category","embeddable":true,"href":"https:\/\/cj.estrategia.com\/portal\/wp-json\/wp\/v2\/categories?post=144979"},{"taxonomy":"post_tag","embeddable":true,"href":"https:\/\/cj.estrategia.com\/portal\/wp-json\/wp\/v2\/tags?post=144979"},{"taxonomy":"tax_estado","embeddable":true,"href":"https:\/\/cj.estrategia.com\/portal\/wp-json\/wp\/v2\/tax_estado?post=144979"}],"curies":[{"name":"wp","href":"https:\/\/api.w.org\/{rel}","templated":true}]}}