{"id":143998,"date":"2025-08-16T13:46:32","date_gmt":"2025-08-16T16:46:32","guid":{"rendered":"https:\/\/cj.estrategia.com\/portal\/?p=143998"},"modified":"2025-08-25T14:13:32","modified_gmt":"2025-08-25T17:13:32","slug":"capacitismo-show-nattan-dignidade","status":"publish","type":"post","link":"https:\/\/cj.estrategia.com\/portal\/capacitismo-show-nattan-dignidade\/","title":{"rendered":"Capacitismo em show e a prote\u00e7\u00e3o da dignidade humana"},"content":{"rendered":"\n<p class=\"has-small-font-size\">* Marcos Vin\u00edcius Manso Lopes Gomes. Defensor P\u00fablico do estado de S\u00e3o Paulo. Professor de Direito Constitucional do Estrat\u00e9gia Carreiras Jur\u00eddicas.<\/p>\n\n\n\n<h2 class=\"wp-block-heading\" id=\"h-entenda-o-caso\"><span id=\"entenda-o-caso\">Entenda o caso<\/span><\/h2>\n\n\n\n<p>O cantor Nattan foi <strong>acusado de capacitismo<\/strong> em show realizado na Festa de Agosto, em S\u00e3o Louren\u00e7o da Mata &#8211; Grande Recife<a id=\"_ftnref1\" href=\"#_ftn1\"><sup>[1]<\/sup><\/a>.<\/p>\n\n\n\n<p>Conforme noticiado<a id=\"_ftnref2\" href=\"#_ftn2\"><sup>[2]<\/sup><\/a>, o cantor, durante seu show, <strong>teria pago mil reais a um homem beijar uma mulher com nanismo<\/strong>. A pol\u00eamica ganhou ainda mais visibilidade quando o v\u00eddeo come\u00e7ou a circular nas redes sociais.<\/p>\n\n\n\n<p>Segundo a <strong>Associa\u00e7\u00e3o Nanismo Brasil<\/strong> (Annabra), em nota oficial, trata-se de um ato de capacitismo, merecendo rep\u00fadio a atitude do cantor, aduzindo que o caso seria remetido ao Minist\u00e9rio P\u00fablico. Vejamos a nota oficial realizada pela Annabra<a id=\"_ftnref3\" href=\"#_ftn3\"><sup>[3]<\/sup><\/a>:<\/p>\n\n\n\n<pre class=\"wp-block-verse\">\u201cA Associa\u00e7\u00e3o Nanismo Brasil (ANNABRA) vem a p\u00fablico manifestar seu profundo rep\u00fadio ao epis\u00f3dio ocorrido no \u00faltimo final de semana, durante show do cantor Natanael Ces\u00e1rio dos Santos, conhecido como Nattan ou Nattanzinho, em S\u00e3o Louren\u00e7o da Mata (PE).<br><br>Durante a apresenta\u00e7\u00e3o, o artista ofereceu uma transfer\u00eancia via PIX de a um cinegrafista para que ele beijasse uma mulher com nanismo, expondo-a ao rid\u00edculo.<br><br>O epis\u00f3dio, que foi classificado por parte da imprensa como um \u201cmomento pat\u00e9tico\u201d, demonstra o quanto o capacitismo e a objetifica\u00e7\u00e3o da pessoa com nanismo ainda s\u00e3o tolerados socialmente, mesmo em espa\u00e7os de grande visibilidade.<br><br>A ANNABRA, entidade que h\u00e1 anos luta pelos direitos, dignidade e pol\u00edticas p\u00fablicas para pessoas com nanismo, repudia veementemente atitudes como esta, que refor\u00e7am o preconceito e transformam corpos em entretenimento.<br><br>A exposi\u00e7\u00e3o de uma mulher com defici\u00eancia, em um ato de esc\u00e1rnio p\u00fablico, fere n\u00e3o apenas a v\u00edtima direta, mas toda a nossa comunidade, que diariamente luta por respeito, acesso \u00e0 sa\u00fade, educa\u00e7\u00e3o e inclus\u00e3o social.<br><br>\u00c9 importante deixar claro: o fato de uma pessoa com nanismo, em determinado momento, consentir ou participar de uma cena como essa n\u00e3o significa que toda a comunidade aceite ou ache engra\u00e7ado.<br><br>Normalizar este tipo de \u201centretenimento\u201d \u00e9 abrir espa\u00e7o para a perpetua\u00e7\u00e3o do preconceito e da viol\u00eancia simb\u00f3lica, minando os avan\u00e7os que temos conquistado com tanto esfor\u00e7o.<br><br>Al\u00e9m do rep\u00fadio social e moral, \u00e9 fundamental ressaltar que o capacitismo \u00e9 crime no Brasil.<br><br>O Artigo 88 da Lei Brasileira de Inclus\u00e3o (Lei n\u00ba 13.146\/2015) estabelece que praticar, induzir ou incitar discrimina\u00e7\u00e3o de pessoa em raz\u00e3o de sua defici\u00eancia \u00e9 crime, com pena de 1 a 3 anos de reclus\u00e3o e multa.<br><br>Caso a v\u00edtima esteja sob cuidado ou responsabilidade de quem comete o crime, a pena pode aumentar em um ter\u00e7o.<br><br>E se a discrimina\u00e7\u00e3o ocorrer por meio de meios de comunica\u00e7\u00e3o ou publica\u00e7\u00f5es \u2014 incluindo postagens na internet e transmiss\u00f5es ao vivo \u2014, a puni\u00e7\u00e3o \u00e9 ainda mais severa: de 2 a 5 anos de reclus\u00e3o e multa.<br><br>A ANNABRA informa que vai se mobilizar e far\u00e1 a den\u00fancia, junto ao Minist\u00e9rio P\u00fablico, para que os desdobramentos legais cab\u00edveis sejam apurados. N\u00e3o ficaremos calados.<br><br>Fazemos um apelo \u00e0 sociedade, \u00e0 m\u00eddia e aos artistas: que usem seus espa\u00e7os e talentos para promover respeito, inclus\u00e3o e consci\u00eancia, n\u00e3o para retroalimentar preconceitos hist\u00f3ricos.<br><br>A ANNABRA seguir\u00e1 vigilante, ativa e firme na defesa da dignidade e dos direitos das pessoas com nanismo.\u201d<\/pre>\n\n\n\n<h2 class=\"wp-block-heading\" id=\"h-capacitismo\"><span id=\"capacitismo\">Capacitismo<\/span><\/h2>\n\n\n\n<p>O <mark style=\"background-color:rgba(0, 0, 0, 0)\" class=\"has-inline-color has-black-color\"><strong>capacitismo<\/strong> <\/mark>est\u00e1 relacionado ao preconceito e discrimina\u00e7\u00e3o contra pessoas com defici\u00eancia. O referido preconceito pode se manifestar de diversas maneiras, at\u00e9 mesmo de forma sutil e naturalizada, refor\u00e7ando a necessidade de aten\u00e7\u00e3o para tal esp\u00e9cie de preconceito.<\/p>\n\n\n\n<p>Apenas de maneira exemplificativa, seria poss\u00edvel a manifesta\u00e7\u00e3o do capacitismo por meio do paternalismo ou infantiliza\u00e7\u00e3o (quando uma pessoa com defici\u00eancia \u00e9 tratada como crian\u00e7a), por meio de linguagem pejorativa (notadamente com a utiliza\u00e7\u00e3o termos extremamente reprov\u00e1veis, a exemplo de &#8220;mongoloide&#8221;, &#8220;retardado&#8221;, &#8220;aleijado&#8221;) e em virtude de barreiras f\u00edsicas e sociais (tal como ocorre com a acessibilidade em espa\u00e7os p\u00fablicos e aus\u00eancia de pol\u00edticas para uma efetiva educa\u00e7\u00e3o inclusiva.<\/p>\n\n\n\n<h3 class=\"wp-block-heading\" id=\"h-precedente-paradigmatico\"><span id=\"precedente-paradigmatico\">Precedente paradigm\u00e1tico<\/span><\/h3>\n\n\n\n<p>Vejamos o cl\u00e1ssico exemplo envolvendo o <strong>arremesso de an\u00f5es<\/strong>. Exemplo interessante \u00e9 lembrado por FARIAS, Cristiano Chaves e ROSENVALD, Nelson, Curso de Direito Civil I \u2013 Parte Geral, 2013, p. 182:<\/p>\n\n\n\n<pre class=\"wp-block-preformatted\">\u201cBem ilustra a hip\u00f3tese, o interessante ac\u00f3rd\u00e3o prolatado pelo Conselho Constitucional da Fran\u00e7a, no c\u00e9lebre caso do \u2018arremesso de an\u00f5es\u2019. Trata-se de um importante precedente da justi\u00e7a francesa, cuidando de um estranho jogo, no qual an\u00f5es eram lan\u00e7ados \u00e0 dist\u00e2ncia, com o aux\u00edlio de um canh\u00e3o de press\u00e3o. Insurgindo-se contra decretos das prefeituras dos locais onde o jogo era praticado, proibindo a divers\u00e3o p\u00fablica, os promotores do jogo ingressaram com medidas judiciais tendendo \u00e0 libera\u00e7\u00e3o do certame. E Manuel Wackenheim<a id=\"_ftnref4\" href=\"#_ftn4\"><sup>[4]<\/sup><\/a>, um an\u00e3o com pouco mais de um metro e quatorze cent\u00edmetros de altura, se habilitou como litisconsorte da demanda. Confirmando a veda\u00e7\u00e3o administrativa, a Casa Judicial francesa reconheceu que o \u201crespeito \u00e0 dignidade humana, conceito absoluto que \u00e9, n\u00e3o poderia cercar-se de quaisquer concess\u00f5es em fun\u00e7\u00e3o de aprecia\u00e7\u00f5es subjetivas que cada um possa ter a seu pr\u00f3prio respeito. Por sua natureza mesma, a dignidade da pessoa humana est\u00e1 fora do com\u00e9rcio\u201d.<\/pre>\n\n\n\n<p>Posteriormente, o caso Manuel Wackenheim chegou \u00e0 Comiss\u00e3o das Na\u00e7\u00f5es Unidas para os Direitos Humanos, a qual julgou \u201cque a decis\u00e3o n\u00e3o era discriminat\u00f3ria aos an\u00f5es, estabelecendo que o banimento do arremesso n\u00e3o era abusivo, e sim necess\u00e1rio para manter a ordem p\u00fablica, fazendo ainda considera\u00e7\u00f5es a respeito da dignidade humana\u201d<a id=\"_ftnref5\" href=\"#_ftn5\"><sup>[5]<\/sup><\/a>.<\/p>\n\n\n\n<h2 class=\"wp-block-heading\" id=\"h-analise-juridica\"><span id=\"analise-juridica\">An\u00e1lise Jur\u00eddica<\/span><\/h2>\n\n\n\n<p>\u00c9 a forte <strong>conex\u00e3o com a ideia de dignidade<\/strong> que ir\u00e1 justificar a fundamentalidade de um direito, ou seja, teremos um direito fundamental quando o direito representar uma forte e relevante concretiza\u00e7\u00e3o da dignidade. Assim, forma-se uma categoria especial de direitos subjetivos.<\/p>\n\n\n\n<div class=\"wp-block-media-text is-stacked-on-mobile\" style=\"grid-template-columns:39% auto\"><figure class=\"wp-block-media-text__media\"><img decoding=\"async\" width=\"1024\" height=\"1024\" src=\"https:\/\/cj.estrategia.com\/portal\/wp-content\/uploads\/2025\/03\/25212209\/observacao-atencao-1024x1024.jpg\" alt=\"Capacitismo\" class=\"wp-image-107935 size-full\" srcset=\"https:\/\/cj.estrategia.com\/portal\/wp-content\/uploads\/2025\/03\/25212209\/observacao-atencao-1024x1024.jpg 1024w, https:\/\/cj.estrategia.com\/portal\/wp-content\/uploads\/2025\/03\/25212209\/observacao-atencao-300x300.jpg 300w, https:\/\/cj.estrategia.com\/portal\/wp-content\/uploads\/2025\/03\/25212209\/observacao-atencao-150x150.jpg 150w, https:\/\/cj.estrategia.com\/portal\/wp-content\/uploads\/2025\/03\/25212209\/observacao-atencao-768x768.jpg 768w, https:\/\/cj.estrategia.com\/portal\/wp-content\/uploads\/2025\/03\/25212209\/observacao-atencao-1536x1536.jpg 1536w, https:\/\/cj.estrategia.com\/portal\/wp-content\/uploads\/2025\/03\/25212209\/observacao-atencao-2048x2048.jpg 2048w, https:\/\/cj.estrategia.com\/portal\/wp-content\/uploads\/2025\/03\/25212209\/observacao-atencao-80x80.jpg 80w, https:\/\/cj.estrategia.com\/portal\/wp-content\/uploads\/2025\/03\/25212209\/observacao-atencao-380x380.jpg 380w, https:\/\/cj.estrategia.com\/portal\/wp-content\/uploads\/2025\/03\/25212209\/observacao-atencao-800x800.jpg 800w, https:\/\/cj.estrategia.com\/portal\/wp-content\/uploads\/2025\/03\/25212209\/observacao-atencao-1160x1160.jpg 1160w, https:\/\/cj.estrategia.com\/portal\/wp-content\/uploads\/2025\/03\/25212209\/observacao-atencao-24x24.jpg 24w, https:\/\/cj.estrategia.com\/portal\/wp-content\/uploads\/2025\/03\/25212209\/observacao-atencao-48x48.jpg 48w, https:\/\/cj.estrategia.com\/portal\/wp-content\/uploads\/2025\/03\/25212209\/observacao-atencao-96x96.jpg 96w, https:\/\/cj.estrategia.com\/portal\/wp-content\/uploads\/2025\/03\/25212209\/observacao-atencao-scaled.jpg 2560w\" sizes=\"(max-width: 1024px) 100vw, 1024px\" \/><\/figure><div class=\"wp-block-media-text__content\">\n<p>Entretanto, de acordo com a doutrina majorit\u00e1ria, os <strong>direitos do homem<\/strong>, que possuem um cunho jusnaturalista, estariam relacionados aos direitos que podem ser exigidos independentemente de positiva\u00e7\u00e3o, pois possuem um car\u00e1ter atemporal, ou seja, existindo em qualquer \u00e9poca ou local.<\/p>\n<\/div><\/div>\n\n\n\n<p>Por seu turno, a partir do momento em que determinados direitos passam a ser positivados no ordenamento jur\u00eddico interno de determinado pa\u00eds, utiliza-se a express\u00e3o <strong><mark style=\"background-color:rgba(0, 0, 0, 0)\" class=\"has-inline-color has-black-color\">direitos fundamentais<\/mark><\/strong>.<\/p>\n\n\n\n<p>Por fim, quando a positiva\u00e7\u00e3o de tais direitos transborda o ordenamento jur\u00eddico interno e passam a ser positivados em tratados internacionais, utiliza-se a express\u00e3o <strong><mark style=\"background-color:rgba(0, 0, 0, 0)\" class=\"has-inline-color has-black-color\">direitos humanos<\/mark><\/strong>.<\/p>\n\n\n\n<pre class=\"wp-block-preformatted\">A doutrina diverge acerca do fundamento filos\u00f3fico dos direitos humanos, notadamente em torno de duas correntes. A <strong>corrente positivista<\/strong> ressalta que os direitos fundamentais retiram seu fundamento do pr\u00f3prio direito positivo. N\u00e3o aceitam o direito natural como fonte de direitos, pois n\u00e3o saem do plano da metaf\u00edsica, sendo apenas declara\u00e7\u00f5es de car\u00e1ter moral, sem condi\u00e7\u00f5es de serem cobrados do Estado.<br><br>Por seu turno, a <strong>corrente jusnaturalista<\/strong> possui fundamenta\u00e7\u00e3o na dignidade da pessoa humana, sendo certo que os direitos humanos seriam inerentes \u00e0 natureza humana, independente de positiva\u00e7\u00e3o do Estado. Aqui, destaco a conhecida express\u00e3o de Hannah Arendt, com a ideia de \u201cdireito a ter direitos\u201d.<\/pre>\n\n\n\n<p>Avan\u00e7ando, entraremos nas caracter\u00edsticas dos <strong><a href=\"https:\/\/www.estrategiaconcursos.com.br\/promocoes\/assinaturas-ecj\/\" target=\"_blank\" >Direitos Fundamentais<\/a><\/strong>, dentre as quais destacamos a historicidade, universalidade, relatividade ou limitabilidade, inalienabilidade, imprescritibilidade e a irrenunciabilidade. No ponto, iremos focar nossa aten\u00e7\u00e3o na \u00faltima caracter\u00edstica apresentada.<\/p>\n\n\n\n<p>Isso porque, conforme a doutrina, os direitos fundamentais <strong>n\u00e3o podem ser renunciados<\/strong>. Por\u00e9m, isso n\u00e3o se confunde com o seu <strong>n\u00e3o exerc\u00edcio<\/strong>. Assim, eventualmente, um indiv\u00edduo poder\u00e1 n\u00e3o exercer o seu direito fundamental, o que n\u00e3o se confunde com a irrenunciabilidade, conforme ocorre, por exemplo, com o direito \u00e0 intimidade nos denominados \u201creality shows\u201d. Entrementes, a doutrina aponta que o seu n\u00e3o exerc\u00edcio somente poder\u00e1 ocorrer desde que n\u00e3o exista viola\u00e7\u00e3o da dignidade da pessoa humana, o que justificaria a proibi\u00e7\u00e3o do arremesso de an\u00f5es, uma vez que existiria a viola\u00e7\u00e3o da dignidade das pessoas com nanismo como um todo, independentemente de vis\u00f5es subjetivas sobre o tema.<\/p>\n\n\n\n<h2 class=\"wp-block-heading\" id=\"h-conclusao\"><span id=\"conclusao\">Conclus\u00e3o<\/span><\/h2>\n\n\n\n<p>Por fim, destaca-se que o tema \u00e9 controvertido, notadamente diante da relatividade dos direitos fundamentais (possibilidade de os direitos fundamentais sofrerem limita\u00e7\u00f5es). Ademais, destaca-se que Manuel Wackenheim desejava seu emprego na casa noturna francesa, destacando que \u201cele alegava que finalmente tinha um emprego, amigos, sal\u00e1rio e gorjetas e que se sentia parte da sociedade e que se mantivesse a proibi\u00e7\u00e3o ele teria que voltar para a vida de antes dele, a qual ele se sentia abandonado e invis\u00edvel, sem emprego fixo, ele n\u00e3o se sentia parte da sociedade\u201d<a id=\"_ftnref6\" href=\"#_ftn6\"><sup>[6]<\/sup><\/a>. No mesmo sentido, a influenciadora que subiu no palco de Nattan declarou:<\/p>\n\n\n\n<pre class=\"wp-block-verse\">\u201cAcho toda essa repercuss\u00e3o rid\u00edcula. N\u00e3o me senti ofendida. Foi um momento de alegria no palco. N\u00e3o teve nada de capacitismo ali. Primeiro, porque fui eu quem me ofereceu para subir no palco. Segundo, porque sou influenciadora e adoro entretenimento. Aquilo, para mim, foi tudo o que eu queria. Ele nem estava me vendo. Eu \u00e9 que fiquei pedindo para subir no palco\". Ele me tratou super bem, me deu toda a aten\u00e7\u00e3o do mundo. \u00c9 uma pessoa maravilhosa\"<a id=\"_ftnref7\" href=\"#_ftn7\"><sup>[7]<\/sup><\/a>.<\/pre>\n\n\n\n<p>Vamos aguardar os desdobramentos do caso. Se inscrevam no canal do Estrat\u00e9gia Carreiras Jur\u00eddicas para se manter sempre bem-informado!<\/p>\n\n\n\n<hr class=\"wp-block-separator has-alpha-channel-opacity\"\/>\n\n\n\n<p><a id=\"_ftn1\" href=\"#_ftnref1\">[1]<\/a> Dispon\u00edvel em <a href=\"https:\/\/g1.globo.com\/pop-arte\/diversidade\/noticia\/2025\/08\/07\/o-que-e-capacitismo-entenda-debate-nas-redes-apos-nattan-pagar-r-1-mil-para-homem-beijar-mulher-com-nanismo.ghtml\" target=\"_blank\" >https:\/\/g1.globo.com\/pop-arte\/diversidade\/noticia\/2025\/08\/07\/o-que-e-capacitismo-entenda-debate-nas-redes-apos-nattan-pagar-r-1-mil-para-homem-beijar-mulher-com-nanismo.ghtml<\/a>. Acesso em 13 de agosto de 2025.<\/p>\n\n\n\n<p><a id=\"_ftn2\" href=\"#_ftnref2\">[2]<\/a> Dispon\u00edvel em <a href=\"https:\/\/www.cnnbrasil.com.br\/nacional\/nordeste\/pe\/nattan-oferece-r-1-mil-por-beijo-em-mulher-com-nanismo-associacao-repudia\/\" target=\"_blank\" >https:\/\/www.cnnbrasil.com.br\/nacional\/nordeste\/pe\/nattan-oferece-r-1-mil-por-beijo-em-mulher-com-nanismo-associacao-repudia\/<\/a>. &nbsp;Acesso em 13 de agosto de 2025.<\/p>\n\n\n\n<p><a id=\"_ftn3\" href=\"#_ftnref3\">[3]<\/a>Dispon\u00edvel em <a href=\"https:\/\/www.folhape.com.br\/cultura\/associacao-de-pessoas-com-nanismo-denuncia-nattan-por-desafio\/429730\/\" target=\"_blank\" >https:\/\/www.folhape.com.br\/cultura\/associacao-de-pessoas-com-nanismo-denuncia-nattan-por-desafio\/429730\/<\/a>. Acesso em 13 de agosto de 2025.<\/p>\n\n\n\n<p><a href=\"#_ftnref4\" id=\"_ftn4\">[4]<\/a> O an\u00e3o desejava manter seu emprego, sob o argumento de que necessitava daquele trabalho para a sua sobreviv\u00eancia, argumentando que era ele quem deveria decidir como ganhar a vida.<\/p>\n\n\n\n<p><a id=\"_ftn5\" href=\"#_ftnref5\">[5]<\/a>&nbsp; Dispon\u00edvel em <a href=\"https:\/\/pt.wikipedia.org\/wiki\/Arremesso_de_an%C3%A3o\" target=\"_blank\" >https:\/\/pt.wikipedia.org\/wiki\/Arremesso_de_an%C3%A3o<\/a>. Acesso em 14 de julho de 2025.<\/p>\n\n\n\n<p><a id=\"_ftn6\" href=\"#_ftnref6\">[6]<\/a> Dispon\u00edvel em <a href=\"https:\/\/www.jusbrasil.com.br\/artigos\/arremesso-de-anoes-e-a-dignidade-da-pessoa-humana\/1633603531\" target=\"_blank\" >https:\/\/www.jusbrasil.com.br\/artigos\/arremesso-de-anoes-e-a-dignidade-da-pessoa-humana\/1633603531<\/a>. Acesso em 14 de julho de 2025.<\/p>\n\n\n\n<p><a id=\"_ftn7\" href=\"#_ftnref7\">[7]<\/a> Dispon\u00edvel em <a href=\"https:\/\/www.terra.com.br\/diversao\/gente\/apos-polemica-fa-com-nanismo-defende-nattan-nao-me-senti-ofendida,dd8b3e32f716f8190880a0d12f284b1dm0mc0sj3.html\" target=\"_blank\" >https:\/\/www.terra.com.br\/diversao\/gente\/apos-polemica-fa-com-nanismo-defende-nattan-nao-me-senti-ofendida,dd8b3e32f716f8190880a0d12f284b1dm0mc0sj3.html<\/a>. Acesso em 13 de agosto de 2015.<\/p>\n\n\n\n<hr class=\"wp-block-separator has-alpha-channel-opacity\"\/>\n\n\n\n<h2 class=\"wp-block-heading has-text-align-center\" id=\"h-quer-saber-quais-serao-os-proximos-concursos\"><span id=\"quer-saber-quais-serao-os-proximos-concursos\">Quer saber quais ser\u00e3o os pr\u00f3ximos concursos?<\/span><\/h2>\n\n\n\n<pre class=\"wp-block-verse has-text-align-center\">Confira nossos&nbsp;<a href=\"https:\/\/cj.estrategia.com\/portal\/\" target=\"_blank\" >artigos para Carreiras Jur\u00eddicas<\/a>!<\/pre>\n\n\n\n<p class=\"has-text-align-center has-white-color has-pale-cyan-blue-background-color has-text-color has-background has-link-color wp-elements-723b3278bf14a50a5e7b7e937b9a17d4\"><a href=\"https:\/\/cj.estrategia.com\/portal\/concursos-abertos-carreiras-juridicas\/\">Concursos jur\u00eddicos abertos<\/a><\/p>\n\n\n\n<p class=\"has-text-align-center has-white-color has-pale-cyan-blue-background-color has-text-color has-background has-link-color wp-elements-41349f36dc977263ca2129bf0f6dd541\"><a href=\"https:\/\/cj.estrategia.com\/portal\/concursos-2025-carreiras-juridicas\/\" target=\"_blank\" >Concursos jur\u00eddicos 2025<\/a><\/p>\n","protected":false},"excerpt":{"rendered":"* Marcos Vin\u00edcius Manso Lopes Gomes. Defensor P\u00fablico do estado de S\u00e3o Paulo. Professor de Direito Constitucional do&hellip;\n","protected":false},"author":54,"featured_media":144004,"comment_status":"open","ping_status":"open","sticky":false,"template":"","format":"standard","meta":{"_jetpack_memberships_contains_paid_content":false,"footnotes":""},"categories":[1],"tags":[336,3129,507,579,578,453,1744],"tax_estado":[46],"class_list":{"0":"post-143998","1":"post","2":"type-post","3":"status-publish","4":"format-standard","5":"has-post-thumbnail","7":"category-carreiras-juridicas","8":"tag-analise-juridica","9":"tag-capacitismo","10":"tag-dignidade-da-pessoa-humana","11":"tag-direitos-fundamentais","12":"tag-direitos-humanos","13":"tag-discriminacao","14":"tag-preconceito","15":"tax_estado-pe"},"acf":[],"yoast_head":"<!-- This site is optimized with the Yoast SEO Premium plugin v27.4 (Yoast SEO v27.4) - https:\/\/yoast.com\/product\/yoast-seo-premium-wordpress\/ -->\n<title>Capacitismo em show e a prote\u00e7\u00e3o da dignidade humana<\/title>\n<meta name=\"description\" content=\"Em show, o cantor Nattan foi acusado de capacitismo, o preconceito e discrimina\u00e7\u00e3o contra pessoas com defici\u00eancia.\" \/>\n<meta name=\"robots\" content=\"index, follow, max-snippet:-1, max-image-preview:large, max-video-preview:-1\" \/>\n<link rel=\"canonical\" href=\"https:\/\/cj.estrategia.com\/portal\/capacitismo-show-nattan-dignidade\/\" \/>\n<meta property=\"og:locale\" content=\"pt_BR\" \/>\n<meta property=\"og:type\" content=\"article\" \/>\n<meta property=\"og:title\" content=\"Capacitismo em show e a prote\u00e7\u00e3o da dignidade humana\" \/>\n<meta property=\"og:description\" content=\"Em show, o cantor Nattan foi acusado de capacitismo, o preconceito e discrimina\u00e7\u00e3o contra pessoas com defici\u00eancia.\" \/>\n<meta property=\"og:url\" content=\"https:\/\/cj.estrategia.com\/portal\/capacitismo-show-nattan-dignidade\/\" \/>\n<meta property=\"og:site_name\" content=\"Blog - Carreiras Jur\u00eddicas - Estrat\u00e9gia\" \/>\n<meta property=\"article:publisher\" content=\"https:\/\/www.facebook.com\/estrategiacarreirajuridica\/\" \/>\n<meta property=\"article:published_time\" content=\"2025-08-16T16:46:32+00:00\" \/>\n<meta property=\"article:modified_time\" content=\"2025-08-25T17:13:32+00:00\" \/>\n<meta property=\"og:image\" content=\"https:\/\/cj.estrategia.com\/portal\/wp-content\/uploads\/2025\/08\/16133915\/capacitismo-deficiencia-2.png\" \/>\n\t<meta property=\"og:image:width\" content=\"1032\" \/>\n\t<meta property=\"og:image:height\" content=\"776\" \/>\n\t<meta property=\"og:image:type\" content=\"image\/png\" \/>\n<meta name=\"author\" content=\"Marcos Gomes\" \/>\n<meta name=\"twitter:card\" content=\"summary_large_image\" \/>\n<meta name=\"twitter:creator\" content=\"@EstratJuridica\" \/>\n<meta name=\"twitter:site\" content=\"@EstratJuridica\" \/>\n<meta name=\"twitter:label1\" content=\"Escrito por\" \/>\n\t<meta name=\"twitter:data1\" content=\"Marcos Gomes\" \/>\n\t<meta name=\"twitter:label2\" content=\"Est. tempo de leitura\" \/>\n\t<meta name=\"twitter:data2\" content=\"5 minutos\" \/>\n<script type=\"application\/ld+json\" class=\"yoast-schema-graph\">{\"@context\":\"https:\\\/\\\/schema.org\",\"@graph\":[{\"@type\":\"NewsArticle\",\"@id\":\"https:\\\/\\\/cj.estrategia.com\\\/portal\\\/capacitismo-show-nattan-dignidade\\\/#article\",\"isPartOf\":{\"@id\":\"https:\\\/\\\/cj.estrategia.com\\\/portal\\\/capacitismo-show-nattan-dignidade\\\/\"},\"author\":{\"name\":\"Marcos Gomes\",\"@id\":\"https:\\\/\\\/cj.estrategia.com\\\/portal\\\/#\\\/schema\\\/person\\\/aa7e4ed652b4a209e40869071fda4361\"},\"headline\":\"Capacitismo em show e a prote\u00e7\u00e3o da dignidade humana\",\"datePublished\":\"2025-08-16T16:46:32+00:00\",\"dateModified\":\"2025-08-25T17:13:32+00:00\",\"mainEntityOfPage\":{\"@id\":\"https:\\\/\\\/cj.estrategia.com\\\/portal\\\/capacitismo-show-nattan-dignidade\\\/\"},\"wordCount\":954,\"commentCount\":0,\"publisher\":{\"@id\":\"https:\\\/\\\/cj.estrategia.com\\\/portal\\\/#organization\"},\"image\":{\"@id\":\"https:\\\/\\\/cj.estrategia.com\\\/portal\\\/capacitismo-show-nattan-dignidade\\\/#primaryimage\"},\"thumbnailUrl\":\"https:\\\/\\\/cj.estrategia.com\\\/portal\\\/wp-content\\\/uploads\\\/2025\\\/08\\\/16133915\\\/capacitismo-deficiencia-2.png\",\"keywords\":[\"an\u00e1lise jur\u00eddica\",\"capacitismo\",\"dignidade da pessoa humana\",\"direitos fundamentais\",\"direitos humanos\",\"discrimina\u00e7\u00e3o\",\"preconceito\"],\"articleSection\":[\"Carreiras Jur\u00eddicas\"],\"inLanguage\":\"pt-BR\",\"potentialAction\":[{\"@type\":\"CommentAction\",\"name\":\"Comment\",\"target\":[\"https:\\\/\\\/cj.estrategia.com\\\/portal\\\/capacitismo-show-nattan-dignidade\\\/#respond\"]}]},{\"@type\":\"WebPage\",\"@id\":\"https:\\\/\\\/cj.estrategia.com\\\/portal\\\/capacitismo-show-nattan-dignidade\\\/\",\"url\":\"https:\\\/\\\/cj.estrategia.com\\\/portal\\\/capacitismo-show-nattan-dignidade\\\/\",\"name\":\"Capacitismo em show e a prote\u00e7\u00e3o da dignidade humana\",\"isPartOf\":{\"@id\":\"https:\\\/\\\/cj.estrategia.com\\\/portal\\\/#website\"},\"primaryImageOfPage\":{\"@id\":\"https:\\\/\\\/cj.estrategia.com\\\/portal\\\/capacitismo-show-nattan-dignidade\\\/#primaryimage\"},\"image\":{\"@id\":\"https:\\\/\\\/cj.estrategia.com\\\/portal\\\/capacitismo-show-nattan-dignidade\\\/#primaryimage\"},\"thumbnailUrl\":\"https:\\\/\\\/cj.estrategia.com\\\/portal\\\/wp-content\\\/uploads\\\/2025\\\/08\\\/16133915\\\/capacitismo-deficiencia-2.png\",\"datePublished\":\"2025-08-16T16:46:32+00:00\",\"dateModified\":\"2025-08-25T17:13:32+00:00\",\"description\":\"Em show, o cantor Nattan foi acusado de capacitismo, o preconceito e discrimina\u00e7\u00e3o contra pessoas com defici\u00eancia.\",\"breadcrumb\":{\"@id\":\"https:\\\/\\\/cj.estrategia.com\\\/portal\\\/capacitismo-show-nattan-dignidade\\\/#breadcrumb\"},\"inLanguage\":\"pt-BR\",\"potentialAction\":[{\"@type\":\"ReadAction\",\"target\":[\"https:\\\/\\\/cj.estrategia.com\\\/portal\\\/capacitismo-show-nattan-dignidade\\\/\"]}]},{\"@type\":\"ImageObject\",\"inLanguage\":\"pt-BR\",\"@id\":\"https:\\\/\\\/cj.estrategia.com\\\/portal\\\/capacitismo-show-nattan-dignidade\\\/#primaryimage\",\"url\":\"https:\\\/\\\/cj.estrategia.com\\\/portal\\\/wp-content\\\/uploads\\\/2025\\\/08\\\/16133915\\\/capacitismo-deficiencia-2.png\",\"contentUrl\":\"https:\\\/\\\/cj.estrategia.com\\\/portal\\\/wp-content\\\/uploads\\\/2025\\\/08\\\/16133915\\\/capacitismo-deficiencia-2.png\",\"width\":1032,\"height\":776},{\"@type\":\"BreadcrumbList\",\"@id\":\"https:\\\/\\\/cj.estrategia.com\\\/portal\\\/capacitismo-show-nattan-dignidade\\\/#breadcrumb\",\"itemListElement\":[{\"@type\":\"ListItem\",\"position\":1,\"name\":\"In\u00edcio\",\"item\":\"https:\\\/\\\/cj.estrategia.com\\\/portal\\\/\"},{\"@type\":\"ListItem\",\"position\":2,\"name\":\"Capacitismo em show e a prote\u00e7\u00e3o da dignidade humana\"}]},{\"@type\":\"WebSite\",\"@id\":\"https:\\\/\\\/cj.estrategia.com\\\/portal\\\/#website\",\"url\":\"https:\\\/\\\/cj.estrategia.com\\\/portal\\\/\",\"name\":\"Blog - Carreiras Jur\u00eddicas - Estrat\u00e9gia\",\"description\":\"\",\"publisher\":{\"@id\":\"https:\\\/\\\/cj.estrategia.com\\\/portal\\\/#organization\"},\"potentialAction\":[{\"@type\":\"SearchAction\",\"target\":{\"@type\":\"EntryPoint\",\"urlTemplate\":\"https:\\\/\\\/cj.estrategia.com\\\/portal\\\/?s={search_term_string}\"},\"query-input\":{\"@type\":\"PropertyValueSpecification\",\"valueRequired\":true,\"valueName\":\"search_term_string\"}}],\"inLanguage\":\"pt-BR\"},{\"@type\":\"Organization\",\"@id\":\"https:\\\/\\\/cj.estrategia.com\\\/portal\\\/#organization\",\"name\":\"Estrat\u00e9gia - Carreiras Jur\u00eddicas\",\"url\":\"https:\\\/\\\/cj.estrategia.com\\\/portal\\\/\",\"logo\":{\"@type\":\"ImageObject\",\"inLanguage\":\"pt-BR\",\"@id\":\"https:\\\/\\\/cj.estrategia.com\\\/portal\\\/#\\\/schema\\\/logo\\\/image\\\/\",\"url\":\"https:\\\/\\\/cj.estrategia.com\\\/portal\\\/wp-content\\\/uploads\\\/2022\\\/03\\\/11151052\\\/cj-logo.png\",\"contentUrl\":\"https:\\\/\\\/cj.estrategia.com\\\/portal\\\/wp-content\\\/uploads\\\/2022\\\/03\\\/11151052\\\/cj-logo.png\",\"width\":150,\"height\":39,\"caption\":\"Estrat\u00e9gia - Carreiras Jur\u00eddicas\"},\"image\":{\"@id\":\"https:\\\/\\\/cj.estrategia.com\\\/portal\\\/#\\\/schema\\\/logo\\\/image\\\/\"},\"sameAs\":[\"https:\\\/\\\/www.facebook.com\\\/estrategiacarreirajuridica\\\/\",\"https:\\\/\\\/x.com\\\/EstratJuridica\",\"https:\\\/\\\/www.instagram.com\\\/estrategiacarreirajuridica\\\/\",\"https:\\\/\\\/www.youtube.com\\\/channel\\\/UClbMGuYbj2Mh1m3w144ETWQ\"]},{\"@type\":\"Person\",\"@id\":\"https:\\\/\\\/cj.estrategia.com\\\/portal\\\/#\\\/schema\\\/person\\\/aa7e4ed652b4a209e40869071fda4361\",\"name\":\"Marcos Gomes\",\"image\":{\"@type\":\"ImageObject\",\"inLanguage\":\"pt-BR\",\"@id\":\"https:\\\/\\\/cj.estrategia.com\\\/portal\\\/wp-content\\\/uploads\\\/2023\\\/06\\\/01191815\\\/IMG_8949-96x96.jpg\",\"url\":\"https:\\\/\\\/cj.estrategia.com\\\/portal\\\/wp-content\\\/uploads\\\/2023\\\/06\\\/01191815\\\/IMG_8949-96x96.jpg\",\"contentUrl\":\"https:\\\/\\\/cj.estrategia.com\\\/portal\\\/wp-content\\\/uploads\\\/2023\\\/06\\\/01191815\\\/IMG_8949-96x96.jpg\",\"caption\":\"Marcos Gomes\"},\"description\":\"Defensor P\u00fablico do Estado de S\u00e3o Paulo. Especialista em Direito P\u00fablico. Professor de Direito Constitucional e Princ\u00edpios Institucionais no Estrat\u00e9gia Carreiras Jur\u00eddicas. Coordenador da Cole\u00e7\u00e3o Defensoria Ponto a Ponto.\",\"url\":\"https:\\\/\\\/cj.estrategia.com\\\/portal\\\/author\\\/marcos-gomes\\\/\"}]}<\/script>\n<!-- \/ Yoast SEO Premium plugin. -->","yoast_head_json":{"title":"Capacitismo em show e a prote\u00e7\u00e3o da dignidade humana","description":"Em show, o cantor Nattan foi acusado de capacitismo, o preconceito e discrimina\u00e7\u00e3o contra pessoas com defici\u00eancia.","robots":{"index":"index","follow":"follow","max-snippet":"max-snippet:-1","max-image-preview":"max-image-preview:large","max-video-preview":"max-video-preview:-1"},"canonical":"https:\/\/cj.estrategia.com\/portal\/capacitismo-show-nattan-dignidade\/","og_locale":"pt_BR","og_type":"article","og_title":"Capacitismo em show e a prote\u00e7\u00e3o da dignidade humana","og_description":"Em show, o cantor Nattan foi acusado de capacitismo, o preconceito e discrimina\u00e7\u00e3o contra pessoas com defici\u00eancia.","og_url":"https:\/\/cj.estrategia.com\/portal\/capacitismo-show-nattan-dignidade\/","og_site_name":"Blog - Carreiras Jur\u00eddicas - Estrat\u00e9gia","article_publisher":"https:\/\/www.facebook.com\/estrategiacarreirajuridica\/","article_published_time":"2025-08-16T16:46:32+00:00","article_modified_time":"2025-08-25T17:13:32+00:00","og_image":[{"width":1032,"height":776,"url":"https:\/\/cj.estrategia.com\/portal\/wp-content\/uploads\/2025\/08\/16133915\/capacitismo-deficiencia-2.png","type":"image\/png"}],"author":"Marcos Gomes","twitter_card":"summary_large_image","twitter_creator":"@EstratJuridica","twitter_site":"@EstratJuridica","twitter_misc":{"Escrito por":"Marcos Gomes","Est. tempo de leitura":"5 minutos"},"schema":{"@context":"https:\/\/schema.org","@graph":[{"@type":"NewsArticle","@id":"https:\/\/cj.estrategia.com\/portal\/capacitismo-show-nattan-dignidade\/#article","isPartOf":{"@id":"https:\/\/cj.estrategia.com\/portal\/capacitismo-show-nattan-dignidade\/"},"author":{"name":"Marcos Gomes","@id":"https:\/\/cj.estrategia.com\/portal\/#\/schema\/person\/aa7e4ed652b4a209e40869071fda4361"},"headline":"Capacitismo em show e a prote\u00e7\u00e3o da dignidade humana","datePublished":"2025-08-16T16:46:32+00:00","dateModified":"2025-08-25T17:13:32+00:00","mainEntityOfPage":{"@id":"https:\/\/cj.estrategia.com\/portal\/capacitismo-show-nattan-dignidade\/"},"wordCount":954,"commentCount":0,"publisher":{"@id":"https:\/\/cj.estrategia.com\/portal\/#organization"},"image":{"@id":"https:\/\/cj.estrategia.com\/portal\/capacitismo-show-nattan-dignidade\/#primaryimage"},"thumbnailUrl":"https:\/\/cj.estrategia.com\/portal\/wp-content\/uploads\/2025\/08\/16133915\/capacitismo-deficiencia-2.png","keywords":["an\u00e1lise jur\u00eddica","capacitismo","dignidade da pessoa humana","direitos fundamentais","direitos humanos","discrimina\u00e7\u00e3o","preconceito"],"articleSection":["Carreiras Jur\u00eddicas"],"inLanguage":"pt-BR","potentialAction":[{"@type":"CommentAction","name":"Comment","target":["https:\/\/cj.estrategia.com\/portal\/capacitismo-show-nattan-dignidade\/#respond"]}]},{"@type":"WebPage","@id":"https:\/\/cj.estrategia.com\/portal\/capacitismo-show-nattan-dignidade\/","url":"https:\/\/cj.estrategia.com\/portal\/capacitismo-show-nattan-dignidade\/","name":"Capacitismo em show e a prote\u00e7\u00e3o da dignidade humana","isPartOf":{"@id":"https:\/\/cj.estrategia.com\/portal\/#website"},"primaryImageOfPage":{"@id":"https:\/\/cj.estrategia.com\/portal\/capacitismo-show-nattan-dignidade\/#primaryimage"},"image":{"@id":"https:\/\/cj.estrategia.com\/portal\/capacitismo-show-nattan-dignidade\/#primaryimage"},"thumbnailUrl":"https:\/\/cj.estrategia.com\/portal\/wp-content\/uploads\/2025\/08\/16133915\/capacitismo-deficiencia-2.png","datePublished":"2025-08-16T16:46:32+00:00","dateModified":"2025-08-25T17:13:32+00:00","description":"Em show, o cantor Nattan foi acusado de capacitismo, o preconceito e discrimina\u00e7\u00e3o contra pessoas com defici\u00eancia.","breadcrumb":{"@id":"https:\/\/cj.estrategia.com\/portal\/capacitismo-show-nattan-dignidade\/#breadcrumb"},"inLanguage":"pt-BR","potentialAction":[{"@type":"ReadAction","target":["https:\/\/cj.estrategia.com\/portal\/capacitismo-show-nattan-dignidade\/"]}]},{"@type":"ImageObject","inLanguage":"pt-BR","@id":"https:\/\/cj.estrategia.com\/portal\/capacitismo-show-nattan-dignidade\/#primaryimage","url":"https:\/\/cj.estrategia.com\/portal\/wp-content\/uploads\/2025\/08\/16133915\/capacitismo-deficiencia-2.png","contentUrl":"https:\/\/cj.estrategia.com\/portal\/wp-content\/uploads\/2025\/08\/16133915\/capacitismo-deficiencia-2.png","width":1032,"height":776},{"@type":"BreadcrumbList","@id":"https:\/\/cj.estrategia.com\/portal\/capacitismo-show-nattan-dignidade\/#breadcrumb","itemListElement":[{"@type":"ListItem","position":1,"name":"In\u00edcio","item":"https:\/\/cj.estrategia.com\/portal\/"},{"@type":"ListItem","position":2,"name":"Capacitismo em show e a prote\u00e7\u00e3o da dignidade humana"}]},{"@type":"WebSite","@id":"https:\/\/cj.estrategia.com\/portal\/#website","url":"https:\/\/cj.estrategia.com\/portal\/","name":"Blog - Carreiras Jur\u00eddicas - Estrat\u00e9gia","description":"","publisher":{"@id":"https:\/\/cj.estrategia.com\/portal\/#organization"},"potentialAction":[{"@type":"SearchAction","target":{"@type":"EntryPoint","urlTemplate":"https:\/\/cj.estrategia.com\/portal\/?s={search_term_string}"},"query-input":{"@type":"PropertyValueSpecification","valueRequired":true,"valueName":"search_term_string"}}],"inLanguage":"pt-BR"},{"@type":"Organization","@id":"https:\/\/cj.estrategia.com\/portal\/#organization","name":"Estrat\u00e9gia - Carreiras Jur\u00eddicas","url":"https:\/\/cj.estrategia.com\/portal\/","logo":{"@type":"ImageObject","inLanguage":"pt-BR","@id":"https:\/\/cj.estrategia.com\/portal\/#\/schema\/logo\/image\/","url":"https:\/\/cj.estrategia.com\/portal\/wp-content\/uploads\/2022\/03\/11151052\/cj-logo.png","contentUrl":"https:\/\/cj.estrategia.com\/portal\/wp-content\/uploads\/2022\/03\/11151052\/cj-logo.png","width":150,"height":39,"caption":"Estrat\u00e9gia - Carreiras Jur\u00eddicas"},"image":{"@id":"https:\/\/cj.estrategia.com\/portal\/#\/schema\/logo\/image\/"},"sameAs":["https:\/\/www.facebook.com\/estrategiacarreirajuridica\/","https:\/\/x.com\/EstratJuridica","https:\/\/www.instagram.com\/estrategiacarreirajuridica\/","https:\/\/www.youtube.com\/channel\/UClbMGuYbj2Mh1m3w144ETWQ"]},{"@type":"Person","@id":"https:\/\/cj.estrategia.com\/portal\/#\/schema\/person\/aa7e4ed652b4a209e40869071fda4361","name":"Marcos Gomes","image":{"@type":"ImageObject","inLanguage":"pt-BR","@id":"https:\/\/cj.estrategia.com\/portal\/wp-content\/uploads\/2023\/06\/01191815\/IMG_8949-96x96.jpg","url":"https:\/\/cj.estrategia.com\/portal\/wp-content\/uploads\/2023\/06\/01191815\/IMG_8949-96x96.jpg","contentUrl":"https:\/\/cj.estrategia.com\/portal\/wp-content\/uploads\/2023\/06\/01191815\/IMG_8949-96x96.jpg","caption":"Marcos Gomes"},"description":"Defensor P\u00fablico do Estado de S\u00e3o Paulo. Especialista em Direito P\u00fablico. Professor de Direito Constitucional e Princ\u00edpios Institucionais no Estrat\u00e9gia Carreiras Jur\u00eddicas. Coordenador da Cole\u00e7\u00e3o Defensoria Ponto a Ponto.","url":"https:\/\/cj.estrategia.com\/portal\/author\/marcos-gomes\/"}]}},"jetpack_featured_media_url":"https:\/\/cj.estrategia.com\/portal\/wp-content\/uploads\/2025\/08\/16133915\/capacitismo-deficiencia-2.png","jetpack_sharing_enabled":true,"_links":{"self":[{"href":"https:\/\/cj.estrategia.com\/portal\/wp-json\/wp\/v2\/posts\/143998","targetHints":{"allow":["GET"]}}],"collection":[{"href":"https:\/\/cj.estrategia.com\/portal\/wp-json\/wp\/v2\/posts"}],"about":[{"href":"https:\/\/cj.estrategia.com\/portal\/wp-json\/wp\/v2\/types\/post"}],"author":[{"embeddable":true,"href":"https:\/\/cj.estrategia.com\/portal\/wp-json\/wp\/v2\/users\/54"}],"replies":[{"embeddable":true,"href":"https:\/\/cj.estrategia.com\/portal\/wp-json\/wp\/v2\/comments?post=143998"}],"version-history":[{"count":4,"href":"https:\/\/cj.estrategia.com\/portal\/wp-json\/wp\/v2\/posts\/143998\/revisions"}],"predecessor-version":[{"id":145586,"href":"https:\/\/cj.estrategia.com\/portal\/wp-json\/wp\/v2\/posts\/143998\/revisions\/145586"}],"wp:featuredmedia":[{"embeddable":true,"href":"https:\/\/cj.estrategia.com\/portal\/wp-json\/wp\/v2\/media\/144004"}],"wp:attachment":[{"href":"https:\/\/cj.estrategia.com\/portal\/wp-json\/wp\/v2\/media?parent=143998"}],"wp:term":[{"taxonomy":"category","embeddable":true,"href":"https:\/\/cj.estrategia.com\/portal\/wp-json\/wp\/v2\/categories?post=143998"},{"taxonomy":"post_tag","embeddable":true,"href":"https:\/\/cj.estrategia.com\/portal\/wp-json\/wp\/v2\/tags?post=143998"},{"taxonomy":"tax_estado","embeddable":true,"href":"https:\/\/cj.estrategia.com\/portal\/wp-json\/wp\/v2\/tax_estado?post=143998"}],"curies":[{"name":"wp","href":"https:\/\/api.w.org\/{rel}","templated":true}]}}