{"id":143981,"date":"2025-08-16T11:08:26","date_gmt":"2025-08-16T14:08:26","guid":{"rendered":"https:\/\/cj.estrategia.com\/portal\/?p=143981"},"modified":"2025-08-25T14:26:25","modified_gmt":"2025-08-25T17:26:25","slug":"caso-isabella-nardoni-progressao-regime","status":"publish","type":"post","link":"https:\/\/cj.estrategia.com\/portal\/caso-isabella-nardoni-progressao-regime\/","title":{"rendered":"O caso Isabella Nardoni e a progress\u00e3o de regime: justi\u00e7a cumprida ou puni\u00e7\u00e3o branda?"},"content":{"rendered":"\n<h2 class=\"wp-block-heading\" id=\"h-entenda-o-caso\"><span id=\"entenda-o-caso\">Entenda o caso<\/span><\/h2>\n\n\n\n<p>No dia 29 de mar\u00e7o de 2008, por volta das 23h49, na Rua Santa Leoc\u00e1dia, n\u00ba 138, apartamento 62, Vila Isolina Mazei, em S\u00e3o Paulo, Alexandre Alves Nardoni e Anna Carolina Trotta Peixoto Jatob\u00e1, agindo em concurso e com identidade de prop\u00f3sitos, praticaram o crime <strong>homic\u00eddio triplamente qualificado<\/strong> contra Isabella Oliveira Nardoni, filha de Alexandre e enteada de Anna Carolina.<\/p>\n\n\n\n<p>A den\u00fancia apontou que a v\u00edtima foi morta por meio cruel (asfixia mec\u00e2nica e sofrimento intenso), com utiliza\u00e7\u00e3o de recurso que impossibilitou sua defesa (surpresa na esganadura e lan\u00e7amento inconsciente pela janela), e com o objetivo de ocultar crime anteriormente cometido (asfixia e ferimentos pr\u00e9vios).<\/p>\n\n\n\n<p>Ap\u00f3s o homic\u00eddio, segundo a acusa\u00e7\u00e3o, os r\u00e9us alteraram a cena do crime, configurando <strong><mark style=\"background-color:rgba(0, 0, 0, 0)\" class=\"has-inline-color has-black-color\">fraude processual qualificada<\/mark><\/strong>, com a finalidade de induzir a erro o juiz e os peritos.<\/p>\n\n\n\n<p>Ap\u00f3s o devido processo legal, em 27 de mar\u00e7o de 2010, a condena\u00e7\u00e3o de Alexandre Alves Nardoni foi a:<a id=\"_ftnref1\" href=\"#_ftn1\"><sup>[1]<\/sup><\/a><\/p>\n\n\n\n<ul class=\"wp-block-list\">\n<li><strong>31 anos, 1 m\u00eas e 10 dias de reclus\u00e3o<\/strong>, pelo homic\u00eddio triplamente qualificado contra descendente, com agravantes previstas nos arts. 121, \u00a72\u00ba, incisos III, IV e V c.c. \u00a74\u00ba, parte final, art. 13, \u00a72\u00ba, al\u00ednea \u201ca\u201d (quanto \u00e0 asfixia), art. 61, inciso II, al\u00ednea \u201ce\u201d, segunda figura, e art. 29, todos do C\u00f3digo Penal, com cumprimento inicial em regime fechado, sem direito a <em>sursis<\/em>.<\/li>\n\n\n\n<li><strong>8 meses de deten\u00e7\u00e3o<\/strong>, pela pr\u00e1tica de fraude processual qualificada (art. 347, par\u00e1grafo \u00fanico, do C\u00f3digo Penal), em regime inicial semiaberto, sem sursis, al\u00e9m de 24 dias-multa no valor unit\u00e1rio m\u00ednimo.<\/li>\n<\/ul>\n\n\n\n<h2 class=\"wp-block-heading\" id=\"h-aspectos-juridicos-relevantes\"><span id=\"aspectos-juridicos-relevantes\">Aspectos jur\u00eddicos relevantes<\/span><\/h2>\n\n\n\n<p>Em 6 de maio de 2024, Alexandre Nardoni foi posto em liberdade ap\u00f3s decis\u00e3o judicial que concedeu progress\u00e3o ao regime aberto, passando a cumprir pena em liberdade.<a id=\"_ftnref2\" href=\"#_ftn2\"><sup>[2]<\/sup><\/a><\/p>\n\n\n\n<p>Na decis\u00e3o, o juiz reconheceu que, embora houvesse apontamentos do Minist\u00e9rio P\u00fablico, n\u00e3o havia \u00f3bice legal \u00e0 progress\u00e3o diante do cumprimento dos requisitos legais. O magistrado destacou que o sentenciado:<\/p>\n\n\n\n<ul class=\"wp-block-list\">\n<li>Manteve boa conduta carcer\u00e1ria, comprovada por avalia\u00e7\u00f5es psiqui\u00e1tricas e pelo pres\u00eddio.<\/li>\n\n\n\n<li>Cumpriu mais da metade da pena total.<\/li>\n\n\n\n<li>J\u00e1 usufru\u00eda de sa\u00eddas tempor\u00e1rias, retornando normalmente ao pres\u00eddio.<\/li>\n\n\n\n<li>Obteve parecer favor\u00e1vel no Relat\u00f3rio Conjunto e Avalia\u00e7\u00e3o.<\/li>\n\n\n\n<li>N\u00e3o apresentou faltas disciplinares durante a execu\u00e7\u00e3o da pena.<\/li>\n<\/ul>\n\n\n\n<p>Al\u00e9m disso, o juiz estabeleceu condi\u00e7\u00f5es espec\u00edficas para o regime aberto:<\/p>\n\n\n\n<ul class=\"wp-block-list\">\n<li>Comparecimento trimestral \u00e0 Vara de Execu\u00e7\u00f5es Criminais ou \u00e0 Central de Aten\u00e7\u00e3o ao Egresso e Fam\u00edlia.<\/li>\n\n\n\n<li>Obten\u00e7\u00e3o de ocupa\u00e7\u00e3o l\u00edcita em at\u00e9 90 dias, com comprova\u00e7\u00e3o.<\/li>\n\n\n\n<li>Perman\u00eancia em resid\u00eancia entre 20h e 6h.<\/li>\n\n\n\n<li>Proibi\u00e7\u00e3o de mudar de comarca sem autoriza\u00e7\u00e3o judicial.<\/li>\n\n\n\n<li>Proibi\u00e7\u00e3o de mudar de resid\u00eancia sem comunicar o ju\u00edzo.<\/li>\n\n\n\n<li>Proibi\u00e7\u00e3o de frequentar bares, casas de jogo e outros locais incompat\u00edveis com o benef\u00edcio.<\/li>\n<\/ul>\n\n\n\n<p>\u00c0 \u00e9poca dos fatos, a <strong><a href=\"https:\/\/www.estrategiaconcursos.com.br\/promocoes\/assinaturas-ecj\/\" target=\"_blank\" >Lei dos Crimes Hediondos<\/a><\/strong> (art. 2\u00ba, \u00a72\u00ba) determinava que a progress\u00e3o de regime para condenados por crimes previstos na lei ocorreria:<\/p>\n\n\n\n<ul class=\"wp-block-list\">\n<li>Ap\u00f3s o cumprimento de <strong>2\/5 da pena<\/strong>, se prim\u00e1rio.<\/li>\n\n\n\n<li>Ap\u00f3s o cumprimento de <strong>3\/5 da pena<\/strong>, se reincidente.<\/li>\n<\/ul>\n\n\n\n<p>Al\u00e9m do requisito objetivo (tempo de pena cumprido), a lei exige <strong>bom comportamento carcer\u00e1rio<\/strong>, comprovado pelo diretor do estabelecimento prisional.<\/p>\n\n\n\n<p>No caso, segundo a decis\u00e3o, Alexandre Nardoni preencheu os requisitos objetivos e subjetivos, raz\u00e3o pela qual a progress\u00e3o foi concedida de forma fundamentada.<\/p>\n\n\n\n<h2 class=\"wp-block-heading\" id=\"h-conclusao\"><span id=\"conclusao\">Conclus\u00e3o<\/span><\/h2>\n\n\n\n<p>O caso reacende um debate recorrente no Brasil: <strong>as penas no pa\u00eds seriam brandas ou o sistema de execu\u00e7\u00e3o penal cumpre sua fun\u00e7\u00e3o de reintegra\u00e7\u00e3o?<\/strong><\/p>\n\n\n\n<div class=\"wp-block-media-text is-stacked-on-mobile\"><figure class=\"wp-block-media-text__media\"><img decoding=\"async\" width=\"1024\" height=\"683\" src=\"https:\/\/cj.estrategia.com\/portal\/wp-content\/uploads\/2024\/09\/27201326\/algema-absolvicao-preso-cadeia-1024x683.jpg\" alt=\"O caso Nardoni\" class=\"wp-image-77589 size-full\" srcset=\"https:\/\/cj.estrategia.com\/portal\/wp-content\/uploads\/2024\/09\/27201326\/algema-absolvicao-preso-cadeia-1024x683.jpg 1024w, https:\/\/cj.estrategia.com\/portal\/wp-content\/uploads\/2024\/09\/27201326\/algema-absolvicao-preso-cadeia-300x200.jpg 300w, https:\/\/cj.estrategia.com\/portal\/wp-content\/uploads\/2024\/09\/27201326\/algema-absolvicao-preso-cadeia-768x512.jpg 768w, https:\/\/cj.estrategia.com\/portal\/wp-content\/uploads\/2024\/09\/27201326\/algema-absolvicao-preso-cadeia-1536x1024.jpg 1536w, https:\/\/cj.estrategia.com\/portal\/wp-content\/uploads\/2024\/09\/27201326\/algema-absolvicao-preso-cadeia-2048x1365.jpg 2048w, https:\/\/cj.estrategia.com\/portal\/wp-content\/uploads\/2024\/09\/27201326\/algema-absolvicao-preso-cadeia-380x253.jpg 380w, https:\/\/cj.estrategia.com\/portal\/wp-content\/uploads\/2024\/09\/27201326\/algema-absolvicao-preso-cadeia-800x533.jpg 800w, https:\/\/cj.estrategia.com\/portal\/wp-content\/uploads\/2024\/09\/27201326\/algema-absolvicao-preso-cadeia-1160x773.jpg 1160w, https:\/\/cj.estrategia.com\/portal\/wp-content\/uploads\/2024\/09\/27201326\/algema-absolvicao-preso-cadeia-150x100.jpg 150w, https:\/\/cj.estrategia.com\/portal\/wp-content\/uploads\/2024\/09\/27201326\/algema-absolvicao-preso-cadeia-scaled.jpg 2560w\" sizes=\"(max-width: 1024px) 100vw, 1024px\" \/><\/figure><div class=\"wp-block-media-text__content\">\n<p>Ainda que as penas fixadas para crimes graves, como homic\u00eddio qualificado, sejam altas, o regime de cumprimento no Brasil \u00e9 <strong>progressivo<\/strong>. Isso significa que, cumprindo parte da pena e apresentando bom comportamento, o condenado pode avan\u00e7ar para regimes menos severos, at\u00e9 a liberdade.<\/p>\n<\/div><\/div>\n\n\n\n<pre class=\"wp-block-verse\">A progress\u00e3o de regime n\u00e3o elimina a gravidade do delito, mas concretiza um princ\u00edpio jur\u00eddico consolidado: a pena privativa de liberdade deve ser cumprida de forma gradual, possibilitando ao condenado um retorno progressivo ao conv\u00edvio social. Essa transi\u00e7\u00e3o \u00e9 desej\u00e1vel, pois, inevitavelmente, o reeducando voltar\u00e1 \u00e0 sociedade, considerando que, no Brasil, n\u00e3o h\u00e1 pris\u00e3o perp\u00e9tua nem pena de morte. Assim, o retorno paulatino favorece uma readapta\u00e7\u00e3o mais adequada e segura.<\/pre>\n\n\n\n<p>No Tribunal do J\u00fari, a discuss\u00e3o sobre o tempo real de cumprimento da pena \u00e9 frequentemente utilizada pela defesa como argumento para pleitear a absolvi\u00e7\u00e3o por clem\u00eancia, buscando sensibilizar os jurados.<\/p>\n\n\n\n<p>Contudo, essa explica\u00e7\u00e3o muitas vezes \u00e9 transmitida de forma incompleta, sem esclarecer adequadamente o instituto da progress\u00e3o de regime.<\/p>\n\n\n\n<p>Nesse cen\u00e1rio, \u00e9 importante contextualizar que o Supremo Tribunal Federal reconheceu a exist\u00eancia de um <strong><mark style=\"background-color:rgba(0, 0, 0, 0)\" class=\"has-inline-color has-black-color\">estado de coisas inconstitucional<\/mark><\/strong> no sistema prisional brasileiro, diante da precariedade das condi\u00e7\u00f5es de acolhimento dos presos. Em paralelo editou a <strong>S\u00famula Vinculante n\u00ba 56<\/strong>, segundo a qual a falta de estabelecimento penal adequado n\u00e3o autoriza a manuten\u00e7\u00e3o do condenado em regime mais gravoso, devendo-se aplicar, nessa hip\u00f3tese, as disposi\u00e7\u00f5es previstas no RE 641.320\/RS.<\/p>\n\n\n\n<p>Essa diretriz tem relev\u00e2ncia pr\u00e1tica significativa: quando n\u00e3o h\u00e1 vaga em estabelecimento pr\u00f3prio ao regime fixado, o condenado n\u00e3o pode ser mantido em regime mais severo, sob pena de viola\u00e7\u00e3o aos princ\u00edpios constitucionais da individualiza\u00e7\u00e3o da pena (art. 5\u00ba, XLVI) e da legalidade (art. 5\u00ba, XXXIX).<\/p>\n\n\n\n<p>O STF fixou par\u00e2metros para que a execu\u00e7\u00e3o penal observe a dignidade da pessoa humana e os limites impostos pela senten\u00e7a, ainda que o sistema prisional enfrente d\u00e9ficit de vagas.<\/p>\n\n\n\n<h4 class=\"wp-block-heading\" id=\"h-em-sintese-os-principais-pontos-sao\"><span id=\"em-sintese-os-principais-pontos-sao\">Em s\u00edntese, os principais pontos s\u00e3o:<\/span><\/h4>\n\n\n\n<pre class=\"wp-block-preformatted\">I- A falta de estabelecimento penal adequado n\u00e3o autoriza a manuten\u00e7\u00e3o do condenado em regime prisional mais grave;<br><br>II- Os ju\u00edzes da execu\u00e7\u00e3o penal podem avaliar os estabelecimentos destinados aos regimes semiaberto e aberto para qualific\u00e1-los como adequados a esses regimes, ainda que n\u00e3o se enquadrem formalmente como col\u00f4nia agr\u00edcola, industrial (semiaberto) ou casa de albergado (aberto), conforme o art. 33, \u00a7 1\u00ba, al\u00edneas \u201cb\u201d e \u201cc\u201d, do C\u00f3digo Penal;<br><br>III- Havendo d\u00e9ficit de vagas, dever\u00e1 ser determinado:<br><br>(i) a sa\u00edda antecipada de sentenciado no regime onde h\u00e1 falta de vagas;<br>(ii) a liberdade monitorada eletronicamente ao sentenciado que sai antecipadamente ou \u00e9 colocado em pris\u00e3o domiciliar por falta de vagas;<br>(iii) o cumprimento de penas restritivas de direitos e\/ou atividades de estudo ao sentenciado que progride ao regime aberto.<\/pre>\n\n\n\n<p>At\u00e9 que sejam plenamente estruturadas as medidas alternativas, admite-se a concess\u00e3o de pris\u00e3o domiciliar ao sentenciado.<\/p>\n\n\n\n<p>Essa sistem\u00e1tica demonstra que, al\u00e9m de a execu\u00e7\u00e3o da pena n\u00e3o poder ser mais gravosa que o fixado na condena\u00e7\u00e3o, o pr\u00f3prio STF reconhece que a precariedade estrutural do sistema prisional exige medidas que respeitem a legalidade, a dignidade humana e a fun\u00e7\u00e3o ressocializadora da pena.<\/p>\n\n\n\n<p>O epis\u00f3dio envolvendo a soltura de Alexandre Nardoni, 15 anos ap\u00f3s a condena\u00e7\u00e3o, \u00e9 um exemplo concreto que mobiliza a opini\u00e3o p\u00fablica, pois envolve n\u00e3o apenas um crime de grande repercuss\u00e3o, mas tamb\u00e9m a aplica\u00e7\u00e3o objetiva das regras legais de execu\u00e7\u00e3o penal.<\/p>\n\n\n\n<p>E voc\u00ea, o que pensa? No caso Nardoni, a progress\u00e3o ao regime aberto foi <strong>justi\u00e7a cumprida<\/strong> ou <strong>exemplo de brandura penal<\/strong>?<\/p>\n\n\n\n<h2 class=\"wp-block-heading\" id=\"h-como-isso-vai-cair-na-sua-prova\"><span id=\"como-isso-vai-cair-na-sua-prova\">Como isso vai cair na sua prova?<\/span><\/h2>\n\n\n\n<pre class=\"wp-block-preformatted\">Em 2008, Alexandre, prim\u00e1rio, praticou homic\u00eddio triplamente qualificado contra descendente, crime considerado hediondo \u00e0 \u00e9poca dos fatos. Em 2010, foi condenado definitivamente a 31 anos, 1 m\u00eas e 10 dias de reclus\u00e3o. J\u00e1 em 2019, sobreveio a Lei n\u00ba 13.964 (Pacote Anticrime), alterando o art. 112 da LEP e estabelecendo novos percentuais de cumprimento de pena para progress\u00e3o de regime. Em 2024, o condenado requereu a progress\u00e3o. Considerando as regras de direito intertemporal e a disciplina da execu\u00e7\u00e3o penal, assinale a alternativa correta:<br><br>A) Aplicam-se as regras da Lei n\u00ba 13.964\/2019, por serem posteriores e mais gravosas, respeitando-se o princ\u00edpio da anterioridade penal.<br><br>B) Aplicam-se as regras da Lei n\u00ba 13.964\/2019, pois o art. 112 da LEP possui natureza processual, incidindo imediatamente sobre as execu\u00e7\u00f5es em curso.<br><br>C) Devem ser aplicados os percentuais previstos na Lei n\u00ba 8.072\/1990, vigentes \u00e0 \u00e9poca dos fatos, salvo se lei posterior estabelecer percentual menor, hip\u00f3tese em que se aplicar\u00e1 retroativamente a norma mais ben\u00e9fica.<br><br>D) Como se trata de crime hediondo com resultado morte, aplica-se sempre o percentual de 50% previsto na Lei n\u00ba 13.964\/2019, ainda que o crime tenha ocorrido antes da sua vig\u00eancia.<br><br>E) Para crimes hediondos, as altera\u00e7\u00f5es legislativas que agravam o tempo de cumprimento para progress\u00e3o aplicam-se a todos os condenados, independentemente da data do crime, por se tratar de mat\u00e9ria de execu\u00e7\u00e3o penal.<br><br><strong>Gabarito: C.<\/strong><\/pre>\n\n\n\n<p><strong>Justificativa:<\/strong><br>A disciplina da progress\u00e3o de regime na Lei de Execu\u00e7\u00e3o Penal (art. 112) tem conte\u00fado <strong>material<\/strong>, pois interfere diretamente no tempo de priva\u00e7\u00e3o de liberdade. Por isso, aplica-se o <strong><mark style=\"background-color:rgba(0, 0, 0, 0)\" class=\"has-inline-color has-black-color\">princ\u00edpio da irretroatividade da lei penal mais gravosa<\/mark><\/strong> (CF, art. 5\u00ba, XL). Assim, ao fato praticado em 2008 aplicam-se as regras ent\u00e3o vigentes na Lei dos Crimes Hediondos (Lei n\u00ba 8.072\/1990, art. 2\u00ba, \u00a72\u00ba), que exigiam o cumprimento de <strong>2\/5 da pena para prim\u00e1rio<\/strong> e <strong>3\/5 para reincidente<\/strong>.<\/p>\n\n\n\n<p>A Lei n\u00ba 13.964\/2019, ao fixar percentuais diferentes (como 50% para crime hediondo com resultado morte), s\u00f3 se aplica aos crimes cometidos ap\u00f3s sua entrada em vigor, salvo se estabelecer percentual menor que o anterior (norma mais ben\u00e9fica), hip\u00f3tese em que retroage. No caso narrado, como o percentual de 2\/5 (40%) previsto na lei de 2008 \u00e9 mais ben\u00e9fico que o de 50% trazido pela lei de 2019, prevalece o primeiro.<\/p>\n\n\n\n<hr class=\"wp-block-separator has-alpha-channel-opacity\"\/>\n\n\n\n<p><a href=\"#_ftnref1\" id=\"_ftn1\">[1]<\/a>www.conjur.com.br\/dl\/se\/sentenca-nardoni.pdf<\/p>\n\n\n\n<p><a id=\"_ftn2\" href=\"#_ftnref2\">[2]<\/a>https:\/\/g1.globo.com\/sp\/vale-do-paraiba-regiao\/noticia\/2024\/05\/06\/alexandre-nardoni-e-solto-apos-justica-conceder-progressao-ao-regime-aberto-ele-vai-cumprir-pena-em-liberdade.ghtml<\/p>\n\n\n\n<hr class=\"wp-block-separator has-alpha-channel-opacity\"\/>\n\n\n\n<h2 class=\"wp-block-heading has-text-align-center\" id=\"h-quer-saber-quais-serao-os-proximos-concursos\"><span id=\"quer-saber-quais-serao-os-proximos-concursos\">Quer saber quais ser\u00e3o os pr\u00f3ximos concursos?<\/span><\/h2>\n\n\n\n<pre class=\"wp-block-verse has-text-align-center\">Confira nossos&nbsp;<a href=\"https:\/\/cj.estrategia.com\/portal\/\" target=\"_blank\" >artigos para Carreiras Jur\u00eddicas<\/a>!<\/pre>\n\n\n\n<p class=\"has-text-align-center has-white-color has-pale-cyan-blue-background-color has-text-color has-background has-link-color wp-elements-723b3278bf14a50a5e7b7e937b9a17d4\"><a href=\"https:\/\/cj.estrategia.com\/portal\/concursos-abertos-carreiras-juridicas\/\">Concursos jur\u00eddicos abertos<\/a><\/p>\n\n\n\n<p class=\"has-text-align-center has-white-color has-pale-cyan-blue-background-color has-text-color has-background has-link-color wp-elements-41349f36dc977263ca2129bf0f6dd541\"><a href=\"https:\/\/cj.estrategia.com\/portal\/concursos-2025-carreiras-juridicas\/\" target=\"_blank\" >Concursos jur\u00eddicos 2025<\/a><\/p>\n","protected":false},"excerpt":{"rendered":"Entenda o caso No dia 29 de mar\u00e7o de 2008, por volta das 23h49, na Rua Santa Leoc\u00e1dia,&hellip;\n","protected":false},"author":63,"featured_media":143984,"comment_status":"open","ping_status":"open","sticky":false,"template":"","format":"standard","meta":{"_jetpack_memberships_contains_paid_content":false,"footnotes":""},"categories":[1],"tags":[2585,3121,689,3122,1168,2600,296,669,3123],"tax_estado":[56],"class_list":{"0":"post-143981","1":"post","2":"type-post","3":"status-publish","4":"format-standard","5":"has-post-thumbnail","7":"category-carreiras-juridicas","8":"tag-estado-de-coisas-inconstitucional-eci","9":"tag-fraude-processual","10":"tag-homicidio-qualificado","11":"tag-justica","12":"tag-lei-dos-crimes-hediondos","13":"tag-principio-da-irretroatividade","14":"tag-progressao-de-pena","15":"tag-progressao-de-regime","16":"tag-sumula-vinculante-no-56","17":"tax_estado-sp"},"acf":[],"yoast_head":"<!-- This site is optimized with the Yoast SEO Premium plugin v27.4 (Yoast SEO v27.4) - https:\/\/yoast.com\/product\/yoast-seo-premium-wordpress\/ -->\n<title>O caso Isabella Nardoni e a progress\u00e3o de regime: justi\u00e7a cumprida ou puni\u00e7\u00e3o branda?<\/title>\n<meta name=\"description\" content=\"O caso Nardoni reacende um debate: as penas no pa\u00eds seriam brandas ou o sistema de execu\u00e7\u00e3o penal cumpre sua fun\u00e7\u00e3o de reintegra\u00e7\u00e3o?\" \/>\n<meta name=\"robots\" content=\"index, follow, max-snippet:-1, max-image-preview:large, max-video-preview:-1\" \/>\n<link rel=\"canonical\" href=\"https:\/\/cj.estrategia.com\/portal\/caso-isabella-nardoni-progressao-regime\/\" \/>\n<meta property=\"og:locale\" content=\"pt_BR\" \/>\n<meta property=\"og:type\" content=\"article\" \/>\n<meta property=\"og:title\" content=\"O caso Isabella Nardoni e a progress\u00e3o de regime: justi\u00e7a cumprida ou puni\u00e7\u00e3o branda?\" \/>\n<meta property=\"og:description\" content=\"O caso Nardoni reacende um debate: as penas no pa\u00eds seriam brandas ou o sistema de execu\u00e7\u00e3o penal cumpre sua fun\u00e7\u00e3o de reintegra\u00e7\u00e3o?\" \/>\n<meta property=\"og:url\" content=\"https:\/\/cj.estrategia.com\/portal\/caso-isabella-nardoni-progressao-regime\/\" \/>\n<meta property=\"og:site_name\" content=\"Blog - Carreiras Jur\u00eddicas - Estrat\u00e9gia\" \/>\n<meta property=\"article:publisher\" content=\"https:\/\/www.facebook.com\/estrategiacarreirajuridica\/\" \/>\n<meta property=\"article:published_time\" content=\"2025-08-16T14:08:26+00:00\" \/>\n<meta property=\"article:modified_time\" content=\"2025-08-25T17:26:25+00:00\" \/>\n<meta property=\"og:image\" content=\"https:\/\/cj.estrategia.com\/portal\/wp-content\/uploads\/2025\/08\/16105618\/justica-brasil-cidade-decisao-julgamento-1024x683.png\" \/>\n\t<meta property=\"og:image:width\" content=\"1024\" \/>\n\t<meta property=\"og:image:height\" content=\"683\" \/>\n\t<meta property=\"og:image:type\" content=\"image\/png\" \/>\n<meta name=\"author\" content=\"Guilherme Rezende\" \/>\n<meta name=\"twitter:card\" content=\"summary_large_image\" \/>\n<meta name=\"twitter:creator\" content=\"@EstratJuridica\" \/>\n<meta name=\"twitter:site\" content=\"@EstratJuridica\" \/>\n<meta name=\"twitter:label1\" content=\"Escrito por\" \/>\n\t<meta name=\"twitter:data1\" content=\"Guilherme Rezende\" \/>\n\t<meta name=\"twitter:label2\" content=\"Est. tempo de leitura\" \/>\n\t<meta name=\"twitter:data2\" content=\"7 minutos\" \/>\n<script type=\"application\/ld+json\" class=\"yoast-schema-graph\">{\"@context\":\"https:\\\/\\\/schema.org\",\"@graph\":[{\"@type\":\"NewsArticle\",\"@id\":\"https:\\\/\\\/cj.estrategia.com\\\/portal\\\/caso-isabella-nardoni-progressao-regime\\\/#article\",\"isPartOf\":{\"@id\":\"https:\\\/\\\/cj.estrategia.com\\\/portal\\\/caso-isabella-nardoni-progressao-regime\\\/\"},\"author\":{\"name\":\"Guilherme Rezende\",\"@id\":\"https:\\\/\\\/cj.estrategia.com\\\/portal\\\/#\\\/schema\\\/person\\\/b8eb01d117c3441103d953565489f91a\"},\"headline\":\"O caso Isabella Nardoni e a progress\u00e3o de regime: justi\u00e7a cumprida ou puni\u00e7\u00e3o branda?\",\"datePublished\":\"2025-08-16T14:08:26+00:00\",\"dateModified\":\"2025-08-25T17:26:25+00:00\",\"mainEntityOfPage\":{\"@id\":\"https:\\\/\\\/cj.estrategia.com\\\/portal\\\/caso-isabella-nardoni-progressao-regime\\\/\"},\"wordCount\":1212,\"commentCount\":0,\"publisher\":{\"@id\":\"https:\\\/\\\/cj.estrategia.com\\\/portal\\\/#organization\"},\"image\":{\"@id\":\"https:\\\/\\\/cj.estrategia.com\\\/portal\\\/caso-isabella-nardoni-progressao-regime\\\/#primaryimage\"},\"thumbnailUrl\":\"https:\\\/\\\/cj.estrategia.com\\\/portal\\\/wp-content\\\/uploads\\\/2025\\\/08\\\/16105618\\\/justica-brasil-cidade-decisao-julgamento.png\",\"keywords\":[\"Estado de Coisas Inconstitucional (ECI)\",\"fraude processual\",\"homic\u00eddio qualificado\",\"justi\u00e7a\",\"lei dos crimes hediondos\",\"princ\u00edpio da irretroatividade\",\"progress\u00e3o de pena\",\"progress\u00e3o de regime\",\"S\u00famula Vinculante n\u00ba 56\"],\"articleSection\":[\"Carreiras Jur\u00eddicas\"],\"inLanguage\":\"pt-BR\",\"potentialAction\":[{\"@type\":\"CommentAction\",\"name\":\"Comment\",\"target\":[\"https:\\\/\\\/cj.estrategia.com\\\/portal\\\/caso-isabella-nardoni-progressao-regime\\\/#respond\"]}]},{\"@type\":\"WebPage\",\"@id\":\"https:\\\/\\\/cj.estrategia.com\\\/portal\\\/caso-isabella-nardoni-progressao-regime\\\/\",\"url\":\"https:\\\/\\\/cj.estrategia.com\\\/portal\\\/caso-isabella-nardoni-progressao-regime\\\/\",\"name\":\"O caso Isabella Nardoni e a progress\u00e3o de regime: justi\u00e7a cumprida ou puni\u00e7\u00e3o branda?\",\"isPartOf\":{\"@id\":\"https:\\\/\\\/cj.estrategia.com\\\/portal\\\/#website\"},\"primaryImageOfPage\":{\"@id\":\"https:\\\/\\\/cj.estrategia.com\\\/portal\\\/caso-isabella-nardoni-progressao-regime\\\/#primaryimage\"},\"image\":{\"@id\":\"https:\\\/\\\/cj.estrategia.com\\\/portal\\\/caso-isabella-nardoni-progressao-regime\\\/#primaryimage\"},\"thumbnailUrl\":\"https:\\\/\\\/cj.estrategia.com\\\/portal\\\/wp-content\\\/uploads\\\/2025\\\/08\\\/16105618\\\/justica-brasil-cidade-decisao-julgamento.png\",\"datePublished\":\"2025-08-16T14:08:26+00:00\",\"dateModified\":\"2025-08-25T17:26:25+00:00\",\"description\":\"O caso Nardoni reacende um debate: as penas no pa\u00eds seriam brandas ou o sistema de execu\u00e7\u00e3o penal cumpre sua fun\u00e7\u00e3o de reintegra\u00e7\u00e3o?\",\"breadcrumb\":{\"@id\":\"https:\\\/\\\/cj.estrategia.com\\\/portal\\\/caso-isabella-nardoni-progressao-regime\\\/#breadcrumb\"},\"inLanguage\":\"pt-BR\",\"potentialAction\":[{\"@type\":\"ReadAction\",\"target\":[\"https:\\\/\\\/cj.estrategia.com\\\/portal\\\/caso-isabella-nardoni-progressao-regime\\\/\"]}]},{\"@type\":\"ImageObject\",\"inLanguage\":\"pt-BR\",\"@id\":\"https:\\\/\\\/cj.estrategia.com\\\/portal\\\/caso-isabella-nardoni-progressao-regime\\\/#primaryimage\",\"url\":\"https:\\\/\\\/cj.estrategia.com\\\/portal\\\/wp-content\\\/uploads\\\/2025\\\/08\\\/16105618\\\/justica-brasil-cidade-decisao-julgamento.png\",\"contentUrl\":\"https:\\\/\\\/cj.estrategia.com\\\/portal\\\/wp-content\\\/uploads\\\/2025\\\/08\\\/16105618\\\/justica-brasil-cidade-decisao-julgamento.png\",\"width\":1536,\"height\":1024},{\"@type\":\"BreadcrumbList\",\"@id\":\"https:\\\/\\\/cj.estrategia.com\\\/portal\\\/caso-isabella-nardoni-progressao-regime\\\/#breadcrumb\",\"itemListElement\":[{\"@type\":\"ListItem\",\"position\":1,\"name\":\"In\u00edcio\",\"item\":\"https:\\\/\\\/cj.estrategia.com\\\/portal\\\/\"},{\"@type\":\"ListItem\",\"position\":2,\"name\":\"O caso Isabella Nardoni e a progress\u00e3o de regime: justi\u00e7a cumprida ou puni\u00e7\u00e3o branda?\"}]},{\"@type\":\"WebSite\",\"@id\":\"https:\\\/\\\/cj.estrategia.com\\\/portal\\\/#website\",\"url\":\"https:\\\/\\\/cj.estrategia.com\\\/portal\\\/\",\"name\":\"Blog - Carreiras Jur\u00eddicas - Estrat\u00e9gia\",\"description\":\"\",\"publisher\":{\"@id\":\"https:\\\/\\\/cj.estrategia.com\\\/portal\\\/#organization\"},\"potentialAction\":[{\"@type\":\"SearchAction\",\"target\":{\"@type\":\"EntryPoint\",\"urlTemplate\":\"https:\\\/\\\/cj.estrategia.com\\\/portal\\\/?s={search_term_string}\"},\"query-input\":{\"@type\":\"PropertyValueSpecification\",\"valueRequired\":true,\"valueName\":\"search_term_string\"}}],\"inLanguage\":\"pt-BR\"},{\"@type\":\"Organization\",\"@id\":\"https:\\\/\\\/cj.estrategia.com\\\/portal\\\/#organization\",\"name\":\"Estrat\u00e9gia - Carreiras Jur\u00eddicas\",\"url\":\"https:\\\/\\\/cj.estrategia.com\\\/portal\\\/\",\"logo\":{\"@type\":\"ImageObject\",\"inLanguage\":\"pt-BR\",\"@id\":\"https:\\\/\\\/cj.estrategia.com\\\/portal\\\/#\\\/schema\\\/logo\\\/image\\\/\",\"url\":\"https:\\\/\\\/cj.estrategia.com\\\/portal\\\/wp-content\\\/uploads\\\/2022\\\/03\\\/11151052\\\/cj-logo.png\",\"contentUrl\":\"https:\\\/\\\/cj.estrategia.com\\\/portal\\\/wp-content\\\/uploads\\\/2022\\\/03\\\/11151052\\\/cj-logo.png\",\"width\":150,\"height\":39,\"caption\":\"Estrat\u00e9gia - Carreiras Jur\u00eddicas\"},\"image\":{\"@id\":\"https:\\\/\\\/cj.estrategia.com\\\/portal\\\/#\\\/schema\\\/logo\\\/image\\\/\"},\"sameAs\":[\"https:\\\/\\\/www.facebook.com\\\/estrategiacarreirajuridica\\\/\",\"https:\\\/\\\/x.com\\\/EstratJuridica\",\"https:\\\/\\\/www.instagram.com\\\/estrategiacarreirajuridica\\\/\",\"https:\\\/\\\/www.youtube.com\\\/channel\\\/UClbMGuYbj2Mh1m3w144ETWQ\"]},{\"@type\":\"Person\",\"@id\":\"https:\\\/\\\/cj.estrategia.com\\\/portal\\\/#\\\/schema\\\/person\\\/b8eb01d117c3441103d953565489f91a\",\"name\":\"Guilherme Rezende\",\"image\":{\"@type\":\"ImageObject\",\"inLanguage\":\"pt-BR\",\"@id\":\"https:\\\/\\\/cj.estrategia.com\\\/portal\\\/wp-content\\\/uploads\\\/2024\\\/02\\\/22174655\\\/professor-guilherme-resende-estrategia-concursos-ecj-96x96.jpeg\",\"url\":\"https:\\\/\\\/cj.estrategia.com\\\/portal\\\/wp-content\\\/uploads\\\/2024\\\/02\\\/22174655\\\/professor-guilherme-resende-estrategia-concursos-ecj-96x96.jpeg\",\"contentUrl\":\"https:\\\/\\\/cj.estrategia.com\\\/portal\\\/wp-content\\\/uploads\\\/2024\\\/02\\\/22174655\\\/professor-guilherme-resende-estrategia-concursos-ecj-96x96.jpeg\",\"caption\":\"Guilherme Rezende\"},\"description\":\"Professor Guilherme Rezende \u00e9 promotor de justi\u00e7a no Paran\u00e1, com uma carreira s\u00f3lida e impactante no campo jur\u00eddico. Al\u00e9m de sua atua\u00e7\u00e3o como promotor, ele possui mestrado em Direito e acumula experi\u00eancia como Ex-Procurador da Fazenda Nacional, Ex-Defensor P\u00fablico da Uni\u00e3o e Ex-Oficial de Apoio Judicial no TJMG. Destaca-se tamb\u00e9m por ter sido aprovado nos concursos de analista do TRF-1 e do MPU, consolidando sua compet\u00eancia e dedica\u00e7\u00e3o no universo jur\u00eddico.\",\"url\":\"https:\\\/\\\/cj.estrategia.com\\\/portal\\\/author\\\/guilherme-rezende\\\/\"}]}<\/script>\n<!-- \/ Yoast SEO Premium plugin. -->","yoast_head_json":{"title":"O caso Isabella Nardoni e a progress\u00e3o de regime: justi\u00e7a cumprida ou puni\u00e7\u00e3o branda?","description":"O caso Nardoni reacende um debate: as penas no pa\u00eds seriam brandas ou o sistema de execu\u00e7\u00e3o penal cumpre sua fun\u00e7\u00e3o de reintegra\u00e7\u00e3o?","robots":{"index":"index","follow":"follow","max-snippet":"max-snippet:-1","max-image-preview":"max-image-preview:large","max-video-preview":"max-video-preview:-1"},"canonical":"https:\/\/cj.estrategia.com\/portal\/caso-isabella-nardoni-progressao-regime\/","og_locale":"pt_BR","og_type":"article","og_title":"O caso Isabella Nardoni e a progress\u00e3o de regime: justi\u00e7a cumprida ou puni\u00e7\u00e3o branda?","og_description":"O caso Nardoni reacende um debate: as penas no pa\u00eds seriam brandas ou o sistema de execu\u00e7\u00e3o penal cumpre sua fun\u00e7\u00e3o de reintegra\u00e7\u00e3o?","og_url":"https:\/\/cj.estrategia.com\/portal\/caso-isabella-nardoni-progressao-regime\/","og_site_name":"Blog - Carreiras Jur\u00eddicas - Estrat\u00e9gia","article_publisher":"https:\/\/www.facebook.com\/estrategiacarreirajuridica\/","article_published_time":"2025-08-16T14:08:26+00:00","article_modified_time":"2025-08-25T17:26:25+00:00","og_image":[{"width":1024,"height":683,"url":"https:\/\/cj.estrategia.com\/portal\/wp-content\/uploads\/2025\/08\/16105618\/justica-brasil-cidade-decisao-julgamento-1024x683.png","type":"image\/png"}],"author":"Guilherme Rezende","twitter_card":"summary_large_image","twitter_creator":"@EstratJuridica","twitter_site":"@EstratJuridica","twitter_misc":{"Escrito por":"Guilherme Rezende","Est. tempo de leitura":"7 minutos"},"schema":{"@context":"https:\/\/schema.org","@graph":[{"@type":"NewsArticle","@id":"https:\/\/cj.estrategia.com\/portal\/caso-isabella-nardoni-progressao-regime\/#article","isPartOf":{"@id":"https:\/\/cj.estrategia.com\/portal\/caso-isabella-nardoni-progressao-regime\/"},"author":{"name":"Guilherme Rezende","@id":"https:\/\/cj.estrategia.com\/portal\/#\/schema\/person\/b8eb01d117c3441103d953565489f91a"},"headline":"O caso Isabella Nardoni e a progress\u00e3o de regime: justi\u00e7a cumprida ou puni\u00e7\u00e3o branda?","datePublished":"2025-08-16T14:08:26+00:00","dateModified":"2025-08-25T17:26:25+00:00","mainEntityOfPage":{"@id":"https:\/\/cj.estrategia.com\/portal\/caso-isabella-nardoni-progressao-regime\/"},"wordCount":1212,"commentCount":0,"publisher":{"@id":"https:\/\/cj.estrategia.com\/portal\/#organization"},"image":{"@id":"https:\/\/cj.estrategia.com\/portal\/caso-isabella-nardoni-progressao-regime\/#primaryimage"},"thumbnailUrl":"https:\/\/cj.estrategia.com\/portal\/wp-content\/uploads\/2025\/08\/16105618\/justica-brasil-cidade-decisao-julgamento.png","keywords":["Estado de Coisas Inconstitucional (ECI)","fraude processual","homic\u00eddio qualificado","justi\u00e7a","lei dos crimes hediondos","princ\u00edpio da irretroatividade","progress\u00e3o de pena","progress\u00e3o de regime","S\u00famula Vinculante n\u00ba 56"],"articleSection":["Carreiras Jur\u00eddicas"],"inLanguage":"pt-BR","potentialAction":[{"@type":"CommentAction","name":"Comment","target":["https:\/\/cj.estrategia.com\/portal\/caso-isabella-nardoni-progressao-regime\/#respond"]}]},{"@type":"WebPage","@id":"https:\/\/cj.estrategia.com\/portal\/caso-isabella-nardoni-progressao-regime\/","url":"https:\/\/cj.estrategia.com\/portal\/caso-isabella-nardoni-progressao-regime\/","name":"O caso Isabella Nardoni e a progress\u00e3o de regime: justi\u00e7a cumprida ou puni\u00e7\u00e3o branda?","isPartOf":{"@id":"https:\/\/cj.estrategia.com\/portal\/#website"},"primaryImageOfPage":{"@id":"https:\/\/cj.estrategia.com\/portal\/caso-isabella-nardoni-progressao-regime\/#primaryimage"},"image":{"@id":"https:\/\/cj.estrategia.com\/portal\/caso-isabella-nardoni-progressao-regime\/#primaryimage"},"thumbnailUrl":"https:\/\/cj.estrategia.com\/portal\/wp-content\/uploads\/2025\/08\/16105618\/justica-brasil-cidade-decisao-julgamento.png","datePublished":"2025-08-16T14:08:26+00:00","dateModified":"2025-08-25T17:26:25+00:00","description":"O caso Nardoni reacende um debate: as penas no pa\u00eds seriam brandas ou o sistema de execu\u00e7\u00e3o penal cumpre sua fun\u00e7\u00e3o de reintegra\u00e7\u00e3o?","breadcrumb":{"@id":"https:\/\/cj.estrategia.com\/portal\/caso-isabella-nardoni-progressao-regime\/#breadcrumb"},"inLanguage":"pt-BR","potentialAction":[{"@type":"ReadAction","target":["https:\/\/cj.estrategia.com\/portal\/caso-isabella-nardoni-progressao-regime\/"]}]},{"@type":"ImageObject","inLanguage":"pt-BR","@id":"https:\/\/cj.estrategia.com\/portal\/caso-isabella-nardoni-progressao-regime\/#primaryimage","url":"https:\/\/cj.estrategia.com\/portal\/wp-content\/uploads\/2025\/08\/16105618\/justica-brasil-cidade-decisao-julgamento.png","contentUrl":"https:\/\/cj.estrategia.com\/portal\/wp-content\/uploads\/2025\/08\/16105618\/justica-brasil-cidade-decisao-julgamento.png","width":1536,"height":1024},{"@type":"BreadcrumbList","@id":"https:\/\/cj.estrategia.com\/portal\/caso-isabella-nardoni-progressao-regime\/#breadcrumb","itemListElement":[{"@type":"ListItem","position":1,"name":"In\u00edcio","item":"https:\/\/cj.estrategia.com\/portal\/"},{"@type":"ListItem","position":2,"name":"O caso Isabella Nardoni e a progress\u00e3o de regime: justi\u00e7a cumprida ou puni\u00e7\u00e3o branda?"}]},{"@type":"WebSite","@id":"https:\/\/cj.estrategia.com\/portal\/#website","url":"https:\/\/cj.estrategia.com\/portal\/","name":"Blog - Carreiras Jur\u00eddicas - Estrat\u00e9gia","description":"","publisher":{"@id":"https:\/\/cj.estrategia.com\/portal\/#organization"},"potentialAction":[{"@type":"SearchAction","target":{"@type":"EntryPoint","urlTemplate":"https:\/\/cj.estrategia.com\/portal\/?s={search_term_string}"},"query-input":{"@type":"PropertyValueSpecification","valueRequired":true,"valueName":"search_term_string"}}],"inLanguage":"pt-BR"},{"@type":"Organization","@id":"https:\/\/cj.estrategia.com\/portal\/#organization","name":"Estrat\u00e9gia - Carreiras Jur\u00eddicas","url":"https:\/\/cj.estrategia.com\/portal\/","logo":{"@type":"ImageObject","inLanguage":"pt-BR","@id":"https:\/\/cj.estrategia.com\/portal\/#\/schema\/logo\/image\/","url":"https:\/\/cj.estrategia.com\/portal\/wp-content\/uploads\/2022\/03\/11151052\/cj-logo.png","contentUrl":"https:\/\/cj.estrategia.com\/portal\/wp-content\/uploads\/2022\/03\/11151052\/cj-logo.png","width":150,"height":39,"caption":"Estrat\u00e9gia - Carreiras Jur\u00eddicas"},"image":{"@id":"https:\/\/cj.estrategia.com\/portal\/#\/schema\/logo\/image\/"},"sameAs":["https:\/\/www.facebook.com\/estrategiacarreirajuridica\/","https:\/\/x.com\/EstratJuridica","https:\/\/www.instagram.com\/estrategiacarreirajuridica\/","https:\/\/www.youtube.com\/channel\/UClbMGuYbj2Mh1m3w144ETWQ"]},{"@type":"Person","@id":"https:\/\/cj.estrategia.com\/portal\/#\/schema\/person\/b8eb01d117c3441103d953565489f91a","name":"Guilherme Rezende","image":{"@type":"ImageObject","inLanguage":"pt-BR","@id":"https:\/\/cj.estrategia.com\/portal\/wp-content\/uploads\/2024\/02\/22174655\/professor-guilherme-resende-estrategia-concursos-ecj-96x96.jpeg","url":"https:\/\/cj.estrategia.com\/portal\/wp-content\/uploads\/2024\/02\/22174655\/professor-guilherme-resende-estrategia-concursos-ecj-96x96.jpeg","contentUrl":"https:\/\/cj.estrategia.com\/portal\/wp-content\/uploads\/2024\/02\/22174655\/professor-guilherme-resende-estrategia-concursos-ecj-96x96.jpeg","caption":"Guilherme Rezende"},"description":"Professor Guilherme Rezende \u00e9 promotor de justi\u00e7a no Paran\u00e1, com uma carreira s\u00f3lida e impactante no campo jur\u00eddico. Al\u00e9m de sua atua\u00e7\u00e3o como promotor, ele possui mestrado em Direito e acumula experi\u00eancia como Ex-Procurador da Fazenda Nacional, Ex-Defensor P\u00fablico da Uni\u00e3o e Ex-Oficial de Apoio Judicial no TJMG. Destaca-se tamb\u00e9m por ter sido aprovado nos concursos de analista do TRF-1 e do MPU, consolidando sua compet\u00eancia e dedica\u00e7\u00e3o no universo jur\u00eddico.","url":"https:\/\/cj.estrategia.com\/portal\/author\/guilherme-rezende\/"}]}},"jetpack_featured_media_url":"https:\/\/cj.estrategia.com\/portal\/wp-content\/uploads\/2025\/08\/16105618\/justica-brasil-cidade-decisao-julgamento.png","jetpack_sharing_enabled":true,"_links":{"self":[{"href":"https:\/\/cj.estrategia.com\/portal\/wp-json\/wp\/v2\/posts\/143981","targetHints":{"allow":["GET"]}}],"collection":[{"href":"https:\/\/cj.estrategia.com\/portal\/wp-json\/wp\/v2\/posts"}],"about":[{"href":"https:\/\/cj.estrategia.com\/portal\/wp-json\/wp\/v2\/types\/post"}],"author":[{"embeddable":true,"href":"https:\/\/cj.estrategia.com\/portal\/wp-json\/wp\/v2\/users\/63"}],"replies":[{"embeddable":true,"href":"https:\/\/cj.estrategia.com\/portal\/wp-json\/wp\/v2\/comments?post=143981"}],"version-history":[{"count":5,"href":"https:\/\/cj.estrategia.com\/portal\/wp-json\/wp\/v2\/posts\/143981\/revisions"}],"predecessor-version":[{"id":145593,"href":"https:\/\/cj.estrategia.com\/portal\/wp-json\/wp\/v2\/posts\/143981\/revisions\/145593"}],"wp:featuredmedia":[{"embeddable":true,"href":"https:\/\/cj.estrategia.com\/portal\/wp-json\/wp\/v2\/media\/143984"}],"wp:attachment":[{"href":"https:\/\/cj.estrategia.com\/portal\/wp-json\/wp\/v2\/media?parent=143981"}],"wp:term":[{"taxonomy":"category","embeddable":true,"href":"https:\/\/cj.estrategia.com\/portal\/wp-json\/wp\/v2\/categories?post=143981"},{"taxonomy":"post_tag","embeddable":true,"href":"https:\/\/cj.estrategia.com\/portal\/wp-json\/wp\/v2\/tags?post=143981"},{"taxonomy":"tax_estado","embeddable":true,"href":"https:\/\/cj.estrategia.com\/portal\/wp-json\/wp\/v2\/tax_estado?post=143981"}],"curies":[{"name":"wp","href":"https:\/\/api.w.org\/{rel}","templated":true}]}}