{"id":142522,"date":"2025-08-20T14:22:26","date_gmt":"2025-08-20T17:22:26","guid":{"rendered":"https:\/\/cj.estrategia.com\/portal\/?p=142522"},"modified":"2025-09-03T11:23:43","modified_gmt":"2025-09-03T14:23:43","slug":"o-marco-civil-da-internet-na-jurisprudencia-do-stj-links-patrocinados","status":"publish","type":"post","link":"https:\/\/cj.estrategia.com\/portal\/o-marco-civil-da-internet-na-jurisprudencia-do-stj-links-patrocinados\/","title":{"rendered":"O Marco Civil da Internet na jurisprud\u00eancia do STJ: links patrocinados"},"content":{"rendered":"\n<p>Ol\u00e1 turma, como est\u00e3o os estudos? Aproveitando o clima de CNU, vamos relembrar alguns casos examinados pela jurisprud\u00eancia do STJ envolvendo a tem\u00e1tica do Marco Civil da Internet, legisla\u00e7\u00e3o espec\u00edfica prevista no BLOCO TEM\u00c1TICO 2 \u2013 CULTURA E EDUCA\u00c7\u00c3O, bem como no BLOCO TEM\u00c1TICO 7 \u2013 JUSTI\u00c7A E DEFESA, abordando, neste texto, o servi\u00e7o de links patrocinados.<\/p>\n\n\n\n<ul class=\"wp-block-list\"><\/ul>\n\n\n\n<p class=\"has-text-align-center\"><img decoding=\"async\" width=\"400\" height=\"225\" class=\"wp-image-140308\" style=\"width: 400px;\" src=\"https:\/\/cj.estrategia.com\/portal\/wp-content\/uploads\/2025\/07\/31155101\/STJ_.jpg\" alt=\"Marco Civil da Internet e STJ.\" srcset=\"https:\/\/cj.estrategia.com\/portal\/wp-content\/uploads\/2025\/07\/31155101\/STJ_.jpg 848w, https:\/\/cj.estrategia.com\/portal\/wp-content\/uploads\/2025\/07\/31155101\/STJ_-300x169.jpg 300w, https:\/\/cj.estrategia.com\/portal\/wp-content\/uploads\/2025\/07\/31155101\/STJ_-768x432.jpg 768w, https:\/\/cj.estrategia.com\/portal\/wp-content\/uploads\/2025\/07\/31155101\/STJ_-380x214.jpg 380w, https:\/\/cj.estrategia.com\/portal\/wp-content\/uploads\/2025\/07\/31155101\/STJ_-800x450.jpg 800w, https:\/\/cj.estrategia.com\/portal\/wp-content\/uploads\/2025\/07\/31155101\/STJ_-150x84.jpg 150w\" sizes=\"(max-width: 400px) 100vw, 400px\" \/><\/p>\n\n\n\n<h2 class=\"wp-block-heading\" id=\"h-contextualizacao-do-marco-civil-da-internet\"><span id=\"contextualizacao-do-marco-civil-da-internet\">Contextualiza\u00e7\u00e3o do Marco Civil da Internet<\/span><\/h2>\n\n\n\n<p>O Marco Civil da Internet \u00e9 uma lei que estabelece os princ\u00edpios, garantias, direitos e deveres no \u00e2mbito do uso da internet no Brasil (Lei n. 12.965\/2014).<\/p>\n\n\n\n<p>Al\u00e9m disso, o Marco Civil da Internet estipula as diretrizes para atua\u00e7\u00e3o da Uni\u00e3o, dos Estados, do Distrito Federal e dos munic\u00edpios quanto \u00e0 regula\u00e7\u00e3o do uso da internet no Brasil.<\/p>\n\n\n\n<p>Essa lei federal \u00e9 regulamentada pelo Decreto n. 8.771\/2016, expedido pela Presid\u00eancia da Rep\u00fablica.<\/p>\n\n\n\n<p>Recentemente, o Supremo Tribunal Federal declarou a inconstitucionalidade parcial do art. 19 do Marco Civil da Internet, que preconiza o seguinte:<\/p>\n\n\n\n<ul class=\"wp-block-list\">\n<li>Art. 19. Com o intuito de assegurar a liberdade de express\u00e3o e impedir a censura, o provedor de aplica\u00e7\u00f5es de internet somente poder\u00e1 ser responsabilizado civilmente por danos decorrentes de conte\u00fado gerado por terceiros se, ap\u00f3s ordem judicial espec\u00edfica, n\u00e3o tomar as provid\u00eancias para, no \u00e2mbito e nos limites t\u00e9cnicos do seu servi\u00e7o e dentro do prazo assinalado, tornar indispon\u00edvel o conte\u00fado apontado como infringente, ressalvadas as disposi\u00e7\u00f5es legais em contr\u00e1rio.<\/li>\n<\/ul>\n\n\n\n<p>Segundo o Supremo Tribunal Federal, nos autos do RE 1.037.396\u00a0(Tema 987) e\u00a0RE 1.057.258\u00a0(Tema 533), em s\u00edntese, h\u00e1 uma omiss\u00e3o inconstitucional parcial, por inexistir regime jur\u00eddico, definido em lei, que regulamente os conflitos jur\u00eddicos que possam surgir em hip\u00f3teses de conte\u00fados gerados por terceiros e n\u00e3o exista pr\u00e9via ordem judicial espec\u00edfica determinando a exclus\u00e3o da postagem.<\/p>\n\n\n\n<p>Ocorre que o ac\u00f3rd\u00e3o desse julgado do STF ainda n\u00e3o foi publicado, o que impossibilita, por ora, sua an\u00e1lise. Por\u00e9m, o Superior Tribunal de Justi\u00e7a (STJ) j\u00e1 apresentava v\u00e1rios entendimentos interpretativos sobre o Marco Civil da Internet, de modo que passamos a analisar especificamente o tema do servi\u00e7o de links patrocinados.<\/p>\n\n\n\n<h3 class=\"wp-block-heading\" id=\"h-links-patrocinados\"><span id=\"links-patrocinados\">Links patrocinados<\/span><\/h3>\n\n\n\n<p>Neste momento, revisamos o entendimento do Superior Tribunal de Justi\u00e7a acerca dos links patrocinados em provedores de aplica\u00e7\u00f5es na internet e sua regulamento no Marco Civil da Internet.<\/p>\n\n\n\n<p>Nesse sentido, segundo o STJ, \u201cO provedor de internet deve manter armazenados os registros relativos ao patroc\u00ednio de links em servi\u00e7os de busca pelo per\u00edodo de 6 meses contados do fim do patroc\u00ednio e n\u00e3o da data da contrata\u00e7\u00e3o.\u201d (REsp 1961480\/SP, Rel. Ministra NANCY ANDRIGHI, TERCEIRA TURMA, DJe 13\/12\/2021).<\/p>\n\n\n\n<p>Essa orienta\u00e7\u00e3o do STJ est\u00e1 fundada no art. 22, <em>caput<\/em> e seu par\u00e1grafo \u00fanico, do Marco Civil da Internet, que preconiza o seguinte:<\/p>\n\n\n\n<ul class=\"wp-block-list\">\n<li>Art. 22. A parte interessada poder\u00e1, com o prop\u00f3sito de formar conjunto probat\u00f3rio em processo judicial c\u00edvel ou penal, em car\u00e1ter incidental ou aut\u00f4nomo, requerer ao juiz que ordene ao respons\u00e1vel pela guarda o fornecimento de registros de conex\u00e3o ou de registros de acesso a aplica\u00e7\u00f5es de internet.<\/li>\n<\/ul>\n\n\n\n<ul class=\"wp-block-list\"><\/ul>\n\n\n\n<blockquote class=\"wp-block-quote is-layout-flow wp-block-quote-is-layout-flow\">\n<div class=\"wp-block-group\"><div class=\"wp-block-group__inner-container is-layout-constrained wp-block-group-is-layout-constrained\">\n<ul class=\"wp-block-list\">\n<li>Par\u00e1grafo \u00fanico. Sem preju\u00edzo dos demais requisitos legais, o requerimento dever\u00e1 conter, sob pena de inadmissibilidade:<\/li>\n<\/ul>\n\n\n\n<ul class=\"wp-block-list\"><\/ul>\n\n\n\n<ul class=\"wp-block-list\">\n<li><a><\/a>I \u2013 fundados ind\u00edcios da ocorr\u00eancia do il\u00edcito;<\/li>\n\n\n\n<li><a><\/a>II \u2013 justificativa motivada da utilidade dos registros solicitados para fins de investiga\u00e7\u00e3o ou instru\u00e7\u00e3o probat\u00f3ria; e<\/li>\n\n\n\n<li><a><\/a>III \u2013 per\u00edodo ao qual se referem os registros.<\/li>\n<\/ul>\n<\/div><\/div>\n<\/blockquote>\n\n\n\n<p>Com efeito, o Marco Civil da Internet estabelece duas categorias gerais de provedores, que s\u00e3o os provedores de conex\u00e3o e os provedores de aplica\u00e7\u00f5es de internet, sendo aqueles respons\u00e1veis por conectar os usu\u00e1rios \u00e0 rede mundial de computadores e estes as empresas que fornecem conte\u00fados de diversas modalidades para acesso na internet pelos diversos usu\u00e1rios.<\/p>\n\n\n\n<p>Est\u00e3o previstos em diversos artigos do Marco Civil da Internet, sendo sintetizados nos seguintes dispositivos:<\/p>\n\n\n\n<ul class=\"wp-block-list\">\n<li>Art. 15. O provedor de aplica\u00e7\u00f5es de internet constitu\u00eddo na forma de pessoa jur\u00eddica e que exer\u00e7a essa atividade de forma organizada, profissionalmente e com fins econ\u00f4micos dever\u00e1 manter os respectivos registros de acesso a aplica\u00e7\u00f5es de internet, sob sigilo, em ambiente controlado e de seguran\u00e7a, pelo prazo de 6 (seis) meses, nos termos do regulamento.<\/li>\n\n\n\n<li>Art. 5\u00ba\u00a0Para os efeitos desta Lei, considera-se: V \u2013 conex\u00e3o \u00e0 internet: a habilita\u00e7\u00e3o de um terminal para envio e recebimento de pacotes de dados pela internet, mediante a atribui\u00e7\u00e3o ou autentica\u00e7\u00e3o de um endere\u00e7o IP;<\/li>\n<\/ul>\n\n\n\n<p>O caso julgado do STJ citado acima diz respeito \u00e0 funcionalidade vendida pela empresa GOOGLE, denominada \u201cGoogle AdWords\u201d, segundo a qual determinadas express\u00f5es de busca no s\u00edtio buscador da GOOGLE est\u00e3o vinculadas a determinados links que s\u00e3o apresentados ao usu\u00e1rio da busca por for\u00e7a de pagamento de algum contratante.<\/p>\n\n\n\n<p>Nesse contexto, o STJ definiu a necessidade da empresa que comercializa esse servi\u00e7o, de patroc\u00ednio de links, manter a guarda dos dados relativos aos nomes ou dom\u00ednios das empresas que contratam esse servi\u00e7o, a fim de assegurar eventual responsabilidade desses contratantes por algum dano gerado atrav\u00e9s desses links patrocinados, estabelecendo ainda um prazo para essa guarda (seis meses).<\/p>\n\n\n\n<p>Em fun\u00e7\u00e3o da import\u00e2ncia desse julgado o STJ, segue o inteiro teor da ementa do mencionado ac\u00f3rd\u00e3o do Superior Tribunal de Justi\u00e7a:<\/p>\n\n\n\n<ul class=\"wp-block-list\">\n<li>RECURSO ESPECIAL. MARCO CIVIL DA INTERNET. A\u00c7\u00c3O DE REQUISI\u00c7\u00c3O JUDICIAL DE REGISTROS. PATROC\u00cdNIO DE LINKS EM SERVI\u00c7O DE BUSCA NA INTERNET. GOOGLE ADWORDS. REQUISITOS. CARACTERIZA\u00c7\u00c3O. PRAZO DE GUARDA DOS REGISTROS DE CONEX\u00c3O E DE ACESSO. 1- Recurso especial interposto em 26\/04\/2020 e concluso ao gabinete em 28\/09\/2021. 2- O prop\u00f3sito recursal consiste em dizer se \u00e9 poss\u00edvel, com fundamento no art. 22 da Lei 12.965\/2014, a requisi\u00e7\u00e3o de fornecimento dos nomes ou dom\u00ednios das sociedades empres\u00e1rias que patrocinam links na ferramenta \u201cGoogle AdWords\u201d relacionados \u00e0 determinada express\u00e3o, de forma isolada ou conjunta. 3- O art. 22 do Marco Civil da Internet autoriza, com o prop\u00f3sito de formar conjunto probat\u00f3rio em processo judicial c\u00edvel ou penal, em car\u00e1ter incidental ou aut\u00f4nomo, a requisi\u00e7\u00e3o judicial de registros de conex\u00e3o ou de acesso daquele respons\u00e1vel pela guarda dos referidos dados. 4- Para que seja poss\u00edvel ao juiz determinar o fornecimento desses registros \u00e9 necess\u00e1rio que, al\u00e9m dos requisitos exigidos pela legisla\u00e7\u00e3o processual, estejam satisfeitos os pressupostos elencados no par\u00e1grafo \u00fanico do art. 22 do Marco Civil da Internet, a saber: a) fundados ind\u00edcios da ocorr\u00eancia do ato il\u00edcito; b) justificativa motivada da utilidade dos registros solicitados para fins de investiga\u00e7\u00e3o ou instru\u00e7\u00e3o probat\u00f3ria e c) per\u00edodo ao qual se referem os registros. 5- Na hip\u00f3tese de patroc\u00ednio de links em servi\u00e7os de busca na internet relacionados \u00e0 determinada express\u00e3o, deve-se ter presente que tal funcionalidade opera em l\u00f3gica substancialmente diversa daquela referente \u00e0s tradicionais postagens em redes sociais, pois a contrata\u00e7\u00e3o do servi\u00e7o ocorre por determinado lapso temporal, motivo pelo qual o fato que d\u00e1 origem ao registro respectivo protrai-se no tempo. 6- Para resguardar a privacidade dos usu\u00e1rios e, ao mesmo tempo, garantir a responsabiliza\u00e7\u00e3o por eventuais danos causados a terceiros, os registros relativos ao patroc\u00ednio de links em servi\u00e7os de busca dever\u00e3o permanecer armazenados pelo per\u00edodo de 6 (seis) meses contados do fim do patroc\u00ednio \u2013 e n\u00e3o da data da contrata\u00e7\u00e3o -, per\u00edodo em que os que se sentirem prejudicados poder\u00e3o pleitear o recebimento dos registros relativos ao servi\u00e7o para instruir poss\u00edveis demandas em face de eventuais respons\u00e1veis. 7- Desse modo, tendo e vista a obriga\u00e7\u00e3o legal de guarda de registros de conex\u00e3o e de acesso a aplica\u00e7\u00f5es de internet, \u00e9 poss\u00edvel, desde que preenchidos os requisitos legais, impor aos provedores o dever de fornecer os nomes ou dom\u00ednios das sociedades empres\u00e1rias que patrocinam links na ferramenta \u201cGoogle AdWords\u201d relacionados \u00e0 determinada express\u00e3o utilizada de forma isolada ou conjunta, pois tal medida representa mero desdobramento daquelas obriga\u00e7\u00f5es. 8- Na hip\u00f3tese dos autos, est\u00e3o presentes os requisitos para a solicita\u00e7\u00e3o das informa\u00e7\u00f5es pleiteadas, devendo a recorrida fornecer aos recorrentes os nomes ou dom\u00ednios das sociedades empres\u00e1rias que patrocinam links na ferramenta \u201cGoogle AdWords\u201d relacionados \u00e0 express\u00e3o \u201cBNE\u201d, de forma isolada ou conjunta, referentes ao per\u00edodo de 15\/6\/2016 a 15\/12\/2016, data do ajuizamento da a\u00e7\u00e3o. 9- Recurso especial parcialmente provido. (<a href=\"https:\/\/scon.stj.jus.br\/SCON\/GetInteiroTeorDoAcordao?num_registro=202102616715&dt_publicacao=13\/12\/2021\">REsp n. 1.961.480\/SP, relatora Ministra Nancy Andrighi, Terceira Turma, julgado em 7\/12\/2021, DJe de 13\/12\/2021<\/a>.)<\/li>\n<\/ul>\n\n\n\n<p>Assim encerramos a terceira parte da s\u00e9ria de artigos sobre o Marco Civil da Internet na jurisprud\u00eancia do Superior Tribunal de Justi\u00e7a. Esperamos que esse rol exemplificativo de casos seja \u00fatil para estudos e revis\u00f5es. Para maiores detalhes, os ac\u00f3rd\u00e3os dos julgados citados est\u00e3o dispon\u00edveis por meio dos links constantes do texto e caso saibam de mais algum julgado interessante na jurisprud\u00eancia do STJ e do STF sobre o tema, podem citar nos coment\u00e1rios.<\/p>\n\n\n\n<p>Bons estudos e at\u00e9 a pr\u00f3xima!<\/p>\n\n\n\n<h2 class=\"wp-block-heading has-text-align-center\" id=\"h-quer-saber-tudo-sobre-concursos-previstos-confira-nossos-artigos\"><span id=\"quer-saber-tudo-sobre-concursos-previstosconfira-nossos-artigos\">Quer saber tudo sobre concursos previstos?<br>Confira nossos artigos!<\/span><\/h2>\n\n\n\n<ul class=\"wp-block-list\">\n<li><a href=\"https:\/\/cj.estrategia.com\/portal\/concursos-abertos-carreiras-juridicas\/\" target=\"_blank\" >Concursos jur\u00eddicos abertos<\/a><\/li>\n\n\n\n<li><a href=\"http:\/\/estrategiaconcursos.com.br\/blog\/concursos-2025\/\">Concursos jur\u00eddicos 2025<\/a><\/li>\n<\/ul>\n\n\n\n<p><\/p>\n\n\n\n<p><\/p>\n","protected":false},"excerpt":{"rendered":"Ol\u00e1 turma, como est\u00e3o os estudos? Aproveitando o clima de CNU, vamos relembrar alguns casos examinados pela jurisprud\u00eancia&hellip;\n","protected":false},"author":55,"featured_media":140308,"comment_status":"open","ping_status":"open","sticky":false,"template":"","format":"standard","meta":{"_jetpack_memberships_contains_paid_content":false,"footnotes":""},"categories":[1],"tags":[456,83,1143,202],"tax_estado":[30,31,32,33,34,35,36,37,38,39,40,41,42,43,44,45,46,47,48,49,50,51,52,53,54,55,56,57],"class_list":{"0":"post-142522","1":"post","2":"type-post","3":"status-publish","4":"format-standard","5":"has-post-thumbnail","7":"category-carreiras-juridicas","8":"tag-concurso-publico","9":"tag-concursos-juridicos","10":"tag-marco-civil-da-internet","11":"tag-stj","12":"tax_estado-ac","13":"tax_estado-al","14":"tax_estado-am","15":"tax_estado-ap","16":"tax_estado-ba","17":"tax_estado-ce","18":"tax_estado-concursos-federais","19":"tax_estado-df","20":"tax_estado-es","21":"tax_estado-go","22":"tax_estado-ma","23":"tax_estado-mg","24":"tax_estado-ms","25":"tax_estado-mt","26":"tax_estado-pa","27":"tax_estado-pb","28":"tax_estado-pe","29":"tax_estado-pi","30":"tax_estado-pr","31":"tax_estado-rj","32":"tax_estado-rn","33":"tax_estado-ro","34":"tax_estado-rr","35":"tax_estado-rs","36":"tax_estado-sc","37":"tax_estado-se","38":"tax_estado-sp","39":"tax_estado-to"},"acf":[],"yoast_head":"<!-- This site is optimized with the Yoast SEO Premium plugin v27.5 (Yoast SEO v27.5) - https:\/\/yoast.com\/product\/yoast-seo-premium-wordpress\/ -->\n<title>O Marco Civil da Internet na jurisprud\u00eancia do STJ: links patrocinados<\/title>\n<meta name=\"description\" content=\"An\u00e1lise do entendimento do Superior Tribunal de Justi\u00e7a acerca do Marco Civil da Internet e o servi\u00e7o de links patrocinados.\" \/>\n<meta name=\"robots\" content=\"index, follow, max-snippet:-1, max-image-preview:large, max-video-preview:-1\" \/>\n<link rel=\"canonical\" href=\"https:\/\/cj.estrategia.com\/portal\/o-marco-civil-da-internet-na-jurisprudencia-do-stj-links-patrocinados\/\" \/>\n<meta property=\"og:locale\" content=\"pt_BR\" \/>\n<meta property=\"og:type\" content=\"article\" \/>\n<meta property=\"og:title\" content=\"O Marco Civil da Internet na jurisprud\u00eancia do STJ: links patrocinados\" \/>\n<meta property=\"og:description\" content=\"An\u00e1lise do entendimento do Superior Tribunal de Justi\u00e7a acerca do Marco Civil da Internet e o servi\u00e7o de links patrocinados.\" \/>\n<meta property=\"og:url\" content=\"https:\/\/cj.estrategia.com\/portal\/o-marco-civil-da-internet-na-jurisprudencia-do-stj-links-patrocinados\/\" \/>\n<meta property=\"og:site_name\" content=\"Blog - Carreiras Jur\u00eddicas - Estrat\u00e9gia\" \/>\n<meta property=\"article:publisher\" content=\"https:\/\/www.facebook.com\/estrategiacarreirajuridica\/\" \/>\n<meta property=\"article:published_time\" content=\"2025-08-20T17:22:26+00:00\" \/>\n<meta property=\"article:modified_time\" content=\"2025-09-03T14:23:43+00:00\" \/>\n<meta property=\"og:image\" content=\"https:\/\/cj.estrategia.com\/portal\/wp-content\/uploads\/2025\/07\/31155101\/STJ_.jpg\" \/>\n\t<meta property=\"og:image:width\" content=\"848\" \/>\n\t<meta property=\"og:image:height\" content=\"477\" \/>\n\t<meta property=\"og:image:type\" content=\"image\/jpeg\" \/>\n<meta name=\"author\" content=\"Jose Mendes Lima Aguiar\" \/>\n<meta name=\"twitter:card\" content=\"summary_large_image\" \/>\n<meta name=\"twitter:creator\" content=\"@EstratJuridica\" \/>\n<meta name=\"twitter:site\" content=\"@EstratJuridica\" \/>\n<meta name=\"twitter:label1\" content=\"Escrito por\" \/>\n\t<meta name=\"twitter:data1\" content=\"Jose Mendes Lima Aguiar\" \/>\n\t<meta name=\"twitter:label2\" content=\"Est. tempo de leitura\" \/>\n\t<meta name=\"twitter:data2\" content=\"8 minutos\" \/>\n<script type=\"application\/ld+json\" class=\"yoast-schema-graph\">{\"@context\":\"https:\\\/\\\/schema.org\",\"@graph\":[{\"@type\":\"NewsArticle\",\"@id\":\"https:\\\/\\\/cj.estrategia.com\\\/portal\\\/o-marco-civil-da-internet-na-jurisprudencia-do-stj-links-patrocinados\\\/#article\",\"isPartOf\":{\"@id\":\"https:\\\/\\\/cj.estrategia.com\\\/portal\\\/o-marco-civil-da-internet-na-jurisprudencia-do-stj-links-patrocinados\\\/\"},\"author\":{\"name\":\"Jose Mendes Lima Aguiar\",\"@id\":\"https:\\\/\\\/cj.estrategia.com\\\/portal\\\/#\\\/schema\\\/person\\\/771b883c8ee8ccd97e579a50988db032\"},\"headline\":\"O Marco Civil da Internet na jurisprud\u00eancia do STJ: links patrocinados\",\"datePublished\":\"2025-08-20T17:22:26+00:00\",\"dateModified\":\"2025-09-03T14:23:43+00:00\",\"mainEntityOfPage\":{\"@id\":\"https:\\\/\\\/cj.estrategia.com\\\/portal\\\/o-marco-civil-da-internet-na-jurisprudencia-do-stj-links-patrocinados\\\/\"},\"wordCount\":1584,\"commentCount\":0,\"publisher\":{\"@id\":\"https:\\\/\\\/cj.estrategia.com\\\/portal\\\/#organization\"},\"image\":{\"@id\":\"https:\\\/\\\/cj.estrategia.com\\\/portal\\\/o-marco-civil-da-internet-na-jurisprudencia-do-stj-links-patrocinados\\\/#primaryimage\"},\"thumbnailUrl\":\"https:\\\/\\\/cj.estrategia.com\\\/portal\\\/wp-content\\\/uploads\\\/2025\\\/07\\\/31155101\\\/STJ_.jpg\",\"keywords\":[\"concurso p\u00fablico\",\"concursos jur\u00eddicos\",\"marco civil da internet\",\"STJ\"],\"articleSection\":[\"Carreiras Jur\u00eddicas\"],\"inLanguage\":\"pt-BR\",\"potentialAction\":[{\"@type\":\"CommentAction\",\"name\":\"Comment\",\"target\":[\"https:\\\/\\\/cj.estrategia.com\\\/portal\\\/o-marco-civil-da-internet-na-jurisprudencia-do-stj-links-patrocinados\\\/#respond\"]}]},{\"@type\":\"WebPage\",\"@id\":\"https:\\\/\\\/cj.estrategia.com\\\/portal\\\/o-marco-civil-da-internet-na-jurisprudencia-do-stj-links-patrocinados\\\/\",\"url\":\"https:\\\/\\\/cj.estrategia.com\\\/portal\\\/o-marco-civil-da-internet-na-jurisprudencia-do-stj-links-patrocinados\\\/\",\"name\":\"O Marco Civil da Internet na jurisprud\u00eancia do STJ: links patrocinados\",\"isPartOf\":{\"@id\":\"https:\\\/\\\/cj.estrategia.com\\\/portal\\\/#website\"},\"primaryImageOfPage\":{\"@id\":\"https:\\\/\\\/cj.estrategia.com\\\/portal\\\/o-marco-civil-da-internet-na-jurisprudencia-do-stj-links-patrocinados\\\/#primaryimage\"},\"image\":{\"@id\":\"https:\\\/\\\/cj.estrategia.com\\\/portal\\\/o-marco-civil-da-internet-na-jurisprudencia-do-stj-links-patrocinados\\\/#primaryimage\"},\"thumbnailUrl\":\"https:\\\/\\\/cj.estrategia.com\\\/portal\\\/wp-content\\\/uploads\\\/2025\\\/07\\\/31155101\\\/STJ_.jpg\",\"datePublished\":\"2025-08-20T17:22:26+00:00\",\"dateModified\":\"2025-09-03T14:23:43+00:00\",\"description\":\"An\u00e1lise do entendimento do Superior Tribunal de Justi\u00e7a acerca do Marco Civil da Internet e o servi\u00e7o de links patrocinados.\",\"breadcrumb\":{\"@id\":\"https:\\\/\\\/cj.estrategia.com\\\/portal\\\/o-marco-civil-da-internet-na-jurisprudencia-do-stj-links-patrocinados\\\/#breadcrumb\"},\"inLanguage\":\"pt-BR\",\"potentialAction\":[{\"@type\":\"ReadAction\",\"target\":[\"https:\\\/\\\/cj.estrategia.com\\\/portal\\\/o-marco-civil-da-internet-na-jurisprudencia-do-stj-links-patrocinados\\\/\"]}]},{\"@type\":\"ImageObject\",\"inLanguage\":\"pt-BR\",\"@id\":\"https:\\\/\\\/cj.estrategia.com\\\/portal\\\/o-marco-civil-da-internet-na-jurisprudencia-do-stj-links-patrocinados\\\/#primaryimage\",\"url\":\"https:\\\/\\\/cj.estrategia.com\\\/portal\\\/wp-content\\\/uploads\\\/2025\\\/07\\\/31155101\\\/STJ_.jpg\",\"contentUrl\":\"https:\\\/\\\/cj.estrategia.com\\\/portal\\\/wp-content\\\/uploads\\\/2025\\\/07\\\/31155101\\\/STJ_.jpg\",\"width\":848,\"height\":477},{\"@type\":\"BreadcrumbList\",\"@id\":\"https:\\\/\\\/cj.estrategia.com\\\/portal\\\/o-marco-civil-da-internet-na-jurisprudencia-do-stj-links-patrocinados\\\/#breadcrumb\",\"itemListElement\":[{\"@type\":\"ListItem\",\"position\":1,\"name\":\"In\u00edcio\",\"item\":\"https:\\\/\\\/cj.estrategia.com\\\/portal\\\/\"},{\"@type\":\"ListItem\",\"position\":2,\"name\":\"O Marco Civil da Internet na jurisprud\u00eancia do STJ: links patrocinados\"}]},{\"@type\":\"WebSite\",\"@id\":\"https:\\\/\\\/cj.estrategia.com\\\/portal\\\/#website\",\"url\":\"https:\\\/\\\/cj.estrategia.com\\\/portal\\\/\",\"name\":\"Blog - Carreiras Jur\u00eddicas - Estrat\u00e9gia\",\"description\":\"\",\"publisher\":{\"@id\":\"https:\\\/\\\/cj.estrategia.com\\\/portal\\\/#organization\"},\"potentialAction\":[{\"@type\":\"SearchAction\",\"target\":{\"@type\":\"EntryPoint\",\"urlTemplate\":\"https:\\\/\\\/cj.estrategia.com\\\/portal\\\/?s={search_term_string}\"},\"query-input\":{\"@type\":\"PropertyValueSpecification\",\"valueRequired\":true,\"valueName\":\"search_term_string\"}}],\"inLanguage\":\"pt-BR\"},{\"@type\":\"Organization\",\"@id\":\"https:\\\/\\\/cj.estrategia.com\\\/portal\\\/#organization\",\"name\":\"Estrat\u00e9gia - Carreiras Jur\u00eddicas\",\"url\":\"https:\\\/\\\/cj.estrategia.com\\\/portal\\\/\",\"logo\":{\"@type\":\"ImageObject\",\"inLanguage\":\"pt-BR\",\"@id\":\"https:\\\/\\\/cj.estrategia.com\\\/portal\\\/#\\\/schema\\\/logo\\\/image\\\/\",\"url\":\"https:\\\/\\\/cj.estrategia.com\\\/portal\\\/wp-content\\\/uploads\\\/2022\\\/03\\\/11151052\\\/cj-logo.png\",\"contentUrl\":\"https:\\\/\\\/cj.estrategia.com\\\/portal\\\/wp-content\\\/uploads\\\/2022\\\/03\\\/11151052\\\/cj-logo.png\",\"width\":150,\"height\":39,\"caption\":\"Estrat\u00e9gia - Carreiras Jur\u00eddicas\"},\"image\":{\"@id\":\"https:\\\/\\\/cj.estrategia.com\\\/portal\\\/#\\\/schema\\\/logo\\\/image\\\/\"},\"sameAs\":[\"https:\\\/\\\/www.facebook.com\\\/estrategiacarreirajuridica\\\/\",\"https:\\\/\\\/x.com\\\/EstratJuridica\",\"https:\\\/\\\/www.instagram.com\\\/estrategiacarreirajuridica\\\/\",\"https:\\\/\\\/www.youtube.com\\\/channel\\\/UClbMGuYbj2Mh1m3w144ETWQ\"]},{\"@type\":\"Person\",\"@id\":\"https:\\\/\\\/cj.estrategia.com\\\/portal\\\/#\\\/schema\\\/person\\\/771b883c8ee8ccd97e579a50988db032\",\"name\":\"Jose Mendes Lima Aguiar\",\"image\":{\"@type\":\"ImageObject\",\"inLanguage\":\"pt-BR\",\"@id\":\"https:\\\/\\\/secure.gravatar.com\\\/avatar\\\/9de6360b81109e7efcabd12f27cceb9f2aaa24687eff693fcfce9d1ac42b44a4?s=96&d=mm&r=g\",\"url\":\"https:\\\/\\\/secure.gravatar.com\\\/avatar\\\/9de6360b81109e7efcabd12f27cceb9f2aaa24687eff693fcfce9d1ac42b44a4?s=96&d=mm&r=g\",\"contentUrl\":\"https:\\\/\\\/secure.gravatar.com\\\/avatar\\\/9de6360b81109e7efcabd12f27cceb9f2aaa24687eff693fcfce9d1ac42b44a4?s=96&d=mm&r=g\",\"caption\":\"Jose Mendes Lima Aguiar\"},\"url\":\"https:\\\/\\\/cj.estrategia.com\\\/portal\\\/author\\\/jose-mendes\\\/\"}]}<\/script>\n<!-- \/ Yoast SEO Premium plugin. -->","yoast_head_json":{"title":"O Marco Civil da Internet na jurisprud\u00eancia do STJ: links patrocinados","description":"An\u00e1lise do entendimento do Superior Tribunal de Justi\u00e7a acerca do Marco Civil da Internet e o servi\u00e7o de links patrocinados.","robots":{"index":"index","follow":"follow","max-snippet":"max-snippet:-1","max-image-preview":"max-image-preview:large","max-video-preview":"max-video-preview:-1"},"canonical":"https:\/\/cj.estrategia.com\/portal\/o-marco-civil-da-internet-na-jurisprudencia-do-stj-links-patrocinados\/","og_locale":"pt_BR","og_type":"article","og_title":"O Marco Civil da Internet na jurisprud\u00eancia do STJ: links patrocinados","og_description":"An\u00e1lise do entendimento do Superior Tribunal de Justi\u00e7a acerca do Marco Civil da Internet e o servi\u00e7o de links patrocinados.","og_url":"https:\/\/cj.estrategia.com\/portal\/o-marco-civil-da-internet-na-jurisprudencia-do-stj-links-patrocinados\/","og_site_name":"Blog - Carreiras Jur\u00eddicas - Estrat\u00e9gia","article_publisher":"https:\/\/www.facebook.com\/estrategiacarreirajuridica\/","article_published_time":"2025-08-20T17:22:26+00:00","article_modified_time":"2025-09-03T14:23:43+00:00","og_image":[{"width":848,"height":477,"url":"https:\/\/cj.estrategia.com\/portal\/wp-content\/uploads\/2025\/07\/31155101\/STJ_.jpg","type":"image\/jpeg"}],"author":"Jose Mendes Lima Aguiar","twitter_card":"summary_large_image","twitter_creator":"@EstratJuridica","twitter_site":"@EstratJuridica","twitter_misc":{"Escrito por":"Jose Mendes Lima Aguiar","Est. tempo de leitura":"8 minutos"},"schema":{"@context":"https:\/\/schema.org","@graph":[{"@type":"NewsArticle","@id":"https:\/\/cj.estrategia.com\/portal\/o-marco-civil-da-internet-na-jurisprudencia-do-stj-links-patrocinados\/#article","isPartOf":{"@id":"https:\/\/cj.estrategia.com\/portal\/o-marco-civil-da-internet-na-jurisprudencia-do-stj-links-patrocinados\/"},"author":{"name":"Jose Mendes Lima Aguiar","@id":"https:\/\/cj.estrategia.com\/portal\/#\/schema\/person\/771b883c8ee8ccd97e579a50988db032"},"headline":"O Marco Civil da Internet na jurisprud\u00eancia do STJ: links patrocinados","datePublished":"2025-08-20T17:22:26+00:00","dateModified":"2025-09-03T14:23:43+00:00","mainEntityOfPage":{"@id":"https:\/\/cj.estrategia.com\/portal\/o-marco-civil-da-internet-na-jurisprudencia-do-stj-links-patrocinados\/"},"wordCount":1584,"commentCount":0,"publisher":{"@id":"https:\/\/cj.estrategia.com\/portal\/#organization"},"image":{"@id":"https:\/\/cj.estrategia.com\/portal\/o-marco-civil-da-internet-na-jurisprudencia-do-stj-links-patrocinados\/#primaryimage"},"thumbnailUrl":"https:\/\/cj.estrategia.com\/portal\/wp-content\/uploads\/2025\/07\/31155101\/STJ_.jpg","keywords":["concurso p\u00fablico","concursos jur\u00eddicos","marco civil da internet","STJ"],"articleSection":["Carreiras Jur\u00eddicas"],"inLanguage":"pt-BR","potentialAction":[{"@type":"CommentAction","name":"Comment","target":["https:\/\/cj.estrategia.com\/portal\/o-marco-civil-da-internet-na-jurisprudencia-do-stj-links-patrocinados\/#respond"]}]},{"@type":"WebPage","@id":"https:\/\/cj.estrategia.com\/portal\/o-marco-civil-da-internet-na-jurisprudencia-do-stj-links-patrocinados\/","url":"https:\/\/cj.estrategia.com\/portal\/o-marco-civil-da-internet-na-jurisprudencia-do-stj-links-patrocinados\/","name":"O Marco Civil da Internet na jurisprud\u00eancia do STJ: links patrocinados","isPartOf":{"@id":"https:\/\/cj.estrategia.com\/portal\/#website"},"primaryImageOfPage":{"@id":"https:\/\/cj.estrategia.com\/portal\/o-marco-civil-da-internet-na-jurisprudencia-do-stj-links-patrocinados\/#primaryimage"},"image":{"@id":"https:\/\/cj.estrategia.com\/portal\/o-marco-civil-da-internet-na-jurisprudencia-do-stj-links-patrocinados\/#primaryimage"},"thumbnailUrl":"https:\/\/cj.estrategia.com\/portal\/wp-content\/uploads\/2025\/07\/31155101\/STJ_.jpg","datePublished":"2025-08-20T17:22:26+00:00","dateModified":"2025-09-03T14:23:43+00:00","description":"An\u00e1lise do entendimento do Superior Tribunal de Justi\u00e7a acerca do Marco Civil da Internet e o servi\u00e7o de links patrocinados.","breadcrumb":{"@id":"https:\/\/cj.estrategia.com\/portal\/o-marco-civil-da-internet-na-jurisprudencia-do-stj-links-patrocinados\/#breadcrumb"},"inLanguage":"pt-BR","potentialAction":[{"@type":"ReadAction","target":["https:\/\/cj.estrategia.com\/portal\/o-marco-civil-da-internet-na-jurisprudencia-do-stj-links-patrocinados\/"]}]},{"@type":"ImageObject","inLanguage":"pt-BR","@id":"https:\/\/cj.estrategia.com\/portal\/o-marco-civil-da-internet-na-jurisprudencia-do-stj-links-patrocinados\/#primaryimage","url":"https:\/\/cj.estrategia.com\/portal\/wp-content\/uploads\/2025\/07\/31155101\/STJ_.jpg","contentUrl":"https:\/\/cj.estrategia.com\/portal\/wp-content\/uploads\/2025\/07\/31155101\/STJ_.jpg","width":848,"height":477},{"@type":"BreadcrumbList","@id":"https:\/\/cj.estrategia.com\/portal\/o-marco-civil-da-internet-na-jurisprudencia-do-stj-links-patrocinados\/#breadcrumb","itemListElement":[{"@type":"ListItem","position":1,"name":"In\u00edcio","item":"https:\/\/cj.estrategia.com\/portal\/"},{"@type":"ListItem","position":2,"name":"O Marco Civil da Internet na jurisprud\u00eancia do STJ: links patrocinados"}]},{"@type":"WebSite","@id":"https:\/\/cj.estrategia.com\/portal\/#website","url":"https:\/\/cj.estrategia.com\/portal\/","name":"Blog - Carreiras Jur\u00eddicas - Estrat\u00e9gia","description":"","publisher":{"@id":"https:\/\/cj.estrategia.com\/portal\/#organization"},"potentialAction":[{"@type":"SearchAction","target":{"@type":"EntryPoint","urlTemplate":"https:\/\/cj.estrategia.com\/portal\/?s={search_term_string}"},"query-input":{"@type":"PropertyValueSpecification","valueRequired":true,"valueName":"search_term_string"}}],"inLanguage":"pt-BR"},{"@type":"Organization","@id":"https:\/\/cj.estrategia.com\/portal\/#organization","name":"Estrat\u00e9gia - Carreiras Jur\u00eddicas","url":"https:\/\/cj.estrategia.com\/portal\/","logo":{"@type":"ImageObject","inLanguage":"pt-BR","@id":"https:\/\/cj.estrategia.com\/portal\/#\/schema\/logo\/image\/","url":"https:\/\/cj.estrategia.com\/portal\/wp-content\/uploads\/2022\/03\/11151052\/cj-logo.png","contentUrl":"https:\/\/cj.estrategia.com\/portal\/wp-content\/uploads\/2022\/03\/11151052\/cj-logo.png","width":150,"height":39,"caption":"Estrat\u00e9gia - Carreiras Jur\u00eddicas"},"image":{"@id":"https:\/\/cj.estrategia.com\/portal\/#\/schema\/logo\/image\/"},"sameAs":["https:\/\/www.facebook.com\/estrategiacarreirajuridica\/","https:\/\/x.com\/EstratJuridica","https:\/\/www.instagram.com\/estrategiacarreirajuridica\/","https:\/\/www.youtube.com\/channel\/UClbMGuYbj2Mh1m3w144ETWQ"]},{"@type":"Person","@id":"https:\/\/cj.estrategia.com\/portal\/#\/schema\/person\/771b883c8ee8ccd97e579a50988db032","name":"Jose Mendes Lima Aguiar","image":{"@type":"ImageObject","inLanguage":"pt-BR","@id":"https:\/\/secure.gravatar.com\/avatar\/9de6360b81109e7efcabd12f27cceb9f2aaa24687eff693fcfce9d1ac42b44a4?s=96&d=mm&r=g","url":"https:\/\/secure.gravatar.com\/avatar\/9de6360b81109e7efcabd12f27cceb9f2aaa24687eff693fcfce9d1ac42b44a4?s=96&d=mm&r=g","contentUrl":"https:\/\/secure.gravatar.com\/avatar\/9de6360b81109e7efcabd12f27cceb9f2aaa24687eff693fcfce9d1ac42b44a4?s=96&d=mm&r=g","caption":"Jose Mendes Lima Aguiar"},"url":"https:\/\/cj.estrategia.com\/portal\/author\/jose-mendes\/"}]}},"jetpack_featured_media_url":"https:\/\/cj.estrategia.com\/portal\/wp-content\/uploads\/2025\/07\/31155101\/STJ_.jpg","jetpack_sharing_enabled":true,"_links":{"self":[{"href":"https:\/\/cj.estrategia.com\/portal\/wp-json\/wp\/v2\/posts\/142522","targetHints":{"allow":["GET"]}}],"collection":[{"href":"https:\/\/cj.estrategia.com\/portal\/wp-json\/wp\/v2\/posts"}],"about":[{"href":"https:\/\/cj.estrategia.com\/portal\/wp-json\/wp\/v2\/types\/post"}],"author":[{"embeddable":true,"href":"https:\/\/cj.estrategia.com\/portal\/wp-json\/wp\/v2\/users\/55"}],"replies":[{"embeddable":true,"href":"https:\/\/cj.estrategia.com\/portal\/wp-json\/wp\/v2\/comments?post=142522"}],"version-history":[{"count":0,"href":"https:\/\/cj.estrategia.com\/portal\/wp-json\/wp\/v2\/posts\/142522\/revisions"}],"wp:featuredmedia":[{"embeddable":true,"href":"https:\/\/cj.estrategia.com\/portal\/wp-json\/wp\/v2\/media\/140308"}],"wp:attachment":[{"href":"https:\/\/cj.estrategia.com\/portal\/wp-json\/wp\/v2\/media?parent=142522"}],"wp:term":[{"taxonomy":"category","embeddable":true,"href":"https:\/\/cj.estrategia.com\/portal\/wp-json\/wp\/v2\/categories?post=142522"},{"taxonomy":"post_tag","embeddable":true,"href":"https:\/\/cj.estrategia.com\/portal\/wp-json\/wp\/v2\/tags?post=142522"},{"taxonomy":"tax_estado","embeddable":true,"href":"https:\/\/cj.estrategia.com\/portal\/wp-json\/wp\/v2\/tax_estado?post=142522"}],"curies":[{"name":"wp","href":"https:\/\/api.w.org\/{rel}","templated":true}]}}