{"id":140281,"date":"2025-07-31T15:22:20","date_gmt":"2025-07-31T18:22:20","guid":{"rendered":"https:\/\/cj.estrategia.com\/portal\/?p=140281"},"modified":"2025-08-06T11:30:29","modified_gmt":"2025-08-06T14:30:29","slug":"investigacao-insider-trading-tarifaco-trump","status":"publish","type":"post","link":"https:\/\/cj.estrategia.com\/portal\/investigacao-insider-trading-tarifaco-trump\/","title":{"rendered":"Insider trading: Moares autoriza investiga\u00e7\u00e3o no tarifa\u00e7o de Trump"},"content":{"rendered":"\n<p>As manchetes s\u00e3o bem pesadas.<\/p>\n\n\n\n<p>Como assim?<\/p>\n\n\n\n<p>Isso mesmo, Ministro do STF determinou abertura de inqu\u00e9rito ap\u00f3s opera\u00e7\u00f5es suspeitas de c\u00e2mbio que renderam lucro de at\u00e9 R$ 560 milh\u00f5es em tr\u00eas horas:<\/p>\n\n\n<div class=\"wp-block-image\">\n<figure class=\"aligncenter size-full\"><img decoding=\"async\" width=\"910\" height=\"753\" src=\"https:\/\/cj.estrategia.com\/portal\/wp-content\/uploads\/2025\/07\/31150655\/manchetes-insider-trading.png\" alt=\"Insider trading\" class=\"wp-image-140284\" srcset=\"https:\/\/cj.estrategia.com\/portal\/wp-content\/uploads\/2025\/07\/31150655\/manchetes-insider-trading.png 910w, https:\/\/cj.estrategia.com\/portal\/wp-content\/uploads\/2025\/07\/31150655\/manchetes-insider-trading-300x248.png 300w, https:\/\/cj.estrategia.com\/portal\/wp-content\/uploads\/2025\/07\/31150655\/manchetes-insider-trading-768x635.png 768w, https:\/\/cj.estrategia.com\/portal\/wp-content\/uploads\/2025\/07\/31150655\/manchetes-insider-trading-380x314.png 380w, https:\/\/cj.estrategia.com\/portal\/wp-content\/uploads\/2025\/07\/31150655\/manchetes-insider-trading-800x662.png 800w, https:\/\/cj.estrategia.com\/portal\/wp-content\/uploads\/2025\/07\/31150655\/manchetes-insider-trading-150x124.png 150w\" sizes=\"(max-width: 910px) 100vw, 910px\" \/><\/figure>\n<\/div>\n\n\n<p>Isto porque, o ministro Alexandre de Moraes, do Supremo Tribunal Federal, autorizou na segunda-feira (21) a abertura de investiga\u00e7\u00e3o criminal sobre poss\u00edvel crime de <em>insider trading<\/em> envolvendo opera\u00e7\u00f5es bilion\u00e1rias no mercado de c\u00e2mbio.<\/p>\n\n\n\n<p>Nessa linha, a decis\u00e3o atende pedido da Advocacia-Geral da Uni\u00e3o, que identificou movimenta\u00e7\u00f5es at\u00edpicas realizadas horas antes do an\u00fancio das tarifas comerciais de 50% impostas pelo presidente americano Donald Trump ao Brasil, em 9 de julho.<\/p>\n\n\n<div class=\"wp-block-image\">\n<figure class=\"aligncenter size-large\"><img decoding=\"async\" width=\"1024\" height=\"612\" src=\"https:\/\/cj.estrategia.com\/portal\/wp-content\/uploads\/2025\/07\/31150715\/agu-stf-informacoes-privilegiadas-mercado-cambial-1024x612.png\" alt=\"Insider trading\" class=\"wp-image-140285\" srcset=\"https:\/\/cj.estrategia.com\/portal\/wp-content\/uploads\/2025\/07\/31150715\/agu-stf-informacoes-privilegiadas-mercado-cambial-1024x612.png 1024w, https:\/\/cj.estrategia.com\/portal\/wp-content\/uploads\/2025\/07\/31150715\/agu-stf-informacoes-privilegiadas-mercado-cambial-300x180.png 300w, https:\/\/cj.estrategia.com\/portal\/wp-content\/uploads\/2025\/07\/31150715\/agu-stf-informacoes-privilegiadas-mercado-cambial-768x459.png 768w, https:\/\/cj.estrategia.com\/portal\/wp-content\/uploads\/2025\/07\/31150715\/agu-stf-informacoes-privilegiadas-mercado-cambial-380x227.png 380w, https:\/\/cj.estrategia.com\/portal\/wp-content\/uploads\/2025\/07\/31150715\/agu-stf-informacoes-privilegiadas-mercado-cambial-560x336.png 560w, https:\/\/cj.estrategia.com\/portal\/wp-content\/uploads\/2025\/07\/31150715\/agu-stf-informacoes-privilegiadas-mercado-cambial-800x478.png 800w, https:\/\/cj.estrategia.com\/portal\/wp-content\/uploads\/2025\/07\/31150715\/agu-stf-informacoes-privilegiadas-mercado-cambial-1160x693.png 1160w, https:\/\/cj.estrategia.com\/portal\/wp-content\/uploads\/2025\/07\/31150715\/agu-stf-informacoes-privilegiadas-mercado-cambial-150x90.png 150w, https:\/\/cj.estrategia.com\/portal\/wp-content\/uploads\/2025\/07\/31150715\/agu-stf-informacoes-privilegiadas-mercado-cambial.png 1301w\" sizes=\"(max-width: 1024px) 100vw, 1024px\" \/><figcaption class=\"wp-element-caption\">Fonte: <a href=\"https:\/\/www.gov.br\/agu\/pt-br\/comunicacao\/noticias\/agu-pede-ao-stf-investigacao-de-suspeitas-do-uso-de-informacoes-privilegiadas-no-mercado-cambial\">https:\/\/www.gov.br\/agu\/pt-br\/comunicacao\/noticias\/agu-pede-ao-stf-investigacao-de-suspeitas-do-uso-de-informacoes-privilegiadas-no-mercado-cambial<\/a><\/figcaption><\/figure>\n<\/div>\n\n\n<p>Ora, segundo dados apresentados pela AGU, algu\u00e9m comprou entre US$ 3 e 4 bilh\u00f5es na cota\u00e7\u00e3o de R$ 5,46 \u00e0s 13h30 daquele dia. Tr\u00eas horas depois, \u00e0s 16h17, Trump divulgou carta oficial comunicando as san\u00e7\u00f5es comerciais.<\/p>\n\n\n\n<p>Em apenas tr\u00eas minutos, \u00e0s 16h20, a mesma pessoa vendeu toda a posi\u00e7\u00e3o na nova cota\u00e7\u00e3o de R$ 5,60, obtendo lucro estimado entre R$ 420 e 560 milh\u00f5es de reais.<\/p>\n\n\n\n<h2 class=\"wp-block-heading\" id=\"h-fundamentacao-juridica-da-decisao\"><span id=\"fundamentacao-juridica-da-decisao\">Fundamenta\u00e7\u00e3o jur\u00eddica da decis\u00e3o<\/span><\/h2>\n\n\n\n<p>Moraes fundamentou sua decis\u00e3o no artigo 27-D da <strong><a href=\"https:\/\/www.estrategiaconcursos.com.br\/promocoes\/assinaturas-ecj\/\" target=\"_blank\" >Lei 6.385\/1976<\/a><\/strong>, que criminaliza especificamente o uso de informa\u00e7\u00e3o privilegiada no mercado financeiro:<\/p>\n\n\n\n<pre class=\"wp-block-preformatted\">Art. 27-D. &nbsp;Utilizar informa\u00e7\u00e3o relevante de que tenha conhecimento, ainda n\u00e3o divulgada ao mercado, que seja capaz de propiciar, para si ou para outrem, vantagem indevida, mediante negocia\u00e7\u00e3o, em nome pr\u00f3prio ou de terceiros, de valores mobili\u00e1rios:&nbsp;&nbsp;&nbsp;&nbsp;&nbsp;&nbsp;&nbsp;&nbsp;&nbsp;&nbsp;&nbsp;&nbsp;&nbsp;&nbsp;&nbsp;&nbsp;&nbsp;&nbsp;&nbsp;&nbsp;&nbsp;&nbsp; &nbsp;&nbsp;(Reda\u00e7\u00e3o dada pela Lei n\u00ba 13.506, de 2017)<br><br>Pena \u2013 reclus\u00e3o, de 1 (um) a 5 (cinco) anos, e multa de at\u00e9 3 (tr\u00eas) vezes o montante da vantagem il\u00edcita obtida em decorr\u00eancia do crime.&nbsp;&nbsp;&nbsp;&nbsp;&nbsp;&nbsp;&nbsp;&nbsp;&nbsp;&nbsp;&nbsp;&nbsp;&nbsp;&nbsp;&nbsp;&nbsp;&nbsp;&nbsp;&nbsp;(Inclu\u00eddo pela Lei n\u00ba 10.303, de 31.10.2001)<br><br>\u00a7 1o&nbsp;&nbsp;Incorre na mesma pena quem repassa informa\u00e7\u00e3o sigilosa relativa a fato relevante a que tenha tido acesso em raz\u00e3o de cargo ou posi\u00e7\u00e3o que ocupe em emissor de valores mobili\u00e1rios ou em raz\u00e3o de rela\u00e7\u00e3o comercial, profissional ou de confian\u00e7a com o emissor.&nbsp;&nbsp;&nbsp;&nbsp;&nbsp;&nbsp;&nbsp;&nbsp;&nbsp;&nbsp;&nbsp;&nbsp;&nbsp;&nbsp;&nbsp;&nbsp;&nbsp;&nbsp; &nbsp;&nbsp;(Inclu\u00eddo pela Lei n\u00ba 13.506, de 2017)<br><br>\u00a7 2o&nbsp;&nbsp;A pena \u00e9 aumentada em 1\/3 (um ter\u00e7o) se o agente comete o crime previsto no&nbsp;caput&nbsp;deste artigo valendo-se de informa\u00e7\u00e3o relevante de que tenha conhecimento e da qual deva manter sigilo.&nbsp;&nbsp;&nbsp;&nbsp;&nbsp;&nbsp;&nbsp;&nbsp;&nbsp;&nbsp;&nbsp;&nbsp;&nbsp;&nbsp;&nbsp;&nbsp;&nbsp;&nbsp;&nbsp;&nbsp;&nbsp;(Inclu\u00eddo pela Lei n\u00ba 13.506, de 2017)<\/pre>\n\n\n\n<p>Assim, o dispositivo prev\u00ea pena de reclus\u00e3o de um a cinco anos, al\u00e9m de multa de at\u00e9 tr\u00eas vezes o montante da vantagem il\u00edcita obtida.<\/p>\n\n\n\n<p>No caso em quest\u00e3o, isso representaria multa superior a R$ 1,5 bilh\u00e3o.<\/p>\n\n\n\n<p>O ministro destacou que &#8220;as transa\u00e7\u00f5es de c\u00e2mbio ocorreram em volume significativo e horas antes do an\u00fancio oficial das novas tarifas comerciais&#8221;, caracterizando &#8220;poss\u00edvel utiliza\u00e7\u00e3o de informa\u00e7\u00f5es privilegiadas por pessoas f\u00edsicas ou jur\u00eddicas, supostamente com acesso pr\u00e9vio e indevido a decis\u00f5es ou dados econ\u00f4micos de alto impacto&#8221;.<\/p>\n\n\n\n<p>A AGU tamb\u00e9m apontou poss\u00edvel configura\u00e7\u00e3o do crime previsto no artigo 6\u00ba da Lei 7.492\/1986, que trata de gest\u00e3o fraudulenta contra o sistema financeiro nacional, com pena mais severa de tr\u00eas a doze anos de reclus\u00e3o. Subsidiariamente, cogita-se aplica\u00e7\u00e3o da Lei 8.137\/1990, que tipifica crimes contra a ordem econ\u00f4mica.<\/p>\n\n\n\n<h2 class=\"wp-block-heading\" id=\"h-contexto-jurisprudencial-e-precedentes\"><span id=\"contexto-jurisprudencial-e-precedentes\">Contexto jurisprudencial e precedentes<\/span><\/h2>\n\n\n\n<p>Vale salientar que, o <em>insider trading<\/em> representa um dos crimes mais complexos do direito penal econ\u00f4mico brasileiro, com poucos precedentes de investiga\u00e7\u00e3o e condena\u00e7\u00e3o, especialmente em opera\u00e7\u00f5es cambiais de tamanha magnitude.<\/p>\n\n\n\n<p>Historicamente, a Comiss\u00e3o de Valores Mobili\u00e1rios tem atuado mais no \u00e2mbito administrativo, aplicando multas e san\u00e7\u00f5es regulat\u00f3rias.<\/p>\n\n\n\n<p>Entretanto, o caso ganhou repercuss\u00e3o ap\u00f3s den\u00fancia p\u00fablica de Spencer Hakimian, gestor da Tolou Capital em Nova York, que identificou o padr\u00e3o at\u00edpico das opera\u00e7\u00f5es.<\/p>\n\n\n\n<p>Hakimian afirmou que o movimento indicava que algu\u00e9m &#8220;sabia da informa\u00e7\u00e3o antes do an\u00fancio, sabia o impacto que ela causaria no mercado e sabia exatamente quando e como operar&#8221;.<\/p>\n\n\n\n<p>Ressalte-se que, a jurisprud\u00eancia brasileira ainda \u00e9 escassa sobre<em> insider trading<\/em> em mercado cambial, concentrando-se tradicionalmente em opera\u00e7\u00f5es no mercado de a\u00e7\u00f5es.<\/p>\n\n\n\n<p>Logo, este caso pode estabelecer precedente importante para a aplica\u00e7\u00e3o da legisla\u00e7\u00e3o penal econ\u00f4mica em opera\u00e7\u00f5es de c\u00e2mbio envolvendo informa\u00e7\u00f5es de pol\u00edtica comercial internacional.<\/p>\n\n\n\n<h2 class=\"wp-block-heading\" id=\"h-aspectos-procedimentais-da-investigacao\"><span id=\"aspectos-procedimentais-da-investigacao\">Aspectos procedimentais da investiga\u00e7\u00e3o<\/span><\/h2>\n\n\n\n<p>De in\u00edcio, o inqu\u00e9rito foi classificado como sigiloso e tramita em conex\u00e3o com outra apura\u00e7\u00e3o conduzida por Moraes, que investiga o deputado Eduardo Bolsonaro por articula\u00e7\u00e3o com congressistas republicanos americanos.<\/p>\n\n\n\n<p>Essa conex\u00e3o sugere poss\u00edvel linha investigativa sobre vazamento de informa\u00e7\u00f5es sens\u00edveis entre os dois pa\u00edses.<\/p>\n\n\n\n<p>Ademais, a Pol\u00edcia Federal conduzir\u00e1 a investiga\u00e7\u00e3o em quatro frentes principais: identifica\u00e7\u00e3o dos operadores atrav\u00e9s de dados do Banco Central e corretoras; rastreamento da origem dos recursos utilizados; apura\u00e7\u00e3o de como a informa\u00e7\u00e3o chegou aos benefici\u00e1rios; e identifica\u00e7\u00e3o de pessoas com acesso antecipado \u00e0 decis\u00e3o de Trump.<\/p>\n\n\n\n<p>Por fim, Moraes tamb\u00e9m determinou que a Procuradoria-Geral da Rep\u00fablica e a Comiss\u00e3o de Valores Mobili\u00e1rios sejam acionadas para adotar provid\u00eancias criminais e administrativas.<\/p>\n\n\n\n<p>O BC, por sua vez, fornecer\u00e1 dados detalhados das opera\u00e7\u00f5es cambiais realizadas no per\u00edodo, incluindo identifica\u00e7\u00e3o de corretoras e fluxo de recursos.<\/p>\n\n\n\n<h3 class=\"wp-block-heading\" id=\"h-o-que-isso-pode-representar\"><span id=\"o-que-isso-pode-representar\">O que isso pode representar?<\/span><\/h3>\n\n\n\n<p>Veja, a investiga\u00e7\u00e3o representa marco no combate aos crimes financeiros no Brasil, sinalizando maior rigor na fiscaliza\u00e7\u00e3o de opera\u00e7\u00f5es que comprometem a integridade do mercado.<\/p>\n\n\n\n<p>No fundo, para o sistema financeiro nacional, demonstra que irregularidades de alta complexidade n\u00e3o passar\u00e3o despercebidas, fortalecendo a confian\u00e7a dos investidores.<\/p>\n\n\n\n<p>Do ponto de vista diplom\u00e1tico, a apura\u00e7\u00e3o pode gerar tens\u00f5es entre Brasil e Estados Unidos caso seja comprovado vazamento de informa\u00e7\u00f5es sens\u00edveis de pol\u00edtica comercial.<\/p>\n\n\n\n<p>Entretanto, o timing preciso das opera\u00e7\u00f5es levanta questionamentos sobre a seguran\u00e7a das comunica\u00e7\u00f5es governamentais entre os dois pa\u00edses.<\/p>\n\n\n\n<p>Se confirmado o crime, as consequ\u00eancias incluem n\u00e3o apenas as severas penas privativas de liberdade, mas tamb\u00e9m o sequestro dos lucros il\u00edcitos e sua revers\u00e3o aos cofres p\u00fablicos.<\/p>\n\n\n\n<p>Lado a isso, o caso estabelecer\u00e1 precedente sobre a aplica\u00e7\u00e3o da legisla\u00e7\u00e3o penal econ\u00f4mica em opera\u00e7\u00f5es cambiais bilion\u00e1rias.<\/p>\n\n\n\n<p>Em outras palavras, a decis\u00e3o de Moraes consolida o entendimento de que o <em>insider trading<\/em> constitui grave les\u00e3o \u00e0 ordem econ\u00f4mica nacional. Isso merece uma resposta penal proporcional \u00e0 dimens\u00e3o do dano causado ao mercado financeiro brasileiro.<\/p>\n\n\n\n<h2 class=\"wp-block-heading\" id=\"h-como-o-tema-ja-caiu-em-concursos\"><span id=\"como-o-tema-ja-caiu-em-concursos\">Como o tema j\u00e1 caiu em concursos?<\/span><\/h2>\n\n\n\n<pre class=\"wp-block-preformatted\"><strong>Ano: 2018 Banca: ACEP \u00d3rg\u00e3o: Prefeitura de Aracati - CE<\/strong><br><br>O mercado tem, cada vez mais, adotado medidas e pr\u00e1ticas protetivas, com o objetivo de evitar situa\u00e7\u00f5es de conflito de interesse. Nesse contexto, identifica-se uma pr\u00e1tica denominada insider trading, cujo significado \u00e9:<br><br><strong>Alternativas<\/strong><br><br>A) prevalecer-se da diferen\u00e7a de pre\u00e7o de um ativo em dois mercados distintos.<br><br>B) ocultar ou dissimular a natureza, origem, localiza\u00e7\u00e3o, disposi\u00e7\u00e3o, movimenta\u00e7\u00e3o ou propriedade de bens, direitos ou valores.<br><br>C) o indiv\u00edduo que obt\u00e9m uma informa\u00e7\u00e3o privilegiada utiliza essa informa\u00e7\u00e3o em benef\u00edcio pr\u00f3prio ou em benef\u00edcio de terceiros.<br><br>D) negociar com t\u00edtulos e valores mobili\u00e1rios, cujas informa\u00e7\u00f5es n\u00e3o se apresentem divulgadas no mercado.<br><br>Gab: C.<\/pre>\n\n\n\n<hr class=\"wp-block-separator has-alpha-channel-opacity\"\/>\n\n\n\n<h2 class=\"wp-block-heading has-text-align-center\" id=\"h-quer-saber-quais-serao-os-proximos-concursos\"><span id=\"quer-saber-quais-serao-os-proximos-concursos\">Quer saber quais ser\u00e3o os pr\u00f3ximos concursos?<\/span><\/h2>\n\n\n\n<pre class=\"wp-block-verse has-text-align-center\">Confira nossos&nbsp;<a href=\"https:\/\/cj.estrategia.com\/portal\/\" target=\"_blank\" >artigos para Carreiras Jur\u00eddicas<\/a>!<\/pre>\n\n\n\n<p class=\"has-text-align-center has-white-color has-pale-cyan-blue-background-color has-text-color has-background has-link-color wp-elements-723b3278bf14a50a5e7b7e937b9a17d4\"><a href=\"https:\/\/cj.estrategia.com\/portal\/concursos-abertos-carreiras-juridicas\/\">Concursos jur\u00eddicos abertos<\/a><\/p>\n\n\n\n<p class=\"has-text-align-center has-white-color has-pale-cyan-blue-background-color has-text-color has-background has-link-color wp-elements-41349f36dc977263ca2129bf0f6dd541\"><a href=\"https:\/\/cj.estrategia.com\/portal\/concursos-2025-carreiras-juridicas\/\" target=\"_blank\" >Concursos jur\u00eddicos 2025<\/a><\/p>\n","protected":false},"excerpt":{"rendered":"As manchetes s\u00e3o bem pesadas. Como assim? Isso mesmo, Ministro do STF determinou abertura de inqu\u00e9rito ap\u00f3s opera\u00e7\u00f5es&hellip;\n","protected":false},"author":93,"featured_media":140287,"comment_status":"open","ping_status":"open","sticky":false,"template":"","format":"standard","meta":{"_jetpack_memberships_contains_paid_content":false,"footnotes":""},"categories":[1],"tags":[933,1799,3032,3029,885,3031,134,3030],"tax_estado":[30,31,32,33,34,35,36,37,38,39,40,41,42,43,44,45,46,47,48,49,50,51,52,53,54,55,56,57],"class_list":{"0":"post-140281","1":"post","2":"type-post","3":"status-publish","4":"format-standard","5":"has-post-thumbnail","7":"category-carreiras-juridicas","8":"tag-agu","9":"tag-donald-trump","10":"tag-informacao-privilegiada","11":"tag-insider-trading","12":"tag-investigacao","13":"tag-mercado-de-cambio","14":"tag-stf","15":"tag-tarifaco","16":"tax_estado-ac","17":"tax_estado-al","18":"tax_estado-am","19":"tax_estado-ap","20":"tax_estado-ba","21":"tax_estado-ce","22":"tax_estado-concursos-federais","23":"tax_estado-df","24":"tax_estado-es","25":"tax_estado-go","26":"tax_estado-ma","27":"tax_estado-mg","28":"tax_estado-ms","29":"tax_estado-mt","30":"tax_estado-pa","31":"tax_estado-pb","32":"tax_estado-pe","33":"tax_estado-pi","34":"tax_estado-pr","35":"tax_estado-rj","36":"tax_estado-rn","37":"tax_estado-ro","38":"tax_estado-rr","39":"tax_estado-rs","40":"tax_estado-sc","41":"tax_estado-se","42":"tax_estado-sp","43":"tax_estado-to"},"acf":[],"yoast_head":"<!-- This site is optimized with the Yoast SEO Premium plugin v27.4 (Yoast SEO v27.4) - https:\/\/yoast.com\/product\/yoast-seo-premium-wordpress\/ -->\n<title>Insider trading: Moares autoriza investiga\u00e7\u00e3o no tarifa\u00e7o de Trump<\/title>\n<meta name=\"description\" content=\"O ministro Alexandre de Moraes autorizou abertura de investiga\u00e7\u00e3o criminal sobre insider trading no mercado de c\u00e2mbio.\" \/>\n<meta name=\"robots\" content=\"index, follow, max-snippet:-1, max-image-preview:large, max-video-preview:-1\" \/>\n<link rel=\"canonical\" href=\"https:\/\/cj.estrategia.com\/portal\/investigacao-insider-trading-tarifaco-trump\/\" \/>\n<meta property=\"og:locale\" content=\"pt_BR\" \/>\n<meta property=\"og:type\" content=\"article\" \/>\n<meta property=\"og:title\" content=\"Insider trading: Moares autoriza investiga\u00e7\u00e3o no tarifa\u00e7o de Trump\" \/>\n<meta property=\"og:description\" content=\"O ministro Alexandre de Moraes autorizou abertura de investiga\u00e7\u00e3o criminal sobre insider trading no mercado de c\u00e2mbio.\" \/>\n<meta property=\"og:url\" content=\"https:\/\/cj.estrategia.com\/portal\/investigacao-insider-trading-tarifaco-trump\/\" \/>\n<meta property=\"og:site_name\" content=\"Blog - Carreiras Jur\u00eddicas - Estrat\u00e9gia\" \/>\n<meta property=\"article:publisher\" content=\"https:\/\/www.facebook.com\/estrategiacarreirajuridica\/\" \/>\n<meta property=\"article:published_time\" content=\"2025-07-31T18:22:20+00:00\" \/>\n<meta property=\"article:modified_time\" content=\"2025-08-06T14:30:29+00:00\" \/>\n<meta property=\"og:image\" content=\"https:\/\/cj.estrategia.com\/portal\/wp-content\/uploads\/2025\/07\/31151856\/mercado-financeiro-cambial-dolar-trump.jpg\" \/>\n\t<meta property=\"og:image:width\" content=\"2000\" \/>\n\t<meta property=\"og:image:height\" content=\"1367\" \/>\n\t<meta property=\"og:image:type\" content=\"image\/jpeg\" \/>\n<meta name=\"author\" content=\"Felipe Duque\" \/>\n<meta name=\"twitter:card\" content=\"summary_large_image\" \/>\n<meta name=\"twitter:creator\" content=\"@https:\/\/x.com\/ProfessorDuque\" \/>\n<meta name=\"twitter:site\" content=\"@EstratJuridica\" \/>\n<meta name=\"twitter:label1\" content=\"Escrito por\" \/>\n\t<meta name=\"twitter:data1\" content=\"Felipe Duque\" \/>\n\t<meta name=\"twitter:label2\" content=\"Est. tempo de leitura\" \/>\n\t<meta name=\"twitter:data2\" content=\"6 minutos\" \/>\n<script type=\"application\/ld+json\" class=\"yoast-schema-graph\">{\"@context\":\"https:\\\/\\\/schema.org\",\"@graph\":[{\"@type\":\"NewsArticle\",\"@id\":\"https:\\\/\\\/cj.estrategia.com\\\/portal\\\/investigacao-insider-trading-tarifaco-trump\\\/#article\",\"isPartOf\":{\"@id\":\"https:\\\/\\\/cj.estrategia.com\\\/portal\\\/investigacao-insider-trading-tarifaco-trump\\\/\"},\"author\":{\"name\":\"Felipe Duque\",\"@id\":\"https:\\\/\\\/cj.estrategia.com\\\/portal\\\/#\\\/schema\\\/person\\\/b5b0253b269d7130d1f7770b1ba29285\"},\"headline\":\"Insider trading: Moares autoriza investiga\u00e7\u00e3o no tarifa\u00e7o de Trump\",\"datePublished\":\"2025-07-31T18:22:20+00:00\",\"dateModified\":\"2025-08-06T14:30:29+00:00\",\"mainEntityOfPage\":{\"@id\":\"https:\\\/\\\/cj.estrategia.com\\\/portal\\\/investigacao-insider-trading-tarifaco-trump\\\/\"},\"wordCount\":964,\"commentCount\":0,\"publisher\":{\"@id\":\"https:\\\/\\\/cj.estrategia.com\\\/portal\\\/#organization\"},\"image\":{\"@id\":\"https:\\\/\\\/cj.estrategia.com\\\/portal\\\/investigacao-insider-trading-tarifaco-trump\\\/#primaryimage\"},\"thumbnailUrl\":\"https:\\\/\\\/cj.estrategia.com\\\/portal\\\/wp-content\\\/uploads\\\/2025\\\/07\\\/31151856\\\/mercado-financeiro-cambial-dolar-trump.jpg\",\"keywords\":[\"AGU\",\"Donald Trump\",\"informa\u00e7\u00e3o privilegiada\",\"insider trading\",\"investiga\u00e7\u00e3o\",\"mercado de c\u00e2mbio\",\"STF\",\"tarifa\u00e7o\"],\"articleSection\":[\"Carreiras Jur\u00eddicas\"],\"inLanguage\":\"pt-BR\",\"potentialAction\":[{\"@type\":\"CommentAction\",\"name\":\"Comment\",\"target\":[\"https:\\\/\\\/cj.estrategia.com\\\/portal\\\/investigacao-insider-trading-tarifaco-trump\\\/#respond\"]}]},{\"@type\":\"WebPage\",\"@id\":\"https:\\\/\\\/cj.estrategia.com\\\/portal\\\/investigacao-insider-trading-tarifaco-trump\\\/\",\"url\":\"https:\\\/\\\/cj.estrategia.com\\\/portal\\\/investigacao-insider-trading-tarifaco-trump\\\/\",\"name\":\"Insider trading: Moares autoriza investiga\u00e7\u00e3o no tarifa\u00e7o de Trump\",\"isPartOf\":{\"@id\":\"https:\\\/\\\/cj.estrategia.com\\\/portal\\\/#website\"},\"primaryImageOfPage\":{\"@id\":\"https:\\\/\\\/cj.estrategia.com\\\/portal\\\/investigacao-insider-trading-tarifaco-trump\\\/#primaryimage\"},\"image\":{\"@id\":\"https:\\\/\\\/cj.estrategia.com\\\/portal\\\/investigacao-insider-trading-tarifaco-trump\\\/#primaryimage\"},\"thumbnailUrl\":\"https:\\\/\\\/cj.estrategia.com\\\/portal\\\/wp-content\\\/uploads\\\/2025\\\/07\\\/31151856\\\/mercado-financeiro-cambial-dolar-trump.jpg\",\"datePublished\":\"2025-07-31T18:22:20+00:00\",\"dateModified\":\"2025-08-06T14:30:29+00:00\",\"description\":\"O ministro Alexandre de Moraes autorizou abertura de investiga\u00e7\u00e3o criminal sobre insider trading no mercado de c\u00e2mbio.\",\"breadcrumb\":{\"@id\":\"https:\\\/\\\/cj.estrategia.com\\\/portal\\\/investigacao-insider-trading-tarifaco-trump\\\/#breadcrumb\"},\"inLanguage\":\"pt-BR\",\"potentialAction\":[{\"@type\":\"ReadAction\",\"target\":[\"https:\\\/\\\/cj.estrategia.com\\\/portal\\\/investigacao-insider-trading-tarifaco-trump\\\/\"]}]},{\"@type\":\"ImageObject\",\"inLanguage\":\"pt-BR\",\"@id\":\"https:\\\/\\\/cj.estrategia.com\\\/portal\\\/investigacao-insider-trading-tarifaco-trump\\\/#primaryimage\",\"url\":\"https:\\\/\\\/cj.estrategia.com\\\/portal\\\/wp-content\\\/uploads\\\/2025\\\/07\\\/31151856\\\/mercado-financeiro-cambial-dolar-trump.jpg\",\"contentUrl\":\"https:\\\/\\\/cj.estrategia.com\\\/portal\\\/wp-content\\\/uploads\\\/2025\\\/07\\\/31151856\\\/mercado-financeiro-cambial-dolar-trump.jpg\",\"width\":2000,\"height\":1367},{\"@type\":\"BreadcrumbList\",\"@id\":\"https:\\\/\\\/cj.estrategia.com\\\/portal\\\/investigacao-insider-trading-tarifaco-trump\\\/#breadcrumb\",\"itemListElement\":[{\"@type\":\"ListItem\",\"position\":1,\"name\":\"In\u00edcio\",\"item\":\"https:\\\/\\\/cj.estrategia.com\\\/portal\\\/\"},{\"@type\":\"ListItem\",\"position\":2,\"name\":\"Insider trading: Moares autoriza investiga\u00e7\u00e3o no tarifa\u00e7o de Trump\"}]},{\"@type\":\"WebSite\",\"@id\":\"https:\\\/\\\/cj.estrategia.com\\\/portal\\\/#website\",\"url\":\"https:\\\/\\\/cj.estrategia.com\\\/portal\\\/\",\"name\":\"Blog - Carreiras Jur\u00eddicas - Estrat\u00e9gia\",\"description\":\"\",\"publisher\":{\"@id\":\"https:\\\/\\\/cj.estrategia.com\\\/portal\\\/#organization\"},\"potentialAction\":[{\"@type\":\"SearchAction\",\"target\":{\"@type\":\"EntryPoint\",\"urlTemplate\":\"https:\\\/\\\/cj.estrategia.com\\\/portal\\\/?s={search_term_string}\"},\"query-input\":{\"@type\":\"PropertyValueSpecification\",\"valueRequired\":true,\"valueName\":\"search_term_string\"}}],\"inLanguage\":\"pt-BR\"},{\"@type\":\"Organization\",\"@id\":\"https:\\\/\\\/cj.estrategia.com\\\/portal\\\/#organization\",\"name\":\"Estrat\u00e9gia - Carreiras Jur\u00eddicas\",\"url\":\"https:\\\/\\\/cj.estrategia.com\\\/portal\\\/\",\"logo\":{\"@type\":\"ImageObject\",\"inLanguage\":\"pt-BR\",\"@id\":\"https:\\\/\\\/cj.estrategia.com\\\/portal\\\/#\\\/schema\\\/logo\\\/image\\\/\",\"url\":\"https:\\\/\\\/cj.estrategia.com\\\/portal\\\/wp-content\\\/uploads\\\/2022\\\/03\\\/11151052\\\/cj-logo.png\",\"contentUrl\":\"https:\\\/\\\/cj.estrategia.com\\\/portal\\\/wp-content\\\/uploads\\\/2022\\\/03\\\/11151052\\\/cj-logo.png\",\"width\":150,\"height\":39,\"caption\":\"Estrat\u00e9gia - Carreiras Jur\u00eddicas\"},\"image\":{\"@id\":\"https:\\\/\\\/cj.estrategia.com\\\/portal\\\/#\\\/schema\\\/logo\\\/image\\\/\"},\"sameAs\":[\"https:\\\/\\\/www.facebook.com\\\/estrategiacarreirajuridica\\\/\",\"https:\\\/\\\/x.com\\\/EstratJuridica\",\"https:\\\/\\\/www.instagram.com\\\/estrategiacarreirajuridica\\\/\",\"https:\\\/\\\/www.youtube.com\\\/channel\\\/UClbMGuYbj2Mh1m3w144ETWQ\"]},{\"@type\":\"Person\",\"@id\":\"https:\\\/\\\/cj.estrategia.com\\\/portal\\\/#\\\/schema\\\/person\\\/b5b0253b269d7130d1f7770b1ba29285\",\"name\":\"Felipe Duque\",\"image\":{\"@type\":\"ImageObject\",\"inLanguage\":\"pt-BR\",\"@id\":\"https:\\\/\\\/cj.estrategia.com\\\/portal\\\/wp-content\\\/uploads\\\/2024\\\/08\\\/06162009\\\/Captura-de-Tela-2024-08-06-as-16.19.26-96x96.png\",\"url\":\"https:\\\/\\\/cj.estrategia.com\\\/portal\\\/wp-content\\\/uploads\\\/2024\\\/08\\\/06162009\\\/Captura-de-Tela-2024-08-06-as-16.19.26-96x96.png\",\"contentUrl\":\"https:\\\/\\\/cj.estrategia.com\\\/portal\\\/wp-content\\\/uploads\\\/2024\\\/08\\\/06162009\\\/Captura-de-Tela-2024-08-06-as-16.19.26-96x96.png\",\"caption\":\"Felipe Duque\"},\"description\":\"Felipe Duque - Mestre em Direito Pol\u00edtico e Econ\u00f4mico na Mackenzie-SP. Graduado em Direito pela Universidade Cat\u00f3lica de Pernambuco, com conclus\u00e3o pelo regime de Aproveitamento Extraordin\u00e1rio nos Estudos (art. 47, \u00a7 2\u00ba, da Lei n\u00ba 9.394\\\/96). Ex-Assessor de Desembargador no TJPE. Procurador da Fazenda Nacional. Integra voluntariamente a Coordena\u00e7\u00e3o de Assuntos Estrat\u00e9gicos Judiciais da PGFN. Professor do Estrat\u00e9gia Carreira Jur\u00eddica, Estrat\u00e9gia OAB e Buscador Dizer o Direito. Autor do livro \u201cReforma Tribut\u00e1ria Comentada e Esquematizada\u201d, \\\"Manual de Processo Tribut\u00e1rio: Administrativo e Judicial\\\" pela editora Juspodivm Parecerista na Revista de Estudos Jur\u00eddicos do Superior Tribunal de Justi\u00e7a (REJuriSTJ)\",\"sameAs\":[\"http:\\\/\\\/lattes.cnpq.br\\\/5755137268084324\",\"https:\\\/\\\/www.instagram.com\\\/felipe_duque\\\/\",\"https:\\\/\\\/br.linkedin.com\\\/in\\\/felipe-duque-56954638\",\"https:\\\/\\\/x.com\\\/https:\\\/\\\/x.com\\\/ProfessorDuque\",\"https:\\\/\\\/www.youtube.com\\\/@felipeduque-experienciasco5797\"],\"url\":\"https:\\\/\\\/cj.estrategia.com\\\/portal\\\/author\\\/felipe-duque\\\/\"}]}<\/script>\n<!-- \/ Yoast SEO Premium plugin. -->","yoast_head_json":{"title":"Insider trading: Moares autoriza investiga\u00e7\u00e3o no tarifa\u00e7o de Trump","description":"O ministro Alexandre de Moraes autorizou abertura de investiga\u00e7\u00e3o criminal sobre insider trading no mercado de c\u00e2mbio.","robots":{"index":"index","follow":"follow","max-snippet":"max-snippet:-1","max-image-preview":"max-image-preview:large","max-video-preview":"max-video-preview:-1"},"canonical":"https:\/\/cj.estrategia.com\/portal\/investigacao-insider-trading-tarifaco-trump\/","og_locale":"pt_BR","og_type":"article","og_title":"Insider trading: Moares autoriza investiga\u00e7\u00e3o no tarifa\u00e7o de Trump","og_description":"O ministro Alexandre de Moraes autorizou abertura de investiga\u00e7\u00e3o criminal sobre insider trading no mercado de c\u00e2mbio.","og_url":"https:\/\/cj.estrategia.com\/portal\/investigacao-insider-trading-tarifaco-trump\/","og_site_name":"Blog - Carreiras Jur\u00eddicas - Estrat\u00e9gia","article_publisher":"https:\/\/www.facebook.com\/estrategiacarreirajuridica\/","article_published_time":"2025-07-31T18:22:20+00:00","article_modified_time":"2025-08-06T14:30:29+00:00","og_image":[{"width":2000,"height":1367,"url":"https:\/\/cj.estrategia.com\/portal\/wp-content\/uploads\/2025\/07\/31151856\/mercado-financeiro-cambial-dolar-trump.jpg","type":"image\/jpeg"}],"author":"Felipe Duque","twitter_card":"summary_large_image","twitter_creator":"@https:\/\/x.com\/ProfessorDuque","twitter_site":"@EstratJuridica","twitter_misc":{"Escrito por":"Felipe Duque","Est. tempo de leitura":"6 minutos"},"schema":{"@context":"https:\/\/schema.org","@graph":[{"@type":"NewsArticle","@id":"https:\/\/cj.estrategia.com\/portal\/investigacao-insider-trading-tarifaco-trump\/#article","isPartOf":{"@id":"https:\/\/cj.estrategia.com\/portal\/investigacao-insider-trading-tarifaco-trump\/"},"author":{"name":"Felipe Duque","@id":"https:\/\/cj.estrategia.com\/portal\/#\/schema\/person\/b5b0253b269d7130d1f7770b1ba29285"},"headline":"Insider trading: Moares autoriza investiga\u00e7\u00e3o no tarifa\u00e7o de Trump","datePublished":"2025-07-31T18:22:20+00:00","dateModified":"2025-08-06T14:30:29+00:00","mainEntityOfPage":{"@id":"https:\/\/cj.estrategia.com\/portal\/investigacao-insider-trading-tarifaco-trump\/"},"wordCount":964,"commentCount":0,"publisher":{"@id":"https:\/\/cj.estrategia.com\/portal\/#organization"},"image":{"@id":"https:\/\/cj.estrategia.com\/portal\/investigacao-insider-trading-tarifaco-trump\/#primaryimage"},"thumbnailUrl":"https:\/\/cj.estrategia.com\/portal\/wp-content\/uploads\/2025\/07\/31151856\/mercado-financeiro-cambial-dolar-trump.jpg","keywords":["AGU","Donald Trump","informa\u00e7\u00e3o privilegiada","insider trading","investiga\u00e7\u00e3o","mercado de c\u00e2mbio","STF","tarifa\u00e7o"],"articleSection":["Carreiras Jur\u00eddicas"],"inLanguage":"pt-BR","potentialAction":[{"@type":"CommentAction","name":"Comment","target":["https:\/\/cj.estrategia.com\/portal\/investigacao-insider-trading-tarifaco-trump\/#respond"]}]},{"@type":"WebPage","@id":"https:\/\/cj.estrategia.com\/portal\/investigacao-insider-trading-tarifaco-trump\/","url":"https:\/\/cj.estrategia.com\/portal\/investigacao-insider-trading-tarifaco-trump\/","name":"Insider trading: Moares autoriza investiga\u00e7\u00e3o no tarifa\u00e7o de Trump","isPartOf":{"@id":"https:\/\/cj.estrategia.com\/portal\/#website"},"primaryImageOfPage":{"@id":"https:\/\/cj.estrategia.com\/portal\/investigacao-insider-trading-tarifaco-trump\/#primaryimage"},"image":{"@id":"https:\/\/cj.estrategia.com\/portal\/investigacao-insider-trading-tarifaco-trump\/#primaryimage"},"thumbnailUrl":"https:\/\/cj.estrategia.com\/portal\/wp-content\/uploads\/2025\/07\/31151856\/mercado-financeiro-cambial-dolar-trump.jpg","datePublished":"2025-07-31T18:22:20+00:00","dateModified":"2025-08-06T14:30:29+00:00","description":"O ministro Alexandre de Moraes autorizou abertura de investiga\u00e7\u00e3o criminal sobre insider trading no mercado de c\u00e2mbio.","breadcrumb":{"@id":"https:\/\/cj.estrategia.com\/portal\/investigacao-insider-trading-tarifaco-trump\/#breadcrumb"},"inLanguage":"pt-BR","potentialAction":[{"@type":"ReadAction","target":["https:\/\/cj.estrategia.com\/portal\/investigacao-insider-trading-tarifaco-trump\/"]}]},{"@type":"ImageObject","inLanguage":"pt-BR","@id":"https:\/\/cj.estrategia.com\/portal\/investigacao-insider-trading-tarifaco-trump\/#primaryimage","url":"https:\/\/cj.estrategia.com\/portal\/wp-content\/uploads\/2025\/07\/31151856\/mercado-financeiro-cambial-dolar-trump.jpg","contentUrl":"https:\/\/cj.estrategia.com\/portal\/wp-content\/uploads\/2025\/07\/31151856\/mercado-financeiro-cambial-dolar-trump.jpg","width":2000,"height":1367},{"@type":"BreadcrumbList","@id":"https:\/\/cj.estrategia.com\/portal\/investigacao-insider-trading-tarifaco-trump\/#breadcrumb","itemListElement":[{"@type":"ListItem","position":1,"name":"In\u00edcio","item":"https:\/\/cj.estrategia.com\/portal\/"},{"@type":"ListItem","position":2,"name":"Insider trading: Moares autoriza investiga\u00e7\u00e3o no tarifa\u00e7o de Trump"}]},{"@type":"WebSite","@id":"https:\/\/cj.estrategia.com\/portal\/#website","url":"https:\/\/cj.estrategia.com\/portal\/","name":"Blog - Carreiras Jur\u00eddicas - Estrat\u00e9gia","description":"","publisher":{"@id":"https:\/\/cj.estrategia.com\/portal\/#organization"},"potentialAction":[{"@type":"SearchAction","target":{"@type":"EntryPoint","urlTemplate":"https:\/\/cj.estrategia.com\/portal\/?s={search_term_string}"},"query-input":{"@type":"PropertyValueSpecification","valueRequired":true,"valueName":"search_term_string"}}],"inLanguage":"pt-BR"},{"@type":"Organization","@id":"https:\/\/cj.estrategia.com\/portal\/#organization","name":"Estrat\u00e9gia - Carreiras Jur\u00eddicas","url":"https:\/\/cj.estrategia.com\/portal\/","logo":{"@type":"ImageObject","inLanguage":"pt-BR","@id":"https:\/\/cj.estrategia.com\/portal\/#\/schema\/logo\/image\/","url":"https:\/\/cj.estrategia.com\/portal\/wp-content\/uploads\/2022\/03\/11151052\/cj-logo.png","contentUrl":"https:\/\/cj.estrategia.com\/portal\/wp-content\/uploads\/2022\/03\/11151052\/cj-logo.png","width":150,"height":39,"caption":"Estrat\u00e9gia - Carreiras Jur\u00eddicas"},"image":{"@id":"https:\/\/cj.estrategia.com\/portal\/#\/schema\/logo\/image\/"},"sameAs":["https:\/\/www.facebook.com\/estrategiacarreirajuridica\/","https:\/\/x.com\/EstratJuridica","https:\/\/www.instagram.com\/estrategiacarreirajuridica\/","https:\/\/www.youtube.com\/channel\/UClbMGuYbj2Mh1m3w144ETWQ"]},{"@type":"Person","@id":"https:\/\/cj.estrategia.com\/portal\/#\/schema\/person\/b5b0253b269d7130d1f7770b1ba29285","name":"Felipe Duque","image":{"@type":"ImageObject","inLanguage":"pt-BR","@id":"https:\/\/cj.estrategia.com\/portal\/wp-content\/uploads\/2024\/08\/06162009\/Captura-de-Tela-2024-08-06-as-16.19.26-96x96.png","url":"https:\/\/cj.estrategia.com\/portal\/wp-content\/uploads\/2024\/08\/06162009\/Captura-de-Tela-2024-08-06-as-16.19.26-96x96.png","contentUrl":"https:\/\/cj.estrategia.com\/portal\/wp-content\/uploads\/2024\/08\/06162009\/Captura-de-Tela-2024-08-06-as-16.19.26-96x96.png","caption":"Felipe Duque"},"description":"Felipe Duque - Mestre em Direito Pol\u00edtico e Econ\u00f4mico na Mackenzie-SP. Graduado em Direito pela Universidade Cat\u00f3lica de Pernambuco, com conclus\u00e3o pelo regime de Aproveitamento Extraordin\u00e1rio nos Estudos (art. 47, \u00a7 2\u00ba, da Lei n\u00ba 9.394\/96). Ex-Assessor de Desembargador no TJPE. Procurador da Fazenda Nacional. Integra voluntariamente a Coordena\u00e7\u00e3o de Assuntos Estrat\u00e9gicos Judiciais da PGFN. Professor do Estrat\u00e9gia Carreira Jur\u00eddica, Estrat\u00e9gia OAB e Buscador Dizer o Direito. Autor do livro \u201cReforma Tribut\u00e1ria Comentada e Esquematizada\u201d, \"Manual de Processo Tribut\u00e1rio: Administrativo e Judicial\" pela editora Juspodivm Parecerista na Revista de Estudos Jur\u00eddicos do Superior Tribunal de Justi\u00e7a (REJuriSTJ)","sameAs":["http:\/\/lattes.cnpq.br\/5755137268084324","https:\/\/www.instagram.com\/felipe_duque\/","https:\/\/br.linkedin.com\/in\/felipe-duque-56954638","https:\/\/x.com\/https:\/\/x.com\/ProfessorDuque","https:\/\/www.youtube.com\/@felipeduque-experienciasco5797"],"url":"https:\/\/cj.estrategia.com\/portal\/author\/felipe-duque\/"}]}},"jetpack_featured_media_url":"https:\/\/cj.estrategia.com\/portal\/wp-content\/uploads\/2025\/07\/31151856\/mercado-financeiro-cambial-dolar-trump.jpg","jetpack_sharing_enabled":true,"_links":{"self":[{"href":"https:\/\/cj.estrategia.com\/portal\/wp-json\/wp\/v2\/posts\/140281","targetHints":{"allow":["GET"]}}],"collection":[{"href":"https:\/\/cj.estrategia.com\/portal\/wp-json\/wp\/v2\/posts"}],"about":[{"href":"https:\/\/cj.estrategia.com\/portal\/wp-json\/wp\/v2\/types\/post"}],"author":[{"embeddable":true,"href":"https:\/\/cj.estrategia.com\/portal\/wp-json\/wp\/v2\/users\/93"}],"replies":[{"embeddable":true,"href":"https:\/\/cj.estrategia.com\/portal\/wp-json\/wp\/v2\/comments?post=140281"}],"version-history":[{"count":3,"href":"https:\/\/cj.estrategia.com\/portal\/wp-json\/wp\/v2\/posts\/140281\/revisions"}],"predecessor-version":[{"id":141635,"href":"https:\/\/cj.estrategia.com\/portal\/wp-json\/wp\/v2\/posts\/140281\/revisions\/141635"}],"wp:featuredmedia":[{"embeddable":true,"href":"https:\/\/cj.estrategia.com\/portal\/wp-json\/wp\/v2\/media\/140287"}],"wp:attachment":[{"href":"https:\/\/cj.estrategia.com\/portal\/wp-json\/wp\/v2\/media?parent=140281"}],"wp:term":[{"taxonomy":"category","embeddable":true,"href":"https:\/\/cj.estrategia.com\/portal\/wp-json\/wp\/v2\/categories?post=140281"},{"taxonomy":"post_tag","embeddable":true,"href":"https:\/\/cj.estrategia.com\/portal\/wp-json\/wp\/v2\/tags?post=140281"},{"taxonomy":"tax_estado","embeddable":true,"href":"https:\/\/cj.estrategia.com\/portal\/wp-json\/wp\/v2\/tax_estado?post=140281"}],"curies":[{"name":"wp","href":"https:\/\/api.w.org\/{rel}","templated":true}]}}