{"id":140079,"date":"2025-07-31T10:34:42","date_gmt":"2025-07-31T13:34:42","guid":{"rendered":"https:\/\/cj.estrategia.com\/portal\/?p=140079"},"modified":"2025-07-31T11:35:33","modified_gmt":"2025-07-31T14:35:33","slug":"prova-comentada-direito-penal-e-processual-penal-tj-es-cartorio","status":"publish","type":"post","link":"https:\/\/cj.estrategia.com\/portal\/prova-comentada-direito-penal-e-processual-penal-tj-es-cartorio\/","title":{"rendered":"Prova comentada Direito Penal e Processual Penal TJ ES Cart\u00f3rio"},"content":{"rendered":"<a id=\"cta-icon\" href=\"https:\/\/sndflw.com\/i\/cartorios-grupo\" target=\"blank\" style=\"background:rgb(41,166,26)\">\n            <img decoding=\"async\" src=\"https:\/\/cj.estrategia.com\/portal\/wp-content\/uploads\/2023\/12\/07160657\/whatsapp_1385.webp\" alt=\"\" alt=\"whatsapp_1385\"><span > Acesse agora o Grupo de Estudos para Concursos Cart\u00f3rio <\/span><\/a>\n\n\n\n<p>Ol\u00e1, pessoal, tudo certo?!<\/p>\n\n\n\n<p>Em 27\/07\/2025, foi aplicada a prova objetiva do concurso p\u00fablico para o <strong>Oficial de Cart\u00f3rio do Tribunal de Justi\u00e7a do Esp\u00edrito Santo<\/strong>. Assim que divulgados o caderno de provas e o gabarito preliminar oficial, nosso time de professores analisou cada uma das quest\u00f5es que agora ser\u00e3o apresentadas em nossa <strong>PROVA COMENTADA<\/strong>.<\/p>\n\n\n\n<p>Este material visa a auxili\u00e1-los na aferi\u00e7\u00e3o das notas, elabora\u00e7\u00e3o de eventuais recursos, verifica\u00e7\u00e3o das chances de avan\u00e7o para fase discursiva, bem como na revis\u00e3o do conte\u00fado cobrado no certame.<\/p>\n\n\n\n<p>De modo complementar, elaboramos tamb\u00e9m o <strong><a href=\"https:\/\/cj.estrategia.com\/rankings\/62c69b2e-b85e-4782-abbc-d224b5ba9737\" target=\"_blank\" rel=\"noreferrer noopener nofollow\">Ranking do TJES \u2013 Cart\u00f3rio<\/a><\/strong> em que nossos alunos e seguidores poder\u00e3o inserir suas respostas \u00e0 prova, e, ao final, aferir sua nota, de acordo com o gabarito elaborado por nossos professores. Atrav\u00e9s do ranking, tamb\u00e9m poderemos estimar a nota de corte da 1\u00ba fase. Essa ferramenta \u00e9 gratuita.<\/p>\n\n\n\n<p>Al\u00e9m disso, montamos um <strong><a href=\"https:\/\/cj.estrategia.com\/cadernos-e-simulados\/cadernos\/a30e18a1-0a13-4cc1-aa37-9a409144fa5f\" target=\"_blank\" rel=\"noreferrer noopener nofollow\">caderno para nossos seguidores<\/a>,<\/strong> alunos ou n\u00e3o, verem os coment\u00e1rios e comentar as quest\u00f5es da prova:<\/p>\n\n\n\n<p>Por fim, comentaremos a prova, as quest\u00f5es mais pol\u00eamicas, as possibilidades de recurso, bem como a estimativa da nota de corte no <strong>TERM\u00d4METRO P\u00d3S-PROVA<\/strong>, no nosso canal do Youtube. Inscreva-se e ative as notifica\u00e7\u00f5es!<\/p>\n\n\n\n<p class=\"has-text-align-center has-very-light-gray-to-cyan-bluish-gray-gradient-background has-background\"><a href=\"https:\/\/www.youtube.com\/@EstrategiaCarreiraJuridica\"><strong>Estrat\u00e9gia Carreira Jur\u00eddica \u2013 YouTube<\/strong><\/a><\/p>\n\n\n\n<p>Esperamos que gostem do material e de todos os novos projetos que preparamos para que avancem rumo \u00e0 aprova\u00e7\u00e3o.<\/p>\n\n\n\n<p><strong><em>Contem sempre conosco.<br><\/em><\/strong><em>Yasmin Ushara,<br>Coordena\u00e7\u00e3o do Estrat\u00e9gia Carreiras Jur\u00eddicas.<\/em><\/p>\n\n\n\n<p class=\"has-text-align-center has-very-light-gray-to-cyan-bluish-gray-gradient-background has-background\"><a href=\"https:\/\/cj.estrategia.com\/portal\/provas-comentadas-de-todas-as-materias-do-concurso-tj-es-cartorio\/\" target=\"_blank\" >Confira agora mesmo a prova comentada de todas as disciplinas<\/a><\/p>\n\n\n\n<p><strong>QUEST\u00c3O 86. Jos\u00e9, empres\u00e1rio, em negocia\u00e7\u00e3o para adquirir uma linda casa localizada no litoral do Estado do Esp\u00edrito Santo, buscou informa\u00e7\u00f5es sobre os antecedentes criminais do vendedor Caio, descobrindo que este tem condena\u00e7\u00f5es definitivas pela pr\u00e1tica dos seguintes delitos: i) com\u00e9rcio ilegal de armas de fogo; ii) les\u00e3o corporal grav\u00edssima contra policial militar no exerc\u00edcio da fun\u00e7\u00e3o; e iii) corrup\u00e7\u00e3o ativa.<\/strong><\/p>\n\n\n\n<p><strong>Nesse cen\u00e1rio, considerando as disposi\u00e7\u00f5es da Lei n\u00ba 8.072\/1990, \u00e9 correto afirmar que Caio foi condenado, definitivamente, pela pr\u00e1tica do(s) seguinte(s) crime(s) hediondo(s):<\/strong><\/p>\n\n\n\n<p><strong>a) com\u00e9rcio ilegal de armas de fogo, les\u00e3o corporal grav\u00edssima contra policial militar no exerc\u00edcio da fun\u00e7\u00e3o e corrup\u00e7\u00e3o ativa;<\/strong><\/p>\n\n\n\n<p><strong>b) com\u00e9rcio ilegal de armas de fogo e les\u00e3o corporal grav\u00edssima contra policial militar no exerc\u00edcio da fun\u00e7\u00e3o, apenas;<\/strong><\/p>\n\n\n\n<p><strong>c) les\u00e3o corporal grav\u00edssima contra policial militar no exerc\u00edcio da fun\u00e7\u00e3o e corrup\u00e7\u00e3o ativa, apenas;<\/strong><\/p>\n\n\n\n<p><strong>d) les\u00e3o corporal grav\u00edssima contra policial militar no exerc\u00edcio da fun\u00e7\u00e3o, apenas;<\/strong><\/p>\n\n\n\n<p><strong>e) com\u00e9rcio ilegal de armas de fogo, apenas.<\/strong><\/p>\n\n\n\n<p><strong>Coment\u00e1rios<\/strong><\/p>\n\n\n\n<p>A alternativa correta \u00e9 a<strong> letra B. <\/strong>A quest\u00e3o trata sobre os crimes hediondos.<\/p>\n\n\n\n<p>A alternativa A est\u00e1 incorreta. S\u00e3o considerados hediondos apenas os crimes de com\u00e9rcio ilegal de armas de fogo e les\u00e3o corporal grav\u00edssima contra policial militar no exerc\u00edcio da fun\u00e7\u00e3o, apenas.<\/p>\n\n\n\n<p>A alternativa B est\u00e1 correta. S\u00e3o considerados hediondos apenas os crimes de com\u00e9rcio ilegal de armas de fogo e les\u00e3o corporal grav\u00edssima contra policial militar no exerc\u00edcio da fun\u00e7\u00e3o, apenas. Conforme o artigo 1\u00ba da Lei n\u00ba8.072\/1990:<\/p>\n\n\n\n<p>\u201cArt. 1<sup><u>o<\/u><\/sup> S\u00e3o considerados hediondos os seguintes crimes, todos tipificados no Decreto-Lei n<sup>o<\/sup> 2.848, de 7 de dezembro de 1940 \u2013 C\u00f3digo Penal, consumados ou tentados:\u00a0\u00a0\u00a0\u00a0\u00a0\u00a0\u00a0<\/p>\n\n\n\n<p>I \u2013 homic\u00eddio (art. 121), quando praticado em atividade t\u00edpica de grupo de exterm\u00ednio, ainda que cometido por 1 (um) s\u00f3 agente, e homic\u00eddio qualificado (art. 121, \u00a7 2\u00ba); \u00a0<\/p>\n\n\n\n<p>I-A \u2013 les\u00e3o corporal dolosa de natureza grav\u00edssima (art. 129, \u00a7 2\u00ba) e les\u00e3o corporal seguida de morte (art. 129, \u00a7 3\u00ba), quando praticadas:\u00a0<\/p>\n\n\n\n<p>a) contra autoridade ou agente descrito nos arts. 142 e 144 da Constitui\u00e7\u00e3o Federal ou integrantes do sistema prisional ou da For\u00e7a Nacional de Seguran\u00e7a P\u00fablica, no exerc\u00edcio da fun\u00e7\u00e3o ou em decorr\u00eancia dela, ou contra seu c\u00f4njuge, companheiro ou parente consangu\u00edneo at\u00e9 terceiro grau, em raz\u00e3o dessa condi\u00e7\u00e3o;\u00a0<\/p>\n\n\n\n<p>b) contra membro do Poder Judici\u00e1rio, do Minist\u00e9rio P\u00fablico, da Defensoria P\u00fablica ou da Advocacia P\u00fablica, de que tratam os arts. 131 e 132 da Constitui\u00e7\u00e3o Federal, ou oficial de justi\u00e7a, no exerc\u00edcio da fun\u00e7\u00e3o ou em decorr\u00eancia dela, ou contra seu c\u00f4njuge, companheiro ou parente, inclusive por afinidade, at\u00e9 o terceiro grau, em raz\u00e3o dessa condi\u00e7\u00e3o; ou\u00a0\u00a0\u00a0\u00a0\u00a0\u00a0\u00a0<\/p>\n\n\n\n<p>c) nas depend\u00eancias de institui\u00e7\u00e3o de ensino; \u00a0<\/p>\n\n\n\n<p>I-B \u2013 feminic\u00eddio (art. 121-A); \u00a0<\/p>\n\n\n\n<p>II \u2013 roubo:\u00a0\u00a0\u00a0\u00a0\u00a0<\/p>\n\n\n\n<p>a) circunstanciado pela restri\u00e7\u00e3o de liberdade da v\u00edtima (art. 157, \u00a7 2\u00ba, inciso V);\u00a0\u00a0\u00a0\u00a0<\/p>\n\n\n\n<p>b) circunstanciado pelo emprego de arma de fogo (art. 157, \u00a7 2\u00ba-A, inciso I) ou pelo emprego de arma de fogo de uso proibido ou restrito (art. 157, \u00a7 2\u00ba-B);\u00a0\u00a0\u00a0\u00a0\u00a0<\/p>\n\n\n\n<p>c) qualificado pelo resultado les\u00e3o corporal grave ou morte (art. 157, \u00a7 3\u00ba);\u00a0\u00a0\u00a0\u00a0<\/p>\n\n\n\n<p>III \u2013 extors\u00e3o qualificada pela restri\u00e7\u00e3o da liberdade da v\u00edtima, ocorr\u00eancia de les\u00e3o corporal ou morte (art. 158, \u00a7 3\u00ba);\u00a0\u00a0\u00a0\u00a0<\/p>\n\n\n\n<p>IV \u2013 extors\u00e3o mediante seq\u00fcestro e na forma qualificada (art. 159, caput, e \u00a7\u00a7 l<sup><u>o<\/u><\/sup>, 2<sup><u>o<\/u><\/sup> e 3<sup><u>o<\/u><\/sup>);\u00a0\u00a0\u00a0\u00a0\u00a0\u00a0\u00a0\u00a0\u00a0\u00a0\u00a0<\/p>\n\n\n\n<p>V \u2013 estupro (art. 213, capute \u00a7\u00a7 1<sup><u>o<\/u><\/sup> e 2<sup><u>o<\/u><\/sup>);\u00a0\u00a0\u00a0\u00a0\u00a0\u00a0\u00a0\u00a0\u00a0\u00a0\u00a0\u00a0\u00a0<\/p>\n\n\n\n<p>VI \u2013 estupro de vulner\u00e1vel (art. 217-A, capute \u00a7\u00a7 1<sup><u>o<\/u><\/sup>, 2<sup><u>o<\/u><\/sup>, 3<sup><u>o<\/u><\/sup> e 4<sup><u>o<\/u><\/sup>);\u00a0\u00a0\u00a0\u00a0\u00a0\u00a0\u00a0\u00a0\u00a0\u00a0\u00a0\u00a0\u00a0\u00a0\u00a0\u00a0\u00a0<\/p>\n\n\n\n<p>VII \u2013 epidemia com resultado morte (art. 267, \u00a7 1<sup><u>o<\/u><\/sup>).\u00a0\u00a0\u00a0\u00a0\u00a0\u00a0\u00a0\u00a0\u00a0\u00a0\u00a0\u00a0\u00a0\u00a0\u00a0\u00a0\u00a0\u00a0\u00a0<\/p>\n\n\n\n<p>VII-A \u2013 (VETADO)\u00a0\u00a0\u00a0\u00a0\u00a0\u00a0\u00a0\u00a0\u00a0\u00a0\u00a0\u00a0\u00a0\u00a0\u00a0\u00a0\u00a0\u00a0\u00a0\u00a0<\/p>\n\n\n\n<p>VII-B \u2013 falsifica\u00e7\u00e3o, corrup\u00e7\u00e3o, adultera\u00e7\u00e3o ou altera\u00e7\u00e3o de produto destinado a fins terap\u00eauticos ou medicinais (art. 273, <em>caput<\/em> e \u00a7 1<sup><u>o<\/u><\/sup>, \u00a7 1<sup><u>o<\/u><\/sup>-A e \u00a7 1<sup><u>o<\/u><\/sup>-B, com a reda\u00e7\u00e3o dada pela Lei n<sup>o<\/sup> 9.677, de 2 de julho de 1998). \u00a0 \u00a0\u00a0\u00a0<\/p>\n\n\n\n<p>VIII \u2013 favorecimento da prostitui\u00e7\u00e3o ou de outra forma de explora\u00e7\u00e3o sexual de crian\u00e7a ou adolescente ou de vulner\u00e1vel (art. 218-B, caput, e \u00a7\u00a7 1\u00ba e 2\u00ba).\u00a0\u00a0\u00a0\u00a0\u00a0\u00a0\u00a0\u00a0\u00a0\u00a0\u00a0\u00a0\u00a0\u00a0<\/p>\n\n\n\n<p>IX \u2013 furto qualificado pelo emprego de explosivo ou de artefato an\u00e1logo que cause perigo comum (art. 155, \u00a7 4\u00ba-A).\u00a0\u00a0\u00a0\u00a0<\/p>\n\n\n\n<p>X \u2013 induzimento, instiga\u00e7\u00e3o ou aux\u00edlio a suic\u00eddio ou a automutila\u00e7\u00e3o realizados por meio da rede de computadores, de rede social ou transmitidos em tempo real (art. 122, caput e \u00a7 4\u00ba);\u00a0\u00a0\u00a0<\/p>\n\n\n\n<p>XI \u2013 sequestro e c\u00e1rcere privado cometido contra menor de 18 (dezoito) anos (art. 148, \u00a7 1\u00ba, inciso IV);\u00a0\u00a0\u00a0<\/p>\n\n\n\n<p>XII \u2013 tr\u00e1fico de pessoas cometido contra crian\u00e7a ou adolescente (art. 149-A, caput, incisos I a V, e \u00a7 1\u00ba, inciso II).\u00a0\u00a0\u00a0<\/p>\n\n\n\n<p>Par\u00e1grafo \u00fanico. Consideram-se tamb\u00e9m hediondos, tentados ou consumados:\u00a0\u00a0\u00a0\u00a0<\/p>\n\n\n\n<p>I \u2013 o crime de genoc\u00eddio, previsto nos arts. 1\u00ba, 2\u00ba e 3\u00ba da Lei n\u00ba 2.889, de 1\u00ba de outubro de 1956;\u00a0\u00a0\u00a0\u00a0\u00a0\u00a0<\/p>\n\n\n\n<p>II \u2013 o crime de posse ou porte ilegal de arma de fogo de uso proibido, previsto no art. 16 da Lei n\u00ba 10.826, de 22 de dezembro de 2003;\u00a0\u00a0\u00a0\u00a0\u00a0\u00a0\u00a0<\/p>\n\n\n\n<p>III \u2013 o crime de com\u00e9rcio ilegal de armas de fogo, previsto no art. 17 da Lei n\u00ba 10.826, de 22 de dezembro de 2003;\u00a0\u00a0\u00a0\u00a0\u00a0\u00a0<\/p>\n\n\n\n<p>IV \u2013 o crime de tr\u00e1fico internacional de arma de fogo, acess\u00f3rio ou muni\u00e7\u00e3o, previsto no art. 18 da Lei n\u00ba 10.826, de 22 de dezembro de 2003;\u00a0\u00a0\u00a0\u00a0\u00a0\u00a0<\/p>\n\n\n\n<p>V \u2013 o crime de organiza\u00e7\u00e3o criminosa, quando direcionado \u00e0 pr\u00e1tica de crime hediondo ou equiparado.\u00a0\u00a0\u00a0\u00a0\u00a0\u00a0<\/p>\n\n\n\n<p>VI \u2013 os crimes previstos no Decreto-Lei n\u00ba 1.001, de 21 de outubro de 1969 (C\u00f3digo Penal Militar), que apresentem identidade com os crimes previstos no art. 1\u00ba desta Lei.\u00a0\u00a0\u00a0\u00a0<\/p>\n\n\n\n<p>VII \u2013 os crimes previstos no \u00a7 1\u00ba do art. 240 e no art. 241-B da Lei n\u00ba 8.069, de 13 de julho de 1990 (Estatuto da Crian\u00e7a e do Adolescente).\u201d\u00a0\u00a0\u00a0<\/p>\n\n\n\n<p>A alternativa C est\u00e1 incorreta. S\u00e3o considerados hediondos apenas os crimes de com\u00e9rcio ilegal de armas de fogo e les\u00e3o corporal grav\u00edssima contra policial militar no exerc\u00edcio da fun\u00e7\u00e3o, apenas.<\/p>\n\n\n\n<p>A alternativa D est\u00e1 incorreta. S\u00e3o considerados hediondos apenas os crimes de com\u00e9rcio ilegal de armas de fogo e les\u00e3o corporal grav\u00edssima contra policial militar no exerc\u00edcio da fun\u00e7\u00e3o, apenas.<\/p>\n\n\n\n<p>A alternativa E est\u00e1 incorreta. S\u00e3o considerados hediondos apenas os crimes de com\u00e9rcio ilegal de armas de fogo e les\u00e3o corporal grav\u00edssima contra policial militar no exerc\u00edcio da fun\u00e7\u00e3o, apenas.<\/p>\n\n\n\n<p><strong>QUEST\u00c3O 87. Henrique, servidor p\u00fablico do Estado Alfa, agindo com dolo, compareceu \u00e0 sede do estabelecimento comercial de propriedade de Caio, dele exigindo o pagamento de tributo que sabe ser indevido. Efetivado o pagamento por parte do comerciante, Henrique desviou, em proveito pr\u00f3prio, o que recebeu indevidamente para recolher aos cofres p\u00fablicos.<\/strong><\/p>\n\n\n\n<p><strong>Nesse cen\u00e1rio, considerando as disposi\u00e7\u00f5es do C\u00f3digo Penal, \u00e9 correto afirmar que Henrique responder\u00e1 pelo crime de:<\/strong><\/p>\n\n\n\n<p><strong>a) excesso de exa\u00e7\u00e3o, na modalidade qualificada;<\/strong><\/p>\n\n\n\n<p><strong>b) corrup\u00e7\u00e3o passiva, na modalidade qualificada,<\/strong><\/p>\n\n\n\n<p><strong>c) excesso de exa\u00e7\u00e3o, na modalidade simples;<\/strong><\/p>\n\n\n\n<p><strong>d) corrup\u00e7\u00e3o passiva, na modalidade simples;<\/strong><\/p>\n\n\n\n<p><strong>e) concuss\u00e3o, na modalidade simples.<\/strong><\/p>\n\n\n\n<p><strong>Coment\u00e1rios<\/strong><\/p>\n\n\n\n<p>A alternativa correta \u00e9 a <strong>letra A<\/strong>. A quest\u00e3o trata dos crimes contra a administra\u00e7\u00e3o p\u00fablica.\u00a0\u00a0\u00a0\u00a0<\/p>\n\n\n\n<p>A alternativa A est\u00e1 correta. Henrique responder\u00e1 pelo crime de excesso de exa\u00e7\u00e3o, na modalidade qualificada, nos termos do artigo 316 \u00a7 1\u00ba e 2\u00ba do CP:<\/p>\n\n\n\n<p>\u201cArt. 316 \u2013 Exigir, para si ou para outrem, direta ou indiretamente, ainda que fora da fun\u00e7\u00e3o ou antes de assumi-la, mas em raz\u00e3o dela, vantagem indevida:<\/p>\n\n\n\n<p>Pena \u2013 reclus\u00e3o, de 2 (dois) a 12 (doze) anos, e multa.\u00a0 \u00a0 \u00a0 \u00a0<\/p>\n\n\n\n<p>Excesso de exa\u00e7\u00e3o<\/p>\n\n\n\n<p>\u00a7 1\u00ba \u2013 Se o funcion\u00e1rio exige tributo ou contribui\u00e7\u00e3o social que sabe ou deveria saber indevido, ou, quando devido, emprega na cobran\u00e7a meio vexat\u00f3rio ou gravoso, que a lei n\u00e3o autoriza:\u00a0\u00a0\u00a0\u00a0\u00a0\u00a0\u00a0\u00a0<\/p>\n\n\n\n<p>Pena \u2013 reclus\u00e3o, de 3 (tr\u00eas) a 8 (oito) anos, e multa.\u00a0\u00a0\u00a0\u00a0\u00a0\u00a0\u00a0\u00a0\u00a0<\/p>\n\n\n\n<p>\u00a7 2\u00ba \u2013 Se o funcion\u00e1rio desvia, em proveito pr\u00f3prio ou de outrem, o que recebeu indevidamente para recolher aos cofres p\u00fablicos:<\/p>\n\n\n\n<p>Pena \u2013 reclus\u00e3o, de dois a doze anos, e multa.\u201d<\/p>\n\n\n\n<p>A alternativa B est\u00e1 incorreta. Henrique responder\u00e1 pelo crime de excesso de exa\u00e7\u00e3o, na modalidade qualificada.<\/p>\n\n\n\n<p>A alternativa C est\u00e1 incorreta. Henrique responder\u00e1 pelo crime de excesso de exa\u00e7\u00e3o, na modalidade qualificada.<\/p>\n\n\n\n<p>A alternativa D est\u00e1 incorreta. Henrique responder\u00e1 pelo crime de excesso de exa\u00e7\u00e3o, na modalidade qualificada.<\/p>\n\n\n\n<p>A alternativa E est\u00e1 incorreta. Henrique responder\u00e1 pelo crime de excesso de exa\u00e7\u00e3o, na modalidade qualificada.<\/p>\n\n\n\n<p><strong>QUEST\u00c3O 88. Ap\u00f3s a observ\u00e2ncia do contradit\u00f3rio e da ampla defesa, Caio foi condenado, definitivamente, pela pr\u00e1tica de determinado crime contra a Administra\u00e7\u00e3o P\u00fablica. Registre-se que, no regime inicial de cumprimento de pena fixado na senten\u00e7a, o trabalho externo \u00e9 admiss\u00edvel em servi\u00e7os ou obras p\u00fablicas.<\/strong><\/p>\n\n\n\n<p><strong>Nesse cen\u00e1rio, considerando as disposi\u00e7\u00f5es do C\u00f3digo Penal, \u00e9 correto afirmar que Caio iniciar\u00e1 o cumprimento das penas no regime:<\/strong><\/p>\n\n\n\n<p><strong>a) fechado, sendo certo que o condenado ficar\u00e1 sujeito a trabalho em comum durante o per\u00edodo diurno e a recolhimento durante o per\u00edodo noturno e nos dias de folga;<\/strong><\/p>\n\n\n\n<p><strong>b) semiaberto, sendo certo que o condenado ficar\u00e1 sujeito a trabalho em comum durante o per\u00edodo diurno e a recolhimento durante o per\u00edodo noturno e nos dias de folga;<\/strong><\/p>\n\n\n\n<p><strong>c) aberto, sendo certo que o condenado ficar\u00e1 sujeito a trabalho em comum durante o per\u00edodo diurno e a recolhimento durante o per\u00edodo noturno e nos dias de folga;<\/strong><\/p>\n\n\n\n<p><strong>d) semiaberto, sendo certo que o condenado ficar\u00e1 sujeito a trabalho no per\u00edodo diurno e a isolamento durante o repouso noturno;<\/strong><\/p>\n\n\n\n<p><strong>e) fechado, sendo certo que o condenado ficar\u00e1 sujeito a trabalho no per\u00edodo diurno e a isolamento durante o repouso noturno.<\/strong><\/p>\n\n\n\n<p><strong>Coment\u00e1rios<\/strong><\/p>\n\n\n\n<p>A alternativa correta \u00e9 a <strong>letra E<\/strong>. A quest\u00e3o trata sobre regime de cumprimento de pena.\u00a0<\/p>\n\n\n\n<p>A alternativa A est\u00e1 incorreta. Caio iniciar\u00e1 o cumprimento das penas no regime fechado, sendo certo que o condenado ficar\u00e1 sujeito a trabalho no per\u00edodo diurno e a isolamento durante o repouso noturno.<\/p>\n\n\n\n<p>A alternativa B est\u00e1 incorreta. Caio iniciar\u00e1 o cumprimento das penas no regime fechado, sendo certo que o condenado ficar\u00e1 sujeito a trabalho no per\u00edodo diurno e a isolamento durante o repouso noturno.<\/p>\n\n\n\n<p>A alternativa C est\u00e1 incorreta. Caio iniciar\u00e1 o cumprimento das penas no regime fechado, sendo certo que o condenado ficar\u00e1 sujeito a trabalho no per\u00edodo diurno e a isolamento durante o repouso noturno.<\/p>\n\n\n\n<p>A alternativa D est\u00e1 incorreta. Caio iniciar\u00e1 o cumprimento das penas no regime fechado, sendo certo que o condenado ficar\u00e1 sujeito a trabalho no per\u00edodo diurno e a isolamento durante o repouso noturno.<\/p>\n\n\n\n<p>A alternativa E est\u00e1 correta. Caio iniciar\u00e1 o cumprimento das penas no regime fechado, sendo certo que o condenado ficar\u00e1 sujeito a trabalho no per\u00edodo diurno e a isolamento durante o repouso noturno. Nos termos do artigo 34, \u00a7 1\u00ba e 3\u00ba do CP:<\/p>\n\n\n\n<p>\u201cArt. 34 \u2013 O condenado ser\u00e1 submetido, no in\u00edcio do cumprimento da pena, a exame criminol\u00f3gico de classifica\u00e7\u00e3o para individualiza\u00e7\u00e3o da execu\u00e7\u00e3o.\u00a0<\/p>\n\n\n\n<p>\u00a7 1\u00ba \u2013 O condenado fica sujeito a trabalho no per\u00edodo diurno e a isolamento durante o repouso noturno.\u00a0<\/p>\n\n\n\n<p>\u00a7 3\u00ba \u2013 O trabalho externo \u00e9 admiss\u00edvel, no regime fechado, em servi\u00e7os ou obras p\u00fablicas.\u201d<\/p>\n\n\n\n<p><strong>QUEST\u00c3O 89. Bernardo, servidor p\u00fablico do Estado do Esp\u00edrito Santo, agindo de forma negligente, concorreu culposamente para que Jonas subtra\u00edsse bens p\u00fablicos, pertencentes ao referido ente federativo, avaliados em R$2.000,00. Registre-se que Bernardo s\u00f3 logrou \u00eaxito em reparar o dano causado ao er\u00e1rio ap\u00f3s a prola\u00e7\u00e3o da senten\u00e7a irrecorr\u00edvel na esfera penal, que o condenou pela pr\u00e1tica do crime de peculato culposo.<\/strong><\/p>\n\n\n\n<p><strong>Nesse cen\u00e1rio, considerando as disposi\u00e7\u00f5es do C\u00f3digo Penal, \u00e9 correto afirmar que:<\/strong><\/p>\n\n\n\n<p><strong>a) a condena\u00e7\u00e3o de Bernardo \u00e9 inadequada, na medida em que a caracteriza\u00e7\u00e3o do crime de peculato culposo pressup\u00f5e a ocorr\u00eancia de grave preju\u00edzo ao poder p\u00fablico;<\/strong><\/p>\n\n\n\n<p><strong>b) como a repara\u00e7\u00e3o do dano ocorreu apenas ap\u00f3s a prola\u00e7\u00e3o da senten\u00e7a irrecorr\u00edvel, n\u00e3o haver\u00e1 qualquer reflexo nas san\u00e7\u00f5es aplicadas a Bernardo;<\/strong><\/p>\n\n\n\n<p><strong>c) como Bernardo reparou o dano causado pela infra\u00e7\u00e3o penal, \u00e9 caso de reconhecimento da extin\u00e7\u00e3o de punibilidade em seu benef\u00edcio;<\/strong><\/p>\n\n\n\n<p><strong>d) a repara\u00e7\u00e3o do dano efetivada por Bernardo ensejar\u00e1 a redu\u00e7\u00e3o da pena imposta pela metade;<\/strong><\/p>\n\n\n\n<p><strong>e) a condena\u00e7\u00e3o de Bernardo \u00e9 inadequada, na medida em que n\u00e3o existe a figura do peculato culposo.<\/strong><\/p>\n\n\n\n<p><strong>Coment\u00e1rios<\/strong><\/p>\n\n\n\n<p>A alternativa correta \u00e9 a <strong>letra D<\/strong>. A quest\u00e3o trata sobre o crime de peculato.<\/p>\n\n\n\n<p>A alternativa A est\u00e1 incorreta. A condena\u00e7\u00e3o de Bernardo n\u00e3o \u00e9 inadequada.<\/p>\n\n\n\n<p>A alternativa B est\u00e1 incorreta. Diante da repara\u00e7\u00e3o do dano h\u00e1 reflexo na san\u00e7\u00e3o de Bernardo.<\/p>\n\n\n\n<p>A alternativa C est\u00e1 incorreta. N\u00e3o ser\u00e1 o caso de extin\u00e7\u00e3o da punibilidade.<\/p>\n\n\n\n<p>A alternativa D est\u00e1 correta. A repara\u00e7\u00e3o do dano efetivada por Bernardo ensejar\u00e1 a redu\u00e7\u00e3o da pena imposta pela metade, nos termos do artigo 312, \u00a7 3\u00ba do CP:<\/p>\n\n\n\n<p>\u201cArt. 312 \u2013 Apropriar-se o funcion\u00e1rio p\u00fablico de dinheiro, valor ou qualquer outro bem m\u00f3vel, p\u00fablico ou particular, de que tem a posse em raz\u00e3o do cargo, ou desvi\u00e1-lo, em proveito pr\u00f3prio ou alheio:<\/p>\n\n\n\n<p>Pena \u2013 reclus\u00e3o, de dois a doze anos, e multa.<\/p>\n\n\n\n<p>\u00a7 1\u00ba \u2013 Aplica-se a mesma pena, se o funcion\u00e1rio p\u00fablico, embora n\u00e3o tendo a posse do dinheiro, valor ou bem, o subtrai, ou concorre para que seja subtra\u00eddo, em proveito pr\u00f3prio ou alheio, valendo-se de facilidade que lhe proporciona a qualidade de funcion\u00e1rio.<\/p>\n\n\n\n<p>Peculato culposo<\/p>\n\n\n\n<p>\u00a7 2\u00ba \u2013 Se o funcion\u00e1rio concorre culposamente para o crime de outrem:<\/p>\n\n\n\n<p>Pena \u2013 deten\u00e7\u00e3o, de tr\u00eas meses a um ano.<\/p>\n\n\n\n<p>\u00a7 3\u00ba \u2013 No caso do par\u00e1grafo anterior, a repara\u00e7\u00e3o do dano, se precede \u00e0 senten\u00e7a irrecorr\u00edvel, extingue a punibilidade; se lhe \u00e9 posterior, reduz de metade a pena imposta.\u201d<\/p>\n\n\n\n<p>A alternativa E est\u00e1 incorreta. A condena\u00e7\u00e3o de Bernardo n\u00e3o \u00e9 inadequada.<\/p>\n\n\n\n<p><strong>QUEST\u00c3O 90. Jo\u00e3o, agindo com dolo e com o objetivo de prejudicar terceiro, alterou, determinada ata notarial confeccionada pelo tabelionato competente. Contudo, antes de apresentar o referido documento \u00e0s autoridades p\u00fablicas, o im\u00f3vel de Jo\u00e3o, por motivo diverso, foi objeto do cumprimento de um mandado de busca e apreens\u00e3o, ocasi\u00e3o em que foi encontrada a ata notarial alterada.<\/strong><\/p>\n\n\n\n<p><strong>Nesse cen\u00e1rio, considerando as disposi\u00e7\u00f5es do C\u00f3digo Penal, \u00e9 correto afirmar que Jo\u00e3o:<\/strong><\/p>\n\n\n\n<p><strong>a) responder\u00e1 pelo crime de falsifica\u00e7\u00e3o de documento p\u00fablico, na modalidade simples, com a incid\u00eancia de uma causa de aumento de pena;<\/strong><\/p>\n\n\n\n<p><strong>b) responder\u00e1 pelo crime de falsidade ideol\u00f3gica, na modalidade simples, com a incid\u00eancia de uma causa de aumento de pena;<\/strong><\/p>\n\n\n\n<p><strong>c) n\u00e3o responder\u00e1 por qualquer crime, j\u00e1 que o documento n\u00e3o foi por ele apresentado a autoridades p\u00fablicas ou a agentes privados;<\/strong><\/p>\n\n\n\n<p><strong>d) responder\u00e1 pelo crime de falsifica\u00e7\u00e3o de documento p\u00fablico, na modalidade simples, sem causa de aumento de pena;<\/strong><\/p>\n\n\n\n<p><strong>e) n\u00e3o responder\u00e1 por qualquer crime, por aus\u00eancia de tipicidade formal e material da conduta praticada.<\/strong><\/p>\n\n\n\n<p><strong>Coment\u00e1rios<\/strong><\/p>\n\n\n\n<p>A alternativa correta \u00e9 a <strong>letra D<\/strong>. A quest\u00e3o trata sobre os crimes contra a f\u00e9 p\u00fablica.\u00a0<\/p>\n\n\n\n<p>A alternativa A est\u00e1 incorreta. Jo\u00e3o responder\u00e1 pelo crime de falsifica\u00e7\u00e3o de documento p\u00fablico, na modalidade simples, sem causa de aumento de pena.<\/p>\n\n\n\n<p>A alternativa B est\u00e1 incorreta. Jo\u00e3o responder\u00e1 pelo crime de falsifica\u00e7\u00e3o de documento p\u00fablico, na modalidade simples, sem causa de aumento de pena.<\/p>\n\n\n\n<p>A alternativa C est\u00e1 incorreta. Jo\u00e3o responder\u00e1 pelo crime de falsifica\u00e7\u00e3o de documento p\u00fablico, na modalidade simples, sem causa de aumento de pena.<\/p>\n\n\n\n<p>A alternativa D est\u00e1 correta. Jo\u00e3o responder\u00e1 pelo crime de falsifica\u00e7\u00e3o de documento p\u00fablico, na modalidade simples, sem causa de aumento de pena. Conforme o caput do artigo 297 do CP: \u201cFalsifica\u00e7\u00e3o de documento p\u00fablico- Art. 297 \u2013 Falsificar, no todo ou em parte, documento p\u00fablico, ou alterar documento p\u00fablico verdadeiro: Pena \u2013 reclus\u00e3o, de dois a seis anos, e multa.\u201d<\/p>\n\n\n\n<p>A alternativa E est\u00e1 incorreta. Jo\u00e3o responder\u00e1 pelo crime de falsifica\u00e7\u00e3o de documento p\u00fablico, na modalidade simples, sem causa de aumento de pena.<\/p>\n\n\n\n<p><strong>QUEST\u00c3O 91. Nino, prim\u00e1rio e portador de bons antecedentes, est\u00e1 sendo investigado pela pr\u00e1tica do crime de peculato doloso em detrimento do Estado Alfa. Registre-se que, em havendo justa causa para a deflagra\u00e7\u00e3o da a\u00e7\u00e3o penal, o Minist\u00e9rio P\u00fablico ofereceu den\u00fancia, sem, contudo, propor o acordo de n\u00e3o persecu\u00e7\u00e3o penal em benef\u00edcio do agente. Por fim, consigne-se que, h\u00e1 quatro anos, o agente foi agraciado com o instituto da suspens\u00e3o condicional do processo, no contexto do processo negocial.<\/strong><\/p>\n\n\n\n<p><strong>Nesse cen\u00e1rio, considerando as disposi\u00e7\u00f5es do C\u00f3digo de Processo Penal, \u00e9 correto afirmar que Nino:<\/strong><\/p>\n\n\n\n<p><strong>a) faz jus \u00e0 celebra\u00e7\u00e3o de um acordo de n\u00e3o persecu\u00e7\u00e3o penal com o Minist\u00e9rio P\u00fablico, de forma que, como n\u00e3o houve a oferta do instituto por parte do \u00f3rg\u00e3o acusat\u00f3rio, o investigado poder\u00e1 requerer que o ju\u00edzo competente o ofere\u00e7a;<\/strong><\/p>\n\n\n\n<p><strong>b) faz jus \u00e0 celebra\u00e7\u00e3o de um acordo de n\u00e3o persecu\u00e7\u00e3o penal com o Minist\u00e9rio P\u00fablico, de forma que, como n\u00e3o houve a oferta do instituto por parte do \u00f3rg\u00e3o acusat\u00f3rio, o investigado poder\u00e1 remeter os autos, por si s\u00f3, \u00e0 \u00f3rg\u00e3o superior da referida institui\u00e7\u00e3o;<\/strong><\/p>\n\n\n\n<p><strong>c) faz jus \u00e0 celebra\u00e7\u00e3o de um acordo de n\u00e3o persecu\u00e7\u00e3o penal com o Minist\u00e9rio P\u00fablico, de forma que, como n\u00e3o houve a oferta do instituto por parte do \u00f3rg\u00e3o acusat\u00f3rio, o investigado poder\u00e1 requerer a remessa dos autos a \u00f3rg\u00e3o superior da referida institui\u00e7\u00e3o;<\/strong><\/p>\n\n\n\n<p><strong>d) n\u00e3o tem direito \u00e0 celebra\u00e7\u00e3o de um acordo de n\u00e3o persecu\u00e7\u00e3o penal com o Minist\u00e9rio P\u00fablico, por ter se beneficiado do instituto da suspens\u00e3o condicional do processo h\u00e1 quatro anos;<\/strong><\/p>\n\n\n\n<p><strong>e) n\u00e3o tem direito \u00e0 celebra\u00e7\u00e3o de um acordo de n\u00e3o persecu\u00e7\u00e3o penal com o Minist\u00e9rio P\u00fablico, por ter praticado crime contra a Administra\u00e7\u00e3o P\u00fablica.<\/strong><\/p>\n\n\n\n<p><strong>Coment\u00e1rios<\/strong><\/p>\n\n\n\n<p>A alternativa correta \u00e9 a <strong>letra D<\/strong>. A quest\u00e3o trata sobre o ANPP.<\/p>\n\n\n\n<p>A alternativa A est\u00e1 incorreta. Nino n\u00e3o faz jus ao ANPP.<\/p>\n\n\n\n<p>A alternativa B est\u00e1 incorreta. Nino n\u00e3o faz jus ao ANPP.<\/p>\n\n\n\n<p>A alternativa C est\u00e1 incorreta. Nino n\u00e3o faz jus ao ANPP.<\/p>\n\n\n\n<p>A alternativa D est\u00e1 correta. Nino n\u00e3o tem direito \u00e0 celebra\u00e7\u00e3o de um acordo de n\u00e3o persecu\u00e7\u00e3o penal com o Minist\u00e9rio P\u00fablico, por ter se beneficiado do instituto da suspens\u00e3o condicional do processo h\u00e1 quatro anos. Conforme o artigo 28A, \u00a7 2\u00ba, inciso III do CPP: \u201cArt. 28-A. N\u00e3o sendo caso de arquivamento e tendo o investigado confessado formal e circunstancialmente a pr\u00e1tica de infra\u00e7\u00e3o penal sem viol\u00eancia ou grave amea\u00e7a e com pena m\u00ednima inferior a 4 (quatro) anos, o Minist\u00e9rio P\u00fablico poder\u00e1 propor acordo de n\u00e3o persecu\u00e7\u00e3o penal, desde que necess\u00e1rio e suficiente para reprova\u00e7\u00e3o e preven\u00e7\u00e3o do crime, mediante as seguintes condi\u00e7\u00f5es ajustadas cumulativa e alternativamente: (\u2026)\u00a0\u00a0<\/p>\n\n\n\n<p>\u00a7 2\u00ba O disposto no caput deste artigo n\u00e3o se aplica nas seguintes hip\u00f3teses:<\/p>\n\n\n\n<p>III \u2013 ter sido o agente beneficiado nos 5 (cinco) anos anteriores ao cometimento da infra\u00e7\u00e3o, em acordo de n\u00e3o persecu\u00e7\u00e3o penal, transa\u00e7\u00e3o penal ou suspens\u00e3o condicional do processo;\u201d<\/p>\n\n\n\n<p>A alternativa E est\u00e1 incorreta. O fato de Nino ter praticado crime contra a Administra\u00e7\u00e3o P\u00fablica por si s\u00f3 n\u00e3o \u00e9 um impeditivo para a celebra\u00e7\u00e3o do ANPP.<\/p>\n\n\n\n<p><strong>QUEST\u00c3O 92. De acordo com a Lei n\u00ba 11.343\/2006, compete \u00e0 Secretaria Nacional de Pol\u00edticas sobre Drogas e Gest\u00e3o de Ativos (Senad), do Minist\u00e9rio da Justi\u00e7a e Seguran\u00e7a P\u00fablica, proceder \u00e0 destina\u00e7\u00e3o dos bens apreendidos e n\u00e3o leiloados em car\u00e1ter cautelar, cujo perdimento seja decretado em favor da Uni\u00e3o, por meio das seguintes modalidades: aliena\u00e7\u00e3o, na forma da lei; incorpora\u00e7\u00e3o ao patrim\u00f4nio de \u00f3rg\u00e3o da administra\u00e7\u00e3o p\u00fablica, observadas as finalidades do Fundo Nacional Antidrogas (Funad); destrui\u00e7\u00e3o; ou inutiliza\u00e7\u00e3o.<\/strong><\/p>\n\n\n\n<p><strong>Nesse cen\u00e1rio, considerando as disposi\u00e7\u00f5es da Lei n\u00ba 11.343\/2006, \u00e9 correto afirmar que:<\/strong><\/p>\n\n\n\n<p><strong>a) compete ao Minist\u00e9rio da Justi\u00e7a e Seguran\u00e7a P\u00fablica regulamentar os procedimentos relativos \u00e0 administra\u00e7\u00e3o, \u00e0 preserva\u00e7\u00e3o e \u00e0 destina\u00e7\u00e3o dos recursos provenientes de delitos e atos il\u00edcitos e estabelecer os valores abaixo dos quais se deve proceder \u00e0 sua destrui\u00e7\u00e3o ou inutiliza\u00e7\u00e3o;<\/strong><\/p>\n\n\n\n<p><strong>b) o produto da aliena\u00e7\u00e3o dos bens apreendidos ou confiscados ser\u00e1 revertido integralmente ao Fundo Nacional Antidrogas (Funad), admitindo-se, contudo, a sub-roga\u00e7\u00e3o sobre o valor da arremata\u00e7\u00e3o para saldar eventuais multas, encargos ou tributos pendentes de pagamento;<\/strong><\/p>\n\n\n\n<p><strong>c) nas aliena\u00e7\u00f5es realizadas por meio de sistema eletr\u00f4nico da administra\u00e7\u00e3o p\u00fablica, a publicidade dada pelo sistema n\u00e3o afasta a obrigatoriedade de se proceder \u00e0 publica\u00e7\u00e3o em di\u00e1rio oficial e em jornais de grande circula\u00e7\u00e3o;<\/strong><\/p>\n\n\n\n<p><strong>d) a aliena\u00e7\u00e3o por meio de licita\u00e7\u00e3o deve ser realizada na modalidade leil\u00e3o, para bens m\u00f3veis, e concorr\u00eancia, para bens im\u00f3veis, assegurada a venda por pre\u00e7o n\u00e3o inferior a 60% do valor da avalia\u00e7\u00e3o;<\/strong><\/p>\n\n\n\n<p><strong>e) na aliena\u00e7\u00e3o de im\u00f3veis, o arrematante fica obrigado ao pagamento de encargos e tributos anteriores, sem preju\u00edzo de execu\u00e7\u00e3o fiscal em rela\u00e7\u00e3o ao antigo propriet\u00e1rio.<\/strong><\/p>\n\n\n\n<p><strong>Coment\u00e1rios<\/strong><\/p>\n\n\n\n<p>A alternativa correta \u00e9 a<strong> letra A<\/strong>. A quest\u00e3o trata sobre a Lei n\u00ba 11.343\/2006.\u00a0<\/p>\n\n\n\n<p>A alternativa A est\u00e1 correta. Compete ao Minist\u00e9rio da Justi\u00e7a e Seguran\u00e7a P\u00fablica regulamentar os procedimentos relativos \u00e0 administra\u00e7\u00e3o, \u00e0 preserva\u00e7\u00e3o e \u00e0 destina\u00e7\u00e3o dos recursos provenientes de delitos e atos il\u00edcitos e estabelecer os valores abaixo dos quais se deve proceder \u00e0 sua destrui\u00e7\u00e3o ou inutiliza\u00e7\u00e3o, conforme o artigo 63 D da Lei n\u00ba 11.343\/2006: \u201d Art. 63-D. Compete ao Minist\u00e9rio da Justi\u00e7a e Seguran\u00e7a P\u00fablica regulamentar os procedimentos relativos \u00e0 administra\u00e7\u00e3o, \u00e0 preserva\u00e7\u00e3o e \u00e0 destina\u00e7\u00e3o dos recursos provenientes de delitos e atos il\u00edcitos e estabelecer os valores abaixo dos quais se deve proceder \u00e0 sua destrui\u00e7\u00e3o ou inutiliza\u00e7\u00e3o.\u201d \u00a0 \u00a0<\/p>\n\n\n\n<p>A alternativa B est\u00e1 incorreta. Em desconformidade com o artigo 63 E da Lei n\u00ba11.343\/2006: \u201cArt. 63-E. O produto da aliena\u00e7\u00e3o dos bens apreendidos ou confiscados ser\u00e1 revertido integralmente ao Funad, nos termos do par\u00e1grafo \u00fanico do art. 243 da Constitui\u00e7\u00e3o Federal, vedada a sub-roga\u00e7\u00e3o sobre o valor da arremata\u00e7\u00e3o para saldar eventuais multas, encargos ou tributos pendentes de pagamento.\u201d\u00a0\u00a0\u00a0\u00a0\u00a0\u00a0\u00a0\u00a0\u00a0\u00a0\u00a0\u00a0\u00a0\u00a0\u00a0\u00a0<\/p>\n\n\n\n<p>A alternativa C est\u00e1 incorreta. Em desconformidade com o artigo 63 C, \u00a7 3\u00ba da Lei n\u00ba 11.343\/2006: \u201c\u00a7 3\u00ba Nas aliena\u00e7\u00f5es realizadas por meio de sistema eletr\u00f4nico da administra\u00e7\u00e3o p\u00fablica, a publicidade dada pelo sistema substituir\u00e1 a publica\u00e7\u00e3o em di\u00e1rio oficial e em jornais de grande circula\u00e7\u00e3o.\u201d\u00a0\u00a0\u00a0\u00a0\u00a0\u00a0<\/p>\n\n\n\n<p>A alternativa D est\u00e1 incorreta. Em desconformidade com o artigo 63 C, \u00a71\u00ba da Lei n\u00ba 11.343\/2006: \u201cArt. 63-C. \u00a7 1\u00ba A aliena\u00e7\u00e3o por meio de licita\u00e7\u00e3o deve ser realizada na modalidade leil\u00e3o, para bens m\u00f3veis e im\u00f3veis, independentemente do valor de avalia\u00e7\u00e3o, isolado ou global, de bem ou de lotes, assegurada a venda pelo maior lance, por pre\u00e7o n\u00e3o inferior a 50% (cinquenta por cento) do valor da avalia\u00e7\u00e3o.\u201d\u00a0\u00a0\u00a0\u00a0\u00a0\u00a0\u00a0\u00a0\u00a0\u00a0\u00a0\u00a0\u00a0\u00a0\u00a0\u00a0\u00a0\u00a0<\/p>\n\n\n\n<p>A alternativa E est\u00e1 incorreta. Em desconformidade com o artigo 63 C, \u00a74\u00ba da Lei n\u00ba 11.343\/2006: \u201c\u00a7 4\u00ba Na aliena\u00e7\u00e3o de im\u00f3veis, o arrematante fica livre do pagamento de encargos e tributos anteriores, sem preju\u00edzo de execu\u00e7\u00e3o fiscal em rela\u00e7\u00e3o ao antigo propriet\u00e1rio.\u201d\u00a0\u00a0\u00a0<\/p>\n\n\n\n<p><strong>QUEST\u00c3O 93. Quanto \u00e0s medidas assecurat\u00f3rias, a legisla\u00e7\u00e3o processual estabelece que caber\u00e1 o sequestro dos bens im\u00f3veis, adquiridos pelo indiciado com os proventos da infra\u00e7\u00e3o, ainda que j\u00e1 tenham sido transferidos a terceiro.<\/strong><\/p>\n\n\n\n<p><strong>Nesse cen\u00e1rio, considerando as disposi\u00e7\u00f5es do C\u00f3digo de Processo Penal, \u00e9 correto afirmar que:<\/strong><\/p>\n\n\n\n<p><strong>a) o juiz, de of\u00edcio, a requerimento do Minist\u00e9rio P\u00fablico ou do ofendido, poder\u00e1 ordenar o sequestro, em qualquer fase do processo, vedada a ado\u00e7\u00e3o da medida na persecu\u00e7\u00e3o penal pr\u00e9-processual;<\/strong><\/p>\n\n\n\n<p><strong>b) o sequestro ser\u00e1 levantado se a senten\u00e7a n\u00e3o for proferida no prazo de 120 dias, contado da data em que ocorrer o recebimento da den\u00fancia;<\/strong><\/p>\n\n\n\n<p><strong>c) para a decreta\u00e7\u00e3o do sequestro, bastar\u00e1 a exist\u00eancia de ind\u00edcios m\u00ednimos da proveni\u00eancia il\u00edcita dos bens;<\/strong><\/p>\n\n\n\n<p><strong>d) o sequestro se dar\u00e1 no bojo dos autos principais, admitindo-se embargos de terceiro;<\/strong><\/p>\n\n\n\n<p><strong>e) realizado o sequestro, o juiz ordenar\u00e1 a sua inscri\u00e7\u00e3o no Registro de Im\u00f3veis.<\/strong><\/p>\n\n\n\n<p><strong>Coment\u00e1rios<\/strong><\/p>\n\n\n\n<p>A alternativa correta \u00e9 a <strong>letra E<\/strong>. A quest\u00e3o trata sobre medidas assecurat\u00f3rias.\u00a0<\/p>\n\n\n\n<p>A alternativa A est\u00e1 incorreta. Em desconformidade com o artigo 127 do CPP: \u201cArt. 127.\u00a0 O juiz, de of\u00edcio, a requerimento do Minist\u00e9rio P\u00fablico ou do ofendido, ou mediante representa\u00e7\u00e3o da autoridade policial, poder\u00e1 ordenar o seq\u00fcestro, em qualquer fase do processo ou ainda antes de oferecida a den\u00fancia ou queixa.\u201d<\/p>\n\n\n\n<p>A alternativa B est\u00e1 incorreta. N\u00e3o h\u00e1 essa hip\u00f3tese no artigo 131 do CPP: \u201cArt. 131.\u00a0 O seq\u00fcestro ser\u00e1 levantado:<\/p>\n\n\n\n<p>I \u2013 se a a\u00e7\u00e3o penal n\u00e3o for intentada no prazo de sessenta dias, contado da data em que ficar conclu\u00edda a dilig\u00eancia;<\/p>\n\n\n\n<p>II \u2013 se o terceiro, a quem tiverem sido transferidos os bens, prestar cau\u00e7\u00e3o que assegure a aplica\u00e7\u00e3o do disposto no art. 74, II, <em>b<\/em>, segunda parte, do C\u00f3digo Penal;<\/p>\n\n\n\n<p>III \u2013 se for julgada extinta a punibilidade ou absolvido o r\u00e9u, por senten\u00e7a transitada em julgado.\u201d<\/p>\n\n\n\n<p>A alternativa C est\u00e1 incorreta. Em desconformidade com o artigo 126 do CPP: \u201d Art. 126.\u00a0 Para a decreta\u00e7\u00e3o do seq\u00fcestro, bastar\u00e1 a exist\u00eancia de ind\u00edcios veementes da proveni\u00eancia il\u00edcita dos bens.\u201d<\/p>\n\n\n\n<p>A alternativa D est\u00e1 incorreta. Em desconformidade com o artigo 129 do CPP: \u201cArt. 129.\u00a0 O seq\u00fcestro autuar-se-\u00e1 em apartado e admitir\u00e1 embargos de terceiro.\u201d<\/p>\n\n\n\n<p>A alternativa E est\u00e1 correta. Realizado o sequestro, o juiz ordenar\u00e1 a sua inscri\u00e7\u00e3o no Registro de Im\u00f3veis. Conforme o artigo 128 do CPP: \u201d Art. 128.\u00a0 Realizado o seq\u00fcestro, o juiz ordenar\u00e1 a sua inscri\u00e7\u00e3o no Registro de Im\u00f3veis.\u201d<\/p>\n\n\n\n<p><strong>QUEST\u00c3O 94. Jos\u00e9, reincidente em crime doloso, foi preso em flagrante pela pr\u00e1tica do crime de tr\u00e1fico il\u00edcito de entorpecentes, por ter sido encontrado com 300 g de coca\u00edna. Por conseguinte, o indiv\u00edduo foi encaminhado \u00e0 Delegacia de Pol\u00edcia para fins de ado\u00e7\u00e3o das medidas previstas na Constitui\u00e7\u00e3o Federal e na legisla\u00e7\u00e3o processual.<\/strong><\/p>\n\n\n\n<p><strong>Nesse cen\u00e1rio, considerando as disposi\u00e7\u00f5es do C\u00f3digo de Processo Penal, \u00e9 correto afirmar que:<\/strong><\/p>\n\n\n\n<p><strong>a) \u00e9 admiss\u00edvel o arbitramento de fian\u00e7a em benef\u00edcio de Jos\u00e9, sendo certo que seu quebramento injustificado autorizar\u00e1 o juiz a impor outras medidas cautelares ou, se for o caso, decretar a pris\u00e3o preventiva;<\/strong><\/p>\n\n\n\n<p><strong>b) \u00e9 admiss\u00edvel o arbitramento de fian\u00e7a em benef\u00edcio de Jos\u00e9, sendo certo que seu quebramento injustificado, caso ocorra, importar\u00e1 na perda de metade do seu valor;<\/strong><\/p>\n\n\n\n<p><strong>c) \u00e9 admiss\u00edvel o arbitramento de fian\u00e7a em benef\u00edcio de Jos\u00e9, sendo certo que a pr\u00e1tica de nova infra\u00e7\u00e3o penal dolosa pelo agente ensejar\u00e1 seu quebramento;<\/strong><\/p>\n\n\n\n<p><strong>d) n\u00e3o \u00e9 cab\u00edvel o arbitramento de fian\u00e7a pela autoridade policial, tampouco pelo ju\u00edzo competente para o processo e julgamento do feito;<\/strong><\/p>\n\n\n\n<p><strong>e) muito embora a autoridade policial n\u00e3o possa arbitrar fian\u00e7a, o ju\u00edzo competente para o processo e julgamento do feito poder\u00e1 faz\u00ea-lo.<\/strong><\/p>\n\n\n\n<p><strong>Coment\u00e1rios<\/strong><\/p>\n\n\n\n<p>A alternativa correta \u00e9 a <strong>letra D<\/strong>. A quest\u00e3o trata sobre o tema fian\u00e7a.<\/p>\n\n\n\n<p>A alternativa A est\u00e1 incorreta. N\u00e3o \u00e9 admiss\u00edvel o arbitramento de fian\u00e7a.<\/p>\n\n\n\n<p>A alternativa B est\u00e1 incorreta. N\u00e3o \u00e9 admiss\u00edvel o arbitramento de fian\u00e7a.<\/p>\n\n\n\n<p>A alternativa C est\u00e1 incorreta. N\u00e3o \u00e9 admiss\u00edvel o arbitramento de fian\u00e7a.<\/p>\n\n\n\n<p>A alternativa D est\u00e1 correta. N\u00e3o \u00e9 cab\u00edvel o arbitramento de fian\u00e7a pela autoridade policial, tampouco pelo ju\u00edzo competente para o processo e julgamento do feito. Conforme o artigo 323, inciso II do CPP e artigo 2\u00ba, inciso II da Lei de crimes hediondos:<\/p>\n\n\n\n<p>\u201cArt. 323.\u00a0 N\u00e3o ser\u00e1 concedida fian\u00e7a: II \u2013 nos crimes de tortura, tr\u00e1fico il\u00edcito de entorpecentes e drogas afins, terrorismo e nos definidos como crimes hediondos;\u00a0<\/p>\n\n\n\n<p>Art. 2\u00ba Os crimes hediondos, a pr\u00e1tica da tortura, o tr\u00e1fico il\u00edcito de entorpecentes e drogas afins e o terrorismo s\u00e3o insuscet\u00edveis de: II \u2013 fian\u00e7a.\u201d<\/p>\n\n\n\n<p>A alternativa E est\u00e1 incorreta. N\u00e3o \u00e9 admiss\u00edvel o arbitramento de fian\u00e7a.<\/p>\n\n\n\n<p><strong>QUEST\u00c3O 95. No curso de uma intercepta\u00e7\u00e3o telef\u00f4nica, devidamente autorizada pelo Poder Judici\u00e1rio, Matheus, delegado de pol\u00edcia, descobriu que Lucas, not\u00e1rio, e Jo\u00e3o, deputado estadual, ambos no Estado Alfa, integravam determinada organiza\u00e7\u00e3o criminosa voltada \u00e0 pr\u00e1tica de crimes contra a Administra\u00e7\u00e3o P\u00fablica e lavagem de capitais. Registre-se que a Constitui\u00e7\u00e3o do Estado Alfa prev\u00ea, expressamente, que not\u00e1rios e registradores fazem jus a foro por prerrogativa de fun\u00e7\u00e3o junto ao Tribunal de Justi\u00e7a do referido ente federativo. Por fim, consigne-se que as infra\u00e7\u00f5es penais praticadas por Jo\u00e3o se relacionam ao mandato parlamentar em curso.<\/strong><\/p>\n\n\n\n<p><strong>Nesse cen\u00e1rio, considerando as disposi\u00e7\u00f5es da Constitui\u00e7\u00e3o Federal e a jurisprud\u00eancia consolidada do Supremo Tribunal Federal, \u00e9 correto afirmar que:<\/strong><\/p>\n\n\n\n<p><strong>a) Jo\u00e3o tem foro por prerrogativa de fun\u00e7\u00e3o junto ao Superior Tribunal de Justi\u00e7a; por sua vez, Lucas ser\u00e1 processado e julgado no \u00e2mbito do Tribunal de Justi\u00e7a do Estado Alfa;<\/strong><\/p>\n\n\n\n<p><strong>b) Jo\u00e3o tem foro por prerrogativa de fun\u00e7\u00e3o junto ao Supremo Tribunal Federal; por sua vez, Lucas ser\u00e1 processado e julgado no \u00e2mbito do Tribunal de Justi\u00e7a do Estado Alfa;<\/strong><\/p>\n\n\n\n<p><strong>c) Jo\u00e3o tem foro por prerrogativa de fun\u00e7\u00e3o junto ao Tribunal de Justi\u00e7a do Estado Alfa; por sua vez, Lucas ser\u00e1 processado e julgado em primeira inst\u00e2ncia;<\/strong><\/p>\n\n\n\n<p><strong>d) Jo\u00e3o e Lucas t\u00eam foro por prerrogativa de fun\u00e7\u00e3o junto ao Tribunal de Justi\u00e7a do Estado Alfa;<\/strong><\/p>\n\n\n\n<p><strong>e) Jo\u00e3o e Lucas ser\u00e3o processados e julgados em primeira inst\u00e2ncia.<\/strong><\/p>\n\n\n\n<p><strong>Coment\u00e1rios<\/strong><\/p>\n\n\n\n<p>A alternativa correta \u00e9 a<strong> letra C<\/strong>. A quest\u00e3o trata sobre compet\u00eancia.<\/p>\n\n\n\n<p>A alternativa A est\u00e1 incorreta. Jo\u00e3o tem foro por prerrogativa de fun\u00e7\u00e3o junto ao Tribunal de Justi\u00e7a do Estado Alfa; por sua vez, Lucas ser\u00e1 processado e julgado em primeira inst\u00e2ncia.<\/p>\n\n\n\n<p>A alternativa B est\u00e1 incorreta. Jo\u00e3o tem foro por prerrogativa de fun\u00e7\u00e3o junto ao Tribunal de Justi\u00e7a do Estado Alfa; por sua vez, Lucas ser\u00e1 processado e julgado em primeira inst\u00e2ncia.<\/p>\n\n\n\n<p>A alternativa C est\u00e1 correta. Jo\u00e3o tem foro por prerrogativa de fun\u00e7\u00e3o junto ao Tribunal de Justi\u00e7a do Estado Alfa; por sua vez, Lucas ser\u00e1 processado e julgado em primeira inst\u00e2ncia.<\/p>\n\n\n\n<p>Jo\u00e3o tem foro por prerrogativa de fun\u00e7\u00e3o junto ao TJ, nos termos do artigo 27, \u00a7 1\u00ba e 53, \u00a7 1\u00ba da CRFB:<\/p>\n\n\n\n<p>\u201cArt. 27. O n\u00famero de Deputados \u00e0 Assembl\u00e9ia Legislativa corresponder\u00e1 ao triplo da representa\u00e7\u00e3o do Estado na C\u00e2mara dos Deputados e, atingido o n\u00famero de trinta e seis, ser\u00e1 acrescido de tantos quantos forem os Deputados Federais acima de doze.<\/p>\n\n\n\n<p>\u00a7 1\u00ba Ser\u00e1 de quatro anos o mandato dos Deputados Estaduais, aplicando- s\u00ea-lhes as regras desta Constitui\u00e7\u00e3o sobre sistema eleitoral, inviolabilidade, imunidades, remunera\u00e7\u00e3o, perda de mandato, licen\u00e7a, impedimentos e incorpora\u00e7\u00e3o \u00e0s For\u00e7as Armadas.<\/p>\n\n\n\n<p>Art. 53. Os Deputados e Senadores s\u00e3o inviol\u00e1veis, civil e penalmente, por quaisquer de suas opini\u00f5es, palavras e votos. \u00a0 \u00a0<\/p>\n\n\n\n<p>\u00a7 1\u00ba Os Deputados e Senadores, desde a expedi\u00e7\u00e3o do diploma, ser\u00e3o submetidos a julgamento perante o Supremo Tribunal Federal.\u201d<\/p>\n\n\n\n<p>Lucas ser\u00e1 processado pela primeira inst\u00e2ncia, conforme entendimento do STF:<\/p>\n\n\n\n<p>\u201cEMENTA: Direito Constitucional e Processual. A\u00e7\u00e3o Direta de Inconstitucionalidade. Constitui\u00e7\u00e3o do Estado do Amazonas. Atribui\u00e7\u00e3o de foro por prerrogativa de fun\u00e7\u00e3o a procuradores e defensores p\u00fablicos. 1. A\u00e7\u00e3o direta de inconstitucionalidade contra o art. 72, I, a, da Constitui\u00e7\u00e3o do Estado do Amazonas, na parte em que atribuiu foro por prerrogativa de fun\u00e7\u00e3o aos procuradores e defensores p\u00fablicos do Estado. 2. A Constitui\u00e7\u00e3o Federal estabelece, como regra geral, que todos devem ser processados e julgados pelos mesmos \u00f3rg\u00e3os jurisdicionais. Excepcionalmente, em raz\u00e3o das fun\u00e7\u00f5es de determinados cargos p\u00fablicos, estabelece-se o foro por prerrogativa de fun\u00e7\u00e3o, cujas hip\u00f3teses devem ser interpretadas de maneira restritiva. 3. A jurisprud\u00eancia do Supremo Tribunal Federal evoluiu no que diz respeito \u00e0 possibilidade de concess\u00e3o de foro por prerrogativa de fun\u00e7\u00e3o pelo constituinte estadual, passando a declarar a inconstitucionalidade de express\u00f5es de constitui\u00e7\u00f5es estaduais que ampliam o foro por prerrogativa de fun\u00e7\u00e3o a autoridades diversas das estabelecidas pela Constitui\u00e7\u00e3o Federal. Precedentes. 4. Tendo em vista que a norma impugnada se encontra em vigor h\u00e1 anos, raz\u00f5es de seguran\u00e7a jur\u00eddica recomendam a modula\u00e7\u00e3o de efeitos da decis\u00e3o. Precedentes. 5. Pedido julgado procedente, para declarar a inconstitucionalidade da express\u00e3o \u201cda Procuradoria Geral do Estado e da Defensoria P\u00fablica\u201d, constante do art. 72, I, a, da Constitui\u00e7\u00e3o do Estado do Amazonas, com efeitos ex nunc. Fixa\u00e7\u00e3o da seguinte tese de julgamento: \u201c\u00c9 inconstitucional norma de constitui\u00e7\u00e3o estadual que estende o foro por prerrogativa de fun\u00e7\u00e3o a autoridades n\u00e3o contempladas pela Constitui\u00e7\u00e3o Federal de forma expressa ou por simetria\u201d. (ADI 6515, Relator(a): ROBERTO BARROSO, Tribunal Pleno, julgado em 23\/08\/2021, PROCESSO ELETR\u00d4NICO DJe-185 DIVULG 15-09-2021 PUBLIC 16-09-2021)\u201d<\/p>\n\n\n\n<p>A alternativa D est\u00e1 incorreta. Jo\u00e3o tem foro por prerrogativa de fun\u00e7\u00e3o junto ao Tribunal de Justi\u00e7a do Estado Alfa; por sua vez, Lucas ser\u00e1 processado e julgado em primeira inst\u00e2ncia.<\/p>\n\n\n\n<p>A alternativa E est\u00e1 incorreta. Jo\u00e3o tem foro por prerrogativa de fun\u00e7\u00e3o junto ao Tribunal de Justi\u00e7a do Estado Alfa; por sua vez, Lucas ser\u00e1 processado e julgado em primeira inst\u00e2ncia.<\/p>\n\n\n\n<p class=\"has-text-align-center\"><em>Fique por dentro de todos os detalhes do Concurso Cart\u00f3rio ES<\/em><\/p>\n\n\n\n<p class=\"has-text-align-center has-very-light-gray-to-cyan-bluish-gray-gradient-background has-background\"><a href=\"https:\/\/cj.estrategia.com\/portal\/concurso-cartorio-es\/\" target=\"_blank\" rel=\"noreferrer noopener nofollow\"><strong>Concurso Cart\u00f3rio ES<\/strong><\/a><\/p>\n\n\n\n<h2 class=\"wp-block-heading has-text-align-center\" id=\"h-quer-saber-tudo-sobre-concursos-previstos-confira-nossos-artigos\"><span id=\"quer-saber-tudo-sobre-concursos-previstosconfira-nossos-artigos\">Quer saber tudo sobre concursos previstos?<br>Confira nossos artigos!<\/span><\/h2>\n\n\n\n<ul class=\"wp-block-list\">\n<li><a href=\"https:\/\/cj.estrategia.com\/portal\/concursos-abertos-carreiras-juridicas\/\" target=\"_blank\" >Concursos jur\u00eddicos abertos<\/a><\/li>\n\n\n\n<li><a href=\"https:\/\/cj.estrategia.com\/portal\/concursos-2025-carreiras-juridicas\/\" target=\"_blank\" >Concurso Jur\u00eddicos 2025<\/a><\/li>\n\n\n\n<li><a href=\"https:\/\/cj.estrategia.com\/portal\/concursos-de-cartorio\/\" target=\"_blank\" >Concurso Cart\u00f3rios<\/a><\/li>\n<\/ul>\n\n\n\n<h2 class=\"wp-block-heading has-text-align-center\" id=\"assinatura-e-cursos\"><span id=\"quer-estudar-para-o-concursoscursos-e-assinaturas\">Quer estudar para o concursos?<br>Cursos e Assinaturas<\/span><\/h2>\n\n\n\n<p>O Estrat\u00e9gia Carreira Jur\u00eddica \u00e9 campe\u00e3o de aprova\u00e7\u00f5es nos concursos para Carreiras Jur\u00eddicas com um corpo docente qualificado e materiais completos. Conhe\u00e7a nossos cursos e garanta sua aprova\u00e7\u00e3o:<\/p>\n\n\n\n<div class=\"wp-block-cover\" style=\"min-height:155px;aspect-ratio:unset;\"><img decoding=\"async\" width=\"1890\" height=\"351\" class=\"wp-block-cover__image-background wp-image-8669\" alt=\"Assinaturas Jur\u00eddicas\" src=\"https:\/\/cj.estrategia.com\/portal\/wp-content\/uploads\/2022\/06\/20151253\/concurso-carreiras-juridicas-assinatura-juridica.jpg\" data-object-fit=\"cover\" srcset=\"https:\/\/cj.estrategia.com\/portal\/wp-content\/uploads\/2022\/06\/20151253\/concurso-carreiras-juridicas-assinatura-juridica.jpg 1890w, https:\/\/cj.estrategia.com\/portal\/wp-content\/uploads\/2022\/06\/20151253\/concurso-carreiras-juridicas-assinatura-juridica-300x56.jpg 300w, https:\/\/cj.estrategia.com\/portal\/wp-content\/uploads\/2022\/06\/20151253\/concurso-carreiras-juridicas-assinatura-juridica-1024x190.jpg 1024w, https:\/\/cj.estrategia.com\/portal\/wp-content\/uploads\/2022\/06\/20151253\/concurso-carreiras-juridicas-assinatura-juridica-768x143.jpg 768w, https:\/\/cj.estrategia.com\/portal\/wp-content\/uploads\/2022\/06\/20151253\/concurso-carreiras-juridicas-assinatura-juridica-1536x285.jpg 1536w, https:\/\/cj.estrategia.com\/portal\/wp-content\/uploads\/2022\/06\/20151253\/concurso-carreiras-juridicas-assinatura-juridica-380x71.jpg 380w, https:\/\/cj.estrategia.com\/portal\/wp-content\/uploads\/2022\/06\/20151253\/concurso-carreiras-juridicas-assinatura-juridica-800x149.jpg 800w, https:\/\/cj.estrategia.com\/portal\/wp-content\/uploads\/2022\/06\/20151253\/concurso-carreiras-juridicas-assinatura-juridica-1160x215.jpg 1160w\" sizes=\"(max-width: 1890px) 100vw, 1890px\" \/><span aria-hidden=\"true\" class=\"wp-block-cover__background has-background-dim\"><\/span><div class=\"wp-block-cover__inner-container is-layout-flow wp-block-cover-is-layout-flow\">\n<h3 id=\"faca-a-sua-assinatura\" class=\"titulo-assinatura\"><span style=\"color: #ffffff;\">Fa\u00e7a a sua assinatura!<\/span><\/h3>\n<p class=\"subtitulo-assinatura\" style=\"display:block!important; line-height: 0;\"><span style=\"color: #ffffff;\">Escolha a sua \u00e1rea.<\/span><\/p>\n<a target=\"_blank\" href=\"https:\/\/www.estrategiaconcursos.com.br\/assinaturas-ecj\/\" rel=\"noopener\"><button style=\"border-radius: 10px; text-transform: capitalize;\">Acessar<\/button><\/a>\n<\/div><\/div>\n\n\n\n<p><\/p>\n\n\n\n<div class=\"container\" id=\"boxes\">\n  <div class=\"row\">\n\n    <div class=\"col-sm\">\n      <div class=\"banner-estrategia-concursos-juridicos\" id=\"box-assinatura\">\n        <h3 id=\"curso-para-concurso-cartorio-es\" class=\"titulo-assinatura\"><span style=\"color: #ffffff; font-size: 25px; \">Curso para Concurso Cart\u00f3rio ES  <\/span><\/h3>\n        <p class=\"subtitulo-assinatura\">Cursos focados no edital do concurso<\/p>\n        <div class=\"box-botao\">\n          <a class=\"btn-assinatura-juridica\" target=\"_blank\" href=\"https:\/\/cj.estrategia.com\/curso\/cartorios-do-tj-es-pacote-teorico\/\" role=\"button\" rel=\"noopener noreferrer\">Conhe\u00e7a mais<\/a>\n        <\/div>\n      <\/div>\n      <p class=\"texto-auxiliar\">Prepare-se com o melhor material e com quem mais aprova em concursos em todo o pa\u00eds. \n<\/p>\n    <\/div>\n\n  <\/div>\n<\/div>\n\n\n\n<p><\/p>\n\n\n\n<p><\/p>\n","protected":false},"excerpt":{"rendered":"Ol\u00e1, pessoal, tudo certo?! Em 27\/07\/2025, foi aplicada a prova objetiva do concurso p\u00fablico para o Oficial de&hellip;\n","protected":false},"author":159,"featured_media":140092,"comment_status":"open","ping_status":"open","sticky":false,"template":"","format":"standard","meta":{"_jetpack_memberships_contains_paid_content":false,"footnotes":""},"categories":[29],"tags":[],"tax_estado":[38],"class_list":{"0":"post-140079","1":"post","2":"type-post","3":"status-publish","4":"format-standard","5":"has-post-thumbnail","7":"category-cartorio","8":"tax_estado-es"},"acf":[],"yoast_head":"<!-- This site is optimized with the Yoast SEO Premium plugin v27.5 (Yoast SEO v27.5) - https:\/\/yoast.com\/product\/yoast-seo-premium-wordpress\/ -->\n<title>Prova comentada Direito Penal e Processual Penal TJ ES Cart\u00f3rio<\/title>\n<meta name=\"description\" content=\"Explore a prova comentada Direito Penal e Processual Penal TJ ES Cart\u00f3rio com an\u00e1lises detalhadas das quest\u00f5es do concurso.\" \/>\n<meta name=\"robots\" content=\"index, follow, max-snippet:-1, max-image-preview:large, max-video-preview:-1\" \/>\n<link rel=\"canonical\" href=\"https:\/\/cj.estrategia.com\/portal\/prova-comentada-direito-penal-e-processual-penal-tj-es-cartorio\/\" \/>\n<meta property=\"og:locale\" content=\"pt_BR\" \/>\n<meta property=\"og:type\" content=\"article\" \/>\n<meta property=\"og:title\" content=\"Prova comentada Direito Penal e Processual Penal TJ ES Cart\u00f3rio\" \/>\n<meta property=\"og:description\" content=\"Explore a prova comentada Direito Penal e Processual Penal TJ ES Cart\u00f3rio com an\u00e1lises detalhadas das quest\u00f5es do concurso.\" \/>\n<meta property=\"og:url\" content=\"https:\/\/cj.estrategia.com\/portal\/prova-comentada-direito-penal-e-processual-penal-tj-es-cartorio\/\" \/>\n<meta property=\"og:site_name\" content=\"Blog - Carreiras Jur\u00eddicas - Estrat\u00e9gia\" \/>\n<meta property=\"article:publisher\" content=\"https:\/\/www.facebook.com\/estrategiacarreirajuridica\/\" \/>\n<meta property=\"article:published_time\" content=\"2025-07-31T13:34:42+00:00\" \/>\n<meta property=\"article:modified_time\" content=\"2025-07-31T14:35:33+00:00\" \/>\n<meta property=\"og:image\" content=\"https:\/\/cj.estrategia.com\/portal\/wp-content\/uploads\/2025\/07\/31093149\/CARTORIO-1.png\" \/>\n\t<meta property=\"og:image:width\" content=\"685\" \/>\n\t<meta property=\"og:image:height\" content=\"476\" \/>\n\t<meta property=\"og:image:type\" content=\"image\/png\" \/>\n<meta name=\"author\" content=\"Priscila Bonomi\" \/>\n<meta name=\"twitter:card\" content=\"summary_large_image\" \/>\n<meta name=\"twitter:creator\" content=\"@EstratJuridica\" \/>\n<meta name=\"twitter:site\" content=\"@EstratJuridica\" \/>\n<meta name=\"twitter:label1\" content=\"Escrito por\" \/>\n\t<meta name=\"twitter:data1\" content=\"Priscila Bonomi\" \/>\n\t<meta name=\"twitter:label2\" content=\"Est. tempo de leitura\" \/>\n\t<meta name=\"twitter:data2\" content=\"31 minutos\" \/>\n<script type=\"application\/ld+json\" class=\"yoast-schema-graph\">{\"@context\":\"https:\\\/\\\/schema.org\",\"@graph\":[{\"@type\":\"NewsArticle\",\"@id\":\"https:\\\/\\\/cj.estrategia.com\\\/portal\\\/prova-comentada-direito-penal-e-processual-penal-tj-es-cartorio\\\/#article\",\"isPartOf\":{\"@id\":\"https:\\\/\\\/cj.estrategia.com\\\/portal\\\/prova-comentada-direito-penal-e-processual-penal-tj-es-cartorio\\\/\"},\"author\":{\"name\":\"Priscila Bonomi\",\"@id\":\"https:\\\/\\\/cj.estrategia.com\\\/portal\\\/#\\\/schema\\\/person\\\/b472e0140705ac6b5d15ed70554fae55\"},\"headline\":\"Prova comentada Direito Penal e Processual Penal TJ ES Cart\u00f3rio\",\"datePublished\":\"2025-07-31T13:34:42+00:00\",\"dateModified\":\"2025-07-31T14:35:33+00:00\",\"mainEntityOfPage\":{\"@id\":\"https:\\\/\\\/cj.estrategia.com\\\/portal\\\/prova-comentada-direito-penal-e-processual-penal-tj-es-cartorio\\\/\"},\"wordCount\":6411,\"commentCount\":0,\"publisher\":{\"@id\":\"https:\\\/\\\/cj.estrategia.com\\\/portal\\\/#organization\"},\"image\":{\"@id\":\"https:\\\/\\\/cj.estrategia.com\\\/portal\\\/prova-comentada-direito-penal-e-processual-penal-tj-es-cartorio\\\/#primaryimage\"},\"thumbnailUrl\":\"https:\\\/\\\/cj.estrategia.com\\\/portal\\\/wp-content\\\/uploads\\\/2025\\\/07\\\/31093149\\\/CARTORIO-1.png\",\"articleSection\":[\"Cart\u00f3rio\"],\"inLanguage\":\"pt-BR\",\"potentialAction\":[{\"@type\":\"CommentAction\",\"name\":\"Comment\",\"target\":[\"https:\\\/\\\/cj.estrategia.com\\\/portal\\\/prova-comentada-direito-penal-e-processual-penal-tj-es-cartorio\\\/#respond\"]}]},{\"@type\":\"WebPage\",\"@id\":\"https:\\\/\\\/cj.estrategia.com\\\/portal\\\/prova-comentada-direito-penal-e-processual-penal-tj-es-cartorio\\\/\",\"url\":\"https:\\\/\\\/cj.estrategia.com\\\/portal\\\/prova-comentada-direito-penal-e-processual-penal-tj-es-cartorio\\\/\",\"name\":\"Prova comentada Direito Penal e Processual Penal TJ ES Cart\u00f3rio\",\"isPartOf\":{\"@id\":\"https:\\\/\\\/cj.estrategia.com\\\/portal\\\/#website\"},\"primaryImageOfPage\":{\"@id\":\"https:\\\/\\\/cj.estrategia.com\\\/portal\\\/prova-comentada-direito-penal-e-processual-penal-tj-es-cartorio\\\/#primaryimage\"},\"image\":{\"@id\":\"https:\\\/\\\/cj.estrategia.com\\\/portal\\\/prova-comentada-direito-penal-e-processual-penal-tj-es-cartorio\\\/#primaryimage\"},\"thumbnailUrl\":\"https:\\\/\\\/cj.estrategia.com\\\/portal\\\/wp-content\\\/uploads\\\/2025\\\/07\\\/31093149\\\/CARTORIO-1.png\",\"datePublished\":\"2025-07-31T13:34:42+00:00\",\"dateModified\":\"2025-07-31T14:35:33+00:00\",\"description\":\"Explore a prova comentada Direito Penal e Processual Penal TJ ES Cart\u00f3rio com an\u00e1lises detalhadas das quest\u00f5es do concurso.\",\"breadcrumb\":{\"@id\":\"https:\\\/\\\/cj.estrategia.com\\\/portal\\\/prova-comentada-direito-penal-e-processual-penal-tj-es-cartorio\\\/#breadcrumb\"},\"inLanguage\":\"pt-BR\",\"potentialAction\":[{\"@type\":\"ReadAction\",\"target\":[\"https:\\\/\\\/cj.estrategia.com\\\/portal\\\/prova-comentada-direito-penal-e-processual-penal-tj-es-cartorio\\\/\"]}]},{\"@type\":\"ImageObject\",\"inLanguage\":\"pt-BR\",\"@id\":\"https:\\\/\\\/cj.estrategia.com\\\/portal\\\/prova-comentada-direito-penal-e-processual-penal-tj-es-cartorio\\\/#primaryimage\",\"url\":\"https:\\\/\\\/cj.estrategia.com\\\/portal\\\/wp-content\\\/uploads\\\/2025\\\/07\\\/31093149\\\/CARTORIO-1.png\",\"contentUrl\":\"https:\\\/\\\/cj.estrategia.com\\\/portal\\\/wp-content\\\/uploads\\\/2025\\\/07\\\/31093149\\\/CARTORIO-1.png\",\"width\":685,\"height\":476},{\"@type\":\"BreadcrumbList\",\"@id\":\"https:\\\/\\\/cj.estrategia.com\\\/portal\\\/prova-comentada-direito-penal-e-processual-penal-tj-es-cartorio\\\/#breadcrumb\",\"itemListElement\":[{\"@type\":\"ListItem\",\"position\":1,\"name\":\"In\u00edcio\",\"item\":\"https:\\\/\\\/cj.estrategia.com\\\/portal\\\/\"},{\"@type\":\"ListItem\",\"position\":2,\"name\":\"Prova comentada Direito Penal e Processual Penal TJ ES Cart\u00f3rio\"}]},{\"@type\":\"WebSite\",\"@id\":\"https:\\\/\\\/cj.estrategia.com\\\/portal\\\/#website\",\"url\":\"https:\\\/\\\/cj.estrategia.com\\\/portal\\\/\",\"name\":\"Blog - Carreiras Jur\u00eddicas - Estrat\u00e9gia\",\"description\":\"\",\"publisher\":{\"@id\":\"https:\\\/\\\/cj.estrategia.com\\\/portal\\\/#organization\"},\"potentialAction\":[{\"@type\":\"SearchAction\",\"target\":{\"@type\":\"EntryPoint\",\"urlTemplate\":\"https:\\\/\\\/cj.estrategia.com\\\/portal\\\/?s={search_term_string}\"},\"query-input\":{\"@type\":\"PropertyValueSpecification\",\"valueRequired\":true,\"valueName\":\"search_term_string\"}}],\"inLanguage\":\"pt-BR\"},{\"@type\":\"Organization\",\"@id\":\"https:\\\/\\\/cj.estrategia.com\\\/portal\\\/#organization\",\"name\":\"Estrat\u00e9gia - Carreiras Jur\u00eddicas\",\"url\":\"https:\\\/\\\/cj.estrategia.com\\\/portal\\\/\",\"logo\":{\"@type\":\"ImageObject\",\"inLanguage\":\"pt-BR\",\"@id\":\"https:\\\/\\\/cj.estrategia.com\\\/portal\\\/#\\\/schema\\\/logo\\\/image\\\/\",\"url\":\"https:\\\/\\\/cj.estrategia.com\\\/portal\\\/wp-content\\\/uploads\\\/2022\\\/03\\\/11151052\\\/cj-logo.png\",\"contentUrl\":\"https:\\\/\\\/cj.estrategia.com\\\/portal\\\/wp-content\\\/uploads\\\/2022\\\/03\\\/11151052\\\/cj-logo.png\",\"width\":150,\"height\":39,\"caption\":\"Estrat\u00e9gia - Carreiras Jur\u00eddicas\"},\"image\":{\"@id\":\"https:\\\/\\\/cj.estrategia.com\\\/portal\\\/#\\\/schema\\\/logo\\\/image\\\/\"},\"sameAs\":[\"https:\\\/\\\/www.facebook.com\\\/estrategiacarreirajuridica\\\/\",\"https:\\\/\\\/x.com\\\/EstratJuridica\",\"https:\\\/\\\/www.instagram.com\\\/estrategiacarreirajuridica\\\/\",\"https:\\\/\\\/www.youtube.com\\\/channel\\\/UClbMGuYbj2Mh1m3w144ETWQ\"]},{\"@type\":\"Person\",\"@id\":\"https:\\\/\\\/cj.estrategia.com\\\/portal\\\/#\\\/schema\\\/person\\\/b472e0140705ac6b5d15ed70554fae55\",\"name\":\"Priscila Bonomi\",\"image\":{\"@type\":\"ImageObject\",\"inLanguage\":\"pt-BR\",\"@id\":\"https:\\\/\\\/cj.estrategia.com\\\/portal\\\/wp-content\\\/uploads\\\/2025\\\/02\\\/05144820\\\/Imagem-do-WhatsApp-de-2025-05-05-as-14.47.57_b98168e4-96x96.jpg\",\"url\":\"https:\\\/\\\/cj.estrategia.com\\\/portal\\\/wp-content\\\/uploads\\\/2025\\\/02\\\/05144820\\\/Imagem-do-WhatsApp-de-2025-05-05-as-14.47.57_b98168e4-96x96.jpg\",\"contentUrl\":\"https:\\\/\\\/cj.estrategia.com\\\/portal\\\/wp-content\\\/uploads\\\/2025\\\/02\\\/05144820\\\/Imagem-do-WhatsApp-de-2025-05-05-as-14.47.57_b98168e4-96x96.jpg\",\"caption\":\"Priscila Bonomi\"},\"url\":\"https:\\\/\\\/cj.estrategia.com\\\/portal\\\/author\\\/priscila-bonomi\\\/\"}]}<\/script>\n<!-- \/ Yoast SEO Premium plugin. -->","yoast_head_json":{"title":"Prova comentada Direito Penal e Processual Penal TJ ES Cart\u00f3rio","description":"Explore a prova comentada Direito Penal e Processual Penal TJ ES Cart\u00f3rio com an\u00e1lises detalhadas das quest\u00f5es do concurso.","robots":{"index":"index","follow":"follow","max-snippet":"max-snippet:-1","max-image-preview":"max-image-preview:large","max-video-preview":"max-video-preview:-1"},"canonical":"https:\/\/cj.estrategia.com\/portal\/prova-comentada-direito-penal-e-processual-penal-tj-es-cartorio\/","og_locale":"pt_BR","og_type":"article","og_title":"Prova comentada Direito Penal e Processual Penal TJ ES Cart\u00f3rio","og_description":"Explore a prova comentada Direito Penal e Processual Penal TJ ES Cart\u00f3rio com an\u00e1lises detalhadas das quest\u00f5es do concurso.","og_url":"https:\/\/cj.estrategia.com\/portal\/prova-comentada-direito-penal-e-processual-penal-tj-es-cartorio\/","og_site_name":"Blog - Carreiras Jur\u00eddicas - Estrat\u00e9gia","article_publisher":"https:\/\/www.facebook.com\/estrategiacarreirajuridica\/","article_published_time":"2025-07-31T13:34:42+00:00","article_modified_time":"2025-07-31T14:35:33+00:00","og_image":[{"width":685,"height":476,"url":"https:\/\/cj.estrategia.com\/portal\/wp-content\/uploads\/2025\/07\/31093149\/CARTORIO-1.png","type":"image\/png"}],"author":"Priscila Bonomi","twitter_card":"summary_large_image","twitter_creator":"@EstratJuridica","twitter_site":"@EstratJuridica","twitter_misc":{"Escrito por":"Priscila Bonomi","Est. tempo de leitura":"31 minutos"},"schema":{"@context":"https:\/\/schema.org","@graph":[{"@type":"NewsArticle","@id":"https:\/\/cj.estrategia.com\/portal\/prova-comentada-direito-penal-e-processual-penal-tj-es-cartorio\/#article","isPartOf":{"@id":"https:\/\/cj.estrategia.com\/portal\/prova-comentada-direito-penal-e-processual-penal-tj-es-cartorio\/"},"author":{"name":"Priscila Bonomi","@id":"https:\/\/cj.estrategia.com\/portal\/#\/schema\/person\/b472e0140705ac6b5d15ed70554fae55"},"headline":"Prova comentada Direito Penal e Processual Penal TJ ES Cart\u00f3rio","datePublished":"2025-07-31T13:34:42+00:00","dateModified":"2025-07-31T14:35:33+00:00","mainEntityOfPage":{"@id":"https:\/\/cj.estrategia.com\/portal\/prova-comentada-direito-penal-e-processual-penal-tj-es-cartorio\/"},"wordCount":6411,"commentCount":0,"publisher":{"@id":"https:\/\/cj.estrategia.com\/portal\/#organization"},"image":{"@id":"https:\/\/cj.estrategia.com\/portal\/prova-comentada-direito-penal-e-processual-penal-tj-es-cartorio\/#primaryimage"},"thumbnailUrl":"https:\/\/cj.estrategia.com\/portal\/wp-content\/uploads\/2025\/07\/31093149\/CARTORIO-1.png","articleSection":["Cart\u00f3rio"],"inLanguage":"pt-BR","potentialAction":[{"@type":"CommentAction","name":"Comment","target":["https:\/\/cj.estrategia.com\/portal\/prova-comentada-direito-penal-e-processual-penal-tj-es-cartorio\/#respond"]}]},{"@type":"WebPage","@id":"https:\/\/cj.estrategia.com\/portal\/prova-comentada-direito-penal-e-processual-penal-tj-es-cartorio\/","url":"https:\/\/cj.estrategia.com\/portal\/prova-comentada-direito-penal-e-processual-penal-tj-es-cartorio\/","name":"Prova comentada Direito Penal e Processual Penal TJ ES Cart\u00f3rio","isPartOf":{"@id":"https:\/\/cj.estrategia.com\/portal\/#website"},"primaryImageOfPage":{"@id":"https:\/\/cj.estrategia.com\/portal\/prova-comentada-direito-penal-e-processual-penal-tj-es-cartorio\/#primaryimage"},"image":{"@id":"https:\/\/cj.estrategia.com\/portal\/prova-comentada-direito-penal-e-processual-penal-tj-es-cartorio\/#primaryimage"},"thumbnailUrl":"https:\/\/cj.estrategia.com\/portal\/wp-content\/uploads\/2025\/07\/31093149\/CARTORIO-1.png","datePublished":"2025-07-31T13:34:42+00:00","dateModified":"2025-07-31T14:35:33+00:00","description":"Explore a prova comentada Direito Penal e Processual Penal TJ ES Cart\u00f3rio com an\u00e1lises detalhadas das quest\u00f5es do concurso.","breadcrumb":{"@id":"https:\/\/cj.estrategia.com\/portal\/prova-comentada-direito-penal-e-processual-penal-tj-es-cartorio\/#breadcrumb"},"inLanguage":"pt-BR","potentialAction":[{"@type":"ReadAction","target":["https:\/\/cj.estrategia.com\/portal\/prova-comentada-direito-penal-e-processual-penal-tj-es-cartorio\/"]}]},{"@type":"ImageObject","inLanguage":"pt-BR","@id":"https:\/\/cj.estrategia.com\/portal\/prova-comentada-direito-penal-e-processual-penal-tj-es-cartorio\/#primaryimage","url":"https:\/\/cj.estrategia.com\/portal\/wp-content\/uploads\/2025\/07\/31093149\/CARTORIO-1.png","contentUrl":"https:\/\/cj.estrategia.com\/portal\/wp-content\/uploads\/2025\/07\/31093149\/CARTORIO-1.png","width":685,"height":476},{"@type":"BreadcrumbList","@id":"https:\/\/cj.estrategia.com\/portal\/prova-comentada-direito-penal-e-processual-penal-tj-es-cartorio\/#breadcrumb","itemListElement":[{"@type":"ListItem","position":1,"name":"In\u00edcio","item":"https:\/\/cj.estrategia.com\/portal\/"},{"@type":"ListItem","position":2,"name":"Prova comentada Direito Penal e Processual Penal TJ ES Cart\u00f3rio"}]},{"@type":"WebSite","@id":"https:\/\/cj.estrategia.com\/portal\/#website","url":"https:\/\/cj.estrategia.com\/portal\/","name":"Blog - Carreiras Jur\u00eddicas - Estrat\u00e9gia","description":"","publisher":{"@id":"https:\/\/cj.estrategia.com\/portal\/#organization"},"potentialAction":[{"@type":"SearchAction","target":{"@type":"EntryPoint","urlTemplate":"https:\/\/cj.estrategia.com\/portal\/?s={search_term_string}"},"query-input":{"@type":"PropertyValueSpecification","valueRequired":true,"valueName":"search_term_string"}}],"inLanguage":"pt-BR"},{"@type":"Organization","@id":"https:\/\/cj.estrategia.com\/portal\/#organization","name":"Estrat\u00e9gia - Carreiras Jur\u00eddicas","url":"https:\/\/cj.estrategia.com\/portal\/","logo":{"@type":"ImageObject","inLanguage":"pt-BR","@id":"https:\/\/cj.estrategia.com\/portal\/#\/schema\/logo\/image\/","url":"https:\/\/cj.estrategia.com\/portal\/wp-content\/uploads\/2022\/03\/11151052\/cj-logo.png","contentUrl":"https:\/\/cj.estrategia.com\/portal\/wp-content\/uploads\/2022\/03\/11151052\/cj-logo.png","width":150,"height":39,"caption":"Estrat\u00e9gia - Carreiras Jur\u00eddicas"},"image":{"@id":"https:\/\/cj.estrategia.com\/portal\/#\/schema\/logo\/image\/"},"sameAs":["https:\/\/www.facebook.com\/estrategiacarreirajuridica\/","https:\/\/x.com\/EstratJuridica","https:\/\/www.instagram.com\/estrategiacarreirajuridica\/","https:\/\/www.youtube.com\/channel\/UClbMGuYbj2Mh1m3w144ETWQ"]},{"@type":"Person","@id":"https:\/\/cj.estrategia.com\/portal\/#\/schema\/person\/b472e0140705ac6b5d15ed70554fae55","name":"Priscila Bonomi","image":{"@type":"ImageObject","inLanguage":"pt-BR","@id":"https:\/\/cj.estrategia.com\/portal\/wp-content\/uploads\/2025\/02\/05144820\/Imagem-do-WhatsApp-de-2025-05-05-as-14.47.57_b98168e4-96x96.jpg","url":"https:\/\/cj.estrategia.com\/portal\/wp-content\/uploads\/2025\/02\/05144820\/Imagem-do-WhatsApp-de-2025-05-05-as-14.47.57_b98168e4-96x96.jpg","contentUrl":"https:\/\/cj.estrategia.com\/portal\/wp-content\/uploads\/2025\/02\/05144820\/Imagem-do-WhatsApp-de-2025-05-05-as-14.47.57_b98168e4-96x96.jpg","caption":"Priscila Bonomi"},"url":"https:\/\/cj.estrategia.com\/portal\/author\/priscila-bonomi\/"}]}},"jetpack_featured_media_url":"https:\/\/cj.estrategia.com\/portal\/wp-content\/uploads\/2025\/07\/31093149\/CARTORIO-1.png","jetpack_sharing_enabled":true,"_links":{"self":[{"href":"https:\/\/cj.estrategia.com\/portal\/wp-json\/wp\/v2\/posts\/140079","targetHints":{"allow":["GET"]}}],"collection":[{"href":"https:\/\/cj.estrategia.com\/portal\/wp-json\/wp\/v2\/posts"}],"about":[{"href":"https:\/\/cj.estrategia.com\/portal\/wp-json\/wp\/v2\/types\/post"}],"author":[{"embeddable":true,"href":"https:\/\/cj.estrategia.com\/portal\/wp-json\/wp\/v2\/users\/159"}],"replies":[{"embeddable":true,"href":"https:\/\/cj.estrategia.com\/portal\/wp-json\/wp\/v2\/comments?post=140079"}],"version-history":[{"count":0,"href":"https:\/\/cj.estrategia.com\/portal\/wp-json\/wp\/v2\/posts\/140079\/revisions"}],"wp:featuredmedia":[{"embeddable":true,"href":"https:\/\/cj.estrategia.com\/portal\/wp-json\/wp\/v2\/media\/140092"}],"wp:attachment":[{"href":"https:\/\/cj.estrategia.com\/portal\/wp-json\/wp\/v2\/media?parent=140079"}],"wp:term":[{"taxonomy":"category","embeddable":true,"href":"https:\/\/cj.estrategia.com\/portal\/wp-json\/wp\/v2\/categories?post=140079"},{"taxonomy":"post_tag","embeddable":true,"href":"https:\/\/cj.estrategia.com\/portal\/wp-json\/wp\/v2\/tags?post=140079"},{"taxonomy":"tax_estado","embeddable":true,"href":"https:\/\/cj.estrategia.com\/portal\/wp-json\/wp\/v2\/tax_estado?post=140079"}],"curies":[{"name":"wp","href":"https:\/\/api.w.org\/{rel}","templated":true}]}}