{"id":13964,"date":"2022-11-18T00:17:00","date_gmt":"2022-11-18T03:17:00","guid":{"rendered":"https:\/\/cj.estrategia.com\/portal\/?p=13964"},"modified":"2024-03-07T15:33:42","modified_gmt":"2024-03-07T18:33:42","slug":"concurso-pgm-lavras-mg","status":"publish","type":"post","link":"https:\/\/cj.estrategia.com\/portal\/concurso-pgm-lavras-mg\/","title":{"rendered":"Concurso PGM Lavras MG: VEJA  o resultado final!"},"content":{"rendered":"<a id=\"cta-icon\" href=\"https:\/\/sndflw.com\/i\/procuradorias-grupo\" target=\"blank\" style=\"background:rgb(41,166,26)\">\n            <img decoding=\"async\" src=\"https:\/\/cj.estrategia.com\/portal\/wp-content\/uploads\/2023\/12\/07160657\/whatsapp_1385.webp\" alt=\"\" alt=\"whatsapp_1385\"><span > Acesse agora o Grupo de Estudos para Concurso de Procuradorias <\/span><\/a>\n\n\n\n<p>A Prefeitura de Lavras, no estado de Minas Gerais, publicou o resultado final do <strong>Concurso PGM Lavras MG<\/strong>. Confira abaixo o documento completo.<\/p>\n\n\n\n<ul class=\"wp-block-list\">\n<li><a href=\"https:\/\/cj.estrategia.com\/portal\/wp-content\/uploads\/2022\/11\/07152620\/Resultado-Final-com-Classificacao-Procurador-Municipal-24.04.2023.pdf\">Resultado final Concurso PGM Lavras MG<\/a><\/li>\n<\/ul>\n\n\n\n<p>O certame oferta<strong> 4 vagas<\/strong> para o cargo de <strong>Procurador Municipal. <\/strong><\/p>\n\n\n\n<p class=\"has-very-light-gray-to-cyan-bluish-gray-gradient-background has-background\"><strong>PGM Lavras MG<\/strong><br><strong style=\"color: initial;\">Status:<\/strong><span style=\"color: initial;\"> <\/span>resultados<br><strong>Banca:<\/strong> Fundep<br><strong>Vagas:<\/strong> 4<br><strong>Sal\u00e1rio inicial:<\/strong> R$ 1.512,45<br><strong>Edital:<\/strong> <a href=\"https:\/\/cj.estrategia.com\/portal\/wp-content\/uploads\/2022\/07\/31213106\/EDITAL-CONCURSO-FUNDEP-PM-LAVRAS-28.07.22.pdf\" target=\"_blank\" >Edital Lavras 2022<\/a><\/p>\n\n\n\n<ul class=\"wp-block-list\">\n<li><a href=\"#atual\">Situa\u00e7\u00e3o atual<\/a><\/li>\n\n\n\n<li><a href=\"#carreira\">Carreira<\/a>\n<ul class=\"wp-block-list\">\n<li><a href=\"#cargo\">Cargos e Vagas<\/a><\/li>\n\n\n\n<li><a href=\"#salario\">Sal\u00e1rios e Benef\u00edcios<\/a><\/li>\n\n\n\n<li><a href=\"#requisitos\">Requisitos<\/a><\/li>\n\n\n\n<li><a href=\"#atribuicoes\">Atribui\u00e7\u00f5es<\/a><\/li>\n<\/ul>\n<\/li>\n\n\n\n<li><a href=\"#etapas\">Etapas<\/a>\n<ul class=\"wp-block-list\">\n<li><a href=\"#prova-objetiva-pgm-lavras\">Prova Objetiva<\/a><\/li>\n\n\n\n<li><a href=\"#prova-discursiva-pgm-lavras\">Prova Discursiva<\/a><\/li>\n\n\n\n<li><a href=\"#prova-de-titulos-pgm-lavras-mg\">Prova de T\u00edtulos<\/a><\/li>\n<\/ul>\n<\/li>\n\n\n\n<li><a href=\"#ultimo-concurso\">\u00daltimo Concurso<\/a><\/li>\n\n\n\n<li><a href=\"#cursos\">Cursos e Assinaturas<\/a><\/li>\n\n\n\n<li><a href=\"#pgm\">Ficha T\u00e9cnica<\/a><\/li>\n<\/ul>\n\n\n\n<h2 id=\"concurso-pgm-lavras-mg-situacao-atual\" class=\"wp-block-heading\">Concurso PGM Lavras MG: situa\u00e7\u00e3o atual<\/h2>\n\n\n\n<h3 class=\"wp-block-heading\" id=\"h-resultados\"><span id=\"resultados\">Resultados<\/span><\/h3>\n\n\n\n<ul class=\"wp-block-list\">\n<li><a href=\"https:\/\/cj.estrategia.com\/portal\/wp-content\/uploads\/2022\/11\/07152620\/Resultado-Final-com-Classificacao-Procurador-Municipal-24.04.2023.pdf\">Resultado final Concurso PGM Lavras MG<\/a><\/li>\n<\/ul>\n\n\n\n<ul class=\"wp-block-list\">\n<li><a href=\"https:\/\/cj.estrategia.com\/portal\/wp-content\/uploads\/2022\/11\/07153049\/Resultado-ProcuradorMunicipal-ProvaTitulos-e-Classif.Preliminar-11.04.2023.pdf\">Resultado Procurador Municipal Prova T\u00edtulos e Classif. Preliminar<\/a><\/li>\n<\/ul>\n\n\n\n<ul class=\"wp-block-list\">\n<li><a href=\"https:\/\/cj.estrategia.com\/portal\/wp-content\/uploads\/2022\/11\/07153122\/Resultado-Discursiva-pos-recurso-Procurador-Municipal-22.03.2022.pdf\">Resultado Discursiva p\u00f3s recurso<\/a><\/li>\n<\/ul>\n\n\n\n<ul class=\"wp-block-list\">\n<li><a href=\"https:\/\/cj.estrategia.com\/portal\/wp-content\/uploads\/2022\/11\/07153156\/Resultado-da-prova-de-titulos-com-classif.preliminar-Nivel-Superior-Ampla-22.03.23.pdf\">Resultado da prova de t\u00edtulos com classif. preliminar<\/a><\/li>\n<\/ul>\n\n\n\n<ul class=\"wp-block-list\">\n<li><a href=\"https:\/\/cj.estrategia.com\/portal\/wp-content\/uploads\/2022\/11\/07153222\/GABARITOS-POS-RECURSOS.pdf\">GABARITOS P\u00d3S-RECURSOS<\/a><\/li>\n<\/ul>\n\n\n\n<ul class=\"wp-block-list\">\n<li><a href=\"https:\/\/cj.estrategia.com\/portal\/wp-content\/uploads\/2022\/11\/07153249\/GABARITOS-Lavras-2022.pdf\">GABARITOS PRELIMINARES<\/a><\/li>\n<\/ul>\n\n\n\n<h3 class=\"wp-block-heading\" id=\"h-principais-datas\"><span id=\"principais-datas\">Principais datas<\/span><\/h3>\n\n\n\n<ul class=\"wp-block-list\">\n<li>Inscri\u00e7\u00e3o: <s>17\/10 a 18\/11\/2022<\/s><\/li>\n\n\n\n<li>Taxa: R$ 110,00<\/li>\n\n\n\n<li>Prova:15\/01\/2023<\/li>\n<\/ul>\n\n\n\n<h2 class=\"wp-block-heading\" id=\"carreira\"><span id=\"concurso-pgm-lavras-mg-carreira\">Concurso PGM Lavras MG: carreira<\/span><\/h2>\n\n\n\n<h3 class=\"wp-block-heading\" id=\"cargo\"><span id=\"cargos-e-vagas\">Cargos e Vagas<\/span><\/h3>\n\n\n\n<p>Procurador Municipal &#8211; 4 vagas <\/p>\n\n\n\n<h3 class=\"wp-block-heading\" id=\"salario\"><span id=\"salarios-e-beneficios\">Sal\u00e1rios e Benef\u00edcios<\/span><\/h3>\n\n\n\n<p>Procurador Municipal &#8211;  R$ 1.512,45<\/p>\n\n\n\n<h3 class=\"wp-block-heading\" id=\"requisitos\">Requisitos<\/h3>\n\n\n\n<p>Exige-se Curso Superior Completo em Direito e Registro na OAB. <\/p>\n\n\n\n<h3 class=\"wp-block-heading\" id=\"atribuicoes\">Atribui\u00e7\u00f5es <\/h3>\n\n\n\n<p>S\u00e3o atribui\u00e7\u00f5es do Procurador Municipal, mediante autoriza\u00e7\u00e3o do Procurador Geral do Munic\u00edpio (Art. 16 Lei Complementar 386\/19):<\/p>\n\n\n\n<p>\u2022 Representar o Munic\u00edpio nos Ju\u00edzos C\u00edvel, Trabalhista e Federal, ativa e passivamente, e promover sua defesa em todas e quaisquer a\u00e7\u00f5es, elaborando peti\u00e7\u00f5es iniciais, cumprindo despachos judiciais, interpondo recursos quando cab\u00edveis e que cujo manejo n\u00e3o represente aumento desnecess\u00e1rio de condena\u00e7\u00e3o em honor\u00e1rios de sucumb\u00eancia ou custas processuais em desfavor do Munic\u00edpio;<br>\u2022 Promover a cobran\u00e7a judicial e extrajudicial da d\u00edvida ativa e dos demais cr\u00e9ditos do Munic\u00edpio;<br>\u2022 Elaborar informa\u00e7\u00f5es a serem prestadas pelas autoridades do Poder Executivo em mandados de seguran\u00e7a ou mandados de injun\u00e7\u00e3o;<br>\u2022 Emitir parecer sobre mat\u00e9rias relacionadas com processos judiciais em que o Munic\u00edpio tenha interesse;<br>\u2022 Apreciar previamente os processos de licita\u00e7\u00e3o, as minutas de contratos administrativos, conv\u00eanios, acordos e demais atos relativos a obriga\u00e7\u00f5es assumidas pelos \u00f3rg\u00e3os da administra\u00e7\u00e3o direta do Poder Executivo;<br>\u2022 Apreciar todo e qualquer ato que implique aliena\u00e7\u00e3o do patrim\u00f4nio imobili\u00e1rio municipal, bem como autoriza\u00e7\u00e3o, permiss\u00e3o e concess\u00e3o de uso;<br>\u2022 Elaborar defesa t\u00e9cnica do Munic\u00edpio nos processos em que este figure como Entidade ou Interessado, perante o Tribunal de Contas do Estado de Minas Gerais e Tribunal de Contas da Uni\u00e3o; e<br>\u2022 Subsidiar os demais \u00f3rg\u00e3os em assuntos jur\u00eddicos e desempenhar outras fun\u00e7\u00f5es correlatas.<\/p>\n\n\n\n<h2 class=\"wp-block-heading\" id=\"etapas\"><span id=\"concurso-pgm-lavras-mg-etapas\">Concurso PGM Lavras MG: etapas<\/span><\/h2>\n\n\n\n<h3 class=\"wp-block-heading\" id=\"prova-objetiva-pgm-lavras\"><span id=\"prova-objetiva\">Prova Objetiva <\/span><\/h3>\n\n\n\n<p>A Prova Objetiva deste Concurso ser\u00e1 de car\u00e1ter eliminat\u00f3rio e classificat\u00f3rio, e ser\u00e1 aplicada a  no dia 15 de janeiro de 2023.<\/p>\n\n\n\n<p>Cada quest\u00e3o da Prova Objetiva ter\u00e1 4 (quatro) alternativas de resposta, devendo ser marcada como resposta apenas 1 (uma) alternativa por quest\u00e3o.<\/p>\n\n\n<div class=\"wp-block-image\">\n<figure class=\"aligncenter size-large is-resized\"><img decoding=\"async\" width=\"1024\" height=\"290\" src=\"https:\/\/cj.estrategia.com\/portal\/wp-content\/uploads\/2022\/07\/31212152\/image-40-1024x290.png\" alt=\"Etapas Concurso PGM Lavras MG\" class=\"wp-image-13983\" style=\"width:754px;height:213px\" srcset=\"https:\/\/cj.estrategia.com\/portal\/wp-content\/uploads\/2022\/07\/31212152\/image-40-1024x290.png 1024w, https:\/\/cj.estrategia.com\/portal\/wp-content\/uploads\/2022\/07\/31212152\/image-40-300x85.png 300w, https:\/\/cj.estrategia.com\/portal\/wp-content\/uploads\/2022\/07\/31212152\/image-40-768x218.png 768w, https:\/\/cj.estrategia.com\/portal\/wp-content\/uploads\/2022\/07\/31212152\/image-40-380x108.png 380w, https:\/\/cj.estrategia.com\/portal\/wp-content\/uploads\/2022\/07\/31212152\/image-40-800x227.png 800w, https:\/\/cj.estrategia.com\/portal\/wp-content\/uploads\/2022\/07\/31212152\/image-40-1160x329.png 1160w, https:\/\/cj.estrategia.com\/portal\/wp-content\/uploads\/2022\/07\/31212152\/image-40-150x43.png 150w, https:\/\/cj.estrategia.com\/portal\/wp-content\/uploads\/2022\/07\/31212152\/image-40.png 1249w\" sizes=\"(max-width: 1024px) 100vw, 1024px\" \/><figcaption class=\"wp-element-caption\">Etapas<\/figcaption><\/figure>\n<\/div>\n\n\n<h3 class=\"wp-block-heading\" id=\"prova-discursiva-pgm-lavras\"><span id=\"prova-discursiva\">Prova Discursiva <\/span><\/h3>\n\n\n\n<p>A Prova Discursiva ser\u00e1 composta de 1 (uma) quest\u00e3o dissertativa, e versar\u00e1 sobre o conte\u00fado program\u00e1tico referente ao cargo de Procurador Municipal, previsto no Edital no valor de 10 (dez) pontos.<\/p>\n\n\n\n<p>Na Prova Discursiva, ser\u00e3o avaliados o conhecimento da literatura proposta no Edital, o racioc\u00ednio pr\u00e1tico do candidato e a capacidade de exposi\u00e7\u00e3o de suas ideias, sintetizando pontos relevantes, considera\u00e7\u00f5es e o desenvolvimento das atividades quanto \u00e0 rela\u00e7\u00e3o profissional.<\/p>\n\n\n\n<h3 class=\"wp-block-heading\" id=\"prova-de-titulos-pgm-lavras-mg\"><span id=\"prova-de-titulos\">Prova de T\u00edtulos<\/span><\/h3>\n\n\n<div class=\"wp-block-image\">\n<figure class=\"aligncenter size-full\"><img decoding=\"async\" width=\"897\" height=\"274\" src=\"https:\/\/cj.estrategia.com\/portal\/wp-content\/uploads\/2022\/07\/31212342\/image-41.png\" alt=\"Prova de T\u00edtulos concurso pgm lavras mg\" class=\"wp-image-13984\" srcset=\"https:\/\/cj.estrategia.com\/portal\/wp-content\/uploads\/2022\/07\/31212342\/image-41.png 897w, https:\/\/cj.estrategia.com\/portal\/wp-content\/uploads\/2022\/07\/31212342\/image-41-300x92.png 300w, https:\/\/cj.estrategia.com\/portal\/wp-content\/uploads\/2022\/07\/31212342\/image-41-768x235.png 768w, https:\/\/cj.estrategia.com\/portal\/wp-content\/uploads\/2022\/07\/31212342\/image-41-380x116.png 380w, https:\/\/cj.estrategia.com\/portal\/wp-content\/uploads\/2022\/07\/31212342\/image-41-800x244.png 800w, https:\/\/cj.estrategia.com\/portal\/wp-content\/uploads\/2022\/07\/31212342\/image-41-150x46.png 150w\" sizes=\"(max-width: 897px) 100vw, 897px\" \/><figcaption class=\"wp-element-caption\">Etapa de T\u00edtulos<\/figcaption><\/figure>\n<\/div>\n\n\n<h2 class=\"wp-block-heading\" id=\"ultimo-concurso\"><span id=\"ultimo-concurso-pgm-lavras-mg\">\u00daltimo Concurso PGM Lavras MG<\/span><\/h2>\n\n\n\n<p>O \u00faltimo edital aconteceu em 2012 e ofertou 298 vagas para diversos cargos de n\u00edveis m\u00e9dio e fundamental. A banca respons\u00e1vel pelo certame foi o IMAM. O concurso teve 2 duas etapas: provas objetivas e de t\u00edtulos. A remunera\u00e7\u00e3o variou entre R$ 653,79 a R$ 8.964,98.<\/p>\n\n\n\n<h2 class=\"wp-block-heading has-text-align-center\" id=\"cursos\"><span id=\"quer-estudar-para-pgm-lavras-mg\">Quer estudar para PGM Lavras MG?<\/span><\/h2>\n\n\n\n\n\n<div class=\"wp-block-cover\" style=\"min-height:155px;aspect-ratio:unset;\"><img decoding=\"async\" width=\"1890\" height=\"351\" class=\"wp-block-cover__image-background wp-image-8669\" alt=\"Assinaturas Jur\u00eddicas\" src=\"https:\/\/cj.estrategia.com\/portal\/wp-content\/uploads\/2022\/06\/20151253\/concurso-carreiras-juridicas-assinatura-juridica.jpg\" style=\"object-position:78% 43%\" data-object-fit=\"cover\" data-object-position=\"78% 43%\" srcset=\"https:\/\/cj.estrategia.com\/portal\/wp-content\/uploads\/2022\/06\/20151253\/concurso-carreiras-juridicas-assinatura-juridica.jpg 1890w, https:\/\/cj.estrategia.com\/portal\/wp-content\/uploads\/2022\/06\/20151253\/concurso-carreiras-juridicas-assinatura-juridica-300x56.jpg 300w, https:\/\/cj.estrategia.com\/portal\/wp-content\/uploads\/2022\/06\/20151253\/concurso-carreiras-juridicas-assinatura-juridica-1024x190.jpg 1024w, https:\/\/cj.estrategia.com\/portal\/wp-content\/uploads\/2022\/06\/20151253\/concurso-carreiras-juridicas-assinatura-juridica-768x143.jpg 768w, https:\/\/cj.estrategia.com\/portal\/wp-content\/uploads\/2022\/06\/20151253\/concurso-carreiras-juridicas-assinatura-juridica-1536x285.jpg 1536w, https:\/\/cj.estrategia.com\/portal\/wp-content\/uploads\/2022\/06\/20151253\/concurso-carreiras-juridicas-assinatura-juridica-380x71.jpg 380w, https:\/\/cj.estrategia.com\/portal\/wp-content\/uploads\/2022\/06\/20151253\/concurso-carreiras-juridicas-assinatura-juridica-800x149.jpg 800w, https:\/\/cj.estrategia.com\/portal\/wp-content\/uploads\/2022\/06\/20151253\/concurso-carreiras-juridicas-assinatura-juridica-1160x215.jpg 1160w\" sizes=\"(max-width: 1890px) 100vw, 1890px\" \/><span aria-hidden=\"true\" class=\"wp-block-cover__background has-background-dim\"><\/span><div class=\"wp-block-cover__inner-container is-layout-flow wp-block-cover-is-layout-flow\">\n<h3 id=\"faca-a-sua-assinatura\" class=\"titulo-assinatura\"><span style=\"color: #ffffff;\">Fa\u00e7a a sua assinatura!<\/span><\/h3>\n<p class=\"subtitulo-assinatura\" style=\"display:block!important; line-height: 0;\"><span style=\"color: #ffffff;\">Escolha a sua \u00e1rea.<\/span><\/p>\n<a target=\"_blank\" href=\"https:\/\/www.estrategiaconcursos.com.br\/assinaturas-ecj\/\" rel=\"noopener\"><button style=\"border-radius: 10px; text-transform: capitalize;\">Acessar<\/button><\/a>\n<\/div><\/div>\n\n\n\n<figure class=\"wp-block-image size-large is-resized\"><img decoding=\"async\" src=\"https:\/\/dhg1h5j42swfq.cloudfront.net\/2025\/06\/27101122\/ficha-tecnica-1-1024x632.png\" alt=\"Ficha t\u00e9cnica do concurso pgm lavras mg\" class=\"wp-image-702728\" style=\"width:269px;height:166px\"\/><\/figure>\n\n\n\n<h4 class=\"wp-block-heading\" id=\"pgm\"><span id=\"informacoes-do-concurso-pgm-lavras-mg\">Informa\u00e7\u00f5es do concurso PGM Lavras MG<\/span><\/h4>\n\n\n\n<p><strong style=\"color: initial;\">Data prevista<\/strong><span style=\"color: initial;\">:<\/span> 15\/01\/2023<br><strong>Vagas<\/strong>: 4<br><strong>Cargos<\/strong>: Procurador Municipal <br><strong>Banca<\/strong>: Fundep<br><strong>Escolaridade<\/strong>: N\u00edvel superior em Direito + Inscri\u00e7\u00e3o na OAB<br><\/p>\n","protected":false},"excerpt":{"rendered":"A Prefeitura de Lavras, no estado de Minas Gerais, publicou o resultado final do Concurso PGM Lavras MG.&hellip;\n","protected":false},"author":12,"featured_media":20839,"comment_status":"open","ping_status":"open","sticky":false,"template":"","format":"standard","meta":{"_jetpack_memberships_contains_paid_content":false,"footnotes":""},"categories":[24],"tags":[],"tax_estado":[41],"class_list":{"0":"post-13964","1":"post","2":"type-post","3":"status-publish","4":"format-standard","5":"has-post-thumbnail","7":"category-procuradoria","8":"tax_estado-mg"},"acf":[],"yoast_head":"<!-- This site is optimized with the Yoast SEO Premium plugin v27.4 (Yoast SEO v27.4) - https:\/\/yoast.com\/product\/yoast-seo-premium-wordpress\/ -->\n<title>Concurso PGM Lavras MG: VEJA o resultado final!<\/title>\n<meta name=\"description\" content=\"Concurso PGM Lavras MG: inscri\u00e7\u00f5es encerradas! S\u00e3o 4 vagas para o cargo de Procurador do Munic\u00edpio. Saiba mais!\" \/>\n<meta name=\"robots\" content=\"index, follow, max-snippet:-1, max-image-preview:large, max-video-preview:-1\" \/>\n<link rel=\"canonical\" href=\"https:\/\/cj.estrategia.com\/portal\/concurso-pgm-lavras-mg\/\" \/>\n<meta property=\"og:locale\" content=\"pt_BR\" \/>\n<meta property=\"og:type\" content=\"article\" \/>\n<meta property=\"og:title\" content=\"Concurso PGM Lavras MG: VEJA o resultado final!\" \/>\n<meta property=\"og:description\" content=\"Concurso PGM Lavras MG: inscri\u00e7\u00f5es encerradas! S\u00e3o 4 vagas para o cargo de Procurador do Munic\u00edpio. Saiba mais!\" \/>\n<meta property=\"og:url\" content=\"https:\/\/cj.estrategia.com\/portal\/concurso-pgm-lavras-mg\/\" \/>\n<meta property=\"og:site_name\" content=\"Blog - Carreiras Jur\u00eddicas - Estrat\u00e9gia\" \/>\n<meta property=\"article:publisher\" content=\"https:\/\/www.facebook.com\/estrategiacarreirajuridica\/\" \/>\n<meta property=\"article:published_time\" content=\"2022-11-18T03:17:00+00:00\" \/>\n<meta property=\"article:modified_time\" content=\"2024-03-07T18:33:42+00:00\" \/>\n<meta property=\"og:image\" content=\"https:\/\/cj.estrategia.com\/portal\/wp-content\/uploads\/2022\/08\/04110404\/PGM-Lavras-MG.jpg\" \/>\n\t<meta property=\"og:image:width\" content=\"768\" \/>\n\t<meta property=\"og:image:height\" content=\"432\" \/>\n\t<meta property=\"og:image:type\" content=\"image\/jpeg\" \/>\n<meta name=\"author\" content=\"Coordena\u00e7\u00e3o\" \/>\n<meta name=\"twitter:card\" content=\"summary_large_image\" \/>\n<meta name=\"twitter:creator\" content=\"@EstratJuridica\" \/>\n<meta name=\"twitter:site\" content=\"@EstratJuridica\" \/>\n<meta name=\"twitter:label1\" content=\"Escrito por\" \/>\n\t<meta name=\"twitter:data1\" content=\"Coordena\u00e7\u00e3o\" \/>\n\t<meta name=\"twitter:label2\" content=\"Est. tempo de leitura\" \/>\n\t<meta name=\"twitter:data2\" content=\"4 minutos\" \/>\n<script type=\"application\/ld+json\" class=\"yoast-schema-graph\">{\"@context\":\"https:\\\/\\\/schema.org\",\"@graph\":[{\"@type\":\"NewsArticle\",\"@id\":\"https:\\\/\\\/cj.estrategia.com\\\/portal\\\/concurso-pgm-lavras-mg\\\/#article\",\"isPartOf\":{\"@id\":\"https:\\\/\\\/cj.estrategia.com\\\/portal\\\/concurso-pgm-lavras-mg\\\/\"},\"author\":{\"name\":\"Coordena\u00e7\u00e3o\",\"@id\":\"https:\\\/\\\/cj.estrategia.com\\\/portal\\\/#\\\/schema\\\/person\\\/4d70317d31449932b99102916b6637f5\"},\"headline\":\"Concurso PGM Lavras MG: VEJA o resultado final!\",\"datePublished\":\"2022-11-18T03:17:00+00:00\",\"dateModified\":\"2024-03-07T18:33:42+00:00\",\"mainEntityOfPage\":{\"@id\":\"https:\\\/\\\/cj.estrategia.com\\\/portal\\\/concurso-pgm-lavras-mg\\\/\"},\"wordCount\":649,\"commentCount\":0,\"publisher\":{\"@id\":\"https:\\\/\\\/cj.estrategia.com\\\/portal\\\/#organization\"},\"image\":{\"@id\":\"https:\\\/\\\/cj.estrategia.com\\\/portal\\\/concurso-pgm-lavras-mg\\\/#primaryimage\"},\"thumbnailUrl\":\"https:\\\/\\\/cj.estrategia.com\\\/portal\\\/wp-content\\\/uploads\\\/2022\\\/08\\\/04110404\\\/PGM-Lavras-MG.jpg\",\"articleSection\":[\"Procuradoria\"],\"inLanguage\":\"pt-BR\",\"potentialAction\":[{\"@type\":\"CommentAction\",\"name\":\"Comment\",\"target\":[\"https:\\\/\\\/cj.estrategia.com\\\/portal\\\/concurso-pgm-lavras-mg\\\/#respond\"]}]},{\"@type\":\"WebPage\",\"@id\":\"https:\\\/\\\/cj.estrategia.com\\\/portal\\\/concurso-pgm-lavras-mg\\\/\",\"url\":\"https:\\\/\\\/cj.estrategia.com\\\/portal\\\/concurso-pgm-lavras-mg\\\/\",\"name\":\"Concurso PGM Lavras MG: VEJA o resultado final!\",\"isPartOf\":{\"@id\":\"https:\\\/\\\/cj.estrategia.com\\\/portal\\\/#website\"},\"primaryImageOfPage\":{\"@id\":\"https:\\\/\\\/cj.estrategia.com\\\/portal\\\/concurso-pgm-lavras-mg\\\/#primaryimage\"},\"image\":{\"@id\":\"https:\\\/\\\/cj.estrategia.com\\\/portal\\\/concurso-pgm-lavras-mg\\\/#primaryimage\"},\"thumbnailUrl\":\"https:\\\/\\\/cj.estrategia.com\\\/portal\\\/wp-content\\\/uploads\\\/2022\\\/08\\\/04110404\\\/PGM-Lavras-MG.jpg\",\"datePublished\":\"2022-11-18T03:17:00+00:00\",\"dateModified\":\"2024-03-07T18:33:42+00:00\",\"description\":\"Concurso PGM Lavras MG: inscri\u00e7\u00f5es encerradas! S\u00e3o 4 vagas para o cargo de Procurador do Munic\u00edpio. Saiba mais!\",\"breadcrumb\":{\"@id\":\"https:\\\/\\\/cj.estrategia.com\\\/portal\\\/concurso-pgm-lavras-mg\\\/#breadcrumb\"},\"inLanguage\":\"pt-BR\",\"potentialAction\":[{\"@type\":\"ReadAction\",\"target\":[\"https:\\\/\\\/cj.estrategia.com\\\/portal\\\/concurso-pgm-lavras-mg\\\/\"]}]},{\"@type\":\"ImageObject\",\"inLanguage\":\"pt-BR\",\"@id\":\"https:\\\/\\\/cj.estrategia.com\\\/portal\\\/concurso-pgm-lavras-mg\\\/#primaryimage\",\"url\":\"https:\\\/\\\/cj.estrategia.com\\\/portal\\\/wp-content\\\/uploads\\\/2022\\\/08\\\/04110404\\\/PGM-Lavras-MG.jpg\",\"contentUrl\":\"https:\\\/\\\/cj.estrategia.com\\\/portal\\\/wp-content\\\/uploads\\\/2022\\\/08\\\/04110404\\\/PGM-Lavras-MG.jpg\",\"width\":768,\"height\":432,\"caption\":\"Concurso PGM Lavras MG\"},{\"@type\":\"BreadcrumbList\",\"@id\":\"https:\\\/\\\/cj.estrategia.com\\\/portal\\\/concurso-pgm-lavras-mg\\\/#breadcrumb\",\"itemListElement\":[{\"@type\":\"ListItem\",\"position\":1,\"name\":\"In\u00edcio\",\"item\":\"https:\\\/\\\/cj.estrategia.com\\\/portal\\\/\"},{\"@type\":\"ListItem\",\"position\":2,\"name\":\"Concurso PGM Lavras MG: VEJA o resultado final!\"}]},{\"@type\":\"WebSite\",\"@id\":\"https:\\\/\\\/cj.estrategia.com\\\/portal\\\/#website\",\"url\":\"https:\\\/\\\/cj.estrategia.com\\\/portal\\\/\",\"name\":\"Blog - Carreiras Jur\u00eddicas - Estrat\u00e9gia\",\"description\":\"\",\"publisher\":{\"@id\":\"https:\\\/\\\/cj.estrategia.com\\\/portal\\\/#organization\"},\"potentialAction\":[{\"@type\":\"SearchAction\",\"target\":{\"@type\":\"EntryPoint\",\"urlTemplate\":\"https:\\\/\\\/cj.estrategia.com\\\/portal\\\/?s={search_term_string}\"},\"query-input\":{\"@type\":\"PropertyValueSpecification\",\"valueRequired\":true,\"valueName\":\"search_term_string\"}}],\"inLanguage\":\"pt-BR\"},{\"@type\":\"Organization\",\"@id\":\"https:\\\/\\\/cj.estrategia.com\\\/portal\\\/#organization\",\"name\":\"Estrat\u00e9gia - Carreiras Jur\u00eddicas\",\"url\":\"https:\\\/\\\/cj.estrategia.com\\\/portal\\\/\",\"logo\":{\"@type\":\"ImageObject\",\"inLanguage\":\"pt-BR\",\"@id\":\"https:\\\/\\\/cj.estrategia.com\\\/portal\\\/#\\\/schema\\\/logo\\\/image\\\/\",\"url\":\"https:\\\/\\\/cj.estrategia.com\\\/portal\\\/wp-content\\\/uploads\\\/2022\\\/03\\\/11151052\\\/cj-logo.png\",\"contentUrl\":\"https:\\\/\\\/cj.estrategia.com\\\/portal\\\/wp-content\\\/uploads\\\/2022\\\/03\\\/11151052\\\/cj-logo.png\",\"width\":150,\"height\":39,\"caption\":\"Estrat\u00e9gia - Carreiras Jur\u00eddicas\"},\"image\":{\"@id\":\"https:\\\/\\\/cj.estrategia.com\\\/portal\\\/#\\\/schema\\\/logo\\\/image\\\/\"},\"sameAs\":[\"https:\\\/\\\/www.facebook.com\\\/estrategiacarreirajuridica\\\/\",\"https:\\\/\\\/x.com\\\/EstratJuridica\",\"https:\\\/\\\/www.instagram.com\\\/estrategiacarreirajuridica\\\/\",\"https:\\\/\\\/www.youtube.com\\\/channel\\\/UClbMGuYbj2Mh1m3w144ETWQ\"]},{\"@type\":\"Person\",\"@id\":\"https:\\\/\\\/cj.estrategia.com\\\/portal\\\/#\\\/schema\\\/person\\\/4d70317d31449932b99102916b6637f5\",\"name\":\"Coordena\u00e7\u00e3o\",\"image\":{\"@type\":\"ImageObject\",\"inLanguage\":\"pt-BR\",\"@id\":\"https:\\\/\\\/cj.estrategia.com\\\/portal\\\/wp-content\\\/uploads\\\/2022\\\/05\\\/12164923\\\/estrategia-carreira-juridica-coordenacao-96x96.png\",\"url\":\"https:\\\/\\\/cj.estrategia.com\\\/portal\\\/wp-content\\\/uploads\\\/2022\\\/05\\\/12164923\\\/estrategia-carreira-juridica-coordenacao-96x96.png\",\"contentUrl\":\"https:\\\/\\\/cj.estrategia.com\\\/portal\\\/wp-content\\\/uploads\\\/2022\\\/05\\\/12164923\\\/estrategia-carreira-juridica-coordenacao-96x96.png\",\"caption\":\"Coordena\u00e7\u00e3o\"},\"url\":\"https:\\\/\\\/cj.estrategia.com\\\/portal\\\/author\\\/coordenacao\\\/\"}]}<\/script>\n<!-- \/ Yoast SEO Premium plugin. -->","yoast_head_json":{"title":"Concurso PGM Lavras MG: VEJA o resultado final!","description":"Concurso PGM Lavras MG: inscri\u00e7\u00f5es encerradas! S\u00e3o 4 vagas para o cargo de Procurador do Munic\u00edpio. Saiba mais!","robots":{"index":"index","follow":"follow","max-snippet":"max-snippet:-1","max-image-preview":"max-image-preview:large","max-video-preview":"max-video-preview:-1"},"canonical":"https:\/\/cj.estrategia.com\/portal\/concurso-pgm-lavras-mg\/","og_locale":"pt_BR","og_type":"article","og_title":"Concurso PGM Lavras MG: VEJA o resultado final!","og_description":"Concurso PGM Lavras MG: inscri\u00e7\u00f5es encerradas! S\u00e3o 4 vagas para o cargo de Procurador do Munic\u00edpio. Saiba mais!","og_url":"https:\/\/cj.estrategia.com\/portal\/concurso-pgm-lavras-mg\/","og_site_name":"Blog - Carreiras Jur\u00eddicas - Estrat\u00e9gia","article_publisher":"https:\/\/www.facebook.com\/estrategiacarreirajuridica\/","article_published_time":"2022-11-18T03:17:00+00:00","article_modified_time":"2024-03-07T18:33:42+00:00","og_image":[{"width":768,"height":432,"url":"https:\/\/cj.estrategia.com\/portal\/wp-content\/uploads\/2022\/08\/04110404\/PGM-Lavras-MG.jpg","type":"image\/jpeg"}],"author":"Coordena\u00e7\u00e3o","twitter_card":"summary_large_image","twitter_creator":"@EstratJuridica","twitter_site":"@EstratJuridica","twitter_misc":{"Escrito por":"Coordena\u00e7\u00e3o","Est. tempo de leitura":"4 minutos"},"schema":{"@context":"https:\/\/schema.org","@graph":[{"@type":"NewsArticle","@id":"https:\/\/cj.estrategia.com\/portal\/concurso-pgm-lavras-mg\/#article","isPartOf":{"@id":"https:\/\/cj.estrategia.com\/portal\/concurso-pgm-lavras-mg\/"},"author":{"name":"Coordena\u00e7\u00e3o","@id":"https:\/\/cj.estrategia.com\/portal\/#\/schema\/person\/4d70317d31449932b99102916b6637f5"},"headline":"Concurso PGM Lavras MG: VEJA o resultado final!","datePublished":"2022-11-18T03:17:00+00:00","dateModified":"2024-03-07T18:33:42+00:00","mainEntityOfPage":{"@id":"https:\/\/cj.estrategia.com\/portal\/concurso-pgm-lavras-mg\/"},"wordCount":649,"commentCount":0,"publisher":{"@id":"https:\/\/cj.estrategia.com\/portal\/#organization"},"image":{"@id":"https:\/\/cj.estrategia.com\/portal\/concurso-pgm-lavras-mg\/#primaryimage"},"thumbnailUrl":"https:\/\/cj.estrategia.com\/portal\/wp-content\/uploads\/2022\/08\/04110404\/PGM-Lavras-MG.jpg","articleSection":["Procuradoria"],"inLanguage":"pt-BR","potentialAction":[{"@type":"CommentAction","name":"Comment","target":["https:\/\/cj.estrategia.com\/portal\/concurso-pgm-lavras-mg\/#respond"]}]},{"@type":"WebPage","@id":"https:\/\/cj.estrategia.com\/portal\/concurso-pgm-lavras-mg\/","url":"https:\/\/cj.estrategia.com\/portal\/concurso-pgm-lavras-mg\/","name":"Concurso PGM Lavras MG: VEJA o resultado final!","isPartOf":{"@id":"https:\/\/cj.estrategia.com\/portal\/#website"},"primaryImageOfPage":{"@id":"https:\/\/cj.estrategia.com\/portal\/concurso-pgm-lavras-mg\/#primaryimage"},"image":{"@id":"https:\/\/cj.estrategia.com\/portal\/concurso-pgm-lavras-mg\/#primaryimage"},"thumbnailUrl":"https:\/\/cj.estrategia.com\/portal\/wp-content\/uploads\/2022\/08\/04110404\/PGM-Lavras-MG.jpg","datePublished":"2022-11-18T03:17:00+00:00","dateModified":"2024-03-07T18:33:42+00:00","description":"Concurso PGM Lavras MG: inscri\u00e7\u00f5es encerradas! S\u00e3o 4 vagas para o cargo de Procurador do Munic\u00edpio. Saiba mais!","breadcrumb":{"@id":"https:\/\/cj.estrategia.com\/portal\/concurso-pgm-lavras-mg\/#breadcrumb"},"inLanguage":"pt-BR","potentialAction":[{"@type":"ReadAction","target":["https:\/\/cj.estrategia.com\/portal\/concurso-pgm-lavras-mg\/"]}]},{"@type":"ImageObject","inLanguage":"pt-BR","@id":"https:\/\/cj.estrategia.com\/portal\/concurso-pgm-lavras-mg\/#primaryimage","url":"https:\/\/cj.estrategia.com\/portal\/wp-content\/uploads\/2022\/08\/04110404\/PGM-Lavras-MG.jpg","contentUrl":"https:\/\/cj.estrategia.com\/portal\/wp-content\/uploads\/2022\/08\/04110404\/PGM-Lavras-MG.jpg","width":768,"height":432,"caption":"Concurso PGM Lavras MG"},{"@type":"BreadcrumbList","@id":"https:\/\/cj.estrategia.com\/portal\/concurso-pgm-lavras-mg\/#breadcrumb","itemListElement":[{"@type":"ListItem","position":1,"name":"In\u00edcio","item":"https:\/\/cj.estrategia.com\/portal\/"},{"@type":"ListItem","position":2,"name":"Concurso PGM Lavras MG: VEJA o resultado final!"}]},{"@type":"WebSite","@id":"https:\/\/cj.estrategia.com\/portal\/#website","url":"https:\/\/cj.estrategia.com\/portal\/","name":"Blog - Carreiras Jur\u00eddicas - Estrat\u00e9gia","description":"","publisher":{"@id":"https:\/\/cj.estrategia.com\/portal\/#organization"},"potentialAction":[{"@type":"SearchAction","target":{"@type":"EntryPoint","urlTemplate":"https:\/\/cj.estrategia.com\/portal\/?s={search_term_string}"},"query-input":{"@type":"PropertyValueSpecification","valueRequired":true,"valueName":"search_term_string"}}],"inLanguage":"pt-BR"},{"@type":"Organization","@id":"https:\/\/cj.estrategia.com\/portal\/#organization","name":"Estrat\u00e9gia - Carreiras Jur\u00eddicas","url":"https:\/\/cj.estrategia.com\/portal\/","logo":{"@type":"ImageObject","inLanguage":"pt-BR","@id":"https:\/\/cj.estrategia.com\/portal\/#\/schema\/logo\/image\/","url":"https:\/\/cj.estrategia.com\/portal\/wp-content\/uploads\/2022\/03\/11151052\/cj-logo.png","contentUrl":"https:\/\/cj.estrategia.com\/portal\/wp-content\/uploads\/2022\/03\/11151052\/cj-logo.png","width":150,"height":39,"caption":"Estrat\u00e9gia - Carreiras Jur\u00eddicas"},"image":{"@id":"https:\/\/cj.estrategia.com\/portal\/#\/schema\/logo\/image\/"},"sameAs":["https:\/\/www.facebook.com\/estrategiacarreirajuridica\/","https:\/\/x.com\/EstratJuridica","https:\/\/www.instagram.com\/estrategiacarreirajuridica\/","https:\/\/www.youtube.com\/channel\/UClbMGuYbj2Mh1m3w144ETWQ"]},{"@type":"Person","@id":"https:\/\/cj.estrategia.com\/portal\/#\/schema\/person\/4d70317d31449932b99102916b6637f5","name":"Coordena\u00e7\u00e3o","image":{"@type":"ImageObject","inLanguage":"pt-BR","@id":"https:\/\/cj.estrategia.com\/portal\/wp-content\/uploads\/2022\/05\/12164923\/estrategia-carreira-juridica-coordenacao-96x96.png","url":"https:\/\/cj.estrategia.com\/portal\/wp-content\/uploads\/2022\/05\/12164923\/estrategia-carreira-juridica-coordenacao-96x96.png","contentUrl":"https:\/\/cj.estrategia.com\/portal\/wp-content\/uploads\/2022\/05\/12164923\/estrategia-carreira-juridica-coordenacao-96x96.png","caption":"Coordena\u00e7\u00e3o"},"url":"https:\/\/cj.estrategia.com\/portal\/author\/coordenacao\/"}]}},"jetpack_featured_media_url":"https:\/\/cj.estrategia.com\/portal\/wp-content\/uploads\/2022\/08\/04110404\/PGM-Lavras-MG.jpg","jetpack_sharing_enabled":true,"_links":{"self":[{"href":"https:\/\/cj.estrategia.com\/portal\/wp-json\/wp\/v2\/posts\/13964","targetHints":{"allow":["GET"]}}],"collection":[{"href":"https:\/\/cj.estrategia.com\/portal\/wp-json\/wp\/v2\/posts"}],"about":[{"href":"https:\/\/cj.estrategia.com\/portal\/wp-json\/wp\/v2\/types\/post"}],"author":[{"embeddable":true,"href":"https:\/\/cj.estrategia.com\/portal\/wp-json\/wp\/v2\/users\/12"}],"replies":[{"embeddable":true,"href":"https:\/\/cj.estrategia.com\/portal\/wp-json\/wp\/v2\/comments?post=13964"}],"version-history":[{"count":43,"href":"https:\/\/cj.estrategia.com\/portal\/wp-json\/wp\/v2\/posts\/13964\/revisions"}],"predecessor-version":[{"id":57458,"href":"https:\/\/cj.estrategia.com\/portal\/wp-json\/wp\/v2\/posts\/13964\/revisions\/57458"}],"wp:featuredmedia":[{"embeddable":true,"href":"https:\/\/cj.estrategia.com\/portal\/wp-json\/wp\/v2\/media\/20839"}],"wp:attachment":[{"href":"https:\/\/cj.estrategia.com\/portal\/wp-json\/wp\/v2\/media?parent=13964"}],"wp:term":[{"taxonomy":"category","embeddable":true,"href":"https:\/\/cj.estrategia.com\/portal\/wp-json\/wp\/v2\/categories?post=13964"},{"taxonomy":"post_tag","embeddable":true,"href":"https:\/\/cj.estrategia.com\/portal\/wp-json\/wp\/v2\/tags?post=13964"},{"taxonomy":"tax_estado","embeddable":true,"href":"https:\/\/cj.estrategia.com\/portal\/wp-json\/wp\/v2\/tax_estado?post=13964"}],"curies":[{"name":"wp","href":"https:\/\/api.w.org\/{rel}","templated":true}]}}