{"id":139089,"date":"2025-07-28T16:11:13","date_gmt":"2025-07-28T19:11:13","guid":{"rendered":"https:\/\/cj.estrategia.com\/portal\/?p=139089"},"modified":"2025-11-22T09:50:43","modified_gmt":"2025-11-22T12:50:43","slug":"prova-comentada-direitos-humanos-concurso-delegado-pf","status":"publish","type":"post","link":"https:\/\/cj.estrategia.com\/portal\/prova-comentada-direitos-humanos-concurso-delegado-pf\/","title":{"rendered":"Prova comentada Direitos Humanos Concurso Delegado PF"},"content":{"rendered":"\n<p>Ol\u00e1, pessoal, tudo certo?!<\/p>\n\n\n\n<p>Em 27\/07\/2025, foi aplicada a prova objetiva do concurso p\u00fablico para a <strong>Pol\u00edcia Federal<\/strong>. Assim que divulgado o caderno de provas, nosso time de professores analisou cada uma das quest\u00f5es que agora ser\u00e3o apresentadas em nossa <strong>PROVA COMENTADA<\/strong>.<\/p>\n\n\n\n<p>Este material visa a auxili\u00e1-los na aferi\u00e7\u00e3o das notas, elabora\u00e7\u00e3o de eventuais recursos, verifica\u00e7\u00e3o das chances de avan\u00e7o para fase discursiva, bem como na revis\u00e3o do conte\u00fado cobrado no certame.<\/p>\n\n\n\n<p>Desde j\u00e1, destacamos que nosso time de professores identificou 1 quest\u00e3o pass\u00edvel de recurso e\/ou que deve ser anulada, como veremos adiante. No tipo de prova comentado, trata-se da quest\u00e3o 59.<\/p>\n\n\n\n<p>De modo complementar, elaboramos tamb\u00e9m o Ranking da <strong>Delta<\/strong> <strong>PF<\/strong> em que nossos alunos e seguidores poder\u00e3o inserir suas respostas \u00e0 prova, e, ao final, aferir sua nota, de acordo com o gabarito elaborado por nossos professores. Atrav\u00e9s do ranking, tamb\u00e9m poderemos estimar a nota de corte da 1\u00ba fase. Essa ferramenta \u00e9 gratuita e, para participar, basta clicar no link abaixo:<\/p>\n\n\n\n<p class=\"has-text-align-center has-luminous-vivid-amber-to-luminous-vivid-orange-gradient-background has-background\"><strong><strong><a href=\"https:\/\/cj.estrategia.com\/rankings\/835a4fe8-0c79-45ff-84d3-9afd0fd7f3db\" target=\"_blank\" >Delegado PF<\/a><\/strong><\/strong><\/p>\n\n\n\n<p>Al\u00e9m disso, montamos um caderno para nossos seguidores, alunos ou n\u00e3o, verem os coment\u00e1rios e comentar as quest\u00f5es da prova:<\/p>\n\n\n\n<p class=\"has-text-align-center has-luminous-vivid-amber-to-luminous-vivid-orange-gradient-background has-background\"><strong><strong><a href=\"https:\/\/cj.estrategia.com\/cadernos-e-simulados\/cadernos\/7c7c1ca5-d64e-4049-a525-5713ac61b1ba\" target=\"_blank\" >Caderno de prova para seguidores<\/a><\/strong><\/strong><\/p>\n\n\n\n<p>Por fim, comentaremos a prova, as quest\u00f5es mais pol\u00eamicas, as possibilidades de recurso, bem como a estimativa da nota de corte no <strong>TERM\u00d4METRO P\u00d3S-PROVA<\/strong>, no nosso canal do Youtube. Inscreva-se e ative as notifica\u00e7\u00f5es!<\/p>\n\n\n\n<p class=\"has-text-align-center has-luminous-vivid-amber-to-luminous-vivid-orange-gradient-background has-background\"><a href=\"https:\/\/www.youtube.com\/EstrategiaCarreiraJuridica\" target=\"_blank\" ><strong>Estrat\u00e9gia Carreira Jur\u00eddica &#8211; YouTube<\/strong><\/a><\/p>\n\n\n\n<p>Esperamos que gostem do material e de todos os novos projetos que preparamos para que avancem rumo \u00e0 aprova\u00e7\u00e3o.<\/p>\n\n\n\n<p>Contem sempre conosco.<\/p>\n\n\n\n<p>Yasmin Ushara,<\/p>\n\n\n\n<p>Coordena\u00e7\u00e3o de Rodadas do Estrat\u00e9gia Carreiras Jur\u00eddicas.<\/p>\n\n\n\n<p class=\"has-text-align-center has-luminous-vivid-amber-to-luminous-vivid-orange-gradient-background has-background\"><strong><strong><a href=\"https:\/\/cj.estrategia.com\/portal\/provas-comentadas-de-todas-as-materias-do-concurso-delegado-pf\/\" target=\"_blank\" >Confira o artigo com todas as mat\u00e9rias da prova<\/a><\/strong><\/strong><\/p>\n\n\n\n<p><strong>Considerando o disposto na Conven\u00e7\u00e3o Relativa ao Estatuto dos Refugiados, na Conven\u00e7\u00e3o sobre a Elimina\u00e7\u00e3o de Todas as Formas de Discrimina\u00e7\u00e3o Racial e na Conven\u00e7\u00e3o sobre a Elimina\u00e7\u00e3o de Todas as Formas de Discrimina\u00e7\u00e3o contra a Mulher, julgue os itens a seguir.<\/strong><\/p>\n\n\n\n<p><strong>QUEST\u00c3O 25. Os Estados-partes da Conven\u00e7\u00e3o sobre a Elimina\u00e7\u00e3o de Todas as Formas de Discrimina\u00e7\u00e3o contra a Mulher devem conceder \u00e0s mulheres prioridades no que diz respeito a direitos e responsabilidades referentes a tutela, curatela, guarda e ado\u00e7\u00e3o dos filhos, ou institutos an\u00e1logos.<\/strong><\/p>\n\n\n\n<p><strong>Coment\u00e1rios<\/strong><\/p>\n\n\n\n<p>O item est\u00e1 <strong>errado.<\/strong><\/p>\n\n\n\n<p>O item est\u00e1 errado, visto que, a Conven\u00e7\u00e3o sobre a Elimina\u00e7\u00e3o de Todas as Formas de Discrimina\u00e7\u00e3o contra a Mulher (art. 16, 1, \u201cd\u201d) n\u00e3o prev\u00ea qualquer tipo de prioridade \u00e0s mulheres nas quest\u00f5es relacionadas \u00e0 tutela, guarda ou ado\u00e7\u00e3o. Pelo contr\u00e1rio, determina que homens e mulheres devem ter os mesmos direitos e responsabilidades em rela\u00e7\u00e3o aos filhos, com base na igualdade de g\u00eanero. Al\u00e9m disso, estabelece que, em todos os casos, o interesse da crian\u00e7a deve prevalecer. Portanto, a alternativa contraria expressamente o texto da Conven\u00e7\u00e3o.<\/p>\n\n\n\n<p><strong>QUEST\u00c3O 26. A ades\u00e3o \u00e0 Conven\u00e7\u00e3o Relativa ao Estatuto dos Refugiados imp\u00f5e ao Estado contratante a obriga\u00e7\u00e3o de conceder aos refugiados o mesmo tratamento concedido aos nacionais no que se refere ao ensino prim\u00e1rio.<\/strong><\/p>\n\n\n\n<p><strong>Coment\u00e1rios<\/strong><\/p>\n\n\n\n<p>O item est\u00e1 <strong>certo.<\/strong><\/p>\n\n\n\n<p>O item est\u00e1 certo, porque, segundo o art. 22, item 1 da Conven\u00e7\u00e3o Relativa ao Estatuto dos Refugiados, os Estados que aderirem ao tratado devem garantir aos refugiados o mesmo tratamento concedido aos nacionais no que se refere \u00e0 educa\u00e7\u00e3o elementar, ou seja, ao ensino prim\u00e1rio. Assim, a alternativa est\u00e1 em conformidade com o texto da Conven\u00e7\u00e3o e o princ\u00edpio da igualdade de acesso \u00e0 educa\u00e7\u00e3o b\u00e1sica para refugiados.<\/p>\n\n\n\n<p><strong>QUEST\u00c3O 27. De acordo com a Conven\u00e7\u00e3o Relativa ao Estatuto dos Refugiados, os Estados contratantes n\u00e3o devem impor aos refugiados despesas fiscais, a exemplo de taxas e impostos.<\/strong><\/p>\n\n\n\n<p><strong>Coment\u00e1rios<\/strong><\/p>\n\n\n\n<p>O item est\u00e1 <strong>errado.<\/strong><\/p>\n\n\n\n<p>O item est\u00e1 errado, uma vez que, de acordo com o art. 29, item 1 da Conven\u00e7\u00e3o Relativa ao Estatuto dos Refugiados, os Estados contratantes podem cobrar taxas e impostos dos refugiados, desde que n\u00e3o sejam diferentes ou superiores \u00e0queles cobrados dos nacionais em situa\u00e7\u00f5es semelhantes. Portanto, a Conven\u00e7\u00e3o n\u00e3o pro\u00edbe a cobran\u00e7a de encargos fiscais, mas impede tratamento fiscal discriminat\u00f3rio contra os refugiados.<\/p>\n\n\n\n<p><strong>QUEST\u00c3O 28. Os Estados-partes da Conven\u00e7\u00e3o sobre a Elimina\u00e7\u00e3o de Todas as Formas de Discrimina\u00e7\u00e3o Racial devem assegurar a qualquer pessoa que estiver sob sua jurisdi\u00e7\u00e3o o direito de pleitear, perante os tribunais nacionais, repara\u00e7\u00e3o justa e adequada por qualquer dano de que tenha sido v\u00edtima em decorr\u00eancia de tal discrimina\u00e7\u00e3o.<\/strong><\/p>\n\n\n\n<p><strong>Coment\u00e1rios<\/strong><\/p>\n\n\n\n<p>O item est\u00e1 <strong>certo.<\/strong><\/p>\n\n\n\n<p>O item est\u00e1 <strong>certo,<\/strong> pois, segundo o art. 6 da Conven\u00e7\u00e3o sobre a Elimina\u00e7\u00e3o de Todas as Formas de Discrimina\u00e7\u00e3o Racial, os Estados-partes devem garantir a todas as pessoas sob sua jurisdi\u00e7\u00e3o o direito de buscar prote\u00e7\u00e3o e repara\u00e7\u00e3o justa e adequada, por meio dos tribunais ou institui\u00e7\u00f5es competentes, sempre que forem v\u00edtimas de discrimina\u00e7\u00e3o racial. Assim, a Conven\u00e7\u00e3o assegura acesso \u00e0 justi\u00e7a e repara\u00e7\u00e3o efetiva em casos de viola\u00e7\u00e3o por atos discriminat\u00f3rios.<\/p>\n\n\n\n<p><strong>No que concerne aos direitos humanos, julgue os itens seguintes.<\/strong><\/p>\n\n\n\n<p><strong>QUEST\u00c3O 29. Pelo atributo da iner\u00eancia dos direitos humanos, esses direitos s\u00e3o extens\u00edveis a todos os indiv\u00edduos, sem qualquer distin\u00e7\u00e3o, enquanto, pelo atributo da transnacionalidade. reconhecem-se os direitos humanos onde quer que o indiv\u00edduo esteja.<\/strong><\/p>\n\n\n\n<p><strong>Coment\u00e1rios<\/strong><\/p>\n\n\n\n<p>O item est\u00e1 <strong>certo.<\/strong><\/p>\n\n\n\n<p>O item est\u00e1 certo, pois, o atributo da iner\u00eancia dos direitos humanos significa que esses direitos pertencem a todos os indiv\u00edduos, independentemente de qualquer distin\u00e7\u00e3o. J\u00e1 o atributo da transnacionalidade reconhece que os direitos humanos s\u00e3o aplic\u00e1veis a qualquer pessoa, onde quer que ela esteja, ultrapassando fronteiras nacionais, projetando a universalidade espacial dos direitos humanos, conforme entendimento doutrin\u00e1rio consolidado.<\/p>\n\n\n\n<p><strong>QUEST\u00c3O 30. De acordo com o STF, a express\u00e3o &#8220;grave viola\u00e7\u00e3o dos direitos humanos&#8221; remete especificamente ao rol taxativo e restritivo de atentados de grande monta aos direitos humanos previstos nos instrumentos normativos internacionais de prote\u00e7\u00e3o a cuja aplicabilidade o Brasil formalmente aderiu.<\/strong><\/p>\n\n\n\n<p><strong>&nbsp;Coment\u00e1rios<\/strong><\/p>\n\n\n\n<p>O item est\u00e1 <strong>errado.<\/strong><\/p>\n\n\n\n<p>O item est\u00e1 errado, j\u00e1 que, conforme entendimento do STF na ADI 3486, a express\u00e3o &#8220;grave viola\u00e7\u00e3o de direitos humanos&#8221; n\u00e3o est\u00e1 limitada a um rol taxativo de casos previstos em tratados internacionais. Trata-se de uma cl\u00e1usula aberta, que admite interpreta\u00e7\u00e3o ampliada, permitindo o reconhecimento de novas situa\u00e7\u00f5es graves, conforme o contexto e a gravidade da ofensa aos direitos humanos, ainda que n\u00e3o previstas expressamente em normas internacionais.<\/p>\n\n\n\n<p><strong>Julgue os itens seguintes, de acordo com a Conven\u00e7\u00e3o para a Preven\u00e7\u00e3o e Puni\u00e7\u00e3o ao Crime de Genoc\u00eddio, a Conven\u00e7\u00e3o contra a Tortura e Outros Tratamentos ou Penas Cru\u00e9is, Desumanos ou Degradantes, e a Conven\u00e7\u00e3o Internacional para a Prote\u00e7\u00e3o de Todas as Pessoas contra o Desaparecimento For\u00e7ado.<\/strong><\/p>\n\n\n\n<p><strong>QUEST\u00c3O 31. O genoc\u00eddio n\u00e3o pode ser considerado crime pol\u00edtico para efeitos de extradi\u00e7\u00e3o.<\/strong><\/p>\n\n\n\n<p><strong>&nbsp;Coment\u00e1rios<\/strong><\/p>\n\n\n\n<p>O item est\u00e1<strong> certo.<\/strong><\/p>\n\n\n\n<p>O item est\u00e1 certo, visto que, conforme o art. 7\u00ba da Conven\u00e7\u00e3o para a Preven\u00e7\u00e3o e Repress\u00e3o do Crime de Genoc\u00eddio, o genoc\u00eddio n\u00e3o \u00e9 considerado crime pol\u00edtico para fins de extradi\u00e7\u00e3o. Isso significa que n\u00e3o se pode negar a extradi\u00e7\u00e3o sob a alega\u00e7\u00e3o de se tratar de crime pol\u00edtico, sendo os Estados-partes obrigados a conced\u00ea-la conforme suas leis internas e tratados aplic\u00e1veis.<\/p>\n\n\n\n<p><strong>QUEST\u00c3O 32. OS Estados-partes das citadas conven\u00e7\u00f5es referentes a tortura e desaparecimento for\u00e7ado s\u00e3o impedidos de promover a expuls\u00e3o, devolu\u00e7\u00e3o ou extradi\u00e7\u00e3o de pessoa a Estado onde haja risco de ela ser v\u00edtima de desaparecimento for\u00e7ado ou submetida a tortura.<\/strong><\/p>\n\n\n\n<p><strong>Coment\u00e1rios<\/strong><\/p>\n\n\n\n<p>O item est\u00e1 <strong>certo.<\/strong><\/p>\n\n\n\n<p>O item est\u00e1 certo, pois, de acordo com o art. 3\u00ba da Conven\u00e7\u00e3o contra a Tortura e o art. 16 da Conven\u00e7\u00e3o contra o Desaparecimento For\u00e7ado, os Estados-partes n\u00e3o podem expulsar, devolver ou extraditar uma pessoa para outro pa\u00eds se houver risco substancial de que ela seja submetida \u00e0 tortura ou ao desaparecimento for\u00e7ado. Essa regra visa proteger a integridade f\u00edsica e a dignidade humana em situa\u00e7\u00f5es de grave amea\u00e7a a direitos fundamentais.<\/p>\n\n\n\n<p><strong>Durante opera\u00e7\u00e3o da Pol\u00edcia Federal na fronteira do Brasil, os policiais montaram bloqueio em via p\u00fablica, no intuito de encontrar motorista de caminh\u00e3o suspeito de tr\u00e1fico de drogas. Tendo avistado o caminh\u00e3o se aproximando, os policiais fizeram sinal para que ele parasse, mas o motorista acelerou para o lado oposto do bloqueio policial. Os policiais ent\u00e3o entraram na viatura e iniciaram a persegui\u00e7\u00e3o ao caminh\u00e3o. Ao emparelhar a viatura com o caminh\u00e3o, os policiais notaram que o motorista estava armado. Eles, ent\u00e3o, se identificaram como policiais federais, anunciaram que estavam armados e pediram que o motorista parasse o caminh\u00e3o. O motorista n\u00e3o parou, tendo acelerado contra a viatura. Os policiais ent\u00e3o atiraram nos pneus, de modo que o caminh\u00e3o perdeu o controle, bateu na mureta de prote\u00e7\u00e3o e capotou.<\/strong><\/p>\n\n\n\n<p><strong>Considerando os princ\u00edpios b\u00e1sicos sobre o uso da for\u00e7a e armas de fogo e o disposto na Lei n\u00ba 13.060\/2014, julgue os itens a seguir.<\/strong><\/p>\n\n\n\n<p><strong>QUEST\u00c3O 33. A conduta dos policiais de se identificarem perante o motorista do caminh\u00e3o antes de atirar foi equivocada, uma vez que, ante a probabilidade de rea\u00e7\u00e3o, o recomendado \u00e9 agir de imediato, no intuito de interromper a a\u00e7\u00e3o delituosa.<\/strong><\/p>\n\n\n\n<p><strong>Coment\u00e1rios<\/strong><\/p>\n\n\n\n<p>O item est\u00e1<strong> errado.<\/strong><\/p>\n\n\n\n<p>O item est\u00e1 errado, pois, segundo o Princ\u00edpio B\u00e1sico n\u00ba 10 da ONU sobre uso da for\u00e7a e armas de fogo, os agentes devem identificar-se claramente e avisar da inten\u00e7\u00e3o de usar armas de fogo, dando tempo para que o aviso seja observado. Isso s\u00f3 pode ser dispensado se a identifica\u00e7\u00e3o ou aviso colocarem os policiais em risco grave ou forem claramente inadequados no contexto. Portanto, a conduta dos policiais em se identificarem antes de atirar foi correta e recomendada pela legisla\u00e7\u00e3o e princ\u00edpios internacionais.<\/p>\n\n\n\n<p><strong>QUEST\u00c3O 34. A conduta dos policiais de n\u00e3o atirar no momento em que o caminh\u00e3o acelerou para o lado oposto do bloqueio policial foi adequada, considerada a inexist\u00eancia de risco de morte ou les\u00e3o aos policiais naquele momento.<\/strong><\/p>\n\n\n\n<p><strong>Coment\u00e1rios<\/strong><\/p>\n\n\n\n<p>O item est\u00e1 <strong>certo.<\/strong><\/p>\n\n\n\n<p>O item est\u00e1 certo, visto que, de acordo com o artigo 2\u00ba, par\u00e1grafo \u00fanico, inciso II da Lei n\u00ba 13.060\/2014, n\u00e3o \u00e9 leg\u00edtimo o uso de arma de fogo contra ve\u00edculo que desrespeite bloqueio policial, a menos que o ato represente risco de morte ou les\u00e3o aos policiais ou terceiros. Como naquele momento n\u00e3o havia tal risco, a conduta dos policiais de n\u00e3o atirar foi adequada e em conformidade com a lei e os princ\u00edpios de uso progressivo da for\u00e7a.<\/p>\n\n\n\n<p class=\"has-text-align-center\"><em><em>Quer ficar por dentro dos detalhes sobre o concurso para o cargo de Delegado da Pol\u00edcia Federal (PF)? Ent\u00e3o, confira todas as informa\u00e7\u00f5es no artigo abaixo!<\/em><\/em><\/p>\n\n\n\n<p class=\"has-text-align-center has-luminous-vivid-amber-to-luminous-vivid-orange-gradient-background has-background\"><a href=\"https:\/\/cj.estrategia.com\/portal\/concurso-delegado-pf\/\" target=\"_blank\" ><strong>Concurso Delegado PF<\/strong><\/a><\/p>\n\n\n\n<h2 class=\"wp-block-heading has-text-align-center\" id=\"h-quer-saber-tudo-sobre-concursos-previstos-confira-nossos-artigos\"><span id=\"quer-saber-tudo-sobre-concursos-previstos-confira-nossos-artigos\">Quer saber tudo sobre concursos previstos? <br><strong>Confira nossos artigos!<\/strong><\/span><\/h2>\n\n\n\n<ul class=\"wp-block-list\">\n<li><a href=\"https:\/\/cj.estrategia.com\/portal\/concursos-abertos-carreiras-juridicas\/\" target=\"_blank\" >Concursos Jur\u00eddicos abertos<\/a><\/li>\n\n\n\n<li><a href=\"https:\/\/cj.estrategia.com\/portal\/concursos-2025-carreiras-juridicas\/\" target=\"_blank\" >Concursos Jur\u00eddicos 2025<\/a><\/li>\n\n\n\n<li><a href=\"https:\/\/cj.estrategia.com\/portal\/concursos-delegado\/\" target=\"_blank\" >Concursos Delegado<\/a><\/li>\n<\/ul>\n\n\n\n<h2 class=\"wp-block-heading has-text-align-center\" id=\"cursos\"><span id=\"cursos-e-assinaturas\">CURSOS E ASSINATURAS<\/span><\/h2>\n\n\n\n<div class=\"container\" id=\"boxes\">\r\n  <div class=\"row\">\r\n\r\n    <div class=\"col-sm\">\r\n      <div class=\"banner-estrategia-concursos-juridicos\" id=\"box-assinatura\">\r\n        <h3 id=\"curso-para-delegado-pf\" class=\"titulo-assinatura\">Curso para Delegado PF<\/h3>\r\n        <p class=\"subtitulo-assinatura\">Cursos focados no edital do concurso<\/p>\r\n        <div class=\"box-botao\">\r\n          <a class=\"btn-assinatura-juridica\" target=\"_blank\" href=\"https:\/\/cj.estrategia.com\/curso\/policia-federal-delegado-pacote-teorico\" role=\"button\" rel=\"noopener noreferrer\">Conhe\u00e7a mais<\/a>\r\n        <\/div>\r\n      <\/div>\r\n  \r\n    <\/div>\r\n\r\n  <\/div>\r\n<\/div>\n\n\n\n<div class=\"wp-block-cover\" style=\"min-height:155px;aspect-ratio:unset;\"><img decoding=\"async\" width=\"1890\" height=\"351\" class=\"wp-block-cover__image-background wp-image-8669\" alt=\"Assinaturas Jur\u00eddicas\" src=\"https:\/\/cj.estrategia.com\/portal\/wp-content\/uploads\/2022\/06\/20151253\/concurso-carreiras-juridicas-assinatura-juridica.jpg\" style=\"object-position:78% 43%\" data-object-fit=\"cover\" data-object-position=\"78% 43%\" srcset=\"https:\/\/cj.estrategia.com\/portal\/wp-content\/uploads\/2022\/06\/20151253\/concurso-carreiras-juridicas-assinatura-juridica.jpg 1890w, https:\/\/cj.estrategia.com\/portal\/wp-content\/uploads\/2022\/06\/20151253\/concurso-carreiras-juridicas-assinatura-juridica-300x56.jpg 300w, https:\/\/cj.estrategia.com\/portal\/wp-content\/uploads\/2022\/06\/20151253\/concurso-carreiras-juridicas-assinatura-juridica-1024x190.jpg 1024w, https:\/\/cj.estrategia.com\/portal\/wp-content\/uploads\/2022\/06\/20151253\/concurso-carreiras-juridicas-assinatura-juridica-768x143.jpg 768w, https:\/\/cj.estrategia.com\/portal\/wp-content\/uploads\/2022\/06\/20151253\/concurso-carreiras-juridicas-assinatura-juridica-1536x285.jpg 1536w, https:\/\/cj.estrategia.com\/portal\/wp-content\/uploads\/2022\/06\/20151253\/concurso-carreiras-juridicas-assinatura-juridica-380x71.jpg 380w, https:\/\/cj.estrategia.com\/portal\/wp-content\/uploads\/2022\/06\/20151253\/concurso-carreiras-juridicas-assinatura-juridica-800x149.jpg 800w, https:\/\/cj.estrategia.com\/portal\/wp-content\/uploads\/2022\/06\/20151253\/concurso-carreiras-juridicas-assinatura-juridica-1160x215.jpg 1160w\" sizes=\"(max-width: 1890px) 100vw, 1890px\" \/><span aria-hidden=\"true\" class=\"wp-block-cover__background has-background-dim\"><\/span><div class=\"wp-block-cover__inner-container is-layout-flow wp-block-cover-is-layout-flow\">\n<h3 id=\"faca-a-sua-assinatura\" class=\"titulo-assinatura\"><span style=\"color: #ffffff;\">Fa\u00e7a a sua assinatura!<\/span><\/h3>\n<p class=\"subtitulo-assinatura\" style=\"display:block!important; line-height: 0;\"><span style=\"color: #ffffff;\">Escolha a sua \u00e1rea.<\/span><\/p>\n<a target=\"_blank\" href=\"https:\/\/www.estrategiaconcursos.com.br\/assinaturas-ecj\/\" rel=\"noopener\"><button style=\"border-radius: 10px; text-transform: capitalize;\">Acessar<\/button><\/a>\n<\/div><\/div>\n\n\n\n<p><\/p>\n","protected":false},"excerpt":{"rendered":"Ol\u00e1, pessoal, tudo certo?! Em 27\/07\/2025, foi aplicada a prova objetiva do concurso p\u00fablico para a Pol\u00edcia Federal.&hellip;\n","protected":false},"author":12,"featured_media":40746,"comment_status":"open","ping_status":"open","sticky":false,"template":"","format":"standard","meta":{"_jetpack_memberships_contains_paid_content":false,"footnotes":""},"categories":[28],"tags":[],"tax_estado":[36],"class_list":{"0":"post-139089","1":"post","2":"type-post","3":"status-publish","4":"format-standard","5":"has-post-thumbnail","7":"category-delegado","8":"tax_estado-concursos-federais"},"acf":[],"yoast_head":"<!-- This site is optimized with the Yoast SEO Premium plugin v27.4 (Yoast SEO v27.4) - https:\/\/yoast.com\/product\/yoast-seo-premium-wordpress\/ -->\n<title>Prova comentada Direitos Humanos Concurso Delegado PF<\/title>\n<meta name=\"description\" content=\"Confira agora mesmo a Prova comentada Direitos Humanos Delegado PF elaborada pelos nossos professores!\" \/>\n<meta name=\"robots\" content=\"index, follow, max-snippet:-1, max-image-preview:large, max-video-preview:-1\" \/>\n<link rel=\"canonical\" href=\"https:\/\/cj.estrategia.com\/portal\/prova-comentada-direitos-humanos-concurso-delegado-pf\/\" \/>\n<meta property=\"og:locale\" content=\"pt_BR\" \/>\n<meta property=\"og:type\" content=\"article\" \/>\n<meta property=\"og:title\" content=\"Prova comentada Direitos Humanos Concurso Delegado PF\" \/>\n<meta property=\"og:description\" content=\"Confira agora mesmo a Prova comentada Direitos Humanos Delegado PF elaborada pelos nossos professores!\" \/>\n<meta property=\"og:url\" content=\"https:\/\/cj.estrategia.com\/portal\/prova-comentada-direitos-humanos-concurso-delegado-pf\/\" \/>\n<meta property=\"og:site_name\" content=\"Blog - Carreiras Jur\u00eddicas - Estrat\u00e9gia\" \/>\n<meta property=\"article:publisher\" content=\"https:\/\/www.facebook.com\/estrategiacarreirajuridica\/\" \/>\n<meta property=\"article:published_time\" content=\"2025-07-28T19:11:13+00:00\" \/>\n<meta property=\"article:modified_time\" content=\"2025-11-22T12:50:43+00:00\" \/>\n<meta property=\"og:image\" content=\"https:\/\/cj.estrategia.com\/portal\/wp-content\/uploads\/2023\/06\/07102355\/concurso-delegado-pf-policia-federal.jpg\" \/>\n\t<meta property=\"og:image:width\" content=\"768\" \/>\n\t<meta property=\"og:image:height\" content=\"432\" \/>\n\t<meta property=\"og:image:type\" content=\"image\/jpeg\" \/>\n<meta name=\"author\" content=\"Coordena\u00e7\u00e3o\" \/>\n<meta name=\"twitter:card\" content=\"summary_large_image\" \/>\n<meta name=\"twitter:creator\" content=\"@EstratJuridica\" \/>\n<meta name=\"twitter:site\" content=\"@EstratJuridica\" \/>\n<meta name=\"twitter:label1\" content=\"Escrito por\" \/>\n\t<meta name=\"twitter:data1\" content=\"Coordena\u00e7\u00e3o\" \/>\n\t<meta name=\"twitter:label2\" content=\"Est. tempo de leitura\" \/>\n\t<meta name=\"twitter:data2\" content=\"20 minutos\" \/>\n<script type=\"application\/ld+json\" class=\"yoast-schema-graph\">{\"@context\":\"https:\\\/\\\/schema.org\",\"@graph\":[{\"@type\":\"NewsArticle\",\"@id\":\"https:\\\/\\\/cj.estrategia.com\\\/portal\\\/prova-comentada-direitos-humanos-concurso-delegado-pf\\\/#article\",\"isPartOf\":{\"@id\":\"https:\\\/\\\/cj.estrategia.com\\\/portal\\\/prova-comentada-direitos-humanos-concurso-delegado-pf\\\/\"},\"author\":{\"name\":\"Coordena\u00e7\u00e3o\",\"@id\":\"https:\\\/\\\/cj.estrategia.com\\\/portal\\\/#\\\/schema\\\/person\\\/4d70317d31449932b99102916b6637f5\"},\"headline\":\"Prova comentada Direitos Humanos Concurso Delegado PF\",\"datePublished\":\"2025-07-28T19:11:13+00:00\",\"dateModified\":\"2025-11-22T12:50:43+00:00\",\"mainEntityOfPage\":{\"@id\":\"https:\\\/\\\/cj.estrategia.com\\\/portal\\\/prova-comentada-direitos-humanos-concurso-delegado-pf\\\/\"},\"wordCount\":1926,\"commentCount\":0,\"publisher\":{\"@id\":\"https:\\\/\\\/cj.estrategia.com\\\/portal\\\/#organization\"},\"image\":{\"@id\":\"https:\\\/\\\/cj.estrategia.com\\\/portal\\\/prova-comentada-direitos-humanos-concurso-delegado-pf\\\/#primaryimage\"},\"thumbnailUrl\":\"https:\\\/\\\/cj.estrategia.com\\\/portal\\\/wp-content\\\/uploads\\\/2023\\\/06\\\/07102355\\\/concurso-delegado-pf-policia-federal.jpg\",\"articleSection\":[\"Delegado\"],\"inLanguage\":\"pt-BR\",\"potentialAction\":[{\"@type\":\"CommentAction\",\"name\":\"Comment\",\"target\":[\"https:\\\/\\\/cj.estrategia.com\\\/portal\\\/prova-comentada-direitos-humanos-concurso-delegado-pf\\\/#respond\"]}]},{\"@type\":\"WebPage\",\"@id\":\"https:\\\/\\\/cj.estrategia.com\\\/portal\\\/prova-comentada-direitos-humanos-concurso-delegado-pf\\\/\",\"url\":\"https:\\\/\\\/cj.estrategia.com\\\/portal\\\/prova-comentada-direitos-humanos-concurso-delegado-pf\\\/\",\"name\":\"Prova comentada Direitos Humanos Concurso Delegado PF\",\"isPartOf\":{\"@id\":\"https:\\\/\\\/cj.estrategia.com\\\/portal\\\/#website\"},\"primaryImageOfPage\":{\"@id\":\"https:\\\/\\\/cj.estrategia.com\\\/portal\\\/prova-comentada-direitos-humanos-concurso-delegado-pf\\\/#primaryimage\"},\"image\":{\"@id\":\"https:\\\/\\\/cj.estrategia.com\\\/portal\\\/prova-comentada-direitos-humanos-concurso-delegado-pf\\\/#primaryimage\"},\"thumbnailUrl\":\"https:\\\/\\\/cj.estrategia.com\\\/portal\\\/wp-content\\\/uploads\\\/2023\\\/06\\\/07102355\\\/concurso-delegado-pf-policia-federal.jpg\",\"datePublished\":\"2025-07-28T19:11:13+00:00\",\"dateModified\":\"2025-11-22T12:50:43+00:00\",\"description\":\"Confira agora mesmo a Prova comentada Direitos Humanos Delegado PF elaborada pelos nossos professores!\",\"breadcrumb\":{\"@id\":\"https:\\\/\\\/cj.estrategia.com\\\/portal\\\/prova-comentada-direitos-humanos-concurso-delegado-pf\\\/#breadcrumb\"},\"inLanguage\":\"pt-BR\",\"potentialAction\":[{\"@type\":\"ReadAction\",\"target\":[\"https:\\\/\\\/cj.estrategia.com\\\/portal\\\/prova-comentada-direitos-humanos-concurso-delegado-pf\\\/\"]}]},{\"@type\":\"ImageObject\",\"inLanguage\":\"pt-BR\",\"@id\":\"https:\\\/\\\/cj.estrategia.com\\\/portal\\\/prova-comentada-direitos-humanos-concurso-delegado-pf\\\/#primaryimage\",\"url\":\"https:\\\/\\\/cj.estrategia.com\\\/portal\\\/wp-content\\\/uploads\\\/2023\\\/06\\\/07102355\\\/concurso-delegado-pf-policia-federal.jpg\",\"contentUrl\":\"https:\\\/\\\/cj.estrategia.com\\\/portal\\\/wp-content\\\/uploads\\\/2023\\\/06\\\/07102355\\\/concurso-delegado-pf-policia-federal.jpg\",\"width\":768,\"height\":432},{\"@type\":\"BreadcrumbList\",\"@id\":\"https:\\\/\\\/cj.estrategia.com\\\/portal\\\/prova-comentada-direitos-humanos-concurso-delegado-pf\\\/#breadcrumb\",\"itemListElement\":[{\"@type\":\"ListItem\",\"position\":1,\"name\":\"In\u00edcio\",\"item\":\"https:\\\/\\\/cj.estrategia.com\\\/portal\\\/\"},{\"@type\":\"ListItem\",\"position\":2,\"name\":\"Prova comentada Direitos Humanos Concurso Delegado PF\"}]},{\"@type\":\"WebSite\",\"@id\":\"https:\\\/\\\/cj.estrategia.com\\\/portal\\\/#website\",\"url\":\"https:\\\/\\\/cj.estrategia.com\\\/portal\\\/\",\"name\":\"Blog - Carreiras Jur\u00eddicas - Estrat\u00e9gia\",\"description\":\"\",\"publisher\":{\"@id\":\"https:\\\/\\\/cj.estrategia.com\\\/portal\\\/#organization\"},\"potentialAction\":[{\"@type\":\"SearchAction\",\"target\":{\"@type\":\"EntryPoint\",\"urlTemplate\":\"https:\\\/\\\/cj.estrategia.com\\\/portal\\\/?s={search_term_string}\"},\"query-input\":{\"@type\":\"PropertyValueSpecification\",\"valueRequired\":true,\"valueName\":\"search_term_string\"}}],\"inLanguage\":\"pt-BR\"},{\"@type\":\"Organization\",\"@id\":\"https:\\\/\\\/cj.estrategia.com\\\/portal\\\/#organization\",\"name\":\"Estrat\u00e9gia - Carreiras Jur\u00eddicas\",\"url\":\"https:\\\/\\\/cj.estrategia.com\\\/portal\\\/\",\"logo\":{\"@type\":\"ImageObject\",\"inLanguage\":\"pt-BR\",\"@id\":\"https:\\\/\\\/cj.estrategia.com\\\/portal\\\/#\\\/schema\\\/logo\\\/image\\\/\",\"url\":\"https:\\\/\\\/cj.estrategia.com\\\/portal\\\/wp-content\\\/uploads\\\/2022\\\/03\\\/11151052\\\/cj-logo.png\",\"contentUrl\":\"https:\\\/\\\/cj.estrategia.com\\\/portal\\\/wp-content\\\/uploads\\\/2022\\\/03\\\/11151052\\\/cj-logo.png\",\"width\":150,\"height\":39,\"caption\":\"Estrat\u00e9gia - Carreiras Jur\u00eddicas\"},\"image\":{\"@id\":\"https:\\\/\\\/cj.estrategia.com\\\/portal\\\/#\\\/schema\\\/logo\\\/image\\\/\"},\"sameAs\":[\"https:\\\/\\\/www.facebook.com\\\/estrategiacarreirajuridica\\\/\",\"https:\\\/\\\/x.com\\\/EstratJuridica\",\"https:\\\/\\\/www.instagram.com\\\/estrategiacarreirajuridica\\\/\",\"https:\\\/\\\/www.youtube.com\\\/channel\\\/UClbMGuYbj2Mh1m3w144ETWQ\"]},{\"@type\":\"Person\",\"@id\":\"https:\\\/\\\/cj.estrategia.com\\\/portal\\\/#\\\/schema\\\/person\\\/4d70317d31449932b99102916b6637f5\",\"name\":\"Coordena\u00e7\u00e3o\",\"image\":{\"@type\":\"ImageObject\",\"inLanguage\":\"pt-BR\",\"@id\":\"https:\\\/\\\/cj.estrategia.com\\\/portal\\\/wp-content\\\/uploads\\\/2022\\\/05\\\/12164923\\\/estrategia-carreira-juridica-coordenacao-96x96.png\",\"url\":\"https:\\\/\\\/cj.estrategia.com\\\/portal\\\/wp-content\\\/uploads\\\/2022\\\/05\\\/12164923\\\/estrategia-carreira-juridica-coordenacao-96x96.png\",\"contentUrl\":\"https:\\\/\\\/cj.estrategia.com\\\/portal\\\/wp-content\\\/uploads\\\/2022\\\/05\\\/12164923\\\/estrategia-carreira-juridica-coordenacao-96x96.png\",\"caption\":\"Coordena\u00e7\u00e3o\"},\"url\":\"https:\\\/\\\/cj.estrategia.com\\\/portal\\\/author\\\/coordenacao\\\/\"}]}<\/script>\n<!-- \/ Yoast SEO Premium plugin. -->","yoast_head_json":{"title":"Prova comentada Direitos Humanos Concurso Delegado PF","description":"Confira agora mesmo a Prova comentada Direitos Humanos Delegado PF elaborada pelos nossos professores!","robots":{"index":"index","follow":"follow","max-snippet":"max-snippet:-1","max-image-preview":"max-image-preview:large","max-video-preview":"max-video-preview:-1"},"canonical":"https:\/\/cj.estrategia.com\/portal\/prova-comentada-direitos-humanos-concurso-delegado-pf\/","og_locale":"pt_BR","og_type":"article","og_title":"Prova comentada Direitos Humanos Concurso Delegado PF","og_description":"Confira agora mesmo a Prova comentada Direitos Humanos Delegado PF elaborada pelos nossos professores!","og_url":"https:\/\/cj.estrategia.com\/portal\/prova-comentada-direitos-humanos-concurso-delegado-pf\/","og_site_name":"Blog - Carreiras Jur\u00eddicas - Estrat\u00e9gia","article_publisher":"https:\/\/www.facebook.com\/estrategiacarreirajuridica\/","article_published_time":"2025-07-28T19:11:13+00:00","article_modified_time":"2025-11-22T12:50:43+00:00","og_image":[{"width":768,"height":432,"url":"https:\/\/cj.estrategia.com\/portal\/wp-content\/uploads\/2023\/06\/07102355\/concurso-delegado-pf-policia-federal.jpg","type":"image\/jpeg"}],"author":"Coordena\u00e7\u00e3o","twitter_card":"summary_large_image","twitter_creator":"@EstratJuridica","twitter_site":"@EstratJuridica","twitter_misc":{"Escrito por":"Coordena\u00e7\u00e3o","Est. tempo de leitura":"20 minutos"},"schema":{"@context":"https:\/\/schema.org","@graph":[{"@type":"NewsArticle","@id":"https:\/\/cj.estrategia.com\/portal\/prova-comentada-direitos-humanos-concurso-delegado-pf\/#article","isPartOf":{"@id":"https:\/\/cj.estrategia.com\/portal\/prova-comentada-direitos-humanos-concurso-delegado-pf\/"},"author":{"name":"Coordena\u00e7\u00e3o","@id":"https:\/\/cj.estrategia.com\/portal\/#\/schema\/person\/4d70317d31449932b99102916b6637f5"},"headline":"Prova comentada Direitos Humanos Concurso Delegado PF","datePublished":"2025-07-28T19:11:13+00:00","dateModified":"2025-11-22T12:50:43+00:00","mainEntityOfPage":{"@id":"https:\/\/cj.estrategia.com\/portal\/prova-comentada-direitos-humanos-concurso-delegado-pf\/"},"wordCount":1926,"commentCount":0,"publisher":{"@id":"https:\/\/cj.estrategia.com\/portal\/#organization"},"image":{"@id":"https:\/\/cj.estrategia.com\/portal\/prova-comentada-direitos-humanos-concurso-delegado-pf\/#primaryimage"},"thumbnailUrl":"https:\/\/cj.estrategia.com\/portal\/wp-content\/uploads\/2023\/06\/07102355\/concurso-delegado-pf-policia-federal.jpg","articleSection":["Delegado"],"inLanguage":"pt-BR","potentialAction":[{"@type":"CommentAction","name":"Comment","target":["https:\/\/cj.estrategia.com\/portal\/prova-comentada-direitos-humanos-concurso-delegado-pf\/#respond"]}]},{"@type":"WebPage","@id":"https:\/\/cj.estrategia.com\/portal\/prova-comentada-direitos-humanos-concurso-delegado-pf\/","url":"https:\/\/cj.estrategia.com\/portal\/prova-comentada-direitos-humanos-concurso-delegado-pf\/","name":"Prova comentada Direitos Humanos Concurso Delegado PF","isPartOf":{"@id":"https:\/\/cj.estrategia.com\/portal\/#website"},"primaryImageOfPage":{"@id":"https:\/\/cj.estrategia.com\/portal\/prova-comentada-direitos-humanos-concurso-delegado-pf\/#primaryimage"},"image":{"@id":"https:\/\/cj.estrategia.com\/portal\/prova-comentada-direitos-humanos-concurso-delegado-pf\/#primaryimage"},"thumbnailUrl":"https:\/\/cj.estrategia.com\/portal\/wp-content\/uploads\/2023\/06\/07102355\/concurso-delegado-pf-policia-federal.jpg","datePublished":"2025-07-28T19:11:13+00:00","dateModified":"2025-11-22T12:50:43+00:00","description":"Confira agora mesmo a Prova comentada Direitos Humanos Delegado PF elaborada pelos nossos professores!","breadcrumb":{"@id":"https:\/\/cj.estrategia.com\/portal\/prova-comentada-direitos-humanos-concurso-delegado-pf\/#breadcrumb"},"inLanguage":"pt-BR","potentialAction":[{"@type":"ReadAction","target":["https:\/\/cj.estrategia.com\/portal\/prova-comentada-direitos-humanos-concurso-delegado-pf\/"]}]},{"@type":"ImageObject","inLanguage":"pt-BR","@id":"https:\/\/cj.estrategia.com\/portal\/prova-comentada-direitos-humanos-concurso-delegado-pf\/#primaryimage","url":"https:\/\/cj.estrategia.com\/portal\/wp-content\/uploads\/2023\/06\/07102355\/concurso-delegado-pf-policia-federal.jpg","contentUrl":"https:\/\/cj.estrategia.com\/portal\/wp-content\/uploads\/2023\/06\/07102355\/concurso-delegado-pf-policia-federal.jpg","width":768,"height":432},{"@type":"BreadcrumbList","@id":"https:\/\/cj.estrategia.com\/portal\/prova-comentada-direitos-humanos-concurso-delegado-pf\/#breadcrumb","itemListElement":[{"@type":"ListItem","position":1,"name":"In\u00edcio","item":"https:\/\/cj.estrategia.com\/portal\/"},{"@type":"ListItem","position":2,"name":"Prova comentada Direitos Humanos Concurso Delegado PF"}]},{"@type":"WebSite","@id":"https:\/\/cj.estrategia.com\/portal\/#website","url":"https:\/\/cj.estrategia.com\/portal\/","name":"Blog - Carreiras Jur\u00eddicas - Estrat\u00e9gia","description":"","publisher":{"@id":"https:\/\/cj.estrategia.com\/portal\/#organization"},"potentialAction":[{"@type":"SearchAction","target":{"@type":"EntryPoint","urlTemplate":"https:\/\/cj.estrategia.com\/portal\/?s={search_term_string}"},"query-input":{"@type":"PropertyValueSpecification","valueRequired":true,"valueName":"search_term_string"}}],"inLanguage":"pt-BR"},{"@type":"Organization","@id":"https:\/\/cj.estrategia.com\/portal\/#organization","name":"Estrat\u00e9gia - Carreiras Jur\u00eddicas","url":"https:\/\/cj.estrategia.com\/portal\/","logo":{"@type":"ImageObject","inLanguage":"pt-BR","@id":"https:\/\/cj.estrategia.com\/portal\/#\/schema\/logo\/image\/","url":"https:\/\/cj.estrategia.com\/portal\/wp-content\/uploads\/2022\/03\/11151052\/cj-logo.png","contentUrl":"https:\/\/cj.estrategia.com\/portal\/wp-content\/uploads\/2022\/03\/11151052\/cj-logo.png","width":150,"height":39,"caption":"Estrat\u00e9gia - Carreiras Jur\u00eddicas"},"image":{"@id":"https:\/\/cj.estrategia.com\/portal\/#\/schema\/logo\/image\/"},"sameAs":["https:\/\/www.facebook.com\/estrategiacarreirajuridica\/","https:\/\/x.com\/EstratJuridica","https:\/\/www.instagram.com\/estrategiacarreirajuridica\/","https:\/\/www.youtube.com\/channel\/UClbMGuYbj2Mh1m3w144ETWQ"]},{"@type":"Person","@id":"https:\/\/cj.estrategia.com\/portal\/#\/schema\/person\/4d70317d31449932b99102916b6637f5","name":"Coordena\u00e7\u00e3o","image":{"@type":"ImageObject","inLanguage":"pt-BR","@id":"https:\/\/cj.estrategia.com\/portal\/wp-content\/uploads\/2022\/05\/12164923\/estrategia-carreira-juridica-coordenacao-96x96.png","url":"https:\/\/cj.estrategia.com\/portal\/wp-content\/uploads\/2022\/05\/12164923\/estrategia-carreira-juridica-coordenacao-96x96.png","contentUrl":"https:\/\/cj.estrategia.com\/portal\/wp-content\/uploads\/2022\/05\/12164923\/estrategia-carreira-juridica-coordenacao-96x96.png","caption":"Coordena\u00e7\u00e3o"},"url":"https:\/\/cj.estrategia.com\/portal\/author\/coordenacao\/"}]}},"jetpack_featured_media_url":"https:\/\/cj.estrategia.com\/portal\/wp-content\/uploads\/2023\/06\/07102355\/concurso-delegado-pf-policia-federal.jpg","jetpack_sharing_enabled":true,"_links":{"self":[{"href":"https:\/\/cj.estrategia.com\/portal\/wp-json\/wp\/v2\/posts\/139089","targetHints":{"allow":["GET"]}}],"collection":[{"href":"https:\/\/cj.estrategia.com\/portal\/wp-json\/wp\/v2\/posts"}],"about":[{"href":"https:\/\/cj.estrategia.com\/portal\/wp-json\/wp\/v2\/types\/post"}],"author":[{"embeddable":true,"href":"https:\/\/cj.estrategia.com\/portal\/wp-json\/wp\/v2\/users\/12"}],"replies":[{"embeddable":true,"href":"https:\/\/cj.estrategia.com\/portal\/wp-json\/wp\/v2\/comments?post=139089"}],"version-history":[{"count":3,"href":"https:\/\/cj.estrategia.com\/portal\/wp-json\/wp\/v2\/posts\/139089\/revisions"}],"predecessor-version":[{"id":139196,"href":"https:\/\/cj.estrategia.com\/portal\/wp-json\/wp\/v2\/posts\/139089\/revisions\/139196"}],"wp:featuredmedia":[{"embeddable":true,"href":"https:\/\/cj.estrategia.com\/portal\/wp-json\/wp\/v2\/media\/40746"}],"wp:attachment":[{"href":"https:\/\/cj.estrategia.com\/portal\/wp-json\/wp\/v2\/media?parent=139089"}],"wp:term":[{"taxonomy":"category","embeddable":true,"href":"https:\/\/cj.estrategia.com\/portal\/wp-json\/wp\/v2\/categories?post=139089"},{"taxonomy":"post_tag","embeddable":true,"href":"https:\/\/cj.estrategia.com\/portal\/wp-json\/wp\/v2\/tags?post=139089"},{"taxonomy":"tax_estado","embeddable":true,"href":"https:\/\/cj.estrategia.com\/portal\/wp-json\/wp\/v2\/tax_estado?post=139089"}],"curies":[{"name":"wp","href":"https:\/\/api.w.org\/{rel}","templated":true}]}}