{"id":138265,"date":"2025-07-24T18:39:54","date_gmt":"2025-07-24T21:39:54","guid":{"rendered":"https:\/\/cj.estrategia.com\/portal\/?p=138265"},"modified":"2025-08-11T14:03:58","modified_gmt":"2025-08-11T17:03:58","slug":"medidas-cautelares-pessoais-caso-bolsonaro","status":"publish","type":"post","link":"https:\/\/cj.estrategia.com\/portal\/medidas-cautelares-pessoais-caso-bolsonaro\/","title":{"rendered":"Medidas cautelares pessoais e o caso Bolsonaro"},"content":{"rendered":"\n<p>Prof. Gustavo Cordeiro<\/p>\n\n\n\n<p>Em 18 de julho de 2025, o Supremo Tribunal Federal protagonizou decis\u00e3o de grande relev\u00e2ncia para o estudo das medidas cautelares pessoais. O Ministro Alexandre de Moraes determinou a aplica\u00e7\u00e3o de diversas <strong><mark style=\"background-color:rgba(0, 0, 0, 0)\" class=\"has-inline-color has-black-color\">medidas cautelares diversas da pris\u00e3o<\/mark><\/strong> ao ex-presidente Jair Bolsonaro, no \u00e2mbito da Peti\u00e7\u00e3o 14129, vinculada \u00e0 A\u00e7\u00e3o Penal 2668, que apura crimes relacionados \u00e0 tentativa de abolir o Estado Democr\u00e1tico de Direito.<\/p>\n\n\n\n<p>A decis\u00e3o monocr\u00e1tica foi submetida ao referendo da Primeira Turma do STF em 21 de julho, ocasi\u00e3o em que os ministros C\u00e1rmen L\u00facia, Fl\u00e1vio Dino e Cristiano Zanin acompanharam o relator, registrando-se <strong>diverg\u00eancia <\/strong>do ministro Luiz Fux quanto \u00e0 proporcionalidade das medidas aplicadas.<\/p>\n\n\n\n<p>O presente estudo analisa o caso sob perspectiva estritamente t\u00e9cnico-processual, sem adentrar em quest\u00f5es pol\u00edtico-partid\u00e1rias ou discuss\u00f5es sobre a <strong>(a)tipicidade da conduta<\/strong> ou a <strong>(i)legitimidade da compet\u00eancia<\/strong> do Supremo Tribunal Federal para o julgamento do caso. Dessa forma, o objetivo \u00e9 t\u00e3o somente examinar a aplica\u00e7\u00e3o pr\u00e1tica do sistema cautelar pessoal previsto no <strong><a href=\"https:\/\/www.estrategiaconcursos.com.br\/assinaturas-ecj\/\" target=\"_blank\" >C\u00f3digo de Processo Penal<\/a><\/strong>, utilizando decis\u00e3o de repercuss\u00e3o nacional como caso paradigm\u00e1tico para compreens\u00e3o dos institutos processuais.<\/p>\n\n\n\n<h2 class=\"wp-block-heading\" id=\"h-fundamentos-do-sistema-cautelar-pessoal\"><span id=\"fundamentos-do-sistema-cautelar-pessoal\">Fundamentos do sistema cautelar pessoal<\/span><\/h2>\n\n\n\n<h3 class=\"wp-block-heading\" id=\"h-conceito-e-natureza-juridica\"><span id=\"conceito-e-natureza-juridica\">Conceito e natureza jur\u00eddica<\/span><\/h3>\n\n\n\n<p>As <strong><mark style=\"background-color:rgba(0, 0, 0, 0)\" class=\"has-inline-color has-black-color\">medidas cautelares pessoais<\/mark><\/strong> constituem instrumentos processuais destinados a assegurar a efic\u00e1cia do processo penal, mediante restri\u00e7\u00e3o tempor\u00e1ria de direitos fundamentais do investigado ou acusado. Assim, distinguem-se das <strong><mark style=\"background-color:rgba(0, 0, 0, 0)\" class=\"has-inline-color has-black-color\">medidas cautelares reais<\/mark><\/strong> por incidirem sobre a liberdade ambulatorial e direitos conexos, n\u00e3o sobre o patrim\u00f4nio.<\/p>\n\n\n\n<p>O sistema cautelar brasileiro estrutura-se em grada\u00e7\u00e3o de intensidade, partindo de medidas menos invasivas at\u00e9 alcan\u00e7ar a pris\u00e3o preventiva como medida extrema. Essa escala progressiva reflete o <strong>princ\u00edpio da proporcionalidade<\/strong> e a natureza subsidi\u00e1ria da cust\u00f3dia cautelar.<\/p>\n\n\n\n<h3 class=\"wp-block-heading\" id=\"h-requisitos-legais-o-binomio-do-artigo-282\"><span id=\"requisitos-legais-o-binomio-do-artigo-282\">Requisitos legais: o bin\u00f4mio do artigo 282<\/span><\/h3>\n\n\n\n<p>O artigo 282 do CPP estabelece dois requisitos fundamentais e cumulativos para aplica\u00e7\u00e3o de qualquer medida cautelar:<\/p>\n\n\n\n<p><strong>I &#8211; Necessidade:<\/strong>&nbsp;a medida deve ser imprescind\u00edvel para:<\/p>\n\n\n\n<ul class=\"wp-block-list\">\n<li>Aplica\u00e7\u00e3o da lei penal<\/li>\n\n\n\n<li>Adequada investiga\u00e7\u00e3o ou instru\u00e7\u00e3o criminal<\/li>\n\n\n\n<li>Evitar a pr\u00e1tica de infra\u00e7\u00f5es penais (nos casos expressamente previstos)<\/li>\n<\/ul>\n\n\n\n<p><strong>II &#8211; Adequa\u00e7\u00e3o:<\/strong>&nbsp;a medida deve observar proporcionalidade com:<\/p>\n\n\n\n<ul class=\"wp-block-list\">\n<li>A gravidade do crime<\/li>\n\n\n\n<li>As circunst\u00e2ncias do fato<\/li>\n\n\n\n<li>As condi\u00e7\u00f5es pessoais do indiciado ou acusado<\/li>\n<\/ul>\n\n\n\n<p>Esses requisitos funcionam como filtros processuais que impedem a aplica\u00e7\u00e3o arbitr\u00e1ria de medidas restritivas. A necessidade relaciona-se ao <em>periculum libertatis<\/em>, enquanto a adequa\u00e7\u00e3o materializa o princ\u00edpio da proporcionalidade.<\/p>\n\n\n\n<h2 class=\"wp-block-heading\" id=\"h-o-sistema-de-medidas-cautelares-diversas-da-prisao\"><span id=\"o-sistema-de-medidas-cautelares-diversas-da-prisao\">O sistema de medidas cautelares diversas da pris\u00e3o<\/span><\/h2>\n\n\n\n<h3 class=\"wp-block-heading\" id=\"h-o-catalogo-do-artigo-319\"><span id=\"o-catalogo-do-artigo-319\">O cat\u00e1logo do artigo 319<\/span><\/h3>\n\n\n\n<p>O legislador estabeleceu nove modalidades de medidas cautelares alternativas \u00e0 pris\u00e3o:<\/p>\n\n\n\n<pre class=\"wp-block-preformatted\"><strong>I - Comparecimento peri\u00f3dico em ju\u00edzo<\/strong>&nbsp;- Consiste na obriga\u00e7\u00e3o de apresenta\u00e7\u00e3o regular perante a autoridade judicial para informar e justificar atividades. Medida adequada para crimes de menor potencial ofensivo, quando o investigado possui endere\u00e7o fixo e ocupa\u00e7\u00e3o l\u00edcita definida.<br><br><strong>II - Proibi\u00e7\u00e3o de acesso ou frequ\u00eancia a determinados lugares<\/strong>&nbsp;- Restri\u00e7\u00e3o espacial vinculada \u00e0s circunst\u00e2ncias do delito. Aplic\u00e1vel quando o local guarda rela\u00e7\u00e3o com a pr\u00e1tica criminosa ou quando a presen\u00e7a do investigado pode comprometer a ordem p\u00fablica. Exemplos: veda\u00e7\u00e3o de acesso a est\u00e1dios em crimes relacionados a viol\u00eancia em eventos esportivos; proibi\u00e7\u00e3o de frequentar a resid\u00eancia da v\u00edtima em casos de viol\u00eancia dom\u00e9stica.<br><br><strong>III - Proibi\u00e7\u00e3o de manter contato com pessoa determinada<\/strong>&nbsp;- Medida destinada \u00e0 prote\u00e7\u00e3o de v\u00edtimas e testemunhas ou para impedir concerta\u00e7\u00e3o entre investigados. No caso analisado, aplicou-se esta medida para vedar contato entre o ex-presidente e corr\u00e9us, incluindo seu filho Eduardo Bolsonaro.<br><br><strong>IV - Proibi\u00e7\u00e3o de ausentar-se da Comarca<\/strong>&nbsp;- Limita\u00e7\u00e3o territorial que assegura a disponibilidade do investigado para atos processuais. Pode ser modulada conforme as necessidades, admitindo-se autoriza\u00e7\u00f5es judiciais para deslocamentos justificados.<br><br><strong>V - Recolhimento domiciliar<\/strong>&nbsp;- Restri\u00e7\u00e3o parcial da liberdade ambulatorial, aplic\u00e1vel no per\u00edodo noturno e dias de folga quando o investigado mant\u00e9m resid\u00eancia e trabalho fixos. No caso em an\u00e1lise, determinou-se recolhimento das 19h \u00e0s 6h nos dias \u00fateis e integral nos finais de semana e feriados.<br><br><strong>VI - Suspens\u00e3o do exerc\u00edcio de fun\u00e7\u00e3o p\u00fablica ou atividade econ\u00f4mica<\/strong>&nbsp;- Medida espec\u00edfica para crimes funcionais ou quando a manuten\u00e7\u00e3o na fun\u00e7\u00e3o pode comprometer a investiga\u00e7\u00e3o. Visa impedir a utiliza\u00e7\u00e3o do cargo para obstru\u00e7\u00e3o processual ou reitera\u00e7\u00e3o delitiva.<br><br><strong>VII - Interna\u00e7\u00e3o provis\u00f3ria<\/strong>&nbsp;- Aplic\u00e1vel exclusivamente a inimput\u00e1veis ou semi-imput\u00e1veis nos termos do artigo 26 do C\u00f3digo Penal, quando praticado crime com viol\u00eancia ou grave amea\u00e7a e houver risco de reitera\u00e7\u00e3o.<br><br><strong>VIII - Fian\u00e7a<\/strong>&nbsp;- Garantia patrimonial com tr\u00edplice fun\u00e7\u00e3o: assegurar o comparecimento aos atos processuais, garantir eventual indeniza\u00e7\u00e3o e custear despesas processuais. Pode ser cumulada com outras medidas cautelares.<br><br><strong>IX - Monitora\u00e7\u00e3o eletr\u00f4nica<\/strong>&nbsp;- Controle tecnol\u00f3gico de deslocamentos mediante dispositivo eletr\u00f4nico. Permite fiscaliza\u00e7\u00e3o remota do cumprimento de outras cautelares, especialmente o recolhimento domiciliar.<\/pre>\n\n\n\n<h3 class=\"wp-block-heading\" id=\"h-medidas-cautelares-inominadas-o-poder-geral-de-cautela\"><span id=\"medidas-cautelares-inominadas-o-poder-geral-de-cautela\">Medidas cautelares inominadas: o poder geral de cautela<\/span><\/h3>\n\n\n\n<div class=\"wp-block-media-text is-stacked-on-mobile\" style=\"grid-template-columns:35% auto\"><figure class=\"wp-block-media-text__media\"><img decoding=\"async\" width=\"512\" height=\"512\" src=\"https:\/\/cj.estrategia.com\/portal\/wp-content\/uploads\/2025\/04\/24131250\/resumo-estudo-anotacao-observacao-atencao-papel-decisao-lei.png\" alt=\"Medidas cautelares\" class=\"wp-image-114467 size-full\" srcset=\"https:\/\/cj.estrategia.com\/portal\/wp-content\/uploads\/2025\/04\/24131250\/resumo-estudo-anotacao-observacao-atencao-papel-decisao-lei.png 512w, https:\/\/cj.estrategia.com\/portal\/wp-content\/uploads\/2025\/04\/24131250\/resumo-estudo-anotacao-observacao-atencao-papel-decisao-lei-300x300.png 300w, https:\/\/cj.estrategia.com\/portal\/wp-content\/uploads\/2025\/04\/24131250\/resumo-estudo-anotacao-observacao-atencao-papel-decisao-lei-150x150.png 150w, https:\/\/cj.estrategia.com\/portal\/wp-content\/uploads\/2025\/04\/24131250\/resumo-estudo-anotacao-observacao-atencao-papel-decisao-lei-80x80.png 80w, https:\/\/cj.estrategia.com\/portal\/wp-content\/uploads\/2025\/04\/24131250\/resumo-estudo-anotacao-observacao-atencao-papel-decisao-lei-380x380.png 380w, https:\/\/cj.estrategia.com\/portal\/wp-content\/uploads\/2025\/04\/24131250\/resumo-estudo-anotacao-observacao-atencao-papel-decisao-lei-24x24.png 24w, https:\/\/cj.estrategia.com\/portal\/wp-content\/uploads\/2025\/04\/24131250\/resumo-estudo-anotacao-observacao-atencao-papel-decisao-lei-48x48.png 48w, https:\/\/cj.estrategia.com\/portal\/wp-content\/uploads\/2025\/04\/24131250\/resumo-estudo-anotacao-observacao-atencao-papel-decisao-lei-96x96.png 96w\" sizes=\"(max-width: 512px) 100vw, 512px\" \/><\/figure><div class=\"wp-block-media-text__content\">\n<p>A jurisprud\u00eancia consolidou entendimento de que o rol do artigo 319 possui natureza exemplificativa. O poder geral de cautela autoriza o magistrado a determinar medidas n\u00e3o expressamente previstas, desde que observados os requisitos de necessidade e adequa\u00e7\u00e3o.<\/p>\n<\/div><\/div>\n\n\n\n<p>No caso analisado, o Ministro Alexandre de Moraes determinou a proibi\u00e7\u00e3o de uso de redes sociais, medida n\u00e3o catalogada no artigo 319. A decis\u00e3o fundamentou-se na rela\u00e7\u00e3o entre o meio digital e a suposta pr\u00e1tica delitiva, demonstrando adequa\u00e7\u00e3o entre a restri\u00e7\u00e3o imposta e as circunst\u00e2ncias do caso.<\/p>\n\n\n\n<p>Em seguida, outros exemplos de medidas at\u00edpicas admitidas pela jurisprud\u00eancia:<\/p>\n\n\n\n<ul class=\"wp-block-list\">\n<li>Entrega de passaporte<\/li>\n\n\n\n<li>Proibi\u00e7\u00e3o de concess\u00e3o de entrevistas<\/li>\n\n\n\n<li>Veda\u00e7\u00e3o de participa\u00e7\u00e3o em eventos p\u00fablicos<\/li>\n\n\n\n<li>Limita\u00e7\u00e3o de acesso a sistemas informatizados<\/li>\n<\/ul>\n\n\n\n<h2 class=\"wp-block-heading\" id=\"h-a-progressividade-no-descumprimento-analise-do-4\u00ba-do-artigo-282\"><span id=\"a-progressividade-no-descumprimento-analise-do-%c2%a74o-do-artigo-282\">A progressividade no descumprimento: an\u00e1lise do \u00a74\u00ba do artigo 282<\/span><\/h2>\n\n\n\n<h3 class=\"wp-block-heading\" id=\"h-a-escala-de-respostas-ao-descumprimento\"><span id=\"a-escala-de-respostas-ao-descumprimento\">A escala de respostas ao descumprimento<\/span><\/h3>\n\n\n\n<p>O \u00a74\u00ba do artigo 282 estabelece sistema escalonado de consequ\u00eancias para o descumprimento de medidas cautelares:<\/p>\n\n\n\n<ol class=\"wp-block-list\">\n<li><strong>Substitui\u00e7\u00e3o da medida:<\/strong>&nbsp;primeira alternativa, consistente na troca por outra medida mais adequada ou eficaz<\/li>\n\n\n\n<li><strong>Cumula\u00e7\u00e3o de medidas:<\/strong>&nbsp;segunda op\u00e7\u00e3o, mediante adi\u00e7\u00e3o de novas restri\u00e7\u00f5es \u00e0s j\u00e1 existentes<\/li>\n\n\n\n<li><strong>Pris\u00e3o preventiva:<\/strong>&nbsp;apenas &#8220;em \u00faltimo caso&#8221;, como medida extrema<\/li>\n<\/ol>\n\n\n\n<p>Esta progressividade \u00e9 obrigat\u00f3ria, n\u00e3o facultativa. Logo, o magistrado deve esgotar as alternativas menos gravosas antes de decretar a pris\u00e3o, fundamentando a insufici\u00eancia de cada uma delas.<\/p>\n\n\n\n<h3 class=\"wp-block-heading\" id=\"h-a-prisao-preventiva-como-ultima-ratio\"><span id=\"a-prisao-preventiva-como-ultima-ratio\">A pris\u00e3o preventiva como &#8220;Ultima Ratio&#8221;<\/span><\/h3>\n\n\n\n<p>Por conseguinte, o \u00a76\u00ba do artigo 282 refor\u00e7a o car\u00e1ter excepcional da pris\u00e3o cautelar:<\/p>\n\n\n\n<pre class=\"wp-block-preformatted\">\"A pris\u00e3o preventiva somente ser\u00e1 determinada quando n\u00e3o for cab\u00edvel a sua substitui\u00e7\u00e3o por outra medida cautelar, observado o art. 319 deste C\u00f3digo, e o n\u00e3o cabimento da substitui\u00e7\u00e3o por outra medida cautelar dever\u00e1 ser justificado de forma fundamentada nos elementos presentes do caso concreto, de forma individualizada.\"<\/pre>\n\n\n\n<p>A exig\u00eancia de fundamenta\u00e7\u00e3o individualizada impede decis\u00f5es gen\u00e9ricas ou padronizadas. Por isso, cada caso exige an\u00e1lise espec\u00edfica das circunst\u00e2ncias que tornam insuficientes as medidas alternativas.<\/p>\n\n\n\n<h2 class=\"wp-block-heading\" id=\"h-o-caso-concreto-analise-da-decisao\"><span id=\"o-caso-concreto-analise-da-decisao\">O caso concreto: an\u00e1lise da decis\u00e3o<\/span><\/h2>\n\n\n\n<h3 class=\"wp-block-heading\" id=\"h-as-medidas-aplicadas\"><span id=\"as-medidas-aplicadas\">As medidas aplicadas<\/span><\/h3>\n\n\n\n<p>O Ministro Alexandre de Moraes determinou o seguinte conjunto de medidas cautelares:<\/p>\n\n\n\n<ul class=\"wp-block-list\">\n<li>Monitora\u00e7\u00e3o eletr\u00f4nica (art. 319, IX)<\/li>\n\n\n\n<li>Recolhimento domiciliar noturno e integral nos finais de semana (art. 319, V)<\/li>\n\n\n\n<li>Proibi\u00e7\u00e3o de uso de redes sociais (medida inominada)<\/li>\n\n\n\n<li>Proibi\u00e7\u00e3o de acesso a embaixadas e consulados (art. 319, II)<\/li>\n\n\n\n<li>Proibi\u00e7\u00e3o de contato com autoridades diplom\u00e1ticas (art. 319, III)<\/li>\n\n\n\n<li>Proibi\u00e7\u00e3o de contato com corr\u00e9us e investigados (art. 319, III)<\/li>\n<\/ul>\n\n\n\n<p>A combina\u00e7\u00e3o de medidas t\u00edpicas e at\u00edpicas demonstra a flexibilidade do sistema cautelar para adequar-se \u00e0s peculiaridades do caso concreto.<\/p>\n\n\n\n<h3 class=\"wp-block-heading\" id=\"h-o-descumprimento-e-a-nao-conversao-em-prisao\"><span id=\"o-descumprimento-e-a-nao-conversao-em-prisao\">O descumprimento e a n\u00e3o convers\u00e3o em pris\u00e3o<\/span><\/h3>\n\n\n\n<p>Constatado o descumprimento pontual da medida cautelar &#8211; especificamente a divulga\u00e7\u00e3o de conte\u00fado em redes sociais de terceiros &#8211; o magistrado optou por n\u00e3o decretar a pris\u00e3o preventiva. Nesse sentido, a fundamenta\u00e7\u00e3o observou rigorosamente os par\u00e2metros legais:<\/p>\n\n\n\n<ol class=\"wp-block-list\">\n<li><strong>An\u00e1lise da natureza do descumprimento:<\/strong>&nbsp;qualificado como isolado e n\u00e3o reiterado;<\/li>\n\n\n\n<li><strong>Avalia\u00e7\u00e3o da necessidade atual:<\/strong>&nbsp;aus\u00eancia de demonstra\u00e7\u00e3o de que as medidas vigentes se tornaram insuficientes;<\/li>\n\n\n\n<li><strong>Manuten\u00e7\u00e3o do status quo:<\/strong>&nbsp;preserva\u00e7\u00e3o das medidas j\u00e1 impostas;<\/li>\n\n\n\n<li><strong>Advert\u00eancia formal:<\/strong>&nbsp;indica\u00e7\u00e3o expressa de que novo descumprimento ensejaria a pris\u00e3o.<\/li>\n<\/ol>\n\n\n\n<p>Esta decis\u00e3o exemplifica a aplica\u00e7\u00e3o pr\u00e1tica da <strong>progressividade<\/strong> estabelecida no \u00a74\u00ba do artigo 282, demonstrando que o descumprimento n\u00e3o gera automaticamente a convers\u00e3o em pris\u00e3o preventiva.<\/p>\n\n\n\n<h2 class=\"wp-block-heading\" id=\"h-conclusao\"><span id=\"conclusao\">Conclus\u00e3o<\/span><\/h2>\n\n\n\n<p>O caso analisado oferece exemplo paradigm\u00e1tico da aplica\u00e7\u00e3o do sistema cautelar pessoal brasileiro. A decis\u00e3o do Supremo Tribunal Federal demonstra, neste particular, observ\u00e2ncia aos <strong>princ\u00edpios fundamentais<\/strong> que regem a mat\u00e9ria: subsidiariedade da pris\u00e3o, progressividade das respostas ao descumprimento e necessidade de fundamenta\u00e7\u00e3o individualizada.<\/p>\n\n\n\n<p>Para o operador do direito, especialmente aqueles que se preparam para ingresso nas carreiras jur\u00eddicas, o caso evidencia aspectos essenciais:<\/p>\n\n\n\n<ol class=\"wp-block-list\">\n<li>A imprescindibilidade da an\u00e1lise conjunta dos requisitos de necessidade e adequa\u00e7\u00e3o<\/li>\n\n\n\n<li>O car\u00e1ter meramente exemplificativo do rol do artigo 319<\/li>\n\n\n\n<li>A obrigatoriedade da progressividade na resposta ao descumprimento<\/li>\n\n\n\n<li>A natureza excepcional da pris\u00e3o preventiva no sistema cautelar<\/li>\n<\/ol>\n\n\n\n<p>Por fim, a correta compreens\u00e3o desses institutos transcende o conhecimento te\u00f3rico, revelando-se fundamental para a atua\u00e7\u00e3o pr\u00e1tica no processo penal. O caso demonstra que o sistema cautelar pessoal, quando adequadamente aplicado, consegue equilibrar as necessidades quanto \u00e0 efic\u00e1cia do processo com a preserva\u00e7\u00e3o dos direitos fundamentais, independentemente da posi\u00e7\u00e3o social, ideol\u00f3gica ou pol\u00edtica do investigado.<\/p>\n\n\n\n<hr class=\"wp-block-separator has-alpha-channel-opacity\"\/>\n\n\n\n<h2 class=\"wp-block-heading has-text-align-center\" id=\"h-quer-saber-quais-serao-os-proximos-concursos\"><span id=\"quer-saber-quais-serao-os-proximos-concursos\">Quer saber quais ser\u00e3o os pr\u00f3ximos concursos?<\/span><\/h2>\n\n\n\n<pre class=\"wp-block-verse has-text-align-center\">Confira nossos&nbsp;<a href=\"https:\/\/cj.estrategia.com\/portal\/\" target=\"_blank\" >artigos para Carreiras Jur\u00eddicas<\/a>!<\/pre>\n\n\n\n<p class=\"has-text-align-center has-white-color has-pale-cyan-blue-background-color has-text-color has-background has-link-color wp-elements-723b3278bf14a50a5e7b7e937b9a17d4\"><a href=\"https:\/\/cj.estrategia.com\/portal\/concursos-abertos-carreiras-juridicas\/\">Concursos jur\u00eddicos abertos<\/a><\/p>\n\n\n\n<p class=\"has-text-align-center has-white-color has-pale-cyan-blue-background-color has-text-color has-background has-link-color wp-elements-41349f36dc977263ca2129bf0f6dd541\"><a href=\"https:\/\/cj.estrategia.com\/portal\/concursos-2025-carreiras-juridicas\/\" target=\"_blank\" >Concursos jur\u00eddicos 2025<\/a><\/p>\n","protected":false},"excerpt":{"rendered":"Prof. Gustavo Cordeiro Em 18 de julho de 2025, o Supremo Tribunal Federal protagonizou decis\u00e3o de grande relev\u00e2ncia&hellip;\n","protected":false},"author":12,"featured_media":131187,"comment_status":"open","ping_status":"open","sticky":false,"template":"","format":"standard","meta":{"_jetpack_memberships_contains_paid_content":false,"footnotes":""},"categories":[1],"tags":[408,440,132,2980,2981,1092,1030,134],"tax_estado":[30,31,32,33,34,35,36,37,38,39,40,41,42,43,44,45,46,47,48,49,50,51,52,53,54,55,56,57],"class_list":{"0":"post-138265","1":"post","2":"type-post","3":"status-publish","4":"format-standard","5":"has-post-thumbnail","7":"category-carreiras-juridicas","8":"tag-cpp","9":"tag-jair-bolsonaro","10":"tag-jurisprudencia","11":"tag-medidas-cautelares-pessoais","12":"tag-medidas-cautelares-reais","13":"tag-principio-da-proporcionalidade","14":"tag-prisao-preventiva","15":"tag-stf","16":"tax_estado-ac","17":"tax_estado-al","18":"tax_estado-am","19":"tax_estado-ap","20":"tax_estado-ba","21":"tax_estado-ce","22":"tax_estado-concursos-federais","23":"tax_estado-df","24":"tax_estado-es","25":"tax_estado-go","26":"tax_estado-ma","27":"tax_estado-mg","28":"tax_estado-ms","29":"tax_estado-mt","30":"tax_estado-pa","31":"tax_estado-pb","32":"tax_estado-pe","33":"tax_estado-pi","34":"tax_estado-pr","35":"tax_estado-rj","36":"tax_estado-rn","37":"tax_estado-ro","38":"tax_estado-rr","39":"tax_estado-rs","40":"tax_estado-sc","41":"tax_estado-se","42":"tax_estado-sp","43":"tax_estado-to"},"acf":[],"yoast_head":"<!-- This site is optimized with the Yoast SEO Premium plugin v27.4 (Yoast SEO v27.4) - https:\/\/yoast.com\/product\/yoast-seo-premium-wordpress\/ -->\n<title>Medidas cautelares pessoais e o caso Bolsonaro<\/title>\n<meta name=\"description\" content=\"Em julho de 2025, o STF determinou a aplica\u00e7\u00e3o de diversas medidas cautelares diversas da pris\u00e3o ao ex-presidente Jair Bolsonaro.\" \/>\n<meta name=\"robots\" content=\"index, follow, max-snippet:-1, max-image-preview:large, max-video-preview:-1\" \/>\n<link rel=\"canonical\" href=\"https:\/\/cj.estrategia.com\/portal\/medidas-cautelares-pessoais-caso-bolsonaro\/\" \/>\n<meta property=\"og:locale\" content=\"pt_BR\" \/>\n<meta property=\"og:type\" content=\"article\" \/>\n<meta property=\"og:title\" content=\"Medidas cautelares pessoais e o caso Bolsonaro\" \/>\n<meta property=\"og:description\" content=\"Em julho de 2025, o STF determinou a aplica\u00e7\u00e3o de diversas medidas cautelares diversas da pris\u00e3o ao ex-presidente Jair Bolsonaro.\" \/>\n<meta property=\"og:url\" content=\"https:\/\/cj.estrategia.com\/portal\/medidas-cautelares-pessoais-caso-bolsonaro\/\" \/>\n<meta property=\"og:site_name\" content=\"Blog - Carreiras Jur\u00eddicas - Estrat\u00e9gia\" \/>\n<meta property=\"article:publisher\" content=\"https:\/\/www.facebook.com\/estrategiacarreirajuridica\/\" \/>\n<meta property=\"article:published_time\" content=\"2025-07-24T21:39:54+00:00\" \/>\n<meta property=\"article:modified_time\" content=\"2025-08-11T17:03:58+00:00\" \/>\n<meta property=\"og:image\" content=\"https:\/\/cj.estrategia.com\/portal\/wp-content\/uploads\/2025\/06\/25212221\/STF1-e1750897368165.jpg\" \/>\n\t<meta property=\"og:image:width\" content=\"2000\" \/>\n\t<meta property=\"og:image:height\" content=\"1063\" \/>\n\t<meta property=\"og:image:type\" content=\"image\/jpeg\" \/>\n<meta name=\"author\" content=\"Coordena\u00e7\u00e3o\" \/>\n<meta name=\"twitter:card\" content=\"summary_large_image\" \/>\n<meta name=\"twitter:creator\" content=\"@EstratJuridica\" \/>\n<meta name=\"twitter:site\" content=\"@EstratJuridica\" \/>\n<meta name=\"twitter:label1\" content=\"Escrito por\" \/>\n\t<meta name=\"twitter:data1\" content=\"Coordena\u00e7\u00e3o\" \/>\n\t<meta name=\"twitter:label2\" content=\"Est. tempo de leitura\" \/>\n\t<meta name=\"twitter:data2\" content=\"7 minutos\" \/>\n<script type=\"application\/ld+json\" class=\"yoast-schema-graph\">{\"@context\":\"https:\\\/\\\/schema.org\",\"@graph\":[{\"@type\":\"NewsArticle\",\"@id\":\"https:\\\/\\\/cj.estrategia.com\\\/portal\\\/medidas-cautelares-pessoais-caso-bolsonaro\\\/#article\",\"isPartOf\":{\"@id\":\"https:\\\/\\\/cj.estrategia.com\\\/portal\\\/medidas-cautelares-pessoais-caso-bolsonaro\\\/\"},\"author\":{\"name\":\"Coordena\u00e7\u00e3o\",\"@id\":\"https:\\\/\\\/cj.estrategia.com\\\/portal\\\/#\\\/schema\\\/person\\\/4d70317d31449932b99102916b6637f5\"},\"headline\":\"Medidas cautelares pessoais e o caso Bolsonaro\",\"datePublished\":\"2025-07-24T21:39:54+00:00\",\"dateModified\":\"2025-08-11T17:03:58+00:00\",\"mainEntityOfPage\":{\"@id\":\"https:\\\/\\\/cj.estrategia.com\\\/portal\\\/medidas-cautelares-pessoais-caso-bolsonaro\\\/\"},\"wordCount\":1193,\"commentCount\":0,\"publisher\":{\"@id\":\"https:\\\/\\\/cj.estrategia.com\\\/portal\\\/#organization\"},\"image\":{\"@id\":\"https:\\\/\\\/cj.estrategia.com\\\/portal\\\/medidas-cautelares-pessoais-caso-bolsonaro\\\/#primaryimage\"},\"thumbnailUrl\":\"https:\\\/\\\/cj.estrategia.com\\\/portal\\\/wp-content\\\/uploads\\\/2025\\\/06\\\/25212221\\\/STF1-e1750897368165.jpg\",\"keywords\":[\"CPP\",\"Jair Bolsonaro\",\"jurisprud\u00eancia\",\"medidas cautelares pessoais\",\"medidas cautelares reais\",\"princ\u00edpio da proporcionalidade\",\"pris\u00e3o preventiva\",\"STF\"],\"articleSection\":[\"Carreiras Jur\u00eddicas\"],\"inLanguage\":\"pt-BR\",\"potentialAction\":[{\"@type\":\"CommentAction\",\"name\":\"Comment\",\"target\":[\"https:\\\/\\\/cj.estrategia.com\\\/portal\\\/medidas-cautelares-pessoais-caso-bolsonaro\\\/#respond\"]}]},{\"@type\":\"WebPage\",\"@id\":\"https:\\\/\\\/cj.estrategia.com\\\/portal\\\/medidas-cautelares-pessoais-caso-bolsonaro\\\/\",\"url\":\"https:\\\/\\\/cj.estrategia.com\\\/portal\\\/medidas-cautelares-pessoais-caso-bolsonaro\\\/\",\"name\":\"Medidas cautelares pessoais e o caso Bolsonaro\",\"isPartOf\":{\"@id\":\"https:\\\/\\\/cj.estrategia.com\\\/portal\\\/#website\"},\"primaryImageOfPage\":{\"@id\":\"https:\\\/\\\/cj.estrategia.com\\\/portal\\\/medidas-cautelares-pessoais-caso-bolsonaro\\\/#primaryimage\"},\"image\":{\"@id\":\"https:\\\/\\\/cj.estrategia.com\\\/portal\\\/medidas-cautelares-pessoais-caso-bolsonaro\\\/#primaryimage\"},\"thumbnailUrl\":\"https:\\\/\\\/cj.estrategia.com\\\/portal\\\/wp-content\\\/uploads\\\/2025\\\/06\\\/25212221\\\/STF1-e1750897368165.jpg\",\"datePublished\":\"2025-07-24T21:39:54+00:00\",\"dateModified\":\"2025-08-11T17:03:58+00:00\",\"description\":\"Em julho de 2025, o STF determinou a aplica\u00e7\u00e3o de diversas medidas cautelares diversas da pris\u00e3o ao ex-presidente Jair Bolsonaro.\",\"breadcrumb\":{\"@id\":\"https:\\\/\\\/cj.estrategia.com\\\/portal\\\/medidas-cautelares-pessoais-caso-bolsonaro\\\/#breadcrumb\"},\"inLanguage\":\"pt-BR\",\"potentialAction\":[{\"@type\":\"ReadAction\",\"target\":[\"https:\\\/\\\/cj.estrategia.com\\\/portal\\\/medidas-cautelares-pessoais-caso-bolsonaro\\\/\"]}]},{\"@type\":\"ImageObject\",\"inLanguage\":\"pt-BR\",\"@id\":\"https:\\\/\\\/cj.estrategia.com\\\/portal\\\/medidas-cautelares-pessoais-caso-bolsonaro\\\/#primaryimage\",\"url\":\"https:\\\/\\\/cj.estrategia.com\\\/portal\\\/wp-content\\\/uploads\\\/2025\\\/06\\\/25212221\\\/STF1-e1750897368165.jpg\",\"contentUrl\":\"https:\\\/\\\/cj.estrategia.com\\\/portal\\\/wp-content\\\/uploads\\\/2025\\\/06\\\/25212221\\\/STF1-e1750897368165.jpg\",\"width\":2000,\"height\":1063,\"caption\":\"caso mari ferer no STF\"},{\"@type\":\"BreadcrumbList\",\"@id\":\"https:\\\/\\\/cj.estrategia.com\\\/portal\\\/medidas-cautelares-pessoais-caso-bolsonaro\\\/#breadcrumb\",\"itemListElement\":[{\"@type\":\"ListItem\",\"position\":1,\"name\":\"In\u00edcio\",\"item\":\"https:\\\/\\\/cj.estrategia.com\\\/portal\\\/\"},{\"@type\":\"ListItem\",\"position\":2,\"name\":\"Medidas cautelares pessoais e o caso Bolsonaro\"}]},{\"@type\":\"WebSite\",\"@id\":\"https:\\\/\\\/cj.estrategia.com\\\/portal\\\/#website\",\"url\":\"https:\\\/\\\/cj.estrategia.com\\\/portal\\\/\",\"name\":\"Blog - Carreiras Jur\u00eddicas - Estrat\u00e9gia\",\"description\":\"\",\"publisher\":{\"@id\":\"https:\\\/\\\/cj.estrategia.com\\\/portal\\\/#organization\"},\"potentialAction\":[{\"@type\":\"SearchAction\",\"target\":{\"@type\":\"EntryPoint\",\"urlTemplate\":\"https:\\\/\\\/cj.estrategia.com\\\/portal\\\/?s={search_term_string}\"},\"query-input\":{\"@type\":\"PropertyValueSpecification\",\"valueRequired\":true,\"valueName\":\"search_term_string\"}}],\"inLanguage\":\"pt-BR\"},{\"@type\":\"Organization\",\"@id\":\"https:\\\/\\\/cj.estrategia.com\\\/portal\\\/#organization\",\"name\":\"Estrat\u00e9gia - Carreiras Jur\u00eddicas\",\"url\":\"https:\\\/\\\/cj.estrategia.com\\\/portal\\\/\",\"logo\":{\"@type\":\"ImageObject\",\"inLanguage\":\"pt-BR\",\"@id\":\"https:\\\/\\\/cj.estrategia.com\\\/portal\\\/#\\\/schema\\\/logo\\\/image\\\/\",\"url\":\"https:\\\/\\\/cj.estrategia.com\\\/portal\\\/wp-content\\\/uploads\\\/2022\\\/03\\\/11151052\\\/cj-logo.png\",\"contentUrl\":\"https:\\\/\\\/cj.estrategia.com\\\/portal\\\/wp-content\\\/uploads\\\/2022\\\/03\\\/11151052\\\/cj-logo.png\",\"width\":150,\"height\":39,\"caption\":\"Estrat\u00e9gia - Carreiras Jur\u00eddicas\"},\"image\":{\"@id\":\"https:\\\/\\\/cj.estrategia.com\\\/portal\\\/#\\\/schema\\\/logo\\\/image\\\/\"},\"sameAs\":[\"https:\\\/\\\/www.facebook.com\\\/estrategiacarreirajuridica\\\/\",\"https:\\\/\\\/x.com\\\/EstratJuridica\",\"https:\\\/\\\/www.instagram.com\\\/estrategiacarreirajuridica\\\/\",\"https:\\\/\\\/www.youtube.com\\\/channel\\\/UClbMGuYbj2Mh1m3w144ETWQ\"]},{\"@type\":\"Person\",\"@id\":\"https:\\\/\\\/cj.estrategia.com\\\/portal\\\/#\\\/schema\\\/person\\\/4d70317d31449932b99102916b6637f5\",\"name\":\"Coordena\u00e7\u00e3o\",\"image\":{\"@type\":\"ImageObject\",\"inLanguage\":\"pt-BR\",\"@id\":\"https:\\\/\\\/cj.estrategia.com\\\/portal\\\/wp-content\\\/uploads\\\/2022\\\/05\\\/12164923\\\/estrategia-carreira-juridica-coordenacao-96x96.png\",\"url\":\"https:\\\/\\\/cj.estrategia.com\\\/portal\\\/wp-content\\\/uploads\\\/2022\\\/05\\\/12164923\\\/estrategia-carreira-juridica-coordenacao-96x96.png\",\"contentUrl\":\"https:\\\/\\\/cj.estrategia.com\\\/portal\\\/wp-content\\\/uploads\\\/2022\\\/05\\\/12164923\\\/estrategia-carreira-juridica-coordenacao-96x96.png\",\"caption\":\"Coordena\u00e7\u00e3o\"},\"url\":\"https:\\\/\\\/cj.estrategia.com\\\/portal\\\/author\\\/coordenacao\\\/\"}]}<\/script>\n<!-- \/ Yoast SEO Premium plugin. -->","yoast_head_json":{"title":"Medidas cautelares pessoais e o caso Bolsonaro","description":"Em julho de 2025, o STF determinou a aplica\u00e7\u00e3o de diversas medidas cautelares diversas da pris\u00e3o ao ex-presidente Jair Bolsonaro.","robots":{"index":"index","follow":"follow","max-snippet":"max-snippet:-1","max-image-preview":"max-image-preview:large","max-video-preview":"max-video-preview:-1"},"canonical":"https:\/\/cj.estrategia.com\/portal\/medidas-cautelares-pessoais-caso-bolsonaro\/","og_locale":"pt_BR","og_type":"article","og_title":"Medidas cautelares pessoais e o caso Bolsonaro","og_description":"Em julho de 2025, o STF determinou a aplica\u00e7\u00e3o de diversas medidas cautelares diversas da pris\u00e3o ao ex-presidente Jair Bolsonaro.","og_url":"https:\/\/cj.estrategia.com\/portal\/medidas-cautelares-pessoais-caso-bolsonaro\/","og_site_name":"Blog - Carreiras Jur\u00eddicas - Estrat\u00e9gia","article_publisher":"https:\/\/www.facebook.com\/estrategiacarreirajuridica\/","article_published_time":"2025-07-24T21:39:54+00:00","article_modified_time":"2025-08-11T17:03:58+00:00","og_image":[{"width":2000,"height":1063,"url":"https:\/\/cj.estrategia.com\/portal\/wp-content\/uploads\/2025\/06\/25212221\/STF1-e1750897368165.jpg","type":"image\/jpeg"}],"author":"Coordena\u00e7\u00e3o","twitter_card":"summary_large_image","twitter_creator":"@EstratJuridica","twitter_site":"@EstratJuridica","twitter_misc":{"Escrito por":"Coordena\u00e7\u00e3o","Est. tempo de leitura":"7 minutos"},"schema":{"@context":"https:\/\/schema.org","@graph":[{"@type":"NewsArticle","@id":"https:\/\/cj.estrategia.com\/portal\/medidas-cautelares-pessoais-caso-bolsonaro\/#article","isPartOf":{"@id":"https:\/\/cj.estrategia.com\/portal\/medidas-cautelares-pessoais-caso-bolsonaro\/"},"author":{"name":"Coordena\u00e7\u00e3o","@id":"https:\/\/cj.estrategia.com\/portal\/#\/schema\/person\/4d70317d31449932b99102916b6637f5"},"headline":"Medidas cautelares pessoais e o caso Bolsonaro","datePublished":"2025-07-24T21:39:54+00:00","dateModified":"2025-08-11T17:03:58+00:00","mainEntityOfPage":{"@id":"https:\/\/cj.estrategia.com\/portal\/medidas-cautelares-pessoais-caso-bolsonaro\/"},"wordCount":1193,"commentCount":0,"publisher":{"@id":"https:\/\/cj.estrategia.com\/portal\/#organization"},"image":{"@id":"https:\/\/cj.estrategia.com\/portal\/medidas-cautelares-pessoais-caso-bolsonaro\/#primaryimage"},"thumbnailUrl":"https:\/\/cj.estrategia.com\/portal\/wp-content\/uploads\/2025\/06\/25212221\/STF1-e1750897368165.jpg","keywords":["CPP","Jair Bolsonaro","jurisprud\u00eancia","medidas cautelares pessoais","medidas cautelares reais","princ\u00edpio da proporcionalidade","pris\u00e3o preventiva","STF"],"articleSection":["Carreiras Jur\u00eddicas"],"inLanguage":"pt-BR","potentialAction":[{"@type":"CommentAction","name":"Comment","target":["https:\/\/cj.estrategia.com\/portal\/medidas-cautelares-pessoais-caso-bolsonaro\/#respond"]}]},{"@type":"WebPage","@id":"https:\/\/cj.estrategia.com\/portal\/medidas-cautelares-pessoais-caso-bolsonaro\/","url":"https:\/\/cj.estrategia.com\/portal\/medidas-cautelares-pessoais-caso-bolsonaro\/","name":"Medidas cautelares pessoais e o caso Bolsonaro","isPartOf":{"@id":"https:\/\/cj.estrategia.com\/portal\/#website"},"primaryImageOfPage":{"@id":"https:\/\/cj.estrategia.com\/portal\/medidas-cautelares-pessoais-caso-bolsonaro\/#primaryimage"},"image":{"@id":"https:\/\/cj.estrategia.com\/portal\/medidas-cautelares-pessoais-caso-bolsonaro\/#primaryimage"},"thumbnailUrl":"https:\/\/cj.estrategia.com\/portal\/wp-content\/uploads\/2025\/06\/25212221\/STF1-e1750897368165.jpg","datePublished":"2025-07-24T21:39:54+00:00","dateModified":"2025-08-11T17:03:58+00:00","description":"Em julho de 2025, o STF determinou a aplica\u00e7\u00e3o de diversas medidas cautelares diversas da pris\u00e3o ao ex-presidente Jair Bolsonaro.","breadcrumb":{"@id":"https:\/\/cj.estrategia.com\/portal\/medidas-cautelares-pessoais-caso-bolsonaro\/#breadcrumb"},"inLanguage":"pt-BR","potentialAction":[{"@type":"ReadAction","target":["https:\/\/cj.estrategia.com\/portal\/medidas-cautelares-pessoais-caso-bolsonaro\/"]}]},{"@type":"ImageObject","inLanguage":"pt-BR","@id":"https:\/\/cj.estrategia.com\/portal\/medidas-cautelares-pessoais-caso-bolsonaro\/#primaryimage","url":"https:\/\/cj.estrategia.com\/portal\/wp-content\/uploads\/2025\/06\/25212221\/STF1-e1750897368165.jpg","contentUrl":"https:\/\/cj.estrategia.com\/portal\/wp-content\/uploads\/2025\/06\/25212221\/STF1-e1750897368165.jpg","width":2000,"height":1063,"caption":"caso mari ferer no STF"},{"@type":"BreadcrumbList","@id":"https:\/\/cj.estrategia.com\/portal\/medidas-cautelares-pessoais-caso-bolsonaro\/#breadcrumb","itemListElement":[{"@type":"ListItem","position":1,"name":"In\u00edcio","item":"https:\/\/cj.estrategia.com\/portal\/"},{"@type":"ListItem","position":2,"name":"Medidas cautelares pessoais e o caso Bolsonaro"}]},{"@type":"WebSite","@id":"https:\/\/cj.estrategia.com\/portal\/#website","url":"https:\/\/cj.estrategia.com\/portal\/","name":"Blog - Carreiras Jur\u00eddicas - Estrat\u00e9gia","description":"","publisher":{"@id":"https:\/\/cj.estrategia.com\/portal\/#organization"},"potentialAction":[{"@type":"SearchAction","target":{"@type":"EntryPoint","urlTemplate":"https:\/\/cj.estrategia.com\/portal\/?s={search_term_string}"},"query-input":{"@type":"PropertyValueSpecification","valueRequired":true,"valueName":"search_term_string"}}],"inLanguage":"pt-BR"},{"@type":"Organization","@id":"https:\/\/cj.estrategia.com\/portal\/#organization","name":"Estrat\u00e9gia - Carreiras Jur\u00eddicas","url":"https:\/\/cj.estrategia.com\/portal\/","logo":{"@type":"ImageObject","inLanguage":"pt-BR","@id":"https:\/\/cj.estrategia.com\/portal\/#\/schema\/logo\/image\/","url":"https:\/\/cj.estrategia.com\/portal\/wp-content\/uploads\/2022\/03\/11151052\/cj-logo.png","contentUrl":"https:\/\/cj.estrategia.com\/portal\/wp-content\/uploads\/2022\/03\/11151052\/cj-logo.png","width":150,"height":39,"caption":"Estrat\u00e9gia - Carreiras Jur\u00eddicas"},"image":{"@id":"https:\/\/cj.estrategia.com\/portal\/#\/schema\/logo\/image\/"},"sameAs":["https:\/\/www.facebook.com\/estrategiacarreirajuridica\/","https:\/\/x.com\/EstratJuridica","https:\/\/www.instagram.com\/estrategiacarreirajuridica\/","https:\/\/www.youtube.com\/channel\/UClbMGuYbj2Mh1m3w144ETWQ"]},{"@type":"Person","@id":"https:\/\/cj.estrategia.com\/portal\/#\/schema\/person\/4d70317d31449932b99102916b6637f5","name":"Coordena\u00e7\u00e3o","image":{"@type":"ImageObject","inLanguage":"pt-BR","@id":"https:\/\/cj.estrategia.com\/portal\/wp-content\/uploads\/2022\/05\/12164923\/estrategia-carreira-juridica-coordenacao-96x96.png","url":"https:\/\/cj.estrategia.com\/portal\/wp-content\/uploads\/2022\/05\/12164923\/estrategia-carreira-juridica-coordenacao-96x96.png","contentUrl":"https:\/\/cj.estrategia.com\/portal\/wp-content\/uploads\/2022\/05\/12164923\/estrategia-carreira-juridica-coordenacao-96x96.png","caption":"Coordena\u00e7\u00e3o"},"url":"https:\/\/cj.estrategia.com\/portal\/author\/coordenacao\/"}]}},"jetpack_featured_media_url":"https:\/\/cj.estrategia.com\/portal\/wp-content\/uploads\/2025\/06\/25212221\/STF1-e1750897368165.jpg","jetpack_sharing_enabled":true,"_links":{"self":[{"href":"https:\/\/cj.estrategia.com\/portal\/wp-json\/wp\/v2\/posts\/138265","targetHints":{"allow":["GET"]}}],"collection":[{"href":"https:\/\/cj.estrategia.com\/portal\/wp-json\/wp\/v2\/posts"}],"about":[{"href":"https:\/\/cj.estrategia.com\/portal\/wp-json\/wp\/v2\/types\/post"}],"author":[{"embeddable":true,"href":"https:\/\/cj.estrategia.com\/portal\/wp-json\/wp\/v2\/users\/12"}],"replies":[{"embeddable":true,"href":"https:\/\/cj.estrategia.com\/portal\/wp-json\/wp\/v2\/comments?post=138265"}],"version-history":[{"count":5,"href":"https:\/\/cj.estrategia.com\/portal\/wp-json\/wp\/v2\/posts\/138265\/revisions"}],"predecessor-version":[{"id":142651,"href":"https:\/\/cj.estrategia.com\/portal\/wp-json\/wp\/v2\/posts\/138265\/revisions\/142651"}],"wp:featuredmedia":[{"embeddable":true,"href":"https:\/\/cj.estrategia.com\/portal\/wp-json\/wp\/v2\/media\/131187"}],"wp:attachment":[{"href":"https:\/\/cj.estrategia.com\/portal\/wp-json\/wp\/v2\/media?parent=138265"}],"wp:term":[{"taxonomy":"category","embeddable":true,"href":"https:\/\/cj.estrategia.com\/portal\/wp-json\/wp\/v2\/categories?post=138265"},{"taxonomy":"post_tag","embeddable":true,"href":"https:\/\/cj.estrategia.com\/portal\/wp-json\/wp\/v2\/tags?post=138265"},{"taxonomy":"tax_estado","embeddable":true,"href":"https:\/\/cj.estrategia.com\/portal\/wp-json\/wp\/v2\/tax_estado?post=138265"}],"curies":[{"name":"wp","href":"https:\/\/api.w.org\/{rel}","templated":true}]}}