{"id":138,"date":"2026-03-26T10:48:00","date_gmt":"2026-03-26T13:48:00","guid":{"rendered":"https:\/\/cj.estrategia.com\/portal\/?p=138"},"modified":"2026-04-06T15:13:26","modified_gmt":"2026-04-06T18:13:26","slug":"concurso-pge-rs-procurador","status":"publish","type":"post","link":"https:\/\/cj.estrategia.com\/portal\/concurso-pge-rs-procurador\/","title":{"rendered":"Concurso PGE RS Procurador: validade prorrogada at\u00e9 2027!"},"content":{"rendered":"\n<p><strong><em><br>Procuradoria-Geral do Estado do Rio Grande do Sul prorroga por dois anos concurso para Procurador.<\/em><\/strong><\/p>\n\n\n<a id=\"cta-icon\" href=\"https:\/\/sndflw.com\/i\/procuradorias-grupo\" target=\"blank\" style=\"background:rgb(41,166,26)\">\n            <img decoding=\"async\" src=\"https:\/\/cj.estrategia.com\/portal\/wp-content\/uploads\/2023\/12\/07160657\/whatsapp_1385.webp\" alt=\"\" alt=\"whatsapp_1385\"><span > Acesse agora o Grupo de Estudos para Concurso de Procuradorias <\/span><\/a>\n\n\n\n<p>A Procuradoria Geral do Estado do Rio Grande do Sul (PGE RS) <strong>prorrogou por dois anos<\/strong>, a contar do dia 2 de maio de 2025, <strong>o prazo de validade do<\/strong> <strong>concurso publico que ofertou vagas para o cargo de Procurador de Classe Inicial<\/strong>, cujo edital foi publicado em 2021.<\/p>\n\n\n\n<p>O \u00faltimo edital ofertou <strong>sete vagas<\/strong> para o cargo, com remunera\u00e7\u00e3o inicial de <strong>R$ 20.353,06.<\/strong> A <strong>organiza\u00e7\u00e3o<\/strong> <strong>do certame<\/strong> foi realizada pela <strong>FUNDATEC<\/strong>.<strong> <\/strong><\/p>\n\n\n\n<p>At\u00e9 o momento <strong>foram nomeados 27 aprovados<\/strong> para exercerem, em est\u00e1gio probat\u00f3rio, o cargo de Procurador, ou seja, mais que o dobro das vagas ofertadas. Confira o documento completo:<\/p>\n\n\n\n<ul class=\"wp-block-list\">\n<li><a href=\"https:\/\/cj.estrategia.com\/portal\/wp-content\/uploads\/2022\/08\/25111912\/AprovadosNomeados-Concurso-PGE-RS-Procurador.pdf\" target=\"_blank\" rel=\"noreferrer noopener nofollow\">Aprovados\/nomeados no concurso<\/a>.<\/li>\n<\/ul>\n\n\n\n<ul class=\"wp-block-list has-very-light-gray-to-cyan-bluish-gray-gradient-background has-background\">\n<li><strong>Concurso PGE RS Procurador<\/strong><\/li>\n\n\n\n<li><strong>Status<\/strong>: nomeados \/ validade prorrogada<\/li>\n\n\n\n<li><strong style=\"color: initial;\">Banca:<\/strong><span style=\"color: initial;\">\u00a0<a href=\"https:\/\/www.fundatec.org.br\/portal\/concursos\/index_concursos.php?concurso=625\">FUNDATEC<\/a><\/span><\/li>\n\n\n\n<li><strong>Vagas:<\/strong> 7<\/li>\n\n\n\n<li><strong>Sal\u00e1rio:<\/strong>\u00a0R$ 20.353,06<\/li>\n\n\n\n<li><\/li>\n<\/ul>\n\n\n\n<div class=\"container\" id=\"boxes\">\n  <div class=\"row\">\n\n    <div class=\"col-sm\">\n      <div class=\"banner-ecj-procuradorias\" id=\"box-assinatura\">\n        <h2 id=\"cursos-para-concurso-pge-rs\" class=\"titulo-assinatura\"><span style=\"color: #ffffff; font-size: 23px; \">Cursos para Concurso PGE RS<\/span><\/h2>\n        <p class=\"subtitulo-assinatura\">Cursos focados no edital!<\/p>\n        <div class=\"box-botao\">\n          <a class=\"btn-assinatura-juridica\" target=\"_blank\" href=\"https:\/\/cj.estrategia.com\/concurso\/pge-rs\" role=\"button\" rel=\"noopener noreferrer\">CLIQUE AQUI<\/a>\n        <\/div>\n      <\/div>\n      <p class=\"texto-auxiliar\">Prepare-se com o melhor material e com quem mais aprova em concursos em todo o pa\u00eds. \n<\/p>\n    <\/div>\n\n  <\/div>\n<\/div>\n\n\n\n<h3 class=\"wp-block-heading has-text-align-left\" id=\"h-analise-do-ultimo-edital-concurso-pge-rs-procurador-2021\"><span id=\"analise-do-ultimo-edital-concurso-pge-rs-procurador-2021\">An\u00e1lise do \u00faltimo edital concurso PGE RS Procurador (2021)<\/span><\/h3>\n\n\n\n<figure class=\"wp-block-embed aligncenter is-type-video is-provider-youtube wp-block-embed-youtube wp-embed-aspect-16-9 wp-has-aspect-ratio\"><div class=\"wp-block-embed__wrapper\">\n<div class=\"cs-embed cs-embed-responsive\"><iframe title=\"Procurador PGE RS - An\u00e1lise de Edital\" width=\"1200\" height=\"675\" src=\"https:\/\/www.youtube.com\/embed\/WwlaC0hKpKE?feature=oembed\" frameborder=\"0\" allow=\"accelerometer; autoplay; clipboard-write; encrypted-media; gyroscope; picture-in-picture; web-share\" referrerpolicy=\"strict-origin-when-cross-origin\" allowfullscreen><\/iframe><\/div>\n<\/div><figcaption class=\"wp-element-caption\"><strong>An\u00e1lise de edital concurso PGE RS Procurador<\/strong><\/figcaption><\/figure>\n\n\n\n<div class=\"wp-block-yoast-seo-table-of-contents yoast-table-of-contents\"><ul><li><a href=\"#h-analise-do-ultimo-edital-concurso-pge-rs-procurador-2021\" data-level=\"3\">An\u00e1lise do \u00faltimo edital concurso PGE RS Procurador (2021)<\/a><\/li><li><a href=\"#atual\" data-level=\"2\">Concurso PGE RS: situa\u00e7\u00e3o atual<\/a><\/li><li><a href=\"#carreira\" data-level=\"2\">Carreira de Procurador na PGE RS<\/a><ul><li><a href=\"#remuneracao\" data-level=\"3\">Estrutura remunerat\u00f3ria<\/a><\/li><li><a href=\"#requisitos\" data-level=\"3\">Atribui\u00e7\u00f5es<\/a><\/li><\/ul><\/li><li><a href=\"#etapas\" data-level=\"2\">Etapas do concurso PGE RS Procurador (edital de 2021)<\/a><ul><li><a href=\"#objetiva\" data-level=\"3\">Prova Escrita Objetiva<\/a><\/li><li><a href=\"#escrita\" data-level=\"3\">Prova Escritas Espec\u00edficas<\/a><\/li><li><a href=\"#definitiva\" data-level=\"3\">Prova Oral\/Trabalho Jur\u00eddico<\/a><\/li><li><a href=\"#t\u00edtulo\" data-level=\"3\">Prova de T\u00edtulos<\/a><\/li><li><a href=\"#h-resultados-do-ultimo-certame-pge-rs\" data-level=\"3\">Resultados do \u00faltimo certame PGE RS<\/a><\/li><\/ul><\/li><li><a href=\"#ultimo\" data-level=\"2\">Concurso PGE RS Procurador (edital de 2014)<\/a><\/li><li><a href=\"#h-entrevista-com-lucas-dumont-aprovado-em-6-lugar-no-concurso-pge-rs-para-procurador\" data-level=\"2\">Entrevista com Lucas Dumont, aprovado em 6\u00b0 lugar no concurso PGE RS para Procurador<\/a><\/li><li><a href=\"#h-material-de-estudo\" data-level=\"2\">Material de estudo:<\/a><\/li><li><a href=\"#cursos\" data-level=\"2\">Quer saber tudo sobre concursos previstos? Confira nossos artigos!<\/a><\/li><li><a href=\"#cursos\" data-level=\"2\">Cursos para o concurso PGE RS Procurador<\/a><\/li><\/ul><\/div>\n\n\n\n<h2 class=\"wp-block-heading\" id=\"atual\"><span id=\"concurso-pge-rs-situacao-atual\">Concurso PGE RS: situa\u00e7\u00e3o atual<\/span><\/h2>\n\n\n\n<p>A Procuradoria-Geral do Estado do Rio Grande do Sul (PGE RS) decidiu prorrogar por dois anos, a partir de 2 de maio de 2025, a validade do concurso p\u00fablico para o cargo de Procurador de Classe Inicial, cujo edital saiu em 2021. Veja o documento:<\/p>\n\n\n\n<figure class=\"wp-block-image size-large\"><img decoding=\"async\" width=\"1024\" height=\"146\" src=\"https:\/\/cj.estrategia.com\/portal\/wp-content\/uploads\/2025\/02\/10072945\/image-12-1024x146.png\" alt=\"Prazo de validade do certame prorrogado\" class=\"wp-image-96744\" srcset=\"https:\/\/cj.estrategia.com\/portal\/wp-content\/uploads\/2025\/02\/10072945\/image-12-1024x146.png 1024w, https:\/\/cj.estrategia.com\/portal\/wp-content\/uploads\/2025\/02\/10072945\/image-12-300x43.png 300w, https:\/\/cj.estrategia.com\/portal\/wp-content\/uploads\/2025\/02\/10072945\/image-12-768x109.png 768w, https:\/\/cj.estrategia.com\/portal\/wp-content\/uploads\/2025\/02\/10072945\/image-12-380x54.png 380w, https:\/\/cj.estrategia.com\/portal\/wp-content\/uploads\/2025\/02\/10072945\/image-12-800x114.png 800w, https:\/\/cj.estrategia.com\/portal\/wp-content\/uploads\/2025\/02\/10072945\/image-12-1160x165.png 1160w, https:\/\/cj.estrategia.com\/portal\/wp-content\/uploads\/2025\/02\/10072945\/image-12-150x21.png 150w, https:\/\/cj.estrategia.com\/portal\/wp-content\/uploads\/2025\/02\/10072945\/image-12.png 1221w\" sizes=\"(max-width: 1024px) 100vw, 1024px\" \/><\/figure>\n\n\n\n<h2 class=\"wp-block-heading\" id=\"carreira\"><span id=\"carreira-de-procurador-na-pge-rs\">Carreira de Procurador na PGE RS<\/span><\/h2>\n\n\n\n<h3 class=\"wp-block-heading\" id=\"remuneracao\"><span id=\"estrutura-remuneratoria\">Estrutura remunerat\u00f3ria <\/span><\/h3>\n\n\n\n<p>A remunera\u00e7\u00e3o mensal da classe inicial da carreira de Procurador do Estado \u00e9 composta de subs\u00eddio mensal corresponde a <strong>R$ 20.353,06<\/strong>, acrescida de parcela mensal vari\u00e1vel de produtividade decorrente da arrecada\u00e7\u00e3o de honor\u00e1rios de sucumb\u00eancia correspondente a at\u00e9<strong> R$ 6.979,79<\/strong>.<\/p>\n\n\n\n<h3 class=\"wp-block-heading\" id=\"requisitos\"><span id=\"atribuicoes\">Atribui\u00e7\u00f5es<\/span><\/h3>\n\n\n\n<p>A Lei Complementar Estadual n.\u00ba 07\/1991 preceitua todas atribui\u00e7\u00f5es dos <strong>Procuradores Estaduais<\/strong>, cujas principais s\u00e3o: <\/p>\n\n\n\n<ol class=\"wp-block-list\">\n<li>a representa\u00e7\u00e3o judicial e extrajudicial do Estado e de suas autarquias e funda\u00e7\u00f5es p\u00fablicas, exceto daquelas que possuam servi\u00e7o jur\u00eddico pr\u00f3prio;<\/li>\n\n\n\n<li>A execu\u00e7\u00e3o das atividades de consultoria jur\u00eddica e de assessoramento jur\u00eddico ao Governador do Estado e aos \u00f3rg\u00e3os da administra\u00e7\u00e3o direta, \u00e0s entidades aut\u00e1rquicas e fundacionais a que se refere o inciso I e a aprova\u00e7\u00e3o de pareceres dos servi\u00e7os jur\u00eddicos das demais autarquias e funda\u00e7\u00f5es p\u00fablicas;<\/li>\n\n\n\n<li>A representa\u00e7\u00e3o contra a inconstitucionalidade de lei ou ato normativo, ou ainda contra a ilegalidade de ato administrativo de qualquer natureza;<\/li>\n\n\n\n<li>A defesa do patrim\u00f4nio estadual;<\/li>\n\n\n\n<li>A promo\u00e7\u00e3o da uniformiza\u00e7\u00e3o da jurisprud\u00eancia administrativa estadual, a ser observada pelos \u00f3rg\u00e3os e entidades da administra\u00e7\u00e3o estadual;<\/li>\n\n\n\n<li>O controle interno da legalidade e da moralidade administrativa dos atos praticados em nome da administra\u00e7\u00e3o p\u00fablica estadual, sem preju\u00edzo da compet\u00eancia dos \u00f3rg\u00e3os t\u00e9cnicos espec\u00edficos;<\/li>\n\n\n\n<li>A supervis\u00e3o t\u00e9cnica dos \u00f3rg\u00e3os jur\u00eddicos das funda\u00e7\u00f5es p\u00fablicas, empresas p\u00fablicas e sociedades de economia mista do Estado;<\/li>\n\n\n\n<li>Prestar assessoramento jur\u00eddico e t\u00e9cnico-legislativo ao Governador;<\/li>\n\n\n\n<li>Manifestar-se conclusivamente sobre as diverg\u00eancias jur\u00eddicas entre quaisquer \u00f3rg\u00e3os ou entes da administra\u00e7\u00e3o estatal direta ou indireta;<\/li>\n\n\n\n<li>Coordenar e supervisionar tecnicamente os servi\u00e7os jur\u00eddicos das autarquias e funda\u00e7\u00f5es estaduais, das empresas p\u00fablicas e das sociedades de economia mista sob controle do Estado.<\/li>\n<\/ol>\n\n\n\n<h2 class=\"wp-block-heading\" id=\"etapas\"><span id=\"etapas-do-concurso-pge-rs-procurador-edital-de-2021\">Etapas do concurso PGE RS Procurador (edital de 2021)<\/span><\/h2>\n\n\n\n<p>O concurso de ingresso da PGE RS contou com as seguintes etapas:<\/p>\n\n\n\n<figure class=\"wp-block-table is-style-stripes\"><table class=\"has-luminous-vivid-amber-background-color has-background\"><thead><tr><th class=\"has-text-align-center\" data-align=\"center\"><\/th><th class=\"has-text-align-center\" data-align=\"center\">Fases do Concurso<\/th><th class=\"has-text-align-center\" data-align=\"center\">Car\u00e1ter<\/th><\/tr><\/thead><tbody><tr><td class=\"has-text-align-center\" data-align=\"center\">I<\/td><td class=\"has-text-align-center\" data-align=\"center\">Prova Escrita Objetiva (Fase Preliminar)<\/td><td class=\"has-text-align-center\" data-align=\"center\">Eliminat\u00f3rio e Classificat\u00f3rio<\/td><\/tr><tr><td class=\"has-text-align-center\" data-align=\"center\">II<\/td><td class=\"has-text-align-center\" data-align=\"center\">Provas Escritas Discursivas (Fase Intermedi\u00e1ria)<\/td><td class=\"has-text-align-center\" data-align=\"center\">Eliminat\u00f3rio e Classificat\u00f3rio<\/td><\/tr><tr><td class=\"has-text-align-center\" data-align=\"center\">III<\/td><td class=\"has-text-align-center\" data-align=\"center\">Prova Oral e Trabalho Jur\u00eddico (Fase Definitiva)<\/td><td class=\"has-text-align-center\" data-align=\"center\">Eliminat\u00f3rio e Classificat\u00f3rio<\/td><\/tr><tr><td class=\"has-text-align-center\" data-align=\"center\">IV<\/td><td class=\"has-text-align-center\" data-align=\"center\">Prova de T\u00edtulos<\/td><td class=\"has-text-align-center\" data-align=\"center\">Classificat\u00f3rio<\/td><\/tr><\/tbody><\/table><figcaption class=\"wp-element-caption\"><em>Quadro demonstrativo de etapas do concurso PGE RS<\/em><\/figcaption><\/figure>\n\n\n\n<h3 class=\"wp-block-heading\" id=\"objetiva\"><span id=\"prova-escrita-objetiva\">Prova Escrita Objetiva <\/span><\/h3>\n\n\n\n<p>A Fase Objetiva compreendeu uma prova de m\u00faltipla escolha, com cinco alternativas (A, B, C, D e E) e uma \u00fanica resposta correta, sendo composta de 20 quest\u00f5es de L\u00edngua Portuguesa e de 80 quest\u00f5es de Disciplinas Jur\u00eddicas, valendo um ponto cada quest\u00e3o.<\/p>\n\n\n\n<h4 class=\"wp-block-heading\" id=\"disciplinas\"><span id=\"disciplinas-cobradas\">Disciplinas cobradas<\/span><\/h4>\n\n\n\n<ol class=\"wp-block-list\">\n<li>Direito Constitucional; <\/li>\n\n\n\n<li>Direito Administrativo<\/li>\n\n\n\n<li>Direito Civil;<\/li>\n\n\n\n<li>Direito Processual Civil <\/li>\n\n\n\n<li>Direito Tribut\u00e1rio e Financeiro;<\/li>\n\n\n\n<li>Direito Penal<\/li>\n\n\n\n<li>Direito do Trabalho e Processo do Trabalho; <\/li>\n\n\n\n<li>Seguridade Social e Direito Previdenci\u00e1rio; <\/li>\n\n\n\n<li>Direito Econ\u00f4mico e Empresarial.<\/li>\n<\/ol>\n\n\n\n<h3 class=\"wp-block-heading\" id=\"escrita\"><span id=\"prova-escritas-especificas\">Prova Escritas Espec\u00edficas<\/span><\/h3>\n\n\n\n<p>A Fase Intermedi\u00e1ria consistiu de seis provas dissertativas:<\/p>\n\n\n\n<ul class=\"wp-block-list\">\n<li>a) Prova de Direito Constitucional;<\/li>\n\n\n\n<li>b) Prova de Direito Administrativo;<\/li>\n\n\n\n<li>c) Prova de Direito Tribut\u00e1rio e Financeiro;<\/li>\n\n\n\n<li>d) Prova de Direito Processual Civil;<\/li>\n\n\n\n<li>e) Prova de Seguridade Social e Direito Previdenci\u00e1rio;<\/li>\n\n\n\n<li>f) Prova de Direito do Trabalho e Processo do Trabalho.<\/li>\n<\/ul>\n\n\n\n<p>Cada prova valeu 100 pontos, assim distribu\u00eddos:<\/p>\n\n\n\n<ul class=\"wp-block-list\">\n<li>50 pontos para a primeira quest\u00e3o; e<\/li>\n\n\n\n<li>25 pontos para as demais.<\/li>\n<\/ul>\n\n\n\n<h3 class=\"wp-block-heading\" id=\"definitiva\"><span id=\"prova-oral-trabalho-juridico\">Prova Oral\/Trabalho Jur\u00eddico<\/span><\/h3>\n\n\n\n<p>Encerrada a Fase Intermedi\u00e1ria, os candidatos aprovados realizaram a inscri\u00e7\u00e3o definitiva. Os candidatos que tiveram a inscri\u00e7\u00e3o definitiva deferida foram convocados, por edital, \u00e0 realiza\u00e7\u00e3o das provas da Fase Definitiva, que compreendeu a elabora\u00e7\u00e3o de um trabalho jur\u00eddico, destinado a avaliar conhecimentos jur\u00eddicos e de L\u00edngua Portuguesa, e as provas orais.<\/p>\n\n\n\n<p>O trabalho jur\u00eddico consistiu na elabora\u00e7\u00e3o de parecer, pe\u00e7a processual ou disserta\u00e7\u00e3o, e envolveu mat\u00e9rias pertinentes a quaisquer das disciplinas cobradas na Prova Discursiva. <\/p>\n\n\n\n<p>As provas orais consistiram na argui\u00e7\u00e3o de conhecimentos jur\u00eddicos envolvendo mat\u00e9rias pertinentes \u00e0s seguintes disciplinas:<\/p>\n\n\n\n<ul class=\"wp-block-list\">\n<li>a) Direito Constitucional;<\/li>\n\n\n\n<li>b) Direito Administrativo;<\/li>\n\n\n\n<li>c) Direito Tribut\u00e1rio e Financeiro;<\/li>\n\n\n\n<li>d) Direito Processual Civil.<\/li>\n<\/ul>\n\n\n\n<h3 class=\"wp-block-heading\" id=\"t\u00edtulo\"><span id=\"prova-de-titulos\">Prova de T\u00edtulos <\/span><\/h3>\n\n\n\n<p>Os candidatos tiveram 15 dias, ap\u00f3s a \u00faltima prova escrita, para apresentar seus t\u00edtulos. S\u00f3 foram considerados os obtidos at\u00e9 a publica\u00e7\u00e3o do resultado final da fase objetiva. Confira a pontua\u00e7\u00e3o por t\u00edtulo:<\/p>\n\n\n\n<figure class=\"wp-block-table is-style-stripes\"><table class=\"has-luminous-vivid-amber-background-color has-background\"><thead><tr><th class=\"has-text-align-center\" data-align=\"center\"><strong>T\u00edtulo \/ Experi\u00eancia<\/strong><\/th><th class=\"has-text-align-center\" data-align=\"center\"><strong>Condi\u00e7\u00f5es<\/strong><\/th><th class=\"has-text-align-center\" data-align=\"center\"><strong>Valor por t\u00edtulo (pontos)<\/strong><\/th><th class=\"has-text-align-center\" data-align=\"center\"><strong>Valor m\u00e1ximo (pontos)<\/strong><\/th><\/tr><\/thead><tbody><tr><td class=\"has-text-align-center\" data-align=\"center\">Exerc\u00edcio como Procurador de Estado ou Procurador do DF<\/td><td class=\"has-text-align-center\" data-align=\"center\">M\u00ednimo 1 ano; provimento por concurso p\u00fablico<\/td><td class=\"has-text-align-center\" data-align=\"center\">10<\/td><td class=\"has-text-align-center\" data-align=\"center\">20<\/td><\/tr><tr><td class=\"has-text-align-center\" data-align=\"center\">Exerc\u00edcio como Advogado da Uni\u00e3o, Procurador da Fazenda Nacional ou Procurador Federal<\/td><td class=\"has-text-align-center\" data-align=\"center\">M\u00ednimo 1 ano; provimento por concurso p\u00fablico<\/td><td class=\"has-text-align-center\" data-align=\"center\">10<\/td><td class=\"has-text-align-center\" data-align=\"center\">20<\/td><\/tr><tr><td class=\"has-text-align-center\" data-align=\"center\">Exerc\u00edcio em carreiras da Magistratura<\/td><td class=\"has-text-align-center\" data-align=\"center\">M\u00ednimo 1 ano; provimento por concurso p\u00fablico<\/td><td class=\"has-text-align-center\" data-align=\"center\">10<\/td><td class=\"has-text-align-center\" data-align=\"center\">20<\/td><\/tr><tr><td class=\"has-text-align-center\" data-align=\"center\">Exerc\u00edcio em carreiras do Minist\u00e9rio P\u00fablico<\/td><td class=\"has-text-align-center\" data-align=\"center\">M\u00ednimo 1 ano; provimento por concurso p\u00fablico<\/td><td class=\"has-text-align-center\" data-align=\"center\">10<\/td><td class=\"has-text-align-center\" data-align=\"center\">20<\/td><\/tr><tr><td class=\"has-text-align-center\" data-align=\"center\">Exerc\u00edcio como Defensor P\u00fablico<\/td><td class=\"has-text-align-center\" data-align=\"center\">M\u00ednimo 1 ano; provimento por concurso p\u00fablico<\/td><td class=\"has-text-align-center\" data-align=\"center\">10<\/td><td class=\"has-text-align-center\" data-align=\"center\">20<\/td><\/tr><tr><td class=\"has-text-align-center\" data-align=\"center\">Exerc\u00edcio como Procurador da Assembleia Legislativa de Estado ou C\u00e2mara Legislativa do DF<\/td><td class=\"has-text-align-center\" data-align=\"center\">M\u00ednimo 1 ano; provimento por concurso p\u00fablico<\/td><td class=\"has-text-align-center\" data-align=\"center\">5<\/td><td class=\"has-text-align-center\" data-align=\"center\">10<\/td><\/tr><tr><td class=\"has-text-align-center\" data-align=\"center\">Exerc\u00edcio como Procurador de Munic\u00edpio ou C\u00e2mara Municipal de Vereadores<\/td><td class=\"has-text-align-center\" data-align=\"center\">M\u00ednimo 1 ano; provimento por concurso p\u00fablico<\/td><td class=\"has-text-align-center\" data-align=\"center\">5<\/td><td class=\"has-text-align-center\" data-align=\"center\">10<\/td><\/tr><tr><td class=\"has-text-align-center\" data-align=\"center\">Exerc\u00edcio da Advocacia (n\u00e3o decorrente dos cargos anteriores)<\/td><td class=\"has-text-align-center\" data-align=\"center\">1 ponto por ano<\/td><td class=\"has-text-align-center\" data-align=\"center\">1<\/td><td class=\"has-text-align-center\" data-align=\"center\">20<\/td><\/tr><tr><td class=\"has-text-align-center\" data-align=\"center\">Exerc\u00edcio de magist\u00e9rio jur\u00eddico superior<\/td><td class=\"has-text-align-center\" data-align=\"center\">M\u00ednimo 1 ano; 1 ponto por ano completo<\/td><td class=\"has-text-align-center\" data-align=\"center\">1<\/td><td class=\"has-text-align-center\" data-align=\"center\">20<\/td><\/tr><tr><td class=\"has-text-align-center\" data-align=\"center\">Aprova\u00e7\u00e3o em concurso para cargos das al\u00edneas a, b, c, d e e<\/td><td class=\"has-text-align-center\" data-align=\"center\">Apenas se n\u00e3o computados pontos pelo exerc\u00edcio<\/td><td class=\"has-text-align-center\" data-align=\"center\">3<\/td><td class=\"has-text-align-center\" data-align=\"center\">9<\/td><\/tr><tr><td class=\"has-text-align-center\" data-align=\"center\">Aprova\u00e7\u00e3o em concurso para cargos das al\u00edneas f e g<\/td><td class=\"has-text-align-center\" data-align=\"center\">Apenas se n\u00e3o computados pontos pelo exerc\u00edcio<\/td><td class=\"has-text-align-center\" data-align=\"center\">1<\/td><td class=\"has-text-align-center\" data-align=\"center\">3<\/td><\/tr><tr><td class=\"has-text-align-center\" data-align=\"center\">Certificado de p\u00f3s-gradua\u00e7\u00e3o lato sensu em Direito (Especializa\u00e7\u00e3o)<\/td><td class=\"has-text-align-center\" data-align=\"center\">Conforme legisla\u00e7\u00e3o vigente<\/td><td class=\"has-text-align-center\" data-align=\"center\">5<\/td><td class=\"has-text-align-center\" data-align=\"center\">15<\/td><\/tr><tr><td class=\"has-text-align-center\" data-align=\"center\">T\u00edtulo de Mestre em Direito<\/td><td class=\"has-text-align-center\" data-align=\"center\">Conforme legisla\u00e7\u00e3o vigente<\/td><td class=\"has-text-align-center\" data-align=\"center\">15<\/td><td class=\"has-text-align-center\" data-align=\"center\">15<\/td><\/tr><tr><td class=\"has-text-align-center\" data-align=\"center\">T\u00edtulo de Doutor em Direito<\/td><td class=\"has-text-align-center\" data-align=\"center\">Conforme legisla\u00e7\u00e3o vigente<\/td><td class=\"has-text-align-center\" data-align=\"center\">20<\/td><td class=\"has-text-align-center\" data-align=\"center\">20<\/td><\/tr><tr><td class=\"has-text-align-center\" data-align=\"center\">L\u00e1urea universit\u00e1ria no Curso de Bacharelado em Direito<\/td><td class=\"has-text-align-center\" data-align=\"center\">\u2014<\/td><td class=\"has-text-align-center\" data-align=\"center\">3<\/td><td class=\"has-text-align-center\" data-align=\"center\">3<\/td><\/tr><\/tbody><\/table><\/figure>\n\n\n\n<h3 class=\"wp-block-heading\" id=\"h-resultados-do-ultimo-certame-pge-rs\"><span id=\"resultados-do-ultimo-certame-pge-rs\">Resultados do \u00faltimo certame PGE RS<\/span><\/h3>\n\n\n\n<ul class=\"wp-block-list\">\n<li>Lista de <a href=\"https:\/\/cj.estrategia.com\/portal\/wp-content\/uploads\/2022\/08\/25111912\/AprovadosNomeados-Concurso-PGE-RS-Procurador.pdf\" target=\"_blank\" rel=\"noreferrer noopener nofollow\">aprovados\/nomeados no concurso<\/a> \/ nomeados (<a href=\"https:\/\/cj.estrategia.com\/portal\/wp-content\/uploads\/2025\/04\/24150658\/image-24.png\" target=\"_blank\" >1\u00ba lista<\/a> e <a href=\"https:\/\/cj.estrategia.com\/portal\/wp-content\/uploads\/2025\/05\/23200805\/unnamed-2.png\" target=\"_blank\" >2\u00ba lista<\/a> \u2013 maio\/2025);<\/li>\n<\/ul>\n\n\n\n<h2 class=\"wp-block-heading\" id=\"ultimo\"><span id=\"concurso-pge-rs-procurador-edital-de-2014\">Concurso PGE RS Procurador (edital de 2014)<\/span><\/h2>\n\n\n\n<p>No ano de 2014, foi realizado o \u00faltimo concurso da PGE RS, que ofereceu <strong>nove vagas imediatas <\/strong>para a primeira etapa da carreira de Procurador do Estado, respeitando as cotas legais para candidatos negros (16%) e pessoas com defici\u00eancia (10%).<\/p>\n\n\n\n<p>O concurso foi organizado pela FUNDATEC e contou com taxa de inscri\u00e7\u00e3o no valor de <strong>R$ 221,53.<\/strong> A remunera\u00e7\u00e3o ofertada foi de <strong>R$ 18.460,82<\/strong>.<\/p>\n\n\n\n<h2 class=\"wp-block-heading\" id=\"h-entrevista-com-lucas-dumont-aprovado-em-6-lugar-no-concurso-pge-rs-para-procurador\"><span id=\"entrevista-com-lucas-dumont-aprovado-em-6-lugar-no-concurso-pge-rs-para-procurador\">Entrevista com Lucas Dumont, aprovado em 6\u00b0 lugar no concurso PGE RS para Procurador<\/span><\/h2>\n\n\n\n<figure class=\"wp-block-embed is-type-video is-provider-youtube wp-block-embed-youtube wp-embed-aspect-16-9 wp-has-aspect-ratio\"><div class=\"wp-block-embed__wrapper\">\n<div class=\"cs-embed cs-embed-responsive\"><iframe title=\"ENTREVISTA: Lucas Dumont, aprovado em 6\u00b0 lugar no concurso PGE RS para Procurador\" width=\"1200\" height=\"675\" src=\"https:\/\/www.youtube.com\/embed\/Y0QL4dWEdm0?list=PLIqSUMY9ZmeFQZAMoKALPEVL-rBENcUbs\" frameborder=\"0\" allow=\"accelerometer; autoplay; clipboard-write; encrypted-media; gyroscope; picture-in-picture; web-share\" referrerpolicy=\"strict-origin-when-cross-origin\" allowfullscreen><\/iframe><\/div>\n<\/div><\/figure>\n\n\n\n<h2 class=\"wp-block-heading\" id=\"h-material-de-estudo\"><span id=\"material-de-estudo\">Material de estudo:<\/span><\/h2>\n\n\n\n<ul class=\"wp-block-list\">\n<li><a href=\"https:\/\/www.youtube.com\/watch?v=AkLGAyU8ifw\" target=\"_blank\" >Organiza\u00e7\u00e3o dos Estudos para PGE RS<\/a><\/li>\n\n\n\n<li><a href=\"https:\/\/www.youtube.com\/watch?v=fNPAWwXMyC8\" target=\"_blank\" >Intensivo de Legisla\u00e7\u00e3o Local \u2013 Procurador PGE RS \u2013 Prof. Priscila Ferreira<\/a><\/li>\n\n\n\n<li><a href=\"https:\/\/www.youtube.com\/watch?v=gPqwdBfts5A\" target=\"_blank\" >Intensivo de Legisla\u00e7\u00e3o Local \u2013 Procurador PGE RS \u2013 Prof. Marcel Torres<\/a><\/li>\n<\/ul>\n\n\n\n<h2 class=\"wp-block-heading has-text-align-left\" id=\"cursos\"><span id=\"quer-saber-tudo-sobre-concursos-previstosconfira-nossos-artigos\">Quer saber tudo sobre concursos previstos?<br><strong>Confira nossos artigos!<\/strong><\/span><\/h2>\n\n\n\n<ul class=\"wp-block-list\">\n<li><a href=\"https:\/\/cj.estrategia.com\/portal\/concursos-abertos-carreiras-juridicas\/\" target=\"_blank\" ><strong>Concursos jur\u00eddicos abertos<\/strong><\/a><\/li>\n<\/ul>\n\n\n\n<ul class=\"wp-block-list\">\n<li><a href=\"https:\/\/cj.estrategia.com\/portal\/concursos-juridicos-2026-prepare-se-para-os-proximos-editais\/\" target=\"_blank\" ><strong>Concursos Jur\u00eddicos 2026<\/strong><\/a><\/li>\n\n\n\n<li><strong><a href=\"https:\/\/cj.estrategia.com\/portal\/concursos-procuradorias\/\">Concursos Procuradorias<\/a><\/strong><\/li>\n<\/ul>\n\n\n\n<h2 class=\"wp-block-heading has-text-align-left\" id=\"cursos\"><span id=\"cursos-para-o-concurso-pge-rs-procurador\">Cursos para o concurso PGE RS Procurador<\/span><\/h2>\n\n\n\n<div class=\"wp-block-cover\" style=\"min-height:155px;aspect-ratio:unset;\"><img decoding=\"async\" width=\"1890\" height=\"351\" class=\"wp-block-cover__image-background wp-image-8669\" alt=\"Assinaturas Jur\u00eddicas\" src=\"https:\/\/cj.estrategia.com\/portal\/wp-content\/uploads\/2022\/06\/20151253\/concurso-carreiras-juridicas-assinatura-juridica.jpg\" style=\"object-position:78% 43%\" data-object-fit=\"cover\" data-object-position=\"78% 43%\" srcset=\"https:\/\/cj.estrategia.com\/portal\/wp-content\/uploads\/2022\/06\/20151253\/concurso-carreiras-juridicas-assinatura-juridica.jpg 1890w, https:\/\/cj.estrategia.com\/portal\/wp-content\/uploads\/2022\/06\/20151253\/concurso-carreiras-juridicas-assinatura-juridica-300x56.jpg 300w, https:\/\/cj.estrategia.com\/portal\/wp-content\/uploads\/2022\/06\/20151253\/concurso-carreiras-juridicas-assinatura-juridica-1024x190.jpg 1024w, https:\/\/cj.estrategia.com\/portal\/wp-content\/uploads\/2022\/06\/20151253\/concurso-carreiras-juridicas-assinatura-juridica-768x143.jpg 768w, https:\/\/cj.estrategia.com\/portal\/wp-content\/uploads\/2022\/06\/20151253\/concurso-carreiras-juridicas-assinatura-juridica-1536x285.jpg 1536w, https:\/\/cj.estrategia.com\/portal\/wp-content\/uploads\/2022\/06\/20151253\/concurso-carreiras-juridicas-assinatura-juridica-380x71.jpg 380w, https:\/\/cj.estrategia.com\/portal\/wp-content\/uploads\/2022\/06\/20151253\/concurso-carreiras-juridicas-assinatura-juridica-800x149.jpg 800w, https:\/\/cj.estrategia.com\/portal\/wp-content\/uploads\/2022\/06\/20151253\/concurso-carreiras-juridicas-assinatura-juridica-1160x215.jpg 1160w\" sizes=\"(max-width: 1890px) 100vw, 1890px\" \/><span aria-hidden=\"true\" class=\"wp-block-cover__background has-background-dim\"><\/span><div class=\"wp-block-cover__inner-container is-layout-flow wp-block-cover-is-layout-flow\">\n<h3 id=\"faca-a-sua-assinatura\" class=\"titulo-assinatura\"><span style=\"color: #ffffff;\">Fa\u00e7a a sua assinatura!<\/span><\/h3>\n<p class=\"subtitulo-assinatura\" style=\"display:block!important; line-height: 0;\"><span style=\"color: #ffffff;\">Escolha a sua \u00e1rea.<\/span><\/p>\n<a target=\"_blank\" href=\"https:\/\/www.estrategiaconcursos.com.br\/assinaturas-ecj\/\" rel=\"noopener\"><button style=\"border-radius: 10px; text-transform: capitalize;\">Acessar<\/button><\/a>\n<\/div><\/div>\n\n\n\n<figure class=\"wp-block-image size-large is-resized\"><img decoding=\"async\" src=\"https:\/\/dhg1h5j42swfq.cloudfront.net\/2021\/04\/14113213\/ficha-tecnica-130-1024x632.png\" alt=\"concurso PGE RS procurador ficha t\u00e9cnica\" class=\"wp-image-713874\" style=\"aspect-ratio:1.6176470588235294;width:210px;height:auto\"\/><\/figure>\n\n\n\n<h4 class=\"wp-block-heading\" id=\"ficha-tecnica\"><span id=\"informacoes-sobre-o-concurso-pge-rs-procurador\"><span style=\"font-size: 14pt;\">Informa\u00e7\u00f5es sobre o concurso PGE RS Procurador<\/span><\/span><\/h4>\n\n\n\n<ul class=\"wp-block-list\">\n<li><strong>Vagas<\/strong>: 7<\/li>\n\n\n\n<li><strong>Cargos<\/strong>: Procurador do Estado<\/li>\n\n\n\n<li><strong>Lota\u00e7\u00f5es<\/strong>: Rio Grande do Sul <\/li>\n\n\n\n<li><strong>Banca<\/strong>: FUNDATEC<\/li>\n\n\n\n<li><strong>Escolaridade<\/strong>: Bacharelado em Direito <\/li>\n\n\n\n<li><strong>\u00daltimo edital:<\/strong> <a href=\"https:\/\/dhg1h5j42swfq.cloudfront.net\/2021\/09\/06081922\/pge-rs-procurador-edital.pdf\" target=\"_blank\" rel=\"noreferrer noopener nofollow\">PGE RS 2021<\/a> \/ <a href=\"https:\/\/dhg1h5j42swfq.cloudfront.net\/2021\/07\/14095059\/14083750-doe-2021-07-14-paginas-14-20-1-1.pdf\" target=\"_blank\" rel=\"noreferrer noopener nofollow\">Regulamento 2021<\/a><\/li>\n\n\n\n<li><strong>Edital anterior: <\/strong><a href=\"https:\/\/dhg1h5j42swfq.cloudfront.net\/2021\/01\/19121141\/edital_201600042b8.pdf\" target=\"_blank\" rel=\"noreferrer noopener nofollow\">PGE RS 2014<\/a><\/li>\n<\/ul>\n\n\n\n<p><\/p>\n","protected":false},"excerpt":{"rendered":"Procuradoria-Geral do Estado do Rio Grande do Sul prorroga por dois anos concurso para Procurador. A Procuradoria Geral&hellip;\n","protected":false},"author":12,"featured_media":177715,"comment_status":"open","ping_status":"open","sticky":false,"template":"","format":"standard","meta":{"_jetpack_memberships_contains_paid_content":false,"footnotes":""},"categories":[1,24],"tags":[],"tax_estado":[],"class_list":{"0":"post-138","1":"post","2":"type-post","3":"status-publish","4":"format-standard","5":"has-post-thumbnail","7":"category-carreiras-juridicas","8":"category-procuradoria"},"acf":[],"yoast_head":"<!-- This site is optimized with the Yoast SEO Premium plugin v27.5 (Yoast SEO v27.5) - https:\/\/yoast.com\/product\/yoast-seo-premium-wordpress\/ -->\n<title>Concurso PGE RS Procurador: validade prorrogada at\u00e9 2027!<\/title>\n<meta name=\"description\" content=\"Concurso PGE RS Procurador: aprovados nomeados e validade prorrogada! Edital ofertou 7 vagas para a carreira.\" \/>\n<meta name=\"robots\" content=\"index, follow, max-snippet:-1, max-image-preview:large, max-video-preview:-1\" \/>\n<link rel=\"canonical\" href=\"https:\/\/cj.estrategia.com\/portal\/concurso-pge-rs-procurador\/\" \/>\n<meta property=\"og:locale\" content=\"pt_BR\" \/>\n<meta property=\"og:type\" content=\"article\" \/>\n<meta property=\"og:title\" content=\"Concurso PGE RS Procurador: validade prorrogada at\u00e9 2027!\" \/>\n<meta property=\"og:description\" content=\"Concurso PGE RS Procurador: aprovados nomeados e validade prorrogada! Edital ofertou 7 vagas para a carreira.\" \/>\n<meta property=\"og:url\" content=\"https:\/\/cj.estrategia.com\/portal\/concurso-pge-rs-procurador\/\" \/>\n<meta property=\"og:site_name\" content=\"Blog - Carreiras Jur\u00eddicas - Estrat\u00e9gia\" \/>\n<meta property=\"article:publisher\" content=\"https:\/\/www.facebook.com\/estrategiacarreirajuridica\/\" \/>\n<meta property=\"article:published_time\" content=\"2026-03-26T13:48:00+00:00\" \/>\n<meta property=\"article:modified_time\" content=\"2026-04-06T18:13:26+00:00\" \/>\n<meta property=\"og:image\" content=\"https:\/\/cj.estrategia.com\/portal\/wp-content\/uploads\/2026\/01\/04105643\/procurador.jpg\" \/>\n\t<meta property=\"og:image:width\" content=\"2459\" \/>\n\t<meta property=\"og:image:height\" content=\"1383\" \/>\n\t<meta property=\"og:image:type\" content=\"image\/jpeg\" \/>\n<meta name=\"author\" content=\"Coordena\u00e7\u00e3o\" \/>\n<meta name=\"twitter:card\" content=\"summary_large_image\" \/>\n<meta name=\"twitter:creator\" content=\"@EstratJuridica\" \/>\n<meta name=\"twitter:site\" content=\"@EstratJuridica\" \/>\n<meta name=\"twitter:label1\" content=\"Escrito por\" \/>\n\t<meta name=\"twitter:data1\" content=\"Coordena\u00e7\u00e3o\" \/>\n\t<meta name=\"twitter:label2\" content=\"Est. tempo de leitura\" \/>\n\t<meta name=\"twitter:data2\" content=\"9 minutos\" \/>\n<script type=\"application\/ld+json\" class=\"yoast-schema-graph\">{\"@context\":\"https:\\\/\\\/schema.org\",\"@graph\":[{\"@type\":\"NewsArticle\",\"@id\":\"https:\\\/\\\/cj.estrategia.com\\\/portal\\\/concurso-pge-rs-procurador\\\/#article\",\"isPartOf\":{\"@id\":\"https:\\\/\\\/cj.estrategia.com\\\/portal\\\/concurso-pge-rs-procurador\\\/\"},\"author\":{\"name\":\"Coordena\u00e7\u00e3o\",\"@id\":\"https:\\\/\\\/cj.estrategia.com\\\/portal\\\/#\\\/schema\\\/person\\\/4d70317d31449932b99102916b6637f5\"},\"headline\":\"Concurso PGE RS Procurador: validade prorrogada at\u00e9 2027!\",\"datePublished\":\"2026-03-26T13:48:00+00:00\",\"dateModified\":\"2026-04-06T18:13:26+00:00\",\"mainEntityOfPage\":{\"@id\":\"https:\\\/\\\/cj.estrategia.com\\\/portal\\\/concurso-pge-rs-procurador\\\/\"},\"wordCount\":1539,\"commentCount\":0,\"publisher\":{\"@id\":\"https:\\\/\\\/cj.estrategia.com\\\/portal\\\/#organization\"},\"image\":{\"@id\":\"https:\\\/\\\/cj.estrategia.com\\\/portal\\\/concurso-pge-rs-procurador\\\/#primaryimage\"},\"thumbnailUrl\":\"https:\\\/\\\/cj.estrategia.com\\\/portal\\\/wp-content\\\/uploads\\\/2026\\\/01\\\/04105643\\\/procurador.jpg\",\"articleSection\":[\"Carreiras Jur\u00eddicas\",\"Procuradoria\"],\"inLanguage\":\"pt-BR\",\"potentialAction\":[{\"@type\":\"CommentAction\",\"name\":\"Comment\",\"target\":[\"https:\\\/\\\/cj.estrategia.com\\\/portal\\\/concurso-pge-rs-procurador\\\/#respond\"]}],\"accessibilityFeature\":[\"tableOfContents\"]},{\"@type\":\"WebPage\",\"@id\":\"https:\\\/\\\/cj.estrategia.com\\\/portal\\\/concurso-pge-rs-procurador\\\/\",\"url\":\"https:\\\/\\\/cj.estrategia.com\\\/portal\\\/concurso-pge-rs-procurador\\\/\",\"name\":\"Concurso PGE RS Procurador: validade prorrogada at\u00e9 2027!\",\"isPartOf\":{\"@id\":\"https:\\\/\\\/cj.estrategia.com\\\/portal\\\/#website\"},\"primaryImageOfPage\":{\"@id\":\"https:\\\/\\\/cj.estrategia.com\\\/portal\\\/concurso-pge-rs-procurador\\\/#primaryimage\"},\"image\":{\"@id\":\"https:\\\/\\\/cj.estrategia.com\\\/portal\\\/concurso-pge-rs-procurador\\\/#primaryimage\"},\"thumbnailUrl\":\"https:\\\/\\\/cj.estrategia.com\\\/portal\\\/wp-content\\\/uploads\\\/2026\\\/01\\\/04105643\\\/procurador.jpg\",\"datePublished\":\"2026-03-26T13:48:00+00:00\",\"dateModified\":\"2026-04-06T18:13:26+00:00\",\"description\":\"Concurso PGE RS Procurador: aprovados nomeados e validade prorrogada! Edital ofertou 7 vagas para a carreira.\",\"breadcrumb\":{\"@id\":\"https:\\\/\\\/cj.estrategia.com\\\/portal\\\/concurso-pge-rs-procurador\\\/#breadcrumb\"},\"inLanguage\":\"pt-BR\",\"potentialAction\":[{\"@type\":\"ReadAction\",\"target\":[\"https:\\\/\\\/cj.estrategia.com\\\/portal\\\/concurso-pge-rs-procurador\\\/\"]}]},{\"@type\":\"ImageObject\",\"inLanguage\":\"pt-BR\",\"@id\":\"https:\\\/\\\/cj.estrategia.com\\\/portal\\\/concurso-pge-rs-procurador\\\/#primaryimage\",\"url\":\"https:\\\/\\\/cj.estrategia.com\\\/portal\\\/wp-content\\\/uploads\\\/2026\\\/01\\\/04105643\\\/procurador.jpg\",\"contentUrl\":\"https:\\\/\\\/cj.estrategia.com\\\/portal\\\/wp-content\\\/uploads\\\/2026\\\/01\\\/04105643\\\/procurador.jpg\",\"width\":2459,\"height\":1383},{\"@type\":\"BreadcrumbList\",\"@id\":\"https:\\\/\\\/cj.estrategia.com\\\/portal\\\/concurso-pge-rs-procurador\\\/#breadcrumb\",\"itemListElement\":[{\"@type\":\"ListItem\",\"position\":1,\"name\":\"In\u00edcio\",\"item\":\"https:\\\/\\\/cj.estrategia.com\\\/portal\\\/\"},{\"@type\":\"ListItem\",\"position\":2,\"name\":\"Concurso PGE RS Procurador: validade prorrogada at\u00e9 2027!\"}]},{\"@type\":\"WebSite\",\"@id\":\"https:\\\/\\\/cj.estrategia.com\\\/portal\\\/#website\",\"url\":\"https:\\\/\\\/cj.estrategia.com\\\/portal\\\/\",\"name\":\"Blog - Carreiras Jur\u00eddicas - Estrat\u00e9gia\",\"description\":\"\",\"publisher\":{\"@id\":\"https:\\\/\\\/cj.estrategia.com\\\/portal\\\/#organization\"},\"potentialAction\":[{\"@type\":\"SearchAction\",\"target\":{\"@type\":\"EntryPoint\",\"urlTemplate\":\"https:\\\/\\\/cj.estrategia.com\\\/portal\\\/?s={search_term_string}\"},\"query-input\":{\"@type\":\"PropertyValueSpecification\",\"valueRequired\":true,\"valueName\":\"search_term_string\"}}],\"inLanguage\":\"pt-BR\"},{\"@type\":\"Organization\",\"@id\":\"https:\\\/\\\/cj.estrategia.com\\\/portal\\\/#organization\",\"name\":\"Estrat\u00e9gia - Carreiras Jur\u00eddicas\",\"url\":\"https:\\\/\\\/cj.estrategia.com\\\/portal\\\/\",\"logo\":{\"@type\":\"ImageObject\",\"inLanguage\":\"pt-BR\",\"@id\":\"https:\\\/\\\/cj.estrategia.com\\\/portal\\\/#\\\/schema\\\/logo\\\/image\\\/\",\"url\":\"https:\\\/\\\/cj.estrategia.com\\\/portal\\\/wp-content\\\/uploads\\\/2022\\\/03\\\/11151052\\\/cj-logo.png\",\"contentUrl\":\"https:\\\/\\\/cj.estrategia.com\\\/portal\\\/wp-content\\\/uploads\\\/2022\\\/03\\\/11151052\\\/cj-logo.png\",\"width\":150,\"height\":39,\"caption\":\"Estrat\u00e9gia - Carreiras Jur\u00eddicas\"},\"image\":{\"@id\":\"https:\\\/\\\/cj.estrategia.com\\\/portal\\\/#\\\/schema\\\/logo\\\/image\\\/\"},\"sameAs\":[\"https:\\\/\\\/www.facebook.com\\\/estrategiacarreirajuridica\\\/\",\"https:\\\/\\\/x.com\\\/EstratJuridica\",\"https:\\\/\\\/www.instagram.com\\\/estrategiacarreirajuridica\\\/\",\"https:\\\/\\\/www.youtube.com\\\/channel\\\/UClbMGuYbj2Mh1m3w144ETWQ\"]},{\"@type\":\"Person\",\"@id\":\"https:\\\/\\\/cj.estrategia.com\\\/portal\\\/#\\\/schema\\\/person\\\/4d70317d31449932b99102916b6637f5\",\"name\":\"Coordena\u00e7\u00e3o\",\"image\":{\"@type\":\"ImageObject\",\"inLanguage\":\"pt-BR\",\"@id\":\"https:\\\/\\\/cj.estrategia.com\\\/portal\\\/wp-content\\\/uploads\\\/2022\\\/05\\\/12164923\\\/estrategia-carreira-juridica-coordenacao-96x96.png\",\"url\":\"https:\\\/\\\/cj.estrategia.com\\\/portal\\\/wp-content\\\/uploads\\\/2022\\\/05\\\/12164923\\\/estrategia-carreira-juridica-coordenacao-96x96.png\",\"contentUrl\":\"https:\\\/\\\/cj.estrategia.com\\\/portal\\\/wp-content\\\/uploads\\\/2022\\\/05\\\/12164923\\\/estrategia-carreira-juridica-coordenacao-96x96.png\",\"caption\":\"Coordena\u00e7\u00e3o\"},\"url\":\"https:\\\/\\\/cj.estrategia.com\\\/portal\\\/author\\\/coordenacao\\\/\"}]}<\/script>\n<!-- \/ Yoast SEO Premium plugin. -->","yoast_head_json":{"title":"Concurso PGE RS Procurador: validade prorrogada at\u00e9 2027!","description":"Concurso PGE RS Procurador: aprovados nomeados e validade prorrogada! Edital ofertou 7 vagas para a carreira.","robots":{"index":"index","follow":"follow","max-snippet":"max-snippet:-1","max-image-preview":"max-image-preview:large","max-video-preview":"max-video-preview:-1"},"canonical":"https:\/\/cj.estrategia.com\/portal\/concurso-pge-rs-procurador\/","og_locale":"pt_BR","og_type":"article","og_title":"Concurso PGE RS Procurador: validade prorrogada at\u00e9 2027!","og_description":"Concurso PGE RS Procurador: aprovados nomeados e validade prorrogada! Edital ofertou 7 vagas para a carreira.","og_url":"https:\/\/cj.estrategia.com\/portal\/concurso-pge-rs-procurador\/","og_site_name":"Blog - Carreiras Jur\u00eddicas - Estrat\u00e9gia","article_publisher":"https:\/\/www.facebook.com\/estrategiacarreirajuridica\/","article_published_time":"2026-03-26T13:48:00+00:00","article_modified_time":"2026-04-06T18:13:26+00:00","og_image":[{"width":2459,"height":1383,"url":"https:\/\/cj.estrategia.com\/portal\/wp-content\/uploads\/2026\/01\/04105643\/procurador.jpg","type":"image\/jpeg"}],"author":"Coordena\u00e7\u00e3o","twitter_card":"summary_large_image","twitter_creator":"@EstratJuridica","twitter_site":"@EstratJuridica","twitter_misc":{"Escrito por":"Coordena\u00e7\u00e3o","Est. tempo de leitura":"9 minutos"},"schema":{"@context":"https:\/\/schema.org","@graph":[{"@type":"NewsArticle","@id":"https:\/\/cj.estrategia.com\/portal\/concurso-pge-rs-procurador\/#article","isPartOf":{"@id":"https:\/\/cj.estrategia.com\/portal\/concurso-pge-rs-procurador\/"},"author":{"name":"Coordena\u00e7\u00e3o","@id":"https:\/\/cj.estrategia.com\/portal\/#\/schema\/person\/4d70317d31449932b99102916b6637f5"},"headline":"Concurso PGE RS Procurador: validade prorrogada at\u00e9 2027!","datePublished":"2026-03-26T13:48:00+00:00","dateModified":"2026-04-06T18:13:26+00:00","mainEntityOfPage":{"@id":"https:\/\/cj.estrategia.com\/portal\/concurso-pge-rs-procurador\/"},"wordCount":1539,"commentCount":0,"publisher":{"@id":"https:\/\/cj.estrategia.com\/portal\/#organization"},"image":{"@id":"https:\/\/cj.estrategia.com\/portal\/concurso-pge-rs-procurador\/#primaryimage"},"thumbnailUrl":"https:\/\/cj.estrategia.com\/portal\/wp-content\/uploads\/2026\/01\/04105643\/procurador.jpg","articleSection":["Carreiras Jur\u00eddicas","Procuradoria"],"inLanguage":"pt-BR","potentialAction":[{"@type":"CommentAction","name":"Comment","target":["https:\/\/cj.estrategia.com\/portal\/concurso-pge-rs-procurador\/#respond"]}],"accessibilityFeature":["tableOfContents"]},{"@type":"WebPage","@id":"https:\/\/cj.estrategia.com\/portal\/concurso-pge-rs-procurador\/","url":"https:\/\/cj.estrategia.com\/portal\/concurso-pge-rs-procurador\/","name":"Concurso PGE RS Procurador: validade prorrogada at\u00e9 2027!","isPartOf":{"@id":"https:\/\/cj.estrategia.com\/portal\/#website"},"primaryImageOfPage":{"@id":"https:\/\/cj.estrategia.com\/portal\/concurso-pge-rs-procurador\/#primaryimage"},"image":{"@id":"https:\/\/cj.estrategia.com\/portal\/concurso-pge-rs-procurador\/#primaryimage"},"thumbnailUrl":"https:\/\/cj.estrategia.com\/portal\/wp-content\/uploads\/2026\/01\/04105643\/procurador.jpg","datePublished":"2026-03-26T13:48:00+00:00","dateModified":"2026-04-06T18:13:26+00:00","description":"Concurso PGE RS Procurador: aprovados nomeados e validade prorrogada! Edital ofertou 7 vagas para a carreira.","breadcrumb":{"@id":"https:\/\/cj.estrategia.com\/portal\/concurso-pge-rs-procurador\/#breadcrumb"},"inLanguage":"pt-BR","potentialAction":[{"@type":"ReadAction","target":["https:\/\/cj.estrategia.com\/portal\/concurso-pge-rs-procurador\/"]}]},{"@type":"ImageObject","inLanguage":"pt-BR","@id":"https:\/\/cj.estrategia.com\/portal\/concurso-pge-rs-procurador\/#primaryimage","url":"https:\/\/cj.estrategia.com\/portal\/wp-content\/uploads\/2026\/01\/04105643\/procurador.jpg","contentUrl":"https:\/\/cj.estrategia.com\/portal\/wp-content\/uploads\/2026\/01\/04105643\/procurador.jpg","width":2459,"height":1383},{"@type":"BreadcrumbList","@id":"https:\/\/cj.estrategia.com\/portal\/concurso-pge-rs-procurador\/#breadcrumb","itemListElement":[{"@type":"ListItem","position":1,"name":"In\u00edcio","item":"https:\/\/cj.estrategia.com\/portal\/"},{"@type":"ListItem","position":2,"name":"Concurso PGE RS Procurador: validade prorrogada at\u00e9 2027!"}]},{"@type":"WebSite","@id":"https:\/\/cj.estrategia.com\/portal\/#website","url":"https:\/\/cj.estrategia.com\/portal\/","name":"Blog - Carreiras Jur\u00eddicas - Estrat\u00e9gia","description":"","publisher":{"@id":"https:\/\/cj.estrategia.com\/portal\/#organization"},"potentialAction":[{"@type":"SearchAction","target":{"@type":"EntryPoint","urlTemplate":"https:\/\/cj.estrategia.com\/portal\/?s={search_term_string}"},"query-input":{"@type":"PropertyValueSpecification","valueRequired":true,"valueName":"search_term_string"}}],"inLanguage":"pt-BR"},{"@type":"Organization","@id":"https:\/\/cj.estrategia.com\/portal\/#organization","name":"Estrat\u00e9gia - Carreiras Jur\u00eddicas","url":"https:\/\/cj.estrategia.com\/portal\/","logo":{"@type":"ImageObject","inLanguage":"pt-BR","@id":"https:\/\/cj.estrategia.com\/portal\/#\/schema\/logo\/image\/","url":"https:\/\/cj.estrategia.com\/portal\/wp-content\/uploads\/2022\/03\/11151052\/cj-logo.png","contentUrl":"https:\/\/cj.estrategia.com\/portal\/wp-content\/uploads\/2022\/03\/11151052\/cj-logo.png","width":150,"height":39,"caption":"Estrat\u00e9gia - Carreiras Jur\u00eddicas"},"image":{"@id":"https:\/\/cj.estrategia.com\/portal\/#\/schema\/logo\/image\/"},"sameAs":["https:\/\/www.facebook.com\/estrategiacarreirajuridica\/","https:\/\/x.com\/EstratJuridica","https:\/\/www.instagram.com\/estrategiacarreirajuridica\/","https:\/\/www.youtube.com\/channel\/UClbMGuYbj2Mh1m3w144ETWQ"]},{"@type":"Person","@id":"https:\/\/cj.estrategia.com\/portal\/#\/schema\/person\/4d70317d31449932b99102916b6637f5","name":"Coordena\u00e7\u00e3o","image":{"@type":"ImageObject","inLanguage":"pt-BR","@id":"https:\/\/cj.estrategia.com\/portal\/wp-content\/uploads\/2022\/05\/12164923\/estrategia-carreira-juridica-coordenacao-96x96.png","url":"https:\/\/cj.estrategia.com\/portal\/wp-content\/uploads\/2022\/05\/12164923\/estrategia-carreira-juridica-coordenacao-96x96.png","contentUrl":"https:\/\/cj.estrategia.com\/portal\/wp-content\/uploads\/2022\/05\/12164923\/estrategia-carreira-juridica-coordenacao-96x96.png","caption":"Coordena\u00e7\u00e3o"},"url":"https:\/\/cj.estrategia.com\/portal\/author\/coordenacao\/"}]}},"jetpack_featured_media_url":"https:\/\/cj.estrategia.com\/portal\/wp-content\/uploads\/2026\/01\/04105643\/procurador.jpg","jetpack_sharing_enabled":true,"_links":{"self":[{"href":"https:\/\/cj.estrategia.com\/portal\/wp-json\/wp\/v2\/posts\/138","targetHints":{"allow":["GET"]}}],"collection":[{"href":"https:\/\/cj.estrategia.com\/portal\/wp-json\/wp\/v2\/posts"}],"about":[{"href":"https:\/\/cj.estrategia.com\/portal\/wp-json\/wp\/v2\/types\/post"}],"author":[{"embeddable":true,"href":"https:\/\/cj.estrategia.com\/portal\/wp-json\/wp\/v2\/users\/12"}],"replies":[{"embeddable":true,"href":"https:\/\/cj.estrategia.com\/portal\/wp-json\/wp\/v2\/comments?post=138"}],"version-history":[{"count":0,"href":"https:\/\/cj.estrategia.com\/portal\/wp-json\/wp\/v2\/posts\/138\/revisions"}],"wp:featuredmedia":[{"embeddable":true,"href":"https:\/\/cj.estrategia.com\/portal\/wp-json\/wp\/v2\/media\/177715"}],"wp:attachment":[{"href":"https:\/\/cj.estrategia.com\/portal\/wp-json\/wp\/v2\/media?parent=138"}],"wp:term":[{"taxonomy":"category","embeddable":true,"href":"https:\/\/cj.estrategia.com\/portal\/wp-json\/wp\/v2\/categories?post=138"},{"taxonomy":"post_tag","embeddable":true,"href":"https:\/\/cj.estrategia.com\/portal\/wp-json\/wp\/v2\/tags?post=138"},{"taxonomy":"tax_estado","embeddable":true,"href":"https:\/\/cj.estrategia.com\/portal\/wp-json\/wp\/v2\/tax_estado?post=138"}],"curies":[{"name":"wp","href":"https:\/\/api.w.org\/{rel}","templated":true}]}}