{"id":137830,"date":"2025-07-22T23:04:47","date_gmt":"2025-07-23T02:04:47","guid":{"rendered":"https:\/\/cj.estrategia.com\/portal\/?p=137830"},"modified":"2025-07-28T13:45:11","modified_gmt":"2025-07-28T16:45:11","slug":"desenredamento-baleia-franca-santa-catarina","status":"publish","type":"post","link":"https:\/\/cj.estrategia.com\/portal\/desenredamento-baleia-franca-santa-catarina\/","title":{"rendered":"Desenredamento n\u00e3o autorizado: O caso da baleia-franca em SC"},"content":{"rendered":"\n<p>Como se sabe, o Instituto Brasileiro do Meio Ambiente e dos Recursos Naturais Renov\u00e1veis (Ibama) investiga poss\u00edvel infra\u00e7\u00e3o ambiental cometida por Marcos Ant\u00f4nio Souza, que em 17 de julho de 2025 realizou desenredamento n\u00e3o autorizado de baleia-franca na Praia da Pinheira, em Palho\u00e7a, Santa Catarina.&nbsp;<\/p>\n\n\n\n<figure class=\"wp-block-image size-full\"><img decoding=\"async\" width=\"958\" height=\"674\" src=\"https:\/\/cj.estrategia.com\/portal\/wp-content\/uploads\/2025\/07\/22225013\/baleia-2.jpg\" alt=\"Desenredamento\" class=\"wp-image-137910\" srcset=\"https:\/\/cj.estrategia.com\/portal\/wp-content\/uploads\/2025\/07\/22225013\/baleia-2.jpg 958w, https:\/\/cj.estrategia.com\/portal\/wp-content\/uploads\/2025\/07\/22225013\/baleia-2-300x211.jpg 300w, https:\/\/cj.estrategia.com\/portal\/wp-content\/uploads\/2025\/07\/22225013\/baleia-2-768x540.jpg 768w, https:\/\/cj.estrategia.com\/portal\/wp-content\/uploads\/2025\/07\/22225013\/baleia-2-200x140.jpg 200w, https:\/\/cj.estrategia.com\/portal\/wp-content\/uploads\/2025\/07\/22225013\/baleia-2-380x267.jpg 380w, https:\/\/cj.estrategia.com\/portal\/wp-content\/uploads\/2025\/07\/22225013\/baleia-2-800x563.jpg 800w, https:\/\/cj.estrategia.com\/portal\/wp-content\/uploads\/2025\/07\/22225013\/baleia-2-150x106.jpg 150w\" sizes=\"(max-width: 958px) 100vw, 958px\" \/><\/figure>\n\n\n\n<div class=\"wp-block-group is-style-cnvs-block-bordered\"><div class=\"wp-block-group__inner-container is-layout-constrained wp-block-group-is-layout-constrained\">\n<div class=\"wp-block-media-text\" style=\"grid-template-columns:35% auto\"><figure class=\"wp-block-media-text__media\"><img decoding=\"async\" width=\"1024\" height=\"1024\" src=\"https:\/\/cj.estrategia.com\/portal\/wp-content\/uploads\/2025\/07\/22225245\/coruja_jornal.jpg\" alt=\"\" class=\"wp-image-137915 size-full\" srcset=\"https:\/\/cj.estrategia.com\/portal\/wp-content\/uploads\/2025\/07\/22225245\/coruja_jornal.jpg 1024w, https:\/\/cj.estrategia.com\/portal\/wp-content\/uploads\/2025\/07\/22225245\/coruja_jornal-300x300.jpg 300w, https:\/\/cj.estrategia.com\/portal\/wp-content\/uploads\/2025\/07\/22225245\/coruja_jornal-150x150.jpg 150w, https:\/\/cj.estrategia.com\/portal\/wp-content\/uploads\/2025\/07\/22225245\/coruja_jornal-768x768.jpg 768w, https:\/\/cj.estrategia.com\/portal\/wp-content\/uploads\/2025\/07\/22225245\/coruja_jornal-80x80.jpg 80w, https:\/\/cj.estrategia.com\/portal\/wp-content\/uploads\/2025\/07\/22225245\/coruja_jornal-380x380.jpg 380w, https:\/\/cj.estrategia.com\/portal\/wp-content\/uploads\/2025\/07\/22225245\/coruja_jornal-800x800.jpg 800w, https:\/\/cj.estrategia.com\/portal\/wp-content\/uploads\/2025\/07\/22225245\/coruja_jornal-24x24.jpg 24w, https:\/\/cj.estrategia.com\/portal\/wp-content\/uploads\/2025\/07\/22225245\/coruja_jornal-48x48.jpg 48w, https:\/\/cj.estrategia.com\/portal\/wp-content\/uploads\/2025\/07\/22225245\/coruja_jornal-96x96.jpg 96w\" sizes=\"(max-width: 1024px) 100vw, 1024px\" \/><\/figure><div class=\"wp-block-media-text__content\">\n<p class=\"is-style-default cnvs-block-core-paragraph-1753235456659\" style=\"font-size:18px\"><strong><mark style=\"background-color:#ffffff\" class=\"has-inline-color has-black-color\">Mais not\u00edcias:<\/mark><\/strong><\/p>\n\n\n\n<p><a href=\"https:\/\/g1.globo.com\/sc\/santa-catarina\/noticia\/2025\/07\/16\/baleia-resgatada-por-homem-em-prancha-em-sc-portaria-define-multa-e-regras-para-retirada-de-redes-de-pesca.ghtml\">Baleia resgatada por homem em prancha em SC: portaria define multa e regras para retirada de redes de pesca<\/a><\/p>\n\n\n\n<div class=\"wp-block-group\"><div class=\"wp-block-group__inner-container is-layout-constrained wp-block-group-is-layout-constrained\">\n<div class=\"wp-block-group\"><div class=\"wp-block-group__inner-container is-layout-constrained wp-block-group-is-layout-constrained\">\n<p><a href=\"https:\/\/cbn.globo.com\/brasil\/noticia\/2025\/07\/16\/homem-em-prancha-solta-baleia-presa-em-rede-de-pesca-em-sc-ibama-apura-conduta-que-pode-resultar-em-multa.ghtml\">Homem em prancha solta baleia presa em rede de pesca em SC; Ibama apura conduta que pode resultar em multa<\/a><\/p>\n<\/div><\/div>\n<\/div><\/div>\n<\/div><\/div>\n<\/div><\/div>\n\n\n\n<p>Nesse sentido, o objetivo aqui \u00e9 demonstrar, tecnicamente, qual seria a infra\u00e7\u00e3o e onde isso encontra-se previsto. Vamos entender melhor.<\/p>\n\n\n\n<p>Isto porque, a conduta, filmada pelo fot\u00f3grafo Carlos Anselmo e viralizada nas redes sociais, enquadra-se perfeitamente na tipifica\u00e7\u00e3o estabelecida pelo artigo 12 da Portaria Conjunta MMA\/Ibama\/ICMBio n\u00ba 3\/2024, que caracteriza tal atividade como &#8220;<strong>molestamento intencional de cet\u00e1ceos<\/strong>&#8220;, sujeitando o infrator \u00e0 multa de R$ 2.500 prevista no artigo 30 do Decreto n\u00ba 6.514\/2008.<\/p>\n\n\n\n<h2 class=\"wp-block-heading\" id=\"h-fundamentacao-juridica-da-tipificacao-molestamento-intencional-versus-boa-intencao\" style=\"font-style:normal;font-weight:400\"><span id=\"fundamentacao-juridica-da-tipificacao-molestamento-intencional-versus-boa-intencao\"><strong>Fundamenta\u00e7\u00e3o jur\u00eddica da tipifica\u00e7\u00e3o: molestamento intencional versus boa inten\u00e7\u00e3o<\/strong><\/span><\/h2>\n\n\n\n<p>Veja, de in\u00edcio, a tipifica\u00e7\u00e3o da conduta encontra fundamento direto no artigo 12 da P<a href=\"https:\/\/www.lex.com.br\/portaria-conjunta-mma-e-ibama-e-icmbio-no-3-de-8-de-janeiro-de-2024\/\">ortaria Conjunta n\u00ba 3\/2024<\/a>, que estabelece marco temporal preciso: <\/p>\n\n\n\n<div class=\"wp-block-group is-style-cnvs-block-bg-light has-background\" style=\"background-color:#fcb90066\"><div class=\"wp-block-group__inner-container is-layout-constrained wp-block-group-is-layout-constrained\">\n<p>&#8220;Ap\u00f3s o per\u00edodo de 120 (cento e vinte) dias da data da publica\u00e7\u00e3o desta Portaria Conjunta, as atividades de desenredamento de grandes cet\u00e1ceos realizadas por institui\u00e7\u00f5es n\u00e3o autorizadas e\/ou pessoas n\u00e3o habilitadas ser\u00e3o caracterizadas como molestamento intencional de cet\u00e1ceos&#8221;.&nbsp;<\/p>\n<\/div><\/div>\n\n\n\n<p>Ora, considerando que a portaria foi publicada em 8 de janeiro de 2024, o prazo de 120 dias expirou em maio de 2024, tornando a conduta de Souza, ocorrida em julho de 2025, inequivocamente tipificada.<\/p>\n\n\n\n<p>Dessa maneira, o elemento subjetivo merece an\u00e1lise dogm\u00e1tica aprofundada.&nbsp;<\/p>\n\n\n\n<p>Nessa linha, o artigo 30 do Decreto n\u00ba 6.514\/2008 exige molestamento &#8220;intencional&#8221;, configurando tipo subjetivo doloso que demanda vontade livre e consciente dirigida ao resultado.&nbsp;<\/p>\n\n\n\n<p>Entretanto, a jurisprud\u00eancia ambiental, contudo, tem interpretado a intencionalidade de forma objetiva quando h\u00e1 viola\u00e7\u00e3o consciente de normas proibitivas espec\u00edficas.&nbsp;<\/p>\n\n\n\n<p>Inclusive, a jurisprud\u00eancia considera na verdade, a responsabilidade objetiva:<\/p>\n\n\n\n<pre class=\"wp-block-preformatted\">1. A responsabilidade civil por dano ambiental \u00e9 objetiva, conforme art. 14, \u00a71\u00ba, da Lei n\u00ba 6.938\/1981 e art. 225, \u00a73\u00ba, da CF\/1988, bastando a comprova\u00e7\u00e3o do nexo causal entre a interven\u00e7\u00e3o e o dano ambiental, independentemente da exist\u00eancia de dolo ou culpa. 2. A abertura de valeta em \u00e1rea de preserva\u00e7\u00e3o permanente, em desconformidade com as normas ambientais e sem a devida autoriza\u00e7\u00e3o, configura interven\u00e7\u00e3o il\u00edcita, sendo irrelevante a alega\u00e7\u00e3o de boa-f\u00e9 ou a suposta natureza da vegeta\u00e7\u00e3o existente. 3. A tese de que a interven\u00e7\u00e3o estaria autorizada pelo Decreto Estadual n\u00ba 47.749\/2019 n\u00e3o se sustenta, pois a limpeza manual prevista nesse diploma n\u00e3o abrange a abertura de valetas e exige pr\u00e9via autoriza\u00e7\u00e3o. 4. N\u00e3o restou comprovada a configura\u00e7\u00e3o de \u00e1rea rural consolidada, nos termos do art. 18 da Lei Estadual n\u00ba 20.922\/2013, apta a justificar a limita\u00e7\u00e3o da recupera\u00e7\u00e3o ambiental requerida pela apelante. 5. Embora a regenera\u00e7\u00e3o natural parcial n\u00e3o afaste o dever de indenizar pelos danos interinos causados, a fixa\u00e7\u00e3o do valor da indeniza\u00e7\u00e3o deve observar os princ\u00edpios da razoabilidade e proporcionalidade, sendo adequada sua redu\u00e7\u00e3o, considerando as peculiaridades do caso. 6. Recurso parcialmente provido. (TJMG; APCV 5154851-35.2024.8.13.0000; Sexta C\u00e2mara C\u00edvel; Rel\u00aa Des\u00aa Sandra Fonseca; Julg. 18\/06\/2025; DJEMG 25\/06\/2025)<br><br>2. A responsabilidade administrativa ambiental do propriet\u00e1rio do bem independe da demonstra\u00e7\u00e3o de m\u00e1-f\u00e9 ou dolo. 3. N\u00e3o configura nulidade do processo administrativo ambiental a aus\u00eancia de auto de infra\u00e7\u00e3o em nome do propriet\u00e1rio, quando este foi devidamente cientificado e exerceu o contradit\u00f3rio e a ampla defesa. Legisla\u00e7\u00e3o relevante citada: Lei n\u00ba 9.605\/1998, arts. 25 e 72, IV; Decreto n\u00ba 6.514\/2008, art. 3\u00ba, IV; Lei n\u00ba 6.938\/1981, art. 3\u00ba, IV; Lei n\u00ba 9.873\/1999, arts. 1\u00ba e 2\u00ba; Lei n\u00ba 9.784\/1999; CPC, arts. 85, \u00a7 11, e 98, \u00a7 3\u00ba. Jurisprud\u00eancia relevante citada: STJ, RESP 1.814.945\/CE, Rel. Min. Mauro Campbell Marques, Primeira Se\u00e7\u00e3o, j. 10.02.2021, DJe 24.02.2021 (Tema 1036\/STJ). (TRF 1\u00aa R.; AC 1000898-26.2022.4.01.3600; D\u00e9cima Primeira Turma; Rel. Des. Fed. Newton Pereira Ramos Neto; DJe 11\/06\/2025)<\/pre>\n\n\n\n<h2 class=\"wp-block-heading\" id=\"h-desenredamento-de-cetaceos\" style=\"font-style:normal;font-weight:400\"><span id=\"desenredamento-de-cetaceos\"><strong>Desenredamento de cet\u00e1ceos<\/strong><\/span><\/h2>\n\n\n\n<p>Ora, no caso em an\u00e1lise, Souza admitiu publicamente que &#8220;a a\u00e7\u00e3o foi planejada&#8221; e que &#8220;avaliou as condi\u00e7\u00f5es do mar, do tempo e da baleia&#8221;, demonstrando inequ\u00edvoco dolo direto na realiza\u00e7\u00e3o da atividade de desenredamento.<\/p>\n\n\n\n<p>Por outro lado, <strong>a aparente contradi\u00e7\u00e3o entre a boa inten\u00e7\u00e3o do agente e a exig\u00eancia legal de &#8220;molestamento intencional&#8221; resolve-se pela compreens\u00e3o de que o tipo penal protege n\u00e3o apenas o bem-estar imediato do animal, mas o sistema regulat\u00f3rio de prote\u00e7\u00e3o \u00e0 fauna marinha, conforme a jurisprud\u00eancia.&nbsp;<\/strong><\/p>\n\n\n\n<p>Ora, a Portaria n\u00ba 3\/2024 define no artigo 2\u00ba, inciso I, que desenredamento constitui <em>&#8220;atividade de desemalhe destinada \u00e0 extra\u00e7\u00e3o do equipamento de pesca, ativo ou inativo, enredado ou preso em grandes cet\u00e1ceos&#8221;.&nbsp;<\/em><\/p>\n\n\n\n<div class=\"wp-block-group is-style-cnvs-block-bg-light has-background\" style=\"background-color:#fcb90066\"><div class=\"wp-block-group__inner-container is-layout-constrained wp-block-group-is-layout-constrained\">\n<p>Dessa maneira, ao realizar conscientemente tal atividade sem autoriza\u00e7\u00e3o, o agente pratica conduta subsum\u00edvel ao tipo, independentemente da finalidade altru\u00edsta.<\/p>\n<\/div><\/div>\n\n\n\n<p>Por\u00e9m, \u00e9 fato, n\u00e3o sabemos como a jurisprud\u00eancia vai interpretar o fato, em raz\u00e3o da repercuss\u00e3o.<\/p>\n\n\n\n<h2 class=\"wp-block-heading\" id=\"h-contexto-normativo-evolucao-da-regulamentacao-e-imperatividade-dos-protocolos-tecnicos\" style=\"font-style:normal;font-weight:400\"><span id=\"contexto-normativo-evolucao-da-regulamentacao-e-imperatividade-dos-protocolos-tecnicos\"><strong>Contexto normativo: evolu\u00e7\u00e3o da regulamenta\u00e7\u00e3o e imperatividade dos protocolos t\u00e9cnicos<\/strong><\/span><\/h2>\n\n\n\n<p>De in\u00edcio, a Portaria Conjunta n\u00ba 3\/2024 representa sofistica\u00e7\u00e3o regulat\u00f3ria significativa na prote\u00e7\u00e3o de cet\u00e1ceos, estabelecendo sistema complexo de credenciamento, treinamento e autoriza\u00e7\u00e3o.&nbsp;<\/p>\n\n\n\n<p>Isto porque, o artigo 6\u00ba determina que &#8220;o treinamento para a atividade de desenredamento ser\u00e1 necessariamente ministrado por instrutores habilitados pelo programa de treinamento desenvolvido pela Comiss\u00e3o Internacional da Baleia&#8221;, evidenciando incorpora\u00e7\u00e3o de standards internacionais na normatiza\u00e7\u00e3o brasileira.<\/p>\n\n\n\n<p>De fato, <strong>o diploma legal exige das institui\u00e7\u00f5es autorizadas estrutura t\u00e9cnica espec\u00edfica<\/strong>, incluindo &#8220;<strong>comprova\u00e7\u00e3o de habilita\u00e7\u00e3o de, no m\u00ednimo, 04 (quatro) resgatistas&#8221;<\/strong> e <strong>&#8220;equipamento de engate e corte fabricado de acordo com os padr\u00f5es internacionais&#8221;<\/strong>, conforme artigo 7\u00ba.<\/p>\n\n\n\n<div class=\"wp-block-group is-style-cnvs-block-bg-light has-background\" style=\"background-color:#fcb90066\"><div class=\"wp-block-group__inner-container is-layout-constrained wp-block-group-is-layout-constrained\">\n<p>A justificativa t\u00e9cnica \u00e9 que esta exig\u00eancia fundamenta-se em evid\u00eancias cient\u00edficas sobre riscos do desenredamento inadequado, que pode causar &#8220;separa\u00e7\u00e3o de filhotes, abandono de \u00e1rea de reprodu\u00e7\u00e3o ou ferimentos durante tentativas de fuga&#8221;.<\/p>\n<\/div><\/div>\n\n\n\n<p>Inclusive, Eduardo Renault-Braga, gerente do ProFRANCA, confirmou que &#8220;baleias se enroscam em redes de pesca com certa frequ\u00eancia&#8221; e que &#8220;na maioria dos casos, as baleias conseguem se livrar sozinhas dos res\u00edduos, pois o atrito com as calosidades costuma romper as redes&#8221;.&nbsp;<\/p>\n\n\n\n<p>Assim, esta informa\u00e7\u00e3o t\u00e9cnica corrobora a racionalidade da estrat\u00e9gia de monitoramento passivo adotada pelo Ibama, que optou por &#8220;manter o monitoramento a dist\u00e2ncia e aguardar que o material se desprendesse naturalmente&#8221;.<\/p>\n\n\n\n<h2 class=\"wp-block-heading\" id=\"h-aspectos-procedimentais-configuracao-do-tipo-e-onus-probatorio\" style=\"font-style:normal;font-weight:400\"><span id=\"aspectos-procedimentais-configuracao-do-tipo-e-onus-probatorio\"><strong>Aspectos procedimentais: configura\u00e7\u00e3o do tipo e \u00f4nus probat\u00f3rio<\/strong><\/span><\/h2>\n\n\n\n<p>Ademais, a configura\u00e7\u00e3o da infra\u00e7\u00e3o dispensa comprova\u00e7\u00e3o de dano efetivo ao animal, constituindo tipo de perigo abstrato que se consuma com a mera realiza\u00e7\u00e3o da conduta proibida.&nbsp;<\/p>\n\n\n\n<p>Isto porque, o artigo 8\u00ba da Portaria n\u00ba 3\/2024 estabelece que &#8220;a atividade de desenredamento dever\u00e1 ser exercida exclusivamente por institui\u00e7\u00f5es autorizadas e por resgatistas treinados e equipados&#8221;, criando norma proibitiva absoluta cuja viola\u00e7\u00e3o independe de resultado lesivo.<\/p>\n\n\n\n<p>Lado outro, o procedimento administrativo sancionador deve observar o princ\u00edpio da tipicidade estrita, exigindo demonstra\u00e7\u00e3o de que a conduta praticada subsume-se ao conceito de &#8220;desenredamento&#8221; estabelecido na portaria.&nbsp;<\/p>\n\n\n\n<p>No caso em an\u00e1lise, Souza utilizou &#8220;equipamento improvisado&#8221; para &#8220;cortar a rede&#8221;, configurando precisamente a &#8220;atividade de desemalhe destinada \u00e0 extra\u00e7\u00e3o do equipamento de pesca&#8221; definida no artigo 2\u00ba, inciso I.<\/p>\n\n\n\n<p>Obviamente, a defesa processual poder\u00e1 questionar a proporcionalidade da san\u00e7\u00e3o face \u00e0 motiva\u00e7\u00e3o altru\u00edsta, mas tal alega\u00e7\u00e3o n\u00e3o possui amparo jurisprudencial consolidado.<\/p>\n\n\n\n<div class=\"wp-block-group is-style-cnvs-block-bordered\"><div class=\"wp-block-group__inner-container is-layout-constrained wp-block-group-is-layout-constrained\">\n<div class=\"wp-block-media-text\" style=\"grid-template-columns:31% auto\"><figure class=\"wp-block-media-text__media\"><img decoding=\"async\" width=\"1024\" height=\"1024\" src=\"https:\/\/cj.estrategia.com\/portal\/wp-content\/uploads\/2025\/04\/17002742\/ChatGPT-Image-17-de-abr.-de-2025-00_26_12.png\" alt=\"\" class=\"wp-image-113189 size-full\" srcset=\"https:\/\/cj.estrategia.com\/portal\/wp-content\/uploads\/2025\/04\/17002742\/ChatGPT-Image-17-de-abr.-de-2025-00_26_12.png 1024w, https:\/\/cj.estrategia.com\/portal\/wp-content\/uploads\/2025\/04\/17002742\/ChatGPT-Image-17-de-abr.-de-2025-00_26_12-300x300.png 300w, https:\/\/cj.estrategia.com\/portal\/wp-content\/uploads\/2025\/04\/17002742\/ChatGPT-Image-17-de-abr.-de-2025-00_26_12-150x150.png 150w, https:\/\/cj.estrategia.com\/portal\/wp-content\/uploads\/2025\/04\/17002742\/ChatGPT-Image-17-de-abr.-de-2025-00_26_12-768x768.png 768w, https:\/\/cj.estrategia.com\/portal\/wp-content\/uploads\/2025\/04\/17002742\/ChatGPT-Image-17-de-abr.-de-2025-00_26_12-80x80.png 80w, https:\/\/cj.estrategia.com\/portal\/wp-content\/uploads\/2025\/04\/17002742\/ChatGPT-Image-17-de-abr.-de-2025-00_26_12-380x380.png 380w, https:\/\/cj.estrategia.com\/portal\/wp-content\/uploads\/2025\/04\/17002742\/ChatGPT-Image-17-de-abr.-de-2025-00_26_12-800x800.png 800w, https:\/\/cj.estrategia.com\/portal\/wp-content\/uploads\/2025\/04\/17002742\/ChatGPT-Image-17-de-abr.-de-2025-00_26_12-24x24.png 24w, https:\/\/cj.estrategia.com\/portal\/wp-content\/uploads\/2025\/04\/17002742\/ChatGPT-Image-17-de-abr.-de-2025-00_26_12-48x48.png 48w, https:\/\/cj.estrategia.com\/portal\/wp-content\/uploads\/2025\/04\/17002742\/ChatGPT-Image-17-de-abr.-de-2025-00_26_12-96x96.png 96w\" sizes=\"(max-width: 1024px) 100vw, 1024px\" \/><\/figure><div class=\"wp-block-media-text__content\">\n<p>Como dito, o Superior Tribunal de Justi\u00e7a tem reiteradamente decidido que &#8220;a boa-f\u00e9 do agente n\u00e3o constitui excludente de responsabilidade administrativa quando h\u00e1 viola\u00e7\u00e3o objetiva de norma ambiental espec\u00edfica&#8221;, prevalecendo o interesse p\u00fablico na preserva\u00e7\u00e3o dos protocolos t\u00e9cnicos de prote\u00e7\u00e3o \u00e0 fauna.<\/p>\n<\/div><\/div>\n<\/div><\/div>\n\n\n\n<p>Entretanto, a viraliza\u00e7\u00e3o do v\u00eddeo &#8211; que &#8220;ultrapassou 6,3 milh\u00f5es de visualiza\u00e7\u00f5es&#8221; &#8211; amplifica o potencial pedag\u00f3gico do precedente, transformando a san\u00e7\u00e3o em instrumento de educa\u00e7\u00e3o ambiental.&nbsp;<\/p>\n\n\n\n<h2 class=\"wp-block-heading\" id=\"h-como-o-tema-ja-caiu-em-provas\" style=\"font-style:normal;font-weight:400\"><span id=\"como-o-tema-ja-caiu-em-provas\"><strong>Como o tema j\u00e1 caiu em provas:<\/strong><\/span><\/h2>\n\n\n\n<div class=\"wp-block-group\"><div class=\"wp-block-group__inner-container is-layout-constrained wp-block-group-is-layout-constrained\">\n<div class=\"wp-block-group is-style-cnvs-block-bordered\"><div class=\"wp-block-group__inner-container is-layout-constrained wp-block-group-is-layout-constrained\">\n<p><strong><mark style=\"background-color:#f6ce68\" class=\"has-inline-color\">Prova: VUNESP &#8211; 2025 &#8211; Prefeitura de Campinas &#8211; SP &#8211; Procurador do Munic\u00edpio I<\/mark><\/strong><\/p>\n\n\n\n<p>Considere que Jos\u00e9 comprou de Jer\u00f4nimo \u2013 primeiro propriet\u00e1rio \u2013 um im\u00f3vel localizado na zona rural, em uma altitude superior a 1.800 m (mil e oitocentos metros), por pre\u00e7o inferior ao costumeiramente praticado no mercado. A oferta era t\u00e3o significativa que Jos\u00e9 n\u00e3o se atentou aos detalhes do bem. Ap\u00f3s a tradi\u00e7\u00e3o do im\u00f3vel, quando Jos\u00e9 foi investido tamb\u00e9m na posse, notou a degrada\u00e7\u00e3o presente: desmatamento da floresta, contamina\u00e7\u00e3o do lago com merc\u00fario e utiliza\u00e7\u00e3o de parte do terreno como dep\u00f3sito de lixo org\u00e2nico. Com o fim de se livrar do problema, imediatamente colocou o im\u00f3vel \u00e0 venda. No entanto, o bem s\u00f3 foi vendido dois anos depois, a Luciano. Ap\u00f3s dois anos da venda do im\u00f3vel, enquanto Luciano ainda era propriet\u00e1rio, Jos\u00e9 foi citado em uma a\u00e7\u00e3o de responsabilidade civil por danos causados ao meio ambiente proposta pelo Minist\u00e9rio P\u00fablico do Estado.<\/p>\n\n\n\n<p>Com base na situa\u00e7\u00e3o hipot\u00e9tica apresentada e na jurisprud\u00eancia do Superior Tribunal de Justi\u00e7a, assinale a alternativa correta.<\/p>\n\n\n\n<p>a) A responsabilidade civil ambiental \u00e9 do tipo integral, mas, para sua configura\u00e7\u00e3o, devem estar presentes a conduta, o nexo de causalidade e o dano, de forma que o \u00fanico a ser responsabilizado civilmente \u00e9 Jer\u00f4nimo, o primeiro propriet\u00e1rio do bem.<\/p>\n\n\n\n<p>b) Como a repara\u00e7\u00e3o dos danos ambientais \u00e9 considerada como propter rem, o \u00fanico legitimado passivo da a\u00e7\u00e3o de responsabilidade civil por danos causados ao meio ambiente \u00e9 Luciano, na medida em que a natureza propter rem afasta a solidariedade da obriga\u00e7\u00e3o ambiental.<\/p>\n\n\n\n<p>c) Jos\u00e9 pode ser responsabilizado civilmente pelos danos causados ao meio ambiente, pois, al\u00e9m de a obriga\u00e7\u00e3o ambiental ser objetiva, caracterizada pela solidariedade e ter car\u00e1ter ambulatorial, ele recaiu na pr\u00e1tica de omiss\u00e3o il\u00edcita.<\/p>\n\n\n\n<p>d) A a\u00e7\u00e3o de responsabilidade civil por danos causados ao meio ambiente proposta pelo Minist\u00e9rio P\u00fablico do Estado ser\u00e1 extinta sem resolu\u00e7\u00e3o do m\u00e9rito, pois, como o im\u00f3vel est\u00e1 localizado na zona rural, a legitimidade ativa \u00e9 concorrente do Minist\u00e9rio P\u00fablico Federal ou da Uni\u00e3o.<\/p>\n\n\n\n<p>e) A a\u00e7\u00e3o de responsabilidade civil por danos causados ao meio ambiente proposta pelo Minist\u00e9rio P\u00fablico do Estado ser\u00e1 julgada improcedente, pois o im\u00f3vel comprado por Jos\u00e9 n\u00e3o \u00e9 considerado como \u00e1rea de preserva\u00e7\u00e3o permanente, nos termos do C\u00f3digo Florestal.<\/p>\n\n\n\n<p><strong>Gabarito: Letra C<\/strong><\/p>\n\n\n\n<ul class=\"wp-block-list\">\n<li>Responsabilidade civil por danos ambientais \u00e9 propter rem, objetiva e solid\u00e1ria (STJ, REsp 1.962.089)<\/li>\n\n\n\n<li><strong> S\u00famula 623 do STJ:<\/strong> As obriga\u00e7\u00f5es ambientais possuem natureza propter rem, sendo admiss\u00edvel cobr\u00e1-las do propriet\u00e1rio ou possuidor atual e\/ou dos anteriores, \u00e0 escolha do credor<\/li>\n<\/ul>\n<\/div><\/div>\n<\/div><\/div>\n\n\n\n<p class=\"has-text-align-center\" style=\"font-size:20px\"><strong>Quer saber quais ser\u00e3o os pr\u00f3ximos concursos?<\/strong><\/p>\n\n\n\n<pre class=\"wp-block-verse has-text-align-center\" style=\"font-size:20px\">Confira nossos&nbsp;<a href=\"https:\/\/cj.estrategia.com\/portal\/\" target=\"_blank\" >artigos para Carreiras Jur\u00eddicas<\/a>!<\/pre>\n\n\n\n<p class=\"has-text-align-center has-white-color has-pale-cyan-blue-background-color has-text-color has-background has-link-color wp-elements-07bd7b42832a62940a4126a15f963773\"><a href=\"https:\/\/cj.estrategia.com\/portal\/concursos-abertos-carreiras-juridicas\/\">Concursos jur\u00eddicos abertos<\/a><\/p>\n\n\n\n<p class=\"has-text-align-center has-pale-cyan-blue-background-color has-background\"><a href=\"https:\/\/cj.estrategia.com\/portal\/concursos-2025-carreiras-juridicas\/\" target=\"_blank\" ><mark style=\"background-color:rgba(0, 0, 0, 0)\" class=\"has-inline-color has-white-color\">Concursos jur\u00eddicos 2025<\/mark><\/a><\/p>\n\n\n\n<p><\/p>\n\n\n\n<p><\/p>\n","protected":false},"excerpt":{"rendered":"Como se sabe, o Instituto Brasileiro do Meio Ambiente e dos Recursos Naturais Renov\u00e1veis (Ibama) investiga poss\u00edvel infra\u00e7\u00e3o&hellip;\n","protected":false},"author":93,"featured_media":137910,"comment_status":"open","ping_status":"open","sticky":false,"template":"","format":"standard","meta":{"_jetpack_memberships_contains_paid_content":false,"footnotes":""},"categories":[1],"tags":[2976,2975,2977,123],"tax_estado":[30,31,32,33,34,35,36,37,38,39,40,41,42,43,44,45,46,47,48,49,50,51,52,53,54,55,56,57],"class_list":{"0":"post-137830","1":"post","2":"type-post","3":"status-publish","4":"format-standard","5":"has-post-thumbnail","7":"category-carreiras-juridicas","8":"tag-baleia-franca","9":"tag-cetaceos","10":"tag-desenredamento-nao-autorizado","11":"tag-direito-ambiental","12":"tax_estado-ac","13":"tax_estado-al","14":"tax_estado-am","15":"tax_estado-ap","16":"tax_estado-ba","17":"tax_estado-ce","18":"tax_estado-concursos-federais","19":"tax_estado-df","20":"tax_estado-es","21":"tax_estado-go","22":"tax_estado-ma","23":"tax_estado-mg","24":"tax_estado-ms","25":"tax_estado-mt","26":"tax_estado-pa","27":"tax_estado-pb","28":"tax_estado-pe","29":"tax_estado-pi","30":"tax_estado-pr","31":"tax_estado-rj","32":"tax_estado-rn","33":"tax_estado-ro","34":"tax_estado-rr","35":"tax_estado-rs","36":"tax_estado-sc","37":"tax_estado-se","38":"tax_estado-sp","39":"tax_estado-to"},"acf":[],"yoast_head":"<!-- This site is optimized with the Yoast SEO Premium plugin v27.4 (Yoast SEO v27.4) - https:\/\/yoast.com\/product\/yoast-seo-premium-wordpress\/ -->\n<title>Desenredamento n\u00e3o autorizado: O caso da baleia-franca em SC<\/title>\n<meta name=\"description\" content=\"Entenda se o desenredamento n\u00e3o autorizado de baleias-francas, como o ocorrido em SC, pode ser caracterizado como molestamento de cet\u00e1ceos .\" \/>\n<meta name=\"robots\" content=\"index, follow, max-snippet:-1, max-image-preview:large, max-video-preview:-1\" \/>\n<link rel=\"canonical\" href=\"https:\/\/cj.estrategia.com\/portal\/desenredamento-baleia-franca-santa-catarina\/\" \/>\n<meta property=\"og:locale\" content=\"pt_BR\" \/>\n<meta property=\"og:type\" content=\"article\" \/>\n<meta property=\"og:title\" content=\"Desenredamento n\u00e3o autorizado: O caso da baleia-franca em SC\" \/>\n<meta property=\"og:description\" content=\"Entenda se o desenredamento n\u00e3o autorizado de baleias-francas, como o ocorrido em SC, pode ser caracterizado como molestamento de cet\u00e1ceos .\" \/>\n<meta property=\"og:url\" content=\"https:\/\/cj.estrategia.com\/portal\/desenredamento-baleia-franca-santa-catarina\/\" \/>\n<meta property=\"og:site_name\" content=\"Blog - Carreiras Jur\u00eddicas - Estrat\u00e9gia\" \/>\n<meta property=\"article:publisher\" content=\"https:\/\/www.facebook.com\/estrategiacarreirajuridica\/\" \/>\n<meta property=\"article:published_time\" content=\"2025-07-23T02:04:47+00:00\" \/>\n<meta property=\"article:modified_time\" content=\"2025-07-28T16:45:11+00:00\" \/>\n<meta property=\"og:image\" content=\"https:\/\/cj.estrategia.com\/portal\/wp-content\/uploads\/2025\/07\/22225013\/baleia-2.jpg\" \/>\n\t<meta property=\"og:image:width\" content=\"958\" \/>\n\t<meta property=\"og:image:height\" content=\"674\" \/>\n\t<meta property=\"og:image:type\" content=\"image\/jpeg\" \/>\n<meta name=\"author\" content=\"Felipe Duque\" \/>\n<meta name=\"twitter:card\" content=\"summary_large_image\" \/>\n<meta name=\"twitter:creator\" content=\"@https:\/\/x.com\/ProfessorDuque\" \/>\n<meta name=\"twitter:site\" content=\"@EstratJuridica\" \/>\n<meta name=\"twitter:label1\" content=\"Escrito por\" \/>\n\t<meta name=\"twitter:data1\" content=\"Felipe Duque\" \/>\n\t<meta name=\"twitter:label2\" content=\"Est. tempo de leitura\" \/>\n\t<meta name=\"twitter:data2\" content=\"9 minutos\" \/>\n<script type=\"application\/ld+json\" class=\"yoast-schema-graph\">{\"@context\":\"https:\\\/\\\/schema.org\",\"@graph\":[{\"@type\":\"NewsArticle\",\"@id\":\"https:\\\/\\\/cj.estrategia.com\\\/portal\\\/desenredamento-baleia-franca-santa-catarina\\\/#article\",\"isPartOf\":{\"@id\":\"https:\\\/\\\/cj.estrategia.com\\\/portal\\\/desenredamento-baleia-franca-santa-catarina\\\/\"},\"author\":{\"name\":\"Felipe Duque\",\"@id\":\"https:\\\/\\\/cj.estrategia.com\\\/portal\\\/#\\\/schema\\\/person\\\/b5b0253b269d7130d1f7770b1ba29285\"},\"headline\":\"Desenredamento n\u00e3o autorizado: O caso da baleia-franca em SC\",\"datePublished\":\"2025-07-23T02:04:47+00:00\",\"dateModified\":\"2025-07-28T16:45:11+00:00\",\"mainEntityOfPage\":{\"@id\":\"https:\\\/\\\/cj.estrategia.com\\\/portal\\\/desenredamento-baleia-franca-santa-catarina\\\/\"},\"wordCount\":1521,\"commentCount\":0,\"publisher\":{\"@id\":\"https:\\\/\\\/cj.estrategia.com\\\/portal\\\/#organization\"},\"image\":{\"@id\":\"https:\\\/\\\/cj.estrategia.com\\\/portal\\\/desenredamento-baleia-franca-santa-catarina\\\/#primaryimage\"},\"thumbnailUrl\":\"https:\\\/\\\/cj.estrategia.com\\\/portal\\\/wp-content\\\/uploads\\\/2025\\\/07\\\/22225013\\\/baleia-2.jpg\",\"keywords\":[\"baleia-franca\",\"cet\u00e1ceos\",\"desenredamento n\u00e3o autorizado\",\"direito ambiental\"],\"articleSection\":[\"Carreiras Jur\u00eddicas\"],\"inLanguage\":\"pt-BR\",\"potentialAction\":[{\"@type\":\"CommentAction\",\"name\":\"Comment\",\"target\":[\"https:\\\/\\\/cj.estrategia.com\\\/portal\\\/desenredamento-baleia-franca-santa-catarina\\\/#respond\"]}]},{\"@type\":\"WebPage\",\"@id\":\"https:\\\/\\\/cj.estrategia.com\\\/portal\\\/desenredamento-baleia-franca-santa-catarina\\\/\",\"url\":\"https:\\\/\\\/cj.estrategia.com\\\/portal\\\/desenredamento-baleia-franca-santa-catarina\\\/\",\"name\":\"Desenredamento n\u00e3o autorizado: O caso da baleia-franca em SC\",\"isPartOf\":{\"@id\":\"https:\\\/\\\/cj.estrategia.com\\\/portal\\\/#website\"},\"primaryImageOfPage\":{\"@id\":\"https:\\\/\\\/cj.estrategia.com\\\/portal\\\/desenredamento-baleia-franca-santa-catarina\\\/#primaryimage\"},\"image\":{\"@id\":\"https:\\\/\\\/cj.estrategia.com\\\/portal\\\/desenredamento-baleia-franca-santa-catarina\\\/#primaryimage\"},\"thumbnailUrl\":\"https:\\\/\\\/cj.estrategia.com\\\/portal\\\/wp-content\\\/uploads\\\/2025\\\/07\\\/22225013\\\/baleia-2.jpg\",\"datePublished\":\"2025-07-23T02:04:47+00:00\",\"dateModified\":\"2025-07-28T16:45:11+00:00\",\"description\":\"Entenda se o desenredamento n\u00e3o autorizado de baleias-francas, como o ocorrido em SC, pode ser caracterizado como molestamento de cet\u00e1ceos .\",\"breadcrumb\":{\"@id\":\"https:\\\/\\\/cj.estrategia.com\\\/portal\\\/desenredamento-baleia-franca-santa-catarina\\\/#breadcrumb\"},\"inLanguage\":\"pt-BR\",\"potentialAction\":[{\"@type\":\"ReadAction\",\"target\":[\"https:\\\/\\\/cj.estrategia.com\\\/portal\\\/desenredamento-baleia-franca-santa-catarina\\\/\"]}]},{\"@type\":\"ImageObject\",\"inLanguage\":\"pt-BR\",\"@id\":\"https:\\\/\\\/cj.estrategia.com\\\/portal\\\/desenredamento-baleia-franca-santa-catarina\\\/#primaryimage\",\"url\":\"https:\\\/\\\/cj.estrategia.com\\\/portal\\\/wp-content\\\/uploads\\\/2025\\\/07\\\/22225013\\\/baleia-2.jpg\",\"contentUrl\":\"https:\\\/\\\/cj.estrategia.com\\\/portal\\\/wp-content\\\/uploads\\\/2025\\\/07\\\/22225013\\\/baleia-2.jpg\",\"width\":958,\"height\":674},{\"@type\":\"BreadcrumbList\",\"@id\":\"https:\\\/\\\/cj.estrategia.com\\\/portal\\\/desenredamento-baleia-franca-santa-catarina\\\/#breadcrumb\",\"itemListElement\":[{\"@type\":\"ListItem\",\"position\":1,\"name\":\"In\u00edcio\",\"item\":\"https:\\\/\\\/cj.estrategia.com\\\/portal\\\/\"},{\"@type\":\"ListItem\",\"position\":2,\"name\":\"Desenredamento n\u00e3o autorizado: O caso da baleia-franca em SC\"}]},{\"@type\":\"WebSite\",\"@id\":\"https:\\\/\\\/cj.estrategia.com\\\/portal\\\/#website\",\"url\":\"https:\\\/\\\/cj.estrategia.com\\\/portal\\\/\",\"name\":\"Blog - Carreiras Jur\u00eddicas - Estrat\u00e9gia\",\"description\":\"\",\"publisher\":{\"@id\":\"https:\\\/\\\/cj.estrategia.com\\\/portal\\\/#organization\"},\"potentialAction\":[{\"@type\":\"SearchAction\",\"target\":{\"@type\":\"EntryPoint\",\"urlTemplate\":\"https:\\\/\\\/cj.estrategia.com\\\/portal\\\/?s={search_term_string}\"},\"query-input\":{\"@type\":\"PropertyValueSpecification\",\"valueRequired\":true,\"valueName\":\"search_term_string\"}}],\"inLanguage\":\"pt-BR\"},{\"@type\":\"Organization\",\"@id\":\"https:\\\/\\\/cj.estrategia.com\\\/portal\\\/#organization\",\"name\":\"Estrat\u00e9gia - Carreiras Jur\u00eddicas\",\"url\":\"https:\\\/\\\/cj.estrategia.com\\\/portal\\\/\",\"logo\":{\"@type\":\"ImageObject\",\"inLanguage\":\"pt-BR\",\"@id\":\"https:\\\/\\\/cj.estrategia.com\\\/portal\\\/#\\\/schema\\\/logo\\\/image\\\/\",\"url\":\"https:\\\/\\\/cj.estrategia.com\\\/portal\\\/wp-content\\\/uploads\\\/2022\\\/03\\\/11151052\\\/cj-logo.png\",\"contentUrl\":\"https:\\\/\\\/cj.estrategia.com\\\/portal\\\/wp-content\\\/uploads\\\/2022\\\/03\\\/11151052\\\/cj-logo.png\",\"width\":150,\"height\":39,\"caption\":\"Estrat\u00e9gia - Carreiras Jur\u00eddicas\"},\"image\":{\"@id\":\"https:\\\/\\\/cj.estrategia.com\\\/portal\\\/#\\\/schema\\\/logo\\\/image\\\/\"},\"sameAs\":[\"https:\\\/\\\/www.facebook.com\\\/estrategiacarreirajuridica\\\/\",\"https:\\\/\\\/x.com\\\/EstratJuridica\",\"https:\\\/\\\/www.instagram.com\\\/estrategiacarreirajuridica\\\/\",\"https:\\\/\\\/www.youtube.com\\\/channel\\\/UClbMGuYbj2Mh1m3w144ETWQ\"]},{\"@type\":\"Person\",\"@id\":\"https:\\\/\\\/cj.estrategia.com\\\/portal\\\/#\\\/schema\\\/person\\\/b5b0253b269d7130d1f7770b1ba29285\",\"name\":\"Felipe Duque\",\"image\":{\"@type\":\"ImageObject\",\"inLanguage\":\"pt-BR\",\"@id\":\"https:\\\/\\\/cj.estrategia.com\\\/portal\\\/wp-content\\\/uploads\\\/2024\\\/08\\\/06162009\\\/Captura-de-Tela-2024-08-06-as-16.19.26-96x96.png\",\"url\":\"https:\\\/\\\/cj.estrategia.com\\\/portal\\\/wp-content\\\/uploads\\\/2024\\\/08\\\/06162009\\\/Captura-de-Tela-2024-08-06-as-16.19.26-96x96.png\",\"contentUrl\":\"https:\\\/\\\/cj.estrategia.com\\\/portal\\\/wp-content\\\/uploads\\\/2024\\\/08\\\/06162009\\\/Captura-de-Tela-2024-08-06-as-16.19.26-96x96.png\",\"caption\":\"Felipe Duque\"},\"description\":\"Felipe Duque - Mestre em Direito Pol\u00edtico e Econ\u00f4mico na Mackenzie-SP. Graduado em Direito pela Universidade Cat\u00f3lica de Pernambuco, com conclus\u00e3o pelo regime de Aproveitamento Extraordin\u00e1rio nos Estudos (art. 47, \u00a7 2\u00ba, da Lei n\u00ba 9.394\\\/96). Ex-Assessor de Desembargador no TJPE. Procurador da Fazenda Nacional. Integra voluntariamente a Coordena\u00e7\u00e3o de Assuntos Estrat\u00e9gicos Judiciais da PGFN. Professor do Estrat\u00e9gia Carreira Jur\u00eddica, Estrat\u00e9gia OAB e Buscador Dizer o Direito. Autor do livro \u201cReforma Tribut\u00e1ria Comentada e Esquematizada\u201d, \\\"Manual de Processo Tribut\u00e1rio: Administrativo e Judicial\\\" pela editora Juspodivm Parecerista na Revista de Estudos Jur\u00eddicos do Superior Tribunal de Justi\u00e7a (REJuriSTJ)\",\"sameAs\":[\"http:\\\/\\\/lattes.cnpq.br\\\/5755137268084324\",\"https:\\\/\\\/www.instagram.com\\\/felipe_duque\\\/\",\"https:\\\/\\\/br.linkedin.com\\\/in\\\/felipe-duque-56954638\",\"https:\\\/\\\/x.com\\\/https:\\\/\\\/x.com\\\/ProfessorDuque\",\"https:\\\/\\\/www.youtube.com\\\/@felipeduque-experienciasco5797\"],\"url\":\"https:\\\/\\\/cj.estrategia.com\\\/portal\\\/author\\\/felipe-duque\\\/\"}]}<\/script>\n<!-- \/ Yoast SEO Premium plugin. -->","yoast_head_json":{"title":"Desenredamento n\u00e3o autorizado: O caso da baleia-franca em SC","description":"Entenda se o desenredamento n\u00e3o autorizado de baleias-francas, como o ocorrido em SC, pode ser caracterizado como molestamento de cet\u00e1ceos .","robots":{"index":"index","follow":"follow","max-snippet":"max-snippet:-1","max-image-preview":"max-image-preview:large","max-video-preview":"max-video-preview:-1"},"canonical":"https:\/\/cj.estrategia.com\/portal\/desenredamento-baleia-franca-santa-catarina\/","og_locale":"pt_BR","og_type":"article","og_title":"Desenredamento n\u00e3o autorizado: O caso da baleia-franca em SC","og_description":"Entenda se o desenredamento n\u00e3o autorizado de baleias-francas, como o ocorrido em SC, pode ser caracterizado como molestamento de cet\u00e1ceos .","og_url":"https:\/\/cj.estrategia.com\/portal\/desenredamento-baleia-franca-santa-catarina\/","og_site_name":"Blog - Carreiras Jur\u00eddicas - Estrat\u00e9gia","article_publisher":"https:\/\/www.facebook.com\/estrategiacarreirajuridica\/","article_published_time":"2025-07-23T02:04:47+00:00","article_modified_time":"2025-07-28T16:45:11+00:00","og_image":[{"width":958,"height":674,"url":"https:\/\/cj.estrategia.com\/portal\/wp-content\/uploads\/2025\/07\/22225013\/baleia-2.jpg","type":"image\/jpeg"}],"author":"Felipe Duque","twitter_card":"summary_large_image","twitter_creator":"@https:\/\/x.com\/ProfessorDuque","twitter_site":"@EstratJuridica","twitter_misc":{"Escrito por":"Felipe Duque","Est. tempo de leitura":"9 minutos"},"schema":{"@context":"https:\/\/schema.org","@graph":[{"@type":"NewsArticle","@id":"https:\/\/cj.estrategia.com\/portal\/desenredamento-baleia-franca-santa-catarina\/#article","isPartOf":{"@id":"https:\/\/cj.estrategia.com\/portal\/desenredamento-baleia-franca-santa-catarina\/"},"author":{"name":"Felipe Duque","@id":"https:\/\/cj.estrategia.com\/portal\/#\/schema\/person\/b5b0253b269d7130d1f7770b1ba29285"},"headline":"Desenredamento n\u00e3o autorizado: O caso da baleia-franca em SC","datePublished":"2025-07-23T02:04:47+00:00","dateModified":"2025-07-28T16:45:11+00:00","mainEntityOfPage":{"@id":"https:\/\/cj.estrategia.com\/portal\/desenredamento-baleia-franca-santa-catarina\/"},"wordCount":1521,"commentCount":0,"publisher":{"@id":"https:\/\/cj.estrategia.com\/portal\/#organization"},"image":{"@id":"https:\/\/cj.estrategia.com\/portal\/desenredamento-baleia-franca-santa-catarina\/#primaryimage"},"thumbnailUrl":"https:\/\/cj.estrategia.com\/portal\/wp-content\/uploads\/2025\/07\/22225013\/baleia-2.jpg","keywords":["baleia-franca","cet\u00e1ceos","desenredamento n\u00e3o autorizado","direito ambiental"],"articleSection":["Carreiras Jur\u00eddicas"],"inLanguage":"pt-BR","potentialAction":[{"@type":"CommentAction","name":"Comment","target":["https:\/\/cj.estrategia.com\/portal\/desenredamento-baleia-franca-santa-catarina\/#respond"]}]},{"@type":"WebPage","@id":"https:\/\/cj.estrategia.com\/portal\/desenredamento-baleia-franca-santa-catarina\/","url":"https:\/\/cj.estrategia.com\/portal\/desenredamento-baleia-franca-santa-catarina\/","name":"Desenredamento n\u00e3o autorizado: O caso da baleia-franca em SC","isPartOf":{"@id":"https:\/\/cj.estrategia.com\/portal\/#website"},"primaryImageOfPage":{"@id":"https:\/\/cj.estrategia.com\/portal\/desenredamento-baleia-franca-santa-catarina\/#primaryimage"},"image":{"@id":"https:\/\/cj.estrategia.com\/portal\/desenredamento-baleia-franca-santa-catarina\/#primaryimage"},"thumbnailUrl":"https:\/\/cj.estrategia.com\/portal\/wp-content\/uploads\/2025\/07\/22225013\/baleia-2.jpg","datePublished":"2025-07-23T02:04:47+00:00","dateModified":"2025-07-28T16:45:11+00:00","description":"Entenda se o desenredamento n\u00e3o autorizado de baleias-francas, como o ocorrido em SC, pode ser caracterizado como molestamento de cet\u00e1ceos .","breadcrumb":{"@id":"https:\/\/cj.estrategia.com\/portal\/desenredamento-baleia-franca-santa-catarina\/#breadcrumb"},"inLanguage":"pt-BR","potentialAction":[{"@type":"ReadAction","target":["https:\/\/cj.estrategia.com\/portal\/desenredamento-baleia-franca-santa-catarina\/"]}]},{"@type":"ImageObject","inLanguage":"pt-BR","@id":"https:\/\/cj.estrategia.com\/portal\/desenredamento-baleia-franca-santa-catarina\/#primaryimage","url":"https:\/\/cj.estrategia.com\/portal\/wp-content\/uploads\/2025\/07\/22225013\/baleia-2.jpg","contentUrl":"https:\/\/cj.estrategia.com\/portal\/wp-content\/uploads\/2025\/07\/22225013\/baleia-2.jpg","width":958,"height":674},{"@type":"BreadcrumbList","@id":"https:\/\/cj.estrategia.com\/portal\/desenredamento-baleia-franca-santa-catarina\/#breadcrumb","itemListElement":[{"@type":"ListItem","position":1,"name":"In\u00edcio","item":"https:\/\/cj.estrategia.com\/portal\/"},{"@type":"ListItem","position":2,"name":"Desenredamento n\u00e3o autorizado: O caso da baleia-franca em SC"}]},{"@type":"WebSite","@id":"https:\/\/cj.estrategia.com\/portal\/#website","url":"https:\/\/cj.estrategia.com\/portal\/","name":"Blog - Carreiras Jur\u00eddicas - Estrat\u00e9gia","description":"","publisher":{"@id":"https:\/\/cj.estrategia.com\/portal\/#organization"},"potentialAction":[{"@type":"SearchAction","target":{"@type":"EntryPoint","urlTemplate":"https:\/\/cj.estrategia.com\/portal\/?s={search_term_string}"},"query-input":{"@type":"PropertyValueSpecification","valueRequired":true,"valueName":"search_term_string"}}],"inLanguage":"pt-BR"},{"@type":"Organization","@id":"https:\/\/cj.estrategia.com\/portal\/#organization","name":"Estrat\u00e9gia - Carreiras Jur\u00eddicas","url":"https:\/\/cj.estrategia.com\/portal\/","logo":{"@type":"ImageObject","inLanguage":"pt-BR","@id":"https:\/\/cj.estrategia.com\/portal\/#\/schema\/logo\/image\/","url":"https:\/\/cj.estrategia.com\/portal\/wp-content\/uploads\/2022\/03\/11151052\/cj-logo.png","contentUrl":"https:\/\/cj.estrategia.com\/portal\/wp-content\/uploads\/2022\/03\/11151052\/cj-logo.png","width":150,"height":39,"caption":"Estrat\u00e9gia - Carreiras Jur\u00eddicas"},"image":{"@id":"https:\/\/cj.estrategia.com\/portal\/#\/schema\/logo\/image\/"},"sameAs":["https:\/\/www.facebook.com\/estrategiacarreirajuridica\/","https:\/\/x.com\/EstratJuridica","https:\/\/www.instagram.com\/estrategiacarreirajuridica\/","https:\/\/www.youtube.com\/channel\/UClbMGuYbj2Mh1m3w144ETWQ"]},{"@type":"Person","@id":"https:\/\/cj.estrategia.com\/portal\/#\/schema\/person\/b5b0253b269d7130d1f7770b1ba29285","name":"Felipe Duque","image":{"@type":"ImageObject","inLanguage":"pt-BR","@id":"https:\/\/cj.estrategia.com\/portal\/wp-content\/uploads\/2024\/08\/06162009\/Captura-de-Tela-2024-08-06-as-16.19.26-96x96.png","url":"https:\/\/cj.estrategia.com\/portal\/wp-content\/uploads\/2024\/08\/06162009\/Captura-de-Tela-2024-08-06-as-16.19.26-96x96.png","contentUrl":"https:\/\/cj.estrategia.com\/portal\/wp-content\/uploads\/2024\/08\/06162009\/Captura-de-Tela-2024-08-06-as-16.19.26-96x96.png","caption":"Felipe Duque"},"description":"Felipe Duque - Mestre em Direito Pol\u00edtico e Econ\u00f4mico na Mackenzie-SP. Graduado em Direito pela Universidade Cat\u00f3lica de Pernambuco, com conclus\u00e3o pelo regime de Aproveitamento Extraordin\u00e1rio nos Estudos (art. 47, \u00a7 2\u00ba, da Lei n\u00ba 9.394\/96). Ex-Assessor de Desembargador no TJPE. Procurador da Fazenda Nacional. Integra voluntariamente a Coordena\u00e7\u00e3o de Assuntos Estrat\u00e9gicos Judiciais da PGFN. Professor do Estrat\u00e9gia Carreira Jur\u00eddica, Estrat\u00e9gia OAB e Buscador Dizer o Direito. Autor do livro \u201cReforma Tribut\u00e1ria Comentada e Esquematizada\u201d, \"Manual de Processo Tribut\u00e1rio: Administrativo e Judicial\" pela editora Juspodivm Parecerista na Revista de Estudos Jur\u00eddicos do Superior Tribunal de Justi\u00e7a (REJuriSTJ)","sameAs":["http:\/\/lattes.cnpq.br\/5755137268084324","https:\/\/www.instagram.com\/felipe_duque\/","https:\/\/br.linkedin.com\/in\/felipe-duque-56954638","https:\/\/x.com\/https:\/\/x.com\/ProfessorDuque","https:\/\/www.youtube.com\/@felipeduque-experienciasco5797"],"url":"https:\/\/cj.estrategia.com\/portal\/author\/felipe-duque\/"}]}},"jetpack_featured_media_url":"https:\/\/cj.estrategia.com\/portal\/wp-content\/uploads\/2025\/07\/22225013\/baleia-2.jpg","jetpack_sharing_enabled":true,"_links":{"self":[{"href":"https:\/\/cj.estrategia.com\/portal\/wp-json\/wp\/v2\/posts\/137830","targetHints":{"allow":["GET"]}}],"collection":[{"href":"https:\/\/cj.estrategia.com\/portal\/wp-json\/wp\/v2\/posts"}],"about":[{"href":"https:\/\/cj.estrategia.com\/portal\/wp-json\/wp\/v2\/types\/post"}],"author":[{"embeddable":true,"href":"https:\/\/cj.estrategia.com\/portal\/wp-json\/wp\/v2\/users\/93"}],"replies":[{"embeddable":true,"href":"https:\/\/cj.estrategia.com\/portal\/wp-json\/wp\/v2\/comments?post=137830"}],"version-history":[{"count":36,"href":"https:\/\/cj.estrategia.com\/portal\/wp-json\/wp\/v2\/posts\/137830\/revisions"}],"predecessor-version":[{"id":139031,"href":"https:\/\/cj.estrategia.com\/portal\/wp-json\/wp\/v2\/posts\/137830\/revisions\/139031"}],"wp:featuredmedia":[{"embeddable":true,"href":"https:\/\/cj.estrategia.com\/portal\/wp-json\/wp\/v2\/media\/137910"}],"wp:attachment":[{"href":"https:\/\/cj.estrategia.com\/portal\/wp-json\/wp\/v2\/media?parent=137830"}],"wp:term":[{"taxonomy":"category","embeddable":true,"href":"https:\/\/cj.estrategia.com\/portal\/wp-json\/wp\/v2\/categories?post=137830"},{"taxonomy":"post_tag","embeddable":true,"href":"https:\/\/cj.estrategia.com\/portal\/wp-json\/wp\/v2\/tags?post=137830"},{"taxonomy":"tax_estado","embeddable":true,"href":"https:\/\/cj.estrategia.com\/portal\/wp-json\/wp\/v2\/tax_estado?post=137830"}],"curies":[{"name":"wp","href":"https:\/\/api.w.org\/{rel}","templated":true}]}}