{"id":137283,"date":"2025-07-21T15:54:28","date_gmt":"2025-07-21T18:54:28","guid":{"rendered":"https:\/\/cj.estrategia.com\/portal\/?p=137283"},"modified":"2025-07-21T18:25:47","modified_gmt":"2025-07-21T21:25:47","slug":"prova-comentada-direito-ambiental-concurso-tj-ce-juiz-substituto","status":"publish","type":"post","link":"https:\/\/cj.estrategia.com\/portal\/prova-comentada-direito-ambiental-concurso-tj-ce-juiz-substituto\/","title":{"rendered":"Prova comentada Direito Ambiental Concurso TJ CE Juiz Substituto"},"content":{"rendered":"\n<p>Ol\u00e1, pessoal, tudo certo?!<\/p>\n\n\n\n<p>Em 20\/07\/2025, foi aplicada a prova objetiva do concurso p\u00fablico para o <strong>Tribunal de Justi\u00e7a do Estado do Cear\u00e1<\/strong>. Assim que divulgados o caderno de provas e o gabarito preliminar oficial, nosso time de professores analisou cada uma das quest\u00f5es que agora ser\u00e3o apresentadas em nossa <strong>PROVA COMENTADA<\/strong>.<\/p>\n\n\n\n<p>Este material visa a auxili\u00e1-los na aferi\u00e7\u00e3o das notas, elabora\u00e7\u00e3o de eventuais recursos, verifica\u00e7\u00e3o das chances de avan\u00e7o para fase discursiva, bem como na revis\u00e3o do conte\u00fado cobrado no certame.<\/p>\n\n\n\n<p>De modo complementar, elaboramos tamb\u00e9m o Ranking do <strong>TJ-CE<\/strong> em que nossos alunos e seguidores poder\u00e3o inserir suas respostas \u00e0 prova, e, ao final, aferir sua nota, de acordo com o gabarito elaborado por nossos professores. Atrav\u00e9s do ranking, tamb\u00e9m poderemos estimar a nota de corte da 1\u00ba fase. Essa ferramenta \u00e9 gratuita e, para participar, basta clicar no link abaixo:<\/p>\n\n\n\n<p class=\"has-text-align-center has-luminous-vivid-amber-to-luminous-vivid-orange-gradient-background has-background\"><a href=\"https:\/\/cj.estrategia.com\/rankings\/eea089e0-c667-4ae5-b077-a7dcba84924b\"><strong>TJ CE Juiz Substituto<\/strong><\/a><\/p>\n\n\n\n<p class=\"has-text-align-left\">Al\u00e9m disso, montamos um caderno para nossos seguidores, alunos ou n\u00e3o, verem os coment\u00e1rios e comentar as quest\u00f5es da prova:<\/p>\n\n\n\n<p class=\"has-text-align-center has-luminous-vivid-amber-to-luminous-vivid-orange-gradient-background has-background\"><a href=\"https:\/\/cj.estrategia.com\/cadernos-e-simulados\/cadernos\/780ee667-08dd-41ba-8f35-7fac94aaa86e\" target=\"_blank\" ><strong>Caderno de prova para seguidores<\/strong><\/a><\/p>\n\n\n\n<p>Por fim, comentaremos a prova, as quest\u00f5es mais pol\u00eamicas, as possibilidades de recurso, bem como a estimativa da nota de corte no <strong>TERM\u00d4METRO P\u00d3S-PROVA<\/strong>, no nosso canal do Youtube. Inscreva-se e ative as notifica\u00e7\u00f5es!<\/p>\n\n\n\n<p class=\"has-text-align-center has-luminous-vivid-amber-to-luminous-vivid-orange-gradient-background has-background\"><a href=\"https:\/\/www.youtube.com\/EstrategiaCarreiraJuridica\" target=\"_blank\" ><strong>Estrat\u00e9gia Carreira Jur\u00eddica &#8211; YouTube<\/strong><\/a><\/p>\n\n\n\n<p>Esperamos que gostem do material e de todos os novos projetos que preparamos para que avancem rumo \u00e0 aprova\u00e7\u00e3o.<\/p>\n\n\n\n<p>Contem sempre conosco.<\/p>\n\n\n\n<p>Yasmin Ushara,<\/p>\n\n\n\n<p>Coordena\u00e7\u00e3o de Rodadas do Estrat\u00e9gia Carreiras Jur\u00eddicas.<\/p>\n\n\n\n<p class=\"has-text-align-center has-luminous-vivid-amber-to-luminous-vivid-orange-gradient-background has-background\"><strong><strong><a href=\"https:\/\/cj.estrategia.com\/portal\/provas-comentadas-de-todas-as-materias-do-concurso-tj-ce-juiz-substituto\/\" target=\"_blank\" >Clique aqui e confira todas as mat\u00e9rias da prova<\/a><\/strong><\/strong><\/p>\n\n\n\n<p><strong>QUEST\u00c3O 79.&nbsp; O Estado Beto editou norma para incluir, entre as condutas vedadas por lei e sujeitas \u00e0 multa por infra\u00e7\u00e3o administrativa ambiental, a pr\u00e1tica de rinha de galos, fixando como incursos nas multas ali previstas os participantes envolvidos no evento, neles inclu\u00eddos os criadores que pratiquem a atividade em benef\u00edcio da rinha de galos.<\/strong><\/p>\n\n\n\n<p><strong>A respeito da legisla\u00e7\u00e3o citada, de acordo com o entendimento do Supremo Tribunal Federal, assinale a afirmativa correta.<\/strong><\/p>\n\n\n\n<p><strong>a) \u00c9 inconstitucional, porque, apesar de a lei ser materialmente compat\u00edvel com a Constitui\u00e7\u00e3o, por vedar forma de submiss\u00e3o de animais a atos de crueldade, h\u00e1 incompatibilidade formal com a Constitui\u00e7\u00e3o, por viola\u00e7\u00e3o da compet\u00eancia legislativa municipal para legislar sobre temas de interesse local.<\/strong><\/p>\n\n\n\n<p><strong>b) \u00c9 inconstitucional, porque, apesar de a lei ser formalmente compat\u00edvel com a Constitui\u00e7\u00e3o, pela compet\u00eancia estadual concorrente para legislar sobre fauna, h\u00e1 inconstitucionalidade material por viola\u00e7\u00e3o ao princ\u00edpio da proporcionalidade e da livre iniciativa, pois a lei estadual presume a responsabilidade objetiva dos criadores apenas em raz\u00e3o da atividade desenvolvida.<\/strong><\/p>\n\n\n\n<p><strong>c) \u00c9 constitucional, porque a norma estadual foi editada no regular exerc\u00edcio de compet\u00eancia estadual concorrente para legislar sobre fauna, conserva\u00e7\u00e3o da natureza e prote\u00e7\u00e3o do meio ambiente e de sua compet\u00eancia comum para proteger o meio ambiente; ademais, a lei concretiza a prote\u00e7\u00e3o jur\u00eddico- constitucional referente \u00e0 veda\u00e7\u00e3o, em cl\u00e1usula gen\u00e9rica, a qualquer forma de submiss\u00e3o de animais a atos de crueldade.<\/strong><\/p>\n\n\n\n<p><strong>d) \u00c9 constitucional, porque a norma estadual foi editada no regular exerc\u00edcio de compet\u00eancia estadual concorrente com o Munic\u00edpio (mas n\u00e3o com a Uni\u00e3o) para legislar sobre fauna e conserva\u00e7\u00e3o da natureza e garante, de forma mais protetiva, a prote\u00e7\u00e3o jur\u00eddico-constitucional referente \u00e0 veda\u00e7\u00e3o a qualquer forma de submiss\u00e3o de animais a atos de crueldade.<\/strong><\/p>\n\n\n\n<p><strong>e) \u00c9 inconstitucional, porque apesar de a lei ser materialmente compat\u00edvel com a Constitui\u00e7\u00e3o, por vedar forma de submiss\u00e3o de animais a atos de crueldade, h\u00e1 incompatibilidade formal com a Constitui\u00e7\u00e3o, por viola\u00e7\u00e3o da compet\u00eancia legislativa federal para legislar, de forma geral, sobre prote\u00e7\u00e3o \u00e0 fauna.<\/strong><\/p>\n\n\n\n<p><strong>Coment\u00e1rios<\/strong><\/p>\n\n\n\n<p>A alternativa correta \u00e9 a <strong>letra C.<\/strong> Trata-se de entendimento do STF veiculado no Informativo 1152.<\/p>\n\n\n\n<p>A alternativa A est\u00e1 incorreta. A norma \u00e9 constitucional. A Constitui\u00e7\u00e3o Federal, em seu art. 24, VI, estabeleceu a compet\u00eancia legislativa ambiental concorrente. Outrossim, atribuiu \u00e0 Uni\u00e3o, aos Estados, ao Distrito Federal e aos Munic\u00edpios, a compet\u00eancia administrativa comum de prote\u00e7\u00e3o ao meio ambiente e controle da polui\u00e7\u00e3o (art. 23, VI, CF\/88). Ademais, previu a proibi\u00e7\u00e3o da submiss\u00e3o de animais a atos de crueldade (art. 225, \u00a7 1\u00ba, VII, CF\/88).<\/p>\n\n\n\n<p>A alternativa B est\u00e1 incorreta. A referida norma \u00e9 constitucional, pois respeita as regras de reparti\u00e7\u00e3o de compet\u00eancia e concretiza a prote\u00e7\u00e3o referente \u00e0 veda\u00e7\u00e3o, em cl\u00e1usula gen\u00e9rica, a qualquer forma de submiss\u00e3o de animais a atos de crueldade (art. 225, \u00a7 1\u00ba, VII, CF\/88).<\/p>\n\n\n\n<p>A alternativa C est\u00e1 correta. Trata-se de entendimento do STF veiculado no Informativo 1152. Veja-se: \u201c\u00c9 constitucional norma estadual que, ao instituir o C\u00f3digo de Prote\u00e7\u00e3o aos Animais, pro\u00edbe a pr\u00e1tica de rinha de galos e fixa multas a todos os participantes envolvidos no evento, independentemente da responsabilidade civil e penal individualmente imput\u00e1vel a cada um, \u2014 pois respeita as regras de reparti\u00e7\u00e3o de compet\u00eancia e concretiza a prote\u00e7\u00e3o referente \u00e0 veda\u00e7\u00e3o, em cl\u00e1usula gen\u00e9rica, a qualquer forma de submiss\u00e3o de animais a atos de crueldade (art. 225, \u00a7 1\u00ba, VII, CF\/88) \u2014 STF. Plen\u00e1rio. ADI 7.056\/SC, Rel. Min. Dias Toffoli, julgado em 30\/09\/2024 (Info 1152)\u201d.<\/p>\n\n\n\n<p>A alternativa D est\u00e1 incorreta. Compete \u00e0 Uni\u00e3o, aos Estados e ao Distrito Federal legislar concorrentemente sobre fauna, prote\u00e7\u00e3o do meio ambiente e controle da polui\u00e7\u00e3o (art. 24, VI, CF\/88).<\/p>\n\n\n\n<p>A alternativa E est\u00e1 incorreta. Compete \u00e0 Uni\u00e3o, aos Estados e ao Distrito Federal legislar concorrentemente sobre fauna, prote\u00e7\u00e3o do meio ambiente e controle da polui\u00e7\u00e3o (art. 24, VI, CF\/88).<\/p>\n\n\n\n<p><strong>QUEST\u00c3O 80. A sociedade empres\u00e1ria Alfa foi respons\u00e1vel por dano ambiental consistente em desmatamento ilegal, praticado em 2015. O Minist\u00e9rio P\u00fablico ajuizou a\u00e7\u00e3o civil p\u00fablica, no bojo da qual sobreveio senten\u00e7a transitada em julgado, em 2018, que condenou Alfa \u00e0 repara\u00e7\u00e3o de dano. Na fase de cumprimento de senten\u00e7a, foi proferida, em 2019, decis\u00e3o, j\u00e1 preclusa, que converteu a obriga\u00e7\u00e3o de reparar o dano (obriga\u00e7\u00f5es de fazer) em indeniza\u00e7\u00e3o por perdas e danos, diante de peculiaridades locais que inviabilizaram a repara\u00e7\u00e3o in natura. Somente este m\u00eas, o MP requereu judicialmente a execu\u00e7\u00e3o da obriga\u00e7\u00e3o de pagar o valor da citada indeniza\u00e7\u00e3o. A sociedade empres\u00e1ria Alfa, entretanto, requereu o reconhecimento da prescri\u00e7\u00e3o intercorrente na execu\u00e7\u00e3o.<\/strong><\/p>\n\n\n\n<p><strong>Com base na jurisprud\u00eancia do Supremo Tribunal Federal, o magistrado<\/strong><\/p>\n\n\n\n<p><strong>a) n\u00e3o deve reconhecer a prescri\u00e7\u00e3o, pois se aplica o prazo decenal previsto no C\u00f3digo Civil para reger a prescri\u00e7\u00e3o intercorrente.<\/strong><\/p>\n\n\n\n<p><strong>b) deve reconhecer a prescri\u00e7\u00e3o, pois h\u00e1 imprescritibilidade para pretens\u00e3o execut\u00f3ria da obriga\u00e7\u00e3o de reparar o dano ambiental e n\u00e3o da pretens\u00e3o intercorrente da obriga\u00e7\u00e3o de pagar.<\/strong><\/p>\n\n\n\n<p><strong>c) n\u00e3o deve reconhecer a prescri\u00e7\u00e3o, pois a convers\u00e3o da obriga\u00e7\u00e3o de reparar em perdas e danos n\u00e3o altera o car\u00e1ter imprescrit\u00edvel da pretens\u00e3o, tendo em vista a natureza do direito fundamental tutelado.<\/strong><\/p>\n\n\n\n<p><strong>d) deve reconhecer a prescri\u00e7\u00e3o, pois h\u00e1 imprescritibilidade para pretens\u00e3o da obriga\u00e7\u00e3o de reparar o dano ambiental no bojo de um processo de conhecimento, mas aplica-se a prescri\u00e7\u00e3o quinquenal na fase de execu\u00e7\u00e3o.<\/strong><\/p>\n\n\n\n<p><strong>e) deve reconhecer a prescri\u00e7\u00e3o, pois a natureza transindividual, transgeracional e indispon\u00edvel do bem jur\u00eddico protegido fundamenta a imprescritibilidade tanto da pretens\u00e3o reparat\u00f3ria quanto da pretens\u00e3o execut\u00f3ria reparat\u00f3ria, mas n\u00e3o afasta o reconhecimento da prescri\u00e7\u00e3o intercorrente a partir da data da decis\u00e3o preclusa de convers\u00e3o da repara\u00e7\u00e3o dos danos em obriga\u00e7\u00e3o de pagar indeniza\u00e7\u00e3o.<\/strong><\/p>\n\n\n\n<p><strong>Coment\u00e1rios<\/strong><\/p>\n\n\n\n<p>A alternativa correta \u00e9 a <strong>letra C.<\/strong><\/p>\n\n\n\n<p>Conforme entendimento do STF, considerando o car\u00e1ter transindividual, transgeracional e indispon\u00edvel do bem jur\u00eddico protegido, \u00e9 imprescrit\u00edvel a pretens\u00e3o execut\u00f3ria referente a t\u00edtulo executivo judicial que reconhece a obriga\u00e7\u00e3o de repara\u00e7\u00e3o do dano ambiental, mesmo ap\u00f3s a convers\u00e3o da obriga\u00e7\u00e3o em presta\u00e7\u00e3o pecuni\u00e1ria. Nesse sentido: \u00c9 imprescrit\u00edvel a pretens\u00e3o execut\u00f3ria e inaplic\u00e1vel a prescri\u00e7\u00e3o intercorrente na execu\u00e7\u00e3o de repara\u00e7\u00e3o de dano ambiental, ainda que posteriormente convertida em indeniza\u00e7\u00e3o por perdas e danos. STF. Plen\u00e1rio. ARE 1.352.872\/SC, Rel. Min. Cristiano Zanin, julgado em 31\/03\/2025 (Repercuss\u00e3o Geral \u2013 Tema 1.194) (Info 1171). As demais alternativas encontram-se incorretas. Conforme exposto acima, trata-se de pretens\u00e3o imprescrit\u00edvel, n\u00e3o sendo aplic\u00e1vel a prescri\u00e7\u00e3o intercorrente.<\/p>\n\n\n\n<p><strong>QUEST\u00c3O 81. Disp\u00f5e a Lei no 9.605\/98: Art. 72. As infra\u00e7\u00f5es administrativas s\u00e3o punidas com as seguintes san\u00e7\u00f5es, observado o disposto no Art. 69:1-advert\u00eancia; II &#8211; multo simples; III &#8211; multa di\u00e1ria; IV &#8211; apreens\u00e3o dos animais, produtos e subprodutos da fauna e flora, instrumentos, petrechos, equipamentos ou ve\u00edculos de qualquer natureza utilizados no infra\u00e7\u00e3o; V-destrui\u00e7\u00e3o ou inutiliza\u00e7\u00e3o do produto; VI &#8211; suspens\u00e3o de venda e fabrica\u00e7\u00e3o do produto; VII embargo de obra ou atividade; VIII-demoli\u00e7\u00e3o de obra; IX &#8211; suspens\u00e3o parcial ou total de atividades; X-[VETADO) XI-restritiva de direitos.<\/strong><\/p>\n\n\n\n<p><strong>Sobre a responsabilidade administrativa por infra\u00e7\u00e3o ambiental, de acordo com a jurisprud\u00eancia do Superior Tribunal de Justi\u00e7a, assinale a afirmativa correta.<\/strong><\/p>\n\n\n\n<p><strong>a) A validade das multas administrativas por infra\u00e7\u00e3o ambiental, previstas na Lei no 9.605\/1998, independe da pr\u00e9via aplica\u00e7\u00e3o da penalidade de advert\u00eancia.<\/strong><\/p>\n\n\n\n<p><strong>b) H\u00e1 hierarquia entre as penalidades administrativas por descumprimento da legisla\u00e7\u00e3o e de regulamentos ambientais previstas no Art. 72 da Lei no 9.605\/1998.<\/strong><\/p>\n\n\n\n<p><strong>c) O aspecto decisivo eleito pela lei para balizar a comina\u00e7\u00e3o das san\u00e7\u00f5es administrativas por infra\u00e7\u00f5es ambientais foi, aprioristicamente, a capacidade econ\u00f4mica do infrator, e n\u00e3o a gravidade do fato.<\/strong><\/p>\n\n\n\n<p><strong>d) Se o infrator cometer, simultaneamente, duas ou mais infra\u00e7\u00f5es, ser-lhe-\u00e1 aplicada apenas a mais grave e, n\u00e3o cumulativamente, as san\u00e7\u00f5es a elas cominadas.<\/strong><\/p>\n\n\n\n<p><strong>e) A multa simples n\u00e3o pode ser convertida em servi\u00e7os de preserva\u00e7\u00e3o, melhoria e recupera\u00e7\u00e3o da qualidade do meio ambiente.<\/strong><\/p>\n\n\n\n<p><strong>Coment\u00e1rios<\/strong><\/p>\n\n\n\n<p>A alternativa correta \u00e9 a <strong>letra A.<\/strong><\/p>\n\n\n\n<p>A alternativa A est\u00e1 correta. Conforme entendimento sedimentado do STJ, \u201cA validade das multas administrativas por infra\u00e7\u00e3o ambiental, previstas na Lei n. 9.605\/1998, independe da pr\u00e9via aplica\u00e7\u00e3o da penalidade de advert\u00eancia (Tema Repetitivo 1159).<\/p>\n\n\n\n<p>A alternativa B est\u00e1 incorreta. N\u00e3o h\u00e1 hierarquia entre as penalidades administrativas por descumprimento da legisla\u00e7\u00e3o e de regulamentos ambientais previstas no art. 72 da Lei n. 9.605\/1998.<\/p>\n\n\n\n<p>A alternativa C est\u00e1 incorreta. O aspecto decisivo eleito pela lei para balizar a comina\u00e7\u00e3o das san\u00e7\u00f5es administrativas por infra\u00e7\u00f5es ambientais foi, aprioristicamente, a gravidade do fato.<\/p>\n\n\n\n<p>A alternativa D est\u00e1 incorreta. Se o infrator cometer, simultaneamente, duas ou mais infra\u00e7\u00f5es, ser-lhe-\u00e3o aplicadas, cumulativamente, as san\u00e7\u00f5es a elas cominadas (art. 72, \u00a7 1\u00ba, Lei 9605\/98).<\/p>\n\n\n\n<p>A alternativa E est\u00e1 incorreta. A multa simples pode ser convertida em servi\u00e7os de preserva\u00e7\u00e3o, melhoria e recupera\u00e7\u00e3o da qualidade do meio ambiente (art. 72, \u00a7 4\u00ba, Lei 9605\/98).<\/p>\n\n\n\n<p><strong>QUEST\u00c3O 82. Quanto ao uso de fogo na vegeta\u00e7\u00e3o, o C\u00f3digo Florestal (Lei n&#8217; 12.651\/2012) prev\u00ea a regra da veda\u00e7\u00e3o e as situa\u00e7\u00f5es de exce\u00e7\u00e3o. Sobre essas situa\u00e7\u00f5es, avalie as afirmativas a seguir.<\/strong><\/p>\n\n\n\n<p><strong>I. Em locais ou regi\u00f5es cujas peculiaridades justifiquem emprego do fogo em pr\u00e1ticas agropastoris ou florestais, mediante pr\u00e9via aprova\u00e7\u00e3o do \u00f3rg\u00e3o estadual ambiental competente do Sisnama, para cada im\u00f3vel rural ou de forma regionalizada, que estabelecer\u00e1 os crit\u00e9rios de monitoramento e controle.<\/strong><\/p>\n\n\n\n<p><strong>II. O emprego da queima controlada em Unidades de Conserva\u00e7\u00e3o, em conformidade com o respectivo plano de manejo e mediante pr\u00e9via aprova\u00e7\u00e3o do \u00f3rg\u00e3o gestor da Unidade de Conserva\u00e7\u00e3o, visando ao manejo conservacionista da vegeta\u00e7\u00e3o nativa, cujas caracter\u00edsticas ecol\u00f3gicas estejam associadas evolutivamente \u00e0 ocorr\u00eancia do fogo.<\/strong><\/p>\n\n\n\n<p><strong>III. Apenas para acessar \u00e1reas de risco, para salvaguardar a vida e a integridade f\u00edsica das pessoas, sendo ilegal qualquer outra forma de queima controlada.<\/strong><\/p>\n\n\n\n<p><strong>Est\u00e1 correto o que se afirma em<\/strong><\/p>\n\n\n\n<p><strong>a) I, apenas.<\/strong><\/p>\n\n\n\n<p><strong>b) II, apenas.<\/strong><\/p>\n\n\n\n<p><strong>c) III, apenas.<\/strong><\/p>\n\n\n\n<p><strong>d) I e II, apenas.<\/strong><\/p>\n\n\n\n<p><strong>e) I e III, apenas.<\/strong><\/p>\n\n\n\n<p><strong>Coment\u00e1rios<\/strong><\/p>\n\n\n\n<p>A alternativa correta \u00e9 a <strong>letra D<\/strong>. Est\u00e3o corretos os itens I e II. A regra geral de proibi\u00e7\u00e3o do uso de fogo na vegeta\u00e7\u00e3o encontra previs\u00e3o no art. 38 do C\u00f3digo Florestal.<\/p>\n\n\n\n<p>O item I est\u00e1 correto. C\u00f3digo Florestal, art. 38. \u00c9 proibido o uso de fogo na vegeta\u00e7\u00e3o, exceto nas seguintes situa\u00e7\u00f5es: I &#8211; em locais ou regi\u00f5es cujas peculiaridades justifiquem o emprego do fogo em pr\u00e1ticas agropastoris ou florestais, mediante pr\u00e9via aprova\u00e7\u00e3o do \u00f3rg\u00e3o estadual ambiental competente do Sisnama, para cada im\u00f3vel rural ou de forma regionalizada, que estabelecer\u00e1 os crit\u00e9rios de monitoramento e controle.<\/p>\n\n\n\n<p>O item II est\u00e1 correto. C\u00f3digo Florestal, art. 38. \u00c9 proibido o uso de fogo na vegeta\u00e7\u00e3o, exceto nas seguintes situa\u00e7\u00f5es: II &#8211; emprego da queima controlada em Unidades de Conserva\u00e7\u00e3o, em conformidade com o respectivo plano de manejo e mediante pr\u00e9via aprova\u00e7\u00e3o do \u00f3rg\u00e3o gestor da Unidade de Conserva\u00e7\u00e3o, visando ao manejo conservacionista da vegeta\u00e7\u00e3o nativa, cujas caracter\u00edsticas ecol\u00f3gicas estejam associadas evolutivamente \u00e0 ocorr\u00eancia do fogo.<\/p>\n\n\n\n<p>O item III est\u00e1 incorreto. N\u00e3o se trata da \u00fanica exce\u00e7\u00e3o. Veja-se:<a><\/a> C\u00f3digo Florestal, Art. 38. \u00c9 proibido o uso de fogo na vegeta\u00e7\u00e3o, exceto nas seguintes situa\u00e7\u00f5es: I &#8211; em locais ou regi\u00f5es cujas peculiaridades justifiquem o emprego do fogo em pr\u00e1ticas agropastoris ou florestais, mediante pr\u00e9via aprova\u00e7\u00e3o do \u00f3rg\u00e3o estadual ambiental competente do Sisnama, para cada im\u00f3vel rural ou de forma regionalizada, que estabelecer\u00e1 os crit\u00e9rios de monitoramento e controle;<a><\/a> II &#8211; emprego da queima controlada em Unidades de Conserva\u00e7\u00e3o, em conformidade com o respectivo plano de manejo e mediante pr\u00e9via aprova\u00e7\u00e3o do \u00f3rg\u00e3o gestor da Unidade de Conserva\u00e7\u00e3o, visando ao manejo conservacionista da vegeta\u00e7\u00e3o nativa, cujas caracter\u00edsticas ecol\u00f3gicas estejam associadas evolutivamente \u00e0 ocorr\u00eancia do fogo;<a><\/a> III &#8211; atividades de pesquisa cient\u00edfica vinculada a projeto de pesquisa devidamente aprovado pelos \u00f3rg\u00e3os competentes e realizada por institui\u00e7\u00e3o de pesquisa reconhecida, mediante pr\u00e9via aprova\u00e7\u00e3o do \u00f3rg\u00e3o ambiental competente do Sisnama.<\/p>\n\n\n\n<p><\/p>\n\n\n<a id=\"cta-icon\" href=\"https:\/\/sndflw.com\/i\/magistratura-estadual-grupo\" target=\"blank\" style=\"background:rgb(41,166,26)\">\n            <img decoding=\"async\" src=\"https:\/\/cj.estrategia.com\/portal\/wp-content\/uploads\/2023\/12\/07160657\/whatsapp_1385.webp\" alt=\"\" alt=\"whatsapp_1385\"><span > Acesse agora o Grupo de Estudos para Magistratura Estadual <\/span><\/a>\n\n\n\n<p class=\"has-text-align-center\"><em>Fique por dentro de todos os detalhes do concurso Magistratura CE al\u00e9m da retifica\u00e7\u00e3o do conte\u00fado. Preparamos um artigo completo para voc\u00ea:<\/em><\/p>\n\n\n\n<p class=\"has-text-align-center has-very-light-gray-to-cyan-bluish-gray-gradient-background has-background\"><a href=\"https:\/\/cj.estrategia.com\/portal\/concurso-magistratura-ce\/\" target=\"_blank\" rel=\"noreferrer noopener nofollow\"><strong>Concurso Magistratura CE<\/strong><\/a><\/p>\n\n\n\n<h2 class=\"wp-block-heading has-text-align-center\" id=\"h-quer-saber-tudo-sobre-concursos-previstos-confira-nossos-artigos\"><span id=\"quer-saber-tudo-sobre-concursos-previstosconfira-nossos-artigos\">Quer saber tudo sobre concursos previstos?<br><strong>Confira nossos artigos!<\/strong><\/span><\/h2>\n\n\n\n<ul class=\"wp-block-list\">\n<li><a href=\"https:\/\/cj.estrategia.com\/portal\/concursos-abertos-carreiras-juridicas\/\" target=\"_blank\" >Concursos Jur\u00eddicos abertos<\/a><\/li>\n\n\n\n<li><a href=\"https:\/\/cj.estrategia.com\/portal\/concursos-2025-carreiras-juridicas\/\" target=\"_blank\" >Concursos Jur\u00eddicos 2025<\/a><\/li>\n\n\n\n<li><a href=\"https:\/\/cj.estrategia.com\/portal\/concursos-magistratura\/\" target=\"_blank\" >Concursos Magistratura<\/a><\/li>\n\n\n\n<li><a href=\"https:\/\/cj.estrategia.com\/portal\/exame-nacional-da-magistratura\/\" target=\"_blank\" >Exame Nacional da Magistratura<\/a><\/li>\n<\/ul>\n\n\n\n<h2 class=\"wp-block-heading has-text-align-center\" id=\"h-cursos-e-assinaturas\"><span id=\"cursos-e-assinaturas\">CURSOS E ASSINATURAS<\/span><\/h2>\n\n\n\n<div class=\"container\" id=\"boxes\">\n  <div class=\"row\">\n\n    <div class=\"col-sm\">\n      <div class=\"banner-estrategia-concursos-juridicos\" id=\"box-assinatura\">\n        <h2 id=\"curso-para-concurso-tj-ce-juiz\" class=\"titulo-assinatura\"><span style=\"color: #ffffff; font-size: 23px; \">Curso para Concurso TJ CE Juiz<\/span><\/h2>\n        <p class=\"subtitulo-assinatura\">Cursos focados no edital do concurso<\/p>\n        <div class=\"box-botao\">\n          <a class=\"btn-assinatura-juridica\" target=\"_blank\" href=\"https:\/\/cj.estrategia.com\/curso\/tj-ce-juiz-substituto-pacote-teorico-2025-pos-edital\/\" role=\"button\" rel=\"noopener noreferrer\">Conhe\u00e7a mais<\/a>\n        <\/div>\n      <\/div>\n      <p class=\"texto-auxiliar\">Prepare-se com o melhor material e com quem mais aprova em concursos em todo o pa\u00eds. \n<\/p>\n    <\/div>\n\n  <\/div>\n<\/div>\n\n\n\n<div class=\"wp-block-cover\" style=\"min-height:155px;aspect-ratio:unset;\"><img decoding=\"async\" width=\"1890\" height=\"351\" class=\"wp-block-cover__image-background wp-image-8669\" alt=\"Assinaturas Jur\u00eddicas\" src=\"https:\/\/cj.estrategia.com\/portal\/wp-content\/uploads\/2022\/06\/20151253\/concurso-carreiras-juridicas-assinatura-juridica.jpg\" style=\"object-position:78% 43%\" data-object-fit=\"cover\" data-object-position=\"78% 43%\" srcset=\"https:\/\/cj.estrategia.com\/portal\/wp-content\/uploads\/2022\/06\/20151253\/concurso-carreiras-juridicas-assinatura-juridica.jpg 1890w, https:\/\/cj.estrategia.com\/portal\/wp-content\/uploads\/2022\/06\/20151253\/concurso-carreiras-juridicas-assinatura-juridica-300x56.jpg 300w, https:\/\/cj.estrategia.com\/portal\/wp-content\/uploads\/2022\/06\/20151253\/concurso-carreiras-juridicas-assinatura-juridica-1024x190.jpg 1024w, https:\/\/cj.estrategia.com\/portal\/wp-content\/uploads\/2022\/06\/20151253\/concurso-carreiras-juridicas-assinatura-juridica-768x143.jpg 768w, https:\/\/cj.estrategia.com\/portal\/wp-content\/uploads\/2022\/06\/20151253\/concurso-carreiras-juridicas-assinatura-juridica-1536x285.jpg 1536w, https:\/\/cj.estrategia.com\/portal\/wp-content\/uploads\/2022\/06\/20151253\/concurso-carreiras-juridicas-assinatura-juridica-380x71.jpg 380w, https:\/\/cj.estrategia.com\/portal\/wp-content\/uploads\/2022\/06\/20151253\/concurso-carreiras-juridicas-assinatura-juridica-800x149.jpg 800w, https:\/\/cj.estrategia.com\/portal\/wp-content\/uploads\/2022\/06\/20151253\/concurso-carreiras-juridicas-assinatura-juridica-1160x215.jpg 1160w\" sizes=\"(max-width: 1890px) 100vw, 1890px\" \/><span aria-hidden=\"true\" class=\"wp-block-cover__background has-background-dim\"><\/span><div class=\"wp-block-cover__inner-container is-layout-flow wp-block-cover-is-layout-flow\">\n<h3 id=\"faca-a-sua-assinatura\" class=\"titulo-assinatura\"><span style=\"color: #ffffff;\">Fa\u00e7a a sua assinatura!<\/span><\/h3>\n<p class=\"subtitulo-assinatura\" style=\"display:block!important; line-height: 0;\"><span style=\"color: #ffffff;\">Escolha a sua \u00e1rea.<\/span><\/p>\n<a target=\"_blank\" href=\"https:\/\/www.estrategiaconcursos.com.br\/assinaturas-ecj\/\" rel=\"noopener\"><button style=\"border-radius: 10px; text-transform: capitalize;\">Acessar<\/button><\/a>\n<\/div><\/div>\n\n\n\n<p><\/p>\n","protected":false},"excerpt":{"rendered":"Ol\u00e1, pessoal, tudo certo?! Em 20\/07\/2025, foi aplicada a prova objetiva do concurso p\u00fablico para o Tribunal de&hellip;\n","protected":false},"author":162,"featured_media":32237,"comment_status":"open","ping_status":"open","sticky":false,"template":"","format":"standard","meta":{"_jetpack_memberships_contains_paid_content":false,"footnotes":""},"categories":[26],"tags":[],"tax_estado":[35],"class_list":{"0":"post-137283","1":"post","2":"type-post","3":"status-publish","4":"format-standard","5":"has-post-thumbnail","7":"category-magistratura","8":"tax_estado-ce"},"acf":[],"yoast_head":"<!-- This site is optimized with the Yoast SEO Premium plugin v27.4 (Yoast SEO v27.4) - https:\/\/yoast.com\/product\/yoast-seo-premium-wordpress\/ -->\n<title>Prova comentada Direito Ambiental Concurso TJ CE Juiz Substituto<\/title>\n<meta name=\"description\" content=\"Confira agora mesmo a Prova comentada Direito Ambiental TJ CE Juiz Substituto elaborada pelos nossos professores!\" \/>\n<meta name=\"robots\" content=\"index, follow, max-snippet:-1, max-image-preview:large, max-video-preview:-1\" \/>\n<link rel=\"canonical\" href=\"https:\/\/cj.estrategia.com\/portal\/prova-comentada-direito-ambiental-concurso-tj-ce-juiz-substituto\/\" \/>\n<meta property=\"og:locale\" content=\"pt_BR\" \/>\n<meta property=\"og:type\" content=\"article\" \/>\n<meta property=\"og:title\" content=\"Prova comentada Direito Ambiental Concurso TJ CE Juiz Substituto\" \/>\n<meta property=\"og:description\" content=\"Confira agora mesmo a Prova comentada Direito Ambiental TJ CE Juiz Substituto elaborada pelos nossos professores!\" \/>\n<meta property=\"og:url\" content=\"https:\/\/cj.estrategia.com\/portal\/prova-comentada-direito-ambiental-concurso-tj-ce-juiz-substituto\/\" \/>\n<meta property=\"og:site_name\" content=\"Blog - Carreiras Jur\u00eddicas - Estrat\u00e9gia\" \/>\n<meta property=\"article:publisher\" content=\"https:\/\/www.facebook.com\/estrategiacarreirajuridica\/\" \/>\n<meta property=\"article:published_time\" content=\"2025-07-21T18:54:28+00:00\" \/>\n<meta property=\"article:modified_time\" content=\"2025-07-21T21:25:47+00:00\" \/>\n<meta property=\"og:image\" content=\"https:\/\/cj.estrategia.com\/portal\/wp-content\/uploads\/2023\/03\/27124955\/concurso-magistratura-ce-juiz-ce.jpg\" \/>\n\t<meta property=\"og:image:width\" content=\"960\" \/>\n\t<meta property=\"og:image:height\" content=\"540\" \/>\n\t<meta property=\"og:image:type\" content=\"image\/jpeg\" \/>\n<meta name=\"author\" content=\"Jos\u00e9 Ferreira\" \/>\n<meta name=\"twitter:card\" content=\"summary_large_image\" \/>\n<meta name=\"twitter:creator\" content=\"@EstratJuridica\" \/>\n<meta name=\"twitter:site\" content=\"@EstratJuridica\" \/>\n<meta name=\"twitter:label1\" content=\"Escrito por\" \/>\n\t<meta name=\"twitter:data1\" content=\"Jos\u00e9 Ferreira\" \/>\n\t<meta name=\"twitter:label2\" content=\"Est. tempo de leitura\" \/>\n\t<meta name=\"twitter:data2\" content=\"13 minutos\" \/>\n<script type=\"application\/ld+json\" class=\"yoast-schema-graph\">{\"@context\":\"https:\\\/\\\/schema.org\",\"@graph\":[{\"@type\":\"NewsArticle\",\"@id\":\"https:\\\/\\\/cj.estrategia.com\\\/portal\\\/prova-comentada-direito-ambiental-concurso-tj-ce-juiz-substituto\\\/#article\",\"isPartOf\":{\"@id\":\"https:\\\/\\\/cj.estrategia.com\\\/portal\\\/prova-comentada-direito-ambiental-concurso-tj-ce-juiz-substituto\\\/\"},\"author\":{\"name\":\"Jos\u00e9 Ferreira\",\"@id\":\"https:\\\/\\\/cj.estrategia.com\\\/portal\\\/#\\\/schema\\\/person\\\/4caf0099c42d736f2aade723f309f690\"},\"headline\":\"Prova comentada Direito Ambiental Concurso TJ CE Juiz Substituto\",\"datePublished\":\"2025-07-21T18:54:28+00:00\",\"dateModified\":\"2025-07-21T21:25:47+00:00\",\"mainEntityOfPage\":{\"@id\":\"https:\\\/\\\/cj.estrategia.com\\\/portal\\\/prova-comentada-direito-ambiental-concurso-tj-ce-juiz-substituto\\\/\"},\"wordCount\":2509,\"commentCount\":0,\"publisher\":{\"@id\":\"https:\\\/\\\/cj.estrategia.com\\\/portal\\\/#organization\"},\"image\":{\"@id\":\"https:\\\/\\\/cj.estrategia.com\\\/portal\\\/prova-comentada-direito-ambiental-concurso-tj-ce-juiz-substituto\\\/#primaryimage\"},\"thumbnailUrl\":\"https:\\\/\\\/cj.estrategia.com\\\/portal\\\/wp-content\\\/uploads\\\/2023\\\/03\\\/27124955\\\/concurso-magistratura-ce-juiz-ce.jpg\",\"articleSection\":[\"Magistratura\"],\"inLanguage\":\"pt-BR\",\"potentialAction\":[{\"@type\":\"CommentAction\",\"name\":\"Comment\",\"target\":[\"https:\\\/\\\/cj.estrategia.com\\\/portal\\\/prova-comentada-direito-ambiental-concurso-tj-ce-juiz-substituto\\\/#respond\"]}]},{\"@type\":\"WebPage\",\"@id\":\"https:\\\/\\\/cj.estrategia.com\\\/portal\\\/prova-comentada-direito-ambiental-concurso-tj-ce-juiz-substituto\\\/\",\"url\":\"https:\\\/\\\/cj.estrategia.com\\\/portal\\\/prova-comentada-direito-ambiental-concurso-tj-ce-juiz-substituto\\\/\",\"name\":\"Prova comentada Direito Ambiental Concurso TJ CE Juiz Substituto\",\"isPartOf\":{\"@id\":\"https:\\\/\\\/cj.estrategia.com\\\/portal\\\/#website\"},\"primaryImageOfPage\":{\"@id\":\"https:\\\/\\\/cj.estrategia.com\\\/portal\\\/prova-comentada-direito-ambiental-concurso-tj-ce-juiz-substituto\\\/#primaryimage\"},\"image\":{\"@id\":\"https:\\\/\\\/cj.estrategia.com\\\/portal\\\/prova-comentada-direito-ambiental-concurso-tj-ce-juiz-substituto\\\/#primaryimage\"},\"thumbnailUrl\":\"https:\\\/\\\/cj.estrategia.com\\\/portal\\\/wp-content\\\/uploads\\\/2023\\\/03\\\/27124955\\\/concurso-magistratura-ce-juiz-ce.jpg\",\"datePublished\":\"2025-07-21T18:54:28+00:00\",\"dateModified\":\"2025-07-21T21:25:47+00:00\",\"description\":\"Confira agora mesmo a Prova comentada Direito Ambiental TJ CE Juiz Substituto elaborada pelos nossos professores!\",\"breadcrumb\":{\"@id\":\"https:\\\/\\\/cj.estrategia.com\\\/portal\\\/prova-comentada-direito-ambiental-concurso-tj-ce-juiz-substituto\\\/#breadcrumb\"},\"inLanguage\":\"pt-BR\",\"potentialAction\":[{\"@type\":\"ReadAction\",\"target\":[\"https:\\\/\\\/cj.estrategia.com\\\/portal\\\/prova-comentada-direito-ambiental-concurso-tj-ce-juiz-substituto\\\/\"]}]},{\"@type\":\"ImageObject\",\"inLanguage\":\"pt-BR\",\"@id\":\"https:\\\/\\\/cj.estrategia.com\\\/portal\\\/prova-comentada-direito-ambiental-concurso-tj-ce-juiz-substituto\\\/#primaryimage\",\"url\":\"https:\\\/\\\/cj.estrategia.com\\\/portal\\\/wp-content\\\/uploads\\\/2023\\\/03\\\/27124955\\\/concurso-magistratura-ce-juiz-ce.jpg\",\"contentUrl\":\"https:\\\/\\\/cj.estrategia.com\\\/portal\\\/wp-content\\\/uploads\\\/2023\\\/03\\\/27124955\\\/concurso-magistratura-ce-juiz-ce.jpg\",\"width\":960,\"height\":540,\"caption\":\"concurso magistratura ce juiz\"},{\"@type\":\"BreadcrumbList\",\"@id\":\"https:\\\/\\\/cj.estrategia.com\\\/portal\\\/prova-comentada-direito-ambiental-concurso-tj-ce-juiz-substituto\\\/#breadcrumb\",\"itemListElement\":[{\"@type\":\"ListItem\",\"position\":1,\"name\":\"In\u00edcio\",\"item\":\"https:\\\/\\\/cj.estrategia.com\\\/portal\\\/\"},{\"@type\":\"ListItem\",\"position\":2,\"name\":\"Prova comentada Direito Ambiental Concurso TJ CE Juiz Substituto\"}]},{\"@type\":\"WebSite\",\"@id\":\"https:\\\/\\\/cj.estrategia.com\\\/portal\\\/#website\",\"url\":\"https:\\\/\\\/cj.estrategia.com\\\/portal\\\/\",\"name\":\"Blog - Carreiras Jur\u00eddicas - Estrat\u00e9gia\",\"description\":\"\",\"publisher\":{\"@id\":\"https:\\\/\\\/cj.estrategia.com\\\/portal\\\/#organization\"},\"potentialAction\":[{\"@type\":\"SearchAction\",\"target\":{\"@type\":\"EntryPoint\",\"urlTemplate\":\"https:\\\/\\\/cj.estrategia.com\\\/portal\\\/?s={search_term_string}\"},\"query-input\":{\"@type\":\"PropertyValueSpecification\",\"valueRequired\":true,\"valueName\":\"search_term_string\"}}],\"inLanguage\":\"pt-BR\"},{\"@type\":\"Organization\",\"@id\":\"https:\\\/\\\/cj.estrategia.com\\\/portal\\\/#organization\",\"name\":\"Estrat\u00e9gia - Carreiras Jur\u00eddicas\",\"url\":\"https:\\\/\\\/cj.estrategia.com\\\/portal\\\/\",\"logo\":{\"@type\":\"ImageObject\",\"inLanguage\":\"pt-BR\",\"@id\":\"https:\\\/\\\/cj.estrategia.com\\\/portal\\\/#\\\/schema\\\/logo\\\/image\\\/\",\"url\":\"https:\\\/\\\/cj.estrategia.com\\\/portal\\\/wp-content\\\/uploads\\\/2022\\\/03\\\/11151052\\\/cj-logo.png\",\"contentUrl\":\"https:\\\/\\\/cj.estrategia.com\\\/portal\\\/wp-content\\\/uploads\\\/2022\\\/03\\\/11151052\\\/cj-logo.png\",\"width\":150,\"height\":39,\"caption\":\"Estrat\u00e9gia - Carreiras Jur\u00eddicas\"},\"image\":{\"@id\":\"https:\\\/\\\/cj.estrategia.com\\\/portal\\\/#\\\/schema\\\/logo\\\/image\\\/\"},\"sameAs\":[\"https:\\\/\\\/www.facebook.com\\\/estrategiacarreirajuridica\\\/\",\"https:\\\/\\\/x.com\\\/EstratJuridica\",\"https:\\\/\\\/www.instagram.com\\\/estrategiacarreirajuridica\\\/\",\"https:\\\/\\\/www.youtube.com\\\/channel\\\/UClbMGuYbj2Mh1m3w144ETWQ\"]},{\"@type\":\"Person\",\"@id\":\"https:\\\/\\\/cj.estrategia.com\\\/portal\\\/#\\\/schema\\\/person\\\/4caf0099c42d736f2aade723f309f690\",\"name\":\"Jos\u00e9 Ferreira\",\"image\":{\"@type\":\"ImageObject\",\"inLanguage\":\"pt-BR\",\"@id\":\"https:\\\/\\\/cj.estrategia.com\\\/portal\\\/wp-content\\\/uploads\\\/2025\\\/04\\\/18142237\\\/jose-ferreira-navarro-analista-de-conteudo-jornalismo-carreiras-juridicas-96x96.png\",\"url\":\"https:\\\/\\\/cj.estrategia.com\\\/portal\\\/wp-content\\\/uploads\\\/2025\\\/04\\\/18142237\\\/jose-ferreira-navarro-analista-de-conteudo-jornalismo-carreiras-juridicas-96x96.png\",\"contentUrl\":\"https:\\\/\\\/cj.estrategia.com\\\/portal\\\/wp-content\\\/uploads\\\/2025\\\/04\\\/18142237\\\/jose-ferreira-navarro-analista-de-conteudo-jornalismo-carreiras-juridicas-96x96.png\",\"caption\":\"Jos\u00e9 Ferreira\"},\"description\":\"Analista de conte\u00fado na equipe de Jornalismo, atua com SEO e estrat\u00e9gia para desenvolver conte\u00fados relevantes e de alta qualidade voltados para OAB e para o universo de Concursos Jur\u00eddicos.\",\"url\":\"https:\\\/\\\/cj.estrategia.com\\\/portal\\\/author\\\/jose-navarro-de-andrade-cintra-ferreira\\\/\"}]}<\/script>\n<!-- \/ Yoast SEO Premium plugin. -->","yoast_head_json":{"title":"Prova comentada Direito Ambiental Concurso TJ CE Juiz Substituto","description":"Confira agora mesmo a Prova comentada Direito Ambiental TJ CE Juiz Substituto elaborada pelos nossos professores!","robots":{"index":"index","follow":"follow","max-snippet":"max-snippet:-1","max-image-preview":"max-image-preview:large","max-video-preview":"max-video-preview:-1"},"canonical":"https:\/\/cj.estrategia.com\/portal\/prova-comentada-direito-ambiental-concurso-tj-ce-juiz-substituto\/","og_locale":"pt_BR","og_type":"article","og_title":"Prova comentada Direito Ambiental Concurso TJ CE Juiz Substituto","og_description":"Confira agora mesmo a Prova comentada Direito Ambiental TJ CE Juiz Substituto elaborada pelos nossos professores!","og_url":"https:\/\/cj.estrategia.com\/portal\/prova-comentada-direito-ambiental-concurso-tj-ce-juiz-substituto\/","og_site_name":"Blog - Carreiras Jur\u00eddicas - Estrat\u00e9gia","article_publisher":"https:\/\/www.facebook.com\/estrategiacarreirajuridica\/","article_published_time":"2025-07-21T18:54:28+00:00","article_modified_time":"2025-07-21T21:25:47+00:00","og_image":[{"width":960,"height":540,"url":"https:\/\/cj.estrategia.com\/portal\/wp-content\/uploads\/2023\/03\/27124955\/concurso-magistratura-ce-juiz-ce.jpg","type":"image\/jpeg"}],"author":"Jos\u00e9 Ferreira","twitter_card":"summary_large_image","twitter_creator":"@EstratJuridica","twitter_site":"@EstratJuridica","twitter_misc":{"Escrito por":"Jos\u00e9 Ferreira","Est. tempo de leitura":"13 minutos"},"schema":{"@context":"https:\/\/schema.org","@graph":[{"@type":"NewsArticle","@id":"https:\/\/cj.estrategia.com\/portal\/prova-comentada-direito-ambiental-concurso-tj-ce-juiz-substituto\/#article","isPartOf":{"@id":"https:\/\/cj.estrategia.com\/portal\/prova-comentada-direito-ambiental-concurso-tj-ce-juiz-substituto\/"},"author":{"name":"Jos\u00e9 Ferreira","@id":"https:\/\/cj.estrategia.com\/portal\/#\/schema\/person\/4caf0099c42d736f2aade723f309f690"},"headline":"Prova comentada Direito Ambiental Concurso TJ CE Juiz Substituto","datePublished":"2025-07-21T18:54:28+00:00","dateModified":"2025-07-21T21:25:47+00:00","mainEntityOfPage":{"@id":"https:\/\/cj.estrategia.com\/portal\/prova-comentada-direito-ambiental-concurso-tj-ce-juiz-substituto\/"},"wordCount":2509,"commentCount":0,"publisher":{"@id":"https:\/\/cj.estrategia.com\/portal\/#organization"},"image":{"@id":"https:\/\/cj.estrategia.com\/portal\/prova-comentada-direito-ambiental-concurso-tj-ce-juiz-substituto\/#primaryimage"},"thumbnailUrl":"https:\/\/cj.estrategia.com\/portal\/wp-content\/uploads\/2023\/03\/27124955\/concurso-magistratura-ce-juiz-ce.jpg","articleSection":["Magistratura"],"inLanguage":"pt-BR","potentialAction":[{"@type":"CommentAction","name":"Comment","target":["https:\/\/cj.estrategia.com\/portal\/prova-comentada-direito-ambiental-concurso-tj-ce-juiz-substituto\/#respond"]}]},{"@type":"WebPage","@id":"https:\/\/cj.estrategia.com\/portal\/prova-comentada-direito-ambiental-concurso-tj-ce-juiz-substituto\/","url":"https:\/\/cj.estrategia.com\/portal\/prova-comentada-direito-ambiental-concurso-tj-ce-juiz-substituto\/","name":"Prova comentada Direito Ambiental Concurso TJ CE Juiz Substituto","isPartOf":{"@id":"https:\/\/cj.estrategia.com\/portal\/#website"},"primaryImageOfPage":{"@id":"https:\/\/cj.estrategia.com\/portal\/prova-comentada-direito-ambiental-concurso-tj-ce-juiz-substituto\/#primaryimage"},"image":{"@id":"https:\/\/cj.estrategia.com\/portal\/prova-comentada-direito-ambiental-concurso-tj-ce-juiz-substituto\/#primaryimage"},"thumbnailUrl":"https:\/\/cj.estrategia.com\/portal\/wp-content\/uploads\/2023\/03\/27124955\/concurso-magistratura-ce-juiz-ce.jpg","datePublished":"2025-07-21T18:54:28+00:00","dateModified":"2025-07-21T21:25:47+00:00","description":"Confira agora mesmo a Prova comentada Direito Ambiental TJ CE Juiz Substituto elaborada pelos nossos professores!","breadcrumb":{"@id":"https:\/\/cj.estrategia.com\/portal\/prova-comentada-direito-ambiental-concurso-tj-ce-juiz-substituto\/#breadcrumb"},"inLanguage":"pt-BR","potentialAction":[{"@type":"ReadAction","target":["https:\/\/cj.estrategia.com\/portal\/prova-comentada-direito-ambiental-concurso-tj-ce-juiz-substituto\/"]}]},{"@type":"ImageObject","inLanguage":"pt-BR","@id":"https:\/\/cj.estrategia.com\/portal\/prova-comentada-direito-ambiental-concurso-tj-ce-juiz-substituto\/#primaryimage","url":"https:\/\/cj.estrategia.com\/portal\/wp-content\/uploads\/2023\/03\/27124955\/concurso-magistratura-ce-juiz-ce.jpg","contentUrl":"https:\/\/cj.estrategia.com\/portal\/wp-content\/uploads\/2023\/03\/27124955\/concurso-magistratura-ce-juiz-ce.jpg","width":960,"height":540,"caption":"concurso magistratura ce juiz"},{"@type":"BreadcrumbList","@id":"https:\/\/cj.estrategia.com\/portal\/prova-comentada-direito-ambiental-concurso-tj-ce-juiz-substituto\/#breadcrumb","itemListElement":[{"@type":"ListItem","position":1,"name":"In\u00edcio","item":"https:\/\/cj.estrategia.com\/portal\/"},{"@type":"ListItem","position":2,"name":"Prova comentada Direito Ambiental Concurso TJ CE Juiz Substituto"}]},{"@type":"WebSite","@id":"https:\/\/cj.estrategia.com\/portal\/#website","url":"https:\/\/cj.estrategia.com\/portal\/","name":"Blog - Carreiras Jur\u00eddicas - Estrat\u00e9gia","description":"","publisher":{"@id":"https:\/\/cj.estrategia.com\/portal\/#organization"},"potentialAction":[{"@type":"SearchAction","target":{"@type":"EntryPoint","urlTemplate":"https:\/\/cj.estrategia.com\/portal\/?s={search_term_string}"},"query-input":{"@type":"PropertyValueSpecification","valueRequired":true,"valueName":"search_term_string"}}],"inLanguage":"pt-BR"},{"@type":"Organization","@id":"https:\/\/cj.estrategia.com\/portal\/#organization","name":"Estrat\u00e9gia - Carreiras Jur\u00eddicas","url":"https:\/\/cj.estrategia.com\/portal\/","logo":{"@type":"ImageObject","inLanguage":"pt-BR","@id":"https:\/\/cj.estrategia.com\/portal\/#\/schema\/logo\/image\/","url":"https:\/\/cj.estrategia.com\/portal\/wp-content\/uploads\/2022\/03\/11151052\/cj-logo.png","contentUrl":"https:\/\/cj.estrategia.com\/portal\/wp-content\/uploads\/2022\/03\/11151052\/cj-logo.png","width":150,"height":39,"caption":"Estrat\u00e9gia - Carreiras Jur\u00eddicas"},"image":{"@id":"https:\/\/cj.estrategia.com\/portal\/#\/schema\/logo\/image\/"},"sameAs":["https:\/\/www.facebook.com\/estrategiacarreirajuridica\/","https:\/\/x.com\/EstratJuridica","https:\/\/www.instagram.com\/estrategiacarreirajuridica\/","https:\/\/www.youtube.com\/channel\/UClbMGuYbj2Mh1m3w144ETWQ"]},{"@type":"Person","@id":"https:\/\/cj.estrategia.com\/portal\/#\/schema\/person\/4caf0099c42d736f2aade723f309f690","name":"Jos\u00e9 Ferreira","image":{"@type":"ImageObject","inLanguage":"pt-BR","@id":"https:\/\/cj.estrategia.com\/portal\/wp-content\/uploads\/2025\/04\/18142237\/jose-ferreira-navarro-analista-de-conteudo-jornalismo-carreiras-juridicas-96x96.png","url":"https:\/\/cj.estrategia.com\/portal\/wp-content\/uploads\/2025\/04\/18142237\/jose-ferreira-navarro-analista-de-conteudo-jornalismo-carreiras-juridicas-96x96.png","contentUrl":"https:\/\/cj.estrategia.com\/portal\/wp-content\/uploads\/2025\/04\/18142237\/jose-ferreira-navarro-analista-de-conteudo-jornalismo-carreiras-juridicas-96x96.png","caption":"Jos\u00e9 Ferreira"},"description":"Analista de conte\u00fado na equipe de Jornalismo, atua com SEO e estrat\u00e9gia para desenvolver conte\u00fados relevantes e de alta qualidade voltados para OAB e para o universo de Concursos Jur\u00eddicos.","url":"https:\/\/cj.estrategia.com\/portal\/author\/jose-navarro-de-andrade-cintra-ferreira\/"}]}},"jetpack_featured_media_url":"https:\/\/cj.estrategia.com\/portal\/wp-content\/uploads\/2023\/03\/27124955\/concurso-magistratura-ce-juiz-ce.jpg","jetpack_sharing_enabled":true,"_links":{"self":[{"href":"https:\/\/cj.estrategia.com\/portal\/wp-json\/wp\/v2\/posts\/137283","targetHints":{"allow":["GET"]}}],"collection":[{"href":"https:\/\/cj.estrategia.com\/portal\/wp-json\/wp\/v2\/posts"}],"about":[{"href":"https:\/\/cj.estrategia.com\/portal\/wp-json\/wp\/v2\/types\/post"}],"author":[{"embeddable":true,"href":"https:\/\/cj.estrategia.com\/portal\/wp-json\/wp\/v2\/users\/162"}],"replies":[{"embeddable":true,"href":"https:\/\/cj.estrategia.com\/portal\/wp-json\/wp\/v2\/comments?post=137283"}],"version-history":[{"count":5,"href":"https:\/\/cj.estrategia.com\/portal\/wp-json\/wp\/v2\/posts\/137283\/revisions"}],"predecessor-version":[{"id":137478,"href":"https:\/\/cj.estrategia.com\/portal\/wp-json\/wp\/v2\/posts\/137283\/revisions\/137478"}],"wp:featuredmedia":[{"embeddable":true,"href":"https:\/\/cj.estrategia.com\/portal\/wp-json\/wp\/v2\/media\/32237"}],"wp:attachment":[{"href":"https:\/\/cj.estrategia.com\/portal\/wp-json\/wp\/v2\/media?parent=137283"}],"wp:term":[{"taxonomy":"category","embeddable":true,"href":"https:\/\/cj.estrategia.com\/portal\/wp-json\/wp\/v2\/categories?post=137283"},{"taxonomy":"post_tag","embeddable":true,"href":"https:\/\/cj.estrategia.com\/portal\/wp-json\/wp\/v2\/tags?post=137283"},{"taxonomy":"tax_estado","embeddable":true,"href":"https:\/\/cj.estrategia.com\/portal\/wp-json\/wp\/v2\/tax_estado?post=137283"}],"curies":[{"name":"wp","href":"https:\/\/api.w.org\/{rel}","templated":true}]}}