{"id":136658,"date":"2025-07-18T11:50:09","date_gmt":"2025-07-18T14:50:09","guid":{"rendered":"https:\/\/cj.estrategia.com\/portal\/?p=136658"},"modified":"2025-07-18T11:52:41","modified_gmt":"2025-07-18T14:52:41","slug":"inscricao-definitiva-concurso-procurador-tcdf","status":"publish","type":"post","link":"https:\/\/cj.estrategia.com\/portal\/inscricao-definitiva-concurso-procurador-tcdf\/","title":{"rendered":"Procurador TCDF candidatos convocados para a inscri\u00e7\u00e3o definitiva!"},"content":{"rendered":"<a id=\"cta-icon\" href=\"https:\/\/www.redirectmais.com\/wpp\/procurador-tc-df-grupo\" target=\"blank\" style=\"background:rgb(41,166,26)\">\n            <img decoding=\"async\" src=\"https:\/\/cj.estrategia.com\/portal\/wp-content\/uploads\/2023\/12\/07160657\/whatsapp_1385.webp\" alt=\"\" alt=\"whatsapp_1385\"><span > Acesse agora o Grupo de Estudos para o concurso Procurador TCDF<\/span><\/a>\n\n\n\n<p>Aten\u00e7\u00e3o, candidatos! \u00c9 a hora de fazer a sua inscri\u00e7\u00e3o definitiva, encaminhar as imagens dos exames de higidez f\u00edsica e mental e os seus t\u00edtulos para garantir a participa\u00e7\u00e3o nas demais etapas do <strong>Concurso Procurador TCDF.<\/strong><\/p>\n\n\n\n<p>O CEBRASPE, banca organizadora, divulgou na \u00faltima quinta-feira (17\/07) a rela\u00e7\u00e3o de <a href=\"https:\/\/cj.estrategia.com\/portal\/wp-content\/uploads\/2025\/07\/18114233\/Ed_14_TCDF_Procurador_MPC_DF_24_Res_Final_Disc_Conv_insc_definitiva.pdf\" target=\"_blank\" rel=\"noreferrer noopener nofollow\">candidatos aprovados<\/a> nas provas discursivas e aptos a enviar os documentos para comprova\u00e7\u00f5es das inscri\u00e7\u00f5es definitivas (terceira etapa do concurso).<\/p>\n\n\n\n<p>Agora, os <a href=\"https:\/\/cj.estrategia.com\/portal\/wp-content\/uploads\/2025\/07\/18114233\/Ed_14_TCDF_Procurador_MPC_DF_24_Res_Final_Disc_Conv_insc_definitiva.pdf\" target=\"_blank\" rel=\"noreferrer noopener nofollow\">candidatos convocados<\/a> j\u00e1 podem acessar o portal da banca e encaminhar os comprovantes. <strong>O prazo \u00e9 de 18 de julho ao dia 1\u00ba de agosto de 2025.<\/strong><\/p>\n\n\n\n<p><em><strong>Importante: ser\u00e1 considerado eliminado o candidato que:<\/strong><\/em><\/p>\n\n\n\n<ul class=\"wp-block-list\">\n<li>Deixar de entregar, no prazo estipulado, qualquer documento requerido; ou<\/li>\n\n\n\n<li>Entregar documento vencido ou inv\u00e1lido; ou<\/li>\n\n\n\n<li>Entregar qualquer documento positivado, ou seja, entregar qualquer documento que contenha apontamento indicativo de conduta pregressa repreens\u00edvel por parte do candidato.<\/li>\n<\/ul>\n\n\n\n<p>Ademais, o envio dos t\u00edtulos tamb\u00e9m deve ser realizado no mesmo prazo estipulado. Os candidatos aprovados na etapa de inscri\u00e7\u00e3o definitiva seguir\u00e3o para a fase decis\u00f3ria: a prova oral, prevista para dia o 21 de setembro. Veja os\u00a0<a href=\"https:\/\/cj.estrategia.com\/portal\/wp-content\/uploads\/2025\/06\/08104942\/Ed_13_TCDF_Procurador_MPC_DF_24_Topicos_prova_oral-1.pdf\" target=\"_blank\" >t\u00f3picos que ser\u00e3o cobrados na prova oral<\/a>.<\/p>\n\n\n\n<p><strong><em>N\u00e3o deixe para a \u00faltima hora, acesse agora mesmo o site do CEBRASPE e envie suas comprova\u00e7\u00f5es:<\/em><\/strong><\/p>\n\n\n\n<ul class=\"wp-block-list\">\n<li><a href=\"https:\/\/security.cebraspe.org.br\/TC_DF_24_PROCURADOR\/Upload\/ExameMedico_A8C4959C-A8D4-42D1-9E17\/\" target=\"_blank\" rel=\"noreferrer noopener nofollow\">Upload das imagens dos exames de higidez f\u00edsica e mental<\/a><\/li>\n\n\n\n<li><a href=\"https:\/\/security.cebraspe.org.br\/TC_DF_24_PROCURADOR\/Upload\/InscricaoDefinitiva_E120-45C0-9WRS\/\" target=\"_blank\" rel=\"noreferrer noopener nofollow\">Upload das imagens relativas \u00e0 documenta\u00e7\u00e3o para a inscri\u00e7\u00e3o definitiva<\/a><\/li>\n\n\n\n<li><a href=\"https:\/\/security.cebraspe.org.br\/TC_DF_24_PROCURADOR\/Upload\/Titulos_D29A5CFF-8550-4F37\/\" target=\"_blank\" rel=\"noreferrer noopener nofollow\">Link para upload da documenta\u00e7\u00e3o da avalia\u00e7\u00e3o de t\u00edtulos<\/a><\/li>\n<\/ul>\n\n\n\n<p class=\"has-text-align-center\"><em>Confira todos os detalhes do concurso al\u00e9m da inscri\u00e7\u00e3o definitiva:<\/em><\/p>\n\n\n\n<p class=\"has-text-align-center has-very-light-gray-to-cyan-bluish-gray-gradient-background has-background\"><a href=\"https:\/\/cj.estrategia.com\/portal\/concurso-procurador-tcdf\/\">Concurso Procurador TCDF<\/a><\/p>\n\n\n\n<h2 class=\"wp-block-heading has-text-align-center\" id=\"h-quer-saber-tudo-sobre-concursos-previstos-confira-nossos-artigos\"><span id=\"quer-saber-tudo-sobre-concursos-previstosconfira-nossos-artigos\">Quer saber tudo sobre concursos previstos?<br>Confira nossos artigos!<\/span><\/h2>\n\n\n\n<ul class=\"wp-block-list\">\n<li><a href=\"https:\/\/cj.estrategia.com\/portal\/concursos-abertos-carreiras-juridicas\/\" target=\"_blank\" >Concursos Jur\u00eddicos abertos<\/a><\/li>\n\n\n\n<li><a href=\"https:\/\/cj.estrategia.com\/portal\/concursos-2025-carreiras-juridicas\/\" target=\"_blank\" >Concursos Jur\u00eddicos 2025<\/a><\/li>\n\n\n\n<li><a href=\"https:\/\/cj.estrategia.com\/portal\/concursos-procuradorias\/\" target=\"_blank\" >Concursos Procuradorias<\/a><\/li>\n<\/ul>\n\n\n\n<h2 class=\"wp-block-heading has-text-align-center\" id=\"cursos-mpc-sc\"><span id=\"cursos-e-assinaturas\">CURSOS E ASSINATURAS<\/span><\/h2>\n\n\n\n<div class=\"wp-block-cover\" style=\"min-height:155px;aspect-ratio:unset;\"><img decoding=\"async\" width=\"1890\" height=\"351\" class=\"wp-block-cover__image-background wp-image-8669\" alt=\"Assinaturas Jur\u00eddicas\" src=\"https:\/\/cj.estrategia.com\/portal\/wp-content\/uploads\/2022\/06\/20151253\/concurso-carreiras-juridicas-assinatura-juridica.jpg\" style=\"object-position:78% 43%\" data-object-fit=\"cover\" data-object-position=\"78% 43%\" srcset=\"https:\/\/cj.estrategia.com\/portal\/wp-content\/uploads\/2022\/06\/20151253\/concurso-carreiras-juridicas-assinatura-juridica.jpg 1890w, https:\/\/cj.estrategia.com\/portal\/wp-content\/uploads\/2022\/06\/20151253\/concurso-carreiras-juridicas-assinatura-juridica-300x56.jpg 300w, https:\/\/cj.estrategia.com\/portal\/wp-content\/uploads\/2022\/06\/20151253\/concurso-carreiras-juridicas-assinatura-juridica-1024x190.jpg 1024w, https:\/\/cj.estrategia.com\/portal\/wp-content\/uploads\/2022\/06\/20151253\/concurso-carreiras-juridicas-assinatura-juridica-768x143.jpg 768w, https:\/\/cj.estrategia.com\/portal\/wp-content\/uploads\/2022\/06\/20151253\/concurso-carreiras-juridicas-assinatura-juridica-1536x285.jpg 1536w, https:\/\/cj.estrategia.com\/portal\/wp-content\/uploads\/2022\/06\/20151253\/concurso-carreiras-juridicas-assinatura-juridica-380x71.jpg 380w, https:\/\/cj.estrategia.com\/portal\/wp-content\/uploads\/2022\/06\/20151253\/concurso-carreiras-juridicas-assinatura-juridica-800x149.jpg 800w, https:\/\/cj.estrategia.com\/portal\/wp-content\/uploads\/2022\/06\/20151253\/concurso-carreiras-juridicas-assinatura-juridica-1160x215.jpg 1160w\" sizes=\"(max-width: 1890px) 100vw, 1890px\" \/><span aria-hidden=\"true\" class=\"wp-block-cover__background has-background-dim\"><\/span><div class=\"wp-block-cover__inner-container is-layout-flow wp-block-cover-is-layout-flow\">\n<h3 id=\"faca-a-sua-assinatura\" class=\"titulo-assinatura\"><span style=\"color: #ffffff;\">Fa\u00e7a a sua assinatura!<\/span><\/h3>\n<p class=\"subtitulo-assinatura\" style=\"display:block!important; line-height: 0;\"><span style=\"color: #ffffff;\">Escolha a sua \u00e1rea.<\/span><\/p>\n<a target=\"_blank\" href=\"https:\/\/www.estrategiaconcursos.com.br\/assinaturas-ecj\/\" rel=\"noopener\"><button style=\"border-radius: 10px; text-transform: capitalize;\">Acessar<\/button><\/a>\n<\/div><\/div>\n\n\n\n<figure class=\"wp-block-image size-large is-resized\"><img decoding=\"async\" src=\"https:\/\/dhg1h5j42swfq.cloudfront.net\/2021\/04\/23083008\/ficha-tecnica-164-1024x632.png\" alt=\"ficha t\u00e9cnica para o concurso TC DF\" class=\"wp-image-721393\" style=\"aspect-ratio:1.6153846153846154;width:193px;height:auto\"\/><\/figure>\n\n\n\n<p><\/p>\n","protected":false},"excerpt":{"rendered":"Aten\u00e7\u00e3o, candidatos! \u00c9 a hora de fazer a sua inscri\u00e7\u00e3o definitiva, encaminhar as imagens dos exames de higidez&hellip;\n","protected":false},"author":159,"featured_media":73066,"comment_status":"open","ping_status":"open","sticky":false,"template":"","format":"standard","meta":{"_jetpack_memberships_contains_paid_content":false,"footnotes":""},"categories":[24],"tags":[],"tax_estado":[37],"class_list":{"0":"post-136658","1":"post","2":"type-post","3":"status-publish","4":"format-standard","5":"has-post-thumbnail","7":"category-procuradoria","8":"tax_estado-df"},"acf":[],"yoast_head":"<!-- This site is optimized with the Yoast SEO Premium plugin v27.4 (Yoast SEO v27.4) - https:\/\/yoast.com\/product\/yoast-seo-premium-wordpress\/ -->\n<title>Procurador TCDF candidatos convocados para a inscri\u00e7\u00e3o definitiva!<\/title>\n<meta name=\"description\" content=\"Saiba como realizar a inscri\u00e7\u00e3o definitiva para o concurso Procurador TCDF e enviar seus documentos no prazo estipulado.\" \/>\n<meta name=\"robots\" content=\"index, follow, max-snippet:-1, max-image-preview:large, max-video-preview:-1\" \/>\n<link rel=\"canonical\" href=\"https:\/\/cj.estrategia.com\/portal\/inscricao-definitiva-concurso-procurador-tcdf\/\" \/>\n<meta property=\"og:locale\" content=\"pt_BR\" \/>\n<meta property=\"og:type\" content=\"article\" \/>\n<meta property=\"og:title\" content=\"Procurador TCDF candidatos convocados para a inscri\u00e7\u00e3o definitiva!\" \/>\n<meta property=\"og:description\" content=\"Saiba como realizar a inscri\u00e7\u00e3o definitiva para o concurso Procurador TCDF e enviar seus documentos no prazo estipulado.\" \/>\n<meta property=\"og:url\" content=\"https:\/\/cj.estrategia.com\/portal\/inscricao-definitiva-concurso-procurador-tcdf\/\" \/>\n<meta property=\"og:site_name\" content=\"Blog - Carreiras Jur\u00eddicas - Estrat\u00e9gia\" \/>\n<meta property=\"article:publisher\" content=\"https:\/\/www.facebook.com\/estrategiacarreirajuridica\/\" \/>\n<meta property=\"article:published_time\" content=\"2025-07-18T14:50:09+00:00\" \/>\n<meta property=\"article:modified_time\" content=\"2025-07-18T14:52:41+00:00\" \/>\n<meta property=\"og:image\" content=\"https:\/\/cj.estrategia.com\/portal\/wp-content\/uploads\/2024\/08\/19171535\/estrategia-concurso-procurador-tcdf.jpg\" \/>\n\t<meta property=\"og:image:width\" content=\"960\" \/>\n\t<meta property=\"og:image:height\" content=\"540\" \/>\n\t<meta property=\"og:image:type\" content=\"image\/jpeg\" \/>\n<meta name=\"author\" content=\"Priscila Bonomi\" \/>\n<meta name=\"twitter:card\" content=\"summary_large_image\" \/>\n<meta name=\"twitter:creator\" content=\"@EstratJuridica\" \/>\n<meta name=\"twitter:site\" content=\"@EstratJuridica\" \/>\n<meta name=\"twitter:label1\" content=\"Escrito por\" \/>\n\t<meta name=\"twitter:data1\" content=\"Priscila Bonomi\" \/>\n\t<meta name=\"twitter:label2\" content=\"Est. tempo de leitura\" \/>\n\t<meta name=\"twitter:data2\" content=\"3 minutos\" \/>\n<script type=\"application\/ld+json\" class=\"yoast-schema-graph\">{\"@context\":\"https:\\\/\\\/schema.org\",\"@graph\":[{\"@type\":\"NewsArticle\",\"@id\":\"https:\\\/\\\/cj.estrategia.com\\\/portal\\\/inscricao-definitiva-concurso-procurador-tcdf\\\/#article\",\"isPartOf\":{\"@id\":\"https:\\\/\\\/cj.estrategia.com\\\/portal\\\/inscricao-definitiva-concurso-procurador-tcdf\\\/\"},\"author\":{\"name\":\"Priscila Bonomi\",\"@id\":\"https:\\\/\\\/cj.estrategia.com\\\/portal\\\/#\\\/schema\\\/person\\\/b472e0140705ac6b5d15ed70554fae55\"},\"headline\":\"Procurador TCDF candidatos convocados para a inscri\u00e7\u00e3o definitiva!\",\"datePublished\":\"2025-07-18T14:50:09+00:00\",\"dateModified\":\"2025-07-18T14:52:41+00:00\",\"mainEntityOfPage\":{\"@id\":\"https:\\\/\\\/cj.estrategia.com\\\/portal\\\/inscricao-definitiva-concurso-procurador-tcdf\\\/\"},\"wordCount\":297,\"commentCount\":0,\"publisher\":{\"@id\":\"https:\\\/\\\/cj.estrategia.com\\\/portal\\\/#organization\"},\"image\":{\"@id\":\"https:\\\/\\\/cj.estrategia.com\\\/portal\\\/inscricao-definitiva-concurso-procurador-tcdf\\\/#primaryimage\"},\"thumbnailUrl\":\"https:\\\/\\\/cj.estrategia.com\\\/portal\\\/wp-content\\\/uploads\\\/2024\\\/08\\\/19171535\\\/estrategia-concurso-procurador-tcdf.jpg\",\"articleSection\":[\"Procuradoria\"],\"inLanguage\":\"pt-BR\",\"potentialAction\":[{\"@type\":\"CommentAction\",\"name\":\"Comment\",\"target\":[\"https:\\\/\\\/cj.estrategia.com\\\/portal\\\/inscricao-definitiva-concurso-procurador-tcdf\\\/#respond\"]}]},{\"@type\":\"WebPage\",\"@id\":\"https:\\\/\\\/cj.estrategia.com\\\/portal\\\/inscricao-definitiva-concurso-procurador-tcdf\\\/\",\"url\":\"https:\\\/\\\/cj.estrategia.com\\\/portal\\\/inscricao-definitiva-concurso-procurador-tcdf\\\/\",\"name\":\"Procurador TCDF candidatos convocados para a inscri\u00e7\u00e3o definitiva!\",\"isPartOf\":{\"@id\":\"https:\\\/\\\/cj.estrategia.com\\\/portal\\\/#website\"},\"primaryImageOfPage\":{\"@id\":\"https:\\\/\\\/cj.estrategia.com\\\/portal\\\/inscricao-definitiva-concurso-procurador-tcdf\\\/#primaryimage\"},\"image\":{\"@id\":\"https:\\\/\\\/cj.estrategia.com\\\/portal\\\/inscricao-definitiva-concurso-procurador-tcdf\\\/#primaryimage\"},\"thumbnailUrl\":\"https:\\\/\\\/cj.estrategia.com\\\/portal\\\/wp-content\\\/uploads\\\/2024\\\/08\\\/19171535\\\/estrategia-concurso-procurador-tcdf.jpg\",\"datePublished\":\"2025-07-18T14:50:09+00:00\",\"dateModified\":\"2025-07-18T14:52:41+00:00\",\"description\":\"Saiba como realizar a inscri\u00e7\u00e3o definitiva para o concurso Procurador TCDF e enviar seus documentos no prazo estipulado.\",\"breadcrumb\":{\"@id\":\"https:\\\/\\\/cj.estrategia.com\\\/portal\\\/inscricao-definitiva-concurso-procurador-tcdf\\\/#breadcrumb\"},\"inLanguage\":\"pt-BR\",\"potentialAction\":[{\"@type\":\"ReadAction\",\"target\":[\"https:\\\/\\\/cj.estrategia.com\\\/portal\\\/inscricao-definitiva-concurso-procurador-tcdf\\\/\"]}]},{\"@type\":\"ImageObject\",\"inLanguage\":\"pt-BR\",\"@id\":\"https:\\\/\\\/cj.estrategia.com\\\/portal\\\/inscricao-definitiva-concurso-procurador-tcdf\\\/#primaryimage\",\"url\":\"https:\\\/\\\/cj.estrategia.com\\\/portal\\\/wp-content\\\/uploads\\\/2024\\\/08\\\/19171535\\\/estrategia-concurso-procurador-tcdf.jpg\",\"contentUrl\":\"https:\\\/\\\/cj.estrategia.com\\\/portal\\\/wp-content\\\/uploads\\\/2024\\\/08\\\/19171535\\\/estrategia-concurso-procurador-tcdf.jpg\",\"width\":960,\"height\":540,\"caption\":\"Concurso Procurador TCDF\"},{\"@type\":\"BreadcrumbList\",\"@id\":\"https:\\\/\\\/cj.estrategia.com\\\/portal\\\/inscricao-definitiva-concurso-procurador-tcdf\\\/#breadcrumb\",\"itemListElement\":[{\"@type\":\"ListItem\",\"position\":1,\"name\":\"In\u00edcio\",\"item\":\"https:\\\/\\\/cj.estrategia.com\\\/portal\\\/\"},{\"@type\":\"ListItem\",\"position\":2,\"name\":\"Procurador TCDF candidatos convocados para a inscri\u00e7\u00e3o definitiva!\"}]},{\"@type\":\"WebSite\",\"@id\":\"https:\\\/\\\/cj.estrategia.com\\\/portal\\\/#website\",\"url\":\"https:\\\/\\\/cj.estrategia.com\\\/portal\\\/\",\"name\":\"Blog - Carreiras Jur\u00eddicas - Estrat\u00e9gia\",\"description\":\"\",\"publisher\":{\"@id\":\"https:\\\/\\\/cj.estrategia.com\\\/portal\\\/#organization\"},\"potentialAction\":[{\"@type\":\"SearchAction\",\"target\":{\"@type\":\"EntryPoint\",\"urlTemplate\":\"https:\\\/\\\/cj.estrategia.com\\\/portal\\\/?s={search_term_string}\"},\"query-input\":{\"@type\":\"PropertyValueSpecification\",\"valueRequired\":true,\"valueName\":\"search_term_string\"}}],\"inLanguage\":\"pt-BR\"},{\"@type\":\"Organization\",\"@id\":\"https:\\\/\\\/cj.estrategia.com\\\/portal\\\/#organization\",\"name\":\"Estrat\u00e9gia - Carreiras Jur\u00eddicas\",\"url\":\"https:\\\/\\\/cj.estrategia.com\\\/portal\\\/\",\"logo\":{\"@type\":\"ImageObject\",\"inLanguage\":\"pt-BR\",\"@id\":\"https:\\\/\\\/cj.estrategia.com\\\/portal\\\/#\\\/schema\\\/logo\\\/image\\\/\",\"url\":\"https:\\\/\\\/cj.estrategia.com\\\/portal\\\/wp-content\\\/uploads\\\/2022\\\/03\\\/11151052\\\/cj-logo.png\",\"contentUrl\":\"https:\\\/\\\/cj.estrategia.com\\\/portal\\\/wp-content\\\/uploads\\\/2022\\\/03\\\/11151052\\\/cj-logo.png\",\"width\":150,\"height\":39,\"caption\":\"Estrat\u00e9gia - Carreiras Jur\u00eddicas\"},\"image\":{\"@id\":\"https:\\\/\\\/cj.estrategia.com\\\/portal\\\/#\\\/schema\\\/logo\\\/image\\\/\"},\"sameAs\":[\"https:\\\/\\\/www.facebook.com\\\/estrategiacarreirajuridica\\\/\",\"https:\\\/\\\/x.com\\\/EstratJuridica\",\"https:\\\/\\\/www.instagram.com\\\/estrategiacarreirajuridica\\\/\",\"https:\\\/\\\/www.youtube.com\\\/channel\\\/UClbMGuYbj2Mh1m3w144ETWQ\"]},{\"@type\":\"Person\",\"@id\":\"https:\\\/\\\/cj.estrategia.com\\\/portal\\\/#\\\/schema\\\/person\\\/b472e0140705ac6b5d15ed70554fae55\",\"name\":\"Priscila Bonomi\",\"image\":{\"@type\":\"ImageObject\",\"inLanguage\":\"pt-BR\",\"@id\":\"https:\\\/\\\/cj.estrategia.com\\\/portal\\\/wp-content\\\/uploads\\\/2025\\\/02\\\/05144820\\\/Imagem-do-WhatsApp-de-2025-05-05-as-14.47.57_b98168e4-96x96.jpg\",\"url\":\"https:\\\/\\\/cj.estrategia.com\\\/portal\\\/wp-content\\\/uploads\\\/2025\\\/02\\\/05144820\\\/Imagem-do-WhatsApp-de-2025-05-05-as-14.47.57_b98168e4-96x96.jpg\",\"contentUrl\":\"https:\\\/\\\/cj.estrategia.com\\\/portal\\\/wp-content\\\/uploads\\\/2025\\\/02\\\/05144820\\\/Imagem-do-WhatsApp-de-2025-05-05-as-14.47.57_b98168e4-96x96.jpg\",\"caption\":\"Priscila Bonomi\"},\"url\":\"https:\\\/\\\/cj.estrategia.com\\\/portal\\\/author\\\/priscila-bonomi\\\/\"}]}<\/script>\n<!-- \/ Yoast SEO Premium plugin. -->","yoast_head_json":{"title":"Procurador TCDF candidatos convocados para a inscri\u00e7\u00e3o definitiva!","description":"Saiba como realizar a inscri\u00e7\u00e3o definitiva para o concurso Procurador TCDF e enviar seus documentos no prazo estipulado.","robots":{"index":"index","follow":"follow","max-snippet":"max-snippet:-1","max-image-preview":"max-image-preview:large","max-video-preview":"max-video-preview:-1"},"canonical":"https:\/\/cj.estrategia.com\/portal\/inscricao-definitiva-concurso-procurador-tcdf\/","og_locale":"pt_BR","og_type":"article","og_title":"Procurador TCDF candidatos convocados para a inscri\u00e7\u00e3o definitiva!","og_description":"Saiba como realizar a inscri\u00e7\u00e3o definitiva para o concurso Procurador TCDF e enviar seus documentos no prazo estipulado.","og_url":"https:\/\/cj.estrategia.com\/portal\/inscricao-definitiva-concurso-procurador-tcdf\/","og_site_name":"Blog - Carreiras Jur\u00eddicas - Estrat\u00e9gia","article_publisher":"https:\/\/www.facebook.com\/estrategiacarreirajuridica\/","article_published_time":"2025-07-18T14:50:09+00:00","article_modified_time":"2025-07-18T14:52:41+00:00","og_image":[{"width":960,"height":540,"url":"https:\/\/cj.estrategia.com\/portal\/wp-content\/uploads\/2024\/08\/19171535\/estrategia-concurso-procurador-tcdf.jpg","type":"image\/jpeg"}],"author":"Priscila Bonomi","twitter_card":"summary_large_image","twitter_creator":"@EstratJuridica","twitter_site":"@EstratJuridica","twitter_misc":{"Escrito por":"Priscila Bonomi","Est. tempo de leitura":"3 minutos"},"schema":{"@context":"https:\/\/schema.org","@graph":[{"@type":"NewsArticle","@id":"https:\/\/cj.estrategia.com\/portal\/inscricao-definitiva-concurso-procurador-tcdf\/#article","isPartOf":{"@id":"https:\/\/cj.estrategia.com\/portal\/inscricao-definitiva-concurso-procurador-tcdf\/"},"author":{"name":"Priscila Bonomi","@id":"https:\/\/cj.estrategia.com\/portal\/#\/schema\/person\/b472e0140705ac6b5d15ed70554fae55"},"headline":"Procurador TCDF candidatos convocados para a inscri\u00e7\u00e3o definitiva!","datePublished":"2025-07-18T14:50:09+00:00","dateModified":"2025-07-18T14:52:41+00:00","mainEntityOfPage":{"@id":"https:\/\/cj.estrategia.com\/portal\/inscricao-definitiva-concurso-procurador-tcdf\/"},"wordCount":297,"commentCount":0,"publisher":{"@id":"https:\/\/cj.estrategia.com\/portal\/#organization"},"image":{"@id":"https:\/\/cj.estrategia.com\/portal\/inscricao-definitiva-concurso-procurador-tcdf\/#primaryimage"},"thumbnailUrl":"https:\/\/cj.estrategia.com\/portal\/wp-content\/uploads\/2024\/08\/19171535\/estrategia-concurso-procurador-tcdf.jpg","articleSection":["Procuradoria"],"inLanguage":"pt-BR","potentialAction":[{"@type":"CommentAction","name":"Comment","target":["https:\/\/cj.estrategia.com\/portal\/inscricao-definitiva-concurso-procurador-tcdf\/#respond"]}]},{"@type":"WebPage","@id":"https:\/\/cj.estrategia.com\/portal\/inscricao-definitiva-concurso-procurador-tcdf\/","url":"https:\/\/cj.estrategia.com\/portal\/inscricao-definitiva-concurso-procurador-tcdf\/","name":"Procurador TCDF candidatos convocados para a inscri\u00e7\u00e3o definitiva!","isPartOf":{"@id":"https:\/\/cj.estrategia.com\/portal\/#website"},"primaryImageOfPage":{"@id":"https:\/\/cj.estrategia.com\/portal\/inscricao-definitiva-concurso-procurador-tcdf\/#primaryimage"},"image":{"@id":"https:\/\/cj.estrategia.com\/portal\/inscricao-definitiva-concurso-procurador-tcdf\/#primaryimage"},"thumbnailUrl":"https:\/\/cj.estrategia.com\/portal\/wp-content\/uploads\/2024\/08\/19171535\/estrategia-concurso-procurador-tcdf.jpg","datePublished":"2025-07-18T14:50:09+00:00","dateModified":"2025-07-18T14:52:41+00:00","description":"Saiba como realizar a inscri\u00e7\u00e3o definitiva para o concurso Procurador TCDF e enviar seus documentos no prazo estipulado.","breadcrumb":{"@id":"https:\/\/cj.estrategia.com\/portal\/inscricao-definitiva-concurso-procurador-tcdf\/#breadcrumb"},"inLanguage":"pt-BR","potentialAction":[{"@type":"ReadAction","target":["https:\/\/cj.estrategia.com\/portal\/inscricao-definitiva-concurso-procurador-tcdf\/"]}]},{"@type":"ImageObject","inLanguage":"pt-BR","@id":"https:\/\/cj.estrategia.com\/portal\/inscricao-definitiva-concurso-procurador-tcdf\/#primaryimage","url":"https:\/\/cj.estrategia.com\/portal\/wp-content\/uploads\/2024\/08\/19171535\/estrategia-concurso-procurador-tcdf.jpg","contentUrl":"https:\/\/cj.estrategia.com\/portal\/wp-content\/uploads\/2024\/08\/19171535\/estrategia-concurso-procurador-tcdf.jpg","width":960,"height":540,"caption":"Concurso Procurador TCDF"},{"@type":"BreadcrumbList","@id":"https:\/\/cj.estrategia.com\/portal\/inscricao-definitiva-concurso-procurador-tcdf\/#breadcrumb","itemListElement":[{"@type":"ListItem","position":1,"name":"In\u00edcio","item":"https:\/\/cj.estrategia.com\/portal\/"},{"@type":"ListItem","position":2,"name":"Procurador TCDF candidatos convocados para a inscri\u00e7\u00e3o definitiva!"}]},{"@type":"WebSite","@id":"https:\/\/cj.estrategia.com\/portal\/#website","url":"https:\/\/cj.estrategia.com\/portal\/","name":"Blog - Carreiras Jur\u00eddicas - Estrat\u00e9gia","description":"","publisher":{"@id":"https:\/\/cj.estrategia.com\/portal\/#organization"},"potentialAction":[{"@type":"SearchAction","target":{"@type":"EntryPoint","urlTemplate":"https:\/\/cj.estrategia.com\/portal\/?s={search_term_string}"},"query-input":{"@type":"PropertyValueSpecification","valueRequired":true,"valueName":"search_term_string"}}],"inLanguage":"pt-BR"},{"@type":"Organization","@id":"https:\/\/cj.estrategia.com\/portal\/#organization","name":"Estrat\u00e9gia - Carreiras Jur\u00eddicas","url":"https:\/\/cj.estrategia.com\/portal\/","logo":{"@type":"ImageObject","inLanguage":"pt-BR","@id":"https:\/\/cj.estrategia.com\/portal\/#\/schema\/logo\/image\/","url":"https:\/\/cj.estrategia.com\/portal\/wp-content\/uploads\/2022\/03\/11151052\/cj-logo.png","contentUrl":"https:\/\/cj.estrategia.com\/portal\/wp-content\/uploads\/2022\/03\/11151052\/cj-logo.png","width":150,"height":39,"caption":"Estrat\u00e9gia - Carreiras Jur\u00eddicas"},"image":{"@id":"https:\/\/cj.estrategia.com\/portal\/#\/schema\/logo\/image\/"},"sameAs":["https:\/\/www.facebook.com\/estrategiacarreirajuridica\/","https:\/\/x.com\/EstratJuridica","https:\/\/www.instagram.com\/estrategiacarreirajuridica\/","https:\/\/www.youtube.com\/channel\/UClbMGuYbj2Mh1m3w144ETWQ"]},{"@type":"Person","@id":"https:\/\/cj.estrategia.com\/portal\/#\/schema\/person\/b472e0140705ac6b5d15ed70554fae55","name":"Priscila Bonomi","image":{"@type":"ImageObject","inLanguage":"pt-BR","@id":"https:\/\/cj.estrategia.com\/portal\/wp-content\/uploads\/2025\/02\/05144820\/Imagem-do-WhatsApp-de-2025-05-05-as-14.47.57_b98168e4-96x96.jpg","url":"https:\/\/cj.estrategia.com\/portal\/wp-content\/uploads\/2025\/02\/05144820\/Imagem-do-WhatsApp-de-2025-05-05-as-14.47.57_b98168e4-96x96.jpg","contentUrl":"https:\/\/cj.estrategia.com\/portal\/wp-content\/uploads\/2025\/02\/05144820\/Imagem-do-WhatsApp-de-2025-05-05-as-14.47.57_b98168e4-96x96.jpg","caption":"Priscila Bonomi"},"url":"https:\/\/cj.estrategia.com\/portal\/author\/priscila-bonomi\/"}]}},"jetpack_featured_media_url":"https:\/\/cj.estrategia.com\/portal\/wp-content\/uploads\/2024\/08\/19171535\/estrategia-concurso-procurador-tcdf.jpg","jetpack_sharing_enabled":true,"_links":{"self":[{"href":"https:\/\/cj.estrategia.com\/portal\/wp-json\/wp\/v2\/posts\/136658","targetHints":{"allow":["GET"]}}],"collection":[{"href":"https:\/\/cj.estrategia.com\/portal\/wp-json\/wp\/v2\/posts"}],"about":[{"href":"https:\/\/cj.estrategia.com\/portal\/wp-json\/wp\/v2\/types\/post"}],"author":[{"embeddable":true,"href":"https:\/\/cj.estrategia.com\/portal\/wp-json\/wp\/v2\/users\/159"}],"replies":[{"embeddable":true,"href":"https:\/\/cj.estrategia.com\/portal\/wp-json\/wp\/v2\/comments?post=136658"}],"version-history":[{"count":16,"href":"https:\/\/cj.estrategia.com\/portal\/wp-json\/wp\/v2\/posts\/136658\/revisions"}],"predecessor-version":[{"id":136680,"href":"https:\/\/cj.estrategia.com\/portal\/wp-json\/wp\/v2\/posts\/136658\/revisions\/136680"}],"wp:featuredmedia":[{"embeddable":true,"href":"https:\/\/cj.estrategia.com\/portal\/wp-json\/wp\/v2\/media\/73066"}],"wp:attachment":[{"href":"https:\/\/cj.estrategia.com\/portal\/wp-json\/wp\/v2\/media?parent=136658"}],"wp:term":[{"taxonomy":"category","embeddable":true,"href":"https:\/\/cj.estrategia.com\/portal\/wp-json\/wp\/v2\/categories?post=136658"},{"taxonomy":"post_tag","embeddable":true,"href":"https:\/\/cj.estrategia.com\/portal\/wp-json\/wp\/v2\/tags?post=136658"},{"taxonomy":"tax_estado","embeddable":true,"href":"https:\/\/cj.estrategia.com\/portal\/wp-json\/wp\/v2\/tax_estado?post=136658"}],"curies":[{"name":"wp","href":"https:\/\/api.w.org\/{rel}","templated":true}]}}