{"id":135920,"date":"2025-07-15T21:26:21","date_gmt":"2025-07-16T00:26:21","guid":{"rendered":"https:\/\/cj.estrategia.com\/portal\/?p=135920"},"modified":"2025-07-21T14:42:58","modified_gmt":"2025-07-21T17:42:58","slug":"estagio-probatorio-magistratura-demissao-juiza","status":"publish","type":"post","link":"https:\/\/cj.estrategia.com\/portal\/estagio-probatorio-magistratura-demissao-juiza\/","title":{"rendered":"Est\u00e1gio probat\u00f3rio na magistratura: produtividade e \u00e9tica"},"content":{"rendered":"\n<p>De in\u00edcio, o <strong>Tribunal de Justi\u00e7a do Rio Grande do Sul (TJ-RS)<\/strong>&nbsp;determinou a <strong>demiss\u00e3o de uma ju\u00edza substituta<\/strong>, ap\u00f3s concluir que ela utilizou <strong>despachos padronizados em mais de 2.000 processos<\/strong>&nbsp;e <strong>desarquivou a\u00e7\u00f5es indevidamente para proferir novas decis\u00f5es com teor id\u00eantico<\/strong>.<\/p>\n\n\n\n<p>Nessa linha, a medida foi aprovada pelo <strong>\u00d3rg\u00e3o Especial da Corte em 24 de fevereiro de 2025<\/strong>, ratificada em maio e <strong>transitada em julgado em 26 de maio de 2025<\/strong>. O <strong>Di\u00e1rio da Justi\u00e7a do RS <\/strong>publicou a exonera\u00e7\u00e3o no dia<strong> 7 de julho<\/strong>.<\/p>\n\n\n<div class=\"wp-block-image\">\n<figure class=\"aligncenter size-full\"><img decoding=\"async\" width=\"775\" height=\"408\" src=\"https:\/\/cj.estrategia.com\/portal\/wp-content\/uploads\/2025\/07\/15204425\/publicacao-no-tj-rs.png\" alt=\"Est\u00e1gio probat\u00f3rio\" class=\"wp-image-135922\" srcset=\"https:\/\/cj.estrategia.com\/portal\/wp-content\/uploads\/2025\/07\/15204425\/publicacao-no-tj-rs.png 775w, https:\/\/cj.estrategia.com\/portal\/wp-content\/uploads\/2025\/07\/15204425\/publicacao-no-tj-rs-300x158.png 300w, https:\/\/cj.estrategia.com\/portal\/wp-content\/uploads\/2025\/07\/15204425\/publicacao-no-tj-rs-768x404.png 768w, https:\/\/cj.estrategia.com\/portal\/wp-content\/uploads\/2025\/07\/15204425\/publicacao-no-tj-rs-380x200.png 380w, https:\/\/cj.estrategia.com\/portal\/wp-content\/uploads\/2025\/07\/15204425\/publicacao-no-tj-rs-150x79.png 150w\" sizes=\"(max-width: 775px) 100vw, 775px\" \/><\/figure>\n<\/div>\n\n\n<p>A magistrada atuava na <strong>2\u00aa Vara C\u00edvel de Cachoeira do Sul<\/strong>&nbsp;e estava <strong>em est\u00e1gio probat\u00f3rio<\/strong>. Assim, ela ainda n\u00e3o contava com a <strong>garantia de vitaliciedade<\/strong>&nbsp;prevista no art. 95, I, da Constitui\u00e7\u00e3o Federal.<\/p>\n\n\n\n<p>Nessa linha, o caso reacende debates sobre <strong>produtividade, integridade funcional e o rigor \u00e9tico exigido durante o est\u00e1gio inicial da magistratura<\/strong>.<\/p>\n\n\n\n<h2 id=\"fundamentacao-juridica-conduta-funcional-e-quebra-de-deveres\" class=\"wp-block-heading\">Fundamenta\u00e7\u00e3o jur\u00eddica: conduta funcional e quebra de deveres<\/h2>\n\n\n\n<p>Ora, embora a decis\u00e3o administrativa do TJ-RS n\u00e3o tenha sido publicada na \u00edntegra, apura\u00e7\u00e3o jornal\u00edstica indica que a demiss\u00e3o teve como fundamento a <strong>viola\u00e7\u00e3o de deveres funcionais previstos na Constitui\u00e7\u00e3o e na Lei Org\u00e2nica da Magistratura Nacional (LOMAN \u2013 LC n\u00ba 35\/79)<\/strong>, notadamente o <strong>art. 35, VIII<\/strong>, que obriga o magistrado a manter <strong>\u201cconduta irrepreens\u00edvel na vida p\u00fablica e particular\u201d<\/strong>.<\/p>\n\n\n\n<p>Al\u00e9m disso, o <strong>C\u00f3digo de \u00c9tica da Magistratura Nacional<\/strong>, aprovado pela Resolu\u00e7\u00e3o CNJ n\u00ba 60\/2008, refor\u00e7a que:<\/p>\n\n\n\n<pre class=\"wp-block-preformatted\">\u201c<strong>Art. 20<\/strong>&nbsp;\u2013 Cumpre ao magistrado velar para que os atos processuais se celebrem com a m\u00e1xima pontualidade e para que os processos a seu cargo sejam solucionados em prazo razo\u00e1vel.\u201d<\/pre>\n\n\n\n<pre class=\"wp-block-preformatted\">\u201c<strong>Art. 37<\/strong>&nbsp;\u2013 Ao magistrado \u00e9 vedado procedimento incompat\u00edvel com a dignidade, a honra e o decoro de suas fun\u00e7\u00f5es.\u201d<\/pre>\n\n\n\n<p>Perceba, o uso de despachos gen\u00e9ricos sem leitura do conte\u00fado processual e o reingresso indevido de feitos arquivados \u2014 apenas para recontar senten\u00e7as \u2014 s\u00e3o pr\u00e1ticas que <strong>ferem a autenticidade e o zelo da fun\u00e7\u00e3o jurisdicional<\/strong>, na vis\u00e3o do CNJ.<\/p>\n\n\n\n<p>Ademais, segundo o entendimento consolidado no CNJ, tais condutas podem configurar <strong>fraude estat\u00edstica funcional<\/strong>, pr\u00e1tica reiteradamente <strong>reprovada por comprometer a confian\u00e7a social no Judici\u00e1rio<\/strong>.<\/p>\n\n\n\n<h2 id=\"contexto-institucional-o-estagio-probatorio-como-teste-de-idoneidade\" class=\"wp-block-heading\">Contexto institucional: o est\u00e1gio probat\u00f3rio como teste de idoneidade<\/h2>\n\n\n\n<p>No caso concreto, a decis\u00e3o se insere no marco de uma atua\u00e7\u00e3o mais rigorosa das corregedorias e do CNJ frente a <strong>condutas anti\u00e9ticas ou desviantes<\/strong>, inclusive entre magistrados ainda n\u00e3o vitaliciados.<\/p>\n\n\n\n<pre class=\"wp-block-preformatted\">Como estabelece a <strong>Constitui\u00e7\u00e3o Federal em seu art. 41, \u00a71\u00ba, II<\/strong>, o servidor p\u00fablico em est\u00e1gio probat\u00f3rio poder\u00e1 ser exonerado por <strong>\"inaptid\u00e3o\" ou \"conduta incompat\u00edvel com o exerc\u00edcio do cargo\"<\/strong>, exigindo apenas a <strong>garantia do contradit\u00f3rio e da ampla defesa<\/strong>.<\/pre>\n\n\n\n<p>Dessa maneira, trata-se de um momento de <strong>avalia\u00e7\u00e3o n\u00e3o apenas t\u00e9cnica, mas essencialmente \u00e9tica<\/strong>, como sublinha a doutrina especializada.<\/p>\n\n\n\n<p>Inclusive, o juiz rec\u00e9m-empossado deve demonstrar <strong>dilig\u00eancia, imparcialidade e autenticidade<\/strong>, mesmo diante de cen\u00e1rios adversos ou estruturais prec\u00e1rios. O argumento defensivo de que havia <strong>&#8220;cultura de autogest\u00e3o&#8221; e &#8220;passivo processual elevado&#8221;<\/strong>&nbsp;n\u00e3o exime o magistrado da observ\u00e2ncia aos deveres legais, como j\u00e1 reafirmado pelo CNJ em casos an\u00e1logos (v.g., Reclama\u00e7\u00e3o Disciplinar 0002761-03.2019.2.00.0000).<\/p>\n\n\n\n<h2 id=\"aspectos-procedimentais-pad-e-revisao-disciplinar\" class=\"wp-block-heading\">Aspectos procedimentais: PAD e revis\u00e3o disciplinar<\/h2>\n\n\n\n<p>Vale salientar que, o <strong>Processo Administrativo Disciplinar (PAD)<\/strong>&nbsp;foi instaurado pelo TJ-RS em setembro de 2023, com o afastamento cautelar da ju\u00edza \u2014 medida <strong>legalmente permitida pela Resolu\u00e7\u00e3o CNJ n\u00ba 135\/2011, art. 15<\/strong>, quando a perman\u00eancia do magistrado no cargo possa comprometer a apura\u00e7\u00e3o.<\/p>\n\n\n\n<p>Inclusive, durante o afastamento, a magistrada continuou recebendo remunera\u00e7\u00e3o, como prev\u00ea o regime jur\u00eddico da magistratura, at\u00e9 a conclus\u00e3o do processo.<\/p>\n\n\n\n<p>Por outro lado, a delibera\u00e7\u00e3o da <strong>decis\u00e3o do \u00d3rg\u00e3o Especial<\/strong>&nbsp;ocorreu<strong> por maioria absoluta de seus membros<\/strong>, como tamb\u00e9m exige a LOMAN.<\/p>\n\n\n\n<p>Doutra banda, a defesa da ju\u00edza, conduzida pelo advogado <strong>Nilson de Oliveira Rodrigues<\/strong>, j\u00e1 apresentou <strong>pedido de revis\u00e3o disciplinar ao Conselho Nacional de Justi\u00e7a (CNJ)<\/strong>, apontando supostos v\u00edcios de instru\u00e7\u00e3o e desproporcionalidade da pena.<\/p>\n\n\n\n<p class=\"has-background\" style=\"background-color:#dddddd\">Segundo ele, <strong>\u201cn\u00e3o h\u00e1 prova de dolo ou m\u00e1-f\u00e9, elementos indispens\u00e1veis \u00e0 configura\u00e7\u00e3o de falta funcional grav\u00edssima\u201d<\/strong>.<\/p>\n\n\n\n<p>Por outro lado, no entanto, <strong>n\u00e3o \u00e9 necess\u00e1ria a comprova\u00e7\u00e3o de dolo para a exonera\u00e7\u00e3o de magistrado em est\u00e1gio probat\u00f3rio<\/strong>, bastando a <strong>inaptid\u00e3o funcional<\/strong>, desde que demonstrada de forma motivada e observados o contradit\u00f3rio e a ampla defesa.<\/p>\n\n\n\n<h2 id=\"impactos-praticos\" class=\"wp-block-heading\">Impactos pr\u00e1ticos<\/h2>\n\n\n\n<p>Ora, a decis\u00e3o do TJ-RS tem efeitos <strong>internos e simb\u00f3licos<\/strong>.<\/p>\n\n\n\n<p>&nbsp;Internamente, refor\u00e7a a <strong>fun\u00e7\u00e3o do est\u00e1gio probat\u00f3rio como per\u00edodo de sele\u00e7\u00e3o \u00e9tica da magistratura<\/strong>, afastando condutas automatizadas e desvinculadas da fun\u00e7\u00e3o jurisdicional aut\u00eantica.<\/p>\n\n\n\n<p>Tamb\u00e9m funciona como <strong>reiterada advert\u00eancia contra a manipula\u00e7\u00e3o artificial de dados de produtividade<\/strong>, preocupa\u00e7\u00e3o constante do CNJ nos \u00faltimos anos.<\/p>\n\n\n\n<p>Sob o ponto de vista sist\u00eamico, a medida reafirma que <strong>n\u00e3o se pode alcan\u00e7ar efici\u00eancia \u00e0s custas da legalidade e da boa-f\u00e9 processual<\/strong>.<\/p>\n\n\n\n<p>Em tempos de cobran\u00e7a por celeridade, a jurisprud\u00eancia reafirma que <strong>celeridade n\u00e3o pode sacrificar a regularidade e individualiza\u00e7\u00e3o da presta\u00e7\u00e3o jurisdicional<\/strong>.<\/p>\n\n\n\n<p>Como pano de fundo, o caso evidencia o <strong>descompasso entre press\u00f5es institucionais por metas e os limites \u00e9ticos da magistratura<\/strong>, tema cada vez mais presente nas discuss\u00f5es acad\u00eamicas e na jurisprud\u00eancia correcional.<\/p>\n\n\n\n<h2 id=\"conclusao\" class=\"wp-block-heading\">Conclus\u00e3o<\/h2>\n\n\n\n<p>Ao decidir pela <strong>demiss\u00e3o da ju\u00edza<\/strong>, o TJ-RS reafirmou que <strong>a integridade da fun\u00e7\u00e3o jurisdicional \u00e9 inegoci\u00e1vel, mesmo diante de cen\u00e1rios operacionais desafiadores<\/strong>.<\/p>\n\n\n\n<p>Assim, a ado\u00e7\u00e3o de despachos em s\u00e9rie e o desarquivamento artificial de processos julgados n\u00e3o foram tratados como meros erros administrativos, mas como <strong>faltas funcionais graves<\/strong>. Embora n\u00e3o demandem senten\u00e7a judicial para perda do cargo durante o est\u00e1gio probat\u00f3rio, tais faltas exigem <strong>fundada motiva\u00e7\u00e3o e respeito ao devido processo legal<\/strong>.<\/p>\n\n\n\n<p>Vale salientar que, com o <strong>pedido de revis\u00e3o disciplinar ainda pendente de julgamento no CNJ<\/strong>, o caso permanece juridicamente em curso.<\/p>\n\n\n\n<p>Contudo, j\u00e1 se projeta como <strong>precedente relevante sobre os limites da produtividade, os deveres funcionais da magistratura em in\u00edcio de carreira e a atua\u00e7\u00e3o correcional dos tribunais frente a condutas incompat\u00edveis com a judicatura<\/strong>.<\/p>\n\n\n\n<p>Tema bom para vir em provas de <strong><a href=\"https:\/\/www.estrategiaconcursos.com.br\/assinaturas-ecj\/\" target=\"_blank\" >magistratura<\/a><\/strong>!<\/p>\n\n\n\n<hr class=\"wp-block-separator has-alpha-channel-opacity\"\/>\n\n\n\n<h2 class=\"wp-block-heading has-text-align-center\" id=\"h-quer-saber-quais-serao-os-proximos-concursos\"><span id=\"quer-saber-quais-serao-os-proximos-concursos\">Quer saber quais ser\u00e3o os pr\u00f3ximos concursos?<\/span><\/h2>\n\n\n\n<pre class=\"wp-block-verse has-text-align-center\">Confira nossos&nbsp;<a href=\"https:\/\/cj.estrategia.com\/portal\/\" target=\"_blank\" >artigos para Carreiras Jur\u00eddicas<\/a>!<\/pre>\n\n\n\n<p class=\"has-text-align-center has-white-color has-pale-cyan-blue-background-color has-text-color has-background has-link-color wp-elements-723b3278bf14a50a5e7b7e937b9a17d4\"><a href=\"https:\/\/cj.estrategia.com\/portal\/concursos-abertos-carreiras-juridicas\/\">Concursos jur\u00eddicos abertos<\/a><\/p>\n\n\n\n<p class=\"has-text-align-center has-white-color has-pale-cyan-blue-background-color has-text-color has-background has-link-color wp-elements-41349f36dc977263ca2129bf0f6dd541\"><a href=\"https:\/\/cj.estrategia.com\/portal\/concursos-2025-carreiras-juridicas\/\" target=\"_blank\" >Concursos jur\u00eddicos 2025<\/a><\/p>\n","protected":false},"excerpt":{"rendered":"De in\u00edcio, o Tribunal de Justi\u00e7a do Rio Grande do Sul (TJ-RS)&nbsp;determinou a demiss\u00e3o de uma ju\u00edza substituta,&hellip;\n","protected":false},"author":93,"featured_media":135926,"comment_status":"open","ping_status":"open","sticky":false,"template":"","format":"standard","meta":{"_jetpack_memberships_contains_paid_content":false,"footnotes":""},"categories":[1,26],"tags":[1205,680,2956,832,1924,125,1014,1013,2277,2636],"tax_estado":[30,31,32,33,34,35,36,37,38,39,40,41,42,43,44,45,46,47,48,49,50,51,52,53,54,55,56,57],"class_list":{"0":"post-135920","1":"post","2":"type-post","3":"status-publish","4":"format-standard","5":"has-post-thumbnail","7":"category-carreiras-juridicas","8":"category-magistratura","9":"tag-codigo-de-etica-da-magistratura-nacional","10":"tag-demissao","11":"tag-estagio-probatorio","12":"tag-etica-na-magistratura","13":"tag-lei-organica-da-magistratura-nacional-loman","14":"tag-magistratura","15":"tag-pad","16":"tag-processo-administrativo-disciplinar","17":"tag-quebra-de-dever-funcional","18":"tag-vitaliciedade","19":"tax_estado-ac","20":"tax_estado-al","21":"tax_estado-am","22":"tax_estado-ap","23":"tax_estado-ba","24":"tax_estado-ce","25":"tax_estado-concursos-federais","26":"tax_estado-df","27":"tax_estado-es","28":"tax_estado-go","29":"tax_estado-ma","30":"tax_estado-mg","31":"tax_estado-ms","32":"tax_estado-mt","33":"tax_estado-pa","34":"tax_estado-pb","35":"tax_estado-pe","36":"tax_estado-pi","37":"tax_estado-pr","38":"tax_estado-rj","39":"tax_estado-rn","40":"tax_estado-ro","41":"tax_estado-rr","42":"tax_estado-rs","43":"tax_estado-sc","44":"tax_estado-se","45":"tax_estado-sp","46":"tax_estado-to"},"acf":[],"yoast_head":"<!-- This site is optimized with the Yoast SEO Premium plugin v27.4 (Yoast SEO v27.4) - https:\/\/yoast.com\/product\/yoast-seo-premium-wordpress\/ -->\n<title>Est\u00e1gio probat\u00f3rio na magistratura: produtividade e \u00e9tica<\/title>\n<meta name=\"description\" content=\"Demiss\u00e3o de ju\u00edza do TJ-RS reacende debates sobre produtividade, integridade funcional e \u00e9tica durante o est\u00e1gio probat\u00f3rio na magistratura.\" \/>\n<meta name=\"robots\" content=\"index, follow, max-snippet:-1, max-image-preview:large, max-video-preview:-1\" \/>\n<link rel=\"canonical\" href=\"https:\/\/cj.estrategia.com\/portal\/estagio-probatorio-magistratura-demissao-juiza\/\" \/>\n<meta property=\"og:locale\" content=\"pt_BR\" \/>\n<meta property=\"og:type\" content=\"article\" \/>\n<meta property=\"og:title\" content=\"Est\u00e1gio probat\u00f3rio na magistratura: produtividade e \u00e9tica\" \/>\n<meta property=\"og:description\" content=\"Demiss\u00e3o de ju\u00edza do TJ-RS reacende debates sobre produtividade, integridade funcional e \u00e9tica durante o est\u00e1gio probat\u00f3rio na magistratura.\" \/>\n<meta property=\"og:url\" content=\"https:\/\/cj.estrategia.com\/portal\/estagio-probatorio-magistratura-demissao-juiza\/\" \/>\n<meta property=\"og:site_name\" content=\"Blog - Carreiras Jur\u00eddicas - Estrat\u00e9gia\" \/>\n<meta property=\"article:publisher\" content=\"https:\/\/www.facebook.com\/estrategiacarreirajuridica\/\" \/>\n<meta property=\"article:published_time\" content=\"2025-07-16T00:26:21+00:00\" \/>\n<meta property=\"article:modified_time\" content=\"2025-07-21T17:42:58+00:00\" \/>\n<meta property=\"og:image\" content=\"https:\/\/cj.estrategia.com\/portal\/wp-content\/uploads\/2025\/07\/15211412\/justica-magistrada-magistratura-juiz-sentenca-decisao-estagio-probatorio-etica-integridade-produtividade-julgamento.jpg\" \/>\n\t<meta property=\"og:image:width\" content=\"2000\" \/>\n\t<meta property=\"og:image:height\" content=\"1333\" \/>\n\t<meta property=\"og:image:type\" content=\"image\/jpeg\" \/>\n<meta name=\"author\" content=\"Felipe Duque\" \/>\n<meta name=\"twitter:card\" content=\"summary_large_image\" \/>\n<meta name=\"twitter:creator\" content=\"@https:\/\/x.com\/ProfessorDuque\" \/>\n<meta name=\"twitter:site\" content=\"@EstratJuridica\" \/>\n<meta name=\"twitter:label1\" content=\"Escrito por\" \/>\n\t<meta name=\"twitter:data1\" content=\"Felipe Duque\" \/>\n\t<meta name=\"twitter:label2\" content=\"Est. tempo de leitura\" \/>\n\t<meta name=\"twitter:data2\" content=\"6 minutos\" \/>\n<script type=\"application\/ld+json\" class=\"yoast-schema-graph\">{\"@context\":\"https:\\\/\\\/schema.org\",\"@graph\":[{\"@type\":\"NewsArticle\",\"@id\":\"https:\\\/\\\/cj.estrategia.com\\\/portal\\\/estagio-probatorio-magistratura-demissao-juiza\\\/#article\",\"isPartOf\":{\"@id\":\"https:\\\/\\\/cj.estrategia.com\\\/portal\\\/estagio-probatorio-magistratura-demissao-juiza\\\/\"},\"author\":{\"name\":\"Felipe Duque\",\"@id\":\"https:\\\/\\\/cj.estrategia.com\\\/portal\\\/#\\\/schema\\\/person\\\/b5b0253b269d7130d1f7770b1ba29285\"},\"headline\":\"Est\u00e1gio probat\u00f3rio na magistratura: produtividade e \u00e9tica\",\"datePublished\":\"2025-07-16T00:26:21+00:00\",\"dateModified\":\"2025-07-21T17:42:58+00:00\",\"mainEntityOfPage\":{\"@id\":\"https:\\\/\\\/cj.estrategia.com\\\/portal\\\/estagio-probatorio-magistratura-demissao-juiza\\\/\"},\"wordCount\":1003,\"commentCount\":0,\"publisher\":{\"@id\":\"https:\\\/\\\/cj.estrategia.com\\\/portal\\\/#organization\"},\"image\":{\"@id\":\"https:\\\/\\\/cj.estrategia.com\\\/portal\\\/estagio-probatorio-magistratura-demissao-juiza\\\/#primaryimage\"},\"thumbnailUrl\":\"https:\\\/\\\/cj.estrategia.com\\\/portal\\\/wp-content\\\/uploads\\\/2025\\\/07\\\/15211412\\\/justica-magistrada-magistratura-juiz-sentenca-decisao-estagio-probatorio-etica-integridade-produtividade-julgamento.jpg\",\"keywords\":[\"C\u00f3digo de \u00c9tica da Magistratura Nacional\",\"demiss\u00e3o\",\"est\u00e1gio probat\u00f3rio\",\"\u00e9tica na magistratura\",\"Lei Org\u00e2nica da Magistratura Nacional - LOMAN\",\"magistratura\",\"PAD\",\"Processo Administrativo Disciplinar\",\"quebra de dever funcional\",\"vitaliciedade\"],\"articleSection\":[\"Carreiras Jur\u00eddicas\",\"Magistratura\"],\"inLanguage\":\"pt-BR\",\"potentialAction\":[{\"@type\":\"CommentAction\",\"name\":\"Comment\",\"target\":[\"https:\\\/\\\/cj.estrategia.com\\\/portal\\\/estagio-probatorio-magistratura-demissao-juiza\\\/#respond\"]}]},{\"@type\":\"WebPage\",\"@id\":\"https:\\\/\\\/cj.estrategia.com\\\/portal\\\/estagio-probatorio-magistratura-demissao-juiza\\\/\",\"url\":\"https:\\\/\\\/cj.estrategia.com\\\/portal\\\/estagio-probatorio-magistratura-demissao-juiza\\\/\",\"name\":\"Est\u00e1gio probat\u00f3rio na magistratura: produtividade e \u00e9tica\",\"isPartOf\":{\"@id\":\"https:\\\/\\\/cj.estrategia.com\\\/portal\\\/#website\"},\"primaryImageOfPage\":{\"@id\":\"https:\\\/\\\/cj.estrategia.com\\\/portal\\\/estagio-probatorio-magistratura-demissao-juiza\\\/#primaryimage\"},\"image\":{\"@id\":\"https:\\\/\\\/cj.estrategia.com\\\/portal\\\/estagio-probatorio-magistratura-demissao-juiza\\\/#primaryimage\"},\"thumbnailUrl\":\"https:\\\/\\\/cj.estrategia.com\\\/portal\\\/wp-content\\\/uploads\\\/2025\\\/07\\\/15211412\\\/justica-magistrada-magistratura-juiz-sentenca-decisao-estagio-probatorio-etica-integridade-produtividade-julgamento.jpg\",\"datePublished\":\"2025-07-16T00:26:21+00:00\",\"dateModified\":\"2025-07-21T17:42:58+00:00\",\"description\":\"Demiss\u00e3o de ju\u00edza do TJ-RS reacende debates sobre produtividade, integridade funcional e \u00e9tica durante o est\u00e1gio probat\u00f3rio na magistratura.\",\"breadcrumb\":{\"@id\":\"https:\\\/\\\/cj.estrategia.com\\\/portal\\\/estagio-probatorio-magistratura-demissao-juiza\\\/#breadcrumb\"},\"inLanguage\":\"pt-BR\",\"potentialAction\":[{\"@type\":\"ReadAction\",\"target\":[\"https:\\\/\\\/cj.estrategia.com\\\/portal\\\/estagio-probatorio-magistratura-demissao-juiza\\\/\"]}]},{\"@type\":\"ImageObject\",\"inLanguage\":\"pt-BR\",\"@id\":\"https:\\\/\\\/cj.estrategia.com\\\/portal\\\/estagio-probatorio-magistratura-demissao-juiza\\\/#primaryimage\",\"url\":\"https:\\\/\\\/cj.estrategia.com\\\/portal\\\/wp-content\\\/uploads\\\/2025\\\/07\\\/15211412\\\/justica-magistrada-magistratura-juiz-sentenca-decisao-estagio-probatorio-etica-integridade-produtividade-julgamento.jpg\",\"contentUrl\":\"https:\\\/\\\/cj.estrategia.com\\\/portal\\\/wp-content\\\/uploads\\\/2025\\\/07\\\/15211412\\\/justica-magistrada-magistratura-juiz-sentenca-decisao-estagio-probatorio-etica-integridade-produtividade-julgamento.jpg\",\"width\":2000,\"height\":1333},{\"@type\":\"BreadcrumbList\",\"@id\":\"https:\\\/\\\/cj.estrategia.com\\\/portal\\\/estagio-probatorio-magistratura-demissao-juiza\\\/#breadcrumb\",\"itemListElement\":[{\"@type\":\"ListItem\",\"position\":1,\"name\":\"In\u00edcio\",\"item\":\"https:\\\/\\\/cj.estrategia.com\\\/portal\\\/\"},{\"@type\":\"ListItem\",\"position\":2,\"name\":\"Est\u00e1gio probat\u00f3rio na magistratura: produtividade e \u00e9tica\"}]},{\"@type\":\"WebSite\",\"@id\":\"https:\\\/\\\/cj.estrategia.com\\\/portal\\\/#website\",\"url\":\"https:\\\/\\\/cj.estrategia.com\\\/portal\\\/\",\"name\":\"Blog - Carreiras Jur\u00eddicas - Estrat\u00e9gia\",\"description\":\"\",\"publisher\":{\"@id\":\"https:\\\/\\\/cj.estrategia.com\\\/portal\\\/#organization\"},\"potentialAction\":[{\"@type\":\"SearchAction\",\"target\":{\"@type\":\"EntryPoint\",\"urlTemplate\":\"https:\\\/\\\/cj.estrategia.com\\\/portal\\\/?s={search_term_string}\"},\"query-input\":{\"@type\":\"PropertyValueSpecification\",\"valueRequired\":true,\"valueName\":\"search_term_string\"}}],\"inLanguage\":\"pt-BR\"},{\"@type\":\"Organization\",\"@id\":\"https:\\\/\\\/cj.estrategia.com\\\/portal\\\/#organization\",\"name\":\"Estrat\u00e9gia - Carreiras Jur\u00eddicas\",\"url\":\"https:\\\/\\\/cj.estrategia.com\\\/portal\\\/\",\"logo\":{\"@type\":\"ImageObject\",\"inLanguage\":\"pt-BR\",\"@id\":\"https:\\\/\\\/cj.estrategia.com\\\/portal\\\/#\\\/schema\\\/logo\\\/image\\\/\",\"url\":\"https:\\\/\\\/cj.estrategia.com\\\/portal\\\/wp-content\\\/uploads\\\/2022\\\/03\\\/11151052\\\/cj-logo.png\",\"contentUrl\":\"https:\\\/\\\/cj.estrategia.com\\\/portal\\\/wp-content\\\/uploads\\\/2022\\\/03\\\/11151052\\\/cj-logo.png\",\"width\":150,\"height\":39,\"caption\":\"Estrat\u00e9gia - Carreiras Jur\u00eddicas\"},\"image\":{\"@id\":\"https:\\\/\\\/cj.estrategia.com\\\/portal\\\/#\\\/schema\\\/logo\\\/image\\\/\"},\"sameAs\":[\"https:\\\/\\\/www.facebook.com\\\/estrategiacarreirajuridica\\\/\",\"https:\\\/\\\/x.com\\\/EstratJuridica\",\"https:\\\/\\\/www.instagram.com\\\/estrategiacarreirajuridica\\\/\",\"https:\\\/\\\/www.youtube.com\\\/channel\\\/UClbMGuYbj2Mh1m3w144ETWQ\"]},{\"@type\":\"Person\",\"@id\":\"https:\\\/\\\/cj.estrategia.com\\\/portal\\\/#\\\/schema\\\/person\\\/b5b0253b269d7130d1f7770b1ba29285\",\"name\":\"Felipe Duque\",\"image\":{\"@type\":\"ImageObject\",\"inLanguage\":\"pt-BR\",\"@id\":\"https:\\\/\\\/cj.estrategia.com\\\/portal\\\/wp-content\\\/uploads\\\/2024\\\/08\\\/06162009\\\/Captura-de-Tela-2024-08-06-as-16.19.26-96x96.png\",\"url\":\"https:\\\/\\\/cj.estrategia.com\\\/portal\\\/wp-content\\\/uploads\\\/2024\\\/08\\\/06162009\\\/Captura-de-Tela-2024-08-06-as-16.19.26-96x96.png\",\"contentUrl\":\"https:\\\/\\\/cj.estrategia.com\\\/portal\\\/wp-content\\\/uploads\\\/2024\\\/08\\\/06162009\\\/Captura-de-Tela-2024-08-06-as-16.19.26-96x96.png\",\"caption\":\"Felipe Duque\"},\"description\":\"Felipe Duque - Mestre em Direito Pol\u00edtico e Econ\u00f4mico na Mackenzie-SP. Graduado em Direito pela Universidade Cat\u00f3lica de Pernambuco, com conclus\u00e3o pelo regime de Aproveitamento Extraordin\u00e1rio nos Estudos (art. 47, \u00a7 2\u00ba, da Lei n\u00ba 9.394\\\/96). Ex-Assessor de Desembargador no TJPE. Procurador da Fazenda Nacional. Integra voluntariamente a Coordena\u00e7\u00e3o de Assuntos Estrat\u00e9gicos Judiciais da PGFN. Professor do Estrat\u00e9gia Carreira Jur\u00eddica, Estrat\u00e9gia OAB e Buscador Dizer o Direito. Autor do livro \u201cReforma Tribut\u00e1ria Comentada e Esquematizada\u201d, \\\"Manual de Processo Tribut\u00e1rio: Administrativo e Judicial\\\" pela editora Juspodivm Parecerista na Revista de Estudos Jur\u00eddicos do Superior Tribunal de Justi\u00e7a (REJuriSTJ)\",\"sameAs\":[\"http:\\\/\\\/lattes.cnpq.br\\\/5755137268084324\",\"https:\\\/\\\/www.instagram.com\\\/felipe_duque\\\/\",\"https:\\\/\\\/br.linkedin.com\\\/in\\\/felipe-duque-56954638\",\"https:\\\/\\\/x.com\\\/https:\\\/\\\/x.com\\\/ProfessorDuque\",\"https:\\\/\\\/www.youtube.com\\\/@felipeduque-experienciasco5797\"],\"url\":\"https:\\\/\\\/cj.estrategia.com\\\/portal\\\/author\\\/felipe-duque\\\/\"}]}<\/script>\n<!-- \/ Yoast SEO Premium plugin. -->","yoast_head_json":{"title":"Est\u00e1gio probat\u00f3rio na magistratura: produtividade e \u00e9tica","description":"Demiss\u00e3o de ju\u00edza do TJ-RS reacende debates sobre produtividade, integridade funcional e \u00e9tica durante o est\u00e1gio probat\u00f3rio na magistratura.","robots":{"index":"index","follow":"follow","max-snippet":"max-snippet:-1","max-image-preview":"max-image-preview:large","max-video-preview":"max-video-preview:-1"},"canonical":"https:\/\/cj.estrategia.com\/portal\/estagio-probatorio-magistratura-demissao-juiza\/","og_locale":"pt_BR","og_type":"article","og_title":"Est\u00e1gio probat\u00f3rio na magistratura: produtividade e \u00e9tica","og_description":"Demiss\u00e3o de ju\u00edza do TJ-RS reacende debates sobre produtividade, integridade funcional e \u00e9tica durante o est\u00e1gio probat\u00f3rio na magistratura.","og_url":"https:\/\/cj.estrategia.com\/portal\/estagio-probatorio-magistratura-demissao-juiza\/","og_site_name":"Blog - Carreiras Jur\u00eddicas - Estrat\u00e9gia","article_publisher":"https:\/\/www.facebook.com\/estrategiacarreirajuridica\/","article_published_time":"2025-07-16T00:26:21+00:00","article_modified_time":"2025-07-21T17:42:58+00:00","og_image":[{"width":2000,"height":1333,"url":"https:\/\/cj.estrategia.com\/portal\/wp-content\/uploads\/2025\/07\/15211412\/justica-magistrada-magistratura-juiz-sentenca-decisao-estagio-probatorio-etica-integridade-produtividade-julgamento.jpg","type":"image\/jpeg"}],"author":"Felipe Duque","twitter_card":"summary_large_image","twitter_creator":"@https:\/\/x.com\/ProfessorDuque","twitter_site":"@EstratJuridica","twitter_misc":{"Escrito por":"Felipe Duque","Est. tempo de leitura":"6 minutos"},"schema":{"@context":"https:\/\/schema.org","@graph":[{"@type":"NewsArticle","@id":"https:\/\/cj.estrategia.com\/portal\/estagio-probatorio-magistratura-demissao-juiza\/#article","isPartOf":{"@id":"https:\/\/cj.estrategia.com\/portal\/estagio-probatorio-magistratura-demissao-juiza\/"},"author":{"name":"Felipe Duque","@id":"https:\/\/cj.estrategia.com\/portal\/#\/schema\/person\/b5b0253b269d7130d1f7770b1ba29285"},"headline":"Est\u00e1gio probat\u00f3rio na magistratura: produtividade e \u00e9tica","datePublished":"2025-07-16T00:26:21+00:00","dateModified":"2025-07-21T17:42:58+00:00","mainEntityOfPage":{"@id":"https:\/\/cj.estrategia.com\/portal\/estagio-probatorio-magistratura-demissao-juiza\/"},"wordCount":1003,"commentCount":0,"publisher":{"@id":"https:\/\/cj.estrategia.com\/portal\/#organization"},"image":{"@id":"https:\/\/cj.estrategia.com\/portal\/estagio-probatorio-magistratura-demissao-juiza\/#primaryimage"},"thumbnailUrl":"https:\/\/cj.estrategia.com\/portal\/wp-content\/uploads\/2025\/07\/15211412\/justica-magistrada-magistratura-juiz-sentenca-decisao-estagio-probatorio-etica-integridade-produtividade-julgamento.jpg","keywords":["C\u00f3digo de \u00c9tica da Magistratura Nacional","demiss\u00e3o","est\u00e1gio probat\u00f3rio","\u00e9tica na magistratura","Lei Org\u00e2nica da Magistratura Nacional - LOMAN","magistratura","PAD","Processo Administrativo Disciplinar","quebra de dever funcional","vitaliciedade"],"articleSection":["Carreiras Jur\u00eddicas","Magistratura"],"inLanguage":"pt-BR","potentialAction":[{"@type":"CommentAction","name":"Comment","target":["https:\/\/cj.estrategia.com\/portal\/estagio-probatorio-magistratura-demissao-juiza\/#respond"]}]},{"@type":"WebPage","@id":"https:\/\/cj.estrategia.com\/portal\/estagio-probatorio-magistratura-demissao-juiza\/","url":"https:\/\/cj.estrategia.com\/portal\/estagio-probatorio-magistratura-demissao-juiza\/","name":"Est\u00e1gio probat\u00f3rio na magistratura: produtividade e \u00e9tica","isPartOf":{"@id":"https:\/\/cj.estrategia.com\/portal\/#website"},"primaryImageOfPage":{"@id":"https:\/\/cj.estrategia.com\/portal\/estagio-probatorio-magistratura-demissao-juiza\/#primaryimage"},"image":{"@id":"https:\/\/cj.estrategia.com\/portal\/estagio-probatorio-magistratura-demissao-juiza\/#primaryimage"},"thumbnailUrl":"https:\/\/cj.estrategia.com\/portal\/wp-content\/uploads\/2025\/07\/15211412\/justica-magistrada-magistratura-juiz-sentenca-decisao-estagio-probatorio-etica-integridade-produtividade-julgamento.jpg","datePublished":"2025-07-16T00:26:21+00:00","dateModified":"2025-07-21T17:42:58+00:00","description":"Demiss\u00e3o de ju\u00edza do TJ-RS reacende debates sobre produtividade, integridade funcional e \u00e9tica durante o est\u00e1gio probat\u00f3rio na magistratura.","breadcrumb":{"@id":"https:\/\/cj.estrategia.com\/portal\/estagio-probatorio-magistratura-demissao-juiza\/#breadcrumb"},"inLanguage":"pt-BR","potentialAction":[{"@type":"ReadAction","target":["https:\/\/cj.estrategia.com\/portal\/estagio-probatorio-magistratura-demissao-juiza\/"]}]},{"@type":"ImageObject","inLanguage":"pt-BR","@id":"https:\/\/cj.estrategia.com\/portal\/estagio-probatorio-magistratura-demissao-juiza\/#primaryimage","url":"https:\/\/cj.estrategia.com\/portal\/wp-content\/uploads\/2025\/07\/15211412\/justica-magistrada-magistratura-juiz-sentenca-decisao-estagio-probatorio-etica-integridade-produtividade-julgamento.jpg","contentUrl":"https:\/\/cj.estrategia.com\/portal\/wp-content\/uploads\/2025\/07\/15211412\/justica-magistrada-magistratura-juiz-sentenca-decisao-estagio-probatorio-etica-integridade-produtividade-julgamento.jpg","width":2000,"height":1333},{"@type":"BreadcrumbList","@id":"https:\/\/cj.estrategia.com\/portal\/estagio-probatorio-magistratura-demissao-juiza\/#breadcrumb","itemListElement":[{"@type":"ListItem","position":1,"name":"In\u00edcio","item":"https:\/\/cj.estrategia.com\/portal\/"},{"@type":"ListItem","position":2,"name":"Est\u00e1gio probat\u00f3rio na magistratura: produtividade e \u00e9tica"}]},{"@type":"WebSite","@id":"https:\/\/cj.estrategia.com\/portal\/#website","url":"https:\/\/cj.estrategia.com\/portal\/","name":"Blog - Carreiras Jur\u00eddicas - Estrat\u00e9gia","description":"","publisher":{"@id":"https:\/\/cj.estrategia.com\/portal\/#organization"},"potentialAction":[{"@type":"SearchAction","target":{"@type":"EntryPoint","urlTemplate":"https:\/\/cj.estrategia.com\/portal\/?s={search_term_string}"},"query-input":{"@type":"PropertyValueSpecification","valueRequired":true,"valueName":"search_term_string"}}],"inLanguage":"pt-BR"},{"@type":"Organization","@id":"https:\/\/cj.estrategia.com\/portal\/#organization","name":"Estrat\u00e9gia - Carreiras Jur\u00eddicas","url":"https:\/\/cj.estrategia.com\/portal\/","logo":{"@type":"ImageObject","inLanguage":"pt-BR","@id":"https:\/\/cj.estrategia.com\/portal\/#\/schema\/logo\/image\/","url":"https:\/\/cj.estrategia.com\/portal\/wp-content\/uploads\/2022\/03\/11151052\/cj-logo.png","contentUrl":"https:\/\/cj.estrategia.com\/portal\/wp-content\/uploads\/2022\/03\/11151052\/cj-logo.png","width":150,"height":39,"caption":"Estrat\u00e9gia - Carreiras Jur\u00eddicas"},"image":{"@id":"https:\/\/cj.estrategia.com\/portal\/#\/schema\/logo\/image\/"},"sameAs":["https:\/\/www.facebook.com\/estrategiacarreirajuridica\/","https:\/\/x.com\/EstratJuridica","https:\/\/www.instagram.com\/estrategiacarreirajuridica\/","https:\/\/www.youtube.com\/channel\/UClbMGuYbj2Mh1m3w144ETWQ"]},{"@type":"Person","@id":"https:\/\/cj.estrategia.com\/portal\/#\/schema\/person\/b5b0253b269d7130d1f7770b1ba29285","name":"Felipe Duque","image":{"@type":"ImageObject","inLanguage":"pt-BR","@id":"https:\/\/cj.estrategia.com\/portal\/wp-content\/uploads\/2024\/08\/06162009\/Captura-de-Tela-2024-08-06-as-16.19.26-96x96.png","url":"https:\/\/cj.estrategia.com\/portal\/wp-content\/uploads\/2024\/08\/06162009\/Captura-de-Tela-2024-08-06-as-16.19.26-96x96.png","contentUrl":"https:\/\/cj.estrategia.com\/portal\/wp-content\/uploads\/2024\/08\/06162009\/Captura-de-Tela-2024-08-06-as-16.19.26-96x96.png","caption":"Felipe Duque"},"description":"Felipe Duque - Mestre em Direito Pol\u00edtico e Econ\u00f4mico na Mackenzie-SP. Graduado em Direito pela Universidade Cat\u00f3lica de Pernambuco, com conclus\u00e3o pelo regime de Aproveitamento Extraordin\u00e1rio nos Estudos (art. 47, \u00a7 2\u00ba, da Lei n\u00ba 9.394\/96). Ex-Assessor de Desembargador no TJPE. Procurador da Fazenda Nacional. Integra voluntariamente a Coordena\u00e7\u00e3o de Assuntos Estrat\u00e9gicos Judiciais da PGFN. Professor do Estrat\u00e9gia Carreira Jur\u00eddica, Estrat\u00e9gia OAB e Buscador Dizer o Direito. Autor do livro \u201cReforma Tribut\u00e1ria Comentada e Esquematizada\u201d, \"Manual de Processo Tribut\u00e1rio: Administrativo e Judicial\" pela editora Juspodivm Parecerista na Revista de Estudos Jur\u00eddicos do Superior Tribunal de Justi\u00e7a (REJuriSTJ)","sameAs":["http:\/\/lattes.cnpq.br\/5755137268084324","https:\/\/www.instagram.com\/felipe_duque\/","https:\/\/br.linkedin.com\/in\/felipe-duque-56954638","https:\/\/x.com\/https:\/\/x.com\/ProfessorDuque","https:\/\/www.youtube.com\/@felipeduque-experienciasco5797"],"url":"https:\/\/cj.estrategia.com\/portal\/author\/felipe-duque\/"}]}},"jetpack_featured_media_url":"https:\/\/cj.estrategia.com\/portal\/wp-content\/uploads\/2025\/07\/15211412\/justica-magistrada-magistratura-juiz-sentenca-decisao-estagio-probatorio-etica-integridade-produtividade-julgamento.jpg","jetpack_sharing_enabled":true,"_links":{"self":[{"href":"https:\/\/cj.estrategia.com\/portal\/wp-json\/wp\/v2\/posts\/135920","targetHints":{"allow":["GET"]}}],"collection":[{"href":"https:\/\/cj.estrategia.com\/portal\/wp-json\/wp\/v2\/posts"}],"about":[{"href":"https:\/\/cj.estrategia.com\/portal\/wp-json\/wp\/v2\/types\/post"}],"author":[{"embeddable":true,"href":"https:\/\/cj.estrategia.com\/portal\/wp-json\/wp\/v2\/users\/93"}],"replies":[{"embeddable":true,"href":"https:\/\/cj.estrategia.com\/portal\/wp-json\/wp\/v2\/comments?post=135920"}],"version-history":[{"count":4,"href":"https:\/\/cj.estrategia.com\/portal\/wp-json\/wp\/v2\/posts\/135920\/revisions"}],"predecessor-version":[{"id":137253,"href":"https:\/\/cj.estrategia.com\/portal\/wp-json\/wp\/v2\/posts\/135920\/revisions\/137253"}],"wp:featuredmedia":[{"embeddable":true,"href":"https:\/\/cj.estrategia.com\/portal\/wp-json\/wp\/v2\/media\/135926"}],"wp:attachment":[{"href":"https:\/\/cj.estrategia.com\/portal\/wp-json\/wp\/v2\/media?parent=135920"}],"wp:term":[{"taxonomy":"category","embeddable":true,"href":"https:\/\/cj.estrategia.com\/portal\/wp-json\/wp\/v2\/categories?post=135920"},{"taxonomy":"post_tag","embeddable":true,"href":"https:\/\/cj.estrategia.com\/portal\/wp-json\/wp\/v2\/tags?post=135920"},{"taxonomy":"tax_estado","embeddable":true,"href":"https:\/\/cj.estrategia.com\/portal\/wp-json\/wp\/v2\/tax_estado?post=135920"}],"curies":[{"name":"wp","href":"https:\/\/api.w.org\/{rel}","templated":true}]}}