{"id":135466,"date":"2025-07-14T16:09:54","date_gmt":"2025-07-14T19:09:54","guid":{"rendered":"https:\/\/cj.estrategia.com\/portal\/?p=135466"},"modified":"2025-07-14T16:17:12","modified_gmt":"2025-07-14T19:17:12","slug":"prova-comentada-direito-civil-concurso-pge-pi-procurador","status":"publish","type":"post","link":"https:\/\/cj.estrategia.com\/portal\/prova-comentada-direito-civil-concurso-pge-pi-procurador\/","title":{"rendered":"Prova comentada Direito Civil Concurso PGE PI Procurador"},"content":{"rendered":"\n<p>Ol\u00e1, pessoal, tudo certo?!<\/p>\n\n\n\n<p>Em 13\/07\/2025, foi aplicada a prova objetiva do concurso p\u00fablico para a <strong>Procuradoria Geral do Estado do Piau\u00ed<\/strong>. Assim que divulgados o caderno de provas e o gabarito preliminar oficial, nosso time de professores analisou cada uma das quest\u00f5es que agora ser\u00e3o apresentadas em nossa <strong>PROVA COMENTADA<\/strong>.<\/p>\n\n\n\n<p>Este material visa a auxili\u00e1-los na aferi\u00e7\u00e3o das notas, elabora\u00e7\u00e3o de eventuais recursos, verifica\u00e7\u00e3o das chances de avan\u00e7o para fase discursiva, bem como na revis\u00e3o do conte\u00fado cobrado no certame.<\/p>\n\n\n\n<p>Desde j\u00e1, destacamos que nosso time de professores identificou 1 quest\u00e3o pass\u00edvel de recurso e\/ou que deve ser anulada, como veremos adiante. No tipo de prova comentado, trata-se da quest\u00e3o 76.<\/p>\n\n\n\n<p>De modo complementar, elaboramos tamb\u00e9m o Ranking da <strong>PGE-PI<\/strong> em que nossos alunos e seguidores poder\u00e3o inserir suas respostas \u00e0 prova, e, ao final, aferir sua nota, de acordo com o gabarito elaborado por nossos professores. Atrav\u00e9s do ranking, tamb\u00e9m poderemos estimar a nota de corte da 1\u00ba fase. Essa ferramenta \u00e9 gratuita e, para participar, basta clicar no link abaixo:<\/p>\n\n\n\n<p class=\"has-text-align-center has-luminous-vivid-amber-background-color has-background\"><a href=\"https:\/\/cj.estrategia.com\/rankings\/adbbdc19-5be6-4b56-8277-fe7be2d3d2ba\" target=\"_blank\" >PGE PI Procurador<\/a><\/p>\n\n\n\n<p>Al\u00e9m disso, montamos um caderno para nossos seguidores, alunos ou n\u00e3o, verem os coment\u00e1rios e comentar as quest\u00f5es da prova:<\/p>\n\n\n\n<p class=\"has-text-align-center has-luminous-vivid-amber-background-color has-background\"><a href=\"https:\/\/cj.estrategia.com\/cadernos-e-simulados\/cadernos\/9e41a723-3e90-4cc5-98e9-69068acd7d4a\" target=\"_blank\" >Caderno de prova para seguidores<\/a><\/p>\n\n\n\n<p>Por fim, comentaremos a prova, as quest\u00f5es mais pol\u00eamicas, as possibilidades de recurso, bem como a estimativa da nota de corte no <strong>TERM\u00d4METRO P\u00d3S-PROVA<\/strong>, no nosso canal do Youtube. Inscreva-se e ative as notifica\u00e7\u00f5es!<\/p>\n\n\n\n<p class=\"has-text-align-center has-luminous-vivid-amber-background-color has-background\"><a href=\"https:\/\/www.youtube.com\/EstrategiaCarreiraJuridica\" target=\"_blank\" ><strong>Estrat\u00e9gia Carreira Jur\u00eddica &#8211; YouTube<\/strong><\/a><\/p>\n\n\n\n<p>Esperamos que gostem do material e de todos os novos projetos que preparamos para que avancem rumo \u00e0 aprova\u00e7\u00e3o.<\/p>\n\n\n\n<p>Contem sempre conosco.<\/p>\n\n\n\n<p>Yasmin Ushara,<\/p>\n\n\n\n<p>Coordena\u00e7\u00e3o de Rodadas do Estrat\u00e9gia Carreiras Jur\u00eddicas.<\/p>\n\n\n\n<p class=\"has-text-align-center has-luminous-vivid-amber-background-color has-background\"><a href=\"https:\/\/cj.estrategia.com\/portal\/provas-comentadas-de-todas-as-materias-do-concurso-pge-pi-procurador\/\" target=\"_blank\" >Confira a prova comentada de todas as disciplinas<\/a><\/p>\n\n\n\n<p><strong>QUEST\u00c3O 25. De acordo com o entendimento jurisprudencial do Superior Tribunal de Justi\u00e7a (STJ), caso determinada sucess\u00e3o tenha sido aberta durante a vig\u00eancia do C\u00f3digo Civil de 2002 e antes da entrada em vigor do C\u00f3digo de Processo Civil de 2015, o valor do bem, certo ou estimado, a ser levado \u00e0 cola\u00e7\u00e3o deve corresponder \u00e0quele atribu\u00eddo na data<\/strong><\/p>\n\n\n\n<p><strong>a) da abertura do invent\u00e1rio, n\u00e3o estando o valor sujeito a corre\u00e7\u00e3o monet\u00e1ria.<\/strong><\/p>\n\n\n\n<p><strong>b) do ato de liberalidade, devendo o valor ser corrigido monetariamente at\u00e9 a data da abertura da sucess\u00e3o.<\/strong><\/p>\n\n\n\n<p><strong>c) do ato de liberalidade, n\u00e3o estando o valor sujeito a corre\u00e7\u00e3o monet\u00e1ria.<\/strong><\/p>\n\n\n\n<p><strong>d) da abertura do invent\u00e1rio, devendo o valor ser corrigido monetariamente at\u00e9 a data da abertura da sucess\u00e3o.<\/strong><\/p>\n\n\n\n<p><strong>e) da abertura da sucess\u00e3o, n\u00e3o estando o valor sujeito a corre\u00e7\u00e3o monet\u00e1ria.<\/strong><\/p>\n\n\n\n<p><strong>Coment\u00e1rios<\/strong><\/p>\n\n\n\n<p>A alternativa correta \u00e9 a <strong>letra B<\/strong>. A quest\u00e3o trata do tema sucess\u00e3o.<\/p>\n\n\n\n<p>A alternativa A est\u00e1 incorreta. O valor do bem, certo ou estimado, a ser levado \u00e0 cola\u00e7\u00e3o deve corresponder \u00e0quele atribu\u00eddo na data do ato de liberalidade, devendo o valor ser corrigido monetariamente at\u00e9 a data da abertura da sucess\u00e3o.<\/p>\n\n\n\n<p>A alternativa B est\u00e1 correta.<strong> <\/strong>O valor do bem, certo ou estimado, a ser levado \u00e0 cola\u00e7\u00e3o deve corresponder \u00e0quele atribu\u00eddo na data do ato de liberalidade, devendo o valor ser corrigido monetariamente at\u00e9 a data da abertura da sucess\u00e3o. Em conformidade com os artigos 2.004 do C\u00f3digo Civil, artigo 639 do C\u00f3digo de Processo Civil e entendimento do STJ: &#8220;Art. 2.004. O valor de cola\u00e7\u00e3o dos bens doados ser\u00e1 aquele, certo ou estimativo, que lhes atribuir o ato de liberalidade.&#8221; &#8220;Art. 639. No prazo estabelecido no art. 627, o herdeiro obrigado \u00e0 cola\u00e7\u00e3o conferir\u00e1 por termo nos autos ou por peti\u00e7\u00e3o \u00e0 qual o termo se reportar\u00e1 os bens que recebeu ou, se j\u00e1 n\u00e3o os possuir, trar-lhes-\u00e1 o valor. Par\u00e1grafo \u00fanico. Os bens a serem conferidos na partilha, assim como as acess\u00f5es e as benfeitorias que o donat\u00e1rio fez, calcular-se-\u00e3o pelo valor que tiverem ao tempo da abertura da sucess\u00e3o.&#8221; &#8220;O valor de cola\u00e7\u00e3o dos bens doados dever\u00e1 ser aquele atribu\u00eddo ao tempo da liberalidade, corrigido monetariamente at\u00e9 a data da abertura da sucess\u00e3o. STJ. 4\u00aa Turma. REsp 1.166.568-SP, Rel. Min. L\u00e1zaro Guimar\u00e3es (Desembargador convocado do TRF da 5\u00aa Regi\u00e3o), julgado em 12\/12\/2017 (Info 617).&#8221; &#8220;A jurisprud\u00eancia do STJ \u00e9 no sentido de que a cola\u00e7\u00e3o de bens, a despeito de se relacionar intimamente com a igualdade da leg\u00edtima dos herdeiros (quest\u00e3o de direito material), apenas se materializa e desenvolve na a\u00e7\u00e3o de invent\u00e1rio (quest\u00e3o de direito processual). Desse modo, \u00e9 o crit\u00e9rio de direito intertemporal que deve definir qual a regra jur\u00eddica aplic\u00e1vel. STJ. 3\u00aa Turma. AgInt no AREsp 1794363\/SP, Rel. Min. Nancy Andrighi, julgado em 29\/11\/2021.&#8221;<\/p>\n\n\n\n<p>A alternativa C est\u00e1 incorreta. O valor do bem, certo ou estimado, a ser levado \u00e0 cola\u00e7\u00e3o deve corresponder \u00e0quele atribu\u00eddo na data do ato de liberalidade, devendo o valor ser corrigido monetariamente at\u00e9 a data da abertura da sucess\u00e3o.<\/p>\n\n\n\n<p>A alternativa D est\u00e1 incorreta. O valor do bem, certo ou estimado, a ser levado \u00e0 cola\u00e7\u00e3o deve corresponder \u00e0quele atribu\u00eddo na data do ato de liberalidade, devendo o valor ser corrigido monetariamente at\u00e9 a data da abertura da sucess\u00e3o.<\/p>\n\n\n\n<p>A alternativa E est\u00e1 incorreta. O valor do bem, certo ou estimado, a ser levado \u00e0 cola\u00e7\u00e3o deve corresponder \u00e0quele atribu\u00eddo na data do ato de liberalidade, devendo o valor ser corrigido monetariamente at\u00e9 a data da abertura da sucess\u00e3o.<\/p>\n\n\n\n<p><strong>QUEST\u00c3O 26. De acordo com o C\u00f3digo Civil e com o entendimento jurisprudencial do STJ, a ren\u00fancia \u00e0 heran\u00e7a<\/strong><\/p>\n\n\n\n<p><strong>a) \u00e9 um ato solene, que deve ser realizado de forma expressa, por instrumento p\u00fablico ou por termo judicial, sob pena de nulidade.<\/strong><\/p>\n\n\n\n<p><strong>b) \u00e9 um ato solene, que deve ser realizado de forma expressa, por instrumento p\u00fablico ou por escrito particular, exceto se feito por procurador, caso em que deve ocorrer por instrumento p\u00fablico.<\/strong><\/p>\n\n\n\n<p><strong>c) \u00e9 um ato solene, que deve ser realizado de forma expressa, por instrumento p\u00fablico ou por termo judicial, sob pena de anulabilidade.<\/strong><\/p>\n\n\n\n<p><strong>d) n\u00e3o exige forma especial, desde que manifestada por pessoa capaz e com pleno discernimento.<\/strong><\/p>\n\n\n\n<p><strong>e) n\u00e3o exige forma especial e pode ser realizada tanto pelo sucessor do herdeiro quanto por terceiro que o represente.<\/strong><\/p>\n\n\n\n<p><strong>Coment\u00e1rios<\/strong><\/p>\n\n\n\n<p>A alternativa correta \u00e9 a <strong>letra A<\/strong>. A quest\u00e3o trata sobre a ren\u00fancia \u00e0 heran\u00e7a.<\/p>\n\n\n\n<p>A alternativa A est\u00e1 correta. A ren\u00fancia \u00e0 heran\u00e7a \u00e9 um ato solene, que deve ser realizado de forma expressa, por instrumento p\u00fablico ou por termo judicial, sob pena de nulidade. Em conformidade com a jurisprud\u00eancia em tese do STJ e o artigo 1.806 do CC: &#8220;Jurisprud\u00eancia em teses \u2013 Edi\u00e7\u00e3o 243 2) A ren\u00fancia \u00e0 heran\u00e7a \u00e9 ato solene que deve ser realizado expressamente por instrumento p\u00fablico ou termo judicial, sob pena de nulidade.&#8221; \u201cArt. 1.806. A ren\u00fancia da heran\u00e7a deve constar expressamente de instrumento p\u00fablico ou termo judicial.\u201d<\/p>\n\n\n\n<p>A alternativa B est\u00e1 incorreta. A ren\u00fancia \u00e0 heran\u00e7a \u00e9 um ato solene, que deve ser realizado de forma expressa, por instrumento p\u00fablico ou por termo judicial, sob pena de nulidade. N\u00e3o h\u00e1 a previs\u00e3o de que possa ser escrito por particular, nem a exce\u00e7\u00e3o de ser feita por procurador.<\/p>\n\n\n\n<p>A alternativa C est\u00e1 incorreta. A ren\u00fancia \u00e0 heran\u00e7a \u00e9 um ato solene, que deve ser realizado de forma expressa, por instrumento p\u00fablico ou por termo judicial, sob pena de nulidade, e n\u00e3o anulabilidade<\/p>\n\n\n\n<p>A alternativa D est\u00e1 incorreta. A ren\u00fancia \u00e0 heran\u00e7a \u00e9 um ato solene, que deve ser realizado de forma expressa.<\/p>\n\n\n\n<p>A alternativa E est\u00e1 incorreta. A ren\u00fancia \u00e0 heran\u00e7a \u00e9 um ato solene, que deve ser realizado de forma expressa.<\/p>\n\n\n\n<p><strong>QUEST\u00c3O 27. De acordo com o C\u00f3digo Civil e com entendimento Jurisprudencial do STJ a prescri\u00e7\u00e3o pode ser interrompida<\/strong><\/p>\n\n\n\n<p><strong>a) por despacho do juiz, ainda que incompetente, mesmo que a a\u00e7\u00e3o tenha sido proposta pelo interessado fora do prazo legal.<\/strong><\/p>\n\n\n\n<p><strong>b) por despacho do juiz, ainda que incompetente, que ordenar a cita\u00e7\u00e3o, desde que a a\u00e7\u00e3o tenha sido proposta pelo credor e que ele o tenha feito dentro do prazo e na forma estabelecida pela lei processual.<\/strong><\/p>\n\n\n\n<p><strong>c) por despacho do juiz, mesmo que incompetente, que ordenar a cita\u00e7\u00e3o, desde que a a\u00e7\u00e3o tenha sido proposta, seja pelo credor, seja pelo devedor, dentro do prazo e na forma estabelecida pela lei processual.<\/strong><\/p>\n\n\n\n<p><strong>d) somente se o juiz que proferiu o despacho for competente para a causa e a a\u00e7\u00e3o tiver sido proposta pelo credor, devendo este promov\u00ea-la dentro do prazo e na forma da lei processual.<\/strong><\/p>\n\n\n\n<p><strong>e) somente se o juiz que proferiu o despacho for competente e a a\u00e7\u00e3o tiver sido proposta pelo devedor, devendo este promov\u00ea-la dentro do prazo e na forma da lei processual.<\/strong><\/p>\n\n\n\n<p><strong>Coment\u00e1rios<\/strong><\/p>\n\n\n\n<p>A alternativa correta \u00e9 a <strong>letra B<\/strong>. A quest\u00e3o trata sobre o tema prescri\u00e7\u00e3o.<\/p>\n\n\n\n<p>A alternativa A est\u00e1 incorreta. A prescri\u00e7\u00e3o pode ser interrompida por despacho do juiz, ainda que incompetente, que ordenar a cita\u00e7\u00e3o, desde que a a\u00e7\u00e3o tenha sido proposta pelo credor e que ele o tenha feito dentro do prazo e na forma estabelecida pela lei processual.<\/p>\n\n\n\n<p>A alternativa B est\u00e1 correta. A prescri\u00e7\u00e3o pode ser interrompida por despacho do juiz, ainda que incompetente, que ordenar a cita\u00e7\u00e3o, desde que a a\u00e7\u00e3o tenha sido proposta pelo credor e que ele o tenha feito dentro do prazo e na forma estabelecida pela lei processual. Em conformidade com o artigo 202, inciso I do C\u00f3digo Civil: \u201cArt. 202. A interrup\u00e7\u00e3o da prescri\u00e7\u00e3o, que somente poder\u00e1 ocorrer uma vez, dar-se-\u00e1: I &#8211; por despacho do juiz, mesmo incompetente, que ordenar a cita\u00e7\u00e3o, se o interessado a promover no prazo e na forma da lei processual;\u201d<\/p>\n\n\n\n<p>A alternativa C est\u00e1 incorreta. A prescri\u00e7\u00e3o pode ser interrompida por despacho do juiz, ainda que incompetente, que ordenar a cita\u00e7\u00e3o, desde que a a\u00e7\u00e3o tenha sido proposta pelo credor e que ele o tenha feito dentro do prazo e na forma estabelecida pela lei processual.<\/p>\n\n\n\n<p>A alternativa D est\u00e1 incorreta. A prescri\u00e7\u00e3o pode ser interrompida por juiz incompetente.<\/p>\n\n\n\n<p>A alternativa E est\u00e1 incorreta. A prescri\u00e7\u00e3o pode ser interrompida por juiz incompetente.<\/p>\n\n\n\n<p><strong>QUEST\u00c3O 28. De acordo com o C\u00f3digo Civil e o entendimento jurisprudencial do STJ, admite-se a desconsidera\u00e7\u00e3o da personalidade jur\u00eddica nos casos em que ocorra o uso abusivo da personalidade jur\u00eddica, caracterizado<\/strong><\/p>\n\n\n\n<p><strong>a) pela pr\u00e1tica de atos intencionais dos s\u00f3cios voltados \u00e0 fraude contra terceiros.<\/strong><\/p>\n\n\n\n<p><strong>b) pela mera demonstra\u00e7\u00e3o de que a empresa se encontra em estado de insolv\u00eancia.<\/strong><\/p>\n\n\n\n<p><strong>c) pela comprova\u00e7\u00e3o de que a personalidade jur\u00eddica esteja sendo utilizada como obst\u00e1culo ao ressarcimento dos preju\u00edzos causados.<\/strong><\/p>\n\n\n\n<p><strong>d) pela simples inexist\u00eancia de bens penhor\u00e1veis da empresa.<\/strong><\/p>\n\n\n\n<p><strong>e) pela demonstra\u00e7\u00e3o do encerramento irregular das atividades da empresa sem a devida baixa do seu encerramento na junta comercial.<\/strong><\/p>\n\n\n\n<p><strong>Coment\u00e1rios<\/strong><\/p>\n\n\n\n<p>A alternativa correta \u00e9 a <strong>letra A<\/strong>. A quest\u00e3o trata sobre a desconsidera\u00e7\u00e3o da personalidade jur\u00eddica.<\/p>\n\n\n\n<p>A alternativa A est\u00e1 correta. Admite-se a desconsidera\u00e7\u00e3o da personalidade jur\u00eddica nos casos em que ocorra o uso abusivo da personalidade jur\u00eddica, caracterizado pela pr\u00e1tica de atos intencionais dos s\u00f3cios voltados \u00e0 fraude contra terceiros. Em conformidade com o caput do artigo 50 do C\u00f3digo Civil: &#8220;Art. 50.&nbsp; Em caso de abuso da personalidade jur\u00eddica, caracterizado pelo desvio de finalidade ou pela confus\u00e3o patrimonial, pode o juiz, a requerimento da parte, ou do Minist\u00e9rio P\u00fablico quando lhe couber intervir no processo, desconsider\u00e1-la para que os efeitos de certas e determinadas rela\u00e7\u00f5es de obriga\u00e7\u00f5es sejam estendidos aos bens particulares de administradores ou de s\u00f3cios da pessoa jur\u00eddica beneficiados direta ou indiretamente pelo abuso. \u00a7 1\u00ba Para os fins do disposto neste artigo, desvio de finalidade \u00e9 a utiliza\u00e7\u00e3o da pessoa jur\u00eddica com o prop\u00f3sito de lesar credores e para a pr\u00e1tica de atos il\u00edcitos de qualquer natureza. &nbsp;\u00a7 2\u00ba Entende-se por confus\u00e3o patrimonial a aus\u00eancia de separa\u00e7\u00e3o de fato entre os patrim\u00f4nios, caracterizada por: &nbsp;I &#8211; cumprimento repetitivo pela sociedade de obriga\u00e7\u00f5es do s\u00f3cio ou do administrador ou vice-versa; II &#8211; transfer\u00eancia de ativos ou de passivos sem efetivas contrapresta\u00e7\u00f5es, exceto os de valor proporcionalmente insignificante; e III &#8211; outros atos de descumprimento da autonomia patrimonial. &nbsp;\u00a7 3\u00ba O disposto no caput e nos \u00a7\u00a7 1\u00ba e 2\u00ba deste artigo tamb\u00e9m se aplica \u00e0 extens\u00e3o das obriga\u00e7\u00f5es de s\u00f3cios ou de administradores \u00e0 pessoa jur\u00eddica. &nbsp;\u00a7 4\u00ba A mera exist\u00eancia de grupo econ\u00f4mico sem a presen\u00e7a dos requisitos de que trata o caput deste artigo n\u00e3o autoriza a desconsidera\u00e7\u00e3o da personalidade da pessoa jur\u00eddica. \u00a7 5\u00ba N\u00e3o constitui desvio de finalidade a mera expans\u00e3o ou a altera\u00e7\u00e3o da finalidade original da atividade econ\u00f4mica espec\u00edfica da pessoa jur\u00eddica.\u201d<\/p>\n\n\n\n<p>A alternativa B est\u00e1 incorreta. A mera demonstra\u00e7\u00e3o de que a empresa se encontra em estado de insolv\u00eancia por si s\u00f3 n\u00e3o admite a desconsidera\u00e7\u00e3o da personalidade jur\u00eddica.<\/p>\n\n\n\n<p>A alternativa C est\u00e1 incorreta. A comprova\u00e7\u00e3o de que a personalidade jur\u00eddica esteja sendo utilizada como obst\u00e1culo ao ressarcimento dos preju\u00edzos causados por si s\u00f3 n\u00e3o admite a desconsidera\u00e7\u00e3o da personalidade jur\u00eddica.<\/p>\n\n\n\n<p>A alternativa D est\u00e1 incorreta. A simples inexist\u00eancia de bens penhor\u00e1veis da empresa por si s\u00f3 n\u00e3o admite a desconsidera\u00e7\u00e3o da personalidade jur\u00eddica.<\/p>\n\n\n\n<p>A alternativa E est\u00e1 incorreta. A demonstra\u00e7\u00e3o do encerramento irregular das atividades da empresa sem a devida baixa do seu encerramento na junta comercial por si s\u00f3 n\u00e3o admite a desconsidera\u00e7\u00e3o da personalidade jur\u00eddica.<\/p>\n\n\n\n<p><strong>QUEST\u00c3O 29. Segundo a legisla\u00e7\u00e3o vigente e o entendimento do STJ, a responsabilidade civil dos pais por ato il\u00edcito praticado por filhos menores sob sua autoridade e em sua companhia \u00e9<\/strong><\/p>\n\n\n\n<p><strong>a) subjetiva, sendo exigida a vigil\u00e2ncia constante ou a presen\u00e7a f\u00edsica cont\u00ednua do genitor no momento da pr\u00e1tica do ato danoso pelo filho menor.<\/strong><\/p>\n\n\n\n<p><strong>b) objetiva, sendo relevante a proximidade f\u00edsica do genitor no momento da pr\u00e1tica do ato danoso pelo filho menor.<\/strong><\/p>\n\n\n\n<p><strong>c) subjetiva, sendo relevante a proximidade f\u00edsica do genitor no momento da pr\u00e1tica do ato danoso pelo filho menor.<\/strong><\/p>\n\n\n\n<p><strong>d) subjetiva, sendo irrelevante a proximidade f\u00edsica do genitor no momento da pr\u00e1tica do ato danoso pelo filho menor.<\/strong><\/p>\n\n\n\n<p><strong>e) objetiva, sendo irrelevante a proximidade f\u00edsica do genitor no momento da pr\u00e1tica do ato danoso pelo filho menor.<\/strong><\/p>\n\n\n\n<p><strong>Coment\u00e1rios<\/strong><\/p>\n\n\n\n<p>A alternativa correta \u00e9 a <strong>letra E<\/strong>. A quest\u00e3o trata sobre a responsabilidade civil.<\/p>\n\n\n\n<p>A alternativa A est\u00e1 incorreta. A responsabilidade \u00e9 objetiva.<\/p>\n\n\n\n<p>A alternativa B est\u00e1 incorreta. A responsabilidade \u00e9 objetiva, mas n\u00e3o \u00e9 relevante a proximidade f\u00edsica do genitor no momento da pr\u00e1tica do ato danoso pelo filho menor,<\/p>\n\n\n\n<p>A alternativa C est\u00e1 incorreta. A responsabilidade \u00e9 objetiva.<\/p>\n\n\n\n<p>A alternativa D est\u00e1 incorreta. A responsabilidade \u00e9 objetiva.<\/p>\n\n\n\n<p>A alternativa E est\u00e1 correta. A responsabilidade civil dos pais por ato il\u00edcito praticado por filhos menores sob sua autoridade e em sua companhia \u00e9 objetiva, sendo irrelevante a proximidade f\u00edsica do genitor no momento da pr\u00e1tica do ato danoso pelo filho menor. &#8220;Na verdade, ao se referir a autoridade e companhia, quis a norma, a meu ju\u00edzo, explicitar o poder familiar, at\u00e9 porque a autoridade parental n\u00e3o se esgota na guarda, al\u00e9m de que o poder familiar compreende um plexo de deveres como, prote\u00e7\u00e3o, cuidado, educa\u00e7\u00e3o, informa\u00e7\u00e3o, afeto, dentre outros, independentemente da vigil\u00e2ncia investigativa e di\u00e1ria. Por \u00f3bvio que &#8220;n\u00e3o se trata de proximidade f\u00edsica no momento do dano. Mesmo que o menor, em viagem, cause danos a terceiros, tais danos est\u00e3o sob o amparo do dispositivo em quest\u00e3o. Seria absurdamente contr\u00e1rio \u00e0 teleologia da norma responsabilizar apenas os pais pelos danos que os filhos causem &#8216;ao lado&#8217; deles. N\u00e3o \u00e9 essa, decerto, a interpreta\u00e7\u00e3o poss\u00edvel do dispositivo em quest\u00e3o. Cabe aos pais contribuir para a forma\u00e7\u00e3o dos h\u00e1bitos e comportamentos dos filhos, e isso se reflete, de modo sens\u00edvel, quando os menores est\u00e3o fora do lar, e n\u00e3o se encontram sob a prote\u00e7\u00e3o direta deles, e nem haja fiscaliza\u00e7\u00e3o familiar. \u00c9 irrelevante, portanto, para a incid\u00eancia da norma, a proximidade f\u00edsica dos pais, no momento em que os menores causam danos&#8221; (FARIAS, Cristiano. Novo tratado de responsabilidade civil. S\u00e3o Paulo: Atlas, 2015, p. 604) &#8221; &#8220;DIREITO CIVIL. RESPONSABILIDADE CIVIL POR FATO DE OUTREM \u2013 PAIS PELOS ATOS PRATICADOS PELOS FILHOS MENORES. ATO IL\u00cdCITO COMETIDO POR MENOR. RESPONSABILIDADE CIVIL MITIGADA E SUBSIDI\u00c1RIA DO INCAPAZ PELOS SEUS ATOS (CC, ART. 928). LITISCONS\u00d3RCIO NECESS\u00c1RIO. INOCORR\u00caNCIA. 1. A responsabilidade civil do incapaz pela repara\u00e7\u00e3o dos danos \u00e9 subsidi\u00e1ria e mitigada (CC, art. 928). 2. \u00c9 subsidi\u00e1ria porque apenas ocorrer\u00e1 quando os seus genitores n\u00e3o tiverem meios para ressarcir a v\u00edtima; \u00e9 condicional e mitigada porque n\u00e3o poder\u00e1 ultrapassar o limite humanit\u00e1rio do patrim\u00f4nio m\u00ednimo do infante (CC, art. 928, par. \u00danico e Em. 39\/CJF); e deve ser equitativa, tendo em vista que a indeniza\u00e7\u00e3o dever\u00e1 ser equ\u00e2nime, sem a priva\u00e7\u00e3o do m\u00ednimo necess\u00e1rio para a sobreviv\u00eancia digna do incapaz (CC, art. 928, par. \u00danico e Em. 449\/CJF). 3. N\u00e3o h\u00e1 litiscons\u00f3rcio passivo necess\u00e1rio, pois n\u00e3o h\u00e1 obriga\u00e7\u00e3o \u2013 nem legal, nem por for\u00e7a da rela\u00e7\u00e3o jur\u00eddica (unit\u00e1ria) \u2013 da v\u00edtima lesada em litigar contra o respons\u00e1vel e o incapaz. \u00c9 poss\u00edvel, no entanto, que o autor, por sua op\u00e7\u00e3o e liberalidade, tendo em conta que os direitos ou obriga\u00e7\u00f5es derivem do mesmo fundamento de fato ou de direito (CPC,73, art. 46, II) intente a\u00e7\u00e3o contra ambos \u2013 pai e filho -, formando-se um litiscons\u00f3rcio facultativo e simples. 4. O art. 932, I do CC ao se referir a autoridade e companhia dos pais em rela\u00e7\u00e3o aos filhos, quis explicitar o poder familiar (a autoridade parental n\u00e3o se esgota na guarda), compreendendo um plexo de deveres como, prote\u00e7\u00e3o, cuidado, educa\u00e7\u00e3o, informa\u00e7\u00e3o, afeto, dentre outros, independentemente da vigil\u00e2ncia investigativa e di\u00e1ria, sendo irrelevante a proximidade f\u00edsica no momento em que os menores venham a causar danos. 5. Recurso especial n\u00e3o provido.\u201d(STJ \u2013 Resp: 1436401 MG 2013\/0351714-7, Relator: Ministro LUIS FELIPE SALOM\u00c3O, Data de Julgamento: 02\/02\/2017, T4 \u2013 QUARTA TURMA, Data de Publica\u00e7\u00e3o: Dje 16\/03\/2017)\u201d<\/p>\n\n\n\n<p><strong>QUEST\u00c3O 30. No que diz respeito \u00e0 obriga\u00e7\u00e3o de indenizar na responsabilidade civil, o C\u00f3digo Civil estabelece que os bens do respons\u00e1vel pela ofensa ou viola\u00e7\u00e3o de direito de outrem ficam sujeitos \u00e0 repara\u00e7\u00e3o do dano causado; e, caso a ofensa tenha mais de um autor, todos responder\u00e3o solidariamente pela repara\u00e7\u00e3o do dano. De acordo com o STJ, essa responsabilidade solid\u00e1ria \u00e9 imposta<\/strong><\/p>\n\n\n\n<p><strong>a) desde que os agentes causadores do dano tenham praticado separadamente a mesma conduta il\u00edcita.<\/strong><\/p>\n\n\n\n<p><strong>b) pelo simples fato de as condutas dos agentes imputados terem concorrido para a produ\u00e7\u00e3o do resultado.<\/strong><\/p>\n\n\n\n<p><strong>c) desde que os agentes causadores do dano tenham praticado, em conjunto, a mesma conduta il\u00edcita.<br>d) quando os agentes concorrerem para a produ\u00e7\u00e3o do dano, desde que seus comportamentos n\u00e3o constituam il\u00edcitos distintos.<\/strong><\/p>\n\n\n\n<p><strong>e) apenas quando, de forma independente, dois ou mais agentes praticarem, cada um, um ato il\u00edcito diferente.<\/strong><\/p>\n\n\n\n<p><strong>Coment\u00e1rios<\/strong><\/p>\n\n\n\n<p>A alternativa correta \u00e9 a <strong>letra B<\/strong>. A quest\u00e3o trata sobre o tema responsabilidade civil.<\/p>\n\n\n\n<p>A alternativa A est\u00e1 incorreta. A responsabilidade solid\u00e1ria \u00e9 imposta pelo simples fato de as condutas dos agentes imputados terem concorrido para a produ\u00e7\u00e3o do resultado.<\/p>\n\n\n\n<p>A alternativa B est\u00e1 correta. A responsabilidade solid\u00e1ria \u00e9 imposta pelo simples fato de as condutas dos agentes imputados terem concorrido para a produ\u00e7\u00e3o do resultado. Conforme entendimento do STJ: &#8220;A responsabilidade solid\u00e1ria que decorre do art. 942 do CC\/2002 se imp\u00f5e pelo simples fato de as condutas dos agentes imputados terem concorrido para a produ\u00e7\u00e3o do resultado. N\u00e3o \u00e9 necess\u00e1rio, assim, que esses agentes, ditos causadores do dano, tenham praticado, conjuntamente, a mesma conduta il\u00edcita. \u00c9 suficiente que seus comportamentos, embora constituindo il\u00edcitos distintos, tenham concorrido para a produ\u00e7\u00e3o do dano. STJ. 3\u00aa Turma. AgInt no AREsp 1.305.095\/MS, Rel. Min. Moura Ribeiro, julgado em 13\/2\/2023.&#8221;<\/p>\n\n\n\n<p>A alternativa C est\u00e1 incorreta. A responsabilidade solid\u00e1ria \u00e9 imposta pelo simples fato de as condutas dos agentes imputados terem concorrido para a produ\u00e7\u00e3o do resultado.<\/p>\n\n\n\n<p>A alternativa D est\u00e1 incorreta. A responsabilidade solid\u00e1ria \u00e9 imposta pelo simples fato de as condutas dos agentes imputados terem concorrido para a produ\u00e7\u00e3o do resultado.<\/p>\n\n\n\n<p>A alternativa E est\u00e1 incorreta. A responsabilidade solid\u00e1ria \u00e9 imposta pelo simples fato de as condutas dos agentes imputados terem concorrido para a produ\u00e7\u00e3o do resultado.<\/p>\n\n\n\n<p class=\"has-text-align-center\"><em>Fique por dentro de todos os detalhes do Concurso PGE PI! Preparamos um artigo completo para voc\u00ea!<\/em><\/p>\n\n\n\n<p class=\"has-text-align-center has-luminous-vivid-amber-to-luminous-vivid-orange-gradient-background has-background\"><a href=\"https:\/\/cj.estrategia.com\/portal\/concurso-pge-pi-procurador\/\" target=\"_blank\" rel=\"noreferrer noopener nofollow\"><strong>Concurso PGE PI Procurador<\/strong><\/a><\/p>\n\n\n\n<h2 class=\"wp-block-heading has-text-align-center\" id=\"h-quer-ser-procurador-ou-procuradora-do-pge-pi\"><span id=\"quer-ser-procurador-ou-procuradora-do-pge-pi%f0%9f%a6%89\">Quer ser procurador ou procuradora do PGE PI?\ud83e\udd89<\/span><\/h2>\n\n\n\n<p class=\"has-text-align-center\"><strong><mark style=\"background-color:rgba(0, 0, 0, 0)\" class=\"has-inline-color has-vivid-red-color\">Ent\u00e3o, clique no banner e d\u00ea o primeiro passo!<\/mark> <\/strong><\/p>\n\n\n\n<div class=\"container\" id=\"boxes\">\n  <div class=\"row\">\n\n    <div class=\"col-sm\">\n      <div class=\"banner-ecj\" id=\"box-assinatura\">\n        <h3 id=\"pge-pi-procurador\" class=\"titulo-assinatura\">PGE PI Procurador <\/h3>\n        <p class=\"subtitulo-assinatura\">Conhe\u00e7a os planos<\/p>\n        <div class=\"box-botao\">\n          <a class=\"btn-assinatura\" target=\"_blank\" href=\"https:\/\/cj.estrategia.com\/curso\/pge-pi-procurador-do-estado-pacote-teorico\/\" role=\"button\" rel=\"noopener noreferrer\">Conhe\u00e7a mais<\/a>\n        <\/div>\n      <\/div>\n      <p class=\"texto-auxiliar\">Prepare-se com o melhor material e com quem mais aprova em Concursos P\u00fablicos em todo o pa\u00eds. \n<\/p>\n    <\/div>\n\n  <\/div>\n<\/div>\n\n\n\n<h2 class=\"wp-block-heading has-text-align-center\" id=\"h-quer-saber-tudo-sobre-concursos-previstos-confira-nossos-artigos\"><span id=\"quer-saber-tudo-sobre-concursos-previstosconfira-nossos-artigos\">Quer saber tudo sobre concursos previstos?<br>Confira nossos artigos!<\/span><\/h2>\n\n\n\n<ul class=\"wp-block-list\">\n<li><a href=\"https:\/\/cj.estrategia.com\/portal\/concursos-abertos-carreiras-juridicas\/\" target=\"_blank\" >Concursos jur\u00eddicos abertos<\/a><\/li>\n\n\n\n<li><a href=\"https:\/\/cj.estrategia.com\/portal\/concursos-2025-carreiras-juridicas\/\" target=\"_blank\" >Concursos Jur\u00eddicos 2025<\/a><\/li>\n\n\n\n<li><a href=\"https:\/\/cj.estrategia.com\/portal\/concursos-procuradorias\/\" target=\"_blank\" >Concursos Procuradorias<\/a><\/li>\n<\/ul>\n\n\n\n<h2 class=\"wp-block-heading has-text-align-center\" id=\"assinatura-e-cursos\"><span id=\"confira-nosso-grupo-de-estudos-e-nossos-planos-de-assinaturas\">Confira nosso grupo de estudos e nossos planos de assinaturas!<\/span><\/h2>\n\n\n<a id=\"cta-icon\" href=\"https:\/\/sndflw.com\/i\/procuradorias-grupo\" target=\"blank\" style=\"background:rgb(41,166,26)\">\n            <img decoding=\"async\" src=\"https:\/\/cj.estrategia.com\/portal\/wp-content\/uploads\/2023\/12\/07160657\/whatsapp_1385.webp\" alt=\"\" alt=\"whatsapp_1385\"><span > Acesse agora o Grupo de Estudos para Concurso de Procuradorias <\/span><\/a>\n\n\n\n<div class=\"wp-block-cover\" style=\"min-height:155px;aspect-ratio:unset;\"><img decoding=\"async\" width=\"1890\" height=\"351\" class=\"wp-block-cover__image-background wp-image-8669\" alt=\"Assinaturas Jur\u00eddicas\" src=\"https:\/\/cj.estrategia.com\/portal\/wp-content\/uploads\/2022\/06\/20151253\/concurso-carreiras-juridicas-assinatura-juridica.jpg\" style=\"object-position:78% 43%\" data-object-fit=\"cover\" data-object-position=\"78% 43%\" srcset=\"https:\/\/cj.estrategia.com\/portal\/wp-content\/uploads\/2022\/06\/20151253\/concurso-carreiras-juridicas-assinatura-juridica.jpg 1890w, https:\/\/cj.estrategia.com\/portal\/wp-content\/uploads\/2022\/06\/20151253\/concurso-carreiras-juridicas-assinatura-juridica-300x56.jpg 300w, https:\/\/cj.estrategia.com\/portal\/wp-content\/uploads\/2022\/06\/20151253\/concurso-carreiras-juridicas-assinatura-juridica-1024x190.jpg 1024w, https:\/\/cj.estrategia.com\/portal\/wp-content\/uploads\/2022\/06\/20151253\/concurso-carreiras-juridicas-assinatura-juridica-768x143.jpg 768w, https:\/\/cj.estrategia.com\/portal\/wp-content\/uploads\/2022\/06\/20151253\/concurso-carreiras-juridicas-assinatura-juridica-1536x285.jpg 1536w, https:\/\/cj.estrategia.com\/portal\/wp-content\/uploads\/2022\/06\/20151253\/concurso-carreiras-juridicas-assinatura-juridica-380x71.jpg 380w, https:\/\/cj.estrategia.com\/portal\/wp-content\/uploads\/2022\/06\/20151253\/concurso-carreiras-juridicas-assinatura-juridica-800x149.jpg 800w, https:\/\/cj.estrategia.com\/portal\/wp-content\/uploads\/2022\/06\/20151253\/concurso-carreiras-juridicas-assinatura-juridica-1160x215.jpg 1160w\" sizes=\"(max-width: 1890px) 100vw, 1890px\" \/><span aria-hidden=\"true\" class=\"wp-block-cover__background has-background-dim\"><\/span><div class=\"wp-block-cover__inner-container is-layout-flow wp-block-cover-is-layout-flow\">\n<h3 id=\"faca-a-sua-assinatura\" class=\"titulo-assinatura\"><span style=\"color: #ffffff;\">Fa\u00e7a a sua assinatura!<\/span><\/h3>\n<p class=\"subtitulo-assinatura\" style=\"display:block!important; line-height: 0;\"><span style=\"color: #ffffff;\">Escolha a sua \u00e1rea.<\/span><\/p>\n<a target=\"_blank\" href=\"https:\/\/www.estrategiaconcursos.com.br\/assinaturas-ecj\/\" rel=\"noopener\"><button style=\"border-radius: 10px; text-transform: capitalize;\">Acessar<\/button><\/a>\n<\/div><\/div>\n\n\n\n<p><\/p>\n","protected":false},"excerpt":{"rendered":"Ol\u00e1, pessoal, tudo certo?! Em 13\/07\/2025, foi aplicada a prova objetiva do concurso p\u00fablico para a Procuradoria Geral&hellip;\n","protected":false},"author":162,"featured_media":37832,"comment_status":"open","ping_status":"open","sticky":false,"template":"","format":"standard","meta":{"_jetpack_memberships_contains_paid_content":false,"footnotes":""},"categories":[24],"tags":[],"tax_estado":[47],"class_list":{"0":"post-135466","1":"post","2":"type-post","3":"status-publish","4":"format-standard","5":"has-post-thumbnail","7":"category-procuradoria","8":"tax_estado-pi"},"acf":[],"yoast_head":"<!-- This site is optimized with the Yoast SEO Premium plugin v27.4 (Yoast SEO v27.4) - https:\/\/yoast.com\/product\/yoast-seo-premium-wordpress\/ -->\n<title>Prova comentada Direito Civil Concurso PGE PI Procurador<\/title>\n<meta name=\"description\" content=\"Confira agora mesmo a Prova comentada Direito Civil PGE PI Procurador elaborada pelos nossos professores!\" \/>\n<meta name=\"robots\" content=\"index, follow, max-snippet:-1, max-image-preview:large, max-video-preview:-1\" \/>\n<link rel=\"canonical\" href=\"https:\/\/cj.estrategia.com\/portal\/prova-comentada-direito-civil-concurso-pge-pi-procurador\/\" \/>\n<meta property=\"og:locale\" content=\"pt_BR\" \/>\n<meta property=\"og:type\" content=\"article\" \/>\n<meta property=\"og:title\" content=\"Prova comentada Direito Civil Concurso PGE PI Procurador\" \/>\n<meta property=\"og:description\" content=\"Confira agora mesmo a Prova comentada Direito Civil PGE PI Procurador elaborada pelos nossos professores!\" \/>\n<meta property=\"og:url\" content=\"https:\/\/cj.estrategia.com\/portal\/prova-comentada-direito-civil-concurso-pge-pi-procurador\/\" \/>\n<meta property=\"og:site_name\" content=\"Blog - Carreiras Jur\u00eddicas - Estrat\u00e9gia\" \/>\n<meta property=\"article:publisher\" content=\"https:\/\/www.facebook.com\/estrategiacarreirajuridica\/\" \/>\n<meta property=\"article:published_time\" content=\"2025-07-14T19:09:54+00:00\" \/>\n<meta property=\"article:modified_time\" content=\"2025-07-14T19:17:12+00:00\" \/>\n<meta property=\"og:image\" content=\"https:\/\/cj.estrategia.com\/portal\/wp-content\/uploads\/2023\/06\/01151739\/PGE-PI-Procurador.jpg\" \/>\n\t<meta property=\"og:image:width\" content=\"960\" \/>\n\t<meta property=\"og:image:height\" content=\"540\" \/>\n\t<meta property=\"og:image:type\" content=\"image\/jpeg\" \/>\n<meta name=\"author\" content=\"Jos\u00e9 Ferreira\" \/>\n<meta name=\"twitter:card\" content=\"summary_large_image\" \/>\n<meta name=\"twitter:creator\" content=\"@EstratJuridica\" \/>\n<meta name=\"twitter:site\" content=\"@EstratJuridica\" \/>\n<meta name=\"twitter:label1\" content=\"Escrito por\" \/>\n\t<meta name=\"twitter:data1\" content=\"Jos\u00e9 Ferreira\" \/>\n\t<meta name=\"twitter:label2\" content=\"Est. tempo de leitura\" \/>\n\t<meta name=\"twitter:data2\" content=\"19 minutos\" \/>\n<script type=\"application\/ld+json\" class=\"yoast-schema-graph\">{\"@context\":\"https:\\\/\\\/schema.org\",\"@graph\":[{\"@type\":\"NewsArticle\",\"@id\":\"https:\\\/\\\/cj.estrategia.com\\\/portal\\\/prova-comentada-direito-civil-concurso-pge-pi-procurador\\\/#article\",\"isPartOf\":{\"@id\":\"https:\\\/\\\/cj.estrategia.com\\\/portal\\\/prova-comentada-direito-civil-concurso-pge-pi-procurador\\\/\"},\"author\":{\"name\":\"Jos\u00e9 Ferreira\",\"@id\":\"https:\\\/\\\/cj.estrategia.com\\\/portal\\\/#\\\/schema\\\/person\\\/4caf0099c42d736f2aade723f309f690\"},\"headline\":\"Prova comentada Direito Civil Concurso PGE PI Procurador\",\"datePublished\":\"2025-07-14T19:09:54+00:00\",\"dateModified\":\"2025-07-14T19:17:12+00:00\",\"mainEntityOfPage\":{\"@id\":\"https:\\\/\\\/cj.estrategia.com\\\/portal\\\/prova-comentada-direito-civil-concurso-pge-pi-procurador\\\/\"},\"wordCount\":3630,\"commentCount\":0,\"publisher\":{\"@id\":\"https:\\\/\\\/cj.estrategia.com\\\/portal\\\/#organization\"},\"image\":{\"@id\":\"https:\\\/\\\/cj.estrategia.com\\\/portal\\\/prova-comentada-direito-civil-concurso-pge-pi-procurador\\\/#primaryimage\"},\"thumbnailUrl\":\"https:\\\/\\\/cj.estrategia.com\\\/portal\\\/wp-content\\\/uploads\\\/2023\\\/06\\\/01151739\\\/PGE-PI-Procurador.jpg\",\"articleSection\":[\"Procuradoria\"],\"inLanguage\":\"pt-BR\",\"potentialAction\":[{\"@type\":\"CommentAction\",\"name\":\"Comment\",\"target\":[\"https:\\\/\\\/cj.estrategia.com\\\/portal\\\/prova-comentada-direito-civil-concurso-pge-pi-procurador\\\/#respond\"]}]},{\"@type\":\"WebPage\",\"@id\":\"https:\\\/\\\/cj.estrategia.com\\\/portal\\\/prova-comentada-direito-civil-concurso-pge-pi-procurador\\\/\",\"url\":\"https:\\\/\\\/cj.estrategia.com\\\/portal\\\/prova-comentada-direito-civil-concurso-pge-pi-procurador\\\/\",\"name\":\"Prova comentada Direito Civil Concurso PGE PI Procurador\",\"isPartOf\":{\"@id\":\"https:\\\/\\\/cj.estrategia.com\\\/portal\\\/#website\"},\"primaryImageOfPage\":{\"@id\":\"https:\\\/\\\/cj.estrategia.com\\\/portal\\\/prova-comentada-direito-civil-concurso-pge-pi-procurador\\\/#primaryimage\"},\"image\":{\"@id\":\"https:\\\/\\\/cj.estrategia.com\\\/portal\\\/prova-comentada-direito-civil-concurso-pge-pi-procurador\\\/#primaryimage\"},\"thumbnailUrl\":\"https:\\\/\\\/cj.estrategia.com\\\/portal\\\/wp-content\\\/uploads\\\/2023\\\/06\\\/01151739\\\/PGE-PI-Procurador.jpg\",\"datePublished\":\"2025-07-14T19:09:54+00:00\",\"dateModified\":\"2025-07-14T19:17:12+00:00\",\"description\":\"Confira agora mesmo a Prova comentada Direito Civil PGE PI Procurador elaborada pelos nossos professores!\",\"breadcrumb\":{\"@id\":\"https:\\\/\\\/cj.estrategia.com\\\/portal\\\/prova-comentada-direito-civil-concurso-pge-pi-procurador\\\/#breadcrumb\"},\"inLanguage\":\"pt-BR\",\"potentialAction\":[{\"@type\":\"ReadAction\",\"target\":[\"https:\\\/\\\/cj.estrategia.com\\\/portal\\\/prova-comentada-direito-civil-concurso-pge-pi-procurador\\\/\"]}]},{\"@type\":\"ImageObject\",\"inLanguage\":\"pt-BR\",\"@id\":\"https:\\\/\\\/cj.estrategia.com\\\/portal\\\/prova-comentada-direito-civil-concurso-pge-pi-procurador\\\/#primaryimage\",\"url\":\"https:\\\/\\\/cj.estrategia.com\\\/portal\\\/wp-content\\\/uploads\\\/2023\\\/06\\\/01151739\\\/PGE-PI-Procurador.jpg\",\"contentUrl\":\"https:\\\/\\\/cj.estrategia.com\\\/portal\\\/wp-content\\\/uploads\\\/2023\\\/06\\\/01151739\\\/PGE-PI-Procurador.jpg\",\"width\":960,\"height\":540},{\"@type\":\"BreadcrumbList\",\"@id\":\"https:\\\/\\\/cj.estrategia.com\\\/portal\\\/prova-comentada-direito-civil-concurso-pge-pi-procurador\\\/#breadcrumb\",\"itemListElement\":[{\"@type\":\"ListItem\",\"position\":1,\"name\":\"In\u00edcio\",\"item\":\"https:\\\/\\\/cj.estrategia.com\\\/portal\\\/\"},{\"@type\":\"ListItem\",\"position\":2,\"name\":\"Prova comentada Direito Civil Concurso PGE PI Procurador\"}]},{\"@type\":\"WebSite\",\"@id\":\"https:\\\/\\\/cj.estrategia.com\\\/portal\\\/#website\",\"url\":\"https:\\\/\\\/cj.estrategia.com\\\/portal\\\/\",\"name\":\"Blog - Carreiras Jur\u00eddicas - Estrat\u00e9gia\",\"description\":\"\",\"publisher\":{\"@id\":\"https:\\\/\\\/cj.estrategia.com\\\/portal\\\/#organization\"},\"potentialAction\":[{\"@type\":\"SearchAction\",\"target\":{\"@type\":\"EntryPoint\",\"urlTemplate\":\"https:\\\/\\\/cj.estrategia.com\\\/portal\\\/?s={search_term_string}\"},\"query-input\":{\"@type\":\"PropertyValueSpecification\",\"valueRequired\":true,\"valueName\":\"search_term_string\"}}],\"inLanguage\":\"pt-BR\"},{\"@type\":\"Organization\",\"@id\":\"https:\\\/\\\/cj.estrategia.com\\\/portal\\\/#organization\",\"name\":\"Estrat\u00e9gia - Carreiras Jur\u00eddicas\",\"url\":\"https:\\\/\\\/cj.estrategia.com\\\/portal\\\/\",\"logo\":{\"@type\":\"ImageObject\",\"inLanguage\":\"pt-BR\",\"@id\":\"https:\\\/\\\/cj.estrategia.com\\\/portal\\\/#\\\/schema\\\/logo\\\/image\\\/\",\"url\":\"https:\\\/\\\/cj.estrategia.com\\\/portal\\\/wp-content\\\/uploads\\\/2022\\\/03\\\/11151052\\\/cj-logo.png\",\"contentUrl\":\"https:\\\/\\\/cj.estrategia.com\\\/portal\\\/wp-content\\\/uploads\\\/2022\\\/03\\\/11151052\\\/cj-logo.png\",\"width\":150,\"height\":39,\"caption\":\"Estrat\u00e9gia - Carreiras Jur\u00eddicas\"},\"image\":{\"@id\":\"https:\\\/\\\/cj.estrategia.com\\\/portal\\\/#\\\/schema\\\/logo\\\/image\\\/\"},\"sameAs\":[\"https:\\\/\\\/www.facebook.com\\\/estrategiacarreirajuridica\\\/\",\"https:\\\/\\\/x.com\\\/EstratJuridica\",\"https:\\\/\\\/www.instagram.com\\\/estrategiacarreirajuridica\\\/\",\"https:\\\/\\\/www.youtube.com\\\/channel\\\/UClbMGuYbj2Mh1m3w144ETWQ\"]},{\"@type\":\"Person\",\"@id\":\"https:\\\/\\\/cj.estrategia.com\\\/portal\\\/#\\\/schema\\\/person\\\/4caf0099c42d736f2aade723f309f690\",\"name\":\"Jos\u00e9 Ferreira\",\"image\":{\"@type\":\"ImageObject\",\"inLanguage\":\"pt-BR\",\"@id\":\"https:\\\/\\\/cj.estrategia.com\\\/portal\\\/wp-content\\\/uploads\\\/2025\\\/04\\\/18142237\\\/jose-ferreira-navarro-analista-de-conteudo-jornalismo-carreiras-juridicas-96x96.png\",\"url\":\"https:\\\/\\\/cj.estrategia.com\\\/portal\\\/wp-content\\\/uploads\\\/2025\\\/04\\\/18142237\\\/jose-ferreira-navarro-analista-de-conteudo-jornalismo-carreiras-juridicas-96x96.png\",\"contentUrl\":\"https:\\\/\\\/cj.estrategia.com\\\/portal\\\/wp-content\\\/uploads\\\/2025\\\/04\\\/18142237\\\/jose-ferreira-navarro-analista-de-conteudo-jornalismo-carreiras-juridicas-96x96.png\",\"caption\":\"Jos\u00e9 Ferreira\"},\"description\":\"Analista de conte\u00fado na equipe de Jornalismo, atua com SEO e estrat\u00e9gia para desenvolver conte\u00fados relevantes e de alta qualidade voltados para OAB e para o universo de Concursos Jur\u00eddicos.\",\"url\":\"https:\\\/\\\/cj.estrategia.com\\\/portal\\\/author\\\/jose-navarro-de-andrade-cintra-ferreira\\\/\"}]}<\/script>\n<!-- \/ Yoast SEO Premium plugin. -->","yoast_head_json":{"title":"Prova comentada Direito Civil Concurso PGE PI Procurador","description":"Confira agora mesmo a Prova comentada Direito Civil PGE PI Procurador elaborada pelos nossos professores!","robots":{"index":"index","follow":"follow","max-snippet":"max-snippet:-1","max-image-preview":"max-image-preview:large","max-video-preview":"max-video-preview:-1"},"canonical":"https:\/\/cj.estrategia.com\/portal\/prova-comentada-direito-civil-concurso-pge-pi-procurador\/","og_locale":"pt_BR","og_type":"article","og_title":"Prova comentada Direito Civil Concurso PGE PI Procurador","og_description":"Confira agora mesmo a Prova comentada Direito Civil PGE PI Procurador elaborada pelos nossos professores!","og_url":"https:\/\/cj.estrategia.com\/portal\/prova-comentada-direito-civil-concurso-pge-pi-procurador\/","og_site_name":"Blog - Carreiras Jur\u00eddicas - Estrat\u00e9gia","article_publisher":"https:\/\/www.facebook.com\/estrategiacarreirajuridica\/","article_published_time":"2025-07-14T19:09:54+00:00","article_modified_time":"2025-07-14T19:17:12+00:00","og_image":[{"width":960,"height":540,"url":"https:\/\/cj.estrategia.com\/portal\/wp-content\/uploads\/2023\/06\/01151739\/PGE-PI-Procurador.jpg","type":"image\/jpeg"}],"author":"Jos\u00e9 Ferreira","twitter_card":"summary_large_image","twitter_creator":"@EstratJuridica","twitter_site":"@EstratJuridica","twitter_misc":{"Escrito por":"Jos\u00e9 Ferreira","Est. tempo de leitura":"19 minutos"},"schema":{"@context":"https:\/\/schema.org","@graph":[{"@type":"NewsArticle","@id":"https:\/\/cj.estrategia.com\/portal\/prova-comentada-direito-civil-concurso-pge-pi-procurador\/#article","isPartOf":{"@id":"https:\/\/cj.estrategia.com\/portal\/prova-comentada-direito-civil-concurso-pge-pi-procurador\/"},"author":{"name":"Jos\u00e9 Ferreira","@id":"https:\/\/cj.estrategia.com\/portal\/#\/schema\/person\/4caf0099c42d736f2aade723f309f690"},"headline":"Prova comentada Direito Civil Concurso PGE PI Procurador","datePublished":"2025-07-14T19:09:54+00:00","dateModified":"2025-07-14T19:17:12+00:00","mainEntityOfPage":{"@id":"https:\/\/cj.estrategia.com\/portal\/prova-comentada-direito-civil-concurso-pge-pi-procurador\/"},"wordCount":3630,"commentCount":0,"publisher":{"@id":"https:\/\/cj.estrategia.com\/portal\/#organization"},"image":{"@id":"https:\/\/cj.estrategia.com\/portal\/prova-comentada-direito-civil-concurso-pge-pi-procurador\/#primaryimage"},"thumbnailUrl":"https:\/\/cj.estrategia.com\/portal\/wp-content\/uploads\/2023\/06\/01151739\/PGE-PI-Procurador.jpg","articleSection":["Procuradoria"],"inLanguage":"pt-BR","potentialAction":[{"@type":"CommentAction","name":"Comment","target":["https:\/\/cj.estrategia.com\/portal\/prova-comentada-direito-civil-concurso-pge-pi-procurador\/#respond"]}]},{"@type":"WebPage","@id":"https:\/\/cj.estrategia.com\/portal\/prova-comentada-direito-civil-concurso-pge-pi-procurador\/","url":"https:\/\/cj.estrategia.com\/portal\/prova-comentada-direito-civil-concurso-pge-pi-procurador\/","name":"Prova comentada Direito Civil Concurso PGE PI Procurador","isPartOf":{"@id":"https:\/\/cj.estrategia.com\/portal\/#website"},"primaryImageOfPage":{"@id":"https:\/\/cj.estrategia.com\/portal\/prova-comentada-direito-civil-concurso-pge-pi-procurador\/#primaryimage"},"image":{"@id":"https:\/\/cj.estrategia.com\/portal\/prova-comentada-direito-civil-concurso-pge-pi-procurador\/#primaryimage"},"thumbnailUrl":"https:\/\/cj.estrategia.com\/portal\/wp-content\/uploads\/2023\/06\/01151739\/PGE-PI-Procurador.jpg","datePublished":"2025-07-14T19:09:54+00:00","dateModified":"2025-07-14T19:17:12+00:00","description":"Confira agora mesmo a Prova comentada Direito Civil PGE PI Procurador elaborada pelos nossos professores!","breadcrumb":{"@id":"https:\/\/cj.estrategia.com\/portal\/prova-comentada-direito-civil-concurso-pge-pi-procurador\/#breadcrumb"},"inLanguage":"pt-BR","potentialAction":[{"@type":"ReadAction","target":["https:\/\/cj.estrategia.com\/portal\/prova-comentada-direito-civil-concurso-pge-pi-procurador\/"]}]},{"@type":"ImageObject","inLanguage":"pt-BR","@id":"https:\/\/cj.estrategia.com\/portal\/prova-comentada-direito-civil-concurso-pge-pi-procurador\/#primaryimage","url":"https:\/\/cj.estrategia.com\/portal\/wp-content\/uploads\/2023\/06\/01151739\/PGE-PI-Procurador.jpg","contentUrl":"https:\/\/cj.estrategia.com\/portal\/wp-content\/uploads\/2023\/06\/01151739\/PGE-PI-Procurador.jpg","width":960,"height":540},{"@type":"BreadcrumbList","@id":"https:\/\/cj.estrategia.com\/portal\/prova-comentada-direito-civil-concurso-pge-pi-procurador\/#breadcrumb","itemListElement":[{"@type":"ListItem","position":1,"name":"In\u00edcio","item":"https:\/\/cj.estrategia.com\/portal\/"},{"@type":"ListItem","position":2,"name":"Prova comentada Direito Civil Concurso PGE PI Procurador"}]},{"@type":"WebSite","@id":"https:\/\/cj.estrategia.com\/portal\/#website","url":"https:\/\/cj.estrategia.com\/portal\/","name":"Blog - Carreiras Jur\u00eddicas - Estrat\u00e9gia","description":"","publisher":{"@id":"https:\/\/cj.estrategia.com\/portal\/#organization"},"potentialAction":[{"@type":"SearchAction","target":{"@type":"EntryPoint","urlTemplate":"https:\/\/cj.estrategia.com\/portal\/?s={search_term_string}"},"query-input":{"@type":"PropertyValueSpecification","valueRequired":true,"valueName":"search_term_string"}}],"inLanguage":"pt-BR"},{"@type":"Organization","@id":"https:\/\/cj.estrategia.com\/portal\/#organization","name":"Estrat\u00e9gia - Carreiras Jur\u00eddicas","url":"https:\/\/cj.estrategia.com\/portal\/","logo":{"@type":"ImageObject","inLanguage":"pt-BR","@id":"https:\/\/cj.estrategia.com\/portal\/#\/schema\/logo\/image\/","url":"https:\/\/cj.estrategia.com\/portal\/wp-content\/uploads\/2022\/03\/11151052\/cj-logo.png","contentUrl":"https:\/\/cj.estrategia.com\/portal\/wp-content\/uploads\/2022\/03\/11151052\/cj-logo.png","width":150,"height":39,"caption":"Estrat\u00e9gia - Carreiras Jur\u00eddicas"},"image":{"@id":"https:\/\/cj.estrategia.com\/portal\/#\/schema\/logo\/image\/"},"sameAs":["https:\/\/www.facebook.com\/estrategiacarreirajuridica\/","https:\/\/x.com\/EstratJuridica","https:\/\/www.instagram.com\/estrategiacarreirajuridica\/","https:\/\/www.youtube.com\/channel\/UClbMGuYbj2Mh1m3w144ETWQ"]},{"@type":"Person","@id":"https:\/\/cj.estrategia.com\/portal\/#\/schema\/person\/4caf0099c42d736f2aade723f309f690","name":"Jos\u00e9 Ferreira","image":{"@type":"ImageObject","inLanguage":"pt-BR","@id":"https:\/\/cj.estrategia.com\/portal\/wp-content\/uploads\/2025\/04\/18142237\/jose-ferreira-navarro-analista-de-conteudo-jornalismo-carreiras-juridicas-96x96.png","url":"https:\/\/cj.estrategia.com\/portal\/wp-content\/uploads\/2025\/04\/18142237\/jose-ferreira-navarro-analista-de-conteudo-jornalismo-carreiras-juridicas-96x96.png","contentUrl":"https:\/\/cj.estrategia.com\/portal\/wp-content\/uploads\/2025\/04\/18142237\/jose-ferreira-navarro-analista-de-conteudo-jornalismo-carreiras-juridicas-96x96.png","caption":"Jos\u00e9 Ferreira"},"description":"Analista de conte\u00fado na equipe de Jornalismo, atua com SEO e estrat\u00e9gia para desenvolver conte\u00fados relevantes e de alta qualidade voltados para OAB e para o universo de Concursos Jur\u00eddicos.","url":"https:\/\/cj.estrategia.com\/portal\/author\/jose-navarro-de-andrade-cintra-ferreira\/"}]}},"jetpack_featured_media_url":"https:\/\/cj.estrategia.com\/portal\/wp-content\/uploads\/2023\/06\/01151739\/PGE-PI-Procurador.jpg","jetpack_sharing_enabled":true,"_links":{"self":[{"href":"https:\/\/cj.estrategia.com\/portal\/wp-json\/wp\/v2\/posts\/135466","targetHints":{"allow":["GET"]}}],"collection":[{"href":"https:\/\/cj.estrategia.com\/portal\/wp-json\/wp\/v2\/posts"}],"about":[{"href":"https:\/\/cj.estrategia.com\/portal\/wp-json\/wp\/v2\/types\/post"}],"author":[{"embeddable":true,"href":"https:\/\/cj.estrategia.com\/portal\/wp-json\/wp\/v2\/users\/162"}],"replies":[{"embeddable":true,"href":"https:\/\/cj.estrategia.com\/portal\/wp-json\/wp\/v2\/comments?post=135466"}],"version-history":[{"count":3,"href":"https:\/\/cj.estrategia.com\/portal\/wp-json\/wp\/v2\/posts\/135466\/revisions"}],"predecessor-version":[{"id":135523,"href":"https:\/\/cj.estrategia.com\/portal\/wp-json\/wp\/v2\/posts\/135466\/revisions\/135523"}],"wp:featuredmedia":[{"embeddable":true,"href":"https:\/\/cj.estrategia.com\/portal\/wp-json\/wp\/v2\/media\/37832"}],"wp:attachment":[{"href":"https:\/\/cj.estrategia.com\/portal\/wp-json\/wp\/v2\/media?parent=135466"}],"wp:term":[{"taxonomy":"category","embeddable":true,"href":"https:\/\/cj.estrategia.com\/portal\/wp-json\/wp\/v2\/categories?post=135466"},{"taxonomy":"post_tag","embeddable":true,"href":"https:\/\/cj.estrategia.com\/portal\/wp-json\/wp\/v2\/tags?post=135466"},{"taxonomy":"tax_estado","embeddable":true,"href":"https:\/\/cj.estrategia.com\/portal\/wp-json\/wp\/v2\/tax_estado?post=135466"}],"curies":[{"name":"wp","href":"https:\/\/api.w.org\/{rel}","templated":true}]}}